{"id":113695,"date":"2019-01-07T21:31:23","date_gmt":"2019-01-07T21:31:23","guid":{"rendered":"http:\/\/candas365.es\/noticias\/?p=113695"},"modified":"2019-01-07T21:31:23","modified_gmt":"2019-01-07T21:31:23","slug":"luz-verde-para-mejorar-las-instalaciones-del-cir-monte-areo","status":"publish","type":"post","link":"https:\/\/candas365.es\/noticias\/luz-verde-para-mejorar-las-instalaciones-del-cir-monte-areo\/","title":{"rendered":"Luz verde para mejorar las instalaciones del CIR Monte Areo"},"content":{"rendered":"<p><img fetchpriority=\"high\" decoding=\"async\" class=\"alignleft size-medium wp-image-113696\" src=\"https:\/\/candas365.es\/noticias\/wp-content\/uploads\/2019\/01\/thumbnail_Izda-a-dcha-Manuel-Noceda_-Alfredo-Hevia_Amelia-Fern\u00e1ndez_Alberto-Fern\u00e1ndez-y-Jos\u00e9-Emilio-Garc\u00eda-360x270.jpg\" alt=\"\" width=\"360\" height=\"270\" srcset=\"https:\/\/candas365.es\/noticias\/wp-content\/uploads\/2019\/01\/thumbnail_Izda-a-dcha-Manuel-Noceda_-Alfredo-Hevia_Amelia-Fern\u00e1ndez_Alberto-Fern\u00e1ndez-y-Jos\u00e9-Emilio-Garc\u00eda-360x270.jpg 360w, https:\/\/candas365.es\/noticias\/wp-content\/uploads\/2019\/01\/thumbnail_Izda-a-dcha-Manuel-Noceda_-Alfredo-Hevia_Amelia-Fern\u00e1ndez_Alberto-Fern\u00e1ndez-y-Jos\u00e9-Emilio-Garc\u00eda-768x576.jpg 768w, https:\/\/candas365.es\/noticias\/wp-content\/uploads\/2019\/01\/thumbnail_Izda-a-dcha-Manuel-Noceda_-Alfredo-Hevia_Amelia-Fern\u00e1ndez_Alberto-Fern\u00e1ndez-y-Jos\u00e9-Emilio-Garc\u00eda-640x480.jpg 640w, https:\/\/candas365.es\/noticias\/wp-content\/uploads\/2019\/01\/thumbnail_Izda-a-dcha-Manuel-Noceda_-Alfredo-Hevia_Amelia-Fern\u00e1ndez_Alberto-Fern\u00e1ndez-y-Jos\u00e9-Emilio-Garc\u00eda-80x60.jpg 80w, https:\/\/candas365.es\/noticias\/wp-content\/uploads\/2019\/01\/thumbnail_Izda-a-dcha-Manuel-Noceda_-Alfredo-Hevia_Amelia-Fern\u00e1ndez_Alberto-Fern\u00e1ndez-y-Jos\u00e9-Emilio-Garc\u00eda-265x198.jpg 265w, https:\/\/candas365.es\/noticias\/wp-content\/uploads\/2019\/01\/thumbnail_Izda-a-dcha-Manuel-Noceda_-Alfredo-Hevia_Amelia-Fern\u00e1ndez_Alberto-Fern\u00e1ndez-y-Jos\u00e9-Emilio-Garc\u00eda-696x522.jpg 696w, https:\/\/candas365.es\/noticias\/wp-content\/uploads\/2019\/01\/thumbnail_Izda-a-dcha-Manuel-Noceda_-Alfredo-Hevia_Amelia-Fern\u00e1ndez_Alberto-Fern\u00e1ndez-y-Jos\u00e9-Emilio-Garc\u00eda-1068x801.jpg 1068w, https:\/\/candas365.es\/noticias\/wp-content\/uploads\/2019\/01\/thumbnail_Izda-a-dcha-Manuel-Noceda_-Alfredo-Hevia_Amelia-Fern\u00e1ndez_Alberto-Fern\u00e1ndez-y-Jos\u00e9-Emilio-Garc\u00eda-560x420.jpg 560w, https:\/\/candas365.es\/noticias\/wp-content\/uploads\/2019\/01\/thumbnail_Izda-a-dcha-Manuel-Noceda_-Alfredo-Hevia_Amelia-Fern\u00e1ndez_Alberto-Fern\u00e1ndez-y-Jos\u00e9-Emilio-Garc\u00eda.jpg 1280w\" sizes=\"(max-width: 360px) 100vw, 360px\" \/>Seg\u00fan informan desde el Ayuntamiento de Carre\u00f1o, el gobierno local ha mantenido sesiones de trabajo con el movimiento vecinal de la zona rural con el objeto de unificar criterios para concretar el proyecto de cierre perimetral de la pista multideportiva cubierta que da servicio a las parroquias de Guimar\u00e1n y El Valle y la ampliaci\u00f3n del almac\u00e9n existente en la edificaci\u00f3n que servir\u00e1 de acopio y auxilio a las entidades que organizan festejos en la zona.<\/p>\n<p>Tras esas reuniones el proyecto t\u00e9cnico ya est\u00e1 ultimado para proceder a su licitaci\u00f3n. El presupuesto base de licitaci\u00f3n de las obras necesarias asciende a 254.724,70 \u20ac IVA incluido con un plazo de ejecuci\u00f3n previsto de 4 meses, a contar desde que se firme el acta de replanteo de las obras con la empresa que resulte adjudicataria.<\/p>\n<p>\u201cComo consecuencia de los acuerdos adoptados en base al \u00faltimo proceso de Presupuestos Participativos se transmiti\u00f3 a la Oficina T\u00e9cnica Municipal la necesidad de proceder a proyectar las obras al objeto de proceder a licitarlas, adjudicarlas y ejecutarlas. El arquitecto t\u00e9cnico municipal, Santiago Hern\u00e1ndez, le dio forma a la propuesta vecinal para hacer un cerramiento perimetral aprovechando los elementos existentes como referencia y soporte f\u00edsico para su disposici\u00f3n. A la hora de realizar el encargo vimos planteado la necesidad de disponer de un grader\u00edo enfrentado con el escenario existente para albergar al p\u00fablico\u201d \u2013 explic\u00f3 Amelia Fern\u00e1ndez, Alcaldesa de Carre\u00f1o.<\/p>\n<p>Conceptualmente y con el fin de aprovechar la luz natural el cierre proyectado dispondr\u00e1 de un tramo opaco apoyado sobre el pavimento constituido por f\u00e1brica de bloques prefabricados de hormig\u00f3n ligero de 15 cm. de espesor dispuestos sobre la cimentaci\u00f3n de la edificaci\u00f3n encima del que se propone una banda transl\u00facida que permita la entrada de luz natural del exterior. Dicha f\u00e1brica se ejecutar\u00e1 para quedar vista en su cara interna al objeto de mejorar las condiciones ac\u00fasticas del local, dada la apreciable porosidad que presenta mientras que la cara exterior se acabar\u00e1 con mortero monocapa con acabado raspado fino. Dispondr\u00e1 de un z\u00f3calo de piedra caliza en su cara exterior con el fin de evitar humedades de capilaridad provenientes del agua que se pueda acumular en la base de la fachada.<\/p>\n<p>\u201cSobre el cerramiento se dispondr\u00e1 de una zona transl\u00facida con una altura de 1,60 m. aproximadamente. Este cerramiento se resolver\u00e1 con placas grecadas de poli\u00e9ster reforzado con fibra de vidrio autoextinguible. Ser\u00e1n montadas sobre un bastidor met\u00e1lico de acero galvanizado en caliente. Dicho bastidor se montar\u00e1 in-situ sobre la estructura met\u00e1lica existente y para la fijaci\u00f3n de las placas transl\u00facidas se seguir\u00e1n todas las recomendaciones del fabricante, atornill\u00e1ndolas en el valle de las grecas empleando juntas de estanqueidad. Dada la fragilidad que presentan las placas transl\u00facidas frente al posible impacto de balones y\/o pelotas que se empleen en las actividades deportivas que se desarrollar\u00e1n en las instalaciones se ha previsto reutilizar los paneles de varilla de acero existentes, incorporando en caso necesario los pa\u00f1os necesarios hasta cubrir toda la superficie, fij\u00e1ndolos sobre los bastidores met\u00e1licos antes citados. Con el fin de no limitar el espacio destinado a las actividades deportivas se ha optado por disponerlo emergiendo de la alineaci\u00f3n de la fachada nordeste por lo que dada la topograf\u00eda del terreno circundante quedar\u00e1 semienterrado\u201d \u2013 a\u00f1adi\u00f3 Fern\u00e1ndez.<\/p>\n<p>\u201cSe han previsto disponer de otras dos puertas de cara a la evacuaci\u00f3n de ocupantes. As\u00ed mismo se prev\u00e9 disponer otra puerta para cerrar el hueco de acceso al escenario y una \u00faltima para poder acceder a mantener el espacio que se confinar\u00e1 en la zona Sur de la pista, entre la escollera y las fachadas previstas. Y de cara al posible acceso de veh\u00edculos al interior del recinto, cara a la organizaci\u00f3n de actividades vecinales y festivas que as\u00ed lo precisen, se dispondr\u00e1 de un port\u00f3n de unos 4,00 m. de ancho con sistema manual de apertura en chapa de acero prelacado con estructura y marco perimetral de acero acabado igualmente lacado. Y con el fin de garantizar las condiciones accesibilidad a personas con discapacidad se ha previsto que las entradas a los espacios generados tengan una anchura libre m\u00ednima de 80 cm.\u201d \u2013 a\u00f1adi\u00f3 la Alcaldesa.<\/p>\n<p>\u201cEn estas obras se plantear\u00e1 la ampliaci\u00f3n del almac\u00e9n existente prolongando el edificio que lo alberga en direcci\u00f3n nordeste aprovechando el espacio delimitado por un bordillo empotrado en el pavimento. Dicha ampliaci\u00f3n implica la eliminaci\u00f3n de la fachada (muro de carga) a la que adosar\u00e1 con el fin de disponer de un espacio lo m\u00e1s di\u00e1fano posible para el uso de las comisiones de festejos de la zona \u201c El Pegoyu\u201d de Guimar\u00e1n y COFEVA de El Valle\u201d \u2013 afirm\u00f3 la Alcaldesa.<\/p>\n<p>\u201cCon el proyecto consensuado y validado para proceder a su licitaci\u00f3n se llevar\u00e1 a pleno el citado proyecto t\u00e9cnico para aprobar su financiaci\u00f3n 254.724,70 \u20ac iva incluido con cargo a las partidas econ\u00f3micas de instalaciones deportivas y plan integral de la zona rural. Confiamos que la propuesta vecinal de estas dos parroquias obtenga los apoyos pol\u00edticos necesarios para su aprobaci\u00f3n en el pr\u00f3ximo Pleno\u201d \u2013 concluy\u00f3 Fern\u00e1ndez.<\/p>\n","protected":false},"excerpt":{"rendered":"<p>Seg\u00fan informan desde el Ayuntamiento de Carre\u00f1o, el gobierno local ha mantenido sesiones de trabajo con el movimiento vecinal de la zona rural con el objeto de unificar criterios para concretar el proyecto de cierre perimetral de la pista multideportiva cubierta que da servicio a las parroquias de Guimar\u00e1n y El Valle y la ampliaci\u00f3n<\/p>\n","protected":false},"author":1,"featured_media":113696,"comment_status":"closed","ping_status":"closed","sticky":false,"template":"","format":"standard","meta":{"footnotes":""},"categories":[2],"tags":[],"class_list":{"0":"post-113695","1":"post","2":"type-post","3":"status-publish","4":"format-standard","5":"has-post-thumbnail","7":"category-noticias-carreno"},"aioseo_notices":[],"aioseo_head":"\n\t\t<!-- All in One SEO Pro 4.9.6.2 - aioseo.com -->\n\t<meta name=\"description\" content=\"Seg\u00fan informan desde el Ayuntamiento de Carre\u00f1o, el gobierno local ha mantenido sesiones de trabajo con el movimiento vecinal de la zona rural con el objeto de unificar criterios para concretar el proyecto de cierre perimetral de la pista multideportiva cubierta que da servicio a las parroquias de Guimar\u00e1n y El Valle y la ampliaci\u00f3n\" \/>\n\t<meta name=\"robots\" content=\"max-image-preview:large\" \/>\n\t<meta name=\"author\" content=\"Cand\u00e1s 365\"\/>\n\t<meta name=\"google-site-verification\" content=\"UA-32230408-1\" \/>\n\t<meta name=\"msvalidate.01\" content=\"354F3CDFB2DA171B47FBE9ABF1F88D5\" \/>\n\t<meta name=\"keywords\" content=\"noticias carre\u00f1o\" \/>\n\t<link rel=\"canonical\" href=\"https:\/\/candas365.es\/noticias\/luz-verde-para-mejorar-las-instalaciones-del-cir-monte-areo\/\" \/>\n\t<meta name=\"generator\" content=\"All in One SEO Pro (AIOSEO) 4.9.6.2\" \/>\n\t\t<meta property=\"og:locale\" content=\"es_ES\" \/>\n\t\t<meta property=\"og:site_name\" content=\"Cand\u00e1s 365\" \/>\n\t\t<meta property=\"og:type\" content=\"article\" \/>\n\t\t<meta property=\"og:title\" content=\"Luz verde para mejorar las instalaciones del CIR Monte Areo | Cand\u00e1s 365\" \/>\n\t\t<meta property=\"og:description\" content=\"Seg\u00fan informan desde el Ayuntamiento de Carre\u00f1o, el gobierno local ha mantenido sesiones de trabajo con el movimiento vecinal de la zona rural con el objeto de unificar criterios para concretar el proyecto de cierre perimetral de la pista multideportiva cubierta que da servicio a las parroquias de Guimar\u00e1n y El Valle y la ampliaci\u00f3n\" \/>\n\t\t<meta property=\"og:url\" content=\"https:\/\/candas365.es\/noticias\/luz-verde-para-mejorar-las-instalaciones-del-cir-monte-areo\/\" \/>\n\t\t<meta property=\"og:image\" content=\"https:\/\/candas365.es\/noticias\/wp-content\/uploads\/2019\/01\/thumbnail_Izda-a-dcha-Manuel-Noceda_-Alfredo-Hevia_Amelia-Fern\u00e1ndez_Alberto-Fern\u00e1ndez-y-Jos\u00e9-Emilio-Garc\u00eda.jpg\" \/>\n\t\t<meta property=\"og:image:secure_url\" content=\"https:\/\/candas365.es\/noticias\/wp-content\/uploads\/2019\/01\/thumbnail_Izda-a-dcha-Manuel-Noceda_-Alfredo-Hevia_Amelia-Fern\u00e1ndez_Alberto-Fern\u00e1ndez-y-Jos\u00e9-Emilio-Garc\u00eda.jpg\" \/>\n\t\t<meta property=\"og:image:width\" content=\"1280\" \/>\n\t\t<meta property=\"og:image:height\" content=\"960\" \/>\n\t\t<meta property=\"article:published_time\" content=\"2019-01-07T21:31:23+00:00\" \/>\n\t\t<meta property=\"article:modified_time\" content=\"2019-01-07T21:31:23+00:00\" \/>\n\t\t<meta property=\"article:publisher\" content=\"https:\/\/www.facebook.com\/Nachofdezber\" \/>\n\t\t<meta property=\"article:author\" content=\"https:\/\/www.facebook.com\/carrenoactualidad\" \/>\n\t\t<meta name=\"twitter:card\" content=\"summary_large_image\" \/>\n\t\t<meta name=\"twitter:site\" content=\"@NabercoDigital\" \/>\n\t\t<meta name=\"twitter:title\" content=\"Luz verde para mejorar las instalaciones del CIR Monte Areo | Cand\u00e1s 365\" \/>\n\t\t<meta name=\"twitter:description\" content=\"Seg\u00fan informan desde el Ayuntamiento de Carre\u00f1o, el gobierno local ha mantenido sesiones de trabajo con el movimiento vecinal de la zona rural con el objeto de unificar criterios para concretar el proyecto de cierre perimetral de la pista multideportiva cubierta que da servicio a las parroquias de Guimar\u00e1n y El Valle y la ampliaci\u00f3n\" \/>\n\t\t<meta name=\"twitter:creator\" content=\"@nbasturias\" \/>\n\t\t<meta name=\"twitter:image\" content=\"https:\/\/candas365.es\/noticias\/wp-content\/uploads\/2019\/01\/thumbnail_Izda-a-dcha-Manuel-Noceda_-Alfredo-Hevia_Amelia-Fern\u00e1ndez_Alberto-Fern\u00e1ndez-y-Jos\u00e9-Emilio-Garc\u00eda.jpg\" \/>\n\t\t<meta name=\"twitter:label1\" content=\"Escrito por\" \/>\n\t\t<meta name=\"twitter:data1\" content=\"Cand\u00e1s 365\" \/>\n\t\t<meta name=\"twitter:label2\" content=\"Tiempo de lectura estimado\" \/>\n\t\t<meta name=\"twitter:data2\" content=\"4 minutos\" \/>\n\t\t<script type=\"application\/ld+json\" class=\"aioseo-schema\">\n\t\t\t{\"@context\":\"https:\\\/\\\/schema.org\",\"@graph\":[{\"@type\":\"BreadcrumbList\",\"@id\":\"https:\\\/\\\/candas365.es\\\/noticias\\\/luz-verde-para-mejorar-las-instalaciones-del-cir-monte-areo\\\/#breadcrumblist\",\"itemListElement\":[{\"@type\":\"ListItem\",\"@id\":\"https:\\\/\\\/candas365.es\\\/noticias#listItem\",\"position\":1,\"name\":\"Home\",\"item\":\"https:\\\/\\\/candas365.es\\\/noticias\",\"nextItem\":{\"@type\":\"ListItem\",\"@id\":\"https:\\\/\\\/candas365.es\\\/noticias\\\/category\\\/noticias-carreno\\\/#listItem\",\"name\":\"Noticias Carre\\u00f1o\"}},{\"@type\":\"ListItem\",\"@id\":\"https:\\\/\\\/candas365.es\\\/noticias\\\/category\\\/noticias-carreno\\\/#listItem\",\"position\":2,\"name\":\"Noticias Carre\\u00f1o\",\"item\":\"https:\\\/\\\/candas365.es\\\/noticias\\\/category\\\/noticias-carreno\\\/\",\"nextItem\":{\"@type\":\"ListItem\",\"@id\":\"https:\\\/\\\/candas365.es\\\/noticias\\\/luz-verde-para-mejorar-las-instalaciones-del-cir-monte-areo\\\/#listItem\",\"name\":\"Luz verde para mejorar las instalaciones del CIR Monte Areo\"},\"previousItem\":{\"@type\":\"ListItem\",\"@id\":\"https:\\\/\\\/candas365.es\\\/noticias#listItem\",\"name\":\"Home\"}},{\"@type\":\"ListItem\",\"@id\":\"https:\\\/\\\/candas365.es\\\/noticias\\\/luz-verde-para-mejorar-las-instalaciones-del-cir-monte-areo\\\/#listItem\",\"position\":3,\"name\":\"Luz verde para mejorar las instalaciones del CIR Monte Areo\",\"previousItem\":{\"@type\":\"ListItem\",\"@id\":\"https:\\\/\\\/candas365.es\\\/noticias\\\/category\\\/noticias-carreno\\\/#listItem\",\"name\":\"Noticias Carre\\u00f1o\"}}]},{\"@type\":\"NewsArticle\",\"@id\":\"https:\\\/\\\/candas365.es\\\/noticias\\\/luz-verde-para-mejorar-las-instalaciones-del-cir-monte-areo\\\/#newsarticle\",\"name\":\"Luz verde para mejorar las instalaciones del CIR Monte Areo | Cand\\u00e1s 365\",\"headline\":\"Luz verde para mejorar las instalaciones del CIR Monte Areo\",\"author\":{\"@id\":\"https:\\\/\\\/candas365.es\\\/noticias\\\/author\\\/admin\\\/#author\"},\"publisher\":{\"@id\":\"https:\\\/\\\/candas365.es\\\/noticias\\\/#organization\"},\"image\":{\"@type\":\"ImageObject\",\"url\":\"https:\\\/\\\/candas365.es\\\/noticias\\\/wp-content\\\/uploads\\\/2019\\\/01\\\/thumbnail_Izda-a-dcha-Manuel-Noceda_-Alfredo-Hevia_Amelia-Fern\\u00e1ndez_Alberto-Fern\\u00e1ndez-y-Jos\\u00e9-Emilio-Garc\\u00eda.jpg\",\"width\":1280,\"height\":960},\"datePublished\":\"2019-01-07T21:31:23+01:00\",\"dateModified\":\"2019-01-07T21:31:23+01:00\",\"inLanguage\":\"es-ES\",\"mainEntityOfPage\":{\"@id\":\"https:\\\/\\\/candas365.es\\\/noticias\\\/luz-verde-para-mejorar-las-instalaciones-del-cir-monte-areo\\\/#webpage\"},\"isPartOf\":{\"@id\":\"https:\\\/\\\/candas365.es\\\/noticias\\\/luz-verde-para-mejorar-las-instalaciones-del-cir-monte-areo\\\/#webpage\"},\"articleSection\":\"Noticias Carre\\u00f1o\",\"dateline\":\"Publicado el enero 7, 2019.\"},{\"@type\":\"Organization\",\"@id\":\"https:\\\/\\\/candas365.es\\\/noticias\\\/#organization\",\"name\":\"Cand\\u00e1s 365\",\"description\":\"Cand\\u00e1s 365 es un diario digital independiente, fundado en 2012, con base en Asturias. Informamos con rigor sobre actualidad, sociedad, cultura y ocio, con una mirada local y global.\",\"url\":\"https:\\\/\\\/candas365.es\\\/noticias\\\/\",\"email\":\"info@candas365.es\",\"telephone\":\"+34652131393\",\"foundingDate\":\"2012-06-10\",\"logo\":{\"@type\":\"ImageObject\",\"url\":\"https:\\\/\\\/candas365.es\\\/noticias\\\/wp-content\\\/uploads\\\/2024\\\/09\\\/Candas-365-Redes.jpg\",\"@id\":\"https:\\\/\\\/candas365.es\\\/noticias\\\/luz-verde-para-mejorar-las-instalaciones-del-cir-monte-areo\\\/#organizationLogo\",\"width\":1152,\"height\":864,\"caption\":\"Cand\\u00e1s 365 Redes\"},\"image\":{\"@id\":\"https:\\\/\\\/candas365.es\\\/noticias\\\/luz-verde-para-mejorar-las-instalaciones-del-cir-monte-areo\\\/#organizationLogo\"},\"sameAs\":[\"https:\\\/\\\/www.facebook.com\\\/Nachofdezber\",\"https:\\\/\\\/x.com\\\/NabercoDigital\",\"https:\\\/\\\/www.instagram.com\\\/nachofdezber\\\/\",\"https:\\\/\\\/www.youtube.com\\\/channel\\\/UCZP-2wLEB9Rv6erhFmqVnvg\"],\"address\":{\"@id\":\"https:\\\/\\\/candas365.es\\\/noticias\\\/#postaladdress\",\"@type\":\"PostalAddress\",\"streetAddress\":\"san antonio 4, san antonio 4\",\"postalCode\":\"33430\",\"addressLocality\":\"Cand\\u00e1s\",\"addressRegion\":\"Asturias\",\"addressCountry\":\"ES\"}},{\"@type\":\"Person\",\"@id\":\"https:\\\/\\\/candas365.es\\\/noticias\\\/author\\\/admin\\\/#author\",\"url\":\"https:\\\/\\\/candas365.es\\\/noticias\\\/author\\\/admin\\\/\",\"name\":\"Cand\\u00e1s 365\",\"image\":{\"@type\":\"ImageObject\",\"@id\":\"https:\\\/\\\/candas365.es\\\/noticias\\\/luz-verde-para-mejorar-las-instalaciones-del-cir-monte-areo\\\/#authorImage\",\"url\":\"https:\\\/\\\/secure.gravatar.com\\\/avatar\\\/496a8e03d0c493ede1718b7934145dbdf8d89be1036b0eec9544e1094c9de390?s=96&d=mm&r=g\",\"width\":96,\"height\":96,\"caption\":\"Cand\\u00e1s 365\"},\"sameAs\":[\"https:\\\/\\\/www.facebook.com\\\/carrenoactualidad\",\"https:\\\/\\\/twitter.com\\\/nbasturias\",\"https:\\\/\\\/www.instagram.com\\\/nachofdezber\\\/\",\"https:\\\/\\\/www.youtube.com\\\/channel\\\/UCZP-2wLEB9Rv6erhFmqVnvg\"]},{\"@type\":\"WebPage\",\"@id\":\"https:\\\/\\\/candas365.es\\\/noticias\\\/luz-verde-para-mejorar-las-instalaciones-del-cir-monte-areo\\\/#webpage\",\"url\":\"https:\\\/\\\/candas365.es\\\/noticias\\\/luz-verde-para-mejorar-las-instalaciones-del-cir-monte-areo\\\/\",\"name\":\"Luz verde para mejorar las instalaciones del CIR Monte Areo | Cand\\u00e1s 365\",\"description\":\"Seg\\u00fan informan desde el Ayuntamiento de Carre\\u00f1o, el gobierno local ha mantenido sesiones de trabajo con el movimiento vecinal de la zona rural con el objeto de unificar criterios para concretar el proyecto de cierre perimetral de la pista multideportiva cubierta que da servicio a las parroquias de Guimar\\u00e1n y El Valle y la ampliaci\\u00f3n\",\"inLanguage\":\"es-ES\",\"isPartOf\":{\"@id\":\"https:\\\/\\\/candas365.es\\\/noticias\\\/#website\"},\"breadcrumb\":{\"@id\":\"https:\\\/\\\/candas365.es\\\/noticias\\\/luz-verde-para-mejorar-las-instalaciones-del-cir-monte-areo\\\/#breadcrumblist\"},\"author\":{\"@id\":\"https:\\\/\\\/candas365.es\\\/noticias\\\/author\\\/admin\\\/#author\"},\"creator\":{\"@id\":\"https:\\\/\\\/candas365.es\\\/noticias\\\/author\\\/admin\\\/#author\"},\"image\":{\"@type\":\"ImageObject\",\"url\":\"https:\\\/\\\/candas365.es\\\/noticias\\\/wp-content\\\/uploads\\\/2019\\\/01\\\/thumbnail_Izda-a-dcha-Manuel-Noceda_-Alfredo-Hevia_Amelia-Fern\\u00e1ndez_Alberto-Fern\\u00e1ndez-y-Jos\\u00e9-Emilio-Garc\\u00eda.jpg\",\"@id\":\"https:\\\/\\\/candas365.es\\\/noticias\\\/luz-verde-para-mejorar-las-instalaciones-del-cir-monte-areo\\\/#mainImage\",\"width\":1280,\"height\":960},\"primaryImageOfPage\":{\"@id\":\"https:\\\/\\\/candas365.es\\\/noticias\\\/luz-verde-para-mejorar-las-instalaciones-del-cir-monte-areo\\\/#mainImage\"},\"datePublished\":\"2019-01-07T21:31:23+01:00\",\"dateModified\":\"2019-01-07T21:31:23+01:00\"},{\"@type\":\"WebSite\",\"@id\":\"https:\\\/\\\/candas365.es\\\/noticias\\\/#website\",\"url\":\"https:\\\/\\\/candas365.es\\\/noticias\\\/\",\"name\":\"Cand\\u00e1s 365\",\"alternateName\":\"Cand\\u00e1s 365 Noticias\",\"description\":\"Actualidad desde Carre\\u00f1o para el mundo\",\"inLanguage\":\"es-ES\",\"publisher\":{\"@id\":\"https:\\\/\\\/candas365.es\\\/noticias\\\/#organization\"}}]}\n\t\t<\/script>\n\t\t<!-- All in One SEO Pro -->\r\n\t\t<title>Luz verde para mejorar las instalaciones del CIR Monte Areo | Cand\u00e1s 365<\/title>\n\n","aioseo_head_json":{"title":"Luz verde para mejorar las instalaciones del CIR Monte Areo | Cand\u00e1s 365","description":"Seg\u00fan informan desde el Ayuntamiento de Carre\u00f1o, el gobierno local ha mantenido sesiones de trabajo con el movimiento vecinal de la zona rural con el objeto de unificar criterios para concretar el proyecto de cierre perimetral de la pista multideportiva cubierta que da servicio a las parroquias de Guimar\u00e1n y El Valle y la ampliaci\u00f3n","canonical_url":"https:\/\/candas365.es\/noticias\/luz-verde-para-mejorar-las-instalaciones-del-cir-monte-areo\/","robots":"max-image-preview:large","keywords":"noticias carre\u00f1o","webmasterTools":{"google-site-verification":"UA-32230408-1","msvalidate.01":"354F3CDFB2DA171B47FBE9ABF1F88D5","miscellaneous":""},"schema":{"@context":"https:\/\/schema.org","@graph":[{"@type":"BreadcrumbList","@id":"https:\/\/candas365.es\/noticias\/luz-verde-para-mejorar-las-instalaciones-del-cir-monte-areo\/#breadcrumblist","itemListElement":[{"@type":"ListItem","@id":"https:\/\/candas365.es\/noticias#listItem","position":1,"name":"Home","item":"https:\/\/candas365.es\/noticias","nextItem":{"@type":"ListItem","@id":"https:\/\/candas365.es\/noticias\/category\/noticias-carreno\/#listItem","name":"Noticias Carre\u00f1o"}},{"@type":"ListItem","@id":"https:\/\/candas365.es\/noticias\/category\/noticias-carreno\/#listItem","position":2,"name":"Noticias Carre\u00f1o","item":"https:\/\/candas365.es\/noticias\/category\/noticias-carreno\/","nextItem":{"@type":"ListItem","@id":"https:\/\/candas365.es\/noticias\/luz-verde-para-mejorar-las-instalaciones-del-cir-monte-areo\/#listItem","name":"Luz verde para mejorar las instalaciones del CIR Monte Areo"},"previousItem":{"@type":"ListItem","@id":"https:\/\/candas365.es\/noticias#listItem","name":"Home"}},{"@type":"ListItem","@id":"https:\/\/candas365.es\/noticias\/luz-verde-para-mejorar-las-instalaciones-del-cir-monte-areo\/#listItem","position":3,"name":"Luz verde para mejorar las instalaciones del CIR Monte Areo","previousItem":{"@type":"ListItem","@id":"https:\/\/candas365.es\/noticias\/category\/noticias-carreno\/#listItem","name":"Noticias Carre\u00f1o"}}]},{"@type":"NewsArticle","@id":"https:\/\/candas365.es\/noticias\/luz-verde-para-mejorar-las-instalaciones-del-cir-monte-areo\/#newsarticle","name":"Luz verde para mejorar las instalaciones del CIR Monte Areo | Cand\u00e1s 365","headline":"Luz verde para mejorar las instalaciones del CIR Monte Areo","author":{"@id":"https:\/\/candas365.es\/noticias\/author\/admin\/#author"},"publisher":{"@id":"https:\/\/candas365.es\/noticias\/#organization"},"image":{"@type":"ImageObject","url":"https:\/\/candas365.es\/noticias\/wp-content\/uploads\/2019\/01\/thumbnail_Izda-a-dcha-Manuel-Noceda_-Alfredo-Hevia_Amelia-Fern\u00e1ndez_Alberto-Fern\u00e1ndez-y-Jos\u00e9-Emilio-Garc\u00eda.jpg","width":1280,"height":960},"datePublished":"2019-01-07T21:31:23+01:00","dateModified":"2019-01-07T21:31:23+01:00","inLanguage":"es-ES","mainEntityOfPage":{"@id":"https:\/\/candas365.es\/noticias\/luz-verde-para-mejorar-las-instalaciones-del-cir-monte-areo\/#webpage"},"isPartOf":{"@id":"https:\/\/candas365.es\/noticias\/luz-verde-para-mejorar-las-instalaciones-del-cir-monte-areo\/#webpage"},"articleSection":"Noticias Carre\u00f1o","dateline":"Publicado el enero 7, 2019."},{"@type":"Organization","@id":"https:\/\/candas365.es\/noticias\/#organization","name":"Cand\u00e1s 365","description":"Cand\u00e1s 365 es un diario digital independiente, fundado en 2012, con base en Asturias. Informamos con rigor sobre actualidad, sociedad, cultura y ocio, con una mirada local y global.","url":"https:\/\/candas365.es\/noticias\/","email":"info@candas365.es","telephone":"+34652131393","foundingDate":"2012-06-10","logo":{"@type":"ImageObject","url":"https:\/\/candas365.es\/noticias\/wp-content\/uploads\/2024\/09\/Candas-365-Redes.jpg","@id":"https:\/\/candas365.es\/noticias\/luz-verde-para-mejorar-las-instalaciones-del-cir-monte-areo\/#organizationLogo","width":1152,"height":864,"caption":"Cand\u00e1s 365 Redes"},"image":{"@id":"https:\/\/candas365.es\/noticias\/luz-verde-para-mejorar-las-instalaciones-del-cir-monte-areo\/#organizationLogo"},"sameAs":["https:\/\/www.facebook.com\/Nachofdezber","https:\/\/x.com\/NabercoDigital","https:\/\/www.instagram.com\/nachofdezber\/","https:\/\/www.youtube.com\/channel\/UCZP-2wLEB9Rv6erhFmqVnvg"],"address":{"@id":"https:\/\/candas365.es\/noticias\/#postaladdress","@type":"PostalAddress","streetAddress":"san antonio 4, san antonio 4","postalCode":"33430","addressLocality":"Cand\u00e1s","addressRegion":"Asturias","addressCountry":"ES"}},{"@type":"Person","@id":"https:\/\/candas365.es\/noticias\/author\/admin\/#author","url":"https:\/\/candas365.es\/noticias\/author\/admin\/","name":"Cand\u00e1s 365","image":{"@type":"ImageObject","@id":"https:\/\/candas365.es\/noticias\/luz-verde-para-mejorar-las-instalaciones-del-cir-monte-areo\/#authorImage","url":"https:\/\/secure.gravatar.com\/avatar\/496a8e03d0c493ede1718b7934145dbdf8d89be1036b0eec9544e1094c9de390?s=96&d=mm&r=g","width":96,"height":96,"caption":"Cand\u00e1s 365"},"sameAs":["https:\/\/www.facebook.com\/carrenoactualidad","https:\/\/twitter.com\/nbasturias","https:\/\/www.instagram.com\/nachofdezber\/","https:\/\/www.youtube.com\/channel\/UCZP-2wLEB9Rv6erhFmqVnvg"]},{"@type":"WebPage","@id":"https:\/\/candas365.es\/noticias\/luz-verde-para-mejorar-las-instalaciones-del-cir-monte-areo\/#webpage","url":"https:\/\/candas365.es\/noticias\/luz-verde-para-mejorar-las-instalaciones-del-cir-monte-areo\/","name":"Luz verde para mejorar las instalaciones del CIR Monte Areo | Cand\u00e1s 365","description":"Seg\u00fan informan desde el Ayuntamiento de Carre\u00f1o, el gobierno local ha mantenido sesiones de trabajo con el movimiento vecinal de la zona rural con el objeto de unificar criterios para concretar el proyecto de cierre perimetral de la pista multideportiva cubierta que da servicio a las parroquias de Guimar\u00e1n y El Valle y la ampliaci\u00f3n","inLanguage":"es-ES","isPartOf":{"@id":"https:\/\/candas365.es\/noticias\/#website"},"breadcrumb":{"@id":"https:\/\/candas365.es\/noticias\/luz-verde-para-mejorar-las-instalaciones-del-cir-monte-areo\/#breadcrumblist"},"author":{"@id":"https:\/\/candas365.es\/noticias\/author\/admin\/#author"},"creator":{"@id":"https:\/\/candas365.es\/noticias\/author\/admin\/#author"},"image":{"@type":"ImageObject","url":"https:\/\/candas365.es\/noticias\/wp-content\/uploads\/2019\/01\/thumbnail_Izda-a-dcha-Manuel-Noceda_-Alfredo-Hevia_Amelia-Fern\u00e1ndez_Alberto-Fern\u00e1ndez-y-Jos\u00e9-Emilio-Garc\u00eda.jpg","@id":"https:\/\/candas365.es\/noticias\/luz-verde-para-mejorar-las-instalaciones-del-cir-monte-areo\/#mainImage","width":1280,"height":960},"primaryImageOfPage":{"@id":"https:\/\/candas365.es\/noticias\/luz-verde-para-mejorar-las-instalaciones-del-cir-monte-areo\/#mainImage"},"datePublished":"2019-01-07T21:31:23+01:00","dateModified":"2019-01-07T21:31:23+01:00"},{"@type":"WebSite","@id":"https:\/\/candas365.es\/noticias\/#website","url":"https:\/\/candas365.es\/noticias\/","name":"Cand\u00e1s 365","alternateName":"Cand\u00e1s 365 Noticias","description":"Actualidad desde Carre\u00f1o para el mundo","inLanguage":"es-ES","publisher":{"@id":"https:\/\/candas365.es\/noticias\/#organization"}}]},"og:locale":"es_ES","og:site_name":"Cand\u00e1s 365","og:type":"article","og:title":"Luz verde para mejorar las instalaciones del CIR Monte Areo | Cand\u00e1s 365","og:description":"Seg\u00fan informan desde el Ayuntamiento de Carre\u00f1o, el gobierno local ha mantenido sesiones de trabajo con el movimiento vecinal de la zona rural con el objeto de unificar criterios para concretar el proyecto de cierre perimetral de la pista multideportiva cubierta que da servicio a las parroquias de Guimar\u00e1n y El Valle y la ampliaci\u00f3n","og:url":"https:\/\/candas365.es\/noticias\/luz-verde-para-mejorar-las-instalaciones-del-cir-monte-areo\/","og:image":"https:\/\/candas365.es\/noticias\/wp-content\/uploads\/2019\/01\/thumbnail_Izda-a-dcha-Manuel-Noceda_-Alfredo-Hevia_Amelia-Fern\u00e1ndez_Alberto-Fern\u00e1ndez-y-Jos\u00e9-Emilio-Garc\u00eda.jpg","og:image:secure_url":"https:\/\/candas365.es\/noticias\/wp-content\/uploads\/2019\/01\/thumbnail_Izda-a-dcha-Manuel-Noceda_-Alfredo-Hevia_Amelia-Fern\u00e1ndez_Alberto-Fern\u00e1ndez-y-Jos\u00e9-Emilio-Garc\u00eda.jpg","og:image:width":1280,"og:image:height":960,"article:published_time":"2019-01-07T21:31:23+00:00","article:modified_time":"2019-01-07T21:31:23+00:00","article:publisher":"https:\/\/www.facebook.com\/Nachofdezber","article:author":"https:\/\/www.facebook.com\/carrenoactualidad","twitter:card":"summary_large_image","twitter:site":"@NabercoDigital","twitter:title":"Luz verde para mejorar las instalaciones del CIR Monte Areo | Cand\u00e1s 365","twitter:description":"Seg\u00fan informan desde el Ayuntamiento de Carre\u00f1o, el gobierno local ha mantenido sesiones de trabajo con el movimiento vecinal de la zona rural con el objeto de unificar criterios para concretar el proyecto de cierre perimetral de la pista multideportiva cubierta que da servicio a las parroquias de Guimar\u00e1n y El Valle y la ampliaci\u00f3n","twitter:creator":"@nbasturias","twitter:image":"https:\/\/candas365.es\/noticias\/wp-content\/uploads\/2019\/01\/thumbnail_Izda-a-dcha-Manuel-Noceda_-Alfredo-Hevia_Amelia-Fern\u00e1ndez_Alberto-Fern\u00e1ndez-y-Jos\u00e9-Emilio-Garc\u00eda.jpg","twitter:label1":"Escrito por","twitter:data1":"Cand\u00e1s 365","twitter:label2":"Tiempo de lectura estimado","twitter:data2":"4 minutos"},"aioseo_meta_data":{"post_id":"113695","title":null,"description":null,"keywords":null,"keyphrases":null,"primary_term":null,"canonical_url":null,"og_title":null,"og_description":null,"og_object_type":"default","og_image_type":"default","og_image_url":null,"og_image_width":null,"og_image_height":null,"og_image_custom_url":null,"og_image_custom_fields":null,"og_video":null,"og_custom_url":null,"og_article_section":null,"og_article_tags":null,"twitter_use_og":false,"twitter_card":"default","twitter_image_type":"default","twitter_image_url":null,"twitter_image_custom_url":null,"twitter_image_custom_fields":null,"twitter_title":null,"twitter_description":null,"schema":{"blockGraphs":[],"customGraphs":[],"default":{"data":{"Article":[],"Course":[],"Dataset":[],"FAQPage":[],"Movie":[],"Person":[],"Product":[],"ProductReview":[],"Car":[],"Recipe":[],"Service":[],"SoftwareApplication":[],"WebPage":[]},"graphName":"","isEnabled":true},"graphs":[]},"schema_type":null,"schema_type_options":null,"pillar_content":false,"robots_default":true,"robots_noindex":false,"robots_noarchive":false,"robots_nosnippet":false,"robots_nofollow":false,"robots_noimageindex":false,"robots_noodp":false,"robots_notranslate":false,"robots_max_snippet":null,"robots_max_videopreview":null,"robots_max_imagepreview":"large","priority":null,"frequency":null,"location":null,"local_seo":null,"seo_analyzer_scan_date":"2025-08-28 23:26:23","breadcrumb_settings":null,"limit_modified_date":false,"reviewed_by":null,"open_ai":null,"ai":null,"created":"2020-12-21 11:27:54","updated":"2025-08-28 23:26:23"},"aioseo_breadcrumb":"<div class=\"aioseo-breadcrumbs\"><span class=\"aioseo-breadcrumb\">\n\t<a href=\"https:\/\/candas365.es\/noticias\" title=\"Home\">Home<\/a>\n<\/span><span class=\"aioseo-breadcrumb-separator\">&ndash;<\/span><span class=\"aioseo-breadcrumb\">\n\t<a href=\"https:\/\/candas365.es\/noticias\/category\/noticias-carreno\/\" title=\"Noticias Carre\u00f1o\">Noticias Carre\u00f1o<\/a>\n<\/span><span class=\"aioseo-breadcrumb-separator\">&ndash;<\/span><span class=\"aioseo-breadcrumb\">\n\tLuz verde para mejorar las instalaciones del CIR Monte Areo\n<\/span><\/div>","aioseo_breadcrumb_json":[{"label":"Home","link":"https:\/\/candas365.es\/noticias"},{"label":"Noticias Carre\u00f1o","link":"https:\/\/candas365.es\/noticias\/category\/noticias-carreno\/"},{"label":"Luz verde para mejorar las instalaciones del CIR Monte Areo","link":"https:\/\/candas365.es\/noticias\/luz-verde-para-mejorar-las-instalaciones-del-cir-monte-areo\/"}],"_links":{"self":[{"href":"https:\/\/candas365.es\/noticias\/wp-json\/wp\/v2\/posts\/113695","targetHints":{"allow":["GET"]}}],"collection":[{"href":"https:\/\/candas365.es\/noticias\/wp-json\/wp\/v2\/posts"}],"about":[{"href":"https:\/\/candas365.es\/noticias\/wp-json\/wp\/v2\/types\/post"}],"author":[{"embeddable":true,"href":"https:\/\/candas365.es\/noticias\/wp-json\/wp\/v2\/users\/1"}],"replies":[{"embeddable":true,"href":"https:\/\/candas365.es\/noticias\/wp-json\/wp\/v2\/comments?post=113695"}],"version-history":[{"count":0,"href":"https:\/\/candas365.es\/noticias\/wp-json\/wp\/v2\/posts\/113695\/revisions"}],"wp:featuredmedia":[{"embeddable":true,"href":"https:\/\/candas365.es\/noticias\/wp-json\/wp\/v2\/media\/113696"}],"wp:attachment":[{"href":"https:\/\/candas365.es\/noticias\/wp-json\/wp\/v2\/media?parent=113695"}],"wp:term":[{"taxonomy":"category","embeddable":true,"href":"https:\/\/candas365.es\/noticias\/wp-json\/wp\/v2\/categories?post=113695"},{"taxonomy":"post_tag","embeddable":true,"href":"https:\/\/candas365.es\/noticias\/wp-json\/wp\/v2\/tags?post=113695"}],"curies":[{"name":"wp","href":"https:\/\/api.w.org\/{rel}","templated":true}]}}