{"id":113688,"date":"2019-01-07T21:16:50","date_gmt":"2019-01-07T21:16:50","guid":{"rendered":"http:\/\/candas365.es\/noticias\/?p=113688"},"modified":"2019-01-07T21:16:50","modified_gmt":"2019-01-07T21:16:50","slug":"la-policia-nacional-desarticula-un-grupo-de-traficantes","status":"publish","type":"post","link":"https:\/\/candas365.es\/noticias\/la-policia-nacional-desarticula-un-grupo-de-traficantes\/","title":{"rendered":"La Polic\u00eda Nacional desarticula un grupo de traficantes"},"content":{"rendered":"<p><img fetchpriority=\"high\" decoding=\"async\" class=\"alignleft size-medium wp-image-113689\" src=\"https:\/\/candas365.es\/noticias\/wp-content\/uploads\/2019\/01\/i_20190103_12-360x270.jpg\" alt=\"\" width=\"360\" height=\"270\" srcset=\"https:\/\/candas365.es\/noticias\/wp-content\/uploads\/2019\/01\/i_20190103_12-360x270.jpg 360w, https:\/\/candas365.es\/noticias\/wp-content\/uploads\/2019\/01\/i_20190103_12-80x60.jpg 80w, https:\/\/candas365.es\/noticias\/wp-content\/uploads\/2019\/01\/i_20190103_12-265x198.jpg 265w, https:\/\/candas365.es\/noticias\/wp-content\/uploads\/2019\/01\/i_20190103_12.jpg 500w\" sizes=\"(max-width: 360px) 100vw, 360px\" \/>Agentes de la Polic\u00eda Nacional han desarticulado en Sevilla un grupo dedicado al tr\u00e1fico il\u00edcito de armas y han detenido a dos personas que utilizaban el procedimiento de la \u201ccanibalizaci\u00f3n\u201d, consistente en la utilizaci\u00f3n de piezas procedentes de diferentes armas de fuego para la creaci\u00f3n de armas completas. Al primer detenido se le imputa su presunta participaci\u00f3n en los delitos de tenencia il\u00edcita de armas, tr\u00e1fico il\u00edcito de armas, deposito de armas de guerra y deposito de municiones, ingresando en prisi\u00f3n sin fianza. Al segundo arrestado se le imputa su colaboraci\u00f3n necesaria al actuar como principal destinatario de los env\u00edos de la mercanc\u00eda.<\/p>\n<p><strong>Creaci\u00f3n de armas completas mediante \u201ccanibalizaci\u00f3n\u201d<\/strong><\/p>\n<p>La investigaci\u00f3n comenz\u00f3 cuando los agentes detectaron a un var\u00f3n, AF. V y l\u00edder de la organizaci\u00f3n, que se hab\u00eda especializado en la adquisici\u00f3n il\u00edcita de piezas de armas de fuego en el extranjero que posteriormente rearmaba para obtener armas aptas para el disparo. Dicha persona empleaba los servicios de paqueter\u00eda postal para introducir de manera subrepticia piezas fundamentales en el territorio nacional y, posteriomente, creaba nuevas armas a trav\u00e9s de la \u201ccanibalizaci\u00f3n\u201d, procedimiento que en el argot consiste en la utilizaci\u00f3n de piezas procedentes de diferentes armas de fuego para la creaci\u00f3n de armas completas. Concretamente se trata de partes fundamentales de las armas que est\u00e1n sometidas en Espa\u00f1a a un estricto control legal y que, por lo tanto, no se pueden adquirir sin la preceptiva licencia.<\/p>\n<p>AF.V. contaba con una red de colaboradores en el extranjero que adquir\u00edan para \u00e9l las piezas sueltas en diferentes pa\u00edses de la Uni\u00f3n Europea. Conocedor de su actividad il\u00edcita, y para no ser descubierto, utilizaba un sofisticado medio de comunicaci\u00f3n con sus c\u00f3mplices internacionales, evitando comunicaciones telef\u00f3nicas directas y utilizando identidades interpuestas en la red para llevar a cabo las transacciones. En la operaci\u00f3n se ha tomado declaraci\u00f3n como investigados no detenidos a cuatro personas de su entorno que actuaban como receptores interpuestos de la mercanc\u00eda.<\/p>\n<p><strong>Localizado un dep\u00f3sito de armas y munici\u00f3n<\/strong><\/p>\n<p>En los dos registros practicados se ha intervenido un dep\u00f3sito de armas consistente en dos subfusiles autom\u00e1ticos inutilizados junto con dos ca\u00f1ones y dos correderas para esa misma arma, probablemente destinadas a su rearme. Adem\u00e1s se localizaron un rifle de cerrojo del calibre 5.56 activo, un rifle de cerrojo del calibre 22 Little burguer activo, dos rifles del calibre 22, un arma corta Glock activa, catorce armazones de armas GLOCK, diferente munici\u00f3n de guerra del calibre 5.56, m\u00e1s de 2000 cartuchos del calibre 9mm, ca\u00f1ones Glock, agujas percutoras y distintas piezas, entre ellas once silenciadores (incluyendo silenciadores para Glock), herramientas para ensamblar armas de fuego, una m\u00e1quina de recarga de munici\u00f3n, diversa documentaci\u00f3n, dos discos duros, dos pen drives y dos tel\u00e9fonos m\u00f3viles.<\/p>\n<p>La operaci\u00f3n policial se enmarca en la denominada \u201cOperaci\u00f3n Armstrong\u201d, plan de acci\u00f3n operativo 2018 del llamado EMPACT FIREARMS (European Multidisciplinary Platform Against Criminal Threats), que lidera e impulsa la acci\u00f3n coordinada de los pa\u00edses de la Uni\u00f3n Europea contra el tr\u00e1fico il\u00edcito de armas y donde la Polic\u00eda Nacional forma parte del equipo multidisciplinar de Espa\u00f1a que lidera la lucha contra el tr\u00e1fico il\u00edcito de armas en el \u00e1mbito europeo.<\/p>\n<p>La investigaci\u00f3n ha sido dirigida por el Juzgado de Instrucci\u00f3n N\u00famero SEIS de Dos Hermanas.<\/p>\n","protected":false},"excerpt":{"rendered":"<p>Agentes de la Polic\u00eda Nacional han desarticulado en Sevilla un grupo dedicado al tr\u00e1fico il\u00edcito de armas y han detenido a dos personas que utilizaban el procedimiento de la \u201ccanibalizaci\u00f3n\u201d, consistente en la utilizaci\u00f3n de piezas procedentes de diferentes armas de fuego para la creaci\u00f3n de armas completas. Al primer detenido se le imputa su<\/p>\n","protected":false},"author":1,"featured_media":113689,"comment_status":"closed","ping_status":"closed","sticky":false,"template":"","format":"standard","meta":{"footnotes":""},"categories":[343],"tags":[],"class_list":{"0":"post-113688","1":"post","2":"type-post","3":"status-publish","4":"format-standard","5":"has-post-thumbnail","7":"category-actualidad"},"aioseo_notices":[],"aioseo_head":"\n\t\t<!-- All in One SEO Pro 4.9.6.2 - aioseo.com -->\n\t<meta name=\"description\" content=\"Agentes de la Polic\u00eda Nacional han desarticulado en Sevilla un grupo dedicado al tr\u00e1fico il\u00edcito de armas y han detenido a dos personas que utilizaban el procedimiento de la \u201ccanibalizaci\u00f3n\u201d, consistente en la utilizaci\u00f3n de piezas procedentes de diferentes armas de fuego para la creaci\u00f3n de armas completas. Al primer detenido se le imputa su\" \/>\n\t<meta name=\"robots\" content=\"max-image-preview:large\" \/>\n\t<meta name=\"author\" content=\"Cand\u00e1s 365\"\/>\n\t<meta name=\"google-site-verification\" content=\"UA-32230408-1\" \/>\n\t<meta name=\"msvalidate.01\" content=\"354F3CDFB2DA171B47FBE9ABF1F88D5\" \/>\n\t<meta name=\"keywords\" content=\"actualidad\" \/>\n\t<link rel=\"canonical\" href=\"https:\/\/candas365.es\/noticias\/la-policia-nacional-desarticula-un-grupo-de-traficantes\/\" \/>\n\t<meta name=\"generator\" content=\"All in One SEO Pro (AIOSEO) 4.9.6.2\" \/>\n\t\t<meta property=\"og:locale\" content=\"es_ES\" \/>\n\t\t<meta property=\"og:site_name\" content=\"Cand\u00e1s 365\" \/>\n\t\t<meta property=\"og:type\" content=\"article\" \/>\n\t\t<meta property=\"og:title\" content=\"La Polic\u00eda Nacional desarticula un grupo de traficantes | Cand\u00e1s 365\" \/>\n\t\t<meta property=\"og:description\" content=\"Agentes de la Polic\u00eda Nacional han desarticulado en Sevilla un grupo dedicado al tr\u00e1fico il\u00edcito de armas y han detenido a dos personas que utilizaban el procedimiento de la \u201ccanibalizaci\u00f3n\u201d, consistente en la utilizaci\u00f3n de piezas procedentes de diferentes armas de fuego para la creaci\u00f3n de armas completas. Al primer detenido se le imputa su\" \/>\n\t\t<meta property=\"og:url\" content=\"https:\/\/candas365.es\/noticias\/la-policia-nacional-desarticula-un-grupo-de-traficantes\/\" \/>\n\t\t<meta property=\"og:image\" content=\"https:\/\/candas365.es\/noticias\/wp-content\/uploads\/2019\/01\/i_20190103_12.jpg\" \/>\n\t\t<meta property=\"og:image:secure_url\" content=\"https:\/\/candas365.es\/noticias\/wp-content\/uploads\/2019\/01\/i_20190103_12.jpg\" \/>\n\t\t<meta property=\"og:image:width\" content=\"500\" \/>\n\t\t<meta property=\"og:image:height\" content=\"375\" \/>\n\t\t<meta property=\"article:published_time\" content=\"2019-01-07T21:16:50+00:00\" \/>\n\t\t<meta property=\"article:modified_time\" content=\"2019-01-07T21:16:50+00:00\" \/>\n\t\t<meta property=\"article:publisher\" content=\"https:\/\/www.facebook.com\/Nachofdezber\" \/>\n\t\t<meta property=\"article:author\" content=\"https:\/\/www.facebook.com\/carrenoactualidad\" \/>\n\t\t<meta name=\"twitter:card\" content=\"summary_large_image\" \/>\n\t\t<meta name=\"twitter:site\" content=\"@NabercoDigital\" \/>\n\t\t<meta name=\"twitter:title\" content=\"La Polic\u00eda Nacional desarticula un grupo de traficantes | Cand\u00e1s 365\" \/>\n\t\t<meta name=\"twitter:description\" content=\"Agentes de la Polic\u00eda Nacional han desarticulado en Sevilla un grupo dedicado al tr\u00e1fico il\u00edcito de armas y han detenido a dos personas que utilizaban el procedimiento de la \u201ccanibalizaci\u00f3n\u201d, consistente en la utilizaci\u00f3n de piezas procedentes de diferentes armas de fuego para la creaci\u00f3n de armas completas. Al primer detenido se le imputa su\" \/>\n\t\t<meta name=\"twitter:creator\" content=\"@nbasturias\" \/>\n\t\t<meta name=\"twitter:image\" content=\"https:\/\/candas365.es\/noticias\/wp-content\/uploads\/2019\/01\/i_20190103_12.jpg\" \/>\n\t\t<meta name=\"twitter:label1\" content=\"Escrito por\" \/>\n\t\t<meta name=\"twitter:data1\" content=\"Cand\u00e1s 365\" \/>\n\t\t<meta name=\"twitter:label2\" content=\"Tiempo de lectura estimado\" \/>\n\t\t<meta name=\"twitter:data2\" content=\"3 minutos\" \/>\n\t\t<script type=\"application\/ld+json\" class=\"aioseo-schema\">\n\t\t\t{\"@context\":\"https:\\\/\\\/schema.org\",\"@graph\":[{\"@type\":\"BreadcrumbList\",\"@id\":\"https:\\\/\\\/candas365.es\\\/noticias\\\/la-policia-nacional-desarticula-un-grupo-de-traficantes\\\/#breadcrumblist\",\"itemListElement\":[{\"@type\":\"ListItem\",\"@id\":\"https:\\\/\\\/candas365.es\\\/noticias#listItem\",\"position\":1,\"name\":\"Home\",\"item\":\"https:\\\/\\\/candas365.es\\\/noticias\",\"nextItem\":{\"@type\":\"ListItem\",\"@id\":\"https:\\\/\\\/candas365.es\\\/noticias\\\/category\\\/actualidad\\\/#listItem\",\"name\":\"Actualidad\"}},{\"@type\":\"ListItem\",\"@id\":\"https:\\\/\\\/candas365.es\\\/noticias\\\/category\\\/actualidad\\\/#listItem\",\"position\":2,\"name\":\"Actualidad\",\"item\":\"https:\\\/\\\/candas365.es\\\/noticias\\\/category\\\/actualidad\\\/\",\"nextItem\":{\"@type\":\"ListItem\",\"@id\":\"https:\\\/\\\/candas365.es\\\/noticias\\\/la-policia-nacional-desarticula-un-grupo-de-traficantes\\\/#listItem\",\"name\":\"La Polic\\u00eda Nacional desarticula un grupo de traficantes\"},\"previousItem\":{\"@type\":\"ListItem\",\"@id\":\"https:\\\/\\\/candas365.es\\\/noticias#listItem\",\"name\":\"Home\"}},{\"@type\":\"ListItem\",\"@id\":\"https:\\\/\\\/candas365.es\\\/noticias\\\/la-policia-nacional-desarticula-un-grupo-de-traficantes\\\/#listItem\",\"position\":3,\"name\":\"La Polic\\u00eda Nacional desarticula un grupo de traficantes\",\"previousItem\":{\"@type\":\"ListItem\",\"@id\":\"https:\\\/\\\/candas365.es\\\/noticias\\\/category\\\/actualidad\\\/#listItem\",\"name\":\"Actualidad\"}}]},{\"@type\":\"NewsArticle\",\"@id\":\"https:\\\/\\\/candas365.es\\\/noticias\\\/la-policia-nacional-desarticula-un-grupo-de-traficantes\\\/#newsarticle\",\"name\":\"La Polic\\u00eda Nacional desarticula un grupo de traficantes | Cand\\u00e1s 365\",\"headline\":\"La Polic\\u00eda Nacional desarticula un grupo de traficantes\",\"author\":{\"@id\":\"https:\\\/\\\/candas365.es\\\/noticias\\\/author\\\/admin\\\/#author\"},\"publisher\":{\"@id\":\"https:\\\/\\\/candas365.es\\\/noticias\\\/#organization\"},\"image\":{\"@type\":\"ImageObject\",\"url\":\"https:\\\/\\\/candas365.es\\\/noticias\\\/wp-content\\\/uploads\\\/2019\\\/01\\\/i_20190103_12.jpg\",\"width\":500,\"height\":375},\"datePublished\":\"2019-01-07T21:16:50+01:00\",\"dateModified\":\"2019-01-07T21:16:50+01:00\",\"inLanguage\":\"es-ES\",\"mainEntityOfPage\":{\"@id\":\"https:\\\/\\\/candas365.es\\\/noticias\\\/la-policia-nacional-desarticula-un-grupo-de-traficantes\\\/#webpage\"},\"isPartOf\":{\"@id\":\"https:\\\/\\\/candas365.es\\\/noticias\\\/la-policia-nacional-desarticula-un-grupo-de-traficantes\\\/#webpage\"},\"articleSection\":\"Actualidad\",\"dateline\":\"Publicado el enero 7, 2019.\"},{\"@type\":\"Organization\",\"@id\":\"https:\\\/\\\/candas365.es\\\/noticias\\\/#organization\",\"name\":\"Cand\\u00e1s 365\",\"description\":\"Cand\\u00e1s 365 es un diario digital independiente, fundado en 2012, con base en Asturias. Informamos con rigor sobre actualidad, sociedad, cultura y ocio, con una mirada local y global.\",\"url\":\"https:\\\/\\\/candas365.es\\\/noticias\\\/\",\"email\":\"info@candas365.es\",\"telephone\":\"+34652131393\",\"foundingDate\":\"2012-06-10\",\"logo\":{\"@type\":\"ImageObject\",\"url\":\"https:\\\/\\\/candas365.es\\\/noticias\\\/wp-content\\\/uploads\\\/2024\\\/09\\\/Candas-365-Redes.jpg\",\"@id\":\"https:\\\/\\\/candas365.es\\\/noticias\\\/la-policia-nacional-desarticula-un-grupo-de-traficantes\\\/#organizationLogo\",\"width\":1152,\"height\":864,\"caption\":\"Cand\\u00e1s 365 Redes\"},\"image\":{\"@id\":\"https:\\\/\\\/candas365.es\\\/noticias\\\/la-policia-nacional-desarticula-un-grupo-de-traficantes\\\/#organizationLogo\"},\"sameAs\":[\"https:\\\/\\\/www.facebook.com\\\/Nachofdezber\",\"https:\\\/\\\/x.com\\\/NabercoDigital\",\"https:\\\/\\\/www.instagram.com\\\/nachofdezber\\\/\",\"https:\\\/\\\/www.youtube.com\\\/channel\\\/UCZP-2wLEB9Rv6erhFmqVnvg\"],\"address\":{\"@id\":\"https:\\\/\\\/candas365.es\\\/noticias\\\/#postaladdress\",\"@type\":\"PostalAddress\",\"streetAddress\":\"san antonio 4, san antonio 4\",\"postalCode\":\"33430\",\"addressLocality\":\"Cand\\u00e1s\",\"addressRegion\":\"Asturias\",\"addressCountry\":\"ES\"}},{\"@type\":\"Person\",\"@id\":\"https:\\\/\\\/candas365.es\\\/noticias\\\/author\\\/admin\\\/#author\",\"url\":\"https:\\\/\\\/candas365.es\\\/noticias\\\/author\\\/admin\\\/\",\"name\":\"Cand\\u00e1s 365\",\"image\":{\"@type\":\"ImageObject\",\"@id\":\"https:\\\/\\\/candas365.es\\\/noticias\\\/la-policia-nacional-desarticula-un-grupo-de-traficantes\\\/#authorImage\",\"url\":\"https:\\\/\\\/secure.gravatar.com\\\/avatar\\\/496a8e03d0c493ede1718b7934145dbdf8d89be1036b0eec9544e1094c9de390?s=96&d=mm&r=g\",\"width\":96,\"height\":96,\"caption\":\"Cand\\u00e1s 365\"},\"sameAs\":[\"https:\\\/\\\/www.facebook.com\\\/carrenoactualidad\",\"https:\\\/\\\/twitter.com\\\/nbasturias\",\"https:\\\/\\\/www.instagram.com\\\/nachofdezber\\\/\",\"https:\\\/\\\/www.youtube.com\\\/channel\\\/UCZP-2wLEB9Rv6erhFmqVnvg\"]},{\"@type\":\"WebPage\",\"@id\":\"https:\\\/\\\/candas365.es\\\/noticias\\\/la-policia-nacional-desarticula-un-grupo-de-traficantes\\\/#webpage\",\"url\":\"https:\\\/\\\/candas365.es\\\/noticias\\\/la-policia-nacional-desarticula-un-grupo-de-traficantes\\\/\",\"name\":\"La Polic\\u00eda Nacional desarticula un grupo de traficantes | Cand\\u00e1s 365\",\"description\":\"Agentes de la Polic\\u00eda Nacional han desarticulado en Sevilla un grupo dedicado al tr\\u00e1fico il\\u00edcito de armas y han detenido a dos personas que utilizaban el procedimiento de la \\u201ccanibalizaci\\u00f3n\\u201d, consistente en la utilizaci\\u00f3n de piezas procedentes de diferentes armas de fuego para la creaci\\u00f3n de armas completas. Al primer detenido se le imputa su\",\"inLanguage\":\"es-ES\",\"isPartOf\":{\"@id\":\"https:\\\/\\\/candas365.es\\\/noticias\\\/#website\"},\"breadcrumb\":{\"@id\":\"https:\\\/\\\/candas365.es\\\/noticias\\\/la-policia-nacional-desarticula-un-grupo-de-traficantes\\\/#breadcrumblist\"},\"author\":{\"@id\":\"https:\\\/\\\/candas365.es\\\/noticias\\\/author\\\/admin\\\/#author\"},\"creator\":{\"@id\":\"https:\\\/\\\/candas365.es\\\/noticias\\\/author\\\/admin\\\/#author\"},\"image\":{\"@type\":\"ImageObject\",\"url\":\"https:\\\/\\\/candas365.es\\\/noticias\\\/wp-content\\\/uploads\\\/2019\\\/01\\\/i_20190103_12.jpg\",\"@id\":\"https:\\\/\\\/candas365.es\\\/noticias\\\/la-policia-nacional-desarticula-un-grupo-de-traficantes\\\/#mainImage\",\"width\":500,\"height\":375},\"primaryImageOfPage\":{\"@id\":\"https:\\\/\\\/candas365.es\\\/noticias\\\/la-policia-nacional-desarticula-un-grupo-de-traficantes\\\/#mainImage\"},\"datePublished\":\"2019-01-07T21:16:50+01:00\",\"dateModified\":\"2019-01-07T21:16:50+01:00\"},{\"@type\":\"WebSite\",\"@id\":\"https:\\\/\\\/candas365.es\\\/noticias\\\/#website\",\"url\":\"https:\\\/\\\/candas365.es\\\/noticias\\\/\",\"name\":\"Cand\\u00e1s 365\",\"alternateName\":\"Cand\\u00e1s 365 Noticias\",\"description\":\"Actualidad desde Carre\\u00f1o para el mundo\",\"inLanguage\":\"es-ES\",\"publisher\":{\"@id\":\"https:\\\/\\\/candas365.es\\\/noticias\\\/#organization\"}}]}\n\t\t<\/script>\n\t\t<!-- All in One SEO Pro -->\r\n\t\t<title>La Polic\u00eda Nacional desarticula un grupo de traficantes | Cand\u00e1s 365<\/title>\n\n","aioseo_head_json":{"title":"La Polic\u00eda Nacional desarticula un grupo de traficantes | Cand\u00e1s 365","description":"Agentes de la Polic\u00eda Nacional han desarticulado en Sevilla un grupo dedicado al tr\u00e1fico il\u00edcito de armas y han detenido a dos personas que utilizaban el procedimiento de la \u201ccanibalizaci\u00f3n\u201d, consistente en la utilizaci\u00f3n de piezas procedentes de diferentes armas de fuego para la creaci\u00f3n de armas completas. Al primer detenido se le imputa su","canonical_url":"https:\/\/candas365.es\/noticias\/la-policia-nacional-desarticula-un-grupo-de-traficantes\/","robots":"max-image-preview:large","keywords":"actualidad","webmasterTools":{"google-site-verification":"UA-32230408-1","msvalidate.01":"354F3CDFB2DA171B47FBE9ABF1F88D5","miscellaneous":""},"schema":{"@context":"https:\/\/schema.org","@graph":[{"@type":"BreadcrumbList","@id":"https:\/\/candas365.es\/noticias\/la-policia-nacional-desarticula-un-grupo-de-traficantes\/#breadcrumblist","itemListElement":[{"@type":"ListItem","@id":"https:\/\/candas365.es\/noticias#listItem","position":1,"name":"Home","item":"https:\/\/candas365.es\/noticias","nextItem":{"@type":"ListItem","@id":"https:\/\/candas365.es\/noticias\/category\/actualidad\/#listItem","name":"Actualidad"}},{"@type":"ListItem","@id":"https:\/\/candas365.es\/noticias\/category\/actualidad\/#listItem","position":2,"name":"Actualidad","item":"https:\/\/candas365.es\/noticias\/category\/actualidad\/","nextItem":{"@type":"ListItem","@id":"https:\/\/candas365.es\/noticias\/la-policia-nacional-desarticula-un-grupo-de-traficantes\/#listItem","name":"La Polic\u00eda Nacional desarticula un grupo de traficantes"},"previousItem":{"@type":"ListItem","@id":"https:\/\/candas365.es\/noticias#listItem","name":"Home"}},{"@type":"ListItem","@id":"https:\/\/candas365.es\/noticias\/la-policia-nacional-desarticula-un-grupo-de-traficantes\/#listItem","position":3,"name":"La Polic\u00eda Nacional desarticula un grupo de traficantes","previousItem":{"@type":"ListItem","@id":"https:\/\/candas365.es\/noticias\/category\/actualidad\/#listItem","name":"Actualidad"}}]},{"@type":"NewsArticle","@id":"https:\/\/candas365.es\/noticias\/la-policia-nacional-desarticula-un-grupo-de-traficantes\/#newsarticle","name":"La Polic\u00eda Nacional desarticula un grupo de traficantes | Cand\u00e1s 365","headline":"La Polic\u00eda Nacional desarticula un grupo de traficantes","author":{"@id":"https:\/\/candas365.es\/noticias\/author\/admin\/#author"},"publisher":{"@id":"https:\/\/candas365.es\/noticias\/#organization"},"image":{"@type":"ImageObject","url":"https:\/\/candas365.es\/noticias\/wp-content\/uploads\/2019\/01\/i_20190103_12.jpg","width":500,"height":375},"datePublished":"2019-01-07T21:16:50+01:00","dateModified":"2019-01-07T21:16:50+01:00","inLanguage":"es-ES","mainEntityOfPage":{"@id":"https:\/\/candas365.es\/noticias\/la-policia-nacional-desarticula-un-grupo-de-traficantes\/#webpage"},"isPartOf":{"@id":"https:\/\/candas365.es\/noticias\/la-policia-nacional-desarticula-un-grupo-de-traficantes\/#webpage"},"articleSection":"Actualidad","dateline":"Publicado el enero 7, 2019."},{"@type":"Organization","@id":"https:\/\/candas365.es\/noticias\/#organization","name":"Cand\u00e1s 365","description":"Cand\u00e1s 365 es un diario digital independiente, fundado en 2012, con base en Asturias. Informamos con rigor sobre actualidad, sociedad, cultura y ocio, con una mirada local y global.","url":"https:\/\/candas365.es\/noticias\/","email":"info@candas365.es","telephone":"+34652131393","foundingDate":"2012-06-10","logo":{"@type":"ImageObject","url":"https:\/\/candas365.es\/noticias\/wp-content\/uploads\/2024\/09\/Candas-365-Redes.jpg","@id":"https:\/\/candas365.es\/noticias\/la-policia-nacional-desarticula-un-grupo-de-traficantes\/#organizationLogo","width":1152,"height":864,"caption":"Cand\u00e1s 365 Redes"},"image":{"@id":"https:\/\/candas365.es\/noticias\/la-policia-nacional-desarticula-un-grupo-de-traficantes\/#organizationLogo"},"sameAs":["https:\/\/www.facebook.com\/Nachofdezber","https:\/\/x.com\/NabercoDigital","https:\/\/www.instagram.com\/nachofdezber\/","https:\/\/www.youtube.com\/channel\/UCZP-2wLEB9Rv6erhFmqVnvg"],"address":{"@id":"https:\/\/candas365.es\/noticias\/#postaladdress","@type":"PostalAddress","streetAddress":"san antonio 4, san antonio 4","postalCode":"33430","addressLocality":"Cand\u00e1s","addressRegion":"Asturias","addressCountry":"ES"}},{"@type":"Person","@id":"https:\/\/candas365.es\/noticias\/author\/admin\/#author","url":"https:\/\/candas365.es\/noticias\/author\/admin\/","name":"Cand\u00e1s 365","image":{"@type":"ImageObject","@id":"https:\/\/candas365.es\/noticias\/la-policia-nacional-desarticula-un-grupo-de-traficantes\/#authorImage","url":"https:\/\/secure.gravatar.com\/avatar\/496a8e03d0c493ede1718b7934145dbdf8d89be1036b0eec9544e1094c9de390?s=96&d=mm&r=g","width":96,"height":96,"caption":"Cand\u00e1s 365"},"sameAs":["https:\/\/www.facebook.com\/carrenoactualidad","https:\/\/twitter.com\/nbasturias","https:\/\/www.instagram.com\/nachofdezber\/","https:\/\/www.youtube.com\/channel\/UCZP-2wLEB9Rv6erhFmqVnvg"]},{"@type":"WebPage","@id":"https:\/\/candas365.es\/noticias\/la-policia-nacional-desarticula-un-grupo-de-traficantes\/#webpage","url":"https:\/\/candas365.es\/noticias\/la-policia-nacional-desarticula-un-grupo-de-traficantes\/","name":"La Polic\u00eda Nacional desarticula un grupo de traficantes | Cand\u00e1s 365","description":"Agentes de la Polic\u00eda Nacional han desarticulado en Sevilla un grupo dedicado al tr\u00e1fico il\u00edcito de armas y han detenido a dos personas que utilizaban el procedimiento de la \u201ccanibalizaci\u00f3n\u201d, consistente en la utilizaci\u00f3n de piezas procedentes de diferentes armas de fuego para la creaci\u00f3n de armas completas. Al primer detenido se le imputa su","inLanguage":"es-ES","isPartOf":{"@id":"https:\/\/candas365.es\/noticias\/#website"},"breadcrumb":{"@id":"https:\/\/candas365.es\/noticias\/la-policia-nacional-desarticula-un-grupo-de-traficantes\/#breadcrumblist"},"author":{"@id":"https:\/\/candas365.es\/noticias\/author\/admin\/#author"},"creator":{"@id":"https:\/\/candas365.es\/noticias\/author\/admin\/#author"},"image":{"@type":"ImageObject","url":"https:\/\/candas365.es\/noticias\/wp-content\/uploads\/2019\/01\/i_20190103_12.jpg","@id":"https:\/\/candas365.es\/noticias\/la-policia-nacional-desarticula-un-grupo-de-traficantes\/#mainImage","width":500,"height":375},"primaryImageOfPage":{"@id":"https:\/\/candas365.es\/noticias\/la-policia-nacional-desarticula-un-grupo-de-traficantes\/#mainImage"},"datePublished":"2019-01-07T21:16:50+01:00","dateModified":"2019-01-07T21:16:50+01:00"},{"@type":"WebSite","@id":"https:\/\/candas365.es\/noticias\/#website","url":"https:\/\/candas365.es\/noticias\/","name":"Cand\u00e1s 365","alternateName":"Cand\u00e1s 365 Noticias","description":"Actualidad desde Carre\u00f1o para el mundo","inLanguage":"es-ES","publisher":{"@id":"https:\/\/candas365.es\/noticias\/#organization"}}]},"og:locale":"es_ES","og:site_name":"Cand\u00e1s 365","og:type":"article","og:title":"La Polic\u00eda Nacional desarticula un grupo de traficantes | Cand\u00e1s 365","og:description":"Agentes de la Polic\u00eda Nacional han desarticulado en Sevilla un grupo dedicado al tr\u00e1fico il\u00edcito de armas y han detenido a dos personas que utilizaban el procedimiento de la \u201ccanibalizaci\u00f3n\u201d, consistente en la utilizaci\u00f3n de piezas procedentes de diferentes armas de fuego para la creaci\u00f3n de armas completas. Al primer detenido se le imputa su","og:url":"https:\/\/candas365.es\/noticias\/la-policia-nacional-desarticula-un-grupo-de-traficantes\/","og:image":"https:\/\/candas365.es\/noticias\/wp-content\/uploads\/2019\/01\/i_20190103_12.jpg","og:image:secure_url":"https:\/\/candas365.es\/noticias\/wp-content\/uploads\/2019\/01\/i_20190103_12.jpg","og:image:width":500,"og:image:height":375,"article:published_time":"2019-01-07T21:16:50+00:00","article:modified_time":"2019-01-07T21:16:50+00:00","article:publisher":"https:\/\/www.facebook.com\/Nachofdezber","article:author":"https:\/\/www.facebook.com\/carrenoactualidad","twitter:card":"summary_large_image","twitter:site":"@NabercoDigital","twitter:title":"La Polic\u00eda Nacional desarticula un grupo de traficantes | Cand\u00e1s 365","twitter:description":"Agentes de la Polic\u00eda Nacional han desarticulado en Sevilla un grupo dedicado al tr\u00e1fico il\u00edcito de armas y han detenido a dos personas que utilizaban el procedimiento de la \u201ccanibalizaci\u00f3n\u201d, consistente en la utilizaci\u00f3n de piezas procedentes de diferentes armas de fuego para la creaci\u00f3n de armas completas. Al primer detenido se le imputa su","twitter:creator":"@nbasturias","twitter:image":"https:\/\/candas365.es\/noticias\/wp-content\/uploads\/2019\/01\/i_20190103_12.jpg","twitter:label1":"Escrito por","twitter:data1":"Cand\u00e1s 365","twitter:label2":"Tiempo de lectura estimado","twitter:data2":"3 minutos"},"aioseo_meta_data":{"post_id":"113688","title":null,"description":null,"keywords":null,"keyphrases":null,"primary_term":null,"canonical_url":null,"og_title":null,"og_description":null,"og_object_type":"default","og_image_type":"default","og_image_url":null,"og_image_width":null,"og_image_height":null,"og_image_custom_url":null,"og_image_custom_fields":null,"og_video":null,"og_custom_url":null,"og_article_section":null,"og_article_tags":null,"twitter_use_og":false,"twitter_card":"default","twitter_image_type":"default","twitter_image_url":null,"twitter_image_custom_url":null,"twitter_image_custom_fields":null,"twitter_title":null,"twitter_description":null,"schema":{"blockGraphs":[],"customGraphs":[],"default":{"data":{"Article":[],"Course":[],"Dataset":[],"FAQPage":[],"Movie":[],"Person":[],"Product":[],"ProductReview":[],"Car":[],"Recipe":[],"Service":[],"SoftwareApplication":[],"WebPage":[]},"graphName":"","isEnabled":true},"graphs":[],"defaultGraph":"","defaultPostTypeGraph":""},"schema_type":null,"schema_type_options":null,"pillar_content":false,"robots_default":true,"robots_noindex":false,"robots_noarchive":false,"robots_nosnippet":false,"robots_nofollow":false,"robots_noimageindex":false,"robots_noodp":false,"robots_notranslate":false,"robots_max_snippet":null,"robots_max_videopreview":null,"robots_max_imagepreview":"large","priority":null,"frequency":null,"location":null,"local_seo":null,"seo_analyzer_scan_date":"2025-08-28 23:26:13","breadcrumb_settings":null,"limit_modified_date":false,"reviewed_by":null,"open_ai":null,"ai":null,"created":"2020-12-21 10:44:51","updated":"2025-08-28 23:26:13"},"aioseo_breadcrumb":"<div class=\"aioseo-breadcrumbs\"><span class=\"aioseo-breadcrumb\">\n\t<a href=\"https:\/\/candas365.es\/noticias\" title=\"Home\">Home<\/a>\n<\/span><span class=\"aioseo-breadcrumb-separator\">&ndash;<\/span><span class=\"aioseo-breadcrumb\">\n\t<a href=\"https:\/\/candas365.es\/noticias\/category\/actualidad\/\" title=\"Actualidad\">Actualidad<\/a>\n<\/span><span class=\"aioseo-breadcrumb-separator\">&ndash;<\/span><span class=\"aioseo-breadcrumb\">\n\tLa Polic\u00eda Nacional desarticula un grupo de traficantes\n<\/span><\/div>","aioseo_breadcrumb_json":[{"label":"Home","link":"https:\/\/candas365.es\/noticias"},{"label":"Actualidad","link":"https:\/\/candas365.es\/noticias\/category\/actualidad\/"},{"label":"La Polic\u00eda Nacional desarticula un grupo de traficantes","link":"https:\/\/candas365.es\/noticias\/la-policia-nacional-desarticula-un-grupo-de-traficantes\/"}],"_links":{"self":[{"href":"https:\/\/candas365.es\/noticias\/wp-json\/wp\/v2\/posts\/113688","targetHints":{"allow":["GET"]}}],"collection":[{"href":"https:\/\/candas365.es\/noticias\/wp-json\/wp\/v2\/posts"}],"about":[{"href":"https:\/\/candas365.es\/noticias\/wp-json\/wp\/v2\/types\/post"}],"author":[{"embeddable":true,"href":"https:\/\/candas365.es\/noticias\/wp-json\/wp\/v2\/users\/1"}],"replies":[{"embeddable":true,"href":"https:\/\/candas365.es\/noticias\/wp-json\/wp\/v2\/comments?post=113688"}],"version-history":[{"count":0,"href":"https:\/\/candas365.es\/noticias\/wp-json\/wp\/v2\/posts\/113688\/revisions"}],"wp:featuredmedia":[{"embeddable":true,"href":"https:\/\/candas365.es\/noticias\/wp-json\/wp\/v2\/media\/113689"}],"wp:attachment":[{"href":"https:\/\/candas365.es\/noticias\/wp-json\/wp\/v2\/media?parent=113688"}],"wp:term":[{"taxonomy":"category","embeddable":true,"href":"https:\/\/candas365.es\/noticias\/wp-json\/wp\/v2\/categories?post=113688"},{"taxonomy":"post_tag","embeddable":true,"href":"https:\/\/candas365.es\/noticias\/wp-json\/wp\/v2\/tags?post=113688"}],"curies":[{"name":"wp","href":"https:\/\/api.w.org\/{rel}","templated":true}]}}