{"id":113686,"date":"2019-01-07T21:08:01","date_gmt":"2019-01-07T21:08:01","guid":{"rendered":"http:\/\/candas365.es\/noticias\/?p=113686"},"modified":"2019-01-07T21:08:01","modified_gmt":"2019-01-07T21:08:01","slug":"desaparecen-dos-jovenes-alemanes-en-egipto","status":"publish","type":"post","link":"https:\/\/candas365.es\/noticias\/desaparecen-dos-jovenes-alemanes-en-egipto\/","title":{"rendered":"Desaparecen dos j\u00f3venes alemanes en Egipto"},"content":{"rendered":"<p><img fetchpriority=\"high\" decoding=\"async\" class=\"alignleft size-medium wp-image-107557\" src=\"https:\/\/candas365.es\/noticias\/wp-content\/uploads\/2018\/10\/technology-785742_960_720-360x240.jpg\" alt=\"\" width=\"360\" height=\"240\" srcset=\"https:\/\/candas365.es\/noticias\/wp-content\/uploads\/2018\/10\/technology-785742_960_720-360x240.jpg 360w, https:\/\/candas365.es\/noticias\/wp-content\/uploads\/2018\/10\/technology-785742_960_720-768x512.jpg 768w, https:\/\/candas365.es\/noticias\/wp-content\/uploads\/2018\/10\/technology-785742_960_720-655x437.jpg 655w, https:\/\/candas365.es\/noticias\/wp-content\/uploads\/2018\/10\/technology-785742_960_720-696x464.jpg 696w, https:\/\/candas365.es\/noticias\/wp-content\/uploads\/2018\/10\/technology-785742_960_720-630x420.jpg 630w, https:\/\/candas365.es\/noticias\/wp-content\/uploads\/2018\/10\/technology-785742_960_720.jpg 960w\" sizes=\"(max-width: 360px) 100vw, 360px\" \/>El Cairo\/Berl\u00edn, 7 ene (dpa) &#8211; Dos alemanes han desaparecido en Egipto, seg\u00fan comunic\u00f3 hoy el Ministerio de Relaciones Exteriores en Berl\u00edn y precis\u00f3 que ya est\u00e1 en contacto con las autoridades egipcias para esclarecer la situaci\u00f3n.<\/p>\n<p>\u00abSe trata de dos casos diferentes de ciudadanos alemanes desaparecidos. Llevamos varios d\u00edas con este tema y en ambos casos lo estamos tomando muy en serio\u00bb, dijo un portavoz del ministerio alem\u00e1n sin m\u00e1s detalles.<\/p>\n<p>El funcionario explic\u00f3 que por el bien de los afectados no pod\u00eda suministrar m\u00e1s informaci\u00f3n.<\/p>\n<p>Seg\u00fan supo dpa, en el caso del primer desaparecido se trata de un joven de 18 a\u00f1os de la localidad de Giessen, que quer\u00eda ingresar al pa\u00eds por Luxor el 17 de diciembre para visitar a su abuelo en El Cairo.<\/p>\n<p>Antes de continuar su vuelo a la capital egipcia se interrumpi\u00f3 el contacto con su familia, confirm\u00f3 el padre a dpa. Desde entonces, no hay rastros de \u00e9l, agreg\u00f3.<\/p>\n<p>El segundo desaparecido es un joven de 23 a\u00f1os que fue detenido por las autoridades en el aeropuerto de El Cairo, al que lleg\u00f3 junto con su hermano el 27 de diciembre. La madre confirm\u00f3 que solo uno de sus hijos fue detenido y que desde ese momento ya no tuvo m\u00e1s noticias suyas.<\/p>\n<p>Los dos j\u00f3venes desaparecidos son hijos de madre alemana y padre egipcio y poseen ambas nacionalidades.<\/p>\n","protected":false},"excerpt":{"rendered":"<p>El Cairo\/Berl\u00edn, 7 ene (dpa) &#8211; Dos alemanes han desaparecido en Egipto, seg\u00fan comunic\u00f3 hoy el Ministerio de Relaciones Exteriores en Berl\u00edn y precis\u00f3 que ya est\u00e1 en contacto con las autoridades egipcias para esclarecer la situaci\u00f3n. \u00abSe trata de dos casos diferentes de ciudadanos alemanes desaparecidos. Llevamos varios d\u00edas con este tema y en<\/p>\n","protected":false},"author":1,"featured_media":107557,"comment_status":"closed","ping_status":"closed","sticky":false,"template":"","format":"standard","meta":{"footnotes":""},"categories":[343],"tags":[],"class_list":{"0":"post-113686","1":"post","2":"type-post","3":"status-publish","4":"format-standard","5":"has-post-thumbnail","7":"category-actualidad"},"aioseo_notices":[],"aioseo_head":"\n\t\t<!-- All in One SEO Pro 4.9.6.2 - aioseo.com -->\n\t<meta name=\"description\" content=\"El Cairo\/Berl\u00edn, 7 ene (dpa) - Dos alemanes han desaparecido en Egipto, seg\u00fan comunic\u00f3 hoy el Ministerio de Relaciones Exteriores en Berl\u00edn y precis\u00f3 que ya est\u00e1 en contacto con las autoridades egipcias para esclarecer la situaci\u00f3n. &quot;Se trata de dos casos diferentes de ciudadanos alemanes desaparecidos. Llevamos varios d\u00edas con este tema y en\" \/>\n\t<meta name=\"robots\" content=\"max-image-preview:large\" \/>\n\t<meta name=\"author\" content=\"Cand\u00e1s 365\"\/>\n\t<meta name=\"google-site-verification\" content=\"UA-32230408-1\" \/>\n\t<meta name=\"msvalidate.01\" content=\"354F3CDFB2DA171B47FBE9ABF1F88D5\" \/>\n\t<meta name=\"keywords\" content=\"actualidad\" \/>\n\t<link rel=\"canonical\" href=\"https:\/\/candas365.es\/noticias\/desaparecen-dos-jovenes-alemanes-en-egipto\/\" \/>\n\t<meta name=\"generator\" content=\"All in One SEO Pro (AIOSEO) 4.9.6.2\" \/>\n\t\t<meta property=\"og:locale\" content=\"es_ES\" \/>\n\t\t<meta property=\"og:site_name\" content=\"Cand\u00e1s 365\" \/>\n\t\t<meta property=\"og:type\" content=\"article\" \/>\n\t\t<meta property=\"og:title\" content=\"Desaparecen dos j\u00f3venes alemanes en Egipto | Cand\u00e1s 365\" \/>\n\t\t<meta property=\"og:description\" content=\"El Cairo\/Berl\u00edn, 7 ene (dpa) - Dos alemanes han desaparecido en Egipto, seg\u00fan comunic\u00f3 hoy el Ministerio de Relaciones Exteriores en Berl\u00edn y precis\u00f3 que ya est\u00e1 en contacto con las autoridades egipcias para esclarecer la situaci\u00f3n. &quot;Se trata de dos casos diferentes de ciudadanos alemanes desaparecidos. Llevamos varios d\u00edas con este tema y en\" \/>\n\t\t<meta property=\"og:url\" content=\"https:\/\/candas365.es\/noticias\/desaparecen-dos-jovenes-alemanes-en-egipto\/\" \/>\n\t\t<meta property=\"og:image\" content=\"https:\/\/candas365.es\/noticias\/wp-content\/uploads\/2018\/10\/technology-785742_960_720.jpg\" \/>\n\t\t<meta property=\"og:image:secure_url\" content=\"https:\/\/candas365.es\/noticias\/wp-content\/uploads\/2018\/10\/technology-785742_960_720.jpg\" \/>\n\t\t<meta property=\"og:image:width\" content=\"960\" \/>\n\t\t<meta property=\"og:image:height\" content=\"640\" \/>\n\t\t<meta property=\"article:published_time\" content=\"2019-01-07T21:08:01+00:00\" \/>\n\t\t<meta property=\"article:modified_time\" content=\"2019-01-07T21:08:01+00:00\" \/>\n\t\t<meta property=\"article:publisher\" content=\"https:\/\/www.facebook.com\/Nachofdezber\" \/>\n\t\t<meta property=\"article:author\" content=\"https:\/\/www.facebook.com\/carrenoactualidad\" \/>\n\t\t<meta name=\"twitter:card\" content=\"summary_large_image\" \/>\n\t\t<meta name=\"twitter:site\" content=\"@NabercoDigital\" \/>\n\t\t<meta name=\"twitter:title\" content=\"Desaparecen dos j\u00f3venes alemanes en Egipto | Cand\u00e1s 365\" \/>\n\t\t<meta name=\"twitter:description\" content=\"El Cairo\/Berl\u00edn, 7 ene (dpa) - Dos alemanes han desaparecido en Egipto, seg\u00fan comunic\u00f3 hoy el Ministerio de Relaciones Exteriores en Berl\u00edn y precis\u00f3 que ya est\u00e1 en contacto con las autoridades egipcias para esclarecer la situaci\u00f3n. &quot;Se trata de dos casos diferentes de ciudadanos alemanes desaparecidos. Llevamos varios d\u00edas con este tema y en\" \/>\n\t\t<meta name=\"twitter:creator\" content=\"@nbasturias\" \/>\n\t\t<meta name=\"twitter:image\" content=\"https:\/\/candas365.es\/noticias\/wp-content\/uploads\/2018\/10\/technology-785742_960_720.jpg\" \/>\n\t\t<meta name=\"twitter:label1\" content=\"Escrito por\" \/>\n\t\t<meta name=\"twitter:data1\" content=\"Cand\u00e1s 365\" \/>\n\t\t<meta name=\"twitter:label2\" content=\"Tiempo de lectura estimado\" \/>\n\t\t<meta name=\"twitter:data2\" content=\"1 minuto\" \/>\n\t\t<script type=\"application\/ld+json\" class=\"aioseo-schema\">\n\t\t\t{\"@context\":\"https:\\\/\\\/schema.org\",\"@graph\":[{\"@type\":\"BreadcrumbList\",\"@id\":\"https:\\\/\\\/candas365.es\\\/noticias\\\/desaparecen-dos-jovenes-alemanes-en-egipto\\\/#breadcrumblist\",\"itemListElement\":[{\"@type\":\"ListItem\",\"@id\":\"https:\\\/\\\/candas365.es\\\/noticias#listItem\",\"position\":1,\"name\":\"Home\",\"item\":\"https:\\\/\\\/candas365.es\\\/noticias\",\"nextItem\":{\"@type\":\"ListItem\",\"@id\":\"https:\\\/\\\/candas365.es\\\/noticias\\\/category\\\/actualidad\\\/#listItem\",\"name\":\"Actualidad\"}},{\"@type\":\"ListItem\",\"@id\":\"https:\\\/\\\/candas365.es\\\/noticias\\\/category\\\/actualidad\\\/#listItem\",\"position\":2,\"name\":\"Actualidad\",\"item\":\"https:\\\/\\\/candas365.es\\\/noticias\\\/category\\\/actualidad\\\/\",\"nextItem\":{\"@type\":\"ListItem\",\"@id\":\"https:\\\/\\\/candas365.es\\\/noticias\\\/desaparecen-dos-jovenes-alemanes-en-egipto\\\/#listItem\",\"name\":\"Desaparecen dos j\\u00f3venes alemanes en Egipto\"},\"previousItem\":{\"@type\":\"ListItem\",\"@id\":\"https:\\\/\\\/candas365.es\\\/noticias#listItem\",\"name\":\"Home\"}},{\"@type\":\"ListItem\",\"@id\":\"https:\\\/\\\/candas365.es\\\/noticias\\\/desaparecen-dos-jovenes-alemanes-en-egipto\\\/#listItem\",\"position\":3,\"name\":\"Desaparecen dos j\\u00f3venes alemanes en Egipto\",\"previousItem\":{\"@type\":\"ListItem\",\"@id\":\"https:\\\/\\\/candas365.es\\\/noticias\\\/category\\\/actualidad\\\/#listItem\",\"name\":\"Actualidad\"}}]},{\"@type\":\"NewsArticle\",\"@id\":\"https:\\\/\\\/candas365.es\\\/noticias\\\/desaparecen-dos-jovenes-alemanes-en-egipto\\\/#newsarticle\",\"name\":\"Desaparecen dos j\\u00f3venes alemanes en Egipto | Cand\\u00e1s 365\",\"headline\":\"Desaparecen dos j\\u00f3venes alemanes en Egipto\",\"author\":{\"@id\":\"https:\\\/\\\/candas365.es\\\/noticias\\\/author\\\/admin\\\/#author\"},\"publisher\":{\"@id\":\"https:\\\/\\\/candas365.es\\\/noticias\\\/#organization\"},\"image\":{\"@type\":\"ImageObject\",\"url\":\"https:\\\/\\\/candas365.es\\\/noticias\\\/wp-content\\\/uploads\\\/2018\\\/10\\\/technology-785742_960_720.jpg\",\"width\":960,\"height\":640},\"datePublished\":\"2019-01-07T21:08:01+01:00\",\"dateModified\":\"2019-01-07T21:08:01+01:00\",\"inLanguage\":\"es-ES\",\"mainEntityOfPage\":{\"@id\":\"https:\\\/\\\/candas365.es\\\/noticias\\\/desaparecen-dos-jovenes-alemanes-en-egipto\\\/#webpage\"},\"isPartOf\":{\"@id\":\"https:\\\/\\\/candas365.es\\\/noticias\\\/desaparecen-dos-jovenes-alemanes-en-egipto\\\/#webpage\"},\"articleSection\":\"Actualidad\",\"dateline\":\"Publicado el enero 7, 2019.\"},{\"@type\":\"Organization\",\"@id\":\"https:\\\/\\\/candas365.es\\\/noticias\\\/#organization\",\"name\":\"Cand\\u00e1s 365\",\"description\":\"Cand\\u00e1s 365 es un diario digital independiente, fundado en 2012, con base en Asturias. Informamos con rigor sobre actualidad, sociedad, cultura y ocio, con una mirada local y global.\",\"url\":\"https:\\\/\\\/candas365.es\\\/noticias\\\/\",\"email\":\"info@candas365.es\",\"telephone\":\"+34652131393\",\"foundingDate\":\"2012-06-10\",\"logo\":{\"@type\":\"ImageObject\",\"url\":\"https:\\\/\\\/candas365.es\\\/noticias\\\/wp-content\\\/uploads\\\/2024\\\/09\\\/Candas-365-Redes.jpg\",\"@id\":\"https:\\\/\\\/candas365.es\\\/noticias\\\/desaparecen-dos-jovenes-alemanes-en-egipto\\\/#organizationLogo\",\"width\":1152,\"height\":864,\"caption\":\"Cand\\u00e1s 365 Redes\"},\"image\":{\"@id\":\"https:\\\/\\\/candas365.es\\\/noticias\\\/desaparecen-dos-jovenes-alemanes-en-egipto\\\/#organizationLogo\"},\"sameAs\":[\"https:\\\/\\\/www.facebook.com\\\/Nachofdezber\",\"https:\\\/\\\/x.com\\\/NabercoDigital\",\"https:\\\/\\\/www.instagram.com\\\/nachofdezber\\\/\",\"https:\\\/\\\/www.youtube.com\\\/channel\\\/UCZP-2wLEB9Rv6erhFmqVnvg\"],\"address\":{\"@id\":\"https:\\\/\\\/candas365.es\\\/noticias\\\/#postaladdress\",\"@type\":\"PostalAddress\",\"streetAddress\":\"san antonio 4, san antonio 4\",\"postalCode\":\"33430\",\"addressLocality\":\"Cand\\u00e1s\",\"addressRegion\":\"Asturias\",\"addressCountry\":\"ES\"}},{\"@type\":\"Person\",\"@id\":\"https:\\\/\\\/candas365.es\\\/noticias\\\/author\\\/admin\\\/#author\",\"url\":\"https:\\\/\\\/candas365.es\\\/noticias\\\/author\\\/admin\\\/\",\"name\":\"Cand\\u00e1s 365\",\"image\":{\"@type\":\"ImageObject\",\"@id\":\"https:\\\/\\\/candas365.es\\\/noticias\\\/desaparecen-dos-jovenes-alemanes-en-egipto\\\/#authorImage\",\"url\":\"https:\\\/\\\/secure.gravatar.com\\\/avatar\\\/496a8e03d0c493ede1718b7934145dbdf8d89be1036b0eec9544e1094c9de390?s=96&d=mm&r=g\",\"width\":96,\"height\":96,\"caption\":\"Cand\\u00e1s 365\"},\"sameAs\":[\"https:\\\/\\\/www.facebook.com\\\/carrenoactualidad\",\"https:\\\/\\\/twitter.com\\\/nbasturias\",\"https:\\\/\\\/www.instagram.com\\\/nachofdezber\\\/\",\"https:\\\/\\\/www.youtube.com\\\/channel\\\/UCZP-2wLEB9Rv6erhFmqVnvg\"]},{\"@type\":\"WebPage\",\"@id\":\"https:\\\/\\\/candas365.es\\\/noticias\\\/desaparecen-dos-jovenes-alemanes-en-egipto\\\/#webpage\",\"url\":\"https:\\\/\\\/candas365.es\\\/noticias\\\/desaparecen-dos-jovenes-alemanes-en-egipto\\\/\",\"name\":\"Desaparecen dos j\\u00f3venes alemanes en Egipto | Cand\\u00e1s 365\",\"description\":\"El Cairo\\\/Berl\\u00edn, 7 ene (dpa) - Dos alemanes han desaparecido en Egipto, seg\\u00fan comunic\\u00f3 hoy el Ministerio de Relaciones Exteriores en Berl\\u00edn y precis\\u00f3 que ya est\\u00e1 en contacto con las autoridades egipcias para esclarecer la situaci\\u00f3n. \\\"Se trata de dos casos diferentes de ciudadanos alemanes desaparecidos. Llevamos varios d\\u00edas con este tema y en\",\"inLanguage\":\"es-ES\",\"isPartOf\":{\"@id\":\"https:\\\/\\\/candas365.es\\\/noticias\\\/#website\"},\"breadcrumb\":{\"@id\":\"https:\\\/\\\/candas365.es\\\/noticias\\\/desaparecen-dos-jovenes-alemanes-en-egipto\\\/#breadcrumblist\"},\"author\":{\"@id\":\"https:\\\/\\\/candas365.es\\\/noticias\\\/author\\\/admin\\\/#author\"},\"creator\":{\"@id\":\"https:\\\/\\\/candas365.es\\\/noticias\\\/author\\\/admin\\\/#author\"},\"image\":{\"@type\":\"ImageObject\",\"url\":\"https:\\\/\\\/candas365.es\\\/noticias\\\/wp-content\\\/uploads\\\/2018\\\/10\\\/technology-785742_960_720.jpg\",\"@id\":\"https:\\\/\\\/candas365.es\\\/noticias\\\/desaparecen-dos-jovenes-alemanes-en-egipto\\\/#mainImage\",\"width\":960,\"height\":640},\"primaryImageOfPage\":{\"@id\":\"https:\\\/\\\/candas365.es\\\/noticias\\\/desaparecen-dos-jovenes-alemanes-en-egipto\\\/#mainImage\"},\"datePublished\":\"2019-01-07T21:08:01+01:00\",\"dateModified\":\"2019-01-07T21:08:01+01:00\"},{\"@type\":\"WebSite\",\"@id\":\"https:\\\/\\\/candas365.es\\\/noticias\\\/#website\",\"url\":\"https:\\\/\\\/candas365.es\\\/noticias\\\/\",\"name\":\"Cand\\u00e1s 365\",\"alternateName\":\"Cand\\u00e1s 365 Noticias\",\"description\":\"Actualidad desde Carre\\u00f1o para el mundo\",\"inLanguage\":\"es-ES\",\"publisher\":{\"@id\":\"https:\\\/\\\/candas365.es\\\/noticias\\\/#organization\"}}]}\n\t\t<\/script>\n\t\t<!-- All in One SEO Pro -->\r\n\t\t<title>Desaparecen dos j\u00f3venes alemanes en Egipto | Cand\u00e1s 365<\/title>\n\n","aioseo_head_json":{"title":"Desaparecen dos j\u00f3venes alemanes en Egipto | Cand\u00e1s 365","description":"El Cairo\/Berl\u00edn, 7 ene (dpa) - Dos alemanes han desaparecido en Egipto, seg\u00fan comunic\u00f3 hoy el Ministerio de Relaciones Exteriores en Berl\u00edn y precis\u00f3 que ya est\u00e1 en contacto con las autoridades egipcias para esclarecer la situaci\u00f3n. \"Se trata de dos casos diferentes de ciudadanos alemanes desaparecidos. Llevamos varios d\u00edas con este tema y en","canonical_url":"https:\/\/candas365.es\/noticias\/desaparecen-dos-jovenes-alemanes-en-egipto\/","robots":"max-image-preview:large","keywords":"actualidad","webmasterTools":{"google-site-verification":"UA-32230408-1","msvalidate.01":"354F3CDFB2DA171B47FBE9ABF1F88D5","miscellaneous":""},"schema":{"@context":"https:\/\/schema.org","@graph":[{"@type":"BreadcrumbList","@id":"https:\/\/candas365.es\/noticias\/desaparecen-dos-jovenes-alemanes-en-egipto\/#breadcrumblist","itemListElement":[{"@type":"ListItem","@id":"https:\/\/candas365.es\/noticias#listItem","position":1,"name":"Home","item":"https:\/\/candas365.es\/noticias","nextItem":{"@type":"ListItem","@id":"https:\/\/candas365.es\/noticias\/category\/actualidad\/#listItem","name":"Actualidad"}},{"@type":"ListItem","@id":"https:\/\/candas365.es\/noticias\/category\/actualidad\/#listItem","position":2,"name":"Actualidad","item":"https:\/\/candas365.es\/noticias\/category\/actualidad\/","nextItem":{"@type":"ListItem","@id":"https:\/\/candas365.es\/noticias\/desaparecen-dos-jovenes-alemanes-en-egipto\/#listItem","name":"Desaparecen dos j\u00f3venes alemanes en Egipto"},"previousItem":{"@type":"ListItem","@id":"https:\/\/candas365.es\/noticias#listItem","name":"Home"}},{"@type":"ListItem","@id":"https:\/\/candas365.es\/noticias\/desaparecen-dos-jovenes-alemanes-en-egipto\/#listItem","position":3,"name":"Desaparecen dos j\u00f3venes alemanes en Egipto","previousItem":{"@type":"ListItem","@id":"https:\/\/candas365.es\/noticias\/category\/actualidad\/#listItem","name":"Actualidad"}}]},{"@type":"NewsArticle","@id":"https:\/\/candas365.es\/noticias\/desaparecen-dos-jovenes-alemanes-en-egipto\/#newsarticle","name":"Desaparecen dos j\u00f3venes alemanes en Egipto | Cand\u00e1s 365","headline":"Desaparecen dos j\u00f3venes alemanes en Egipto","author":{"@id":"https:\/\/candas365.es\/noticias\/author\/admin\/#author"},"publisher":{"@id":"https:\/\/candas365.es\/noticias\/#organization"},"image":{"@type":"ImageObject","url":"https:\/\/candas365.es\/noticias\/wp-content\/uploads\/2018\/10\/technology-785742_960_720.jpg","width":960,"height":640},"datePublished":"2019-01-07T21:08:01+01:00","dateModified":"2019-01-07T21:08:01+01:00","inLanguage":"es-ES","mainEntityOfPage":{"@id":"https:\/\/candas365.es\/noticias\/desaparecen-dos-jovenes-alemanes-en-egipto\/#webpage"},"isPartOf":{"@id":"https:\/\/candas365.es\/noticias\/desaparecen-dos-jovenes-alemanes-en-egipto\/#webpage"},"articleSection":"Actualidad","dateline":"Publicado el enero 7, 2019."},{"@type":"Organization","@id":"https:\/\/candas365.es\/noticias\/#organization","name":"Cand\u00e1s 365","description":"Cand\u00e1s 365 es un diario digital independiente, fundado en 2012, con base en Asturias. Informamos con rigor sobre actualidad, sociedad, cultura y ocio, con una mirada local y global.","url":"https:\/\/candas365.es\/noticias\/","email":"info@candas365.es","telephone":"+34652131393","foundingDate":"2012-06-10","logo":{"@type":"ImageObject","url":"https:\/\/candas365.es\/noticias\/wp-content\/uploads\/2024\/09\/Candas-365-Redes.jpg","@id":"https:\/\/candas365.es\/noticias\/desaparecen-dos-jovenes-alemanes-en-egipto\/#organizationLogo","width":1152,"height":864,"caption":"Cand\u00e1s 365 Redes"},"image":{"@id":"https:\/\/candas365.es\/noticias\/desaparecen-dos-jovenes-alemanes-en-egipto\/#organizationLogo"},"sameAs":["https:\/\/www.facebook.com\/Nachofdezber","https:\/\/x.com\/NabercoDigital","https:\/\/www.instagram.com\/nachofdezber\/","https:\/\/www.youtube.com\/channel\/UCZP-2wLEB9Rv6erhFmqVnvg"],"address":{"@id":"https:\/\/candas365.es\/noticias\/#postaladdress","@type":"PostalAddress","streetAddress":"san antonio 4, san antonio 4","postalCode":"33430","addressLocality":"Cand\u00e1s","addressRegion":"Asturias","addressCountry":"ES"}},{"@type":"Person","@id":"https:\/\/candas365.es\/noticias\/author\/admin\/#author","url":"https:\/\/candas365.es\/noticias\/author\/admin\/","name":"Cand\u00e1s 365","image":{"@type":"ImageObject","@id":"https:\/\/candas365.es\/noticias\/desaparecen-dos-jovenes-alemanes-en-egipto\/#authorImage","url":"https:\/\/secure.gravatar.com\/avatar\/496a8e03d0c493ede1718b7934145dbdf8d89be1036b0eec9544e1094c9de390?s=96&d=mm&r=g","width":96,"height":96,"caption":"Cand\u00e1s 365"},"sameAs":["https:\/\/www.facebook.com\/carrenoactualidad","https:\/\/twitter.com\/nbasturias","https:\/\/www.instagram.com\/nachofdezber\/","https:\/\/www.youtube.com\/channel\/UCZP-2wLEB9Rv6erhFmqVnvg"]},{"@type":"WebPage","@id":"https:\/\/candas365.es\/noticias\/desaparecen-dos-jovenes-alemanes-en-egipto\/#webpage","url":"https:\/\/candas365.es\/noticias\/desaparecen-dos-jovenes-alemanes-en-egipto\/","name":"Desaparecen dos j\u00f3venes alemanes en Egipto | Cand\u00e1s 365","description":"El Cairo\/Berl\u00edn, 7 ene (dpa) - Dos alemanes han desaparecido en Egipto, seg\u00fan comunic\u00f3 hoy el Ministerio de Relaciones Exteriores en Berl\u00edn y precis\u00f3 que ya est\u00e1 en contacto con las autoridades egipcias para esclarecer la situaci\u00f3n. \"Se trata de dos casos diferentes de ciudadanos alemanes desaparecidos. Llevamos varios d\u00edas con este tema y en","inLanguage":"es-ES","isPartOf":{"@id":"https:\/\/candas365.es\/noticias\/#website"},"breadcrumb":{"@id":"https:\/\/candas365.es\/noticias\/desaparecen-dos-jovenes-alemanes-en-egipto\/#breadcrumblist"},"author":{"@id":"https:\/\/candas365.es\/noticias\/author\/admin\/#author"},"creator":{"@id":"https:\/\/candas365.es\/noticias\/author\/admin\/#author"},"image":{"@type":"ImageObject","url":"https:\/\/candas365.es\/noticias\/wp-content\/uploads\/2018\/10\/technology-785742_960_720.jpg","@id":"https:\/\/candas365.es\/noticias\/desaparecen-dos-jovenes-alemanes-en-egipto\/#mainImage","width":960,"height":640},"primaryImageOfPage":{"@id":"https:\/\/candas365.es\/noticias\/desaparecen-dos-jovenes-alemanes-en-egipto\/#mainImage"},"datePublished":"2019-01-07T21:08:01+01:00","dateModified":"2019-01-07T21:08:01+01:00"},{"@type":"WebSite","@id":"https:\/\/candas365.es\/noticias\/#website","url":"https:\/\/candas365.es\/noticias\/","name":"Cand\u00e1s 365","alternateName":"Cand\u00e1s 365 Noticias","description":"Actualidad desde Carre\u00f1o para el mundo","inLanguage":"es-ES","publisher":{"@id":"https:\/\/candas365.es\/noticias\/#organization"}}]},"og:locale":"es_ES","og:site_name":"Cand\u00e1s 365","og:type":"article","og:title":"Desaparecen dos j\u00f3venes alemanes en Egipto | Cand\u00e1s 365","og:description":"El Cairo\/Berl\u00edn, 7 ene (dpa) - Dos alemanes han desaparecido en Egipto, seg\u00fan comunic\u00f3 hoy el Ministerio de Relaciones Exteriores en Berl\u00edn y precis\u00f3 que ya est\u00e1 en contacto con las autoridades egipcias para esclarecer la situaci\u00f3n. &quot;Se trata de dos casos diferentes de ciudadanos alemanes desaparecidos. Llevamos varios d\u00edas con este tema y en","og:url":"https:\/\/candas365.es\/noticias\/desaparecen-dos-jovenes-alemanes-en-egipto\/","og:image":"https:\/\/candas365.es\/noticias\/wp-content\/uploads\/2018\/10\/technology-785742_960_720.jpg","og:image:secure_url":"https:\/\/candas365.es\/noticias\/wp-content\/uploads\/2018\/10\/technology-785742_960_720.jpg","og:image:width":960,"og:image:height":640,"article:published_time":"2019-01-07T21:08:01+00:00","article:modified_time":"2019-01-07T21:08:01+00:00","article:publisher":"https:\/\/www.facebook.com\/Nachofdezber","article:author":"https:\/\/www.facebook.com\/carrenoactualidad","twitter:card":"summary_large_image","twitter:site":"@NabercoDigital","twitter:title":"Desaparecen dos j\u00f3venes alemanes en Egipto | Cand\u00e1s 365","twitter:description":"El Cairo\/Berl\u00edn, 7 ene (dpa) - Dos alemanes han desaparecido en Egipto, seg\u00fan comunic\u00f3 hoy el Ministerio de Relaciones Exteriores en Berl\u00edn y precis\u00f3 que ya est\u00e1 en contacto con las autoridades egipcias para esclarecer la situaci\u00f3n. &quot;Se trata de dos casos diferentes de ciudadanos alemanes desaparecidos. Llevamos varios d\u00edas con este tema y en","twitter:creator":"@nbasturias","twitter:image":"https:\/\/candas365.es\/noticias\/wp-content\/uploads\/2018\/10\/technology-785742_960_720.jpg","twitter:label1":"Escrito por","twitter:data1":"Cand\u00e1s 365","twitter:label2":"Tiempo de lectura estimado","twitter:data2":"1 minuto"},"aioseo_meta_data":{"post_id":"113686","title":null,"description":null,"keywords":null,"keyphrases":null,"primary_term":null,"canonical_url":null,"og_title":null,"og_description":null,"og_object_type":"default","og_image_type":"default","og_image_url":null,"og_image_width":null,"og_image_height":null,"og_image_custom_url":null,"og_image_custom_fields":null,"og_video":null,"og_custom_url":null,"og_article_section":null,"og_article_tags":null,"twitter_use_og":false,"twitter_card":"default","twitter_image_type":"default","twitter_image_url":null,"twitter_image_custom_url":null,"twitter_image_custom_fields":null,"twitter_title":null,"twitter_description":null,"schema":{"blockGraphs":[],"customGraphs":[],"default":{"data":{"Article":[],"Course":[],"Dataset":[],"FAQPage":[],"Movie":[],"Person":[],"Product":[],"ProductReview":[],"Car":[],"Recipe":[],"Service":[],"SoftwareApplication":[],"WebPage":[]},"graphName":"","isEnabled":true},"graphs":[],"defaultGraph":"","defaultPostTypeGraph":""},"schema_type":null,"schema_type_options":null,"pillar_content":false,"robots_default":true,"robots_noindex":false,"robots_noarchive":false,"robots_nosnippet":false,"robots_nofollow":false,"robots_noimageindex":false,"robots_noodp":false,"robots_notranslate":false,"robots_max_snippet":null,"robots_max_videopreview":null,"robots_max_imagepreview":"large","priority":null,"frequency":null,"location":null,"local_seo":null,"seo_analyzer_scan_date":"2025-08-28 23:24:51","breadcrumb_settings":null,"limit_modified_date":false,"reviewed_by":null,"open_ai":null,"ai":null,"created":"2020-12-21 10:44:51","updated":"2025-08-28 23:24:51"},"aioseo_breadcrumb":"<div class=\"aioseo-breadcrumbs\"><span class=\"aioseo-breadcrumb\">\n\t<a href=\"https:\/\/candas365.es\/noticias\" title=\"Home\">Home<\/a>\n<\/span><span class=\"aioseo-breadcrumb-separator\">&ndash;<\/span><span class=\"aioseo-breadcrumb\">\n\t<a href=\"https:\/\/candas365.es\/noticias\/category\/actualidad\/\" title=\"Actualidad\">Actualidad<\/a>\n<\/span><span class=\"aioseo-breadcrumb-separator\">&ndash;<\/span><span class=\"aioseo-breadcrumb\">\n\tDesaparecen dos j\u00f3venes alemanes en Egipto\n<\/span><\/div>","aioseo_breadcrumb_json":[{"label":"Home","link":"https:\/\/candas365.es\/noticias"},{"label":"Actualidad","link":"https:\/\/candas365.es\/noticias\/category\/actualidad\/"},{"label":"Desaparecen dos j\u00f3venes alemanes en Egipto","link":"https:\/\/candas365.es\/noticias\/desaparecen-dos-jovenes-alemanes-en-egipto\/"}],"_links":{"self":[{"href":"https:\/\/candas365.es\/noticias\/wp-json\/wp\/v2\/posts\/113686","targetHints":{"allow":["GET"]}}],"collection":[{"href":"https:\/\/candas365.es\/noticias\/wp-json\/wp\/v2\/posts"}],"about":[{"href":"https:\/\/candas365.es\/noticias\/wp-json\/wp\/v2\/types\/post"}],"author":[{"embeddable":true,"href":"https:\/\/candas365.es\/noticias\/wp-json\/wp\/v2\/users\/1"}],"replies":[{"embeddable":true,"href":"https:\/\/candas365.es\/noticias\/wp-json\/wp\/v2\/comments?post=113686"}],"version-history":[{"count":0,"href":"https:\/\/candas365.es\/noticias\/wp-json\/wp\/v2\/posts\/113686\/revisions"}],"wp:featuredmedia":[{"embeddable":true,"href":"https:\/\/candas365.es\/noticias\/wp-json\/wp\/v2\/media\/107557"}],"wp:attachment":[{"href":"https:\/\/candas365.es\/noticias\/wp-json\/wp\/v2\/media?parent=113686"}],"wp:term":[{"taxonomy":"category","embeddable":true,"href":"https:\/\/candas365.es\/noticias\/wp-json\/wp\/v2\/categories?post=113686"},{"taxonomy":"post_tag","embeddable":true,"href":"https:\/\/candas365.es\/noticias\/wp-json\/wp\/v2\/tags?post=113686"}],"curies":[{"name":"wp","href":"https:\/\/api.w.org\/{rel}","templated":true}]}}