{"id":113681,"date":"2019-01-07T20:42:59","date_gmt":"2019-01-07T20:42:59","guid":{"rendered":"http:\/\/candas365.es\/noticias\/?p=113681"},"modified":"2019-01-07T20:42:59","modified_gmt":"2019-01-07T20:42:59","slug":"jugadores-de-bundesliga-low-deberia-haber-renunciado-tras-el-mundial","status":"publish","type":"post","link":"https:\/\/candas365.es\/noticias\/jugadores-de-bundesliga-low-deberia-haber-renunciado-tras-el-mundial\/","title":{"rendered":"Jugadores de Bundesliga: L\u00f6w deber\u00eda haber renunciado tras el Mundial"},"content":{"rendered":"<figure id=\"attachment_113682\" aria-describedby=\"caption-attachment-113682\" style=\"width: 360px\" class=\"wp-caption alignleft\"><img fetchpriority=\"high\" decoding=\"async\" class=\"size-medium wp-image-113682\" src=\"https:\/\/candas365.es\/noticias\/wp-content\/uploads\/2019\/01\/Joachim-Low-360x233.jpg\" alt=\"\" width=\"360\" height=\"233\" srcset=\"https:\/\/candas365.es\/noticias\/wp-content\/uploads\/2019\/01\/Joachim-Low-360x233.jpg 360w, https:\/\/candas365.es\/noticias\/wp-content\/uploads\/2019\/01\/Joachim-Low-768x497.jpg 768w, https:\/\/candas365.es\/noticias\/wp-content\/uploads\/2019\/01\/Joachim-Low-655x424.jpg 655w, https:\/\/candas365.es\/noticias\/wp-content\/uploads\/2019\/01\/Joachim-Low-696x451.jpg 696w, https:\/\/candas365.es\/noticias\/wp-content\/uploads\/2019\/01\/Joachim-Low-649x420.jpg 649w, https:\/\/candas365.es\/noticias\/wp-content\/uploads\/2019\/01\/Joachim-Low.jpg 1027w\" sizes=\"(max-width: 360px) 100vw, 360px\" \/><figcaption id=\"caption-attachment-113682\" class=\"wp-caption-text\">Foto: Andreas Gebert\/dpa<\/figcaption><\/figure>\n<p>D\u00fcsseldorf (Alemania), 7 ene (dpa) &#8211; Casi un 60 por ciento de los jugadores de Bundesliga alemana de f\u00fatbol creen que el t\u00e9cnico de la selecci\u00f3n, Joachim L\u00f6w, deber\u00eda haber renunciado tras la eliminaci\u00f3n de los germanos en la fase de grupos del Mundial de Rusia.<\/p>\n<p>As\u00ed lo indica una encuesta que public\u00f3 hoy la revista especializada \u00abKicker\u00bb. Un 25,7 por ciento opin\u00f3 que L\u00f6w no ten\u00eda que dimitir, mientras que un 16 por ciento no brind\u00f3 ninguna respuesta.<\/p>\n<p>Los futbolistas eligieron al capit\u00e1n del puntero Borussia Dortmund, Marco Reus, mejor jugador de la primera mitad del torneo y consideraron a su compa\u00f1ero Jadon Sancho el m\u00e1s prometedor entre los j\u00f3venes valores. El t\u00e9cnico del Dortmund, el suizo Lucien Favre, se llev\u00f3 la palma en la categor\u00eda de mejor entrenador.<\/p>\n<p>El atribulado Schalke, por el contrario, fue escogido como la sorpresa m\u00e1s negativa y su t\u00e9cnico, Domenico Tedesco, tachado del mayor perdedor de lo que va del campeonato.<\/p>\n","protected":false},"excerpt":{"rendered":"<p>D\u00fcsseldorf (Alemania), 7 ene (dpa) &#8211; Casi un 60 por ciento de los jugadores de Bundesliga alemana de f\u00fatbol creen que el t\u00e9cnico de la selecci\u00f3n, Joachim L\u00f6w, deber\u00eda haber renunciado tras la eliminaci\u00f3n de los germanos en la fase de grupos del Mundial de Rusia. As\u00ed lo indica una encuesta que public\u00f3 hoy la<\/p>\n","protected":false},"author":1,"featured_media":113682,"comment_status":"closed","ping_status":"closed","sticky":false,"template":"","format":"standard","meta":{"footnotes":""},"categories":[319],"tags":[],"class_list":{"0":"post-113681","1":"post","2":"type-post","3":"status-publish","4":"format-standard","5":"has-post-thumbnail","7":"category-deporte"},"aioseo_notices":[],"aioseo_head":"\n\t\t<!-- All in One SEO Pro 4.9.6.2 - aioseo.com -->\n\t<meta name=\"description\" content=\"D\u00fcsseldorf (Alemania), 7 ene (dpa) - Casi un 60 por ciento de los jugadores de Bundesliga alemana de f\u00fatbol creen que el t\u00e9cnico de la selecci\u00f3n, Joachim L\u00f6w, deber\u00eda haber renunciado tras la eliminaci\u00f3n de los germanos en la fase de grupos del Mundial de Rusia. As\u00ed lo indica una encuesta que public\u00f3 hoy la\" \/>\n\t<meta name=\"robots\" content=\"max-image-preview:large\" \/>\n\t<meta name=\"author\" content=\"Cand\u00e1s 365\"\/>\n\t<meta name=\"google-site-verification\" content=\"UA-32230408-1\" \/>\n\t<meta name=\"msvalidate.01\" content=\"354F3CDFB2DA171B47FBE9ABF1F88D5\" \/>\n\t<meta name=\"keywords\" content=\"deporte\" \/>\n\t<link rel=\"canonical\" href=\"https:\/\/candas365.es\/noticias\/jugadores-de-bundesliga-low-deberia-haber-renunciado-tras-el-mundial\/\" \/>\n\t<meta name=\"generator\" content=\"All in One SEO Pro (AIOSEO) 4.9.6.2\" \/>\n\t\t<meta property=\"og:locale\" content=\"es_ES\" \/>\n\t\t<meta property=\"og:site_name\" content=\"Cand\u00e1s 365\" \/>\n\t\t<meta property=\"og:type\" content=\"article\" \/>\n\t\t<meta property=\"og:title\" content=\"Jugadores de Bundesliga: L\u00f6w deber\u00eda haber renunciado tras el Mundial | Cand\u00e1s 365\" \/>\n\t\t<meta property=\"og:description\" content=\"D\u00fcsseldorf (Alemania), 7 ene (dpa) - Casi un 60 por ciento de los jugadores de Bundesliga alemana de f\u00fatbol creen que el t\u00e9cnico de la selecci\u00f3n, Joachim L\u00f6w, deber\u00eda haber renunciado tras la eliminaci\u00f3n de los germanos en la fase de grupos del Mundial de Rusia. As\u00ed lo indica una encuesta que public\u00f3 hoy la\" \/>\n\t\t<meta property=\"og:url\" content=\"https:\/\/candas365.es\/noticias\/jugadores-de-bundesliga-low-deberia-haber-renunciado-tras-el-mundial\/\" \/>\n\t\t<meta property=\"og:image\" content=\"https:\/\/candas365.es\/noticias\/wp-content\/uploads\/2019\/01\/Joachim-Low.jpg\" \/>\n\t\t<meta property=\"og:image:secure_url\" content=\"https:\/\/candas365.es\/noticias\/wp-content\/uploads\/2019\/01\/Joachim-Low.jpg\" \/>\n\t\t<meta property=\"og:image:width\" content=\"1027\" \/>\n\t\t<meta property=\"og:image:height\" content=\"665\" \/>\n\t\t<meta property=\"article:published_time\" content=\"2019-01-07T20:42:59+00:00\" \/>\n\t\t<meta property=\"article:modified_time\" content=\"2019-01-07T20:42:59+00:00\" \/>\n\t\t<meta property=\"article:publisher\" content=\"https:\/\/www.facebook.com\/Nachofdezber\" \/>\n\t\t<meta property=\"article:author\" content=\"https:\/\/www.facebook.com\/carrenoactualidad\" \/>\n\t\t<meta name=\"twitter:card\" content=\"summary_large_image\" \/>\n\t\t<meta name=\"twitter:site\" content=\"@NabercoDigital\" \/>\n\t\t<meta name=\"twitter:title\" content=\"Jugadores de Bundesliga: L\u00f6w deber\u00eda haber renunciado tras el Mundial | Cand\u00e1s 365\" \/>\n\t\t<meta name=\"twitter:description\" content=\"D\u00fcsseldorf (Alemania), 7 ene (dpa) - Casi un 60 por ciento de los jugadores de Bundesliga alemana de f\u00fatbol creen que el t\u00e9cnico de la selecci\u00f3n, Joachim L\u00f6w, deber\u00eda haber renunciado tras la eliminaci\u00f3n de los germanos en la fase de grupos del Mundial de Rusia. As\u00ed lo indica una encuesta que public\u00f3 hoy la\" \/>\n\t\t<meta name=\"twitter:creator\" content=\"@nbasturias\" \/>\n\t\t<meta name=\"twitter:image\" content=\"https:\/\/candas365.es\/noticias\/wp-content\/uploads\/2019\/01\/Joachim-Low.jpg\" \/>\n\t\t<meta name=\"twitter:label1\" content=\"Escrito por\" \/>\n\t\t<meta name=\"twitter:data1\" content=\"Cand\u00e1s 365\" \/>\n\t\t<meta name=\"twitter:label2\" content=\"Tiempo de lectura estimado\" \/>\n\t\t<meta name=\"twitter:data2\" content=\"1 minuto\" \/>\n\t\t<script type=\"application\/ld+json\" class=\"aioseo-schema\">\n\t\t\t{\"@context\":\"https:\\\/\\\/schema.org\",\"@graph\":[{\"@type\":\"BreadcrumbList\",\"@id\":\"https:\\\/\\\/candas365.es\\\/noticias\\\/jugadores-de-bundesliga-low-deberia-haber-renunciado-tras-el-mundial\\\/#breadcrumblist\",\"itemListElement\":[{\"@type\":\"ListItem\",\"@id\":\"https:\\\/\\\/candas365.es\\\/noticias#listItem\",\"position\":1,\"name\":\"Home\",\"item\":\"https:\\\/\\\/candas365.es\\\/noticias\",\"nextItem\":{\"@type\":\"ListItem\",\"@id\":\"https:\\\/\\\/candas365.es\\\/noticias\\\/category\\\/deporte\\\/#listItem\",\"name\":\"Deporte\"}},{\"@type\":\"ListItem\",\"@id\":\"https:\\\/\\\/candas365.es\\\/noticias\\\/category\\\/deporte\\\/#listItem\",\"position\":2,\"name\":\"Deporte\",\"item\":\"https:\\\/\\\/candas365.es\\\/noticias\\\/category\\\/deporte\\\/\",\"nextItem\":{\"@type\":\"ListItem\",\"@id\":\"https:\\\/\\\/candas365.es\\\/noticias\\\/jugadores-de-bundesliga-low-deberia-haber-renunciado-tras-el-mundial\\\/#listItem\",\"name\":\"Jugadores de Bundesliga: L\\u00f6w deber\\u00eda haber renunciado tras el Mundial\"},\"previousItem\":{\"@type\":\"ListItem\",\"@id\":\"https:\\\/\\\/candas365.es\\\/noticias#listItem\",\"name\":\"Home\"}},{\"@type\":\"ListItem\",\"@id\":\"https:\\\/\\\/candas365.es\\\/noticias\\\/jugadores-de-bundesliga-low-deberia-haber-renunciado-tras-el-mundial\\\/#listItem\",\"position\":3,\"name\":\"Jugadores de Bundesliga: L\\u00f6w deber\\u00eda haber renunciado tras el Mundial\",\"previousItem\":{\"@type\":\"ListItem\",\"@id\":\"https:\\\/\\\/candas365.es\\\/noticias\\\/category\\\/deporte\\\/#listItem\",\"name\":\"Deporte\"}}]},{\"@type\":\"NewsArticle\",\"@id\":\"https:\\\/\\\/candas365.es\\\/noticias\\\/jugadores-de-bundesliga-low-deberia-haber-renunciado-tras-el-mundial\\\/#newsarticle\",\"name\":\"Jugadores de Bundesliga: L\\u00f6w deber\\u00eda haber renunciado tras el Mundial | Cand\\u00e1s 365\",\"headline\":\"Jugadores de Bundesliga: L\\u00f6w deber\\u00eda haber renunciado tras el Mundial\",\"author\":{\"@id\":\"https:\\\/\\\/candas365.es\\\/noticias\\\/author\\\/admin\\\/#author\"},\"publisher\":{\"@id\":\"https:\\\/\\\/candas365.es\\\/noticias\\\/#organization\"},\"image\":{\"@type\":\"ImageObject\",\"url\":\"https:\\\/\\\/candas365.es\\\/noticias\\\/wp-content\\\/uploads\\\/2019\\\/01\\\/Joachim-Low.jpg\",\"width\":1027,\"height\":665,\"caption\":\"Foto: Andreas Gebert\\\/dpa\"},\"datePublished\":\"2019-01-07T20:42:59+01:00\",\"dateModified\":\"2019-01-07T20:42:59+01:00\",\"inLanguage\":\"es-ES\",\"mainEntityOfPage\":{\"@id\":\"https:\\\/\\\/candas365.es\\\/noticias\\\/jugadores-de-bundesliga-low-deberia-haber-renunciado-tras-el-mundial\\\/#webpage\"},\"isPartOf\":{\"@id\":\"https:\\\/\\\/candas365.es\\\/noticias\\\/jugadores-de-bundesliga-low-deberia-haber-renunciado-tras-el-mundial\\\/#webpage\"},\"articleSection\":\"Deporte\",\"dateline\":\"Publicado el enero 7, 2019.\"},{\"@type\":\"Organization\",\"@id\":\"https:\\\/\\\/candas365.es\\\/noticias\\\/#organization\",\"name\":\"Cand\\u00e1s 365\",\"description\":\"Cand\\u00e1s 365 es un diario digital independiente, fundado en 2012, con base en Asturias. Informamos con rigor sobre actualidad, sociedad, cultura y ocio, con una mirada local y global.\",\"url\":\"https:\\\/\\\/candas365.es\\\/noticias\\\/\",\"email\":\"info@candas365.es\",\"telephone\":\"+34652131393\",\"foundingDate\":\"2012-06-10\",\"logo\":{\"@type\":\"ImageObject\",\"url\":\"https:\\\/\\\/candas365.es\\\/noticias\\\/wp-content\\\/uploads\\\/2024\\\/09\\\/Candas-365-Redes.jpg\",\"@id\":\"https:\\\/\\\/candas365.es\\\/noticias\\\/jugadores-de-bundesliga-low-deberia-haber-renunciado-tras-el-mundial\\\/#organizationLogo\",\"width\":1152,\"height\":864,\"caption\":\"Cand\\u00e1s 365 Redes\"},\"image\":{\"@id\":\"https:\\\/\\\/candas365.es\\\/noticias\\\/jugadores-de-bundesliga-low-deberia-haber-renunciado-tras-el-mundial\\\/#organizationLogo\"},\"sameAs\":[\"https:\\\/\\\/www.facebook.com\\\/Nachofdezber\",\"https:\\\/\\\/x.com\\\/NabercoDigital\",\"https:\\\/\\\/www.instagram.com\\\/nachofdezber\\\/\",\"https:\\\/\\\/www.youtube.com\\\/channel\\\/UCZP-2wLEB9Rv6erhFmqVnvg\"],\"address\":{\"@id\":\"https:\\\/\\\/candas365.es\\\/noticias\\\/#postaladdress\",\"@type\":\"PostalAddress\",\"streetAddress\":\"san antonio 4, san antonio 4\",\"postalCode\":\"33430\",\"addressLocality\":\"Cand\\u00e1s\",\"addressRegion\":\"Asturias\",\"addressCountry\":\"ES\"}},{\"@type\":\"Person\",\"@id\":\"https:\\\/\\\/candas365.es\\\/noticias\\\/author\\\/admin\\\/#author\",\"url\":\"https:\\\/\\\/candas365.es\\\/noticias\\\/author\\\/admin\\\/\",\"name\":\"Cand\\u00e1s 365\",\"image\":{\"@type\":\"ImageObject\",\"@id\":\"https:\\\/\\\/candas365.es\\\/noticias\\\/jugadores-de-bundesliga-low-deberia-haber-renunciado-tras-el-mundial\\\/#authorImage\",\"url\":\"https:\\\/\\\/secure.gravatar.com\\\/avatar\\\/496a8e03d0c493ede1718b7934145dbdf8d89be1036b0eec9544e1094c9de390?s=96&d=mm&r=g\",\"width\":96,\"height\":96,\"caption\":\"Cand\\u00e1s 365\"},\"sameAs\":[\"https:\\\/\\\/www.facebook.com\\\/carrenoactualidad\",\"https:\\\/\\\/twitter.com\\\/nbasturias\",\"https:\\\/\\\/www.instagram.com\\\/nachofdezber\\\/\",\"https:\\\/\\\/www.youtube.com\\\/channel\\\/UCZP-2wLEB9Rv6erhFmqVnvg\"]},{\"@type\":\"WebPage\",\"@id\":\"https:\\\/\\\/candas365.es\\\/noticias\\\/jugadores-de-bundesliga-low-deberia-haber-renunciado-tras-el-mundial\\\/#webpage\",\"url\":\"https:\\\/\\\/candas365.es\\\/noticias\\\/jugadores-de-bundesliga-low-deberia-haber-renunciado-tras-el-mundial\\\/\",\"name\":\"Jugadores de Bundesliga: L\\u00f6w deber\\u00eda haber renunciado tras el Mundial | Cand\\u00e1s 365\",\"description\":\"D\\u00fcsseldorf (Alemania), 7 ene (dpa) - Casi un 60 por ciento de los jugadores de Bundesliga alemana de f\\u00fatbol creen que el t\\u00e9cnico de la selecci\\u00f3n, Joachim L\\u00f6w, deber\\u00eda haber renunciado tras la eliminaci\\u00f3n de los germanos en la fase de grupos del Mundial de Rusia. As\\u00ed lo indica una encuesta que public\\u00f3 hoy la\",\"inLanguage\":\"es-ES\",\"isPartOf\":{\"@id\":\"https:\\\/\\\/candas365.es\\\/noticias\\\/#website\"},\"breadcrumb\":{\"@id\":\"https:\\\/\\\/candas365.es\\\/noticias\\\/jugadores-de-bundesliga-low-deberia-haber-renunciado-tras-el-mundial\\\/#breadcrumblist\"},\"author\":{\"@id\":\"https:\\\/\\\/candas365.es\\\/noticias\\\/author\\\/admin\\\/#author\"},\"creator\":{\"@id\":\"https:\\\/\\\/candas365.es\\\/noticias\\\/author\\\/admin\\\/#author\"},\"image\":{\"@type\":\"ImageObject\",\"url\":\"https:\\\/\\\/candas365.es\\\/noticias\\\/wp-content\\\/uploads\\\/2019\\\/01\\\/Joachim-Low.jpg\",\"@id\":\"https:\\\/\\\/candas365.es\\\/noticias\\\/jugadores-de-bundesliga-low-deberia-haber-renunciado-tras-el-mundial\\\/#mainImage\",\"width\":1027,\"height\":665,\"caption\":\"Foto: Andreas Gebert\\\/dpa\"},\"primaryImageOfPage\":{\"@id\":\"https:\\\/\\\/candas365.es\\\/noticias\\\/jugadores-de-bundesliga-low-deberia-haber-renunciado-tras-el-mundial\\\/#mainImage\"},\"datePublished\":\"2019-01-07T20:42:59+01:00\",\"dateModified\":\"2019-01-07T20:42:59+01:00\"},{\"@type\":\"WebSite\",\"@id\":\"https:\\\/\\\/candas365.es\\\/noticias\\\/#website\",\"url\":\"https:\\\/\\\/candas365.es\\\/noticias\\\/\",\"name\":\"Cand\\u00e1s 365\",\"alternateName\":\"Cand\\u00e1s 365 Noticias\",\"description\":\"Actualidad desde Carre\\u00f1o para el mundo\",\"inLanguage\":\"es-ES\",\"publisher\":{\"@id\":\"https:\\\/\\\/candas365.es\\\/noticias\\\/#organization\"}}]}\n\t\t<\/script>\n\t\t<!-- All in One SEO Pro -->\r\n\t\t<title>Jugadores de Bundesliga: L\u00f6w deber\u00eda haber renunciado tras el Mundial | Cand\u00e1s 365<\/title>\n\n","aioseo_head_json":{"title":"Jugadores de Bundesliga: L\u00f6w deber\u00eda haber renunciado tras el Mundial | Cand\u00e1s 365","description":"D\u00fcsseldorf (Alemania), 7 ene (dpa) - Casi un 60 por ciento de los jugadores de Bundesliga alemana de f\u00fatbol creen que el t\u00e9cnico de la selecci\u00f3n, Joachim L\u00f6w, deber\u00eda haber renunciado tras la eliminaci\u00f3n de los germanos en la fase de grupos del Mundial de Rusia. As\u00ed lo indica una encuesta que public\u00f3 hoy la","canonical_url":"https:\/\/candas365.es\/noticias\/jugadores-de-bundesliga-low-deberia-haber-renunciado-tras-el-mundial\/","robots":"max-image-preview:large","keywords":"deporte","webmasterTools":{"google-site-verification":"UA-32230408-1","msvalidate.01":"354F3CDFB2DA171B47FBE9ABF1F88D5","miscellaneous":""},"schema":{"@context":"https:\/\/schema.org","@graph":[{"@type":"BreadcrumbList","@id":"https:\/\/candas365.es\/noticias\/jugadores-de-bundesliga-low-deberia-haber-renunciado-tras-el-mundial\/#breadcrumblist","itemListElement":[{"@type":"ListItem","@id":"https:\/\/candas365.es\/noticias#listItem","position":1,"name":"Home","item":"https:\/\/candas365.es\/noticias","nextItem":{"@type":"ListItem","@id":"https:\/\/candas365.es\/noticias\/category\/deporte\/#listItem","name":"Deporte"}},{"@type":"ListItem","@id":"https:\/\/candas365.es\/noticias\/category\/deporte\/#listItem","position":2,"name":"Deporte","item":"https:\/\/candas365.es\/noticias\/category\/deporte\/","nextItem":{"@type":"ListItem","@id":"https:\/\/candas365.es\/noticias\/jugadores-de-bundesliga-low-deberia-haber-renunciado-tras-el-mundial\/#listItem","name":"Jugadores de Bundesliga: L\u00f6w deber\u00eda haber renunciado tras el Mundial"},"previousItem":{"@type":"ListItem","@id":"https:\/\/candas365.es\/noticias#listItem","name":"Home"}},{"@type":"ListItem","@id":"https:\/\/candas365.es\/noticias\/jugadores-de-bundesliga-low-deberia-haber-renunciado-tras-el-mundial\/#listItem","position":3,"name":"Jugadores de Bundesliga: L\u00f6w deber\u00eda haber renunciado tras el Mundial","previousItem":{"@type":"ListItem","@id":"https:\/\/candas365.es\/noticias\/category\/deporte\/#listItem","name":"Deporte"}}]},{"@type":"NewsArticle","@id":"https:\/\/candas365.es\/noticias\/jugadores-de-bundesliga-low-deberia-haber-renunciado-tras-el-mundial\/#newsarticle","name":"Jugadores de Bundesliga: L\u00f6w deber\u00eda haber renunciado tras el Mundial | Cand\u00e1s 365","headline":"Jugadores de Bundesliga: L\u00f6w deber\u00eda haber renunciado tras el Mundial","author":{"@id":"https:\/\/candas365.es\/noticias\/author\/admin\/#author"},"publisher":{"@id":"https:\/\/candas365.es\/noticias\/#organization"},"image":{"@type":"ImageObject","url":"https:\/\/candas365.es\/noticias\/wp-content\/uploads\/2019\/01\/Joachim-Low.jpg","width":1027,"height":665,"caption":"Foto: Andreas Gebert\/dpa"},"datePublished":"2019-01-07T20:42:59+01:00","dateModified":"2019-01-07T20:42:59+01:00","inLanguage":"es-ES","mainEntityOfPage":{"@id":"https:\/\/candas365.es\/noticias\/jugadores-de-bundesliga-low-deberia-haber-renunciado-tras-el-mundial\/#webpage"},"isPartOf":{"@id":"https:\/\/candas365.es\/noticias\/jugadores-de-bundesliga-low-deberia-haber-renunciado-tras-el-mundial\/#webpage"},"articleSection":"Deporte","dateline":"Publicado el enero 7, 2019."},{"@type":"Organization","@id":"https:\/\/candas365.es\/noticias\/#organization","name":"Cand\u00e1s 365","description":"Cand\u00e1s 365 es un diario digital independiente, fundado en 2012, con base en Asturias. Informamos con rigor sobre actualidad, sociedad, cultura y ocio, con una mirada local y global.","url":"https:\/\/candas365.es\/noticias\/","email":"info@candas365.es","telephone":"+34652131393","foundingDate":"2012-06-10","logo":{"@type":"ImageObject","url":"https:\/\/candas365.es\/noticias\/wp-content\/uploads\/2024\/09\/Candas-365-Redes.jpg","@id":"https:\/\/candas365.es\/noticias\/jugadores-de-bundesliga-low-deberia-haber-renunciado-tras-el-mundial\/#organizationLogo","width":1152,"height":864,"caption":"Cand\u00e1s 365 Redes"},"image":{"@id":"https:\/\/candas365.es\/noticias\/jugadores-de-bundesliga-low-deberia-haber-renunciado-tras-el-mundial\/#organizationLogo"},"sameAs":["https:\/\/www.facebook.com\/Nachofdezber","https:\/\/x.com\/NabercoDigital","https:\/\/www.instagram.com\/nachofdezber\/","https:\/\/www.youtube.com\/channel\/UCZP-2wLEB9Rv6erhFmqVnvg"],"address":{"@id":"https:\/\/candas365.es\/noticias\/#postaladdress","@type":"PostalAddress","streetAddress":"san antonio 4, san antonio 4","postalCode":"33430","addressLocality":"Cand\u00e1s","addressRegion":"Asturias","addressCountry":"ES"}},{"@type":"Person","@id":"https:\/\/candas365.es\/noticias\/author\/admin\/#author","url":"https:\/\/candas365.es\/noticias\/author\/admin\/","name":"Cand\u00e1s 365","image":{"@type":"ImageObject","@id":"https:\/\/candas365.es\/noticias\/jugadores-de-bundesliga-low-deberia-haber-renunciado-tras-el-mundial\/#authorImage","url":"https:\/\/secure.gravatar.com\/avatar\/496a8e03d0c493ede1718b7934145dbdf8d89be1036b0eec9544e1094c9de390?s=96&d=mm&r=g","width":96,"height":96,"caption":"Cand\u00e1s 365"},"sameAs":["https:\/\/www.facebook.com\/carrenoactualidad","https:\/\/twitter.com\/nbasturias","https:\/\/www.instagram.com\/nachofdezber\/","https:\/\/www.youtube.com\/channel\/UCZP-2wLEB9Rv6erhFmqVnvg"]},{"@type":"WebPage","@id":"https:\/\/candas365.es\/noticias\/jugadores-de-bundesliga-low-deberia-haber-renunciado-tras-el-mundial\/#webpage","url":"https:\/\/candas365.es\/noticias\/jugadores-de-bundesliga-low-deberia-haber-renunciado-tras-el-mundial\/","name":"Jugadores de Bundesliga: L\u00f6w deber\u00eda haber renunciado tras el Mundial | Cand\u00e1s 365","description":"D\u00fcsseldorf (Alemania), 7 ene (dpa) - Casi un 60 por ciento de los jugadores de Bundesliga alemana de f\u00fatbol creen que el t\u00e9cnico de la selecci\u00f3n, Joachim L\u00f6w, deber\u00eda haber renunciado tras la eliminaci\u00f3n de los germanos en la fase de grupos del Mundial de Rusia. As\u00ed lo indica una encuesta que public\u00f3 hoy la","inLanguage":"es-ES","isPartOf":{"@id":"https:\/\/candas365.es\/noticias\/#website"},"breadcrumb":{"@id":"https:\/\/candas365.es\/noticias\/jugadores-de-bundesliga-low-deberia-haber-renunciado-tras-el-mundial\/#breadcrumblist"},"author":{"@id":"https:\/\/candas365.es\/noticias\/author\/admin\/#author"},"creator":{"@id":"https:\/\/candas365.es\/noticias\/author\/admin\/#author"},"image":{"@type":"ImageObject","url":"https:\/\/candas365.es\/noticias\/wp-content\/uploads\/2019\/01\/Joachim-Low.jpg","@id":"https:\/\/candas365.es\/noticias\/jugadores-de-bundesliga-low-deberia-haber-renunciado-tras-el-mundial\/#mainImage","width":1027,"height":665,"caption":"Foto: Andreas Gebert\/dpa"},"primaryImageOfPage":{"@id":"https:\/\/candas365.es\/noticias\/jugadores-de-bundesliga-low-deberia-haber-renunciado-tras-el-mundial\/#mainImage"},"datePublished":"2019-01-07T20:42:59+01:00","dateModified":"2019-01-07T20:42:59+01:00"},{"@type":"WebSite","@id":"https:\/\/candas365.es\/noticias\/#website","url":"https:\/\/candas365.es\/noticias\/","name":"Cand\u00e1s 365","alternateName":"Cand\u00e1s 365 Noticias","description":"Actualidad desde Carre\u00f1o para el mundo","inLanguage":"es-ES","publisher":{"@id":"https:\/\/candas365.es\/noticias\/#organization"}}]},"og:locale":"es_ES","og:site_name":"Cand\u00e1s 365","og:type":"article","og:title":"Jugadores de Bundesliga: L\u00f6w deber\u00eda haber renunciado tras el Mundial | Cand\u00e1s 365","og:description":"D\u00fcsseldorf (Alemania), 7 ene (dpa) - Casi un 60 por ciento de los jugadores de Bundesliga alemana de f\u00fatbol creen que el t\u00e9cnico de la selecci\u00f3n, Joachim L\u00f6w, deber\u00eda haber renunciado tras la eliminaci\u00f3n de los germanos en la fase de grupos del Mundial de Rusia. As\u00ed lo indica una encuesta que public\u00f3 hoy la","og:url":"https:\/\/candas365.es\/noticias\/jugadores-de-bundesliga-low-deberia-haber-renunciado-tras-el-mundial\/","og:image":"https:\/\/candas365.es\/noticias\/wp-content\/uploads\/2019\/01\/Joachim-Low.jpg","og:image:secure_url":"https:\/\/candas365.es\/noticias\/wp-content\/uploads\/2019\/01\/Joachim-Low.jpg","og:image:width":1027,"og:image:height":665,"article:published_time":"2019-01-07T20:42:59+00:00","article:modified_time":"2019-01-07T20:42:59+00:00","article:publisher":"https:\/\/www.facebook.com\/Nachofdezber","article:author":"https:\/\/www.facebook.com\/carrenoactualidad","twitter:card":"summary_large_image","twitter:site":"@NabercoDigital","twitter:title":"Jugadores de Bundesliga: L\u00f6w deber\u00eda haber renunciado tras el Mundial | Cand\u00e1s 365","twitter:description":"D\u00fcsseldorf (Alemania), 7 ene (dpa) - Casi un 60 por ciento de los jugadores de Bundesliga alemana de f\u00fatbol creen que el t\u00e9cnico de la selecci\u00f3n, Joachim L\u00f6w, deber\u00eda haber renunciado tras la eliminaci\u00f3n de los germanos en la fase de grupos del Mundial de Rusia. As\u00ed lo indica una encuesta que public\u00f3 hoy la","twitter:creator":"@nbasturias","twitter:image":"https:\/\/candas365.es\/noticias\/wp-content\/uploads\/2019\/01\/Joachim-Low.jpg","twitter:label1":"Escrito por","twitter:data1":"Cand\u00e1s 365","twitter:label2":"Tiempo de lectura estimado","twitter:data2":"1 minuto"},"aioseo_meta_data":{"post_id":"113681","title":null,"description":null,"keywords":null,"keyphrases":null,"primary_term":null,"canonical_url":null,"og_title":null,"og_description":null,"og_object_type":"default","og_image_type":"default","og_image_url":null,"og_image_width":null,"og_image_height":null,"og_image_custom_url":null,"og_image_custom_fields":null,"og_video":null,"og_custom_url":null,"og_article_section":null,"og_article_tags":null,"twitter_use_og":false,"twitter_card":"default","twitter_image_type":"default","twitter_image_url":null,"twitter_image_custom_url":null,"twitter_image_custom_fields":null,"twitter_title":null,"twitter_description":null,"schema":{"blockGraphs":[],"customGraphs":[],"default":{"data":{"Article":[],"Course":[],"Dataset":[],"FAQPage":[],"Movie":[],"Person":[],"Product":[],"ProductReview":[],"Car":[],"Recipe":[],"Service":[],"SoftwareApplication":[],"WebPage":[]},"graphName":"","isEnabled":true},"graphs":[]},"schema_type":null,"schema_type_options":null,"pillar_content":false,"robots_default":true,"robots_noindex":false,"robots_noarchive":false,"robots_nosnippet":false,"robots_nofollow":false,"robots_noimageindex":false,"robots_noodp":false,"robots_notranslate":false,"robots_max_snippet":null,"robots_max_videopreview":null,"robots_max_imagepreview":"large","priority":null,"frequency":null,"location":null,"local_seo":null,"seo_analyzer_scan_date":"2025-08-28 23:24:49","breadcrumb_settings":null,"limit_modified_date":false,"reviewed_by":null,"open_ai":null,"ai":null,"created":"2020-12-21 11:27:54","updated":"2025-08-28 23:24:49"},"aioseo_breadcrumb":"<div class=\"aioseo-breadcrumbs\"><span class=\"aioseo-breadcrumb\">\n\t<a href=\"https:\/\/candas365.es\/noticias\" title=\"Home\">Home<\/a>\n<\/span><span class=\"aioseo-breadcrumb-separator\">&ndash;<\/span><span class=\"aioseo-breadcrumb\">\n\t<a href=\"https:\/\/candas365.es\/noticias\/category\/deporte\/\" title=\"Deporte\">Deporte<\/a>\n<\/span><span class=\"aioseo-breadcrumb-separator\">&ndash;<\/span><span class=\"aioseo-breadcrumb\">\n\tJugadores de Bundesliga: L\u00f6w deber\u00eda haber renunciado tras el Mundial\n<\/span><\/div>","aioseo_breadcrumb_json":[{"label":"Home","link":"https:\/\/candas365.es\/noticias"},{"label":"Deporte","link":"https:\/\/candas365.es\/noticias\/category\/deporte\/"},{"label":"Jugadores de Bundesliga: L\u00f6w deber\u00eda haber renunciado tras el Mundial","link":"https:\/\/candas365.es\/noticias\/jugadores-de-bundesliga-low-deberia-haber-renunciado-tras-el-mundial\/"}],"_links":{"self":[{"href":"https:\/\/candas365.es\/noticias\/wp-json\/wp\/v2\/posts\/113681","targetHints":{"allow":["GET"]}}],"collection":[{"href":"https:\/\/candas365.es\/noticias\/wp-json\/wp\/v2\/posts"}],"about":[{"href":"https:\/\/candas365.es\/noticias\/wp-json\/wp\/v2\/types\/post"}],"author":[{"embeddable":true,"href":"https:\/\/candas365.es\/noticias\/wp-json\/wp\/v2\/users\/1"}],"replies":[{"embeddable":true,"href":"https:\/\/candas365.es\/noticias\/wp-json\/wp\/v2\/comments?post=113681"}],"version-history":[{"count":0,"href":"https:\/\/candas365.es\/noticias\/wp-json\/wp\/v2\/posts\/113681\/revisions"}],"wp:featuredmedia":[{"embeddable":true,"href":"https:\/\/candas365.es\/noticias\/wp-json\/wp\/v2\/media\/113682"}],"wp:attachment":[{"href":"https:\/\/candas365.es\/noticias\/wp-json\/wp\/v2\/media?parent=113681"}],"wp:term":[{"taxonomy":"category","embeddable":true,"href":"https:\/\/candas365.es\/noticias\/wp-json\/wp\/v2\/categories?post=113681"},{"taxonomy":"post_tag","embeddable":true,"href":"https:\/\/candas365.es\/noticias\/wp-json\/wp\/v2\/tags?post=113681"}],"curies":[{"name":"wp","href":"https:\/\/api.w.org\/{rel}","templated":true}]}}