{"id":113679,"date":"2019-01-07T20:25:54","date_gmt":"2019-01-07T20:25:54","guid":{"rendered":"http:\/\/candas365.es\/noticias\/?p=113679"},"modified":"2019-01-07T20:25:54","modified_gmt":"2019-01-07T20:25:54","slug":"los-policias-alemanes-alcanzaron-en-2018-un-nivel-record-de-horas-extras","status":"publish","type":"post","link":"https:\/\/candas365.es\/noticias\/los-policias-alemanes-alcanzaron-en-2018-un-nivel-record-de-horas-extras\/","title":{"rendered":"Los polic\u00edas alemanes alcanzaron en 2018 un nivel r\u00e9cord de horas extras"},"content":{"rendered":"<p><img fetchpriority=\"high\" decoding=\"async\" class=\"alignleft size-medium wp-image-97927\" src=\"https:\/\/candas365.es\/noticias\/wp-content\/uploads\/2018\/06\/berlin-1467502_960_720-360x230.jpg\" alt=\"\" width=\"360\" height=\"230\" srcset=\"https:\/\/candas365.es\/noticias\/wp-content\/uploads\/2018\/06\/berlin-1467502_960_720-360x230.jpg 360w, https:\/\/candas365.es\/noticias\/wp-content\/uploads\/2018\/06\/berlin-1467502_960_720-768x490.jpg 768w, https:\/\/candas365.es\/noticias\/wp-content\/uploads\/2018\/06\/berlin-1467502_960_720-655x418.jpg 655w, https:\/\/candas365.es\/noticias\/wp-content\/uploads\/2018\/06\/berlin-1467502_960_720-696x444.jpg 696w, https:\/\/candas365.es\/noticias\/wp-content\/uploads\/2018\/06\/berlin-1467502_960_720-658x420.jpg 658w, https:\/\/candas365.es\/noticias\/wp-content\/uploads\/2018\/06\/berlin-1467502_960_720.jpg 960w\" sizes=\"(max-width: 360px) 100vw, 360px\" \/>Berl\u00edn, 7 ene (dpa) &#8211; Los polic\u00edas alemanes alcanzaron el a\u00f1o pasado un nivel r\u00e9cord de horas extraordinarias trabajadas a pesar de que fueron creados nuevos puestos, sostuvo Oliver Malchow, presidente del Sindicato de Polic\u00eda Alemana (GdP), en declaraciones que public\u00f3 hoy el diario \u00abNeue Osnabr\u00fccker Zeitung\u00bb.<\/p>\n<p>La cifra de 22 millones de horas extras permaneci\u00f3 en un nivel similar al del a\u00f1o anterior y no parece que nada vaya a cambiar, advirti\u00f3. \u00abCreemos que en el futuro la situaci\u00f3n tampoco vaya a mejorar, m\u00e1s bien al contrario\u00bb.<\/p>\n<p>Unos 44.000 agentes dejar\u00e1n el servicio hasta 2021 por razones de edad, inform\u00f3. \u00abEso equivale a casi uno de cada seis agentes activos\u00bb, explic\u00f3 Malchow. \u00abLos estados federados crean nuevos puestos de trabajo, pero hacen falta m\u00e1s\u00bb.<\/p>\n<p>El motivo de tantas horas extras son sobre todo las operaciones de larga duraci\u00f3n, explic\u00f3 Malchow.<\/p>\n<p>A modo de ejemplo nombr\u00f3 las intervenciones por las protestas de ambientalistas contra la tala bosque de Hambach, las visitas oficiales como la del presidente de Turqu\u00eda, Recep Tayyip Erdogan, pero tambi\u00e9n miles de manifestaciones en toda Alemania o los dispositivos de seguridad de los partidos de f\u00fatbol los fines de semana.<\/p>\n<p>La carga de trabajo entre los 260.000 agentes de Polic\u00eda en Alemania est\u00e1 repartida de forma desigual, a\u00f1adi\u00f3.<\/p>\n<p>El presidente del sindicato de Polic\u00eda DPolG, Rainer Wendt, indic\u00f3 que la crisis de refugiados y el terrorismo de extrema izquierda y de ultraderecha son las causas de las horas extraordinarias de los polic\u00edas.<\/p>\n<p>\u00abLa Polic\u00eda es una empresa con tareas que aumentan constantemente. El Estado har\u00eda bien en realizar grandes inversiones en la Polic\u00eda. Pero ese no es el caso\u00bb, se coment\u00f3 Wendt al diario.<\/p>\n","protected":false},"excerpt":{"rendered":"<p>Berl\u00edn, 7 ene (dpa) &#8211; Los polic\u00edas alemanes alcanzaron el a\u00f1o pasado un nivel r\u00e9cord de horas extraordinarias trabajadas a pesar de que fueron creados nuevos puestos, sostuvo Oliver Malchow, presidente del Sindicato de Polic\u00eda Alemana (GdP), en declaraciones que public\u00f3 hoy el diario \u00abNeue Osnabr\u00fccker Zeitung\u00bb. La cifra de 22 millones de horas extras<\/p>\n","protected":false},"author":1,"featured_media":97927,"comment_status":"closed","ping_status":"closed","sticky":false,"template":"","format":"standard","meta":{"footnotes":""},"categories":[343],"tags":[],"class_list":{"0":"post-113679","1":"post","2":"type-post","3":"status-publish","4":"format-standard","5":"has-post-thumbnail","7":"category-actualidad"},"aioseo_notices":[],"aioseo_head":"\n\t\t<!-- All in One SEO Pro 4.9.6.2 - aioseo.com -->\n\t<meta name=\"description\" content=\"Berl\u00edn, 7 ene (dpa) - Los polic\u00edas alemanes alcanzaron el a\u00f1o pasado un nivel r\u00e9cord de horas extraordinarias trabajadas a pesar de que fueron creados nuevos puestos, sostuvo Oliver Malchow, presidente del Sindicato de Polic\u00eda Alemana (GdP), en declaraciones que public\u00f3 hoy el diario &quot;Neue Osnabr\u00fccker Zeitung&quot;. La cifra de 22 millones de horas extras\" \/>\n\t<meta name=\"robots\" content=\"max-image-preview:large\" \/>\n\t<meta name=\"author\" content=\"Cand\u00e1s 365\"\/>\n\t<meta name=\"google-site-verification\" content=\"UA-32230408-1\" \/>\n\t<meta name=\"msvalidate.01\" content=\"354F3CDFB2DA171B47FBE9ABF1F88D5\" \/>\n\t<meta name=\"keywords\" content=\"actualidad\" \/>\n\t<link rel=\"canonical\" href=\"https:\/\/candas365.es\/noticias\/los-policias-alemanes-alcanzaron-en-2018-un-nivel-record-de-horas-extras\/\" \/>\n\t<meta name=\"generator\" content=\"All in One SEO Pro (AIOSEO) 4.9.6.2\" \/>\n\t\t<meta property=\"og:locale\" content=\"es_ES\" \/>\n\t\t<meta property=\"og:site_name\" content=\"Cand\u00e1s 365\" \/>\n\t\t<meta property=\"og:type\" content=\"article\" \/>\n\t\t<meta property=\"og:title\" content=\"Los polic\u00edas alemanes alcanzaron en 2018 un nivel r\u00e9cord de horas extras | Cand\u00e1s 365\" \/>\n\t\t<meta property=\"og:description\" content=\"Berl\u00edn, 7 ene (dpa) - Los polic\u00edas alemanes alcanzaron el a\u00f1o pasado un nivel r\u00e9cord de horas extraordinarias trabajadas a pesar de que fueron creados nuevos puestos, sostuvo Oliver Malchow, presidente del Sindicato de Polic\u00eda Alemana (GdP), en declaraciones que public\u00f3 hoy el diario &quot;Neue Osnabr\u00fccker Zeitung&quot;. La cifra de 22 millones de horas extras\" \/>\n\t\t<meta property=\"og:url\" content=\"https:\/\/candas365.es\/noticias\/los-policias-alemanes-alcanzaron-en-2018-un-nivel-record-de-horas-extras\/\" \/>\n\t\t<meta property=\"og:image\" content=\"https:\/\/candas365.es\/noticias\/wp-content\/uploads\/2018\/06\/berlin-1467502_960_720.jpg\" \/>\n\t\t<meta property=\"og:image:secure_url\" content=\"https:\/\/candas365.es\/noticias\/wp-content\/uploads\/2018\/06\/berlin-1467502_960_720.jpg\" \/>\n\t\t<meta property=\"og:image:width\" content=\"960\" \/>\n\t\t<meta property=\"og:image:height\" content=\"613\" \/>\n\t\t<meta property=\"article:published_time\" content=\"2019-01-07T20:25:54+00:00\" \/>\n\t\t<meta property=\"article:modified_time\" content=\"2019-01-07T20:25:54+00:00\" \/>\n\t\t<meta property=\"article:publisher\" content=\"https:\/\/www.facebook.com\/Nachofdezber\" \/>\n\t\t<meta property=\"article:author\" content=\"https:\/\/www.facebook.com\/carrenoactualidad\" \/>\n\t\t<meta name=\"twitter:card\" content=\"summary_large_image\" \/>\n\t\t<meta name=\"twitter:site\" content=\"@NabercoDigital\" \/>\n\t\t<meta name=\"twitter:title\" content=\"Los polic\u00edas alemanes alcanzaron en 2018 un nivel r\u00e9cord de horas extras | Cand\u00e1s 365\" \/>\n\t\t<meta name=\"twitter:description\" content=\"Berl\u00edn, 7 ene (dpa) - Los polic\u00edas alemanes alcanzaron el a\u00f1o pasado un nivel r\u00e9cord de horas extraordinarias trabajadas a pesar de que fueron creados nuevos puestos, sostuvo Oliver Malchow, presidente del Sindicato de Polic\u00eda Alemana (GdP), en declaraciones que public\u00f3 hoy el diario &quot;Neue Osnabr\u00fccker Zeitung&quot;. La cifra de 22 millones de horas extras\" \/>\n\t\t<meta name=\"twitter:creator\" content=\"@nbasturias\" \/>\n\t\t<meta name=\"twitter:image\" content=\"https:\/\/candas365.es\/noticias\/wp-content\/uploads\/2018\/06\/berlin-1467502_960_720.jpg\" \/>\n\t\t<meta name=\"twitter:label1\" content=\"Escrito por\" \/>\n\t\t<meta name=\"twitter:data1\" content=\"Cand\u00e1s 365\" \/>\n\t\t<meta name=\"twitter:label2\" content=\"Tiempo de lectura estimado\" \/>\n\t\t<meta name=\"twitter:data2\" content=\"1 minuto\" \/>\n\t\t<script type=\"application\/ld+json\" class=\"aioseo-schema\">\n\t\t\t{\"@context\":\"https:\\\/\\\/schema.org\",\"@graph\":[{\"@type\":\"BreadcrumbList\",\"@id\":\"https:\\\/\\\/candas365.es\\\/noticias\\\/los-policias-alemanes-alcanzaron-en-2018-un-nivel-record-de-horas-extras\\\/#breadcrumblist\",\"itemListElement\":[{\"@type\":\"ListItem\",\"@id\":\"https:\\\/\\\/candas365.es\\\/noticias#listItem\",\"position\":1,\"name\":\"Home\",\"item\":\"https:\\\/\\\/candas365.es\\\/noticias\",\"nextItem\":{\"@type\":\"ListItem\",\"@id\":\"https:\\\/\\\/candas365.es\\\/noticias\\\/category\\\/actualidad\\\/#listItem\",\"name\":\"Actualidad\"}},{\"@type\":\"ListItem\",\"@id\":\"https:\\\/\\\/candas365.es\\\/noticias\\\/category\\\/actualidad\\\/#listItem\",\"position\":2,\"name\":\"Actualidad\",\"item\":\"https:\\\/\\\/candas365.es\\\/noticias\\\/category\\\/actualidad\\\/\",\"nextItem\":{\"@type\":\"ListItem\",\"@id\":\"https:\\\/\\\/candas365.es\\\/noticias\\\/los-policias-alemanes-alcanzaron-en-2018-un-nivel-record-de-horas-extras\\\/#listItem\",\"name\":\"Los polic\\u00edas alemanes alcanzaron en 2018 un nivel r\\u00e9cord de horas extras\"},\"previousItem\":{\"@type\":\"ListItem\",\"@id\":\"https:\\\/\\\/candas365.es\\\/noticias#listItem\",\"name\":\"Home\"}},{\"@type\":\"ListItem\",\"@id\":\"https:\\\/\\\/candas365.es\\\/noticias\\\/los-policias-alemanes-alcanzaron-en-2018-un-nivel-record-de-horas-extras\\\/#listItem\",\"position\":3,\"name\":\"Los polic\\u00edas alemanes alcanzaron en 2018 un nivel r\\u00e9cord de horas extras\",\"previousItem\":{\"@type\":\"ListItem\",\"@id\":\"https:\\\/\\\/candas365.es\\\/noticias\\\/category\\\/actualidad\\\/#listItem\",\"name\":\"Actualidad\"}}]},{\"@type\":\"NewsArticle\",\"@id\":\"https:\\\/\\\/candas365.es\\\/noticias\\\/los-policias-alemanes-alcanzaron-en-2018-un-nivel-record-de-horas-extras\\\/#newsarticle\",\"name\":\"Los polic\\u00edas alemanes alcanzaron en 2018 un nivel r\\u00e9cord de horas extras | Cand\\u00e1s 365\",\"headline\":\"Los polic\\u00edas alemanes alcanzaron en 2018 un nivel r\\u00e9cord de horas extras\",\"author\":{\"@id\":\"https:\\\/\\\/candas365.es\\\/noticias\\\/author\\\/admin\\\/#author\"},\"publisher\":{\"@id\":\"https:\\\/\\\/candas365.es\\\/noticias\\\/#organization\"},\"image\":{\"@type\":\"ImageObject\",\"url\":\"https:\\\/\\\/candas365.es\\\/noticias\\\/wp-content\\\/uploads\\\/2018\\\/06\\\/berlin-1467502_960_720.jpg\",\"width\":960,\"height\":613},\"datePublished\":\"2019-01-07T20:25:54+01:00\",\"dateModified\":\"2019-01-07T20:25:54+01:00\",\"inLanguage\":\"es-ES\",\"mainEntityOfPage\":{\"@id\":\"https:\\\/\\\/candas365.es\\\/noticias\\\/los-policias-alemanes-alcanzaron-en-2018-un-nivel-record-de-horas-extras\\\/#webpage\"},\"isPartOf\":{\"@id\":\"https:\\\/\\\/candas365.es\\\/noticias\\\/los-policias-alemanes-alcanzaron-en-2018-un-nivel-record-de-horas-extras\\\/#webpage\"},\"articleSection\":\"Actualidad\",\"dateline\":\"Publicado el enero 7, 2019.\"},{\"@type\":\"Organization\",\"@id\":\"https:\\\/\\\/candas365.es\\\/noticias\\\/#organization\",\"name\":\"Cand\\u00e1s 365\",\"description\":\"Cand\\u00e1s 365 es un diario digital independiente, fundado en 2012, con base en Asturias. Informamos con rigor sobre actualidad, sociedad, cultura y ocio, con una mirada local y global.\",\"url\":\"https:\\\/\\\/candas365.es\\\/noticias\\\/\",\"email\":\"info@candas365.es\",\"telephone\":\"+34652131393\",\"foundingDate\":\"2012-06-10\",\"logo\":{\"@type\":\"ImageObject\",\"url\":\"https:\\\/\\\/candas365.es\\\/noticias\\\/wp-content\\\/uploads\\\/2024\\\/09\\\/Candas-365-Redes.jpg\",\"@id\":\"https:\\\/\\\/candas365.es\\\/noticias\\\/los-policias-alemanes-alcanzaron-en-2018-un-nivel-record-de-horas-extras\\\/#organizationLogo\",\"width\":1152,\"height\":864,\"caption\":\"Cand\\u00e1s 365 Redes\"},\"image\":{\"@id\":\"https:\\\/\\\/candas365.es\\\/noticias\\\/los-policias-alemanes-alcanzaron-en-2018-un-nivel-record-de-horas-extras\\\/#organizationLogo\"},\"sameAs\":[\"https:\\\/\\\/www.facebook.com\\\/Nachofdezber\",\"https:\\\/\\\/x.com\\\/NabercoDigital\",\"https:\\\/\\\/www.instagram.com\\\/nachofdezber\\\/\",\"https:\\\/\\\/www.youtube.com\\\/channel\\\/UCZP-2wLEB9Rv6erhFmqVnvg\"],\"address\":{\"@id\":\"https:\\\/\\\/candas365.es\\\/noticias\\\/#postaladdress\",\"@type\":\"PostalAddress\",\"streetAddress\":\"san antonio 4, san antonio 4\",\"postalCode\":\"33430\",\"addressLocality\":\"Cand\\u00e1s\",\"addressRegion\":\"Asturias\",\"addressCountry\":\"ES\"}},{\"@type\":\"Person\",\"@id\":\"https:\\\/\\\/candas365.es\\\/noticias\\\/author\\\/admin\\\/#author\",\"url\":\"https:\\\/\\\/candas365.es\\\/noticias\\\/author\\\/admin\\\/\",\"name\":\"Cand\\u00e1s 365\",\"image\":{\"@type\":\"ImageObject\",\"@id\":\"https:\\\/\\\/candas365.es\\\/noticias\\\/los-policias-alemanes-alcanzaron-en-2018-un-nivel-record-de-horas-extras\\\/#authorImage\",\"url\":\"https:\\\/\\\/secure.gravatar.com\\\/avatar\\\/496a8e03d0c493ede1718b7934145dbdf8d89be1036b0eec9544e1094c9de390?s=96&d=mm&r=g\",\"width\":96,\"height\":96,\"caption\":\"Cand\\u00e1s 365\"},\"sameAs\":[\"https:\\\/\\\/www.facebook.com\\\/carrenoactualidad\",\"https:\\\/\\\/twitter.com\\\/nbasturias\",\"https:\\\/\\\/www.instagram.com\\\/nachofdezber\\\/\",\"https:\\\/\\\/www.youtube.com\\\/channel\\\/UCZP-2wLEB9Rv6erhFmqVnvg\"]},{\"@type\":\"WebPage\",\"@id\":\"https:\\\/\\\/candas365.es\\\/noticias\\\/los-policias-alemanes-alcanzaron-en-2018-un-nivel-record-de-horas-extras\\\/#webpage\",\"url\":\"https:\\\/\\\/candas365.es\\\/noticias\\\/los-policias-alemanes-alcanzaron-en-2018-un-nivel-record-de-horas-extras\\\/\",\"name\":\"Los polic\\u00edas alemanes alcanzaron en 2018 un nivel r\\u00e9cord de horas extras | Cand\\u00e1s 365\",\"description\":\"Berl\\u00edn, 7 ene (dpa) - Los polic\\u00edas alemanes alcanzaron el a\\u00f1o pasado un nivel r\\u00e9cord de horas extraordinarias trabajadas a pesar de que fueron creados nuevos puestos, sostuvo Oliver Malchow, presidente del Sindicato de Polic\\u00eda Alemana (GdP), en declaraciones que public\\u00f3 hoy el diario \\\"Neue Osnabr\\u00fccker Zeitung\\\". La cifra de 22 millones de horas extras\",\"inLanguage\":\"es-ES\",\"isPartOf\":{\"@id\":\"https:\\\/\\\/candas365.es\\\/noticias\\\/#website\"},\"breadcrumb\":{\"@id\":\"https:\\\/\\\/candas365.es\\\/noticias\\\/los-policias-alemanes-alcanzaron-en-2018-un-nivel-record-de-horas-extras\\\/#breadcrumblist\"},\"author\":{\"@id\":\"https:\\\/\\\/candas365.es\\\/noticias\\\/author\\\/admin\\\/#author\"},\"creator\":{\"@id\":\"https:\\\/\\\/candas365.es\\\/noticias\\\/author\\\/admin\\\/#author\"},\"image\":{\"@type\":\"ImageObject\",\"url\":\"https:\\\/\\\/candas365.es\\\/noticias\\\/wp-content\\\/uploads\\\/2018\\\/06\\\/berlin-1467502_960_720.jpg\",\"@id\":\"https:\\\/\\\/candas365.es\\\/noticias\\\/los-policias-alemanes-alcanzaron-en-2018-un-nivel-record-de-horas-extras\\\/#mainImage\",\"width\":960,\"height\":613},\"primaryImageOfPage\":{\"@id\":\"https:\\\/\\\/candas365.es\\\/noticias\\\/los-policias-alemanes-alcanzaron-en-2018-un-nivel-record-de-horas-extras\\\/#mainImage\"},\"datePublished\":\"2019-01-07T20:25:54+01:00\",\"dateModified\":\"2019-01-07T20:25:54+01:00\"},{\"@type\":\"WebSite\",\"@id\":\"https:\\\/\\\/candas365.es\\\/noticias\\\/#website\",\"url\":\"https:\\\/\\\/candas365.es\\\/noticias\\\/\",\"name\":\"Cand\\u00e1s 365\",\"alternateName\":\"Cand\\u00e1s 365 Noticias\",\"description\":\"Actualidad desde Carre\\u00f1o para el mundo\",\"inLanguage\":\"es-ES\",\"publisher\":{\"@id\":\"https:\\\/\\\/candas365.es\\\/noticias\\\/#organization\"}}]}\n\t\t<\/script>\n\t\t<!-- All in One SEO Pro -->\r\n\t\t<title>Los polic\u00edas alemanes alcanzaron en 2018 un nivel r\u00e9cord de horas extras | Cand\u00e1s 365<\/title>\n\n","aioseo_head_json":{"title":"Los polic\u00edas alemanes alcanzaron en 2018 un nivel r\u00e9cord de horas extras | Cand\u00e1s 365","description":"Berl\u00edn, 7 ene (dpa) - Los polic\u00edas alemanes alcanzaron el a\u00f1o pasado un nivel r\u00e9cord de horas extraordinarias trabajadas a pesar de que fueron creados nuevos puestos, sostuvo Oliver Malchow, presidente del Sindicato de Polic\u00eda Alemana (GdP), en declaraciones que public\u00f3 hoy el diario \"Neue Osnabr\u00fccker Zeitung\". La cifra de 22 millones de horas extras","canonical_url":"https:\/\/candas365.es\/noticias\/los-policias-alemanes-alcanzaron-en-2018-un-nivel-record-de-horas-extras\/","robots":"max-image-preview:large","keywords":"actualidad","webmasterTools":{"google-site-verification":"UA-32230408-1","msvalidate.01":"354F3CDFB2DA171B47FBE9ABF1F88D5","miscellaneous":""},"schema":{"@context":"https:\/\/schema.org","@graph":[{"@type":"BreadcrumbList","@id":"https:\/\/candas365.es\/noticias\/los-policias-alemanes-alcanzaron-en-2018-un-nivel-record-de-horas-extras\/#breadcrumblist","itemListElement":[{"@type":"ListItem","@id":"https:\/\/candas365.es\/noticias#listItem","position":1,"name":"Home","item":"https:\/\/candas365.es\/noticias","nextItem":{"@type":"ListItem","@id":"https:\/\/candas365.es\/noticias\/category\/actualidad\/#listItem","name":"Actualidad"}},{"@type":"ListItem","@id":"https:\/\/candas365.es\/noticias\/category\/actualidad\/#listItem","position":2,"name":"Actualidad","item":"https:\/\/candas365.es\/noticias\/category\/actualidad\/","nextItem":{"@type":"ListItem","@id":"https:\/\/candas365.es\/noticias\/los-policias-alemanes-alcanzaron-en-2018-un-nivel-record-de-horas-extras\/#listItem","name":"Los polic\u00edas alemanes alcanzaron en 2018 un nivel r\u00e9cord de horas extras"},"previousItem":{"@type":"ListItem","@id":"https:\/\/candas365.es\/noticias#listItem","name":"Home"}},{"@type":"ListItem","@id":"https:\/\/candas365.es\/noticias\/los-policias-alemanes-alcanzaron-en-2018-un-nivel-record-de-horas-extras\/#listItem","position":3,"name":"Los polic\u00edas alemanes alcanzaron en 2018 un nivel r\u00e9cord de horas extras","previousItem":{"@type":"ListItem","@id":"https:\/\/candas365.es\/noticias\/category\/actualidad\/#listItem","name":"Actualidad"}}]},{"@type":"NewsArticle","@id":"https:\/\/candas365.es\/noticias\/los-policias-alemanes-alcanzaron-en-2018-un-nivel-record-de-horas-extras\/#newsarticle","name":"Los polic\u00edas alemanes alcanzaron en 2018 un nivel r\u00e9cord de horas extras | Cand\u00e1s 365","headline":"Los polic\u00edas alemanes alcanzaron en 2018 un nivel r\u00e9cord de horas extras","author":{"@id":"https:\/\/candas365.es\/noticias\/author\/admin\/#author"},"publisher":{"@id":"https:\/\/candas365.es\/noticias\/#organization"},"image":{"@type":"ImageObject","url":"https:\/\/candas365.es\/noticias\/wp-content\/uploads\/2018\/06\/berlin-1467502_960_720.jpg","width":960,"height":613},"datePublished":"2019-01-07T20:25:54+01:00","dateModified":"2019-01-07T20:25:54+01:00","inLanguage":"es-ES","mainEntityOfPage":{"@id":"https:\/\/candas365.es\/noticias\/los-policias-alemanes-alcanzaron-en-2018-un-nivel-record-de-horas-extras\/#webpage"},"isPartOf":{"@id":"https:\/\/candas365.es\/noticias\/los-policias-alemanes-alcanzaron-en-2018-un-nivel-record-de-horas-extras\/#webpage"},"articleSection":"Actualidad","dateline":"Publicado el enero 7, 2019."},{"@type":"Organization","@id":"https:\/\/candas365.es\/noticias\/#organization","name":"Cand\u00e1s 365","description":"Cand\u00e1s 365 es un diario digital independiente, fundado en 2012, con base en Asturias. Informamos con rigor sobre actualidad, sociedad, cultura y ocio, con una mirada local y global.","url":"https:\/\/candas365.es\/noticias\/","email":"info@candas365.es","telephone":"+34652131393","foundingDate":"2012-06-10","logo":{"@type":"ImageObject","url":"https:\/\/candas365.es\/noticias\/wp-content\/uploads\/2024\/09\/Candas-365-Redes.jpg","@id":"https:\/\/candas365.es\/noticias\/los-policias-alemanes-alcanzaron-en-2018-un-nivel-record-de-horas-extras\/#organizationLogo","width":1152,"height":864,"caption":"Cand\u00e1s 365 Redes"},"image":{"@id":"https:\/\/candas365.es\/noticias\/los-policias-alemanes-alcanzaron-en-2018-un-nivel-record-de-horas-extras\/#organizationLogo"},"sameAs":["https:\/\/www.facebook.com\/Nachofdezber","https:\/\/x.com\/NabercoDigital","https:\/\/www.instagram.com\/nachofdezber\/","https:\/\/www.youtube.com\/channel\/UCZP-2wLEB9Rv6erhFmqVnvg"],"address":{"@id":"https:\/\/candas365.es\/noticias\/#postaladdress","@type":"PostalAddress","streetAddress":"san antonio 4, san antonio 4","postalCode":"33430","addressLocality":"Cand\u00e1s","addressRegion":"Asturias","addressCountry":"ES"}},{"@type":"Person","@id":"https:\/\/candas365.es\/noticias\/author\/admin\/#author","url":"https:\/\/candas365.es\/noticias\/author\/admin\/","name":"Cand\u00e1s 365","image":{"@type":"ImageObject","@id":"https:\/\/candas365.es\/noticias\/los-policias-alemanes-alcanzaron-en-2018-un-nivel-record-de-horas-extras\/#authorImage","url":"https:\/\/secure.gravatar.com\/avatar\/496a8e03d0c493ede1718b7934145dbdf8d89be1036b0eec9544e1094c9de390?s=96&d=mm&r=g","width":96,"height":96,"caption":"Cand\u00e1s 365"},"sameAs":["https:\/\/www.facebook.com\/carrenoactualidad","https:\/\/twitter.com\/nbasturias","https:\/\/www.instagram.com\/nachofdezber\/","https:\/\/www.youtube.com\/channel\/UCZP-2wLEB9Rv6erhFmqVnvg"]},{"@type":"WebPage","@id":"https:\/\/candas365.es\/noticias\/los-policias-alemanes-alcanzaron-en-2018-un-nivel-record-de-horas-extras\/#webpage","url":"https:\/\/candas365.es\/noticias\/los-policias-alemanes-alcanzaron-en-2018-un-nivel-record-de-horas-extras\/","name":"Los polic\u00edas alemanes alcanzaron en 2018 un nivel r\u00e9cord de horas extras | Cand\u00e1s 365","description":"Berl\u00edn, 7 ene (dpa) - Los polic\u00edas alemanes alcanzaron el a\u00f1o pasado un nivel r\u00e9cord de horas extraordinarias trabajadas a pesar de que fueron creados nuevos puestos, sostuvo Oliver Malchow, presidente del Sindicato de Polic\u00eda Alemana (GdP), en declaraciones que public\u00f3 hoy el diario \"Neue Osnabr\u00fccker Zeitung\". La cifra de 22 millones de horas extras","inLanguage":"es-ES","isPartOf":{"@id":"https:\/\/candas365.es\/noticias\/#website"},"breadcrumb":{"@id":"https:\/\/candas365.es\/noticias\/los-policias-alemanes-alcanzaron-en-2018-un-nivel-record-de-horas-extras\/#breadcrumblist"},"author":{"@id":"https:\/\/candas365.es\/noticias\/author\/admin\/#author"},"creator":{"@id":"https:\/\/candas365.es\/noticias\/author\/admin\/#author"},"image":{"@type":"ImageObject","url":"https:\/\/candas365.es\/noticias\/wp-content\/uploads\/2018\/06\/berlin-1467502_960_720.jpg","@id":"https:\/\/candas365.es\/noticias\/los-policias-alemanes-alcanzaron-en-2018-un-nivel-record-de-horas-extras\/#mainImage","width":960,"height":613},"primaryImageOfPage":{"@id":"https:\/\/candas365.es\/noticias\/los-policias-alemanes-alcanzaron-en-2018-un-nivel-record-de-horas-extras\/#mainImage"},"datePublished":"2019-01-07T20:25:54+01:00","dateModified":"2019-01-07T20:25:54+01:00"},{"@type":"WebSite","@id":"https:\/\/candas365.es\/noticias\/#website","url":"https:\/\/candas365.es\/noticias\/","name":"Cand\u00e1s 365","alternateName":"Cand\u00e1s 365 Noticias","description":"Actualidad desde Carre\u00f1o para el mundo","inLanguage":"es-ES","publisher":{"@id":"https:\/\/candas365.es\/noticias\/#organization"}}]},"og:locale":"es_ES","og:site_name":"Cand\u00e1s 365","og:type":"article","og:title":"Los polic\u00edas alemanes alcanzaron en 2018 un nivel r\u00e9cord de horas extras | Cand\u00e1s 365","og:description":"Berl\u00edn, 7 ene (dpa) - Los polic\u00edas alemanes alcanzaron el a\u00f1o pasado un nivel r\u00e9cord de horas extraordinarias trabajadas a pesar de que fueron creados nuevos puestos, sostuvo Oliver Malchow, presidente del Sindicato de Polic\u00eda Alemana (GdP), en declaraciones que public\u00f3 hoy el diario &quot;Neue Osnabr\u00fccker Zeitung&quot;. La cifra de 22 millones de horas extras","og:url":"https:\/\/candas365.es\/noticias\/los-policias-alemanes-alcanzaron-en-2018-un-nivel-record-de-horas-extras\/","og:image":"https:\/\/candas365.es\/noticias\/wp-content\/uploads\/2018\/06\/berlin-1467502_960_720.jpg","og:image:secure_url":"https:\/\/candas365.es\/noticias\/wp-content\/uploads\/2018\/06\/berlin-1467502_960_720.jpg","og:image:width":960,"og:image:height":613,"article:published_time":"2019-01-07T20:25:54+00:00","article:modified_time":"2019-01-07T20:25:54+00:00","article:publisher":"https:\/\/www.facebook.com\/Nachofdezber","article:author":"https:\/\/www.facebook.com\/carrenoactualidad","twitter:card":"summary_large_image","twitter:site":"@NabercoDigital","twitter:title":"Los polic\u00edas alemanes alcanzaron en 2018 un nivel r\u00e9cord de horas extras | Cand\u00e1s 365","twitter:description":"Berl\u00edn, 7 ene (dpa) - Los polic\u00edas alemanes alcanzaron el a\u00f1o pasado un nivel r\u00e9cord de horas extraordinarias trabajadas a pesar de que fueron creados nuevos puestos, sostuvo Oliver Malchow, presidente del Sindicato de Polic\u00eda Alemana (GdP), en declaraciones que public\u00f3 hoy el diario &quot;Neue Osnabr\u00fccker Zeitung&quot;. La cifra de 22 millones de horas extras","twitter:creator":"@nbasturias","twitter:image":"https:\/\/candas365.es\/noticias\/wp-content\/uploads\/2018\/06\/berlin-1467502_960_720.jpg","twitter:label1":"Escrito por","twitter:data1":"Cand\u00e1s 365","twitter:label2":"Tiempo de lectura estimado","twitter:data2":"1 minuto"},"aioseo_meta_data":{"post_id":"113679","title":null,"description":null,"keywords":null,"keyphrases":null,"primary_term":null,"canonical_url":null,"og_title":null,"og_description":null,"og_object_type":"default","og_image_type":"default","og_image_url":null,"og_image_width":null,"og_image_height":null,"og_image_custom_url":null,"og_image_custom_fields":null,"og_video":null,"og_custom_url":null,"og_article_section":null,"og_article_tags":null,"twitter_use_og":false,"twitter_card":"default","twitter_image_type":"default","twitter_image_url":null,"twitter_image_custom_url":null,"twitter_image_custom_fields":null,"twitter_title":null,"twitter_description":null,"schema":{"blockGraphs":[],"customGraphs":[],"default":{"data":{"Article":[],"Course":[],"Dataset":[],"FAQPage":[],"Movie":[],"Person":[],"Product":[],"ProductReview":[],"Car":[],"Recipe":[],"Service":[],"SoftwareApplication":[],"WebPage":[]},"graphName":"","isEnabled":true},"graphs":[],"defaultGraph":"","defaultPostTypeGraph":""},"schema_type":null,"schema_type_options":null,"pillar_content":false,"robots_default":true,"robots_noindex":false,"robots_noarchive":false,"robots_nosnippet":false,"robots_nofollow":false,"robots_noimageindex":false,"robots_noodp":false,"robots_notranslate":false,"robots_max_snippet":null,"robots_max_videopreview":null,"robots_max_imagepreview":"large","priority":null,"frequency":null,"location":null,"local_seo":null,"seo_analyzer_scan_date":"2025-08-28 23:24:48","breadcrumb_settings":null,"limit_modified_date":false,"reviewed_by":null,"open_ai":null,"ai":null,"created":"2020-12-21 11:27:54","updated":"2025-08-28 23:24:48"},"aioseo_breadcrumb":"<div class=\"aioseo-breadcrumbs\"><span class=\"aioseo-breadcrumb\">\n\t<a href=\"https:\/\/candas365.es\/noticias\" title=\"Home\">Home<\/a>\n<\/span><span class=\"aioseo-breadcrumb-separator\">&ndash;<\/span><span class=\"aioseo-breadcrumb\">\n\t<a href=\"https:\/\/candas365.es\/noticias\/category\/actualidad\/\" title=\"Actualidad\">Actualidad<\/a>\n<\/span><span class=\"aioseo-breadcrumb-separator\">&ndash;<\/span><span class=\"aioseo-breadcrumb\">\n\tLos polic\u00edas alemanes alcanzaron en 2018 un nivel r\u00e9cord de horas extras\n<\/span><\/div>","aioseo_breadcrumb_json":[{"label":"Home","link":"https:\/\/candas365.es\/noticias"},{"label":"Actualidad","link":"https:\/\/candas365.es\/noticias\/category\/actualidad\/"},{"label":"Los polic\u00edas alemanes alcanzaron en 2018 un nivel r\u00e9cord de horas extras","link":"https:\/\/candas365.es\/noticias\/los-policias-alemanes-alcanzaron-en-2018-un-nivel-record-de-horas-extras\/"}],"_links":{"self":[{"href":"https:\/\/candas365.es\/noticias\/wp-json\/wp\/v2\/posts\/113679","targetHints":{"allow":["GET"]}}],"collection":[{"href":"https:\/\/candas365.es\/noticias\/wp-json\/wp\/v2\/posts"}],"about":[{"href":"https:\/\/candas365.es\/noticias\/wp-json\/wp\/v2\/types\/post"}],"author":[{"embeddable":true,"href":"https:\/\/candas365.es\/noticias\/wp-json\/wp\/v2\/users\/1"}],"replies":[{"embeddable":true,"href":"https:\/\/candas365.es\/noticias\/wp-json\/wp\/v2\/comments?post=113679"}],"version-history":[{"count":0,"href":"https:\/\/candas365.es\/noticias\/wp-json\/wp\/v2\/posts\/113679\/revisions"}],"wp:featuredmedia":[{"embeddable":true,"href":"https:\/\/candas365.es\/noticias\/wp-json\/wp\/v2\/media\/97927"}],"wp:attachment":[{"href":"https:\/\/candas365.es\/noticias\/wp-json\/wp\/v2\/media?parent=113679"}],"wp:term":[{"taxonomy":"category","embeddable":true,"href":"https:\/\/candas365.es\/noticias\/wp-json\/wp\/v2\/categories?post=113679"},{"taxonomy":"post_tag","embeddable":true,"href":"https:\/\/candas365.es\/noticias\/wp-json\/wp\/v2\/tags?post=113679"}],"curies":[{"name":"wp","href":"https:\/\/api.w.org\/{rel}","templated":true}]}}