{"id":113675,"date":"2019-01-07T20:19:34","date_gmt":"2019-01-07T20:19:34","guid":{"rendered":"http:\/\/candas365.es\/noticias\/?p=113675"},"modified":"2019-01-07T20:20:07","modified_gmt":"2019-01-07T20:20:07","slug":"la-facturacion-del-comercio-minorista-aleman-crecio-por-noveno-ano","status":"publish","type":"post","link":"https:\/\/candas365.es\/noticias\/la-facturacion-del-comercio-minorista-aleman-crecio-por-noveno-ano\/","title":{"rendered":"La facturaci\u00f3n del comercio minorista alem\u00e1n creci\u00f3 por noveno a\u00f1o"},"content":{"rendered":"<p><img fetchpriority=\"high\" decoding=\"async\" class=\"alignleft size-medium wp-image-113676\" src=\"https:\/\/candas365.es\/noticias\/wp-content\/uploads\/2019\/01\/purchase-center-1043750_960_720-360x234.jpg\" alt=\"\" width=\"360\" height=\"234\" srcset=\"https:\/\/candas365.es\/noticias\/wp-content\/uploads\/2019\/01\/purchase-center-1043750_960_720-360x234.jpg 360w, https:\/\/candas365.es\/noticias\/wp-content\/uploads\/2019\/01\/purchase-center-1043750_960_720-768x500.jpg 768w, https:\/\/candas365.es\/noticias\/wp-content\/uploads\/2019\/01\/purchase-center-1043750_960_720-655x426.jpg 655w, https:\/\/candas365.es\/noticias\/wp-content\/uploads\/2019\/01\/purchase-center-1043750_960_720-696x453.jpg 696w, https:\/\/candas365.es\/noticias\/wp-content\/uploads\/2019\/01\/purchase-center-1043750_960_720-645x420.jpg 645w, https:\/\/candas365.es\/noticias\/wp-content\/uploads\/2019\/01\/purchase-center-1043750_960_720.jpg 960w\" sizes=\"(max-width: 360px) 100vw, 360px\" \/>Wiesbaden (Alemania), 7 ene (dpa) &#8211; El comercio minorista alem\u00e1n vio aumentar la facturaci\u00f3n en 2018 por noveno a\u00f1o consecutivo, indic\u00f3 hoy la Oficina Federal de Estad\u00edsticas.<\/p>\n<p>Los ingresos del ramo se incrementaron el a\u00f1o pasado en t\u00e9rminos reales hasta un 1,5 por ciento, seg\u00fan los c\u00e1lculos del organismo oficial. Teniendo en cuenta los aumentos de precios, los ingresos treparon entre un 3,1 y un 3,3 por ciento (nominal).<\/p>\n<p>El volumen de ventas en noviembre, cuando se efect\u00faan la mayor parte de las compras navide\u00f1as, aument\u00f3 un 1,1 por ciento real y un 2,9 por ciento nominal respecto a noviembre de 2017. Los mayores incrementos fueron registrados en el comercio por Internet y de ventas por cat\u00e1logo.<\/p>\n<p>El consumo privado recibi\u00f3 un fuerte impulso en Alemania por la bonanza del mercado laboral, con niveles r\u00e9cord de empleo.<\/p>\n<p>La federaci\u00f3n de los comerciantes minoristas alemanes HDE revis\u00f3 recientemente al alza sus pron\u00f3sticos de crecimiento de facturaci\u00f3n de 2018. En lugar de 2,0 por ciento calcul\u00f3 un aumento de 2,3 por ciento a 525.000 millones de euros (600.000 millones de d\u00f3lares).<\/p>\n","protected":false},"excerpt":{"rendered":"<p>Wiesbaden (Alemania), 7 ene (dpa) &#8211; El comercio minorista alem\u00e1n vio aumentar la facturaci\u00f3n en 2018 por noveno a\u00f1o consecutivo, indic\u00f3 hoy la Oficina Federal de Estad\u00edsticas. Los ingresos del ramo se incrementaron el a\u00f1o pasado en t\u00e9rminos reales hasta un 1,5 por ciento, seg\u00fan los c\u00e1lculos del organismo oficial. Teniendo en cuenta los aumentos<\/p>\n","protected":false},"author":1,"featured_media":113676,"comment_status":"closed","ping_status":"closed","sticky":false,"template":"","format":"standard","meta":{"footnotes":""},"categories":[343],"tags":[],"class_list":{"0":"post-113675","1":"post","2":"type-post","3":"status-publish","4":"format-standard","5":"has-post-thumbnail","7":"category-actualidad"},"aioseo_notices":[],"aioseo_head":"\n\t\t<!-- All in One SEO Pro 4.9.6.2 - aioseo.com -->\n\t<meta name=\"description\" content=\"Wiesbaden (Alemania), 7 ene (dpa) - El comercio minorista alem\u00e1n vio aumentar la facturaci\u00f3n en 2018 por noveno a\u00f1o consecutivo, indic\u00f3 hoy la Oficina Federal de Estad\u00edsticas. Los ingresos del ramo se incrementaron el a\u00f1o pasado en t\u00e9rminos reales hasta un 1,5 por ciento, seg\u00fan los c\u00e1lculos del organismo oficial. Teniendo en cuenta los aumentos\" \/>\n\t<meta name=\"robots\" content=\"max-image-preview:large\" \/>\n\t<meta name=\"author\" content=\"Cand\u00e1s 365\"\/>\n\t<meta name=\"google-site-verification\" content=\"UA-32230408-1\" \/>\n\t<meta name=\"msvalidate.01\" content=\"354F3CDFB2DA171B47FBE9ABF1F88D5\" \/>\n\t<meta name=\"keywords\" content=\"actualidad\" \/>\n\t<link rel=\"canonical\" href=\"https:\/\/candas365.es\/noticias\/la-facturacion-del-comercio-minorista-aleman-crecio-por-noveno-ano\/\" \/>\n\t<meta name=\"generator\" content=\"All in One SEO Pro (AIOSEO) 4.9.6.2\" \/>\n\t\t<meta property=\"og:locale\" content=\"es_ES\" \/>\n\t\t<meta property=\"og:site_name\" content=\"Cand\u00e1s 365\" \/>\n\t\t<meta property=\"og:type\" content=\"article\" \/>\n\t\t<meta property=\"og:title\" content=\"La facturaci\u00f3n del comercio minorista alem\u00e1n creci\u00f3 por noveno a\u00f1o | Cand\u00e1s 365\" \/>\n\t\t<meta property=\"og:description\" content=\"Wiesbaden (Alemania), 7 ene (dpa) - El comercio minorista alem\u00e1n vio aumentar la facturaci\u00f3n en 2018 por noveno a\u00f1o consecutivo, indic\u00f3 hoy la Oficina Federal de Estad\u00edsticas. Los ingresos del ramo se incrementaron el a\u00f1o pasado en t\u00e9rminos reales hasta un 1,5 por ciento, seg\u00fan los c\u00e1lculos del organismo oficial. Teniendo en cuenta los aumentos\" \/>\n\t\t<meta property=\"og:url\" content=\"https:\/\/candas365.es\/noticias\/la-facturacion-del-comercio-minorista-aleman-crecio-por-noveno-ano\/\" \/>\n\t\t<meta property=\"og:image\" content=\"https:\/\/candas365.es\/noticias\/wp-content\/uploads\/2019\/01\/purchase-center-1043750_960_720.jpg\" \/>\n\t\t<meta property=\"og:image:secure_url\" content=\"https:\/\/candas365.es\/noticias\/wp-content\/uploads\/2019\/01\/purchase-center-1043750_960_720.jpg\" \/>\n\t\t<meta property=\"og:image:width\" content=\"960\" \/>\n\t\t<meta property=\"og:image:height\" content=\"625\" \/>\n\t\t<meta property=\"article:published_time\" content=\"2019-01-07T20:19:34+00:00\" \/>\n\t\t<meta property=\"article:modified_time\" content=\"2019-01-07T20:20:07+00:00\" \/>\n\t\t<meta property=\"article:publisher\" content=\"https:\/\/www.facebook.com\/Nachofdezber\" \/>\n\t\t<meta property=\"article:author\" content=\"https:\/\/www.facebook.com\/carrenoactualidad\" \/>\n\t\t<meta name=\"twitter:card\" content=\"summary_large_image\" \/>\n\t\t<meta name=\"twitter:site\" content=\"@NabercoDigital\" \/>\n\t\t<meta name=\"twitter:title\" content=\"La facturaci\u00f3n del comercio minorista alem\u00e1n creci\u00f3 por noveno a\u00f1o | Cand\u00e1s 365\" \/>\n\t\t<meta name=\"twitter:description\" content=\"Wiesbaden (Alemania), 7 ene (dpa) - El comercio minorista alem\u00e1n vio aumentar la facturaci\u00f3n en 2018 por noveno a\u00f1o consecutivo, indic\u00f3 hoy la Oficina Federal de Estad\u00edsticas. Los ingresos del ramo se incrementaron el a\u00f1o pasado en t\u00e9rminos reales hasta un 1,5 por ciento, seg\u00fan los c\u00e1lculos del organismo oficial. Teniendo en cuenta los aumentos\" \/>\n\t\t<meta name=\"twitter:creator\" content=\"@nbasturias\" \/>\n\t\t<meta name=\"twitter:image\" content=\"https:\/\/candas365.es\/noticias\/wp-content\/uploads\/2019\/01\/purchase-center-1043750_960_720.jpg\" \/>\n\t\t<meta name=\"twitter:label1\" content=\"Escrito por\" \/>\n\t\t<meta name=\"twitter:data1\" content=\"Cand\u00e1s 365\" \/>\n\t\t<meta name=\"twitter:label2\" content=\"Tiempo de lectura estimado\" \/>\n\t\t<meta name=\"twitter:data2\" content=\"1 minuto\" \/>\n\t\t<script type=\"application\/ld+json\" class=\"aioseo-schema\">\n\t\t\t{\"@context\":\"https:\\\/\\\/schema.org\",\"@graph\":[{\"@type\":\"BreadcrumbList\",\"@id\":\"https:\\\/\\\/candas365.es\\\/noticias\\\/la-facturacion-del-comercio-minorista-aleman-crecio-por-noveno-ano\\\/#breadcrumblist\",\"itemListElement\":[{\"@type\":\"ListItem\",\"@id\":\"https:\\\/\\\/candas365.es\\\/noticias#listItem\",\"position\":1,\"name\":\"Home\",\"item\":\"https:\\\/\\\/candas365.es\\\/noticias\",\"nextItem\":{\"@type\":\"ListItem\",\"@id\":\"https:\\\/\\\/candas365.es\\\/noticias\\\/category\\\/actualidad\\\/#listItem\",\"name\":\"Actualidad\"}},{\"@type\":\"ListItem\",\"@id\":\"https:\\\/\\\/candas365.es\\\/noticias\\\/category\\\/actualidad\\\/#listItem\",\"position\":2,\"name\":\"Actualidad\",\"item\":\"https:\\\/\\\/candas365.es\\\/noticias\\\/category\\\/actualidad\\\/\",\"nextItem\":{\"@type\":\"ListItem\",\"@id\":\"https:\\\/\\\/candas365.es\\\/noticias\\\/la-facturacion-del-comercio-minorista-aleman-crecio-por-noveno-ano\\\/#listItem\",\"name\":\"La facturaci\\u00f3n del comercio minorista alem\\u00e1n creci\\u00f3 por noveno a\\u00f1o\"},\"previousItem\":{\"@type\":\"ListItem\",\"@id\":\"https:\\\/\\\/candas365.es\\\/noticias#listItem\",\"name\":\"Home\"}},{\"@type\":\"ListItem\",\"@id\":\"https:\\\/\\\/candas365.es\\\/noticias\\\/la-facturacion-del-comercio-minorista-aleman-crecio-por-noveno-ano\\\/#listItem\",\"position\":3,\"name\":\"La facturaci\\u00f3n del comercio minorista alem\\u00e1n creci\\u00f3 por noveno a\\u00f1o\",\"previousItem\":{\"@type\":\"ListItem\",\"@id\":\"https:\\\/\\\/candas365.es\\\/noticias\\\/category\\\/actualidad\\\/#listItem\",\"name\":\"Actualidad\"}}]},{\"@type\":\"NewsArticle\",\"@id\":\"https:\\\/\\\/candas365.es\\\/noticias\\\/la-facturacion-del-comercio-minorista-aleman-crecio-por-noveno-ano\\\/#newsarticle\",\"name\":\"La facturaci\\u00f3n del comercio minorista alem\\u00e1n creci\\u00f3 por noveno a\\u00f1o | Cand\\u00e1s 365\",\"headline\":\"La facturaci\\u00f3n del comercio minorista alem\\u00e1n creci\\u00f3 por noveno a\\u00f1o\",\"author\":{\"@id\":\"https:\\\/\\\/candas365.es\\\/noticias\\\/author\\\/admin\\\/#author\"},\"publisher\":{\"@id\":\"https:\\\/\\\/candas365.es\\\/noticias\\\/#organization\"},\"image\":{\"@type\":\"ImageObject\",\"url\":\"https:\\\/\\\/candas365.es\\\/noticias\\\/wp-content\\\/uploads\\\/2019\\\/01\\\/purchase-center-1043750_960_720.jpg\",\"width\":960,\"height\":625},\"datePublished\":\"2019-01-07T20:19:34+01:00\",\"dateModified\":\"2019-01-07T20:20:07+01:00\",\"inLanguage\":\"es-ES\",\"mainEntityOfPage\":{\"@id\":\"https:\\\/\\\/candas365.es\\\/noticias\\\/la-facturacion-del-comercio-minorista-aleman-crecio-por-noveno-ano\\\/#webpage\"},\"isPartOf\":{\"@id\":\"https:\\\/\\\/candas365.es\\\/noticias\\\/la-facturacion-del-comercio-minorista-aleman-crecio-por-noveno-ano\\\/#webpage\"},\"articleSection\":\"Actualidad\",\"dateline\":\"Publicado el enero 7, 2019.\"},{\"@type\":\"Organization\",\"@id\":\"https:\\\/\\\/candas365.es\\\/noticias\\\/#organization\",\"name\":\"Cand\\u00e1s 365\",\"description\":\"Cand\\u00e1s 365 es un diario digital independiente, fundado en 2012, con base en Asturias. Informamos con rigor sobre actualidad, sociedad, cultura y ocio, con una mirada local y global.\",\"url\":\"https:\\\/\\\/candas365.es\\\/noticias\\\/\",\"email\":\"info@candas365.es\",\"telephone\":\"+34652131393\",\"foundingDate\":\"2012-06-10\",\"logo\":{\"@type\":\"ImageObject\",\"url\":\"https:\\\/\\\/candas365.es\\\/noticias\\\/wp-content\\\/uploads\\\/2024\\\/09\\\/Candas-365-Redes.jpg\",\"@id\":\"https:\\\/\\\/candas365.es\\\/noticias\\\/la-facturacion-del-comercio-minorista-aleman-crecio-por-noveno-ano\\\/#organizationLogo\",\"width\":1152,\"height\":864,\"caption\":\"Cand\\u00e1s 365 Redes\"},\"image\":{\"@id\":\"https:\\\/\\\/candas365.es\\\/noticias\\\/la-facturacion-del-comercio-minorista-aleman-crecio-por-noveno-ano\\\/#organizationLogo\"},\"sameAs\":[\"https:\\\/\\\/www.facebook.com\\\/Nachofdezber\",\"https:\\\/\\\/x.com\\\/NabercoDigital\",\"https:\\\/\\\/www.instagram.com\\\/nachofdezber\\\/\",\"https:\\\/\\\/www.youtube.com\\\/channel\\\/UCZP-2wLEB9Rv6erhFmqVnvg\"],\"address\":{\"@id\":\"https:\\\/\\\/candas365.es\\\/noticias\\\/#postaladdress\",\"@type\":\"PostalAddress\",\"streetAddress\":\"san antonio 4, san antonio 4\",\"postalCode\":\"33430\",\"addressLocality\":\"Cand\\u00e1s\",\"addressRegion\":\"Asturias\",\"addressCountry\":\"ES\"}},{\"@type\":\"Person\",\"@id\":\"https:\\\/\\\/candas365.es\\\/noticias\\\/author\\\/admin\\\/#author\",\"url\":\"https:\\\/\\\/candas365.es\\\/noticias\\\/author\\\/admin\\\/\",\"name\":\"Cand\\u00e1s 365\",\"image\":{\"@type\":\"ImageObject\",\"@id\":\"https:\\\/\\\/candas365.es\\\/noticias\\\/la-facturacion-del-comercio-minorista-aleman-crecio-por-noveno-ano\\\/#authorImage\",\"url\":\"https:\\\/\\\/secure.gravatar.com\\\/avatar\\\/496a8e03d0c493ede1718b7934145dbdf8d89be1036b0eec9544e1094c9de390?s=96&d=mm&r=g\",\"width\":96,\"height\":96,\"caption\":\"Cand\\u00e1s 365\"},\"sameAs\":[\"https:\\\/\\\/www.facebook.com\\\/carrenoactualidad\",\"https:\\\/\\\/twitter.com\\\/nbasturias\",\"https:\\\/\\\/www.instagram.com\\\/nachofdezber\\\/\",\"https:\\\/\\\/www.youtube.com\\\/channel\\\/UCZP-2wLEB9Rv6erhFmqVnvg\"]},{\"@type\":\"WebPage\",\"@id\":\"https:\\\/\\\/candas365.es\\\/noticias\\\/la-facturacion-del-comercio-minorista-aleman-crecio-por-noveno-ano\\\/#webpage\",\"url\":\"https:\\\/\\\/candas365.es\\\/noticias\\\/la-facturacion-del-comercio-minorista-aleman-crecio-por-noveno-ano\\\/\",\"name\":\"La facturaci\\u00f3n del comercio minorista alem\\u00e1n creci\\u00f3 por noveno a\\u00f1o | Cand\\u00e1s 365\",\"description\":\"Wiesbaden (Alemania), 7 ene (dpa) - El comercio minorista alem\\u00e1n vio aumentar la facturaci\\u00f3n en 2018 por noveno a\\u00f1o consecutivo, indic\\u00f3 hoy la Oficina Federal de Estad\\u00edsticas. Los ingresos del ramo se incrementaron el a\\u00f1o pasado en t\\u00e9rminos reales hasta un 1,5 por ciento, seg\\u00fan los c\\u00e1lculos del organismo oficial. Teniendo en cuenta los aumentos\",\"inLanguage\":\"es-ES\",\"isPartOf\":{\"@id\":\"https:\\\/\\\/candas365.es\\\/noticias\\\/#website\"},\"breadcrumb\":{\"@id\":\"https:\\\/\\\/candas365.es\\\/noticias\\\/la-facturacion-del-comercio-minorista-aleman-crecio-por-noveno-ano\\\/#breadcrumblist\"},\"author\":{\"@id\":\"https:\\\/\\\/candas365.es\\\/noticias\\\/author\\\/admin\\\/#author\"},\"creator\":{\"@id\":\"https:\\\/\\\/candas365.es\\\/noticias\\\/author\\\/admin\\\/#author\"},\"image\":{\"@type\":\"ImageObject\",\"url\":\"https:\\\/\\\/candas365.es\\\/noticias\\\/wp-content\\\/uploads\\\/2019\\\/01\\\/purchase-center-1043750_960_720.jpg\",\"@id\":\"https:\\\/\\\/candas365.es\\\/noticias\\\/la-facturacion-del-comercio-minorista-aleman-crecio-por-noveno-ano\\\/#mainImage\",\"width\":960,\"height\":625},\"primaryImageOfPage\":{\"@id\":\"https:\\\/\\\/candas365.es\\\/noticias\\\/la-facturacion-del-comercio-minorista-aleman-crecio-por-noveno-ano\\\/#mainImage\"},\"datePublished\":\"2019-01-07T20:19:34+01:00\",\"dateModified\":\"2019-01-07T20:20:07+01:00\"},{\"@type\":\"WebSite\",\"@id\":\"https:\\\/\\\/candas365.es\\\/noticias\\\/#website\",\"url\":\"https:\\\/\\\/candas365.es\\\/noticias\\\/\",\"name\":\"Cand\\u00e1s 365\",\"alternateName\":\"Cand\\u00e1s 365 Noticias\",\"description\":\"Actualidad desde Carre\\u00f1o para el mundo\",\"inLanguage\":\"es-ES\",\"publisher\":{\"@id\":\"https:\\\/\\\/candas365.es\\\/noticias\\\/#organization\"}}]}\n\t\t<\/script>\n\t\t<!-- All in One SEO Pro -->\r\n\t\t<title>La facturaci\u00f3n del comercio minorista alem\u00e1n creci\u00f3 por noveno a\u00f1o | Cand\u00e1s 365<\/title>\n\n","aioseo_head_json":{"title":"La facturaci\u00f3n del comercio minorista alem\u00e1n creci\u00f3 por noveno a\u00f1o | Cand\u00e1s 365","description":"Wiesbaden (Alemania), 7 ene (dpa) - El comercio minorista alem\u00e1n vio aumentar la facturaci\u00f3n en 2018 por noveno a\u00f1o consecutivo, indic\u00f3 hoy la Oficina Federal de Estad\u00edsticas. Los ingresos del ramo se incrementaron el a\u00f1o pasado en t\u00e9rminos reales hasta un 1,5 por ciento, seg\u00fan los c\u00e1lculos del organismo oficial. Teniendo en cuenta los aumentos","canonical_url":"https:\/\/candas365.es\/noticias\/la-facturacion-del-comercio-minorista-aleman-crecio-por-noveno-ano\/","robots":"max-image-preview:large","keywords":"actualidad","webmasterTools":{"google-site-verification":"UA-32230408-1","msvalidate.01":"354F3CDFB2DA171B47FBE9ABF1F88D5","miscellaneous":""},"schema":{"@context":"https:\/\/schema.org","@graph":[{"@type":"BreadcrumbList","@id":"https:\/\/candas365.es\/noticias\/la-facturacion-del-comercio-minorista-aleman-crecio-por-noveno-ano\/#breadcrumblist","itemListElement":[{"@type":"ListItem","@id":"https:\/\/candas365.es\/noticias#listItem","position":1,"name":"Home","item":"https:\/\/candas365.es\/noticias","nextItem":{"@type":"ListItem","@id":"https:\/\/candas365.es\/noticias\/category\/actualidad\/#listItem","name":"Actualidad"}},{"@type":"ListItem","@id":"https:\/\/candas365.es\/noticias\/category\/actualidad\/#listItem","position":2,"name":"Actualidad","item":"https:\/\/candas365.es\/noticias\/category\/actualidad\/","nextItem":{"@type":"ListItem","@id":"https:\/\/candas365.es\/noticias\/la-facturacion-del-comercio-minorista-aleman-crecio-por-noveno-ano\/#listItem","name":"La facturaci\u00f3n del comercio minorista alem\u00e1n creci\u00f3 por noveno a\u00f1o"},"previousItem":{"@type":"ListItem","@id":"https:\/\/candas365.es\/noticias#listItem","name":"Home"}},{"@type":"ListItem","@id":"https:\/\/candas365.es\/noticias\/la-facturacion-del-comercio-minorista-aleman-crecio-por-noveno-ano\/#listItem","position":3,"name":"La facturaci\u00f3n del comercio minorista alem\u00e1n creci\u00f3 por noveno a\u00f1o","previousItem":{"@type":"ListItem","@id":"https:\/\/candas365.es\/noticias\/category\/actualidad\/#listItem","name":"Actualidad"}}]},{"@type":"NewsArticle","@id":"https:\/\/candas365.es\/noticias\/la-facturacion-del-comercio-minorista-aleman-crecio-por-noveno-ano\/#newsarticle","name":"La facturaci\u00f3n del comercio minorista alem\u00e1n creci\u00f3 por noveno a\u00f1o | Cand\u00e1s 365","headline":"La facturaci\u00f3n del comercio minorista alem\u00e1n creci\u00f3 por noveno a\u00f1o","author":{"@id":"https:\/\/candas365.es\/noticias\/author\/admin\/#author"},"publisher":{"@id":"https:\/\/candas365.es\/noticias\/#organization"},"image":{"@type":"ImageObject","url":"https:\/\/candas365.es\/noticias\/wp-content\/uploads\/2019\/01\/purchase-center-1043750_960_720.jpg","width":960,"height":625},"datePublished":"2019-01-07T20:19:34+01:00","dateModified":"2019-01-07T20:20:07+01:00","inLanguage":"es-ES","mainEntityOfPage":{"@id":"https:\/\/candas365.es\/noticias\/la-facturacion-del-comercio-minorista-aleman-crecio-por-noveno-ano\/#webpage"},"isPartOf":{"@id":"https:\/\/candas365.es\/noticias\/la-facturacion-del-comercio-minorista-aleman-crecio-por-noveno-ano\/#webpage"},"articleSection":"Actualidad","dateline":"Publicado el enero 7, 2019."},{"@type":"Organization","@id":"https:\/\/candas365.es\/noticias\/#organization","name":"Cand\u00e1s 365","description":"Cand\u00e1s 365 es un diario digital independiente, fundado en 2012, con base en Asturias. Informamos con rigor sobre actualidad, sociedad, cultura y ocio, con una mirada local y global.","url":"https:\/\/candas365.es\/noticias\/","email":"info@candas365.es","telephone":"+34652131393","foundingDate":"2012-06-10","logo":{"@type":"ImageObject","url":"https:\/\/candas365.es\/noticias\/wp-content\/uploads\/2024\/09\/Candas-365-Redes.jpg","@id":"https:\/\/candas365.es\/noticias\/la-facturacion-del-comercio-minorista-aleman-crecio-por-noveno-ano\/#organizationLogo","width":1152,"height":864,"caption":"Cand\u00e1s 365 Redes"},"image":{"@id":"https:\/\/candas365.es\/noticias\/la-facturacion-del-comercio-minorista-aleman-crecio-por-noveno-ano\/#organizationLogo"},"sameAs":["https:\/\/www.facebook.com\/Nachofdezber","https:\/\/x.com\/NabercoDigital","https:\/\/www.instagram.com\/nachofdezber\/","https:\/\/www.youtube.com\/channel\/UCZP-2wLEB9Rv6erhFmqVnvg"],"address":{"@id":"https:\/\/candas365.es\/noticias\/#postaladdress","@type":"PostalAddress","streetAddress":"san antonio 4, san antonio 4","postalCode":"33430","addressLocality":"Cand\u00e1s","addressRegion":"Asturias","addressCountry":"ES"}},{"@type":"Person","@id":"https:\/\/candas365.es\/noticias\/author\/admin\/#author","url":"https:\/\/candas365.es\/noticias\/author\/admin\/","name":"Cand\u00e1s 365","image":{"@type":"ImageObject","@id":"https:\/\/candas365.es\/noticias\/la-facturacion-del-comercio-minorista-aleman-crecio-por-noveno-ano\/#authorImage","url":"https:\/\/secure.gravatar.com\/avatar\/496a8e03d0c493ede1718b7934145dbdf8d89be1036b0eec9544e1094c9de390?s=96&d=mm&r=g","width":96,"height":96,"caption":"Cand\u00e1s 365"},"sameAs":["https:\/\/www.facebook.com\/carrenoactualidad","https:\/\/twitter.com\/nbasturias","https:\/\/www.instagram.com\/nachofdezber\/","https:\/\/www.youtube.com\/channel\/UCZP-2wLEB9Rv6erhFmqVnvg"]},{"@type":"WebPage","@id":"https:\/\/candas365.es\/noticias\/la-facturacion-del-comercio-minorista-aleman-crecio-por-noveno-ano\/#webpage","url":"https:\/\/candas365.es\/noticias\/la-facturacion-del-comercio-minorista-aleman-crecio-por-noveno-ano\/","name":"La facturaci\u00f3n del comercio minorista alem\u00e1n creci\u00f3 por noveno a\u00f1o | Cand\u00e1s 365","description":"Wiesbaden (Alemania), 7 ene (dpa) - El comercio minorista alem\u00e1n vio aumentar la facturaci\u00f3n en 2018 por noveno a\u00f1o consecutivo, indic\u00f3 hoy la Oficina Federal de Estad\u00edsticas. Los ingresos del ramo se incrementaron el a\u00f1o pasado en t\u00e9rminos reales hasta un 1,5 por ciento, seg\u00fan los c\u00e1lculos del organismo oficial. Teniendo en cuenta los aumentos","inLanguage":"es-ES","isPartOf":{"@id":"https:\/\/candas365.es\/noticias\/#website"},"breadcrumb":{"@id":"https:\/\/candas365.es\/noticias\/la-facturacion-del-comercio-minorista-aleman-crecio-por-noveno-ano\/#breadcrumblist"},"author":{"@id":"https:\/\/candas365.es\/noticias\/author\/admin\/#author"},"creator":{"@id":"https:\/\/candas365.es\/noticias\/author\/admin\/#author"},"image":{"@type":"ImageObject","url":"https:\/\/candas365.es\/noticias\/wp-content\/uploads\/2019\/01\/purchase-center-1043750_960_720.jpg","@id":"https:\/\/candas365.es\/noticias\/la-facturacion-del-comercio-minorista-aleman-crecio-por-noveno-ano\/#mainImage","width":960,"height":625},"primaryImageOfPage":{"@id":"https:\/\/candas365.es\/noticias\/la-facturacion-del-comercio-minorista-aleman-crecio-por-noveno-ano\/#mainImage"},"datePublished":"2019-01-07T20:19:34+01:00","dateModified":"2019-01-07T20:20:07+01:00"},{"@type":"WebSite","@id":"https:\/\/candas365.es\/noticias\/#website","url":"https:\/\/candas365.es\/noticias\/","name":"Cand\u00e1s 365","alternateName":"Cand\u00e1s 365 Noticias","description":"Actualidad desde Carre\u00f1o para el mundo","inLanguage":"es-ES","publisher":{"@id":"https:\/\/candas365.es\/noticias\/#organization"}}]},"og:locale":"es_ES","og:site_name":"Cand\u00e1s 365","og:type":"article","og:title":"La facturaci\u00f3n del comercio minorista alem\u00e1n creci\u00f3 por noveno a\u00f1o | Cand\u00e1s 365","og:description":"Wiesbaden (Alemania), 7 ene (dpa) - El comercio minorista alem\u00e1n vio aumentar la facturaci\u00f3n en 2018 por noveno a\u00f1o consecutivo, indic\u00f3 hoy la Oficina Federal de Estad\u00edsticas. Los ingresos del ramo se incrementaron el a\u00f1o pasado en t\u00e9rminos reales hasta un 1,5 por ciento, seg\u00fan los c\u00e1lculos del organismo oficial. Teniendo en cuenta los aumentos","og:url":"https:\/\/candas365.es\/noticias\/la-facturacion-del-comercio-minorista-aleman-crecio-por-noveno-ano\/","og:image":"https:\/\/candas365.es\/noticias\/wp-content\/uploads\/2019\/01\/purchase-center-1043750_960_720.jpg","og:image:secure_url":"https:\/\/candas365.es\/noticias\/wp-content\/uploads\/2019\/01\/purchase-center-1043750_960_720.jpg","og:image:width":960,"og:image:height":625,"article:published_time":"2019-01-07T20:19:34+00:00","article:modified_time":"2019-01-07T20:20:07+00:00","article:publisher":"https:\/\/www.facebook.com\/Nachofdezber","article:author":"https:\/\/www.facebook.com\/carrenoactualidad","twitter:card":"summary_large_image","twitter:site":"@NabercoDigital","twitter:title":"La facturaci\u00f3n del comercio minorista alem\u00e1n creci\u00f3 por noveno a\u00f1o | Cand\u00e1s 365","twitter:description":"Wiesbaden (Alemania), 7 ene (dpa) - El comercio minorista alem\u00e1n vio aumentar la facturaci\u00f3n en 2018 por noveno a\u00f1o consecutivo, indic\u00f3 hoy la Oficina Federal de Estad\u00edsticas. Los ingresos del ramo se incrementaron el a\u00f1o pasado en t\u00e9rminos reales hasta un 1,5 por ciento, seg\u00fan los c\u00e1lculos del organismo oficial. Teniendo en cuenta los aumentos","twitter:creator":"@nbasturias","twitter:image":"https:\/\/candas365.es\/noticias\/wp-content\/uploads\/2019\/01\/purchase-center-1043750_960_720.jpg","twitter:label1":"Escrito por","twitter:data1":"Cand\u00e1s 365","twitter:label2":"Tiempo de lectura estimado","twitter:data2":"1 minuto"},"aioseo_meta_data":{"post_id":"113675","title":null,"description":null,"keywords":null,"keyphrases":null,"primary_term":null,"canonical_url":null,"og_title":null,"og_description":null,"og_object_type":"default","og_image_type":"default","og_image_url":null,"og_image_width":null,"og_image_height":null,"og_image_custom_url":null,"og_image_custom_fields":null,"og_video":null,"og_custom_url":null,"og_article_section":null,"og_article_tags":null,"twitter_use_og":false,"twitter_card":"default","twitter_image_type":"default","twitter_image_url":null,"twitter_image_custom_url":null,"twitter_image_custom_fields":null,"twitter_title":null,"twitter_description":null,"schema":{"blockGraphs":[],"customGraphs":[],"default":{"data":{"Article":[],"Course":[],"Dataset":[],"FAQPage":[],"Movie":[],"Person":[],"Product":[],"ProductReview":[],"Car":[],"Recipe":[],"Service":[],"SoftwareApplication":[],"WebPage":[]},"graphName":"","isEnabled":true},"graphs":[],"defaultGraph":"","defaultPostTypeGraph":""},"schema_type":null,"schema_type_options":null,"pillar_content":false,"robots_default":true,"robots_noindex":false,"robots_noarchive":false,"robots_nosnippet":false,"robots_nofollow":false,"robots_noimageindex":false,"robots_noodp":false,"robots_notranslate":false,"robots_max_snippet":null,"robots_max_videopreview":null,"robots_max_imagepreview":"large","priority":null,"frequency":null,"location":null,"local_seo":null,"seo_analyzer_scan_date":"2025-08-28 23:24:47","breadcrumb_settings":null,"limit_modified_date":false,"reviewed_by":null,"open_ai":null,"ai":null,"created":"2020-12-21 11:27:54","updated":"2025-08-28 23:24:47"},"aioseo_breadcrumb":"<div class=\"aioseo-breadcrumbs\"><span class=\"aioseo-breadcrumb\">\n\t<a href=\"https:\/\/candas365.es\/noticias\" title=\"Home\">Home<\/a>\n<\/span><span class=\"aioseo-breadcrumb-separator\">&ndash;<\/span><span class=\"aioseo-breadcrumb\">\n\t<a href=\"https:\/\/candas365.es\/noticias\/category\/actualidad\/\" title=\"Actualidad\">Actualidad<\/a>\n<\/span><span class=\"aioseo-breadcrumb-separator\">&ndash;<\/span><span class=\"aioseo-breadcrumb\">\n\tLa facturaci\u00f3n del comercio minorista alem\u00e1n creci\u00f3 por noveno a\u00f1o\n<\/span><\/div>","aioseo_breadcrumb_json":[{"label":"Home","link":"https:\/\/candas365.es\/noticias"},{"label":"Actualidad","link":"https:\/\/candas365.es\/noticias\/category\/actualidad\/"},{"label":"La facturaci\u00f3n del comercio minorista alem\u00e1n creci\u00f3 por noveno a\u00f1o","link":"https:\/\/candas365.es\/noticias\/la-facturacion-del-comercio-minorista-aleman-crecio-por-noveno-ano\/"}],"_links":{"self":[{"href":"https:\/\/candas365.es\/noticias\/wp-json\/wp\/v2\/posts\/113675","targetHints":{"allow":["GET"]}}],"collection":[{"href":"https:\/\/candas365.es\/noticias\/wp-json\/wp\/v2\/posts"}],"about":[{"href":"https:\/\/candas365.es\/noticias\/wp-json\/wp\/v2\/types\/post"}],"author":[{"embeddable":true,"href":"https:\/\/candas365.es\/noticias\/wp-json\/wp\/v2\/users\/1"}],"replies":[{"embeddable":true,"href":"https:\/\/candas365.es\/noticias\/wp-json\/wp\/v2\/comments?post=113675"}],"version-history":[{"count":0,"href":"https:\/\/candas365.es\/noticias\/wp-json\/wp\/v2\/posts\/113675\/revisions"}],"wp:featuredmedia":[{"embeddable":true,"href":"https:\/\/candas365.es\/noticias\/wp-json\/wp\/v2\/media\/113676"}],"wp:attachment":[{"href":"https:\/\/candas365.es\/noticias\/wp-json\/wp\/v2\/media?parent=113675"}],"wp:term":[{"taxonomy":"category","embeddable":true,"href":"https:\/\/candas365.es\/noticias\/wp-json\/wp\/v2\/categories?post=113675"},{"taxonomy":"post_tag","embeddable":true,"href":"https:\/\/candas365.es\/noticias\/wp-json\/wp\/v2\/tags?post=113675"}],"curies":[{"name":"wp","href":"https:\/\/api.w.org\/{rel}","templated":true}]}}