{"id":113673,"date":"2019-01-07T20:17:40","date_gmt":"2019-01-07T20:17:40","guid":{"rendered":"http:\/\/candas365.es\/noticias\/?p=113673"},"modified":"2019-01-07T20:17:40","modified_gmt":"2019-01-07T20:17:40","slug":"la-industria-alemana-vio-caer-los-pedidos-en-noviembre-por-primera-vez-en-tres-meses","status":"publish","type":"post","link":"https:\/\/candas365.es\/noticias\/la-industria-alemana-vio-caer-los-pedidos-en-noviembre-por-primera-vez-en-tres-meses\/","title":{"rendered":"La industria alemana vio caer los pedidos en noviembre por primera vez en tres meses"},"content":{"rendered":"<p><img fetchpriority=\"high\" decoding=\"async\" class=\"alignleft size-medium wp-image-99355\" src=\"https:\/\/candas365.es\/noticias\/wp-content\/uploads\/2018\/06\/money-1005477_960_720-360x240.jpg\" alt=\"\" width=\"360\" height=\"240\" srcset=\"https:\/\/candas365.es\/noticias\/wp-content\/uploads\/2018\/06\/money-1005477_960_720-360x240.jpg 360w, https:\/\/candas365.es\/noticias\/wp-content\/uploads\/2018\/06\/money-1005477_960_720-768x512.jpg 768w, https:\/\/candas365.es\/noticias\/wp-content\/uploads\/2018\/06\/money-1005477_960_720-655x437.jpg 655w, https:\/\/candas365.es\/noticias\/wp-content\/uploads\/2018\/06\/money-1005477_960_720-696x464.jpg 696w, https:\/\/candas365.es\/noticias\/wp-content\/uploads\/2018\/06\/money-1005477_960_720-630x420.jpg 630w, https:\/\/candas365.es\/noticias\/wp-content\/uploads\/2018\/06\/money-1005477_960_720.jpg 960w\" sizes=\"(max-width: 360px) 100vw, 360px\" \/>Wiesbaden (Alemania), 7 ene (dpa) &#8211; La industria alemana vio caer los pedidos en noviembre por primera vez en tres meses, seg\u00fan datos suministrados hoy por la Oficina Federal de Estad\u00edsticas.<\/p>\n<p>Los encargos al sector industrial cedieron un 0,1 por ciento respecto a octubre y un 4,3 por ciento en la comparaci\u00f3n interanual debido al fuerte debilitamiento de la demanda de la eurozona, agrega la informaci\u00f3n.<\/p>\n<p>La \u00faltima vez que los pedidos registraron una ca\u00edda fue en julio pasado. El declive de la demanda del exterior fue compensado en noviembre por un aumento de 2,4 por ciento de la demanda nacional.<\/p>\n<p>El ministerio alem\u00e1n de Econom\u00eda indic\u00f3 que espera una recuperaci\u00f3n de la coyuntura industrial debido al elevado volumen de encargos, si bien a un ritmo menor.<\/p>\n","protected":false},"excerpt":{"rendered":"<p>Wiesbaden (Alemania), 7 ene (dpa) &#8211; La industria alemana vio caer los pedidos en noviembre por primera vez en tres meses, seg\u00fan datos suministrados hoy por la Oficina Federal de Estad\u00edsticas. Los encargos al sector industrial cedieron un 0,1 por ciento respecto a octubre y un 4,3 por ciento en la comparaci\u00f3n interanual debido al<\/p>\n","protected":false},"author":1,"featured_media":96774,"comment_status":"closed","ping_status":"closed","sticky":false,"template":"","format":"standard","meta":{"footnotes":""},"categories":[343],"tags":[],"class_list":{"0":"post-113673","1":"post","2":"type-post","3":"status-publish","4":"format-standard","5":"has-post-thumbnail","7":"category-actualidad"},"aioseo_notices":[],"aioseo_head":"\n\t\t<!-- All in One SEO Pro 4.9.6.2 - aioseo.com -->\n\t<meta name=\"description\" content=\"Wiesbaden (Alemania), 7 ene (dpa) - La industria alemana vio caer los pedidos en noviembre por primera vez en tres meses, seg\u00fan datos suministrados hoy por la Oficina Federal de Estad\u00edsticas. Los encargos al sector industrial cedieron un 0,1 por ciento respecto a octubre y un 4,3 por ciento en la comparaci\u00f3n interanual debido al\" \/>\n\t<meta name=\"robots\" content=\"max-image-preview:large\" \/>\n\t<meta name=\"author\" content=\"Cand\u00e1s 365\"\/>\n\t<meta name=\"google-site-verification\" content=\"UA-32230408-1\" \/>\n\t<meta name=\"msvalidate.01\" content=\"354F3CDFB2DA171B47FBE9ABF1F88D5\" \/>\n\t<meta name=\"keywords\" content=\"actualidad\" \/>\n\t<link rel=\"canonical\" href=\"https:\/\/candas365.es\/noticias\/la-industria-alemana-vio-caer-los-pedidos-en-noviembre-por-primera-vez-en-tres-meses\/\" \/>\n\t<meta name=\"generator\" content=\"All in One SEO Pro (AIOSEO) 4.9.6.2\" \/>\n\t\t<meta property=\"og:locale\" content=\"es_ES\" \/>\n\t\t<meta property=\"og:site_name\" content=\"Cand\u00e1s 365\" \/>\n\t\t<meta property=\"og:type\" content=\"article\" \/>\n\t\t<meta property=\"og:title\" content=\"La industria alemana vio caer los pedidos en noviembre por primera vez en tres meses | Cand\u00e1s 365\" \/>\n\t\t<meta property=\"og:description\" content=\"Wiesbaden (Alemania), 7 ene (dpa) - La industria alemana vio caer los pedidos en noviembre por primera vez en tres meses, seg\u00fan datos suministrados hoy por la Oficina Federal de Estad\u00edsticas. Los encargos al sector industrial cedieron un 0,1 por ciento respecto a octubre y un 4,3 por ciento en la comparaci\u00f3n interanual debido al\" \/>\n\t\t<meta property=\"og:url\" content=\"https:\/\/candas365.es\/noticias\/la-industria-alemana-vio-caer-los-pedidos-en-noviembre-por-primera-vez-en-tres-meses\/\" \/>\n\t\t<meta property=\"og:image\" content=\"https:\/\/candas365.es\/noticias\/wp-content\/uploads\/2018\/05\/money-1005479_960_720.jpg\" \/>\n\t\t<meta property=\"og:image:secure_url\" content=\"https:\/\/candas365.es\/noticias\/wp-content\/uploads\/2018\/05\/money-1005479_960_720.jpg\" \/>\n\t\t<meta property=\"og:image:width\" content=\"960\" \/>\n\t\t<meta property=\"og:image:height\" content=\"619\" \/>\n\t\t<meta property=\"article:published_time\" content=\"2019-01-07T20:17:40+00:00\" \/>\n\t\t<meta property=\"article:modified_time\" content=\"2019-01-07T20:17:40+00:00\" \/>\n\t\t<meta property=\"article:publisher\" content=\"https:\/\/www.facebook.com\/Nachofdezber\" \/>\n\t\t<meta property=\"article:author\" content=\"https:\/\/www.facebook.com\/carrenoactualidad\" \/>\n\t\t<meta name=\"twitter:card\" content=\"summary_large_image\" \/>\n\t\t<meta name=\"twitter:site\" content=\"@NabercoDigital\" \/>\n\t\t<meta name=\"twitter:title\" content=\"La industria alemana vio caer los pedidos en noviembre por primera vez en tres meses | Cand\u00e1s 365\" \/>\n\t\t<meta name=\"twitter:description\" content=\"Wiesbaden (Alemania), 7 ene (dpa) - La industria alemana vio caer los pedidos en noviembre por primera vez en tres meses, seg\u00fan datos suministrados hoy por la Oficina Federal de Estad\u00edsticas. Los encargos al sector industrial cedieron un 0,1 por ciento respecto a octubre y un 4,3 por ciento en la comparaci\u00f3n interanual debido al\" \/>\n\t\t<meta name=\"twitter:creator\" content=\"@nbasturias\" \/>\n\t\t<meta name=\"twitter:image\" content=\"https:\/\/candas365.es\/noticias\/wp-content\/uploads\/2018\/05\/money-1005479_960_720.jpg\" \/>\n\t\t<meta name=\"twitter:label1\" content=\"Escrito por\" \/>\n\t\t<meta name=\"twitter:data1\" content=\"Cand\u00e1s 365\" \/>\n\t\t<meta name=\"twitter:label2\" content=\"Tiempo de lectura estimado\" \/>\n\t\t<meta name=\"twitter:data2\" content=\"1 minuto\" \/>\n\t\t<script type=\"application\/ld+json\" class=\"aioseo-schema\">\n\t\t\t{\"@context\":\"https:\\\/\\\/schema.org\",\"@graph\":[{\"@type\":\"BreadcrumbList\",\"@id\":\"https:\\\/\\\/candas365.es\\\/noticias\\\/la-industria-alemana-vio-caer-los-pedidos-en-noviembre-por-primera-vez-en-tres-meses\\\/#breadcrumblist\",\"itemListElement\":[{\"@type\":\"ListItem\",\"@id\":\"https:\\\/\\\/candas365.es\\\/noticias#listItem\",\"position\":1,\"name\":\"Home\",\"item\":\"https:\\\/\\\/candas365.es\\\/noticias\",\"nextItem\":{\"@type\":\"ListItem\",\"@id\":\"https:\\\/\\\/candas365.es\\\/noticias\\\/category\\\/actualidad\\\/#listItem\",\"name\":\"Actualidad\"}},{\"@type\":\"ListItem\",\"@id\":\"https:\\\/\\\/candas365.es\\\/noticias\\\/category\\\/actualidad\\\/#listItem\",\"position\":2,\"name\":\"Actualidad\",\"item\":\"https:\\\/\\\/candas365.es\\\/noticias\\\/category\\\/actualidad\\\/\",\"nextItem\":{\"@type\":\"ListItem\",\"@id\":\"https:\\\/\\\/candas365.es\\\/noticias\\\/la-industria-alemana-vio-caer-los-pedidos-en-noviembre-por-primera-vez-en-tres-meses\\\/#listItem\",\"name\":\"La industria alemana vio caer los pedidos en noviembre por primera vez en tres meses\"},\"previousItem\":{\"@type\":\"ListItem\",\"@id\":\"https:\\\/\\\/candas365.es\\\/noticias#listItem\",\"name\":\"Home\"}},{\"@type\":\"ListItem\",\"@id\":\"https:\\\/\\\/candas365.es\\\/noticias\\\/la-industria-alemana-vio-caer-los-pedidos-en-noviembre-por-primera-vez-en-tres-meses\\\/#listItem\",\"position\":3,\"name\":\"La industria alemana vio caer los pedidos en noviembre por primera vez en tres meses\",\"previousItem\":{\"@type\":\"ListItem\",\"@id\":\"https:\\\/\\\/candas365.es\\\/noticias\\\/category\\\/actualidad\\\/#listItem\",\"name\":\"Actualidad\"}}]},{\"@type\":\"NewsArticle\",\"@id\":\"https:\\\/\\\/candas365.es\\\/noticias\\\/la-industria-alemana-vio-caer-los-pedidos-en-noviembre-por-primera-vez-en-tres-meses\\\/#newsarticle\",\"name\":\"La industria alemana vio caer los pedidos en noviembre por primera vez en tres meses | Cand\\u00e1s 365\",\"headline\":\"La industria alemana vio caer los pedidos en noviembre por primera vez en tres meses\",\"author\":{\"@id\":\"https:\\\/\\\/candas365.es\\\/noticias\\\/author\\\/admin\\\/#author\"},\"publisher\":{\"@id\":\"https:\\\/\\\/candas365.es\\\/noticias\\\/#organization\"},\"image\":{\"@type\":\"ImageObject\",\"url\":\"https:\\\/\\\/candas365.es\\\/noticias\\\/wp-content\\\/uploads\\\/2018\\\/05\\\/money-1005479_960_720.jpg\",\"width\":960,\"height\":619},\"datePublished\":\"2019-01-07T20:17:40+01:00\",\"dateModified\":\"2019-01-07T20:17:40+01:00\",\"inLanguage\":\"es-ES\",\"mainEntityOfPage\":{\"@id\":\"https:\\\/\\\/candas365.es\\\/noticias\\\/la-industria-alemana-vio-caer-los-pedidos-en-noviembre-por-primera-vez-en-tres-meses\\\/#webpage\"},\"isPartOf\":{\"@id\":\"https:\\\/\\\/candas365.es\\\/noticias\\\/la-industria-alemana-vio-caer-los-pedidos-en-noviembre-por-primera-vez-en-tres-meses\\\/#webpage\"},\"articleSection\":\"Actualidad\",\"dateline\":\"Publicado el enero 7, 2019.\"},{\"@type\":\"Organization\",\"@id\":\"https:\\\/\\\/candas365.es\\\/noticias\\\/#organization\",\"name\":\"Cand\\u00e1s 365\",\"description\":\"Cand\\u00e1s 365 es un diario digital independiente, fundado en 2012, con base en Asturias. Informamos con rigor sobre actualidad, sociedad, cultura y ocio, con una mirada local y global.\",\"url\":\"https:\\\/\\\/candas365.es\\\/noticias\\\/\",\"email\":\"info@candas365.es\",\"telephone\":\"+34652131393\",\"foundingDate\":\"2012-06-10\",\"logo\":{\"@type\":\"ImageObject\",\"url\":\"https:\\\/\\\/candas365.es\\\/noticias\\\/wp-content\\\/uploads\\\/2024\\\/09\\\/Candas-365-Redes.jpg\",\"@id\":\"https:\\\/\\\/candas365.es\\\/noticias\\\/la-industria-alemana-vio-caer-los-pedidos-en-noviembre-por-primera-vez-en-tres-meses\\\/#organizationLogo\",\"width\":1152,\"height\":864,\"caption\":\"Cand\\u00e1s 365 Redes\"},\"image\":{\"@id\":\"https:\\\/\\\/candas365.es\\\/noticias\\\/la-industria-alemana-vio-caer-los-pedidos-en-noviembre-por-primera-vez-en-tres-meses\\\/#organizationLogo\"},\"sameAs\":[\"https:\\\/\\\/www.facebook.com\\\/Nachofdezber\",\"https:\\\/\\\/x.com\\\/NabercoDigital\",\"https:\\\/\\\/www.instagram.com\\\/nachofdezber\\\/\",\"https:\\\/\\\/www.youtube.com\\\/channel\\\/UCZP-2wLEB9Rv6erhFmqVnvg\"],\"address\":{\"@id\":\"https:\\\/\\\/candas365.es\\\/noticias\\\/#postaladdress\",\"@type\":\"PostalAddress\",\"streetAddress\":\"san antonio 4, san antonio 4\",\"postalCode\":\"33430\",\"addressLocality\":\"Cand\\u00e1s\",\"addressRegion\":\"Asturias\",\"addressCountry\":\"ES\"}},{\"@type\":\"Person\",\"@id\":\"https:\\\/\\\/candas365.es\\\/noticias\\\/author\\\/admin\\\/#author\",\"url\":\"https:\\\/\\\/candas365.es\\\/noticias\\\/author\\\/admin\\\/\",\"name\":\"Cand\\u00e1s 365\",\"image\":{\"@type\":\"ImageObject\",\"@id\":\"https:\\\/\\\/candas365.es\\\/noticias\\\/la-industria-alemana-vio-caer-los-pedidos-en-noviembre-por-primera-vez-en-tres-meses\\\/#authorImage\",\"url\":\"https:\\\/\\\/secure.gravatar.com\\\/avatar\\\/496a8e03d0c493ede1718b7934145dbdf8d89be1036b0eec9544e1094c9de390?s=96&d=mm&r=g\",\"width\":96,\"height\":96,\"caption\":\"Cand\\u00e1s 365\"},\"sameAs\":[\"https:\\\/\\\/www.facebook.com\\\/carrenoactualidad\",\"https:\\\/\\\/twitter.com\\\/nbasturias\",\"https:\\\/\\\/www.instagram.com\\\/nachofdezber\\\/\",\"https:\\\/\\\/www.youtube.com\\\/channel\\\/UCZP-2wLEB9Rv6erhFmqVnvg\"]},{\"@type\":\"WebPage\",\"@id\":\"https:\\\/\\\/candas365.es\\\/noticias\\\/la-industria-alemana-vio-caer-los-pedidos-en-noviembre-por-primera-vez-en-tres-meses\\\/#webpage\",\"url\":\"https:\\\/\\\/candas365.es\\\/noticias\\\/la-industria-alemana-vio-caer-los-pedidos-en-noviembre-por-primera-vez-en-tres-meses\\\/\",\"name\":\"La industria alemana vio caer los pedidos en noviembre por primera vez en tres meses | Cand\\u00e1s 365\",\"description\":\"Wiesbaden (Alemania), 7 ene (dpa) - La industria alemana vio caer los pedidos en noviembre por primera vez en tres meses, seg\\u00fan datos suministrados hoy por la Oficina Federal de Estad\\u00edsticas. Los encargos al sector industrial cedieron un 0,1 por ciento respecto a octubre y un 4,3 por ciento en la comparaci\\u00f3n interanual debido al\",\"inLanguage\":\"es-ES\",\"isPartOf\":{\"@id\":\"https:\\\/\\\/candas365.es\\\/noticias\\\/#website\"},\"breadcrumb\":{\"@id\":\"https:\\\/\\\/candas365.es\\\/noticias\\\/la-industria-alemana-vio-caer-los-pedidos-en-noviembre-por-primera-vez-en-tres-meses\\\/#breadcrumblist\"},\"author\":{\"@id\":\"https:\\\/\\\/candas365.es\\\/noticias\\\/author\\\/admin\\\/#author\"},\"creator\":{\"@id\":\"https:\\\/\\\/candas365.es\\\/noticias\\\/author\\\/admin\\\/#author\"},\"image\":{\"@type\":\"ImageObject\",\"url\":\"https:\\\/\\\/candas365.es\\\/noticias\\\/wp-content\\\/uploads\\\/2018\\\/05\\\/money-1005479_960_720.jpg\",\"@id\":\"https:\\\/\\\/candas365.es\\\/noticias\\\/la-industria-alemana-vio-caer-los-pedidos-en-noviembre-por-primera-vez-en-tres-meses\\\/#mainImage\",\"width\":960,\"height\":619},\"primaryImageOfPage\":{\"@id\":\"https:\\\/\\\/candas365.es\\\/noticias\\\/la-industria-alemana-vio-caer-los-pedidos-en-noviembre-por-primera-vez-en-tres-meses\\\/#mainImage\"},\"datePublished\":\"2019-01-07T20:17:40+01:00\",\"dateModified\":\"2019-01-07T20:17:40+01:00\"},{\"@type\":\"WebSite\",\"@id\":\"https:\\\/\\\/candas365.es\\\/noticias\\\/#website\",\"url\":\"https:\\\/\\\/candas365.es\\\/noticias\\\/\",\"name\":\"Cand\\u00e1s 365\",\"alternateName\":\"Cand\\u00e1s 365 Noticias\",\"description\":\"Actualidad desde Carre\\u00f1o para el mundo\",\"inLanguage\":\"es-ES\",\"publisher\":{\"@id\":\"https:\\\/\\\/candas365.es\\\/noticias\\\/#organization\"}}]}\n\t\t<\/script>\n\t\t<!-- All in One SEO Pro -->\r\n\t\t<title>La industria alemana vio caer los pedidos en noviembre por primera vez en tres meses | Cand\u00e1s 365<\/title>\n\n","aioseo_head_json":{"title":"La industria alemana vio caer los pedidos en noviembre por primera vez en tres meses | Cand\u00e1s 365","description":"Wiesbaden (Alemania), 7 ene (dpa) - La industria alemana vio caer los pedidos en noviembre por primera vez en tres meses, seg\u00fan datos suministrados hoy por la Oficina Federal de Estad\u00edsticas. Los encargos al sector industrial cedieron un 0,1 por ciento respecto a octubre y un 4,3 por ciento en la comparaci\u00f3n interanual debido al","canonical_url":"https:\/\/candas365.es\/noticias\/la-industria-alemana-vio-caer-los-pedidos-en-noviembre-por-primera-vez-en-tres-meses\/","robots":"max-image-preview:large","keywords":"actualidad","webmasterTools":{"google-site-verification":"UA-32230408-1","msvalidate.01":"354F3CDFB2DA171B47FBE9ABF1F88D5","miscellaneous":""},"schema":{"@context":"https:\/\/schema.org","@graph":[{"@type":"BreadcrumbList","@id":"https:\/\/candas365.es\/noticias\/la-industria-alemana-vio-caer-los-pedidos-en-noviembre-por-primera-vez-en-tres-meses\/#breadcrumblist","itemListElement":[{"@type":"ListItem","@id":"https:\/\/candas365.es\/noticias#listItem","position":1,"name":"Home","item":"https:\/\/candas365.es\/noticias","nextItem":{"@type":"ListItem","@id":"https:\/\/candas365.es\/noticias\/category\/actualidad\/#listItem","name":"Actualidad"}},{"@type":"ListItem","@id":"https:\/\/candas365.es\/noticias\/category\/actualidad\/#listItem","position":2,"name":"Actualidad","item":"https:\/\/candas365.es\/noticias\/category\/actualidad\/","nextItem":{"@type":"ListItem","@id":"https:\/\/candas365.es\/noticias\/la-industria-alemana-vio-caer-los-pedidos-en-noviembre-por-primera-vez-en-tres-meses\/#listItem","name":"La industria alemana vio caer los pedidos en noviembre por primera vez en tres meses"},"previousItem":{"@type":"ListItem","@id":"https:\/\/candas365.es\/noticias#listItem","name":"Home"}},{"@type":"ListItem","@id":"https:\/\/candas365.es\/noticias\/la-industria-alemana-vio-caer-los-pedidos-en-noviembre-por-primera-vez-en-tres-meses\/#listItem","position":3,"name":"La industria alemana vio caer los pedidos en noviembre por primera vez en tres meses","previousItem":{"@type":"ListItem","@id":"https:\/\/candas365.es\/noticias\/category\/actualidad\/#listItem","name":"Actualidad"}}]},{"@type":"NewsArticle","@id":"https:\/\/candas365.es\/noticias\/la-industria-alemana-vio-caer-los-pedidos-en-noviembre-por-primera-vez-en-tres-meses\/#newsarticle","name":"La industria alemana vio caer los pedidos en noviembre por primera vez en tres meses | Cand\u00e1s 365","headline":"La industria alemana vio caer los pedidos en noviembre por primera vez en tres meses","author":{"@id":"https:\/\/candas365.es\/noticias\/author\/admin\/#author"},"publisher":{"@id":"https:\/\/candas365.es\/noticias\/#organization"},"image":{"@type":"ImageObject","url":"https:\/\/candas365.es\/noticias\/wp-content\/uploads\/2018\/05\/money-1005479_960_720.jpg","width":960,"height":619},"datePublished":"2019-01-07T20:17:40+01:00","dateModified":"2019-01-07T20:17:40+01:00","inLanguage":"es-ES","mainEntityOfPage":{"@id":"https:\/\/candas365.es\/noticias\/la-industria-alemana-vio-caer-los-pedidos-en-noviembre-por-primera-vez-en-tres-meses\/#webpage"},"isPartOf":{"@id":"https:\/\/candas365.es\/noticias\/la-industria-alemana-vio-caer-los-pedidos-en-noviembre-por-primera-vez-en-tres-meses\/#webpage"},"articleSection":"Actualidad","dateline":"Publicado el enero 7, 2019."},{"@type":"Organization","@id":"https:\/\/candas365.es\/noticias\/#organization","name":"Cand\u00e1s 365","description":"Cand\u00e1s 365 es un diario digital independiente, fundado en 2012, con base en Asturias. Informamos con rigor sobre actualidad, sociedad, cultura y ocio, con una mirada local y global.","url":"https:\/\/candas365.es\/noticias\/","email":"info@candas365.es","telephone":"+34652131393","foundingDate":"2012-06-10","logo":{"@type":"ImageObject","url":"https:\/\/candas365.es\/noticias\/wp-content\/uploads\/2024\/09\/Candas-365-Redes.jpg","@id":"https:\/\/candas365.es\/noticias\/la-industria-alemana-vio-caer-los-pedidos-en-noviembre-por-primera-vez-en-tres-meses\/#organizationLogo","width":1152,"height":864,"caption":"Cand\u00e1s 365 Redes"},"image":{"@id":"https:\/\/candas365.es\/noticias\/la-industria-alemana-vio-caer-los-pedidos-en-noviembre-por-primera-vez-en-tres-meses\/#organizationLogo"},"sameAs":["https:\/\/www.facebook.com\/Nachofdezber","https:\/\/x.com\/NabercoDigital","https:\/\/www.instagram.com\/nachofdezber\/","https:\/\/www.youtube.com\/channel\/UCZP-2wLEB9Rv6erhFmqVnvg"],"address":{"@id":"https:\/\/candas365.es\/noticias\/#postaladdress","@type":"PostalAddress","streetAddress":"san antonio 4, san antonio 4","postalCode":"33430","addressLocality":"Cand\u00e1s","addressRegion":"Asturias","addressCountry":"ES"}},{"@type":"Person","@id":"https:\/\/candas365.es\/noticias\/author\/admin\/#author","url":"https:\/\/candas365.es\/noticias\/author\/admin\/","name":"Cand\u00e1s 365","image":{"@type":"ImageObject","@id":"https:\/\/candas365.es\/noticias\/la-industria-alemana-vio-caer-los-pedidos-en-noviembre-por-primera-vez-en-tres-meses\/#authorImage","url":"https:\/\/secure.gravatar.com\/avatar\/496a8e03d0c493ede1718b7934145dbdf8d89be1036b0eec9544e1094c9de390?s=96&d=mm&r=g","width":96,"height":96,"caption":"Cand\u00e1s 365"},"sameAs":["https:\/\/www.facebook.com\/carrenoactualidad","https:\/\/twitter.com\/nbasturias","https:\/\/www.instagram.com\/nachofdezber\/","https:\/\/www.youtube.com\/channel\/UCZP-2wLEB9Rv6erhFmqVnvg"]},{"@type":"WebPage","@id":"https:\/\/candas365.es\/noticias\/la-industria-alemana-vio-caer-los-pedidos-en-noviembre-por-primera-vez-en-tres-meses\/#webpage","url":"https:\/\/candas365.es\/noticias\/la-industria-alemana-vio-caer-los-pedidos-en-noviembre-por-primera-vez-en-tres-meses\/","name":"La industria alemana vio caer los pedidos en noviembre por primera vez en tres meses | Cand\u00e1s 365","description":"Wiesbaden (Alemania), 7 ene (dpa) - La industria alemana vio caer los pedidos en noviembre por primera vez en tres meses, seg\u00fan datos suministrados hoy por la Oficina Federal de Estad\u00edsticas. Los encargos al sector industrial cedieron un 0,1 por ciento respecto a octubre y un 4,3 por ciento en la comparaci\u00f3n interanual debido al","inLanguage":"es-ES","isPartOf":{"@id":"https:\/\/candas365.es\/noticias\/#website"},"breadcrumb":{"@id":"https:\/\/candas365.es\/noticias\/la-industria-alemana-vio-caer-los-pedidos-en-noviembre-por-primera-vez-en-tres-meses\/#breadcrumblist"},"author":{"@id":"https:\/\/candas365.es\/noticias\/author\/admin\/#author"},"creator":{"@id":"https:\/\/candas365.es\/noticias\/author\/admin\/#author"},"image":{"@type":"ImageObject","url":"https:\/\/candas365.es\/noticias\/wp-content\/uploads\/2018\/05\/money-1005479_960_720.jpg","@id":"https:\/\/candas365.es\/noticias\/la-industria-alemana-vio-caer-los-pedidos-en-noviembre-por-primera-vez-en-tres-meses\/#mainImage","width":960,"height":619},"primaryImageOfPage":{"@id":"https:\/\/candas365.es\/noticias\/la-industria-alemana-vio-caer-los-pedidos-en-noviembre-por-primera-vez-en-tres-meses\/#mainImage"},"datePublished":"2019-01-07T20:17:40+01:00","dateModified":"2019-01-07T20:17:40+01:00"},{"@type":"WebSite","@id":"https:\/\/candas365.es\/noticias\/#website","url":"https:\/\/candas365.es\/noticias\/","name":"Cand\u00e1s 365","alternateName":"Cand\u00e1s 365 Noticias","description":"Actualidad desde Carre\u00f1o para el mundo","inLanguage":"es-ES","publisher":{"@id":"https:\/\/candas365.es\/noticias\/#organization"}}]},"og:locale":"es_ES","og:site_name":"Cand\u00e1s 365","og:type":"article","og:title":"La industria alemana vio caer los pedidos en noviembre por primera vez en tres meses | Cand\u00e1s 365","og:description":"Wiesbaden (Alemania), 7 ene (dpa) - La industria alemana vio caer los pedidos en noviembre por primera vez en tres meses, seg\u00fan datos suministrados hoy por la Oficina Federal de Estad\u00edsticas. Los encargos al sector industrial cedieron un 0,1 por ciento respecto a octubre y un 4,3 por ciento en la comparaci\u00f3n interanual debido al","og:url":"https:\/\/candas365.es\/noticias\/la-industria-alemana-vio-caer-los-pedidos-en-noviembre-por-primera-vez-en-tres-meses\/","og:image":"https:\/\/candas365.es\/noticias\/wp-content\/uploads\/2018\/05\/money-1005479_960_720.jpg","og:image:secure_url":"https:\/\/candas365.es\/noticias\/wp-content\/uploads\/2018\/05\/money-1005479_960_720.jpg","og:image:width":960,"og:image:height":619,"article:published_time":"2019-01-07T20:17:40+00:00","article:modified_time":"2019-01-07T20:17:40+00:00","article:publisher":"https:\/\/www.facebook.com\/Nachofdezber","article:author":"https:\/\/www.facebook.com\/carrenoactualidad","twitter:card":"summary_large_image","twitter:site":"@NabercoDigital","twitter:title":"La industria alemana vio caer los pedidos en noviembre por primera vez en tres meses | Cand\u00e1s 365","twitter:description":"Wiesbaden (Alemania), 7 ene (dpa) - La industria alemana vio caer los pedidos en noviembre por primera vez en tres meses, seg\u00fan datos suministrados hoy por la Oficina Federal de Estad\u00edsticas. Los encargos al sector industrial cedieron un 0,1 por ciento respecto a octubre y un 4,3 por ciento en la comparaci\u00f3n interanual debido al","twitter:creator":"@nbasturias","twitter:image":"https:\/\/candas365.es\/noticias\/wp-content\/uploads\/2018\/05\/money-1005479_960_720.jpg","twitter:label1":"Escrito por","twitter:data1":"Cand\u00e1s 365","twitter:label2":"Tiempo de lectura estimado","twitter:data2":"1 minuto"},"aioseo_meta_data":{"post_id":"113673","title":null,"description":null,"keywords":null,"keyphrases":null,"primary_term":null,"canonical_url":null,"og_title":null,"og_description":null,"og_object_type":"default","og_image_type":"default","og_image_url":null,"og_image_width":null,"og_image_height":null,"og_image_custom_url":null,"og_image_custom_fields":null,"og_video":null,"og_custom_url":null,"og_article_section":null,"og_article_tags":null,"twitter_use_og":false,"twitter_card":"default","twitter_image_type":"default","twitter_image_url":null,"twitter_image_custom_url":null,"twitter_image_custom_fields":null,"twitter_title":null,"twitter_description":null,"schema":{"blockGraphs":[],"customGraphs":[],"default":{"data":{"Article":[],"Course":[],"Dataset":[],"FAQPage":[],"Movie":[],"Person":[],"Product":[],"ProductReview":[],"Car":[],"Recipe":[],"Service":[],"SoftwareApplication":[],"WebPage":[]},"graphName":"","isEnabled":true},"graphs":[]},"schema_type":null,"schema_type_options":null,"pillar_content":false,"robots_default":true,"robots_noindex":false,"robots_noarchive":false,"robots_nosnippet":false,"robots_nofollow":false,"robots_noimageindex":false,"robots_noodp":false,"robots_notranslate":false,"robots_max_snippet":null,"robots_max_videopreview":null,"robots_max_imagepreview":"large","priority":null,"frequency":null,"location":null,"local_seo":null,"seo_analyzer_scan_date":"2025-08-28 21:58:32","breadcrumb_settings":null,"limit_modified_date":false,"reviewed_by":null,"open_ai":null,"ai":null,"created":"2020-12-21 11:27:54","updated":"2025-08-28 21:58:32"},"aioseo_breadcrumb":"<div class=\"aioseo-breadcrumbs\"><span class=\"aioseo-breadcrumb\">\n\t<a href=\"https:\/\/candas365.es\/noticias\" title=\"Home\">Home<\/a>\n<\/span><span class=\"aioseo-breadcrumb-separator\">&ndash;<\/span><span class=\"aioseo-breadcrumb\">\n\t<a href=\"https:\/\/candas365.es\/noticias\/category\/actualidad\/\" title=\"Actualidad\">Actualidad<\/a>\n<\/span><span class=\"aioseo-breadcrumb-separator\">&ndash;<\/span><span class=\"aioseo-breadcrumb\">\n\tLa industria alemana vio caer los pedidos en noviembre por primera vez en tres meses\n<\/span><\/div>","aioseo_breadcrumb_json":[{"label":"Home","link":"https:\/\/candas365.es\/noticias"},{"label":"Actualidad","link":"https:\/\/candas365.es\/noticias\/category\/actualidad\/"},{"label":"La industria alemana vio caer los pedidos en noviembre por primera vez en tres meses","link":"https:\/\/candas365.es\/noticias\/la-industria-alemana-vio-caer-los-pedidos-en-noviembre-por-primera-vez-en-tres-meses\/"}],"_links":{"self":[{"href":"https:\/\/candas365.es\/noticias\/wp-json\/wp\/v2\/posts\/113673","targetHints":{"allow":["GET"]}}],"collection":[{"href":"https:\/\/candas365.es\/noticias\/wp-json\/wp\/v2\/posts"}],"about":[{"href":"https:\/\/candas365.es\/noticias\/wp-json\/wp\/v2\/types\/post"}],"author":[{"embeddable":true,"href":"https:\/\/candas365.es\/noticias\/wp-json\/wp\/v2\/users\/1"}],"replies":[{"embeddable":true,"href":"https:\/\/candas365.es\/noticias\/wp-json\/wp\/v2\/comments?post=113673"}],"version-history":[{"count":0,"href":"https:\/\/candas365.es\/noticias\/wp-json\/wp\/v2\/posts\/113673\/revisions"}],"wp:featuredmedia":[{"embeddable":true,"href":"https:\/\/candas365.es\/noticias\/wp-json\/wp\/v2\/media\/96774"}],"wp:attachment":[{"href":"https:\/\/candas365.es\/noticias\/wp-json\/wp\/v2\/media?parent=113673"}],"wp:term":[{"taxonomy":"category","embeddable":true,"href":"https:\/\/candas365.es\/noticias\/wp-json\/wp\/v2\/categories?post=113673"},{"taxonomy":"post_tag","embeddable":true,"href":"https:\/\/candas365.es\/noticias\/wp-json\/wp\/v2\/tags?post=113673"}],"curies":[{"name":"wp","href":"https:\/\/api.w.org\/{rel}","templated":true}]}}