{"id":113670,"date":"2019-01-07T20:08:51","date_gmt":"2019-01-07T20:08:51","guid":{"rendered":"http:\/\/candas365.es\/noticias\/?p=113670"},"modified":"2019-01-07T20:08:51","modified_gmt":"2019-01-07T20:08:51","slug":"alain-delon-sera-distinguido-con-la-orden-del-baile-de-la-opera-semper-de-dresde","status":"publish","type":"post","link":"https:\/\/candas365.es\/noticias\/alain-delon-sera-distinguido-con-la-orden-del-baile-de-la-opera-semper-de-dresde\/","title":{"rendered":"Alain Delon ser\u00e1 distinguido con la orden del Baile de la \u00d3pera Semper de Dresde"},"content":{"rendered":"<figure id=\"attachment_113671\" aria-describedby=\"caption-attachment-113671\" style=\"width: 360px\" class=\"wp-caption alignleft\"><img fetchpriority=\"high\" decoding=\"async\" class=\"size-medium wp-image-113671\" src=\"https:\/\/candas365.es\/noticias\/wp-content\/uploads\/2019\/01\/Alain-Delon-360x290.jpg\" alt=\"\" width=\"360\" height=\"290\" srcset=\"https:\/\/candas365.es\/noticias\/wp-content\/uploads\/2019\/01\/Alain-Delon-360x290.jpg 360w, https:\/\/candas365.es\/noticias\/wp-content\/uploads\/2019\/01\/Alain-Delon-768x620.jpg 768w, https:\/\/candas365.es\/noticias\/wp-content\/uploads\/2019\/01\/Alain-Delon-595x480.jpg 595w, https:\/\/candas365.es\/noticias\/wp-content\/uploads\/2019\/01\/Alain-Delon-696x561.jpg 696w, https:\/\/candas365.es\/noticias\/wp-content\/uploads\/2019\/01\/Alain-Delon-521x420.jpg 521w, https:\/\/candas365.es\/noticias\/wp-content\/uploads\/2019\/01\/Alain-Delon.jpg 843w\" sizes=\"(max-width: 360px) 100vw, 360px\" \/><figcaption id=\"caption-attachment-113671\" class=\"wp-caption-text\">Foto: Daniel Reinhardt\/dpa<\/figcaption><\/figure>\n<p>Dresde (Alemania), 7 ene (dpa) &#8211; El legendario actor franc\u00e9s Alain Delon, de 83 a\u00f1os, ser\u00e1 distinguido en Alemania con la orden del Baile de la \u00d3pera Semper de Dresde, comunic\u00f3 hoy el director art\u00edstico del baile, Hans-Joachim Frey.<\/p>\n<p>El tradicional baile de la ciudad del este alem\u00e1n ser\u00e1 celebrado el 1 de febrero. La orden de San Jorge es una r\u00e9plica de una joya procedente de la colecci\u00f3n de la llamada B\u00f3veda Verde, la antigua c\u00e1mara del tesoro de la dinast\u00eda real sajona de Wettin.<\/p>\n<p>Cada a\u00f1o, la orden es otorgada a distintas personalidades. En esta edici\u00f3n tambi\u00e9n ser\u00e1n galardonados el pr\u00edncipe Alberto II de M\u00f3naco y el t\u00e9cnico de la selecci\u00f3n rusa de f\u00fatbol, Stanislav Cherchesov.<\/p>\n","protected":false},"excerpt":{"rendered":"<p>Dresde (Alemania), 7 ene (dpa) &#8211; El legendario actor franc\u00e9s Alain Delon, de 83 a\u00f1os, ser\u00e1 distinguido en Alemania con la orden del Baile de la \u00d3pera Semper de Dresde, comunic\u00f3 hoy el director art\u00edstico del baile, Hans-Joachim Frey. El tradicional baile de la ciudad del este alem\u00e1n ser\u00e1 celebrado el 1 de febrero. La<\/p>\n","protected":false},"author":1,"featured_media":113671,"comment_status":"closed","ping_status":"closed","sticky":false,"template":"","format":"standard","meta":{"footnotes":""},"categories":[343],"tags":[],"class_list":{"0":"post-113670","1":"post","2":"type-post","3":"status-publish","4":"format-standard","5":"has-post-thumbnail","7":"category-actualidad"},"aioseo_notices":[],"aioseo_head":"\n\t\t<!-- All in One SEO Pro 4.9.6.2 - aioseo.com -->\n\t<meta name=\"description\" content=\"Dresde (Alemania), 7 ene (dpa) - El legendario actor franc\u00e9s Alain Delon, de 83 a\u00f1os, ser\u00e1 distinguido en Alemania con la orden del Baile de la \u00d3pera Semper de Dresde, comunic\u00f3 hoy el director art\u00edstico del baile, Hans-Joachim Frey. El tradicional baile de la ciudad del este alem\u00e1n ser\u00e1 celebrado el 1 de febrero. La\" \/>\n\t<meta name=\"robots\" content=\"max-image-preview:large\" \/>\n\t<meta name=\"author\" content=\"Cand\u00e1s 365\"\/>\n\t<meta name=\"google-site-verification\" content=\"UA-32230408-1\" \/>\n\t<meta name=\"msvalidate.01\" content=\"354F3CDFB2DA171B47FBE9ABF1F88D5\" \/>\n\t<meta name=\"keywords\" content=\"actualidad\" \/>\n\t<link rel=\"canonical\" href=\"https:\/\/candas365.es\/noticias\/alain-delon-sera-distinguido-con-la-orden-del-baile-de-la-opera-semper-de-dresde\/\" \/>\n\t<meta name=\"generator\" content=\"All in One SEO Pro (AIOSEO) 4.9.6.2\" \/>\n\t\t<meta property=\"og:locale\" content=\"es_ES\" \/>\n\t\t<meta property=\"og:site_name\" content=\"Cand\u00e1s 365\" \/>\n\t\t<meta property=\"og:type\" content=\"article\" \/>\n\t\t<meta property=\"og:title\" content=\"Alain Delon ser\u00e1 distinguido con la orden del Baile de la \u00d3pera Semper de Dresde | Cand\u00e1s 365\" \/>\n\t\t<meta property=\"og:description\" content=\"Dresde (Alemania), 7 ene (dpa) - El legendario actor franc\u00e9s Alain Delon, de 83 a\u00f1os, ser\u00e1 distinguido en Alemania con la orden del Baile de la \u00d3pera Semper de Dresde, comunic\u00f3 hoy el director art\u00edstico del baile, Hans-Joachim Frey. El tradicional baile de la ciudad del este alem\u00e1n ser\u00e1 celebrado el 1 de febrero. La\" \/>\n\t\t<meta property=\"og:url\" content=\"https:\/\/candas365.es\/noticias\/alain-delon-sera-distinguido-con-la-orden-del-baile-de-la-opera-semper-de-dresde\/\" \/>\n\t\t<meta property=\"og:image\" content=\"https:\/\/candas365.es\/noticias\/wp-content\/uploads\/2019\/01\/Alain-Delon.jpg\" \/>\n\t\t<meta property=\"og:image:secure_url\" content=\"https:\/\/candas365.es\/noticias\/wp-content\/uploads\/2019\/01\/Alain-Delon.jpg\" \/>\n\t\t<meta property=\"og:image:width\" content=\"843\" \/>\n\t\t<meta property=\"og:image:height\" content=\"680\" \/>\n\t\t<meta property=\"article:published_time\" content=\"2019-01-07T20:08:51+00:00\" \/>\n\t\t<meta property=\"article:modified_time\" content=\"2019-01-07T20:08:51+00:00\" \/>\n\t\t<meta property=\"article:publisher\" content=\"https:\/\/www.facebook.com\/Nachofdezber\" \/>\n\t\t<meta property=\"article:author\" content=\"https:\/\/www.facebook.com\/carrenoactualidad\" \/>\n\t\t<meta name=\"twitter:card\" content=\"summary_large_image\" \/>\n\t\t<meta name=\"twitter:site\" content=\"@NabercoDigital\" \/>\n\t\t<meta name=\"twitter:title\" content=\"Alain Delon ser\u00e1 distinguido con la orden del Baile de la \u00d3pera Semper de Dresde | Cand\u00e1s 365\" \/>\n\t\t<meta name=\"twitter:description\" content=\"Dresde (Alemania), 7 ene (dpa) - El legendario actor franc\u00e9s Alain Delon, de 83 a\u00f1os, ser\u00e1 distinguido en Alemania con la orden del Baile de la \u00d3pera Semper de Dresde, comunic\u00f3 hoy el director art\u00edstico del baile, Hans-Joachim Frey. El tradicional baile de la ciudad del este alem\u00e1n ser\u00e1 celebrado el 1 de febrero. La\" \/>\n\t\t<meta name=\"twitter:creator\" content=\"@nbasturias\" \/>\n\t\t<meta name=\"twitter:image\" content=\"https:\/\/candas365.es\/noticias\/wp-content\/uploads\/2019\/01\/Alain-Delon.jpg\" \/>\n\t\t<meta name=\"twitter:label1\" content=\"Escrito por\" \/>\n\t\t<meta name=\"twitter:data1\" content=\"Cand\u00e1s 365\" \/>\n\t\t<meta name=\"twitter:label2\" content=\"Tiempo de lectura estimado\" \/>\n\t\t<meta name=\"twitter:data2\" content=\"1 minuto\" \/>\n\t\t<script type=\"application\/ld+json\" class=\"aioseo-schema\">\n\t\t\t{\"@context\":\"https:\\\/\\\/schema.org\",\"@graph\":[{\"@type\":\"BreadcrumbList\",\"@id\":\"https:\\\/\\\/candas365.es\\\/noticias\\\/alain-delon-sera-distinguido-con-la-orden-del-baile-de-la-opera-semper-de-dresde\\\/#breadcrumblist\",\"itemListElement\":[{\"@type\":\"ListItem\",\"@id\":\"https:\\\/\\\/candas365.es\\\/noticias#listItem\",\"position\":1,\"name\":\"Home\",\"item\":\"https:\\\/\\\/candas365.es\\\/noticias\",\"nextItem\":{\"@type\":\"ListItem\",\"@id\":\"https:\\\/\\\/candas365.es\\\/noticias\\\/category\\\/actualidad\\\/#listItem\",\"name\":\"Actualidad\"}},{\"@type\":\"ListItem\",\"@id\":\"https:\\\/\\\/candas365.es\\\/noticias\\\/category\\\/actualidad\\\/#listItem\",\"position\":2,\"name\":\"Actualidad\",\"item\":\"https:\\\/\\\/candas365.es\\\/noticias\\\/category\\\/actualidad\\\/\",\"nextItem\":{\"@type\":\"ListItem\",\"@id\":\"https:\\\/\\\/candas365.es\\\/noticias\\\/alain-delon-sera-distinguido-con-la-orden-del-baile-de-la-opera-semper-de-dresde\\\/#listItem\",\"name\":\"Alain Delon ser\\u00e1 distinguido con la orden del Baile de la \\u00d3pera Semper de Dresde\"},\"previousItem\":{\"@type\":\"ListItem\",\"@id\":\"https:\\\/\\\/candas365.es\\\/noticias#listItem\",\"name\":\"Home\"}},{\"@type\":\"ListItem\",\"@id\":\"https:\\\/\\\/candas365.es\\\/noticias\\\/alain-delon-sera-distinguido-con-la-orden-del-baile-de-la-opera-semper-de-dresde\\\/#listItem\",\"position\":3,\"name\":\"Alain Delon ser\\u00e1 distinguido con la orden del Baile de la \\u00d3pera Semper de Dresde\",\"previousItem\":{\"@type\":\"ListItem\",\"@id\":\"https:\\\/\\\/candas365.es\\\/noticias\\\/category\\\/actualidad\\\/#listItem\",\"name\":\"Actualidad\"}}]},{\"@type\":\"NewsArticle\",\"@id\":\"https:\\\/\\\/candas365.es\\\/noticias\\\/alain-delon-sera-distinguido-con-la-orden-del-baile-de-la-opera-semper-de-dresde\\\/#newsarticle\",\"name\":\"Alain Delon ser\\u00e1 distinguido con la orden del Baile de la \\u00d3pera Semper de Dresde | Cand\\u00e1s 365\",\"headline\":\"Alain Delon ser\\u00e1 distinguido con la orden del Baile de la \\u00d3pera Semper de Dresde\",\"author\":{\"@id\":\"https:\\\/\\\/candas365.es\\\/noticias\\\/author\\\/admin\\\/#author\"},\"publisher\":{\"@id\":\"https:\\\/\\\/candas365.es\\\/noticias\\\/#organization\"},\"image\":{\"@type\":\"ImageObject\",\"url\":\"https:\\\/\\\/candas365.es\\\/noticias\\\/wp-content\\\/uploads\\\/2019\\\/01\\\/Alain-Delon.jpg\",\"width\":843,\"height\":680,\"caption\":\"Foto: Daniel Reinhardt\\\/dpa\"},\"datePublished\":\"2019-01-07T20:08:51+01:00\",\"dateModified\":\"2019-01-07T20:08:51+01:00\",\"inLanguage\":\"es-ES\",\"mainEntityOfPage\":{\"@id\":\"https:\\\/\\\/candas365.es\\\/noticias\\\/alain-delon-sera-distinguido-con-la-orden-del-baile-de-la-opera-semper-de-dresde\\\/#webpage\"},\"isPartOf\":{\"@id\":\"https:\\\/\\\/candas365.es\\\/noticias\\\/alain-delon-sera-distinguido-con-la-orden-del-baile-de-la-opera-semper-de-dresde\\\/#webpage\"},\"articleSection\":\"Actualidad\",\"dateline\":\"Publicado el enero 7, 2019.\"},{\"@type\":\"Organization\",\"@id\":\"https:\\\/\\\/candas365.es\\\/noticias\\\/#organization\",\"name\":\"Cand\\u00e1s 365\",\"description\":\"Cand\\u00e1s 365 es un diario digital independiente, fundado en 2012, con base en Asturias. Informamos con rigor sobre actualidad, sociedad, cultura y ocio, con una mirada local y global.\",\"url\":\"https:\\\/\\\/candas365.es\\\/noticias\\\/\",\"email\":\"info@candas365.es\",\"telephone\":\"+34652131393\",\"foundingDate\":\"2012-06-10\",\"logo\":{\"@type\":\"ImageObject\",\"url\":\"https:\\\/\\\/candas365.es\\\/noticias\\\/wp-content\\\/uploads\\\/2024\\\/09\\\/Candas-365-Redes.jpg\",\"@id\":\"https:\\\/\\\/candas365.es\\\/noticias\\\/alain-delon-sera-distinguido-con-la-orden-del-baile-de-la-opera-semper-de-dresde\\\/#organizationLogo\",\"width\":1152,\"height\":864,\"caption\":\"Cand\\u00e1s 365 Redes\"},\"image\":{\"@id\":\"https:\\\/\\\/candas365.es\\\/noticias\\\/alain-delon-sera-distinguido-con-la-orden-del-baile-de-la-opera-semper-de-dresde\\\/#organizationLogo\"},\"sameAs\":[\"https:\\\/\\\/www.facebook.com\\\/Nachofdezber\",\"https:\\\/\\\/x.com\\\/NabercoDigital\",\"https:\\\/\\\/www.instagram.com\\\/nachofdezber\\\/\",\"https:\\\/\\\/www.youtube.com\\\/channel\\\/UCZP-2wLEB9Rv6erhFmqVnvg\"],\"address\":{\"@id\":\"https:\\\/\\\/candas365.es\\\/noticias\\\/#postaladdress\",\"@type\":\"PostalAddress\",\"streetAddress\":\"san antonio 4, san antonio 4\",\"postalCode\":\"33430\",\"addressLocality\":\"Cand\\u00e1s\",\"addressRegion\":\"Asturias\",\"addressCountry\":\"ES\"}},{\"@type\":\"Person\",\"@id\":\"https:\\\/\\\/candas365.es\\\/noticias\\\/author\\\/admin\\\/#author\",\"url\":\"https:\\\/\\\/candas365.es\\\/noticias\\\/author\\\/admin\\\/\",\"name\":\"Cand\\u00e1s 365\",\"image\":{\"@type\":\"ImageObject\",\"@id\":\"https:\\\/\\\/candas365.es\\\/noticias\\\/alain-delon-sera-distinguido-con-la-orden-del-baile-de-la-opera-semper-de-dresde\\\/#authorImage\",\"url\":\"https:\\\/\\\/secure.gravatar.com\\\/avatar\\\/496a8e03d0c493ede1718b7934145dbdf8d89be1036b0eec9544e1094c9de390?s=96&d=mm&r=g\",\"width\":96,\"height\":96,\"caption\":\"Cand\\u00e1s 365\"},\"sameAs\":[\"https:\\\/\\\/www.facebook.com\\\/carrenoactualidad\",\"https:\\\/\\\/twitter.com\\\/nbasturias\",\"https:\\\/\\\/www.instagram.com\\\/nachofdezber\\\/\",\"https:\\\/\\\/www.youtube.com\\\/channel\\\/UCZP-2wLEB9Rv6erhFmqVnvg\"]},{\"@type\":\"WebPage\",\"@id\":\"https:\\\/\\\/candas365.es\\\/noticias\\\/alain-delon-sera-distinguido-con-la-orden-del-baile-de-la-opera-semper-de-dresde\\\/#webpage\",\"url\":\"https:\\\/\\\/candas365.es\\\/noticias\\\/alain-delon-sera-distinguido-con-la-orden-del-baile-de-la-opera-semper-de-dresde\\\/\",\"name\":\"Alain Delon ser\\u00e1 distinguido con la orden del Baile de la \\u00d3pera Semper de Dresde | Cand\\u00e1s 365\",\"description\":\"Dresde (Alemania), 7 ene (dpa) - El legendario actor franc\\u00e9s Alain Delon, de 83 a\\u00f1os, ser\\u00e1 distinguido en Alemania con la orden del Baile de la \\u00d3pera Semper de Dresde, comunic\\u00f3 hoy el director art\\u00edstico del baile, Hans-Joachim Frey. El tradicional baile de la ciudad del este alem\\u00e1n ser\\u00e1 celebrado el 1 de febrero. La\",\"inLanguage\":\"es-ES\",\"isPartOf\":{\"@id\":\"https:\\\/\\\/candas365.es\\\/noticias\\\/#website\"},\"breadcrumb\":{\"@id\":\"https:\\\/\\\/candas365.es\\\/noticias\\\/alain-delon-sera-distinguido-con-la-orden-del-baile-de-la-opera-semper-de-dresde\\\/#breadcrumblist\"},\"author\":{\"@id\":\"https:\\\/\\\/candas365.es\\\/noticias\\\/author\\\/admin\\\/#author\"},\"creator\":{\"@id\":\"https:\\\/\\\/candas365.es\\\/noticias\\\/author\\\/admin\\\/#author\"},\"image\":{\"@type\":\"ImageObject\",\"url\":\"https:\\\/\\\/candas365.es\\\/noticias\\\/wp-content\\\/uploads\\\/2019\\\/01\\\/Alain-Delon.jpg\",\"@id\":\"https:\\\/\\\/candas365.es\\\/noticias\\\/alain-delon-sera-distinguido-con-la-orden-del-baile-de-la-opera-semper-de-dresde\\\/#mainImage\",\"width\":843,\"height\":680,\"caption\":\"Foto: Daniel Reinhardt\\\/dpa\"},\"primaryImageOfPage\":{\"@id\":\"https:\\\/\\\/candas365.es\\\/noticias\\\/alain-delon-sera-distinguido-con-la-orden-del-baile-de-la-opera-semper-de-dresde\\\/#mainImage\"},\"datePublished\":\"2019-01-07T20:08:51+01:00\",\"dateModified\":\"2019-01-07T20:08:51+01:00\"},{\"@type\":\"WebSite\",\"@id\":\"https:\\\/\\\/candas365.es\\\/noticias\\\/#website\",\"url\":\"https:\\\/\\\/candas365.es\\\/noticias\\\/\",\"name\":\"Cand\\u00e1s 365\",\"alternateName\":\"Cand\\u00e1s 365 Noticias\",\"description\":\"Actualidad desde Carre\\u00f1o para el mundo\",\"inLanguage\":\"es-ES\",\"publisher\":{\"@id\":\"https:\\\/\\\/candas365.es\\\/noticias\\\/#organization\"}}]}\n\t\t<\/script>\n\t\t<!-- All in One SEO Pro -->\r\n\t\t<title>Alain Delon ser\u00e1 distinguido con la orden del Baile de la \u00d3pera Semper de Dresde | Cand\u00e1s 365<\/title>\n\n","aioseo_head_json":{"title":"Alain Delon ser\u00e1 distinguido con la orden del Baile de la \u00d3pera Semper de Dresde | Cand\u00e1s 365","description":"Dresde (Alemania), 7 ene (dpa) - El legendario actor franc\u00e9s Alain Delon, de 83 a\u00f1os, ser\u00e1 distinguido en Alemania con la orden del Baile de la \u00d3pera Semper de Dresde, comunic\u00f3 hoy el director art\u00edstico del baile, Hans-Joachim Frey. El tradicional baile de la ciudad del este alem\u00e1n ser\u00e1 celebrado el 1 de febrero. La","canonical_url":"https:\/\/candas365.es\/noticias\/alain-delon-sera-distinguido-con-la-orden-del-baile-de-la-opera-semper-de-dresde\/","robots":"max-image-preview:large","keywords":"actualidad","webmasterTools":{"google-site-verification":"UA-32230408-1","msvalidate.01":"354F3CDFB2DA171B47FBE9ABF1F88D5","miscellaneous":""},"schema":{"@context":"https:\/\/schema.org","@graph":[{"@type":"BreadcrumbList","@id":"https:\/\/candas365.es\/noticias\/alain-delon-sera-distinguido-con-la-orden-del-baile-de-la-opera-semper-de-dresde\/#breadcrumblist","itemListElement":[{"@type":"ListItem","@id":"https:\/\/candas365.es\/noticias#listItem","position":1,"name":"Home","item":"https:\/\/candas365.es\/noticias","nextItem":{"@type":"ListItem","@id":"https:\/\/candas365.es\/noticias\/category\/actualidad\/#listItem","name":"Actualidad"}},{"@type":"ListItem","@id":"https:\/\/candas365.es\/noticias\/category\/actualidad\/#listItem","position":2,"name":"Actualidad","item":"https:\/\/candas365.es\/noticias\/category\/actualidad\/","nextItem":{"@type":"ListItem","@id":"https:\/\/candas365.es\/noticias\/alain-delon-sera-distinguido-con-la-orden-del-baile-de-la-opera-semper-de-dresde\/#listItem","name":"Alain Delon ser\u00e1 distinguido con la orden del Baile de la \u00d3pera Semper de Dresde"},"previousItem":{"@type":"ListItem","@id":"https:\/\/candas365.es\/noticias#listItem","name":"Home"}},{"@type":"ListItem","@id":"https:\/\/candas365.es\/noticias\/alain-delon-sera-distinguido-con-la-orden-del-baile-de-la-opera-semper-de-dresde\/#listItem","position":3,"name":"Alain Delon ser\u00e1 distinguido con la orden del Baile de la \u00d3pera Semper de Dresde","previousItem":{"@type":"ListItem","@id":"https:\/\/candas365.es\/noticias\/category\/actualidad\/#listItem","name":"Actualidad"}}]},{"@type":"NewsArticle","@id":"https:\/\/candas365.es\/noticias\/alain-delon-sera-distinguido-con-la-orden-del-baile-de-la-opera-semper-de-dresde\/#newsarticle","name":"Alain Delon ser\u00e1 distinguido con la orden del Baile de la \u00d3pera Semper de Dresde | Cand\u00e1s 365","headline":"Alain Delon ser\u00e1 distinguido con la orden del Baile de la \u00d3pera Semper de Dresde","author":{"@id":"https:\/\/candas365.es\/noticias\/author\/admin\/#author"},"publisher":{"@id":"https:\/\/candas365.es\/noticias\/#organization"},"image":{"@type":"ImageObject","url":"https:\/\/candas365.es\/noticias\/wp-content\/uploads\/2019\/01\/Alain-Delon.jpg","width":843,"height":680,"caption":"Foto: Daniel Reinhardt\/dpa"},"datePublished":"2019-01-07T20:08:51+01:00","dateModified":"2019-01-07T20:08:51+01:00","inLanguage":"es-ES","mainEntityOfPage":{"@id":"https:\/\/candas365.es\/noticias\/alain-delon-sera-distinguido-con-la-orden-del-baile-de-la-opera-semper-de-dresde\/#webpage"},"isPartOf":{"@id":"https:\/\/candas365.es\/noticias\/alain-delon-sera-distinguido-con-la-orden-del-baile-de-la-opera-semper-de-dresde\/#webpage"},"articleSection":"Actualidad","dateline":"Publicado el enero 7, 2019."},{"@type":"Organization","@id":"https:\/\/candas365.es\/noticias\/#organization","name":"Cand\u00e1s 365","description":"Cand\u00e1s 365 es un diario digital independiente, fundado en 2012, con base en Asturias. Informamos con rigor sobre actualidad, sociedad, cultura y ocio, con una mirada local y global.","url":"https:\/\/candas365.es\/noticias\/","email":"info@candas365.es","telephone":"+34652131393","foundingDate":"2012-06-10","logo":{"@type":"ImageObject","url":"https:\/\/candas365.es\/noticias\/wp-content\/uploads\/2024\/09\/Candas-365-Redes.jpg","@id":"https:\/\/candas365.es\/noticias\/alain-delon-sera-distinguido-con-la-orden-del-baile-de-la-opera-semper-de-dresde\/#organizationLogo","width":1152,"height":864,"caption":"Cand\u00e1s 365 Redes"},"image":{"@id":"https:\/\/candas365.es\/noticias\/alain-delon-sera-distinguido-con-la-orden-del-baile-de-la-opera-semper-de-dresde\/#organizationLogo"},"sameAs":["https:\/\/www.facebook.com\/Nachofdezber","https:\/\/x.com\/NabercoDigital","https:\/\/www.instagram.com\/nachofdezber\/","https:\/\/www.youtube.com\/channel\/UCZP-2wLEB9Rv6erhFmqVnvg"],"address":{"@id":"https:\/\/candas365.es\/noticias\/#postaladdress","@type":"PostalAddress","streetAddress":"san antonio 4, san antonio 4","postalCode":"33430","addressLocality":"Cand\u00e1s","addressRegion":"Asturias","addressCountry":"ES"}},{"@type":"Person","@id":"https:\/\/candas365.es\/noticias\/author\/admin\/#author","url":"https:\/\/candas365.es\/noticias\/author\/admin\/","name":"Cand\u00e1s 365","image":{"@type":"ImageObject","@id":"https:\/\/candas365.es\/noticias\/alain-delon-sera-distinguido-con-la-orden-del-baile-de-la-opera-semper-de-dresde\/#authorImage","url":"https:\/\/secure.gravatar.com\/avatar\/496a8e03d0c493ede1718b7934145dbdf8d89be1036b0eec9544e1094c9de390?s=96&d=mm&r=g","width":96,"height":96,"caption":"Cand\u00e1s 365"},"sameAs":["https:\/\/www.facebook.com\/carrenoactualidad","https:\/\/twitter.com\/nbasturias","https:\/\/www.instagram.com\/nachofdezber\/","https:\/\/www.youtube.com\/channel\/UCZP-2wLEB9Rv6erhFmqVnvg"]},{"@type":"WebPage","@id":"https:\/\/candas365.es\/noticias\/alain-delon-sera-distinguido-con-la-orden-del-baile-de-la-opera-semper-de-dresde\/#webpage","url":"https:\/\/candas365.es\/noticias\/alain-delon-sera-distinguido-con-la-orden-del-baile-de-la-opera-semper-de-dresde\/","name":"Alain Delon ser\u00e1 distinguido con la orden del Baile de la \u00d3pera Semper de Dresde | Cand\u00e1s 365","description":"Dresde (Alemania), 7 ene (dpa) - El legendario actor franc\u00e9s Alain Delon, de 83 a\u00f1os, ser\u00e1 distinguido en Alemania con la orden del Baile de la \u00d3pera Semper de Dresde, comunic\u00f3 hoy el director art\u00edstico del baile, Hans-Joachim Frey. El tradicional baile de la ciudad del este alem\u00e1n ser\u00e1 celebrado el 1 de febrero. La","inLanguage":"es-ES","isPartOf":{"@id":"https:\/\/candas365.es\/noticias\/#website"},"breadcrumb":{"@id":"https:\/\/candas365.es\/noticias\/alain-delon-sera-distinguido-con-la-orden-del-baile-de-la-opera-semper-de-dresde\/#breadcrumblist"},"author":{"@id":"https:\/\/candas365.es\/noticias\/author\/admin\/#author"},"creator":{"@id":"https:\/\/candas365.es\/noticias\/author\/admin\/#author"},"image":{"@type":"ImageObject","url":"https:\/\/candas365.es\/noticias\/wp-content\/uploads\/2019\/01\/Alain-Delon.jpg","@id":"https:\/\/candas365.es\/noticias\/alain-delon-sera-distinguido-con-la-orden-del-baile-de-la-opera-semper-de-dresde\/#mainImage","width":843,"height":680,"caption":"Foto: Daniel Reinhardt\/dpa"},"primaryImageOfPage":{"@id":"https:\/\/candas365.es\/noticias\/alain-delon-sera-distinguido-con-la-orden-del-baile-de-la-opera-semper-de-dresde\/#mainImage"},"datePublished":"2019-01-07T20:08:51+01:00","dateModified":"2019-01-07T20:08:51+01:00"},{"@type":"WebSite","@id":"https:\/\/candas365.es\/noticias\/#website","url":"https:\/\/candas365.es\/noticias\/","name":"Cand\u00e1s 365","alternateName":"Cand\u00e1s 365 Noticias","description":"Actualidad desde Carre\u00f1o para el mundo","inLanguage":"es-ES","publisher":{"@id":"https:\/\/candas365.es\/noticias\/#organization"}}]},"og:locale":"es_ES","og:site_name":"Cand\u00e1s 365","og:type":"article","og:title":"Alain Delon ser\u00e1 distinguido con la orden del Baile de la \u00d3pera Semper de Dresde | Cand\u00e1s 365","og:description":"Dresde (Alemania), 7 ene (dpa) - El legendario actor franc\u00e9s Alain Delon, de 83 a\u00f1os, ser\u00e1 distinguido en Alemania con la orden del Baile de la \u00d3pera Semper de Dresde, comunic\u00f3 hoy el director art\u00edstico del baile, Hans-Joachim Frey. El tradicional baile de la ciudad del este alem\u00e1n ser\u00e1 celebrado el 1 de febrero. La","og:url":"https:\/\/candas365.es\/noticias\/alain-delon-sera-distinguido-con-la-orden-del-baile-de-la-opera-semper-de-dresde\/","og:image":"https:\/\/candas365.es\/noticias\/wp-content\/uploads\/2019\/01\/Alain-Delon.jpg","og:image:secure_url":"https:\/\/candas365.es\/noticias\/wp-content\/uploads\/2019\/01\/Alain-Delon.jpg","og:image:width":843,"og:image:height":680,"article:published_time":"2019-01-07T20:08:51+00:00","article:modified_time":"2019-01-07T20:08:51+00:00","article:publisher":"https:\/\/www.facebook.com\/Nachofdezber","article:author":"https:\/\/www.facebook.com\/carrenoactualidad","twitter:card":"summary_large_image","twitter:site":"@NabercoDigital","twitter:title":"Alain Delon ser\u00e1 distinguido con la orden del Baile de la \u00d3pera Semper de Dresde | Cand\u00e1s 365","twitter:description":"Dresde (Alemania), 7 ene (dpa) - El legendario actor franc\u00e9s Alain Delon, de 83 a\u00f1os, ser\u00e1 distinguido en Alemania con la orden del Baile de la \u00d3pera Semper de Dresde, comunic\u00f3 hoy el director art\u00edstico del baile, Hans-Joachim Frey. El tradicional baile de la ciudad del este alem\u00e1n ser\u00e1 celebrado el 1 de febrero. La","twitter:creator":"@nbasturias","twitter:image":"https:\/\/candas365.es\/noticias\/wp-content\/uploads\/2019\/01\/Alain-Delon.jpg","twitter:label1":"Escrito por","twitter:data1":"Cand\u00e1s 365","twitter:label2":"Tiempo de lectura estimado","twitter:data2":"1 minuto"},"aioseo_meta_data":{"post_id":"113670","title":null,"description":null,"keywords":null,"keyphrases":null,"primary_term":null,"canonical_url":null,"og_title":null,"og_description":null,"og_object_type":"default","og_image_type":"default","og_image_url":null,"og_image_width":null,"og_image_height":null,"og_image_custom_url":null,"og_image_custom_fields":null,"og_video":null,"og_custom_url":null,"og_article_section":null,"og_article_tags":null,"twitter_use_og":false,"twitter_card":"default","twitter_image_type":"default","twitter_image_url":null,"twitter_image_custom_url":null,"twitter_image_custom_fields":null,"twitter_title":null,"twitter_description":null,"schema":{"blockGraphs":[],"customGraphs":[],"default":{"data":{"Article":[],"Course":[],"Dataset":[],"FAQPage":[],"Movie":[],"Person":[],"Product":[],"ProductReview":[],"Car":[],"Recipe":[],"Service":[],"SoftwareApplication":[],"WebPage":[]},"graphName":"","isEnabled":true},"graphs":[],"defaultGraph":"","defaultPostTypeGraph":""},"schema_type":null,"schema_type_options":null,"pillar_content":false,"robots_default":true,"robots_noindex":false,"robots_noarchive":false,"robots_nosnippet":false,"robots_nofollow":false,"robots_noimageindex":false,"robots_noodp":false,"robots_notranslate":false,"robots_max_snippet":null,"robots_max_videopreview":null,"robots_max_imagepreview":"large","priority":null,"frequency":null,"location":null,"local_seo":null,"seo_analyzer_scan_date":"2025-08-28 21:58:31","breadcrumb_settings":null,"limit_modified_date":false,"reviewed_by":null,"open_ai":null,"ai":null,"created":"2020-12-21 11:27:54","updated":"2025-08-28 21:58:31"},"aioseo_breadcrumb":"<div class=\"aioseo-breadcrumbs\"><span class=\"aioseo-breadcrumb\">\n\t<a href=\"https:\/\/candas365.es\/noticias\" title=\"Home\">Home<\/a>\n<\/span><span class=\"aioseo-breadcrumb-separator\">&ndash;<\/span><span class=\"aioseo-breadcrumb\">\n\t<a href=\"https:\/\/candas365.es\/noticias\/category\/actualidad\/\" title=\"Actualidad\">Actualidad<\/a>\n<\/span><span class=\"aioseo-breadcrumb-separator\">&ndash;<\/span><span class=\"aioseo-breadcrumb\">\n\tAlain Delon ser\u00e1 distinguido con la orden del Baile de la \u00d3pera Semper de Dresde\n<\/span><\/div>","aioseo_breadcrumb_json":[{"label":"Home","link":"https:\/\/candas365.es\/noticias"},{"label":"Actualidad","link":"https:\/\/candas365.es\/noticias\/category\/actualidad\/"},{"label":"Alain Delon ser\u00e1 distinguido con la orden del Baile de la \u00d3pera Semper de Dresde","link":"https:\/\/candas365.es\/noticias\/alain-delon-sera-distinguido-con-la-orden-del-baile-de-la-opera-semper-de-dresde\/"}],"_links":{"self":[{"href":"https:\/\/candas365.es\/noticias\/wp-json\/wp\/v2\/posts\/113670","targetHints":{"allow":["GET"]}}],"collection":[{"href":"https:\/\/candas365.es\/noticias\/wp-json\/wp\/v2\/posts"}],"about":[{"href":"https:\/\/candas365.es\/noticias\/wp-json\/wp\/v2\/types\/post"}],"author":[{"embeddable":true,"href":"https:\/\/candas365.es\/noticias\/wp-json\/wp\/v2\/users\/1"}],"replies":[{"embeddable":true,"href":"https:\/\/candas365.es\/noticias\/wp-json\/wp\/v2\/comments?post=113670"}],"version-history":[{"count":0,"href":"https:\/\/candas365.es\/noticias\/wp-json\/wp\/v2\/posts\/113670\/revisions"}],"wp:featuredmedia":[{"embeddable":true,"href":"https:\/\/candas365.es\/noticias\/wp-json\/wp\/v2\/media\/113671"}],"wp:attachment":[{"href":"https:\/\/candas365.es\/noticias\/wp-json\/wp\/v2\/media?parent=113670"}],"wp:term":[{"taxonomy":"category","embeddable":true,"href":"https:\/\/candas365.es\/noticias\/wp-json\/wp\/v2\/categories?post=113670"},{"taxonomy":"post_tag","embeddable":true,"href":"https:\/\/candas365.es\/noticias\/wp-json\/wp\/v2\/tags?post=113670"}],"curies":[{"name":"wp","href":"https:\/\/api.w.org\/{rel}","templated":true}]}}