{"id":113665,"date":"2019-01-07T20:01:45","date_gmt":"2019-01-07T20:01:45","guid":{"rendered":"http:\/\/candas365.es\/noticias\/?p=113665"},"modified":"2019-01-07T20:01:45","modified_gmt":"2019-01-07T20:01:45","slug":"las-nevadas-en-baviera-siguen-dificultando-el-trafico","status":"publish","type":"post","link":"https:\/\/candas365.es\/noticias\/las-nevadas-en-baviera-siguen-dificultando-el-trafico\/","title":{"rendered":"Las nevadas en Baviera siguen dificultando el tr\u00e1fico"},"content":{"rendered":"<figure id=\"attachment_113666\" aria-describedby=\"caption-attachment-113666\" style=\"width: 360px\" class=\"wp-caption alignleft\"><img fetchpriority=\"high\" decoding=\"async\" class=\"size-medium wp-image-113666\" src=\"https:\/\/candas365.es\/noticias\/wp-content\/uploads\/2019\/01\/nevadas-Baviera-360x229.jpg\" alt=\"\" width=\"360\" height=\"229\" srcset=\"https:\/\/candas365.es\/noticias\/wp-content\/uploads\/2019\/01\/nevadas-Baviera-360x229.jpg 360w, https:\/\/candas365.es\/noticias\/wp-content\/uploads\/2019\/01\/nevadas-Baviera-768x489.jpg 768w, https:\/\/candas365.es\/noticias\/wp-content\/uploads\/2019\/01\/nevadas-Baviera-655x417.jpg 655w, https:\/\/candas365.es\/noticias\/wp-content\/uploads\/2019\/01\/nevadas-Baviera-696x444.jpg 696w, https:\/\/candas365.es\/noticias\/wp-content\/uploads\/2019\/01\/nevadas-Baviera-659x420.jpg 659w, https:\/\/candas365.es\/noticias\/wp-content\/uploads\/2019\/01\/nevadas-Baviera.jpg 1034w\" sizes=\"(max-width: 360px) 100vw, 360px\" \/><figcaption id=\"caption-attachment-113666\" class=\"wp-caption-text\">La nieve impide el paso a los camiones en la autopista A8, en Baviera. Foto: Tobias Hase\/dpa<\/figcaption><\/figure>\n<p>M\u00fanich\/Salzburgo, 7 ene (dpa) &#8211; Las fuertes nevadas que cayeron el fin de semana en Baviera segu\u00edan dificultando hoy el tr\u00e1fico en esta regi\u00f3n alemana.<\/p>\n<p>Aunque el temporal de nieve amain\u00f3 en la noche del lunes, a\u00fan sigue habiendo impedimentos en las carreteras y en el tr\u00e1fico ferroviario, a lo que se sumaron cierres de carreteras por el peligro de aludes.<\/p>\n<p>En toda la regi\u00f3n alpina alemana reina el nivel cuatro, el segundo nivel m\u00e1s alto de peligro de aludes. El pron\u00f3stico del tiempo prev\u00e9 que siga nevando en los pr\u00f3ximos d\u00edas.<\/p>\n<p>Hoy est\u00e1n pronosticados hasta 20 cent\u00edmetros de nieve en la comarca de Berchtesgadener Land y en Algovia hasta cinco cent\u00edmetros m\u00e1s de nieve, inform\u00f3 un experto del Servicio Meteorol\u00f3gico Alem\u00e1n DWD y advirti\u00f3 del gran riesgo de aludes o de las ramas que se pueden romper por el peso de la nieve.<\/p>\n<p>Tambi\u00e9n en Autria el peligro de avalanchas seguir\u00e1 siendo alto en los pr\u00f3ximos d\u00edas, dijeron expertos y autoridades. \u00abMantenerse fuera de las pistas se\u00f1aladas supone ahora y en los pr\u00f3ximos d\u00edas un gran riesgo que pone en peligro la vida\u00bb, advirti\u00f3 el gobierno del estado federado de Salzburgo en un comunicado.<\/p>\n<p>El domingo hubo cientos de avalanchas de nieve debido a las fuertes nevadas y a las capas de nieve inestables, indic\u00f3 el experto en aludes Bernhard Niedermoser.<\/p>\n<p>En la monta\u00f1as austriacas fallecieron dos esquiadores alemanes. En un accidente producido en la regi\u00f3n de Dam\u00fcls falleci\u00f3 un hombre de 32 a\u00f1os. Otra avalancha se cobr\u00f3 el s\u00e1bado la vida de una joven de 20 a\u00f1os. En Alemania, un hombre de 44 a\u00f1os falleci\u00f3 al ca\u00e9rsele encima las ramas de un \u00e1rbol.<\/p>\n<p>En Alemania muchos alumnos se vieron beneficiados por una vacaciones navide\u00f1as prolongadas al suspender las autoridades las clases para hoy en algunos distritos.<\/p>\n","protected":false},"excerpt":{"rendered":"<p>M\u00fanich\/Salzburgo, 7 ene (dpa) &#8211; Las fuertes nevadas que cayeron el fin de semana en Baviera segu\u00edan dificultando hoy el tr\u00e1fico en esta regi\u00f3n alemana. Aunque el temporal de nieve amain\u00f3 en la noche del lunes, a\u00fan sigue habiendo impedimentos en las carreteras y en el tr\u00e1fico ferroviario, a lo que se sumaron cierres de<\/p>\n","protected":false},"author":1,"featured_media":113666,"comment_status":"closed","ping_status":"closed","sticky":false,"template":"","format":"standard","meta":{"footnotes":""},"categories":[343],"tags":[],"class_list":{"0":"post-113665","1":"post","2":"type-post","3":"status-publish","4":"format-standard","5":"has-post-thumbnail","7":"category-actualidad"},"aioseo_notices":[],"aioseo_head":"\n\t\t<!-- All in One SEO Pro 4.9.6.2 - aioseo.com -->\n\t<meta name=\"description\" content=\"M\u00fanich\/Salzburgo, 7 ene (dpa) - Las fuertes nevadas que cayeron el fin de semana en Baviera segu\u00edan dificultando hoy el tr\u00e1fico en esta regi\u00f3n alemana. Aunque el temporal de nieve amain\u00f3 en la noche del lunes, a\u00fan sigue habiendo impedimentos en las carreteras y en el tr\u00e1fico ferroviario, a lo que se sumaron cierres de\" \/>\n\t<meta name=\"robots\" content=\"max-image-preview:large\" \/>\n\t<meta name=\"author\" content=\"Cand\u00e1s 365\"\/>\n\t<meta name=\"google-site-verification\" content=\"UA-32230408-1\" \/>\n\t<meta name=\"msvalidate.01\" content=\"354F3CDFB2DA171B47FBE9ABF1F88D5\" \/>\n\t<meta name=\"keywords\" content=\"actualidad\" \/>\n\t<link rel=\"canonical\" href=\"https:\/\/candas365.es\/noticias\/las-nevadas-en-baviera-siguen-dificultando-el-trafico\/\" \/>\n\t<meta name=\"generator\" content=\"All in One SEO Pro (AIOSEO) 4.9.6.2\" \/>\n\t\t<meta property=\"og:locale\" content=\"es_ES\" \/>\n\t\t<meta property=\"og:site_name\" content=\"Cand\u00e1s 365\" \/>\n\t\t<meta property=\"og:type\" content=\"article\" \/>\n\t\t<meta property=\"og:title\" content=\"Las nevadas en Baviera siguen dificultando el tr\u00e1fico | Cand\u00e1s 365\" \/>\n\t\t<meta property=\"og:description\" content=\"M\u00fanich\/Salzburgo, 7 ene (dpa) - Las fuertes nevadas que cayeron el fin de semana en Baviera segu\u00edan dificultando hoy el tr\u00e1fico en esta regi\u00f3n alemana. Aunque el temporal de nieve amain\u00f3 en la noche del lunes, a\u00fan sigue habiendo impedimentos en las carreteras y en el tr\u00e1fico ferroviario, a lo que se sumaron cierres de\" \/>\n\t\t<meta property=\"og:url\" content=\"https:\/\/candas365.es\/noticias\/las-nevadas-en-baviera-siguen-dificultando-el-trafico\/\" \/>\n\t\t<meta property=\"og:image\" content=\"https:\/\/candas365.es\/noticias\/wp-content\/uploads\/2019\/01\/nevadas-Baviera.jpg\" \/>\n\t\t<meta property=\"og:image:secure_url\" content=\"https:\/\/candas365.es\/noticias\/wp-content\/uploads\/2019\/01\/nevadas-Baviera.jpg\" \/>\n\t\t<meta property=\"og:image:width\" content=\"1034\" \/>\n\t\t<meta property=\"og:image:height\" content=\"659\" \/>\n\t\t<meta property=\"article:published_time\" content=\"2019-01-07T20:01:45+00:00\" \/>\n\t\t<meta property=\"article:modified_time\" content=\"2019-01-07T20:01:45+00:00\" \/>\n\t\t<meta property=\"article:publisher\" content=\"https:\/\/www.facebook.com\/Nachofdezber\" \/>\n\t\t<meta property=\"article:author\" content=\"https:\/\/www.facebook.com\/carrenoactualidad\" \/>\n\t\t<meta name=\"twitter:card\" content=\"summary_large_image\" \/>\n\t\t<meta name=\"twitter:site\" content=\"@NabercoDigital\" \/>\n\t\t<meta name=\"twitter:title\" content=\"Las nevadas en Baviera siguen dificultando el tr\u00e1fico | Cand\u00e1s 365\" \/>\n\t\t<meta name=\"twitter:description\" content=\"M\u00fanich\/Salzburgo, 7 ene (dpa) - Las fuertes nevadas que cayeron el fin de semana en Baviera segu\u00edan dificultando hoy el tr\u00e1fico en esta regi\u00f3n alemana. Aunque el temporal de nieve amain\u00f3 en la noche del lunes, a\u00fan sigue habiendo impedimentos en las carreteras y en el tr\u00e1fico ferroviario, a lo que se sumaron cierres de\" \/>\n\t\t<meta name=\"twitter:creator\" content=\"@nbasturias\" \/>\n\t\t<meta name=\"twitter:image\" content=\"https:\/\/candas365.es\/noticias\/wp-content\/uploads\/2019\/01\/nevadas-Baviera.jpg\" \/>\n\t\t<meta name=\"twitter:label1\" content=\"Escrito por\" \/>\n\t\t<meta name=\"twitter:data1\" content=\"Cand\u00e1s 365\" \/>\n\t\t<meta name=\"twitter:label2\" content=\"Tiempo de lectura estimado\" \/>\n\t\t<meta name=\"twitter:data2\" content=\"2 minutos\" \/>\n\t\t<script type=\"application\/ld+json\" class=\"aioseo-schema\">\n\t\t\t{\"@context\":\"https:\\\/\\\/schema.org\",\"@graph\":[{\"@type\":\"BreadcrumbList\",\"@id\":\"https:\\\/\\\/candas365.es\\\/noticias\\\/las-nevadas-en-baviera-siguen-dificultando-el-trafico\\\/#breadcrumblist\",\"itemListElement\":[{\"@type\":\"ListItem\",\"@id\":\"https:\\\/\\\/candas365.es\\\/noticias#listItem\",\"position\":1,\"name\":\"Home\",\"item\":\"https:\\\/\\\/candas365.es\\\/noticias\",\"nextItem\":{\"@type\":\"ListItem\",\"@id\":\"https:\\\/\\\/candas365.es\\\/noticias\\\/category\\\/actualidad\\\/#listItem\",\"name\":\"Actualidad\"}},{\"@type\":\"ListItem\",\"@id\":\"https:\\\/\\\/candas365.es\\\/noticias\\\/category\\\/actualidad\\\/#listItem\",\"position\":2,\"name\":\"Actualidad\",\"item\":\"https:\\\/\\\/candas365.es\\\/noticias\\\/category\\\/actualidad\\\/\",\"nextItem\":{\"@type\":\"ListItem\",\"@id\":\"https:\\\/\\\/candas365.es\\\/noticias\\\/las-nevadas-en-baviera-siguen-dificultando-el-trafico\\\/#listItem\",\"name\":\"Las nevadas en Baviera siguen dificultando el tr\\u00e1fico\"},\"previousItem\":{\"@type\":\"ListItem\",\"@id\":\"https:\\\/\\\/candas365.es\\\/noticias#listItem\",\"name\":\"Home\"}},{\"@type\":\"ListItem\",\"@id\":\"https:\\\/\\\/candas365.es\\\/noticias\\\/las-nevadas-en-baviera-siguen-dificultando-el-trafico\\\/#listItem\",\"position\":3,\"name\":\"Las nevadas en Baviera siguen dificultando el tr\\u00e1fico\",\"previousItem\":{\"@type\":\"ListItem\",\"@id\":\"https:\\\/\\\/candas365.es\\\/noticias\\\/category\\\/actualidad\\\/#listItem\",\"name\":\"Actualidad\"}}]},{\"@type\":\"NewsArticle\",\"@id\":\"https:\\\/\\\/candas365.es\\\/noticias\\\/las-nevadas-en-baviera-siguen-dificultando-el-trafico\\\/#newsarticle\",\"name\":\"Las nevadas en Baviera siguen dificultando el tr\\u00e1fico | Cand\\u00e1s 365\",\"headline\":\"Las nevadas en Baviera siguen dificultando el tr\\u00e1fico\",\"author\":{\"@id\":\"https:\\\/\\\/candas365.es\\\/noticias\\\/author\\\/admin\\\/#author\"},\"publisher\":{\"@id\":\"https:\\\/\\\/candas365.es\\\/noticias\\\/#organization\"},\"image\":{\"@type\":\"ImageObject\",\"url\":\"https:\\\/\\\/candas365.es\\\/noticias\\\/wp-content\\\/uploads\\\/2019\\\/01\\\/nevadas-Baviera.jpg\",\"width\":1034,\"height\":659,\"caption\":\"La nieve impide el paso a los camiones en la autopista A8, en Baviera. Foto: Tobias Hase\\\/dpa\"},\"datePublished\":\"2019-01-07T20:01:45+01:00\",\"dateModified\":\"2019-01-07T20:01:45+01:00\",\"inLanguage\":\"es-ES\",\"mainEntityOfPage\":{\"@id\":\"https:\\\/\\\/candas365.es\\\/noticias\\\/las-nevadas-en-baviera-siguen-dificultando-el-trafico\\\/#webpage\"},\"isPartOf\":{\"@id\":\"https:\\\/\\\/candas365.es\\\/noticias\\\/las-nevadas-en-baviera-siguen-dificultando-el-trafico\\\/#webpage\"},\"articleSection\":\"Actualidad\",\"dateline\":\"Publicado el enero 7, 2019.\"},{\"@type\":\"Organization\",\"@id\":\"https:\\\/\\\/candas365.es\\\/noticias\\\/#organization\",\"name\":\"Cand\\u00e1s 365\",\"description\":\"Cand\\u00e1s 365 es un diario digital independiente, fundado en 2012, con base en Asturias. Informamos con rigor sobre actualidad, sociedad, cultura y ocio, con una mirada local y global.\",\"url\":\"https:\\\/\\\/candas365.es\\\/noticias\\\/\",\"email\":\"info@candas365.es\",\"telephone\":\"+34652131393\",\"foundingDate\":\"2012-06-10\",\"logo\":{\"@type\":\"ImageObject\",\"url\":\"https:\\\/\\\/candas365.es\\\/noticias\\\/wp-content\\\/uploads\\\/2024\\\/09\\\/Candas-365-Redes.jpg\",\"@id\":\"https:\\\/\\\/candas365.es\\\/noticias\\\/las-nevadas-en-baviera-siguen-dificultando-el-trafico\\\/#organizationLogo\",\"width\":1152,\"height\":864,\"caption\":\"Cand\\u00e1s 365 Redes\"},\"image\":{\"@id\":\"https:\\\/\\\/candas365.es\\\/noticias\\\/las-nevadas-en-baviera-siguen-dificultando-el-trafico\\\/#organizationLogo\"},\"sameAs\":[\"https:\\\/\\\/www.facebook.com\\\/Nachofdezber\",\"https:\\\/\\\/x.com\\\/NabercoDigital\",\"https:\\\/\\\/www.instagram.com\\\/nachofdezber\\\/\",\"https:\\\/\\\/www.youtube.com\\\/channel\\\/UCZP-2wLEB9Rv6erhFmqVnvg\"],\"address\":{\"@id\":\"https:\\\/\\\/candas365.es\\\/noticias\\\/#postaladdress\",\"@type\":\"PostalAddress\",\"streetAddress\":\"san antonio 4, san antonio 4\",\"postalCode\":\"33430\",\"addressLocality\":\"Cand\\u00e1s\",\"addressRegion\":\"Asturias\",\"addressCountry\":\"ES\"}},{\"@type\":\"Person\",\"@id\":\"https:\\\/\\\/candas365.es\\\/noticias\\\/author\\\/admin\\\/#author\",\"url\":\"https:\\\/\\\/candas365.es\\\/noticias\\\/author\\\/admin\\\/\",\"name\":\"Cand\\u00e1s 365\",\"image\":{\"@type\":\"ImageObject\",\"@id\":\"https:\\\/\\\/candas365.es\\\/noticias\\\/las-nevadas-en-baviera-siguen-dificultando-el-trafico\\\/#authorImage\",\"url\":\"https:\\\/\\\/secure.gravatar.com\\\/avatar\\\/496a8e03d0c493ede1718b7934145dbdf8d89be1036b0eec9544e1094c9de390?s=96&d=mm&r=g\",\"width\":96,\"height\":96,\"caption\":\"Cand\\u00e1s 365\"},\"sameAs\":[\"https:\\\/\\\/www.facebook.com\\\/carrenoactualidad\",\"https:\\\/\\\/twitter.com\\\/nbasturias\",\"https:\\\/\\\/www.instagram.com\\\/nachofdezber\\\/\",\"https:\\\/\\\/www.youtube.com\\\/channel\\\/UCZP-2wLEB9Rv6erhFmqVnvg\"]},{\"@type\":\"WebPage\",\"@id\":\"https:\\\/\\\/candas365.es\\\/noticias\\\/las-nevadas-en-baviera-siguen-dificultando-el-trafico\\\/#webpage\",\"url\":\"https:\\\/\\\/candas365.es\\\/noticias\\\/las-nevadas-en-baviera-siguen-dificultando-el-trafico\\\/\",\"name\":\"Las nevadas en Baviera siguen dificultando el tr\\u00e1fico | Cand\\u00e1s 365\",\"description\":\"M\\u00fanich\\\/Salzburgo, 7 ene (dpa) - Las fuertes nevadas que cayeron el fin de semana en Baviera segu\\u00edan dificultando hoy el tr\\u00e1fico en esta regi\\u00f3n alemana. Aunque el temporal de nieve amain\\u00f3 en la noche del lunes, a\\u00fan sigue habiendo impedimentos en las carreteras y en el tr\\u00e1fico ferroviario, a lo que se sumaron cierres de\",\"inLanguage\":\"es-ES\",\"isPartOf\":{\"@id\":\"https:\\\/\\\/candas365.es\\\/noticias\\\/#website\"},\"breadcrumb\":{\"@id\":\"https:\\\/\\\/candas365.es\\\/noticias\\\/las-nevadas-en-baviera-siguen-dificultando-el-trafico\\\/#breadcrumblist\"},\"author\":{\"@id\":\"https:\\\/\\\/candas365.es\\\/noticias\\\/author\\\/admin\\\/#author\"},\"creator\":{\"@id\":\"https:\\\/\\\/candas365.es\\\/noticias\\\/author\\\/admin\\\/#author\"},\"image\":{\"@type\":\"ImageObject\",\"url\":\"https:\\\/\\\/candas365.es\\\/noticias\\\/wp-content\\\/uploads\\\/2019\\\/01\\\/nevadas-Baviera.jpg\",\"@id\":\"https:\\\/\\\/candas365.es\\\/noticias\\\/las-nevadas-en-baviera-siguen-dificultando-el-trafico\\\/#mainImage\",\"width\":1034,\"height\":659,\"caption\":\"La nieve impide el paso a los camiones en la autopista A8, en Baviera. Foto: Tobias Hase\\\/dpa\"},\"primaryImageOfPage\":{\"@id\":\"https:\\\/\\\/candas365.es\\\/noticias\\\/las-nevadas-en-baviera-siguen-dificultando-el-trafico\\\/#mainImage\"},\"datePublished\":\"2019-01-07T20:01:45+01:00\",\"dateModified\":\"2019-01-07T20:01:45+01:00\"},{\"@type\":\"WebSite\",\"@id\":\"https:\\\/\\\/candas365.es\\\/noticias\\\/#website\",\"url\":\"https:\\\/\\\/candas365.es\\\/noticias\\\/\",\"name\":\"Cand\\u00e1s 365\",\"alternateName\":\"Cand\\u00e1s 365 Noticias\",\"description\":\"Actualidad desde Carre\\u00f1o para el mundo\",\"inLanguage\":\"es-ES\",\"publisher\":{\"@id\":\"https:\\\/\\\/candas365.es\\\/noticias\\\/#organization\"}}]}\n\t\t<\/script>\n\t\t<!-- All in One SEO Pro -->\r\n\t\t<title>Las nevadas en Baviera siguen dificultando el tr\u00e1fico | Cand\u00e1s 365<\/title>\n\n","aioseo_head_json":{"title":"Las nevadas en Baviera siguen dificultando el tr\u00e1fico | Cand\u00e1s 365","description":"M\u00fanich\/Salzburgo, 7 ene (dpa) - Las fuertes nevadas que cayeron el fin de semana en Baviera segu\u00edan dificultando hoy el tr\u00e1fico en esta regi\u00f3n alemana. Aunque el temporal de nieve amain\u00f3 en la noche del lunes, a\u00fan sigue habiendo impedimentos en las carreteras y en el tr\u00e1fico ferroviario, a lo que se sumaron cierres de","canonical_url":"https:\/\/candas365.es\/noticias\/las-nevadas-en-baviera-siguen-dificultando-el-trafico\/","robots":"max-image-preview:large","keywords":"actualidad","webmasterTools":{"google-site-verification":"UA-32230408-1","msvalidate.01":"354F3CDFB2DA171B47FBE9ABF1F88D5","miscellaneous":""},"schema":{"@context":"https:\/\/schema.org","@graph":[{"@type":"BreadcrumbList","@id":"https:\/\/candas365.es\/noticias\/las-nevadas-en-baviera-siguen-dificultando-el-trafico\/#breadcrumblist","itemListElement":[{"@type":"ListItem","@id":"https:\/\/candas365.es\/noticias#listItem","position":1,"name":"Home","item":"https:\/\/candas365.es\/noticias","nextItem":{"@type":"ListItem","@id":"https:\/\/candas365.es\/noticias\/category\/actualidad\/#listItem","name":"Actualidad"}},{"@type":"ListItem","@id":"https:\/\/candas365.es\/noticias\/category\/actualidad\/#listItem","position":2,"name":"Actualidad","item":"https:\/\/candas365.es\/noticias\/category\/actualidad\/","nextItem":{"@type":"ListItem","@id":"https:\/\/candas365.es\/noticias\/las-nevadas-en-baviera-siguen-dificultando-el-trafico\/#listItem","name":"Las nevadas en Baviera siguen dificultando el tr\u00e1fico"},"previousItem":{"@type":"ListItem","@id":"https:\/\/candas365.es\/noticias#listItem","name":"Home"}},{"@type":"ListItem","@id":"https:\/\/candas365.es\/noticias\/las-nevadas-en-baviera-siguen-dificultando-el-trafico\/#listItem","position":3,"name":"Las nevadas en Baviera siguen dificultando el tr\u00e1fico","previousItem":{"@type":"ListItem","@id":"https:\/\/candas365.es\/noticias\/category\/actualidad\/#listItem","name":"Actualidad"}}]},{"@type":"NewsArticle","@id":"https:\/\/candas365.es\/noticias\/las-nevadas-en-baviera-siguen-dificultando-el-trafico\/#newsarticle","name":"Las nevadas en Baviera siguen dificultando el tr\u00e1fico | Cand\u00e1s 365","headline":"Las nevadas en Baviera siguen dificultando el tr\u00e1fico","author":{"@id":"https:\/\/candas365.es\/noticias\/author\/admin\/#author"},"publisher":{"@id":"https:\/\/candas365.es\/noticias\/#organization"},"image":{"@type":"ImageObject","url":"https:\/\/candas365.es\/noticias\/wp-content\/uploads\/2019\/01\/nevadas-Baviera.jpg","width":1034,"height":659,"caption":"La nieve impide el paso a los camiones en la autopista A8, en Baviera. Foto: Tobias Hase\/dpa"},"datePublished":"2019-01-07T20:01:45+01:00","dateModified":"2019-01-07T20:01:45+01:00","inLanguage":"es-ES","mainEntityOfPage":{"@id":"https:\/\/candas365.es\/noticias\/las-nevadas-en-baviera-siguen-dificultando-el-trafico\/#webpage"},"isPartOf":{"@id":"https:\/\/candas365.es\/noticias\/las-nevadas-en-baviera-siguen-dificultando-el-trafico\/#webpage"},"articleSection":"Actualidad","dateline":"Publicado el enero 7, 2019."},{"@type":"Organization","@id":"https:\/\/candas365.es\/noticias\/#organization","name":"Cand\u00e1s 365","description":"Cand\u00e1s 365 es un diario digital independiente, fundado en 2012, con base en Asturias. Informamos con rigor sobre actualidad, sociedad, cultura y ocio, con una mirada local y global.","url":"https:\/\/candas365.es\/noticias\/","email":"info@candas365.es","telephone":"+34652131393","foundingDate":"2012-06-10","logo":{"@type":"ImageObject","url":"https:\/\/candas365.es\/noticias\/wp-content\/uploads\/2024\/09\/Candas-365-Redes.jpg","@id":"https:\/\/candas365.es\/noticias\/las-nevadas-en-baviera-siguen-dificultando-el-trafico\/#organizationLogo","width":1152,"height":864,"caption":"Cand\u00e1s 365 Redes"},"image":{"@id":"https:\/\/candas365.es\/noticias\/las-nevadas-en-baviera-siguen-dificultando-el-trafico\/#organizationLogo"},"sameAs":["https:\/\/www.facebook.com\/Nachofdezber","https:\/\/x.com\/NabercoDigital","https:\/\/www.instagram.com\/nachofdezber\/","https:\/\/www.youtube.com\/channel\/UCZP-2wLEB9Rv6erhFmqVnvg"],"address":{"@id":"https:\/\/candas365.es\/noticias\/#postaladdress","@type":"PostalAddress","streetAddress":"san antonio 4, san antonio 4","postalCode":"33430","addressLocality":"Cand\u00e1s","addressRegion":"Asturias","addressCountry":"ES"}},{"@type":"Person","@id":"https:\/\/candas365.es\/noticias\/author\/admin\/#author","url":"https:\/\/candas365.es\/noticias\/author\/admin\/","name":"Cand\u00e1s 365","image":{"@type":"ImageObject","@id":"https:\/\/candas365.es\/noticias\/las-nevadas-en-baviera-siguen-dificultando-el-trafico\/#authorImage","url":"https:\/\/secure.gravatar.com\/avatar\/496a8e03d0c493ede1718b7934145dbdf8d89be1036b0eec9544e1094c9de390?s=96&d=mm&r=g","width":96,"height":96,"caption":"Cand\u00e1s 365"},"sameAs":["https:\/\/www.facebook.com\/carrenoactualidad","https:\/\/twitter.com\/nbasturias","https:\/\/www.instagram.com\/nachofdezber\/","https:\/\/www.youtube.com\/channel\/UCZP-2wLEB9Rv6erhFmqVnvg"]},{"@type":"WebPage","@id":"https:\/\/candas365.es\/noticias\/las-nevadas-en-baviera-siguen-dificultando-el-trafico\/#webpage","url":"https:\/\/candas365.es\/noticias\/las-nevadas-en-baviera-siguen-dificultando-el-trafico\/","name":"Las nevadas en Baviera siguen dificultando el tr\u00e1fico | Cand\u00e1s 365","description":"M\u00fanich\/Salzburgo, 7 ene (dpa) - Las fuertes nevadas que cayeron el fin de semana en Baviera segu\u00edan dificultando hoy el tr\u00e1fico en esta regi\u00f3n alemana. Aunque el temporal de nieve amain\u00f3 en la noche del lunes, a\u00fan sigue habiendo impedimentos en las carreteras y en el tr\u00e1fico ferroviario, a lo que se sumaron cierres de","inLanguage":"es-ES","isPartOf":{"@id":"https:\/\/candas365.es\/noticias\/#website"},"breadcrumb":{"@id":"https:\/\/candas365.es\/noticias\/las-nevadas-en-baviera-siguen-dificultando-el-trafico\/#breadcrumblist"},"author":{"@id":"https:\/\/candas365.es\/noticias\/author\/admin\/#author"},"creator":{"@id":"https:\/\/candas365.es\/noticias\/author\/admin\/#author"},"image":{"@type":"ImageObject","url":"https:\/\/candas365.es\/noticias\/wp-content\/uploads\/2019\/01\/nevadas-Baviera.jpg","@id":"https:\/\/candas365.es\/noticias\/las-nevadas-en-baviera-siguen-dificultando-el-trafico\/#mainImage","width":1034,"height":659,"caption":"La nieve impide el paso a los camiones en la autopista A8, en Baviera. Foto: Tobias Hase\/dpa"},"primaryImageOfPage":{"@id":"https:\/\/candas365.es\/noticias\/las-nevadas-en-baviera-siguen-dificultando-el-trafico\/#mainImage"},"datePublished":"2019-01-07T20:01:45+01:00","dateModified":"2019-01-07T20:01:45+01:00"},{"@type":"WebSite","@id":"https:\/\/candas365.es\/noticias\/#website","url":"https:\/\/candas365.es\/noticias\/","name":"Cand\u00e1s 365","alternateName":"Cand\u00e1s 365 Noticias","description":"Actualidad desde Carre\u00f1o para el mundo","inLanguage":"es-ES","publisher":{"@id":"https:\/\/candas365.es\/noticias\/#organization"}}]},"og:locale":"es_ES","og:site_name":"Cand\u00e1s 365","og:type":"article","og:title":"Las nevadas en Baviera siguen dificultando el tr\u00e1fico | Cand\u00e1s 365","og:description":"M\u00fanich\/Salzburgo, 7 ene (dpa) - Las fuertes nevadas que cayeron el fin de semana en Baviera segu\u00edan dificultando hoy el tr\u00e1fico en esta regi\u00f3n alemana. Aunque el temporal de nieve amain\u00f3 en la noche del lunes, a\u00fan sigue habiendo impedimentos en las carreteras y en el tr\u00e1fico ferroviario, a lo que se sumaron cierres de","og:url":"https:\/\/candas365.es\/noticias\/las-nevadas-en-baviera-siguen-dificultando-el-trafico\/","og:image":"https:\/\/candas365.es\/noticias\/wp-content\/uploads\/2019\/01\/nevadas-Baviera.jpg","og:image:secure_url":"https:\/\/candas365.es\/noticias\/wp-content\/uploads\/2019\/01\/nevadas-Baviera.jpg","og:image:width":1034,"og:image:height":659,"article:published_time":"2019-01-07T20:01:45+00:00","article:modified_time":"2019-01-07T20:01:45+00:00","article:publisher":"https:\/\/www.facebook.com\/Nachofdezber","article:author":"https:\/\/www.facebook.com\/carrenoactualidad","twitter:card":"summary_large_image","twitter:site":"@NabercoDigital","twitter:title":"Las nevadas en Baviera siguen dificultando el tr\u00e1fico | Cand\u00e1s 365","twitter:description":"M\u00fanich\/Salzburgo, 7 ene (dpa) - Las fuertes nevadas que cayeron el fin de semana en Baviera segu\u00edan dificultando hoy el tr\u00e1fico en esta regi\u00f3n alemana. Aunque el temporal de nieve amain\u00f3 en la noche del lunes, a\u00fan sigue habiendo impedimentos en las carreteras y en el tr\u00e1fico ferroviario, a lo que se sumaron cierres de","twitter:creator":"@nbasturias","twitter:image":"https:\/\/candas365.es\/noticias\/wp-content\/uploads\/2019\/01\/nevadas-Baviera.jpg","twitter:label1":"Escrito por","twitter:data1":"Cand\u00e1s 365","twitter:label2":"Tiempo de lectura estimado","twitter:data2":"2 minutos"},"aioseo_meta_data":{"post_id":"113665","title":null,"description":null,"keywords":null,"keyphrases":null,"primary_term":null,"canonical_url":null,"og_title":null,"og_description":null,"og_object_type":"default","og_image_type":"default","og_image_url":null,"og_image_width":null,"og_image_height":null,"og_image_custom_url":null,"og_image_custom_fields":null,"og_video":null,"og_custom_url":null,"og_article_section":null,"og_article_tags":null,"twitter_use_og":false,"twitter_card":"default","twitter_image_type":"default","twitter_image_url":null,"twitter_image_custom_url":null,"twitter_image_custom_fields":null,"twitter_title":null,"twitter_description":null,"schema":{"blockGraphs":[],"customGraphs":[],"default":{"data":{"Article":[],"Course":[],"Dataset":[],"FAQPage":[],"Movie":[],"Person":[],"Product":[],"ProductReview":[],"Car":[],"Recipe":[],"Service":[],"SoftwareApplication":[],"WebPage":[]},"graphName":"","isEnabled":true},"graphs":[],"defaultGraph":"","defaultPostTypeGraph":""},"schema_type":null,"schema_type_options":null,"pillar_content":false,"robots_default":true,"robots_noindex":false,"robots_noarchive":false,"robots_nosnippet":false,"robots_nofollow":false,"robots_noimageindex":false,"robots_noodp":false,"robots_notranslate":false,"robots_max_snippet":null,"robots_max_videopreview":null,"robots_max_imagepreview":"large","priority":null,"frequency":null,"location":null,"local_seo":null,"seo_analyzer_scan_date":"2025-08-28 21:58:29","breadcrumb_settings":null,"limit_modified_date":false,"reviewed_by":null,"open_ai":null,"ai":null,"created":"2020-12-21 11:27:54","updated":"2025-08-28 21:58:29"},"aioseo_breadcrumb":"<div class=\"aioseo-breadcrumbs\"><span class=\"aioseo-breadcrumb\">\n\t<a href=\"https:\/\/candas365.es\/noticias\" title=\"Home\">Home<\/a>\n<\/span><span class=\"aioseo-breadcrumb-separator\">&ndash;<\/span><span class=\"aioseo-breadcrumb\">\n\t<a href=\"https:\/\/candas365.es\/noticias\/category\/actualidad\/\" title=\"Actualidad\">Actualidad<\/a>\n<\/span><span class=\"aioseo-breadcrumb-separator\">&ndash;<\/span><span class=\"aioseo-breadcrumb\">\n\tLas nevadas en Baviera siguen dificultando el tr\u00e1fico\n<\/span><\/div>","aioseo_breadcrumb_json":[{"label":"Home","link":"https:\/\/candas365.es\/noticias"},{"label":"Actualidad","link":"https:\/\/candas365.es\/noticias\/category\/actualidad\/"},{"label":"Las nevadas en Baviera siguen dificultando el tr\u00e1fico","link":"https:\/\/candas365.es\/noticias\/las-nevadas-en-baviera-siguen-dificultando-el-trafico\/"}],"_links":{"self":[{"href":"https:\/\/candas365.es\/noticias\/wp-json\/wp\/v2\/posts\/113665","targetHints":{"allow":["GET"]}}],"collection":[{"href":"https:\/\/candas365.es\/noticias\/wp-json\/wp\/v2\/posts"}],"about":[{"href":"https:\/\/candas365.es\/noticias\/wp-json\/wp\/v2\/types\/post"}],"author":[{"embeddable":true,"href":"https:\/\/candas365.es\/noticias\/wp-json\/wp\/v2\/users\/1"}],"replies":[{"embeddable":true,"href":"https:\/\/candas365.es\/noticias\/wp-json\/wp\/v2\/comments?post=113665"}],"version-history":[{"count":0,"href":"https:\/\/candas365.es\/noticias\/wp-json\/wp\/v2\/posts\/113665\/revisions"}],"wp:featuredmedia":[{"embeddable":true,"href":"https:\/\/candas365.es\/noticias\/wp-json\/wp\/v2\/media\/113666"}],"wp:attachment":[{"href":"https:\/\/candas365.es\/noticias\/wp-json\/wp\/v2\/media?parent=113665"}],"wp:term":[{"taxonomy":"category","embeddable":true,"href":"https:\/\/candas365.es\/noticias\/wp-json\/wp\/v2\/categories?post=113665"},{"taxonomy":"post_tag","embeddable":true,"href":"https:\/\/candas365.es\/noticias\/wp-json\/wp\/v2\/tags?post=113665"}],"curies":[{"name":"wp","href":"https:\/\/api.w.org\/{rel}","templated":true}]}}