{"id":113661,"date":"2019-01-07T19:53:52","date_gmt":"2019-01-07T19:53:52","guid":{"rendered":"http:\/\/candas365.es\/noticias\/?p=113661"},"modified":"2019-01-07T19:53:52","modified_gmt":"2019-01-07T19:53:52","slug":"activado-nuevamente-en-asturias-el-protocolo-de-calidad-del-aire","status":"publish","type":"post","link":"https:\/\/candas365.es\/noticias\/activado-nuevamente-en-asturias-el-protocolo-de-calidad-del-aire\/","title":{"rendered":"Activado nuevamente en Asturias el protocolo de calidad del aire"},"content":{"rendered":"<p><img fetchpriority=\"high\" decoding=\"async\" class=\"alignleft size-medium wp-image-4864\" src=\"https:\/\/candas365.es\/noticias\/wp-content\/uploads\/2014\/11\/Oviedo-Naranco-360x270.jpg\" alt=\"\" width=\"360\" height=\"270\" srcset=\"https:\/\/candas365.es\/noticias\/wp-content\/uploads\/2014\/11\/Oviedo-Naranco-360x270.jpg 360w, https:\/\/candas365.es\/noticias\/wp-content\/uploads\/2014\/11\/Oviedo-Naranco-640x480.jpg 640w, https:\/\/candas365.es\/noticias\/wp-content\/uploads\/2014\/11\/Oviedo-Naranco-768x576.jpg 768w, https:\/\/candas365.es\/noticias\/wp-content\/uploads\/2014\/11\/Oviedo-Naranco-1536x1152.jpg 1536w, https:\/\/candas365.es\/noticias\/wp-content\/uploads\/2014\/11\/Oviedo-Naranco-150x113.jpg 150w, https:\/\/candas365.es\/noticias\/wp-content\/uploads\/2014\/11\/Oviedo-Naranco-450x338.jpg 450w, https:\/\/candas365.es\/noticias\/wp-content\/uploads\/2014\/11\/Oviedo-Naranco-1200x900.jpg 1200w, https:\/\/candas365.es\/noticias\/wp-content\/uploads\/2014\/11\/Oviedo-Naranco-1920x1440.jpg 1920w, https:\/\/candas365.es\/noticias\/wp-content\/uploads\/2014\/11\/Oviedo-Naranco-80x60.jpg 80w, https:\/\/candas365.es\/noticias\/wp-content\/uploads\/2014\/11\/Oviedo-Naranco-265x198.jpg 265w, https:\/\/candas365.es\/noticias\/wp-content\/uploads\/2014\/11\/Oviedo-Naranco-696x522.jpg 696w, https:\/\/candas365.es\/noticias\/wp-content\/uploads\/2014\/11\/Oviedo-Naranco-1068x801.jpg 1068w, https:\/\/candas365.es\/noticias\/wp-content\/uploads\/2014\/11\/Oviedo-Naranco-560x420.jpg 560w, https:\/\/candas365.es\/noticias\/wp-content\/uploads\/2014\/11\/Oviedo-Naranco-90x67.jpg 90w, https:\/\/candas365.es\/noticias\/wp-content\/uploads\/2014\/11\/Oviedo-Naranco.jpg 2048w\" sizes=\"(max-width: 360px) 100vw, 360px\" \/>El Gobierno ha procedido a activar nuevamente el protocolo de actuaci\u00f3n en episodios de contaminaci\u00f3n del aire en su nivel 0 y extremar las precauciones una vez evaluados los niveles registrados en las pasadas jornadas y las predicciones de ventilaci\u00f3n atmosf\u00e9rica. Las concentraciones de micropart\u00edculas en suspensi\u00f3n han vuelto a encadenar varias jornadas de valores altos en cuatro estaciones de la red de control de calidad del aire de la zona de Oviedo y las cuencas, y puntualmente en alg\u00fan otro punto de la regi\u00f3n.<\/p>\n<p>La toma de decisiones respecto a la activaci\u00f3n del protocolo est\u00e1 determinada por las predicciones de ventilaci\u00f3n atmosf\u00e9rica de la Agencia Estatal de Meteorolog\u00eda (AEMET). Estas condiciones que posibilitan la dispersi\u00f3n de los contaminantes atmosf\u00e9ricos generados por las actividades humanas se establecen en funci\u00f3n de tres par\u00e1metros: inversi\u00f3n t\u00e9rmica, precipitaciones y r\u00e9gimen de vientos.<\/p>\n<p>Las predicciones de ventilaci\u00f3n en la zona central de Asturias para hoy, ma\u00f1ana y pasado ma\u00f1ana son las que siguen:<\/p>\n<p>&#8211; Oviedo: las predicciones son favorables a partir de hoy, lo que en principio conllevar\u00eda no activar el Protocolo en esta zona. No obstante, se espera inversi\u00f3n t\u00e9rmica en capas bajas de la atm\u00f3sfera y ausencia de lluvias hasta ma\u00f1ana, por lo que por precauci\u00f3n se decide activar en su nivel 0.<\/p>\n<p>-Cuencas: desfavorable hoy y favorable a partir de ma\u00f1ana martes.<\/p>\n<p>-Gij\u00f3n y Avil\u00e9s: se mantienen las condiciones favorables de ventilaci\u00f3n atmosf\u00e9rica que han contenido los niveles de contaminaci\u00f3n en estos concejos.<\/p>\n<p>A partir del mi\u00e9rcoles 9 de enero la AEMET prev\u00e9 que la inversi\u00f3n t\u00e9rmica que se viene dando desde hace varios d\u00edas desaparezca y la probabilidad de precipitaciones es del 100%.<\/p>\n<p><strong>Cabe recordar que las medidas previstas en el protocolo en su nivel 0 son:<\/strong><\/p>\n<p>&#8211; Seguimiento atento de la contaminaci\u00f3n por parte de las administraciones p\u00fablicas.<\/p>\n<p>&#8211; Informar a la poblaci\u00f3n, especialmente a las personas sensibles (con problemas respiratorios, patolog\u00edas cardiacas, EPOC, mujeres embarazadas y lactantes) y realizar recomendaciones sanitarias.<\/p>\n<p>&#8211; Adopci\u00f3n de medidas preventivas por parte de las administraciones estatal, auton\u00f3mica y local y las empresas potencialmente contaminadoras para limitar las actividades que puedan contribuir a empeorar la calidad del aire y prever las medidas log\u00edsticas oportunas en caso de persistencia o agravamiento de la situaci\u00f3n.<\/p>\n<p>&#8211; Se proh\u00edben las quemas de restos vegetales.<\/p>\n<p>&#8211; No se establecen en este nivel restricciones de tr\u00e1fico, si bien se recomienda la utilizaci\u00f3n del transporte p\u00fablico y el uso compartido del veh\u00edculo privado.<\/p>\n<p>La situaci\u00f3n atmosf\u00e9rica en que Asturias est\u00e1 inmersa desde hace m\u00e1s de dos semanas \u2013con inversi\u00f3n t\u00e9rmica persistente e intensa en niveles bajos de la atm\u00f3sfera, ausencia de lluvias y vientos en calma o flojos\u2013 ha reeditado as\u00ed la situaci\u00f3n del pasado lunes 24 de diciembre, d\u00eda en el que se activ\u00f3 el protocolo de actuaci\u00f3n en episodios de contaminaci\u00f3n del aire en la zona de Oviedo en su nivel 0 (preventivo). Dos d\u00edas despu\u00e9s, la prevenci\u00f3n se adopt\u00f3 tambi\u00e9n en la zona de las cuencas.<\/p>\n<p>En ambos casos, se alcanzaron niveles elevados del contaminante denominado PM2,5 (part\u00edculas en suspensi\u00f3n de di\u00e1metro inferior a 2,5 micras) en varias estaciones: una en Oviedo (Palacio de los Deportes), una en Siero (Lugones) y dos en el concejo de Langreo (Sama y La Felguera). Tras varios d\u00edas de medidas preventivas, el protocolo se hab\u00eda desactivado el pasado 3 de enero.<\/p>\n","protected":false},"excerpt":{"rendered":"<p>El Gobierno ha procedido a activar nuevamente el protocolo de actuaci\u00f3n en episodios de contaminaci\u00f3n del aire en su nivel 0 y extremar las precauciones una vez evaluados los niveles registrados en las pasadas jornadas y las predicciones de ventilaci\u00f3n atmosf\u00e9rica. Las concentraciones de micropart\u00edculas en suspensi\u00f3n han vuelto a encadenar varias jornadas de valores<\/p>\n","protected":false},"author":1,"featured_media":4864,"comment_status":"closed","ping_status":"closed","sticky":false,"template":"","format":"standard","meta":{"footnotes":""},"categories":[7],"tags":[],"class_list":{"0":"post-113661","1":"post","2":"type-post","3":"status-publish","4":"format-standard","5":"has-post-thumbnail","7":"category-asturias"},"aioseo_notices":[],"aioseo_head":"\n\t\t<!-- All in One SEO Pro 4.9.6.2 - aioseo.com -->\n\t<meta name=\"description\" content=\"El Gobierno ha procedido a activar nuevamente el protocolo de actuaci\u00f3n en episodios de contaminaci\u00f3n del aire en su nivel 0 y extremar las precauciones una vez evaluados los niveles registrados en las pasadas jornadas y las predicciones de ventilaci\u00f3n atmosf\u00e9rica. Las concentraciones de micropart\u00edculas en suspensi\u00f3n han vuelto a encadenar varias jornadas de valores\" \/>\n\t<meta name=\"robots\" content=\"max-image-preview:large\" \/>\n\t<meta name=\"author\" content=\"Cand\u00e1s 365\"\/>\n\t<meta name=\"google-site-verification\" content=\"UA-32230408-1\" \/>\n\t<meta name=\"msvalidate.01\" content=\"354F3CDFB2DA171B47FBE9ABF1F88D5\" \/>\n\t<meta name=\"keywords\" content=\"asturias\" \/>\n\t<link rel=\"canonical\" href=\"https:\/\/candas365.es\/noticias\/activado-nuevamente-en-asturias-el-protocolo-de-calidad-del-aire\/\" \/>\n\t<meta name=\"generator\" content=\"All in One SEO Pro (AIOSEO) 4.9.6.2\" \/>\n\t\t<meta property=\"og:locale\" content=\"es_ES\" \/>\n\t\t<meta property=\"og:site_name\" content=\"Cand\u00e1s 365\" \/>\n\t\t<meta property=\"og:type\" content=\"article\" \/>\n\t\t<meta property=\"og:title\" content=\"Activado nuevamente en Asturias el protocolo de calidad del aire | Cand\u00e1s 365\" \/>\n\t\t<meta property=\"og:description\" content=\"El Gobierno ha procedido a activar nuevamente el protocolo de actuaci\u00f3n en episodios de contaminaci\u00f3n del aire en su nivel 0 y extremar las precauciones una vez evaluados los niveles registrados en las pasadas jornadas y las predicciones de ventilaci\u00f3n atmosf\u00e9rica. Las concentraciones de micropart\u00edculas en suspensi\u00f3n han vuelto a encadenar varias jornadas de valores\" \/>\n\t\t<meta property=\"og:url\" content=\"https:\/\/candas365.es\/noticias\/activado-nuevamente-en-asturias-el-protocolo-de-calidad-del-aire\/\" \/>\n\t\t<meta property=\"og:image\" content=\"https:\/\/candas365.es\/noticias\/wp-content\/uploads\/2014\/11\/Oviedo-Naranco.jpg\" \/>\n\t\t<meta property=\"og:image:secure_url\" content=\"https:\/\/candas365.es\/noticias\/wp-content\/uploads\/2014\/11\/Oviedo-Naranco.jpg\" \/>\n\t\t<meta property=\"og:image:width\" content=\"2048\" \/>\n\t\t<meta property=\"og:image:height\" content=\"1536\" \/>\n\t\t<meta property=\"article:published_time\" content=\"2019-01-07T19:53:52+00:00\" \/>\n\t\t<meta property=\"article:modified_time\" content=\"2019-01-07T19:53:52+00:00\" \/>\n\t\t<meta property=\"article:publisher\" content=\"https:\/\/www.facebook.com\/Nachofdezber\" \/>\n\t\t<meta property=\"article:author\" content=\"https:\/\/www.facebook.com\/carrenoactualidad\" \/>\n\t\t<meta name=\"twitter:card\" content=\"summary_large_image\" \/>\n\t\t<meta name=\"twitter:site\" content=\"@NabercoDigital\" \/>\n\t\t<meta name=\"twitter:title\" content=\"Activado nuevamente en Asturias el protocolo de calidad del aire | Cand\u00e1s 365\" \/>\n\t\t<meta name=\"twitter:description\" content=\"El Gobierno ha procedido a activar nuevamente el protocolo de actuaci\u00f3n en episodios de contaminaci\u00f3n del aire en su nivel 0 y extremar las precauciones una vez evaluados los niveles registrados en las pasadas jornadas y las predicciones de ventilaci\u00f3n atmosf\u00e9rica. Las concentraciones de micropart\u00edculas en suspensi\u00f3n han vuelto a encadenar varias jornadas de valores\" \/>\n\t\t<meta name=\"twitter:creator\" content=\"@nbasturias\" \/>\n\t\t<meta name=\"twitter:image\" content=\"https:\/\/candas365.es\/noticias\/wp-content\/uploads\/2014\/11\/Oviedo-Naranco.jpg\" \/>\n\t\t<meta name=\"twitter:label1\" content=\"Escrito por\" \/>\n\t\t<meta name=\"twitter:data1\" content=\"Cand\u00e1s 365\" \/>\n\t\t<meta name=\"twitter:label2\" content=\"Tiempo de lectura estimado\" \/>\n\t\t<meta name=\"twitter:data2\" content=\"3 minutos\" \/>\n\t\t<script type=\"application\/ld+json\" class=\"aioseo-schema\">\n\t\t\t{\"@context\":\"https:\\\/\\\/schema.org\",\"@graph\":[{\"@type\":\"BreadcrumbList\",\"@id\":\"https:\\\/\\\/candas365.es\\\/noticias\\\/activado-nuevamente-en-asturias-el-protocolo-de-calidad-del-aire\\\/#breadcrumblist\",\"itemListElement\":[{\"@type\":\"ListItem\",\"@id\":\"https:\\\/\\\/candas365.es\\\/noticias#listItem\",\"position\":1,\"name\":\"Home\",\"item\":\"https:\\\/\\\/candas365.es\\\/noticias\",\"nextItem\":{\"@type\":\"ListItem\",\"@id\":\"https:\\\/\\\/candas365.es\\\/noticias\\\/category\\\/asturias\\\/#listItem\",\"name\":\"Asturias\"}},{\"@type\":\"ListItem\",\"@id\":\"https:\\\/\\\/candas365.es\\\/noticias\\\/category\\\/asturias\\\/#listItem\",\"position\":2,\"name\":\"Asturias\",\"item\":\"https:\\\/\\\/candas365.es\\\/noticias\\\/category\\\/asturias\\\/\",\"nextItem\":{\"@type\":\"ListItem\",\"@id\":\"https:\\\/\\\/candas365.es\\\/noticias\\\/activado-nuevamente-en-asturias-el-protocolo-de-calidad-del-aire\\\/#listItem\",\"name\":\"Activado nuevamente en Asturias el protocolo de calidad del aire\"},\"previousItem\":{\"@type\":\"ListItem\",\"@id\":\"https:\\\/\\\/candas365.es\\\/noticias#listItem\",\"name\":\"Home\"}},{\"@type\":\"ListItem\",\"@id\":\"https:\\\/\\\/candas365.es\\\/noticias\\\/activado-nuevamente-en-asturias-el-protocolo-de-calidad-del-aire\\\/#listItem\",\"position\":3,\"name\":\"Activado nuevamente en Asturias el protocolo de calidad del aire\",\"previousItem\":{\"@type\":\"ListItem\",\"@id\":\"https:\\\/\\\/candas365.es\\\/noticias\\\/category\\\/asturias\\\/#listItem\",\"name\":\"Asturias\"}}]},{\"@type\":\"NewsArticle\",\"@id\":\"https:\\\/\\\/candas365.es\\\/noticias\\\/activado-nuevamente-en-asturias-el-protocolo-de-calidad-del-aire\\\/#newsarticle\",\"name\":\"Activado nuevamente en Asturias el protocolo de calidad del aire | Cand\\u00e1s 365\",\"headline\":\"Activado nuevamente en Asturias el protocolo de calidad del aire\",\"author\":{\"@id\":\"https:\\\/\\\/candas365.es\\\/noticias\\\/author\\\/admin\\\/#author\"},\"publisher\":{\"@id\":\"https:\\\/\\\/candas365.es\\\/noticias\\\/#organization\"},\"image\":{\"@type\":\"ImageObject\",\"url\":\"https:\\\/\\\/candas365.es\\\/noticias\\\/wp-content\\\/uploads\\\/2014\\\/11\\\/Oviedo-Naranco.jpg\",\"width\":2048,\"height\":1536},\"datePublished\":\"2019-01-07T19:53:52+01:00\",\"dateModified\":\"2019-01-07T19:53:52+01:00\",\"inLanguage\":\"es-ES\",\"mainEntityOfPage\":{\"@id\":\"https:\\\/\\\/candas365.es\\\/noticias\\\/activado-nuevamente-en-asturias-el-protocolo-de-calidad-del-aire\\\/#webpage\"},\"isPartOf\":{\"@id\":\"https:\\\/\\\/candas365.es\\\/noticias\\\/activado-nuevamente-en-asturias-el-protocolo-de-calidad-del-aire\\\/#webpage\"},\"articleSection\":\"Asturias\",\"dateline\":\"Publicado el enero 7, 2019.\"},{\"@type\":\"Organization\",\"@id\":\"https:\\\/\\\/candas365.es\\\/noticias\\\/#organization\",\"name\":\"Cand\\u00e1s 365\",\"description\":\"Cand\\u00e1s 365 es un diario digital independiente, fundado en 2012, con base en Asturias. Informamos con rigor sobre actualidad, sociedad, cultura y ocio, con una mirada local y global.\",\"url\":\"https:\\\/\\\/candas365.es\\\/noticias\\\/\",\"email\":\"info@candas365.es\",\"telephone\":\"+34652131393\",\"foundingDate\":\"2012-06-10\",\"logo\":{\"@type\":\"ImageObject\",\"url\":\"https:\\\/\\\/candas365.es\\\/noticias\\\/wp-content\\\/uploads\\\/2024\\\/09\\\/Candas-365-Redes.jpg\",\"@id\":\"https:\\\/\\\/candas365.es\\\/noticias\\\/activado-nuevamente-en-asturias-el-protocolo-de-calidad-del-aire\\\/#organizationLogo\",\"width\":1152,\"height\":864,\"caption\":\"Cand\\u00e1s 365 Redes\"},\"image\":{\"@id\":\"https:\\\/\\\/candas365.es\\\/noticias\\\/activado-nuevamente-en-asturias-el-protocolo-de-calidad-del-aire\\\/#organizationLogo\"},\"sameAs\":[\"https:\\\/\\\/www.facebook.com\\\/Nachofdezber\",\"https:\\\/\\\/x.com\\\/NabercoDigital\",\"https:\\\/\\\/www.instagram.com\\\/nachofdezber\\\/\",\"https:\\\/\\\/www.youtube.com\\\/channel\\\/UCZP-2wLEB9Rv6erhFmqVnvg\"],\"address\":{\"@id\":\"https:\\\/\\\/candas365.es\\\/noticias\\\/#postaladdress\",\"@type\":\"PostalAddress\",\"streetAddress\":\"san antonio 4, san antonio 4\",\"postalCode\":\"33430\",\"addressLocality\":\"Cand\\u00e1s\",\"addressRegion\":\"Asturias\",\"addressCountry\":\"ES\"}},{\"@type\":\"Person\",\"@id\":\"https:\\\/\\\/candas365.es\\\/noticias\\\/author\\\/admin\\\/#author\",\"url\":\"https:\\\/\\\/candas365.es\\\/noticias\\\/author\\\/admin\\\/\",\"name\":\"Cand\\u00e1s 365\",\"image\":{\"@type\":\"ImageObject\",\"@id\":\"https:\\\/\\\/candas365.es\\\/noticias\\\/activado-nuevamente-en-asturias-el-protocolo-de-calidad-del-aire\\\/#authorImage\",\"url\":\"https:\\\/\\\/secure.gravatar.com\\\/avatar\\\/496a8e03d0c493ede1718b7934145dbdf8d89be1036b0eec9544e1094c9de390?s=96&d=mm&r=g\",\"width\":96,\"height\":96,\"caption\":\"Cand\\u00e1s 365\"},\"sameAs\":[\"https:\\\/\\\/www.facebook.com\\\/carrenoactualidad\",\"https:\\\/\\\/twitter.com\\\/nbasturias\",\"https:\\\/\\\/www.instagram.com\\\/nachofdezber\\\/\",\"https:\\\/\\\/www.youtube.com\\\/channel\\\/UCZP-2wLEB9Rv6erhFmqVnvg\"]},{\"@type\":\"WebPage\",\"@id\":\"https:\\\/\\\/candas365.es\\\/noticias\\\/activado-nuevamente-en-asturias-el-protocolo-de-calidad-del-aire\\\/#webpage\",\"url\":\"https:\\\/\\\/candas365.es\\\/noticias\\\/activado-nuevamente-en-asturias-el-protocolo-de-calidad-del-aire\\\/\",\"name\":\"Activado nuevamente en Asturias el protocolo de calidad del aire | Cand\\u00e1s 365\",\"description\":\"El Gobierno ha procedido a activar nuevamente el protocolo de actuaci\\u00f3n en episodios de contaminaci\\u00f3n del aire en su nivel 0 y extremar las precauciones una vez evaluados los niveles registrados en las pasadas jornadas y las predicciones de ventilaci\\u00f3n atmosf\\u00e9rica. Las concentraciones de micropart\\u00edculas en suspensi\\u00f3n han vuelto a encadenar varias jornadas de valores\",\"inLanguage\":\"es-ES\",\"isPartOf\":{\"@id\":\"https:\\\/\\\/candas365.es\\\/noticias\\\/#website\"},\"breadcrumb\":{\"@id\":\"https:\\\/\\\/candas365.es\\\/noticias\\\/activado-nuevamente-en-asturias-el-protocolo-de-calidad-del-aire\\\/#breadcrumblist\"},\"author\":{\"@id\":\"https:\\\/\\\/candas365.es\\\/noticias\\\/author\\\/admin\\\/#author\"},\"creator\":{\"@id\":\"https:\\\/\\\/candas365.es\\\/noticias\\\/author\\\/admin\\\/#author\"},\"image\":{\"@type\":\"ImageObject\",\"url\":\"https:\\\/\\\/candas365.es\\\/noticias\\\/wp-content\\\/uploads\\\/2014\\\/11\\\/Oviedo-Naranco.jpg\",\"@id\":\"https:\\\/\\\/candas365.es\\\/noticias\\\/activado-nuevamente-en-asturias-el-protocolo-de-calidad-del-aire\\\/#mainImage\",\"width\":2048,\"height\":1536},\"primaryImageOfPage\":{\"@id\":\"https:\\\/\\\/candas365.es\\\/noticias\\\/activado-nuevamente-en-asturias-el-protocolo-de-calidad-del-aire\\\/#mainImage\"},\"datePublished\":\"2019-01-07T19:53:52+01:00\",\"dateModified\":\"2019-01-07T19:53:52+01:00\"},{\"@type\":\"WebSite\",\"@id\":\"https:\\\/\\\/candas365.es\\\/noticias\\\/#website\",\"url\":\"https:\\\/\\\/candas365.es\\\/noticias\\\/\",\"name\":\"Cand\\u00e1s 365\",\"alternateName\":\"Cand\\u00e1s 365 Noticias\",\"description\":\"Actualidad desde Carre\\u00f1o para el mundo\",\"inLanguage\":\"es-ES\",\"publisher\":{\"@id\":\"https:\\\/\\\/candas365.es\\\/noticias\\\/#organization\"}}]}\n\t\t<\/script>\n\t\t<!-- All in One SEO Pro -->\r\n\t\t<title>Activado nuevamente en Asturias el protocolo de calidad del aire | Cand\u00e1s 365<\/title>\n\n","aioseo_head_json":{"title":"Activado nuevamente en Asturias el protocolo de calidad del aire | Cand\u00e1s 365","description":"El Gobierno ha procedido a activar nuevamente el protocolo de actuaci\u00f3n en episodios de contaminaci\u00f3n del aire en su nivel 0 y extremar las precauciones una vez evaluados los niveles registrados en las pasadas jornadas y las predicciones de ventilaci\u00f3n atmosf\u00e9rica. Las concentraciones de micropart\u00edculas en suspensi\u00f3n han vuelto a encadenar varias jornadas de valores","canonical_url":"https:\/\/candas365.es\/noticias\/activado-nuevamente-en-asturias-el-protocolo-de-calidad-del-aire\/","robots":"max-image-preview:large","keywords":"asturias","webmasterTools":{"google-site-verification":"UA-32230408-1","msvalidate.01":"354F3CDFB2DA171B47FBE9ABF1F88D5","miscellaneous":""},"schema":{"@context":"https:\/\/schema.org","@graph":[{"@type":"BreadcrumbList","@id":"https:\/\/candas365.es\/noticias\/activado-nuevamente-en-asturias-el-protocolo-de-calidad-del-aire\/#breadcrumblist","itemListElement":[{"@type":"ListItem","@id":"https:\/\/candas365.es\/noticias#listItem","position":1,"name":"Home","item":"https:\/\/candas365.es\/noticias","nextItem":{"@type":"ListItem","@id":"https:\/\/candas365.es\/noticias\/category\/asturias\/#listItem","name":"Asturias"}},{"@type":"ListItem","@id":"https:\/\/candas365.es\/noticias\/category\/asturias\/#listItem","position":2,"name":"Asturias","item":"https:\/\/candas365.es\/noticias\/category\/asturias\/","nextItem":{"@type":"ListItem","@id":"https:\/\/candas365.es\/noticias\/activado-nuevamente-en-asturias-el-protocolo-de-calidad-del-aire\/#listItem","name":"Activado nuevamente en Asturias el protocolo de calidad del aire"},"previousItem":{"@type":"ListItem","@id":"https:\/\/candas365.es\/noticias#listItem","name":"Home"}},{"@type":"ListItem","@id":"https:\/\/candas365.es\/noticias\/activado-nuevamente-en-asturias-el-protocolo-de-calidad-del-aire\/#listItem","position":3,"name":"Activado nuevamente en Asturias el protocolo de calidad del aire","previousItem":{"@type":"ListItem","@id":"https:\/\/candas365.es\/noticias\/category\/asturias\/#listItem","name":"Asturias"}}]},{"@type":"NewsArticle","@id":"https:\/\/candas365.es\/noticias\/activado-nuevamente-en-asturias-el-protocolo-de-calidad-del-aire\/#newsarticle","name":"Activado nuevamente en Asturias el protocolo de calidad del aire | Cand\u00e1s 365","headline":"Activado nuevamente en Asturias el protocolo de calidad del aire","author":{"@id":"https:\/\/candas365.es\/noticias\/author\/admin\/#author"},"publisher":{"@id":"https:\/\/candas365.es\/noticias\/#organization"},"image":{"@type":"ImageObject","url":"https:\/\/candas365.es\/noticias\/wp-content\/uploads\/2014\/11\/Oviedo-Naranco.jpg","width":2048,"height":1536},"datePublished":"2019-01-07T19:53:52+01:00","dateModified":"2019-01-07T19:53:52+01:00","inLanguage":"es-ES","mainEntityOfPage":{"@id":"https:\/\/candas365.es\/noticias\/activado-nuevamente-en-asturias-el-protocolo-de-calidad-del-aire\/#webpage"},"isPartOf":{"@id":"https:\/\/candas365.es\/noticias\/activado-nuevamente-en-asturias-el-protocolo-de-calidad-del-aire\/#webpage"},"articleSection":"Asturias","dateline":"Publicado el enero 7, 2019."},{"@type":"Organization","@id":"https:\/\/candas365.es\/noticias\/#organization","name":"Cand\u00e1s 365","description":"Cand\u00e1s 365 es un diario digital independiente, fundado en 2012, con base en Asturias. Informamos con rigor sobre actualidad, sociedad, cultura y ocio, con una mirada local y global.","url":"https:\/\/candas365.es\/noticias\/","email":"info@candas365.es","telephone":"+34652131393","foundingDate":"2012-06-10","logo":{"@type":"ImageObject","url":"https:\/\/candas365.es\/noticias\/wp-content\/uploads\/2024\/09\/Candas-365-Redes.jpg","@id":"https:\/\/candas365.es\/noticias\/activado-nuevamente-en-asturias-el-protocolo-de-calidad-del-aire\/#organizationLogo","width":1152,"height":864,"caption":"Cand\u00e1s 365 Redes"},"image":{"@id":"https:\/\/candas365.es\/noticias\/activado-nuevamente-en-asturias-el-protocolo-de-calidad-del-aire\/#organizationLogo"},"sameAs":["https:\/\/www.facebook.com\/Nachofdezber","https:\/\/x.com\/NabercoDigital","https:\/\/www.instagram.com\/nachofdezber\/","https:\/\/www.youtube.com\/channel\/UCZP-2wLEB9Rv6erhFmqVnvg"],"address":{"@id":"https:\/\/candas365.es\/noticias\/#postaladdress","@type":"PostalAddress","streetAddress":"san antonio 4, san antonio 4","postalCode":"33430","addressLocality":"Cand\u00e1s","addressRegion":"Asturias","addressCountry":"ES"}},{"@type":"Person","@id":"https:\/\/candas365.es\/noticias\/author\/admin\/#author","url":"https:\/\/candas365.es\/noticias\/author\/admin\/","name":"Cand\u00e1s 365","image":{"@type":"ImageObject","@id":"https:\/\/candas365.es\/noticias\/activado-nuevamente-en-asturias-el-protocolo-de-calidad-del-aire\/#authorImage","url":"https:\/\/secure.gravatar.com\/avatar\/496a8e03d0c493ede1718b7934145dbdf8d89be1036b0eec9544e1094c9de390?s=96&d=mm&r=g","width":96,"height":96,"caption":"Cand\u00e1s 365"},"sameAs":["https:\/\/www.facebook.com\/carrenoactualidad","https:\/\/twitter.com\/nbasturias","https:\/\/www.instagram.com\/nachofdezber\/","https:\/\/www.youtube.com\/channel\/UCZP-2wLEB9Rv6erhFmqVnvg"]},{"@type":"WebPage","@id":"https:\/\/candas365.es\/noticias\/activado-nuevamente-en-asturias-el-protocolo-de-calidad-del-aire\/#webpage","url":"https:\/\/candas365.es\/noticias\/activado-nuevamente-en-asturias-el-protocolo-de-calidad-del-aire\/","name":"Activado nuevamente en Asturias el protocolo de calidad del aire | Cand\u00e1s 365","description":"El Gobierno ha procedido a activar nuevamente el protocolo de actuaci\u00f3n en episodios de contaminaci\u00f3n del aire en su nivel 0 y extremar las precauciones una vez evaluados los niveles registrados en las pasadas jornadas y las predicciones de ventilaci\u00f3n atmosf\u00e9rica. Las concentraciones de micropart\u00edculas en suspensi\u00f3n han vuelto a encadenar varias jornadas de valores","inLanguage":"es-ES","isPartOf":{"@id":"https:\/\/candas365.es\/noticias\/#website"},"breadcrumb":{"@id":"https:\/\/candas365.es\/noticias\/activado-nuevamente-en-asturias-el-protocolo-de-calidad-del-aire\/#breadcrumblist"},"author":{"@id":"https:\/\/candas365.es\/noticias\/author\/admin\/#author"},"creator":{"@id":"https:\/\/candas365.es\/noticias\/author\/admin\/#author"},"image":{"@type":"ImageObject","url":"https:\/\/candas365.es\/noticias\/wp-content\/uploads\/2014\/11\/Oviedo-Naranco.jpg","@id":"https:\/\/candas365.es\/noticias\/activado-nuevamente-en-asturias-el-protocolo-de-calidad-del-aire\/#mainImage","width":2048,"height":1536},"primaryImageOfPage":{"@id":"https:\/\/candas365.es\/noticias\/activado-nuevamente-en-asturias-el-protocolo-de-calidad-del-aire\/#mainImage"},"datePublished":"2019-01-07T19:53:52+01:00","dateModified":"2019-01-07T19:53:52+01:00"},{"@type":"WebSite","@id":"https:\/\/candas365.es\/noticias\/#website","url":"https:\/\/candas365.es\/noticias\/","name":"Cand\u00e1s 365","alternateName":"Cand\u00e1s 365 Noticias","description":"Actualidad desde Carre\u00f1o para el mundo","inLanguage":"es-ES","publisher":{"@id":"https:\/\/candas365.es\/noticias\/#organization"}}]},"og:locale":"es_ES","og:site_name":"Cand\u00e1s 365","og:type":"article","og:title":"Activado nuevamente en Asturias el protocolo de calidad del aire | Cand\u00e1s 365","og:description":"El Gobierno ha procedido a activar nuevamente el protocolo de actuaci\u00f3n en episodios de contaminaci\u00f3n del aire en su nivel 0 y extremar las precauciones una vez evaluados los niveles registrados en las pasadas jornadas y las predicciones de ventilaci\u00f3n atmosf\u00e9rica. Las concentraciones de micropart\u00edculas en suspensi\u00f3n han vuelto a encadenar varias jornadas de valores","og:url":"https:\/\/candas365.es\/noticias\/activado-nuevamente-en-asturias-el-protocolo-de-calidad-del-aire\/","og:image":"https:\/\/candas365.es\/noticias\/wp-content\/uploads\/2014\/11\/Oviedo-Naranco.jpg","og:image:secure_url":"https:\/\/candas365.es\/noticias\/wp-content\/uploads\/2014\/11\/Oviedo-Naranco.jpg","og:image:width":2048,"og:image:height":1536,"article:published_time":"2019-01-07T19:53:52+00:00","article:modified_time":"2019-01-07T19:53:52+00:00","article:publisher":"https:\/\/www.facebook.com\/Nachofdezber","article:author":"https:\/\/www.facebook.com\/carrenoactualidad","twitter:card":"summary_large_image","twitter:site":"@NabercoDigital","twitter:title":"Activado nuevamente en Asturias el protocolo de calidad del aire | Cand\u00e1s 365","twitter:description":"El Gobierno ha procedido a activar nuevamente el protocolo de actuaci\u00f3n en episodios de contaminaci\u00f3n del aire en su nivel 0 y extremar las precauciones una vez evaluados los niveles registrados en las pasadas jornadas y las predicciones de ventilaci\u00f3n atmosf\u00e9rica. Las concentraciones de micropart\u00edculas en suspensi\u00f3n han vuelto a encadenar varias jornadas de valores","twitter:creator":"@nbasturias","twitter:image":"https:\/\/candas365.es\/noticias\/wp-content\/uploads\/2014\/11\/Oviedo-Naranco.jpg","twitter:label1":"Escrito por","twitter:data1":"Cand\u00e1s 365","twitter:label2":"Tiempo de lectura estimado","twitter:data2":"3 minutos"},"aioseo_meta_data":{"post_id":"113661","title":null,"description":null,"keywords":null,"keyphrases":null,"primary_term":null,"canonical_url":null,"og_title":null,"og_description":null,"og_object_type":"default","og_image_type":"default","og_image_url":null,"og_image_width":null,"og_image_height":null,"og_image_custom_url":null,"og_image_custom_fields":null,"og_video":null,"og_custom_url":null,"og_article_section":null,"og_article_tags":null,"twitter_use_og":false,"twitter_card":"default","twitter_image_type":"default","twitter_image_url":null,"twitter_image_custom_url":null,"twitter_image_custom_fields":null,"twitter_title":null,"twitter_description":null,"schema":{"blockGraphs":[],"customGraphs":[],"default":{"data":{"Article":[],"Course":[],"Dataset":[],"FAQPage":[],"Movie":[],"Person":[],"Product":[],"ProductReview":[],"Car":[],"Recipe":[],"Service":[],"SoftwareApplication":[],"WebPage":[]},"graphName":"","isEnabled":true},"graphs":[],"defaultGraph":"","defaultPostTypeGraph":""},"schema_type":null,"schema_type_options":null,"pillar_content":false,"robots_default":true,"robots_noindex":false,"robots_noarchive":false,"robots_nosnippet":false,"robots_nofollow":false,"robots_noimageindex":false,"robots_noodp":false,"robots_notranslate":false,"robots_max_snippet":null,"robots_max_videopreview":null,"robots_max_imagepreview":"large","priority":null,"frequency":null,"location":null,"local_seo":null,"seo_analyzer_scan_date":"2025-08-28 21:56:36","breadcrumb_settings":null,"limit_modified_date":false,"reviewed_by":null,"open_ai":null,"ai":null,"created":"2020-12-21 11:27:55","updated":"2025-08-28 21:56:36"},"aioseo_breadcrumb":"<div class=\"aioseo-breadcrumbs\"><span class=\"aioseo-breadcrumb\">\n\t<a href=\"https:\/\/candas365.es\/noticias\" title=\"Home\">Home<\/a>\n<\/span><span class=\"aioseo-breadcrumb-separator\">&ndash;<\/span><span class=\"aioseo-breadcrumb\">\n\t<a href=\"https:\/\/candas365.es\/noticias\/category\/asturias\/\" title=\"Asturias\">Asturias<\/a>\n<\/span><span class=\"aioseo-breadcrumb-separator\">&ndash;<\/span><span class=\"aioseo-breadcrumb\">\n\tActivado nuevamente en Asturias el protocolo de calidad del aire\n<\/span><\/div>","aioseo_breadcrumb_json":[{"label":"Home","link":"https:\/\/candas365.es\/noticias"},{"label":"Asturias","link":"https:\/\/candas365.es\/noticias\/category\/asturias\/"},{"label":"Activado nuevamente en Asturias el protocolo de calidad del aire","link":"https:\/\/candas365.es\/noticias\/activado-nuevamente-en-asturias-el-protocolo-de-calidad-del-aire\/"}],"_links":{"self":[{"href":"https:\/\/candas365.es\/noticias\/wp-json\/wp\/v2\/posts\/113661","targetHints":{"allow":["GET"]}}],"collection":[{"href":"https:\/\/candas365.es\/noticias\/wp-json\/wp\/v2\/posts"}],"about":[{"href":"https:\/\/candas365.es\/noticias\/wp-json\/wp\/v2\/types\/post"}],"author":[{"embeddable":true,"href":"https:\/\/candas365.es\/noticias\/wp-json\/wp\/v2\/users\/1"}],"replies":[{"embeddable":true,"href":"https:\/\/candas365.es\/noticias\/wp-json\/wp\/v2\/comments?post=113661"}],"version-history":[{"count":0,"href":"https:\/\/candas365.es\/noticias\/wp-json\/wp\/v2\/posts\/113661\/revisions"}],"wp:featuredmedia":[{"embeddable":true,"href":"https:\/\/candas365.es\/noticias\/wp-json\/wp\/v2\/media\/4864"}],"wp:attachment":[{"href":"https:\/\/candas365.es\/noticias\/wp-json\/wp\/v2\/media?parent=113661"}],"wp:term":[{"taxonomy":"category","embeddable":true,"href":"https:\/\/candas365.es\/noticias\/wp-json\/wp\/v2\/categories?post=113661"},{"taxonomy":"post_tag","embeddable":true,"href":"https:\/\/candas365.es\/noticias\/wp-json\/wp\/v2\/tags?post=113661"}],"curies":[{"name":"wp","href":"https:\/\/api.w.org\/{rel}","templated":true}]}}