{"id":113655,"date":"2019-01-07T16:57:58","date_gmt":"2019-01-07T16:57:58","guid":{"rendered":"http:\/\/candas365.es\/noticias\/?p=113655"},"modified":"2019-01-07T16:57:58","modified_gmt":"2019-01-07T16:57:58","slug":"nuestra-conexion-con-la-naturaleza","status":"publish","type":"post","link":"https:\/\/candas365.es\/noticias\/nuestra-conexion-con-la-naturaleza\/","title":{"rendered":"Nuestra conexi\u00f3n con la naturaleza"},"content":{"rendered":"<p><img fetchpriority=\"high\" decoding=\"async\" class=\"alignleft size-medium wp-image-113656\" src=\"https:\/\/candas365.es\/noticias\/wp-content\/uploads\/2019\/01\/Sentimos-una-conexion-diferente-con-la-naturaleza-segun-nuestro-contexto-cultural_image_380-360x270.jpg\" alt=\"\" width=\"360\" height=\"270\" srcset=\"https:\/\/candas365.es\/noticias\/wp-content\/uploads\/2019\/01\/Sentimos-una-conexion-diferente-con-la-naturaleza-segun-nuestro-contexto-cultural_image_380-360x270.jpg 360w, https:\/\/candas365.es\/noticias\/wp-content\/uploads\/2019\/01\/Sentimos-una-conexion-diferente-con-la-naturaleza-segun-nuestro-contexto-cultural_image_380-80x60.jpg 80w, https:\/\/candas365.es\/noticias\/wp-content\/uploads\/2019\/01\/Sentimos-una-conexion-diferente-con-la-naturaleza-segun-nuestro-contexto-cultural_image_380-265x198.jpg 265w, https:\/\/candas365.es\/noticias\/wp-content\/uploads\/2019\/01\/Sentimos-una-conexion-diferente-con-la-naturaleza-segun-nuestro-contexto-cultural_image_380.jpg 507w\" sizes=\"(max-width: 360px) 100vw, 360px\" \/>Desde hace d\u00e9cadas, en el mundo occidental la poblaci\u00f3n tiende a migrar del campo a la ciudad. Sin embargo, esto no influye para que el individuo establezca con la naturaleza una conexi\u00f3n especial, m\u00e1s all\u00e1 de la biof\u00edsica. Para medir esa conexi\u00f3n, los psic\u00f3logos ambientales utilizan m\u00e9todos que han aplicado indistintamente a pa\u00edses diversos. Una investigaci\u00f3n espa\u00f1ola demuestra que la Escala de Conectividad con la Naturaleza presenta diferencias seg\u00fan el contexto cultural en el que se aplique.<\/p>\n<p>La metodolog\u00eda utilizada para medir la conectividad de los individuos con la naturaleza presenta diferencias seg\u00fan el contexto cultural en el que se administre, seg\u00fan una investigaci\u00f3n en la que participa la Universidad Complutense de Madrid (UCM).<\/p>\n<p>La conexi\u00f3n con la naturaleza, desde el punto de vista de la psicolog\u00eda ambiental, consiste en el v\u00ednculo tanto cognitivo como emocional que las personas tienen con la naturaleza, a pesar del habitual \u2018abandono\u2019 del campo por la ciudad en la sociedad occidental. Dicha conexi\u00f3n se ha relacionado con el bienestar y preocupaci\u00f3n por el medio ambiente.<\/p>\n<p>\u201cEn los medios de comunicaci\u00f3n y en las redes sociales aparecen de forma reiterada ideas como \u2018salud y naturaleza\u2019 o \u2018beneficios de pasear en la naturaleza\u2019, en las que subyace el concepto de conectividad con la naturaleza\u201d, justifica Laura Pasca, investigadora de la facultad de Psicolog\u00eda de la UCM y una de las autoras del estudio publicado en Plos ONE.<\/p>\n<p>Entre los m\u00e9todos que existen para medir esa conexi\u00f3n emocional de las personas con el mundo natural, destaca la Escala de Conectividad con la Naturaleza (CNS), dise\u00f1ada por Mayer y Frantz que consta de 13 elementos, en la que los participantes deben situarse en un continuo de muy en desacuendo a muy de acuerdo.<\/p>\n<p>Actualmente, esta escala se emplea en diferentes partes del mundo, por lo que los investigadores de la UCM y el Oberlin College (EE UU) se plantearon si todos los individuos tienen la misma comprensi\u00f3n de la conexi\u00f3n con la naturaleza, teniendo en cuenta las diferencias culturales entre los diferentes pa\u00edses y continentes.<\/p>\n<p>\u201cLlegamos a la conclusi\u00f3n de que la medida de la conectividad con la naturaleza presenta diferencias dependientes del contexto cultural en el que se administre\u201d, se\u00f1ala Pasca.<\/p>\n<p><strong>Muestras espa\u00f1ola y americana<\/strong><\/p>\n<p>Para llevar a cabo el estudio se utilizaron dos muestras, una espa\u00f1ola y otra estadounidense, pa\u00eds de procedencia de la escala empleada. Estos datos se trataron con tres m\u00e9todos estad\u00edsticos diferentes y el resultado determin\u00f3 lo que los expertos supon\u00edan: el contexto cultural influye, la conexi\u00f3n con la naturaleza no puede tratarse por igual sin tener en cuenta la procedencia del individuo.<\/p>\n<p>\u201cPara poder realizar comparaciones con esta escala en diferentes contextos culturales, ser\u00eda necesario llevar a cabo una baremaci\u00f3n del instrumento de medida, ya que una misma puntuaci\u00f3n en distintos pa\u00edses puede significar niveles de conectividad diferentes\u201d, resuelve Juan Ignacio Aragon\u00e9s, investigador del departamento de Psicolog\u00eda Social, del Trabajo y Diferencial de la UCM y coautor del estudio.<\/p>\n<p>Al tratarse de un fen\u00f3meno universal, explica el psic\u00f3logo, existe una tendencia a tratar de forma universal a los instrumentos de medida, \u201ca pesar de haber sido construidos en contextos culturales concretos.<\/p>\n<p>SINC<\/p>\n","protected":false},"excerpt":{"rendered":"<p>Desde hace d\u00e9cadas, en el mundo occidental la poblaci\u00f3n tiende a migrar del campo a la ciudad. Sin embargo, esto no influye para que el individuo establezca con la naturaleza una conexi\u00f3n especial, m\u00e1s all\u00e1 de la biof\u00edsica. Para medir esa conexi\u00f3n, los psic\u00f3logos ambientales utilizan m\u00e9todos que han aplicado indistintamente a pa\u00edses diversos. Una<\/p>\n","protected":false},"author":1,"featured_media":113656,"comment_status":"closed","ping_status":"closed","sticky":false,"template":"","format":"standard","meta":{"footnotes":""},"categories":[143],"tags":[],"class_list":{"0":"post-113655","1":"post","2":"type-post","3":"status-publish","4":"format-standard","5":"has-post-thumbnail","7":"category-sociedad"},"aioseo_notices":[],"aioseo_head":"\n\t\t<!-- All in One SEO Pro 4.9.6.2 - aioseo.com -->\n\t<meta name=\"description\" content=\"Desde hace d\u00e9cadas, en el mundo occidental la poblaci\u00f3n tiende a migrar del campo a la ciudad. Sin embargo, esto no influye para que el individuo establezca con la naturaleza una conexi\u00f3n especial, m\u00e1s all\u00e1 de la biof\u00edsica. Para medir esa conexi\u00f3n, los psic\u00f3logos ambientales utilizan m\u00e9todos que han aplicado indistintamente a pa\u00edses diversos. Una\" \/>\n\t<meta name=\"robots\" content=\"max-image-preview:large\" \/>\n\t<meta name=\"author\" content=\"Cand\u00e1s 365\"\/>\n\t<meta name=\"google-site-verification\" content=\"UA-32230408-1\" \/>\n\t<meta name=\"msvalidate.01\" content=\"354F3CDFB2DA171B47FBE9ABF1F88D5\" \/>\n\t<meta name=\"keywords\" content=\"sociedad\" \/>\n\t<link rel=\"canonical\" href=\"https:\/\/candas365.es\/noticias\/nuestra-conexion-con-la-naturaleza\/\" \/>\n\t<meta name=\"generator\" content=\"All in One SEO Pro (AIOSEO) 4.9.6.2\" \/>\n\t\t<meta property=\"og:locale\" content=\"es_ES\" \/>\n\t\t<meta property=\"og:site_name\" content=\"Cand\u00e1s 365\" \/>\n\t\t<meta property=\"og:type\" content=\"article\" \/>\n\t\t<meta property=\"og:title\" content=\"Nuestra conexi\u00f3n con la naturaleza | Cand\u00e1s 365\" \/>\n\t\t<meta property=\"og:description\" content=\"Desde hace d\u00e9cadas, en el mundo occidental la poblaci\u00f3n tiende a migrar del campo a la ciudad. Sin embargo, esto no influye para que el individuo establezca con la naturaleza una conexi\u00f3n especial, m\u00e1s all\u00e1 de la biof\u00edsica. Para medir esa conexi\u00f3n, los psic\u00f3logos ambientales utilizan m\u00e9todos que han aplicado indistintamente a pa\u00edses diversos. Una\" \/>\n\t\t<meta property=\"og:url\" content=\"https:\/\/candas365.es\/noticias\/nuestra-conexion-con-la-naturaleza\/\" \/>\n\t\t<meta property=\"og:image\" content=\"https:\/\/candas365.es\/noticias\/wp-content\/uploads\/2019\/01\/Sentimos-una-conexion-diferente-con-la-naturaleza-segun-nuestro-contexto-cultural_image_380.jpg\" \/>\n\t\t<meta property=\"og:image:secure_url\" content=\"https:\/\/candas365.es\/noticias\/wp-content\/uploads\/2019\/01\/Sentimos-una-conexion-diferente-con-la-naturaleza-segun-nuestro-contexto-cultural_image_380.jpg\" \/>\n\t\t<meta property=\"og:image:width\" content=\"507\" \/>\n\t\t<meta property=\"og:image:height\" content=\"380\" \/>\n\t\t<meta property=\"article:published_time\" content=\"2019-01-07T16:57:58+00:00\" \/>\n\t\t<meta property=\"article:modified_time\" content=\"2019-01-07T16:57:58+00:00\" \/>\n\t\t<meta property=\"article:publisher\" content=\"https:\/\/www.facebook.com\/Nachofdezber\" \/>\n\t\t<meta property=\"article:author\" content=\"https:\/\/www.facebook.com\/carrenoactualidad\" \/>\n\t\t<meta name=\"twitter:card\" content=\"summary_large_image\" \/>\n\t\t<meta name=\"twitter:site\" content=\"@NabercoDigital\" \/>\n\t\t<meta name=\"twitter:title\" content=\"Nuestra conexi\u00f3n con la naturaleza | Cand\u00e1s 365\" \/>\n\t\t<meta name=\"twitter:description\" content=\"Desde hace d\u00e9cadas, en el mundo occidental la poblaci\u00f3n tiende a migrar del campo a la ciudad. Sin embargo, esto no influye para que el individuo establezca con la naturaleza una conexi\u00f3n especial, m\u00e1s all\u00e1 de la biof\u00edsica. Para medir esa conexi\u00f3n, los psic\u00f3logos ambientales utilizan m\u00e9todos que han aplicado indistintamente a pa\u00edses diversos. Una\" \/>\n\t\t<meta name=\"twitter:creator\" content=\"@nbasturias\" \/>\n\t\t<meta name=\"twitter:image\" content=\"https:\/\/candas365.es\/noticias\/wp-content\/uploads\/2019\/01\/Sentimos-una-conexion-diferente-con-la-naturaleza-segun-nuestro-contexto-cultural_image_380.jpg\" \/>\n\t\t<meta name=\"twitter:label1\" content=\"Escrito por\" \/>\n\t\t<meta name=\"twitter:data1\" content=\"Cand\u00e1s 365\" \/>\n\t\t<meta name=\"twitter:label2\" content=\"Tiempo de lectura estimado\" \/>\n\t\t<meta name=\"twitter:data2\" content=\"3 minutos\" \/>\n\t\t<script type=\"application\/ld+json\" class=\"aioseo-schema\">\n\t\t\t{\"@context\":\"https:\\\/\\\/schema.org\",\"@graph\":[{\"@type\":\"BreadcrumbList\",\"@id\":\"https:\\\/\\\/candas365.es\\\/noticias\\\/nuestra-conexion-con-la-naturaleza\\\/#breadcrumblist\",\"itemListElement\":[{\"@type\":\"ListItem\",\"@id\":\"https:\\\/\\\/candas365.es\\\/noticias#listItem\",\"position\":1,\"name\":\"Home\",\"item\":\"https:\\\/\\\/candas365.es\\\/noticias\",\"nextItem\":{\"@type\":\"ListItem\",\"@id\":\"https:\\\/\\\/candas365.es\\\/noticias\\\/category\\\/sociedad\\\/#listItem\",\"name\":\"Sociedad\"}},{\"@type\":\"ListItem\",\"@id\":\"https:\\\/\\\/candas365.es\\\/noticias\\\/category\\\/sociedad\\\/#listItem\",\"position\":2,\"name\":\"Sociedad\",\"item\":\"https:\\\/\\\/candas365.es\\\/noticias\\\/category\\\/sociedad\\\/\",\"nextItem\":{\"@type\":\"ListItem\",\"@id\":\"https:\\\/\\\/candas365.es\\\/noticias\\\/nuestra-conexion-con-la-naturaleza\\\/#listItem\",\"name\":\"Nuestra conexi\\u00f3n con la naturaleza\"},\"previousItem\":{\"@type\":\"ListItem\",\"@id\":\"https:\\\/\\\/candas365.es\\\/noticias#listItem\",\"name\":\"Home\"}},{\"@type\":\"ListItem\",\"@id\":\"https:\\\/\\\/candas365.es\\\/noticias\\\/nuestra-conexion-con-la-naturaleza\\\/#listItem\",\"position\":3,\"name\":\"Nuestra conexi\\u00f3n con la naturaleza\",\"previousItem\":{\"@type\":\"ListItem\",\"@id\":\"https:\\\/\\\/candas365.es\\\/noticias\\\/category\\\/sociedad\\\/#listItem\",\"name\":\"Sociedad\"}}]},{\"@type\":\"NewsArticle\",\"@id\":\"https:\\\/\\\/candas365.es\\\/noticias\\\/nuestra-conexion-con-la-naturaleza\\\/#newsarticle\",\"name\":\"Nuestra conexi\\u00f3n con la naturaleza | Cand\\u00e1s 365\",\"headline\":\"Nuestra conexi\\u00f3n con la naturaleza\",\"author\":{\"@id\":\"https:\\\/\\\/candas365.es\\\/noticias\\\/author\\\/admin\\\/#author\"},\"publisher\":{\"@id\":\"https:\\\/\\\/candas365.es\\\/noticias\\\/#organization\"},\"image\":{\"@type\":\"ImageObject\",\"url\":\"https:\\\/\\\/candas365.es\\\/noticias\\\/wp-content\\\/uploads\\\/2019\\\/01\\\/Sentimos-una-conexion-diferente-con-la-naturaleza-segun-nuestro-contexto-cultural_image_380.jpg\",\"width\":507,\"height\":380},\"datePublished\":\"2019-01-07T16:57:58+01:00\",\"dateModified\":\"2019-01-07T16:57:58+01:00\",\"inLanguage\":\"es-ES\",\"mainEntityOfPage\":{\"@id\":\"https:\\\/\\\/candas365.es\\\/noticias\\\/nuestra-conexion-con-la-naturaleza\\\/#webpage\"},\"isPartOf\":{\"@id\":\"https:\\\/\\\/candas365.es\\\/noticias\\\/nuestra-conexion-con-la-naturaleza\\\/#webpage\"},\"articleSection\":\"Sociedad\",\"dateline\":\"Publicado el enero 7, 2019.\"},{\"@type\":\"Organization\",\"@id\":\"https:\\\/\\\/candas365.es\\\/noticias\\\/#organization\",\"name\":\"Cand\\u00e1s 365\",\"description\":\"Cand\\u00e1s 365 es un diario digital independiente, fundado en 2012, con base en Asturias. Informamos con rigor sobre actualidad, sociedad, cultura y ocio, con una mirada local y global.\",\"url\":\"https:\\\/\\\/candas365.es\\\/noticias\\\/\",\"email\":\"info@candas365.es\",\"telephone\":\"+34652131393\",\"foundingDate\":\"2012-06-10\",\"logo\":{\"@type\":\"ImageObject\",\"url\":\"https:\\\/\\\/candas365.es\\\/noticias\\\/wp-content\\\/uploads\\\/2024\\\/09\\\/Candas-365-Redes.jpg\",\"@id\":\"https:\\\/\\\/candas365.es\\\/noticias\\\/nuestra-conexion-con-la-naturaleza\\\/#organizationLogo\",\"width\":1152,\"height\":864,\"caption\":\"Cand\\u00e1s 365 Redes\"},\"image\":{\"@id\":\"https:\\\/\\\/candas365.es\\\/noticias\\\/nuestra-conexion-con-la-naturaleza\\\/#organizationLogo\"},\"sameAs\":[\"https:\\\/\\\/www.facebook.com\\\/Nachofdezber\",\"https:\\\/\\\/x.com\\\/NabercoDigital\",\"https:\\\/\\\/www.instagram.com\\\/nachofdezber\\\/\",\"https:\\\/\\\/www.youtube.com\\\/channel\\\/UCZP-2wLEB9Rv6erhFmqVnvg\"],\"address\":{\"@id\":\"https:\\\/\\\/candas365.es\\\/noticias\\\/#postaladdress\",\"@type\":\"PostalAddress\",\"streetAddress\":\"san antonio 4, san antonio 4\",\"postalCode\":\"33430\",\"addressLocality\":\"Cand\\u00e1s\",\"addressRegion\":\"Asturias\",\"addressCountry\":\"ES\"}},{\"@type\":\"Person\",\"@id\":\"https:\\\/\\\/candas365.es\\\/noticias\\\/author\\\/admin\\\/#author\",\"url\":\"https:\\\/\\\/candas365.es\\\/noticias\\\/author\\\/admin\\\/\",\"name\":\"Cand\\u00e1s 365\",\"image\":{\"@type\":\"ImageObject\",\"@id\":\"https:\\\/\\\/candas365.es\\\/noticias\\\/nuestra-conexion-con-la-naturaleza\\\/#authorImage\",\"url\":\"https:\\\/\\\/secure.gravatar.com\\\/avatar\\\/496a8e03d0c493ede1718b7934145dbdf8d89be1036b0eec9544e1094c9de390?s=96&d=mm&r=g\",\"width\":96,\"height\":96,\"caption\":\"Cand\\u00e1s 365\"},\"sameAs\":[\"https:\\\/\\\/www.facebook.com\\\/carrenoactualidad\",\"https:\\\/\\\/twitter.com\\\/nbasturias\",\"https:\\\/\\\/www.instagram.com\\\/nachofdezber\\\/\",\"https:\\\/\\\/www.youtube.com\\\/channel\\\/UCZP-2wLEB9Rv6erhFmqVnvg\"]},{\"@type\":\"WebPage\",\"@id\":\"https:\\\/\\\/candas365.es\\\/noticias\\\/nuestra-conexion-con-la-naturaleza\\\/#webpage\",\"url\":\"https:\\\/\\\/candas365.es\\\/noticias\\\/nuestra-conexion-con-la-naturaleza\\\/\",\"name\":\"Nuestra conexi\\u00f3n con la naturaleza | Cand\\u00e1s 365\",\"description\":\"Desde hace d\\u00e9cadas, en el mundo occidental la poblaci\\u00f3n tiende a migrar del campo a la ciudad. Sin embargo, esto no influye para que el individuo establezca con la naturaleza una conexi\\u00f3n especial, m\\u00e1s all\\u00e1 de la biof\\u00edsica. Para medir esa conexi\\u00f3n, los psic\\u00f3logos ambientales utilizan m\\u00e9todos que han aplicado indistintamente a pa\\u00edses diversos. Una\",\"inLanguage\":\"es-ES\",\"isPartOf\":{\"@id\":\"https:\\\/\\\/candas365.es\\\/noticias\\\/#website\"},\"breadcrumb\":{\"@id\":\"https:\\\/\\\/candas365.es\\\/noticias\\\/nuestra-conexion-con-la-naturaleza\\\/#breadcrumblist\"},\"author\":{\"@id\":\"https:\\\/\\\/candas365.es\\\/noticias\\\/author\\\/admin\\\/#author\"},\"creator\":{\"@id\":\"https:\\\/\\\/candas365.es\\\/noticias\\\/author\\\/admin\\\/#author\"},\"image\":{\"@type\":\"ImageObject\",\"url\":\"https:\\\/\\\/candas365.es\\\/noticias\\\/wp-content\\\/uploads\\\/2019\\\/01\\\/Sentimos-una-conexion-diferente-con-la-naturaleza-segun-nuestro-contexto-cultural_image_380.jpg\",\"@id\":\"https:\\\/\\\/candas365.es\\\/noticias\\\/nuestra-conexion-con-la-naturaleza\\\/#mainImage\",\"width\":507,\"height\":380},\"primaryImageOfPage\":{\"@id\":\"https:\\\/\\\/candas365.es\\\/noticias\\\/nuestra-conexion-con-la-naturaleza\\\/#mainImage\"},\"datePublished\":\"2019-01-07T16:57:58+01:00\",\"dateModified\":\"2019-01-07T16:57:58+01:00\"},{\"@type\":\"WebSite\",\"@id\":\"https:\\\/\\\/candas365.es\\\/noticias\\\/#website\",\"url\":\"https:\\\/\\\/candas365.es\\\/noticias\\\/\",\"name\":\"Cand\\u00e1s 365\",\"alternateName\":\"Cand\\u00e1s 365 Noticias\",\"description\":\"Actualidad desde Carre\\u00f1o para el mundo\",\"inLanguage\":\"es-ES\",\"publisher\":{\"@id\":\"https:\\\/\\\/candas365.es\\\/noticias\\\/#organization\"}}]}\n\t\t<\/script>\n\t\t<!-- All in One SEO Pro -->\r\n\t\t<title>Nuestra conexi\u00f3n con la naturaleza | Cand\u00e1s 365<\/title>\n\n","aioseo_head_json":{"title":"Nuestra conexi\u00f3n con la naturaleza | Cand\u00e1s 365","description":"Desde hace d\u00e9cadas, en el mundo occidental la poblaci\u00f3n tiende a migrar del campo a la ciudad. Sin embargo, esto no influye para que el individuo establezca con la naturaleza una conexi\u00f3n especial, m\u00e1s all\u00e1 de la biof\u00edsica. Para medir esa conexi\u00f3n, los psic\u00f3logos ambientales utilizan m\u00e9todos que han aplicado indistintamente a pa\u00edses diversos. Una","canonical_url":"https:\/\/candas365.es\/noticias\/nuestra-conexion-con-la-naturaleza\/","robots":"max-image-preview:large","keywords":"sociedad","webmasterTools":{"google-site-verification":"UA-32230408-1","msvalidate.01":"354F3CDFB2DA171B47FBE9ABF1F88D5","miscellaneous":""},"schema":{"@context":"https:\/\/schema.org","@graph":[{"@type":"BreadcrumbList","@id":"https:\/\/candas365.es\/noticias\/nuestra-conexion-con-la-naturaleza\/#breadcrumblist","itemListElement":[{"@type":"ListItem","@id":"https:\/\/candas365.es\/noticias#listItem","position":1,"name":"Home","item":"https:\/\/candas365.es\/noticias","nextItem":{"@type":"ListItem","@id":"https:\/\/candas365.es\/noticias\/category\/sociedad\/#listItem","name":"Sociedad"}},{"@type":"ListItem","@id":"https:\/\/candas365.es\/noticias\/category\/sociedad\/#listItem","position":2,"name":"Sociedad","item":"https:\/\/candas365.es\/noticias\/category\/sociedad\/","nextItem":{"@type":"ListItem","@id":"https:\/\/candas365.es\/noticias\/nuestra-conexion-con-la-naturaleza\/#listItem","name":"Nuestra conexi\u00f3n con la naturaleza"},"previousItem":{"@type":"ListItem","@id":"https:\/\/candas365.es\/noticias#listItem","name":"Home"}},{"@type":"ListItem","@id":"https:\/\/candas365.es\/noticias\/nuestra-conexion-con-la-naturaleza\/#listItem","position":3,"name":"Nuestra conexi\u00f3n con la naturaleza","previousItem":{"@type":"ListItem","@id":"https:\/\/candas365.es\/noticias\/category\/sociedad\/#listItem","name":"Sociedad"}}]},{"@type":"NewsArticle","@id":"https:\/\/candas365.es\/noticias\/nuestra-conexion-con-la-naturaleza\/#newsarticle","name":"Nuestra conexi\u00f3n con la naturaleza | Cand\u00e1s 365","headline":"Nuestra conexi\u00f3n con la naturaleza","author":{"@id":"https:\/\/candas365.es\/noticias\/author\/admin\/#author"},"publisher":{"@id":"https:\/\/candas365.es\/noticias\/#organization"},"image":{"@type":"ImageObject","url":"https:\/\/candas365.es\/noticias\/wp-content\/uploads\/2019\/01\/Sentimos-una-conexion-diferente-con-la-naturaleza-segun-nuestro-contexto-cultural_image_380.jpg","width":507,"height":380},"datePublished":"2019-01-07T16:57:58+01:00","dateModified":"2019-01-07T16:57:58+01:00","inLanguage":"es-ES","mainEntityOfPage":{"@id":"https:\/\/candas365.es\/noticias\/nuestra-conexion-con-la-naturaleza\/#webpage"},"isPartOf":{"@id":"https:\/\/candas365.es\/noticias\/nuestra-conexion-con-la-naturaleza\/#webpage"},"articleSection":"Sociedad","dateline":"Publicado el enero 7, 2019."},{"@type":"Organization","@id":"https:\/\/candas365.es\/noticias\/#organization","name":"Cand\u00e1s 365","description":"Cand\u00e1s 365 es un diario digital independiente, fundado en 2012, con base en Asturias. Informamos con rigor sobre actualidad, sociedad, cultura y ocio, con una mirada local y global.","url":"https:\/\/candas365.es\/noticias\/","email":"info@candas365.es","telephone":"+34652131393","foundingDate":"2012-06-10","logo":{"@type":"ImageObject","url":"https:\/\/candas365.es\/noticias\/wp-content\/uploads\/2024\/09\/Candas-365-Redes.jpg","@id":"https:\/\/candas365.es\/noticias\/nuestra-conexion-con-la-naturaleza\/#organizationLogo","width":1152,"height":864,"caption":"Cand\u00e1s 365 Redes"},"image":{"@id":"https:\/\/candas365.es\/noticias\/nuestra-conexion-con-la-naturaleza\/#organizationLogo"},"sameAs":["https:\/\/www.facebook.com\/Nachofdezber","https:\/\/x.com\/NabercoDigital","https:\/\/www.instagram.com\/nachofdezber\/","https:\/\/www.youtube.com\/channel\/UCZP-2wLEB9Rv6erhFmqVnvg"],"address":{"@id":"https:\/\/candas365.es\/noticias\/#postaladdress","@type":"PostalAddress","streetAddress":"san antonio 4, san antonio 4","postalCode":"33430","addressLocality":"Cand\u00e1s","addressRegion":"Asturias","addressCountry":"ES"}},{"@type":"Person","@id":"https:\/\/candas365.es\/noticias\/author\/admin\/#author","url":"https:\/\/candas365.es\/noticias\/author\/admin\/","name":"Cand\u00e1s 365","image":{"@type":"ImageObject","@id":"https:\/\/candas365.es\/noticias\/nuestra-conexion-con-la-naturaleza\/#authorImage","url":"https:\/\/secure.gravatar.com\/avatar\/496a8e03d0c493ede1718b7934145dbdf8d89be1036b0eec9544e1094c9de390?s=96&d=mm&r=g","width":96,"height":96,"caption":"Cand\u00e1s 365"},"sameAs":["https:\/\/www.facebook.com\/carrenoactualidad","https:\/\/twitter.com\/nbasturias","https:\/\/www.instagram.com\/nachofdezber\/","https:\/\/www.youtube.com\/channel\/UCZP-2wLEB9Rv6erhFmqVnvg"]},{"@type":"WebPage","@id":"https:\/\/candas365.es\/noticias\/nuestra-conexion-con-la-naturaleza\/#webpage","url":"https:\/\/candas365.es\/noticias\/nuestra-conexion-con-la-naturaleza\/","name":"Nuestra conexi\u00f3n con la naturaleza | Cand\u00e1s 365","description":"Desde hace d\u00e9cadas, en el mundo occidental la poblaci\u00f3n tiende a migrar del campo a la ciudad. Sin embargo, esto no influye para que el individuo establezca con la naturaleza una conexi\u00f3n especial, m\u00e1s all\u00e1 de la biof\u00edsica. Para medir esa conexi\u00f3n, los psic\u00f3logos ambientales utilizan m\u00e9todos que han aplicado indistintamente a pa\u00edses diversos. Una","inLanguage":"es-ES","isPartOf":{"@id":"https:\/\/candas365.es\/noticias\/#website"},"breadcrumb":{"@id":"https:\/\/candas365.es\/noticias\/nuestra-conexion-con-la-naturaleza\/#breadcrumblist"},"author":{"@id":"https:\/\/candas365.es\/noticias\/author\/admin\/#author"},"creator":{"@id":"https:\/\/candas365.es\/noticias\/author\/admin\/#author"},"image":{"@type":"ImageObject","url":"https:\/\/candas365.es\/noticias\/wp-content\/uploads\/2019\/01\/Sentimos-una-conexion-diferente-con-la-naturaleza-segun-nuestro-contexto-cultural_image_380.jpg","@id":"https:\/\/candas365.es\/noticias\/nuestra-conexion-con-la-naturaleza\/#mainImage","width":507,"height":380},"primaryImageOfPage":{"@id":"https:\/\/candas365.es\/noticias\/nuestra-conexion-con-la-naturaleza\/#mainImage"},"datePublished":"2019-01-07T16:57:58+01:00","dateModified":"2019-01-07T16:57:58+01:00"},{"@type":"WebSite","@id":"https:\/\/candas365.es\/noticias\/#website","url":"https:\/\/candas365.es\/noticias\/","name":"Cand\u00e1s 365","alternateName":"Cand\u00e1s 365 Noticias","description":"Actualidad desde Carre\u00f1o para el mundo","inLanguage":"es-ES","publisher":{"@id":"https:\/\/candas365.es\/noticias\/#organization"}}]},"og:locale":"es_ES","og:site_name":"Cand\u00e1s 365","og:type":"article","og:title":"Nuestra conexi\u00f3n con la naturaleza | Cand\u00e1s 365","og:description":"Desde hace d\u00e9cadas, en el mundo occidental la poblaci\u00f3n tiende a migrar del campo a la ciudad. Sin embargo, esto no influye para que el individuo establezca con la naturaleza una conexi\u00f3n especial, m\u00e1s all\u00e1 de la biof\u00edsica. Para medir esa conexi\u00f3n, los psic\u00f3logos ambientales utilizan m\u00e9todos que han aplicado indistintamente a pa\u00edses diversos. Una","og:url":"https:\/\/candas365.es\/noticias\/nuestra-conexion-con-la-naturaleza\/","og:image":"https:\/\/candas365.es\/noticias\/wp-content\/uploads\/2019\/01\/Sentimos-una-conexion-diferente-con-la-naturaleza-segun-nuestro-contexto-cultural_image_380.jpg","og:image:secure_url":"https:\/\/candas365.es\/noticias\/wp-content\/uploads\/2019\/01\/Sentimos-una-conexion-diferente-con-la-naturaleza-segun-nuestro-contexto-cultural_image_380.jpg","og:image:width":507,"og:image:height":380,"article:published_time":"2019-01-07T16:57:58+00:00","article:modified_time":"2019-01-07T16:57:58+00:00","article:publisher":"https:\/\/www.facebook.com\/Nachofdezber","article:author":"https:\/\/www.facebook.com\/carrenoactualidad","twitter:card":"summary_large_image","twitter:site":"@NabercoDigital","twitter:title":"Nuestra conexi\u00f3n con la naturaleza | Cand\u00e1s 365","twitter:description":"Desde hace d\u00e9cadas, en el mundo occidental la poblaci\u00f3n tiende a migrar del campo a la ciudad. Sin embargo, esto no influye para que el individuo establezca con la naturaleza una conexi\u00f3n especial, m\u00e1s all\u00e1 de la biof\u00edsica. Para medir esa conexi\u00f3n, los psic\u00f3logos ambientales utilizan m\u00e9todos que han aplicado indistintamente a pa\u00edses diversos. Una","twitter:creator":"@nbasturias","twitter:image":"https:\/\/candas365.es\/noticias\/wp-content\/uploads\/2019\/01\/Sentimos-una-conexion-diferente-con-la-naturaleza-segun-nuestro-contexto-cultural_image_380.jpg","twitter:label1":"Escrito por","twitter:data1":"Cand\u00e1s 365","twitter:label2":"Tiempo de lectura estimado","twitter:data2":"3 minutos"},"aioseo_meta_data":{"post_id":"113655","title":null,"description":null,"keywords":null,"keyphrases":null,"primary_term":null,"canonical_url":null,"og_title":null,"og_description":null,"og_object_type":"default","og_image_type":"default","og_image_url":null,"og_image_width":null,"og_image_height":null,"og_image_custom_url":null,"og_image_custom_fields":null,"og_video":null,"og_custom_url":null,"og_article_section":null,"og_article_tags":null,"twitter_use_og":false,"twitter_card":"default","twitter_image_type":"default","twitter_image_url":null,"twitter_image_custom_url":null,"twitter_image_custom_fields":null,"twitter_title":null,"twitter_description":null,"schema":{"blockGraphs":[],"customGraphs":[],"default":{"data":{"Article":[],"Course":[],"Dataset":[],"FAQPage":[],"Movie":[],"Person":[],"Product":[],"ProductReview":[],"Car":[],"Recipe":[],"Service":[],"SoftwareApplication":[],"WebPage":[]},"graphName":"","isEnabled":true},"graphs":[],"defaultGraph":"","defaultPostTypeGraph":""},"schema_type":null,"schema_type_options":null,"pillar_content":false,"robots_default":true,"robots_noindex":false,"robots_noarchive":false,"robots_nosnippet":false,"robots_nofollow":false,"robots_noimageindex":false,"robots_noodp":false,"robots_notranslate":false,"robots_max_snippet":null,"robots_max_videopreview":null,"robots_max_imagepreview":"large","priority":null,"frequency":null,"location":null,"local_seo":null,"seo_analyzer_scan_date":"2025-08-28 21:56:34","breadcrumb_settings":null,"limit_modified_date":false,"reviewed_by":null,"open_ai":null,"ai":null,"created":"2020-12-21 11:27:55","updated":"2025-08-28 21:56:34"},"aioseo_breadcrumb":"<div class=\"aioseo-breadcrumbs\"><span class=\"aioseo-breadcrumb\">\n\t<a href=\"https:\/\/candas365.es\/noticias\" title=\"Home\">Home<\/a>\n<\/span><span class=\"aioseo-breadcrumb-separator\">&ndash;<\/span><span class=\"aioseo-breadcrumb\">\n\t<a href=\"https:\/\/candas365.es\/noticias\/category\/sociedad\/\" title=\"Sociedad\">Sociedad<\/a>\n<\/span><span class=\"aioseo-breadcrumb-separator\">&ndash;<\/span><span class=\"aioseo-breadcrumb\">\n\tNuestra conexi\u00f3n con la naturaleza\n<\/span><\/div>","aioseo_breadcrumb_json":[{"label":"Home","link":"https:\/\/candas365.es\/noticias"},{"label":"Sociedad","link":"https:\/\/candas365.es\/noticias\/category\/sociedad\/"},{"label":"Nuestra conexi\u00f3n con la naturaleza","link":"https:\/\/candas365.es\/noticias\/nuestra-conexion-con-la-naturaleza\/"}],"_links":{"self":[{"href":"https:\/\/candas365.es\/noticias\/wp-json\/wp\/v2\/posts\/113655","targetHints":{"allow":["GET"]}}],"collection":[{"href":"https:\/\/candas365.es\/noticias\/wp-json\/wp\/v2\/posts"}],"about":[{"href":"https:\/\/candas365.es\/noticias\/wp-json\/wp\/v2\/types\/post"}],"author":[{"embeddable":true,"href":"https:\/\/candas365.es\/noticias\/wp-json\/wp\/v2\/users\/1"}],"replies":[{"embeddable":true,"href":"https:\/\/candas365.es\/noticias\/wp-json\/wp\/v2\/comments?post=113655"}],"version-history":[{"count":0,"href":"https:\/\/candas365.es\/noticias\/wp-json\/wp\/v2\/posts\/113655\/revisions"}],"wp:featuredmedia":[{"embeddable":true,"href":"https:\/\/candas365.es\/noticias\/wp-json\/wp\/v2\/media\/113656"}],"wp:attachment":[{"href":"https:\/\/candas365.es\/noticias\/wp-json\/wp\/v2\/media?parent=113655"}],"wp:term":[{"taxonomy":"category","embeddable":true,"href":"https:\/\/candas365.es\/noticias\/wp-json\/wp\/v2\/categories?post=113655"},{"taxonomy":"post_tag","embeddable":true,"href":"https:\/\/candas365.es\/noticias\/wp-json\/wp\/v2\/tags?post=113655"}],"curies":[{"name":"wp","href":"https:\/\/api.w.org\/{rel}","templated":true}]}}