{"id":113606,"date":"2019-01-06T19:04:58","date_gmt":"2019-01-06T19:04:58","guid":{"rendered":"http:\/\/candas365.es\/noticias\/?p=113606"},"modified":"2019-01-06T19:04:58","modified_gmt":"2019-01-06T19:04:58","slug":"el-bayern-sanciona-a-ribery-por-los-insultos-en-las-redes-sociales","status":"publish","type":"post","link":"https:\/\/candas365.es\/noticias\/el-bayern-sanciona-a-ribery-por-los-insultos-en-las-redes-sociales\/","title":{"rendered":"El Bayern sanciona a Rib\u00e9ry por los insultos en las redes sociales"},"content":{"rendered":"<figure id=\"attachment_113607\" aria-describedby=\"caption-attachment-113607\" style=\"width: 360px\" class=\"wp-caption alignleft\"><img fetchpriority=\"high\" decoding=\"async\" class=\"size-medium wp-image-113607\" src=\"https:\/\/candas365.es\/noticias\/wp-content\/uploads\/2019\/01\/Bayern-sanciona-con-dureza-a-Ribery-360x251.jpg\" alt=\"\" width=\"360\" height=\"251\" srcset=\"https:\/\/candas365.es\/noticias\/wp-content\/uploads\/2019\/01\/Bayern-sanciona-con-dureza-a-Ribery-360x251.jpg 360w, https:\/\/candas365.es\/noticias\/wp-content\/uploads\/2019\/01\/Bayern-sanciona-con-dureza-a-Ribery-768x535.jpg 768w, https:\/\/candas365.es\/noticias\/wp-content\/uploads\/2019\/01\/Bayern-sanciona-con-dureza-a-Ribery-655x456.jpg 655w, https:\/\/candas365.es\/noticias\/wp-content\/uploads\/2019\/01\/Bayern-sanciona-con-dureza-a-Ribery-100x70.jpg 100w, https:\/\/candas365.es\/noticias\/wp-content\/uploads\/2019\/01\/Bayern-sanciona-con-dureza-a-Ribery-696x485.jpg 696w, https:\/\/candas365.es\/noticias\/wp-content\/uploads\/2019\/01\/Bayern-sanciona-con-dureza-a-Ribery-603x420.jpg 603w, https:\/\/candas365.es\/noticias\/wp-content\/uploads\/2019\/01\/Bayern-sanciona-con-dureza-a-Ribery.jpg 965w\" sizes=\"(max-width: 360px) 100vw, 360px\" \/><figcaption id=\"caption-attachment-113607\" class=\"wp-caption-text\">Foto: Peter Kneffel\/dpa<\/figcaption><\/figure>\n<p>Doha (Qatar), 6 ene (dpa) \u2013 El Bayern M\u00fanich impuso hoy una fuerte multa econ\u00f3mica al jugador Franck Rib\u00e9ry por insultos vertidos en las redes sociales, seg\u00fan anunci\u00f3 el director deportivo del club alem\u00e1n, Hasan Salihamidzic, en la concentraci\u00f3n invernal (boreal) que el equipo lleva a cabo en Doha.<\/p>\n<p>\u00ab\u00c9l us\u00f3 palabras que nosotros, como Bayern M\u00fanich, no podemos aceptar y que Franck nunca puede usar como jugador del Bayern porque debe dar ejemplo\u00bb, dijo Salihamidzic en Qatar.<\/p>\n<p>\u00abHabl\u00e9 ayer mucho con Franck y tambi\u00e9n le dije que iba a recibir una multa econ\u00f3mica. \u00c9l la acept\u00f3\u00bb, continu\u00f3 Salihamidzic. No se quiso pronunciar sobre el importe preciso de la sanci\u00f3n, pero augur\u00f3 que la multa ser\u00e1 \u00abmuy alta\u00bb.<\/p>\n<p>El s\u00e1bado se difundieron insultos obscenos en las redes sociales del futbolista Rib\u00e9ry despu\u00e9s de que le llovieran cr\u00edticas al jugador por haber publicado fotos de un caro filete de carne ba\u00f1ado en oro que comi\u00f3 en un restaurante muy conocido.<\/p>\n<p>\u00abComencemos con los envidiosos y odiosos, que seguramente nacieron por un agujero en un cond\u00f3n. F &#8230; a tus madres, a tus abuelas e incluso a tu \u00e1rbol geneal\u00f3gico\u00bb, rezaba en franc\u00e9s en las cuentas de Twitter e Instagram del futbolista galo.<\/p>\n","protected":false},"excerpt":{"rendered":"<p>Doha (Qatar), 6 ene (dpa) \u2013 El Bayern M\u00fanich impuso hoy una fuerte multa econ\u00f3mica al jugador Franck Rib\u00e9ry por insultos vertidos en las redes sociales, seg\u00fan anunci\u00f3 el director deportivo del club alem\u00e1n, Hasan Salihamidzic, en la concentraci\u00f3n invernal (boreal) que el equipo lleva a cabo en Doha. \u00ab\u00c9l us\u00f3 palabras que nosotros, como<\/p>\n","protected":false},"author":1,"featured_media":113607,"comment_status":"closed","ping_status":"closed","sticky":false,"template":"","format":"standard","meta":{"footnotes":""},"categories":[319],"tags":[],"class_list":{"0":"post-113606","1":"post","2":"type-post","3":"status-publish","4":"format-standard","5":"has-post-thumbnail","7":"category-deporte"},"aioseo_notices":[],"aioseo_head":"\n\t\t<!-- All in One SEO Pro 4.9.6.2 - aioseo.com -->\n\t<meta name=\"description\" content=\"Doha (Qatar), 6 ene (dpa) \u2013 El Bayern M\u00fanich impuso hoy una fuerte multa econ\u00f3mica al jugador Franck Rib\u00e9ry por insultos vertidos en las redes sociales, seg\u00fan anunci\u00f3 el director deportivo del club alem\u00e1n, Hasan Salihamidzic, en la concentraci\u00f3n invernal (boreal) que el equipo lleva a cabo en Doha. &quot;\u00c9l us\u00f3 palabras que nosotros, como\" \/>\n\t<meta name=\"robots\" content=\"max-image-preview:large\" \/>\n\t<meta name=\"author\" content=\"Cand\u00e1s 365\"\/>\n\t<meta name=\"google-site-verification\" content=\"UA-32230408-1\" \/>\n\t<meta name=\"msvalidate.01\" content=\"354F3CDFB2DA171B47FBE9ABF1F88D5\" \/>\n\t<meta name=\"keywords\" content=\"deporte\" \/>\n\t<link rel=\"canonical\" href=\"https:\/\/candas365.es\/noticias\/el-bayern-sanciona-a-ribery-por-los-insultos-en-las-redes-sociales\/\" \/>\n\t<meta name=\"generator\" content=\"All in One SEO Pro (AIOSEO) 4.9.6.2\" \/>\n\t\t<meta property=\"og:locale\" content=\"es_ES\" \/>\n\t\t<meta property=\"og:site_name\" content=\"Cand\u00e1s 365\" \/>\n\t\t<meta property=\"og:type\" content=\"article\" \/>\n\t\t<meta property=\"og:title\" content=\"El Bayern sanciona a Rib\u00e9ry por los insultos en las redes sociales | Cand\u00e1s 365\" \/>\n\t\t<meta property=\"og:description\" content=\"Doha (Qatar), 6 ene (dpa) \u2013 El Bayern M\u00fanich impuso hoy una fuerte multa econ\u00f3mica al jugador Franck Rib\u00e9ry por insultos vertidos en las redes sociales, seg\u00fan anunci\u00f3 el director deportivo del club alem\u00e1n, Hasan Salihamidzic, en la concentraci\u00f3n invernal (boreal) que el equipo lleva a cabo en Doha. &quot;\u00c9l us\u00f3 palabras que nosotros, como\" \/>\n\t\t<meta property=\"og:url\" content=\"https:\/\/candas365.es\/noticias\/el-bayern-sanciona-a-ribery-por-los-insultos-en-las-redes-sociales\/\" \/>\n\t\t<meta property=\"og:image\" content=\"https:\/\/candas365.es\/noticias\/wp-content\/uploads\/2019\/01\/Bayern-sanciona-con-dureza-a-Ribery.jpg\" \/>\n\t\t<meta property=\"og:image:secure_url\" content=\"https:\/\/candas365.es\/noticias\/wp-content\/uploads\/2019\/01\/Bayern-sanciona-con-dureza-a-Ribery.jpg\" \/>\n\t\t<meta property=\"og:image:width\" content=\"965\" \/>\n\t\t<meta property=\"og:image:height\" content=\"672\" \/>\n\t\t<meta property=\"article:published_time\" content=\"2019-01-06T19:04:58+00:00\" \/>\n\t\t<meta property=\"article:modified_time\" content=\"2019-01-06T19:04:58+00:00\" \/>\n\t\t<meta property=\"article:publisher\" content=\"https:\/\/www.facebook.com\/Nachofdezber\" \/>\n\t\t<meta property=\"article:author\" content=\"https:\/\/www.facebook.com\/carrenoactualidad\" \/>\n\t\t<meta name=\"twitter:card\" content=\"summary_large_image\" \/>\n\t\t<meta name=\"twitter:site\" content=\"@NabercoDigital\" \/>\n\t\t<meta name=\"twitter:title\" content=\"El Bayern sanciona a Rib\u00e9ry por los insultos en las redes sociales | Cand\u00e1s 365\" \/>\n\t\t<meta name=\"twitter:description\" content=\"Doha (Qatar), 6 ene (dpa) \u2013 El Bayern M\u00fanich impuso hoy una fuerte multa econ\u00f3mica al jugador Franck Rib\u00e9ry por insultos vertidos en las redes sociales, seg\u00fan anunci\u00f3 el director deportivo del club alem\u00e1n, Hasan Salihamidzic, en la concentraci\u00f3n invernal (boreal) que el equipo lleva a cabo en Doha. &quot;\u00c9l us\u00f3 palabras que nosotros, como\" \/>\n\t\t<meta name=\"twitter:creator\" content=\"@nbasturias\" \/>\n\t\t<meta name=\"twitter:image\" content=\"https:\/\/candas365.es\/noticias\/wp-content\/uploads\/2019\/01\/Bayern-sanciona-con-dureza-a-Ribery.jpg\" \/>\n\t\t<meta name=\"twitter:label1\" content=\"Escrito por\" \/>\n\t\t<meta name=\"twitter:data1\" content=\"Cand\u00e1s 365\" \/>\n\t\t<meta name=\"twitter:label2\" content=\"Tiempo de lectura estimado\" \/>\n\t\t<meta name=\"twitter:data2\" content=\"1 minuto\" \/>\n\t\t<script type=\"application\/ld+json\" class=\"aioseo-schema\">\n\t\t\t{\"@context\":\"https:\\\/\\\/schema.org\",\"@graph\":[{\"@type\":\"BreadcrumbList\",\"@id\":\"https:\\\/\\\/candas365.es\\\/noticias\\\/el-bayern-sanciona-a-ribery-por-los-insultos-en-las-redes-sociales\\\/#breadcrumblist\",\"itemListElement\":[{\"@type\":\"ListItem\",\"@id\":\"https:\\\/\\\/candas365.es\\\/noticias#listItem\",\"position\":1,\"name\":\"Home\",\"item\":\"https:\\\/\\\/candas365.es\\\/noticias\",\"nextItem\":{\"@type\":\"ListItem\",\"@id\":\"https:\\\/\\\/candas365.es\\\/noticias\\\/category\\\/deporte\\\/#listItem\",\"name\":\"Deporte\"}},{\"@type\":\"ListItem\",\"@id\":\"https:\\\/\\\/candas365.es\\\/noticias\\\/category\\\/deporte\\\/#listItem\",\"position\":2,\"name\":\"Deporte\",\"item\":\"https:\\\/\\\/candas365.es\\\/noticias\\\/category\\\/deporte\\\/\",\"nextItem\":{\"@type\":\"ListItem\",\"@id\":\"https:\\\/\\\/candas365.es\\\/noticias\\\/el-bayern-sanciona-a-ribery-por-los-insultos-en-las-redes-sociales\\\/#listItem\",\"name\":\"El Bayern sanciona a Rib\\u00e9ry por los insultos en las redes sociales\"},\"previousItem\":{\"@type\":\"ListItem\",\"@id\":\"https:\\\/\\\/candas365.es\\\/noticias#listItem\",\"name\":\"Home\"}},{\"@type\":\"ListItem\",\"@id\":\"https:\\\/\\\/candas365.es\\\/noticias\\\/el-bayern-sanciona-a-ribery-por-los-insultos-en-las-redes-sociales\\\/#listItem\",\"position\":3,\"name\":\"El Bayern sanciona a Rib\\u00e9ry por los insultos en las redes sociales\",\"previousItem\":{\"@type\":\"ListItem\",\"@id\":\"https:\\\/\\\/candas365.es\\\/noticias\\\/category\\\/deporte\\\/#listItem\",\"name\":\"Deporte\"}}]},{\"@type\":\"NewsArticle\",\"@id\":\"https:\\\/\\\/candas365.es\\\/noticias\\\/el-bayern-sanciona-a-ribery-por-los-insultos-en-las-redes-sociales\\\/#newsarticle\",\"name\":\"El Bayern sanciona a Rib\\u00e9ry por los insultos en las redes sociales | Cand\\u00e1s 365\",\"headline\":\"El Bayern sanciona a Rib\\u00e9ry por los insultos en las redes sociales\",\"author\":{\"@id\":\"https:\\\/\\\/candas365.es\\\/noticias\\\/author\\\/admin\\\/#author\"},\"publisher\":{\"@id\":\"https:\\\/\\\/candas365.es\\\/noticias\\\/#organization\"},\"image\":{\"@type\":\"ImageObject\",\"url\":\"https:\\\/\\\/candas365.es\\\/noticias\\\/wp-content\\\/uploads\\\/2019\\\/01\\\/Bayern-sanciona-con-dureza-a-Ribery.jpg\",\"width\":965,\"height\":672,\"caption\":\"Foto: Peter Kneffel\\\/dpa\"},\"datePublished\":\"2019-01-06T19:04:58+01:00\",\"dateModified\":\"2019-01-06T19:04:58+01:00\",\"inLanguage\":\"es-ES\",\"mainEntityOfPage\":{\"@id\":\"https:\\\/\\\/candas365.es\\\/noticias\\\/el-bayern-sanciona-a-ribery-por-los-insultos-en-las-redes-sociales\\\/#webpage\"},\"isPartOf\":{\"@id\":\"https:\\\/\\\/candas365.es\\\/noticias\\\/el-bayern-sanciona-a-ribery-por-los-insultos-en-las-redes-sociales\\\/#webpage\"},\"articleSection\":\"Deporte\",\"dateline\":\"Publicado el enero 6, 2019.\"},{\"@type\":\"Organization\",\"@id\":\"https:\\\/\\\/candas365.es\\\/noticias\\\/#organization\",\"name\":\"Cand\\u00e1s 365\",\"description\":\"Cand\\u00e1s 365 es un diario digital independiente, fundado en 2012, con base en Asturias. Informamos con rigor sobre actualidad, sociedad, cultura y ocio, con una mirada local y global.\",\"url\":\"https:\\\/\\\/candas365.es\\\/noticias\\\/\",\"email\":\"info@candas365.es\",\"telephone\":\"+34652131393\",\"foundingDate\":\"2012-06-10\",\"logo\":{\"@type\":\"ImageObject\",\"url\":\"https:\\\/\\\/candas365.es\\\/noticias\\\/wp-content\\\/uploads\\\/2024\\\/09\\\/Candas-365-Redes.jpg\",\"@id\":\"https:\\\/\\\/candas365.es\\\/noticias\\\/el-bayern-sanciona-a-ribery-por-los-insultos-en-las-redes-sociales\\\/#organizationLogo\",\"width\":1152,\"height\":864,\"caption\":\"Cand\\u00e1s 365 Redes\"},\"image\":{\"@id\":\"https:\\\/\\\/candas365.es\\\/noticias\\\/el-bayern-sanciona-a-ribery-por-los-insultos-en-las-redes-sociales\\\/#organizationLogo\"},\"sameAs\":[\"https:\\\/\\\/www.facebook.com\\\/Nachofdezber\",\"https:\\\/\\\/x.com\\\/NabercoDigital\",\"https:\\\/\\\/www.instagram.com\\\/nachofdezber\\\/\",\"https:\\\/\\\/www.youtube.com\\\/channel\\\/UCZP-2wLEB9Rv6erhFmqVnvg\"],\"address\":{\"@id\":\"https:\\\/\\\/candas365.es\\\/noticias\\\/#postaladdress\",\"@type\":\"PostalAddress\",\"streetAddress\":\"san antonio 4, san antonio 4\",\"postalCode\":\"33430\",\"addressLocality\":\"Cand\\u00e1s\",\"addressRegion\":\"Asturias\",\"addressCountry\":\"ES\"}},{\"@type\":\"Person\",\"@id\":\"https:\\\/\\\/candas365.es\\\/noticias\\\/author\\\/admin\\\/#author\",\"url\":\"https:\\\/\\\/candas365.es\\\/noticias\\\/author\\\/admin\\\/\",\"name\":\"Cand\\u00e1s 365\",\"image\":{\"@type\":\"ImageObject\",\"@id\":\"https:\\\/\\\/candas365.es\\\/noticias\\\/el-bayern-sanciona-a-ribery-por-los-insultos-en-las-redes-sociales\\\/#authorImage\",\"url\":\"https:\\\/\\\/secure.gravatar.com\\\/avatar\\\/496a8e03d0c493ede1718b7934145dbdf8d89be1036b0eec9544e1094c9de390?s=96&d=mm&r=g\",\"width\":96,\"height\":96,\"caption\":\"Cand\\u00e1s 365\"},\"sameAs\":[\"https:\\\/\\\/www.facebook.com\\\/carrenoactualidad\",\"https:\\\/\\\/twitter.com\\\/nbasturias\",\"https:\\\/\\\/www.instagram.com\\\/nachofdezber\\\/\",\"https:\\\/\\\/www.youtube.com\\\/channel\\\/UCZP-2wLEB9Rv6erhFmqVnvg\"]},{\"@type\":\"WebPage\",\"@id\":\"https:\\\/\\\/candas365.es\\\/noticias\\\/el-bayern-sanciona-a-ribery-por-los-insultos-en-las-redes-sociales\\\/#webpage\",\"url\":\"https:\\\/\\\/candas365.es\\\/noticias\\\/el-bayern-sanciona-a-ribery-por-los-insultos-en-las-redes-sociales\\\/\",\"name\":\"El Bayern sanciona a Rib\\u00e9ry por los insultos en las redes sociales | Cand\\u00e1s 365\",\"description\":\"Doha (Qatar), 6 ene (dpa) \\u2013 El Bayern M\\u00fanich impuso hoy una fuerte multa econ\\u00f3mica al jugador Franck Rib\\u00e9ry por insultos vertidos en las redes sociales, seg\\u00fan anunci\\u00f3 el director deportivo del club alem\\u00e1n, Hasan Salihamidzic, en la concentraci\\u00f3n invernal (boreal) que el equipo lleva a cabo en Doha. \\\"\\u00c9l us\\u00f3 palabras que nosotros, como\",\"inLanguage\":\"es-ES\",\"isPartOf\":{\"@id\":\"https:\\\/\\\/candas365.es\\\/noticias\\\/#website\"},\"breadcrumb\":{\"@id\":\"https:\\\/\\\/candas365.es\\\/noticias\\\/el-bayern-sanciona-a-ribery-por-los-insultos-en-las-redes-sociales\\\/#breadcrumblist\"},\"author\":{\"@id\":\"https:\\\/\\\/candas365.es\\\/noticias\\\/author\\\/admin\\\/#author\"},\"creator\":{\"@id\":\"https:\\\/\\\/candas365.es\\\/noticias\\\/author\\\/admin\\\/#author\"},\"image\":{\"@type\":\"ImageObject\",\"url\":\"https:\\\/\\\/candas365.es\\\/noticias\\\/wp-content\\\/uploads\\\/2019\\\/01\\\/Bayern-sanciona-con-dureza-a-Ribery.jpg\",\"@id\":\"https:\\\/\\\/candas365.es\\\/noticias\\\/el-bayern-sanciona-a-ribery-por-los-insultos-en-las-redes-sociales\\\/#mainImage\",\"width\":965,\"height\":672,\"caption\":\"Foto: Peter Kneffel\\\/dpa\"},\"primaryImageOfPage\":{\"@id\":\"https:\\\/\\\/candas365.es\\\/noticias\\\/el-bayern-sanciona-a-ribery-por-los-insultos-en-las-redes-sociales\\\/#mainImage\"},\"datePublished\":\"2019-01-06T19:04:58+01:00\",\"dateModified\":\"2019-01-06T19:04:58+01:00\"},{\"@type\":\"WebSite\",\"@id\":\"https:\\\/\\\/candas365.es\\\/noticias\\\/#website\",\"url\":\"https:\\\/\\\/candas365.es\\\/noticias\\\/\",\"name\":\"Cand\\u00e1s 365\",\"alternateName\":\"Cand\\u00e1s 365 Noticias\",\"description\":\"Actualidad desde Carre\\u00f1o para el mundo\",\"inLanguage\":\"es-ES\",\"publisher\":{\"@id\":\"https:\\\/\\\/candas365.es\\\/noticias\\\/#organization\"}}]}\n\t\t<\/script>\n\t\t<!-- All in One SEO Pro -->\r\n\t\t<title>El Bayern sanciona a Rib\u00e9ry por los insultos en las redes sociales | Cand\u00e1s 365<\/title>\n\n","aioseo_head_json":{"title":"El Bayern sanciona a Rib\u00e9ry por los insultos en las redes sociales | Cand\u00e1s 365","description":"Doha (Qatar), 6 ene (dpa) \u2013 El Bayern M\u00fanich impuso hoy una fuerte multa econ\u00f3mica al jugador Franck Rib\u00e9ry por insultos vertidos en las redes sociales, seg\u00fan anunci\u00f3 el director deportivo del club alem\u00e1n, Hasan Salihamidzic, en la concentraci\u00f3n invernal (boreal) que el equipo lleva a cabo en Doha. \"\u00c9l us\u00f3 palabras que nosotros, como","canonical_url":"https:\/\/candas365.es\/noticias\/el-bayern-sanciona-a-ribery-por-los-insultos-en-las-redes-sociales\/","robots":"max-image-preview:large","keywords":"deporte","webmasterTools":{"google-site-verification":"UA-32230408-1","msvalidate.01":"354F3CDFB2DA171B47FBE9ABF1F88D5","miscellaneous":""},"schema":{"@context":"https:\/\/schema.org","@graph":[{"@type":"BreadcrumbList","@id":"https:\/\/candas365.es\/noticias\/el-bayern-sanciona-a-ribery-por-los-insultos-en-las-redes-sociales\/#breadcrumblist","itemListElement":[{"@type":"ListItem","@id":"https:\/\/candas365.es\/noticias#listItem","position":1,"name":"Home","item":"https:\/\/candas365.es\/noticias","nextItem":{"@type":"ListItem","@id":"https:\/\/candas365.es\/noticias\/category\/deporte\/#listItem","name":"Deporte"}},{"@type":"ListItem","@id":"https:\/\/candas365.es\/noticias\/category\/deporte\/#listItem","position":2,"name":"Deporte","item":"https:\/\/candas365.es\/noticias\/category\/deporte\/","nextItem":{"@type":"ListItem","@id":"https:\/\/candas365.es\/noticias\/el-bayern-sanciona-a-ribery-por-los-insultos-en-las-redes-sociales\/#listItem","name":"El Bayern sanciona a Rib\u00e9ry por los insultos en las redes sociales"},"previousItem":{"@type":"ListItem","@id":"https:\/\/candas365.es\/noticias#listItem","name":"Home"}},{"@type":"ListItem","@id":"https:\/\/candas365.es\/noticias\/el-bayern-sanciona-a-ribery-por-los-insultos-en-las-redes-sociales\/#listItem","position":3,"name":"El Bayern sanciona a Rib\u00e9ry por los insultos en las redes sociales","previousItem":{"@type":"ListItem","@id":"https:\/\/candas365.es\/noticias\/category\/deporte\/#listItem","name":"Deporte"}}]},{"@type":"NewsArticle","@id":"https:\/\/candas365.es\/noticias\/el-bayern-sanciona-a-ribery-por-los-insultos-en-las-redes-sociales\/#newsarticle","name":"El Bayern sanciona a Rib\u00e9ry por los insultos en las redes sociales | Cand\u00e1s 365","headline":"El Bayern sanciona a Rib\u00e9ry por los insultos en las redes sociales","author":{"@id":"https:\/\/candas365.es\/noticias\/author\/admin\/#author"},"publisher":{"@id":"https:\/\/candas365.es\/noticias\/#organization"},"image":{"@type":"ImageObject","url":"https:\/\/candas365.es\/noticias\/wp-content\/uploads\/2019\/01\/Bayern-sanciona-con-dureza-a-Ribery.jpg","width":965,"height":672,"caption":"Foto: Peter Kneffel\/dpa"},"datePublished":"2019-01-06T19:04:58+01:00","dateModified":"2019-01-06T19:04:58+01:00","inLanguage":"es-ES","mainEntityOfPage":{"@id":"https:\/\/candas365.es\/noticias\/el-bayern-sanciona-a-ribery-por-los-insultos-en-las-redes-sociales\/#webpage"},"isPartOf":{"@id":"https:\/\/candas365.es\/noticias\/el-bayern-sanciona-a-ribery-por-los-insultos-en-las-redes-sociales\/#webpage"},"articleSection":"Deporte","dateline":"Publicado el enero 6, 2019."},{"@type":"Organization","@id":"https:\/\/candas365.es\/noticias\/#organization","name":"Cand\u00e1s 365","description":"Cand\u00e1s 365 es un diario digital independiente, fundado en 2012, con base en Asturias. Informamos con rigor sobre actualidad, sociedad, cultura y ocio, con una mirada local y global.","url":"https:\/\/candas365.es\/noticias\/","email":"info@candas365.es","telephone":"+34652131393","foundingDate":"2012-06-10","logo":{"@type":"ImageObject","url":"https:\/\/candas365.es\/noticias\/wp-content\/uploads\/2024\/09\/Candas-365-Redes.jpg","@id":"https:\/\/candas365.es\/noticias\/el-bayern-sanciona-a-ribery-por-los-insultos-en-las-redes-sociales\/#organizationLogo","width":1152,"height":864,"caption":"Cand\u00e1s 365 Redes"},"image":{"@id":"https:\/\/candas365.es\/noticias\/el-bayern-sanciona-a-ribery-por-los-insultos-en-las-redes-sociales\/#organizationLogo"},"sameAs":["https:\/\/www.facebook.com\/Nachofdezber","https:\/\/x.com\/NabercoDigital","https:\/\/www.instagram.com\/nachofdezber\/","https:\/\/www.youtube.com\/channel\/UCZP-2wLEB9Rv6erhFmqVnvg"],"address":{"@id":"https:\/\/candas365.es\/noticias\/#postaladdress","@type":"PostalAddress","streetAddress":"san antonio 4, san antonio 4","postalCode":"33430","addressLocality":"Cand\u00e1s","addressRegion":"Asturias","addressCountry":"ES"}},{"@type":"Person","@id":"https:\/\/candas365.es\/noticias\/author\/admin\/#author","url":"https:\/\/candas365.es\/noticias\/author\/admin\/","name":"Cand\u00e1s 365","image":{"@type":"ImageObject","@id":"https:\/\/candas365.es\/noticias\/el-bayern-sanciona-a-ribery-por-los-insultos-en-las-redes-sociales\/#authorImage","url":"https:\/\/secure.gravatar.com\/avatar\/496a8e03d0c493ede1718b7934145dbdf8d89be1036b0eec9544e1094c9de390?s=96&d=mm&r=g","width":96,"height":96,"caption":"Cand\u00e1s 365"},"sameAs":["https:\/\/www.facebook.com\/carrenoactualidad","https:\/\/twitter.com\/nbasturias","https:\/\/www.instagram.com\/nachofdezber\/","https:\/\/www.youtube.com\/channel\/UCZP-2wLEB9Rv6erhFmqVnvg"]},{"@type":"WebPage","@id":"https:\/\/candas365.es\/noticias\/el-bayern-sanciona-a-ribery-por-los-insultos-en-las-redes-sociales\/#webpage","url":"https:\/\/candas365.es\/noticias\/el-bayern-sanciona-a-ribery-por-los-insultos-en-las-redes-sociales\/","name":"El Bayern sanciona a Rib\u00e9ry por los insultos en las redes sociales | Cand\u00e1s 365","description":"Doha (Qatar), 6 ene (dpa) \u2013 El Bayern M\u00fanich impuso hoy una fuerte multa econ\u00f3mica al jugador Franck Rib\u00e9ry por insultos vertidos en las redes sociales, seg\u00fan anunci\u00f3 el director deportivo del club alem\u00e1n, Hasan Salihamidzic, en la concentraci\u00f3n invernal (boreal) que el equipo lleva a cabo en Doha. \"\u00c9l us\u00f3 palabras que nosotros, como","inLanguage":"es-ES","isPartOf":{"@id":"https:\/\/candas365.es\/noticias\/#website"},"breadcrumb":{"@id":"https:\/\/candas365.es\/noticias\/el-bayern-sanciona-a-ribery-por-los-insultos-en-las-redes-sociales\/#breadcrumblist"},"author":{"@id":"https:\/\/candas365.es\/noticias\/author\/admin\/#author"},"creator":{"@id":"https:\/\/candas365.es\/noticias\/author\/admin\/#author"},"image":{"@type":"ImageObject","url":"https:\/\/candas365.es\/noticias\/wp-content\/uploads\/2019\/01\/Bayern-sanciona-con-dureza-a-Ribery.jpg","@id":"https:\/\/candas365.es\/noticias\/el-bayern-sanciona-a-ribery-por-los-insultos-en-las-redes-sociales\/#mainImage","width":965,"height":672,"caption":"Foto: Peter Kneffel\/dpa"},"primaryImageOfPage":{"@id":"https:\/\/candas365.es\/noticias\/el-bayern-sanciona-a-ribery-por-los-insultos-en-las-redes-sociales\/#mainImage"},"datePublished":"2019-01-06T19:04:58+01:00","dateModified":"2019-01-06T19:04:58+01:00"},{"@type":"WebSite","@id":"https:\/\/candas365.es\/noticias\/#website","url":"https:\/\/candas365.es\/noticias\/","name":"Cand\u00e1s 365","alternateName":"Cand\u00e1s 365 Noticias","description":"Actualidad desde Carre\u00f1o para el mundo","inLanguage":"es-ES","publisher":{"@id":"https:\/\/candas365.es\/noticias\/#organization"}}]},"og:locale":"es_ES","og:site_name":"Cand\u00e1s 365","og:type":"article","og:title":"El Bayern sanciona a Rib\u00e9ry por los insultos en las redes sociales | Cand\u00e1s 365","og:description":"Doha (Qatar), 6 ene (dpa) \u2013 El Bayern M\u00fanich impuso hoy una fuerte multa econ\u00f3mica al jugador Franck Rib\u00e9ry por insultos vertidos en las redes sociales, seg\u00fan anunci\u00f3 el director deportivo del club alem\u00e1n, Hasan Salihamidzic, en la concentraci\u00f3n invernal (boreal) que el equipo lleva a cabo en Doha. &quot;\u00c9l us\u00f3 palabras que nosotros, como","og:url":"https:\/\/candas365.es\/noticias\/el-bayern-sanciona-a-ribery-por-los-insultos-en-las-redes-sociales\/","og:image":"https:\/\/candas365.es\/noticias\/wp-content\/uploads\/2019\/01\/Bayern-sanciona-con-dureza-a-Ribery.jpg","og:image:secure_url":"https:\/\/candas365.es\/noticias\/wp-content\/uploads\/2019\/01\/Bayern-sanciona-con-dureza-a-Ribery.jpg","og:image:width":965,"og:image:height":672,"article:published_time":"2019-01-06T19:04:58+00:00","article:modified_time":"2019-01-06T19:04:58+00:00","article:publisher":"https:\/\/www.facebook.com\/Nachofdezber","article:author":"https:\/\/www.facebook.com\/carrenoactualidad","twitter:card":"summary_large_image","twitter:site":"@NabercoDigital","twitter:title":"El Bayern sanciona a Rib\u00e9ry por los insultos en las redes sociales | Cand\u00e1s 365","twitter:description":"Doha (Qatar), 6 ene (dpa) \u2013 El Bayern M\u00fanich impuso hoy una fuerte multa econ\u00f3mica al jugador Franck Rib\u00e9ry por insultos vertidos en las redes sociales, seg\u00fan anunci\u00f3 el director deportivo del club alem\u00e1n, Hasan Salihamidzic, en la concentraci\u00f3n invernal (boreal) que el equipo lleva a cabo en Doha. &quot;\u00c9l us\u00f3 palabras que nosotros, como","twitter:creator":"@nbasturias","twitter:image":"https:\/\/candas365.es\/noticias\/wp-content\/uploads\/2019\/01\/Bayern-sanciona-con-dureza-a-Ribery.jpg","twitter:label1":"Escrito por","twitter:data1":"Cand\u00e1s 365","twitter:label2":"Tiempo de lectura estimado","twitter:data2":"1 minuto"},"aioseo_meta_data":{"post_id":"113606","title":null,"description":null,"keywords":null,"keyphrases":null,"primary_term":null,"canonical_url":null,"og_title":null,"og_description":null,"og_object_type":"default","og_image_type":"default","og_image_url":null,"og_image_width":null,"og_image_height":null,"og_image_custom_url":null,"og_image_custom_fields":null,"og_video":null,"og_custom_url":null,"og_article_section":null,"og_article_tags":null,"twitter_use_og":false,"twitter_card":"default","twitter_image_type":"default","twitter_image_url":null,"twitter_image_custom_url":null,"twitter_image_custom_fields":null,"twitter_title":null,"twitter_description":null,"schema":{"blockGraphs":[],"customGraphs":[],"default":{"data":{"Article":[],"Course":[],"Dataset":[],"FAQPage":[],"Movie":[],"Person":[],"Product":[],"ProductReview":[],"Car":[],"Recipe":[],"Service":[],"SoftwareApplication":[],"WebPage":[]},"graphName":"","isEnabled":true},"graphs":[],"defaultGraph":"","defaultPostTypeGraph":""},"schema_type":null,"schema_type_options":null,"pillar_content":false,"robots_default":true,"robots_noindex":false,"robots_noarchive":false,"robots_nosnippet":false,"robots_nofollow":false,"robots_noimageindex":false,"robots_noodp":false,"robots_notranslate":false,"robots_max_snippet":null,"robots_max_videopreview":null,"robots_max_imagepreview":"large","priority":null,"frequency":null,"location":null,"local_seo":null,"seo_analyzer_scan_date":"2025-08-28 21:48:55","breadcrumb_settings":null,"limit_modified_date":false,"reviewed_by":null,"open_ai":null,"ai":null,"created":"2020-12-21 11:27:55","updated":"2025-08-28 21:48:55"},"aioseo_breadcrumb":"<div class=\"aioseo-breadcrumbs\"><span class=\"aioseo-breadcrumb\">\n\t<a href=\"https:\/\/candas365.es\/noticias\" title=\"Home\">Home<\/a>\n<\/span><span class=\"aioseo-breadcrumb-separator\">&ndash;<\/span><span class=\"aioseo-breadcrumb\">\n\t<a href=\"https:\/\/candas365.es\/noticias\/category\/deporte\/\" title=\"Deporte\">Deporte<\/a>\n<\/span><span class=\"aioseo-breadcrumb-separator\">&ndash;<\/span><span class=\"aioseo-breadcrumb\">\n\tEl Bayern sanciona a Rib\u00e9ry por los insultos en las redes sociales\n<\/span><\/div>","aioseo_breadcrumb_json":[{"label":"Home","link":"https:\/\/candas365.es\/noticias"},{"label":"Deporte","link":"https:\/\/candas365.es\/noticias\/category\/deporte\/"},{"label":"El Bayern sanciona a Rib\u00e9ry por los insultos en las redes sociales","link":"https:\/\/candas365.es\/noticias\/el-bayern-sanciona-a-ribery-por-los-insultos-en-las-redes-sociales\/"}],"_links":{"self":[{"href":"https:\/\/candas365.es\/noticias\/wp-json\/wp\/v2\/posts\/113606","targetHints":{"allow":["GET"]}}],"collection":[{"href":"https:\/\/candas365.es\/noticias\/wp-json\/wp\/v2\/posts"}],"about":[{"href":"https:\/\/candas365.es\/noticias\/wp-json\/wp\/v2\/types\/post"}],"author":[{"embeddable":true,"href":"https:\/\/candas365.es\/noticias\/wp-json\/wp\/v2\/users\/1"}],"replies":[{"embeddable":true,"href":"https:\/\/candas365.es\/noticias\/wp-json\/wp\/v2\/comments?post=113606"}],"version-history":[{"count":0,"href":"https:\/\/candas365.es\/noticias\/wp-json\/wp\/v2\/posts\/113606\/revisions"}],"wp:featuredmedia":[{"embeddable":true,"href":"https:\/\/candas365.es\/noticias\/wp-json\/wp\/v2\/media\/113607"}],"wp:attachment":[{"href":"https:\/\/candas365.es\/noticias\/wp-json\/wp\/v2\/media?parent=113606"}],"wp:term":[{"taxonomy":"category","embeddable":true,"href":"https:\/\/candas365.es\/noticias\/wp-json\/wp\/v2\/categories?post=113606"},{"taxonomy":"post_tag","embeddable":true,"href":"https:\/\/candas365.es\/noticias\/wp-json\/wp\/v2\/tags?post=113606"}],"curies":[{"name":"wp","href":"https:\/\/api.w.org\/{rel}","templated":true}]}}