{"id":113601,"date":"2019-01-06T18:45:18","date_gmt":"2019-01-06T18:45:18","guid":{"rendered":"http:\/\/candas365.es\/noticias\/?p=113601"},"modified":"2019-01-06T18:45:18","modified_gmt":"2019-01-06T18:45:18","slug":"heiko-maas-la-llave-para-salvar-el-tratado-inf-la-tiene-moscu","status":"publish","type":"post","link":"https:\/\/candas365.es\/noticias\/heiko-maas-la-llave-para-salvar-el-tratado-inf-la-tiene-moscu\/","title":{"rendered":"Heiko Maas: \u00abLa llave para salvar el tratado INF la tiene Mosc\u00fa\u00bb"},"content":{"rendered":"<figure id=\"attachment_113602\" aria-describedby=\"caption-attachment-113602\" style=\"width: 360px\" class=\"wp-caption alignleft\"><img fetchpriority=\"high\" decoding=\"async\" class=\"size-medium wp-image-113602\" src=\"https:\/\/candas365.es\/noticias\/wp-content\/uploads\/2019\/01\/Heiko-Maas-360x245.jpg\" alt=\"\" width=\"360\" height=\"245\" srcset=\"https:\/\/candas365.es\/noticias\/wp-content\/uploads\/2019\/01\/Heiko-Maas-360x245.jpg 360w, https:\/\/candas365.es\/noticias\/wp-content\/uploads\/2019\/01\/Heiko-Maas-768x523.jpg 768w, https:\/\/candas365.es\/noticias\/wp-content\/uploads\/2019\/01\/Heiko-Maas-655x446.jpg 655w, https:\/\/candas365.es\/noticias\/wp-content\/uploads\/2019\/01\/Heiko-Maas-696x474.jpg 696w, https:\/\/candas365.es\/noticias\/wp-content\/uploads\/2019\/01\/Heiko-Maas-616x420.jpg 616w, https:\/\/candas365.es\/noticias\/wp-content\/uploads\/2019\/01\/Heiko-Maas.jpg 976w\" sizes=\"(max-width: 360px) 100vw, 360px\" \/><figcaption id=\"caption-attachment-113602\" class=\"wp-caption-text\">Foto: Bernd von Jutrczenka\/dpa<\/figcaption><\/figure>\n<p>Berl\u00edn, 6 ene (dpa) &#8211; El ministro alem\u00e1n de Relaciones Exteriores, Heiko Maas, llam\u00f3 a Rusia a ceder en el conflicto suscitado en torno a uno de los principales tratados de desarme nuclear.<\/p>\n<p>\u00abLa llave para salvar el tratado INF la tiene Mosc\u00fa\u00bb, dijo Maas en declaraciones que difundi\u00f3 hoy el dominical \u00abWelt am Sonntag\u00bb. Rusia \u00abviol\u00f3 (el tratado) al desarrollar misiles de crucero prohibidos e incorporarlos a sus fuerzas armadas\u00bb, se\u00f1al\u00f3 Maas y destac\u00f3 que Mosc\u00fa debe desarmarse para salvar el acuerdo.<\/p>\n<p>Alemania dar\u00e1 prioridad \u00aba cuestiones de desarme y de no proliferaci\u00f3n nuclear\u00bb en el Consejo de Seguridad de Naciones Unidas, en el que ocupa un puesto no permanente desde enero, agreg\u00f3 el jefe de la diplomacia germana.<\/p>\n<p>Maas argument\u00f3 que el orden mundial ha cambiado desde la Guerra Fr\u00eda. \u00abTenemos que elaborar nuevas reglas globales de transparencia y control\u00bb, urgi\u00f3. \u00abPor ello abogamos porque se entable un debate que incluya tambi\u00e9n a pa\u00edses como China e India\u00bb.<\/p>\n<p>El Tratado INF sobre sistemas de misiles nucleares de alcance medio (Intermediate Range Nuclear Forces) fue firmado en 1987 entre Estados Unidos y la Uni\u00f3n Sovi\u00e9tica.<\/p>\n<p>Ambas partes se comprometieron a suprimir todos los cohetes bal\u00edsticos en tierra con un alcance de entre 500 y 5.500 kil\u00f3metros. Asimismo convinieron que estar\u00eda prohibida la producci\u00f3n y los tests de estos sistemas de defensa.<\/p>\n<p>Estados Unidos acusa a Rusia de haber violado el INF con el desarrollo del misil de crucero 9M729. Rusia, por su parte, lo niega y afirma que Washington no respeta el tratado.<\/p>\n<p>El Gobierno estadounidense emplaz\u00f3 a principios de diciembre a Mosc\u00fa a aceptar la destrucci\u00f3n de los misiles en el lapso de 60 d\u00edas. El viceministro ruso del Exterior, Sergu\u00e9i Riabkov, replic\u00f3 el s\u00e1bado que el ultim\u00e1tum era inaceptable, seg\u00fan inform\u00f3 la agencia rusa Interfax.<\/p>\n","protected":false},"excerpt":{"rendered":"<p>Berl\u00edn, 6 ene (dpa) &#8211; El ministro alem\u00e1n de Relaciones Exteriores, Heiko Maas, llam\u00f3 a Rusia a ceder en el conflicto suscitado en torno a uno de los principales tratados de desarme nuclear. \u00abLa llave para salvar el tratado INF la tiene Mosc\u00fa\u00bb, dijo Maas en declaraciones que difundi\u00f3 hoy el dominical \u00abWelt am Sonntag\u00bb.<\/p>\n","protected":false},"author":1,"featured_media":113602,"comment_status":"closed","ping_status":"closed","sticky":false,"template":"","format":"standard","meta":{"footnotes":""},"categories":[343],"tags":[],"class_list":{"0":"post-113601","1":"post","2":"type-post","3":"status-publish","4":"format-standard","5":"has-post-thumbnail","7":"category-actualidad"},"aioseo_notices":[],"aioseo_head":"\n\t\t<!-- All in One SEO Pro 4.9.6.2 - aioseo.com -->\n\t<meta name=\"description\" content=\"Berl\u00edn, 6 ene (dpa) - El ministro alem\u00e1n de Relaciones Exteriores, Heiko Maas, llam\u00f3 a Rusia a ceder en el conflicto suscitado en torno a uno de los principales tratados de desarme nuclear. &quot;La llave para salvar el tratado INF la tiene Mosc\u00fa&quot;, dijo Maas en declaraciones que difundi\u00f3 hoy el dominical &quot;Welt am Sonntag&quot;.\" \/>\n\t<meta name=\"robots\" content=\"max-image-preview:large\" \/>\n\t<meta name=\"author\" content=\"Cand\u00e1s 365\"\/>\n\t<meta name=\"google-site-verification\" content=\"UA-32230408-1\" \/>\n\t<meta name=\"msvalidate.01\" content=\"354F3CDFB2DA171B47FBE9ABF1F88D5\" \/>\n\t<meta name=\"keywords\" content=\"actualidad\" \/>\n\t<link rel=\"canonical\" href=\"https:\/\/candas365.es\/noticias\/heiko-maas-la-llave-para-salvar-el-tratado-inf-la-tiene-moscu\/\" \/>\n\t<meta name=\"generator\" content=\"All in One SEO Pro (AIOSEO) 4.9.6.2\" \/>\n\t\t<meta property=\"og:locale\" content=\"es_ES\" \/>\n\t\t<meta property=\"og:site_name\" content=\"Cand\u00e1s 365\" \/>\n\t\t<meta property=\"og:type\" content=\"article\" \/>\n\t\t<meta property=\"og:title\" content=\"Heiko Maas: \u00abLa llave para salvar el tratado INF la tiene Mosc\u00fa\u00bb | Cand\u00e1s 365\" \/>\n\t\t<meta property=\"og:description\" content=\"Berl\u00edn, 6 ene (dpa) - El ministro alem\u00e1n de Relaciones Exteriores, Heiko Maas, llam\u00f3 a Rusia a ceder en el conflicto suscitado en torno a uno de los principales tratados de desarme nuclear. &quot;La llave para salvar el tratado INF la tiene Mosc\u00fa&quot;, dijo Maas en declaraciones que difundi\u00f3 hoy el dominical &quot;Welt am Sonntag&quot;.\" \/>\n\t\t<meta property=\"og:url\" content=\"https:\/\/candas365.es\/noticias\/heiko-maas-la-llave-para-salvar-el-tratado-inf-la-tiene-moscu\/\" \/>\n\t\t<meta property=\"og:image\" content=\"https:\/\/candas365.es\/noticias\/wp-content\/uploads\/2019\/01\/Heiko-Maas.jpg\" \/>\n\t\t<meta property=\"og:image:secure_url\" content=\"https:\/\/candas365.es\/noticias\/wp-content\/uploads\/2019\/01\/Heiko-Maas.jpg\" \/>\n\t\t<meta property=\"og:image:width\" content=\"976\" \/>\n\t\t<meta property=\"og:image:height\" content=\"665\" \/>\n\t\t<meta property=\"article:published_time\" content=\"2019-01-06T18:45:18+00:00\" \/>\n\t\t<meta property=\"article:modified_time\" content=\"2019-01-06T18:45:18+00:00\" \/>\n\t\t<meta property=\"article:publisher\" content=\"https:\/\/www.facebook.com\/Nachofdezber\" \/>\n\t\t<meta property=\"article:author\" content=\"https:\/\/www.facebook.com\/carrenoactualidad\" \/>\n\t\t<meta name=\"twitter:card\" content=\"summary_large_image\" \/>\n\t\t<meta name=\"twitter:site\" content=\"@NabercoDigital\" \/>\n\t\t<meta name=\"twitter:title\" content=\"Heiko Maas: \u00abLa llave para salvar el tratado INF la tiene Mosc\u00fa\u00bb | Cand\u00e1s 365\" \/>\n\t\t<meta name=\"twitter:description\" content=\"Berl\u00edn, 6 ene (dpa) - El ministro alem\u00e1n de Relaciones Exteriores, Heiko Maas, llam\u00f3 a Rusia a ceder en el conflicto suscitado en torno a uno de los principales tratados de desarme nuclear. &quot;La llave para salvar el tratado INF la tiene Mosc\u00fa&quot;, dijo Maas en declaraciones que difundi\u00f3 hoy el dominical &quot;Welt am Sonntag&quot;.\" \/>\n\t\t<meta name=\"twitter:creator\" content=\"@nbasturias\" \/>\n\t\t<meta name=\"twitter:image\" content=\"https:\/\/candas365.es\/noticias\/wp-content\/uploads\/2019\/01\/Heiko-Maas.jpg\" \/>\n\t\t<meta name=\"twitter:label1\" content=\"Escrito por\" \/>\n\t\t<meta name=\"twitter:data1\" content=\"Cand\u00e1s 365\" \/>\n\t\t<meta name=\"twitter:label2\" content=\"Tiempo de lectura estimado\" \/>\n\t\t<meta name=\"twitter:data2\" content=\"2 minutos\" \/>\n\t\t<script type=\"application\/ld+json\" class=\"aioseo-schema\">\n\t\t\t{\"@context\":\"https:\\\/\\\/schema.org\",\"@graph\":[{\"@type\":\"BreadcrumbList\",\"@id\":\"https:\\\/\\\/candas365.es\\\/noticias\\\/heiko-maas-la-llave-para-salvar-el-tratado-inf-la-tiene-moscu\\\/#breadcrumblist\",\"itemListElement\":[{\"@type\":\"ListItem\",\"@id\":\"https:\\\/\\\/candas365.es\\\/noticias#listItem\",\"position\":1,\"name\":\"Home\",\"item\":\"https:\\\/\\\/candas365.es\\\/noticias\",\"nextItem\":{\"@type\":\"ListItem\",\"@id\":\"https:\\\/\\\/candas365.es\\\/noticias\\\/category\\\/actualidad\\\/#listItem\",\"name\":\"Actualidad\"}},{\"@type\":\"ListItem\",\"@id\":\"https:\\\/\\\/candas365.es\\\/noticias\\\/category\\\/actualidad\\\/#listItem\",\"position\":2,\"name\":\"Actualidad\",\"item\":\"https:\\\/\\\/candas365.es\\\/noticias\\\/category\\\/actualidad\\\/\",\"nextItem\":{\"@type\":\"ListItem\",\"@id\":\"https:\\\/\\\/candas365.es\\\/noticias\\\/heiko-maas-la-llave-para-salvar-el-tratado-inf-la-tiene-moscu\\\/#listItem\",\"name\":\"Heiko Maas: \\u00abLa llave para salvar el tratado INF la tiene Mosc\\u00fa\\u00bb\"},\"previousItem\":{\"@type\":\"ListItem\",\"@id\":\"https:\\\/\\\/candas365.es\\\/noticias#listItem\",\"name\":\"Home\"}},{\"@type\":\"ListItem\",\"@id\":\"https:\\\/\\\/candas365.es\\\/noticias\\\/heiko-maas-la-llave-para-salvar-el-tratado-inf-la-tiene-moscu\\\/#listItem\",\"position\":3,\"name\":\"Heiko Maas: \\u00abLa llave para salvar el tratado INF la tiene Mosc\\u00fa\\u00bb\",\"previousItem\":{\"@type\":\"ListItem\",\"@id\":\"https:\\\/\\\/candas365.es\\\/noticias\\\/category\\\/actualidad\\\/#listItem\",\"name\":\"Actualidad\"}}]},{\"@type\":\"NewsArticle\",\"@id\":\"https:\\\/\\\/candas365.es\\\/noticias\\\/heiko-maas-la-llave-para-salvar-el-tratado-inf-la-tiene-moscu\\\/#newsarticle\",\"name\":\"Heiko Maas: \\u00abLa llave para salvar el tratado INF la tiene Mosc\\u00fa\\u00bb | Cand\\u00e1s 365\",\"headline\":\"Heiko Maas: \\u00abLa llave para salvar el tratado INF la tiene Mosc\\u00fa\\u00bb\",\"author\":{\"@id\":\"https:\\\/\\\/candas365.es\\\/noticias\\\/author\\\/admin\\\/#author\"},\"publisher\":{\"@id\":\"https:\\\/\\\/candas365.es\\\/noticias\\\/#organization\"},\"image\":{\"@type\":\"ImageObject\",\"url\":\"https:\\\/\\\/candas365.es\\\/noticias\\\/wp-content\\\/uploads\\\/2019\\\/01\\\/Heiko-Maas.jpg\",\"width\":976,\"height\":665,\"caption\":\"Foto: Bernd von Jutrczenka\\\/dpa\"},\"datePublished\":\"2019-01-06T18:45:18+01:00\",\"dateModified\":\"2019-01-06T18:45:18+01:00\",\"inLanguage\":\"es-ES\",\"mainEntityOfPage\":{\"@id\":\"https:\\\/\\\/candas365.es\\\/noticias\\\/heiko-maas-la-llave-para-salvar-el-tratado-inf-la-tiene-moscu\\\/#webpage\"},\"isPartOf\":{\"@id\":\"https:\\\/\\\/candas365.es\\\/noticias\\\/heiko-maas-la-llave-para-salvar-el-tratado-inf-la-tiene-moscu\\\/#webpage\"},\"articleSection\":\"Actualidad\",\"dateline\":\"Publicado el enero 6, 2019.\"},{\"@type\":\"Organization\",\"@id\":\"https:\\\/\\\/candas365.es\\\/noticias\\\/#organization\",\"name\":\"Cand\\u00e1s 365\",\"description\":\"Cand\\u00e1s 365 es un diario digital independiente, fundado en 2012, con base en Asturias. Informamos con rigor sobre actualidad, sociedad, cultura y ocio, con una mirada local y global.\",\"url\":\"https:\\\/\\\/candas365.es\\\/noticias\\\/\",\"email\":\"info@candas365.es\",\"telephone\":\"+34652131393\",\"foundingDate\":\"2012-06-10\",\"logo\":{\"@type\":\"ImageObject\",\"url\":\"https:\\\/\\\/candas365.es\\\/noticias\\\/wp-content\\\/uploads\\\/2024\\\/09\\\/Candas-365-Redes.jpg\",\"@id\":\"https:\\\/\\\/candas365.es\\\/noticias\\\/heiko-maas-la-llave-para-salvar-el-tratado-inf-la-tiene-moscu\\\/#organizationLogo\",\"width\":1152,\"height\":864,\"caption\":\"Cand\\u00e1s 365 Redes\"},\"image\":{\"@id\":\"https:\\\/\\\/candas365.es\\\/noticias\\\/heiko-maas-la-llave-para-salvar-el-tratado-inf-la-tiene-moscu\\\/#organizationLogo\"},\"sameAs\":[\"https:\\\/\\\/www.facebook.com\\\/Nachofdezber\",\"https:\\\/\\\/x.com\\\/NabercoDigital\",\"https:\\\/\\\/www.instagram.com\\\/nachofdezber\\\/\",\"https:\\\/\\\/www.youtube.com\\\/channel\\\/UCZP-2wLEB9Rv6erhFmqVnvg\"],\"address\":{\"@id\":\"https:\\\/\\\/candas365.es\\\/noticias\\\/#postaladdress\",\"@type\":\"PostalAddress\",\"streetAddress\":\"san antonio 4, san antonio 4\",\"postalCode\":\"33430\",\"addressLocality\":\"Cand\\u00e1s\",\"addressRegion\":\"Asturias\",\"addressCountry\":\"ES\"}},{\"@type\":\"Person\",\"@id\":\"https:\\\/\\\/candas365.es\\\/noticias\\\/author\\\/admin\\\/#author\",\"url\":\"https:\\\/\\\/candas365.es\\\/noticias\\\/author\\\/admin\\\/\",\"name\":\"Cand\\u00e1s 365\",\"image\":{\"@type\":\"ImageObject\",\"@id\":\"https:\\\/\\\/candas365.es\\\/noticias\\\/heiko-maas-la-llave-para-salvar-el-tratado-inf-la-tiene-moscu\\\/#authorImage\",\"url\":\"https:\\\/\\\/secure.gravatar.com\\\/avatar\\\/496a8e03d0c493ede1718b7934145dbdf8d89be1036b0eec9544e1094c9de390?s=96&d=mm&r=g\",\"width\":96,\"height\":96,\"caption\":\"Cand\\u00e1s 365\"},\"sameAs\":[\"https:\\\/\\\/www.facebook.com\\\/carrenoactualidad\",\"https:\\\/\\\/twitter.com\\\/nbasturias\",\"https:\\\/\\\/www.instagram.com\\\/nachofdezber\\\/\",\"https:\\\/\\\/www.youtube.com\\\/channel\\\/UCZP-2wLEB9Rv6erhFmqVnvg\"]},{\"@type\":\"WebPage\",\"@id\":\"https:\\\/\\\/candas365.es\\\/noticias\\\/heiko-maas-la-llave-para-salvar-el-tratado-inf-la-tiene-moscu\\\/#webpage\",\"url\":\"https:\\\/\\\/candas365.es\\\/noticias\\\/heiko-maas-la-llave-para-salvar-el-tratado-inf-la-tiene-moscu\\\/\",\"name\":\"Heiko Maas: \\u00abLa llave para salvar el tratado INF la tiene Mosc\\u00fa\\u00bb | Cand\\u00e1s 365\",\"description\":\"Berl\\u00edn, 6 ene (dpa) - El ministro alem\\u00e1n de Relaciones Exteriores, Heiko Maas, llam\\u00f3 a Rusia a ceder en el conflicto suscitado en torno a uno de los principales tratados de desarme nuclear. \\\"La llave para salvar el tratado INF la tiene Mosc\\u00fa\\\", dijo Maas en declaraciones que difundi\\u00f3 hoy el dominical \\\"Welt am Sonntag\\\".\",\"inLanguage\":\"es-ES\",\"isPartOf\":{\"@id\":\"https:\\\/\\\/candas365.es\\\/noticias\\\/#website\"},\"breadcrumb\":{\"@id\":\"https:\\\/\\\/candas365.es\\\/noticias\\\/heiko-maas-la-llave-para-salvar-el-tratado-inf-la-tiene-moscu\\\/#breadcrumblist\"},\"author\":{\"@id\":\"https:\\\/\\\/candas365.es\\\/noticias\\\/author\\\/admin\\\/#author\"},\"creator\":{\"@id\":\"https:\\\/\\\/candas365.es\\\/noticias\\\/author\\\/admin\\\/#author\"},\"image\":{\"@type\":\"ImageObject\",\"url\":\"https:\\\/\\\/candas365.es\\\/noticias\\\/wp-content\\\/uploads\\\/2019\\\/01\\\/Heiko-Maas.jpg\",\"@id\":\"https:\\\/\\\/candas365.es\\\/noticias\\\/heiko-maas-la-llave-para-salvar-el-tratado-inf-la-tiene-moscu\\\/#mainImage\",\"width\":976,\"height\":665,\"caption\":\"Foto: Bernd von Jutrczenka\\\/dpa\"},\"primaryImageOfPage\":{\"@id\":\"https:\\\/\\\/candas365.es\\\/noticias\\\/heiko-maas-la-llave-para-salvar-el-tratado-inf-la-tiene-moscu\\\/#mainImage\"},\"datePublished\":\"2019-01-06T18:45:18+01:00\",\"dateModified\":\"2019-01-06T18:45:18+01:00\"},{\"@type\":\"WebSite\",\"@id\":\"https:\\\/\\\/candas365.es\\\/noticias\\\/#website\",\"url\":\"https:\\\/\\\/candas365.es\\\/noticias\\\/\",\"name\":\"Cand\\u00e1s 365\",\"alternateName\":\"Cand\\u00e1s 365 Noticias\",\"description\":\"Actualidad desde Carre\\u00f1o para el mundo\",\"inLanguage\":\"es-ES\",\"publisher\":{\"@id\":\"https:\\\/\\\/candas365.es\\\/noticias\\\/#organization\"}}]}\n\t\t<\/script>\n\t\t<!-- All in One SEO Pro -->\r\n\t\t<title>Heiko Maas: \u00abLa llave para salvar el tratado INF la tiene Mosc\u00fa\u00bb | Cand\u00e1s 365<\/title>\n\n","aioseo_head_json":{"title":"Heiko Maas: \u00abLa llave para salvar el tratado INF la tiene Mosc\u00fa\u00bb | Cand\u00e1s 365","description":"Berl\u00edn, 6 ene (dpa) - El ministro alem\u00e1n de Relaciones Exteriores, Heiko Maas, llam\u00f3 a Rusia a ceder en el conflicto suscitado en torno a uno de los principales tratados de desarme nuclear. \"La llave para salvar el tratado INF la tiene Mosc\u00fa\", dijo Maas en declaraciones que difundi\u00f3 hoy el dominical \"Welt am Sonntag\".","canonical_url":"https:\/\/candas365.es\/noticias\/heiko-maas-la-llave-para-salvar-el-tratado-inf-la-tiene-moscu\/","robots":"max-image-preview:large","keywords":"actualidad","webmasterTools":{"google-site-verification":"UA-32230408-1","msvalidate.01":"354F3CDFB2DA171B47FBE9ABF1F88D5","miscellaneous":""},"schema":{"@context":"https:\/\/schema.org","@graph":[{"@type":"BreadcrumbList","@id":"https:\/\/candas365.es\/noticias\/heiko-maas-la-llave-para-salvar-el-tratado-inf-la-tiene-moscu\/#breadcrumblist","itemListElement":[{"@type":"ListItem","@id":"https:\/\/candas365.es\/noticias#listItem","position":1,"name":"Home","item":"https:\/\/candas365.es\/noticias","nextItem":{"@type":"ListItem","@id":"https:\/\/candas365.es\/noticias\/category\/actualidad\/#listItem","name":"Actualidad"}},{"@type":"ListItem","@id":"https:\/\/candas365.es\/noticias\/category\/actualidad\/#listItem","position":2,"name":"Actualidad","item":"https:\/\/candas365.es\/noticias\/category\/actualidad\/","nextItem":{"@type":"ListItem","@id":"https:\/\/candas365.es\/noticias\/heiko-maas-la-llave-para-salvar-el-tratado-inf-la-tiene-moscu\/#listItem","name":"Heiko Maas: \u00abLa llave para salvar el tratado INF la tiene Mosc\u00fa\u00bb"},"previousItem":{"@type":"ListItem","@id":"https:\/\/candas365.es\/noticias#listItem","name":"Home"}},{"@type":"ListItem","@id":"https:\/\/candas365.es\/noticias\/heiko-maas-la-llave-para-salvar-el-tratado-inf-la-tiene-moscu\/#listItem","position":3,"name":"Heiko Maas: \u00abLa llave para salvar el tratado INF la tiene Mosc\u00fa\u00bb","previousItem":{"@type":"ListItem","@id":"https:\/\/candas365.es\/noticias\/category\/actualidad\/#listItem","name":"Actualidad"}}]},{"@type":"NewsArticle","@id":"https:\/\/candas365.es\/noticias\/heiko-maas-la-llave-para-salvar-el-tratado-inf-la-tiene-moscu\/#newsarticle","name":"Heiko Maas: \u00abLa llave para salvar el tratado INF la tiene Mosc\u00fa\u00bb | Cand\u00e1s 365","headline":"Heiko Maas: \u00abLa llave para salvar el tratado INF la tiene Mosc\u00fa\u00bb","author":{"@id":"https:\/\/candas365.es\/noticias\/author\/admin\/#author"},"publisher":{"@id":"https:\/\/candas365.es\/noticias\/#organization"},"image":{"@type":"ImageObject","url":"https:\/\/candas365.es\/noticias\/wp-content\/uploads\/2019\/01\/Heiko-Maas.jpg","width":976,"height":665,"caption":"Foto: Bernd von Jutrczenka\/dpa"},"datePublished":"2019-01-06T18:45:18+01:00","dateModified":"2019-01-06T18:45:18+01:00","inLanguage":"es-ES","mainEntityOfPage":{"@id":"https:\/\/candas365.es\/noticias\/heiko-maas-la-llave-para-salvar-el-tratado-inf-la-tiene-moscu\/#webpage"},"isPartOf":{"@id":"https:\/\/candas365.es\/noticias\/heiko-maas-la-llave-para-salvar-el-tratado-inf-la-tiene-moscu\/#webpage"},"articleSection":"Actualidad","dateline":"Publicado el enero 6, 2019."},{"@type":"Organization","@id":"https:\/\/candas365.es\/noticias\/#organization","name":"Cand\u00e1s 365","description":"Cand\u00e1s 365 es un diario digital independiente, fundado en 2012, con base en Asturias. Informamos con rigor sobre actualidad, sociedad, cultura y ocio, con una mirada local y global.","url":"https:\/\/candas365.es\/noticias\/","email":"info@candas365.es","telephone":"+34652131393","foundingDate":"2012-06-10","logo":{"@type":"ImageObject","url":"https:\/\/candas365.es\/noticias\/wp-content\/uploads\/2024\/09\/Candas-365-Redes.jpg","@id":"https:\/\/candas365.es\/noticias\/heiko-maas-la-llave-para-salvar-el-tratado-inf-la-tiene-moscu\/#organizationLogo","width":1152,"height":864,"caption":"Cand\u00e1s 365 Redes"},"image":{"@id":"https:\/\/candas365.es\/noticias\/heiko-maas-la-llave-para-salvar-el-tratado-inf-la-tiene-moscu\/#organizationLogo"},"sameAs":["https:\/\/www.facebook.com\/Nachofdezber","https:\/\/x.com\/NabercoDigital","https:\/\/www.instagram.com\/nachofdezber\/","https:\/\/www.youtube.com\/channel\/UCZP-2wLEB9Rv6erhFmqVnvg"],"address":{"@id":"https:\/\/candas365.es\/noticias\/#postaladdress","@type":"PostalAddress","streetAddress":"san antonio 4, san antonio 4","postalCode":"33430","addressLocality":"Cand\u00e1s","addressRegion":"Asturias","addressCountry":"ES"}},{"@type":"Person","@id":"https:\/\/candas365.es\/noticias\/author\/admin\/#author","url":"https:\/\/candas365.es\/noticias\/author\/admin\/","name":"Cand\u00e1s 365","image":{"@type":"ImageObject","@id":"https:\/\/candas365.es\/noticias\/heiko-maas-la-llave-para-salvar-el-tratado-inf-la-tiene-moscu\/#authorImage","url":"https:\/\/secure.gravatar.com\/avatar\/496a8e03d0c493ede1718b7934145dbdf8d89be1036b0eec9544e1094c9de390?s=96&d=mm&r=g","width":96,"height":96,"caption":"Cand\u00e1s 365"},"sameAs":["https:\/\/www.facebook.com\/carrenoactualidad","https:\/\/twitter.com\/nbasturias","https:\/\/www.instagram.com\/nachofdezber\/","https:\/\/www.youtube.com\/channel\/UCZP-2wLEB9Rv6erhFmqVnvg"]},{"@type":"WebPage","@id":"https:\/\/candas365.es\/noticias\/heiko-maas-la-llave-para-salvar-el-tratado-inf-la-tiene-moscu\/#webpage","url":"https:\/\/candas365.es\/noticias\/heiko-maas-la-llave-para-salvar-el-tratado-inf-la-tiene-moscu\/","name":"Heiko Maas: \u00abLa llave para salvar el tratado INF la tiene Mosc\u00fa\u00bb | Cand\u00e1s 365","description":"Berl\u00edn, 6 ene (dpa) - El ministro alem\u00e1n de Relaciones Exteriores, Heiko Maas, llam\u00f3 a Rusia a ceder en el conflicto suscitado en torno a uno de los principales tratados de desarme nuclear. \"La llave para salvar el tratado INF la tiene Mosc\u00fa\", dijo Maas en declaraciones que difundi\u00f3 hoy el dominical \"Welt am Sonntag\".","inLanguage":"es-ES","isPartOf":{"@id":"https:\/\/candas365.es\/noticias\/#website"},"breadcrumb":{"@id":"https:\/\/candas365.es\/noticias\/heiko-maas-la-llave-para-salvar-el-tratado-inf-la-tiene-moscu\/#breadcrumblist"},"author":{"@id":"https:\/\/candas365.es\/noticias\/author\/admin\/#author"},"creator":{"@id":"https:\/\/candas365.es\/noticias\/author\/admin\/#author"},"image":{"@type":"ImageObject","url":"https:\/\/candas365.es\/noticias\/wp-content\/uploads\/2019\/01\/Heiko-Maas.jpg","@id":"https:\/\/candas365.es\/noticias\/heiko-maas-la-llave-para-salvar-el-tratado-inf-la-tiene-moscu\/#mainImage","width":976,"height":665,"caption":"Foto: Bernd von Jutrczenka\/dpa"},"primaryImageOfPage":{"@id":"https:\/\/candas365.es\/noticias\/heiko-maas-la-llave-para-salvar-el-tratado-inf-la-tiene-moscu\/#mainImage"},"datePublished":"2019-01-06T18:45:18+01:00","dateModified":"2019-01-06T18:45:18+01:00"},{"@type":"WebSite","@id":"https:\/\/candas365.es\/noticias\/#website","url":"https:\/\/candas365.es\/noticias\/","name":"Cand\u00e1s 365","alternateName":"Cand\u00e1s 365 Noticias","description":"Actualidad desde Carre\u00f1o para el mundo","inLanguage":"es-ES","publisher":{"@id":"https:\/\/candas365.es\/noticias\/#organization"}}]},"og:locale":"es_ES","og:site_name":"Cand\u00e1s 365","og:type":"article","og:title":"Heiko Maas: \u00abLa llave para salvar el tratado INF la tiene Mosc\u00fa\u00bb | Cand\u00e1s 365","og:description":"Berl\u00edn, 6 ene (dpa) - El ministro alem\u00e1n de Relaciones Exteriores, Heiko Maas, llam\u00f3 a Rusia a ceder en el conflicto suscitado en torno a uno de los principales tratados de desarme nuclear. &quot;La llave para salvar el tratado INF la tiene Mosc\u00fa&quot;, dijo Maas en declaraciones que difundi\u00f3 hoy el dominical &quot;Welt am Sonntag&quot;.","og:url":"https:\/\/candas365.es\/noticias\/heiko-maas-la-llave-para-salvar-el-tratado-inf-la-tiene-moscu\/","og:image":"https:\/\/candas365.es\/noticias\/wp-content\/uploads\/2019\/01\/Heiko-Maas.jpg","og:image:secure_url":"https:\/\/candas365.es\/noticias\/wp-content\/uploads\/2019\/01\/Heiko-Maas.jpg","og:image:width":976,"og:image:height":665,"article:published_time":"2019-01-06T18:45:18+00:00","article:modified_time":"2019-01-06T18:45:18+00:00","article:publisher":"https:\/\/www.facebook.com\/Nachofdezber","article:author":"https:\/\/www.facebook.com\/carrenoactualidad","twitter:card":"summary_large_image","twitter:site":"@NabercoDigital","twitter:title":"Heiko Maas: \u00abLa llave para salvar el tratado INF la tiene Mosc\u00fa\u00bb | Cand\u00e1s 365","twitter:description":"Berl\u00edn, 6 ene (dpa) - El ministro alem\u00e1n de Relaciones Exteriores, Heiko Maas, llam\u00f3 a Rusia a ceder en el conflicto suscitado en torno a uno de los principales tratados de desarme nuclear. &quot;La llave para salvar el tratado INF la tiene Mosc\u00fa&quot;, dijo Maas en declaraciones que difundi\u00f3 hoy el dominical &quot;Welt am Sonntag&quot;.","twitter:creator":"@nbasturias","twitter:image":"https:\/\/candas365.es\/noticias\/wp-content\/uploads\/2019\/01\/Heiko-Maas.jpg","twitter:label1":"Escrito por","twitter:data1":"Cand\u00e1s 365","twitter:label2":"Tiempo de lectura estimado","twitter:data2":"2 minutos"},"aioseo_meta_data":{"post_id":"113601","title":null,"description":null,"keywords":null,"keyphrases":null,"primary_term":null,"canonical_url":null,"og_title":null,"og_description":null,"og_object_type":"default","og_image_type":"default","og_image_url":null,"og_image_width":null,"og_image_height":null,"og_image_custom_url":null,"og_image_custom_fields":null,"og_video":null,"og_custom_url":null,"og_article_section":null,"og_article_tags":null,"twitter_use_og":false,"twitter_card":"default","twitter_image_type":"default","twitter_image_url":null,"twitter_image_custom_url":null,"twitter_image_custom_fields":null,"twitter_title":null,"twitter_description":null,"schema":{"blockGraphs":[],"customGraphs":[],"default":{"data":{"Article":[],"Course":[],"Dataset":[],"FAQPage":[],"Movie":[],"Person":[],"Product":[],"ProductReview":[],"Car":[],"Recipe":[],"Service":[],"SoftwareApplication":[],"WebPage":[]},"graphName":"","isEnabled":true},"graphs":[]},"schema_type":null,"schema_type_options":null,"pillar_content":false,"robots_default":true,"robots_noindex":false,"robots_noarchive":false,"robots_nosnippet":false,"robots_nofollow":false,"robots_noimageindex":false,"robots_noodp":false,"robots_notranslate":false,"robots_max_snippet":null,"robots_max_videopreview":null,"robots_max_imagepreview":"large","priority":null,"frequency":null,"location":null,"local_seo":null,"seo_analyzer_scan_date":"2025-08-28 21:48:53","breadcrumb_settings":null,"limit_modified_date":false,"reviewed_by":null,"open_ai":null,"ai":null,"created":"2020-12-21 11:27:55","updated":"2025-08-28 21:48:53"},"aioseo_breadcrumb":"<div class=\"aioseo-breadcrumbs\"><span class=\"aioseo-breadcrumb\">\n\t<a href=\"https:\/\/candas365.es\/noticias\" title=\"Home\">Home<\/a>\n<\/span><span class=\"aioseo-breadcrumb-separator\">&ndash;<\/span><span class=\"aioseo-breadcrumb\">\n\t<a href=\"https:\/\/candas365.es\/noticias\/category\/actualidad\/\" title=\"Actualidad\">Actualidad<\/a>\n<\/span><span class=\"aioseo-breadcrumb-separator\">&ndash;<\/span><span class=\"aioseo-breadcrumb\">\n\tHeiko Maas: \u00abLa llave para salvar el tratado INF la tiene Mosc\u00fa\u00bb\n<\/span><\/div>","aioseo_breadcrumb_json":[{"label":"Home","link":"https:\/\/candas365.es\/noticias"},{"label":"Actualidad","link":"https:\/\/candas365.es\/noticias\/category\/actualidad\/"},{"label":"Heiko Maas: \u00abLa llave para salvar el tratado INF la tiene Mosc\u00fa\u00bb","link":"https:\/\/candas365.es\/noticias\/heiko-maas-la-llave-para-salvar-el-tratado-inf-la-tiene-moscu\/"}],"_links":{"self":[{"href":"https:\/\/candas365.es\/noticias\/wp-json\/wp\/v2\/posts\/113601","targetHints":{"allow":["GET"]}}],"collection":[{"href":"https:\/\/candas365.es\/noticias\/wp-json\/wp\/v2\/posts"}],"about":[{"href":"https:\/\/candas365.es\/noticias\/wp-json\/wp\/v2\/types\/post"}],"author":[{"embeddable":true,"href":"https:\/\/candas365.es\/noticias\/wp-json\/wp\/v2\/users\/1"}],"replies":[{"embeddable":true,"href":"https:\/\/candas365.es\/noticias\/wp-json\/wp\/v2\/comments?post=113601"}],"version-history":[{"count":0,"href":"https:\/\/candas365.es\/noticias\/wp-json\/wp\/v2\/posts\/113601\/revisions"}],"wp:featuredmedia":[{"embeddable":true,"href":"https:\/\/candas365.es\/noticias\/wp-json\/wp\/v2\/media\/113602"}],"wp:attachment":[{"href":"https:\/\/candas365.es\/noticias\/wp-json\/wp\/v2\/media?parent=113601"}],"wp:term":[{"taxonomy":"category","embeddable":true,"href":"https:\/\/candas365.es\/noticias\/wp-json\/wp\/v2\/categories?post=113601"},{"taxonomy":"post_tag","embeddable":true,"href":"https:\/\/candas365.es\/noticias\/wp-json\/wp\/v2\/tags?post=113601"}],"curies":[{"name":"wp","href":"https:\/\/api.w.org\/{rel}","templated":true}]}}