{"id":113595,"date":"2019-01-06T17:57:54","date_gmt":"2019-01-06T17:57:54","guid":{"rendered":"http:\/\/candas365.es\/noticias\/?p=113595"},"modified":"2019-01-06T17:57:54","modified_gmt":"2019-01-06T17:57:54","slug":"llegan-mas-restos-de-la-carga-del-carguero-msc-zoe-a-la-costa-alemana","status":"publish","type":"post","link":"https:\/\/candas365.es\/noticias\/llegan-mas-restos-de-la-carga-del-carguero-msc-zoe-a-la-costa-alemana\/","title":{"rendered":"Llegan m\u00e1s restos de la carga del carguero \u00abMSC Zoe\u00bb a la costa alemana"},"content":{"rendered":"<figure id=\"attachment_113596\" aria-describedby=\"caption-attachment-113596\" style=\"width: 360px\" class=\"wp-caption alignleft\"><img fetchpriority=\"high\" decoding=\"async\" class=\"size-medium wp-image-113596\" src=\"https:\/\/candas365.es\/noticias\/wp-content\/uploads\/2019\/01\/restos-de-carga-accidentada-llegan-a-costas-alemanas-360x236.jpg\" alt=\"\" width=\"360\" height=\"236\" srcset=\"https:\/\/candas365.es\/noticias\/wp-content\/uploads\/2019\/01\/restos-de-carga-accidentada-llegan-a-costas-alemanas-360x236.jpg 360w, https:\/\/candas365.es\/noticias\/wp-content\/uploads\/2019\/01\/restos-de-carga-accidentada-llegan-a-costas-alemanas-768x504.jpg 768w, https:\/\/candas365.es\/noticias\/wp-content\/uploads\/2019\/01\/restos-de-carga-accidentada-llegan-a-costas-alemanas-655x430.jpg 655w, https:\/\/candas365.es\/noticias\/wp-content\/uploads\/2019\/01\/restos-de-carga-accidentada-llegan-a-costas-alemanas-696x457.jpg 696w, https:\/\/candas365.es\/noticias\/wp-content\/uploads\/2019\/01\/restos-de-carga-accidentada-llegan-a-costas-alemanas-741x486.jpg 741w, https:\/\/candas365.es\/noticias\/wp-content\/uploads\/2019\/01\/restos-de-carga-accidentada-llegan-a-costas-alemanas-639x420.jpg 639w, https:\/\/candas365.es\/noticias\/wp-content\/uploads\/2019\/01\/restos-de-carga-accidentada-llegan-a-costas-alemanas.jpg 1017w\" sizes=\"(max-width: 360px) 100vw, 360px\" \/><figcaption id=\"caption-attachment-113596\" class=\"wp-caption-text\">Foto: Berend Baalmann\/dpa<\/figcaption><\/figure>\n<p>Borkum (Alemania), 6 ene (dpa) &#8211; M\u00e1s y m\u00e1s restos de la carga que perdi\u00f3 un buque en el Mar del Norte est\u00e1n llegando a las costas de Alemania, comunic\u00f3 hoy el comando alem\u00e1n de rescate mar\u00edtimo.<\/p>\n<p>\u00abEst\u00e1 llegando material para empaquetar como poliestireno y tambi\u00e9n llegan juguetes infantiles como armas de pl\u00e1stico, cascos y chalecos\u00bb, relat\u00f3 un portavoz del organismo sobre los hallazgos en la isla de Borkum. El s\u00e1bado se recogieron televisores y partes de bicicletas.<\/p>\n<p>El gigantesco buque carguero \u00abMSC Zoe\u00bb perdi\u00f3 unos 270 de los 8.000 contenedores que transportaba en medio de un temporal que se abati\u00f3 el martes por la noche en el Mar del Norte.<\/p>\n<p>Cerca de 20 contenedores han sido avistados o localizados en aguas alemanas, pero no pudieron ser rescatados. Dos de los contenedores que cayeron al mar contienen sustancias t\u00f3xicas, seg\u00fan datos de la naviera MSC.<\/p>\n<p>Unos 200 efectivos participaron el s\u00e1bado en tareas de limpieza de la en Borkum pero no encontraron rastros del polvo de per\u00f3xido de dibenzo\u00edlo que arrib\u00f3 a la isla holandesa de Schiermonnikoog en la noche del jueves. La sustancia es usada para el blanqueamiento de dientes y de cabello y puede explotar si est\u00e1 muy expuesta al calor.<\/p>\n<p>La naviera asegur\u00f3 que asumir\u00e1 \u00abla totalidad\u00bb de los costes de las tareas de rescate. \u00abSeguiremos buscando hasta encontrar el \u00faltimo contenedor\u00bb, sostuvo la empresa en un comunicado emitido el s\u00e1bado.<\/p>\n","protected":false},"excerpt":{"rendered":"<p>Borkum (Alemania), 6 ene (dpa) &#8211; M\u00e1s y m\u00e1s restos de la carga que perdi\u00f3 un buque en el Mar del Norte est\u00e1n llegando a las costas de Alemania, comunic\u00f3 hoy el comando alem\u00e1n de rescate mar\u00edtimo. \u00abEst\u00e1 llegando material para empaquetar como poliestireno y tambi\u00e9n llegan juguetes infantiles como armas de pl\u00e1stico, cascos y<\/p>\n","protected":false},"author":1,"featured_media":113596,"comment_status":"closed","ping_status":"closed","sticky":false,"template":"","format":"standard","meta":{"footnotes":""},"categories":[343],"tags":[],"class_list":{"0":"post-113595","1":"post","2":"type-post","3":"status-publish","4":"format-standard","5":"has-post-thumbnail","7":"category-actualidad"},"aioseo_notices":[],"aioseo_head":"\n\t\t<!-- All in One SEO Pro 4.9.6.2 - aioseo.com -->\n\t<meta name=\"description\" content=\"Borkum (Alemania), 6 ene (dpa) - M\u00e1s y m\u00e1s restos de la carga que perdi\u00f3 un buque en el Mar del Norte est\u00e1n llegando a las costas de Alemania, comunic\u00f3 hoy el comando alem\u00e1n de rescate mar\u00edtimo. &quot;Est\u00e1 llegando material para empaquetar como poliestireno y tambi\u00e9n llegan juguetes infantiles como armas de pl\u00e1stico, cascos y\" \/>\n\t<meta name=\"robots\" content=\"max-image-preview:large\" \/>\n\t<meta name=\"author\" content=\"Cand\u00e1s 365\"\/>\n\t<meta name=\"google-site-verification\" content=\"UA-32230408-1\" \/>\n\t<meta name=\"msvalidate.01\" content=\"354F3CDFB2DA171B47FBE9ABF1F88D5\" \/>\n\t<meta name=\"keywords\" content=\"actualidad\" \/>\n\t<link rel=\"canonical\" href=\"https:\/\/candas365.es\/noticias\/llegan-mas-restos-de-la-carga-del-carguero-msc-zoe-a-la-costa-alemana\/\" \/>\n\t<meta name=\"generator\" content=\"All in One SEO Pro (AIOSEO) 4.9.6.2\" \/>\n\t\t<meta property=\"og:locale\" content=\"es_ES\" \/>\n\t\t<meta property=\"og:site_name\" content=\"Cand\u00e1s 365\" \/>\n\t\t<meta property=\"og:type\" content=\"article\" \/>\n\t\t<meta property=\"og:title\" content=\"Llegan m\u00e1s restos de la carga del carguero \u00abMSC Zoe\u00bb a la costa alemana | Cand\u00e1s 365\" \/>\n\t\t<meta property=\"og:description\" content=\"Borkum (Alemania), 6 ene (dpa) - M\u00e1s y m\u00e1s restos de la carga que perdi\u00f3 un buque en el Mar del Norte est\u00e1n llegando a las costas de Alemania, comunic\u00f3 hoy el comando alem\u00e1n de rescate mar\u00edtimo. &quot;Est\u00e1 llegando material para empaquetar como poliestireno y tambi\u00e9n llegan juguetes infantiles como armas de pl\u00e1stico, cascos y\" \/>\n\t\t<meta property=\"og:url\" content=\"https:\/\/candas365.es\/noticias\/llegan-mas-restos-de-la-carga-del-carguero-msc-zoe-a-la-costa-alemana\/\" \/>\n\t\t<meta property=\"og:image\" content=\"https:\/\/candas365.es\/noticias\/wp-content\/uploads\/2019\/01\/restos-de-carga-accidentada-llegan-a-costas-alemanas.jpg\" \/>\n\t\t<meta property=\"og:image:secure_url\" content=\"https:\/\/candas365.es\/noticias\/wp-content\/uploads\/2019\/01\/restos-de-carga-accidentada-llegan-a-costas-alemanas.jpg\" \/>\n\t\t<meta property=\"og:image:width\" content=\"1017\" \/>\n\t\t<meta property=\"og:image:height\" content=\"668\" \/>\n\t\t<meta property=\"article:published_time\" content=\"2019-01-06T17:57:54+00:00\" \/>\n\t\t<meta property=\"article:modified_time\" content=\"2019-01-06T17:57:54+00:00\" \/>\n\t\t<meta property=\"article:publisher\" content=\"https:\/\/www.facebook.com\/Nachofdezber\" \/>\n\t\t<meta property=\"article:author\" content=\"https:\/\/www.facebook.com\/carrenoactualidad\" \/>\n\t\t<meta name=\"twitter:card\" content=\"summary_large_image\" \/>\n\t\t<meta name=\"twitter:site\" content=\"@NabercoDigital\" \/>\n\t\t<meta name=\"twitter:title\" content=\"Llegan m\u00e1s restos de la carga del carguero \u00abMSC Zoe\u00bb a la costa alemana | Cand\u00e1s 365\" \/>\n\t\t<meta name=\"twitter:description\" content=\"Borkum (Alemania), 6 ene (dpa) - M\u00e1s y m\u00e1s restos de la carga que perdi\u00f3 un buque en el Mar del Norte est\u00e1n llegando a las costas de Alemania, comunic\u00f3 hoy el comando alem\u00e1n de rescate mar\u00edtimo. &quot;Est\u00e1 llegando material para empaquetar como poliestireno y tambi\u00e9n llegan juguetes infantiles como armas de pl\u00e1stico, cascos y\" \/>\n\t\t<meta name=\"twitter:creator\" content=\"@nbasturias\" \/>\n\t\t<meta name=\"twitter:image\" content=\"https:\/\/candas365.es\/noticias\/wp-content\/uploads\/2019\/01\/restos-de-carga-accidentada-llegan-a-costas-alemanas.jpg\" \/>\n\t\t<meta name=\"twitter:label1\" content=\"Escrito por\" \/>\n\t\t<meta name=\"twitter:data1\" content=\"Cand\u00e1s 365\" \/>\n\t\t<meta name=\"twitter:label2\" content=\"Tiempo de lectura estimado\" \/>\n\t\t<meta name=\"twitter:data2\" content=\"1 minuto\" \/>\n\t\t<script type=\"application\/ld+json\" class=\"aioseo-schema\">\n\t\t\t{\"@context\":\"https:\\\/\\\/schema.org\",\"@graph\":[{\"@type\":\"BreadcrumbList\",\"@id\":\"https:\\\/\\\/candas365.es\\\/noticias\\\/llegan-mas-restos-de-la-carga-del-carguero-msc-zoe-a-la-costa-alemana\\\/#breadcrumblist\",\"itemListElement\":[{\"@type\":\"ListItem\",\"@id\":\"https:\\\/\\\/candas365.es\\\/noticias#listItem\",\"position\":1,\"name\":\"Home\",\"item\":\"https:\\\/\\\/candas365.es\\\/noticias\",\"nextItem\":{\"@type\":\"ListItem\",\"@id\":\"https:\\\/\\\/candas365.es\\\/noticias\\\/category\\\/actualidad\\\/#listItem\",\"name\":\"Actualidad\"}},{\"@type\":\"ListItem\",\"@id\":\"https:\\\/\\\/candas365.es\\\/noticias\\\/category\\\/actualidad\\\/#listItem\",\"position\":2,\"name\":\"Actualidad\",\"item\":\"https:\\\/\\\/candas365.es\\\/noticias\\\/category\\\/actualidad\\\/\",\"nextItem\":{\"@type\":\"ListItem\",\"@id\":\"https:\\\/\\\/candas365.es\\\/noticias\\\/llegan-mas-restos-de-la-carga-del-carguero-msc-zoe-a-la-costa-alemana\\\/#listItem\",\"name\":\"Llegan m\\u00e1s restos de la carga del carguero \\u00abMSC Zoe\\u00bb a la costa alemana\"},\"previousItem\":{\"@type\":\"ListItem\",\"@id\":\"https:\\\/\\\/candas365.es\\\/noticias#listItem\",\"name\":\"Home\"}},{\"@type\":\"ListItem\",\"@id\":\"https:\\\/\\\/candas365.es\\\/noticias\\\/llegan-mas-restos-de-la-carga-del-carguero-msc-zoe-a-la-costa-alemana\\\/#listItem\",\"position\":3,\"name\":\"Llegan m\\u00e1s restos de la carga del carguero \\u00abMSC Zoe\\u00bb a la costa alemana\",\"previousItem\":{\"@type\":\"ListItem\",\"@id\":\"https:\\\/\\\/candas365.es\\\/noticias\\\/category\\\/actualidad\\\/#listItem\",\"name\":\"Actualidad\"}}]},{\"@type\":\"NewsArticle\",\"@id\":\"https:\\\/\\\/candas365.es\\\/noticias\\\/llegan-mas-restos-de-la-carga-del-carguero-msc-zoe-a-la-costa-alemana\\\/#newsarticle\",\"name\":\"Llegan m\\u00e1s restos de la carga del carguero \\u00abMSC Zoe\\u00bb a la costa alemana | Cand\\u00e1s 365\",\"headline\":\"Llegan m\\u00e1s restos de la carga del carguero \\u00abMSC Zoe\\u00bb a la costa alemana\",\"author\":{\"@id\":\"https:\\\/\\\/candas365.es\\\/noticias\\\/author\\\/admin\\\/#author\"},\"publisher\":{\"@id\":\"https:\\\/\\\/candas365.es\\\/noticias\\\/#organization\"},\"image\":{\"@type\":\"ImageObject\",\"url\":\"https:\\\/\\\/candas365.es\\\/noticias\\\/wp-content\\\/uploads\\\/2019\\\/01\\\/restos-de-carga-accidentada-llegan-a-costas-alemanas.jpg\",\"width\":1017,\"height\":668,\"caption\":\"Foto: Berend Baalmann\\\/dpa\"},\"datePublished\":\"2019-01-06T17:57:54+01:00\",\"dateModified\":\"2019-01-06T17:57:54+01:00\",\"inLanguage\":\"es-ES\",\"mainEntityOfPage\":{\"@id\":\"https:\\\/\\\/candas365.es\\\/noticias\\\/llegan-mas-restos-de-la-carga-del-carguero-msc-zoe-a-la-costa-alemana\\\/#webpage\"},\"isPartOf\":{\"@id\":\"https:\\\/\\\/candas365.es\\\/noticias\\\/llegan-mas-restos-de-la-carga-del-carguero-msc-zoe-a-la-costa-alemana\\\/#webpage\"},\"articleSection\":\"Actualidad\",\"dateline\":\"Publicado el enero 6, 2019.\"},{\"@type\":\"Organization\",\"@id\":\"https:\\\/\\\/candas365.es\\\/noticias\\\/#organization\",\"name\":\"Cand\\u00e1s 365\",\"description\":\"Cand\\u00e1s 365 es un diario digital independiente, fundado en 2012, con base en Asturias. Informamos con rigor sobre actualidad, sociedad, cultura y ocio, con una mirada local y global.\",\"url\":\"https:\\\/\\\/candas365.es\\\/noticias\\\/\",\"email\":\"info@candas365.es\",\"telephone\":\"+34652131393\",\"foundingDate\":\"2012-06-10\",\"logo\":{\"@type\":\"ImageObject\",\"url\":\"https:\\\/\\\/candas365.es\\\/noticias\\\/wp-content\\\/uploads\\\/2024\\\/09\\\/Candas-365-Redes.jpg\",\"@id\":\"https:\\\/\\\/candas365.es\\\/noticias\\\/llegan-mas-restos-de-la-carga-del-carguero-msc-zoe-a-la-costa-alemana\\\/#organizationLogo\",\"width\":1152,\"height\":864,\"caption\":\"Cand\\u00e1s 365 Redes\"},\"image\":{\"@id\":\"https:\\\/\\\/candas365.es\\\/noticias\\\/llegan-mas-restos-de-la-carga-del-carguero-msc-zoe-a-la-costa-alemana\\\/#organizationLogo\"},\"sameAs\":[\"https:\\\/\\\/www.facebook.com\\\/Nachofdezber\",\"https:\\\/\\\/x.com\\\/NabercoDigital\",\"https:\\\/\\\/www.instagram.com\\\/nachofdezber\\\/\",\"https:\\\/\\\/www.youtube.com\\\/channel\\\/UCZP-2wLEB9Rv6erhFmqVnvg\"],\"address\":{\"@id\":\"https:\\\/\\\/candas365.es\\\/noticias\\\/#postaladdress\",\"@type\":\"PostalAddress\",\"streetAddress\":\"san antonio 4, san antonio 4\",\"postalCode\":\"33430\",\"addressLocality\":\"Cand\\u00e1s\",\"addressRegion\":\"Asturias\",\"addressCountry\":\"ES\"}},{\"@type\":\"Person\",\"@id\":\"https:\\\/\\\/candas365.es\\\/noticias\\\/author\\\/admin\\\/#author\",\"url\":\"https:\\\/\\\/candas365.es\\\/noticias\\\/author\\\/admin\\\/\",\"name\":\"Cand\\u00e1s 365\",\"image\":{\"@type\":\"ImageObject\",\"@id\":\"https:\\\/\\\/candas365.es\\\/noticias\\\/llegan-mas-restos-de-la-carga-del-carguero-msc-zoe-a-la-costa-alemana\\\/#authorImage\",\"url\":\"https:\\\/\\\/secure.gravatar.com\\\/avatar\\\/496a8e03d0c493ede1718b7934145dbdf8d89be1036b0eec9544e1094c9de390?s=96&d=mm&r=g\",\"width\":96,\"height\":96,\"caption\":\"Cand\\u00e1s 365\"},\"sameAs\":[\"https:\\\/\\\/www.facebook.com\\\/carrenoactualidad\",\"https:\\\/\\\/twitter.com\\\/nbasturias\",\"https:\\\/\\\/www.instagram.com\\\/nachofdezber\\\/\",\"https:\\\/\\\/www.youtube.com\\\/channel\\\/UCZP-2wLEB9Rv6erhFmqVnvg\"]},{\"@type\":\"WebPage\",\"@id\":\"https:\\\/\\\/candas365.es\\\/noticias\\\/llegan-mas-restos-de-la-carga-del-carguero-msc-zoe-a-la-costa-alemana\\\/#webpage\",\"url\":\"https:\\\/\\\/candas365.es\\\/noticias\\\/llegan-mas-restos-de-la-carga-del-carguero-msc-zoe-a-la-costa-alemana\\\/\",\"name\":\"Llegan m\\u00e1s restos de la carga del carguero \\u00abMSC Zoe\\u00bb a la costa alemana | Cand\\u00e1s 365\",\"description\":\"Borkum (Alemania), 6 ene (dpa) - M\\u00e1s y m\\u00e1s restos de la carga que perdi\\u00f3 un buque en el Mar del Norte est\\u00e1n llegando a las costas de Alemania, comunic\\u00f3 hoy el comando alem\\u00e1n de rescate mar\\u00edtimo. \\\"Est\\u00e1 llegando material para empaquetar como poliestireno y tambi\\u00e9n llegan juguetes infantiles como armas de pl\\u00e1stico, cascos y\",\"inLanguage\":\"es-ES\",\"isPartOf\":{\"@id\":\"https:\\\/\\\/candas365.es\\\/noticias\\\/#website\"},\"breadcrumb\":{\"@id\":\"https:\\\/\\\/candas365.es\\\/noticias\\\/llegan-mas-restos-de-la-carga-del-carguero-msc-zoe-a-la-costa-alemana\\\/#breadcrumblist\"},\"author\":{\"@id\":\"https:\\\/\\\/candas365.es\\\/noticias\\\/author\\\/admin\\\/#author\"},\"creator\":{\"@id\":\"https:\\\/\\\/candas365.es\\\/noticias\\\/author\\\/admin\\\/#author\"},\"image\":{\"@type\":\"ImageObject\",\"url\":\"https:\\\/\\\/candas365.es\\\/noticias\\\/wp-content\\\/uploads\\\/2019\\\/01\\\/restos-de-carga-accidentada-llegan-a-costas-alemanas.jpg\",\"@id\":\"https:\\\/\\\/candas365.es\\\/noticias\\\/llegan-mas-restos-de-la-carga-del-carguero-msc-zoe-a-la-costa-alemana\\\/#mainImage\",\"width\":1017,\"height\":668,\"caption\":\"Foto: Berend Baalmann\\\/dpa\"},\"primaryImageOfPage\":{\"@id\":\"https:\\\/\\\/candas365.es\\\/noticias\\\/llegan-mas-restos-de-la-carga-del-carguero-msc-zoe-a-la-costa-alemana\\\/#mainImage\"},\"datePublished\":\"2019-01-06T17:57:54+01:00\",\"dateModified\":\"2019-01-06T17:57:54+01:00\"},{\"@type\":\"WebSite\",\"@id\":\"https:\\\/\\\/candas365.es\\\/noticias\\\/#website\",\"url\":\"https:\\\/\\\/candas365.es\\\/noticias\\\/\",\"name\":\"Cand\\u00e1s 365\",\"alternateName\":\"Cand\\u00e1s 365 Noticias\",\"description\":\"Actualidad desde Carre\\u00f1o para el mundo\",\"inLanguage\":\"es-ES\",\"publisher\":{\"@id\":\"https:\\\/\\\/candas365.es\\\/noticias\\\/#organization\"}}]}\n\t\t<\/script>\n\t\t<!-- All in One SEO Pro -->\r\n\t\t<title>Llegan m\u00e1s restos de la carga del carguero \u00abMSC Zoe\u00bb a la costa alemana | Cand\u00e1s 365<\/title>\n\n","aioseo_head_json":{"title":"Llegan m\u00e1s restos de la carga del carguero \u00abMSC Zoe\u00bb a la costa alemana | Cand\u00e1s 365","description":"Borkum (Alemania), 6 ene (dpa) - M\u00e1s y m\u00e1s restos de la carga que perdi\u00f3 un buque en el Mar del Norte est\u00e1n llegando a las costas de Alemania, comunic\u00f3 hoy el comando alem\u00e1n de rescate mar\u00edtimo. \"Est\u00e1 llegando material para empaquetar como poliestireno y tambi\u00e9n llegan juguetes infantiles como armas de pl\u00e1stico, cascos y","canonical_url":"https:\/\/candas365.es\/noticias\/llegan-mas-restos-de-la-carga-del-carguero-msc-zoe-a-la-costa-alemana\/","robots":"max-image-preview:large","keywords":"actualidad","webmasterTools":{"google-site-verification":"UA-32230408-1","msvalidate.01":"354F3CDFB2DA171B47FBE9ABF1F88D5","miscellaneous":""},"schema":{"@context":"https:\/\/schema.org","@graph":[{"@type":"BreadcrumbList","@id":"https:\/\/candas365.es\/noticias\/llegan-mas-restos-de-la-carga-del-carguero-msc-zoe-a-la-costa-alemana\/#breadcrumblist","itemListElement":[{"@type":"ListItem","@id":"https:\/\/candas365.es\/noticias#listItem","position":1,"name":"Home","item":"https:\/\/candas365.es\/noticias","nextItem":{"@type":"ListItem","@id":"https:\/\/candas365.es\/noticias\/category\/actualidad\/#listItem","name":"Actualidad"}},{"@type":"ListItem","@id":"https:\/\/candas365.es\/noticias\/category\/actualidad\/#listItem","position":2,"name":"Actualidad","item":"https:\/\/candas365.es\/noticias\/category\/actualidad\/","nextItem":{"@type":"ListItem","@id":"https:\/\/candas365.es\/noticias\/llegan-mas-restos-de-la-carga-del-carguero-msc-zoe-a-la-costa-alemana\/#listItem","name":"Llegan m\u00e1s restos de la carga del carguero \u00abMSC Zoe\u00bb a la costa alemana"},"previousItem":{"@type":"ListItem","@id":"https:\/\/candas365.es\/noticias#listItem","name":"Home"}},{"@type":"ListItem","@id":"https:\/\/candas365.es\/noticias\/llegan-mas-restos-de-la-carga-del-carguero-msc-zoe-a-la-costa-alemana\/#listItem","position":3,"name":"Llegan m\u00e1s restos de la carga del carguero \u00abMSC Zoe\u00bb a la costa alemana","previousItem":{"@type":"ListItem","@id":"https:\/\/candas365.es\/noticias\/category\/actualidad\/#listItem","name":"Actualidad"}}]},{"@type":"NewsArticle","@id":"https:\/\/candas365.es\/noticias\/llegan-mas-restos-de-la-carga-del-carguero-msc-zoe-a-la-costa-alemana\/#newsarticle","name":"Llegan m\u00e1s restos de la carga del carguero \u00abMSC Zoe\u00bb a la costa alemana | Cand\u00e1s 365","headline":"Llegan m\u00e1s restos de la carga del carguero \u00abMSC Zoe\u00bb a la costa alemana","author":{"@id":"https:\/\/candas365.es\/noticias\/author\/admin\/#author"},"publisher":{"@id":"https:\/\/candas365.es\/noticias\/#organization"},"image":{"@type":"ImageObject","url":"https:\/\/candas365.es\/noticias\/wp-content\/uploads\/2019\/01\/restos-de-carga-accidentada-llegan-a-costas-alemanas.jpg","width":1017,"height":668,"caption":"Foto: Berend Baalmann\/dpa"},"datePublished":"2019-01-06T17:57:54+01:00","dateModified":"2019-01-06T17:57:54+01:00","inLanguage":"es-ES","mainEntityOfPage":{"@id":"https:\/\/candas365.es\/noticias\/llegan-mas-restos-de-la-carga-del-carguero-msc-zoe-a-la-costa-alemana\/#webpage"},"isPartOf":{"@id":"https:\/\/candas365.es\/noticias\/llegan-mas-restos-de-la-carga-del-carguero-msc-zoe-a-la-costa-alemana\/#webpage"},"articleSection":"Actualidad","dateline":"Publicado el enero 6, 2019."},{"@type":"Organization","@id":"https:\/\/candas365.es\/noticias\/#organization","name":"Cand\u00e1s 365","description":"Cand\u00e1s 365 es un diario digital independiente, fundado en 2012, con base en Asturias. Informamos con rigor sobre actualidad, sociedad, cultura y ocio, con una mirada local y global.","url":"https:\/\/candas365.es\/noticias\/","email":"info@candas365.es","telephone":"+34652131393","foundingDate":"2012-06-10","logo":{"@type":"ImageObject","url":"https:\/\/candas365.es\/noticias\/wp-content\/uploads\/2024\/09\/Candas-365-Redes.jpg","@id":"https:\/\/candas365.es\/noticias\/llegan-mas-restos-de-la-carga-del-carguero-msc-zoe-a-la-costa-alemana\/#organizationLogo","width":1152,"height":864,"caption":"Cand\u00e1s 365 Redes"},"image":{"@id":"https:\/\/candas365.es\/noticias\/llegan-mas-restos-de-la-carga-del-carguero-msc-zoe-a-la-costa-alemana\/#organizationLogo"},"sameAs":["https:\/\/www.facebook.com\/Nachofdezber","https:\/\/x.com\/NabercoDigital","https:\/\/www.instagram.com\/nachofdezber\/","https:\/\/www.youtube.com\/channel\/UCZP-2wLEB9Rv6erhFmqVnvg"],"address":{"@id":"https:\/\/candas365.es\/noticias\/#postaladdress","@type":"PostalAddress","streetAddress":"san antonio 4, san antonio 4","postalCode":"33430","addressLocality":"Cand\u00e1s","addressRegion":"Asturias","addressCountry":"ES"}},{"@type":"Person","@id":"https:\/\/candas365.es\/noticias\/author\/admin\/#author","url":"https:\/\/candas365.es\/noticias\/author\/admin\/","name":"Cand\u00e1s 365","image":{"@type":"ImageObject","@id":"https:\/\/candas365.es\/noticias\/llegan-mas-restos-de-la-carga-del-carguero-msc-zoe-a-la-costa-alemana\/#authorImage","url":"https:\/\/secure.gravatar.com\/avatar\/496a8e03d0c493ede1718b7934145dbdf8d89be1036b0eec9544e1094c9de390?s=96&d=mm&r=g","width":96,"height":96,"caption":"Cand\u00e1s 365"},"sameAs":["https:\/\/www.facebook.com\/carrenoactualidad","https:\/\/twitter.com\/nbasturias","https:\/\/www.instagram.com\/nachofdezber\/","https:\/\/www.youtube.com\/channel\/UCZP-2wLEB9Rv6erhFmqVnvg"]},{"@type":"WebPage","@id":"https:\/\/candas365.es\/noticias\/llegan-mas-restos-de-la-carga-del-carguero-msc-zoe-a-la-costa-alemana\/#webpage","url":"https:\/\/candas365.es\/noticias\/llegan-mas-restos-de-la-carga-del-carguero-msc-zoe-a-la-costa-alemana\/","name":"Llegan m\u00e1s restos de la carga del carguero \u00abMSC Zoe\u00bb a la costa alemana | Cand\u00e1s 365","description":"Borkum (Alemania), 6 ene (dpa) - M\u00e1s y m\u00e1s restos de la carga que perdi\u00f3 un buque en el Mar del Norte est\u00e1n llegando a las costas de Alemania, comunic\u00f3 hoy el comando alem\u00e1n de rescate mar\u00edtimo. \"Est\u00e1 llegando material para empaquetar como poliestireno y tambi\u00e9n llegan juguetes infantiles como armas de pl\u00e1stico, cascos y","inLanguage":"es-ES","isPartOf":{"@id":"https:\/\/candas365.es\/noticias\/#website"},"breadcrumb":{"@id":"https:\/\/candas365.es\/noticias\/llegan-mas-restos-de-la-carga-del-carguero-msc-zoe-a-la-costa-alemana\/#breadcrumblist"},"author":{"@id":"https:\/\/candas365.es\/noticias\/author\/admin\/#author"},"creator":{"@id":"https:\/\/candas365.es\/noticias\/author\/admin\/#author"},"image":{"@type":"ImageObject","url":"https:\/\/candas365.es\/noticias\/wp-content\/uploads\/2019\/01\/restos-de-carga-accidentada-llegan-a-costas-alemanas.jpg","@id":"https:\/\/candas365.es\/noticias\/llegan-mas-restos-de-la-carga-del-carguero-msc-zoe-a-la-costa-alemana\/#mainImage","width":1017,"height":668,"caption":"Foto: Berend Baalmann\/dpa"},"primaryImageOfPage":{"@id":"https:\/\/candas365.es\/noticias\/llegan-mas-restos-de-la-carga-del-carguero-msc-zoe-a-la-costa-alemana\/#mainImage"},"datePublished":"2019-01-06T17:57:54+01:00","dateModified":"2019-01-06T17:57:54+01:00"},{"@type":"WebSite","@id":"https:\/\/candas365.es\/noticias\/#website","url":"https:\/\/candas365.es\/noticias\/","name":"Cand\u00e1s 365","alternateName":"Cand\u00e1s 365 Noticias","description":"Actualidad desde Carre\u00f1o para el mundo","inLanguage":"es-ES","publisher":{"@id":"https:\/\/candas365.es\/noticias\/#organization"}}]},"og:locale":"es_ES","og:site_name":"Cand\u00e1s 365","og:type":"article","og:title":"Llegan m\u00e1s restos de la carga del carguero \u00abMSC Zoe\u00bb a la costa alemana | Cand\u00e1s 365","og:description":"Borkum (Alemania), 6 ene (dpa) - M\u00e1s y m\u00e1s restos de la carga que perdi\u00f3 un buque en el Mar del Norte est\u00e1n llegando a las costas de Alemania, comunic\u00f3 hoy el comando alem\u00e1n de rescate mar\u00edtimo. &quot;Est\u00e1 llegando material para empaquetar como poliestireno y tambi\u00e9n llegan juguetes infantiles como armas de pl\u00e1stico, cascos y","og:url":"https:\/\/candas365.es\/noticias\/llegan-mas-restos-de-la-carga-del-carguero-msc-zoe-a-la-costa-alemana\/","og:image":"https:\/\/candas365.es\/noticias\/wp-content\/uploads\/2019\/01\/restos-de-carga-accidentada-llegan-a-costas-alemanas.jpg","og:image:secure_url":"https:\/\/candas365.es\/noticias\/wp-content\/uploads\/2019\/01\/restos-de-carga-accidentada-llegan-a-costas-alemanas.jpg","og:image:width":1017,"og:image:height":668,"article:published_time":"2019-01-06T17:57:54+00:00","article:modified_time":"2019-01-06T17:57:54+00:00","article:publisher":"https:\/\/www.facebook.com\/Nachofdezber","article:author":"https:\/\/www.facebook.com\/carrenoactualidad","twitter:card":"summary_large_image","twitter:site":"@NabercoDigital","twitter:title":"Llegan m\u00e1s restos de la carga del carguero \u00abMSC Zoe\u00bb a la costa alemana | Cand\u00e1s 365","twitter:description":"Borkum (Alemania), 6 ene (dpa) - M\u00e1s y m\u00e1s restos de la carga que perdi\u00f3 un buque en el Mar del Norte est\u00e1n llegando a las costas de Alemania, comunic\u00f3 hoy el comando alem\u00e1n de rescate mar\u00edtimo. &quot;Est\u00e1 llegando material para empaquetar como poliestireno y tambi\u00e9n llegan juguetes infantiles como armas de pl\u00e1stico, cascos y","twitter:creator":"@nbasturias","twitter:image":"https:\/\/candas365.es\/noticias\/wp-content\/uploads\/2019\/01\/restos-de-carga-accidentada-llegan-a-costas-alemanas.jpg","twitter:label1":"Escrito por","twitter:data1":"Cand\u00e1s 365","twitter:label2":"Tiempo de lectura estimado","twitter:data2":"1 minuto"},"aioseo_meta_data":{"post_id":"113595","title":null,"description":null,"keywords":null,"keyphrases":null,"primary_term":null,"canonical_url":null,"og_title":null,"og_description":null,"og_object_type":"default","og_image_type":"default","og_image_url":null,"og_image_width":null,"og_image_height":null,"og_image_custom_url":null,"og_image_custom_fields":null,"og_video":null,"og_custom_url":null,"og_article_section":null,"og_article_tags":null,"twitter_use_og":false,"twitter_card":"default","twitter_image_type":"default","twitter_image_url":null,"twitter_image_custom_url":null,"twitter_image_custom_fields":null,"twitter_title":null,"twitter_description":null,"schema":{"blockGraphs":[],"customGraphs":[],"default":{"data":{"Article":[],"Course":[],"Dataset":[],"FAQPage":[],"Movie":[],"Person":[],"Product":[],"ProductReview":[],"Car":[],"Recipe":[],"Service":[],"SoftwareApplication":[],"WebPage":[]},"graphName":"","isEnabled":true},"graphs":[],"defaultGraph":"","defaultPostTypeGraph":""},"schema_type":null,"schema_type_options":null,"pillar_content":false,"robots_default":true,"robots_noindex":false,"robots_noarchive":false,"robots_nosnippet":false,"robots_nofollow":false,"robots_noimageindex":false,"robots_noodp":false,"robots_notranslate":false,"robots_max_snippet":null,"robots_max_videopreview":null,"robots_max_imagepreview":"large","priority":null,"frequency":null,"location":null,"local_seo":null,"seo_analyzer_scan_date":"2025-08-28 21:47:29","breadcrumb_settings":null,"limit_modified_date":false,"reviewed_by":null,"open_ai":null,"ai":null,"created":"2020-12-21 10:44:51","updated":"2025-08-28 21:47:29"},"aioseo_breadcrumb":"<div class=\"aioseo-breadcrumbs\"><span class=\"aioseo-breadcrumb\">\n\t<a href=\"https:\/\/candas365.es\/noticias\" title=\"Home\">Home<\/a>\n<\/span><span class=\"aioseo-breadcrumb-separator\">&ndash;<\/span><span class=\"aioseo-breadcrumb\">\n\t<a href=\"https:\/\/candas365.es\/noticias\/category\/actualidad\/\" title=\"Actualidad\">Actualidad<\/a>\n<\/span><span class=\"aioseo-breadcrumb-separator\">&ndash;<\/span><span class=\"aioseo-breadcrumb\">\n\tLlegan m\u00e1s restos de la carga del carguero \u00abMSC Zoe\u00bb a la costa alemana\n<\/span><\/div>","aioseo_breadcrumb_json":[{"label":"Home","link":"https:\/\/candas365.es\/noticias"},{"label":"Actualidad","link":"https:\/\/candas365.es\/noticias\/category\/actualidad\/"},{"label":"Llegan m\u00e1s restos de la carga del carguero \u00abMSC Zoe\u00bb a la costa alemana","link":"https:\/\/candas365.es\/noticias\/llegan-mas-restos-de-la-carga-del-carguero-msc-zoe-a-la-costa-alemana\/"}],"_links":{"self":[{"href":"https:\/\/candas365.es\/noticias\/wp-json\/wp\/v2\/posts\/113595","targetHints":{"allow":["GET"]}}],"collection":[{"href":"https:\/\/candas365.es\/noticias\/wp-json\/wp\/v2\/posts"}],"about":[{"href":"https:\/\/candas365.es\/noticias\/wp-json\/wp\/v2\/types\/post"}],"author":[{"embeddable":true,"href":"https:\/\/candas365.es\/noticias\/wp-json\/wp\/v2\/users\/1"}],"replies":[{"embeddable":true,"href":"https:\/\/candas365.es\/noticias\/wp-json\/wp\/v2\/comments?post=113595"}],"version-history":[{"count":0,"href":"https:\/\/candas365.es\/noticias\/wp-json\/wp\/v2\/posts\/113595\/revisions"}],"wp:featuredmedia":[{"embeddable":true,"href":"https:\/\/candas365.es\/noticias\/wp-json\/wp\/v2\/media\/113596"}],"wp:attachment":[{"href":"https:\/\/candas365.es\/noticias\/wp-json\/wp\/v2\/media?parent=113595"}],"wp:term":[{"taxonomy":"category","embeddable":true,"href":"https:\/\/candas365.es\/noticias\/wp-json\/wp\/v2\/categories?post=113595"},{"taxonomy":"post_tag","embeddable":true,"href":"https:\/\/candas365.es\/noticias\/wp-json\/wp\/v2\/tags?post=113595"}],"curies":[{"name":"wp","href":"https:\/\/api.w.org\/{rel}","templated":true}]}}