{"id":113592,"date":"2019-01-06T17:52:31","date_gmt":"2019-01-06T17:52:31","guid":{"rendered":"http:\/\/candas365.es\/noticias\/?p=113592"},"modified":"2019-01-06T17:52:31","modified_gmt":"2019-01-06T17:52:31","slug":"la-policia-alemana-reclama-mas-dinero-para-abrigos-de-invierno","status":"publish","type":"post","link":"https:\/\/candas365.es\/noticias\/la-policia-alemana-reclama-mas-dinero-para-abrigos-de-invierno\/","title":{"rendered":"La Polic\u00eda alemana reclama m\u00e1s dinero para abrigos de invierno"},"content":{"rendered":"<p><img fetchpriority=\"high\" decoding=\"async\" class=\"alignleft size-medium wp-image-88433\" src=\"https:\/\/candas365.es\/noticias\/wp-content\/uploads\/2018\/01\/adult-1867665_1280-360x213.jpg\" alt=\"\" width=\"360\" height=\"213\" srcset=\"https:\/\/candas365.es\/noticias\/wp-content\/uploads\/2018\/01\/adult-1867665_1280-360x213.jpg 360w, https:\/\/candas365.es\/noticias\/wp-content\/uploads\/2018\/01\/adult-1867665_1280-768x455.jpg 768w, https:\/\/candas365.es\/noticias\/wp-content\/uploads\/2018\/01\/adult-1867665_1280-655x388.jpg 655w, https:\/\/candas365.es\/noticias\/wp-content\/uploads\/2018\/01\/adult-1867665_1280-696x412.jpg 696w, https:\/\/candas365.es\/noticias\/wp-content\/uploads\/2018\/01\/adult-1867665_1280-1068x632.jpg 1068w, https:\/\/candas365.es\/noticias\/wp-content\/uploads\/2018\/01\/adult-1867665_1280-709x420.jpg 709w, https:\/\/candas365.es\/noticias\/wp-content\/uploads\/2018\/01\/adult-1867665_1280.jpg 1280w\" sizes=\"(max-width: 360px) 100vw, 360px\" \/>Berl\u00edn, 6 ene (dpa) &#8211; El Sindicato de la Polic\u00eda (GdP) de Berl\u00edn reclam\u00f3 hoy nuevamente m\u00e1s dinero para la compra de abrigos destinados a los miembros de la fuerza que protegen edificios e instalaciones centrales al aire libre.<\/p>\n<p>\u00abLentamente estoy perdiendo la paciencia. Hace m\u00e1s de dos a\u00f1os que estamos hablando de este desajuste y hasta ahora no ha ocurrido nada\u00bb, manifest\u00f3 Stephan Kelm, vicepresidente del Consejo Nacional del sindicato GdP.<\/p>\n<p>Los polic\u00edas pertenecientes a la Unidad Central de Protecci\u00f3n est\u00e1n apostados frente a embajadas y otros edificios importantes de la capital alemana.<\/p>\n<p>Las autoridades ya fueron advertidas en varias ocasiones que los 150 euros anuales (170 d\u00f3lares) que reciben los uniformados para la compra de una chaqueta no se corresponden con el precio real de casi 250 euros que cuesta un abrigo con un forro interior m\u00e1s adecuado para el fr\u00edo, se\u00f1al\u00f3 Kelm.<\/p>\n<p>\u00abLas autoridades tienen que actuar de una vez por todas y proporcionar a cada uno de ellos un abrigo de invierno como ropa de trabajo\u00bb, enfatiz\u00f3. Asimismo, el funcionario abog\u00f3 por un aumento general del presupuesto y la creaci\u00f3n de una tienda propia de ropa para la polic\u00eda de Berl\u00edn.<\/p>\n","protected":false},"excerpt":{"rendered":"<p>Berl\u00edn, 6 ene (dpa) &#8211; El Sindicato de la Polic\u00eda (GdP) de Berl\u00edn reclam\u00f3 hoy nuevamente m\u00e1s dinero para la compra de abrigos destinados a los miembros de la fuerza que protegen edificios e instalaciones centrales al aire libre. \u00abLentamente estoy perdiendo la paciencia. Hace m\u00e1s de dos a\u00f1os que estamos hablando de este desajuste<\/p>\n","protected":false},"author":1,"featured_media":88433,"comment_status":"closed","ping_status":"closed","sticky":false,"template":"","format":"standard","meta":{"footnotes":""},"categories":[343],"tags":[],"class_list":{"0":"post-113592","1":"post","2":"type-post","3":"status-publish","4":"format-standard","5":"has-post-thumbnail","7":"category-actualidad"},"aioseo_notices":[],"aioseo_head":"\n\t\t<!-- All in One SEO Pro 4.9.6.2 - aioseo.com -->\n\t<meta name=\"description\" content=\"Berl\u00edn, 6 ene (dpa) - El Sindicato de la Polic\u00eda (GdP) de Berl\u00edn reclam\u00f3 hoy nuevamente m\u00e1s dinero para la compra de abrigos destinados a los miembros de la fuerza que protegen edificios e instalaciones centrales al aire libre. &quot;Lentamente estoy perdiendo la paciencia. Hace m\u00e1s de dos a\u00f1os que estamos hablando de este desajuste\" \/>\n\t<meta name=\"robots\" content=\"max-image-preview:large\" \/>\n\t<meta name=\"author\" content=\"Cand\u00e1s 365\"\/>\n\t<meta name=\"google-site-verification\" content=\"UA-32230408-1\" \/>\n\t<meta name=\"msvalidate.01\" content=\"354F3CDFB2DA171B47FBE9ABF1F88D5\" \/>\n\t<meta name=\"keywords\" content=\"actualidad\" \/>\n\t<link rel=\"canonical\" href=\"https:\/\/candas365.es\/noticias\/la-policia-alemana-reclama-mas-dinero-para-abrigos-de-invierno\/\" \/>\n\t<meta name=\"generator\" content=\"All in One SEO Pro (AIOSEO) 4.9.6.2\" \/>\n\t\t<meta property=\"og:locale\" content=\"es_ES\" \/>\n\t\t<meta property=\"og:site_name\" content=\"Cand\u00e1s 365\" \/>\n\t\t<meta property=\"og:type\" content=\"article\" \/>\n\t\t<meta property=\"og:title\" content=\"La Polic\u00eda alemana reclama m\u00e1s dinero para abrigos de invierno | Cand\u00e1s 365\" \/>\n\t\t<meta property=\"og:description\" content=\"Berl\u00edn, 6 ene (dpa) - El Sindicato de la Polic\u00eda (GdP) de Berl\u00edn reclam\u00f3 hoy nuevamente m\u00e1s dinero para la compra de abrigos destinados a los miembros de la fuerza que protegen edificios e instalaciones centrales al aire libre. &quot;Lentamente estoy perdiendo la paciencia. Hace m\u00e1s de dos a\u00f1os que estamos hablando de este desajuste\" \/>\n\t\t<meta property=\"og:url\" content=\"https:\/\/candas365.es\/noticias\/la-policia-alemana-reclama-mas-dinero-para-abrigos-de-invierno\/\" \/>\n\t\t<meta property=\"og:image\" content=\"https:\/\/candas365.es\/noticias\/wp-content\/uploads\/2018\/01\/adult-1867665_1280.jpg\" \/>\n\t\t<meta property=\"og:image:secure_url\" content=\"https:\/\/candas365.es\/noticias\/wp-content\/uploads\/2018\/01\/adult-1867665_1280.jpg\" \/>\n\t\t<meta property=\"og:image:width\" content=\"1280\" \/>\n\t\t<meta property=\"og:image:height\" content=\"758\" \/>\n\t\t<meta property=\"article:published_time\" content=\"2019-01-06T17:52:31+00:00\" \/>\n\t\t<meta property=\"article:modified_time\" content=\"2019-01-06T17:52:31+00:00\" \/>\n\t\t<meta property=\"article:publisher\" content=\"https:\/\/www.facebook.com\/Nachofdezber\" \/>\n\t\t<meta property=\"article:author\" content=\"https:\/\/www.facebook.com\/carrenoactualidad\" \/>\n\t\t<meta name=\"twitter:card\" content=\"summary_large_image\" \/>\n\t\t<meta name=\"twitter:site\" content=\"@NabercoDigital\" \/>\n\t\t<meta name=\"twitter:title\" content=\"La Polic\u00eda alemana reclama m\u00e1s dinero para abrigos de invierno | Cand\u00e1s 365\" \/>\n\t\t<meta name=\"twitter:description\" content=\"Berl\u00edn, 6 ene (dpa) - El Sindicato de la Polic\u00eda (GdP) de Berl\u00edn reclam\u00f3 hoy nuevamente m\u00e1s dinero para la compra de abrigos destinados a los miembros de la fuerza que protegen edificios e instalaciones centrales al aire libre. &quot;Lentamente estoy perdiendo la paciencia. Hace m\u00e1s de dos a\u00f1os que estamos hablando de este desajuste\" \/>\n\t\t<meta name=\"twitter:creator\" content=\"@nbasturias\" \/>\n\t\t<meta name=\"twitter:image\" content=\"https:\/\/candas365.es\/noticias\/wp-content\/uploads\/2018\/01\/adult-1867665_1280.jpg\" \/>\n\t\t<meta name=\"twitter:label1\" content=\"Escrito por\" \/>\n\t\t<meta name=\"twitter:data1\" content=\"Cand\u00e1s 365\" \/>\n\t\t<meta name=\"twitter:label2\" content=\"Tiempo de lectura estimado\" \/>\n\t\t<meta name=\"twitter:data2\" content=\"1 minuto\" \/>\n\t\t<script type=\"application\/ld+json\" class=\"aioseo-schema\">\n\t\t\t{\"@context\":\"https:\\\/\\\/schema.org\",\"@graph\":[{\"@type\":\"BreadcrumbList\",\"@id\":\"https:\\\/\\\/candas365.es\\\/noticias\\\/la-policia-alemana-reclama-mas-dinero-para-abrigos-de-invierno\\\/#breadcrumblist\",\"itemListElement\":[{\"@type\":\"ListItem\",\"@id\":\"https:\\\/\\\/candas365.es\\\/noticias#listItem\",\"position\":1,\"name\":\"Home\",\"item\":\"https:\\\/\\\/candas365.es\\\/noticias\",\"nextItem\":{\"@type\":\"ListItem\",\"@id\":\"https:\\\/\\\/candas365.es\\\/noticias\\\/category\\\/actualidad\\\/#listItem\",\"name\":\"Actualidad\"}},{\"@type\":\"ListItem\",\"@id\":\"https:\\\/\\\/candas365.es\\\/noticias\\\/category\\\/actualidad\\\/#listItem\",\"position\":2,\"name\":\"Actualidad\",\"item\":\"https:\\\/\\\/candas365.es\\\/noticias\\\/category\\\/actualidad\\\/\",\"nextItem\":{\"@type\":\"ListItem\",\"@id\":\"https:\\\/\\\/candas365.es\\\/noticias\\\/la-policia-alemana-reclama-mas-dinero-para-abrigos-de-invierno\\\/#listItem\",\"name\":\"La Polic\\u00eda alemana reclama m\\u00e1s dinero para abrigos de invierno\"},\"previousItem\":{\"@type\":\"ListItem\",\"@id\":\"https:\\\/\\\/candas365.es\\\/noticias#listItem\",\"name\":\"Home\"}},{\"@type\":\"ListItem\",\"@id\":\"https:\\\/\\\/candas365.es\\\/noticias\\\/la-policia-alemana-reclama-mas-dinero-para-abrigos-de-invierno\\\/#listItem\",\"position\":3,\"name\":\"La Polic\\u00eda alemana reclama m\\u00e1s dinero para abrigos de invierno\",\"previousItem\":{\"@type\":\"ListItem\",\"@id\":\"https:\\\/\\\/candas365.es\\\/noticias\\\/category\\\/actualidad\\\/#listItem\",\"name\":\"Actualidad\"}}]},{\"@type\":\"NewsArticle\",\"@id\":\"https:\\\/\\\/candas365.es\\\/noticias\\\/la-policia-alemana-reclama-mas-dinero-para-abrigos-de-invierno\\\/#newsarticle\",\"name\":\"La Polic\\u00eda alemana reclama m\\u00e1s dinero para abrigos de invierno | Cand\\u00e1s 365\",\"headline\":\"La Polic\\u00eda alemana reclama m\\u00e1s dinero para abrigos de invierno\",\"author\":{\"@id\":\"https:\\\/\\\/candas365.es\\\/noticias\\\/author\\\/admin\\\/#author\"},\"publisher\":{\"@id\":\"https:\\\/\\\/candas365.es\\\/noticias\\\/#organization\"},\"image\":{\"@type\":\"ImageObject\",\"url\":\"https:\\\/\\\/candas365.es\\\/noticias\\\/wp-content\\\/uploads\\\/2018\\\/01\\\/adult-1867665_1280.jpg\",\"width\":1280,\"height\":758},\"datePublished\":\"2019-01-06T17:52:31+01:00\",\"dateModified\":\"2019-01-06T17:52:31+01:00\",\"inLanguage\":\"es-ES\",\"mainEntityOfPage\":{\"@id\":\"https:\\\/\\\/candas365.es\\\/noticias\\\/la-policia-alemana-reclama-mas-dinero-para-abrigos-de-invierno\\\/#webpage\"},\"isPartOf\":{\"@id\":\"https:\\\/\\\/candas365.es\\\/noticias\\\/la-policia-alemana-reclama-mas-dinero-para-abrigos-de-invierno\\\/#webpage\"},\"articleSection\":\"Actualidad\",\"dateline\":\"Publicado el enero 6, 2019.\"},{\"@type\":\"Organization\",\"@id\":\"https:\\\/\\\/candas365.es\\\/noticias\\\/#organization\",\"name\":\"Cand\\u00e1s 365\",\"description\":\"Cand\\u00e1s 365 es un diario digital independiente, fundado en 2012, con base en Asturias. Informamos con rigor sobre actualidad, sociedad, cultura y ocio, con una mirada local y global.\",\"url\":\"https:\\\/\\\/candas365.es\\\/noticias\\\/\",\"email\":\"info@candas365.es\",\"telephone\":\"+34652131393\",\"foundingDate\":\"2012-06-10\",\"logo\":{\"@type\":\"ImageObject\",\"url\":\"https:\\\/\\\/candas365.es\\\/noticias\\\/wp-content\\\/uploads\\\/2024\\\/09\\\/Candas-365-Redes.jpg\",\"@id\":\"https:\\\/\\\/candas365.es\\\/noticias\\\/la-policia-alemana-reclama-mas-dinero-para-abrigos-de-invierno\\\/#organizationLogo\",\"width\":1152,\"height\":864,\"caption\":\"Cand\\u00e1s 365 Redes\"},\"image\":{\"@id\":\"https:\\\/\\\/candas365.es\\\/noticias\\\/la-policia-alemana-reclama-mas-dinero-para-abrigos-de-invierno\\\/#organizationLogo\"},\"sameAs\":[\"https:\\\/\\\/www.facebook.com\\\/Nachofdezber\",\"https:\\\/\\\/x.com\\\/NabercoDigital\",\"https:\\\/\\\/www.instagram.com\\\/nachofdezber\\\/\",\"https:\\\/\\\/www.youtube.com\\\/channel\\\/UCZP-2wLEB9Rv6erhFmqVnvg\"],\"address\":{\"@id\":\"https:\\\/\\\/candas365.es\\\/noticias\\\/#postaladdress\",\"@type\":\"PostalAddress\",\"streetAddress\":\"san antonio 4, san antonio 4\",\"postalCode\":\"33430\",\"addressLocality\":\"Cand\\u00e1s\",\"addressRegion\":\"Asturias\",\"addressCountry\":\"ES\"}},{\"@type\":\"Person\",\"@id\":\"https:\\\/\\\/candas365.es\\\/noticias\\\/author\\\/admin\\\/#author\",\"url\":\"https:\\\/\\\/candas365.es\\\/noticias\\\/author\\\/admin\\\/\",\"name\":\"Cand\\u00e1s 365\",\"image\":{\"@type\":\"ImageObject\",\"@id\":\"https:\\\/\\\/candas365.es\\\/noticias\\\/la-policia-alemana-reclama-mas-dinero-para-abrigos-de-invierno\\\/#authorImage\",\"url\":\"https:\\\/\\\/secure.gravatar.com\\\/avatar\\\/496a8e03d0c493ede1718b7934145dbdf8d89be1036b0eec9544e1094c9de390?s=96&d=mm&r=g\",\"width\":96,\"height\":96,\"caption\":\"Cand\\u00e1s 365\"},\"sameAs\":[\"https:\\\/\\\/www.facebook.com\\\/carrenoactualidad\",\"https:\\\/\\\/twitter.com\\\/nbasturias\",\"https:\\\/\\\/www.instagram.com\\\/nachofdezber\\\/\",\"https:\\\/\\\/www.youtube.com\\\/channel\\\/UCZP-2wLEB9Rv6erhFmqVnvg\"]},{\"@type\":\"WebPage\",\"@id\":\"https:\\\/\\\/candas365.es\\\/noticias\\\/la-policia-alemana-reclama-mas-dinero-para-abrigos-de-invierno\\\/#webpage\",\"url\":\"https:\\\/\\\/candas365.es\\\/noticias\\\/la-policia-alemana-reclama-mas-dinero-para-abrigos-de-invierno\\\/\",\"name\":\"La Polic\\u00eda alemana reclama m\\u00e1s dinero para abrigos de invierno | Cand\\u00e1s 365\",\"description\":\"Berl\\u00edn, 6 ene (dpa) - El Sindicato de la Polic\\u00eda (GdP) de Berl\\u00edn reclam\\u00f3 hoy nuevamente m\\u00e1s dinero para la compra de abrigos destinados a los miembros de la fuerza que protegen edificios e instalaciones centrales al aire libre. \\\"Lentamente estoy perdiendo la paciencia. Hace m\\u00e1s de dos a\\u00f1os que estamos hablando de este desajuste\",\"inLanguage\":\"es-ES\",\"isPartOf\":{\"@id\":\"https:\\\/\\\/candas365.es\\\/noticias\\\/#website\"},\"breadcrumb\":{\"@id\":\"https:\\\/\\\/candas365.es\\\/noticias\\\/la-policia-alemana-reclama-mas-dinero-para-abrigos-de-invierno\\\/#breadcrumblist\"},\"author\":{\"@id\":\"https:\\\/\\\/candas365.es\\\/noticias\\\/author\\\/admin\\\/#author\"},\"creator\":{\"@id\":\"https:\\\/\\\/candas365.es\\\/noticias\\\/author\\\/admin\\\/#author\"},\"image\":{\"@type\":\"ImageObject\",\"url\":\"https:\\\/\\\/candas365.es\\\/noticias\\\/wp-content\\\/uploads\\\/2018\\\/01\\\/adult-1867665_1280.jpg\",\"@id\":\"https:\\\/\\\/candas365.es\\\/noticias\\\/la-policia-alemana-reclama-mas-dinero-para-abrigos-de-invierno\\\/#mainImage\",\"width\":1280,\"height\":758},\"primaryImageOfPage\":{\"@id\":\"https:\\\/\\\/candas365.es\\\/noticias\\\/la-policia-alemana-reclama-mas-dinero-para-abrigos-de-invierno\\\/#mainImage\"},\"datePublished\":\"2019-01-06T17:52:31+01:00\",\"dateModified\":\"2019-01-06T17:52:31+01:00\"},{\"@type\":\"WebSite\",\"@id\":\"https:\\\/\\\/candas365.es\\\/noticias\\\/#website\",\"url\":\"https:\\\/\\\/candas365.es\\\/noticias\\\/\",\"name\":\"Cand\\u00e1s 365\",\"alternateName\":\"Cand\\u00e1s 365 Noticias\",\"description\":\"Actualidad desde Carre\\u00f1o para el mundo\",\"inLanguage\":\"es-ES\",\"publisher\":{\"@id\":\"https:\\\/\\\/candas365.es\\\/noticias\\\/#organization\"}}]}\n\t\t<\/script>\n\t\t<!-- All in One SEO Pro -->\r\n\t\t<title>La Polic\u00eda alemana reclama m\u00e1s dinero para abrigos de invierno | Cand\u00e1s 365<\/title>\n\n","aioseo_head_json":{"title":"La Polic\u00eda alemana reclama m\u00e1s dinero para abrigos de invierno | Cand\u00e1s 365","description":"Berl\u00edn, 6 ene (dpa) - El Sindicato de la Polic\u00eda (GdP) de Berl\u00edn reclam\u00f3 hoy nuevamente m\u00e1s dinero para la compra de abrigos destinados a los miembros de la fuerza que protegen edificios e instalaciones centrales al aire libre. \"Lentamente estoy perdiendo la paciencia. Hace m\u00e1s de dos a\u00f1os que estamos hablando de este desajuste","canonical_url":"https:\/\/candas365.es\/noticias\/la-policia-alemana-reclama-mas-dinero-para-abrigos-de-invierno\/","robots":"max-image-preview:large","keywords":"actualidad","webmasterTools":{"google-site-verification":"UA-32230408-1","msvalidate.01":"354F3CDFB2DA171B47FBE9ABF1F88D5","miscellaneous":""},"schema":{"@context":"https:\/\/schema.org","@graph":[{"@type":"BreadcrumbList","@id":"https:\/\/candas365.es\/noticias\/la-policia-alemana-reclama-mas-dinero-para-abrigos-de-invierno\/#breadcrumblist","itemListElement":[{"@type":"ListItem","@id":"https:\/\/candas365.es\/noticias#listItem","position":1,"name":"Home","item":"https:\/\/candas365.es\/noticias","nextItem":{"@type":"ListItem","@id":"https:\/\/candas365.es\/noticias\/category\/actualidad\/#listItem","name":"Actualidad"}},{"@type":"ListItem","@id":"https:\/\/candas365.es\/noticias\/category\/actualidad\/#listItem","position":2,"name":"Actualidad","item":"https:\/\/candas365.es\/noticias\/category\/actualidad\/","nextItem":{"@type":"ListItem","@id":"https:\/\/candas365.es\/noticias\/la-policia-alemana-reclama-mas-dinero-para-abrigos-de-invierno\/#listItem","name":"La Polic\u00eda alemana reclama m\u00e1s dinero para abrigos de invierno"},"previousItem":{"@type":"ListItem","@id":"https:\/\/candas365.es\/noticias#listItem","name":"Home"}},{"@type":"ListItem","@id":"https:\/\/candas365.es\/noticias\/la-policia-alemana-reclama-mas-dinero-para-abrigos-de-invierno\/#listItem","position":3,"name":"La Polic\u00eda alemana reclama m\u00e1s dinero para abrigos de invierno","previousItem":{"@type":"ListItem","@id":"https:\/\/candas365.es\/noticias\/category\/actualidad\/#listItem","name":"Actualidad"}}]},{"@type":"NewsArticle","@id":"https:\/\/candas365.es\/noticias\/la-policia-alemana-reclama-mas-dinero-para-abrigos-de-invierno\/#newsarticle","name":"La Polic\u00eda alemana reclama m\u00e1s dinero para abrigos de invierno | Cand\u00e1s 365","headline":"La Polic\u00eda alemana reclama m\u00e1s dinero para abrigos de invierno","author":{"@id":"https:\/\/candas365.es\/noticias\/author\/admin\/#author"},"publisher":{"@id":"https:\/\/candas365.es\/noticias\/#organization"},"image":{"@type":"ImageObject","url":"https:\/\/candas365.es\/noticias\/wp-content\/uploads\/2018\/01\/adult-1867665_1280.jpg","width":1280,"height":758},"datePublished":"2019-01-06T17:52:31+01:00","dateModified":"2019-01-06T17:52:31+01:00","inLanguage":"es-ES","mainEntityOfPage":{"@id":"https:\/\/candas365.es\/noticias\/la-policia-alemana-reclama-mas-dinero-para-abrigos-de-invierno\/#webpage"},"isPartOf":{"@id":"https:\/\/candas365.es\/noticias\/la-policia-alemana-reclama-mas-dinero-para-abrigos-de-invierno\/#webpage"},"articleSection":"Actualidad","dateline":"Publicado el enero 6, 2019."},{"@type":"Organization","@id":"https:\/\/candas365.es\/noticias\/#organization","name":"Cand\u00e1s 365","description":"Cand\u00e1s 365 es un diario digital independiente, fundado en 2012, con base en Asturias. Informamos con rigor sobre actualidad, sociedad, cultura y ocio, con una mirada local y global.","url":"https:\/\/candas365.es\/noticias\/","email":"info@candas365.es","telephone":"+34652131393","foundingDate":"2012-06-10","logo":{"@type":"ImageObject","url":"https:\/\/candas365.es\/noticias\/wp-content\/uploads\/2024\/09\/Candas-365-Redes.jpg","@id":"https:\/\/candas365.es\/noticias\/la-policia-alemana-reclama-mas-dinero-para-abrigos-de-invierno\/#organizationLogo","width":1152,"height":864,"caption":"Cand\u00e1s 365 Redes"},"image":{"@id":"https:\/\/candas365.es\/noticias\/la-policia-alemana-reclama-mas-dinero-para-abrigos-de-invierno\/#organizationLogo"},"sameAs":["https:\/\/www.facebook.com\/Nachofdezber","https:\/\/x.com\/NabercoDigital","https:\/\/www.instagram.com\/nachofdezber\/","https:\/\/www.youtube.com\/channel\/UCZP-2wLEB9Rv6erhFmqVnvg"],"address":{"@id":"https:\/\/candas365.es\/noticias\/#postaladdress","@type":"PostalAddress","streetAddress":"san antonio 4, san antonio 4","postalCode":"33430","addressLocality":"Cand\u00e1s","addressRegion":"Asturias","addressCountry":"ES"}},{"@type":"Person","@id":"https:\/\/candas365.es\/noticias\/author\/admin\/#author","url":"https:\/\/candas365.es\/noticias\/author\/admin\/","name":"Cand\u00e1s 365","image":{"@type":"ImageObject","@id":"https:\/\/candas365.es\/noticias\/la-policia-alemana-reclama-mas-dinero-para-abrigos-de-invierno\/#authorImage","url":"https:\/\/secure.gravatar.com\/avatar\/496a8e03d0c493ede1718b7934145dbdf8d89be1036b0eec9544e1094c9de390?s=96&d=mm&r=g","width":96,"height":96,"caption":"Cand\u00e1s 365"},"sameAs":["https:\/\/www.facebook.com\/carrenoactualidad","https:\/\/twitter.com\/nbasturias","https:\/\/www.instagram.com\/nachofdezber\/","https:\/\/www.youtube.com\/channel\/UCZP-2wLEB9Rv6erhFmqVnvg"]},{"@type":"WebPage","@id":"https:\/\/candas365.es\/noticias\/la-policia-alemana-reclama-mas-dinero-para-abrigos-de-invierno\/#webpage","url":"https:\/\/candas365.es\/noticias\/la-policia-alemana-reclama-mas-dinero-para-abrigos-de-invierno\/","name":"La Polic\u00eda alemana reclama m\u00e1s dinero para abrigos de invierno | Cand\u00e1s 365","description":"Berl\u00edn, 6 ene (dpa) - El Sindicato de la Polic\u00eda (GdP) de Berl\u00edn reclam\u00f3 hoy nuevamente m\u00e1s dinero para la compra de abrigos destinados a los miembros de la fuerza que protegen edificios e instalaciones centrales al aire libre. \"Lentamente estoy perdiendo la paciencia. Hace m\u00e1s de dos a\u00f1os que estamos hablando de este desajuste","inLanguage":"es-ES","isPartOf":{"@id":"https:\/\/candas365.es\/noticias\/#website"},"breadcrumb":{"@id":"https:\/\/candas365.es\/noticias\/la-policia-alemana-reclama-mas-dinero-para-abrigos-de-invierno\/#breadcrumblist"},"author":{"@id":"https:\/\/candas365.es\/noticias\/author\/admin\/#author"},"creator":{"@id":"https:\/\/candas365.es\/noticias\/author\/admin\/#author"},"image":{"@type":"ImageObject","url":"https:\/\/candas365.es\/noticias\/wp-content\/uploads\/2018\/01\/adult-1867665_1280.jpg","@id":"https:\/\/candas365.es\/noticias\/la-policia-alemana-reclama-mas-dinero-para-abrigos-de-invierno\/#mainImage","width":1280,"height":758},"primaryImageOfPage":{"@id":"https:\/\/candas365.es\/noticias\/la-policia-alemana-reclama-mas-dinero-para-abrigos-de-invierno\/#mainImage"},"datePublished":"2019-01-06T17:52:31+01:00","dateModified":"2019-01-06T17:52:31+01:00"},{"@type":"WebSite","@id":"https:\/\/candas365.es\/noticias\/#website","url":"https:\/\/candas365.es\/noticias\/","name":"Cand\u00e1s 365","alternateName":"Cand\u00e1s 365 Noticias","description":"Actualidad desde Carre\u00f1o para el mundo","inLanguage":"es-ES","publisher":{"@id":"https:\/\/candas365.es\/noticias\/#organization"}}]},"og:locale":"es_ES","og:site_name":"Cand\u00e1s 365","og:type":"article","og:title":"La Polic\u00eda alemana reclama m\u00e1s dinero para abrigos de invierno | Cand\u00e1s 365","og:description":"Berl\u00edn, 6 ene (dpa) - El Sindicato de la Polic\u00eda (GdP) de Berl\u00edn reclam\u00f3 hoy nuevamente m\u00e1s dinero para la compra de abrigos destinados a los miembros de la fuerza que protegen edificios e instalaciones centrales al aire libre. &quot;Lentamente estoy perdiendo la paciencia. Hace m\u00e1s de dos a\u00f1os que estamos hablando de este desajuste","og:url":"https:\/\/candas365.es\/noticias\/la-policia-alemana-reclama-mas-dinero-para-abrigos-de-invierno\/","og:image":"https:\/\/candas365.es\/noticias\/wp-content\/uploads\/2018\/01\/adult-1867665_1280.jpg","og:image:secure_url":"https:\/\/candas365.es\/noticias\/wp-content\/uploads\/2018\/01\/adult-1867665_1280.jpg","og:image:width":1280,"og:image:height":758,"article:published_time":"2019-01-06T17:52:31+00:00","article:modified_time":"2019-01-06T17:52:31+00:00","article:publisher":"https:\/\/www.facebook.com\/Nachofdezber","article:author":"https:\/\/www.facebook.com\/carrenoactualidad","twitter:card":"summary_large_image","twitter:site":"@NabercoDigital","twitter:title":"La Polic\u00eda alemana reclama m\u00e1s dinero para abrigos de invierno | Cand\u00e1s 365","twitter:description":"Berl\u00edn, 6 ene (dpa) - El Sindicato de la Polic\u00eda (GdP) de Berl\u00edn reclam\u00f3 hoy nuevamente m\u00e1s dinero para la compra de abrigos destinados a los miembros de la fuerza que protegen edificios e instalaciones centrales al aire libre. &quot;Lentamente estoy perdiendo la paciencia. Hace m\u00e1s de dos a\u00f1os que estamos hablando de este desajuste","twitter:creator":"@nbasturias","twitter:image":"https:\/\/candas365.es\/noticias\/wp-content\/uploads\/2018\/01\/adult-1867665_1280.jpg","twitter:label1":"Escrito por","twitter:data1":"Cand\u00e1s 365","twitter:label2":"Tiempo de lectura estimado","twitter:data2":"1 minuto"},"aioseo_meta_data":{"post_id":"113592","title":null,"description":null,"keywords":null,"keyphrases":null,"primary_term":null,"canonical_url":null,"og_title":null,"og_description":null,"og_object_type":"default","og_image_type":"default","og_image_url":null,"og_image_width":null,"og_image_height":null,"og_image_custom_url":null,"og_image_custom_fields":null,"og_video":null,"og_custom_url":null,"og_article_section":null,"og_article_tags":null,"twitter_use_og":false,"twitter_card":"default","twitter_image_type":"default","twitter_image_url":null,"twitter_image_custom_url":null,"twitter_image_custom_fields":null,"twitter_title":null,"twitter_description":null,"schema":{"blockGraphs":[],"customGraphs":[],"default":{"data":{"Article":[],"Course":[],"Dataset":[],"FAQPage":[],"Movie":[],"Person":[],"Product":[],"ProductReview":[],"Car":[],"Recipe":[],"Service":[],"SoftwareApplication":[],"WebPage":[]},"graphName":"","isEnabled":true},"graphs":[],"defaultGraph":"","defaultPostTypeGraph":""},"schema_type":null,"schema_type_options":null,"pillar_content":false,"robots_default":true,"robots_noindex":false,"robots_noarchive":false,"robots_nosnippet":false,"robots_nofollow":false,"robots_noimageindex":false,"robots_noodp":false,"robots_notranslate":false,"robots_max_snippet":null,"robots_max_videopreview":null,"robots_max_imagepreview":"large","priority":null,"frequency":null,"location":null,"local_seo":null,"seo_analyzer_scan_date":"2025-08-28 21:47:28","breadcrumb_settings":null,"limit_modified_date":false,"reviewed_by":null,"open_ai":null,"ai":null,"created":"2020-12-21 11:27:55","updated":"2025-08-28 21:47:28"},"aioseo_breadcrumb":"<div class=\"aioseo-breadcrumbs\"><span class=\"aioseo-breadcrumb\">\n\t<a href=\"https:\/\/candas365.es\/noticias\" title=\"Home\">Home<\/a>\n<\/span><span class=\"aioseo-breadcrumb-separator\">&ndash;<\/span><span class=\"aioseo-breadcrumb\">\n\t<a href=\"https:\/\/candas365.es\/noticias\/category\/actualidad\/\" title=\"Actualidad\">Actualidad<\/a>\n<\/span><span class=\"aioseo-breadcrumb-separator\">&ndash;<\/span><span class=\"aioseo-breadcrumb\">\n\tLa Polic\u00eda alemana reclama m\u00e1s dinero para abrigos de invierno\n<\/span><\/div>","aioseo_breadcrumb_json":[{"label":"Home","link":"https:\/\/candas365.es\/noticias"},{"label":"Actualidad","link":"https:\/\/candas365.es\/noticias\/category\/actualidad\/"},{"label":"La Polic\u00eda alemana reclama m\u00e1s dinero para abrigos de invierno","link":"https:\/\/candas365.es\/noticias\/la-policia-alemana-reclama-mas-dinero-para-abrigos-de-invierno\/"}],"_links":{"self":[{"href":"https:\/\/candas365.es\/noticias\/wp-json\/wp\/v2\/posts\/113592","targetHints":{"allow":["GET"]}}],"collection":[{"href":"https:\/\/candas365.es\/noticias\/wp-json\/wp\/v2\/posts"}],"about":[{"href":"https:\/\/candas365.es\/noticias\/wp-json\/wp\/v2\/types\/post"}],"author":[{"embeddable":true,"href":"https:\/\/candas365.es\/noticias\/wp-json\/wp\/v2\/users\/1"}],"replies":[{"embeddable":true,"href":"https:\/\/candas365.es\/noticias\/wp-json\/wp\/v2\/comments?post=113592"}],"version-history":[{"count":0,"href":"https:\/\/candas365.es\/noticias\/wp-json\/wp\/v2\/posts\/113592\/revisions"}],"wp:featuredmedia":[{"embeddable":true,"href":"https:\/\/candas365.es\/noticias\/wp-json\/wp\/v2\/media\/88433"}],"wp:attachment":[{"href":"https:\/\/candas365.es\/noticias\/wp-json\/wp\/v2\/media?parent=113592"}],"wp:term":[{"taxonomy":"category","embeddable":true,"href":"https:\/\/candas365.es\/noticias\/wp-json\/wp\/v2\/categories?post=113592"},{"taxonomy":"post_tag","embeddable":true,"href":"https:\/\/candas365.es\/noticias\/wp-json\/wp\/v2\/tags?post=113592"}],"curies":[{"name":"wp","href":"https:\/\/api.w.org\/{rel}","templated":true}]}}