{"id":113590,"date":"2019-01-06T17:31:59","date_gmt":"2019-01-06T17:31:59","guid":{"rendered":"http:\/\/candas365.es\/noticias\/?p=113590"},"modified":"2019-01-06T17:31:59","modified_gmt":"2019-01-06T17:31:59","slug":"katarina-barley-aboga-por-un-salario-minimo-europeo","status":"publish","type":"post","link":"https:\/\/candas365.es\/noticias\/katarina-barley-aboga-por-un-salario-minimo-europeo\/","title":{"rendered":"Katarina Barley aboga por un salario m\u00ednimo europeo"},"content":{"rendered":"<p><img fetchpriority=\"high\" decoding=\"async\" class=\"alignleft size-medium wp-image-113274\" src=\"https:\/\/candas365.es\/noticias\/wp-content\/uploads\/2019\/01\/startup-593341_960_720-360x240.jpg\" alt=\"\" width=\"360\" height=\"240\" srcset=\"https:\/\/candas365.es\/noticias\/wp-content\/uploads\/2019\/01\/startup-593341_960_720-360x240.jpg 360w, https:\/\/candas365.es\/noticias\/wp-content\/uploads\/2019\/01\/startup-593341_960_720-768x512.jpg 768w, https:\/\/candas365.es\/noticias\/wp-content\/uploads\/2019\/01\/startup-593341_960_720-655x437.jpg 655w, https:\/\/candas365.es\/noticias\/wp-content\/uploads\/2019\/01\/startup-593341_960_720-696x464.jpg 696w, https:\/\/candas365.es\/noticias\/wp-content\/uploads\/2019\/01\/startup-593341_960_720-630x420.jpg 630w, https:\/\/candas365.es\/noticias\/wp-content\/uploads\/2019\/01\/startup-593341_960_720.jpg 960w\" sizes=\"(max-width: 360px) 100vw, 360px\" \/>Berl\u00edn, 6 ene (dpa) &#8211; La titular del Ministerio de Justicia y Protecci\u00f3n de los Consumidores de Alemania, Katarina Barley, abog\u00f3 por la imposici\u00f3n del salario m\u00ednimo a nivel europeo, que tambi\u00e9n ayude a aumentar el piso salarial en Alemania.<\/p>\n<p>Medido en t\u00e9rminos del poder econ\u00f3mico, el salario m\u00ednimo en Alemania es bastante bajo, dijo al dominical \u00abWelt am Sonntag\u00bb la candidata principal por el Partido Socialdem\u00f3crata de Alemania (SPD) para las elecciones europeas.<\/p>\n<p>Seg\u00fan Barley, el salario m\u00ednimo europeo podr\u00eda ayudar a evaluar los beneficios sociales en cada pa\u00eds. \u00abEsto tambi\u00e9n servir\u00eda como presi\u00f3n en Alemania para aumentar el salario m\u00ednimo de manera adecuada\u00bb, agreg\u00f3.<\/p>\n<p>Barley apoy\u00f3 la propuesta del ministro de Finanzas alem\u00e1n, Olaf Scholz, de aumentar el salario m\u00ednimo alem\u00e1n de los actualmente 9,19 euros a 12 euros (de 10,47 a 13,67 d\u00f3lares). \u00abCreo que eso es lo correcto\u00bb, declar\u00f3 al peri\u00f3dico.<\/p>\n","protected":false},"excerpt":{"rendered":"<p>Berl\u00edn, 6 ene (dpa) &#8211; La titular del Ministerio de Justicia y Protecci\u00f3n de los Consumidores de Alemania, Katarina Barley, abog\u00f3 por la imposici\u00f3n del salario m\u00ednimo a nivel europeo, que tambi\u00e9n ayude a aumentar el piso salarial en Alemania. Medido en t\u00e9rminos del poder econ\u00f3mico, el salario m\u00ednimo en Alemania es bastante bajo, dijo<\/p>\n","protected":false},"author":1,"featured_media":113282,"comment_status":"closed","ping_status":"closed","sticky":false,"template":"","format":"standard","meta":{"footnotes":""},"categories":[343],"tags":[],"class_list":{"0":"post-113590","1":"post","2":"type-post","3":"status-publish","4":"format-standard","5":"has-post-thumbnail","7":"category-actualidad"},"aioseo_notices":[],"aioseo_head":"\n\t\t<!-- All in One SEO Pro 4.9.6.2 - aioseo.com -->\n\t<meta name=\"description\" content=\"Berl\u00edn, 6 ene (dpa) - La titular del Ministerio de Justicia y Protecci\u00f3n de los Consumidores de Alemania, Katarina Barley, abog\u00f3 por la imposici\u00f3n del salario m\u00ednimo a nivel europeo, que tambi\u00e9n ayude a aumentar el piso salarial en Alemania. Medido en t\u00e9rminos del poder econ\u00f3mico, el salario m\u00ednimo en Alemania es bastante bajo, dijo\" \/>\n\t<meta name=\"robots\" content=\"max-image-preview:large\" \/>\n\t<meta name=\"author\" content=\"Cand\u00e1s 365\"\/>\n\t<meta name=\"google-site-verification\" content=\"UA-32230408-1\" \/>\n\t<meta name=\"msvalidate.01\" content=\"354F3CDFB2DA171B47FBE9ABF1F88D5\" \/>\n\t<meta name=\"keywords\" content=\"actualidad\" \/>\n\t<link rel=\"canonical\" href=\"https:\/\/candas365.es\/noticias\/katarina-barley-aboga-por-un-salario-minimo-europeo\/\" \/>\n\t<meta name=\"generator\" content=\"All in One SEO Pro (AIOSEO) 4.9.6.2\" \/>\n\t\t<meta property=\"og:locale\" content=\"es_ES\" \/>\n\t\t<meta property=\"og:site_name\" content=\"Cand\u00e1s 365\" \/>\n\t\t<meta property=\"og:type\" content=\"article\" \/>\n\t\t<meta property=\"og:title\" content=\"Katarina Barley aboga por un salario m\u00ednimo europeo | Cand\u00e1s 365\" \/>\n\t\t<meta property=\"og:description\" content=\"Berl\u00edn, 6 ene (dpa) - La titular del Ministerio de Justicia y Protecci\u00f3n de los Consumidores de Alemania, Katarina Barley, abog\u00f3 por la imposici\u00f3n del salario m\u00ednimo a nivel europeo, que tambi\u00e9n ayude a aumentar el piso salarial en Alemania. Medido en t\u00e9rminos del poder econ\u00f3mico, el salario m\u00ednimo en Alemania es bastante bajo, dijo\" \/>\n\t\t<meta property=\"og:url\" content=\"https:\/\/candas365.es\/noticias\/katarina-barley-aboga-por-un-salario-minimo-europeo\/\" \/>\n\t\t<meta property=\"og:image\" content=\"https:\/\/candas365.es\/noticias\/wp-content\/uploads\/2019\/01\/office-336368_960_720.jpg\" \/>\n\t\t<meta property=\"og:image:secure_url\" content=\"https:\/\/candas365.es\/noticias\/wp-content\/uploads\/2019\/01\/office-336368_960_720.jpg\" \/>\n\t\t<meta property=\"og:image:width\" content=\"960\" \/>\n\t\t<meta property=\"og:image:height\" content=\"643\" \/>\n\t\t<meta property=\"article:published_time\" content=\"2019-01-06T17:31:59+00:00\" \/>\n\t\t<meta property=\"article:modified_time\" content=\"2019-01-06T17:31:59+00:00\" \/>\n\t\t<meta property=\"article:publisher\" content=\"https:\/\/www.facebook.com\/Nachofdezber\" \/>\n\t\t<meta property=\"article:author\" content=\"https:\/\/www.facebook.com\/carrenoactualidad\" \/>\n\t\t<meta name=\"twitter:card\" content=\"summary_large_image\" \/>\n\t\t<meta name=\"twitter:site\" content=\"@NabercoDigital\" \/>\n\t\t<meta name=\"twitter:title\" content=\"Katarina Barley aboga por un salario m\u00ednimo europeo | Cand\u00e1s 365\" \/>\n\t\t<meta name=\"twitter:description\" content=\"Berl\u00edn, 6 ene (dpa) - La titular del Ministerio de Justicia y Protecci\u00f3n de los Consumidores de Alemania, Katarina Barley, abog\u00f3 por la imposici\u00f3n del salario m\u00ednimo a nivel europeo, que tambi\u00e9n ayude a aumentar el piso salarial en Alemania. Medido en t\u00e9rminos del poder econ\u00f3mico, el salario m\u00ednimo en Alemania es bastante bajo, dijo\" \/>\n\t\t<meta name=\"twitter:creator\" content=\"@nbasturias\" \/>\n\t\t<meta name=\"twitter:image\" content=\"https:\/\/candas365.es\/noticias\/wp-content\/uploads\/2019\/01\/office-336368_960_720.jpg\" \/>\n\t\t<meta name=\"twitter:label1\" content=\"Escrito por\" \/>\n\t\t<meta name=\"twitter:data1\" content=\"Cand\u00e1s 365\" \/>\n\t\t<meta name=\"twitter:label2\" content=\"Tiempo de lectura estimado\" \/>\n\t\t<meta name=\"twitter:data2\" content=\"1 minuto\" \/>\n\t\t<script type=\"application\/ld+json\" class=\"aioseo-schema\">\n\t\t\t{\"@context\":\"https:\\\/\\\/schema.org\",\"@graph\":[{\"@type\":\"BreadcrumbList\",\"@id\":\"https:\\\/\\\/candas365.es\\\/noticias\\\/katarina-barley-aboga-por-un-salario-minimo-europeo\\\/#breadcrumblist\",\"itemListElement\":[{\"@type\":\"ListItem\",\"@id\":\"https:\\\/\\\/candas365.es\\\/noticias#listItem\",\"position\":1,\"name\":\"Home\",\"item\":\"https:\\\/\\\/candas365.es\\\/noticias\",\"nextItem\":{\"@type\":\"ListItem\",\"@id\":\"https:\\\/\\\/candas365.es\\\/noticias\\\/category\\\/actualidad\\\/#listItem\",\"name\":\"Actualidad\"}},{\"@type\":\"ListItem\",\"@id\":\"https:\\\/\\\/candas365.es\\\/noticias\\\/category\\\/actualidad\\\/#listItem\",\"position\":2,\"name\":\"Actualidad\",\"item\":\"https:\\\/\\\/candas365.es\\\/noticias\\\/category\\\/actualidad\\\/\",\"nextItem\":{\"@type\":\"ListItem\",\"@id\":\"https:\\\/\\\/candas365.es\\\/noticias\\\/katarina-barley-aboga-por-un-salario-minimo-europeo\\\/#listItem\",\"name\":\"Katarina Barley aboga por un salario m\\u00ednimo europeo\"},\"previousItem\":{\"@type\":\"ListItem\",\"@id\":\"https:\\\/\\\/candas365.es\\\/noticias#listItem\",\"name\":\"Home\"}},{\"@type\":\"ListItem\",\"@id\":\"https:\\\/\\\/candas365.es\\\/noticias\\\/katarina-barley-aboga-por-un-salario-minimo-europeo\\\/#listItem\",\"position\":3,\"name\":\"Katarina Barley aboga por un salario m\\u00ednimo europeo\",\"previousItem\":{\"@type\":\"ListItem\",\"@id\":\"https:\\\/\\\/candas365.es\\\/noticias\\\/category\\\/actualidad\\\/#listItem\",\"name\":\"Actualidad\"}}]},{\"@type\":\"NewsArticle\",\"@id\":\"https:\\\/\\\/candas365.es\\\/noticias\\\/katarina-barley-aboga-por-un-salario-minimo-europeo\\\/#newsarticle\",\"name\":\"Katarina Barley aboga por un salario m\\u00ednimo europeo | Cand\\u00e1s 365\",\"headline\":\"Katarina Barley aboga por un salario m\\u00ednimo europeo\",\"author\":{\"@id\":\"https:\\\/\\\/candas365.es\\\/noticias\\\/author\\\/admin\\\/#author\"},\"publisher\":{\"@id\":\"https:\\\/\\\/candas365.es\\\/noticias\\\/#organization\"},\"image\":{\"@type\":\"ImageObject\",\"url\":\"https:\\\/\\\/candas365.es\\\/noticias\\\/wp-content\\\/uploads\\\/2019\\\/01\\\/office-336368_960_720.jpg\",\"width\":960,\"height\":643},\"datePublished\":\"2019-01-06T17:31:59+01:00\",\"dateModified\":\"2019-01-06T17:31:59+01:00\",\"inLanguage\":\"es-ES\",\"mainEntityOfPage\":{\"@id\":\"https:\\\/\\\/candas365.es\\\/noticias\\\/katarina-barley-aboga-por-un-salario-minimo-europeo\\\/#webpage\"},\"isPartOf\":{\"@id\":\"https:\\\/\\\/candas365.es\\\/noticias\\\/katarina-barley-aboga-por-un-salario-minimo-europeo\\\/#webpage\"},\"articleSection\":\"Actualidad\",\"dateline\":\"Publicado el enero 6, 2019.\"},{\"@type\":\"Organization\",\"@id\":\"https:\\\/\\\/candas365.es\\\/noticias\\\/#organization\",\"name\":\"Cand\\u00e1s 365\",\"description\":\"Cand\\u00e1s 365 es un diario digital independiente, fundado en 2012, con base en Asturias. Informamos con rigor sobre actualidad, sociedad, cultura y ocio, con una mirada local y global.\",\"url\":\"https:\\\/\\\/candas365.es\\\/noticias\\\/\",\"email\":\"info@candas365.es\",\"telephone\":\"+34652131393\",\"foundingDate\":\"2012-06-10\",\"logo\":{\"@type\":\"ImageObject\",\"url\":\"https:\\\/\\\/candas365.es\\\/noticias\\\/wp-content\\\/uploads\\\/2024\\\/09\\\/Candas-365-Redes.jpg\",\"@id\":\"https:\\\/\\\/candas365.es\\\/noticias\\\/katarina-barley-aboga-por-un-salario-minimo-europeo\\\/#organizationLogo\",\"width\":1152,\"height\":864,\"caption\":\"Cand\\u00e1s 365 Redes\"},\"image\":{\"@id\":\"https:\\\/\\\/candas365.es\\\/noticias\\\/katarina-barley-aboga-por-un-salario-minimo-europeo\\\/#organizationLogo\"},\"sameAs\":[\"https:\\\/\\\/www.facebook.com\\\/Nachofdezber\",\"https:\\\/\\\/x.com\\\/NabercoDigital\",\"https:\\\/\\\/www.instagram.com\\\/nachofdezber\\\/\",\"https:\\\/\\\/www.youtube.com\\\/channel\\\/UCZP-2wLEB9Rv6erhFmqVnvg\"],\"address\":{\"@id\":\"https:\\\/\\\/candas365.es\\\/noticias\\\/#postaladdress\",\"@type\":\"PostalAddress\",\"streetAddress\":\"san antonio 4, san antonio 4\",\"postalCode\":\"33430\",\"addressLocality\":\"Cand\\u00e1s\",\"addressRegion\":\"Asturias\",\"addressCountry\":\"ES\"}},{\"@type\":\"Person\",\"@id\":\"https:\\\/\\\/candas365.es\\\/noticias\\\/author\\\/admin\\\/#author\",\"url\":\"https:\\\/\\\/candas365.es\\\/noticias\\\/author\\\/admin\\\/\",\"name\":\"Cand\\u00e1s 365\",\"image\":{\"@type\":\"ImageObject\",\"@id\":\"https:\\\/\\\/candas365.es\\\/noticias\\\/katarina-barley-aboga-por-un-salario-minimo-europeo\\\/#authorImage\",\"url\":\"https:\\\/\\\/secure.gravatar.com\\\/avatar\\\/496a8e03d0c493ede1718b7934145dbdf8d89be1036b0eec9544e1094c9de390?s=96&d=mm&r=g\",\"width\":96,\"height\":96,\"caption\":\"Cand\\u00e1s 365\"},\"sameAs\":[\"https:\\\/\\\/www.facebook.com\\\/carrenoactualidad\",\"https:\\\/\\\/twitter.com\\\/nbasturias\",\"https:\\\/\\\/www.instagram.com\\\/nachofdezber\\\/\",\"https:\\\/\\\/www.youtube.com\\\/channel\\\/UCZP-2wLEB9Rv6erhFmqVnvg\"]},{\"@type\":\"WebPage\",\"@id\":\"https:\\\/\\\/candas365.es\\\/noticias\\\/katarina-barley-aboga-por-un-salario-minimo-europeo\\\/#webpage\",\"url\":\"https:\\\/\\\/candas365.es\\\/noticias\\\/katarina-barley-aboga-por-un-salario-minimo-europeo\\\/\",\"name\":\"Katarina Barley aboga por un salario m\\u00ednimo europeo | Cand\\u00e1s 365\",\"description\":\"Berl\\u00edn, 6 ene (dpa) - La titular del Ministerio de Justicia y Protecci\\u00f3n de los Consumidores de Alemania, Katarina Barley, abog\\u00f3 por la imposici\\u00f3n del salario m\\u00ednimo a nivel europeo, que tambi\\u00e9n ayude a aumentar el piso salarial en Alemania. Medido en t\\u00e9rminos del poder econ\\u00f3mico, el salario m\\u00ednimo en Alemania es bastante bajo, dijo\",\"inLanguage\":\"es-ES\",\"isPartOf\":{\"@id\":\"https:\\\/\\\/candas365.es\\\/noticias\\\/#website\"},\"breadcrumb\":{\"@id\":\"https:\\\/\\\/candas365.es\\\/noticias\\\/katarina-barley-aboga-por-un-salario-minimo-europeo\\\/#breadcrumblist\"},\"author\":{\"@id\":\"https:\\\/\\\/candas365.es\\\/noticias\\\/author\\\/admin\\\/#author\"},\"creator\":{\"@id\":\"https:\\\/\\\/candas365.es\\\/noticias\\\/author\\\/admin\\\/#author\"},\"image\":{\"@type\":\"ImageObject\",\"url\":\"https:\\\/\\\/candas365.es\\\/noticias\\\/wp-content\\\/uploads\\\/2019\\\/01\\\/office-336368_960_720.jpg\",\"@id\":\"https:\\\/\\\/candas365.es\\\/noticias\\\/katarina-barley-aboga-por-un-salario-minimo-europeo\\\/#mainImage\",\"width\":960,\"height\":643},\"primaryImageOfPage\":{\"@id\":\"https:\\\/\\\/candas365.es\\\/noticias\\\/katarina-barley-aboga-por-un-salario-minimo-europeo\\\/#mainImage\"},\"datePublished\":\"2019-01-06T17:31:59+01:00\",\"dateModified\":\"2019-01-06T17:31:59+01:00\"},{\"@type\":\"WebSite\",\"@id\":\"https:\\\/\\\/candas365.es\\\/noticias\\\/#website\",\"url\":\"https:\\\/\\\/candas365.es\\\/noticias\\\/\",\"name\":\"Cand\\u00e1s 365\",\"alternateName\":\"Cand\\u00e1s 365 Noticias\",\"description\":\"Actualidad desde Carre\\u00f1o para el mundo\",\"inLanguage\":\"es-ES\",\"publisher\":{\"@id\":\"https:\\\/\\\/candas365.es\\\/noticias\\\/#organization\"}}]}\n\t\t<\/script>\n\t\t<!-- All in One SEO Pro -->\r\n\t\t<title>Katarina Barley aboga por un salario m\u00ednimo europeo | Cand\u00e1s 365<\/title>\n\n","aioseo_head_json":{"title":"Katarina Barley aboga por un salario m\u00ednimo europeo | Cand\u00e1s 365","description":"Berl\u00edn, 6 ene (dpa) - La titular del Ministerio de Justicia y Protecci\u00f3n de los Consumidores de Alemania, Katarina Barley, abog\u00f3 por la imposici\u00f3n del salario m\u00ednimo a nivel europeo, que tambi\u00e9n ayude a aumentar el piso salarial en Alemania. Medido en t\u00e9rminos del poder econ\u00f3mico, el salario m\u00ednimo en Alemania es bastante bajo, dijo","canonical_url":"https:\/\/candas365.es\/noticias\/katarina-barley-aboga-por-un-salario-minimo-europeo\/","robots":"max-image-preview:large","keywords":"actualidad","webmasterTools":{"google-site-verification":"UA-32230408-1","msvalidate.01":"354F3CDFB2DA171B47FBE9ABF1F88D5","miscellaneous":""},"schema":{"@context":"https:\/\/schema.org","@graph":[{"@type":"BreadcrumbList","@id":"https:\/\/candas365.es\/noticias\/katarina-barley-aboga-por-un-salario-minimo-europeo\/#breadcrumblist","itemListElement":[{"@type":"ListItem","@id":"https:\/\/candas365.es\/noticias#listItem","position":1,"name":"Home","item":"https:\/\/candas365.es\/noticias","nextItem":{"@type":"ListItem","@id":"https:\/\/candas365.es\/noticias\/category\/actualidad\/#listItem","name":"Actualidad"}},{"@type":"ListItem","@id":"https:\/\/candas365.es\/noticias\/category\/actualidad\/#listItem","position":2,"name":"Actualidad","item":"https:\/\/candas365.es\/noticias\/category\/actualidad\/","nextItem":{"@type":"ListItem","@id":"https:\/\/candas365.es\/noticias\/katarina-barley-aboga-por-un-salario-minimo-europeo\/#listItem","name":"Katarina Barley aboga por un salario m\u00ednimo europeo"},"previousItem":{"@type":"ListItem","@id":"https:\/\/candas365.es\/noticias#listItem","name":"Home"}},{"@type":"ListItem","@id":"https:\/\/candas365.es\/noticias\/katarina-barley-aboga-por-un-salario-minimo-europeo\/#listItem","position":3,"name":"Katarina Barley aboga por un salario m\u00ednimo europeo","previousItem":{"@type":"ListItem","@id":"https:\/\/candas365.es\/noticias\/category\/actualidad\/#listItem","name":"Actualidad"}}]},{"@type":"NewsArticle","@id":"https:\/\/candas365.es\/noticias\/katarina-barley-aboga-por-un-salario-minimo-europeo\/#newsarticle","name":"Katarina Barley aboga por un salario m\u00ednimo europeo | Cand\u00e1s 365","headline":"Katarina Barley aboga por un salario m\u00ednimo europeo","author":{"@id":"https:\/\/candas365.es\/noticias\/author\/admin\/#author"},"publisher":{"@id":"https:\/\/candas365.es\/noticias\/#organization"},"image":{"@type":"ImageObject","url":"https:\/\/candas365.es\/noticias\/wp-content\/uploads\/2019\/01\/office-336368_960_720.jpg","width":960,"height":643},"datePublished":"2019-01-06T17:31:59+01:00","dateModified":"2019-01-06T17:31:59+01:00","inLanguage":"es-ES","mainEntityOfPage":{"@id":"https:\/\/candas365.es\/noticias\/katarina-barley-aboga-por-un-salario-minimo-europeo\/#webpage"},"isPartOf":{"@id":"https:\/\/candas365.es\/noticias\/katarina-barley-aboga-por-un-salario-minimo-europeo\/#webpage"},"articleSection":"Actualidad","dateline":"Publicado el enero 6, 2019."},{"@type":"Organization","@id":"https:\/\/candas365.es\/noticias\/#organization","name":"Cand\u00e1s 365","description":"Cand\u00e1s 365 es un diario digital independiente, fundado en 2012, con base en Asturias. Informamos con rigor sobre actualidad, sociedad, cultura y ocio, con una mirada local y global.","url":"https:\/\/candas365.es\/noticias\/","email":"info@candas365.es","telephone":"+34652131393","foundingDate":"2012-06-10","logo":{"@type":"ImageObject","url":"https:\/\/candas365.es\/noticias\/wp-content\/uploads\/2024\/09\/Candas-365-Redes.jpg","@id":"https:\/\/candas365.es\/noticias\/katarina-barley-aboga-por-un-salario-minimo-europeo\/#organizationLogo","width":1152,"height":864,"caption":"Cand\u00e1s 365 Redes"},"image":{"@id":"https:\/\/candas365.es\/noticias\/katarina-barley-aboga-por-un-salario-minimo-europeo\/#organizationLogo"},"sameAs":["https:\/\/www.facebook.com\/Nachofdezber","https:\/\/x.com\/NabercoDigital","https:\/\/www.instagram.com\/nachofdezber\/","https:\/\/www.youtube.com\/channel\/UCZP-2wLEB9Rv6erhFmqVnvg"],"address":{"@id":"https:\/\/candas365.es\/noticias\/#postaladdress","@type":"PostalAddress","streetAddress":"san antonio 4, san antonio 4","postalCode":"33430","addressLocality":"Cand\u00e1s","addressRegion":"Asturias","addressCountry":"ES"}},{"@type":"Person","@id":"https:\/\/candas365.es\/noticias\/author\/admin\/#author","url":"https:\/\/candas365.es\/noticias\/author\/admin\/","name":"Cand\u00e1s 365","image":{"@type":"ImageObject","@id":"https:\/\/candas365.es\/noticias\/katarina-barley-aboga-por-un-salario-minimo-europeo\/#authorImage","url":"https:\/\/secure.gravatar.com\/avatar\/496a8e03d0c493ede1718b7934145dbdf8d89be1036b0eec9544e1094c9de390?s=96&d=mm&r=g","width":96,"height":96,"caption":"Cand\u00e1s 365"},"sameAs":["https:\/\/www.facebook.com\/carrenoactualidad","https:\/\/twitter.com\/nbasturias","https:\/\/www.instagram.com\/nachofdezber\/","https:\/\/www.youtube.com\/channel\/UCZP-2wLEB9Rv6erhFmqVnvg"]},{"@type":"WebPage","@id":"https:\/\/candas365.es\/noticias\/katarina-barley-aboga-por-un-salario-minimo-europeo\/#webpage","url":"https:\/\/candas365.es\/noticias\/katarina-barley-aboga-por-un-salario-minimo-europeo\/","name":"Katarina Barley aboga por un salario m\u00ednimo europeo | Cand\u00e1s 365","description":"Berl\u00edn, 6 ene (dpa) - La titular del Ministerio de Justicia y Protecci\u00f3n de los Consumidores de Alemania, Katarina Barley, abog\u00f3 por la imposici\u00f3n del salario m\u00ednimo a nivel europeo, que tambi\u00e9n ayude a aumentar el piso salarial en Alemania. Medido en t\u00e9rminos del poder econ\u00f3mico, el salario m\u00ednimo en Alemania es bastante bajo, dijo","inLanguage":"es-ES","isPartOf":{"@id":"https:\/\/candas365.es\/noticias\/#website"},"breadcrumb":{"@id":"https:\/\/candas365.es\/noticias\/katarina-barley-aboga-por-un-salario-minimo-europeo\/#breadcrumblist"},"author":{"@id":"https:\/\/candas365.es\/noticias\/author\/admin\/#author"},"creator":{"@id":"https:\/\/candas365.es\/noticias\/author\/admin\/#author"},"image":{"@type":"ImageObject","url":"https:\/\/candas365.es\/noticias\/wp-content\/uploads\/2019\/01\/office-336368_960_720.jpg","@id":"https:\/\/candas365.es\/noticias\/katarina-barley-aboga-por-un-salario-minimo-europeo\/#mainImage","width":960,"height":643},"primaryImageOfPage":{"@id":"https:\/\/candas365.es\/noticias\/katarina-barley-aboga-por-un-salario-minimo-europeo\/#mainImage"},"datePublished":"2019-01-06T17:31:59+01:00","dateModified":"2019-01-06T17:31:59+01:00"},{"@type":"WebSite","@id":"https:\/\/candas365.es\/noticias\/#website","url":"https:\/\/candas365.es\/noticias\/","name":"Cand\u00e1s 365","alternateName":"Cand\u00e1s 365 Noticias","description":"Actualidad desde Carre\u00f1o para el mundo","inLanguage":"es-ES","publisher":{"@id":"https:\/\/candas365.es\/noticias\/#organization"}}]},"og:locale":"es_ES","og:site_name":"Cand\u00e1s 365","og:type":"article","og:title":"Katarina Barley aboga por un salario m\u00ednimo europeo | Cand\u00e1s 365","og:description":"Berl\u00edn, 6 ene (dpa) - La titular del Ministerio de Justicia y Protecci\u00f3n de los Consumidores de Alemania, Katarina Barley, abog\u00f3 por la imposici\u00f3n del salario m\u00ednimo a nivel europeo, que tambi\u00e9n ayude a aumentar el piso salarial en Alemania. Medido en t\u00e9rminos del poder econ\u00f3mico, el salario m\u00ednimo en Alemania es bastante bajo, dijo","og:url":"https:\/\/candas365.es\/noticias\/katarina-barley-aboga-por-un-salario-minimo-europeo\/","og:image":"https:\/\/candas365.es\/noticias\/wp-content\/uploads\/2019\/01\/office-336368_960_720.jpg","og:image:secure_url":"https:\/\/candas365.es\/noticias\/wp-content\/uploads\/2019\/01\/office-336368_960_720.jpg","og:image:width":960,"og:image:height":643,"article:published_time":"2019-01-06T17:31:59+00:00","article:modified_time":"2019-01-06T17:31:59+00:00","article:publisher":"https:\/\/www.facebook.com\/Nachofdezber","article:author":"https:\/\/www.facebook.com\/carrenoactualidad","twitter:card":"summary_large_image","twitter:site":"@NabercoDigital","twitter:title":"Katarina Barley aboga por un salario m\u00ednimo europeo | Cand\u00e1s 365","twitter:description":"Berl\u00edn, 6 ene (dpa) - La titular del Ministerio de Justicia y Protecci\u00f3n de los Consumidores de Alemania, Katarina Barley, abog\u00f3 por la imposici\u00f3n del salario m\u00ednimo a nivel europeo, que tambi\u00e9n ayude a aumentar el piso salarial en Alemania. Medido en t\u00e9rminos del poder econ\u00f3mico, el salario m\u00ednimo en Alemania es bastante bajo, dijo","twitter:creator":"@nbasturias","twitter:image":"https:\/\/candas365.es\/noticias\/wp-content\/uploads\/2019\/01\/office-336368_960_720.jpg","twitter:label1":"Escrito por","twitter:data1":"Cand\u00e1s 365","twitter:label2":"Tiempo de lectura estimado","twitter:data2":"1 minuto"},"aioseo_meta_data":{"post_id":"113590","title":null,"description":null,"keywords":null,"keyphrases":null,"primary_term":null,"canonical_url":null,"og_title":null,"og_description":null,"og_object_type":"default","og_image_type":"default","og_image_url":null,"og_image_width":null,"og_image_height":null,"og_image_custom_url":null,"og_image_custom_fields":null,"og_video":null,"og_custom_url":null,"og_article_section":null,"og_article_tags":null,"twitter_use_og":false,"twitter_card":"default","twitter_image_type":"default","twitter_image_url":null,"twitter_image_custom_url":null,"twitter_image_custom_fields":null,"twitter_title":null,"twitter_description":null,"schema":{"blockGraphs":[],"customGraphs":[],"default":{"data":{"Article":[],"Course":[],"Dataset":[],"FAQPage":[],"Movie":[],"Person":[],"Product":[],"ProductReview":[],"Car":[],"Recipe":[],"Service":[],"SoftwareApplication":[],"WebPage":[]},"graphName":"","isEnabled":true},"graphs":[],"defaultGraph":"","defaultPostTypeGraph":""},"schema_type":null,"schema_type_options":null,"pillar_content":false,"robots_default":true,"robots_noindex":false,"robots_noarchive":false,"robots_nosnippet":false,"robots_nofollow":false,"robots_noimageindex":false,"robots_noodp":false,"robots_notranslate":false,"robots_max_snippet":null,"robots_max_videopreview":null,"robots_max_imagepreview":"large","priority":null,"frequency":null,"location":null,"local_seo":null,"seo_analyzer_scan_date":"2025-08-28 21:47:27","breadcrumb_settings":null,"limit_modified_date":false,"reviewed_by":null,"open_ai":null,"ai":null,"created":"2020-12-21 11:27:55","updated":"2025-08-28 21:47:27"},"aioseo_breadcrumb":"<div class=\"aioseo-breadcrumbs\"><span class=\"aioseo-breadcrumb\">\n\t<a href=\"https:\/\/candas365.es\/noticias\" title=\"Home\">Home<\/a>\n<\/span><span class=\"aioseo-breadcrumb-separator\">&ndash;<\/span><span class=\"aioseo-breadcrumb\">\n\t<a href=\"https:\/\/candas365.es\/noticias\/category\/actualidad\/\" title=\"Actualidad\">Actualidad<\/a>\n<\/span><span class=\"aioseo-breadcrumb-separator\">&ndash;<\/span><span class=\"aioseo-breadcrumb\">\n\tKatarina Barley aboga por un salario m\u00ednimo europeo\n<\/span><\/div>","aioseo_breadcrumb_json":[{"label":"Home","link":"https:\/\/candas365.es\/noticias"},{"label":"Actualidad","link":"https:\/\/candas365.es\/noticias\/category\/actualidad\/"},{"label":"Katarina Barley aboga por un salario m\u00ednimo europeo","link":"https:\/\/candas365.es\/noticias\/katarina-barley-aboga-por-un-salario-minimo-europeo\/"}],"_links":{"self":[{"href":"https:\/\/candas365.es\/noticias\/wp-json\/wp\/v2\/posts\/113590","targetHints":{"allow":["GET"]}}],"collection":[{"href":"https:\/\/candas365.es\/noticias\/wp-json\/wp\/v2\/posts"}],"about":[{"href":"https:\/\/candas365.es\/noticias\/wp-json\/wp\/v2\/types\/post"}],"author":[{"embeddable":true,"href":"https:\/\/candas365.es\/noticias\/wp-json\/wp\/v2\/users\/1"}],"replies":[{"embeddable":true,"href":"https:\/\/candas365.es\/noticias\/wp-json\/wp\/v2\/comments?post=113590"}],"version-history":[{"count":0,"href":"https:\/\/candas365.es\/noticias\/wp-json\/wp\/v2\/posts\/113590\/revisions"}],"wp:featuredmedia":[{"embeddable":true,"href":"https:\/\/candas365.es\/noticias\/wp-json\/wp\/v2\/media\/113282"}],"wp:attachment":[{"href":"https:\/\/candas365.es\/noticias\/wp-json\/wp\/v2\/media?parent=113590"}],"wp:term":[{"taxonomy":"category","embeddable":true,"href":"https:\/\/candas365.es\/noticias\/wp-json\/wp\/v2\/categories?post=113590"},{"taxonomy":"post_tag","embeddable":true,"href":"https:\/\/candas365.es\/noticias\/wp-json\/wp\/v2\/tags?post=113590"}],"curies":[{"name":"wp","href":"https:\/\/api.w.org\/{rel}","templated":true}]}}