{"id":113588,"date":"2019-01-06T17:30:27","date_gmt":"2019-01-06T17:30:27","guid":{"rendered":"http:\/\/candas365.es\/noticias\/?p=113588"},"modified":"2019-01-06T17:30:27","modified_gmt":"2019-01-06T17:30:27","slug":"scholz-no-descarta-protestas-de-chalecos-amarillos-en-alemania","status":"publish","type":"post","link":"https:\/\/candas365.es\/noticias\/scholz-no-descarta-protestas-de-chalecos-amarillos-en-alemania\/","title":{"rendered":"Scholz no descarta protestas de \u00abchalecos amarillos\u00bb en Alemania"},"content":{"rendered":"<p><img fetchpriority=\"high\" decoding=\"async\" class=\"alignleft size-medium wp-image-98518\" src=\"https:\/\/candas365.es\/noticias\/wp-content\/uploads\/2018\/06\/berlin-76509_960_720-360x270.jpg\" alt=\"\" width=\"360\" height=\"270\" srcset=\"https:\/\/candas365.es\/noticias\/wp-content\/uploads\/2018\/06\/berlin-76509_960_720-360x270.jpg 360w, https:\/\/candas365.es\/noticias\/wp-content\/uploads\/2018\/06\/berlin-76509_960_720-768x576.jpg 768w, https:\/\/candas365.es\/noticias\/wp-content\/uploads\/2018\/06\/berlin-76509_960_720-640x480.jpg 640w, https:\/\/candas365.es\/noticias\/wp-content\/uploads\/2018\/06\/berlin-76509_960_720-80x60.jpg 80w, https:\/\/candas365.es\/noticias\/wp-content\/uploads\/2018\/06\/berlin-76509_960_720-265x198.jpg 265w, https:\/\/candas365.es\/noticias\/wp-content\/uploads\/2018\/06\/berlin-76509_960_720-696x522.jpg 696w, https:\/\/candas365.es\/noticias\/wp-content\/uploads\/2018\/06\/berlin-76509_960_720-560x420.jpg 560w, https:\/\/candas365.es\/noticias\/wp-content\/uploads\/2018\/06\/berlin-76509_960_720.jpg 960w\" sizes=\"(max-width: 360px) 100vw, 360px\" \/>Berl\u00edn, 6 ene (dpa) &#8211; El ministro alem\u00e1n de Finanzas, Olaf Scholz, advirti\u00f3 de que en Alemania hay \u00abpotencial\u00bb para que se lleven a cabo protestas como las de los \u00abchalecos amarillos\u00bb en Francia, en declaraciones publicadas hoy por el dominical \u00abBild am Sonntag\u00bb.<\/p>\n<p>\u00abTambi\u00e9n en Alemania hay un potencial que no debe ser subestimado. Nadie deber\u00eda ignorar tales desarrollos\u00bb, enfatiz\u00f3 Scholz.<\/p>\n<p>El aumento del precio de los alquileres y del costo de vida tambi\u00e9n impulsa a la protesta a muchos ciudadanos en Alemania. \u00abEso se extiende incluso hasta la clase media\u00bb, dijo el pol\u00edtico socialdem\u00f3crata del SPD.<\/p>\n<p>\u00ab\u00bfQui\u00e9n sabe si no habr\u00eda fen\u00f3menos como los &#8216;chalecos amarillos&#8217; si hubiese una coalici\u00f3n &#8216;Jamaica&#8217; en nuestro pa\u00eds. El SPD es el garante en el Gobierno de que el costo de vida siga siendo un tema importante de la pol\u00edtica\u00bb, recalc\u00f3.<\/p>\n<p>Scholz es vicecanciller de la gran coalici\u00f3n en la que el Partido Socialdem\u00f3crata (SPD) es socio menor de los conservadores de la canciller Angela Merkel, de la Uni\u00f3n Dem\u00f3crata Cristiana (CDU).<\/p>\n","protected":false},"excerpt":{"rendered":"<p>Berl\u00edn, 6 ene (dpa) &#8211; El ministro alem\u00e1n de Finanzas, Olaf Scholz, advirti\u00f3 de que en Alemania hay \u00abpotencial\u00bb para que se lleven a cabo protestas como las de los \u00abchalecos amarillos\u00bb en Francia, en declaraciones publicadas hoy por el dominical \u00abBild am Sonntag\u00bb. \u00abTambi\u00e9n en Alemania hay un potencial que no debe ser subestimado.<\/p>\n","protected":false},"author":1,"featured_media":98518,"comment_status":"closed","ping_status":"closed","sticky":false,"template":"","format":"standard","meta":{"footnotes":""},"categories":[343],"tags":[],"class_list":{"0":"post-113588","1":"post","2":"type-post","3":"status-publish","4":"format-standard","5":"has-post-thumbnail","7":"category-actualidad"},"aioseo_notices":[],"aioseo_head":"\n\t\t<!-- All in One SEO Pro 4.9.6.2 - aioseo.com -->\n\t<meta name=\"description\" content=\"Berl\u00edn, 6 ene (dpa) - El ministro alem\u00e1n de Finanzas, Olaf Scholz, advirti\u00f3 de que en Alemania hay &quot;potencial&quot; para que se lleven a cabo protestas como las de los &quot;chalecos amarillos&quot; en Francia, en declaraciones publicadas hoy por el dominical &quot;Bild am Sonntag&quot;. &quot;Tambi\u00e9n en Alemania hay un potencial que no debe ser subestimado.\" \/>\n\t<meta name=\"robots\" content=\"max-image-preview:large\" \/>\n\t<meta name=\"author\" content=\"Cand\u00e1s 365\"\/>\n\t<meta name=\"google-site-verification\" content=\"UA-32230408-1\" \/>\n\t<meta name=\"msvalidate.01\" content=\"354F3CDFB2DA171B47FBE9ABF1F88D5\" \/>\n\t<meta name=\"keywords\" content=\"actualidad\" \/>\n\t<link rel=\"canonical\" href=\"https:\/\/candas365.es\/noticias\/scholz-no-descarta-protestas-de-chalecos-amarillos-en-alemania\/\" \/>\n\t<meta name=\"generator\" content=\"All in One SEO Pro (AIOSEO) 4.9.6.2\" \/>\n\t\t<meta property=\"og:locale\" content=\"es_ES\" \/>\n\t\t<meta property=\"og:site_name\" content=\"Cand\u00e1s 365\" \/>\n\t\t<meta property=\"og:type\" content=\"article\" \/>\n\t\t<meta property=\"og:title\" content=\"Scholz no descarta protestas de \u00abchalecos amarillos\u00bb en Alemania | Cand\u00e1s 365\" \/>\n\t\t<meta property=\"og:description\" content=\"Berl\u00edn, 6 ene (dpa) - El ministro alem\u00e1n de Finanzas, Olaf Scholz, advirti\u00f3 de que en Alemania hay &quot;potencial&quot; para que se lleven a cabo protestas como las de los &quot;chalecos amarillos&quot; en Francia, en declaraciones publicadas hoy por el dominical &quot;Bild am Sonntag&quot;. &quot;Tambi\u00e9n en Alemania hay un potencial que no debe ser subestimado.\" \/>\n\t\t<meta property=\"og:url\" content=\"https:\/\/candas365.es\/noticias\/scholz-no-descarta-protestas-de-chalecos-amarillos-en-alemania\/\" \/>\n\t\t<meta property=\"og:image\" content=\"https:\/\/candas365.es\/noticias\/wp-content\/uploads\/2018\/06\/berlin-76509_960_720.jpg\" \/>\n\t\t<meta property=\"og:image:secure_url\" content=\"https:\/\/candas365.es\/noticias\/wp-content\/uploads\/2018\/06\/berlin-76509_960_720.jpg\" \/>\n\t\t<meta property=\"og:image:width\" content=\"960\" \/>\n\t\t<meta property=\"og:image:height\" content=\"720\" \/>\n\t\t<meta property=\"article:published_time\" content=\"2019-01-06T17:30:27+00:00\" \/>\n\t\t<meta property=\"article:modified_time\" content=\"2019-01-06T17:30:27+00:00\" \/>\n\t\t<meta property=\"article:publisher\" content=\"https:\/\/www.facebook.com\/Nachofdezber\" \/>\n\t\t<meta property=\"article:author\" content=\"https:\/\/www.facebook.com\/carrenoactualidad\" \/>\n\t\t<meta name=\"twitter:card\" content=\"summary_large_image\" \/>\n\t\t<meta name=\"twitter:site\" content=\"@NabercoDigital\" \/>\n\t\t<meta name=\"twitter:title\" content=\"Scholz no descarta protestas de \u00abchalecos amarillos\u00bb en Alemania | Cand\u00e1s 365\" \/>\n\t\t<meta name=\"twitter:description\" content=\"Berl\u00edn, 6 ene (dpa) - El ministro alem\u00e1n de Finanzas, Olaf Scholz, advirti\u00f3 de que en Alemania hay &quot;potencial&quot; para que se lleven a cabo protestas como las de los &quot;chalecos amarillos&quot; en Francia, en declaraciones publicadas hoy por el dominical &quot;Bild am Sonntag&quot;. &quot;Tambi\u00e9n en Alemania hay un potencial que no debe ser subestimado.\" \/>\n\t\t<meta name=\"twitter:creator\" content=\"@nbasturias\" \/>\n\t\t<meta name=\"twitter:image\" content=\"https:\/\/candas365.es\/noticias\/wp-content\/uploads\/2018\/06\/berlin-76509_960_720.jpg\" \/>\n\t\t<meta name=\"twitter:label1\" content=\"Escrito por\" \/>\n\t\t<meta name=\"twitter:data1\" content=\"Cand\u00e1s 365\" \/>\n\t\t<meta name=\"twitter:label2\" content=\"Tiempo de lectura estimado\" \/>\n\t\t<meta name=\"twitter:data2\" content=\"1 minuto\" \/>\n\t\t<script type=\"application\/ld+json\" class=\"aioseo-schema\">\n\t\t\t{\"@context\":\"https:\\\/\\\/schema.org\",\"@graph\":[{\"@type\":\"BreadcrumbList\",\"@id\":\"https:\\\/\\\/candas365.es\\\/noticias\\\/scholz-no-descarta-protestas-de-chalecos-amarillos-en-alemania\\\/#breadcrumblist\",\"itemListElement\":[{\"@type\":\"ListItem\",\"@id\":\"https:\\\/\\\/candas365.es\\\/noticias#listItem\",\"position\":1,\"name\":\"Home\",\"item\":\"https:\\\/\\\/candas365.es\\\/noticias\",\"nextItem\":{\"@type\":\"ListItem\",\"@id\":\"https:\\\/\\\/candas365.es\\\/noticias\\\/category\\\/actualidad\\\/#listItem\",\"name\":\"Actualidad\"}},{\"@type\":\"ListItem\",\"@id\":\"https:\\\/\\\/candas365.es\\\/noticias\\\/category\\\/actualidad\\\/#listItem\",\"position\":2,\"name\":\"Actualidad\",\"item\":\"https:\\\/\\\/candas365.es\\\/noticias\\\/category\\\/actualidad\\\/\",\"nextItem\":{\"@type\":\"ListItem\",\"@id\":\"https:\\\/\\\/candas365.es\\\/noticias\\\/scholz-no-descarta-protestas-de-chalecos-amarillos-en-alemania\\\/#listItem\",\"name\":\"Scholz no descarta protestas de \\u00abchalecos amarillos\\u00bb en Alemania\"},\"previousItem\":{\"@type\":\"ListItem\",\"@id\":\"https:\\\/\\\/candas365.es\\\/noticias#listItem\",\"name\":\"Home\"}},{\"@type\":\"ListItem\",\"@id\":\"https:\\\/\\\/candas365.es\\\/noticias\\\/scholz-no-descarta-protestas-de-chalecos-amarillos-en-alemania\\\/#listItem\",\"position\":3,\"name\":\"Scholz no descarta protestas de \\u00abchalecos amarillos\\u00bb en Alemania\",\"previousItem\":{\"@type\":\"ListItem\",\"@id\":\"https:\\\/\\\/candas365.es\\\/noticias\\\/category\\\/actualidad\\\/#listItem\",\"name\":\"Actualidad\"}}]},{\"@type\":\"NewsArticle\",\"@id\":\"https:\\\/\\\/candas365.es\\\/noticias\\\/scholz-no-descarta-protestas-de-chalecos-amarillos-en-alemania\\\/#newsarticle\",\"name\":\"Scholz no descarta protestas de \\u00abchalecos amarillos\\u00bb en Alemania | Cand\\u00e1s 365\",\"headline\":\"Scholz no descarta protestas de \\u00abchalecos amarillos\\u00bb en Alemania\",\"author\":{\"@id\":\"https:\\\/\\\/candas365.es\\\/noticias\\\/author\\\/admin\\\/#author\"},\"publisher\":{\"@id\":\"https:\\\/\\\/candas365.es\\\/noticias\\\/#organization\"},\"image\":{\"@type\":\"ImageObject\",\"url\":\"https:\\\/\\\/candas365.es\\\/noticias\\\/wp-content\\\/uploads\\\/2018\\\/06\\\/berlin-76509_960_720.jpg\",\"width\":960,\"height\":720},\"datePublished\":\"2019-01-06T17:30:27+01:00\",\"dateModified\":\"2019-01-06T17:30:27+01:00\",\"inLanguage\":\"es-ES\",\"mainEntityOfPage\":{\"@id\":\"https:\\\/\\\/candas365.es\\\/noticias\\\/scholz-no-descarta-protestas-de-chalecos-amarillos-en-alemania\\\/#webpage\"},\"isPartOf\":{\"@id\":\"https:\\\/\\\/candas365.es\\\/noticias\\\/scholz-no-descarta-protestas-de-chalecos-amarillos-en-alemania\\\/#webpage\"},\"articleSection\":\"Actualidad\",\"dateline\":\"Publicado el enero 6, 2019.\"},{\"@type\":\"Organization\",\"@id\":\"https:\\\/\\\/candas365.es\\\/noticias\\\/#organization\",\"name\":\"Cand\\u00e1s 365\",\"description\":\"Cand\\u00e1s 365 es un diario digital independiente, fundado en 2012, con base en Asturias. Informamos con rigor sobre actualidad, sociedad, cultura y ocio, con una mirada local y global.\",\"url\":\"https:\\\/\\\/candas365.es\\\/noticias\\\/\",\"email\":\"info@candas365.es\",\"telephone\":\"+34652131393\",\"foundingDate\":\"2012-06-10\",\"logo\":{\"@type\":\"ImageObject\",\"url\":\"https:\\\/\\\/candas365.es\\\/noticias\\\/wp-content\\\/uploads\\\/2024\\\/09\\\/Candas-365-Redes.jpg\",\"@id\":\"https:\\\/\\\/candas365.es\\\/noticias\\\/scholz-no-descarta-protestas-de-chalecos-amarillos-en-alemania\\\/#organizationLogo\",\"width\":1152,\"height\":864,\"caption\":\"Cand\\u00e1s 365 Redes\"},\"image\":{\"@id\":\"https:\\\/\\\/candas365.es\\\/noticias\\\/scholz-no-descarta-protestas-de-chalecos-amarillos-en-alemania\\\/#organizationLogo\"},\"sameAs\":[\"https:\\\/\\\/www.facebook.com\\\/Nachofdezber\",\"https:\\\/\\\/x.com\\\/NabercoDigital\",\"https:\\\/\\\/www.instagram.com\\\/nachofdezber\\\/\",\"https:\\\/\\\/www.youtube.com\\\/channel\\\/UCZP-2wLEB9Rv6erhFmqVnvg\"],\"address\":{\"@id\":\"https:\\\/\\\/candas365.es\\\/noticias\\\/#postaladdress\",\"@type\":\"PostalAddress\",\"streetAddress\":\"san antonio 4, san antonio 4\",\"postalCode\":\"33430\",\"addressLocality\":\"Cand\\u00e1s\",\"addressRegion\":\"Asturias\",\"addressCountry\":\"ES\"}},{\"@type\":\"Person\",\"@id\":\"https:\\\/\\\/candas365.es\\\/noticias\\\/author\\\/admin\\\/#author\",\"url\":\"https:\\\/\\\/candas365.es\\\/noticias\\\/author\\\/admin\\\/\",\"name\":\"Cand\\u00e1s 365\",\"image\":{\"@type\":\"ImageObject\",\"@id\":\"https:\\\/\\\/candas365.es\\\/noticias\\\/scholz-no-descarta-protestas-de-chalecos-amarillos-en-alemania\\\/#authorImage\",\"url\":\"https:\\\/\\\/secure.gravatar.com\\\/avatar\\\/496a8e03d0c493ede1718b7934145dbdf8d89be1036b0eec9544e1094c9de390?s=96&d=mm&r=g\",\"width\":96,\"height\":96,\"caption\":\"Cand\\u00e1s 365\"},\"sameAs\":[\"https:\\\/\\\/www.facebook.com\\\/carrenoactualidad\",\"https:\\\/\\\/twitter.com\\\/nbasturias\",\"https:\\\/\\\/www.instagram.com\\\/nachofdezber\\\/\",\"https:\\\/\\\/www.youtube.com\\\/channel\\\/UCZP-2wLEB9Rv6erhFmqVnvg\"]},{\"@type\":\"WebPage\",\"@id\":\"https:\\\/\\\/candas365.es\\\/noticias\\\/scholz-no-descarta-protestas-de-chalecos-amarillos-en-alemania\\\/#webpage\",\"url\":\"https:\\\/\\\/candas365.es\\\/noticias\\\/scholz-no-descarta-protestas-de-chalecos-amarillos-en-alemania\\\/\",\"name\":\"Scholz no descarta protestas de \\u00abchalecos amarillos\\u00bb en Alemania | Cand\\u00e1s 365\",\"description\":\"Berl\\u00edn, 6 ene (dpa) - El ministro alem\\u00e1n de Finanzas, Olaf Scholz, advirti\\u00f3 de que en Alemania hay \\\"potencial\\\" para que se lleven a cabo protestas como las de los \\\"chalecos amarillos\\\" en Francia, en declaraciones publicadas hoy por el dominical \\\"Bild am Sonntag\\\". \\\"Tambi\\u00e9n en Alemania hay un potencial que no debe ser subestimado.\",\"inLanguage\":\"es-ES\",\"isPartOf\":{\"@id\":\"https:\\\/\\\/candas365.es\\\/noticias\\\/#website\"},\"breadcrumb\":{\"@id\":\"https:\\\/\\\/candas365.es\\\/noticias\\\/scholz-no-descarta-protestas-de-chalecos-amarillos-en-alemania\\\/#breadcrumblist\"},\"author\":{\"@id\":\"https:\\\/\\\/candas365.es\\\/noticias\\\/author\\\/admin\\\/#author\"},\"creator\":{\"@id\":\"https:\\\/\\\/candas365.es\\\/noticias\\\/author\\\/admin\\\/#author\"},\"image\":{\"@type\":\"ImageObject\",\"url\":\"https:\\\/\\\/candas365.es\\\/noticias\\\/wp-content\\\/uploads\\\/2018\\\/06\\\/berlin-76509_960_720.jpg\",\"@id\":\"https:\\\/\\\/candas365.es\\\/noticias\\\/scholz-no-descarta-protestas-de-chalecos-amarillos-en-alemania\\\/#mainImage\",\"width\":960,\"height\":720},\"primaryImageOfPage\":{\"@id\":\"https:\\\/\\\/candas365.es\\\/noticias\\\/scholz-no-descarta-protestas-de-chalecos-amarillos-en-alemania\\\/#mainImage\"},\"datePublished\":\"2019-01-06T17:30:27+01:00\",\"dateModified\":\"2019-01-06T17:30:27+01:00\"},{\"@type\":\"WebSite\",\"@id\":\"https:\\\/\\\/candas365.es\\\/noticias\\\/#website\",\"url\":\"https:\\\/\\\/candas365.es\\\/noticias\\\/\",\"name\":\"Cand\\u00e1s 365\",\"alternateName\":\"Cand\\u00e1s 365 Noticias\",\"description\":\"Actualidad desde Carre\\u00f1o para el mundo\",\"inLanguage\":\"es-ES\",\"publisher\":{\"@id\":\"https:\\\/\\\/candas365.es\\\/noticias\\\/#organization\"}}]}\n\t\t<\/script>\n\t\t<!-- All in One SEO Pro -->\r\n\t\t<title>Scholz no descarta protestas de \u00abchalecos amarillos\u00bb en Alemania | Cand\u00e1s 365<\/title>\n\n","aioseo_head_json":{"title":"Scholz no descarta protestas de \u00abchalecos amarillos\u00bb en Alemania | Cand\u00e1s 365","description":"Berl\u00edn, 6 ene (dpa) - El ministro alem\u00e1n de Finanzas, Olaf Scholz, advirti\u00f3 de que en Alemania hay \"potencial\" para que se lleven a cabo protestas como las de los \"chalecos amarillos\" en Francia, en declaraciones publicadas hoy por el dominical \"Bild am Sonntag\". \"Tambi\u00e9n en Alemania hay un potencial que no debe ser subestimado.","canonical_url":"https:\/\/candas365.es\/noticias\/scholz-no-descarta-protestas-de-chalecos-amarillos-en-alemania\/","robots":"max-image-preview:large","keywords":"actualidad","webmasterTools":{"google-site-verification":"UA-32230408-1","msvalidate.01":"354F3CDFB2DA171B47FBE9ABF1F88D5","miscellaneous":""},"schema":{"@context":"https:\/\/schema.org","@graph":[{"@type":"BreadcrumbList","@id":"https:\/\/candas365.es\/noticias\/scholz-no-descarta-protestas-de-chalecos-amarillos-en-alemania\/#breadcrumblist","itemListElement":[{"@type":"ListItem","@id":"https:\/\/candas365.es\/noticias#listItem","position":1,"name":"Home","item":"https:\/\/candas365.es\/noticias","nextItem":{"@type":"ListItem","@id":"https:\/\/candas365.es\/noticias\/category\/actualidad\/#listItem","name":"Actualidad"}},{"@type":"ListItem","@id":"https:\/\/candas365.es\/noticias\/category\/actualidad\/#listItem","position":2,"name":"Actualidad","item":"https:\/\/candas365.es\/noticias\/category\/actualidad\/","nextItem":{"@type":"ListItem","@id":"https:\/\/candas365.es\/noticias\/scholz-no-descarta-protestas-de-chalecos-amarillos-en-alemania\/#listItem","name":"Scholz no descarta protestas de \u00abchalecos amarillos\u00bb en Alemania"},"previousItem":{"@type":"ListItem","@id":"https:\/\/candas365.es\/noticias#listItem","name":"Home"}},{"@type":"ListItem","@id":"https:\/\/candas365.es\/noticias\/scholz-no-descarta-protestas-de-chalecos-amarillos-en-alemania\/#listItem","position":3,"name":"Scholz no descarta protestas de \u00abchalecos amarillos\u00bb en Alemania","previousItem":{"@type":"ListItem","@id":"https:\/\/candas365.es\/noticias\/category\/actualidad\/#listItem","name":"Actualidad"}}]},{"@type":"NewsArticle","@id":"https:\/\/candas365.es\/noticias\/scholz-no-descarta-protestas-de-chalecos-amarillos-en-alemania\/#newsarticle","name":"Scholz no descarta protestas de \u00abchalecos amarillos\u00bb en Alemania | Cand\u00e1s 365","headline":"Scholz no descarta protestas de \u00abchalecos amarillos\u00bb en Alemania","author":{"@id":"https:\/\/candas365.es\/noticias\/author\/admin\/#author"},"publisher":{"@id":"https:\/\/candas365.es\/noticias\/#organization"},"image":{"@type":"ImageObject","url":"https:\/\/candas365.es\/noticias\/wp-content\/uploads\/2018\/06\/berlin-76509_960_720.jpg","width":960,"height":720},"datePublished":"2019-01-06T17:30:27+01:00","dateModified":"2019-01-06T17:30:27+01:00","inLanguage":"es-ES","mainEntityOfPage":{"@id":"https:\/\/candas365.es\/noticias\/scholz-no-descarta-protestas-de-chalecos-amarillos-en-alemania\/#webpage"},"isPartOf":{"@id":"https:\/\/candas365.es\/noticias\/scholz-no-descarta-protestas-de-chalecos-amarillos-en-alemania\/#webpage"},"articleSection":"Actualidad","dateline":"Publicado el enero 6, 2019."},{"@type":"Organization","@id":"https:\/\/candas365.es\/noticias\/#organization","name":"Cand\u00e1s 365","description":"Cand\u00e1s 365 es un diario digital independiente, fundado en 2012, con base en Asturias. Informamos con rigor sobre actualidad, sociedad, cultura y ocio, con una mirada local y global.","url":"https:\/\/candas365.es\/noticias\/","email":"info@candas365.es","telephone":"+34652131393","foundingDate":"2012-06-10","logo":{"@type":"ImageObject","url":"https:\/\/candas365.es\/noticias\/wp-content\/uploads\/2024\/09\/Candas-365-Redes.jpg","@id":"https:\/\/candas365.es\/noticias\/scholz-no-descarta-protestas-de-chalecos-amarillos-en-alemania\/#organizationLogo","width":1152,"height":864,"caption":"Cand\u00e1s 365 Redes"},"image":{"@id":"https:\/\/candas365.es\/noticias\/scholz-no-descarta-protestas-de-chalecos-amarillos-en-alemania\/#organizationLogo"},"sameAs":["https:\/\/www.facebook.com\/Nachofdezber","https:\/\/x.com\/NabercoDigital","https:\/\/www.instagram.com\/nachofdezber\/","https:\/\/www.youtube.com\/channel\/UCZP-2wLEB9Rv6erhFmqVnvg"],"address":{"@id":"https:\/\/candas365.es\/noticias\/#postaladdress","@type":"PostalAddress","streetAddress":"san antonio 4, san antonio 4","postalCode":"33430","addressLocality":"Cand\u00e1s","addressRegion":"Asturias","addressCountry":"ES"}},{"@type":"Person","@id":"https:\/\/candas365.es\/noticias\/author\/admin\/#author","url":"https:\/\/candas365.es\/noticias\/author\/admin\/","name":"Cand\u00e1s 365","image":{"@type":"ImageObject","@id":"https:\/\/candas365.es\/noticias\/scholz-no-descarta-protestas-de-chalecos-amarillos-en-alemania\/#authorImage","url":"https:\/\/secure.gravatar.com\/avatar\/496a8e03d0c493ede1718b7934145dbdf8d89be1036b0eec9544e1094c9de390?s=96&d=mm&r=g","width":96,"height":96,"caption":"Cand\u00e1s 365"},"sameAs":["https:\/\/www.facebook.com\/carrenoactualidad","https:\/\/twitter.com\/nbasturias","https:\/\/www.instagram.com\/nachofdezber\/","https:\/\/www.youtube.com\/channel\/UCZP-2wLEB9Rv6erhFmqVnvg"]},{"@type":"WebPage","@id":"https:\/\/candas365.es\/noticias\/scholz-no-descarta-protestas-de-chalecos-amarillos-en-alemania\/#webpage","url":"https:\/\/candas365.es\/noticias\/scholz-no-descarta-protestas-de-chalecos-amarillos-en-alemania\/","name":"Scholz no descarta protestas de \u00abchalecos amarillos\u00bb en Alemania | Cand\u00e1s 365","description":"Berl\u00edn, 6 ene (dpa) - El ministro alem\u00e1n de Finanzas, Olaf Scholz, advirti\u00f3 de que en Alemania hay \"potencial\" para que se lleven a cabo protestas como las de los \"chalecos amarillos\" en Francia, en declaraciones publicadas hoy por el dominical \"Bild am Sonntag\". \"Tambi\u00e9n en Alemania hay un potencial que no debe ser subestimado.","inLanguage":"es-ES","isPartOf":{"@id":"https:\/\/candas365.es\/noticias\/#website"},"breadcrumb":{"@id":"https:\/\/candas365.es\/noticias\/scholz-no-descarta-protestas-de-chalecos-amarillos-en-alemania\/#breadcrumblist"},"author":{"@id":"https:\/\/candas365.es\/noticias\/author\/admin\/#author"},"creator":{"@id":"https:\/\/candas365.es\/noticias\/author\/admin\/#author"},"image":{"@type":"ImageObject","url":"https:\/\/candas365.es\/noticias\/wp-content\/uploads\/2018\/06\/berlin-76509_960_720.jpg","@id":"https:\/\/candas365.es\/noticias\/scholz-no-descarta-protestas-de-chalecos-amarillos-en-alemania\/#mainImage","width":960,"height":720},"primaryImageOfPage":{"@id":"https:\/\/candas365.es\/noticias\/scholz-no-descarta-protestas-de-chalecos-amarillos-en-alemania\/#mainImage"},"datePublished":"2019-01-06T17:30:27+01:00","dateModified":"2019-01-06T17:30:27+01:00"},{"@type":"WebSite","@id":"https:\/\/candas365.es\/noticias\/#website","url":"https:\/\/candas365.es\/noticias\/","name":"Cand\u00e1s 365","alternateName":"Cand\u00e1s 365 Noticias","description":"Actualidad desde Carre\u00f1o para el mundo","inLanguage":"es-ES","publisher":{"@id":"https:\/\/candas365.es\/noticias\/#organization"}}]},"og:locale":"es_ES","og:site_name":"Cand\u00e1s 365","og:type":"article","og:title":"Scholz no descarta protestas de \u00abchalecos amarillos\u00bb en Alemania | Cand\u00e1s 365","og:description":"Berl\u00edn, 6 ene (dpa) - El ministro alem\u00e1n de Finanzas, Olaf Scholz, advirti\u00f3 de que en Alemania hay &quot;potencial&quot; para que se lleven a cabo protestas como las de los &quot;chalecos amarillos&quot; en Francia, en declaraciones publicadas hoy por el dominical &quot;Bild am Sonntag&quot;. &quot;Tambi\u00e9n en Alemania hay un potencial que no debe ser subestimado.","og:url":"https:\/\/candas365.es\/noticias\/scholz-no-descarta-protestas-de-chalecos-amarillos-en-alemania\/","og:image":"https:\/\/candas365.es\/noticias\/wp-content\/uploads\/2018\/06\/berlin-76509_960_720.jpg","og:image:secure_url":"https:\/\/candas365.es\/noticias\/wp-content\/uploads\/2018\/06\/berlin-76509_960_720.jpg","og:image:width":960,"og:image:height":720,"article:published_time":"2019-01-06T17:30:27+00:00","article:modified_time":"2019-01-06T17:30:27+00:00","article:publisher":"https:\/\/www.facebook.com\/Nachofdezber","article:author":"https:\/\/www.facebook.com\/carrenoactualidad","twitter:card":"summary_large_image","twitter:site":"@NabercoDigital","twitter:title":"Scholz no descarta protestas de \u00abchalecos amarillos\u00bb en Alemania | Cand\u00e1s 365","twitter:description":"Berl\u00edn, 6 ene (dpa) - El ministro alem\u00e1n de Finanzas, Olaf Scholz, advirti\u00f3 de que en Alemania hay &quot;potencial&quot; para que se lleven a cabo protestas como las de los &quot;chalecos amarillos&quot; en Francia, en declaraciones publicadas hoy por el dominical &quot;Bild am Sonntag&quot;. &quot;Tambi\u00e9n en Alemania hay un potencial que no debe ser subestimado.","twitter:creator":"@nbasturias","twitter:image":"https:\/\/candas365.es\/noticias\/wp-content\/uploads\/2018\/06\/berlin-76509_960_720.jpg","twitter:label1":"Escrito por","twitter:data1":"Cand\u00e1s 365","twitter:label2":"Tiempo de lectura estimado","twitter:data2":"1 minuto"},"aioseo_meta_data":{"post_id":"113588","title":null,"description":null,"keywords":null,"keyphrases":null,"primary_term":null,"canonical_url":null,"og_title":null,"og_description":null,"og_object_type":"default","og_image_type":"default","og_image_url":null,"og_image_width":null,"og_image_height":null,"og_image_custom_url":null,"og_image_custom_fields":null,"og_video":null,"og_custom_url":null,"og_article_section":null,"og_article_tags":null,"twitter_use_og":false,"twitter_card":"default","twitter_image_type":"default","twitter_image_url":null,"twitter_image_custom_url":null,"twitter_image_custom_fields":null,"twitter_title":null,"twitter_description":null,"schema":{"blockGraphs":[],"customGraphs":[],"default":{"data":{"Article":[],"Course":[],"Dataset":[],"FAQPage":[],"Movie":[],"Person":[],"Product":[],"ProductReview":[],"Car":[],"Recipe":[],"Service":[],"SoftwareApplication":[],"WebPage":[]},"graphName":"","isEnabled":true},"graphs":[],"defaultGraph":"","defaultPostTypeGraph":""},"schema_type":null,"schema_type_options":null,"pillar_content":false,"robots_default":true,"robots_noindex":false,"robots_noarchive":false,"robots_nosnippet":false,"robots_nofollow":false,"robots_noimageindex":false,"robots_noodp":false,"robots_notranslate":false,"robots_max_snippet":null,"robots_max_videopreview":null,"robots_max_imagepreview":"large","priority":null,"frequency":null,"location":null,"local_seo":null,"seo_analyzer_scan_date":"2025-08-28 21:47:25","breadcrumb_settings":null,"limit_modified_date":false,"reviewed_by":null,"open_ai":null,"ai":null,"created":"2020-12-21 11:27:55","updated":"2025-08-28 21:47:25"},"aioseo_breadcrumb":"<div class=\"aioseo-breadcrumbs\"><span class=\"aioseo-breadcrumb\">\n\t<a href=\"https:\/\/candas365.es\/noticias\" title=\"Home\">Home<\/a>\n<\/span><span class=\"aioseo-breadcrumb-separator\">&ndash;<\/span><span class=\"aioseo-breadcrumb\">\n\t<a href=\"https:\/\/candas365.es\/noticias\/category\/actualidad\/\" title=\"Actualidad\">Actualidad<\/a>\n<\/span><span class=\"aioseo-breadcrumb-separator\">&ndash;<\/span><span class=\"aioseo-breadcrumb\">\n\tScholz no descarta protestas de \u00abchalecos amarillos\u00bb en Alemania\n<\/span><\/div>","aioseo_breadcrumb_json":[{"label":"Home","link":"https:\/\/candas365.es\/noticias"},{"label":"Actualidad","link":"https:\/\/candas365.es\/noticias\/category\/actualidad\/"},{"label":"Scholz no descarta protestas de \u00abchalecos amarillos\u00bb en Alemania","link":"https:\/\/candas365.es\/noticias\/scholz-no-descarta-protestas-de-chalecos-amarillos-en-alemania\/"}],"_links":{"self":[{"href":"https:\/\/candas365.es\/noticias\/wp-json\/wp\/v2\/posts\/113588","targetHints":{"allow":["GET"]}}],"collection":[{"href":"https:\/\/candas365.es\/noticias\/wp-json\/wp\/v2\/posts"}],"about":[{"href":"https:\/\/candas365.es\/noticias\/wp-json\/wp\/v2\/types\/post"}],"author":[{"embeddable":true,"href":"https:\/\/candas365.es\/noticias\/wp-json\/wp\/v2\/users\/1"}],"replies":[{"embeddable":true,"href":"https:\/\/candas365.es\/noticias\/wp-json\/wp\/v2\/comments?post=113588"}],"version-history":[{"count":0,"href":"https:\/\/candas365.es\/noticias\/wp-json\/wp\/v2\/posts\/113588\/revisions"}],"wp:featuredmedia":[{"embeddable":true,"href":"https:\/\/candas365.es\/noticias\/wp-json\/wp\/v2\/media\/98518"}],"wp:attachment":[{"href":"https:\/\/candas365.es\/noticias\/wp-json\/wp\/v2\/media?parent=113588"}],"wp:term":[{"taxonomy":"category","embeddable":true,"href":"https:\/\/candas365.es\/noticias\/wp-json\/wp\/v2\/categories?post=113588"},{"taxonomy":"post_tag","embeddable":true,"href":"https:\/\/candas365.es\/noticias\/wp-json\/wp\/v2\/tags?post=113588"}],"curies":[{"name":"wp","href":"https:\/\/api.w.org\/{rel}","templated":true}]}}