{"id":113547,"date":"2019-01-06T14:30:16","date_gmt":"2019-01-06T14:30:16","guid":{"rendered":"http:\/\/candas365.es\/noticias\/?p=113547"},"modified":"2019-01-06T14:30:16","modified_gmt":"2019-01-06T14:30:16","slug":"carreno-tendra-nuevos-desfibriladores-en-sus-instalaciones-deportivas","status":"publish","type":"post","link":"https:\/\/candas365.es\/noticias\/carreno-tendra-nuevos-desfibriladores-en-sus-instalaciones-deportivas\/","title":{"rendered":"Carre\u00f1o tendr\u00e1 nuevos desfibriladores en sus instalaciones deportivas"},"content":{"rendered":"<p><img fetchpriority=\"high\" decoding=\"async\" class=\"alignleft size-medium wp-image-113550\" src=\"https:\/\/candas365.es\/noticias\/wp-content\/uploads\/2019\/01\/Desfrilador-225x300.jpg\" alt=\"\" width=\"225\" height=\"300\" srcset=\"https:\/\/candas365.es\/noticias\/wp-content\/uploads\/2019\/01\/Desfrilador-225x300.jpg 225w, https:\/\/candas365.es\/noticias\/wp-content\/uploads\/2019\/01\/Desfrilador-768x1024.jpg 768w, https:\/\/candas365.es\/noticias\/wp-content\/uploads\/2019\/01\/Desfrilador-360x480.jpg 360w, https:\/\/candas365.es\/noticias\/wp-content\/uploads\/2019\/01\/Desfrilador-696x928.jpg 696w, https:\/\/candas365.es\/noticias\/wp-content\/uploads\/2019\/01\/Desfrilador-315x420.jpg 315w, https:\/\/candas365.es\/noticias\/wp-content\/uploads\/2019\/01\/Desfrilador.jpg 960w\" sizes=\"(max-width: 225px) 100vw, 225px\" \/>En Carre\u00f1o se instalar\u00e1n cuatro nuevos desfibriladores en las instalaciones deportivas del concejo. Para su adquisici\u00f3n se cont\u00f3 con el asesoramiento del m\u00e9dico experto en medicina deportiva, Vicente Gonz\u00e1lez, qui\u00e9n a su vez, es coordinador de la mesa de salud local.<\/p>\n<p>\u00abSe renovar\u00e1 el DEA existente en el Polideportivo Municipal \u201cVicente L\u00f3pez Carril\u201d de Cand\u00e1s. El existente s\u00f3lo era apto para usar con personas adultas, por ello, para mejorar la prevenci\u00f3n y seguridad en la instalaci\u00f3n se instalar\u00e1 uno nuevo apto para personas adultas y tambi\u00e9n para ni\u00f1os y ni\u00f1as mayores de 8 a\u00f1os que corran peligro. Adem\u00e1s se colocar\u00e1n tres desfibriladores m\u00e1s es en las tres instalaciones polideportivas cubiertas de la zona rural de Carre\u00f1o. Las ubicadas en las parroquias de Albandi, Prevera y Guimar\u00e1n- El Valle. Pistas de m\u00e1s afluencia de p\u00fablico que contar\u00e1n con uno de los sistemas m\u00e1s eficaces para la salvar la vida humana\u00bb &#8211; inform\u00f3 la Alcaldesa de Carre\u00f1o.<\/p>\n<p>En el a\u00f1o 2016 el Ayuntamiento de Carre\u00f1o se adhiri\u00f3 a la Estrategia para la Promoci\u00f3n de la Salud y Prevenci\u00f3n del Sistema Nacional de Salud. El objetivo de la misma era, y sigue siendo, promover una sociedad en la que las personas, las familias y las comunidades puedan alcanzar su m\u00e1ximo potencial de desarrollo, salud, bienestar y autonom\u00eda, y en la que trabajar por la salud se asuma como tarea de todos y todas, desarrollando progresivamente intervenciones identificadas como buenas pr\u00e1cticas.<\/p>\n<p>La ONU en 2011, acord\u00f3 establecer como objetivo para el a\u00f1o 2025 una reducci\u00f3n del 25% en la mortalidad de las principales cuatro enfermedades cr\u00f3nicas: enfermedad cardiovascular, c\u00e1ncer, diabetes, y enfermedad respiratoria cr\u00f3nica. Para ello, se estableci\u00f3 la estrategia \u00abcuatro por cuatro\u00bb, es decir, priorizar el abordaje de los cuatro principales factores de riesgo de estas enfermedades: alimentaci\u00f3n no saludable, inactividad f\u00edsica, consumo de alcohol y consumo de tabaco.<\/p>\n<p>En el marco de esta estrategia el Ayuntamiento de Carre\u00f1o trabaj\u00f3 con la Mesa Intersectorial del Concejo. Y en el objetivo de seguir avanzado y de dotar a las instalaciones deportivas de los medios necesarios para una pr\u00e1ctica saludable y responsable del deporte, se han adquirido cuatro Desfibriladores Externo Autom\u00e1ticos (DEAS).<\/p>\n<p>Otros ejemplos, de este trabajo conjunto fue la elaboraci\u00f3n de una gu\u00eda sobre el uso correcto y responsable de los equipamientos deportivos que existen en los Espacios Biosaludables ubicados en diferentes parroquias de nuestro concejo; o la edici\u00f3n de la \u201cGu\u00eda de Recursos de la Salud de Carre\u00f1o en la que se han incluido m\u00e1s de 60 recursos, entre instalaciones, servicios asistenciales y actividades deportivas, entre las que figuran rutas, paseos y programas de senderismo.<\/p>\n<p>\u201cLos DEAS constituyen una tecnolog\u00eda importante para salvar vidas y juegan un papel en el tratamiento de los paros card\u00edacos. Es un dispositivo electr\u00f3nico que puede examinar el ritmo card\u00edaco para determinar si es necesario proporcionar una descarga a una persona en la situaci\u00f3n de paro card\u00edaco. Aunque la mayor\u00eda de estas situaciones ocurren en adultos, tambi\u00e9n pueden utilizarse en personas menores de edad. Con la instalaci\u00f3n del nuevo DEA en Cand\u00e1s se podr\u00e1n prevenir riesgos en las escuelas deportivas\u201d se\u00f1al\u00f3 Amelia Fern\u00e1ndez, Alcaldesa de Carre\u00f1o.<\/p>\n<p>\u201cCada a\u00f1o en Espa\u00f1a se registran unas 24.500 paradas card\u00edacas extrahospitalarias. Es decir, aproximadamente una cada 20 minutos. Se trata de un problema que ocasiona cuatro veces mayor n\u00famero de muertes que los accidentes de tr\u00e1fico. En el caso de los infartos de miocardios agudos se producen 68.500 anualmente, de los que aproximadamente un 30% provocan la muerte del paciente antes de llegar al hospital\u201d coment\u00f3 la alcaldesa.<\/p>\n<p>\u201cEl plazo de intervenci\u00f3n para salvar a una vida en caso de un paro card\u00edaco es de no m\u00e1s de 4-5 minutos. La r\u00e1pida respuesta es crucial para la supervivencia de la v\u00edctima o para evitar secuelas graves, siendo de un 90% en el primer minuto y descendiendo de un 10% cada minuto que pasa a partir del quinto minuto. Por lo que se hace necesario la instalaci\u00f3n de sistemas cardio-protecci\u00f3n, DEAS, en lugares espec\u00edficos, como los de mucha concurrencia de mucho p\u00fablico. En combinaci\u00f3n con la RCP (Reanimaci\u00f3n Cardio Pulmonar), un DESFIBRILADOR ofrece la mejor oportunidad, y muchas veces \u00fanica, de supervivencia para ayudar a una persona que es v\u00edctima de un paro card\u00edaco hasta que llegue un profesional m\u00e9dico\u201d prosigui\u00f3 la regidora.<\/p>\n<p>\u201cLos cuatro dispositivos DEAS que se han adquirido son aptos para utilizarse en situaciones en las que la vida de las personas adultas y la de los ni\u00f1os y ni\u00f1as mayores de 8 a\u00f1os corran peligro. Es un dispositivo que puede ser utilizado por personal no sanitario, de tal modo que siguiendo sus instrucciones se colocan los electrodos en el paciente, y el aparato, tras determinar el tipo de ritmo card\u00edaco, aconseja a las personas asistentes separarse para emitir la descarga el\u00e9ctrica, o bien, aconseja realizar compresiones tor\u00e1cicas hasta la llegada de los servicios sanitarios\u201d relat\u00f3 Fern\u00e1ndez.<\/p>\n<p>\u00abEl desfibrilador que ten\u00edamos en el polideportivo lo trasladaremos al centro de personas jubiladas \u201c El Pase\u00edn\u201d. Y trabajaremos tambi\u00e9n en la formaci\u00f3n en el manejo de los cuatro desfibriladores nuevos. Desde las Concejal\u00edas de Bienestar Social y Deportes, programaremos sesiones formativas entre las personas que usan nuestras instalaciones. Desde el Ayuntamiento asumimos las inversiones necesarias para contar con m\u00e1s DEAS, pero tambi\u00e9n es necesario que facilitemos formaci\u00f3n al personal no sanitario a desenvolverse en situaciones de emergencia, as\u00ed como el conocimiento de las maniobras de reanimaci\u00f3n cardiopulmonar o RCP, el soporte vital b\u00e1sico o SVB y otros conceptos elementales.\u201d concluy\u00f3 Fern\u00e1ndez.<\/p>\n","protected":false},"excerpt":{"rendered":"<p>En Carre\u00f1o se instalar\u00e1n cuatro nuevos desfibriladores en las instalaciones deportivas del concejo. Para su adquisici\u00f3n se cont\u00f3 con el asesoramiento del m\u00e9dico experto en medicina deportiva, Vicente Gonz\u00e1lez, qui\u00e9n a su vez, es coordinador de la mesa de salud local. \u00abSe renovar\u00e1 el DEA existente en el Polideportivo Municipal \u201cVicente L\u00f3pez Carril\u201d de Cand\u00e1s.<\/p>\n","protected":false},"author":1,"featured_media":113550,"comment_status":"closed","ping_status":"closed","sticky":false,"template":"","format":"standard","meta":{"footnotes":""},"categories":[2],"tags":[],"class_list":{"0":"post-113547","1":"post","2":"type-post","3":"status-publish","4":"format-standard","5":"has-post-thumbnail","7":"category-noticias-carreno"},"aioseo_notices":[],"aioseo_head":"\n\t\t<!-- All in One SEO Pro 4.9.6.2 - aioseo.com -->\n\t<meta name=\"description\" content=\"En Carre\u00f1o se instalar\u00e1n cuatro nuevos desfibriladores en las instalaciones deportivas del concejo. Para su adquisici\u00f3n se cont\u00f3 con el asesoramiento del m\u00e9dico experto en medicina deportiva, Vicente Gonz\u00e1lez, qui\u00e9n a su vez, es coordinador de la mesa de salud local. &quot;Se renovar\u00e1 el DEA existente en el Polideportivo Municipal \u201cVicente L\u00f3pez Carril\u201d de Cand\u00e1s.\" \/>\n\t<meta name=\"robots\" content=\"max-image-preview:large\" \/>\n\t<meta name=\"author\" content=\"Cand\u00e1s 365\"\/>\n\t<meta name=\"google-site-verification\" content=\"UA-32230408-1\" \/>\n\t<meta name=\"msvalidate.01\" content=\"354F3CDFB2DA171B47FBE9ABF1F88D5\" \/>\n\t<meta name=\"keywords\" content=\"noticias carre\u00f1o\" \/>\n\t<link rel=\"canonical\" href=\"https:\/\/candas365.es\/noticias\/carreno-tendra-nuevos-desfibriladores-en-sus-instalaciones-deportivas\/\" \/>\n\t<meta name=\"generator\" content=\"All in One SEO Pro (AIOSEO) 4.9.6.2\" \/>\n\t\t<meta property=\"og:locale\" content=\"es_ES\" \/>\n\t\t<meta property=\"og:site_name\" content=\"Cand\u00e1s 365\" \/>\n\t\t<meta property=\"og:type\" content=\"article\" \/>\n\t\t<meta property=\"og:title\" content=\"Carre\u00f1o tendr\u00e1 nuevos desfibriladores en sus instalaciones deportivas | Cand\u00e1s 365\" \/>\n\t\t<meta property=\"og:description\" content=\"En Carre\u00f1o se instalar\u00e1n cuatro nuevos desfibriladores en las instalaciones deportivas del concejo. Para su adquisici\u00f3n se cont\u00f3 con el asesoramiento del m\u00e9dico experto en medicina deportiva, Vicente Gonz\u00e1lez, qui\u00e9n a su vez, es coordinador de la mesa de salud local. &quot;Se renovar\u00e1 el DEA existente en el Polideportivo Municipal \u201cVicente L\u00f3pez Carril\u201d de Cand\u00e1s.\" \/>\n\t\t<meta property=\"og:url\" content=\"https:\/\/candas365.es\/noticias\/carreno-tendra-nuevos-desfibriladores-en-sus-instalaciones-deportivas\/\" \/>\n\t\t<meta property=\"og:image\" content=\"https:\/\/candas365.es\/noticias\/wp-content\/uploads\/2019\/01\/Desfrilador.jpg\" \/>\n\t\t<meta property=\"og:image:secure_url\" content=\"https:\/\/candas365.es\/noticias\/wp-content\/uploads\/2019\/01\/Desfrilador.jpg\" \/>\n\t\t<meta property=\"og:image:width\" content=\"960\" \/>\n\t\t<meta property=\"og:image:height\" content=\"1280\" \/>\n\t\t<meta property=\"article:published_time\" content=\"2019-01-06T14:30:16+00:00\" \/>\n\t\t<meta property=\"article:modified_time\" content=\"2019-01-06T14:30:16+00:00\" \/>\n\t\t<meta property=\"article:publisher\" content=\"https:\/\/www.facebook.com\/Nachofdezber\" \/>\n\t\t<meta property=\"article:author\" content=\"https:\/\/www.facebook.com\/carrenoactualidad\" \/>\n\t\t<meta name=\"twitter:card\" content=\"summary_large_image\" \/>\n\t\t<meta name=\"twitter:site\" content=\"@NabercoDigital\" \/>\n\t\t<meta name=\"twitter:title\" content=\"Carre\u00f1o tendr\u00e1 nuevos desfibriladores en sus instalaciones deportivas | Cand\u00e1s 365\" \/>\n\t\t<meta name=\"twitter:description\" content=\"En Carre\u00f1o se instalar\u00e1n cuatro nuevos desfibriladores en las instalaciones deportivas del concejo. Para su adquisici\u00f3n se cont\u00f3 con el asesoramiento del m\u00e9dico experto en medicina deportiva, Vicente Gonz\u00e1lez, qui\u00e9n a su vez, es coordinador de la mesa de salud local. &quot;Se renovar\u00e1 el DEA existente en el Polideportivo Municipal \u201cVicente L\u00f3pez Carril\u201d de Cand\u00e1s.\" \/>\n\t\t<meta name=\"twitter:creator\" content=\"@nbasturias\" \/>\n\t\t<meta name=\"twitter:image\" content=\"https:\/\/candas365.es\/noticias\/wp-content\/uploads\/2019\/01\/Desfrilador.jpg\" \/>\n\t\t<meta name=\"twitter:label1\" content=\"Escrito por\" \/>\n\t\t<meta name=\"twitter:data1\" content=\"Cand\u00e1s 365\" \/>\n\t\t<meta name=\"twitter:label2\" content=\"Tiempo de lectura estimado\" \/>\n\t\t<meta name=\"twitter:data2\" content=\"5 minutos\" \/>\n\t\t<script type=\"application\/ld+json\" class=\"aioseo-schema\">\n\t\t\t{\"@context\":\"https:\\\/\\\/schema.org\",\"@graph\":[{\"@type\":\"BreadcrumbList\",\"@id\":\"https:\\\/\\\/candas365.es\\\/noticias\\\/carreno-tendra-nuevos-desfibriladores-en-sus-instalaciones-deportivas\\\/#breadcrumblist\",\"itemListElement\":[{\"@type\":\"ListItem\",\"@id\":\"https:\\\/\\\/candas365.es\\\/noticias#listItem\",\"position\":1,\"name\":\"Home\",\"item\":\"https:\\\/\\\/candas365.es\\\/noticias\",\"nextItem\":{\"@type\":\"ListItem\",\"@id\":\"https:\\\/\\\/candas365.es\\\/noticias\\\/category\\\/noticias-carreno\\\/#listItem\",\"name\":\"Noticias Carre\\u00f1o\"}},{\"@type\":\"ListItem\",\"@id\":\"https:\\\/\\\/candas365.es\\\/noticias\\\/category\\\/noticias-carreno\\\/#listItem\",\"position\":2,\"name\":\"Noticias Carre\\u00f1o\",\"item\":\"https:\\\/\\\/candas365.es\\\/noticias\\\/category\\\/noticias-carreno\\\/\",\"nextItem\":{\"@type\":\"ListItem\",\"@id\":\"https:\\\/\\\/candas365.es\\\/noticias\\\/carreno-tendra-nuevos-desfibriladores-en-sus-instalaciones-deportivas\\\/#listItem\",\"name\":\"Carre\\u00f1o tendr\\u00e1 nuevos desfibriladores en sus instalaciones deportivas\"},\"previousItem\":{\"@type\":\"ListItem\",\"@id\":\"https:\\\/\\\/candas365.es\\\/noticias#listItem\",\"name\":\"Home\"}},{\"@type\":\"ListItem\",\"@id\":\"https:\\\/\\\/candas365.es\\\/noticias\\\/carreno-tendra-nuevos-desfibriladores-en-sus-instalaciones-deportivas\\\/#listItem\",\"position\":3,\"name\":\"Carre\\u00f1o tendr\\u00e1 nuevos desfibriladores en sus instalaciones deportivas\",\"previousItem\":{\"@type\":\"ListItem\",\"@id\":\"https:\\\/\\\/candas365.es\\\/noticias\\\/category\\\/noticias-carreno\\\/#listItem\",\"name\":\"Noticias Carre\\u00f1o\"}}]},{\"@type\":\"NewsArticle\",\"@id\":\"https:\\\/\\\/candas365.es\\\/noticias\\\/carreno-tendra-nuevos-desfibriladores-en-sus-instalaciones-deportivas\\\/#newsarticle\",\"name\":\"Carre\\u00f1o tendr\\u00e1 nuevos desfibriladores en sus instalaciones deportivas | Cand\\u00e1s 365\",\"headline\":\"Carre\\u00f1o tendr\\u00e1 nuevos desfibriladores en sus instalaciones deportivas\",\"author\":{\"@id\":\"https:\\\/\\\/candas365.es\\\/noticias\\\/author\\\/admin\\\/#author\"},\"publisher\":{\"@id\":\"https:\\\/\\\/candas365.es\\\/noticias\\\/#organization\"},\"image\":{\"@type\":\"ImageObject\",\"url\":\"https:\\\/\\\/candas365.es\\\/noticias\\\/wp-content\\\/uploads\\\/2019\\\/01\\\/Desfrilador.jpg\",\"width\":960,\"height\":1280},\"datePublished\":\"2019-01-06T14:30:16+01:00\",\"dateModified\":\"2019-01-06T14:30:16+01:00\",\"inLanguage\":\"es-ES\",\"mainEntityOfPage\":{\"@id\":\"https:\\\/\\\/candas365.es\\\/noticias\\\/carreno-tendra-nuevos-desfibriladores-en-sus-instalaciones-deportivas\\\/#webpage\"},\"isPartOf\":{\"@id\":\"https:\\\/\\\/candas365.es\\\/noticias\\\/carreno-tendra-nuevos-desfibriladores-en-sus-instalaciones-deportivas\\\/#webpage\"},\"articleSection\":\"Noticias Carre\\u00f1o\",\"dateline\":\"Publicado el enero 6, 2019.\"},{\"@type\":\"Organization\",\"@id\":\"https:\\\/\\\/candas365.es\\\/noticias\\\/#organization\",\"name\":\"Cand\\u00e1s 365\",\"description\":\"Cand\\u00e1s 365 es un diario digital independiente, fundado en 2012, con base en Asturias. Informamos con rigor sobre actualidad, sociedad, cultura y ocio, con una mirada local y global.\",\"url\":\"https:\\\/\\\/candas365.es\\\/noticias\\\/\",\"email\":\"info@candas365.es\",\"telephone\":\"+34652131393\",\"foundingDate\":\"2012-06-10\",\"logo\":{\"@type\":\"ImageObject\",\"url\":\"https:\\\/\\\/candas365.es\\\/noticias\\\/wp-content\\\/uploads\\\/2024\\\/09\\\/Candas-365-Redes.jpg\",\"@id\":\"https:\\\/\\\/candas365.es\\\/noticias\\\/carreno-tendra-nuevos-desfibriladores-en-sus-instalaciones-deportivas\\\/#organizationLogo\",\"width\":1152,\"height\":864,\"caption\":\"Cand\\u00e1s 365 Redes\"},\"image\":{\"@id\":\"https:\\\/\\\/candas365.es\\\/noticias\\\/carreno-tendra-nuevos-desfibriladores-en-sus-instalaciones-deportivas\\\/#organizationLogo\"},\"sameAs\":[\"https:\\\/\\\/www.facebook.com\\\/Nachofdezber\",\"https:\\\/\\\/x.com\\\/NabercoDigital\",\"https:\\\/\\\/www.instagram.com\\\/nachofdezber\\\/\",\"https:\\\/\\\/www.youtube.com\\\/channel\\\/UCZP-2wLEB9Rv6erhFmqVnvg\"],\"address\":{\"@id\":\"https:\\\/\\\/candas365.es\\\/noticias\\\/#postaladdress\",\"@type\":\"PostalAddress\",\"streetAddress\":\"san antonio 4, san antonio 4\",\"postalCode\":\"33430\",\"addressLocality\":\"Cand\\u00e1s\",\"addressRegion\":\"Asturias\",\"addressCountry\":\"ES\"}},{\"@type\":\"Person\",\"@id\":\"https:\\\/\\\/candas365.es\\\/noticias\\\/author\\\/admin\\\/#author\",\"url\":\"https:\\\/\\\/candas365.es\\\/noticias\\\/author\\\/admin\\\/\",\"name\":\"Cand\\u00e1s 365\",\"image\":{\"@type\":\"ImageObject\",\"@id\":\"https:\\\/\\\/candas365.es\\\/noticias\\\/carreno-tendra-nuevos-desfibriladores-en-sus-instalaciones-deportivas\\\/#authorImage\",\"url\":\"https:\\\/\\\/secure.gravatar.com\\\/avatar\\\/496a8e03d0c493ede1718b7934145dbdf8d89be1036b0eec9544e1094c9de390?s=96&d=mm&r=g\",\"width\":96,\"height\":96,\"caption\":\"Cand\\u00e1s 365\"},\"sameAs\":[\"https:\\\/\\\/www.facebook.com\\\/carrenoactualidad\",\"https:\\\/\\\/twitter.com\\\/nbasturias\",\"https:\\\/\\\/www.instagram.com\\\/nachofdezber\\\/\",\"https:\\\/\\\/www.youtube.com\\\/channel\\\/UCZP-2wLEB9Rv6erhFmqVnvg\"]},{\"@type\":\"WebPage\",\"@id\":\"https:\\\/\\\/candas365.es\\\/noticias\\\/carreno-tendra-nuevos-desfibriladores-en-sus-instalaciones-deportivas\\\/#webpage\",\"url\":\"https:\\\/\\\/candas365.es\\\/noticias\\\/carreno-tendra-nuevos-desfibriladores-en-sus-instalaciones-deportivas\\\/\",\"name\":\"Carre\\u00f1o tendr\\u00e1 nuevos desfibriladores en sus instalaciones deportivas | Cand\\u00e1s 365\",\"description\":\"En Carre\\u00f1o se instalar\\u00e1n cuatro nuevos desfibriladores en las instalaciones deportivas del concejo. Para su adquisici\\u00f3n se cont\\u00f3 con el asesoramiento del m\\u00e9dico experto en medicina deportiva, Vicente Gonz\\u00e1lez, qui\\u00e9n a su vez, es coordinador de la mesa de salud local. \\\"Se renovar\\u00e1 el DEA existente en el Polideportivo Municipal \\u201cVicente L\\u00f3pez Carril\\u201d de Cand\\u00e1s.\",\"inLanguage\":\"es-ES\",\"isPartOf\":{\"@id\":\"https:\\\/\\\/candas365.es\\\/noticias\\\/#website\"},\"breadcrumb\":{\"@id\":\"https:\\\/\\\/candas365.es\\\/noticias\\\/carreno-tendra-nuevos-desfibriladores-en-sus-instalaciones-deportivas\\\/#breadcrumblist\"},\"author\":{\"@id\":\"https:\\\/\\\/candas365.es\\\/noticias\\\/author\\\/admin\\\/#author\"},\"creator\":{\"@id\":\"https:\\\/\\\/candas365.es\\\/noticias\\\/author\\\/admin\\\/#author\"},\"image\":{\"@type\":\"ImageObject\",\"url\":\"https:\\\/\\\/candas365.es\\\/noticias\\\/wp-content\\\/uploads\\\/2019\\\/01\\\/Desfrilador.jpg\",\"@id\":\"https:\\\/\\\/candas365.es\\\/noticias\\\/carreno-tendra-nuevos-desfibriladores-en-sus-instalaciones-deportivas\\\/#mainImage\",\"width\":960,\"height\":1280},\"primaryImageOfPage\":{\"@id\":\"https:\\\/\\\/candas365.es\\\/noticias\\\/carreno-tendra-nuevos-desfibriladores-en-sus-instalaciones-deportivas\\\/#mainImage\"},\"datePublished\":\"2019-01-06T14:30:16+01:00\",\"dateModified\":\"2019-01-06T14:30:16+01:00\"},{\"@type\":\"WebSite\",\"@id\":\"https:\\\/\\\/candas365.es\\\/noticias\\\/#website\",\"url\":\"https:\\\/\\\/candas365.es\\\/noticias\\\/\",\"name\":\"Cand\\u00e1s 365\",\"alternateName\":\"Cand\\u00e1s 365 Noticias\",\"description\":\"Actualidad desde Carre\\u00f1o para el mundo\",\"inLanguage\":\"es-ES\",\"publisher\":{\"@id\":\"https:\\\/\\\/candas365.es\\\/noticias\\\/#organization\"}}]}\n\t\t<\/script>\n\t\t<!-- All in One SEO Pro -->\r\n\t\t<title>Carre\u00f1o tendr\u00e1 nuevos desfibriladores en sus instalaciones deportivas | Cand\u00e1s 365<\/title>\n\n","aioseo_head_json":{"title":"Carre\u00f1o tendr\u00e1 nuevos desfibriladores en sus instalaciones deportivas | Cand\u00e1s 365","description":"En Carre\u00f1o se instalar\u00e1n cuatro nuevos desfibriladores en las instalaciones deportivas del concejo. Para su adquisici\u00f3n se cont\u00f3 con el asesoramiento del m\u00e9dico experto en medicina deportiva, Vicente Gonz\u00e1lez, qui\u00e9n a su vez, es coordinador de la mesa de salud local. \"Se renovar\u00e1 el DEA existente en el Polideportivo Municipal \u201cVicente L\u00f3pez Carril\u201d de Cand\u00e1s.","canonical_url":"https:\/\/candas365.es\/noticias\/carreno-tendra-nuevos-desfibriladores-en-sus-instalaciones-deportivas\/","robots":"max-image-preview:large","keywords":"noticias carre\u00f1o","webmasterTools":{"google-site-verification":"UA-32230408-1","msvalidate.01":"354F3CDFB2DA171B47FBE9ABF1F88D5","miscellaneous":""},"schema":{"@context":"https:\/\/schema.org","@graph":[{"@type":"BreadcrumbList","@id":"https:\/\/candas365.es\/noticias\/carreno-tendra-nuevos-desfibriladores-en-sus-instalaciones-deportivas\/#breadcrumblist","itemListElement":[{"@type":"ListItem","@id":"https:\/\/candas365.es\/noticias#listItem","position":1,"name":"Home","item":"https:\/\/candas365.es\/noticias","nextItem":{"@type":"ListItem","@id":"https:\/\/candas365.es\/noticias\/category\/noticias-carreno\/#listItem","name":"Noticias Carre\u00f1o"}},{"@type":"ListItem","@id":"https:\/\/candas365.es\/noticias\/category\/noticias-carreno\/#listItem","position":2,"name":"Noticias Carre\u00f1o","item":"https:\/\/candas365.es\/noticias\/category\/noticias-carreno\/","nextItem":{"@type":"ListItem","@id":"https:\/\/candas365.es\/noticias\/carreno-tendra-nuevos-desfibriladores-en-sus-instalaciones-deportivas\/#listItem","name":"Carre\u00f1o tendr\u00e1 nuevos desfibriladores en sus instalaciones deportivas"},"previousItem":{"@type":"ListItem","@id":"https:\/\/candas365.es\/noticias#listItem","name":"Home"}},{"@type":"ListItem","@id":"https:\/\/candas365.es\/noticias\/carreno-tendra-nuevos-desfibriladores-en-sus-instalaciones-deportivas\/#listItem","position":3,"name":"Carre\u00f1o tendr\u00e1 nuevos desfibriladores en sus instalaciones deportivas","previousItem":{"@type":"ListItem","@id":"https:\/\/candas365.es\/noticias\/category\/noticias-carreno\/#listItem","name":"Noticias Carre\u00f1o"}}]},{"@type":"NewsArticle","@id":"https:\/\/candas365.es\/noticias\/carreno-tendra-nuevos-desfibriladores-en-sus-instalaciones-deportivas\/#newsarticle","name":"Carre\u00f1o tendr\u00e1 nuevos desfibriladores en sus instalaciones deportivas | Cand\u00e1s 365","headline":"Carre\u00f1o tendr\u00e1 nuevos desfibriladores en sus instalaciones deportivas","author":{"@id":"https:\/\/candas365.es\/noticias\/author\/admin\/#author"},"publisher":{"@id":"https:\/\/candas365.es\/noticias\/#organization"},"image":{"@type":"ImageObject","url":"https:\/\/candas365.es\/noticias\/wp-content\/uploads\/2019\/01\/Desfrilador.jpg","width":960,"height":1280},"datePublished":"2019-01-06T14:30:16+01:00","dateModified":"2019-01-06T14:30:16+01:00","inLanguage":"es-ES","mainEntityOfPage":{"@id":"https:\/\/candas365.es\/noticias\/carreno-tendra-nuevos-desfibriladores-en-sus-instalaciones-deportivas\/#webpage"},"isPartOf":{"@id":"https:\/\/candas365.es\/noticias\/carreno-tendra-nuevos-desfibriladores-en-sus-instalaciones-deportivas\/#webpage"},"articleSection":"Noticias Carre\u00f1o","dateline":"Publicado el enero 6, 2019."},{"@type":"Organization","@id":"https:\/\/candas365.es\/noticias\/#organization","name":"Cand\u00e1s 365","description":"Cand\u00e1s 365 es un diario digital independiente, fundado en 2012, con base en Asturias. Informamos con rigor sobre actualidad, sociedad, cultura y ocio, con una mirada local y global.","url":"https:\/\/candas365.es\/noticias\/","email":"info@candas365.es","telephone":"+34652131393","foundingDate":"2012-06-10","logo":{"@type":"ImageObject","url":"https:\/\/candas365.es\/noticias\/wp-content\/uploads\/2024\/09\/Candas-365-Redes.jpg","@id":"https:\/\/candas365.es\/noticias\/carreno-tendra-nuevos-desfibriladores-en-sus-instalaciones-deportivas\/#organizationLogo","width":1152,"height":864,"caption":"Cand\u00e1s 365 Redes"},"image":{"@id":"https:\/\/candas365.es\/noticias\/carreno-tendra-nuevos-desfibriladores-en-sus-instalaciones-deportivas\/#organizationLogo"},"sameAs":["https:\/\/www.facebook.com\/Nachofdezber","https:\/\/x.com\/NabercoDigital","https:\/\/www.instagram.com\/nachofdezber\/","https:\/\/www.youtube.com\/channel\/UCZP-2wLEB9Rv6erhFmqVnvg"],"address":{"@id":"https:\/\/candas365.es\/noticias\/#postaladdress","@type":"PostalAddress","streetAddress":"san antonio 4, san antonio 4","postalCode":"33430","addressLocality":"Cand\u00e1s","addressRegion":"Asturias","addressCountry":"ES"}},{"@type":"Person","@id":"https:\/\/candas365.es\/noticias\/author\/admin\/#author","url":"https:\/\/candas365.es\/noticias\/author\/admin\/","name":"Cand\u00e1s 365","image":{"@type":"ImageObject","@id":"https:\/\/candas365.es\/noticias\/carreno-tendra-nuevos-desfibriladores-en-sus-instalaciones-deportivas\/#authorImage","url":"https:\/\/secure.gravatar.com\/avatar\/496a8e03d0c493ede1718b7934145dbdf8d89be1036b0eec9544e1094c9de390?s=96&d=mm&r=g","width":96,"height":96,"caption":"Cand\u00e1s 365"},"sameAs":["https:\/\/www.facebook.com\/carrenoactualidad","https:\/\/twitter.com\/nbasturias","https:\/\/www.instagram.com\/nachofdezber\/","https:\/\/www.youtube.com\/channel\/UCZP-2wLEB9Rv6erhFmqVnvg"]},{"@type":"WebPage","@id":"https:\/\/candas365.es\/noticias\/carreno-tendra-nuevos-desfibriladores-en-sus-instalaciones-deportivas\/#webpage","url":"https:\/\/candas365.es\/noticias\/carreno-tendra-nuevos-desfibriladores-en-sus-instalaciones-deportivas\/","name":"Carre\u00f1o tendr\u00e1 nuevos desfibriladores en sus instalaciones deportivas | Cand\u00e1s 365","description":"En Carre\u00f1o se instalar\u00e1n cuatro nuevos desfibriladores en las instalaciones deportivas del concejo. Para su adquisici\u00f3n se cont\u00f3 con el asesoramiento del m\u00e9dico experto en medicina deportiva, Vicente Gonz\u00e1lez, qui\u00e9n a su vez, es coordinador de la mesa de salud local. \"Se renovar\u00e1 el DEA existente en el Polideportivo Municipal \u201cVicente L\u00f3pez Carril\u201d de Cand\u00e1s.","inLanguage":"es-ES","isPartOf":{"@id":"https:\/\/candas365.es\/noticias\/#website"},"breadcrumb":{"@id":"https:\/\/candas365.es\/noticias\/carreno-tendra-nuevos-desfibriladores-en-sus-instalaciones-deportivas\/#breadcrumblist"},"author":{"@id":"https:\/\/candas365.es\/noticias\/author\/admin\/#author"},"creator":{"@id":"https:\/\/candas365.es\/noticias\/author\/admin\/#author"},"image":{"@type":"ImageObject","url":"https:\/\/candas365.es\/noticias\/wp-content\/uploads\/2019\/01\/Desfrilador.jpg","@id":"https:\/\/candas365.es\/noticias\/carreno-tendra-nuevos-desfibriladores-en-sus-instalaciones-deportivas\/#mainImage","width":960,"height":1280},"primaryImageOfPage":{"@id":"https:\/\/candas365.es\/noticias\/carreno-tendra-nuevos-desfibriladores-en-sus-instalaciones-deportivas\/#mainImage"},"datePublished":"2019-01-06T14:30:16+01:00","dateModified":"2019-01-06T14:30:16+01:00"},{"@type":"WebSite","@id":"https:\/\/candas365.es\/noticias\/#website","url":"https:\/\/candas365.es\/noticias\/","name":"Cand\u00e1s 365","alternateName":"Cand\u00e1s 365 Noticias","description":"Actualidad desde Carre\u00f1o para el mundo","inLanguage":"es-ES","publisher":{"@id":"https:\/\/candas365.es\/noticias\/#organization"}}]},"og:locale":"es_ES","og:site_name":"Cand\u00e1s 365","og:type":"article","og:title":"Carre\u00f1o tendr\u00e1 nuevos desfibriladores en sus instalaciones deportivas | Cand\u00e1s 365","og:description":"En Carre\u00f1o se instalar\u00e1n cuatro nuevos desfibriladores en las instalaciones deportivas del concejo. Para su adquisici\u00f3n se cont\u00f3 con el asesoramiento del m\u00e9dico experto en medicina deportiva, Vicente Gonz\u00e1lez, qui\u00e9n a su vez, es coordinador de la mesa de salud local. &quot;Se renovar\u00e1 el DEA existente en el Polideportivo Municipal \u201cVicente L\u00f3pez Carril\u201d de Cand\u00e1s.","og:url":"https:\/\/candas365.es\/noticias\/carreno-tendra-nuevos-desfibriladores-en-sus-instalaciones-deportivas\/","og:image":"https:\/\/candas365.es\/noticias\/wp-content\/uploads\/2019\/01\/Desfrilador.jpg","og:image:secure_url":"https:\/\/candas365.es\/noticias\/wp-content\/uploads\/2019\/01\/Desfrilador.jpg","og:image:width":960,"og:image:height":1280,"article:published_time":"2019-01-06T14:30:16+00:00","article:modified_time":"2019-01-06T14:30:16+00:00","article:publisher":"https:\/\/www.facebook.com\/Nachofdezber","article:author":"https:\/\/www.facebook.com\/carrenoactualidad","twitter:card":"summary_large_image","twitter:site":"@NabercoDigital","twitter:title":"Carre\u00f1o tendr\u00e1 nuevos desfibriladores en sus instalaciones deportivas | Cand\u00e1s 365","twitter:description":"En Carre\u00f1o se instalar\u00e1n cuatro nuevos desfibriladores en las instalaciones deportivas del concejo. Para su adquisici\u00f3n se cont\u00f3 con el asesoramiento del m\u00e9dico experto en medicina deportiva, Vicente Gonz\u00e1lez, qui\u00e9n a su vez, es coordinador de la mesa de salud local. &quot;Se renovar\u00e1 el DEA existente en el Polideportivo Municipal \u201cVicente L\u00f3pez Carril\u201d de Cand\u00e1s.","twitter:creator":"@nbasturias","twitter:image":"https:\/\/candas365.es\/noticias\/wp-content\/uploads\/2019\/01\/Desfrilador.jpg","twitter:label1":"Escrito por","twitter:data1":"Cand\u00e1s 365","twitter:label2":"Tiempo de lectura estimado","twitter:data2":"5 minutos"},"aioseo_meta_data":{"post_id":"113547","title":null,"description":null,"keywords":null,"keyphrases":null,"primary_term":null,"canonical_url":null,"og_title":null,"og_description":null,"og_object_type":"default","og_image_type":"default","og_image_url":null,"og_image_width":null,"og_image_height":null,"og_image_custom_url":null,"og_image_custom_fields":null,"og_video":null,"og_custom_url":null,"og_article_section":null,"og_article_tags":null,"twitter_use_og":false,"twitter_card":"default","twitter_image_type":"default","twitter_image_url":null,"twitter_image_custom_url":null,"twitter_image_custom_fields":null,"twitter_title":null,"twitter_description":null,"schema":{"blockGraphs":[],"customGraphs":[],"default":{"data":{"Article":[],"Course":[],"Dataset":[],"FAQPage":[],"Movie":[],"Person":[],"Product":[],"ProductReview":[],"Car":[],"Recipe":[],"Service":[],"SoftwareApplication":[],"WebPage":[]},"graphName":"","isEnabled":true},"graphs":[],"defaultGraph":"","defaultPostTypeGraph":""},"schema_type":null,"schema_type_options":null,"pillar_content":false,"robots_default":true,"robots_noindex":false,"robots_noarchive":false,"robots_nosnippet":false,"robots_nofollow":false,"robots_noimageindex":false,"robots_noodp":false,"robots_notranslate":false,"robots_max_snippet":null,"robots_max_videopreview":null,"robots_max_imagepreview":"large","priority":null,"frequency":null,"location":null,"local_seo":null,"seo_analyzer_scan_date":"2025-08-28 21:39:26","breadcrumb_settings":null,"limit_modified_date":false,"reviewed_by":null,"open_ai":null,"ai":null,"created":"2020-12-21 11:27:55","updated":"2025-08-28 21:39:26"},"aioseo_breadcrumb":"<div class=\"aioseo-breadcrumbs\"><span class=\"aioseo-breadcrumb\">\n\t<a href=\"https:\/\/candas365.es\/noticias\" title=\"Home\">Home<\/a>\n<\/span><span class=\"aioseo-breadcrumb-separator\">&ndash;<\/span><span class=\"aioseo-breadcrumb\">\n\t<a href=\"https:\/\/candas365.es\/noticias\/category\/noticias-carreno\/\" title=\"Noticias Carre\u00f1o\">Noticias Carre\u00f1o<\/a>\n<\/span><span class=\"aioseo-breadcrumb-separator\">&ndash;<\/span><span class=\"aioseo-breadcrumb\">\n\tCarre\u00f1o tendr\u00e1 nuevos desfibriladores en sus instalaciones deportivas\n<\/span><\/div>","aioseo_breadcrumb_json":[{"label":"Home","link":"https:\/\/candas365.es\/noticias"},{"label":"Noticias Carre\u00f1o","link":"https:\/\/candas365.es\/noticias\/category\/noticias-carreno\/"},{"label":"Carre\u00f1o tendr\u00e1 nuevos desfibriladores en sus instalaciones deportivas","link":"https:\/\/candas365.es\/noticias\/carreno-tendra-nuevos-desfibriladores-en-sus-instalaciones-deportivas\/"}],"_links":{"self":[{"href":"https:\/\/candas365.es\/noticias\/wp-json\/wp\/v2\/posts\/113547","targetHints":{"allow":["GET"]}}],"collection":[{"href":"https:\/\/candas365.es\/noticias\/wp-json\/wp\/v2\/posts"}],"about":[{"href":"https:\/\/candas365.es\/noticias\/wp-json\/wp\/v2\/types\/post"}],"author":[{"embeddable":true,"href":"https:\/\/candas365.es\/noticias\/wp-json\/wp\/v2\/users\/1"}],"replies":[{"embeddable":true,"href":"https:\/\/candas365.es\/noticias\/wp-json\/wp\/v2\/comments?post=113547"}],"version-history":[{"count":0,"href":"https:\/\/candas365.es\/noticias\/wp-json\/wp\/v2\/posts\/113547\/revisions"}],"wp:featuredmedia":[{"embeddable":true,"href":"https:\/\/candas365.es\/noticias\/wp-json\/wp\/v2\/media\/113550"}],"wp:attachment":[{"href":"https:\/\/candas365.es\/noticias\/wp-json\/wp\/v2\/media?parent=113547"}],"wp:term":[{"taxonomy":"category","embeddable":true,"href":"https:\/\/candas365.es\/noticias\/wp-json\/wp\/v2\/categories?post=113547"},{"taxonomy":"post_tag","embeddable":true,"href":"https:\/\/candas365.es\/noticias\/wp-json\/wp\/v2\/tags?post=113547"}],"curies":[{"name":"wp","href":"https:\/\/api.w.org\/{rel}","templated":true}]}}