{"id":113543,"date":"2019-01-06T12:50:26","date_gmt":"2019-01-06T12:50:26","guid":{"rendered":"http:\/\/candas365.es\/noticias\/?p=113543"},"modified":"2019-01-06T13:05:45","modified_gmt":"2019-01-06T13:05:45","slug":"el-nino-del-2019-ha-sido-para-el-37142","status":"publish","type":"post","link":"https:\/\/candas365.es\/noticias\/el-nino-del-2019-ha-sido-para-el-37142\/","title":{"rendered":"El Ni\u00f1o del 2019 ha sido para el 37142"},"content":{"rendered":"<p><img fetchpriority=\"high\" decoding=\"async\" class=\"alignleft size-medium wp-image-112581\" src=\"https:\/\/candas365.es\/noticias\/wp-content\/uploads\/2018\/12\/europe-175773_960_720-307x300.jpg\" alt=\"\" width=\"307\" height=\"300\" srcset=\"https:\/\/candas365.es\/noticias\/wp-content\/uploads\/2018\/12\/europe-175773_960_720-307x300.jpg 307w, https:\/\/candas365.es\/noticias\/wp-content\/uploads\/2018\/12\/europe-175773_960_720-491x480.jpg 491w, https:\/\/candas365.es\/noticias\/wp-content\/uploads\/2018\/12\/europe-175773_960_720-696x681.jpg 696w, https:\/\/candas365.es\/noticias\/wp-content\/uploads\/2018\/12\/europe-175773_960_720-429x420.jpg 429w, https:\/\/candas365.es\/noticias\/wp-content\/uploads\/2018\/12\/europe-175773_960_720.jpg 736w\" sizes=\"(max-width: 307px) 100vw, 307px\" \/>En el sorteo de la Loter\u00eda Nacional de hoy domingo 6 de enero de 2019, sorteo Extraordinario de \u201cEl Ni\u00f1o\u201d, el Primer Premio ha sido para <strong>el n\u00famero 37142<\/strong>, vendido en Barcelona<\/p>\n<p>Segundo Premio para <strong>el n\u00famero 61776<\/strong>, vendido en Asturias en Oviedo y en el Centro Comercial Azabache de La Fresneda y en PALMA DE MALLORCA, MIRANDA DE EBRO, A CORU\u00d1A, RIVAS-VACIAMADRID, MOR\u00d3N DE LA FRONTERA, AJALVIR, MOJ\u00c1CAR entre muchas localidades espa\u00f1olas.<\/p>\n<p>Tercer Premio para <strong>el n\u00famero 20148<\/strong>, vendido en Sabadell<\/p>\n<p>Han sido premiadas adem\u00e1s con <strong>3500 euros a la serie<\/strong> las siguientes extracciones 3297 y 3905<\/p>\n<p>Y han obtenido un premio de <strong>1000 euros a la serie<\/strong> los siguientes n\u00fameros 245, 647, 932, 172, 586, 446, 200, 028, 149, 154, 397, 515, 129 y 791<\/p>\n<p>Con <strong>400 euros a la serie<\/strong> han sido premiados los siguientes n\u00fameros 58, 18, 78, 00 y 95<\/p>\n<p>Y han obtenido un reintegro de 20 euros los n\u00fameros terminados en 2, 8 y 0<\/p>\n<p>Enhorabuena a los afortunados.<\/p>\n","protected":false},"excerpt":{"rendered":"<p>En el sorteo de la Loter\u00eda Nacional de hoy domingo 6 de enero de 2019, sorteo Extraordinario de \u201cEl Ni\u00f1o\u201d, el Primer Premio ha sido para el n\u00famero 37142, vendido en Barcelona Segundo Premio para el n\u00famero 61776, vendido en Asturias en Oviedo y en el Centro Comercial Azabache de La Fresneda y en PALMA<\/p>\n","protected":false},"author":1,"featured_media":112581,"comment_status":"closed","ping_status":"closed","sticky":false,"template":"","format":"standard","meta":{"footnotes":""},"categories":[343],"tags":[],"class_list":{"0":"post-113543","1":"post","2":"type-post","3":"status-publish","4":"format-standard","5":"has-post-thumbnail","7":"category-actualidad"},"aioseo_notices":[],"aioseo_head":"\n\t\t<!-- All in One SEO Pro 4.9.6.2 - aioseo.com -->\n\t<meta name=\"description\" content=\"En el sorteo de la Loter\u00eda Nacional de hoy domingo 6 de enero de 2019, sorteo Extraordinario de \u201cEl Ni\u00f1o\u201d, el Primer Premio ha sido para el n\u00famero 37142, vendido en Barcelona Segundo Premio para el n\u00famero 61776, vendido en Asturias en Oviedo y en el Centro Comercial Azabache de La Fresneda y en PALMA\" \/>\n\t<meta name=\"robots\" content=\"max-image-preview:large\" \/>\n\t<meta name=\"author\" content=\"Cand\u00e1s 365\"\/>\n\t<meta name=\"google-site-verification\" content=\"UA-32230408-1\" \/>\n\t<meta name=\"msvalidate.01\" content=\"354F3CDFB2DA171B47FBE9ABF1F88D5\" \/>\n\t<meta name=\"keywords\" content=\"actualidad\" \/>\n\t<link rel=\"canonical\" href=\"https:\/\/candas365.es\/noticias\/el-nino-del-2019-ha-sido-para-el-37142\/\" \/>\n\t<meta name=\"generator\" content=\"All in One SEO Pro (AIOSEO) 4.9.6.2\" \/>\n\t\t<meta property=\"og:locale\" content=\"es_ES\" \/>\n\t\t<meta property=\"og:site_name\" content=\"Cand\u00e1s 365\" \/>\n\t\t<meta property=\"og:type\" content=\"article\" \/>\n\t\t<meta property=\"og:title\" content=\"El Ni\u00f1o del 2019 ha sido para el 37142 | Cand\u00e1s 365\" \/>\n\t\t<meta property=\"og:description\" content=\"En el sorteo de la Loter\u00eda Nacional de hoy domingo 6 de enero de 2019, sorteo Extraordinario de \u201cEl Ni\u00f1o\u201d, el Primer Premio ha sido para el n\u00famero 37142, vendido en Barcelona Segundo Premio para el n\u00famero 61776, vendido en Asturias en Oviedo y en el Centro Comercial Azabache de La Fresneda y en PALMA\" \/>\n\t\t<meta property=\"og:url\" content=\"https:\/\/candas365.es\/noticias\/el-nino-del-2019-ha-sido-para-el-37142\/\" \/>\n\t\t<meta property=\"og:image\" content=\"https:\/\/candas365.es\/noticias\/wp-content\/uploads\/2018\/12\/europe-175773_960_720.jpg\" \/>\n\t\t<meta property=\"og:image:secure_url\" content=\"https:\/\/candas365.es\/noticias\/wp-content\/uploads\/2018\/12\/europe-175773_960_720.jpg\" \/>\n\t\t<meta property=\"og:image:width\" content=\"736\" \/>\n\t\t<meta property=\"og:image:height\" content=\"720\" \/>\n\t\t<meta property=\"article:published_time\" content=\"2019-01-06T12:50:26+00:00\" \/>\n\t\t<meta property=\"article:modified_time\" content=\"2019-01-06T13:05:45+00:00\" \/>\n\t\t<meta property=\"article:publisher\" content=\"https:\/\/www.facebook.com\/Nachofdezber\" \/>\n\t\t<meta property=\"article:author\" content=\"https:\/\/www.facebook.com\/carrenoactualidad\" \/>\n\t\t<meta name=\"twitter:card\" content=\"summary_large_image\" \/>\n\t\t<meta name=\"twitter:site\" content=\"@NabercoDigital\" \/>\n\t\t<meta name=\"twitter:title\" content=\"El Ni\u00f1o del 2019 ha sido para el 37142 | Cand\u00e1s 365\" \/>\n\t\t<meta name=\"twitter:description\" content=\"En el sorteo de la Loter\u00eda Nacional de hoy domingo 6 de enero de 2019, sorteo Extraordinario de \u201cEl Ni\u00f1o\u201d, el Primer Premio ha sido para el n\u00famero 37142, vendido en Barcelona Segundo Premio para el n\u00famero 61776, vendido en Asturias en Oviedo y en el Centro Comercial Azabache de La Fresneda y en PALMA\" \/>\n\t\t<meta name=\"twitter:creator\" content=\"@nbasturias\" \/>\n\t\t<meta name=\"twitter:image\" content=\"https:\/\/candas365.es\/noticias\/wp-content\/uploads\/2018\/12\/europe-175773_960_720.jpg\" \/>\n\t\t<meta name=\"twitter:label1\" content=\"Escrito por\" \/>\n\t\t<meta name=\"twitter:data1\" content=\"Cand\u00e1s 365\" \/>\n\t\t<meta name=\"twitter:label2\" content=\"Tiempo de lectura estimado\" \/>\n\t\t<meta name=\"twitter:data2\" content=\"1 minuto\" \/>\n\t\t<script type=\"application\/ld+json\" class=\"aioseo-schema\">\n\t\t\t{\"@context\":\"https:\\\/\\\/schema.org\",\"@graph\":[{\"@type\":\"BreadcrumbList\",\"@id\":\"https:\\\/\\\/candas365.es\\\/noticias\\\/el-nino-del-2019-ha-sido-para-el-37142\\\/#breadcrumblist\",\"itemListElement\":[{\"@type\":\"ListItem\",\"@id\":\"https:\\\/\\\/candas365.es\\\/noticias#listItem\",\"position\":1,\"name\":\"Home\",\"item\":\"https:\\\/\\\/candas365.es\\\/noticias\",\"nextItem\":{\"@type\":\"ListItem\",\"@id\":\"https:\\\/\\\/candas365.es\\\/noticias\\\/category\\\/actualidad\\\/#listItem\",\"name\":\"Actualidad\"}},{\"@type\":\"ListItem\",\"@id\":\"https:\\\/\\\/candas365.es\\\/noticias\\\/category\\\/actualidad\\\/#listItem\",\"position\":2,\"name\":\"Actualidad\",\"item\":\"https:\\\/\\\/candas365.es\\\/noticias\\\/category\\\/actualidad\\\/\",\"nextItem\":{\"@type\":\"ListItem\",\"@id\":\"https:\\\/\\\/candas365.es\\\/noticias\\\/el-nino-del-2019-ha-sido-para-el-37142\\\/#listItem\",\"name\":\"El Ni\\u00f1o del 2019 ha sido para el 37142\"},\"previousItem\":{\"@type\":\"ListItem\",\"@id\":\"https:\\\/\\\/candas365.es\\\/noticias#listItem\",\"name\":\"Home\"}},{\"@type\":\"ListItem\",\"@id\":\"https:\\\/\\\/candas365.es\\\/noticias\\\/el-nino-del-2019-ha-sido-para-el-37142\\\/#listItem\",\"position\":3,\"name\":\"El Ni\\u00f1o del 2019 ha sido para el 37142\",\"previousItem\":{\"@type\":\"ListItem\",\"@id\":\"https:\\\/\\\/candas365.es\\\/noticias\\\/category\\\/actualidad\\\/#listItem\",\"name\":\"Actualidad\"}}]},{\"@type\":\"NewsArticle\",\"@id\":\"https:\\\/\\\/candas365.es\\\/noticias\\\/el-nino-del-2019-ha-sido-para-el-37142\\\/#newsarticle\",\"name\":\"El Ni\\u00f1o del 2019 ha sido para el 37142 | Cand\\u00e1s 365\",\"headline\":\"El Ni\\u00f1o del 2019 ha sido para el 37142\",\"author\":{\"@id\":\"https:\\\/\\\/candas365.es\\\/noticias\\\/author\\\/admin\\\/#author\"},\"publisher\":{\"@id\":\"https:\\\/\\\/candas365.es\\\/noticias\\\/#organization\"},\"image\":{\"@type\":\"ImageObject\",\"url\":\"https:\\\/\\\/candas365.es\\\/noticias\\\/wp-content\\\/uploads\\\/2018\\\/12\\\/europe-175773_960_720.jpg\",\"width\":736,\"height\":720},\"datePublished\":\"2019-01-06T12:50:26+01:00\",\"dateModified\":\"2019-01-06T13:05:45+01:00\",\"inLanguage\":\"es-ES\",\"mainEntityOfPage\":{\"@id\":\"https:\\\/\\\/candas365.es\\\/noticias\\\/el-nino-del-2019-ha-sido-para-el-37142\\\/#webpage\"},\"isPartOf\":{\"@id\":\"https:\\\/\\\/candas365.es\\\/noticias\\\/el-nino-del-2019-ha-sido-para-el-37142\\\/#webpage\"},\"articleSection\":\"Actualidad\",\"dateline\":\"Publicado el enero 6, 2019.\"},{\"@type\":\"Organization\",\"@id\":\"https:\\\/\\\/candas365.es\\\/noticias\\\/#organization\",\"name\":\"Cand\\u00e1s 365\",\"description\":\"Cand\\u00e1s 365 es un diario digital independiente, fundado en 2012, con base en Asturias. Informamos con rigor sobre actualidad, sociedad, cultura y ocio, con una mirada local y global.\",\"url\":\"https:\\\/\\\/candas365.es\\\/noticias\\\/\",\"email\":\"info@candas365.es\",\"telephone\":\"+34652131393\",\"foundingDate\":\"2012-06-10\",\"logo\":{\"@type\":\"ImageObject\",\"url\":\"https:\\\/\\\/candas365.es\\\/noticias\\\/wp-content\\\/uploads\\\/2024\\\/09\\\/Candas-365-Redes.jpg\",\"@id\":\"https:\\\/\\\/candas365.es\\\/noticias\\\/el-nino-del-2019-ha-sido-para-el-37142\\\/#organizationLogo\",\"width\":1152,\"height\":864,\"caption\":\"Cand\\u00e1s 365 Redes\"},\"image\":{\"@id\":\"https:\\\/\\\/candas365.es\\\/noticias\\\/el-nino-del-2019-ha-sido-para-el-37142\\\/#organizationLogo\"},\"sameAs\":[\"https:\\\/\\\/www.facebook.com\\\/Nachofdezber\",\"https:\\\/\\\/x.com\\\/NabercoDigital\",\"https:\\\/\\\/www.instagram.com\\\/nachofdezber\\\/\",\"https:\\\/\\\/www.youtube.com\\\/channel\\\/UCZP-2wLEB9Rv6erhFmqVnvg\"],\"address\":{\"@id\":\"https:\\\/\\\/candas365.es\\\/noticias\\\/#postaladdress\",\"@type\":\"PostalAddress\",\"streetAddress\":\"san antonio 4, san antonio 4\",\"postalCode\":\"33430\",\"addressLocality\":\"Cand\\u00e1s\",\"addressRegion\":\"Asturias\",\"addressCountry\":\"ES\"}},{\"@type\":\"Person\",\"@id\":\"https:\\\/\\\/candas365.es\\\/noticias\\\/author\\\/admin\\\/#author\",\"url\":\"https:\\\/\\\/candas365.es\\\/noticias\\\/author\\\/admin\\\/\",\"name\":\"Cand\\u00e1s 365\",\"image\":{\"@type\":\"ImageObject\",\"@id\":\"https:\\\/\\\/candas365.es\\\/noticias\\\/el-nino-del-2019-ha-sido-para-el-37142\\\/#authorImage\",\"url\":\"https:\\\/\\\/secure.gravatar.com\\\/avatar\\\/496a8e03d0c493ede1718b7934145dbdf8d89be1036b0eec9544e1094c9de390?s=96&d=mm&r=g\",\"width\":96,\"height\":96,\"caption\":\"Cand\\u00e1s 365\"},\"sameAs\":[\"https:\\\/\\\/www.facebook.com\\\/carrenoactualidad\",\"https:\\\/\\\/twitter.com\\\/nbasturias\",\"https:\\\/\\\/www.instagram.com\\\/nachofdezber\\\/\",\"https:\\\/\\\/www.youtube.com\\\/channel\\\/UCZP-2wLEB9Rv6erhFmqVnvg\"]},{\"@type\":\"WebPage\",\"@id\":\"https:\\\/\\\/candas365.es\\\/noticias\\\/el-nino-del-2019-ha-sido-para-el-37142\\\/#webpage\",\"url\":\"https:\\\/\\\/candas365.es\\\/noticias\\\/el-nino-del-2019-ha-sido-para-el-37142\\\/\",\"name\":\"El Ni\\u00f1o del 2019 ha sido para el 37142 | Cand\\u00e1s 365\",\"description\":\"En el sorteo de la Loter\\u00eda Nacional de hoy domingo 6 de enero de 2019, sorteo Extraordinario de \\u201cEl Ni\\u00f1o\\u201d, el Primer Premio ha sido para el n\\u00famero 37142, vendido en Barcelona Segundo Premio para el n\\u00famero 61776, vendido en Asturias en Oviedo y en el Centro Comercial Azabache de La Fresneda y en PALMA\",\"inLanguage\":\"es-ES\",\"isPartOf\":{\"@id\":\"https:\\\/\\\/candas365.es\\\/noticias\\\/#website\"},\"breadcrumb\":{\"@id\":\"https:\\\/\\\/candas365.es\\\/noticias\\\/el-nino-del-2019-ha-sido-para-el-37142\\\/#breadcrumblist\"},\"author\":{\"@id\":\"https:\\\/\\\/candas365.es\\\/noticias\\\/author\\\/admin\\\/#author\"},\"creator\":{\"@id\":\"https:\\\/\\\/candas365.es\\\/noticias\\\/author\\\/admin\\\/#author\"},\"image\":{\"@type\":\"ImageObject\",\"url\":\"https:\\\/\\\/candas365.es\\\/noticias\\\/wp-content\\\/uploads\\\/2018\\\/12\\\/europe-175773_960_720.jpg\",\"@id\":\"https:\\\/\\\/candas365.es\\\/noticias\\\/el-nino-del-2019-ha-sido-para-el-37142\\\/#mainImage\",\"width\":736,\"height\":720},\"primaryImageOfPage\":{\"@id\":\"https:\\\/\\\/candas365.es\\\/noticias\\\/el-nino-del-2019-ha-sido-para-el-37142\\\/#mainImage\"},\"datePublished\":\"2019-01-06T12:50:26+01:00\",\"dateModified\":\"2019-01-06T13:05:45+01:00\"},{\"@type\":\"WebSite\",\"@id\":\"https:\\\/\\\/candas365.es\\\/noticias\\\/#website\",\"url\":\"https:\\\/\\\/candas365.es\\\/noticias\\\/\",\"name\":\"Cand\\u00e1s 365\",\"alternateName\":\"Cand\\u00e1s 365 Noticias\",\"description\":\"Actualidad desde Carre\\u00f1o para el mundo\",\"inLanguage\":\"es-ES\",\"publisher\":{\"@id\":\"https:\\\/\\\/candas365.es\\\/noticias\\\/#organization\"}}]}\n\t\t<\/script>\n\t\t<!-- All in One SEO Pro -->\r\n\t\t<title>El Ni\u00f1o del 2019 ha sido para el 37142 | Cand\u00e1s 365<\/title>\n\n","aioseo_head_json":{"title":"El Ni\u00f1o del 2019 ha sido para el 37142 | Cand\u00e1s 365","description":"En el sorteo de la Loter\u00eda Nacional de hoy domingo 6 de enero de 2019, sorteo Extraordinario de \u201cEl Ni\u00f1o\u201d, el Primer Premio ha sido para el n\u00famero 37142, vendido en Barcelona Segundo Premio para el n\u00famero 61776, vendido en Asturias en Oviedo y en el Centro Comercial Azabache de La Fresneda y en PALMA","canonical_url":"https:\/\/candas365.es\/noticias\/el-nino-del-2019-ha-sido-para-el-37142\/","robots":"max-image-preview:large","keywords":"actualidad","webmasterTools":{"google-site-verification":"UA-32230408-1","msvalidate.01":"354F3CDFB2DA171B47FBE9ABF1F88D5","miscellaneous":""},"schema":{"@context":"https:\/\/schema.org","@graph":[{"@type":"BreadcrumbList","@id":"https:\/\/candas365.es\/noticias\/el-nino-del-2019-ha-sido-para-el-37142\/#breadcrumblist","itemListElement":[{"@type":"ListItem","@id":"https:\/\/candas365.es\/noticias#listItem","position":1,"name":"Home","item":"https:\/\/candas365.es\/noticias","nextItem":{"@type":"ListItem","@id":"https:\/\/candas365.es\/noticias\/category\/actualidad\/#listItem","name":"Actualidad"}},{"@type":"ListItem","@id":"https:\/\/candas365.es\/noticias\/category\/actualidad\/#listItem","position":2,"name":"Actualidad","item":"https:\/\/candas365.es\/noticias\/category\/actualidad\/","nextItem":{"@type":"ListItem","@id":"https:\/\/candas365.es\/noticias\/el-nino-del-2019-ha-sido-para-el-37142\/#listItem","name":"El Ni\u00f1o del 2019 ha sido para el 37142"},"previousItem":{"@type":"ListItem","@id":"https:\/\/candas365.es\/noticias#listItem","name":"Home"}},{"@type":"ListItem","@id":"https:\/\/candas365.es\/noticias\/el-nino-del-2019-ha-sido-para-el-37142\/#listItem","position":3,"name":"El Ni\u00f1o del 2019 ha sido para el 37142","previousItem":{"@type":"ListItem","@id":"https:\/\/candas365.es\/noticias\/category\/actualidad\/#listItem","name":"Actualidad"}}]},{"@type":"NewsArticle","@id":"https:\/\/candas365.es\/noticias\/el-nino-del-2019-ha-sido-para-el-37142\/#newsarticle","name":"El Ni\u00f1o del 2019 ha sido para el 37142 | Cand\u00e1s 365","headline":"El Ni\u00f1o del 2019 ha sido para el 37142","author":{"@id":"https:\/\/candas365.es\/noticias\/author\/admin\/#author"},"publisher":{"@id":"https:\/\/candas365.es\/noticias\/#organization"},"image":{"@type":"ImageObject","url":"https:\/\/candas365.es\/noticias\/wp-content\/uploads\/2018\/12\/europe-175773_960_720.jpg","width":736,"height":720},"datePublished":"2019-01-06T12:50:26+01:00","dateModified":"2019-01-06T13:05:45+01:00","inLanguage":"es-ES","mainEntityOfPage":{"@id":"https:\/\/candas365.es\/noticias\/el-nino-del-2019-ha-sido-para-el-37142\/#webpage"},"isPartOf":{"@id":"https:\/\/candas365.es\/noticias\/el-nino-del-2019-ha-sido-para-el-37142\/#webpage"},"articleSection":"Actualidad","dateline":"Publicado el enero 6, 2019."},{"@type":"Organization","@id":"https:\/\/candas365.es\/noticias\/#organization","name":"Cand\u00e1s 365","description":"Cand\u00e1s 365 es un diario digital independiente, fundado en 2012, con base en Asturias. Informamos con rigor sobre actualidad, sociedad, cultura y ocio, con una mirada local y global.","url":"https:\/\/candas365.es\/noticias\/","email":"info@candas365.es","telephone":"+34652131393","foundingDate":"2012-06-10","logo":{"@type":"ImageObject","url":"https:\/\/candas365.es\/noticias\/wp-content\/uploads\/2024\/09\/Candas-365-Redes.jpg","@id":"https:\/\/candas365.es\/noticias\/el-nino-del-2019-ha-sido-para-el-37142\/#organizationLogo","width":1152,"height":864,"caption":"Cand\u00e1s 365 Redes"},"image":{"@id":"https:\/\/candas365.es\/noticias\/el-nino-del-2019-ha-sido-para-el-37142\/#organizationLogo"},"sameAs":["https:\/\/www.facebook.com\/Nachofdezber","https:\/\/x.com\/NabercoDigital","https:\/\/www.instagram.com\/nachofdezber\/","https:\/\/www.youtube.com\/channel\/UCZP-2wLEB9Rv6erhFmqVnvg"],"address":{"@id":"https:\/\/candas365.es\/noticias\/#postaladdress","@type":"PostalAddress","streetAddress":"san antonio 4, san antonio 4","postalCode":"33430","addressLocality":"Cand\u00e1s","addressRegion":"Asturias","addressCountry":"ES"}},{"@type":"Person","@id":"https:\/\/candas365.es\/noticias\/author\/admin\/#author","url":"https:\/\/candas365.es\/noticias\/author\/admin\/","name":"Cand\u00e1s 365","image":{"@type":"ImageObject","@id":"https:\/\/candas365.es\/noticias\/el-nino-del-2019-ha-sido-para-el-37142\/#authorImage","url":"https:\/\/secure.gravatar.com\/avatar\/496a8e03d0c493ede1718b7934145dbdf8d89be1036b0eec9544e1094c9de390?s=96&d=mm&r=g","width":96,"height":96,"caption":"Cand\u00e1s 365"},"sameAs":["https:\/\/www.facebook.com\/carrenoactualidad","https:\/\/twitter.com\/nbasturias","https:\/\/www.instagram.com\/nachofdezber\/","https:\/\/www.youtube.com\/channel\/UCZP-2wLEB9Rv6erhFmqVnvg"]},{"@type":"WebPage","@id":"https:\/\/candas365.es\/noticias\/el-nino-del-2019-ha-sido-para-el-37142\/#webpage","url":"https:\/\/candas365.es\/noticias\/el-nino-del-2019-ha-sido-para-el-37142\/","name":"El Ni\u00f1o del 2019 ha sido para el 37142 | Cand\u00e1s 365","description":"En el sorteo de la Loter\u00eda Nacional de hoy domingo 6 de enero de 2019, sorteo Extraordinario de \u201cEl Ni\u00f1o\u201d, el Primer Premio ha sido para el n\u00famero 37142, vendido en Barcelona Segundo Premio para el n\u00famero 61776, vendido en Asturias en Oviedo y en el Centro Comercial Azabache de La Fresneda y en PALMA","inLanguage":"es-ES","isPartOf":{"@id":"https:\/\/candas365.es\/noticias\/#website"},"breadcrumb":{"@id":"https:\/\/candas365.es\/noticias\/el-nino-del-2019-ha-sido-para-el-37142\/#breadcrumblist"},"author":{"@id":"https:\/\/candas365.es\/noticias\/author\/admin\/#author"},"creator":{"@id":"https:\/\/candas365.es\/noticias\/author\/admin\/#author"},"image":{"@type":"ImageObject","url":"https:\/\/candas365.es\/noticias\/wp-content\/uploads\/2018\/12\/europe-175773_960_720.jpg","@id":"https:\/\/candas365.es\/noticias\/el-nino-del-2019-ha-sido-para-el-37142\/#mainImage","width":736,"height":720},"primaryImageOfPage":{"@id":"https:\/\/candas365.es\/noticias\/el-nino-del-2019-ha-sido-para-el-37142\/#mainImage"},"datePublished":"2019-01-06T12:50:26+01:00","dateModified":"2019-01-06T13:05:45+01:00"},{"@type":"WebSite","@id":"https:\/\/candas365.es\/noticias\/#website","url":"https:\/\/candas365.es\/noticias\/","name":"Cand\u00e1s 365","alternateName":"Cand\u00e1s 365 Noticias","description":"Actualidad desde Carre\u00f1o para el mundo","inLanguage":"es-ES","publisher":{"@id":"https:\/\/candas365.es\/noticias\/#organization"}}]},"og:locale":"es_ES","og:site_name":"Cand\u00e1s 365","og:type":"article","og:title":"El Ni\u00f1o del 2019 ha sido para el 37142 | Cand\u00e1s 365","og:description":"En el sorteo de la Loter\u00eda Nacional de hoy domingo 6 de enero de 2019, sorteo Extraordinario de \u201cEl Ni\u00f1o\u201d, el Primer Premio ha sido para el n\u00famero 37142, vendido en Barcelona Segundo Premio para el n\u00famero 61776, vendido en Asturias en Oviedo y en el Centro Comercial Azabache de La Fresneda y en PALMA","og:url":"https:\/\/candas365.es\/noticias\/el-nino-del-2019-ha-sido-para-el-37142\/","og:image":"https:\/\/candas365.es\/noticias\/wp-content\/uploads\/2018\/12\/europe-175773_960_720.jpg","og:image:secure_url":"https:\/\/candas365.es\/noticias\/wp-content\/uploads\/2018\/12\/europe-175773_960_720.jpg","og:image:width":736,"og:image:height":720,"article:published_time":"2019-01-06T12:50:26+00:00","article:modified_time":"2019-01-06T13:05:45+00:00","article:publisher":"https:\/\/www.facebook.com\/Nachofdezber","article:author":"https:\/\/www.facebook.com\/carrenoactualidad","twitter:card":"summary_large_image","twitter:site":"@NabercoDigital","twitter:title":"El Ni\u00f1o del 2019 ha sido para el 37142 | Cand\u00e1s 365","twitter:description":"En el sorteo de la Loter\u00eda Nacional de hoy domingo 6 de enero de 2019, sorteo Extraordinario de \u201cEl Ni\u00f1o\u201d, el Primer Premio ha sido para el n\u00famero 37142, vendido en Barcelona Segundo Premio para el n\u00famero 61776, vendido en Asturias en Oviedo y en el Centro Comercial Azabache de La Fresneda y en PALMA","twitter:creator":"@nbasturias","twitter:image":"https:\/\/candas365.es\/noticias\/wp-content\/uploads\/2018\/12\/europe-175773_960_720.jpg","twitter:label1":"Escrito por","twitter:data1":"Cand\u00e1s 365","twitter:label2":"Tiempo de lectura estimado","twitter:data2":"1 minuto"},"aioseo_meta_data":{"post_id":"113543","title":null,"description":null,"keywords":null,"keyphrases":null,"primary_term":null,"canonical_url":null,"og_title":null,"og_description":null,"og_object_type":"default","og_image_type":"default","og_image_url":null,"og_image_width":null,"og_image_height":null,"og_image_custom_url":null,"og_image_custom_fields":null,"og_video":null,"og_custom_url":null,"og_article_section":null,"og_article_tags":null,"twitter_use_og":false,"twitter_card":"default","twitter_image_type":"default","twitter_image_url":null,"twitter_image_custom_url":null,"twitter_image_custom_fields":null,"twitter_title":null,"twitter_description":null,"schema":{"blockGraphs":[],"customGraphs":[],"default":{"data":{"Article":[],"Course":[],"Dataset":[],"FAQPage":[],"Movie":[],"Person":[],"Product":[],"ProductReview":[],"Car":[],"Recipe":[],"Service":[],"SoftwareApplication":[],"WebPage":[]},"graphName":"","isEnabled":true},"graphs":[]},"schema_type":null,"schema_type_options":null,"pillar_content":false,"robots_default":true,"robots_noindex":false,"robots_noarchive":false,"robots_nosnippet":false,"robots_nofollow":false,"robots_noimageindex":false,"robots_noodp":false,"robots_notranslate":false,"robots_max_snippet":null,"robots_max_videopreview":null,"robots_max_imagepreview":"large","priority":null,"frequency":null,"location":null,"local_seo":null,"seo_analyzer_scan_date":"2025-08-28 21:39:20","breadcrumb_settings":null,"limit_modified_date":false,"reviewed_by":null,"open_ai":null,"ai":null,"created":"2020-12-21 11:27:55","updated":"2025-08-28 21:39:20"},"aioseo_breadcrumb":"<div class=\"aioseo-breadcrumbs\"><span class=\"aioseo-breadcrumb\">\n\t<a href=\"https:\/\/candas365.es\/noticias\" title=\"Home\">Home<\/a>\n<\/span><span class=\"aioseo-breadcrumb-separator\">&ndash;<\/span><span class=\"aioseo-breadcrumb\">\n\t<a href=\"https:\/\/candas365.es\/noticias\/category\/actualidad\/\" title=\"Actualidad\">Actualidad<\/a>\n<\/span><span class=\"aioseo-breadcrumb-separator\">&ndash;<\/span><span class=\"aioseo-breadcrumb\">\n\tEl Ni\u00f1o del 2019 ha sido para el 37142\n<\/span><\/div>","aioseo_breadcrumb_json":[{"label":"Home","link":"https:\/\/candas365.es\/noticias"},{"label":"Actualidad","link":"https:\/\/candas365.es\/noticias\/category\/actualidad\/"},{"label":"El Ni\u00f1o del 2019 ha sido para el 37142","link":"https:\/\/candas365.es\/noticias\/el-nino-del-2019-ha-sido-para-el-37142\/"}],"_links":{"self":[{"href":"https:\/\/candas365.es\/noticias\/wp-json\/wp\/v2\/posts\/113543","targetHints":{"allow":["GET"]}}],"collection":[{"href":"https:\/\/candas365.es\/noticias\/wp-json\/wp\/v2\/posts"}],"about":[{"href":"https:\/\/candas365.es\/noticias\/wp-json\/wp\/v2\/types\/post"}],"author":[{"embeddable":true,"href":"https:\/\/candas365.es\/noticias\/wp-json\/wp\/v2\/users\/1"}],"replies":[{"embeddable":true,"href":"https:\/\/candas365.es\/noticias\/wp-json\/wp\/v2\/comments?post=113543"}],"version-history":[{"count":0,"href":"https:\/\/candas365.es\/noticias\/wp-json\/wp\/v2\/posts\/113543\/revisions"}],"wp:featuredmedia":[{"embeddable":true,"href":"https:\/\/candas365.es\/noticias\/wp-json\/wp\/v2\/media\/112581"}],"wp:attachment":[{"href":"https:\/\/candas365.es\/noticias\/wp-json\/wp\/v2\/media?parent=113543"}],"wp:term":[{"taxonomy":"category","embeddable":true,"href":"https:\/\/candas365.es\/noticias\/wp-json\/wp\/v2\/categories?post=113543"},{"taxonomy":"post_tag","embeddable":true,"href":"https:\/\/candas365.es\/noticias\/wp-json\/wp\/v2\/tags?post=113543"}],"curies":[{"name":"wp","href":"https:\/\/api.w.org\/{rel}","templated":true}]}}