{"id":113540,"date":"2019-01-06T11:13:59","date_gmt":"2019-01-06T11:13:59","guid":{"rendered":"http:\/\/candas365.es\/noticias\/?p=113540"},"modified":"2019-01-06T11:13:59","modified_gmt":"2019-01-06T11:13:59","slug":"semifinal-de-masterchef-junior","status":"publish","type":"post","link":"https:\/\/candas365.es\/noticias\/semifinal-de-masterchef-junior\/","title":{"rendered":"Semifinal de \u00abMasterChef Junior\u00bb"},"content":{"rendered":"<p><img fetchpriority=\"high\" decoding=\"async\" class=\"alignleft size-medium wp-image-113541\" src=\"https:\/\/candas365.es\/noticias\/wp-content\/uploads\/2019\/01\/ndp-tele611903-360x240.jpg\" alt=\"\" width=\"360\" height=\"240\" srcset=\"https:\/\/candas365.es\/noticias\/wp-content\/uploads\/2019\/01\/ndp-tele611903-360x240.jpg 360w, https:\/\/candas365.es\/noticias\/wp-content\/uploads\/2019\/01\/ndp-tele611903-768x512.jpg 768w, https:\/\/candas365.es\/noticias\/wp-content\/uploads\/2019\/01\/ndp-tele611903-655x436.jpg 655w, https:\/\/candas365.es\/noticias\/wp-content\/uploads\/2019\/01\/ndp-tele611903-696x464.jpg 696w, https:\/\/candas365.es\/noticias\/wp-content\/uploads\/2019\/01\/ndp-tele611903-1068x712.jpg 1068w, https:\/\/candas365.es\/noticias\/wp-content\/uploads\/2019\/01\/ndp-tele611903-630x420.jpg 630w, https:\/\/candas365.es\/noticias\/wp-content\/uploads\/2019\/01\/ndp-tele611903.jpg 1600w\" sizes=\"(max-width: 360px) 100vw, 360px\" \/>Los aspirantes celebrar\u00e1n en la semifinal de \u2018MasterChef Junior\u2019 la llegada de los Reyes magos y conocer\u00e1n nuevas formas de emplatar con nuevas tecnolog\u00edas. La prueba de exteriores tendr\u00e1 lugar en Palencia, junto a \u201cla bella desconocida\u201d, y tendr\u00e1 como comensales a los abuelos de los aspirantes. Y en la \u00faltima prueba, se enfrentar\u00e1n a la cocina italiana para decidir qui\u00e9nes se convierten en finalistas.<\/p>\n<p>Los Reyes magos dejar\u00e1n en las cocinas de \u2018MasterChef\u2019 cajas con diferentes ingredientes: berberechos, gamba blanca, lomo de cerdo, limas, tabasco, chocolate negro\u2026 Los aspirantes podr\u00e1n abrir tantas como quieran, pero obligatoriamente cocinar\u00e1n todos los productos que descubran. Para hacer una receta digna de una semifinal, terminar\u00e1n su plato utilizando una herramienta de cocina que parece futurista: una impresora 3D. El actor Santiago Segura, aspirante de \u2018MasterChef Celebrity 3\u2019, les ayudar\u00e1 a dejar volar su imaginaci\u00f3n para hacer emplatados incre\u00edbles y divertidos.<\/p>\n<p>Las cocinas de \u2018MasterChef Junior\u2019 se trasladar\u00e1n a Palencia, donde los aspirantes cocinar\u00e1n junto a la Catedral de San Antol\u00edn, conocida como \u201cla bella desconocida\u201d. Es la tercera catedral m\u00e1s grande de Espa\u00f1a, fue declarada Monumento Nacional en 1929 y posee m\u00e1s de 20 capillas y multitud de obras de arte de El Greco o Zurbar\u00e1n entre otros. Trabajar\u00e1n en un \u00fanico equipo y con un \u00fanico capit\u00e1n haciendo un homenaje a las recetas tradicionales de la zona, reproduciendo un men\u00fa dise\u00f1ado por el chef Roberto Terradillos (una estrella Michelin). Utilizar\u00e1n algunos de los mejores productos locales como la morcilla de Villada, la trucha ahumada, las setas o el queso, avalados por Tierra de Sabor. Los platos ser\u00e1n catados por 22 comensales exigentes, perfeccionistas y muy especiales: sus abuelos.<\/p>\n<p>En el \u00faltimo reto de la noche se enfrentar\u00e1n a tres cajas misteriosas que esconden platos t\u00edpicos de la cocina italiana. Si los aspirantes no est\u00e1n contentos con el plato, podr\u00e1n levantar otra caja pero deber\u00e1n realizar los dos platos al mismo tiempo. El chef italiano Andrea Tumbarello les dar\u00e1 la clave de la cocina italiana para bordar este reto. Los mejores se convertir\u00e1n en los finalistas de la sexta edici\u00f3n de \u2018MasterChef Junior\u2019.<\/p>\n","protected":false},"excerpt":{"rendered":"<p>Los aspirantes celebrar\u00e1n en la semifinal de \u2018MasterChef Junior\u2019 la llegada de los Reyes magos y conocer\u00e1n nuevas formas de emplatar con nuevas tecnolog\u00edas. La prueba de exteriores tendr\u00e1 lugar en Palencia, junto a \u201cla bella desconocida\u201d, y tendr\u00e1 como comensales a los abuelos de los aspirantes. Y en la \u00faltima prueba, se enfrentar\u00e1n a<\/p>\n","protected":false},"author":1,"featured_media":113541,"comment_status":"closed","ping_status":"closed","sticky":false,"template":"","format":"standard","meta":{"footnotes":""},"categories":[1],"tags":[],"class_list":{"0":"post-113540","1":"post","2":"type-post","3":"status-publish","4":"format-standard","5":"has-post-thumbnail","7":"category-agenda"},"aioseo_notices":[],"aioseo_head":"\n\t\t<!-- All in One SEO Pro 4.9.6.2 - aioseo.com -->\n\t<meta name=\"description\" content=\"Los aspirantes celebrar\u00e1n en la semifinal de \u2018MasterChef Junior\u2019 la llegada de los Reyes magos y conocer\u00e1n nuevas formas de emplatar con nuevas tecnolog\u00edas. La prueba de exteriores tendr\u00e1 lugar en Palencia, junto a \u201cla bella desconocida\u201d, y tendr\u00e1 como comensales a los abuelos de los aspirantes. Y en la \u00faltima prueba, se enfrentar\u00e1n a\" \/>\n\t<meta name=\"robots\" content=\"max-image-preview:large\" \/>\n\t<meta name=\"author\" content=\"Cand\u00e1s 365\"\/>\n\t<meta name=\"google-site-verification\" content=\"UA-32230408-1\" \/>\n\t<meta name=\"msvalidate.01\" content=\"354F3CDFB2DA171B47FBE9ABF1F88D5\" \/>\n\t<meta name=\"keywords\" content=\"agenda\" \/>\n\t<link rel=\"canonical\" href=\"https:\/\/candas365.es\/noticias\/semifinal-de-masterchef-junior\/\" \/>\n\t<meta name=\"generator\" content=\"All in One SEO Pro (AIOSEO) 4.9.6.2\" \/>\n\t\t<meta property=\"og:locale\" content=\"es_ES\" \/>\n\t\t<meta property=\"og:site_name\" content=\"Cand\u00e1s 365\" \/>\n\t\t<meta property=\"og:type\" content=\"article\" \/>\n\t\t<meta property=\"og:title\" content=\"Semifinal de \u00abMasterChef Junior\u00bb | Cand\u00e1s 365\" \/>\n\t\t<meta property=\"og:description\" content=\"Los aspirantes celebrar\u00e1n en la semifinal de \u2018MasterChef Junior\u2019 la llegada de los Reyes magos y conocer\u00e1n nuevas formas de emplatar con nuevas tecnolog\u00edas. La prueba de exteriores tendr\u00e1 lugar en Palencia, junto a \u201cla bella desconocida\u201d, y tendr\u00e1 como comensales a los abuelos de los aspirantes. Y en la \u00faltima prueba, se enfrentar\u00e1n a\" \/>\n\t\t<meta property=\"og:url\" content=\"https:\/\/candas365.es\/noticias\/semifinal-de-masterchef-junior\/\" \/>\n\t\t<meta property=\"og:image\" content=\"https:\/\/candas365.es\/noticias\/wp-content\/uploads\/2019\/01\/ndp-tele611903.jpg\" \/>\n\t\t<meta property=\"og:image:secure_url\" content=\"https:\/\/candas365.es\/noticias\/wp-content\/uploads\/2019\/01\/ndp-tele611903.jpg\" \/>\n\t\t<meta property=\"og:image:width\" content=\"1600\" \/>\n\t\t<meta property=\"og:image:height\" content=\"1066\" \/>\n\t\t<meta property=\"article:published_time\" content=\"2019-01-06T11:13:59+00:00\" \/>\n\t\t<meta property=\"article:modified_time\" content=\"2019-01-06T11:13:59+00:00\" \/>\n\t\t<meta property=\"article:publisher\" content=\"https:\/\/www.facebook.com\/Nachofdezber\" \/>\n\t\t<meta property=\"article:author\" content=\"https:\/\/www.facebook.com\/carrenoactualidad\" \/>\n\t\t<meta name=\"twitter:card\" content=\"summary_large_image\" \/>\n\t\t<meta name=\"twitter:site\" content=\"@NabercoDigital\" \/>\n\t\t<meta name=\"twitter:title\" content=\"Semifinal de \u00abMasterChef Junior\u00bb | Cand\u00e1s 365\" \/>\n\t\t<meta name=\"twitter:description\" content=\"Los aspirantes celebrar\u00e1n en la semifinal de \u2018MasterChef Junior\u2019 la llegada de los Reyes magos y conocer\u00e1n nuevas formas de emplatar con nuevas tecnolog\u00edas. La prueba de exteriores tendr\u00e1 lugar en Palencia, junto a \u201cla bella desconocida\u201d, y tendr\u00e1 como comensales a los abuelos de los aspirantes. Y en la \u00faltima prueba, se enfrentar\u00e1n a\" \/>\n\t\t<meta name=\"twitter:creator\" content=\"@nbasturias\" \/>\n\t\t<meta name=\"twitter:image\" content=\"https:\/\/candas365.es\/noticias\/wp-content\/uploads\/2019\/01\/ndp-tele611903.jpg\" \/>\n\t\t<meta name=\"twitter:label1\" content=\"Escrito por\" \/>\n\t\t<meta name=\"twitter:data1\" content=\"Cand\u00e1s 365\" \/>\n\t\t<meta name=\"twitter:label2\" content=\"Tiempo de lectura estimado\" \/>\n\t\t<meta name=\"twitter:data2\" content=\"2 minutos\" \/>\n\t\t<script type=\"application\/ld+json\" class=\"aioseo-schema\">\n\t\t\t{\"@context\":\"https:\\\/\\\/schema.org\",\"@graph\":[{\"@type\":\"BreadcrumbList\",\"@id\":\"https:\\\/\\\/candas365.es\\\/noticias\\\/semifinal-de-masterchef-junior\\\/#breadcrumblist\",\"itemListElement\":[{\"@type\":\"ListItem\",\"@id\":\"https:\\\/\\\/candas365.es\\\/noticias#listItem\",\"position\":1,\"name\":\"Home\",\"item\":\"https:\\\/\\\/candas365.es\\\/noticias\",\"nextItem\":{\"@type\":\"ListItem\",\"@id\":\"https:\\\/\\\/candas365.es\\\/noticias\\\/category\\\/agenda\\\/#listItem\",\"name\":\"Agenda\"}},{\"@type\":\"ListItem\",\"@id\":\"https:\\\/\\\/candas365.es\\\/noticias\\\/category\\\/agenda\\\/#listItem\",\"position\":2,\"name\":\"Agenda\",\"item\":\"https:\\\/\\\/candas365.es\\\/noticias\\\/category\\\/agenda\\\/\",\"nextItem\":{\"@type\":\"ListItem\",\"@id\":\"https:\\\/\\\/candas365.es\\\/noticias\\\/semifinal-de-masterchef-junior\\\/#listItem\",\"name\":\"Semifinal de \\u00abMasterChef Junior\\u00bb\"},\"previousItem\":{\"@type\":\"ListItem\",\"@id\":\"https:\\\/\\\/candas365.es\\\/noticias#listItem\",\"name\":\"Home\"}},{\"@type\":\"ListItem\",\"@id\":\"https:\\\/\\\/candas365.es\\\/noticias\\\/semifinal-de-masterchef-junior\\\/#listItem\",\"position\":3,\"name\":\"Semifinal de \\u00abMasterChef Junior\\u00bb\",\"previousItem\":{\"@type\":\"ListItem\",\"@id\":\"https:\\\/\\\/candas365.es\\\/noticias\\\/category\\\/agenda\\\/#listItem\",\"name\":\"Agenda\"}}]},{\"@type\":\"NewsArticle\",\"@id\":\"https:\\\/\\\/candas365.es\\\/noticias\\\/semifinal-de-masterchef-junior\\\/#newsarticle\",\"name\":\"Semifinal de \\u00abMasterChef Junior\\u00bb | Cand\\u00e1s 365\",\"headline\":\"Semifinal de \\u00abMasterChef Junior\\u00bb\",\"author\":{\"@id\":\"https:\\\/\\\/candas365.es\\\/noticias\\\/author\\\/admin\\\/#author\"},\"publisher\":{\"@id\":\"https:\\\/\\\/candas365.es\\\/noticias\\\/#organization\"},\"image\":{\"@type\":\"ImageObject\",\"url\":\"https:\\\/\\\/candas365.es\\\/noticias\\\/wp-content\\\/uploads\\\/2019\\\/01\\\/ndp-tele611903.jpg\",\"width\":1600,\"height\":1066},\"datePublished\":\"2019-01-06T11:13:59+01:00\",\"dateModified\":\"2019-01-06T11:13:59+01:00\",\"inLanguage\":\"es-ES\",\"mainEntityOfPage\":{\"@id\":\"https:\\\/\\\/candas365.es\\\/noticias\\\/semifinal-de-masterchef-junior\\\/#webpage\"},\"isPartOf\":{\"@id\":\"https:\\\/\\\/candas365.es\\\/noticias\\\/semifinal-de-masterchef-junior\\\/#webpage\"},\"articleSection\":\"Agenda\",\"dateline\":\"Publicado el enero 6, 2019.\"},{\"@type\":\"Organization\",\"@id\":\"https:\\\/\\\/candas365.es\\\/noticias\\\/#organization\",\"name\":\"Cand\\u00e1s 365\",\"description\":\"Cand\\u00e1s 365 es un diario digital independiente, fundado en 2012, con base en Asturias. Informamos con rigor sobre actualidad, sociedad, cultura y ocio, con una mirada local y global.\",\"url\":\"https:\\\/\\\/candas365.es\\\/noticias\\\/\",\"email\":\"info@candas365.es\",\"telephone\":\"+34652131393\",\"foundingDate\":\"2012-06-10\",\"logo\":{\"@type\":\"ImageObject\",\"url\":\"https:\\\/\\\/candas365.es\\\/noticias\\\/wp-content\\\/uploads\\\/2024\\\/09\\\/Candas-365-Redes.jpg\",\"@id\":\"https:\\\/\\\/candas365.es\\\/noticias\\\/semifinal-de-masterchef-junior\\\/#organizationLogo\",\"width\":1152,\"height\":864,\"caption\":\"Cand\\u00e1s 365 Redes\"},\"image\":{\"@id\":\"https:\\\/\\\/candas365.es\\\/noticias\\\/semifinal-de-masterchef-junior\\\/#organizationLogo\"},\"sameAs\":[\"https:\\\/\\\/www.facebook.com\\\/Nachofdezber\",\"https:\\\/\\\/x.com\\\/NabercoDigital\",\"https:\\\/\\\/www.instagram.com\\\/nachofdezber\\\/\",\"https:\\\/\\\/www.youtube.com\\\/channel\\\/UCZP-2wLEB9Rv6erhFmqVnvg\"],\"address\":{\"@id\":\"https:\\\/\\\/candas365.es\\\/noticias\\\/#postaladdress\",\"@type\":\"PostalAddress\",\"streetAddress\":\"san antonio 4, san antonio 4\",\"postalCode\":\"33430\",\"addressLocality\":\"Cand\\u00e1s\",\"addressRegion\":\"Asturias\",\"addressCountry\":\"ES\"}},{\"@type\":\"Person\",\"@id\":\"https:\\\/\\\/candas365.es\\\/noticias\\\/author\\\/admin\\\/#author\",\"url\":\"https:\\\/\\\/candas365.es\\\/noticias\\\/author\\\/admin\\\/\",\"name\":\"Cand\\u00e1s 365\",\"image\":{\"@type\":\"ImageObject\",\"@id\":\"https:\\\/\\\/candas365.es\\\/noticias\\\/semifinal-de-masterchef-junior\\\/#authorImage\",\"url\":\"https:\\\/\\\/secure.gravatar.com\\\/avatar\\\/496a8e03d0c493ede1718b7934145dbdf8d89be1036b0eec9544e1094c9de390?s=96&d=mm&r=g\",\"width\":96,\"height\":96,\"caption\":\"Cand\\u00e1s 365\"},\"sameAs\":[\"https:\\\/\\\/www.facebook.com\\\/carrenoactualidad\",\"https:\\\/\\\/twitter.com\\\/nbasturias\",\"https:\\\/\\\/www.instagram.com\\\/nachofdezber\\\/\",\"https:\\\/\\\/www.youtube.com\\\/channel\\\/UCZP-2wLEB9Rv6erhFmqVnvg\"]},{\"@type\":\"WebPage\",\"@id\":\"https:\\\/\\\/candas365.es\\\/noticias\\\/semifinal-de-masterchef-junior\\\/#webpage\",\"url\":\"https:\\\/\\\/candas365.es\\\/noticias\\\/semifinal-de-masterchef-junior\\\/\",\"name\":\"Semifinal de \\u00abMasterChef Junior\\u00bb | Cand\\u00e1s 365\",\"description\":\"Los aspirantes celebrar\\u00e1n en la semifinal de \\u2018MasterChef Junior\\u2019 la llegada de los Reyes magos y conocer\\u00e1n nuevas formas de emplatar con nuevas tecnolog\\u00edas. La prueba de exteriores tendr\\u00e1 lugar en Palencia, junto a \\u201cla bella desconocida\\u201d, y tendr\\u00e1 como comensales a los abuelos de los aspirantes. Y en la \\u00faltima prueba, se enfrentar\\u00e1n a\",\"inLanguage\":\"es-ES\",\"isPartOf\":{\"@id\":\"https:\\\/\\\/candas365.es\\\/noticias\\\/#website\"},\"breadcrumb\":{\"@id\":\"https:\\\/\\\/candas365.es\\\/noticias\\\/semifinal-de-masterchef-junior\\\/#breadcrumblist\"},\"author\":{\"@id\":\"https:\\\/\\\/candas365.es\\\/noticias\\\/author\\\/admin\\\/#author\"},\"creator\":{\"@id\":\"https:\\\/\\\/candas365.es\\\/noticias\\\/author\\\/admin\\\/#author\"},\"image\":{\"@type\":\"ImageObject\",\"url\":\"https:\\\/\\\/candas365.es\\\/noticias\\\/wp-content\\\/uploads\\\/2019\\\/01\\\/ndp-tele611903.jpg\",\"@id\":\"https:\\\/\\\/candas365.es\\\/noticias\\\/semifinal-de-masterchef-junior\\\/#mainImage\",\"width\":1600,\"height\":1066},\"primaryImageOfPage\":{\"@id\":\"https:\\\/\\\/candas365.es\\\/noticias\\\/semifinal-de-masterchef-junior\\\/#mainImage\"},\"datePublished\":\"2019-01-06T11:13:59+01:00\",\"dateModified\":\"2019-01-06T11:13:59+01:00\"},{\"@type\":\"WebSite\",\"@id\":\"https:\\\/\\\/candas365.es\\\/noticias\\\/#website\",\"url\":\"https:\\\/\\\/candas365.es\\\/noticias\\\/\",\"name\":\"Cand\\u00e1s 365\",\"alternateName\":\"Cand\\u00e1s 365 Noticias\",\"description\":\"Actualidad desde Carre\\u00f1o para el mundo\",\"inLanguage\":\"es-ES\",\"publisher\":{\"@id\":\"https:\\\/\\\/candas365.es\\\/noticias\\\/#organization\"}}]}\n\t\t<\/script>\n\t\t<!-- All in One SEO Pro -->\r\n\t\t<title>Semifinal de \u00abMasterChef Junior\u00bb | Cand\u00e1s 365<\/title>\n\n","aioseo_head_json":{"title":"Semifinal de \u00abMasterChef Junior\u00bb | Cand\u00e1s 365","description":"Los aspirantes celebrar\u00e1n en la semifinal de \u2018MasterChef Junior\u2019 la llegada de los Reyes magos y conocer\u00e1n nuevas formas de emplatar con nuevas tecnolog\u00edas. La prueba de exteriores tendr\u00e1 lugar en Palencia, junto a \u201cla bella desconocida\u201d, y tendr\u00e1 como comensales a los abuelos de los aspirantes. Y en la \u00faltima prueba, se enfrentar\u00e1n a","canonical_url":"https:\/\/candas365.es\/noticias\/semifinal-de-masterchef-junior\/","robots":"max-image-preview:large","keywords":"agenda","webmasterTools":{"google-site-verification":"UA-32230408-1","msvalidate.01":"354F3CDFB2DA171B47FBE9ABF1F88D5","miscellaneous":""},"schema":{"@context":"https:\/\/schema.org","@graph":[{"@type":"BreadcrumbList","@id":"https:\/\/candas365.es\/noticias\/semifinal-de-masterchef-junior\/#breadcrumblist","itemListElement":[{"@type":"ListItem","@id":"https:\/\/candas365.es\/noticias#listItem","position":1,"name":"Home","item":"https:\/\/candas365.es\/noticias","nextItem":{"@type":"ListItem","@id":"https:\/\/candas365.es\/noticias\/category\/agenda\/#listItem","name":"Agenda"}},{"@type":"ListItem","@id":"https:\/\/candas365.es\/noticias\/category\/agenda\/#listItem","position":2,"name":"Agenda","item":"https:\/\/candas365.es\/noticias\/category\/agenda\/","nextItem":{"@type":"ListItem","@id":"https:\/\/candas365.es\/noticias\/semifinal-de-masterchef-junior\/#listItem","name":"Semifinal de \u00abMasterChef Junior\u00bb"},"previousItem":{"@type":"ListItem","@id":"https:\/\/candas365.es\/noticias#listItem","name":"Home"}},{"@type":"ListItem","@id":"https:\/\/candas365.es\/noticias\/semifinal-de-masterchef-junior\/#listItem","position":3,"name":"Semifinal de \u00abMasterChef Junior\u00bb","previousItem":{"@type":"ListItem","@id":"https:\/\/candas365.es\/noticias\/category\/agenda\/#listItem","name":"Agenda"}}]},{"@type":"NewsArticle","@id":"https:\/\/candas365.es\/noticias\/semifinal-de-masterchef-junior\/#newsarticle","name":"Semifinal de \u00abMasterChef Junior\u00bb | Cand\u00e1s 365","headline":"Semifinal de \u00abMasterChef Junior\u00bb","author":{"@id":"https:\/\/candas365.es\/noticias\/author\/admin\/#author"},"publisher":{"@id":"https:\/\/candas365.es\/noticias\/#organization"},"image":{"@type":"ImageObject","url":"https:\/\/candas365.es\/noticias\/wp-content\/uploads\/2019\/01\/ndp-tele611903.jpg","width":1600,"height":1066},"datePublished":"2019-01-06T11:13:59+01:00","dateModified":"2019-01-06T11:13:59+01:00","inLanguage":"es-ES","mainEntityOfPage":{"@id":"https:\/\/candas365.es\/noticias\/semifinal-de-masterchef-junior\/#webpage"},"isPartOf":{"@id":"https:\/\/candas365.es\/noticias\/semifinal-de-masterchef-junior\/#webpage"},"articleSection":"Agenda","dateline":"Publicado el enero 6, 2019."},{"@type":"Organization","@id":"https:\/\/candas365.es\/noticias\/#organization","name":"Cand\u00e1s 365","description":"Cand\u00e1s 365 es un diario digital independiente, fundado en 2012, con base en Asturias. Informamos con rigor sobre actualidad, sociedad, cultura y ocio, con una mirada local y global.","url":"https:\/\/candas365.es\/noticias\/","email":"info@candas365.es","telephone":"+34652131393","foundingDate":"2012-06-10","logo":{"@type":"ImageObject","url":"https:\/\/candas365.es\/noticias\/wp-content\/uploads\/2024\/09\/Candas-365-Redes.jpg","@id":"https:\/\/candas365.es\/noticias\/semifinal-de-masterchef-junior\/#organizationLogo","width":1152,"height":864,"caption":"Cand\u00e1s 365 Redes"},"image":{"@id":"https:\/\/candas365.es\/noticias\/semifinal-de-masterchef-junior\/#organizationLogo"},"sameAs":["https:\/\/www.facebook.com\/Nachofdezber","https:\/\/x.com\/NabercoDigital","https:\/\/www.instagram.com\/nachofdezber\/","https:\/\/www.youtube.com\/channel\/UCZP-2wLEB9Rv6erhFmqVnvg"],"address":{"@id":"https:\/\/candas365.es\/noticias\/#postaladdress","@type":"PostalAddress","streetAddress":"san antonio 4, san antonio 4","postalCode":"33430","addressLocality":"Cand\u00e1s","addressRegion":"Asturias","addressCountry":"ES"}},{"@type":"Person","@id":"https:\/\/candas365.es\/noticias\/author\/admin\/#author","url":"https:\/\/candas365.es\/noticias\/author\/admin\/","name":"Cand\u00e1s 365","image":{"@type":"ImageObject","@id":"https:\/\/candas365.es\/noticias\/semifinal-de-masterchef-junior\/#authorImage","url":"https:\/\/secure.gravatar.com\/avatar\/496a8e03d0c493ede1718b7934145dbdf8d89be1036b0eec9544e1094c9de390?s=96&d=mm&r=g","width":96,"height":96,"caption":"Cand\u00e1s 365"},"sameAs":["https:\/\/www.facebook.com\/carrenoactualidad","https:\/\/twitter.com\/nbasturias","https:\/\/www.instagram.com\/nachofdezber\/","https:\/\/www.youtube.com\/channel\/UCZP-2wLEB9Rv6erhFmqVnvg"]},{"@type":"WebPage","@id":"https:\/\/candas365.es\/noticias\/semifinal-de-masterchef-junior\/#webpage","url":"https:\/\/candas365.es\/noticias\/semifinal-de-masterchef-junior\/","name":"Semifinal de \u00abMasterChef Junior\u00bb | Cand\u00e1s 365","description":"Los aspirantes celebrar\u00e1n en la semifinal de \u2018MasterChef Junior\u2019 la llegada de los Reyes magos y conocer\u00e1n nuevas formas de emplatar con nuevas tecnolog\u00edas. La prueba de exteriores tendr\u00e1 lugar en Palencia, junto a \u201cla bella desconocida\u201d, y tendr\u00e1 como comensales a los abuelos de los aspirantes. Y en la \u00faltima prueba, se enfrentar\u00e1n a","inLanguage":"es-ES","isPartOf":{"@id":"https:\/\/candas365.es\/noticias\/#website"},"breadcrumb":{"@id":"https:\/\/candas365.es\/noticias\/semifinal-de-masterchef-junior\/#breadcrumblist"},"author":{"@id":"https:\/\/candas365.es\/noticias\/author\/admin\/#author"},"creator":{"@id":"https:\/\/candas365.es\/noticias\/author\/admin\/#author"},"image":{"@type":"ImageObject","url":"https:\/\/candas365.es\/noticias\/wp-content\/uploads\/2019\/01\/ndp-tele611903.jpg","@id":"https:\/\/candas365.es\/noticias\/semifinal-de-masterchef-junior\/#mainImage","width":1600,"height":1066},"primaryImageOfPage":{"@id":"https:\/\/candas365.es\/noticias\/semifinal-de-masterchef-junior\/#mainImage"},"datePublished":"2019-01-06T11:13:59+01:00","dateModified":"2019-01-06T11:13:59+01:00"},{"@type":"WebSite","@id":"https:\/\/candas365.es\/noticias\/#website","url":"https:\/\/candas365.es\/noticias\/","name":"Cand\u00e1s 365","alternateName":"Cand\u00e1s 365 Noticias","description":"Actualidad desde Carre\u00f1o para el mundo","inLanguage":"es-ES","publisher":{"@id":"https:\/\/candas365.es\/noticias\/#organization"}}]},"og:locale":"es_ES","og:site_name":"Cand\u00e1s 365","og:type":"article","og:title":"Semifinal de \u00abMasterChef Junior\u00bb | Cand\u00e1s 365","og:description":"Los aspirantes celebrar\u00e1n en la semifinal de \u2018MasterChef Junior\u2019 la llegada de los Reyes magos y conocer\u00e1n nuevas formas de emplatar con nuevas tecnolog\u00edas. La prueba de exteriores tendr\u00e1 lugar en Palencia, junto a \u201cla bella desconocida\u201d, y tendr\u00e1 como comensales a los abuelos de los aspirantes. Y en la \u00faltima prueba, se enfrentar\u00e1n a","og:url":"https:\/\/candas365.es\/noticias\/semifinal-de-masterchef-junior\/","og:image":"https:\/\/candas365.es\/noticias\/wp-content\/uploads\/2019\/01\/ndp-tele611903.jpg","og:image:secure_url":"https:\/\/candas365.es\/noticias\/wp-content\/uploads\/2019\/01\/ndp-tele611903.jpg","og:image:width":1600,"og:image:height":1066,"article:published_time":"2019-01-06T11:13:59+00:00","article:modified_time":"2019-01-06T11:13:59+00:00","article:publisher":"https:\/\/www.facebook.com\/Nachofdezber","article:author":"https:\/\/www.facebook.com\/carrenoactualidad","twitter:card":"summary_large_image","twitter:site":"@NabercoDigital","twitter:title":"Semifinal de \u00abMasterChef Junior\u00bb | Cand\u00e1s 365","twitter:description":"Los aspirantes celebrar\u00e1n en la semifinal de \u2018MasterChef Junior\u2019 la llegada de los Reyes magos y conocer\u00e1n nuevas formas de emplatar con nuevas tecnolog\u00edas. La prueba de exteriores tendr\u00e1 lugar en Palencia, junto a \u201cla bella desconocida\u201d, y tendr\u00e1 como comensales a los abuelos de los aspirantes. Y en la \u00faltima prueba, se enfrentar\u00e1n a","twitter:creator":"@nbasturias","twitter:image":"https:\/\/candas365.es\/noticias\/wp-content\/uploads\/2019\/01\/ndp-tele611903.jpg","twitter:label1":"Escrito por","twitter:data1":"Cand\u00e1s 365","twitter:label2":"Tiempo de lectura estimado","twitter:data2":"2 minutos"},"aioseo_meta_data":{"post_id":"113540","title":null,"description":null,"keywords":null,"keyphrases":null,"primary_term":null,"canonical_url":null,"og_title":null,"og_description":null,"og_object_type":"default","og_image_type":"default","og_image_url":null,"og_image_width":null,"og_image_height":null,"og_image_custom_url":null,"og_image_custom_fields":null,"og_video":null,"og_custom_url":null,"og_article_section":null,"og_article_tags":null,"twitter_use_og":false,"twitter_card":"default","twitter_image_type":"default","twitter_image_url":null,"twitter_image_custom_url":null,"twitter_image_custom_fields":null,"twitter_title":null,"twitter_description":null,"schema":{"blockGraphs":[],"customGraphs":[],"default":{"data":{"Article":[],"Course":[],"Dataset":[],"FAQPage":[],"Movie":[],"Person":[],"Product":[],"ProductReview":[],"Car":[],"Recipe":[],"Service":[],"SoftwareApplication":[],"WebPage":[]},"graphName":"","isEnabled":true},"graphs":[],"defaultGraph":"","defaultPostTypeGraph":""},"schema_type":null,"schema_type_options":null,"pillar_content":false,"robots_default":true,"robots_noindex":false,"robots_noarchive":false,"robots_nosnippet":false,"robots_nofollow":false,"robots_noimageindex":false,"robots_noodp":false,"robots_notranslate":false,"robots_max_snippet":null,"robots_max_videopreview":null,"robots_max_imagepreview":"large","priority":null,"frequency":null,"location":null,"local_seo":null,"seo_analyzer_scan_date":"2025-08-28 21:39:17","breadcrumb_settings":null,"limit_modified_date":false,"reviewed_by":null,"open_ai":null,"ai":null,"created":"2020-12-21 11:27:55","updated":"2025-08-28 21:39:17"},"aioseo_breadcrumb":"<div class=\"aioseo-breadcrumbs\"><span class=\"aioseo-breadcrumb\">\n\t<a href=\"https:\/\/candas365.es\/noticias\" title=\"Home\">Home<\/a>\n<\/span><span class=\"aioseo-breadcrumb-separator\">&ndash;<\/span><span class=\"aioseo-breadcrumb\">\n\t<a href=\"https:\/\/candas365.es\/noticias\/category\/agenda\/\" title=\"Agenda\">Agenda<\/a>\n<\/span><span class=\"aioseo-breadcrumb-separator\">&ndash;<\/span><span class=\"aioseo-breadcrumb\">\n\tSemifinal de \u00abMasterChef Junior\u00bb\n<\/span><\/div>","aioseo_breadcrumb_json":[{"label":"Home","link":"https:\/\/candas365.es\/noticias"},{"label":"Agenda","link":"https:\/\/candas365.es\/noticias\/category\/agenda\/"},{"label":"Semifinal de \u00abMasterChef Junior\u00bb","link":"https:\/\/candas365.es\/noticias\/semifinal-de-masterchef-junior\/"}],"_links":{"self":[{"href":"https:\/\/candas365.es\/noticias\/wp-json\/wp\/v2\/posts\/113540","targetHints":{"allow":["GET"]}}],"collection":[{"href":"https:\/\/candas365.es\/noticias\/wp-json\/wp\/v2\/posts"}],"about":[{"href":"https:\/\/candas365.es\/noticias\/wp-json\/wp\/v2\/types\/post"}],"author":[{"embeddable":true,"href":"https:\/\/candas365.es\/noticias\/wp-json\/wp\/v2\/users\/1"}],"replies":[{"embeddable":true,"href":"https:\/\/candas365.es\/noticias\/wp-json\/wp\/v2\/comments?post=113540"}],"version-history":[{"count":0,"href":"https:\/\/candas365.es\/noticias\/wp-json\/wp\/v2\/posts\/113540\/revisions"}],"wp:featuredmedia":[{"embeddable":true,"href":"https:\/\/candas365.es\/noticias\/wp-json\/wp\/v2\/media\/113541"}],"wp:attachment":[{"href":"https:\/\/candas365.es\/noticias\/wp-json\/wp\/v2\/media?parent=113540"}],"wp:term":[{"taxonomy":"category","embeddable":true,"href":"https:\/\/candas365.es\/noticias\/wp-json\/wp\/v2\/categories?post=113540"},{"taxonomy":"post_tag","embeddable":true,"href":"https:\/\/candas365.es\/noticias\/wp-json\/wp\/v2\/tags?post=113540"}],"curies":[{"name":"wp","href":"https:\/\/api.w.org\/{rel}","templated":true}]}}