{"id":113498,"date":"2019-01-05T14:57:39","date_gmt":"2019-01-05T14:57:39","guid":{"rendered":"http:\/\/candas365.es\/noticias\/?p=113498"},"modified":"2019-01-05T14:57:39","modified_gmt":"2019-01-05T14:57:39","slug":"niko-kovac-quiere-aumentar-la-presion-sobre-el-dortmund","status":"publish","type":"post","link":"https:\/\/candas365.es\/noticias\/niko-kovac-quiere-aumentar-la-presion-sobre-el-dortmund\/","title":{"rendered":"Niko Kovac quiere aumentar la presi\u00f3n sobre el Dortmund"},"content":{"rendered":"<figure id=\"attachment_113499\" aria-describedby=\"caption-attachment-113499\" style=\"width: 360px\" class=\"wp-caption alignleft\"><img fetchpriority=\"high\" decoding=\"async\" class=\"size-medium wp-image-113499\" src=\"https:\/\/candas365.es\/noticias\/wp-content\/uploads\/2019\/01\/Niko-Kovac-360x287.jpg\" alt=\"\" width=\"360\" height=\"287\" srcset=\"https:\/\/candas365.es\/noticias\/wp-content\/uploads\/2019\/01\/Niko-Kovac-360x287.jpg 360w, https:\/\/candas365.es\/noticias\/wp-content\/uploads\/2019\/01\/Niko-Kovac-768x611.jpg 768w, https:\/\/candas365.es\/noticias\/wp-content\/uploads\/2019\/01\/Niko-Kovac-603x480.jpg 603w, https:\/\/candas365.es\/noticias\/wp-content\/uploads\/2019\/01\/Niko-Kovac-696x554.jpg 696w, https:\/\/candas365.es\/noticias\/wp-content\/uploads\/2019\/01\/Niko-Kovac-528x420.jpg 528w, https:\/\/candas365.es\/noticias\/wp-content\/uploads\/2019\/01\/Niko-Kovac.jpg 828w\" sizes=\"(max-width: 360px) 100vw, 360px\" \/><figcaption id=\"caption-attachment-113499\" class=\"wp-caption-text\">Foto: Peter Kneffel\/dpa<\/figcaption><\/figure>\n<p>Doha (Qatar), 5 ene (dpa) &#8211; El Bayern M\u00fanich quiere aumentar la presi\u00f3n sobre el puntero Borussia Dortmund apenas comience la segunda mitad del campeonato alem\u00e1n de f\u00fatbol para cimentar sus ambiciones a reeditar el t\u00edtulo, anunci\u00f3 hoy el t\u00e9cnico del equipo, Niko Kovac.<\/p>\n<p>El Dortmund se coron\u00f3 campe\u00f3n de invierno (boreal) antes de la pausa navide\u00f1a y lidera la tabla de clasificaci\u00f3n con seis puntos de ventaja sobre el escolta Bayern.<\/p>\n<p>Los b\u00e1varos se preparan desde el viernes en Doha para la segunda ronda de la Bundesliga que los ver\u00e1 enfrentarse con el Hoffenheim el 18 de enero. El Dortmund, por su parte, se ver\u00e1 las caras un d\u00eda m\u00e1s tarde con el local Leipzig.<\/p>\n<p>\u00abSiguen siendo seis puntos de diferencia y tenemos que acortar distancia lo m\u00e1s pronto posible\u00bb, dijo Kovac en Doha. \u00abNo vamos a hacer mucho aspaviento ni a lanzar ataques verbales, sino que nos concentraremos en hacer nuestros deberes. Queremos aumentar la presi\u00f3n sobre el Dortmund con rendimiento y buenos resultados\u00bb.<\/p>\n<p>Kovac dijo que apostar\u00e1 por el equipo que gan\u00f3 los cinco \u00faltimos partidos de 2018. \u00abEl plantel que jug\u00f3 con tanto \u00e9xito en las \u00faltimas semanas tendr\u00e1 prioridad\u00bb. El entrenador dej\u00f3 de efectuar grandes rotaciones en el equipo despu\u00e9s de que el Bayern sufri\u00f3 varios reveses y qued\u00f3 nueve puntos por detr\u00e1s el archirrival Dortmund.<\/p>\n","protected":false},"excerpt":{"rendered":"<p>Doha (Qatar), 5 ene (dpa) &#8211; El Bayern M\u00fanich quiere aumentar la presi\u00f3n sobre el puntero Borussia Dortmund apenas comience la segunda mitad del campeonato alem\u00e1n de f\u00fatbol para cimentar sus ambiciones a reeditar el t\u00edtulo, anunci\u00f3 hoy el t\u00e9cnico del equipo, Niko Kovac. El Dortmund se coron\u00f3 campe\u00f3n de invierno (boreal) antes de la<\/p>\n","protected":false},"author":1,"featured_media":113499,"comment_status":"closed","ping_status":"closed","sticky":false,"template":"","format":"standard","meta":{"footnotes":""},"categories":[319],"tags":[],"class_list":{"0":"post-113498","1":"post","2":"type-post","3":"status-publish","4":"format-standard","5":"has-post-thumbnail","7":"category-deporte"},"aioseo_notices":[],"aioseo_head":"\n\t\t<!-- All in One SEO Pro 4.9.6.2 - aioseo.com -->\n\t<meta name=\"description\" content=\"Doha (Qatar), 5 ene (dpa) - El Bayern M\u00fanich quiere aumentar la presi\u00f3n sobre el puntero Borussia Dortmund apenas comience la segunda mitad del campeonato alem\u00e1n de f\u00fatbol para cimentar sus ambiciones a reeditar el t\u00edtulo, anunci\u00f3 hoy el t\u00e9cnico del equipo, Niko Kovac. El Dortmund se coron\u00f3 campe\u00f3n de invierno (boreal) antes de la\" \/>\n\t<meta name=\"robots\" content=\"max-image-preview:large\" \/>\n\t<meta name=\"author\" content=\"Cand\u00e1s 365\"\/>\n\t<meta name=\"google-site-verification\" content=\"UA-32230408-1\" \/>\n\t<meta name=\"msvalidate.01\" content=\"354F3CDFB2DA171B47FBE9ABF1F88D5\" \/>\n\t<meta name=\"keywords\" content=\"deporte\" \/>\n\t<link rel=\"canonical\" href=\"https:\/\/candas365.es\/noticias\/niko-kovac-quiere-aumentar-la-presion-sobre-el-dortmund\/\" \/>\n\t<meta name=\"generator\" content=\"All in One SEO Pro (AIOSEO) 4.9.6.2\" \/>\n\t\t<meta property=\"og:locale\" content=\"es_ES\" \/>\n\t\t<meta property=\"og:site_name\" content=\"Cand\u00e1s 365\" \/>\n\t\t<meta property=\"og:type\" content=\"article\" \/>\n\t\t<meta property=\"og:title\" content=\"Niko Kovac quiere aumentar la presi\u00f3n sobre el Dortmund | Cand\u00e1s 365\" \/>\n\t\t<meta property=\"og:description\" content=\"Doha (Qatar), 5 ene (dpa) - El Bayern M\u00fanich quiere aumentar la presi\u00f3n sobre el puntero Borussia Dortmund apenas comience la segunda mitad del campeonato alem\u00e1n de f\u00fatbol para cimentar sus ambiciones a reeditar el t\u00edtulo, anunci\u00f3 hoy el t\u00e9cnico del equipo, Niko Kovac. El Dortmund se coron\u00f3 campe\u00f3n de invierno (boreal) antes de la\" \/>\n\t\t<meta property=\"og:url\" content=\"https:\/\/candas365.es\/noticias\/niko-kovac-quiere-aumentar-la-presion-sobre-el-dortmund\/\" \/>\n\t\t<meta property=\"og:image\" content=\"https:\/\/candas365.es\/noticias\/wp-content\/uploads\/2019\/01\/Niko-Kovac.jpg\" \/>\n\t\t<meta property=\"og:image:secure_url\" content=\"https:\/\/candas365.es\/noticias\/wp-content\/uploads\/2019\/01\/Niko-Kovac.jpg\" \/>\n\t\t<meta property=\"og:image:width\" content=\"828\" \/>\n\t\t<meta property=\"og:image:height\" content=\"659\" \/>\n\t\t<meta property=\"article:published_time\" content=\"2019-01-05T14:57:39+00:00\" \/>\n\t\t<meta property=\"article:modified_time\" content=\"2019-01-05T14:57:39+00:00\" \/>\n\t\t<meta property=\"article:publisher\" content=\"https:\/\/www.facebook.com\/Nachofdezber\" \/>\n\t\t<meta property=\"article:author\" content=\"https:\/\/www.facebook.com\/carrenoactualidad\" \/>\n\t\t<meta name=\"twitter:card\" content=\"summary_large_image\" \/>\n\t\t<meta name=\"twitter:site\" content=\"@NabercoDigital\" \/>\n\t\t<meta name=\"twitter:title\" content=\"Niko Kovac quiere aumentar la presi\u00f3n sobre el Dortmund | Cand\u00e1s 365\" \/>\n\t\t<meta name=\"twitter:description\" content=\"Doha (Qatar), 5 ene (dpa) - El Bayern M\u00fanich quiere aumentar la presi\u00f3n sobre el puntero Borussia Dortmund apenas comience la segunda mitad del campeonato alem\u00e1n de f\u00fatbol para cimentar sus ambiciones a reeditar el t\u00edtulo, anunci\u00f3 hoy el t\u00e9cnico del equipo, Niko Kovac. El Dortmund se coron\u00f3 campe\u00f3n de invierno (boreal) antes de la\" \/>\n\t\t<meta name=\"twitter:creator\" content=\"@nbasturias\" \/>\n\t\t<meta name=\"twitter:image\" content=\"https:\/\/candas365.es\/noticias\/wp-content\/uploads\/2019\/01\/Niko-Kovac.jpg\" \/>\n\t\t<meta name=\"twitter:label1\" content=\"Escrito por\" \/>\n\t\t<meta name=\"twitter:data1\" content=\"Cand\u00e1s 365\" \/>\n\t\t<meta name=\"twitter:label2\" content=\"Tiempo de lectura estimado\" \/>\n\t\t<meta name=\"twitter:data2\" content=\"1 minuto\" \/>\n\t\t<script type=\"application\/ld+json\" class=\"aioseo-schema\">\n\t\t\t{\"@context\":\"https:\\\/\\\/schema.org\",\"@graph\":[{\"@type\":\"BreadcrumbList\",\"@id\":\"https:\\\/\\\/candas365.es\\\/noticias\\\/niko-kovac-quiere-aumentar-la-presion-sobre-el-dortmund\\\/#breadcrumblist\",\"itemListElement\":[{\"@type\":\"ListItem\",\"@id\":\"https:\\\/\\\/candas365.es\\\/noticias#listItem\",\"position\":1,\"name\":\"Home\",\"item\":\"https:\\\/\\\/candas365.es\\\/noticias\",\"nextItem\":{\"@type\":\"ListItem\",\"@id\":\"https:\\\/\\\/candas365.es\\\/noticias\\\/category\\\/deporte\\\/#listItem\",\"name\":\"Deporte\"}},{\"@type\":\"ListItem\",\"@id\":\"https:\\\/\\\/candas365.es\\\/noticias\\\/category\\\/deporte\\\/#listItem\",\"position\":2,\"name\":\"Deporte\",\"item\":\"https:\\\/\\\/candas365.es\\\/noticias\\\/category\\\/deporte\\\/\",\"nextItem\":{\"@type\":\"ListItem\",\"@id\":\"https:\\\/\\\/candas365.es\\\/noticias\\\/niko-kovac-quiere-aumentar-la-presion-sobre-el-dortmund\\\/#listItem\",\"name\":\"Niko Kovac quiere aumentar la presi\\u00f3n sobre el Dortmund\"},\"previousItem\":{\"@type\":\"ListItem\",\"@id\":\"https:\\\/\\\/candas365.es\\\/noticias#listItem\",\"name\":\"Home\"}},{\"@type\":\"ListItem\",\"@id\":\"https:\\\/\\\/candas365.es\\\/noticias\\\/niko-kovac-quiere-aumentar-la-presion-sobre-el-dortmund\\\/#listItem\",\"position\":3,\"name\":\"Niko Kovac quiere aumentar la presi\\u00f3n sobre el Dortmund\",\"previousItem\":{\"@type\":\"ListItem\",\"@id\":\"https:\\\/\\\/candas365.es\\\/noticias\\\/category\\\/deporte\\\/#listItem\",\"name\":\"Deporte\"}}]},{\"@type\":\"NewsArticle\",\"@id\":\"https:\\\/\\\/candas365.es\\\/noticias\\\/niko-kovac-quiere-aumentar-la-presion-sobre-el-dortmund\\\/#newsarticle\",\"name\":\"Niko Kovac quiere aumentar la presi\\u00f3n sobre el Dortmund | Cand\\u00e1s 365\",\"headline\":\"Niko Kovac quiere aumentar la presi\\u00f3n sobre el Dortmund\",\"author\":{\"@id\":\"https:\\\/\\\/candas365.es\\\/noticias\\\/author\\\/admin\\\/#author\"},\"publisher\":{\"@id\":\"https:\\\/\\\/candas365.es\\\/noticias\\\/#organization\"},\"image\":{\"@type\":\"ImageObject\",\"url\":\"https:\\\/\\\/candas365.es\\\/noticias\\\/wp-content\\\/uploads\\\/2019\\\/01\\\/Niko-Kovac.jpg\",\"width\":828,\"height\":659,\"caption\":\"Foto: Peter Kneffel\\\/dpa\"},\"datePublished\":\"2019-01-05T14:57:39+01:00\",\"dateModified\":\"2019-01-05T14:57:39+01:00\",\"inLanguage\":\"es-ES\",\"mainEntityOfPage\":{\"@id\":\"https:\\\/\\\/candas365.es\\\/noticias\\\/niko-kovac-quiere-aumentar-la-presion-sobre-el-dortmund\\\/#webpage\"},\"isPartOf\":{\"@id\":\"https:\\\/\\\/candas365.es\\\/noticias\\\/niko-kovac-quiere-aumentar-la-presion-sobre-el-dortmund\\\/#webpage\"},\"articleSection\":\"Deporte\",\"dateline\":\"Publicado el enero 5, 2019.\"},{\"@type\":\"Organization\",\"@id\":\"https:\\\/\\\/candas365.es\\\/noticias\\\/#organization\",\"name\":\"Cand\\u00e1s 365\",\"description\":\"Cand\\u00e1s 365 es un diario digital independiente, fundado en 2012, con base en Asturias. Informamos con rigor sobre actualidad, sociedad, cultura y ocio, con una mirada local y global.\",\"url\":\"https:\\\/\\\/candas365.es\\\/noticias\\\/\",\"email\":\"info@candas365.es\",\"telephone\":\"+34652131393\",\"foundingDate\":\"2012-06-10\",\"logo\":{\"@type\":\"ImageObject\",\"url\":\"https:\\\/\\\/candas365.es\\\/noticias\\\/wp-content\\\/uploads\\\/2024\\\/09\\\/Candas-365-Redes.jpg\",\"@id\":\"https:\\\/\\\/candas365.es\\\/noticias\\\/niko-kovac-quiere-aumentar-la-presion-sobre-el-dortmund\\\/#organizationLogo\",\"width\":1152,\"height\":864,\"caption\":\"Cand\\u00e1s 365 Redes\"},\"image\":{\"@id\":\"https:\\\/\\\/candas365.es\\\/noticias\\\/niko-kovac-quiere-aumentar-la-presion-sobre-el-dortmund\\\/#organizationLogo\"},\"sameAs\":[\"https:\\\/\\\/www.facebook.com\\\/Nachofdezber\",\"https:\\\/\\\/x.com\\\/NabercoDigital\",\"https:\\\/\\\/www.instagram.com\\\/nachofdezber\\\/\",\"https:\\\/\\\/www.youtube.com\\\/channel\\\/UCZP-2wLEB9Rv6erhFmqVnvg\"],\"address\":{\"@id\":\"https:\\\/\\\/candas365.es\\\/noticias\\\/#postaladdress\",\"@type\":\"PostalAddress\",\"streetAddress\":\"san antonio 4, san antonio 4\",\"postalCode\":\"33430\",\"addressLocality\":\"Cand\\u00e1s\",\"addressRegion\":\"Asturias\",\"addressCountry\":\"ES\"}},{\"@type\":\"Person\",\"@id\":\"https:\\\/\\\/candas365.es\\\/noticias\\\/author\\\/admin\\\/#author\",\"url\":\"https:\\\/\\\/candas365.es\\\/noticias\\\/author\\\/admin\\\/\",\"name\":\"Cand\\u00e1s 365\",\"image\":{\"@type\":\"ImageObject\",\"@id\":\"https:\\\/\\\/candas365.es\\\/noticias\\\/niko-kovac-quiere-aumentar-la-presion-sobre-el-dortmund\\\/#authorImage\",\"url\":\"https:\\\/\\\/secure.gravatar.com\\\/avatar\\\/496a8e03d0c493ede1718b7934145dbdf8d89be1036b0eec9544e1094c9de390?s=96&d=mm&r=g\",\"width\":96,\"height\":96,\"caption\":\"Cand\\u00e1s 365\"},\"sameAs\":[\"https:\\\/\\\/www.facebook.com\\\/carrenoactualidad\",\"https:\\\/\\\/twitter.com\\\/nbasturias\",\"https:\\\/\\\/www.instagram.com\\\/nachofdezber\\\/\",\"https:\\\/\\\/www.youtube.com\\\/channel\\\/UCZP-2wLEB9Rv6erhFmqVnvg\"]},{\"@type\":\"WebPage\",\"@id\":\"https:\\\/\\\/candas365.es\\\/noticias\\\/niko-kovac-quiere-aumentar-la-presion-sobre-el-dortmund\\\/#webpage\",\"url\":\"https:\\\/\\\/candas365.es\\\/noticias\\\/niko-kovac-quiere-aumentar-la-presion-sobre-el-dortmund\\\/\",\"name\":\"Niko Kovac quiere aumentar la presi\\u00f3n sobre el Dortmund | Cand\\u00e1s 365\",\"description\":\"Doha (Qatar), 5 ene (dpa) - El Bayern M\\u00fanich quiere aumentar la presi\\u00f3n sobre el puntero Borussia Dortmund apenas comience la segunda mitad del campeonato alem\\u00e1n de f\\u00fatbol para cimentar sus ambiciones a reeditar el t\\u00edtulo, anunci\\u00f3 hoy el t\\u00e9cnico del equipo, Niko Kovac. El Dortmund se coron\\u00f3 campe\\u00f3n de invierno (boreal) antes de la\",\"inLanguage\":\"es-ES\",\"isPartOf\":{\"@id\":\"https:\\\/\\\/candas365.es\\\/noticias\\\/#website\"},\"breadcrumb\":{\"@id\":\"https:\\\/\\\/candas365.es\\\/noticias\\\/niko-kovac-quiere-aumentar-la-presion-sobre-el-dortmund\\\/#breadcrumblist\"},\"author\":{\"@id\":\"https:\\\/\\\/candas365.es\\\/noticias\\\/author\\\/admin\\\/#author\"},\"creator\":{\"@id\":\"https:\\\/\\\/candas365.es\\\/noticias\\\/author\\\/admin\\\/#author\"},\"image\":{\"@type\":\"ImageObject\",\"url\":\"https:\\\/\\\/candas365.es\\\/noticias\\\/wp-content\\\/uploads\\\/2019\\\/01\\\/Niko-Kovac.jpg\",\"@id\":\"https:\\\/\\\/candas365.es\\\/noticias\\\/niko-kovac-quiere-aumentar-la-presion-sobre-el-dortmund\\\/#mainImage\",\"width\":828,\"height\":659,\"caption\":\"Foto: Peter Kneffel\\\/dpa\"},\"primaryImageOfPage\":{\"@id\":\"https:\\\/\\\/candas365.es\\\/noticias\\\/niko-kovac-quiere-aumentar-la-presion-sobre-el-dortmund\\\/#mainImage\"},\"datePublished\":\"2019-01-05T14:57:39+01:00\",\"dateModified\":\"2019-01-05T14:57:39+01:00\"},{\"@type\":\"WebSite\",\"@id\":\"https:\\\/\\\/candas365.es\\\/noticias\\\/#website\",\"url\":\"https:\\\/\\\/candas365.es\\\/noticias\\\/\",\"name\":\"Cand\\u00e1s 365\",\"alternateName\":\"Cand\\u00e1s 365 Noticias\",\"description\":\"Actualidad desde Carre\\u00f1o para el mundo\",\"inLanguage\":\"es-ES\",\"publisher\":{\"@id\":\"https:\\\/\\\/candas365.es\\\/noticias\\\/#organization\"}}]}\n\t\t<\/script>\n\t\t<!-- All in One SEO Pro -->\r\n\t\t<title>Niko Kovac quiere aumentar la presi\u00f3n sobre el Dortmund | Cand\u00e1s 365<\/title>\n\n","aioseo_head_json":{"title":"Niko Kovac quiere aumentar la presi\u00f3n sobre el Dortmund | Cand\u00e1s 365","description":"Doha (Qatar), 5 ene (dpa) - El Bayern M\u00fanich quiere aumentar la presi\u00f3n sobre el puntero Borussia Dortmund apenas comience la segunda mitad del campeonato alem\u00e1n de f\u00fatbol para cimentar sus ambiciones a reeditar el t\u00edtulo, anunci\u00f3 hoy el t\u00e9cnico del equipo, Niko Kovac. El Dortmund se coron\u00f3 campe\u00f3n de invierno (boreal) antes de la","canonical_url":"https:\/\/candas365.es\/noticias\/niko-kovac-quiere-aumentar-la-presion-sobre-el-dortmund\/","robots":"max-image-preview:large","keywords":"deporte","webmasterTools":{"google-site-verification":"UA-32230408-1","msvalidate.01":"354F3CDFB2DA171B47FBE9ABF1F88D5","miscellaneous":""},"schema":{"@context":"https:\/\/schema.org","@graph":[{"@type":"BreadcrumbList","@id":"https:\/\/candas365.es\/noticias\/niko-kovac-quiere-aumentar-la-presion-sobre-el-dortmund\/#breadcrumblist","itemListElement":[{"@type":"ListItem","@id":"https:\/\/candas365.es\/noticias#listItem","position":1,"name":"Home","item":"https:\/\/candas365.es\/noticias","nextItem":{"@type":"ListItem","@id":"https:\/\/candas365.es\/noticias\/category\/deporte\/#listItem","name":"Deporte"}},{"@type":"ListItem","@id":"https:\/\/candas365.es\/noticias\/category\/deporte\/#listItem","position":2,"name":"Deporte","item":"https:\/\/candas365.es\/noticias\/category\/deporte\/","nextItem":{"@type":"ListItem","@id":"https:\/\/candas365.es\/noticias\/niko-kovac-quiere-aumentar-la-presion-sobre-el-dortmund\/#listItem","name":"Niko Kovac quiere aumentar la presi\u00f3n sobre el Dortmund"},"previousItem":{"@type":"ListItem","@id":"https:\/\/candas365.es\/noticias#listItem","name":"Home"}},{"@type":"ListItem","@id":"https:\/\/candas365.es\/noticias\/niko-kovac-quiere-aumentar-la-presion-sobre-el-dortmund\/#listItem","position":3,"name":"Niko Kovac quiere aumentar la presi\u00f3n sobre el Dortmund","previousItem":{"@type":"ListItem","@id":"https:\/\/candas365.es\/noticias\/category\/deporte\/#listItem","name":"Deporte"}}]},{"@type":"NewsArticle","@id":"https:\/\/candas365.es\/noticias\/niko-kovac-quiere-aumentar-la-presion-sobre-el-dortmund\/#newsarticle","name":"Niko Kovac quiere aumentar la presi\u00f3n sobre el Dortmund | Cand\u00e1s 365","headline":"Niko Kovac quiere aumentar la presi\u00f3n sobre el Dortmund","author":{"@id":"https:\/\/candas365.es\/noticias\/author\/admin\/#author"},"publisher":{"@id":"https:\/\/candas365.es\/noticias\/#organization"},"image":{"@type":"ImageObject","url":"https:\/\/candas365.es\/noticias\/wp-content\/uploads\/2019\/01\/Niko-Kovac.jpg","width":828,"height":659,"caption":"Foto: Peter Kneffel\/dpa"},"datePublished":"2019-01-05T14:57:39+01:00","dateModified":"2019-01-05T14:57:39+01:00","inLanguage":"es-ES","mainEntityOfPage":{"@id":"https:\/\/candas365.es\/noticias\/niko-kovac-quiere-aumentar-la-presion-sobre-el-dortmund\/#webpage"},"isPartOf":{"@id":"https:\/\/candas365.es\/noticias\/niko-kovac-quiere-aumentar-la-presion-sobre-el-dortmund\/#webpage"},"articleSection":"Deporte","dateline":"Publicado el enero 5, 2019."},{"@type":"Organization","@id":"https:\/\/candas365.es\/noticias\/#organization","name":"Cand\u00e1s 365","description":"Cand\u00e1s 365 es un diario digital independiente, fundado en 2012, con base en Asturias. Informamos con rigor sobre actualidad, sociedad, cultura y ocio, con una mirada local y global.","url":"https:\/\/candas365.es\/noticias\/","email":"info@candas365.es","telephone":"+34652131393","foundingDate":"2012-06-10","logo":{"@type":"ImageObject","url":"https:\/\/candas365.es\/noticias\/wp-content\/uploads\/2024\/09\/Candas-365-Redes.jpg","@id":"https:\/\/candas365.es\/noticias\/niko-kovac-quiere-aumentar-la-presion-sobre-el-dortmund\/#organizationLogo","width":1152,"height":864,"caption":"Cand\u00e1s 365 Redes"},"image":{"@id":"https:\/\/candas365.es\/noticias\/niko-kovac-quiere-aumentar-la-presion-sobre-el-dortmund\/#organizationLogo"},"sameAs":["https:\/\/www.facebook.com\/Nachofdezber","https:\/\/x.com\/NabercoDigital","https:\/\/www.instagram.com\/nachofdezber\/","https:\/\/www.youtube.com\/channel\/UCZP-2wLEB9Rv6erhFmqVnvg"],"address":{"@id":"https:\/\/candas365.es\/noticias\/#postaladdress","@type":"PostalAddress","streetAddress":"san antonio 4, san antonio 4","postalCode":"33430","addressLocality":"Cand\u00e1s","addressRegion":"Asturias","addressCountry":"ES"}},{"@type":"Person","@id":"https:\/\/candas365.es\/noticias\/author\/admin\/#author","url":"https:\/\/candas365.es\/noticias\/author\/admin\/","name":"Cand\u00e1s 365","image":{"@type":"ImageObject","@id":"https:\/\/candas365.es\/noticias\/niko-kovac-quiere-aumentar-la-presion-sobre-el-dortmund\/#authorImage","url":"https:\/\/secure.gravatar.com\/avatar\/496a8e03d0c493ede1718b7934145dbdf8d89be1036b0eec9544e1094c9de390?s=96&d=mm&r=g","width":96,"height":96,"caption":"Cand\u00e1s 365"},"sameAs":["https:\/\/www.facebook.com\/carrenoactualidad","https:\/\/twitter.com\/nbasturias","https:\/\/www.instagram.com\/nachofdezber\/","https:\/\/www.youtube.com\/channel\/UCZP-2wLEB9Rv6erhFmqVnvg"]},{"@type":"WebPage","@id":"https:\/\/candas365.es\/noticias\/niko-kovac-quiere-aumentar-la-presion-sobre-el-dortmund\/#webpage","url":"https:\/\/candas365.es\/noticias\/niko-kovac-quiere-aumentar-la-presion-sobre-el-dortmund\/","name":"Niko Kovac quiere aumentar la presi\u00f3n sobre el Dortmund | Cand\u00e1s 365","description":"Doha (Qatar), 5 ene (dpa) - El Bayern M\u00fanich quiere aumentar la presi\u00f3n sobre el puntero Borussia Dortmund apenas comience la segunda mitad del campeonato alem\u00e1n de f\u00fatbol para cimentar sus ambiciones a reeditar el t\u00edtulo, anunci\u00f3 hoy el t\u00e9cnico del equipo, Niko Kovac. El Dortmund se coron\u00f3 campe\u00f3n de invierno (boreal) antes de la","inLanguage":"es-ES","isPartOf":{"@id":"https:\/\/candas365.es\/noticias\/#website"},"breadcrumb":{"@id":"https:\/\/candas365.es\/noticias\/niko-kovac-quiere-aumentar-la-presion-sobre-el-dortmund\/#breadcrumblist"},"author":{"@id":"https:\/\/candas365.es\/noticias\/author\/admin\/#author"},"creator":{"@id":"https:\/\/candas365.es\/noticias\/author\/admin\/#author"},"image":{"@type":"ImageObject","url":"https:\/\/candas365.es\/noticias\/wp-content\/uploads\/2019\/01\/Niko-Kovac.jpg","@id":"https:\/\/candas365.es\/noticias\/niko-kovac-quiere-aumentar-la-presion-sobre-el-dortmund\/#mainImage","width":828,"height":659,"caption":"Foto: Peter Kneffel\/dpa"},"primaryImageOfPage":{"@id":"https:\/\/candas365.es\/noticias\/niko-kovac-quiere-aumentar-la-presion-sobre-el-dortmund\/#mainImage"},"datePublished":"2019-01-05T14:57:39+01:00","dateModified":"2019-01-05T14:57:39+01:00"},{"@type":"WebSite","@id":"https:\/\/candas365.es\/noticias\/#website","url":"https:\/\/candas365.es\/noticias\/","name":"Cand\u00e1s 365","alternateName":"Cand\u00e1s 365 Noticias","description":"Actualidad desde Carre\u00f1o para el mundo","inLanguage":"es-ES","publisher":{"@id":"https:\/\/candas365.es\/noticias\/#organization"}}]},"og:locale":"es_ES","og:site_name":"Cand\u00e1s 365","og:type":"article","og:title":"Niko Kovac quiere aumentar la presi\u00f3n sobre el Dortmund | Cand\u00e1s 365","og:description":"Doha (Qatar), 5 ene (dpa) - El Bayern M\u00fanich quiere aumentar la presi\u00f3n sobre el puntero Borussia Dortmund apenas comience la segunda mitad del campeonato alem\u00e1n de f\u00fatbol para cimentar sus ambiciones a reeditar el t\u00edtulo, anunci\u00f3 hoy el t\u00e9cnico del equipo, Niko Kovac. El Dortmund se coron\u00f3 campe\u00f3n de invierno (boreal) antes de la","og:url":"https:\/\/candas365.es\/noticias\/niko-kovac-quiere-aumentar-la-presion-sobre-el-dortmund\/","og:image":"https:\/\/candas365.es\/noticias\/wp-content\/uploads\/2019\/01\/Niko-Kovac.jpg","og:image:secure_url":"https:\/\/candas365.es\/noticias\/wp-content\/uploads\/2019\/01\/Niko-Kovac.jpg","og:image:width":828,"og:image:height":659,"article:published_time":"2019-01-05T14:57:39+00:00","article:modified_time":"2019-01-05T14:57:39+00:00","article:publisher":"https:\/\/www.facebook.com\/Nachofdezber","article:author":"https:\/\/www.facebook.com\/carrenoactualidad","twitter:card":"summary_large_image","twitter:site":"@NabercoDigital","twitter:title":"Niko Kovac quiere aumentar la presi\u00f3n sobre el Dortmund | Cand\u00e1s 365","twitter:description":"Doha (Qatar), 5 ene (dpa) - El Bayern M\u00fanich quiere aumentar la presi\u00f3n sobre el puntero Borussia Dortmund apenas comience la segunda mitad del campeonato alem\u00e1n de f\u00fatbol para cimentar sus ambiciones a reeditar el t\u00edtulo, anunci\u00f3 hoy el t\u00e9cnico del equipo, Niko Kovac. El Dortmund se coron\u00f3 campe\u00f3n de invierno (boreal) antes de la","twitter:creator":"@nbasturias","twitter:image":"https:\/\/candas365.es\/noticias\/wp-content\/uploads\/2019\/01\/Niko-Kovac.jpg","twitter:label1":"Escrito por","twitter:data1":"Cand\u00e1s 365","twitter:label2":"Tiempo de lectura estimado","twitter:data2":"1 minuto"},"aioseo_meta_data":{"post_id":"113498","title":null,"description":null,"keywords":null,"keyphrases":null,"primary_term":null,"canonical_url":null,"og_title":null,"og_description":null,"og_object_type":"default","og_image_type":"default","og_image_url":null,"og_image_width":null,"og_image_height":null,"og_image_custom_url":null,"og_image_custom_fields":null,"og_video":null,"og_custom_url":null,"og_article_section":null,"og_article_tags":null,"twitter_use_og":false,"twitter_card":"default","twitter_image_type":"default","twitter_image_url":null,"twitter_image_custom_url":null,"twitter_image_custom_fields":null,"twitter_title":null,"twitter_description":null,"schema":{"blockGraphs":[],"customGraphs":[],"default":{"data":{"Article":[],"Course":[],"Dataset":[],"FAQPage":[],"Movie":[],"Person":[],"Product":[],"ProductReview":[],"Car":[],"Recipe":[],"Service":[],"SoftwareApplication":[],"WebPage":[]},"graphName":"","isEnabled":true},"graphs":[]},"schema_type":null,"schema_type_options":null,"pillar_content":false,"robots_default":true,"robots_noindex":false,"robots_noarchive":false,"robots_nosnippet":false,"robots_nofollow":false,"robots_noimageindex":false,"robots_noodp":false,"robots_notranslate":false,"robots_max_snippet":null,"robots_max_videopreview":null,"robots_max_imagepreview":"large","priority":null,"frequency":null,"location":null,"local_seo":null,"seo_analyzer_scan_date":"2025-08-28 21:33:34","breadcrumb_settings":null,"limit_modified_date":false,"reviewed_by":null,"open_ai":null,"ai":null,"created":"2020-12-21 11:28:55","updated":"2025-08-28 21:33:34"},"aioseo_breadcrumb":"<div class=\"aioseo-breadcrumbs\"><span class=\"aioseo-breadcrumb\">\n\t<a href=\"https:\/\/candas365.es\/noticias\" title=\"Home\">Home<\/a>\n<\/span><span class=\"aioseo-breadcrumb-separator\">&ndash;<\/span><span class=\"aioseo-breadcrumb\">\n\t<a href=\"https:\/\/candas365.es\/noticias\/category\/deporte\/\" title=\"Deporte\">Deporte<\/a>\n<\/span><span class=\"aioseo-breadcrumb-separator\">&ndash;<\/span><span class=\"aioseo-breadcrumb\">\n\tNiko Kovac quiere aumentar la presi\u00f3n sobre el Dortmund\n<\/span><\/div>","aioseo_breadcrumb_json":[{"label":"Home","link":"https:\/\/candas365.es\/noticias"},{"label":"Deporte","link":"https:\/\/candas365.es\/noticias\/category\/deporte\/"},{"label":"Niko Kovac quiere aumentar la presi\u00f3n sobre el Dortmund","link":"https:\/\/candas365.es\/noticias\/niko-kovac-quiere-aumentar-la-presion-sobre-el-dortmund\/"}],"_links":{"self":[{"href":"https:\/\/candas365.es\/noticias\/wp-json\/wp\/v2\/posts\/113498","targetHints":{"allow":["GET"]}}],"collection":[{"href":"https:\/\/candas365.es\/noticias\/wp-json\/wp\/v2\/posts"}],"about":[{"href":"https:\/\/candas365.es\/noticias\/wp-json\/wp\/v2\/types\/post"}],"author":[{"embeddable":true,"href":"https:\/\/candas365.es\/noticias\/wp-json\/wp\/v2\/users\/1"}],"replies":[{"embeddable":true,"href":"https:\/\/candas365.es\/noticias\/wp-json\/wp\/v2\/comments?post=113498"}],"version-history":[{"count":0,"href":"https:\/\/candas365.es\/noticias\/wp-json\/wp\/v2\/posts\/113498\/revisions"}],"wp:featuredmedia":[{"embeddable":true,"href":"https:\/\/candas365.es\/noticias\/wp-json\/wp\/v2\/media\/113499"}],"wp:attachment":[{"href":"https:\/\/candas365.es\/noticias\/wp-json\/wp\/v2\/media?parent=113498"}],"wp:term":[{"taxonomy":"category","embeddable":true,"href":"https:\/\/candas365.es\/noticias\/wp-json\/wp\/v2\/categories?post=113498"},{"taxonomy":"post_tag","embeddable":true,"href":"https:\/\/candas365.es\/noticias\/wp-json\/wp\/v2\/tags?post=113498"}],"curies":[{"name":"wp","href":"https:\/\/api.w.org\/{rel}","templated":true}]}}