{"id":113461,"date":"2019-01-05T13:11:28","date_gmt":"2019-01-05T13:11:28","guid":{"rendered":"http:\/\/candas365.es\/noticias\/?p=113461"},"modified":"2019-01-05T13:11:28","modified_gmt":"2019-01-05T13:11:28","slug":"el-principado-rehabilitara-el-pabellon-deportivo-del-colegio-la-vallina-de-luanco","status":"publish","type":"post","link":"https:\/\/candas365.es\/noticias\/el-principado-rehabilitara-el-pabellon-deportivo-del-colegio-la-vallina-de-luanco\/","title":{"rendered":"El Principado rehabilitar\u00e1 el pabell\u00f3n deportivo del Colegio La Vallina de Luanco"},"content":{"rendered":"<p><img fetchpriority=\"high\" decoding=\"async\" class=\"alignleft size-medium wp-image-110390\" src=\"https:\/\/candas365.es\/noticias\/wp-content\/uploads\/2018\/11\/Reunion-Consejo-Gobierno-2-360x240.jpg\" alt=\"\" width=\"360\" height=\"240\" srcset=\"https:\/\/candas365.es\/noticias\/wp-content\/uploads\/2018\/11\/Reunion-Consejo-Gobierno-2-360x240.jpg 360w, https:\/\/candas365.es\/noticias\/wp-content\/uploads\/2018\/11\/Reunion-Consejo-Gobierno-2-768x512.jpg 768w, https:\/\/candas365.es\/noticias\/wp-content\/uploads\/2018\/11\/Reunion-Consejo-Gobierno-2-655x436.jpg 655w, https:\/\/candas365.es\/noticias\/wp-content\/uploads\/2018\/11\/Reunion-Consejo-Gobierno-2-696x464.jpg 696w, https:\/\/candas365.es\/noticias\/wp-content\/uploads\/2018\/11\/Reunion-Consejo-Gobierno-2-1068x712.jpg 1068w, https:\/\/candas365.es\/noticias\/wp-content\/uploads\/2018\/11\/Reunion-Consejo-Gobierno-2-630x420.jpg 630w, https:\/\/candas365.es\/noticias\/wp-content\/uploads\/2018\/11\/Reunion-Consejo-Gobierno-2.jpg 1280w\" sizes=\"(max-width: 360px) 100vw, 360px\" \/>La Consejer\u00eda de Educaci\u00f3n y Cultura suscribir\u00e1 un convenio con el Ayuntamiento de Goz\u00f3n para rehabilitar el pabell\u00f3n deportivo del Colegio P\u00fablico La Vallina, en Luanco, cuyo coste es de 225.772,36 euros, de los que el Principado aportar\u00e1 185.772,36 euros y el municipio los 40.000 restantes.<\/p>\n<p>Las instalaciones deportivas son de titularidad municipal y cuentan con un aulario y dos pistas, una de ellas cubierta. Con el paso del tiempo se han detectado diversas patolog\u00edas de la edificaci\u00f3n en esta pista, adem\u00e1s de hacerse necesario reparar el deterioro por su uso. Las obras de mejora, que est\u00e1 previsto que comiencen este a\u00f1o, subsanar\u00e1n los defectos.<\/p>\n<p>El proyecto sustituir\u00e1 las piezas del muro exterior fisuradas, las lamas de coronaci\u00f3n de la fachada afectadas por el \u00f3xido y desprendidas en parte, el panel de cubierta deteriorado, con fijaciones oxidadas y que produce filtraciones al interior, y el canal\u00f3n y las bajantes da\u00f1ados<\/p>\n<p>Los desperfectos en la pista polideportiva aconsejaban una r\u00e1pida actuaci\u00f3n, por lo que la Consejer\u00eda de Educaci\u00f3n dispuso, una vez conocido el informe de la situaci\u00f3n, la contrataci\u00f3n de un proyecto b\u00e1sico y de ejecuci\u00f3n, as\u00ed como la contrataci\u00f3n del correspondiente estudio de seguridad y salud para realizar esta reforma.<\/p>\n","protected":false},"excerpt":{"rendered":"<p>La Consejer\u00eda de Educaci\u00f3n y Cultura suscribir\u00e1 un convenio con el Ayuntamiento de Goz\u00f3n para rehabilitar el pabell\u00f3n deportivo del Colegio P\u00fablico La Vallina, en Luanco, cuyo coste es de 225.772,36 euros, de los que el Principado aportar\u00e1 185.772,36 euros y el municipio los 40.000 restantes. Las instalaciones deportivas son de titularidad municipal y cuentan<\/p>\n","protected":false},"author":1,"featured_media":109039,"comment_status":"closed","ping_status":"closed","sticky":false,"template":"","format":"standard","meta":{"footnotes":""},"categories":[7],"tags":[],"class_list":{"0":"post-113461","1":"post","2":"type-post","3":"status-publish","4":"format-standard","5":"has-post-thumbnail","7":"category-asturias"},"aioseo_notices":[],"aioseo_head":"\n\t\t<!-- All in One SEO Pro 4.9.6.2 - aioseo.com -->\n\t<meta name=\"description\" content=\"La Consejer\u00eda de Educaci\u00f3n y Cultura suscribir\u00e1 un convenio con el Ayuntamiento de Goz\u00f3n para rehabilitar el pabell\u00f3n deportivo del Colegio P\u00fablico La Vallina, en Luanco, cuyo coste es de 225.772,36 euros, de los que el Principado aportar\u00e1 185.772,36 euros y el municipio los 40.000 restantes. Las instalaciones deportivas son de titularidad municipal y cuentan\" \/>\n\t<meta name=\"robots\" content=\"max-image-preview:large\" \/>\n\t<meta name=\"author\" content=\"Cand\u00e1s 365\"\/>\n\t<meta name=\"google-site-verification\" content=\"UA-32230408-1\" \/>\n\t<meta name=\"msvalidate.01\" content=\"354F3CDFB2DA171B47FBE9ABF1F88D5\" \/>\n\t<meta name=\"keywords\" content=\"asturias\" \/>\n\t<link rel=\"canonical\" href=\"https:\/\/candas365.es\/noticias\/el-principado-rehabilitara-el-pabellon-deportivo-del-colegio-la-vallina-de-luanco\/\" \/>\n\t<meta name=\"generator\" content=\"All in One SEO Pro (AIOSEO) 4.9.6.2\" \/>\n\t\t<meta property=\"og:locale\" content=\"es_ES\" \/>\n\t\t<meta property=\"og:site_name\" content=\"Cand\u00e1s 365\" \/>\n\t\t<meta property=\"og:type\" content=\"article\" \/>\n\t\t<meta property=\"og:title\" content=\"El Principado rehabilitar\u00e1 el pabell\u00f3n deportivo del Colegio La Vallina de Luanco | Cand\u00e1s 365\" \/>\n\t\t<meta property=\"og:description\" content=\"La Consejer\u00eda de Educaci\u00f3n y Cultura suscribir\u00e1 un convenio con el Ayuntamiento de Goz\u00f3n para rehabilitar el pabell\u00f3n deportivo del Colegio P\u00fablico La Vallina, en Luanco, cuyo coste es de 225.772,36 euros, de los que el Principado aportar\u00e1 185.772,36 euros y el municipio los 40.000 restantes. Las instalaciones deportivas son de titularidad municipal y cuentan\" \/>\n\t\t<meta property=\"og:url\" content=\"https:\/\/candas365.es\/noticias\/el-principado-rehabilitara-el-pabellon-deportivo-del-colegio-la-vallina-de-luanco\/\" \/>\n\t\t<meta property=\"og:image\" content=\"https:\/\/candas365.es\/noticias\/wp-content\/uploads\/2018\/11\/Reunion-Consejo-Gobierno-3.jpg\" \/>\n\t\t<meta property=\"og:image:secure_url\" content=\"https:\/\/candas365.es\/noticias\/wp-content\/uploads\/2018\/11\/Reunion-Consejo-Gobierno-3.jpg\" \/>\n\t\t<meta property=\"og:image:width\" content=\"1280\" \/>\n\t\t<meta property=\"og:image:height\" content=\"853\" \/>\n\t\t<meta property=\"article:published_time\" content=\"2019-01-05T13:11:28+00:00\" \/>\n\t\t<meta property=\"article:modified_time\" content=\"2019-01-05T13:11:28+00:00\" \/>\n\t\t<meta property=\"article:publisher\" content=\"https:\/\/www.facebook.com\/Nachofdezber\" \/>\n\t\t<meta property=\"article:author\" content=\"https:\/\/www.facebook.com\/carrenoactualidad\" \/>\n\t\t<meta name=\"twitter:card\" content=\"summary_large_image\" \/>\n\t\t<meta name=\"twitter:site\" content=\"@NabercoDigital\" \/>\n\t\t<meta name=\"twitter:title\" content=\"El Principado rehabilitar\u00e1 el pabell\u00f3n deportivo del Colegio La Vallina de Luanco | Cand\u00e1s 365\" \/>\n\t\t<meta name=\"twitter:description\" content=\"La Consejer\u00eda de Educaci\u00f3n y Cultura suscribir\u00e1 un convenio con el Ayuntamiento de Goz\u00f3n para rehabilitar el pabell\u00f3n deportivo del Colegio P\u00fablico La Vallina, en Luanco, cuyo coste es de 225.772,36 euros, de los que el Principado aportar\u00e1 185.772,36 euros y el municipio los 40.000 restantes. Las instalaciones deportivas son de titularidad municipal y cuentan\" \/>\n\t\t<meta name=\"twitter:creator\" content=\"@nbasturias\" \/>\n\t\t<meta name=\"twitter:image\" content=\"https:\/\/candas365.es\/noticias\/wp-content\/uploads\/2018\/11\/Reunion-Consejo-Gobierno-3.jpg\" \/>\n\t\t<meta name=\"twitter:label1\" content=\"Escrito por\" \/>\n\t\t<meta name=\"twitter:data1\" content=\"Cand\u00e1s 365\" \/>\n\t\t<meta name=\"twitter:label2\" content=\"Tiempo de lectura estimado\" \/>\n\t\t<meta name=\"twitter:data2\" content=\"1 minuto\" \/>\n\t\t<script type=\"application\/ld+json\" class=\"aioseo-schema\">\n\t\t\t{\"@context\":\"https:\\\/\\\/schema.org\",\"@graph\":[{\"@type\":\"BreadcrumbList\",\"@id\":\"https:\\\/\\\/candas365.es\\\/noticias\\\/el-principado-rehabilitara-el-pabellon-deportivo-del-colegio-la-vallina-de-luanco\\\/#breadcrumblist\",\"itemListElement\":[{\"@type\":\"ListItem\",\"@id\":\"https:\\\/\\\/candas365.es\\\/noticias#listItem\",\"position\":1,\"name\":\"Home\",\"item\":\"https:\\\/\\\/candas365.es\\\/noticias\",\"nextItem\":{\"@type\":\"ListItem\",\"@id\":\"https:\\\/\\\/candas365.es\\\/noticias\\\/category\\\/asturias\\\/#listItem\",\"name\":\"Asturias\"}},{\"@type\":\"ListItem\",\"@id\":\"https:\\\/\\\/candas365.es\\\/noticias\\\/category\\\/asturias\\\/#listItem\",\"position\":2,\"name\":\"Asturias\",\"item\":\"https:\\\/\\\/candas365.es\\\/noticias\\\/category\\\/asturias\\\/\",\"nextItem\":{\"@type\":\"ListItem\",\"@id\":\"https:\\\/\\\/candas365.es\\\/noticias\\\/el-principado-rehabilitara-el-pabellon-deportivo-del-colegio-la-vallina-de-luanco\\\/#listItem\",\"name\":\"El Principado rehabilitar\\u00e1 el pabell\\u00f3n deportivo del Colegio La Vallina de Luanco\"},\"previousItem\":{\"@type\":\"ListItem\",\"@id\":\"https:\\\/\\\/candas365.es\\\/noticias#listItem\",\"name\":\"Home\"}},{\"@type\":\"ListItem\",\"@id\":\"https:\\\/\\\/candas365.es\\\/noticias\\\/el-principado-rehabilitara-el-pabellon-deportivo-del-colegio-la-vallina-de-luanco\\\/#listItem\",\"position\":3,\"name\":\"El Principado rehabilitar\\u00e1 el pabell\\u00f3n deportivo del Colegio La Vallina de Luanco\",\"previousItem\":{\"@type\":\"ListItem\",\"@id\":\"https:\\\/\\\/candas365.es\\\/noticias\\\/category\\\/asturias\\\/#listItem\",\"name\":\"Asturias\"}}]},{\"@type\":\"NewsArticle\",\"@id\":\"https:\\\/\\\/candas365.es\\\/noticias\\\/el-principado-rehabilitara-el-pabellon-deportivo-del-colegio-la-vallina-de-luanco\\\/#newsarticle\",\"name\":\"El Principado rehabilitar\\u00e1 el pabell\\u00f3n deportivo del Colegio La Vallina de Luanco | Cand\\u00e1s 365\",\"headline\":\"El Principado rehabilitar\\u00e1 el pabell\\u00f3n deportivo del Colegio La Vallina de Luanco\",\"author\":{\"@id\":\"https:\\\/\\\/candas365.es\\\/noticias\\\/author\\\/admin\\\/#author\"},\"publisher\":{\"@id\":\"https:\\\/\\\/candas365.es\\\/noticias\\\/#organization\"},\"image\":{\"@type\":\"ImageObject\",\"url\":\"https:\\\/\\\/candas365.es\\\/noticias\\\/wp-content\\\/uploads\\\/2018\\\/11\\\/Reunion-Consejo-Gobierno-3.jpg\",\"width\":1280,\"height\":853},\"datePublished\":\"2019-01-05T13:11:28+01:00\",\"dateModified\":\"2019-01-05T13:11:28+01:00\",\"inLanguage\":\"es-ES\",\"mainEntityOfPage\":{\"@id\":\"https:\\\/\\\/candas365.es\\\/noticias\\\/el-principado-rehabilitara-el-pabellon-deportivo-del-colegio-la-vallina-de-luanco\\\/#webpage\"},\"isPartOf\":{\"@id\":\"https:\\\/\\\/candas365.es\\\/noticias\\\/el-principado-rehabilitara-el-pabellon-deportivo-del-colegio-la-vallina-de-luanco\\\/#webpage\"},\"articleSection\":\"Asturias\",\"dateline\":\"Publicado el enero 5, 2019.\"},{\"@type\":\"Organization\",\"@id\":\"https:\\\/\\\/candas365.es\\\/noticias\\\/#organization\",\"name\":\"Cand\\u00e1s 365\",\"description\":\"Cand\\u00e1s 365 es un diario digital independiente, fundado en 2012, con base en Asturias. Informamos con rigor sobre actualidad, sociedad, cultura y ocio, con una mirada local y global.\",\"url\":\"https:\\\/\\\/candas365.es\\\/noticias\\\/\",\"email\":\"info@candas365.es\",\"telephone\":\"+34652131393\",\"foundingDate\":\"2012-06-10\",\"logo\":{\"@type\":\"ImageObject\",\"url\":\"https:\\\/\\\/candas365.es\\\/noticias\\\/wp-content\\\/uploads\\\/2024\\\/09\\\/Candas-365-Redes.jpg\",\"@id\":\"https:\\\/\\\/candas365.es\\\/noticias\\\/el-principado-rehabilitara-el-pabellon-deportivo-del-colegio-la-vallina-de-luanco\\\/#organizationLogo\",\"width\":1152,\"height\":864,\"caption\":\"Cand\\u00e1s 365 Redes\"},\"image\":{\"@id\":\"https:\\\/\\\/candas365.es\\\/noticias\\\/el-principado-rehabilitara-el-pabellon-deportivo-del-colegio-la-vallina-de-luanco\\\/#organizationLogo\"},\"sameAs\":[\"https:\\\/\\\/www.facebook.com\\\/Nachofdezber\",\"https:\\\/\\\/x.com\\\/NabercoDigital\",\"https:\\\/\\\/www.instagram.com\\\/nachofdezber\\\/\",\"https:\\\/\\\/www.youtube.com\\\/channel\\\/UCZP-2wLEB9Rv6erhFmqVnvg\"],\"address\":{\"@id\":\"https:\\\/\\\/candas365.es\\\/noticias\\\/#postaladdress\",\"@type\":\"PostalAddress\",\"streetAddress\":\"san antonio 4, san antonio 4\",\"postalCode\":\"33430\",\"addressLocality\":\"Cand\\u00e1s\",\"addressRegion\":\"Asturias\",\"addressCountry\":\"ES\"}},{\"@type\":\"Person\",\"@id\":\"https:\\\/\\\/candas365.es\\\/noticias\\\/author\\\/admin\\\/#author\",\"url\":\"https:\\\/\\\/candas365.es\\\/noticias\\\/author\\\/admin\\\/\",\"name\":\"Cand\\u00e1s 365\",\"image\":{\"@type\":\"ImageObject\",\"@id\":\"https:\\\/\\\/candas365.es\\\/noticias\\\/el-principado-rehabilitara-el-pabellon-deportivo-del-colegio-la-vallina-de-luanco\\\/#authorImage\",\"url\":\"https:\\\/\\\/secure.gravatar.com\\\/avatar\\\/496a8e03d0c493ede1718b7934145dbdf8d89be1036b0eec9544e1094c9de390?s=96&d=mm&r=g\",\"width\":96,\"height\":96,\"caption\":\"Cand\\u00e1s 365\"},\"sameAs\":[\"https:\\\/\\\/www.facebook.com\\\/carrenoactualidad\",\"https:\\\/\\\/twitter.com\\\/nbasturias\",\"https:\\\/\\\/www.instagram.com\\\/nachofdezber\\\/\",\"https:\\\/\\\/www.youtube.com\\\/channel\\\/UCZP-2wLEB9Rv6erhFmqVnvg\"]},{\"@type\":\"WebPage\",\"@id\":\"https:\\\/\\\/candas365.es\\\/noticias\\\/el-principado-rehabilitara-el-pabellon-deportivo-del-colegio-la-vallina-de-luanco\\\/#webpage\",\"url\":\"https:\\\/\\\/candas365.es\\\/noticias\\\/el-principado-rehabilitara-el-pabellon-deportivo-del-colegio-la-vallina-de-luanco\\\/\",\"name\":\"El Principado rehabilitar\\u00e1 el pabell\\u00f3n deportivo del Colegio La Vallina de Luanco | Cand\\u00e1s 365\",\"description\":\"La Consejer\\u00eda de Educaci\\u00f3n y Cultura suscribir\\u00e1 un convenio con el Ayuntamiento de Goz\\u00f3n para rehabilitar el pabell\\u00f3n deportivo del Colegio P\\u00fablico La Vallina, en Luanco, cuyo coste es de 225.772,36 euros, de los que el Principado aportar\\u00e1 185.772,36 euros y el municipio los 40.000 restantes. Las instalaciones deportivas son de titularidad municipal y cuentan\",\"inLanguage\":\"es-ES\",\"isPartOf\":{\"@id\":\"https:\\\/\\\/candas365.es\\\/noticias\\\/#website\"},\"breadcrumb\":{\"@id\":\"https:\\\/\\\/candas365.es\\\/noticias\\\/el-principado-rehabilitara-el-pabellon-deportivo-del-colegio-la-vallina-de-luanco\\\/#breadcrumblist\"},\"author\":{\"@id\":\"https:\\\/\\\/candas365.es\\\/noticias\\\/author\\\/admin\\\/#author\"},\"creator\":{\"@id\":\"https:\\\/\\\/candas365.es\\\/noticias\\\/author\\\/admin\\\/#author\"},\"image\":{\"@type\":\"ImageObject\",\"url\":\"https:\\\/\\\/candas365.es\\\/noticias\\\/wp-content\\\/uploads\\\/2018\\\/11\\\/Reunion-Consejo-Gobierno-3.jpg\",\"@id\":\"https:\\\/\\\/candas365.es\\\/noticias\\\/el-principado-rehabilitara-el-pabellon-deportivo-del-colegio-la-vallina-de-luanco\\\/#mainImage\",\"width\":1280,\"height\":853},\"primaryImageOfPage\":{\"@id\":\"https:\\\/\\\/candas365.es\\\/noticias\\\/el-principado-rehabilitara-el-pabellon-deportivo-del-colegio-la-vallina-de-luanco\\\/#mainImage\"},\"datePublished\":\"2019-01-05T13:11:28+01:00\",\"dateModified\":\"2019-01-05T13:11:28+01:00\"},{\"@type\":\"WebSite\",\"@id\":\"https:\\\/\\\/candas365.es\\\/noticias\\\/#website\",\"url\":\"https:\\\/\\\/candas365.es\\\/noticias\\\/\",\"name\":\"Cand\\u00e1s 365\",\"alternateName\":\"Cand\\u00e1s 365 Noticias\",\"description\":\"Actualidad desde Carre\\u00f1o para el mundo\",\"inLanguage\":\"es-ES\",\"publisher\":{\"@id\":\"https:\\\/\\\/candas365.es\\\/noticias\\\/#organization\"}}]}\n\t\t<\/script>\n\t\t<!-- All in One SEO Pro -->\r\n\t\t<title>El Principado rehabilitar\u00e1 el pabell\u00f3n deportivo del Colegio La Vallina de Luanco | Cand\u00e1s 365<\/title>\n\n","aioseo_head_json":{"title":"El Principado rehabilitar\u00e1 el pabell\u00f3n deportivo del Colegio La Vallina de Luanco | Cand\u00e1s 365","description":"La Consejer\u00eda de Educaci\u00f3n y Cultura suscribir\u00e1 un convenio con el Ayuntamiento de Goz\u00f3n para rehabilitar el pabell\u00f3n deportivo del Colegio P\u00fablico La Vallina, en Luanco, cuyo coste es de 225.772,36 euros, de los que el Principado aportar\u00e1 185.772,36 euros y el municipio los 40.000 restantes. Las instalaciones deportivas son de titularidad municipal y cuentan","canonical_url":"https:\/\/candas365.es\/noticias\/el-principado-rehabilitara-el-pabellon-deportivo-del-colegio-la-vallina-de-luanco\/","robots":"max-image-preview:large","keywords":"asturias","webmasterTools":{"google-site-verification":"UA-32230408-1","msvalidate.01":"354F3CDFB2DA171B47FBE9ABF1F88D5","miscellaneous":""},"schema":{"@context":"https:\/\/schema.org","@graph":[{"@type":"BreadcrumbList","@id":"https:\/\/candas365.es\/noticias\/el-principado-rehabilitara-el-pabellon-deportivo-del-colegio-la-vallina-de-luanco\/#breadcrumblist","itemListElement":[{"@type":"ListItem","@id":"https:\/\/candas365.es\/noticias#listItem","position":1,"name":"Home","item":"https:\/\/candas365.es\/noticias","nextItem":{"@type":"ListItem","@id":"https:\/\/candas365.es\/noticias\/category\/asturias\/#listItem","name":"Asturias"}},{"@type":"ListItem","@id":"https:\/\/candas365.es\/noticias\/category\/asturias\/#listItem","position":2,"name":"Asturias","item":"https:\/\/candas365.es\/noticias\/category\/asturias\/","nextItem":{"@type":"ListItem","@id":"https:\/\/candas365.es\/noticias\/el-principado-rehabilitara-el-pabellon-deportivo-del-colegio-la-vallina-de-luanco\/#listItem","name":"El Principado rehabilitar\u00e1 el pabell\u00f3n deportivo del Colegio La Vallina de Luanco"},"previousItem":{"@type":"ListItem","@id":"https:\/\/candas365.es\/noticias#listItem","name":"Home"}},{"@type":"ListItem","@id":"https:\/\/candas365.es\/noticias\/el-principado-rehabilitara-el-pabellon-deportivo-del-colegio-la-vallina-de-luanco\/#listItem","position":3,"name":"El Principado rehabilitar\u00e1 el pabell\u00f3n deportivo del Colegio La Vallina de Luanco","previousItem":{"@type":"ListItem","@id":"https:\/\/candas365.es\/noticias\/category\/asturias\/#listItem","name":"Asturias"}}]},{"@type":"NewsArticle","@id":"https:\/\/candas365.es\/noticias\/el-principado-rehabilitara-el-pabellon-deportivo-del-colegio-la-vallina-de-luanco\/#newsarticle","name":"El Principado rehabilitar\u00e1 el pabell\u00f3n deportivo del Colegio La Vallina de Luanco | Cand\u00e1s 365","headline":"El Principado rehabilitar\u00e1 el pabell\u00f3n deportivo del Colegio La Vallina de Luanco","author":{"@id":"https:\/\/candas365.es\/noticias\/author\/admin\/#author"},"publisher":{"@id":"https:\/\/candas365.es\/noticias\/#organization"},"image":{"@type":"ImageObject","url":"https:\/\/candas365.es\/noticias\/wp-content\/uploads\/2018\/11\/Reunion-Consejo-Gobierno-3.jpg","width":1280,"height":853},"datePublished":"2019-01-05T13:11:28+01:00","dateModified":"2019-01-05T13:11:28+01:00","inLanguage":"es-ES","mainEntityOfPage":{"@id":"https:\/\/candas365.es\/noticias\/el-principado-rehabilitara-el-pabellon-deportivo-del-colegio-la-vallina-de-luanco\/#webpage"},"isPartOf":{"@id":"https:\/\/candas365.es\/noticias\/el-principado-rehabilitara-el-pabellon-deportivo-del-colegio-la-vallina-de-luanco\/#webpage"},"articleSection":"Asturias","dateline":"Publicado el enero 5, 2019."},{"@type":"Organization","@id":"https:\/\/candas365.es\/noticias\/#organization","name":"Cand\u00e1s 365","description":"Cand\u00e1s 365 es un diario digital independiente, fundado en 2012, con base en Asturias. Informamos con rigor sobre actualidad, sociedad, cultura y ocio, con una mirada local y global.","url":"https:\/\/candas365.es\/noticias\/","email":"info@candas365.es","telephone":"+34652131393","foundingDate":"2012-06-10","logo":{"@type":"ImageObject","url":"https:\/\/candas365.es\/noticias\/wp-content\/uploads\/2024\/09\/Candas-365-Redes.jpg","@id":"https:\/\/candas365.es\/noticias\/el-principado-rehabilitara-el-pabellon-deportivo-del-colegio-la-vallina-de-luanco\/#organizationLogo","width":1152,"height":864,"caption":"Cand\u00e1s 365 Redes"},"image":{"@id":"https:\/\/candas365.es\/noticias\/el-principado-rehabilitara-el-pabellon-deportivo-del-colegio-la-vallina-de-luanco\/#organizationLogo"},"sameAs":["https:\/\/www.facebook.com\/Nachofdezber","https:\/\/x.com\/NabercoDigital","https:\/\/www.instagram.com\/nachofdezber\/","https:\/\/www.youtube.com\/channel\/UCZP-2wLEB9Rv6erhFmqVnvg"],"address":{"@id":"https:\/\/candas365.es\/noticias\/#postaladdress","@type":"PostalAddress","streetAddress":"san antonio 4, san antonio 4","postalCode":"33430","addressLocality":"Cand\u00e1s","addressRegion":"Asturias","addressCountry":"ES"}},{"@type":"Person","@id":"https:\/\/candas365.es\/noticias\/author\/admin\/#author","url":"https:\/\/candas365.es\/noticias\/author\/admin\/","name":"Cand\u00e1s 365","image":{"@type":"ImageObject","@id":"https:\/\/candas365.es\/noticias\/el-principado-rehabilitara-el-pabellon-deportivo-del-colegio-la-vallina-de-luanco\/#authorImage","url":"https:\/\/secure.gravatar.com\/avatar\/496a8e03d0c493ede1718b7934145dbdf8d89be1036b0eec9544e1094c9de390?s=96&d=mm&r=g","width":96,"height":96,"caption":"Cand\u00e1s 365"},"sameAs":["https:\/\/www.facebook.com\/carrenoactualidad","https:\/\/twitter.com\/nbasturias","https:\/\/www.instagram.com\/nachofdezber\/","https:\/\/www.youtube.com\/channel\/UCZP-2wLEB9Rv6erhFmqVnvg"]},{"@type":"WebPage","@id":"https:\/\/candas365.es\/noticias\/el-principado-rehabilitara-el-pabellon-deportivo-del-colegio-la-vallina-de-luanco\/#webpage","url":"https:\/\/candas365.es\/noticias\/el-principado-rehabilitara-el-pabellon-deportivo-del-colegio-la-vallina-de-luanco\/","name":"El Principado rehabilitar\u00e1 el pabell\u00f3n deportivo del Colegio La Vallina de Luanco | Cand\u00e1s 365","description":"La Consejer\u00eda de Educaci\u00f3n y Cultura suscribir\u00e1 un convenio con el Ayuntamiento de Goz\u00f3n para rehabilitar el pabell\u00f3n deportivo del Colegio P\u00fablico La Vallina, en Luanco, cuyo coste es de 225.772,36 euros, de los que el Principado aportar\u00e1 185.772,36 euros y el municipio los 40.000 restantes. Las instalaciones deportivas son de titularidad municipal y cuentan","inLanguage":"es-ES","isPartOf":{"@id":"https:\/\/candas365.es\/noticias\/#website"},"breadcrumb":{"@id":"https:\/\/candas365.es\/noticias\/el-principado-rehabilitara-el-pabellon-deportivo-del-colegio-la-vallina-de-luanco\/#breadcrumblist"},"author":{"@id":"https:\/\/candas365.es\/noticias\/author\/admin\/#author"},"creator":{"@id":"https:\/\/candas365.es\/noticias\/author\/admin\/#author"},"image":{"@type":"ImageObject","url":"https:\/\/candas365.es\/noticias\/wp-content\/uploads\/2018\/11\/Reunion-Consejo-Gobierno-3.jpg","@id":"https:\/\/candas365.es\/noticias\/el-principado-rehabilitara-el-pabellon-deportivo-del-colegio-la-vallina-de-luanco\/#mainImage","width":1280,"height":853},"primaryImageOfPage":{"@id":"https:\/\/candas365.es\/noticias\/el-principado-rehabilitara-el-pabellon-deportivo-del-colegio-la-vallina-de-luanco\/#mainImage"},"datePublished":"2019-01-05T13:11:28+01:00","dateModified":"2019-01-05T13:11:28+01:00"},{"@type":"WebSite","@id":"https:\/\/candas365.es\/noticias\/#website","url":"https:\/\/candas365.es\/noticias\/","name":"Cand\u00e1s 365","alternateName":"Cand\u00e1s 365 Noticias","description":"Actualidad desde Carre\u00f1o para el mundo","inLanguage":"es-ES","publisher":{"@id":"https:\/\/candas365.es\/noticias\/#organization"}}]},"og:locale":"es_ES","og:site_name":"Cand\u00e1s 365","og:type":"article","og:title":"El Principado rehabilitar\u00e1 el pabell\u00f3n deportivo del Colegio La Vallina de Luanco | Cand\u00e1s 365","og:description":"La Consejer\u00eda de Educaci\u00f3n y Cultura suscribir\u00e1 un convenio con el Ayuntamiento de Goz\u00f3n para rehabilitar el pabell\u00f3n deportivo del Colegio P\u00fablico La Vallina, en Luanco, cuyo coste es de 225.772,36 euros, de los que el Principado aportar\u00e1 185.772,36 euros y el municipio los 40.000 restantes. Las instalaciones deportivas son de titularidad municipal y cuentan","og:url":"https:\/\/candas365.es\/noticias\/el-principado-rehabilitara-el-pabellon-deportivo-del-colegio-la-vallina-de-luanco\/","og:image":"https:\/\/candas365.es\/noticias\/wp-content\/uploads\/2018\/11\/Reunion-Consejo-Gobierno-3.jpg","og:image:secure_url":"https:\/\/candas365.es\/noticias\/wp-content\/uploads\/2018\/11\/Reunion-Consejo-Gobierno-3.jpg","og:image:width":1280,"og:image:height":853,"article:published_time":"2019-01-05T13:11:28+00:00","article:modified_time":"2019-01-05T13:11:28+00:00","article:publisher":"https:\/\/www.facebook.com\/Nachofdezber","article:author":"https:\/\/www.facebook.com\/carrenoactualidad","twitter:card":"summary_large_image","twitter:site":"@NabercoDigital","twitter:title":"El Principado rehabilitar\u00e1 el pabell\u00f3n deportivo del Colegio La Vallina de Luanco | Cand\u00e1s 365","twitter:description":"La Consejer\u00eda de Educaci\u00f3n y Cultura suscribir\u00e1 un convenio con el Ayuntamiento de Goz\u00f3n para rehabilitar el pabell\u00f3n deportivo del Colegio P\u00fablico La Vallina, en Luanco, cuyo coste es de 225.772,36 euros, de los que el Principado aportar\u00e1 185.772,36 euros y el municipio los 40.000 restantes. Las instalaciones deportivas son de titularidad municipal y cuentan","twitter:creator":"@nbasturias","twitter:image":"https:\/\/candas365.es\/noticias\/wp-content\/uploads\/2018\/11\/Reunion-Consejo-Gobierno-3.jpg","twitter:label1":"Escrito por","twitter:data1":"Cand\u00e1s 365","twitter:label2":"Tiempo de lectura estimado","twitter:data2":"1 minuto"},"aioseo_meta_data":{"post_id":"113461","title":null,"description":null,"keywords":null,"keyphrases":null,"primary_term":null,"canonical_url":null,"og_title":null,"og_description":null,"og_object_type":"default","og_image_type":"default","og_image_url":null,"og_image_width":null,"og_image_height":null,"og_image_custom_url":null,"og_image_custom_fields":null,"og_video":null,"og_custom_url":null,"og_article_section":null,"og_article_tags":null,"twitter_use_og":false,"twitter_card":"default","twitter_image_type":"default","twitter_image_url":null,"twitter_image_custom_url":null,"twitter_image_custom_fields":null,"twitter_title":null,"twitter_description":null,"schema":{"blockGraphs":[],"customGraphs":[],"default":{"data":{"Article":[],"Course":[],"Dataset":[],"FAQPage":[],"Movie":[],"Person":[],"Product":[],"ProductReview":[],"Car":[],"Recipe":[],"Service":[],"SoftwareApplication":[],"WebPage":[]},"graphName":"","isEnabled":true},"graphs":[]},"schema_type":null,"schema_type_options":null,"pillar_content":false,"robots_default":true,"robots_noindex":false,"robots_noarchive":false,"robots_nosnippet":false,"robots_nofollow":false,"robots_noimageindex":false,"robots_noodp":false,"robots_notranslate":false,"robots_max_snippet":null,"robots_max_videopreview":null,"robots_max_imagepreview":"large","priority":null,"frequency":null,"location":null,"local_seo":null,"seo_analyzer_scan_date":"2025-08-28 21:25:18","breadcrumb_settings":null,"limit_modified_date":false,"reviewed_by":null,"open_ai":null,"ai":null,"created":"2020-12-21 11:28:55","updated":"2025-08-28 21:25:18"},"aioseo_breadcrumb":"<div class=\"aioseo-breadcrumbs\"><span class=\"aioseo-breadcrumb\">\n\t<a href=\"https:\/\/candas365.es\/noticias\" title=\"Home\">Home<\/a>\n<\/span><span class=\"aioseo-breadcrumb-separator\">&ndash;<\/span><span class=\"aioseo-breadcrumb\">\n\t<a href=\"https:\/\/candas365.es\/noticias\/category\/asturias\/\" title=\"Asturias\">Asturias<\/a>\n<\/span><span class=\"aioseo-breadcrumb-separator\">&ndash;<\/span><span class=\"aioseo-breadcrumb\">\n\tEl Principado rehabilitar\u00e1 el pabell\u00f3n deportivo del Colegio La Vallina de Luanco\n<\/span><\/div>","aioseo_breadcrumb_json":[{"label":"Home","link":"https:\/\/candas365.es\/noticias"},{"label":"Asturias","link":"https:\/\/candas365.es\/noticias\/category\/asturias\/"},{"label":"El Principado rehabilitar\u00e1 el pabell\u00f3n deportivo del Colegio La Vallina de Luanco","link":"https:\/\/candas365.es\/noticias\/el-principado-rehabilitara-el-pabellon-deportivo-del-colegio-la-vallina-de-luanco\/"}],"_links":{"self":[{"href":"https:\/\/candas365.es\/noticias\/wp-json\/wp\/v2\/posts\/113461","targetHints":{"allow":["GET"]}}],"collection":[{"href":"https:\/\/candas365.es\/noticias\/wp-json\/wp\/v2\/posts"}],"about":[{"href":"https:\/\/candas365.es\/noticias\/wp-json\/wp\/v2\/types\/post"}],"author":[{"embeddable":true,"href":"https:\/\/candas365.es\/noticias\/wp-json\/wp\/v2\/users\/1"}],"replies":[{"embeddable":true,"href":"https:\/\/candas365.es\/noticias\/wp-json\/wp\/v2\/comments?post=113461"}],"version-history":[{"count":0,"href":"https:\/\/candas365.es\/noticias\/wp-json\/wp\/v2\/posts\/113461\/revisions"}],"wp:featuredmedia":[{"embeddable":true,"href":"https:\/\/candas365.es\/noticias\/wp-json\/wp\/v2\/media\/109039"}],"wp:attachment":[{"href":"https:\/\/candas365.es\/noticias\/wp-json\/wp\/v2\/media?parent=113461"}],"wp:term":[{"taxonomy":"category","embeddable":true,"href":"https:\/\/candas365.es\/noticias\/wp-json\/wp\/v2\/categories?post=113461"},{"taxonomy":"post_tag","embeddable":true,"href":"https:\/\/candas365.es\/noticias\/wp-json\/wp\/v2\/tags?post=113461"}],"curies":[{"name":"wp","href":"https:\/\/api.w.org\/{rel}","templated":true}]}}