{"id":113459,"date":"2019-01-05T13:04:42","date_gmt":"2019-01-05T13:04:42","guid":{"rendered":"http:\/\/candas365.es\/noticias\/?p=113459"},"modified":"2019-01-05T13:04:42","modified_gmt":"2019-01-05T13:04:42","slug":"oblanca-el-psoe-va-en-barrena-pese-a-lo-que-diga-tezanos","status":"publish","type":"post","link":"https:\/\/candas365.es\/noticias\/oblanca-el-psoe-va-en-barrena-pese-a-lo-que-diga-tezanos\/","title":{"rendered":"Oblanca: \u201cEl PSOE va en barrena, pese a lo que diga Tezanos\u201d"},"content":{"rendered":"<p><img fetchpriority=\"high\" decoding=\"async\" class=\"alignleft size-medium wp-image-112056\" src=\"https:\/\/candas365.es\/noticias\/wp-content\/uploads\/2018\/12\/400811_960_720-360x238.jpg\" alt=\"\" width=\"360\" height=\"238\" srcset=\"https:\/\/candas365.es\/noticias\/wp-content\/uploads\/2018\/12\/400811_960_720-360x238.jpg 360w, https:\/\/candas365.es\/noticias\/wp-content\/uploads\/2018\/12\/400811_960_720-768x508.jpg 768w, https:\/\/candas365.es\/noticias\/wp-content\/uploads\/2018\/12\/400811_960_720-655x433.jpg 655w, https:\/\/candas365.es\/noticias\/wp-content\/uploads\/2018\/12\/400811_960_720-696x460.jpg 696w, https:\/\/candas365.es\/noticias\/wp-content\/uploads\/2018\/12\/400811_960_720-635x420.jpg 635w, https:\/\/candas365.es\/noticias\/wp-content\/uploads\/2018\/12\/400811_960_720.jpg 960w\" sizes=\"(max-width: 360px) 100vw, 360px\" \/>El diputado nacional de FORO, Isidro Mart\u00ednez Oblanca, manifest\u00f3 esta ma\u00f1ana que \u201cla nueva entrega mensual del Centro de Investigaciones Sociol\u00f3gicas (CIS) que dirige Jos\u00e9 F\u00e9lix Tezanos ya forma parte de la antolog\u00eda del humor. \u00bfNo se ha enterado Tezanos, tan agudo para sus autoencuestas, que el Congreso reclam\u00f3 hace quince d\u00edas su cese por haber arrastrado al descr\u00e9dito al CIS?\u201d<\/p>\n<p>Oblanca se refer\u00eda as\u00ed a la publicaci\u00f3n de la encuesta del CIS \u201cque dirige el ex secretario de Estudios y Programas del PSOE y al que Pedro S\u00e1nchez puso al frente de una instituci\u00f3n p\u00fablica a la que ha sumido en el descr\u00e9dito en menos de medio a\u00f1o, con constantes cambios en la metodolog\u00eda para que Tezanos pueda acomodar las encuestas a gusto del presidente del Gobierno. En Andaluc\u00eda ya se vio el \u00e9xito del cocinero de cabecera de S\u00e1nchez y por el resultado parece que el potaje sociol\u00f3gico no estaba bien condimentado\u201d.<\/p>\n<p>El diputado de FORO record\u00f3 que el pasado 20 de diciembre el Pleno del Congreso aprob\u00f3 una Proposici\u00f3n no de Ley instando al Gobierno a sustituir a Tezanos al frente del CIS. En esa sesi\u00f3n FORO apoy\u00f3 el nombramiento de un nuevo presidente para el CIS y tambi\u00e9n que se aplique en las encuestas el modelo de estimaci\u00f3n de voto que concite el mayor consenso entre la comunidad cient\u00edfica. \u201cEs inaceptable en democracia que se mantenga al frente de un organismo p\u00fablico a quien hace de la manipulaci\u00f3n sociol\u00f3gica con fines partidistas un asunto recurrente\u201d, manifest\u00f3 Oblanca. \u201cTanto en Espa\u00f1a como en Asturias, por mucho empe\u00f1o que le ponga Tezanos, el PSOE va en barrena como consecuencia de las nefastas gestiones de S\u00e1nchez y Fern\u00e1ndez\u201d, concluye.<\/p>\n","protected":false},"excerpt":{"rendered":"<p>El diputado nacional de FORO, Isidro Mart\u00ednez Oblanca, manifest\u00f3 esta ma\u00f1ana que \u201cla nueva entrega mensual del Centro de Investigaciones Sociol\u00f3gicas (CIS) que dirige Jos\u00e9 F\u00e9lix Tezanos ya forma parte de la antolog\u00eda del humor. \u00bfNo se ha enterado Tezanos, tan agudo para sus autoencuestas, que el Congreso reclam\u00f3 hace quince d\u00edas su cese por<\/p>\n","protected":false},"author":1,"featured_media":112056,"comment_status":"closed","ping_status":"closed","sticky":false,"template":"","format":"standard","meta":{"footnotes":""},"categories":[7],"tags":[],"class_list":{"0":"post-113459","1":"post","2":"type-post","3":"status-publish","4":"format-standard","5":"has-post-thumbnail","7":"category-asturias"},"aioseo_notices":[],"aioseo_head":"\n\t\t<!-- All in One SEO Pro 4.9.6.2 - aioseo.com -->\n\t<meta name=\"description\" content=\"El diputado nacional de FORO, Isidro Mart\u00ednez Oblanca, manifest\u00f3 esta ma\u00f1ana que \u201cla nueva entrega mensual del Centro de Investigaciones Sociol\u00f3gicas (CIS) que dirige Jos\u00e9 F\u00e9lix Tezanos ya forma parte de la antolog\u00eda del humor. \u00bfNo se ha enterado Tezanos, tan agudo para sus autoencuestas, que el Congreso reclam\u00f3 hace quince d\u00edas su cese por\" \/>\n\t<meta name=\"robots\" content=\"max-image-preview:large\" \/>\n\t<meta name=\"author\" content=\"Cand\u00e1s 365\"\/>\n\t<meta name=\"google-site-verification\" content=\"UA-32230408-1\" \/>\n\t<meta name=\"msvalidate.01\" content=\"354F3CDFB2DA171B47FBE9ABF1F88D5\" \/>\n\t<meta name=\"keywords\" content=\"asturias\" \/>\n\t<link rel=\"canonical\" href=\"https:\/\/candas365.es\/noticias\/oblanca-el-psoe-va-en-barrena-pese-a-lo-que-diga-tezanos\/\" \/>\n\t<meta name=\"generator\" content=\"All in One SEO Pro (AIOSEO) 4.9.6.2\" \/>\n\t\t<meta property=\"og:locale\" content=\"es_ES\" \/>\n\t\t<meta property=\"og:site_name\" content=\"Cand\u00e1s 365\" \/>\n\t\t<meta property=\"og:type\" content=\"article\" \/>\n\t\t<meta property=\"og:title\" content=\"Oblanca: \u201cEl PSOE va en barrena, pese a lo que diga Tezanos\u201d | Cand\u00e1s 365\" \/>\n\t\t<meta property=\"og:description\" content=\"El diputado nacional de FORO, Isidro Mart\u00ednez Oblanca, manifest\u00f3 esta ma\u00f1ana que \u201cla nueva entrega mensual del Centro de Investigaciones Sociol\u00f3gicas (CIS) que dirige Jos\u00e9 F\u00e9lix Tezanos ya forma parte de la antolog\u00eda del humor. \u00bfNo se ha enterado Tezanos, tan agudo para sus autoencuestas, que el Congreso reclam\u00f3 hace quince d\u00edas su cese por\" \/>\n\t\t<meta property=\"og:url\" content=\"https:\/\/candas365.es\/noticias\/oblanca-el-psoe-va-en-barrena-pese-a-lo-que-diga-tezanos\/\" \/>\n\t\t<meta property=\"og:image\" content=\"https:\/\/candas365.es\/noticias\/wp-content\/uploads\/2018\/12\/400811_960_720.jpg\" \/>\n\t\t<meta property=\"og:image:secure_url\" content=\"https:\/\/candas365.es\/noticias\/wp-content\/uploads\/2018\/12\/400811_960_720.jpg\" \/>\n\t\t<meta property=\"og:image:width\" content=\"960\" \/>\n\t\t<meta property=\"og:image:height\" content=\"635\" \/>\n\t\t<meta property=\"article:published_time\" content=\"2019-01-05T13:04:42+00:00\" \/>\n\t\t<meta property=\"article:modified_time\" content=\"2019-01-05T13:04:42+00:00\" \/>\n\t\t<meta property=\"article:publisher\" content=\"https:\/\/www.facebook.com\/Nachofdezber\" \/>\n\t\t<meta property=\"article:author\" content=\"https:\/\/www.facebook.com\/carrenoactualidad\" \/>\n\t\t<meta name=\"twitter:card\" content=\"summary_large_image\" \/>\n\t\t<meta name=\"twitter:site\" content=\"@NabercoDigital\" \/>\n\t\t<meta name=\"twitter:title\" content=\"Oblanca: \u201cEl PSOE va en barrena, pese a lo que diga Tezanos\u201d | Cand\u00e1s 365\" \/>\n\t\t<meta name=\"twitter:description\" content=\"El diputado nacional de FORO, Isidro Mart\u00ednez Oblanca, manifest\u00f3 esta ma\u00f1ana que \u201cla nueva entrega mensual del Centro de Investigaciones Sociol\u00f3gicas (CIS) que dirige Jos\u00e9 F\u00e9lix Tezanos ya forma parte de la antolog\u00eda del humor. \u00bfNo se ha enterado Tezanos, tan agudo para sus autoencuestas, que el Congreso reclam\u00f3 hace quince d\u00edas su cese por\" \/>\n\t\t<meta name=\"twitter:creator\" content=\"@nbasturias\" \/>\n\t\t<meta name=\"twitter:image\" content=\"https:\/\/candas365.es\/noticias\/wp-content\/uploads\/2018\/12\/400811_960_720.jpg\" \/>\n\t\t<meta name=\"twitter:label1\" content=\"Escrito por\" \/>\n\t\t<meta name=\"twitter:data1\" content=\"Cand\u00e1s 365\" \/>\n\t\t<meta name=\"twitter:label2\" content=\"Tiempo de lectura estimado\" \/>\n\t\t<meta name=\"twitter:data2\" content=\"2 minutos\" \/>\n\t\t<script type=\"application\/ld+json\" class=\"aioseo-schema\">\n\t\t\t{\"@context\":\"https:\\\/\\\/schema.org\",\"@graph\":[{\"@type\":\"BreadcrumbList\",\"@id\":\"https:\\\/\\\/candas365.es\\\/noticias\\\/oblanca-el-psoe-va-en-barrena-pese-a-lo-que-diga-tezanos\\\/#breadcrumblist\",\"itemListElement\":[{\"@type\":\"ListItem\",\"@id\":\"https:\\\/\\\/candas365.es\\\/noticias#listItem\",\"position\":1,\"name\":\"Home\",\"item\":\"https:\\\/\\\/candas365.es\\\/noticias\",\"nextItem\":{\"@type\":\"ListItem\",\"@id\":\"https:\\\/\\\/candas365.es\\\/noticias\\\/category\\\/asturias\\\/#listItem\",\"name\":\"Asturias\"}},{\"@type\":\"ListItem\",\"@id\":\"https:\\\/\\\/candas365.es\\\/noticias\\\/category\\\/asturias\\\/#listItem\",\"position\":2,\"name\":\"Asturias\",\"item\":\"https:\\\/\\\/candas365.es\\\/noticias\\\/category\\\/asturias\\\/\",\"nextItem\":{\"@type\":\"ListItem\",\"@id\":\"https:\\\/\\\/candas365.es\\\/noticias\\\/oblanca-el-psoe-va-en-barrena-pese-a-lo-que-diga-tezanos\\\/#listItem\",\"name\":\"Oblanca: \\u201cEl PSOE va en barrena, pese a lo que diga Tezanos\\u201d\"},\"previousItem\":{\"@type\":\"ListItem\",\"@id\":\"https:\\\/\\\/candas365.es\\\/noticias#listItem\",\"name\":\"Home\"}},{\"@type\":\"ListItem\",\"@id\":\"https:\\\/\\\/candas365.es\\\/noticias\\\/oblanca-el-psoe-va-en-barrena-pese-a-lo-que-diga-tezanos\\\/#listItem\",\"position\":3,\"name\":\"Oblanca: \\u201cEl PSOE va en barrena, pese a lo que diga Tezanos\\u201d\",\"previousItem\":{\"@type\":\"ListItem\",\"@id\":\"https:\\\/\\\/candas365.es\\\/noticias\\\/category\\\/asturias\\\/#listItem\",\"name\":\"Asturias\"}}]},{\"@type\":\"NewsArticle\",\"@id\":\"https:\\\/\\\/candas365.es\\\/noticias\\\/oblanca-el-psoe-va-en-barrena-pese-a-lo-que-diga-tezanos\\\/#newsarticle\",\"name\":\"Oblanca: \\u201cEl PSOE va en barrena, pese a lo que diga Tezanos\\u201d | Cand\\u00e1s 365\",\"headline\":\"Oblanca: \\u201cEl PSOE va en barrena, pese a lo que diga Tezanos\\u201d\",\"author\":{\"@id\":\"https:\\\/\\\/candas365.es\\\/noticias\\\/author\\\/admin\\\/#author\"},\"publisher\":{\"@id\":\"https:\\\/\\\/candas365.es\\\/noticias\\\/#organization\"},\"image\":{\"@type\":\"ImageObject\",\"url\":\"https:\\\/\\\/candas365.es\\\/noticias\\\/wp-content\\\/uploads\\\/2018\\\/12\\\/400811_960_720.jpg\",\"width\":960,\"height\":635},\"datePublished\":\"2019-01-05T13:04:42+01:00\",\"dateModified\":\"2019-01-05T13:04:42+01:00\",\"inLanguage\":\"es-ES\",\"mainEntityOfPage\":{\"@id\":\"https:\\\/\\\/candas365.es\\\/noticias\\\/oblanca-el-psoe-va-en-barrena-pese-a-lo-que-diga-tezanos\\\/#webpage\"},\"isPartOf\":{\"@id\":\"https:\\\/\\\/candas365.es\\\/noticias\\\/oblanca-el-psoe-va-en-barrena-pese-a-lo-que-diga-tezanos\\\/#webpage\"},\"articleSection\":\"Asturias\",\"dateline\":\"Publicado el enero 5, 2019.\"},{\"@type\":\"Organization\",\"@id\":\"https:\\\/\\\/candas365.es\\\/noticias\\\/#organization\",\"name\":\"Cand\\u00e1s 365\",\"description\":\"Cand\\u00e1s 365 es un diario digital independiente, fundado en 2012, con base en Asturias. Informamos con rigor sobre actualidad, sociedad, cultura y ocio, con una mirada local y global.\",\"url\":\"https:\\\/\\\/candas365.es\\\/noticias\\\/\",\"email\":\"info@candas365.es\",\"telephone\":\"+34652131393\",\"foundingDate\":\"2012-06-10\",\"logo\":{\"@type\":\"ImageObject\",\"url\":\"https:\\\/\\\/candas365.es\\\/noticias\\\/wp-content\\\/uploads\\\/2024\\\/09\\\/Candas-365-Redes.jpg\",\"@id\":\"https:\\\/\\\/candas365.es\\\/noticias\\\/oblanca-el-psoe-va-en-barrena-pese-a-lo-que-diga-tezanos\\\/#organizationLogo\",\"width\":1152,\"height\":864,\"caption\":\"Cand\\u00e1s 365 Redes\"},\"image\":{\"@id\":\"https:\\\/\\\/candas365.es\\\/noticias\\\/oblanca-el-psoe-va-en-barrena-pese-a-lo-que-diga-tezanos\\\/#organizationLogo\"},\"sameAs\":[\"https:\\\/\\\/www.facebook.com\\\/Nachofdezber\",\"https:\\\/\\\/x.com\\\/NabercoDigital\",\"https:\\\/\\\/www.instagram.com\\\/nachofdezber\\\/\",\"https:\\\/\\\/www.youtube.com\\\/channel\\\/UCZP-2wLEB9Rv6erhFmqVnvg\"],\"address\":{\"@id\":\"https:\\\/\\\/candas365.es\\\/noticias\\\/#postaladdress\",\"@type\":\"PostalAddress\",\"streetAddress\":\"san antonio 4, san antonio 4\",\"postalCode\":\"33430\",\"addressLocality\":\"Cand\\u00e1s\",\"addressRegion\":\"Asturias\",\"addressCountry\":\"ES\"}},{\"@type\":\"Person\",\"@id\":\"https:\\\/\\\/candas365.es\\\/noticias\\\/author\\\/admin\\\/#author\",\"url\":\"https:\\\/\\\/candas365.es\\\/noticias\\\/author\\\/admin\\\/\",\"name\":\"Cand\\u00e1s 365\",\"image\":{\"@type\":\"ImageObject\",\"@id\":\"https:\\\/\\\/candas365.es\\\/noticias\\\/oblanca-el-psoe-va-en-barrena-pese-a-lo-que-diga-tezanos\\\/#authorImage\",\"url\":\"https:\\\/\\\/secure.gravatar.com\\\/avatar\\\/496a8e03d0c493ede1718b7934145dbdf8d89be1036b0eec9544e1094c9de390?s=96&d=mm&r=g\",\"width\":96,\"height\":96,\"caption\":\"Cand\\u00e1s 365\"},\"sameAs\":[\"https:\\\/\\\/www.facebook.com\\\/carrenoactualidad\",\"https:\\\/\\\/twitter.com\\\/nbasturias\",\"https:\\\/\\\/www.instagram.com\\\/nachofdezber\\\/\",\"https:\\\/\\\/www.youtube.com\\\/channel\\\/UCZP-2wLEB9Rv6erhFmqVnvg\"]},{\"@type\":\"WebPage\",\"@id\":\"https:\\\/\\\/candas365.es\\\/noticias\\\/oblanca-el-psoe-va-en-barrena-pese-a-lo-que-diga-tezanos\\\/#webpage\",\"url\":\"https:\\\/\\\/candas365.es\\\/noticias\\\/oblanca-el-psoe-va-en-barrena-pese-a-lo-que-diga-tezanos\\\/\",\"name\":\"Oblanca: \\u201cEl PSOE va en barrena, pese a lo que diga Tezanos\\u201d | Cand\\u00e1s 365\",\"description\":\"El diputado nacional de FORO, Isidro Mart\\u00ednez Oblanca, manifest\\u00f3 esta ma\\u00f1ana que \\u201cla nueva entrega mensual del Centro de Investigaciones Sociol\\u00f3gicas (CIS) que dirige Jos\\u00e9 F\\u00e9lix Tezanos ya forma parte de la antolog\\u00eda del humor. \\u00bfNo se ha enterado Tezanos, tan agudo para sus autoencuestas, que el Congreso reclam\\u00f3 hace quince d\\u00edas su cese por\",\"inLanguage\":\"es-ES\",\"isPartOf\":{\"@id\":\"https:\\\/\\\/candas365.es\\\/noticias\\\/#website\"},\"breadcrumb\":{\"@id\":\"https:\\\/\\\/candas365.es\\\/noticias\\\/oblanca-el-psoe-va-en-barrena-pese-a-lo-que-diga-tezanos\\\/#breadcrumblist\"},\"author\":{\"@id\":\"https:\\\/\\\/candas365.es\\\/noticias\\\/author\\\/admin\\\/#author\"},\"creator\":{\"@id\":\"https:\\\/\\\/candas365.es\\\/noticias\\\/author\\\/admin\\\/#author\"},\"image\":{\"@type\":\"ImageObject\",\"url\":\"https:\\\/\\\/candas365.es\\\/noticias\\\/wp-content\\\/uploads\\\/2018\\\/12\\\/400811_960_720.jpg\",\"@id\":\"https:\\\/\\\/candas365.es\\\/noticias\\\/oblanca-el-psoe-va-en-barrena-pese-a-lo-que-diga-tezanos\\\/#mainImage\",\"width\":960,\"height\":635},\"primaryImageOfPage\":{\"@id\":\"https:\\\/\\\/candas365.es\\\/noticias\\\/oblanca-el-psoe-va-en-barrena-pese-a-lo-que-diga-tezanos\\\/#mainImage\"},\"datePublished\":\"2019-01-05T13:04:42+01:00\",\"dateModified\":\"2019-01-05T13:04:42+01:00\"},{\"@type\":\"WebSite\",\"@id\":\"https:\\\/\\\/candas365.es\\\/noticias\\\/#website\",\"url\":\"https:\\\/\\\/candas365.es\\\/noticias\\\/\",\"name\":\"Cand\\u00e1s 365\",\"alternateName\":\"Cand\\u00e1s 365 Noticias\",\"description\":\"Actualidad desde Carre\\u00f1o para el mundo\",\"inLanguage\":\"es-ES\",\"publisher\":{\"@id\":\"https:\\\/\\\/candas365.es\\\/noticias\\\/#organization\"}}]}\n\t\t<\/script>\n\t\t<!-- All in One SEO Pro -->\r\n\t\t<title>Oblanca: \u201cEl PSOE va en barrena, pese a lo que diga Tezanos\u201d | Cand\u00e1s 365<\/title>\n\n","aioseo_head_json":{"title":"Oblanca: \u201cEl PSOE va en barrena, pese a lo que diga Tezanos\u201d | Cand\u00e1s 365","description":"El diputado nacional de FORO, Isidro Mart\u00ednez Oblanca, manifest\u00f3 esta ma\u00f1ana que \u201cla nueva entrega mensual del Centro de Investigaciones Sociol\u00f3gicas (CIS) que dirige Jos\u00e9 F\u00e9lix Tezanos ya forma parte de la antolog\u00eda del humor. \u00bfNo se ha enterado Tezanos, tan agudo para sus autoencuestas, que el Congreso reclam\u00f3 hace quince d\u00edas su cese por","canonical_url":"https:\/\/candas365.es\/noticias\/oblanca-el-psoe-va-en-barrena-pese-a-lo-que-diga-tezanos\/","robots":"max-image-preview:large","keywords":"asturias","webmasterTools":{"google-site-verification":"UA-32230408-1","msvalidate.01":"354F3CDFB2DA171B47FBE9ABF1F88D5","miscellaneous":""},"schema":{"@context":"https:\/\/schema.org","@graph":[{"@type":"BreadcrumbList","@id":"https:\/\/candas365.es\/noticias\/oblanca-el-psoe-va-en-barrena-pese-a-lo-que-diga-tezanos\/#breadcrumblist","itemListElement":[{"@type":"ListItem","@id":"https:\/\/candas365.es\/noticias#listItem","position":1,"name":"Home","item":"https:\/\/candas365.es\/noticias","nextItem":{"@type":"ListItem","@id":"https:\/\/candas365.es\/noticias\/category\/asturias\/#listItem","name":"Asturias"}},{"@type":"ListItem","@id":"https:\/\/candas365.es\/noticias\/category\/asturias\/#listItem","position":2,"name":"Asturias","item":"https:\/\/candas365.es\/noticias\/category\/asturias\/","nextItem":{"@type":"ListItem","@id":"https:\/\/candas365.es\/noticias\/oblanca-el-psoe-va-en-barrena-pese-a-lo-que-diga-tezanos\/#listItem","name":"Oblanca: \u201cEl PSOE va en barrena, pese a lo que diga Tezanos\u201d"},"previousItem":{"@type":"ListItem","@id":"https:\/\/candas365.es\/noticias#listItem","name":"Home"}},{"@type":"ListItem","@id":"https:\/\/candas365.es\/noticias\/oblanca-el-psoe-va-en-barrena-pese-a-lo-que-diga-tezanos\/#listItem","position":3,"name":"Oblanca: \u201cEl PSOE va en barrena, pese a lo que diga Tezanos\u201d","previousItem":{"@type":"ListItem","@id":"https:\/\/candas365.es\/noticias\/category\/asturias\/#listItem","name":"Asturias"}}]},{"@type":"NewsArticle","@id":"https:\/\/candas365.es\/noticias\/oblanca-el-psoe-va-en-barrena-pese-a-lo-que-diga-tezanos\/#newsarticle","name":"Oblanca: \u201cEl PSOE va en barrena, pese a lo que diga Tezanos\u201d | Cand\u00e1s 365","headline":"Oblanca: \u201cEl PSOE va en barrena, pese a lo que diga Tezanos\u201d","author":{"@id":"https:\/\/candas365.es\/noticias\/author\/admin\/#author"},"publisher":{"@id":"https:\/\/candas365.es\/noticias\/#organization"},"image":{"@type":"ImageObject","url":"https:\/\/candas365.es\/noticias\/wp-content\/uploads\/2018\/12\/400811_960_720.jpg","width":960,"height":635},"datePublished":"2019-01-05T13:04:42+01:00","dateModified":"2019-01-05T13:04:42+01:00","inLanguage":"es-ES","mainEntityOfPage":{"@id":"https:\/\/candas365.es\/noticias\/oblanca-el-psoe-va-en-barrena-pese-a-lo-que-diga-tezanos\/#webpage"},"isPartOf":{"@id":"https:\/\/candas365.es\/noticias\/oblanca-el-psoe-va-en-barrena-pese-a-lo-que-diga-tezanos\/#webpage"},"articleSection":"Asturias","dateline":"Publicado el enero 5, 2019."},{"@type":"Organization","@id":"https:\/\/candas365.es\/noticias\/#organization","name":"Cand\u00e1s 365","description":"Cand\u00e1s 365 es un diario digital independiente, fundado en 2012, con base en Asturias. Informamos con rigor sobre actualidad, sociedad, cultura y ocio, con una mirada local y global.","url":"https:\/\/candas365.es\/noticias\/","email":"info@candas365.es","telephone":"+34652131393","foundingDate":"2012-06-10","logo":{"@type":"ImageObject","url":"https:\/\/candas365.es\/noticias\/wp-content\/uploads\/2024\/09\/Candas-365-Redes.jpg","@id":"https:\/\/candas365.es\/noticias\/oblanca-el-psoe-va-en-barrena-pese-a-lo-que-diga-tezanos\/#organizationLogo","width":1152,"height":864,"caption":"Cand\u00e1s 365 Redes"},"image":{"@id":"https:\/\/candas365.es\/noticias\/oblanca-el-psoe-va-en-barrena-pese-a-lo-que-diga-tezanos\/#organizationLogo"},"sameAs":["https:\/\/www.facebook.com\/Nachofdezber","https:\/\/x.com\/NabercoDigital","https:\/\/www.instagram.com\/nachofdezber\/","https:\/\/www.youtube.com\/channel\/UCZP-2wLEB9Rv6erhFmqVnvg"],"address":{"@id":"https:\/\/candas365.es\/noticias\/#postaladdress","@type":"PostalAddress","streetAddress":"san antonio 4, san antonio 4","postalCode":"33430","addressLocality":"Cand\u00e1s","addressRegion":"Asturias","addressCountry":"ES"}},{"@type":"Person","@id":"https:\/\/candas365.es\/noticias\/author\/admin\/#author","url":"https:\/\/candas365.es\/noticias\/author\/admin\/","name":"Cand\u00e1s 365","image":{"@type":"ImageObject","@id":"https:\/\/candas365.es\/noticias\/oblanca-el-psoe-va-en-barrena-pese-a-lo-que-diga-tezanos\/#authorImage","url":"https:\/\/secure.gravatar.com\/avatar\/496a8e03d0c493ede1718b7934145dbdf8d89be1036b0eec9544e1094c9de390?s=96&d=mm&r=g","width":96,"height":96,"caption":"Cand\u00e1s 365"},"sameAs":["https:\/\/www.facebook.com\/carrenoactualidad","https:\/\/twitter.com\/nbasturias","https:\/\/www.instagram.com\/nachofdezber\/","https:\/\/www.youtube.com\/channel\/UCZP-2wLEB9Rv6erhFmqVnvg"]},{"@type":"WebPage","@id":"https:\/\/candas365.es\/noticias\/oblanca-el-psoe-va-en-barrena-pese-a-lo-que-diga-tezanos\/#webpage","url":"https:\/\/candas365.es\/noticias\/oblanca-el-psoe-va-en-barrena-pese-a-lo-que-diga-tezanos\/","name":"Oblanca: \u201cEl PSOE va en barrena, pese a lo que diga Tezanos\u201d | Cand\u00e1s 365","description":"El diputado nacional de FORO, Isidro Mart\u00ednez Oblanca, manifest\u00f3 esta ma\u00f1ana que \u201cla nueva entrega mensual del Centro de Investigaciones Sociol\u00f3gicas (CIS) que dirige Jos\u00e9 F\u00e9lix Tezanos ya forma parte de la antolog\u00eda del humor. \u00bfNo se ha enterado Tezanos, tan agudo para sus autoencuestas, que el Congreso reclam\u00f3 hace quince d\u00edas su cese por","inLanguage":"es-ES","isPartOf":{"@id":"https:\/\/candas365.es\/noticias\/#website"},"breadcrumb":{"@id":"https:\/\/candas365.es\/noticias\/oblanca-el-psoe-va-en-barrena-pese-a-lo-que-diga-tezanos\/#breadcrumblist"},"author":{"@id":"https:\/\/candas365.es\/noticias\/author\/admin\/#author"},"creator":{"@id":"https:\/\/candas365.es\/noticias\/author\/admin\/#author"},"image":{"@type":"ImageObject","url":"https:\/\/candas365.es\/noticias\/wp-content\/uploads\/2018\/12\/400811_960_720.jpg","@id":"https:\/\/candas365.es\/noticias\/oblanca-el-psoe-va-en-barrena-pese-a-lo-que-diga-tezanos\/#mainImage","width":960,"height":635},"primaryImageOfPage":{"@id":"https:\/\/candas365.es\/noticias\/oblanca-el-psoe-va-en-barrena-pese-a-lo-que-diga-tezanos\/#mainImage"},"datePublished":"2019-01-05T13:04:42+01:00","dateModified":"2019-01-05T13:04:42+01:00"},{"@type":"WebSite","@id":"https:\/\/candas365.es\/noticias\/#website","url":"https:\/\/candas365.es\/noticias\/","name":"Cand\u00e1s 365","alternateName":"Cand\u00e1s 365 Noticias","description":"Actualidad desde Carre\u00f1o para el mundo","inLanguage":"es-ES","publisher":{"@id":"https:\/\/candas365.es\/noticias\/#organization"}}]},"og:locale":"es_ES","og:site_name":"Cand\u00e1s 365","og:type":"article","og:title":"Oblanca: \u201cEl PSOE va en barrena, pese a lo que diga Tezanos\u201d | Cand\u00e1s 365","og:description":"El diputado nacional de FORO, Isidro Mart\u00ednez Oblanca, manifest\u00f3 esta ma\u00f1ana que \u201cla nueva entrega mensual del Centro de Investigaciones Sociol\u00f3gicas (CIS) que dirige Jos\u00e9 F\u00e9lix Tezanos ya forma parte de la antolog\u00eda del humor. \u00bfNo se ha enterado Tezanos, tan agudo para sus autoencuestas, que el Congreso reclam\u00f3 hace quince d\u00edas su cese por","og:url":"https:\/\/candas365.es\/noticias\/oblanca-el-psoe-va-en-barrena-pese-a-lo-que-diga-tezanos\/","og:image":"https:\/\/candas365.es\/noticias\/wp-content\/uploads\/2018\/12\/400811_960_720.jpg","og:image:secure_url":"https:\/\/candas365.es\/noticias\/wp-content\/uploads\/2018\/12\/400811_960_720.jpg","og:image:width":960,"og:image:height":635,"article:published_time":"2019-01-05T13:04:42+00:00","article:modified_time":"2019-01-05T13:04:42+00:00","article:publisher":"https:\/\/www.facebook.com\/Nachofdezber","article:author":"https:\/\/www.facebook.com\/carrenoactualidad","twitter:card":"summary_large_image","twitter:site":"@NabercoDigital","twitter:title":"Oblanca: \u201cEl PSOE va en barrena, pese a lo que diga Tezanos\u201d | Cand\u00e1s 365","twitter:description":"El diputado nacional de FORO, Isidro Mart\u00ednez Oblanca, manifest\u00f3 esta ma\u00f1ana que \u201cla nueva entrega mensual del Centro de Investigaciones Sociol\u00f3gicas (CIS) que dirige Jos\u00e9 F\u00e9lix Tezanos ya forma parte de la antolog\u00eda del humor. \u00bfNo se ha enterado Tezanos, tan agudo para sus autoencuestas, que el Congreso reclam\u00f3 hace quince d\u00edas su cese por","twitter:creator":"@nbasturias","twitter:image":"https:\/\/candas365.es\/noticias\/wp-content\/uploads\/2018\/12\/400811_960_720.jpg","twitter:label1":"Escrito por","twitter:data1":"Cand\u00e1s 365","twitter:label2":"Tiempo de lectura estimado","twitter:data2":"2 minutos"},"aioseo_meta_data":{"post_id":"113459","title":null,"description":null,"keywords":null,"keyphrases":null,"primary_term":null,"canonical_url":null,"og_title":null,"og_description":null,"og_object_type":"default","og_image_type":"default","og_image_url":null,"og_image_width":null,"og_image_height":null,"og_image_custom_url":null,"og_image_custom_fields":null,"og_video":null,"og_custom_url":null,"og_article_section":null,"og_article_tags":null,"twitter_use_og":false,"twitter_card":"default","twitter_image_type":"default","twitter_image_url":null,"twitter_image_custom_url":null,"twitter_image_custom_fields":null,"twitter_title":null,"twitter_description":null,"schema":{"blockGraphs":[],"customGraphs":[],"default":{"data":{"Article":[],"Course":[],"Dataset":[],"FAQPage":[],"Movie":[],"Person":[],"Product":[],"ProductReview":[],"Car":[],"Recipe":[],"Service":[],"SoftwareApplication":[],"WebPage":[]},"graphName":"","isEnabled":true},"graphs":[]},"schema_type":null,"schema_type_options":null,"pillar_content":false,"robots_default":true,"robots_noindex":false,"robots_noarchive":false,"robots_nosnippet":false,"robots_nofollow":false,"robots_noimageindex":false,"robots_noodp":false,"robots_notranslate":false,"robots_max_snippet":null,"robots_max_videopreview":null,"robots_max_imagepreview":"large","priority":null,"frequency":null,"location":null,"local_seo":null,"seo_analyzer_scan_date":"2025-08-28 21:25:17","breadcrumb_settings":null,"limit_modified_date":false,"reviewed_by":null,"open_ai":null,"ai":null,"created":"2020-12-21 11:28:55","updated":"2025-08-28 21:25:17"},"aioseo_breadcrumb":"<div class=\"aioseo-breadcrumbs\"><span class=\"aioseo-breadcrumb\">\n\t<a href=\"https:\/\/candas365.es\/noticias\" title=\"Home\">Home<\/a>\n<\/span><span class=\"aioseo-breadcrumb-separator\">&ndash;<\/span><span class=\"aioseo-breadcrumb\">\n\t<a href=\"https:\/\/candas365.es\/noticias\/category\/asturias\/\" title=\"Asturias\">Asturias<\/a>\n<\/span><span class=\"aioseo-breadcrumb-separator\">&ndash;<\/span><span class=\"aioseo-breadcrumb\">\n\tOblanca: \u201cEl PSOE va en barrena, pese a lo que diga Tezanos\u201d\n<\/span><\/div>","aioseo_breadcrumb_json":[{"label":"Home","link":"https:\/\/candas365.es\/noticias"},{"label":"Asturias","link":"https:\/\/candas365.es\/noticias\/category\/asturias\/"},{"label":"Oblanca: \u201cEl PSOE va en barrena, pese a lo que diga Tezanos\u201d","link":"https:\/\/candas365.es\/noticias\/oblanca-el-psoe-va-en-barrena-pese-a-lo-que-diga-tezanos\/"}],"_links":{"self":[{"href":"https:\/\/candas365.es\/noticias\/wp-json\/wp\/v2\/posts\/113459","targetHints":{"allow":["GET"]}}],"collection":[{"href":"https:\/\/candas365.es\/noticias\/wp-json\/wp\/v2\/posts"}],"about":[{"href":"https:\/\/candas365.es\/noticias\/wp-json\/wp\/v2\/types\/post"}],"author":[{"embeddable":true,"href":"https:\/\/candas365.es\/noticias\/wp-json\/wp\/v2\/users\/1"}],"replies":[{"embeddable":true,"href":"https:\/\/candas365.es\/noticias\/wp-json\/wp\/v2\/comments?post=113459"}],"version-history":[{"count":0,"href":"https:\/\/candas365.es\/noticias\/wp-json\/wp\/v2\/posts\/113459\/revisions"}],"wp:featuredmedia":[{"embeddable":true,"href":"https:\/\/candas365.es\/noticias\/wp-json\/wp\/v2\/media\/112056"}],"wp:attachment":[{"href":"https:\/\/candas365.es\/noticias\/wp-json\/wp\/v2\/media?parent=113459"}],"wp:term":[{"taxonomy":"category","embeddable":true,"href":"https:\/\/candas365.es\/noticias\/wp-json\/wp\/v2\/categories?post=113459"},{"taxonomy":"post_tag","embeddable":true,"href":"https:\/\/candas365.es\/noticias\/wp-json\/wp\/v2\/tags?post=113459"}],"curies":[{"name":"wp","href":"https:\/\/api.w.org\/{rel}","templated":true}]}}