{"id":113457,"date":"2019-01-05T13:01:11","date_gmt":"2019-01-05T13:01:11","guid":{"rendered":"http:\/\/candas365.es\/noticias\/?p=113457"},"modified":"2019-01-05T13:01:11","modified_gmt":"2019-01-05T13:01:11","slug":"carmen-fernandez-el-psoe-se-alza-como-enemigo-del-tren","status":"publish","type":"post","link":"https:\/\/candas365.es\/noticias\/carmen-fernandez-el-psoe-se-alza-como-enemigo-del-tren\/","title":{"rendered":"Carmen Fern\u00e1ndez: \u201cEl PSOE se alza como enemigo del tren\u00bb"},"content":{"rendered":"<p><img fetchpriority=\"high\" decoding=\"async\" class=\"alignleft size-medium wp-image-40786\" src=\"https:\/\/candas365.es\/noticias\/wp-content\/uploads\/2017\/01\/carmen-fdz-FORO-360x198.jpg\" alt=\"\" width=\"360\" height=\"198\" srcset=\"https:\/\/candas365.es\/noticias\/wp-content\/uploads\/2017\/01\/carmen-fdz-FORO-360x198.jpg 360w, https:\/\/candas365.es\/noticias\/wp-content\/uploads\/2017\/01\/carmen-fdz-FORO-650x357.jpg 650w, https:\/\/candas365.es\/noticias\/wp-content\/uploads\/2017\/01\/carmen-fdz-FORO-150x82.jpg 150w, https:\/\/candas365.es\/noticias\/wp-content\/uploads\/2017\/01\/carmen-fdz-FORO-450x247.jpg 450w, https:\/\/candas365.es\/noticias\/wp-content\/uploads\/2017\/01\/carmen-fdz-FORO.jpg 655w\" sizes=\"(max-width: 360px) 100vw, 360px\" \/>La diputada de FORO y portavoz de Infraestructuras en la Junta General del Principado, Carmen Fern\u00e1ndez, se ha referido hoy a la situaci\u00f3n del ferrocarril asturiano ante la \u00faltima incidencia ocurrida ayer en los trenes de v\u00eda estrecha. \u201cEl traidor Gobierno asturiano en vez de defender a los usuarios del ferrocarril calla ante incidentes vergonzosos debidos a su falta de inversi\u00f3n\u201d, ha manifestado.<\/p>\n<p>La diputada de FORO ha llamado tambi\u00e9n la atenci\u00f3n sobre \u201cel silencio de RENFE, que apoy\u00f3 los pasados d\u00edas a los extreme\u00f1os pidiendo perd\u00f3n p\u00fablicamente mientras que en nuestra comunidad calla. Es inconcebible que en Asturias, donde sufrimos muchos m\u00e1s incidentes ferroviarios, RENFE no tenga el menor gesto ni la menor consideraci\u00f3n hacia los asturianos\u201d afirma.<\/p>\n<p>Fern\u00e1ndez recuerda tambi\u00e9n que \u201cla Administraci\u00f3n dirigida por socialistas ha supuesto un lastre en materia ferroviaria para nuestra comunidad. El PSOE se alza como enemigo del tren: paraliz\u00f3 el metrotr\u00e9n de Gij\u00f3n, adulter\u00f3 la variante de Pajares e inici\u00f3 el abandono de su rampa\u201d.<\/p>\n<p>Para la diputada de FORO, \u201cla situaci\u00f3n no es nueva; es la inacci\u00f3n recurrente del Gobierno de Javier Fern\u00e1ndez. Refiri\u00e9ndose, por \u00faltimo, a la nueva Ley de Transporte, ha afirmado que \u201ctenemos un Ejecutivo \u2018palabreru\u2019 que con una ley ama\u00f1ada quiere potenciar el trasporte p\u00fablico, pero que nada hace para asegurar su uso\u201d. \u201cNo es casualidad que en todas las comunidades aut\u00f3nomas las v\u00edas tradicionales ferroviarias se mantengan para mercanc\u00edas y aqu\u00ed se cierre la rampa de Pajares\u201d, concluye.<\/p>\n","protected":false},"excerpt":{"rendered":"<p>La diputada de FORO y portavoz de Infraestructuras en la Junta General del Principado, Carmen Fern\u00e1ndez, se ha referido hoy a la situaci\u00f3n del ferrocarril asturiano ante la \u00faltima incidencia ocurrida ayer en los trenes de v\u00eda estrecha. \u201cEl traidor Gobierno asturiano en vez de defender a los usuarios del ferrocarril calla ante incidentes vergonzosos<\/p>\n","protected":false},"author":1,"featured_media":40786,"comment_status":"closed","ping_status":"closed","sticky":false,"template":"","format":"standard","meta":{"footnotes":""},"categories":[7],"tags":[],"class_list":{"0":"post-113457","1":"post","2":"type-post","3":"status-publish","4":"format-standard","5":"has-post-thumbnail","7":"category-asturias"},"aioseo_notices":[],"aioseo_head":"\n\t\t<!-- All in One SEO Pro 4.9.6.2 - aioseo.com -->\n\t<meta name=\"description\" content=\"La diputada de FORO y portavoz de Infraestructuras en la Junta General del Principado, Carmen Fern\u00e1ndez, se ha referido hoy a la situaci\u00f3n del ferrocarril asturiano ante la \u00faltima incidencia ocurrida ayer en los trenes de v\u00eda estrecha. \u201cEl traidor Gobierno asturiano en vez de defender a los usuarios del ferrocarril calla ante incidentes vergonzosos\" \/>\n\t<meta name=\"robots\" content=\"max-image-preview:large\" \/>\n\t<meta name=\"author\" content=\"Cand\u00e1s 365\"\/>\n\t<meta name=\"google-site-verification\" content=\"UA-32230408-1\" \/>\n\t<meta name=\"msvalidate.01\" content=\"354F3CDFB2DA171B47FBE9ABF1F88D5\" \/>\n\t<meta name=\"keywords\" content=\"asturias\" \/>\n\t<link rel=\"canonical\" href=\"https:\/\/candas365.es\/noticias\/carmen-fernandez-el-psoe-se-alza-como-enemigo-del-tren\/\" \/>\n\t<meta name=\"generator\" content=\"All in One SEO Pro (AIOSEO) 4.9.6.2\" \/>\n\t\t<meta property=\"og:locale\" content=\"es_ES\" \/>\n\t\t<meta property=\"og:site_name\" content=\"Cand\u00e1s 365\" \/>\n\t\t<meta property=\"og:type\" content=\"article\" \/>\n\t\t<meta property=\"og:title\" content=\"Carmen Fern\u00e1ndez: \u201cEl PSOE se alza como enemigo del tren\u00bb | Cand\u00e1s 365\" \/>\n\t\t<meta property=\"og:description\" content=\"La diputada de FORO y portavoz de Infraestructuras en la Junta General del Principado, Carmen Fern\u00e1ndez, se ha referido hoy a la situaci\u00f3n del ferrocarril asturiano ante la \u00faltima incidencia ocurrida ayer en los trenes de v\u00eda estrecha. \u201cEl traidor Gobierno asturiano en vez de defender a los usuarios del ferrocarril calla ante incidentes vergonzosos\" \/>\n\t\t<meta property=\"og:url\" content=\"https:\/\/candas365.es\/noticias\/carmen-fernandez-el-psoe-se-alza-como-enemigo-del-tren\/\" \/>\n\t\t<meta property=\"og:image\" content=\"https:\/\/candas365.es\/noticias\/wp-content\/uploads\/2017\/01\/carmen-fdz-FORO.jpg\" \/>\n\t\t<meta property=\"og:image:secure_url\" content=\"https:\/\/candas365.es\/noticias\/wp-content\/uploads\/2017\/01\/carmen-fdz-FORO.jpg\" \/>\n\t\t<meta property=\"og:image:width\" content=\"655\" \/>\n\t\t<meta property=\"og:image:height\" content=\"360\" \/>\n\t\t<meta property=\"article:published_time\" content=\"2019-01-05T13:01:11+00:00\" \/>\n\t\t<meta property=\"article:modified_time\" content=\"2019-01-05T13:01:11+00:00\" \/>\n\t\t<meta property=\"article:publisher\" content=\"https:\/\/www.facebook.com\/Nachofdezber\" \/>\n\t\t<meta property=\"article:author\" content=\"https:\/\/www.facebook.com\/carrenoactualidad\" \/>\n\t\t<meta name=\"twitter:card\" content=\"summary_large_image\" \/>\n\t\t<meta name=\"twitter:site\" content=\"@NabercoDigital\" \/>\n\t\t<meta name=\"twitter:title\" content=\"Carmen Fern\u00e1ndez: \u201cEl PSOE se alza como enemigo del tren\u00bb | Cand\u00e1s 365\" \/>\n\t\t<meta name=\"twitter:description\" content=\"La diputada de FORO y portavoz de Infraestructuras en la Junta General del Principado, Carmen Fern\u00e1ndez, se ha referido hoy a la situaci\u00f3n del ferrocarril asturiano ante la \u00faltima incidencia ocurrida ayer en los trenes de v\u00eda estrecha. \u201cEl traidor Gobierno asturiano en vez de defender a los usuarios del ferrocarril calla ante incidentes vergonzosos\" \/>\n\t\t<meta name=\"twitter:creator\" content=\"@nbasturias\" \/>\n\t\t<meta name=\"twitter:image\" content=\"https:\/\/candas365.es\/noticias\/wp-content\/uploads\/2017\/01\/carmen-fdz-FORO.jpg\" \/>\n\t\t<meta name=\"twitter:label1\" content=\"Escrito por\" \/>\n\t\t<meta name=\"twitter:data1\" content=\"Cand\u00e1s 365\" \/>\n\t\t<meta name=\"twitter:label2\" content=\"Tiempo de lectura estimado\" \/>\n\t\t<meta name=\"twitter:data2\" content=\"1 minuto\" \/>\n\t\t<script type=\"application\/ld+json\" class=\"aioseo-schema\">\n\t\t\t{\"@context\":\"https:\\\/\\\/schema.org\",\"@graph\":[{\"@type\":\"BreadcrumbList\",\"@id\":\"https:\\\/\\\/candas365.es\\\/noticias\\\/carmen-fernandez-el-psoe-se-alza-como-enemigo-del-tren\\\/#breadcrumblist\",\"itemListElement\":[{\"@type\":\"ListItem\",\"@id\":\"https:\\\/\\\/candas365.es\\\/noticias#listItem\",\"position\":1,\"name\":\"Home\",\"item\":\"https:\\\/\\\/candas365.es\\\/noticias\",\"nextItem\":{\"@type\":\"ListItem\",\"@id\":\"https:\\\/\\\/candas365.es\\\/noticias\\\/category\\\/asturias\\\/#listItem\",\"name\":\"Asturias\"}},{\"@type\":\"ListItem\",\"@id\":\"https:\\\/\\\/candas365.es\\\/noticias\\\/category\\\/asturias\\\/#listItem\",\"position\":2,\"name\":\"Asturias\",\"item\":\"https:\\\/\\\/candas365.es\\\/noticias\\\/category\\\/asturias\\\/\",\"nextItem\":{\"@type\":\"ListItem\",\"@id\":\"https:\\\/\\\/candas365.es\\\/noticias\\\/carmen-fernandez-el-psoe-se-alza-como-enemigo-del-tren\\\/#listItem\",\"name\":\"Carmen Fern\\u00e1ndez: \\u201cEl PSOE se alza como enemigo del tren\\u00bb\"},\"previousItem\":{\"@type\":\"ListItem\",\"@id\":\"https:\\\/\\\/candas365.es\\\/noticias#listItem\",\"name\":\"Home\"}},{\"@type\":\"ListItem\",\"@id\":\"https:\\\/\\\/candas365.es\\\/noticias\\\/carmen-fernandez-el-psoe-se-alza-como-enemigo-del-tren\\\/#listItem\",\"position\":3,\"name\":\"Carmen Fern\\u00e1ndez: \\u201cEl PSOE se alza como enemigo del tren\\u00bb\",\"previousItem\":{\"@type\":\"ListItem\",\"@id\":\"https:\\\/\\\/candas365.es\\\/noticias\\\/category\\\/asturias\\\/#listItem\",\"name\":\"Asturias\"}}]},{\"@type\":\"NewsArticle\",\"@id\":\"https:\\\/\\\/candas365.es\\\/noticias\\\/carmen-fernandez-el-psoe-se-alza-como-enemigo-del-tren\\\/#newsarticle\",\"name\":\"Carmen Fern\\u00e1ndez: \\u201cEl PSOE se alza como enemigo del tren\\u00bb | Cand\\u00e1s 365\",\"headline\":\"Carmen Fern\\u00e1ndez: \\u201cEl PSOE se alza como enemigo del tren\\u00bb\",\"author\":{\"@id\":\"https:\\\/\\\/candas365.es\\\/noticias\\\/author\\\/admin\\\/#author\"},\"publisher\":{\"@id\":\"https:\\\/\\\/candas365.es\\\/noticias\\\/#organization\"},\"image\":{\"@type\":\"ImageObject\",\"url\":\"https:\\\/\\\/candas365.es\\\/noticias\\\/wp-content\\\/uploads\\\/2017\\\/01\\\/carmen-fdz-FORO.jpg\",\"width\":655,\"height\":360},\"datePublished\":\"2019-01-05T13:01:11+01:00\",\"dateModified\":\"2019-01-05T13:01:11+01:00\",\"inLanguage\":\"es-ES\",\"mainEntityOfPage\":{\"@id\":\"https:\\\/\\\/candas365.es\\\/noticias\\\/carmen-fernandez-el-psoe-se-alza-como-enemigo-del-tren\\\/#webpage\"},\"isPartOf\":{\"@id\":\"https:\\\/\\\/candas365.es\\\/noticias\\\/carmen-fernandez-el-psoe-se-alza-como-enemigo-del-tren\\\/#webpage\"},\"articleSection\":\"Asturias\",\"dateline\":\"Publicado el enero 5, 2019.\"},{\"@type\":\"Organization\",\"@id\":\"https:\\\/\\\/candas365.es\\\/noticias\\\/#organization\",\"name\":\"Cand\\u00e1s 365\",\"description\":\"Cand\\u00e1s 365 es un diario digital independiente, fundado en 2012, con base en Asturias. Informamos con rigor sobre actualidad, sociedad, cultura y ocio, con una mirada local y global.\",\"url\":\"https:\\\/\\\/candas365.es\\\/noticias\\\/\",\"email\":\"info@candas365.es\",\"telephone\":\"+34652131393\",\"foundingDate\":\"2012-06-10\",\"logo\":{\"@type\":\"ImageObject\",\"url\":\"https:\\\/\\\/candas365.es\\\/noticias\\\/wp-content\\\/uploads\\\/2024\\\/09\\\/Candas-365-Redes.jpg\",\"@id\":\"https:\\\/\\\/candas365.es\\\/noticias\\\/carmen-fernandez-el-psoe-se-alza-como-enemigo-del-tren\\\/#organizationLogo\",\"width\":1152,\"height\":864,\"caption\":\"Cand\\u00e1s 365 Redes\"},\"image\":{\"@id\":\"https:\\\/\\\/candas365.es\\\/noticias\\\/carmen-fernandez-el-psoe-se-alza-como-enemigo-del-tren\\\/#organizationLogo\"},\"sameAs\":[\"https:\\\/\\\/www.facebook.com\\\/Nachofdezber\",\"https:\\\/\\\/x.com\\\/NabercoDigital\",\"https:\\\/\\\/www.instagram.com\\\/nachofdezber\\\/\",\"https:\\\/\\\/www.youtube.com\\\/channel\\\/UCZP-2wLEB9Rv6erhFmqVnvg\"],\"address\":{\"@id\":\"https:\\\/\\\/candas365.es\\\/noticias\\\/#postaladdress\",\"@type\":\"PostalAddress\",\"streetAddress\":\"san antonio 4, san antonio 4\",\"postalCode\":\"33430\",\"addressLocality\":\"Cand\\u00e1s\",\"addressRegion\":\"Asturias\",\"addressCountry\":\"ES\"}},{\"@type\":\"Person\",\"@id\":\"https:\\\/\\\/candas365.es\\\/noticias\\\/author\\\/admin\\\/#author\",\"url\":\"https:\\\/\\\/candas365.es\\\/noticias\\\/author\\\/admin\\\/\",\"name\":\"Cand\\u00e1s 365\",\"image\":{\"@type\":\"ImageObject\",\"@id\":\"https:\\\/\\\/candas365.es\\\/noticias\\\/carmen-fernandez-el-psoe-se-alza-como-enemigo-del-tren\\\/#authorImage\",\"url\":\"https:\\\/\\\/secure.gravatar.com\\\/avatar\\\/496a8e03d0c493ede1718b7934145dbdf8d89be1036b0eec9544e1094c9de390?s=96&d=mm&r=g\",\"width\":96,\"height\":96,\"caption\":\"Cand\\u00e1s 365\"},\"sameAs\":[\"https:\\\/\\\/www.facebook.com\\\/carrenoactualidad\",\"https:\\\/\\\/twitter.com\\\/nbasturias\",\"https:\\\/\\\/www.instagram.com\\\/nachofdezber\\\/\",\"https:\\\/\\\/www.youtube.com\\\/channel\\\/UCZP-2wLEB9Rv6erhFmqVnvg\"]},{\"@type\":\"WebPage\",\"@id\":\"https:\\\/\\\/candas365.es\\\/noticias\\\/carmen-fernandez-el-psoe-se-alza-como-enemigo-del-tren\\\/#webpage\",\"url\":\"https:\\\/\\\/candas365.es\\\/noticias\\\/carmen-fernandez-el-psoe-se-alza-como-enemigo-del-tren\\\/\",\"name\":\"Carmen Fern\\u00e1ndez: \\u201cEl PSOE se alza como enemigo del tren\\u00bb | Cand\\u00e1s 365\",\"description\":\"La diputada de FORO y portavoz de Infraestructuras en la Junta General del Principado, Carmen Fern\\u00e1ndez, se ha referido hoy a la situaci\\u00f3n del ferrocarril asturiano ante la \\u00faltima incidencia ocurrida ayer en los trenes de v\\u00eda estrecha. \\u201cEl traidor Gobierno asturiano en vez de defender a los usuarios del ferrocarril calla ante incidentes vergonzosos\",\"inLanguage\":\"es-ES\",\"isPartOf\":{\"@id\":\"https:\\\/\\\/candas365.es\\\/noticias\\\/#website\"},\"breadcrumb\":{\"@id\":\"https:\\\/\\\/candas365.es\\\/noticias\\\/carmen-fernandez-el-psoe-se-alza-como-enemigo-del-tren\\\/#breadcrumblist\"},\"author\":{\"@id\":\"https:\\\/\\\/candas365.es\\\/noticias\\\/author\\\/admin\\\/#author\"},\"creator\":{\"@id\":\"https:\\\/\\\/candas365.es\\\/noticias\\\/author\\\/admin\\\/#author\"},\"image\":{\"@type\":\"ImageObject\",\"url\":\"https:\\\/\\\/candas365.es\\\/noticias\\\/wp-content\\\/uploads\\\/2017\\\/01\\\/carmen-fdz-FORO.jpg\",\"@id\":\"https:\\\/\\\/candas365.es\\\/noticias\\\/carmen-fernandez-el-psoe-se-alza-como-enemigo-del-tren\\\/#mainImage\",\"width\":655,\"height\":360},\"primaryImageOfPage\":{\"@id\":\"https:\\\/\\\/candas365.es\\\/noticias\\\/carmen-fernandez-el-psoe-se-alza-como-enemigo-del-tren\\\/#mainImage\"},\"datePublished\":\"2019-01-05T13:01:11+01:00\",\"dateModified\":\"2019-01-05T13:01:11+01:00\"},{\"@type\":\"WebSite\",\"@id\":\"https:\\\/\\\/candas365.es\\\/noticias\\\/#website\",\"url\":\"https:\\\/\\\/candas365.es\\\/noticias\\\/\",\"name\":\"Cand\\u00e1s 365\",\"alternateName\":\"Cand\\u00e1s 365 Noticias\",\"description\":\"Actualidad desde Carre\\u00f1o para el mundo\",\"inLanguage\":\"es-ES\",\"publisher\":{\"@id\":\"https:\\\/\\\/candas365.es\\\/noticias\\\/#organization\"}}]}\n\t\t<\/script>\n\t\t<!-- All in One SEO Pro -->\r\n\t\t<title>Carmen Fern\u00e1ndez: \u201cEl PSOE se alza como enemigo del tren\u00bb | Cand\u00e1s 365<\/title>\n\n","aioseo_head_json":{"title":"Carmen Fern\u00e1ndez: \u201cEl PSOE se alza como enemigo del tren\u00bb | Cand\u00e1s 365","description":"La diputada de FORO y portavoz de Infraestructuras en la Junta General del Principado, Carmen Fern\u00e1ndez, se ha referido hoy a la situaci\u00f3n del ferrocarril asturiano ante la \u00faltima incidencia ocurrida ayer en los trenes de v\u00eda estrecha. \u201cEl traidor Gobierno asturiano en vez de defender a los usuarios del ferrocarril calla ante incidentes vergonzosos","canonical_url":"https:\/\/candas365.es\/noticias\/carmen-fernandez-el-psoe-se-alza-como-enemigo-del-tren\/","robots":"max-image-preview:large","keywords":"asturias","webmasterTools":{"google-site-verification":"UA-32230408-1","msvalidate.01":"354F3CDFB2DA171B47FBE9ABF1F88D5","miscellaneous":""},"schema":{"@context":"https:\/\/schema.org","@graph":[{"@type":"BreadcrumbList","@id":"https:\/\/candas365.es\/noticias\/carmen-fernandez-el-psoe-se-alza-como-enemigo-del-tren\/#breadcrumblist","itemListElement":[{"@type":"ListItem","@id":"https:\/\/candas365.es\/noticias#listItem","position":1,"name":"Home","item":"https:\/\/candas365.es\/noticias","nextItem":{"@type":"ListItem","@id":"https:\/\/candas365.es\/noticias\/category\/asturias\/#listItem","name":"Asturias"}},{"@type":"ListItem","@id":"https:\/\/candas365.es\/noticias\/category\/asturias\/#listItem","position":2,"name":"Asturias","item":"https:\/\/candas365.es\/noticias\/category\/asturias\/","nextItem":{"@type":"ListItem","@id":"https:\/\/candas365.es\/noticias\/carmen-fernandez-el-psoe-se-alza-como-enemigo-del-tren\/#listItem","name":"Carmen Fern\u00e1ndez: \u201cEl PSOE se alza como enemigo del tren\u00bb"},"previousItem":{"@type":"ListItem","@id":"https:\/\/candas365.es\/noticias#listItem","name":"Home"}},{"@type":"ListItem","@id":"https:\/\/candas365.es\/noticias\/carmen-fernandez-el-psoe-se-alza-como-enemigo-del-tren\/#listItem","position":3,"name":"Carmen Fern\u00e1ndez: \u201cEl PSOE se alza como enemigo del tren\u00bb","previousItem":{"@type":"ListItem","@id":"https:\/\/candas365.es\/noticias\/category\/asturias\/#listItem","name":"Asturias"}}]},{"@type":"NewsArticle","@id":"https:\/\/candas365.es\/noticias\/carmen-fernandez-el-psoe-se-alza-como-enemigo-del-tren\/#newsarticle","name":"Carmen Fern\u00e1ndez: \u201cEl PSOE se alza como enemigo del tren\u00bb | Cand\u00e1s 365","headline":"Carmen Fern\u00e1ndez: \u201cEl PSOE se alza como enemigo del tren\u00bb","author":{"@id":"https:\/\/candas365.es\/noticias\/author\/admin\/#author"},"publisher":{"@id":"https:\/\/candas365.es\/noticias\/#organization"},"image":{"@type":"ImageObject","url":"https:\/\/candas365.es\/noticias\/wp-content\/uploads\/2017\/01\/carmen-fdz-FORO.jpg","width":655,"height":360},"datePublished":"2019-01-05T13:01:11+01:00","dateModified":"2019-01-05T13:01:11+01:00","inLanguage":"es-ES","mainEntityOfPage":{"@id":"https:\/\/candas365.es\/noticias\/carmen-fernandez-el-psoe-se-alza-como-enemigo-del-tren\/#webpage"},"isPartOf":{"@id":"https:\/\/candas365.es\/noticias\/carmen-fernandez-el-psoe-se-alza-como-enemigo-del-tren\/#webpage"},"articleSection":"Asturias","dateline":"Publicado el enero 5, 2019."},{"@type":"Organization","@id":"https:\/\/candas365.es\/noticias\/#organization","name":"Cand\u00e1s 365","description":"Cand\u00e1s 365 es un diario digital independiente, fundado en 2012, con base en Asturias. Informamos con rigor sobre actualidad, sociedad, cultura y ocio, con una mirada local y global.","url":"https:\/\/candas365.es\/noticias\/","email":"info@candas365.es","telephone":"+34652131393","foundingDate":"2012-06-10","logo":{"@type":"ImageObject","url":"https:\/\/candas365.es\/noticias\/wp-content\/uploads\/2024\/09\/Candas-365-Redes.jpg","@id":"https:\/\/candas365.es\/noticias\/carmen-fernandez-el-psoe-se-alza-como-enemigo-del-tren\/#organizationLogo","width":1152,"height":864,"caption":"Cand\u00e1s 365 Redes"},"image":{"@id":"https:\/\/candas365.es\/noticias\/carmen-fernandez-el-psoe-se-alza-como-enemigo-del-tren\/#organizationLogo"},"sameAs":["https:\/\/www.facebook.com\/Nachofdezber","https:\/\/x.com\/NabercoDigital","https:\/\/www.instagram.com\/nachofdezber\/","https:\/\/www.youtube.com\/channel\/UCZP-2wLEB9Rv6erhFmqVnvg"],"address":{"@id":"https:\/\/candas365.es\/noticias\/#postaladdress","@type":"PostalAddress","streetAddress":"san antonio 4, san antonio 4","postalCode":"33430","addressLocality":"Cand\u00e1s","addressRegion":"Asturias","addressCountry":"ES"}},{"@type":"Person","@id":"https:\/\/candas365.es\/noticias\/author\/admin\/#author","url":"https:\/\/candas365.es\/noticias\/author\/admin\/","name":"Cand\u00e1s 365","image":{"@type":"ImageObject","@id":"https:\/\/candas365.es\/noticias\/carmen-fernandez-el-psoe-se-alza-como-enemigo-del-tren\/#authorImage","url":"https:\/\/secure.gravatar.com\/avatar\/496a8e03d0c493ede1718b7934145dbdf8d89be1036b0eec9544e1094c9de390?s=96&d=mm&r=g","width":96,"height":96,"caption":"Cand\u00e1s 365"},"sameAs":["https:\/\/www.facebook.com\/carrenoactualidad","https:\/\/twitter.com\/nbasturias","https:\/\/www.instagram.com\/nachofdezber\/","https:\/\/www.youtube.com\/channel\/UCZP-2wLEB9Rv6erhFmqVnvg"]},{"@type":"WebPage","@id":"https:\/\/candas365.es\/noticias\/carmen-fernandez-el-psoe-se-alza-como-enemigo-del-tren\/#webpage","url":"https:\/\/candas365.es\/noticias\/carmen-fernandez-el-psoe-se-alza-como-enemigo-del-tren\/","name":"Carmen Fern\u00e1ndez: \u201cEl PSOE se alza como enemigo del tren\u00bb | Cand\u00e1s 365","description":"La diputada de FORO y portavoz de Infraestructuras en la Junta General del Principado, Carmen Fern\u00e1ndez, se ha referido hoy a la situaci\u00f3n del ferrocarril asturiano ante la \u00faltima incidencia ocurrida ayer en los trenes de v\u00eda estrecha. \u201cEl traidor Gobierno asturiano en vez de defender a los usuarios del ferrocarril calla ante incidentes vergonzosos","inLanguage":"es-ES","isPartOf":{"@id":"https:\/\/candas365.es\/noticias\/#website"},"breadcrumb":{"@id":"https:\/\/candas365.es\/noticias\/carmen-fernandez-el-psoe-se-alza-como-enemigo-del-tren\/#breadcrumblist"},"author":{"@id":"https:\/\/candas365.es\/noticias\/author\/admin\/#author"},"creator":{"@id":"https:\/\/candas365.es\/noticias\/author\/admin\/#author"},"image":{"@type":"ImageObject","url":"https:\/\/candas365.es\/noticias\/wp-content\/uploads\/2017\/01\/carmen-fdz-FORO.jpg","@id":"https:\/\/candas365.es\/noticias\/carmen-fernandez-el-psoe-se-alza-como-enemigo-del-tren\/#mainImage","width":655,"height":360},"primaryImageOfPage":{"@id":"https:\/\/candas365.es\/noticias\/carmen-fernandez-el-psoe-se-alza-como-enemigo-del-tren\/#mainImage"},"datePublished":"2019-01-05T13:01:11+01:00","dateModified":"2019-01-05T13:01:11+01:00"},{"@type":"WebSite","@id":"https:\/\/candas365.es\/noticias\/#website","url":"https:\/\/candas365.es\/noticias\/","name":"Cand\u00e1s 365","alternateName":"Cand\u00e1s 365 Noticias","description":"Actualidad desde Carre\u00f1o para el mundo","inLanguage":"es-ES","publisher":{"@id":"https:\/\/candas365.es\/noticias\/#organization"}}]},"og:locale":"es_ES","og:site_name":"Cand\u00e1s 365","og:type":"article","og:title":"Carmen Fern\u00e1ndez: \u201cEl PSOE se alza como enemigo del tren\u00bb | Cand\u00e1s 365","og:description":"La diputada de FORO y portavoz de Infraestructuras en la Junta General del Principado, Carmen Fern\u00e1ndez, se ha referido hoy a la situaci\u00f3n del ferrocarril asturiano ante la \u00faltima incidencia ocurrida ayer en los trenes de v\u00eda estrecha. \u201cEl traidor Gobierno asturiano en vez de defender a los usuarios del ferrocarril calla ante incidentes vergonzosos","og:url":"https:\/\/candas365.es\/noticias\/carmen-fernandez-el-psoe-se-alza-como-enemigo-del-tren\/","og:image":"https:\/\/candas365.es\/noticias\/wp-content\/uploads\/2017\/01\/carmen-fdz-FORO.jpg","og:image:secure_url":"https:\/\/candas365.es\/noticias\/wp-content\/uploads\/2017\/01\/carmen-fdz-FORO.jpg","og:image:width":655,"og:image:height":360,"article:published_time":"2019-01-05T13:01:11+00:00","article:modified_time":"2019-01-05T13:01:11+00:00","article:publisher":"https:\/\/www.facebook.com\/Nachofdezber","article:author":"https:\/\/www.facebook.com\/carrenoactualidad","twitter:card":"summary_large_image","twitter:site":"@NabercoDigital","twitter:title":"Carmen Fern\u00e1ndez: \u201cEl PSOE se alza como enemigo del tren\u00bb | Cand\u00e1s 365","twitter:description":"La diputada de FORO y portavoz de Infraestructuras en la Junta General del Principado, Carmen Fern\u00e1ndez, se ha referido hoy a la situaci\u00f3n del ferrocarril asturiano ante la \u00faltima incidencia ocurrida ayer en los trenes de v\u00eda estrecha. \u201cEl traidor Gobierno asturiano en vez de defender a los usuarios del ferrocarril calla ante incidentes vergonzosos","twitter:creator":"@nbasturias","twitter:image":"https:\/\/candas365.es\/noticias\/wp-content\/uploads\/2017\/01\/carmen-fdz-FORO.jpg","twitter:label1":"Escrito por","twitter:data1":"Cand\u00e1s 365","twitter:label2":"Tiempo de lectura estimado","twitter:data2":"1 minuto"},"aioseo_meta_data":{"post_id":"113457","title":null,"description":null,"keywords":null,"keyphrases":null,"primary_term":null,"canonical_url":null,"og_title":null,"og_description":null,"og_object_type":"default","og_image_type":"default","og_image_url":null,"og_image_width":null,"og_image_height":null,"og_image_custom_url":null,"og_image_custom_fields":null,"og_video":null,"og_custom_url":null,"og_article_section":null,"og_article_tags":null,"twitter_use_og":false,"twitter_card":"default","twitter_image_type":"default","twitter_image_url":null,"twitter_image_custom_url":null,"twitter_image_custom_fields":null,"twitter_title":null,"twitter_description":null,"schema":{"blockGraphs":[],"customGraphs":[],"default":{"data":{"Article":[],"Course":[],"Dataset":[],"FAQPage":[],"Movie":[],"Person":[],"Product":[],"ProductReview":[],"Car":[],"Recipe":[],"Service":[],"SoftwareApplication":[],"WebPage":[]},"graphName":"","isEnabled":true},"graphs":[],"defaultGraph":"","defaultPostTypeGraph":""},"schema_type":null,"schema_type_options":null,"pillar_content":false,"robots_default":true,"robots_noindex":false,"robots_noarchive":false,"robots_nosnippet":false,"robots_nofollow":false,"robots_noimageindex":false,"robots_noodp":false,"robots_notranslate":false,"robots_max_snippet":null,"robots_max_videopreview":null,"robots_max_imagepreview":"large","priority":null,"frequency":null,"location":null,"local_seo":null,"seo_analyzer_scan_date":"2025-08-28 21:25:16","breadcrumb_settings":null,"limit_modified_date":false,"reviewed_by":null,"open_ai":null,"ai":null,"created":"2020-12-21 11:28:55","updated":"2025-08-28 21:25:16"},"aioseo_breadcrumb":"<div class=\"aioseo-breadcrumbs\"><span class=\"aioseo-breadcrumb\">\n\t<a href=\"https:\/\/candas365.es\/noticias\" title=\"Home\">Home<\/a>\n<\/span><span class=\"aioseo-breadcrumb-separator\">&ndash;<\/span><span class=\"aioseo-breadcrumb\">\n\t<a href=\"https:\/\/candas365.es\/noticias\/category\/asturias\/\" title=\"Asturias\">Asturias<\/a>\n<\/span><span class=\"aioseo-breadcrumb-separator\">&ndash;<\/span><span class=\"aioseo-breadcrumb\">\n\tCarmen Fern\u00e1ndez: \u201cEl PSOE se alza como enemigo del tren\u00bb\n<\/span><\/div>","aioseo_breadcrumb_json":[{"label":"Home","link":"https:\/\/candas365.es\/noticias"},{"label":"Asturias","link":"https:\/\/candas365.es\/noticias\/category\/asturias\/"},{"label":"Carmen Fern\u00e1ndez: \u201cEl PSOE se alza como enemigo del tren\u00bb","link":"https:\/\/candas365.es\/noticias\/carmen-fernandez-el-psoe-se-alza-como-enemigo-del-tren\/"}],"_links":{"self":[{"href":"https:\/\/candas365.es\/noticias\/wp-json\/wp\/v2\/posts\/113457","targetHints":{"allow":["GET"]}}],"collection":[{"href":"https:\/\/candas365.es\/noticias\/wp-json\/wp\/v2\/posts"}],"about":[{"href":"https:\/\/candas365.es\/noticias\/wp-json\/wp\/v2\/types\/post"}],"author":[{"embeddable":true,"href":"https:\/\/candas365.es\/noticias\/wp-json\/wp\/v2\/users\/1"}],"replies":[{"embeddable":true,"href":"https:\/\/candas365.es\/noticias\/wp-json\/wp\/v2\/comments?post=113457"}],"version-history":[{"count":0,"href":"https:\/\/candas365.es\/noticias\/wp-json\/wp\/v2\/posts\/113457\/revisions"}],"wp:featuredmedia":[{"embeddable":true,"href":"https:\/\/candas365.es\/noticias\/wp-json\/wp\/v2\/media\/40786"}],"wp:attachment":[{"href":"https:\/\/candas365.es\/noticias\/wp-json\/wp\/v2\/media?parent=113457"}],"wp:term":[{"taxonomy":"category","embeddable":true,"href":"https:\/\/candas365.es\/noticias\/wp-json\/wp\/v2\/categories?post=113457"},{"taxonomy":"post_tag","embeddable":true,"href":"https:\/\/candas365.es\/noticias\/wp-json\/wp\/v2\/tags?post=113457"}],"curies":[{"name":"wp","href":"https:\/\/api.w.org\/{rel}","templated":true}]}}