{"id":113451,"date":"2019-01-05T11:23:15","date_gmt":"2019-01-05T11:23:15","guid":{"rendered":"http:\/\/candas365.es\/noticias\/?p=113451"},"modified":"2019-01-05T11:23:15","modified_gmt":"2019-01-05T11:23:15","slug":"llegan-a-alemania-los-primeros-restos-de-la-carga-perdida-en-el-mar-del-norte","status":"publish","type":"post","link":"https:\/\/candas365.es\/noticias\/llegan-a-alemania-los-primeros-restos-de-la-carga-perdida-en-el-mar-del-norte\/","title":{"rendered":"Llegan a Alemania los primeros restos de la carga perdida en el Mar del Norte"},"content":{"rendered":"<figure id=\"attachment_113452\" aria-describedby=\"caption-attachment-113452\" style=\"width: 360px\" class=\"wp-caption alignleft\"><img fetchpriority=\"high\" decoding=\"async\" class=\"size-medium wp-image-113452\" src=\"https:\/\/candas365.es\/noticias\/wp-content\/uploads\/2019\/01\/Llegan-a-Alemania-primeros-restos-de-carga-perdida-en-Mar-del-Norte-360x229.jpg\" alt=\"\" width=\"360\" height=\"229\" srcset=\"https:\/\/candas365.es\/noticias\/wp-content\/uploads\/2019\/01\/Llegan-a-Alemania-primeros-restos-de-carga-perdida-en-Mar-del-Norte-360x229.jpg 360w, https:\/\/candas365.es\/noticias\/wp-content\/uploads\/2019\/01\/Llegan-a-Alemania-primeros-restos-de-carga-perdida-en-Mar-del-Norte-768x488.jpg 768w, https:\/\/candas365.es\/noticias\/wp-content\/uploads\/2019\/01\/Llegan-a-Alemania-primeros-restos-de-carga-perdida-en-Mar-del-Norte-655x416.jpg 655w, https:\/\/candas365.es\/noticias\/wp-content\/uploads\/2019\/01\/Llegan-a-Alemania-primeros-restos-de-carga-perdida-en-Mar-del-Norte-696x442.jpg 696w, https:\/\/candas365.es\/noticias\/wp-content\/uploads\/2019\/01\/Llegan-a-Alemania-primeros-restos-de-carga-perdida-en-Mar-del-Norte-661x420.jpg 661w, https:\/\/candas365.es\/noticias\/wp-content\/uploads\/2019\/01\/Llegan-a-Alemania-primeros-restos-de-carga-perdida-en-Mar-del-Norte.jpg 974w\" sizes=\"(max-width: 360px) 100vw, 360px\" \/><figcaption id=\"caption-attachment-113452\" class=\"wp-caption-text\">Restos de los contenedores perdidos en Mar del Norte en la isla holandesa de Ameland. Foto: Jan Spoelstra\/dpa<\/figcaption><\/figure>\n<p>Borkum (Alemania), 4 ene (dpa) &#8211; La isla de Borkum fue el primer lugar de Alemania donde se encontraron hoy restos de la carga de los contenedores perdidos en el accidente sufrido por el gigantesco buque carguero \u00abMSC Zoe\u00bb en aguas del Mar del Norte.<\/p>\n<p>\u00abLlegaron los primeros restos a Borkum\u00bb, confirm\u00f3 en Hannover el ministro de Medio Ambiente del estado federado de Baja Sajonia, Olaf Lies.<\/p>\n<p>El ministro esperaba la llegada de m\u00e1s restos de los contenedores a las islas alemanas del Mar del Norte. \u00abLos c\u00e1lculos que se han hecho muestran que Borkum, Juist y Norderney podr\u00edan verse afectadas pero probablemente no las dem\u00e1s\u00bb.<\/p>\n<p>El carguero \u00abMSC Zoe\u00bb perdi\u00f3 cerca de 270 contenedores cuando se dirig\u00eda de Amberes al puerto alem\u00e1n de Bremerhaven en la noche del mi\u00e9rcoles debido a una gran tormenta que se abati\u00f3 en el Mar del Norte. La carga inclu\u00eda mercanc\u00edas t\u00f3xicas.<\/p>\n","protected":false},"excerpt":{"rendered":"<p>Borkum (Alemania), 4 ene (dpa) &#8211; La isla de Borkum fue el primer lugar de Alemania donde se encontraron hoy restos de la carga de los contenedores perdidos en el accidente sufrido por el gigantesco buque carguero \u00abMSC Zoe\u00bb en aguas del Mar del Norte. \u00abLlegaron los primeros restos a Borkum\u00bb, confirm\u00f3 en Hannover el<\/p>\n","protected":false},"author":1,"featured_media":113452,"comment_status":"closed","ping_status":"closed","sticky":false,"template":"","format":"standard","meta":{"footnotes":""},"categories":[343],"tags":[],"class_list":{"0":"post-113451","1":"post","2":"type-post","3":"status-publish","4":"format-standard","5":"has-post-thumbnail","7":"category-actualidad"},"aioseo_notices":[],"aioseo_head":"\n\t\t<!-- All in One SEO Pro 4.9.6.2 - aioseo.com -->\n\t<meta name=\"description\" content=\"Borkum (Alemania), 4 ene (dpa) - La isla de Borkum fue el primer lugar de Alemania donde se encontraron hoy restos de la carga de los contenedores perdidos en el accidente sufrido por el gigantesco buque carguero &quot;MSC Zoe&quot; en aguas del Mar del Norte. &quot;Llegaron los primeros restos a Borkum&quot;, confirm\u00f3 en Hannover el\" \/>\n\t<meta name=\"robots\" content=\"max-image-preview:large\" \/>\n\t<meta name=\"author\" content=\"Cand\u00e1s 365\"\/>\n\t<meta name=\"google-site-verification\" content=\"UA-32230408-1\" \/>\n\t<meta name=\"msvalidate.01\" content=\"354F3CDFB2DA171B47FBE9ABF1F88D5\" \/>\n\t<meta name=\"keywords\" content=\"actualidad\" \/>\n\t<link rel=\"canonical\" href=\"https:\/\/candas365.es\/noticias\/llegan-a-alemania-los-primeros-restos-de-la-carga-perdida-en-el-mar-del-norte\/\" \/>\n\t<meta name=\"generator\" content=\"All in One SEO Pro (AIOSEO) 4.9.6.2\" \/>\n\t\t<meta property=\"og:locale\" content=\"es_ES\" \/>\n\t\t<meta property=\"og:site_name\" content=\"Cand\u00e1s 365\" \/>\n\t\t<meta property=\"og:type\" content=\"article\" \/>\n\t\t<meta property=\"og:title\" content=\"Llegan a Alemania los primeros restos de la carga perdida en el Mar del Norte | Cand\u00e1s 365\" \/>\n\t\t<meta property=\"og:description\" content=\"Borkum (Alemania), 4 ene (dpa) - La isla de Borkum fue el primer lugar de Alemania donde se encontraron hoy restos de la carga de los contenedores perdidos en el accidente sufrido por el gigantesco buque carguero &quot;MSC Zoe&quot; en aguas del Mar del Norte. &quot;Llegaron los primeros restos a Borkum&quot;, confirm\u00f3 en Hannover el\" \/>\n\t\t<meta property=\"og:url\" content=\"https:\/\/candas365.es\/noticias\/llegan-a-alemania-los-primeros-restos-de-la-carga-perdida-en-el-mar-del-norte\/\" \/>\n\t\t<meta property=\"og:image\" content=\"https:\/\/candas365.es\/noticias\/wp-content\/uploads\/2019\/01\/Llegan-a-Alemania-primeros-restos-de-carga-perdida-en-Mar-del-Norte.jpg\" \/>\n\t\t<meta property=\"og:image:secure_url\" content=\"https:\/\/candas365.es\/noticias\/wp-content\/uploads\/2019\/01\/Llegan-a-Alemania-primeros-restos-de-carga-perdida-en-Mar-del-Norte.jpg\" \/>\n\t\t<meta property=\"og:image:width\" content=\"974\" \/>\n\t\t<meta property=\"og:image:height\" content=\"619\" \/>\n\t\t<meta property=\"article:published_time\" content=\"2019-01-05T11:23:15+00:00\" \/>\n\t\t<meta property=\"article:modified_time\" content=\"2019-01-05T11:23:15+00:00\" \/>\n\t\t<meta property=\"article:publisher\" content=\"https:\/\/www.facebook.com\/Nachofdezber\" \/>\n\t\t<meta property=\"article:author\" content=\"https:\/\/www.facebook.com\/carrenoactualidad\" \/>\n\t\t<meta name=\"twitter:card\" content=\"summary_large_image\" \/>\n\t\t<meta name=\"twitter:site\" content=\"@NabercoDigital\" \/>\n\t\t<meta name=\"twitter:title\" content=\"Llegan a Alemania los primeros restos de la carga perdida en el Mar del Norte | Cand\u00e1s 365\" \/>\n\t\t<meta name=\"twitter:description\" content=\"Borkum (Alemania), 4 ene (dpa) - La isla de Borkum fue el primer lugar de Alemania donde se encontraron hoy restos de la carga de los contenedores perdidos en el accidente sufrido por el gigantesco buque carguero &quot;MSC Zoe&quot; en aguas del Mar del Norte. &quot;Llegaron los primeros restos a Borkum&quot;, confirm\u00f3 en Hannover el\" \/>\n\t\t<meta name=\"twitter:creator\" content=\"@nbasturias\" \/>\n\t\t<meta name=\"twitter:image\" content=\"https:\/\/candas365.es\/noticias\/wp-content\/uploads\/2019\/01\/Llegan-a-Alemania-primeros-restos-de-carga-perdida-en-Mar-del-Norte.jpg\" \/>\n\t\t<meta name=\"twitter:label1\" content=\"Escrito por\" \/>\n\t\t<meta name=\"twitter:data1\" content=\"Cand\u00e1s 365\" \/>\n\t\t<meta name=\"twitter:label2\" content=\"Tiempo de lectura estimado\" \/>\n\t\t<meta name=\"twitter:data2\" content=\"1 minuto\" \/>\n\t\t<script type=\"application\/ld+json\" class=\"aioseo-schema\">\n\t\t\t{\"@context\":\"https:\\\/\\\/schema.org\",\"@graph\":[{\"@type\":\"BreadcrumbList\",\"@id\":\"https:\\\/\\\/candas365.es\\\/noticias\\\/llegan-a-alemania-los-primeros-restos-de-la-carga-perdida-en-el-mar-del-norte\\\/#breadcrumblist\",\"itemListElement\":[{\"@type\":\"ListItem\",\"@id\":\"https:\\\/\\\/candas365.es\\\/noticias#listItem\",\"position\":1,\"name\":\"Home\",\"item\":\"https:\\\/\\\/candas365.es\\\/noticias\",\"nextItem\":{\"@type\":\"ListItem\",\"@id\":\"https:\\\/\\\/candas365.es\\\/noticias\\\/category\\\/actualidad\\\/#listItem\",\"name\":\"Actualidad\"}},{\"@type\":\"ListItem\",\"@id\":\"https:\\\/\\\/candas365.es\\\/noticias\\\/category\\\/actualidad\\\/#listItem\",\"position\":2,\"name\":\"Actualidad\",\"item\":\"https:\\\/\\\/candas365.es\\\/noticias\\\/category\\\/actualidad\\\/\",\"nextItem\":{\"@type\":\"ListItem\",\"@id\":\"https:\\\/\\\/candas365.es\\\/noticias\\\/llegan-a-alemania-los-primeros-restos-de-la-carga-perdida-en-el-mar-del-norte\\\/#listItem\",\"name\":\"Llegan a Alemania los primeros restos de la carga perdida en el Mar del Norte\"},\"previousItem\":{\"@type\":\"ListItem\",\"@id\":\"https:\\\/\\\/candas365.es\\\/noticias#listItem\",\"name\":\"Home\"}},{\"@type\":\"ListItem\",\"@id\":\"https:\\\/\\\/candas365.es\\\/noticias\\\/llegan-a-alemania-los-primeros-restos-de-la-carga-perdida-en-el-mar-del-norte\\\/#listItem\",\"position\":3,\"name\":\"Llegan a Alemania los primeros restos de la carga perdida en el Mar del Norte\",\"previousItem\":{\"@type\":\"ListItem\",\"@id\":\"https:\\\/\\\/candas365.es\\\/noticias\\\/category\\\/actualidad\\\/#listItem\",\"name\":\"Actualidad\"}}]},{\"@type\":\"NewsArticle\",\"@id\":\"https:\\\/\\\/candas365.es\\\/noticias\\\/llegan-a-alemania-los-primeros-restos-de-la-carga-perdida-en-el-mar-del-norte\\\/#newsarticle\",\"name\":\"Llegan a Alemania los primeros restos de la carga perdida en el Mar del Norte | Cand\\u00e1s 365\",\"headline\":\"Llegan a Alemania los primeros restos de la carga perdida en el Mar del Norte\",\"author\":{\"@id\":\"https:\\\/\\\/candas365.es\\\/noticias\\\/author\\\/admin\\\/#author\"},\"publisher\":{\"@id\":\"https:\\\/\\\/candas365.es\\\/noticias\\\/#organization\"},\"image\":{\"@type\":\"ImageObject\",\"url\":\"https:\\\/\\\/candas365.es\\\/noticias\\\/wp-content\\\/uploads\\\/2019\\\/01\\\/Llegan-a-Alemania-primeros-restos-de-carga-perdida-en-Mar-del-Norte.jpg\",\"width\":974,\"height\":619,\"caption\":\"Restos de los contenedores perdidos en Mar del Norte en la isla holandesa de Ameland. Foto: Jan Spoelstra\\\/dpa\"},\"datePublished\":\"2019-01-05T11:23:15+01:00\",\"dateModified\":\"2019-01-05T11:23:15+01:00\",\"inLanguage\":\"es-ES\",\"mainEntityOfPage\":{\"@id\":\"https:\\\/\\\/candas365.es\\\/noticias\\\/llegan-a-alemania-los-primeros-restos-de-la-carga-perdida-en-el-mar-del-norte\\\/#webpage\"},\"isPartOf\":{\"@id\":\"https:\\\/\\\/candas365.es\\\/noticias\\\/llegan-a-alemania-los-primeros-restos-de-la-carga-perdida-en-el-mar-del-norte\\\/#webpage\"},\"articleSection\":\"Actualidad\",\"dateline\":\"Publicado el enero 5, 2019.\"},{\"@type\":\"Organization\",\"@id\":\"https:\\\/\\\/candas365.es\\\/noticias\\\/#organization\",\"name\":\"Cand\\u00e1s 365\",\"description\":\"Cand\\u00e1s 365 es un diario digital independiente, fundado en 2012, con base en Asturias. Informamos con rigor sobre actualidad, sociedad, cultura y ocio, con una mirada local y global.\",\"url\":\"https:\\\/\\\/candas365.es\\\/noticias\\\/\",\"email\":\"info@candas365.es\",\"telephone\":\"+34652131393\",\"foundingDate\":\"2012-06-10\",\"logo\":{\"@type\":\"ImageObject\",\"url\":\"https:\\\/\\\/candas365.es\\\/noticias\\\/wp-content\\\/uploads\\\/2024\\\/09\\\/Candas-365-Redes.jpg\",\"@id\":\"https:\\\/\\\/candas365.es\\\/noticias\\\/llegan-a-alemania-los-primeros-restos-de-la-carga-perdida-en-el-mar-del-norte\\\/#organizationLogo\",\"width\":1152,\"height\":864,\"caption\":\"Cand\\u00e1s 365 Redes\"},\"image\":{\"@id\":\"https:\\\/\\\/candas365.es\\\/noticias\\\/llegan-a-alemania-los-primeros-restos-de-la-carga-perdida-en-el-mar-del-norte\\\/#organizationLogo\"},\"sameAs\":[\"https:\\\/\\\/www.facebook.com\\\/Nachofdezber\",\"https:\\\/\\\/x.com\\\/NabercoDigital\",\"https:\\\/\\\/www.instagram.com\\\/nachofdezber\\\/\",\"https:\\\/\\\/www.youtube.com\\\/channel\\\/UCZP-2wLEB9Rv6erhFmqVnvg\"],\"address\":{\"@id\":\"https:\\\/\\\/candas365.es\\\/noticias\\\/#postaladdress\",\"@type\":\"PostalAddress\",\"streetAddress\":\"san antonio 4, san antonio 4\",\"postalCode\":\"33430\",\"addressLocality\":\"Cand\\u00e1s\",\"addressRegion\":\"Asturias\",\"addressCountry\":\"ES\"}},{\"@type\":\"Person\",\"@id\":\"https:\\\/\\\/candas365.es\\\/noticias\\\/author\\\/admin\\\/#author\",\"url\":\"https:\\\/\\\/candas365.es\\\/noticias\\\/author\\\/admin\\\/\",\"name\":\"Cand\\u00e1s 365\",\"image\":{\"@type\":\"ImageObject\",\"@id\":\"https:\\\/\\\/candas365.es\\\/noticias\\\/llegan-a-alemania-los-primeros-restos-de-la-carga-perdida-en-el-mar-del-norte\\\/#authorImage\",\"url\":\"https:\\\/\\\/secure.gravatar.com\\\/avatar\\\/496a8e03d0c493ede1718b7934145dbdf8d89be1036b0eec9544e1094c9de390?s=96&d=mm&r=g\",\"width\":96,\"height\":96,\"caption\":\"Cand\\u00e1s 365\"},\"sameAs\":[\"https:\\\/\\\/www.facebook.com\\\/carrenoactualidad\",\"https:\\\/\\\/twitter.com\\\/nbasturias\",\"https:\\\/\\\/www.instagram.com\\\/nachofdezber\\\/\",\"https:\\\/\\\/www.youtube.com\\\/channel\\\/UCZP-2wLEB9Rv6erhFmqVnvg\"]},{\"@type\":\"WebPage\",\"@id\":\"https:\\\/\\\/candas365.es\\\/noticias\\\/llegan-a-alemania-los-primeros-restos-de-la-carga-perdida-en-el-mar-del-norte\\\/#webpage\",\"url\":\"https:\\\/\\\/candas365.es\\\/noticias\\\/llegan-a-alemania-los-primeros-restos-de-la-carga-perdida-en-el-mar-del-norte\\\/\",\"name\":\"Llegan a Alemania los primeros restos de la carga perdida en el Mar del Norte | Cand\\u00e1s 365\",\"description\":\"Borkum (Alemania), 4 ene (dpa) - La isla de Borkum fue el primer lugar de Alemania donde se encontraron hoy restos de la carga de los contenedores perdidos en el accidente sufrido por el gigantesco buque carguero \\\"MSC Zoe\\\" en aguas del Mar del Norte. \\\"Llegaron los primeros restos a Borkum\\\", confirm\\u00f3 en Hannover el\",\"inLanguage\":\"es-ES\",\"isPartOf\":{\"@id\":\"https:\\\/\\\/candas365.es\\\/noticias\\\/#website\"},\"breadcrumb\":{\"@id\":\"https:\\\/\\\/candas365.es\\\/noticias\\\/llegan-a-alemania-los-primeros-restos-de-la-carga-perdida-en-el-mar-del-norte\\\/#breadcrumblist\"},\"author\":{\"@id\":\"https:\\\/\\\/candas365.es\\\/noticias\\\/author\\\/admin\\\/#author\"},\"creator\":{\"@id\":\"https:\\\/\\\/candas365.es\\\/noticias\\\/author\\\/admin\\\/#author\"},\"image\":{\"@type\":\"ImageObject\",\"url\":\"https:\\\/\\\/candas365.es\\\/noticias\\\/wp-content\\\/uploads\\\/2019\\\/01\\\/Llegan-a-Alemania-primeros-restos-de-carga-perdida-en-Mar-del-Norte.jpg\",\"@id\":\"https:\\\/\\\/candas365.es\\\/noticias\\\/llegan-a-alemania-los-primeros-restos-de-la-carga-perdida-en-el-mar-del-norte\\\/#mainImage\",\"width\":974,\"height\":619,\"caption\":\"Restos de los contenedores perdidos en Mar del Norte en la isla holandesa de Ameland. Foto: Jan Spoelstra\\\/dpa\"},\"primaryImageOfPage\":{\"@id\":\"https:\\\/\\\/candas365.es\\\/noticias\\\/llegan-a-alemania-los-primeros-restos-de-la-carga-perdida-en-el-mar-del-norte\\\/#mainImage\"},\"datePublished\":\"2019-01-05T11:23:15+01:00\",\"dateModified\":\"2019-01-05T11:23:15+01:00\"},{\"@type\":\"WebSite\",\"@id\":\"https:\\\/\\\/candas365.es\\\/noticias\\\/#website\",\"url\":\"https:\\\/\\\/candas365.es\\\/noticias\\\/\",\"name\":\"Cand\\u00e1s 365\",\"alternateName\":\"Cand\\u00e1s 365 Noticias\",\"description\":\"Actualidad desde Carre\\u00f1o para el mundo\",\"inLanguage\":\"es-ES\",\"publisher\":{\"@id\":\"https:\\\/\\\/candas365.es\\\/noticias\\\/#organization\"}}]}\n\t\t<\/script>\n\t\t<!-- All in One SEO Pro -->\r\n\t\t<title>Llegan a Alemania los primeros restos de la carga perdida en el Mar del Norte | Cand\u00e1s 365<\/title>\n\n","aioseo_head_json":{"title":"Llegan a Alemania los primeros restos de la carga perdida en el Mar del Norte | Cand\u00e1s 365","description":"Borkum (Alemania), 4 ene (dpa) - La isla de Borkum fue el primer lugar de Alemania donde se encontraron hoy restos de la carga de los contenedores perdidos en el accidente sufrido por el gigantesco buque carguero \"MSC Zoe\" en aguas del Mar del Norte. \"Llegaron los primeros restos a Borkum\", confirm\u00f3 en Hannover el","canonical_url":"https:\/\/candas365.es\/noticias\/llegan-a-alemania-los-primeros-restos-de-la-carga-perdida-en-el-mar-del-norte\/","robots":"max-image-preview:large","keywords":"actualidad","webmasterTools":{"google-site-verification":"UA-32230408-1","msvalidate.01":"354F3CDFB2DA171B47FBE9ABF1F88D5","miscellaneous":""},"schema":{"@context":"https:\/\/schema.org","@graph":[{"@type":"BreadcrumbList","@id":"https:\/\/candas365.es\/noticias\/llegan-a-alemania-los-primeros-restos-de-la-carga-perdida-en-el-mar-del-norte\/#breadcrumblist","itemListElement":[{"@type":"ListItem","@id":"https:\/\/candas365.es\/noticias#listItem","position":1,"name":"Home","item":"https:\/\/candas365.es\/noticias","nextItem":{"@type":"ListItem","@id":"https:\/\/candas365.es\/noticias\/category\/actualidad\/#listItem","name":"Actualidad"}},{"@type":"ListItem","@id":"https:\/\/candas365.es\/noticias\/category\/actualidad\/#listItem","position":2,"name":"Actualidad","item":"https:\/\/candas365.es\/noticias\/category\/actualidad\/","nextItem":{"@type":"ListItem","@id":"https:\/\/candas365.es\/noticias\/llegan-a-alemania-los-primeros-restos-de-la-carga-perdida-en-el-mar-del-norte\/#listItem","name":"Llegan a Alemania los primeros restos de la carga perdida en el Mar del Norte"},"previousItem":{"@type":"ListItem","@id":"https:\/\/candas365.es\/noticias#listItem","name":"Home"}},{"@type":"ListItem","@id":"https:\/\/candas365.es\/noticias\/llegan-a-alemania-los-primeros-restos-de-la-carga-perdida-en-el-mar-del-norte\/#listItem","position":3,"name":"Llegan a Alemania los primeros restos de la carga perdida en el Mar del Norte","previousItem":{"@type":"ListItem","@id":"https:\/\/candas365.es\/noticias\/category\/actualidad\/#listItem","name":"Actualidad"}}]},{"@type":"NewsArticle","@id":"https:\/\/candas365.es\/noticias\/llegan-a-alemania-los-primeros-restos-de-la-carga-perdida-en-el-mar-del-norte\/#newsarticle","name":"Llegan a Alemania los primeros restos de la carga perdida en el Mar del Norte | Cand\u00e1s 365","headline":"Llegan a Alemania los primeros restos de la carga perdida en el Mar del Norte","author":{"@id":"https:\/\/candas365.es\/noticias\/author\/admin\/#author"},"publisher":{"@id":"https:\/\/candas365.es\/noticias\/#organization"},"image":{"@type":"ImageObject","url":"https:\/\/candas365.es\/noticias\/wp-content\/uploads\/2019\/01\/Llegan-a-Alemania-primeros-restos-de-carga-perdida-en-Mar-del-Norte.jpg","width":974,"height":619,"caption":"Restos de los contenedores perdidos en Mar del Norte en la isla holandesa de Ameland. Foto: Jan Spoelstra\/dpa"},"datePublished":"2019-01-05T11:23:15+01:00","dateModified":"2019-01-05T11:23:15+01:00","inLanguage":"es-ES","mainEntityOfPage":{"@id":"https:\/\/candas365.es\/noticias\/llegan-a-alemania-los-primeros-restos-de-la-carga-perdida-en-el-mar-del-norte\/#webpage"},"isPartOf":{"@id":"https:\/\/candas365.es\/noticias\/llegan-a-alemania-los-primeros-restos-de-la-carga-perdida-en-el-mar-del-norte\/#webpage"},"articleSection":"Actualidad","dateline":"Publicado el enero 5, 2019."},{"@type":"Organization","@id":"https:\/\/candas365.es\/noticias\/#organization","name":"Cand\u00e1s 365","description":"Cand\u00e1s 365 es un diario digital independiente, fundado en 2012, con base en Asturias. Informamos con rigor sobre actualidad, sociedad, cultura y ocio, con una mirada local y global.","url":"https:\/\/candas365.es\/noticias\/","email":"info@candas365.es","telephone":"+34652131393","foundingDate":"2012-06-10","logo":{"@type":"ImageObject","url":"https:\/\/candas365.es\/noticias\/wp-content\/uploads\/2024\/09\/Candas-365-Redes.jpg","@id":"https:\/\/candas365.es\/noticias\/llegan-a-alemania-los-primeros-restos-de-la-carga-perdida-en-el-mar-del-norte\/#organizationLogo","width":1152,"height":864,"caption":"Cand\u00e1s 365 Redes"},"image":{"@id":"https:\/\/candas365.es\/noticias\/llegan-a-alemania-los-primeros-restos-de-la-carga-perdida-en-el-mar-del-norte\/#organizationLogo"},"sameAs":["https:\/\/www.facebook.com\/Nachofdezber","https:\/\/x.com\/NabercoDigital","https:\/\/www.instagram.com\/nachofdezber\/","https:\/\/www.youtube.com\/channel\/UCZP-2wLEB9Rv6erhFmqVnvg"],"address":{"@id":"https:\/\/candas365.es\/noticias\/#postaladdress","@type":"PostalAddress","streetAddress":"san antonio 4, san antonio 4","postalCode":"33430","addressLocality":"Cand\u00e1s","addressRegion":"Asturias","addressCountry":"ES"}},{"@type":"Person","@id":"https:\/\/candas365.es\/noticias\/author\/admin\/#author","url":"https:\/\/candas365.es\/noticias\/author\/admin\/","name":"Cand\u00e1s 365","image":{"@type":"ImageObject","@id":"https:\/\/candas365.es\/noticias\/llegan-a-alemania-los-primeros-restos-de-la-carga-perdida-en-el-mar-del-norte\/#authorImage","url":"https:\/\/secure.gravatar.com\/avatar\/496a8e03d0c493ede1718b7934145dbdf8d89be1036b0eec9544e1094c9de390?s=96&d=mm&r=g","width":96,"height":96,"caption":"Cand\u00e1s 365"},"sameAs":["https:\/\/www.facebook.com\/carrenoactualidad","https:\/\/twitter.com\/nbasturias","https:\/\/www.instagram.com\/nachofdezber\/","https:\/\/www.youtube.com\/channel\/UCZP-2wLEB9Rv6erhFmqVnvg"]},{"@type":"WebPage","@id":"https:\/\/candas365.es\/noticias\/llegan-a-alemania-los-primeros-restos-de-la-carga-perdida-en-el-mar-del-norte\/#webpage","url":"https:\/\/candas365.es\/noticias\/llegan-a-alemania-los-primeros-restos-de-la-carga-perdida-en-el-mar-del-norte\/","name":"Llegan a Alemania los primeros restos de la carga perdida en el Mar del Norte | Cand\u00e1s 365","description":"Borkum (Alemania), 4 ene (dpa) - La isla de Borkum fue el primer lugar de Alemania donde se encontraron hoy restos de la carga de los contenedores perdidos en el accidente sufrido por el gigantesco buque carguero \"MSC Zoe\" en aguas del Mar del Norte. \"Llegaron los primeros restos a Borkum\", confirm\u00f3 en Hannover el","inLanguage":"es-ES","isPartOf":{"@id":"https:\/\/candas365.es\/noticias\/#website"},"breadcrumb":{"@id":"https:\/\/candas365.es\/noticias\/llegan-a-alemania-los-primeros-restos-de-la-carga-perdida-en-el-mar-del-norte\/#breadcrumblist"},"author":{"@id":"https:\/\/candas365.es\/noticias\/author\/admin\/#author"},"creator":{"@id":"https:\/\/candas365.es\/noticias\/author\/admin\/#author"},"image":{"@type":"ImageObject","url":"https:\/\/candas365.es\/noticias\/wp-content\/uploads\/2019\/01\/Llegan-a-Alemania-primeros-restos-de-carga-perdida-en-Mar-del-Norte.jpg","@id":"https:\/\/candas365.es\/noticias\/llegan-a-alemania-los-primeros-restos-de-la-carga-perdida-en-el-mar-del-norte\/#mainImage","width":974,"height":619,"caption":"Restos de los contenedores perdidos en Mar del Norte en la isla holandesa de Ameland. Foto: Jan Spoelstra\/dpa"},"primaryImageOfPage":{"@id":"https:\/\/candas365.es\/noticias\/llegan-a-alemania-los-primeros-restos-de-la-carga-perdida-en-el-mar-del-norte\/#mainImage"},"datePublished":"2019-01-05T11:23:15+01:00","dateModified":"2019-01-05T11:23:15+01:00"},{"@type":"WebSite","@id":"https:\/\/candas365.es\/noticias\/#website","url":"https:\/\/candas365.es\/noticias\/","name":"Cand\u00e1s 365","alternateName":"Cand\u00e1s 365 Noticias","description":"Actualidad desde Carre\u00f1o para el mundo","inLanguage":"es-ES","publisher":{"@id":"https:\/\/candas365.es\/noticias\/#organization"}}]},"og:locale":"es_ES","og:site_name":"Cand\u00e1s 365","og:type":"article","og:title":"Llegan a Alemania los primeros restos de la carga perdida en el Mar del Norte | Cand\u00e1s 365","og:description":"Borkum (Alemania), 4 ene (dpa) - La isla de Borkum fue el primer lugar de Alemania donde se encontraron hoy restos de la carga de los contenedores perdidos en el accidente sufrido por el gigantesco buque carguero &quot;MSC Zoe&quot; en aguas del Mar del Norte. &quot;Llegaron los primeros restos a Borkum&quot;, confirm\u00f3 en Hannover el","og:url":"https:\/\/candas365.es\/noticias\/llegan-a-alemania-los-primeros-restos-de-la-carga-perdida-en-el-mar-del-norte\/","og:image":"https:\/\/candas365.es\/noticias\/wp-content\/uploads\/2019\/01\/Llegan-a-Alemania-primeros-restos-de-carga-perdida-en-Mar-del-Norte.jpg","og:image:secure_url":"https:\/\/candas365.es\/noticias\/wp-content\/uploads\/2019\/01\/Llegan-a-Alemania-primeros-restos-de-carga-perdida-en-Mar-del-Norte.jpg","og:image:width":974,"og:image:height":619,"article:published_time":"2019-01-05T11:23:15+00:00","article:modified_time":"2019-01-05T11:23:15+00:00","article:publisher":"https:\/\/www.facebook.com\/Nachofdezber","article:author":"https:\/\/www.facebook.com\/carrenoactualidad","twitter:card":"summary_large_image","twitter:site":"@NabercoDigital","twitter:title":"Llegan a Alemania los primeros restos de la carga perdida en el Mar del Norte | Cand\u00e1s 365","twitter:description":"Borkum (Alemania), 4 ene (dpa) - La isla de Borkum fue el primer lugar de Alemania donde se encontraron hoy restos de la carga de los contenedores perdidos en el accidente sufrido por el gigantesco buque carguero &quot;MSC Zoe&quot; en aguas del Mar del Norte. &quot;Llegaron los primeros restos a Borkum&quot;, confirm\u00f3 en Hannover el","twitter:creator":"@nbasturias","twitter:image":"https:\/\/candas365.es\/noticias\/wp-content\/uploads\/2019\/01\/Llegan-a-Alemania-primeros-restos-de-carga-perdida-en-Mar-del-Norte.jpg","twitter:label1":"Escrito por","twitter:data1":"Cand\u00e1s 365","twitter:label2":"Tiempo de lectura estimado","twitter:data2":"1 minuto"},"aioseo_meta_data":{"post_id":"113451","title":null,"description":null,"keywords":null,"keyphrases":null,"primary_term":null,"canonical_url":null,"og_title":null,"og_description":null,"og_object_type":"default","og_image_type":"default","og_image_url":null,"og_image_width":null,"og_image_height":null,"og_image_custom_url":null,"og_image_custom_fields":null,"og_video":null,"og_custom_url":null,"og_article_section":null,"og_article_tags":null,"twitter_use_og":false,"twitter_card":"default","twitter_image_type":"default","twitter_image_url":null,"twitter_image_custom_url":null,"twitter_image_custom_fields":null,"twitter_title":null,"twitter_description":null,"schema":{"blockGraphs":[],"customGraphs":[],"default":{"data":{"Article":[],"Course":[],"Dataset":[],"FAQPage":[],"Movie":[],"Person":[],"Product":[],"ProductReview":[],"Car":[],"Recipe":[],"Service":[],"SoftwareApplication":[],"WebPage":[]},"graphName":"","isEnabled":true},"graphs":[]},"schema_type":null,"schema_type_options":null,"pillar_content":false,"robots_default":true,"robots_noindex":false,"robots_noarchive":false,"robots_nosnippet":false,"robots_nofollow":false,"robots_noimageindex":false,"robots_noodp":false,"robots_notranslate":false,"robots_max_snippet":null,"robots_max_videopreview":null,"robots_max_imagepreview":"large","priority":null,"frequency":null,"location":null,"local_seo":null,"seo_analyzer_scan_date":"2025-08-28 21:25:13","breadcrumb_settings":null,"limit_modified_date":false,"reviewed_by":null,"open_ai":null,"ai":null,"created":"2020-12-21 10:44:51","updated":"2025-08-28 21:25:13"},"aioseo_breadcrumb":"<div class=\"aioseo-breadcrumbs\"><span class=\"aioseo-breadcrumb\">\n\t<a href=\"https:\/\/candas365.es\/noticias\" title=\"Home\">Home<\/a>\n<\/span><span class=\"aioseo-breadcrumb-separator\">&ndash;<\/span><span class=\"aioseo-breadcrumb\">\n\t<a href=\"https:\/\/candas365.es\/noticias\/category\/actualidad\/\" title=\"Actualidad\">Actualidad<\/a>\n<\/span><span class=\"aioseo-breadcrumb-separator\">&ndash;<\/span><span class=\"aioseo-breadcrumb\">\n\tLlegan a Alemania los primeros restos de la carga perdida en el Mar del Norte\n<\/span><\/div>","aioseo_breadcrumb_json":[{"label":"Home","link":"https:\/\/candas365.es\/noticias"},{"label":"Actualidad","link":"https:\/\/candas365.es\/noticias\/category\/actualidad\/"},{"label":"Llegan a Alemania los primeros restos de la carga perdida en el Mar del Norte","link":"https:\/\/candas365.es\/noticias\/llegan-a-alemania-los-primeros-restos-de-la-carga-perdida-en-el-mar-del-norte\/"}],"_links":{"self":[{"href":"https:\/\/candas365.es\/noticias\/wp-json\/wp\/v2\/posts\/113451","targetHints":{"allow":["GET"]}}],"collection":[{"href":"https:\/\/candas365.es\/noticias\/wp-json\/wp\/v2\/posts"}],"about":[{"href":"https:\/\/candas365.es\/noticias\/wp-json\/wp\/v2\/types\/post"}],"author":[{"embeddable":true,"href":"https:\/\/candas365.es\/noticias\/wp-json\/wp\/v2\/users\/1"}],"replies":[{"embeddable":true,"href":"https:\/\/candas365.es\/noticias\/wp-json\/wp\/v2\/comments?post=113451"}],"version-history":[{"count":0,"href":"https:\/\/candas365.es\/noticias\/wp-json\/wp\/v2\/posts\/113451\/revisions"}],"wp:featuredmedia":[{"embeddable":true,"href":"https:\/\/candas365.es\/noticias\/wp-json\/wp\/v2\/media\/113452"}],"wp:attachment":[{"href":"https:\/\/candas365.es\/noticias\/wp-json\/wp\/v2\/media?parent=113451"}],"wp:term":[{"taxonomy":"category","embeddable":true,"href":"https:\/\/candas365.es\/noticias\/wp-json\/wp\/v2\/categories?post=113451"},{"taxonomy":"post_tag","embeddable":true,"href":"https:\/\/candas365.es\/noticias\/wp-json\/wp\/v2\/tags?post=113451"}],"curies":[{"name":"wp","href":"https:\/\/api.w.org\/{rel}","templated":true}]}}