{"id":113447,"date":"2019-01-05T11:16:28","date_gmt":"2019-01-05T11:16:28","guid":{"rendered":"http:\/\/candas365.es\/noticias\/?p=113447"},"modified":"2019-01-05T11:16:28","modified_gmt":"2019-01-05T11:16:28","slug":"el-gobierno-aleman-confirma-la-filtracion-de-datos-cientos-de-politicos","status":"publish","type":"post","link":"https:\/\/candas365.es\/noticias\/el-gobierno-aleman-confirma-la-filtracion-de-datos-cientos-de-politicos\/","title":{"rendered":"El Gobierno alem\u00e1n confirma la filtraci\u00f3n de datos cientos de pol\u00edticos"},"content":{"rendered":"<p><img fetchpriority=\"high\" decoding=\"async\" class=\"alignleft size-medium wp-image-98518\" src=\"https:\/\/candas365.es\/noticias\/wp-content\/uploads\/2018\/06\/berlin-76509_960_720-360x270.jpg\" alt=\"\" width=\"360\" height=\"270\" srcset=\"https:\/\/candas365.es\/noticias\/wp-content\/uploads\/2018\/06\/berlin-76509_960_720-360x270.jpg 360w, https:\/\/candas365.es\/noticias\/wp-content\/uploads\/2018\/06\/berlin-76509_960_720-768x576.jpg 768w, https:\/\/candas365.es\/noticias\/wp-content\/uploads\/2018\/06\/berlin-76509_960_720-640x480.jpg 640w, https:\/\/candas365.es\/noticias\/wp-content\/uploads\/2018\/06\/berlin-76509_960_720-80x60.jpg 80w, https:\/\/candas365.es\/noticias\/wp-content\/uploads\/2018\/06\/berlin-76509_960_720-265x198.jpg 265w, https:\/\/candas365.es\/noticias\/wp-content\/uploads\/2018\/06\/berlin-76509_960_720-696x522.jpg 696w, https:\/\/candas365.es\/noticias\/wp-content\/uploads\/2018\/06\/berlin-76509_960_720-560x420.jpg 560w, https:\/\/candas365.es\/noticias\/wp-content\/uploads\/2018\/06\/berlin-76509_960_720.jpg 960w\" sizes=\"(max-width: 360px) 100vw, 360px\" \/>Berl\u00edn, 4 ene (dpa) &#8211; El Gobierno de Alemania confirm\u00f3 hoy que fueron filtrados en Internet los datos personales y documentos de cientos de pol\u00edticos y personalidades de la vida p\u00fablica.<\/p>\n<p>La filtraci\u00f3n afecta a \u00abtodos los estamentos\u00bb, es decir, a pol\u00edticos del Parlamento alem\u00e1n, del Parlamento europeo, de hemiciclos regionales e incluso a autoridades municipales, se\u00f1al\u00f3 Martina Fietz, viceportavoz de la canciller alemana, Angela Merkel.<\/p>\n<p>Fietz advirti\u00f3 que algunos datos podr\u00edan ser falsos. La canciller\u00eda tuvo conocimiento del hecho el jueves por la noche. La vocera asegur\u00f3 que no se filtraron datos sensibles de la jefatura de Gobierno ni de la canciller Angela Merkel. Poco antes se supo que tambi\u00e9n la mandataria se hab\u00eda visto afectada por la filtraci\u00f3n masiva.<\/p>\n<p>El Gobierno alem\u00e1n no sabe a\u00fan si los datos fueron captados a trav\u00e9s de un ataque de hackers, dijo un portavoz del ministerio del Interior. Las autoridades de seguridad constataron que se trata de \u00abpaquetes de datos relativamente actuales y tambi\u00e9n otros de m\u00e1s antiguos\u00bb.<\/p>\n<p>C\u00edrculos del Ejecutivo germano dijeron a dpa que tambi\u00e9n podr\u00eda tratarse de una filtraci\u00f3n a trav\u00e9s de una persona con acceso a datos sensibles. Hasta ahora se sabe que los datos no salieron de la red inform\u00e1tica gubernamental.<\/p>\n<p>Seg\u00fan inform\u00f3 el ministerio del Interior, el centro alem\u00e1n de defensa de ataques cibern\u00e9ticos asumi\u00f3 la coordinaci\u00f3n de las tareas destinadas a cerrar el acceso p\u00fablico a los datos en cuesti\u00f3n.<\/p>\n<p>La mayor parte de los datos filtrados son n\u00fameros de tel\u00e9fonos m\u00f3viles y direcciones, pero en algunos casos tambi\u00e9n fueron publicados datos personales como documentos de identidad, chats, cartas, facturas o informaci\u00f3n de tarjetas de cr\u00e9dito, aunque no est\u00e1 claro si se trata de datos aut\u00e9nticos.<\/p>\n<p>Todav\u00eda se desconoce la identidad del responsable de la filtraci\u00f3n. El propietario de la mencionada cuenta de Twitter se presenta como una persona activa en el \u00e1mbito de la investigaci\u00f3n de seguridad, del arte, de la s\u00e1tira y la iron\u00eda.<\/p>\n","protected":false},"excerpt":{"rendered":"<p>Berl\u00edn, 4 ene (dpa) &#8211; El Gobierno de Alemania confirm\u00f3 hoy que fueron filtrados en Internet los datos personales y documentos de cientos de pol\u00edticos y personalidades de la vida p\u00fablica. La filtraci\u00f3n afecta a \u00abtodos los estamentos\u00bb, es decir, a pol\u00edticos del Parlamento alem\u00e1n, del Parlamento europeo, de hemiciclos regionales e incluso a autoridades<\/p>\n","protected":false},"author":1,"featured_media":98518,"comment_status":"closed","ping_status":"closed","sticky":false,"template":"","format":"standard","meta":{"footnotes":""},"categories":[343],"tags":[],"class_list":{"0":"post-113447","1":"post","2":"type-post","3":"status-publish","4":"format-standard","5":"has-post-thumbnail","7":"category-actualidad"},"aioseo_notices":[],"aioseo_head":"\n\t\t<!-- All in One SEO Pro 4.9.6.2 - aioseo.com -->\n\t<meta name=\"description\" content=\"Berl\u00edn, 4 ene (dpa) - El Gobierno de Alemania confirm\u00f3 hoy que fueron filtrados en Internet los datos personales y documentos de cientos de pol\u00edticos y personalidades de la vida p\u00fablica. La filtraci\u00f3n afecta a &quot;todos los estamentos&quot;, es decir, a pol\u00edticos del Parlamento alem\u00e1n, del Parlamento europeo, de hemiciclos regionales e incluso a autoridades\" \/>\n\t<meta name=\"robots\" content=\"max-image-preview:large\" \/>\n\t<meta name=\"author\" content=\"Cand\u00e1s 365\"\/>\n\t<meta name=\"google-site-verification\" content=\"UA-32230408-1\" \/>\n\t<meta name=\"msvalidate.01\" content=\"354F3CDFB2DA171B47FBE9ABF1F88D5\" \/>\n\t<meta name=\"keywords\" content=\"actualidad\" \/>\n\t<link rel=\"canonical\" href=\"https:\/\/candas365.es\/noticias\/el-gobierno-aleman-confirma-la-filtracion-de-datos-cientos-de-politicos\/\" \/>\n\t<meta name=\"generator\" content=\"All in One SEO Pro (AIOSEO) 4.9.6.2\" \/>\n\t\t<meta property=\"og:locale\" content=\"es_ES\" \/>\n\t\t<meta property=\"og:site_name\" content=\"Cand\u00e1s 365\" \/>\n\t\t<meta property=\"og:type\" content=\"article\" \/>\n\t\t<meta property=\"og:title\" content=\"El Gobierno alem\u00e1n confirma la filtraci\u00f3n de datos cientos de pol\u00edticos | Cand\u00e1s 365\" \/>\n\t\t<meta property=\"og:description\" content=\"Berl\u00edn, 4 ene (dpa) - El Gobierno de Alemania confirm\u00f3 hoy que fueron filtrados en Internet los datos personales y documentos de cientos de pol\u00edticos y personalidades de la vida p\u00fablica. La filtraci\u00f3n afecta a &quot;todos los estamentos&quot;, es decir, a pol\u00edticos del Parlamento alem\u00e1n, del Parlamento europeo, de hemiciclos regionales e incluso a autoridades\" \/>\n\t\t<meta property=\"og:url\" content=\"https:\/\/candas365.es\/noticias\/el-gobierno-aleman-confirma-la-filtracion-de-datos-cientos-de-politicos\/\" \/>\n\t\t<meta property=\"og:image\" content=\"https:\/\/candas365.es\/noticias\/wp-content\/uploads\/2018\/06\/berlin-76509_960_720.jpg\" \/>\n\t\t<meta property=\"og:image:secure_url\" content=\"https:\/\/candas365.es\/noticias\/wp-content\/uploads\/2018\/06\/berlin-76509_960_720.jpg\" \/>\n\t\t<meta property=\"og:image:width\" content=\"960\" \/>\n\t\t<meta property=\"og:image:height\" content=\"720\" \/>\n\t\t<meta property=\"article:published_time\" content=\"2019-01-05T11:16:28+00:00\" \/>\n\t\t<meta property=\"article:modified_time\" content=\"2019-01-05T11:16:28+00:00\" \/>\n\t\t<meta property=\"article:publisher\" content=\"https:\/\/www.facebook.com\/Nachofdezber\" \/>\n\t\t<meta property=\"article:author\" content=\"https:\/\/www.facebook.com\/carrenoactualidad\" \/>\n\t\t<meta name=\"twitter:card\" content=\"summary_large_image\" \/>\n\t\t<meta name=\"twitter:site\" content=\"@NabercoDigital\" \/>\n\t\t<meta name=\"twitter:title\" content=\"El Gobierno alem\u00e1n confirma la filtraci\u00f3n de datos cientos de pol\u00edticos | Cand\u00e1s 365\" \/>\n\t\t<meta name=\"twitter:description\" content=\"Berl\u00edn, 4 ene (dpa) - El Gobierno de Alemania confirm\u00f3 hoy que fueron filtrados en Internet los datos personales y documentos de cientos de pol\u00edticos y personalidades de la vida p\u00fablica. La filtraci\u00f3n afecta a &quot;todos los estamentos&quot;, es decir, a pol\u00edticos del Parlamento alem\u00e1n, del Parlamento europeo, de hemiciclos regionales e incluso a autoridades\" \/>\n\t\t<meta name=\"twitter:creator\" content=\"@nbasturias\" \/>\n\t\t<meta name=\"twitter:image\" content=\"https:\/\/candas365.es\/noticias\/wp-content\/uploads\/2018\/06\/berlin-76509_960_720.jpg\" \/>\n\t\t<meta name=\"twitter:label1\" content=\"Escrito por\" \/>\n\t\t<meta name=\"twitter:data1\" content=\"Cand\u00e1s 365\" \/>\n\t\t<meta name=\"twitter:label2\" content=\"Tiempo de lectura estimado\" \/>\n\t\t<meta name=\"twitter:data2\" content=\"2 minutos\" \/>\n\t\t<script type=\"application\/ld+json\" class=\"aioseo-schema\">\n\t\t\t{\"@context\":\"https:\\\/\\\/schema.org\",\"@graph\":[{\"@type\":\"BreadcrumbList\",\"@id\":\"https:\\\/\\\/candas365.es\\\/noticias\\\/el-gobierno-aleman-confirma-la-filtracion-de-datos-cientos-de-politicos\\\/#breadcrumblist\",\"itemListElement\":[{\"@type\":\"ListItem\",\"@id\":\"https:\\\/\\\/candas365.es\\\/noticias#listItem\",\"position\":1,\"name\":\"Home\",\"item\":\"https:\\\/\\\/candas365.es\\\/noticias\",\"nextItem\":{\"@type\":\"ListItem\",\"@id\":\"https:\\\/\\\/candas365.es\\\/noticias\\\/category\\\/actualidad\\\/#listItem\",\"name\":\"Actualidad\"}},{\"@type\":\"ListItem\",\"@id\":\"https:\\\/\\\/candas365.es\\\/noticias\\\/category\\\/actualidad\\\/#listItem\",\"position\":2,\"name\":\"Actualidad\",\"item\":\"https:\\\/\\\/candas365.es\\\/noticias\\\/category\\\/actualidad\\\/\",\"nextItem\":{\"@type\":\"ListItem\",\"@id\":\"https:\\\/\\\/candas365.es\\\/noticias\\\/el-gobierno-aleman-confirma-la-filtracion-de-datos-cientos-de-politicos\\\/#listItem\",\"name\":\"El Gobierno alem\\u00e1n confirma la filtraci\\u00f3n de datos cientos de pol\\u00edticos\"},\"previousItem\":{\"@type\":\"ListItem\",\"@id\":\"https:\\\/\\\/candas365.es\\\/noticias#listItem\",\"name\":\"Home\"}},{\"@type\":\"ListItem\",\"@id\":\"https:\\\/\\\/candas365.es\\\/noticias\\\/el-gobierno-aleman-confirma-la-filtracion-de-datos-cientos-de-politicos\\\/#listItem\",\"position\":3,\"name\":\"El Gobierno alem\\u00e1n confirma la filtraci\\u00f3n de datos cientos de pol\\u00edticos\",\"previousItem\":{\"@type\":\"ListItem\",\"@id\":\"https:\\\/\\\/candas365.es\\\/noticias\\\/category\\\/actualidad\\\/#listItem\",\"name\":\"Actualidad\"}}]},{\"@type\":\"NewsArticle\",\"@id\":\"https:\\\/\\\/candas365.es\\\/noticias\\\/el-gobierno-aleman-confirma-la-filtracion-de-datos-cientos-de-politicos\\\/#newsarticle\",\"name\":\"El Gobierno alem\\u00e1n confirma la filtraci\\u00f3n de datos cientos de pol\\u00edticos | Cand\\u00e1s 365\",\"headline\":\"El Gobierno alem\\u00e1n confirma la filtraci\\u00f3n de datos cientos de pol\\u00edticos\",\"author\":{\"@id\":\"https:\\\/\\\/candas365.es\\\/noticias\\\/author\\\/admin\\\/#author\"},\"publisher\":{\"@id\":\"https:\\\/\\\/candas365.es\\\/noticias\\\/#organization\"},\"image\":{\"@type\":\"ImageObject\",\"url\":\"https:\\\/\\\/candas365.es\\\/noticias\\\/wp-content\\\/uploads\\\/2018\\\/06\\\/berlin-76509_960_720.jpg\",\"width\":960,\"height\":720},\"datePublished\":\"2019-01-05T11:16:28+01:00\",\"dateModified\":\"2019-01-05T11:16:28+01:00\",\"inLanguage\":\"es-ES\",\"mainEntityOfPage\":{\"@id\":\"https:\\\/\\\/candas365.es\\\/noticias\\\/el-gobierno-aleman-confirma-la-filtracion-de-datos-cientos-de-politicos\\\/#webpage\"},\"isPartOf\":{\"@id\":\"https:\\\/\\\/candas365.es\\\/noticias\\\/el-gobierno-aleman-confirma-la-filtracion-de-datos-cientos-de-politicos\\\/#webpage\"},\"articleSection\":\"Actualidad\",\"dateline\":\"Publicado el enero 5, 2019.\"},{\"@type\":\"Organization\",\"@id\":\"https:\\\/\\\/candas365.es\\\/noticias\\\/#organization\",\"name\":\"Cand\\u00e1s 365\",\"description\":\"Cand\\u00e1s 365 es un diario digital independiente, fundado en 2012, con base en Asturias. Informamos con rigor sobre actualidad, sociedad, cultura y ocio, con una mirada local y global.\",\"url\":\"https:\\\/\\\/candas365.es\\\/noticias\\\/\",\"email\":\"info@candas365.es\",\"telephone\":\"+34652131393\",\"foundingDate\":\"2012-06-10\",\"logo\":{\"@type\":\"ImageObject\",\"url\":\"https:\\\/\\\/candas365.es\\\/noticias\\\/wp-content\\\/uploads\\\/2024\\\/09\\\/Candas-365-Redes.jpg\",\"@id\":\"https:\\\/\\\/candas365.es\\\/noticias\\\/el-gobierno-aleman-confirma-la-filtracion-de-datos-cientos-de-politicos\\\/#organizationLogo\",\"width\":1152,\"height\":864,\"caption\":\"Cand\\u00e1s 365 Redes\"},\"image\":{\"@id\":\"https:\\\/\\\/candas365.es\\\/noticias\\\/el-gobierno-aleman-confirma-la-filtracion-de-datos-cientos-de-politicos\\\/#organizationLogo\"},\"sameAs\":[\"https:\\\/\\\/www.facebook.com\\\/Nachofdezber\",\"https:\\\/\\\/x.com\\\/NabercoDigital\",\"https:\\\/\\\/www.instagram.com\\\/nachofdezber\\\/\",\"https:\\\/\\\/www.youtube.com\\\/channel\\\/UCZP-2wLEB9Rv6erhFmqVnvg\"],\"address\":{\"@id\":\"https:\\\/\\\/candas365.es\\\/noticias\\\/#postaladdress\",\"@type\":\"PostalAddress\",\"streetAddress\":\"san antonio 4, san antonio 4\",\"postalCode\":\"33430\",\"addressLocality\":\"Cand\\u00e1s\",\"addressRegion\":\"Asturias\",\"addressCountry\":\"ES\"}},{\"@type\":\"Person\",\"@id\":\"https:\\\/\\\/candas365.es\\\/noticias\\\/author\\\/admin\\\/#author\",\"url\":\"https:\\\/\\\/candas365.es\\\/noticias\\\/author\\\/admin\\\/\",\"name\":\"Cand\\u00e1s 365\",\"image\":{\"@type\":\"ImageObject\",\"@id\":\"https:\\\/\\\/candas365.es\\\/noticias\\\/el-gobierno-aleman-confirma-la-filtracion-de-datos-cientos-de-politicos\\\/#authorImage\",\"url\":\"https:\\\/\\\/secure.gravatar.com\\\/avatar\\\/496a8e03d0c493ede1718b7934145dbdf8d89be1036b0eec9544e1094c9de390?s=96&d=mm&r=g\",\"width\":96,\"height\":96,\"caption\":\"Cand\\u00e1s 365\"},\"sameAs\":[\"https:\\\/\\\/www.facebook.com\\\/carrenoactualidad\",\"https:\\\/\\\/twitter.com\\\/nbasturias\",\"https:\\\/\\\/www.instagram.com\\\/nachofdezber\\\/\",\"https:\\\/\\\/www.youtube.com\\\/channel\\\/UCZP-2wLEB9Rv6erhFmqVnvg\"]},{\"@type\":\"WebPage\",\"@id\":\"https:\\\/\\\/candas365.es\\\/noticias\\\/el-gobierno-aleman-confirma-la-filtracion-de-datos-cientos-de-politicos\\\/#webpage\",\"url\":\"https:\\\/\\\/candas365.es\\\/noticias\\\/el-gobierno-aleman-confirma-la-filtracion-de-datos-cientos-de-politicos\\\/\",\"name\":\"El Gobierno alem\\u00e1n confirma la filtraci\\u00f3n de datos cientos de pol\\u00edticos | Cand\\u00e1s 365\",\"description\":\"Berl\\u00edn, 4 ene (dpa) - El Gobierno de Alemania confirm\\u00f3 hoy que fueron filtrados en Internet los datos personales y documentos de cientos de pol\\u00edticos y personalidades de la vida p\\u00fablica. La filtraci\\u00f3n afecta a \\\"todos los estamentos\\\", es decir, a pol\\u00edticos del Parlamento alem\\u00e1n, del Parlamento europeo, de hemiciclos regionales e incluso a autoridades\",\"inLanguage\":\"es-ES\",\"isPartOf\":{\"@id\":\"https:\\\/\\\/candas365.es\\\/noticias\\\/#website\"},\"breadcrumb\":{\"@id\":\"https:\\\/\\\/candas365.es\\\/noticias\\\/el-gobierno-aleman-confirma-la-filtracion-de-datos-cientos-de-politicos\\\/#breadcrumblist\"},\"author\":{\"@id\":\"https:\\\/\\\/candas365.es\\\/noticias\\\/author\\\/admin\\\/#author\"},\"creator\":{\"@id\":\"https:\\\/\\\/candas365.es\\\/noticias\\\/author\\\/admin\\\/#author\"},\"image\":{\"@type\":\"ImageObject\",\"url\":\"https:\\\/\\\/candas365.es\\\/noticias\\\/wp-content\\\/uploads\\\/2018\\\/06\\\/berlin-76509_960_720.jpg\",\"@id\":\"https:\\\/\\\/candas365.es\\\/noticias\\\/el-gobierno-aleman-confirma-la-filtracion-de-datos-cientos-de-politicos\\\/#mainImage\",\"width\":960,\"height\":720},\"primaryImageOfPage\":{\"@id\":\"https:\\\/\\\/candas365.es\\\/noticias\\\/el-gobierno-aleman-confirma-la-filtracion-de-datos-cientos-de-politicos\\\/#mainImage\"},\"datePublished\":\"2019-01-05T11:16:28+01:00\",\"dateModified\":\"2019-01-05T11:16:28+01:00\"},{\"@type\":\"WebSite\",\"@id\":\"https:\\\/\\\/candas365.es\\\/noticias\\\/#website\",\"url\":\"https:\\\/\\\/candas365.es\\\/noticias\\\/\",\"name\":\"Cand\\u00e1s 365\",\"alternateName\":\"Cand\\u00e1s 365 Noticias\",\"description\":\"Actualidad desde Carre\\u00f1o para el mundo\",\"inLanguage\":\"es-ES\",\"publisher\":{\"@id\":\"https:\\\/\\\/candas365.es\\\/noticias\\\/#organization\"}}]}\n\t\t<\/script>\n\t\t<!-- All in One SEO Pro -->\r\n\t\t<title>El Gobierno alem\u00e1n confirma la filtraci\u00f3n de datos cientos de pol\u00edticos | Cand\u00e1s 365<\/title>\n\n","aioseo_head_json":{"title":"El Gobierno alem\u00e1n confirma la filtraci\u00f3n de datos cientos de pol\u00edticos | Cand\u00e1s 365","description":"Berl\u00edn, 4 ene (dpa) - El Gobierno de Alemania confirm\u00f3 hoy que fueron filtrados en Internet los datos personales y documentos de cientos de pol\u00edticos y personalidades de la vida p\u00fablica. La filtraci\u00f3n afecta a \"todos los estamentos\", es decir, a pol\u00edticos del Parlamento alem\u00e1n, del Parlamento europeo, de hemiciclos regionales e incluso a autoridades","canonical_url":"https:\/\/candas365.es\/noticias\/el-gobierno-aleman-confirma-la-filtracion-de-datos-cientos-de-politicos\/","robots":"max-image-preview:large","keywords":"actualidad","webmasterTools":{"google-site-verification":"UA-32230408-1","msvalidate.01":"354F3CDFB2DA171B47FBE9ABF1F88D5","miscellaneous":""},"schema":{"@context":"https:\/\/schema.org","@graph":[{"@type":"BreadcrumbList","@id":"https:\/\/candas365.es\/noticias\/el-gobierno-aleman-confirma-la-filtracion-de-datos-cientos-de-politicos\/#breadcrumblist","itemListElement":[{"@type":"ListItem","@id":"https:\/\/candas365.es\/noticias#listItem","position":1,"name":"Home","item":"https:\/\/candas365.es\/noticias","nextItem":{"@type":"ListItem","@id":"https:\/\/candas365.es\/noticias\/category\/actualidad\/#listItem","name":"Actualidad"}},{"@type":"ListItem","@id":"https:\/\/candas365.es\/noticias\/category\/actualidad\/#listItem","position":2,"name":"Actualidad","item":"https:\/\/candas365.es\/noticias\/category\/actualidad\/","nextItem":{"@type":"ListItem","@id":"https:\/\/candas365.es\/noticias\/el-gobierno-aleman-confirma-la-filtracion-de-datos-cientos-de-politicos\/#listItem","name":"El Gobierno alem\u00e1n confirma la filtraci\u00f3n de datos cientos de pol\u00edticos"},"previousItem":{"@type":"ListItem","@id":"https:\/\/candas365.es\/noticias#listItem","name":"Home"}},{"@type":"ListItem","@id":"https:\/\/candas365.es\/noticias\/el-gobierno-aleman-confirma-la-filtracion-de-datos-cientos-de-politicos\/#listItem","position":3,"name":"El Gobierno alem\u00e1n confirma la filtraci\u00f3n de datos cientos de pol\u00edticos","previousItem":{"@type":"ListItem","@id":"https:\/\/candas365.es\/noticias\/category\/actualidad\/#listItem","name":"Actualidad"}}]},{"@type":"NewsArticle","@id":"https:\/\/candas365.es\/noticias\/el-gobierno-aleman-confirma-la-filtracion-de-datos-cientos-de-politicos\/#newsarticle","name":"El Gobierno alem\u00e1n confirma la filtraci\u00f3n de datos cientos de pol\u00edticos | Cand\u00e1s 365","headline":"El Gobierno alem\u00e1n confirma la filtraci\u00f3n de datos cientos de pol\u00edticos","author":{"@id":"https:\/\/candas365.es\/noticias\/author\/admin\/#author"},"publisher":{"@id":"https:\/\/candas365.es\/noticias\/#organization"},"image":{"@type":"ImageObject","url":"https:\/\/candas365.es\/noticias\/wp-content\/uploads\/2018\/06\/berlin-76509_960_720.jpg","width":960,"height":720},"datePublished":"2019-01-05T11:16:28+01:00","dateModified":"2019-01-05T11:16:28+01:00","inLanguage":"es-ES","mainEntityOfPage":{"@id":"https:\/\/candas365.es\/noticias\/el-gobierno-aleman-confirma-la-filtracion-de-datos-cientos-de-politicos\/#webpage"},"isPartOf":{"@id":"https:\/\/candas365.es\/noticias\/el-gobierno-aleman-confirma-la-filtracion-de-datos-cientos-de-politicos\/#webpage"},"articleSection":"Actualidad","dateline":"Publicado el enero 5, 2019."},{"@type":"Organization","@id":"https:\/\/candas365.es\/noticias\/#organization","name":"Cand\u00e1s 365","description":"Cand\u00e1s 365 es un diario digital independiente, fundado en 2012, con base en Asturias. Informamos con rigor sobre actualidad, sociedad, cultura y ocio, con una mirada local y global.","url":"https:\/\/candas365.es\/noticias\/","email":"info@candas365.es","telephone":"+34652131393","foundingDate":"2012-06-10","logo":{"@type":"ImageObject","url":"https:\/\/candas365.es\/noticias\/wp-content\/uploads\/2024\/09\/Candas-365-Redes.jpg","@id":"https:\/\/candas365.es\/noticias\/el-gobierno-aleman-confirma-la-filtracion-de-datos-cientos-de-politicos\/#organizationLogo","width":1152,"height":864,"caption":"Cand\u00e1s 365 Redes"},"image":{"@id":"https:\/\/candas365.es\/noticias\/el-gobierno-aleman-confirma-la-filtracion-de-datos-cientos-de-politicos\/#organizationLogo"},"sameAs":["https:\/\/www.facebook.com\/Nachofdezber","https:\/\/x.com\/NabercoDigital","https:\/\/www.instagram.com\/nachofdezber\/","https:\/\/www.youtube.com\/channel\/UCZP-2wLEB9Rv6erhFmqVnvg"],"address":{"@id":"https:\/\/candas365.es\/noticias\/#postaladdress","@type":"PostalAddress","streetAddress":"san antonio 4, san antonio 4","postalCode":"33430","addressLocality":"Cand\u00e1s","addressRegion":"Asturias","addressCountry":"ES"}},{"@type":"Person","@id":"https:\/\/candas365.es\/noticias\/author\/admin\/#author","url":"https:\/\/candas365.es\/noticias\/author\/admin\/","name":"Cand\u00e1s 365","image":{"@type":"ImageObject","@id":"https:\/\/candas365.es\/noticias\/el-gobierno-aleman-confirma-la-filtracion-de-datos-cientos-de-politicos\/#authorImage","url":"https:\/\/secure.gravatar.com\/avatar\/496a8e03d0c493ede1718b7934145dbdf8d89be1036b0eec9544e1094c9de390?s=96&d=mm&r=g","width":96,"height":96,"caption":"Cand\u00e1s 365"},"sameAs":["https:\/\/www.facebook.com\/carrenoactualidad","https:\/\/twitter.com\/nbasturias","https:\/\/www.instagram.com\/nachofdezber\/","https:\/\/www.youtube.com\/channel\/UCZP-2wLEB9Rv6erhFmqVnvg"]},{"@type":"WebPage","@id":"https:\/\/candas365.es\/noticias\/el-gobierno-aleman-confirma-la-filtracion-de-datos-cientos-de-politicos\/#webpage","url":"https:\/\/candas365.es\/noticias\/el-gobierno-aleman-confirma-la-filtracion-de-datos-cientos-de-politicos\/","name":"El Gobierno alem\u00e1n confirma la filtraci\u00f3n de datos cientos de pol\u00edticos | Cand\u00e1s 365","description":"Berl\u00edn, 4 ene (dpa) - El Gobierno de Alemania confirm\u00f3 hoy que fueron filtrados en Internet los datos personales y documentos de cientos de pol\u00edticos y personalidades de la vida p\u00fablica. La filtraci\u00f3n afecta a \"todos los estamentos\", es decir, a pol\u00edticos del Parlamento alem\u00e1n, del Parlamento europeo, de hemiciclos regionales e incluso a autoridades","inLanguage":"es-ES","isPartOf":{"@id":"https:\/\/candas365.es\/noticias\/#website"},"breadcrumb":{"@id":"https:\/\/candas365.es\/noticias\/el-gobierno-aleman-confirma-la-filtracion-de-datos-cientos-de-politicos\/#breadcrumblist"},"author":{"@id":"https:\/\/candas365.es\/noticias\/author\/admin\/#author"},"creator":{"@id":"https:\/\/candas365.es\/noticias\/author\/admin\/#author"},"image":{"@type":"ImageObject","url":"https:\/\/candas365.es\/noticias\/wp-content\/uploads\/2018\/06\/berlin-76509_960_720.jpg","@id":"https:\/\/candas365.es\/noticias\/el-gobierno-aleman-confirma-la-filtracion-de-datos-cientos-de-politicos\/#mainImage","width":960,"height":720},"primaryImageOfPage":{"@id":"https:\/\/candas365.es\/noticias\/el-gobierno-aleman-confirma-la-filtracion-de-datos-cientos-de-politicos\/#mainImage"},"datePublished":"2019-01-05T11:16:28+01:00","dateModified":"2019-01-05T11:16:28+01:00"},{"@type":"WebSite","@id":"https:\/\/candas365.es\/noticias\/#website","url":"https:\/\/candas365.es\/noticias\/","name":"Cand\u00e1s 365","alternateName":"Cand\u00e1s 365 Noticias","description":"Actualidad desde Carre\u00f1o para el mundo","inLanguage":"es-ES","publisher":{"@id":"https:\/\/candas365.es\/noticias\/#organization"}}]},"og:locale":"es_ES","og:site_name":"Cand\u00e1s 365","og:type":"article","og:title":"El Gobierno alem\u00e1n confirma la filtraci\u00f3n de datos cientos de pol\u00edticos | Cand\u00e1s 365","og:description":"Berl\u00edn, 4 ene (dpa) - El Gobierno de Alemania confirm\u00f3 hoy que fueron filtrados en Internet los datos personales y documentos de cientos de pol\u00edticos y personalidades de la vida p\u00fablica. La filtraci\u00f3n afecta a &quot;todos los estamentos&quot;, es decir, a pol\u00edticos del Parlamento alem\u00e1n, del Parlamento europeo, de hemiciclos regionales e incluso a autoridades","og:url":"https:\/\/candas365.es\/noticias\/el-gobierno-aleman-confirma-la-filtracion-de-datos-cientos-de-politicos\/","og:image":"https:\/\/candas365.es\/noticias\/wp-content\/uploads\/2018\/06\/berlin-76509_960_720.jpg","og:image:secure_url":"https:\/\/candas365.es\/noticias\/wp-content\/uploads\/2018\/06\/berlin-76509_960_720.jpg","og:image:width":960,"og:image:height":720,"article:published_time":"2019-01-05T11:16:28+00:00","article:modified_time":"2019-01-05T11:16:28+00:00","article:publisher":"https:\/\/www.facebook.com\/Nachofdezber","article:author":"https:\/\/www.facebook.com\/carrenoactualidad","twitter:card":"summary_large_image","twitter:site":"@NabercoDigital","twitter:title":"El Gobierno alem\u00e1n confirma la filtraci\u00f3n de datos cientos de pol\u00edticos | Cand\u00e1s 365","twitter:description":"Berl\u00edn, 4 ene (dpa) - El Gobierno de Alemania confirm\u00f3 hoy que fueron filtrados en Internet los datos personales y documentos de cientos de pol\u00edticos y personalidades de la vida p\u00fablica. La filtraci\u00f3n afecta a &quot;todos los estamentos&quot;, es decir, a pol\u00edticos del Parlamento alem\u00e1n, del Parlamento europeo, de hemiciclos regionales e incluso a autoridades","twitter:creator":"@nbasturias","twitter:image":"https:\/\/candas365.es\/noticias\/wp-content\/uploads\/2018\/06\/berlin-76509_960_720.jpg","twitter:label1":"Escrito por","twitter:data1":"Cand\u00e1s 365","twitter:label2":"Tiempo de lectura estimado","twitter:data2":"2 minutos"},"aioseo_meta_data":{"post_id":"113447","title":null,"description":null,"keywords":null,"keyphrases":null,"primary_term":null,"canonical_url":null,"og_title":null,"og_description":null,"og_object_type":"default","og_image_type":"default","og_image_url":null,"og_image_width":null,"og_image_height":null,"og_image_custom_url":null,"og_image_custom_fields":null,"og_video":null,"og_custom_url":null,"og_article_section":null,"og_article_tags":null,"twitter_use_og":false,"twitter_card":"default","twitter_image_type":"default","twitter_image_url":null,"twitter_image_custom_url":null,"twitter_image_custom_fields":null,"twitter_title":null,"twitter_description":null,"schema":{"blockGraphs":[],"customGraphs":[],"default":{"data":{"Article":[],"Course":[],"Dataset":[],"FAQPage":[],"Movie":[],"Person":[],"Product":[],"ProductReview":[],"Car":[],"Recipe":[],"Service":[],"SoftwareApplication":[],"WebPage":[]},"graphName":"","isEnabled":true},"graphs":[],"defaultGraph":"","defaultPostTypeGraph":""},"schema_type":null,"schema_type_options":null,"pillar_content":false,"robots_default":true,"robots_noindex":false,"robots_noarchive":false,"robots_nosnippet":false,"robots_nofollow":false,"robots_noimageindex":false,"robots_noodp":false,"robots_notranslate":false,"robots_max_snippet":null,"robots_max_videopreview":null,"robots_max_imagepreview":"large","priority":null,"frequency":null,"location":null,"local_seo":null,"seo_analyzer_scan_date":"2025-08-28 21:23:23","breadcrumb_settings":null,"limit_modified_date":false,"reviewed_by":null,"open_ai":null,"ai":null,"created":"2020-12-21 11:28:55","updated":"2025-08-28 21:23:23"},"aioseo_breadcrumb":"<div class=\"aioseo-breadcrumbs\"><span class=\"aioseo-breadcrumb\">\n\t<a href=\"https:\/\/candas365.es\/noticias\" title=\"Home\">Home<\/a>\n<\/span><span class=\"aioseo-breadcrumb-separator\">&ndash;<\/span><span class=\"aioseo-breadcrumb\">\n\t<a href=\"https:\/\/candas365.es\/noticias\/category\/actualidad\/\" title=\"Actualidad\">Actualidad<\/a>\n<\/span><span class=\"aioseo-breadcrumb-separator\">&ndash;<\/span><span class=\"aioseo-breadcrumb\">\n\tEl Gobierno alem\u00e1n confirma la filtraci\u00f3n de datos cientos de pol\u00edticos\n<\/span><\/div>","aioseo_breadcrumb_json":[{"label":"Home","link":"https:\/\/candas365.es\/noticias"},{"label":"Actualidad","link":"https:\/\/candas365.es\/noticias\/category\/actualidad\/"},{"label":"El Gobierno alem\u00e1n confirma la filtraci\u00f3n de datos cientos de pol\u00edticos","link":"https:\/\/candas365.es\/noticias\/el-gobierno-aleman-confirma-la-filtracion-de-datos-cientos-de-politicos\/"}],"_links":{"self":[{"href":"https:\/\/candas365.es\/noticias\/wp-json\/wp\/v2\/posts\/113447","targetHints":{"allow":["GET"]}}],"collection":[{"href":"https:\/\/candas365.es\/noticias\/wp-json\/wp\/v2\/posts"}],"about":[{"href":"https:\/\/candas365.es\/noticias\/wp-json\/wp\/v2\/types\/post"}],"author":[{"embeddable":true,"href":"https:\/\/candas365.es\/noticias\/wp-json\/wp\/v2\/users\/1"}],"replies":[{"embeddable":true,"href":"https:\/\/candas365.es\/noticias\/wp-json\/wp\/v2\/comments?post=113447"}],"version-history":[{"count":0,"href":"https:\/\/candas365.es\/noticias\/wp-json\/wp\/v2\/posts\/113447\/revisions"}],"wp:featuredmedia":[{"embeddable":true,"href":"https:\/\/candas365.es\/noticias\/wp-json\/wp\/v2\/media\/98518"}],"wp:attachment":[{"href":"https:\/\/candas365.es\/noticias\/wp-json\/wp\/v2\/media?parent=113447"}],"wp:term":[{"taxonomy":"category","embeddable":true,"href":"https:\/\/candas365.es\/noticias\/wp-json\/wp\/v2\/categories?post=113447"},{"taxonomy":"post_tag","embeddable":true,"href":"https:\/\/candas365.es\/noticias\/wp-json\/wp\/v2\/tags?post=113447"}],"curies":[{"name":"wp","href":"https:\/\/api.w.org\/{rel}","templated":true}]}}