{"id":113439,"date":"2019-01-05T10:58:22","date_gmt":"2019-01-05T10:58:22","guid":{"rendered":"http:\/\/candas365.es\/noticias\/?p=113439"},"modified":"2019-01-05T11:04:43","modified_gmt":"2019-01-05T11:04:43","slug":"el-dortmund-viaja-a-marbella-para-preparar-la-segunda-fase-liguera","status":"publish","type":"post","link":"https:\/\/candas365.es\/noticias\/el-dortmund-viaja-a-marbella-para-preparar-la-segunda-fase-liguera\/","title":{"rendered":"El Dortmund viaja a Marbella para preparar la segunda fase liguera"},"content":{"rendered":"<figure id=\"attachment_113442\" aria-describedby=\"caption-attachment-113442\" style=\"width: 360px\" class=\"wp-caption alignleft\"><img fetchpriority=\"high\" decoding=\"async\" class=\"wp-image-113442 size-medium\" src=\"https:\/\/candas365.es\/noticias\/wp-content\/uploads\/2019\/01\/Dormunt-a-Marbella-360x229.jpg\" alt=\"\" width=\"360\" height=\"229\" srcset=\"https:\/\/candas365.es\/noticias\/wp-content\/uploads\/2019\/01\/Dormunt-a-Marbella-360x229.jpg 360w, https:\/\/candas365.es\/noticias\/wp-content\/uploads\/2019\/01\/Dormunt-a-Marbella-768x488.jpg 768w, https:\/\/candas365.es\/noticias\/wp-content\/uploads\/2019\/01\/Dormunt-a-Marbella-655x416.jpg 655w, https:\/\/candas365.es\/noticias\/wp-content\/uploads\/2019\/01\/Dormunt-a-Marbella-696x442.jpg 696w, https:\/\/candas365.es\/noticias\/wp-content\/uploads\/2019\/01\/Dormunt-a-Marbella-661x420.jpg 661w, https:\/\/candas365.es\/noticias\/wp-content\/uploads\/2019\/01\/Dormunt-a-Marbella.jpg 974w\" sizes=\"(max-width: 360px) 100vw, 360px\" \/><figcaption id=\"caption-attachment-113442\" class=\"wp-caption-text\">Foto: David Inderlied\/dpa<\/figcaption><\/figure>\n<p>Marbella (Espa\u00f1a), 4 ene (dpa) &#8211; El actual puntero de la Bundesliga, Borussia Dortmund, viaj\u00f3 hoy a la localidad espa\u00f1ola de Marbella para llevar a cabo su concentraci\u00f3n invernal (boreal) de cara a la segunda ronda del campeonato.<\/p>\n<p>El gran ausente en las filas del campe\u00f3n invernal de la Bundesliga es el defensor suizo Manuel Akanji, que sufri\u00f3 una lesi\u00f3n de aductores el pasado 18 de diciembre en la \u00fanica derrota de la temporada liguera sufrida ante el Fortuna D\u00fcsseldorf por 2-1.<\/p>\n<p>Es posible que el jugador tenga que pasar por el quir\u00f3fano para tratar sus dolencias. Tampoco viaj\u00f3 a Espa\u00f1a Jadon Sancho debido a razones familiares.<\/p>\n<p>Por otro lado, s\u00ed se desplazaron los jugadores recientemente lesionados y ya recuperados Abdou Diallo (distensi\u00f3n), Paco Alc\u00e1cer (rotura de fibras) y Dan-Axel Zagadou (esguince).<\/p>\n<p>El Borussia Dortmund, que encabeza la tabla de la Bundesliga con seis puntos de ventaja sobre el campe\u00f3n defensor Bayern M\u00fanich, preparar\u00e1 la segunda mitad de la temporada en el sur de Espa\u00f1a hasta el 12 de enero. Una semana despu\u00e9s, el s\u00e1bado 19 de enero, retornar\u00e1 la competici\u00f3n para el Dortmund con el partido en la cancha del Leipzig.<\/p>\n","protected":false},"excerpt":{"rendered":"<p>Marbella (Espa\u00f1a), 4 ene (dpa) &#8211; El actual puntero de la Bundesliga, Borussia Dortmund, viaj\u00f3 hoy a la localidad espa\u00f1ola de Marbella para llevar a cabo su concentraci\u00f3n invernal (boreal) de cara a la segunda ronda del campeonato. El gran ausente en las filas del campe\u00f3n invernal de la Bundesliga es el defensor suizo Manuel<\/p>\n","protected":false},"author":1,"featured_media":113442,"comment_status":"closed","ping_status":"closed","sticky":false,"template":"","format":"standard","meta":{"footnotes":""},"categories":[319],"tags":[],"class_list":{"0":"post-113439","1":"post","2":"type-post","3":"status-publish","4":"format-standard","5":"has-post-thumbnail","7":"category-deporte"},"aioseo_notices":[],"aioseo_head":"\n\t\t<!-- All in One SEO Pro 4.9.6.2 - aioseo.com -->\n\t<meta name=\"description\" content=\"Marbella (Espa\u00f1a), 4 ene (dpa) - El actual puntero de la Bundesliga, Borussia Dortmund, viaj\u00f3 hoy a la localidad espa\u00f1ola de Marbella para llevar a cabo su concentraci\u00f3n invernal (boreal) de cara a la segunda ronda del campeonato. El gran ausente en las filas del campe\u00f3n invernal de la Bundesliga es el defensor suizo Manuel\" \/>\n\t<meta name=\"robots\" content=\"max-image-preview:large\" \/>\n\t<meta name=\"author\" content=\"Cand\u00e1s 365\"\/>\n\t<meta name=\"google-site-verification\" content=\"UA-32230408-1\" \/>\n\t<meta name=\"msvalidate.01\" content=\"354F3CDFB2DA171B47FBE9ABF1F88D5\" \/>\n\t<meta name=\"keywords\" content=\"deporte\" \/>\n\t<link rel=\"canonical\" href=\"https:\/\/candas365.es\/noticias\/el-dortmund-viaja-a-marbella-para-preparar-la-segunda-fase-liguera\/\" \/>\n\t<meta name=\"generator\" content=\"All in One SEO Pro (AIOSEO) 4.9.6.2\" \/>\n\t\t<meta property=\"og:locale\" content=\"es_ES\" \/>\n\t\t<meta property=\"og:site_name\" content=\"Cand\u00e1s 365\" \/>\n\t\t<meta property=\"og:type\" content=\"article\" \/>\n\t\t<meta property=\"og:title\" content=\"El Dortmund viaja a Marbella para preparar la segunda fase liguera | Cand\u00e1s 365\" \/>\n\t\t<meta property=\"og:description\" content=\"Marbella (Espa\u00f1a), 4 ene (dpa) - El actual puntero de la Bundesliga, Borussia Dortmund, viaj\u00f3 hoy a la localidad espa\u00f1ola de Marbella para llevar a cabo su concentraci\u00f3n invernal (boreal) de cara a la segunda ronda del campeonato. El gran ausente en las filas del campe\u00f3n invernal de la Bundesliga es el defensor suizo Manuel\" \/>\n\t\t<meta property=\"og:url\" content=\"https:\/\/candas365.es\/noticias\/el-dortmund-viaja-a-marbella-para-preparar-la-segunda-fase-liguera\/\" \/>\n\t\t<meta property=\"og:image\" content=\"https:\/\/candas365.es\/noticias\/wp-content\/uploads\/2019\/01\/Dormunt-a-Marbella.jpg\" \/>\n\t\t<meta property=\"og:image:secure_url\" content=\"https:\/\/candas365.es\/noticias\/wp-content\/uploads\/2019\/01\/Dormunt-a-Marbella.jpg\" \/>\n\t\t<meta property=\"og:image:width\" content=\"974\" \/>\n\t\t<meta property=\"og:image:height\" content=\"619\" \/>\n\t\t<meta property=\"article:published_time\" content=\"2019-01-05T10:58:22+00:00\" \/>\n\t\t<meta property=\"article:modified_time\" content=\"2019-01-05T11:04:43+00:00\" \/>\n\t\t<meta property=\"article:publisher\" content=\"https:\/\/www.facebook.com\/Nachofdezber\" \/>\n\t\t<meta property=\"article:author\" content=\"https:\/\/www.facebook.com\/carrenoactualidad\" \/>\n\t\t<meta name=\"twitter:card\" content=\"summary_large_image\" \/>\n\t\t<meta name=\"twitter:site\" content=\"@NabercoDigital\" \/>\n\t\t<meta name=\"twitter:title\" content=\"El Dortmund viaja a Marbella para preparar la segunda fase liguera | Cand\u00e1s 365\" \/>\n\t\t<meta name=\"twitter:description\" content=\"Marbella (Espa\u00f1a), 4 ene (dpa) - El actual puntero de la Bundesliga, Borussia Dortmund, viaj\u00f3 hoy a la localidad espa\u00f1ola de Marbella para llevar a cabo su concentraci\u00f3n invernal (boreal) de cara a la segunda ronda del campeonato. El gran ausente en las filas del campe\u00f3n invernal de la Bundesliga es el defensor suizo Manuel\" \/>\n\t\t<meta name=\"twitter:creator\" content=\"@nbasturias\" \/>\n\t\t<meta name=\"twitter:image\" content=\"https:\/\/candas365.es\/noticias\/wp-content\/uploads\/2019\/01\/Dormunt-a-Marbella.jpg\" \/>\n\t\t<meta name=\"twitter:label1\" content=\"Escrito por\" \/>\n\t\t<meta name=\"twitter:data1\" content=\"Cand\u00e1s 365\" \/>\n\t\t<meta name=\"twitter:label2\" content=\"Tiempo de lectura estimado\" \/>\n\t\t<meta name=\"twitter:data2\" content=\"1 minuto\" \/>\n\t\t<script type=\"application\/ld+json\" class=\"aioseo-schema\">\n\t\t\t{\"@context\":\"https:\\\/\\\/schema.org\",\"@graph\":[{\"@type\":\"BreadcrumbList\",\"@id\":\"https:\\\/\\\/candas365.es\\\/noticias\\\/el-dortmund-viaja-a-marbella-para-preparar-la-segunda-fase-liguera\\\/#breadcrumblist\",\"itemListElement\":[{\"@type\":\"ListItem\",\"@id\":\"https:\\\/\\\/candas365.es\\\/noticias#listItem\",\"position\":1,\"name\":\"Home\",\"item\":\"https:\\\/\\\/candas365.es\\\/noticias\",\"nextItem\":{\"@type\":\"ListItem\",\"@id\":\"https:\\\/\\\/candas365.es\\\/noticias\\\/category\\\/deporte\\\/#listItem\",\"name\":\"Deporte\"}},{\"@type\":\"ListItem\",\"@id\":\"https:\\\/\\\/candas365.es\\\/noticias\\\/category\\\/deporte\\\/#listItem\",\"position\":2,\"name\":\"Deporte\",\"item\":\"https:\\\/\\\/candas365.es\\\/noticias\\\/category\\\/deporte\\\/\",\"nextItem\":{\"@type\":\"ListItem\",\"@id\":\"https:\\\/\\\/candas365.es\\\/noticias\\\/el-dortmund-viaja-a-marbella-para-preparar-la-segunda-fase-liguera\\\/#listItem\",\"name\":\"El Dortmund viaja a Marbella para preparar la segunda fase liguera\"},\"previousItem\":{\"@type\":\"ListItem\",\"@id\":\"https:\\\/\\\/candas365.es\\\/noticias#listItem\",\"name\":\"Home\"}},{\"@type\":\"ListItem\",\"@id\":\"https:\\\/\\\/candas365.es\\\/noticias\\\/el-dortmund-viaja-a-marbella-para-preparar-la-segunda-fase-liguera\\\/#listItem\",\"position\":3,\"name\":\"El Dortmund viaja a Marbella para preparar la segunda fase liguera\",\"previousItem\":{\"@type\":\"ListItem\",\"@id\":\"https:\\\/\\\/candas365.es\\\/noticias\\\/category\\\/deporte\\\/#listItem\",\"name\":\"Deporte\"}}]},{\"@type\":\"NewsArticle\",\"@id\":\"https:\\\/\\\/candas365.es\\\/noticias\\\/el-dortmund-viaja-a-marbella-para-preparar-la-segunda-fase-liguera\\\/#newsarticle\",\"name\":\"El Dortmund viaja a Marbella para preparar la segunda fase liguera | Cand\\u00e1s 365\",\"headline\":\"El Dortmund viaja a Marbella para preparar la segunda fase liguera\",\"author\":{\"@id\":\"https:\\\/\\\/candas365.es\\\/noticias\\\/author\\\/admin\\\/#author\"},\"publisher\":{\"@id\":\"https:\\\/\\\/candas365.es\\\/noticias\\\/#organization\"},\"image\":{\"@type\":\"ImageObject\",\"url\":\"https:\\\/\\\/candas365.es\\\/noticias\\\/wp-content\\\/uploads\\\/2019\\\/01\\\/Dormunt-a-Marbella.jpg\",\"width\":974,\"height\":619,\"caption\":\"Foto: David Inderlied\\\/dpa\"},\"datePublished\":\"2019-01-05T10:58:22+01:00\",\"dateModified\":\"2019-01-05T11:04:43+01:00\",\"inLanguage\":\"es-ES\",\"mainEntityOfPage\":{\"@id\":\"https:\\\/\\\/candas365.es\\\/noticias\\\/el-dortmund-viaja-a-marbella-para-preparar-la-segunda-fase-liguera\\\/#webpage\"},\"isPartOf\":{\"@id\":\"https:\\\/\\\/candas365.es\\\/noticias\\\/el-dortmund-viaja-a-marbella-para-preparar-la-segunda-fase-liguera\\\/#webpage\"},\"articleSection\":\"Deporte\",\"dateline\":\"Publicado el enero 5, 2019.\"},{\"@type\":\"Organization\",\"@id\":\"https:\\\/\\\/candas365.es\\\/noticias\\\/#organization\",\"name\":\"Cand\\u00e1s 365\",\"description\":\"Cand\\u00e1s 365 es un diario digital independiente, fundado en 2012, con base en Asturias. Informamos con rigor sobre actualidad, sociedad, cultura y ocio, con una mirada local y global.\",\"url\":\"https:\\\/\\\/candas365.es\\\/noticias\\\/\",\"email\":\"info@candas365.es\",\"telephone\":\"+34652131393\",\"foundingDate\":\"2012-06-10\",\"logo\":{\"@type\":\"ImageObject\",\"url\":\"https:\\\/\\\/candas365.es\\\/noticias\\\/wp-content\\\/uploads\\\/2024\\\/09\\\/Candas-365-Redes.jpg\",\"@id\":\"https:\\\/\\\/candas365.es\\\/noticias\\\/el-dortmund-viaja-a-marbella-para-preparar-la-segunda-fase-liguera\\\/#organizationLogo\",\"width\":1152,\"height\":864,\"caption\":\"Cand\\u00e1s 365 Redes\"},\"image\":{\"@id\":\"https:\\\/\\\/candas365.es\\\/noticias\\\/el-dortmund-viaja-a-marbella-para-preparar-la-segunda-fase-liguera\\\/#organizationLogo\"},\"sameAs\":[\"https:\\\/\\\/www.facebook.com\\\/Nachofdezber\",\"https:\\\/\\\/x.com\\\/NabercoDigital\",\"https:\\\/\\\/www.instagram.com\\\/nachofdezber\\\/\",\"https:\\\/\\\/www.youtube.com\\\/channel\\\/UCZP-2wLEB9Rv6erhFmqVnvg\"],\"address\":{\"@id\":\"https:\\\/\\\/candas365.es\\\/noticias\\\/#postaladdress\",\"@type\":\"PostalAddress\",\"streetAddress\":\"san antonio 4, san antonio 4\",\"postalCode\":\"33430\",\"addressLocality\":\"Cand\\u00e1s\",\"addressRegion\":\"Asturias\",\"addressCountry\":\"ES\"}},{\"@type\":\"Person\",\"@id\":\"https:\\\/\\\/candas365.es\\\/noticias\\\/author\\\/admin\\\/#author\",\"url\":\"https:\\\/\\\/candas365.es\\\/noticias\\\/author\\\/admin\\\/\",\"name\":\"Cand\\u00e1s 365\",\"image\":{\"@type\":\"ImageObject\",\"@id\":\"https:\\\/\\\/candas365.es\\\/noticias\\\/el-dortmund-viaja-a-marbella-para-preparar-la-segunda-fase-liguera\\\/#authorImage\",\"url\":\"https:\\\/\\\/secure.gravatar.com\\\/avatar\\\/496a8e03d0c493ede1718b7934145dbdf8d89be1036b0eec9544e1094c9de390?s=96&d=mm&r=g\",\"width\":96,\"height\":96,\"caption\":\"Cand\\u00e1s 365\"},\"sameAs\":[\"https:\\\/\\\/www.facebook.com\\\/carrenoactualidad\",\"https:\\\/\\\/twitter.com\\\/nbasturias\",\"https:\\\/\\\/www.instagram.com\\\/nachofdezber\\\/\",\"https:\\\/\\\/www.youtube.com\\\/channel\\\/UCZP-2wLEB9Rv6erhFmqVnvg\"]},{\"@type\":\"WebPage\",\"@id\":\"https:\\\/\\\/candas365.es\\\/noticias\\\/el-dortmund-viaja-a-marbella-para-preparar-la-segunda-fase-liguera\\\/#webpage\",\"url\":\"https:\\\/\\\/candas365.es\\\/noticias\\\/el-dortmund-viaja-a-marbella-para-preparar-la-segunda-fase-liguera\\\/\",\"name\":\"El Dortmund viaja a Marbella para preparar la segunda fase liguera | Cand\\u00e1s 365\",\"description\":\"Marbella (Espa\\u00f1a), 4 ene (dpa) - El actual puntero de la Bundesliga, Borussia Dortmund, viaj\\u00f3 hoy a la localidad espa\\u00f1ola de Marbella para llevar a cabo su concentraci\\u00f3n invernal (boreal) de cara a la segunda ronda del campeonato. El gran ausente en las filas del campe\\u00f3n invernal de la Bundesliga es el defensor suizo Manuel\",\"inLanguage\":\"es-ES\",\"isPartOf\":{\"@id\":\"https:\\\/\\\/candas365.es\\\/noticias\\\/#website\"},\"breadcrumb\":{\"@id\":\"https:\\\/\\\/candas365.es\\\/noticias\\\/el-dortmund-viaja-a-marbella-para-preparar-la-segunda-fase-liguera\\\/#breadcrumblist\"},\"author\":{\"@id\":\"https:\\\/\\\/candas365.es\\\/noticias\\\/author\\\/admin\\\/#author\"},\"creator\":{\"@id\":\"https:\\\/\\\/candas365.es\\\/noticias\\\/author\\\/admin\\\/#author\"},\"image\":{\"@type\":\"ImageObject\",\"url\":\"https:\\\/\\\/candas365.es\\\/noticias\\\/wp-content\\\/uploads\\\/2019\\\/01\\\/Dormunt-a-Marbella.jpg\",\"@id\":\"https:\\\/\\\/candas365.es\\\/noticias\\\/el-dortmund-viaja-a-marbella-para-preparar-la-segunda-fase-liguera\\\/#mainImage\",\"width\":974,\"height\":619,\"caption\":\"Foto: David Inderlied\\\/dpa\"},\"primaryImageOfPage\":{\"@id\":\"https:\\\/\\\/candas365.es\\\/noticias\\\/el-dortmund-viaja-a-marbella-para-preparar-la-segunda-fase-liguera\\\/#mainImage\"},\"datePublished\":\"2019-01-05T10:58:22+01:00\",\"dateModified\":\"2019-01-05T11:04:43+01:00\"},{\"@type\":\"WebSite\",\"@id\":\"https:\\\/\\\/candas365.es\\\/noticias\\\/#website\",\"url\":\"https:\\\/\\\/candas365.es\\\/noticias\\\/\",\"name\":\"Cand\\u00e1s 365\",\"alternateName\":\"Cand\\u00e1s 365 Noticias\",\"description\":\"Actualidad desde Carre\\u00f1o para el mundo\",\"inLanguage\":\"es-ES\",\"publisher\":{\"@id\":\"https:\\\/\\\/candas365.es\\\/noticias\\\/#organization\"}}]}\n\t\t<\/script>\n\t\t<!-- All in One SEO Pro -->\r\n\t\t<title>El Dortmund viaja a Marbella para preparar la segunda fase liguera | Cand\u00e1s 365<\/title>\n\n","aioseo_head_json":{"title":"El Dortmund viaja a Marbella para preparar la segunda fase liguera | Cand\u00e1s 365","description":"Marbella (Espa\u00f1a), 4 ene (dpa) - El actual puntero de la Bundesliga, Borussia Dortmund, viaj\u00f3 hoy a la localidad espa\u00f1ola de Marbella para llevar a cabo su concentraci\u00f3n invernal (boreal) de cara a la segunda ronda del campeonato. El gran ausente en las filas del campe\u00f3n invernal de la Bundesliga es el defensor suizo Manuel","canonical_url":"https:\/\/candas365.es\/noticias\/el-dortmund-viaja-a-marbella-para-preparar-la-segunda-fase-liguera\/","robots":"max-image-preview:large","keywords":"deporte","webmasterTools":{"google-site-verification":"UA-32230408-1","msvalidate.01":"354F3CDFB2DA171B47FBE9ABF1F88D5","miscellaneous":""},"schema":{"@context":"https:\/\/schema.org","@graph":[{"@type":"BreadcrumbList","@id":"https:\/\/candas365.es\/noticias\/el-dortmund-viaja-a-marbella-para-preparar-la-segunda-fase-liguera\/#breadcrumblist","itemListElement":[{"@type":"ListItem","@id":"https:\/\/candas365.es\/noticias#listItem","position":1,"name":"Home","item":"https:\/\/candas365.es\/noticias","nextItem":{"@type":"ListItem","@id":"https:\/\/candas365.es\/noticias\/category\/deporte\/#listItem","name":"Deporte"}},{"@type":"ListItem","@id":"https:\/\/candas365.es\/noticias\/category\/deporte\/#listItem","position":2,"name":"Deporte","item":"https:\/\/candas365.es\/noticias\/category\/deporte\/","nextItem":{"@type":"ListItem","@id":"https:\/\/candas365.es\/noticias\/el-dortmund-viaja-a-marbella-para-preparar-la-segunda-fase-liguera\/#listItem","name":"El Dortmund viaja a Marbella para preparar la segunda fase liguera"},"previousItem":{"@type":"ListItem","@id":"https:\/\/candas365.es\/noticias#listItem","name":"Home"}},{"@type":"ListItem","@id":"https:\/\/candas365.es\/noticias\/el-dortmund-viaja-a-marbella-para-preparar-la-segunda-fase-liguera\/#listItem","position":3,"name":"El Dortmund viaja a Marbella para preparar la segunda fase liguera","previousItem":{"@type":"ListItem","@id":"https:\/\/candas365.es\/noticias\/category\/deporte\/#listItem","name":"Deporte"}}]},{"@type":"NewsArticle","@id":"https:\/\/candas365.es\/noticias\/el-dortmund-viaja-a-marbella-para-preparar-la-segunda-fase-liguera\/#newsarticle","name":"El Dortmund viaja a Marbella para preparar la segunda fase liguera | Cand\u00e1s 365","headline":"El Dortmund viaja a Marbella para preparar la segunda fase liguera","author":{"@id":"https:\/\/candas365.es\/noticias\/author\/admin\/#author"},"publisher":{"@id":"https:\/\/candas365.es\/noticias\/#organization"},"image":{"@type":"ImageObject","url":"https:\/\/candas365.es\/noticias\/wp-content\/uploads\/2019\/01\/Dormunt-a-Marbella.jpg","width":974,"height":619,"caption":"Foto: David Inderlied\/dpa"},"datePublished":"2019-01-05T10:58:22+01:00","dateModified":"2019-01-05T11:04:43+01:00","inLanguage":"es-ES","mainEntityOfPage":{"@id":"https:\/\/candas365.es\/noticias\/el-dortmund-viaja-a-marbella-para-preparar-la-segunda-fase-liguera\/#webpage"},"isPartOf":{"@id":"https:\/\/candas365.es\/noticias\/el-dortmund-viaja-a-marbella-para-preparar-la-segunda-fase-liguera\/#webpage"},"articleSection":"Deporte","dateline":"Publicado el enero 5, 2019."},{"@type":"Organization","@id":"https:\/\/candas365.es\/noticias\/#organization","name":"Cand\u00e1s 365","description":"Cand\u00e1s 365 es un diario digital independiente, fundado en 2012, con base en Asturias. Informamos con rigor sobre actualidad, sociedad, cultura y ocio, con una mirada local y global.","url":"https:\/\/candas365.es\/noticias\/","email":"info@candas365.es","telephone":"+34652131393","foundingDate":"2012-06-10","logo":{"@type":"ImageObject","url":"https:\/\/candas365.es\/noticias\/wp-content\/uploads\/2024\/09\/Candas-365-Redes.jpg","@id":"https:\/\/candas365.es\/noticias\/el-dortmund-viaja-a-marbella-para-preparar-la-segunda-fase-liguera\/#organizationLogo","width":1152,"height":864,"caption":"Cand\u00e1s 365 Redes"},"image":{"@id":"https:\/\/candas365.es\/noticias\/el-dortmund-viaja-a-marbella-para-preparar-la-segunda-fase-liguera\/#organizationLogo"},"sameAs":["https:\/\/www.facebook.com\/Nachofdezber","https:\/\/x.com\/NabercoDigital","https:\/\/www.instagram.com\/nachofdezber\/","https:\/\/www.youtube.com\/channel\/UCZP-2wLEB9Rv6erhFmqVnvg"],"address":{"@id":"https:\/\/candas365.es\/noticias\/#postaladdress","@type":"PostalAddress","streetAddress":"san antonio 4, san antonio 4","postalCode":"33430","addressLocality":"Cand\u00e1s","addressRegion":"Asturias","addressCountry":"ES"}},{"@type":"Person","@id":"https:\/\/candas365.es\/noticias\/author\/admin\/#author","url":"https:\/\/candas365.es\/noticias\/author\/admin\/","name":"Cand\u00e1s 365","image":{"@type":"ImageObject","@id":"https:\/\/candas365.es\/noticias\/el-dortmund-viaja-a-marbella-para-preparar-la-segunda-fase-liguera\/#authorImage","url":"https:\/\/secure.gravatar.com\/avatar\/496a8e03d0c493ede1718b7934145dbdf8d89be1036b0eec9544e1094c9de390?s=96&d=mm&r=g","width":96,"height":96,"caption":"Cand\u00e1s 365"},"sameAs":["https:\/\/www.facebook.com\/carrenoactualidad","https:\/\/twitter.com\/nbasturias","https:\/\/www.instagram.com\/nachofdezber\/","https:\/\/www.youtube.com\/channel\/UCZP-2wLEB9Rv6erhFmqVnvg"]},{"@type":"WebPage","@id":"https:\/\/candas365.es\/noticias\/el-dortmund-viaja-a-marbella-para-preparar-la-segunda-fase-liguera\/#webpage","url":"https:\/\/candas365.es\/noticias\/el-dortmund-viaja-a-marbella-para-preparar-la-segunda-fase-liguera\/","name":"El Dortmund viaja a Marbella para preparar la segunda fase liguera | Cand\u00e1s 365","description":"Marbella (Espa\u00f1a), 4 ene (dpa) - El actual puntero de la Bundesliga, Borussia Dortmund, viaj\u00f3 hoy a la localidad espa\u00f1ola de Marbella para llevar a cabo su concentraci\u00f3n invernal (boreal) de cara a la segunda ronda del campeonato. El gran ausente en las filas del campe\u00f3n invernal de la Bundesliga es el defensor suizo Manuel","inLanguage":"es-ES","isPartOf":{"@id":"https:\/\/candas365.es\/noticias\/#website"},"breadcrumb":{"@id":"https:\/\/candas365.es\/noticias\/el-dortmund-viaja-a-marbella-para-preparar-la-segunda-fase-liguera\/#breadcrumblist"},"author":{"@id":"https:\/\/candas365.es\/noticias\/author\/admin\/#author"},"creator":{"@id":"https:\/\/candas365.es\/noticias\/author\/admin\/#author"},"image":{"@type":"ImageObject","url":"https:\/\/candas365.es\/noticias\/wp-content\/uploads\/2019\/01\/Dormunt-a-Marbella.jpg","@id":"https:\/\/candas365.es\/noticias\/el-dortmund-viaja-a-marbella-para-preparar-la-segunda-fase-liguera\/#mainImage","width":974,"height":619,"caption":"Foto: David Inderlied\/dpa"},"primaryImageOfPage":{"@id":"https:\/\/candas365.es\/noticias\/el-dortmund-viaja-a-marbella-para-preparar-la-segunda-fase-liguera\/#mainImage"},"datePublished":"2019-01-05T10:58:22+01:00","dateModified":"2019-01-05T11:04:43+01:00"},{"@type":"WebSite","@id":"https:\/\/candas365.es\/noticias\/#website","url":"https:\/\/candas365.es\/noticias\/","name":"Cand\u00e1s 365","alternateName":"Cand\u00e1s 365 Noticias","description":"Actualidad desde Carre\u00f1o para el mundo","inLanguage":"es-ES","publisher":{"@id":"https:\/\/candas365.es\/noticias\/#organization"}}]},"og:locale":"es_ES","og:site_name":"Cand\u00e1s 365","og:type":"article","og:title":"El Dortmund viaja a Marbella para preparar la segunda fase liguera | Cand\u00e1s 365","og:description":"Marbella (Espa\u00f1a), 4 ene (dpa) - El actual puntero de la Bundesliga, Borussia Dortmund, viaj\u00f3 hoy a la localidad espa\u00f1ola de Marbella para llevar a cabo su concentraci\u00f3n invernal (boreal) de cara a la segunda ronda del campeonato. El gran ausente en las filas del campe\u00f3n invernal de la Bundesliga es el defensor suizo Manuel","og:url":"https:\/\/candas365.es\/noticias\/el-dortmund-viaja-a-marbella-para-preparar-la-segunda-fase-liguera\/","og:image":"https:\/\/candas365.es\/noticias\/wp-content\/uploads\/2019\/01\/Dormunt-a-Marbella.jpg","og:image:secure_url":"https:\/\/candas365.es\/noticias\/wp-content\/uploads\/2019\/01\/Dormunt-a-Marbella.jpg","og:image:width":974,"og:image:height":619,"article:published_time":"2019-01-05T10:58:22+00:00","article:modified_time":"2019-01-05T11:04:43+00:00","article:publisher":"https:\/\/www.facebook.com\/Nachofdezber","article:author":"https:\/\/www.facebook.com\/carrenoactualidad","twitter:card":"summary_large_image","twitter:site":"@NabercoDigital","twitter:title":"El Dortmund viaja a Marbella para preparar la segunda fase liguera | Cand\u00e1s 365","twitter:description":"Marbella (Espa\u00f1a), 4 ene (dpa) - El actual puntero de la Bundesliga, Borussia Dortmund, viaj\u00f3 hoy a la localidad espa\u00f1ola de Marbella para llevar a cabo su concentraci\u00f3n invernal (boreal) de cara a la segunda ronda del campeonato. El gran ausente en las filas del campe\u00f3n invernal de la Bundesliga es el defensor suizo Manuel","twitter:creator":"@nbasturias","twitter:image":"https:\/\/candas365.es\/noticias\/wp-content\/uploads\/2019\/01\/Dormunt-a-Marbella.jpg","twitter:label1":"Escrito por","twitter:data1":"Cand\u00e1s 365","twitter:label2":"Tiempo de lectura estimado","twitter:data2":"1 minuto"},"aioseo_meta_data":{"post_id":"113439","title":null,"description":null,"keywords":null,"keyphrases":null,"primary_term":null,"canonical_url":null,"og_title":null,"og_description":null,"og_object_type":"default","og_image_type":"default","og_image_url":null,"og_image_width":null,"og_image_height":null,"og_image_custom_url":null,"og_image_custom_fields":null,"og_video":null,"og_custom_url":null,"og_article_section":null,"og_article_tags":null,"twitter_use_og":false,"twitter_card":"default","twitter_image_type":"default","twitter_image_url":null,"twitter_image_custom_url":null,"twitter_image_custom_fields":null,"twitter_title":null,"twitter_description":null,"schema":{"blockGraphs":[],"customGraphs":[],"default":{"data":{"Article":[],"Course":[],"Dataset":[],"FAQPage":[],"Movie":[],"Person":[],"Product":[],"ProductReview":[],"Car":[],"Recipe":[],"Service":[],"SoftwareApplication":[],"WebPage":[]},"graphName":"","isEnabled":true},"graphs":[],"defaultGraph":"","defaultPostTypeGraph":""},"schema_type":null,"schema_type_options":null,"pillar_content":false,"robots_default":true,"robots_noindex":false,"robots_noarchive":false,"robots_nosnippet":false,"robots_nofollow":false,"robots_noimageindex":false,"robots_noodp":false,"robots_notranslate":false,"robots_max_snippet":null,"robots_max_videopreview":null,"robots_max_imagepreview":"large","priority":null,"frequency":null,"location":null,"local_seo":null,"seo_analyzer_scan_date":"2025-08-28 21:23:18","breadcrumb_settings":null,"limit_modified_date":false,"reviewed_by":null,"open_ai":null,"ai":null,"created":"2020-12-21 11:28:55","updated":"2025-08-28 21:23:18"},"aioseo_breadcrumb":"<div class=\"aioseo-breadcrumbs\"><span class=\"aioseo-breadcrumb\">\n\t<a href=\"https:\/\/candas365.es\/noticias\" title=\"Home\">Home<\/a>\n<\/span><span class=\"aioseo-breadcrumb-separator\">&ndash;<\/span><span class=\"aioseo-breadcrumb\">\n\t<a href=\"https:\/\/candas365.es\/noticias\/category\/deporte\/\" title=\"Deporte\">Deporte<\/a>\n<\/span><span class=\"aioseo-breadcrumb-separator\">&ndash;<\/span><span class=\"aioseo-breadcrumb\">\n\tEl Dortmund viaja a Marbella para preparar la segunda fase liguera\n<\/span><\/div>","aioseo_breadcrumb_json":[{"label":"Home","link":"https:\/\/candas365.es\/noticias"},{"label":"Deporte","link":"https:\/\/candas365.es\/noticias\/category\/deporte\/"},{"label":"El Dortmund viaja a Marbella para preparar la segunda fase liguera","link":"https:\/\/candas365.es\/noticias\/el-dortmund-viaja-a-marbella-para-preparar-la-segunda-fase-liguera\/"}],"_links":{"self":[{"href":"https:\/\/candas365.es\/noticias\/wp-json\/wp\/v2\/posts\/113439","targetHints":{"allow":["GET"]}}],"collection":[{"href":"https:\/\/candas365.es\/noticias\/wp-json\/wp\/v2\/posts"}],"about":[{"href":"https:\/\/candas365.es\/noticias\/wp-json\/wp\/v2\/types\/post"}],"author":[{"embeddable":true,"href":"https:\/\/candas365.es\/noticias\/wp-json\/wp\/v2\/users\/1"}],"replies":[{"embeddable":true,"href":"https:\/\/candas365.es\/noticias\/wp-json\/wp\/v2\/comments?post=113439"}],"version-history":[{"count":0,"href":"https:\/\/candas365.es\/noticias\/wp-json\/wp\/v2\/posts\/113439\/revisions"}],"wp:featuredmedia":[{"embeddable":true,"href":"https:\/\/candas365.es\/noticias\/wp-json\/wp\/v2\/media\/113442"}],"wp:attachment":[{"href":"https:\/\/candas365.es\/noticias\/wp-json\/wp\/v2\/media?parent=113439"}],"wp:term":[{"taxonomy":"category","embeddable":true,"href":"https:\/\/candas365.es\/noticias\/wp-json\/wp\/v2\/categories?post=113439"},{"taxonomy":"post_tag","embeddable":true,"href":"https:\/\/candas365.es\/noticias\/wp-json\/wp\/v2\/tags?post=113439"}],"curies":[{"name":"wp","href":"https:\/\/api.w.org\/{rel}","templated":true}]}}