{"id":113433,"date":"2019-01-05T10:21:34","date_gmt":"2019-01-05T10:21:34","guid":{"rendered":"http:\/\/candas365.es\/noticias\/?p=113433"},"modified":"2019-01-05T10:21:34","modified_gmt":"2019-01-05T10:21:34","slug":"jan-worner-estoy-seguro-de-que-los-chinos-van-a-compartir-sus-descubrimientos","status":"publish","type":"post","link":"https:\/\/candas365.es\/noticias\/jan-worner-estoy-seguro-de-que-los-chinos-van-a-compartir-sus-descubrimientos\/","title":{"rendered":"Jan W\u00f6rner: \u00abEstoy seguro de que los chinos van a compartir sus descubrimientos\u201d"},"content":{"rendered":"<figure id=\"attachment_113434\" aria-describedby=\"caption-attachment-113434\" style=\"width: 360px\" class=\"wp-caption alignleft\"><img fetchpriority=\"high\" decoding=\"async\" class=\"size-medium wp-image-113434\" src=\"https:\/\/candas365.es\/noticias\/wp-content\/uploads\/2019\/01\/Director-de-ESA-360x263.jpg\" alt=\"\" width=\"360\" height=\"263\" srcset=\"https:\/\/candas365.es\/noticias\/wp-content\/uploads\/2019\/01\/Director-de-ESA-360x263.jpg 360w, https:\/\/candas365.es\/noticias\/wp-content\/uploads\/2019\/01\/Director-de-ESA-768x561.jpg 768w, https:\/\/candas365.es\/noticias\/wp-content\/uploads\/2019\/01\/Director-de-ESA-655x480.jpg 655w, https:\/\/candas365.es\/noticias\/wp-content\/uploads\/2019\/01\/Director-de-ESA-696x509.jpg 696w, https:\/\/candas365.es\/noticias\/wp-content\/uploads\/2019\/01\/Director-de-ESA-575x420.jpg 575w, https:\/\/candas365.es\/noticias\/wp-content\/uploads\/2019\/01\/Director-de-ESA.jpg 821w\" sizes=\"(max-width: 360px) 100vw, 360px\" \/><figcaption id=\"caption-attachment-113434\" class=\"wp-caption-text\">Jan W\u00f6rner. Foto: Uwe Anspach\/dpa<\/figcaption><\/figure>\n<p>Darmstadt (Alemania), 4 ene (dpa) &#8211; El director general de la Agencia Espacial Europea (ESA, por sus siglas en ingl\u00e9s), Jan W\u00f6rner, abog\u00f3 por una mayor cooperaci\u00f3n internacional en el espacio.<\/p>\n<p>\u00abLa navegaci\u00f3n espacial podr\u00eda tener una funci\u00f3n ejemplar desde el punto de vista geopol\u00edtico\u00bb, dijo en declaraciones a dpa. La llegada de la sonda china \u00abChang&#8217;e 4\u00bb a la cara oculta de la Luna ha demostrado lo ambicioso que es el programa espacial chino y una mayor cooperaci\u00f3n podr\u00eda redundar en beneficio de todos, opin\u00f3.<\/p>\n<p>El m\u00e1ximo responsable de la ESA record\u00f3 que el trabajo conjunto de varias agencias en la Estaci\u00f3n Espacial Internacional (ISS) ha demostrado que la cooperaci\u00f3n internacional en el espacio es posible.<\/p>\n<p>\u00abEstoy seguro de que los chinos van a compartir sus descubrimientos con otros pa\u00edses\u00bb, indic\u00f3 W\u00f6rner, cuya agencia ya coopera con la de China entre otros \u00e1mbitos en el desarrollo de la sonda espacial \u00abChang&#8217;e-5\u00bb.<\/p>\n<p>\u00abLas distintas naciones pueden efectuar contribuciones diferentes dirigidas a un objetivo com\u00fan\u00bb, explic\u00f3 W\u00f6rner. Los grandes desaf\u00edos no pueden ser encarados a trav\u00e9s del aislamiento, destac\u00f3.<\/p>\n<p>W\u00f6rner celebr\u00f3 el hecho de que la Luna vuelva al foco de atenci\u00f3n. All\u00ed se podr\u00edan desarrollar nuevas tecnolog\u00edas para misiones espaciales futuras como las misiones a Marte, remarc\u00f3 el ingeniero alem\u00e1n.<\/p>\n<p>Una sonda china toc\u00f3 el jueves por primera vez el suelo en la cara oculta de la Luna. La sonda \u00abChang&#8217;e 4\u00bb se pos\u00f3 en el cr\u00e1ter Aitken, cerca del polo sur del sat\u00e9lite terrestre.<\/p>\n","protected":false},"excerpt":{"rendered":"<p>Darmstadt (Alemania), 4 ene (dpa) &#8211; El director general de la Agencia Espacial Europea (ESA, por sus siglas en ingl\u00e9s), Jan W\u00f6rner, abog\u00f3 por una mayor cooperaci\u00f3n internacional en el espacio. \u00abLa navegaci\u00f3n espacial podr\u00eda tener una funci\u00f3n ejemplar desde el punto de vista geopol\u00edtico\u00bb, dijo en declaraciones a dpa. La llegada de la sonda<\/p>\n","protected":false},"author":1,"featured_media":113434,"comment_status":"closed","ping_status":"closed","sticky":false,"template":"","format":"standard","meta":{"footnotes":""},"categories":[343],"tags":[],"class_list":{"0":"post-113433","1":"post","2":"type-post","3":"status-publish","4":"format-standard","5":"has-post-thumbnail","7":"category-actualidad"},"aioseo_notices":[],"aioseo_head":"\n\t\t<!-- All in One SEO Pro 4.9.6.2 - aioseo.com -->\n\t<meta name=\"description\" content=\"Darmstadt (Alemania), 4 ene (dpa) - El director general de la Agencia Espacial Europea (ESA, por sus siglas en ingl\u00e9s), Jan W\u00f6rner, abog\u00f3 por una mayor cooperaci\u00f3n internacional en el espacio. &quot;La navegaci\u00f3n espacial podr\u00eda tener una funci\u00f3n ejemplar desde el punto de vista geopol\u00edtico&quot;, dijo en declaraciones a dpa. La llegada de la sonda\" \/>\n\t<meta name=\"robots\" content=\"max-image-preview:large\" \/>\n\t<meta name=\"author\" content=\"Cand\u00e1s 365\"\/>\n\t<meta name=\"google-site-verification\" content=\"UA-32230408-1\" \/>\n\t<meta name=\"msvalidate.01\" content=\"354F3CDFB2DA171B47FBE9ABF1F88D5\" \/>\n\t<meta name=\"keywords\" content=\"actualidad\" \/>\n\t<link rel=\"canonical\" href=\"https:\/\/candas365.es\/noticias\/jan-worner-estoy-seguro-de-que-los-chinos-van-a-compartir-sus-descubrimientos\/\" \/>\n\t<meta name=\"generator\" content=\"All in One SEO Pro (AIOSEO) 4.9.6.2\" \/>\n\t\t<meta property=\"og:locale\" content=\"es_ES\" \/>\n\t\t<meta property=\"og:site_name\" content=\"Cand\u00e1s 365\" \/>\n\t\t<meta property=\"og:type\" content=\"article\" \/>\n\t\t<meta property=\"og:title\" content=\"Jan W\u00f6rner: \u00abEstoy seguro de que los chinos van a compartir sus descubrimientos\u201d | Cand\u00e1s 365\" \/>\n\t\t<meta property=\"og:description\" content=\"Darmstadt (Alemania), 4 ene (dpa) - El director general de la Agencia Espacial Europea (ESA, por sus siglas en ingl\u00e9s), Jan W\u00f6rner, abog\u00f3 por una mayor cooperaci\u00f3n internacional en el espacio. &quot;La navegaci\u00f3n espacial podr\u00eda tener una funci\u00f3n ejemplar desde el punto de vista geopol\u00edtico&quot;, dijo en declaraciones a dpa. La llegada de la sonda\" \/>\n\t\t<meta property=\"og:url\" content=\"https:\/\/candas365.es\/noticias\/jan-worner-estoy-seguro-de-que-los-chinos-van-a-compartir-sus-descubrimientos\/\" \/>\n\t\t<meta property=\"og:image\" content=\"https:\/\/candas365.es\/noticias\/wp-content\/uploads\/2019\/01\/Director-de-ESA.jpg\" \/>\n\t\t<meta property=\"og:image:secure_url\" content=\"https:\/\/candas365.es\/noticias\/wp-content\/uploads\/2019\/01\/Director-de-ESA.jpg\" \/>\n\t\t<meta property=\"og:image:width\" content=\"821\" \/>\n\t\t<meta property=\"og:image:height\" content=\"600\" \/>\n\t\t<meta property=\"article:published_time\" content=\"2019-01-05T10:21:34+00:00\" \/>\n\t\t<meta property=\"article:modified_time\" content=\"2019-01-05T10:21:34+00:00\" \/>\n\t\t<meta property=\"article:publisher\" content=\"https:\/\/www.facebook.com\/Nachofdezber\" \/>\n\t\t<meta property=\"article:author\" content=\"https:\/\/www.facebook.com\/carrenoactualidad\" \/>\n\t\t<meta name=\"twitter:card\" content=\"summary_large_image\" \/>\n\t\t<meta name=\"twitter:site\" content=\"@NabercoDigital\" \/>\n\t\t<meta name=\"twitter:title\" content=\"Jan W\u00f6rner: \u00abEstoy seguro de que los chinos van a compartir sus descubrimientos\u201d | Cand\u00e1s 365\" \/>\n\t\t<meta name=\"twitter:description\" content=\"Darmstadt (Alemania), 4 ene (dpa) - El director general de la Agencia Espacial Europea (ESA, por sus siglas en ingl\u00e9s), Jan W\u00f6rner, abog\u00f3 por una mayor cooperaci\u00f3n internacional en el espacio. &quot;La navegaci\u00f3n espacial podr\u00eda tener una funci\u00f3n ejemplar desde el punto de vista geopol\u00edtico&quot;, dijo en declaraciones a dpa. La llegada de la sonda\" \/>\n\t\t<meta name=\"twitter:creator\" content=\"@nbasturias\" \/>\n\t\t<meta name=\"twitter:image\" content=\"https:\/\/candas365.es\/noticias\/wp-content\/uploads\/2019\/01\/Director-de-ESA.jpg\" \/>\n\t\t<meta name=\"twitter:label1\" content=\"Escrito por\" \/>\n\t\t<meta name=\"twitter:data1\" content=\"Cand\u00e1s 365\" \/>\n\t\t<meta name=\"twitter:label2\" content=\"Tiempo de lectura estimado\" \/>\n\t\t<meta name=\"twitter:data2\" content=\"1 minuto\" \/>\n\t\t<script type=\"application\/ld+json\" class=\"aioseo-schema\">\n\t\t\t{\"@context\":\"https:\\\/\\\/schema.org\",\"@graph\":[{\"@type\":\"BreadcrumbList\",\"@id\":\"https:\\\/\\\/candas365.es\\\/noticias\\\/jan-worner-estoy-seguro-de-que-los-chinos-van-a-compartir-sus-descubrimientos\\\/#breadcrumblist\",\"itemListElement\":[{\"@type\":\"ListItem\",\"@id\":\"https:\\\/\\\/candas365.es\\\/noticias#listItem\",\"position\":1,\"name\":\"Home\",\"item\":\"https:\\\/\\\/candas365.es\\\/noticias\",\"nextItem\":{\"@type\":\"ListItem\",\"@id\":\"https:\\\/\\\/candas365.es\\\/noticias\\\/category\\\/actualidad\\\/#listItem\",\"name\":\"Actualidad\"}},{\"@type\":\"ListItem\",\"@id\":\"https:\\\/\\\/candas365.es\\\/noticias\\\/category\\\/actualidad\\\/#listItem\",\"position\":2,\"name\":\"Actualidad\",\"item\":\"https:\\\/\\\/candas365.es\\\/noticias\\\/category\\\/actualidad\\\/\",\"nextItem\":{\"@type\":\"ListItem\",\"@id\":\"https:\\\/\\\/candas365.es\\\/noticias\\\/jan-worner-estoy-seguro-de-que-los-chinos-van-a-compartir-sus-descubrimientos\\\/#listItem\",\"name\":\"Jan W\\u00f6rner: \\u00abEstoy seguro de que los chinos van a compartir sus descubrimientos\\u201d\"},\"previousItem\":{\"@type\":\"ListItem\",\"@id\":\"https:\\\/\\\/candas365.es\\\/noticias#listItem\",\"name\":\"Home\"}},{\"@type\":\"ListItem\",\"@id\":\"https:\\\/\\\/candas365.es\\\/noticias\\\/jan-worner-estoy-seguro-de-que-los-chinos-van-a-compartir-sus-descubrimientos\\\/#listItem\",\"position\":3,\"name\":\"Jan W\\u00f6rner: \\u00abEstoy seguro de que los chinos van a compartir sus descubrimientos\\u201d\",\"previousItem\":{\"@type\":\"ListItem\",\"@id\":\"https:\\\/\\\/candas365.es\\\/noticias\\\/category\\\/actualidad\\\/#listItem\",\"name\":\"Actualidad\"}}]},{\"@type\":\"NewsArticle\",\"@id\":\"https:\\\/\\\/candas365.es\\\/noticias\\\/jan-worner-estoy-seguro-de-que-los-chinos-van-a-compartir-sus-descubrimientos\\\/#newsarticle\",\"name\":\"Jan W\\u00f6rner: \\u00abEstoy seguro de que los chinos van a compartir sus descubrimientos\\u201d | Cand\\u00e1s 365\",\"headline\":\"Jan W\\u00f6rner: \\u00abEstoy seguro de que los chinos van a compartir sus descubrimientos\\u201d\",\"author\":{\"@id\":\"https:\\\/\\\/candas365.es\\\/noticias\\\/author\\\/admin\\\/#author\"},\"publisher\":{\"@id\":\"https:\\\/\\\/candas365.es\\\/noticias\\\/#organization\"},\"image\":{\"@type\":\"ImageObject\",\"url\":\"https:\\\/\\\/candas365.es\\\/noticias\\\/wp-content\\\/uploads\\\/2019\\\/01\\\/Director-de-ESA.jpg\",\"width\":821,\"height\":600,\"caption\":\"Jan W\\u00f6rner. Foto: Uwe Anspach\\\/dpa\"},\"datePublished\":\"2019-01-05T10:21:34+01:00\",\"dateModified\":\"2019-01-05T10:21:34+01:00\",\"inLanguage\":\"es-ES\",\"mainEntityOfPage\":{\"@id\":\"https:\\\/\\\/candas365.es\\\/noticias\\\/jan-worner-estoy-seguro-de-que-los-chinos-van-a-compartir-sus-descubrimientos\\\/#webpage\"},\"isPartOf\":{\"@id\":\"https:\\\/\\\/candas365.es\\\/noticias\\\/jan-worner-estoy-seguro-de-que-los-chinos-van-a-compartir-sus-descubrimientos\\\/#webpage\"},\"articleSection\":\"Actualidad\",\"dateline\":\"Publicado el enero 5, 2019.\"},{\"@type\":\"Organization\",\"@id\":\"https:\\\/\\\/candas365.es\\\/noticias\\\/#organization\",\"name\":\"Cand\\u00e1s 365\",\"description\":\"Cand\\u00e1s 365 es un diario digital independiente, fundado en 2012, con base en Asturias. Informamos con rigor sobre actualidad, sociedad, cultura y ocio, con una mirada local y global.\",\"url\":\"https:\\\/\\\/candas365.es\\\/noticias\\\/\",\"email\":\"info@candas365.es\",\"telephone\":\"+34652131393\",\"foundingDate\":\"2012-06-10\",\"logo\":{\"@type\":\"ImageObject\",\"url\":\"https:\\\/\\\/candas365.es\\\/noticias\\\/wp-content\\\/uploads\\\/2024\\\/09\\\/Candas-365-Redes.jpg\",\"@id\":\"https:\\\/\\\/candas365.es\\\/noticias\\\/jan-worner-estoy-seguro-de-que-los-chinos-van-a-compartir-sus-descubrimientos\\\/#organizationLogo\",\"width\":1152,\"height\":864,\"caption\":\"Cand\\u00e1s 365 Redes\"},\"image\":{\"@id\":\"https:\\\/\\\/candas365.es\\\/noticias\\\/jan-worner-estoy-seguro-de-que-los-chinos-van-a-compartir-sus-descubrimientos\\\/#organizationLogo\"},\"sameAs\":[\"https:\\\/\\\/www.facebook.com\\\/Nachofdezber\",\"https:\\\/\\\/x.com\\\/NabercoDigital\",\"https:\\\/\\\/www.instagram.com\\\/nachofdezber\\\/\",\"https:\\\/\\\/www.youtube.com\\\/channel\\\/UCZP-2wLEB9Rv6erhFmqVnvg\"],\"address\":{\"@id\":\"https:\\\/\\\/candas365.es\\\/noticias\\\/#postaladdress\",\"@type\":\"PostalAddress\",\"streetAddress\":\"san antonio 4, san antonio 4\",\"postalCode\":\"33430\",\"addressLocality\":\"Cand\\u00e1s\",\"addressRegion\":\"Asturias\",\"addressCountry\":\"ES\"}},{\"@type\":\"Person\",\"@id\":\"https:\\\/\\\/candas365.es\\\/noticias\\\/author\\\/admin\\\/#author\",\"url\":\"https:\\\/\\\/candas365.es\\\/noticias\\\/author\\\/admin\\\/\",\"name\":\"Cand\\u00e1s 365\",\"image\":{\"@type\":\"ImageObject\",\"@id\":\"https:\\\/\\\/candas365.es\\\/noticias\\\/jan-worner-estoy-seguro-de-que-los-chinos-van-a-compartir-sus-descubrimientos\\\/#authorImage\",\"url\":\"https:\\\/\\\/secure.gravatar.com\\\/avatar\\\/496a8e03d0c493ede1718b7934145dbdf8d89be1036b0eec9544e1094c9de390?s=96&d=mm&r=g\",\"width\":96,\"height\":96,\"caption\":\"Cand\\u00e1s 365\"},\"sameAs\":[\"https:\\\/\\\/www.facebook.com\\\/carrenoactualidad\",\"https:\\\/\\\/twitter.com\\\/nbasturias\",\"https:\\\/\\\/www.instagram.com\\\/nachofdezber\\\/\",\"https:\\\/\\\/www.youtube.com\\\/channel\\\/UCZP-2wLEB9Rv6erhFmqVnvg\"]},{\"@type\":\"WebPage\",\"@id\":\"https:\\\/\\\/candas365.es\\\/noticias\\\/jan-worner-estoy-seguro-de-que-los-chinos-van-a-compartir-sus-descubrimientos\\\/#webpage\",\"url\":\"https:\\\/\\\/candas365.es\\\/noticias\\\/jan-worner-estoy-seguro-de-que-los-chinos-van-a-compartir-sus-descubrimientos\\\/\",\"name\":\"Jan W\\u00f6rner: \\u00abEstoy seguro de que los chinos van a compartir sus descubrimientos\\u201d | Cand\\u00e1s 365\",\"description\":\"Darmstadt (Alemania), 4 ene (dpa) - El director general de la Agencia Espacial Europea (ESA, por sus siglas en ingl\\u00e9s), Jan W\\u00f6rner, abog\\u00f3 por una mayor cooperaci\\u00f3n internacional en el espacio. \\\"La navegaci\\u00f3n espacial podr\\u00eda tener una funci\\u00f3n ejemplar desde el punto de vista geopol\\u00edtico\\\", dijo en declaraciones a dpa. La llegada de la sonda\",\"inLanguage\":\"es-ES\",\"isPartOf\":{\"@id\":\"https:\\\/\\\/candas365.es\\\/noticias\\\/#website\"},\"breadcrumb\":{\"@id\":\"https:\\\/\\\/candas365.es\\\/noticias\\\/jan-worner-estoy-seguro-de-que-los-chinos-van-a-compartir-sus-descubrimientos\\\/#breadcrumblist\"},\"author\":{\"@id\":\"https:\\\/\\\/candas365.es\\\/noticias\\\/author\\\/admin\\\/#author\"},\"creator\":{\"@id\":\"https:\\\/\\\/candas365.es\\\/noticias\\\/author\\\/admin\\\/#author\"},\"image\":{\"@type\":\"ImageObject\",\"url\":\"https:\\\/\\\/candas365.es\\\/noticias\\\/wp-content\\\/uploads\\\/2019\\\/01\\\/Director-de-ESA.jpg\",\"@id\":\"https:\\\/\\\/candas365.es\\\/noticias\\\/jan-worner-estoy-seguro-de-que-los-chinos-van-a-compartir-sus-descubrimientos\\\/#mainImage\",\"width\":821,\"height\":600,\"caption\":\"Jan W\\u00f6rner. Foto: Uwe Anspach\\\/dpa\"},\"primaryImageOfPage\":{\"@id\":\"https:\\\/\\\/candas365.es\\\/noticias\\\/jan-worner-estoy-seguro-de-que-los-chinos-van-a-compartir-sus-descubrimientos\\\/#mainImage\"},\"datePublished\":\"2019-01-05T10:21:34+01:00\",\"dateModified\":\"2019-01-05T10:21:34+01:00\"},{\"@type\":\"WebSite\",\"@id\":\"https:\\\/\\\/candas365.es\\\/noticias\\\/#website\",\"url\":\"https:\\\/\\\/candas365.es\\\/noticias\\\/\",\"name\":\"Cand\\u00e1s 365\",\"alternateName\":\"Cand\\u00e1s 365 Noticias\",\"description\":\"Actualidad desde Carre\\u00f1o para el mundo\",\"inLanguage\":\"es-ES\",\"publisher\":{\"@id\":\"https:\\\/\\\/candas365.es\\\/noticias\\\/#organization\"}}]}\n\t\t<\/script>\n\t\t<!-- All in One SEO Pro -->\r\n\t\t<title>Jan W\u00f6rner: \u00abEstoy seguro de que los chinos van a compartir sus descubrimientos\u201d | Cand\u00e1s 365<\/title>\n\n","aioseo_head_json":{"title":"Jan W\u00f6rner: \u00abEstoy seguro de que los chinos van a compartir sus descubrimientos\u201d | Cand\u00e1s 365","description":"Darmstadt (Alemania), 4 ene (dpa) - El director general de la Agencia Espacial Europea (ESA, por sus siglas en ingl\u00e9s), Jan W\u00f6rner, abog\u00f3 por una mayor cooperaci\u00f3n internacional en el espacio. \"La navegaci\u00f3n espacial podr\u00eda tener una funci\u00f3n ejemplar desde el punto de vista geopol\u00edtico\", dijo en declaraciones a dpa. La llegada de la sonda","canonical_url":"https:\/\/candas365.es\/noticias\/jan-worner-estoy-seguro-de-que-los-chinos-van-a-compartir-sus-descubrimientos\/","robots":"max-image-preview:large","keywords":"actualidad","webmasterTools":{"google-site-verification":"UA-32230408-1","msvalidate.01":"354F3CDFB2DA171B47FBE9ABF1F88D5","miscellaneous":""},"schema":{"@context":"https:\/\/schema.org","@graph":[{"@type":"BreadcrumbList","@id":"https:\/\/candas365.es\/noticias\/jan-worner-estoy-seguro-de-que-los-chinos-van-a-compartir-sus-descubrimientos\/#breadcrumblist","itemListElement":[{"@type":"ListItem","@id":"https:\/\/candas365.es\/noticias#listItem","position":1,"name":"Home","item":"https:\/\/candas365.es\/noticias","nextItem":{"@type":"ListItem","@id":"https:\/\/candas365.es\/noticias\/category\/actualidad\/#listItem","name":"Actualidad"}},{"@type":"ListItem","@id":"https:\/\/candas365.es\/noticias\/category\/actualidad\/#listItem","position":2,"name":"Actualidad","item":"https:\/\/candas365.es\/noticias\/category\/actualidad\/","nextItem":{"@type":"ListItem","@id":"https:\/\/candas365.es\/noticias\/jan-worner-estoy-seguro-de-que-los-chinos-van-a-compartir-sus-descubrimientos\/#listItem","name":"Jan W\u00f6rner: \u00abEstoy seguro de que los chinos van a compartir sus descubrimientos\u201d"},"previousItem":{"@type":"ListItem","@id":"https:\/\/candas365.es\/noticias#listItem","name":"Home"}},{"@type":"ListItem","@id":"https:\/\/candas365.es\/noticias\/jan-worner-estoy-seguro-de-que-los-chinos-van-a-compartir-sus-descubrimientos\/#listItem","position":3,"name":"Jan W\u00f6rner: \u00abEstoy seguro de que los chinos van a compartir sus descubrimientos\u201d","previousItem":{"@type":"ListItem","@id":"https:\/\/candas365.es\/noticias\/category\/actualidad\/#listItem","name":"Actualidad"}}]},{"@type":"NewsArticle","@id":"https:\/\/candas365.es\/noticias\/jan-worner-estoy-seguro-de-que-los-chinos-van-a-compartir-sus-descubrimientos\/#newsarticle","name":"Jan W\u00f6rner: \u00abEstoy seguro de que los chinos van a compartir sus descubrimientos\u201d | Cand\u00e1s 365","headline":"Jan W\u00f6rner: \u00abEstoy seguro de que los chinos van a compartir sus descubrimientos\u201d","author":{"@id":"https:\/\/candas365.es\/noticias\/author\/admin\/#author"},"publisher":{"@id":"https:\/\/candas365.es\/noticias\/#organization"},"image":{"@type":"ImageObject","url":"https:\/\/candas365.es\/noticias\/wp-content\/uploads\/2019\/01\/Director-de-ESA.jpg","width":821,"height":600,"caption":"Jan W\u00f6rner. Foto: Uwe Anspach\/dpa"},"datePublished":"2019-01-05T10:21:34+01:00","dateModified":"2019-01-05T10:21:34+01:00","inLanguage":"es-ES","mainEntityOfPage":{"@id":"https:\/\/candas365.es\/noticias\/jan-worner-estoy-seguro-de-que-los-chinos-van-a-compartir-sus-descubrimientos\/#webpage"},"isPartOf":{"@id":"https:\/\/candas365.es\/noticias\/jan-worner-estoy-seguro-de-que-los-chinos-van-a-compartir-sus-descubrimientos\/#webpage"},"articleSection":"Actualidad","dateline":"Publicado el enero 5, 2019."},{"@type":"Organization","@id":"https:\/\/candas365.es\/noticias\/#organization","name":"Cand\u00e1s 365","description":"Cand\u00e1s 365 es un diario digital independiente, fundado en 2012, con base en Asturias. Informamos con rigor sobre actualidad, sociedad, cultura y ocio, con una mirada local y global.","url":"https:\/\/candas365.es\/noticias\/","email":"info@candas365.es","telephone":"+34652131393","foundingDate":"2012-06-10","logo":{"@type":"ImageObject","url":"https:\/\/candas365.es\/noticias\/wp-content\/uploads\/2024\/09\/Candas-365-Redes.jpg","@id":"https:\/\/candas365.es\/noticias\/jan-worner-estoy-seguro-de-que-los-chinos-van-a-compartir-sus-descubrimientos\/#organizationLogo","width":1152,"height":864,"caption":"Cand\u00e1s 365 Redes"},"image":{"@id":"https:\/\/candas365.es\/noticias\/jan-worner-estoy-seguro-de-que-los-chinos-van-a-compartir-sus-descubrimientos\/#organizationLogo"},"sameAs":["https:\/\/www.facebook.com\/Nachofdezber","https:\/\/x.com\/NabercoDigital","https:\/\/www.instagram.com\/nachofdezber\/","https:\/\/www.youtube.com\/channel\/UCZP-2wLEB9Rv6erhFmqVnvg"],"address":{"@id":"https:\/\/candas365.es\/noticias\/#postaladdress","@type":"PostalAddress","streetAddress":"san antonio 4, san antonio 4","postalCode":"33430","addressLocality":"Cand\u00e1s","addressRegion":"Asturias","addressCountry":"ES"}},{"@type":"Person","@id":"https:\/\/candas365.es\/noticias\/author\/admin\/#author","url":"https:\/\/candas365.es\/noticias\/author\/admin\/","name":"Cand\u00e1s 365","image":{"@type":"ImageObject","@id":"https:\/\/candas365.es\/noticias\/jan-worner-estoy-seguro-de-que-los-chinos-van-a-compartir-sus-descubrimientos\/#authorImage","url":"https:\/\/secure.gravatar.com\/avatar\/496a8e03d0c493ede1718b7934145dbdf8d89be1036b0eec9544e1094c9de390?s=96&d=mm&r=g","width":96,"height":96,"caption":"Cand\u00e1s 365"},"sameAs":["https:\/\/www.facebook.com\/carrenoactualidad","https:\/\/twitter.com\/nbasturias","https:\/\/www.instagram.com\/nachofdezber\/","https:\/\/www.youtube.com\/channel\/UCZP-2wLEB9Rv6erhFmqVnvg"]},{"@type":"WebPage","@id":"https:\/\/candas365.es\/noticias\/jan-worner-estoy-seguro-de-que-los-chinos-van-a-compartir-sus-descubrimientos\/#webpage","url":"https:\/\/candas365.es\/noticias\/jan-worner-estoy-seguro-de-que-los-chinos-van-a-compartir-sus-descubrimientos\/","name":"Jan W\u00f6rner: \u00abEstoy seguro de que los chinos van a compartir sus descubrimientos\u201d | Cand\u00e1s 365","description":"Darmstadt (Alemania), 4 ene (dpa) - El director general de la Agencia Espacial Europea (ESA, por sus siglas en ingl\u00e9s), Jan W\u00f6rner, abog\u00f3 por una mayor cooperaci\u00f3n internacional en el espacio. \"La navegaci\u00f3n espacial podr\u00eda tener una funci\u00f3n ejemplar desde el punto de vista geopol\u00edtico\", dijo en declaraciones a dpa. La llegada de la sonda","inLanguage":"es-ES","isPartOf":{"@id":"https:\/\/candas365.es\/noticias\/#website"},"breadcrumb":{"@id":"https:\/\/candas365.es\/noticias\/jan-worner-estoy-seguro-de-que-los-chinos-van-a-compartir-sus-descubrimientos\/#breadcrumblist"},"author":{"@id":"https:\/\/candas365.es\/noticias\/author\/admin\/#author"},"creator":{"@id":"https:\/\/candas365.es\/noticias\/author\/admin\/#author"},"image":{"@type":"ImageObject","url":"https:\/\/candas365.es\/noticias\/wp-content\/uploads\/2019\/01\/Director-de-ESA.jpg","@id":"https:\/\/candas365.es\/noticias\/jan-worner-estoy-seguro-de-que-los-chinos-van-a-compartir-sus-descubrimientos\/#mainImage","width":821,"height":600,"caption":"Jan W\u00f6rner. Foto: Uwe Anspach\/dpa"},"primaryImageOfPage":{"@id":"https:\/\/candas365.es\/noticias\/jan-worner-estoy-seguro-de-que-los-chinos-van-a-compartir-sus-descubrimientos\/#mainImage"},"datePublished":"2019-01-05T10:21:34+01:00","dateModified":"2019-01-05T10:21:34+01:00"},{"@type":"WebSite","@id":"https:\/\/candas365.es\/noticias\/#website","url":"https:\/\/candas365.es\/noticias\/","name":"Cand\u00e1s 365","alternateName":"Cand\u00e1s 365 Noticias","description":"Actualidad desde Carre\u00f1o para el mundo","inLanguage":"es-ES","publisher":{"@id":"https:\/\/candas365.es\/noticias\/#organization"}}]},"og:locale":"es_ES","og:site_name":"Cand\u00e1s 365","og:type":"article","og:title":"Jan W\u00f6rner: \u00abEstoy seguro de que los chinos van a compartir sus descubrimientos\u201d | Cand\u00e1s 365","og:description":"Darmstadt (Alemania), 4 ene (dpa) - El director general de la Agencia Espacial Europea (ESA, por sus siglas en ingl\u00e9s), Jan W\u00f6rner, abog\u00f3 por una mayor cooperaci\u00f3n internacional en el espacio. &quot;La navegaci\u00f3n espacial podr\u00eda tener una funci\u00f3n ejemplar desde el punto de vista geopol\u00edtico&quot;, dijo en declaraciones a dpa. La llegada de la sonda","og:url":"https:\/\/candas365.es\/noticias\/jan-worner-estoy-seguro-de-que-los-chinos-van-a-compartir-sus-descubrimientos\/","og:image":"https:\/\/candas365.es\/noticias\/wp-content\/uploads\/2019\/01\/Director-de-ESA.jpg","og:image:secure_url":"https:\/\/candas365.es\/noticias\/wp-content\/uploads\/2019\/01\/Director-de-ESA.jpg","og:image:width":821,"og:image:height":600,"article:published_time":"2019-01-05T10:21:34+00:00","article:modified_time":"2019-01-05T10:21:34+00:00","article:publisher":"https:\/\/www.facebook.com\/Nachofdezber","article:author":"https:\/\/www.facebook.com\/carrenoactualidad","twitter:card":"summary_large_image","twitter:site":"@NabercoDigital","twitter:title":"Jan W\u00f6rner: \u00abEstoy seguro de que los chinos van a compartir sus descubrimientos\u201d | Cand\u00e1s 365","twitter:description":"Darmstadt (Alemania), 4 ene (dpa) - El director general de la Agencia Espacial Europea (ESA, por sus siglas en ingl\u00e9s), Jan W\u00f6rner, abog\u00f3 por una mayor cooperaci\u00f3n internacional en el espacio. &quot;La navegaci\u00f3n espacial podr\u00eda tener una funci\u00f3n ejemplar desde el punto de vista geopol\u00edtico&quot;, dijo en declaraciones a dpa. La llegada de la sonda","twitter:creator":"@nbasturias","twitter:image":"https:\/\/candas365.es\/noticias\/wp-content\/uploads\/2019\/01\/Director-de-ESA.jpg","twitter:label1":"Escrito por","twitter:data1":"Cand\u00e1s 365","twitter:label2":"Tiempo de lectura estimado","twitter:data2":"1 minuto"},"aioseo_meta_data":{"post_id":"113433","title":null,"description":null,"keywords":null,"keyphrases":null,"primary_term":null,"canonical_url":null,"og_title":null,"og_description":null,"og_object_type":"default","og_image_type":"default","og_image_url":null,"og_image_width":null,"og_image_height":null,"og_image_custom_url":null,"og_image_custom_fields":null,"og_video":null,"og_custom_url":null,"og_article_section":null,"og_article_tags":null,"twitter_use_og":false,"twitter_card":"default","twitter_image_type":"default","twitter_image_url":null,"twitter_image_custom_url":null,"twitter_image_custom_fields":null,"twitter_title":null,"twitter_description":null,"schema":{"blockGraphs":[],"customGraphs":[],"default":{"data":{"Article":[],"Course":[],"Dataset":[],"FAQPage":[],"Movie":[],"Person":[],"Product":[],"ProductReview":[],"Car":[],"Recipe":[],"Service":[],"SoftwareApplication":[],"WebPage":[]},"graphName":"","isEnabled":true},"graphs":[],"defaultGraph":"","defaultPostTypeGraph":""},"schema_type":null,"schema_type_options":null,"pillar_content":false,"robots_default":true,"robots_noindex":false,"robots_noarchive":false,"robots_nosnippet":false,"robots_nofollow":false,"robots_noimageindex":false,"robots_noodp":false,"robots_notranslate":false,"robots_max_snippet":null,"robots_max_videopreview":null,"robots_max_imagepreview":"large","priority":null,"frequency":null,"location":null,"local_seo":null,"seo_analyzer_scan_date":"2025-08-28 21:21:33","breadcrumb_settings":null,"limit_modified_date":false,"reviewed_by":null,"open_ai":null,"ai":null,"created":"2020-12-21 11:28:55","updated":"2025-08-28 21:21:33"},"aioseo_breadcrumb":"<div class=\"aioseo-breadcrumbs\"><span class=\"aioseo-breadcrumb\">\n\t<a href=\"https:\/\/candas365.es\/noticias\" title=\"Home\">Home<\/a>\n<\/span><span class=\"aioseo-breadcrumb-separator\">&ndash;<\/span><span class=\"aioseo-breadcrumb\">\n\t<a href=\"https:\/\/candas365.es\/noticias\/category\/actualidad\/\" title=\"Actualidad\">Actualidad<\/a>\n<\/span><span class=\"aioseo-breadcrumb-separator\">&ndash;<\/span><span class=\"aioseo-breadcrumb\">\n\tJan W\u00f6rner: \u00abEstoy seguro de que los chinos van a compartir sus descubrimientos\u201d\n<\/span><\/div>","aioseo_breadcrumb_json":[{"label":"Home","link":"https:\/\/candas365.es\/noticias"},{"label":"Actualidad","link":"https:\/\/candas365.es\/noticias\/category\/actualidad\/"},{"label":"Jan W\u00f6rner: \u00abEstoy seguro de que los chinos van a compartir sus descubrimientos\u201d","link":"https:\/\/candas365.es\/noticias\/jan-worner-estoy-seguro-de-que-los-chinos-van-a-compartir-sus-descubrimientos\/"}],"_links":{"self":[{"href":"https:\/\/candas365.es\/noticias\/wp-json\/wp\/v2\/posts\/113433","targetHints":{"allow":["GET"]}}],"collection":[{"href":"https:\/\/candas365.es\/noticias\/wp-json\/wp\/v2\/posts"}],"about":[{"href":"https:\/\/candas365.es\/noticias\/wp-json\/wp\/v2\/types\/post"}],"author":[{"embeddable":true,"href":"https:\/\/candas365.es\/noticias\/wp-json\/wp\/v2\/users\/1"}],"replies":[{"embeddable":true,"href":"https:\/\/candas365.es\/noticias\/wp-json\/wp\/v2\/comments?post=113433"}],"version-history":[{"count":0,"href":"https:\/\/candas365.es\/noticias\/wp-json\/wp\/v2\/posts\/113433\/revisions"}],"wp:featuredmedia":[{"embeddable":true,"href":"https:\/\/candas365.es\/noticias\/wp-json\/wp\/v2\/media\/113434"}],"wp:attachment":[{"href":"https:\/\/candas365.es\/noticias\/wp-json\/wp\/v2\/media?parent=113433"}],"wp:term":[{"taxonomy":"category","embeddable":true,"href":"https:\/\/candas365.es\/noticias\/wp-json\/wp\/v2\/categories?post=113433"},{"taxonomy":"post_tag","embeddable":true,"href":"https:\/\/candas365.es\/noticias\/wp-json\/wp\/v2\/tags?post=113433"}],"curies":[{"name":"wp","href":"https:\/\/api.w.org\/{rel}","templated":true}]}}