{"id":113428,"date":"2019-01-05T09:57:27","date_gmt":"2019-01-05T09:57:27","guid":{"rendered":"http:\/\/candas365.es\/noticias\/?p=113428"},"modified":"2019-01-05T09:57:27","modified_gmt":"2019-01-05T09:57:27","slug":"el-bayern-comienza-su-concentracion-invernal-en-qatar","status":"publish","type":"post","link":"https:\/\/candas365.es\/noticias\/el-bayern-comienza-su-concentracion-invernal-en-qatar\/","title":{"rendered":"El Bayern comienza su concentraci\u00f3n invernal en Qatar"},"content":{"rendered":"<p><img fetchpriority=\"high\" decoding=\"async\" class=\"alignleft size-medium wp-image-98026\" src=\"https:\/\/candas365.es\/noticias\/wp-content\/uploads\/2018\/06\/football-1406106_960_720-1-360x241.jpg\" alt=\"\" width=\"360\" height=\"241\" srcset=\"https:\/\/candas365.es\/noticias\/wp-content\/uploads\/2018\/06\/football-1406106_960_720-1-360x241.jpg 360w, https:\/\/candas365.es\/noticias\/wp-content\/uploads\/2018\/06\/football-1406106_960_720-1-768x514.jpg 768w, https:\/\/candas365.es\/noticias\/wp-content\/uploads\/2018\/06\/football-1406106_960_720-1-655x439.jpg 655w, https:\/\/candas365.es\/noticias\/wp-content\/uploads\/2018\/06\/football-1406106_960_720-1-696x466.jpg 696w, https:\/\/candas365.es\/noticias\/wp-content\/uploads\/2018\/06\/football-1406106_960_720-1-627x420.jpg 627w, https:\/\/candas365.es\/noticias\/wp-content\/uploads\/2018\/06\/football-1406106_960_720-1.jpg 960w\" sizes=\"(max-width: 360px) 100vw, 360px\" \/>Doha, 4 ene (dpa) &#8211; El Bayern M\u00fanich comienza hoy su concentraci\u00f3n invernal (boreal) en Qatar para preparar hasta el pr\u00f3ximo jueves la segunda fase de la Bundesliga.<\/p>\n<p>Los b\u00e1varos contar\u00e1n con la presencia del franc\u00e9s Corentin Tolisso y del colombiano James Rodr\u00edguez, que trabajar\u00e1n en su recuperaci\u00f3n tras larga lesi\u00f3n.<\/p>\n<p>El entrenador del Bayern, Niko Kovac, program\u00f3 dos sesiones diarias de entrenamiento en Qatar con el fin de reducir la distancia de seis puntos que le separa con el actual l\u00edder de la Liga alemana de f\u00fatbol, Borussia Dortmund.<\/p>\n<p>Una semana despu\u00e9s del regreso a Alemania, el campe\u00f3n germano comenzar\u00e1 en la cancha del Hoffenheim la segunda mitad de la Bundesliga.<\/p>\n<p>Un total de 29 jugadores se entrenar\u00e1n durante esta semana en el Golfo P\u00e9rsico. En la concentraci\u00f3n se encuentra el nuevo fichaje invernal del Bayern, el futbolista canadiense Alphonso Davies, de 18 a\u00f1os.<\/p>\n","protected":false},"excerpt":{"rendered":"<p>Doha, 4 ene (dpa) &#8211; El Bayern M\u00fanich comienza hoy su concentraci\u00f3n invernal (boreal) en Qatar para preparar hasta el pr\u00f3ximo jueves la segunda fase de la Bundesliga. Los b\u00e1varos contar\u00e1n con la presencia del franc\u00e9s Corentin Tolisso y del colombiano James Rodr\u00edguez, que trabajar\u00e1n en su recuperaci\u00f3n tras larga lesi\u00f3n. El entrenador del Bayern,<\/p>\n","protected":false},"author":1,"featured_media":91549,"comment_status":"closed","ping_status":"closed","sticky":false,"template":"","format":"standard","meta":{"footnotes":""},"categories":[319],"tags":[],"class_list":{"0":"post-113428","1":"post","2":"type-post","3":"status-publish","4":"format-standard","5":"has-post-thumbnail","7":"category-deporte"},"aioseo_notices":[],"aioseo_head":"\n\t\t<!-- All in One SEO Pro 4.9.6.2 - aioseo.com -->\n\t<meta name=\"description\" content=\"Doha, 4 ene (dpa) - El Bayern M\u00fanich comienza hoy su concentraci\u00f3n invernal (boreal) en Qatar para preparar hasta el pr\u00f3ximo jueves la segunda fase de la Bundesliga. Los b\u00e1varos contar\u00e1n con la presencia del franc\u00e9s Corentin Tolisso y del colombiano James Rodr\u00edguez, que trabajar\u00e1n en su recuperaci\u00f3n tras larga lesi\u00f3n. El entrenador del Bayern,\" \/>\n\t<meta name=\"robots\" content=\"max-image-preview:large\" \/>\n\t<meta name=\"author\" content=\"Cand\u00e1s 365\"\/>\n\t<meta name=\"google-site-verification\" content=\"UA-32230408-1\" \/>\n\t<meta name=\"msvalidate.01\" content=\"354F3CDFB2DA171B47FBE9ABF1F88D5\" \/>\n\t<meta name=\"keywords\" content=\"deporte\" \/>\n\t<link rel=\"canonical\" href=\"https:\/\/candas365.es\/noticias\/el-bayern-comienza-su-concentracion-invernal-en-qatar\/\" \/>\n\t<meta name=\"generator\" content=\"All in One SEO Pro (AIOSEO) 4.9.6.2\" \/>\n\t\t<meta property=\"og:locale\" content=\"es_ES\" \/>\n\t\t<meta property=\"og:site_name\" content=\"Cand\u00e1s 365\" \/>\n\t\t<meta property=\"og:type\" content=\"article\" \/>\n\t\t<meta property=\"og:title\" content=\"El Bayern comienza su concentraci\u00f3n invernal en Qatar | Cand\u00e1s 365\" \/>\n\t\t<meta property=\"og:description\" content=\"Doha, 4 ene (dpa) - El Bayern M\u00fanich comienza hoy su concentraci\u00f3n invernal (boreal) en Qatar para preparar hasta el pr\u00f3ximo jueves la segunda fase de la Bundesliga. Los b\u00e1varos contar\u00e1n con la presencia del franc\u00e9s Corentin Tolisso y del colombiano James Rodr\u00edguez, que trabajar\u00e1n en su recuperaci\u00f3n tras larga lesi\u00f3n. El entrenador del Bayern,\" \/>\n\t\t<meta property=\"og:url\" content=\"https:\/\/candas365.es\/noticias\/el-bayern-comienza-su-concentracion-invernal-en-qatar\/\" \/>\n\t\t<meta property=\"og:image\" content=\"https:\/\/candas365.es\/noticias\/wp-content\/uploads\/2018\/03\/football-2697618_1280.jpg\" \/>\n\t\t<meta property=\"og:image:secure_url\" content=\"https:\/\/candas365.es\/noticias\/wp-content\/uploads\/2018\/03\/football-2697618_1280.jpg\" \/>\n\t\t<meta property=\"og:image:width\" content=\"1280\" \/>\n\t\t<meta property=\"og:image:height\" content=\"960\" \/>\n\t\t<meta property=\"article:published_time\" content=\"2019-01-05T09:57:27+00:00\" \/>\n\t\t<meta property=\"article:modified_time\" content=\"2019-01-05T09:57:27+00:00\" \/>\n\t\t<meta property=\"article:publisher\" content=\"https:\/\/www.facebook.com\/Nachofdezber\" \/>\n\t\t<meta property=\"article:author\" content=\"https:\/\/www.facebook.com\/carrenoactualidad\" \/>\n\t\t<meta name=\"twitter:card\" content=\"summary_large_image\" \/>\n\t\t<meta name=\"twitter:site\" content=\"@NabercoDigital\" \/>\n\t\t<meta name=\"twitter:title\" content=\"El Bayern comienza su concentraci\u00f3n invernal en Qatar | Cand\u00e1s 365\" \/>\n\t\t<meta name=\"twitter:description\" content=\"Doha, 4 ene (dpa) - El Bayern M\u00fanich comienza hoy su concentraci\u00f3n invernal (boreal) en Qatar para preparar hasta el pr\u00f3ximo jueves la segunda fase de la Bundesliga. Los b\u00e1varos contar\u00e1n con la presencia del franc\u00e9s Corentin Tolisso y del colombiano James Rodr\u00edguez, que trabajar\u00e1n en su recuperaci\u00f3n tras larga lesi\u00f3n. El entrenador del Bayern,\" \/>\n\t\t<meta name=\"twitter:creator\" content=\"@nbasturias\" \/>\n\t\t<meta name=\"twitter:image\" content=\"https:\/\/candas365.es\/noticias\/wp-content\/uploads\/2018\/03\/football-2697618_1280.jpg\" \/>\n\t\t<meta name=\"twitter:label1\" content=\"Escrito por\" \/>\n\t\t<meta name=\"twitter:data1\" content=\"Cand\u00e1s 365\" \/>\n\t\t<meta name=\"twitter:label2\" content=\"Tiempo de lectura estimado\" \/>\n\t\t<meta name=\"twitter:data2\" content=\"1 minuto\" \/>\n\t\t<script type=\"application\/ld+json\" class=\"aioseo-schema\">\n\t\t\t{\"@context\":\"https:\\\/\\\/schema.org\",\"@graph\":[{\"@type\":\"BreadcrumbList\",\"@id\":\"https:\\\/\\\/candas365.es\\\/noticias\\\/el-bayern-comienza-su-concentracion-invernal-en-qatar\\\/#breadcrumblist\",\"itemListElement\":[{\"@type\":\"ListItem\",\"@id\":\"https:\\\/\\\/candas365.es\\\/noticias#listItem\",\"position\":1,\"name\":\"Home\",\"item\":\"https:\\\/\\\/candas365.es\\\/noticias\",\"nextItem\":{\"@type\":\"ListItem\",\"@id\":\"https:\\\/\\\/candas365.es\\\/noticias\\\/category\\\/deporte\\\/#listItem\",\"name\":\"Deporte\"}},{\"@type\":\"ListItem\",\"@id\":\"https:\\\/\\\/candas365.es\\\/noticias\\\/category\\\/deporte\\\/#listItem\",\"position\":2,\"name\":\"Deporte\",\"item\":\"https:\\\/\\\/candas365.es\\\/noticias\\\/category\\\/deporte\\\/\",\"nextItem\":{\"@type\":\"ListItem\",\"@id\":\"https:\\\/\\\/candas365.es\\\/noticias\\\/el-bayern-comienza-su-concentracion-invernal-en-qatar\\\/#listItem\",\"name\":\"El Bayern comienza su concentraci\\u00f3n invernal en Qatar\"},\"previousItem\":{\"@type\":\"ListItem\",\"@id\":\"https:\\\/\\\/candas365.es\\\/noticias#listItem\",\"name\":\"Home\"}},{\"@type\":\"ListItem\",\"@id\":\"https:\\\/\\\/candas365.es\\\/noticias\\\/el-bayern-comienza-su-concentracion-invernal-en-qatar\\\/#listItem\",\"position\":3,\"name\":\"El Bayern comienza su concentraci\\u00f3n invernal en Qatar\",\"previousItem\":{\"@type\":\"ListItem\",\"@id\":\"https:\\\/\\\/candas365.es\\\/noticias\\\/category\\\/deporte\\\/#listItem\",\"name\":\"Deporte\"}}]},{\"@type\":\"NewsArticle\",\"@id\":\"https:\\\/\\\/candas365.es\\\/noticias\\\/el-bayern-comienza-su-concentracion-invernal-en-qatar\\\/#newsarticle\",\"name\":\"El Bayern comienza su concentraci\\u00f3n invernal en Qatar | Cand\\u00e1s 365\",\"headline\":\"El Bayern comienza su concentraci\\u00f3n invernal en Qatar\",\"author\":{\"@id\":\"https:\\\/\\\/candas365.es\\\/noticias\\\/author\\\/admin\\\/#author\"},\"publisher\":{\"@id\":\"https:\\\/\\\/candas365.es\\\/noticias\\\/#organization\"},\"image\":{\"@type\":\"ImageObject\",\"url\":\"https:\\\/\\\/candas365.es\\\/noticias\\\/wp-content\\\/uploads\\\/2018\\\/03\\\/football-2697618_1280.jpg\",\"width\":1280,\"height\":960},\"datePublished\":\"2019-01-05T09:57:27+01:00\",\"dateModified\":\"2019-01-05T09:57:27+01:00\",\"inLanguage\":\"es-ES\",\"mainEntityOfPage\":{\"@id\":\"https:\\\/\\\/candas365.es\\\/noticias\\\/el-bayern-comienza-su-concentracion-invernal-en-qatar\\\/#webpage\"},\"isPartOf\":{\"@id\":\"https:\\\/\\\/candas365.es\\\/noticias\\\/el-bayern-comienza-su-concentracion-invernal-en-qatar\\\/#webpage\"},\"articleSection\":\"Deporte\",\"dateline\":\"Publicado el enero 5, 2019.\"},{\"@type\":\"Organization\",\"@id\":\"https:\\\/\\\/candas365.es\\\/noticias\\\/#organization\",\"name\":\"Cand\\u00e1s 365\",\"description\":\"Cand\\u00e1s 365 es un diario digital independiente, fundado en 2012, con base en Asturias. Informamos con rigor sobre actualidad, sociedad, cultura y ocio, con una mirada local y global.\",\"url\":\"https:\\\/\\\/candas365.es\\\/noticias\\\/\",\"email\":\"info@candas365.es\",\"telephone\":\"+34652131393\",\"foundingDate\":\"2012-06-10\",\"logo\":{\"@type\":\"ImageObject\",\"url\":\"https:\\\/\\\/candas365.es\\\/noticias\\\/wp-content\\\/uploads\\\/2024\\\/09\\\/Candas-365-Redes.jpg\",\"@id\":\"https:\\\/\\\/candas365.es\\\/noticias\\\/el-bayern-comienza-su-concentracion-invernal-en-qatar\\\/#organizationLogo\",\"width\":1152,\"height\":864,\"caption\":\"Cand\\u00e1s 365 Redes\"},\"image\":{\"@id\":\"https:\\\/\\\/candas365.es\\\/noticias\\\/el-bayern-comienza-su-concentracion-invernal-en-qatar\\\/#organizationLogo\"},\"sameAs\":[\"https:\\\/\\\/www.facebook.com\\\/Nachofdezber\",\"https:\\\/\\\/x.com\\\/NabercoDigital\",\"https:\\\/\\\/www.instagram.com\\\/nachofdezber\\\/\",\"https:\\\/\\\/www.youtube.com\\\/channel\\\/UCZP-2wLEB9Rv6erhFmqVnvg\"],\"address\":{\"@id\":\"https:\\\/\\\/candas365.es\\\/noticias\\\/#postaladdress\",\"@type\":\"PostalAddress\",\"streetAddress\":\"san antonio 4, san antonio 4\",\"postalCode\":\"33430\",\"addressLocality\":\"Cand\\u00e1s\",\"addressRegion\":\"Asturias\",\"addressCountry\":\"ES\"}},{\"@type\":\"Person\",\"@id\":\"https:\\\/\\\/candas365.es\\\/noticias\\\/author\\\/admin\\\/#author\",\"url\":\"https:\\\/\\\/candas365.es\\\/noticias\\\/author\\\/admin\\\/\",\"name\":\"Cand\\u00e1s 365\",\"image\":{\"@type\":\"ImageObject\",\"@id\":\"https:\\\/\\\/candas365.es\\\/noticias\\\/el-bayern-comienza-su-concentracion-invernal-en-qatar\\\/#authorImage\",\"url\":\"https:\\\/\\\/secure.gravatar.com\\\/avatar\\\/496a8e03d0c493ede1718b7934145dbdf8d89be1036b0eec9544e1094c9de390?s=96&d=mm&r=g\",\"width\":96,\"height\":96,\"caption\":\"Cand\\u00e1s 365\"},\"sameAs\":[\"https:\\\/\\\/www.facebook.com\\\/carrenoactualidad\",\"https:\\\/\\\/twitter.com\\\/nbasturias\",\"https:\\\/\\\/www.instagram.com\\\/nachofdezber\\\/\",\"https:\\\/\\\/www.youtube.com\\\/channel\\\/UCZP-2wLEB9Rv6erhFmqVnvg\"]},{\"@type\":\"WebPage\",\"@id\":\"https:\\\/\\\/candas365.es\\\/noticias\\\/el-bayern-comienza-su-concentracion-invernal-en-qatar\\\/#webpage\",\"url\":\"https:\\\/\\\/candas365.es\\\/noticias\\\/el-bayern-comienza-su-concentracion-invernal-en-qatar\\\/\",\"name\":\"El Bayern comienza su concentraci\\u00f3n invernal en Qatar | Cand\\u00e1s 365\",\"description\":\"Doha, 4 ene (dpa) - El Bayern M\\u00fanich comienza hoy su concentraci\\u00f3n invernal (boreal) en Qatar para preparar hasta el pr\\u00f3ximo jueves la segunda fase de la Bundesliga. Los b\\u00e1varos contar\\u00e1n con la presencia del franc\\u00e9s Corentin Tolisso y del colombiano James Rodr\\u00edguez, que trabajar\\u00e1n en su recuperaci\\u00f3n tras larga lesi\\u00f3n. El entrenador del Bayern,\",\"inLanguage\":\"es-ES\",\"isPartOf\":{\"@id\":\"https:\\\/\\\/candas365.es\\\/noticias\\\/#website\"},\"breadcrumb\":{\"@id\":\"https:\\\/\\\/candas365.es\\\/noticias\\\/el-bayern-comienza-su-concentracion-invernal-en-qatar\\\/#breadcrumblist\"},\"author\":{\"@id\":\"https:\\\/\\\/candas365.es\\\/noticias\\\/author\\\/admin\\\/#author\"},\"creator\":{\"@id\":\"https:\\\/\\\/candas365.es\\\/noticias\\\/author\\\/admin\\\/#author\"},\"image\":{\"@type\":\"ImageObject\",\"url\":\"https:\\\/\\\/candas365.es\\\/noticias\\\/wp-content\\\/uploads\\\/2018\\\/03\\\/football-2697618_1280.jpg\",\"@id\":\"https:\\\/\\\/candas365.es\\\/noticias\\\/el-bayern-comienza-su-concentracion-invernal-en-qatar\\\/#mainImage\",\"width\":1280,\"height\":960},\"primaryImageOfPage\":{\"@id\":\"https:\\\/\\\/candas365.es\\\/noticias\\\/el-bayern-comienza-su-concentracion-invernal-en-qatar\\\/#mainImage\"},\"datePublished\":\"2019-01-05T09:57:27+01:00\",\"dateModified\":\"2019-01-05T09:57:27+01:00\"},{\"@type\":\"WebSite\",\"@id\":\"https:\\\/\\\/candas365.es\\\/noticias\\\/#website\",\"url\":\"https:\\\/\\\/candas365.es\\\/noticias\\\/\",\"name\":\"Cand\\u00e1s 365\",\"alternateName\":\"Cand\\u00e1s 365 Noticias\",\"description\":\"Actualidad desde Carre\\u00f1o para el mundo\",\"inLanguage\":\"es-ES\",\"publisher\":{\"@id\":\"https:\\\/\\\/candas365.es\\\/noticias\\\/#organization\"}}]}\n\t\t<\/script>\n\t\t<!-- All in One SEO Pro -->\r\n\t\t<title>El Bayern comienza su concentraci\u00f3n invernal en Qatar | Cand\u00e1s 365<\/title>\n\n","aioseo_head_json":{"title":"El Bayern comienza su concentraci\u00f3n invernal en Qatar | Cand\u00e1s 365","description":"Doha, 4 ene (dpa) - El Bayern M\u00fanich comienza hoy su concentraci\u00f3n invernal (boreal) en Qatar para preparar hasta el pr\u00f3ximo jueves la segunda fase de la Bundesliga. Los b\u00e1varos contar\u00e1n con la presencia del franc\u00e9s Corentin Tolisso y del colombiano James Rodr\u00edguez, que trabajar\u00e1n en su recuperaci\u00f3n tras larga lesi\u00f3n. El entrenador del Bayern,","canonical_url":"https:\/\/candas365.es\/noticias\/el-bayern-comienza-su-concentracion-invernal-en-qatar\/","robots":"max-image-preview:large","keywords":"deporte","webmasterTools":{"google-site-verification":"UA-32230408-1","msvalidate.01":"354F3CDFB2DA171B47FBE9ABF1F88D5","miscellaneous":""},"schema":{"@context":"https:\/\/schema.org","@graph":[{"@type":"BreadcrumbList","@id":"https:\/\/candas365.es\/noticias\/el-bayern-comienza-su-concentracion-invernal-en-qatar\/#breadcrumblist","itemListElement":[{"@type":"ListItem","@id":"https:\/\/candas365.es\/noticias#listItem","position":1,"name":"Home","item":"https:\/\/candas365.es\/noticias","nextItem":{"@type":"ListItem","@id":"https:\/\/candas365.es\/noticias\/category\/deporte\/#listItem","name":"Deporte"}},{"@type":"ListItem","@id":"https:\/\/candas365.es\/noticias\/category\/deporte\/#listItem","position":2,"name":"Deporte","item":"https:\/\/candas365.es\/noticias\/category\/deporte\/","nextItem":{"@type":"ListItem","@id":"https:\/\/candas365.es\/noticias\/el-bayern-comienza-su-concentracion-invernal-en-qatar\/#listItem","name":"El Bayern comienza su concentraci\u00f3n invernal en Qatar"},"previousItem":{"@type":"ListItem","@id":"https:\/\/candas365.es\/noticias#listItem","name":"Home"}},{"@type":"ListItem","@id":"https:\/\/candas365.es\/noticias\/el-bayern-comienza-su-concentracion-invernal-en-qatar\/#listItem","position":3,"name":"El Bayern comienza su concentraci\u00f3n invernal en Qatar","previousItem":{"@type":"ListItem","@id":"https:\/\/candas365.es\/noticias\/category\/deporte\/#listItem","name":"Deporte"}}]},{"@type":"NewsArticle","@id":"https:\/\/candas365.es\/noticias\/el-bayern-comienza-su-concentracion-invernal-en-qatar\/#newsarticle","name":"El Bayern comienza su concentraci\u00f3n invernal en Qatar | Cand\u00e1s 365","headline":"El Bayern comienza su concentraci\u00f3n invernal en Qatar","author":{"@id":"https:\/\/candas365.es\/noticias\/author\/admin\/#author"},"publisher":{"@id":"https:\/\/candas365.es\/noticias\/#organization"},"image":{"@type":"ImageObject","url":"https:\/\/candas365.es\/noticias\/wp-content\/uploads\/2018\/03\/football-2697618_1280.jpg","width":1280,"height":960},"datePublished":"2019-01-05T09:57:27+01:00","dateModified":"2019-01-05T09:57:27+01:00","inLanguage":"es-ES","mainEntityOfPage":{"@id":"https:\/\/candas365.es\/noticias\/el-bayern-comienza-su-concentracion-invernal-en-qatar\/#webpage"},"isPartOf":{"@id":"https:\/\/candas365.es\/noticias\/el-bayern-comienza-su-concentracion-invernal-en-qatar\/#webpage"},"articleSection":"Deporte","dateline":"Publicado el enero 5, 2019."},{"@type":"Organization","@id":"https:\/\/candas365.es\/noticias\/#organization","name":"Cand\u00e1s 365","description":"Cand\u00e1s 365 es un diario digital independiente, fundado en 2012, con base en Asturias. Informamos con rigor sobre actualidad, sociedad, cultura y ocio, con una mirada local y global.","url":"https:\/\/candas365.es\/noticias\/","email":"info@candas365.es","telephone":"+34652131393","foundingDate":"2012-06-10","logo":{"@type":"ImageObject","url":"https:\/\/candas365.es\/noticias\/wp-content\/uploads\/2024\/09\/Candas-365-Redes.jpg","@id":"https:\/\/candas365.es\/noticias\/el-bayern-comienza-su-concentracion-invernal-en-qatar\/#organizationLogo","width":1152,"height":864,"caption":"Cand\u00e1s 365 Redes"},"image":{"@id":"https:\/\/candas365.es\/noticias\/el-bayern-comienza-su-concentracion-invernal-en-qatar\/#organizationLogo"},"sameAs":["https:\/\/www.facebook.com\/Nachofdezber","https:\/\/x.com\/NabercoDigital","https:\/\/www.instagram.com\/nachofdezber\/","https:\/\/www.youtube.com\/channel\/UCZP-2wLEB9Rv6erhFmqVnvg"],"address":{"@id":"https:\/\/candas365.es\/noticias\/#postaladdress","@type":"PostalAddress","streetAddress":"san antonio 4, san antonio 4","postalCode":"33430","addressLocality":"Cand\u00e1s","addressRegion":"Asturias","addressCountry":"ES"}},{"@type":"Person","@id":"https:\/\/candas365.es\/noticias\/author\/admin\/#author","url":"https:\/\/candas365.es\/noticias\/author\/admin\/","name":"Cand\u00e1s 365","image":{"@type":"ImageObject","@id":"https:\/\/candas365.es\/noticias\/el-bayern-comienza-su-concentracion-invernal-en-qatar\/#authorImage","url":"https:\/\/secure.gravatar.com\/avatar\/496a8e03d0c493ede1718b7934145dbdf8d89be1036b0eec9544e1094c9de390?s=96&d=mm&r=g","width":96,"height":96,"caption":"Cand\u00e1s 365"},"sameAs":["https:\/\/www.facebook.com\/carrenoactualidad","https:\/\/twitter.com\/nbasturias","https:\/\/www.instagram.com\/nachofdezber\/","https:\/\/www.youtube.com\/channel\/UCZP-2wLEB9Rv6erhFmqVnvg"]},{"@type":"WebPage","@id":"https:\/\/candas365.es\/noticias\/el-bayern-comienza-su-concentracion-invernal-en-qatar\/#webpage","url":"https:\/\/candas365.es\/noticias\/el-bayern-comienza-su-concentracion-invernal-en-qatar\/","name":"El Bayern comienza su concentraci\u00f3n invernal en Qatar | Cand\u00e1s 365","description":"Doha, 4 ene (dpa) - El Bayern M\u00fanich comienza hoy su concentraci\u00f3n invernal (boreal) en Qatar para preparar hasta el pr\u00f3ximo jueves la segunda fase de la Bundesliga. Los b\u00e1varos contar\u00e1n con la presencia del franc\u00e9s Corentin Tolisso y del colombiano James Rodr\u00edguez, que trabajar\u00e1n en su recuperaci\u00f3n tras larga lesi\u00f3n. El entrenador del Bayern,","inLanguage":"es-ES","isPartOf":{"@id":"https:\/\/candas365.es\/noticias\/#website"},"breadcrumb":{"@id":"https:\/\/candas365.es\/noticias\/el-bayern-comienza-su-concentracion-invernal-en-qatar\/#breadcrumblist"},"author":{"@id":"https:\/\/candas365.es\/noticias\/author\/admin\/#author"},"creator":{"@id":"https:\/\/candas365.es\/noticias\/author\/admin\/#author"},"image":{"@type":"ImageObject","url":"https:\/\/candas365.es\/noticias\/wp-content\/uploads\/2018\/03\/football-2697618_1280.jpg","@id":"https:\/\/candas365.es\/noticias\/el-bayern-comienza-su-concentracion-invernal-en-qatar\/#mainImage","width":1280,"height":960},"primaryImageOfPage":{"@id":"https:\/\/candas365.es\/noticias\/el-bayern-comienza-su-concentracion-invernal-en-qatar\/#mainImage"},"datePublished":"2019-01-05T09:57:27+01:00","dateModified":"2019-01-05T09:57:27+01:00"},{"@type":"WebSite","@id":"https:\/\/candas365.es\/noticias\/#website","url":"https:\/\/candas365.es\/noticias\/","name":"Cand\u00e1s 365","alternateName":"Cand\u00e1s 365 Noticias","description":"Actualidad desde Carre\u00f1o para el mundo","inLanguage":"es-ES","publisher":{"@id":"https:\/\/candas365.es\/noticias\/#organization"}}]},"og:locale":"es_ES","og:site_name":"Cand\u00e1s 365","og:type":"article","og:title":"El Bayern comienza su concentraci\u00f3n invernal en Qatar | Cand\u00e1s 365","og:description":"Doha, 4 ene (dpa) - El Bayern M\u00fanich comienza hoy su concentraci\u00f3n invernal (boreal) en Qatar para preparar hasta el pr\u00f3ximo jueves la segunda fase de la Bundesliga. Los b\u00e1varos contar\u00e1n con la presencia del franc\u00e9s Corentin Tolisso y del colombiano James Rodr\u00edguez, que trabajar\u00e1n en su recuperaci\u00f3n tras larga lesi\u00f3n. El entrenador del Bayern,","og:url":"https:\/\/candas365.es\/noticias\/el-bayern-comienza-su-concentracion-invernal-en-qatar\/","og:image":"https:\/\/candas365.es\/noticias\/wp-content\/uploads\/2018\/03\/football-2697618_1280.jpg","og:image:secure_url":"https:\/\/candas365.es\/noticias\/wp-content\/uploads\/2018\/03\/football-2697618_1280.jpg","og:image:width":1280,"og:image:height":960,"article:published_time":"2019-01-05T09:57:27+00:00","article:modified_time":"2019-01-05T09:57:27+00:00","article:publisher":"https:\/\/www.facebook.com\/Nachofdezber","article:author":"https:\/\/www.facebook.com\/carrenoactualidad","twitter:card":"summary_large_image","twitter:site":"@NabercoDigital","twitter:title":"El Bayern comienza su concentraci\u00f3n invernal en Qatar | Cand\u00e1s 365","twitter:description":"Doha, 4 ene (dpa) - El Bayern M\u00fanich comienza hoy su concentraci\u00f3n invernal (boreal) en Qatar para preparar hasta el pr\u00f3ximo jueves la segunda fase de la Bundesliga. Los b\u00e1varos contar\u00e1n con la presencia del franc\u00e9s Corentin Tolisso y del colombiano James Rodr\u00edguez, que trabajar\u00e1n en su recuperaci\u00f3n tras larga lesi\u00f3n. El entrenador del Bayern,","twitter:creator":"@nbasturias","twitter:image":"https:\/\/candas365.es\/noticias\/wp-content\/uploads\/2018\/03\/football-2697618_1280.jpg","twitter:label1":"Escrito por","twitter:data1":"Cand\u00e1s 365","twitter:label2":"Tiempo de lectura estimado","twitter:data2":"1 minuto"},"aioseo_meta_data":{"post_id":"113428","title":null,"description":null,"keywords":null,"keyphrases":null,"primary_term":null,"canonical_url":null,"og_title":null,"og_description":null,"og_object_type":"default","og_image_type":"default","og_image_url":null,"og_image_width":null,"og_image_height":null,"og_image_custom_url":null,"og_image_custom_fields":null,"og_video":null,"og_custom_url":null,"og_article_section":null,"og_article_tags":null,"twitter_use_og":false,"twitter_card":"default","twitter_image_type":"default","twitter_image_url":null,"twitter_image_custom_url":null,"twitter_image_custom_fields":null,"twitter_title":null,"twitter_description":null,"schema":{"blockGraphs":[],"customGraphs":[],"default":{"data":{"Article":[],"Course":[],"Dataset":[],"FAQPage":[],"Movie":[],"Person":[],"Product":[],"ProductReview":[],"Car":[],"Recipe":[],"Service":[],"SoftwareApplication":[],"WebPage":[]},"graphName":"","isEnabled":true},"graphs":[]},"schema_type":null,"schema_type_options":null,"pillar_content":false,"robots_default":true,"robots_noindex":false,"robots_noarchive":false,"robots_nosnippet":false,"robots_nofollow":false,"robots_noimageindex":false,"robots_noodp":false,"robots_notranslate":false,"robots_max_snippet":null,"robots_max_videopreview":null,"robots_max_imagepreview":"large","priority":null,"frequency":null,"location":null,"local_seo":null,"seo_analyzer_scan_date":"2025-08-28 21:21:25","breadcrumb_settings":null,"limit_modified_date":false,"reviewed_by":null,"open_ai":null,"ai":null,"created":"2020-12-21 11:28:55","updated":"2025-08-28 21:21:25"},"aioseo_breadcrumb":"<div class=\"aioseo-breadcrumbs\"><span class=\"aioseo-breadcrumb\">\n\t<a href=\"https:\/\/candas365.es\/noticias\" title=\"Home\">Home<\/a>\n<\/span><span class=\"aioseo-breadcrumb-separator\">&ndash;<\/span><span class=\"aioseo-breadcrumb\">\n\t<a href=\"https:\/\/candas365.es\/noticias\/category\/deporte\/\" title=\"Deporte\">Deporte<\/a>\n<\/span><span class=\"aioseo-breadcrumb-separator\">&ndash;<\/span><span class=\"aioseo-breadcrumb\">\n\tEl Bayern comienza su concentraci\u00f3n invernal en Qatar\n<\/span><\/div>","aioseo_breadcrumb_json":[{"label":"Home","link":"https:\/\/candas365.es\/noticias"},{"label":"Deporte","link":"https:\/\/candas365.es\/noticias\/category\/deporte\/"},{"label":"El Bayern comienza su concentraci\u00f3n invernal en Qatar","link":"https:\/\/candas365.es\/noticias\/el-bayern-comienza-su-concentracion-invernal-en-qatar\/"}],"_links":{"self":[{"href":"https:\/\/candas365.es\/noticias\/wp-json\/wp\/v2\/posts\/113428","targetHints":{"allow":["GET"]}}],"collection":[{"href":"https:\/\/candas365.es\/noticias\/wp-json\/wp\/v2\/posts"}],"about":[{"href":"https:\/\/candas365.es\/noticias\/wp-json\/wp\/v2\/types\/post"}],"author":[{"embeddable":true,"href":"https:\/\/candas365.es\/noticias\/wp-json\/wp\/v2\/users\/1"}],"replies":[{"embeddable":true,"href":"https:\/\/candas365.es\/noticias\/wp-json\/wp\/v2\/comments?post=113428"}],"version-history":[{"count":0,"href":"https:\/\/candas365.es\/noticias\/wp-json\/wp\/v2\/posts\/113428\/revisions"}],"wp:featuredmedia":[{"embeddable":true,"href":"https:\/\/candas365.es\/noticias\/wp-json\/wp\/v2\/media\/91549"}],"wp:attachment":[{"href":"https:\/\/candas365.es\/noticias\/wp-json\/wp\/v2\/media?parent=113428"}],"wp:term":[{"taxonomy":"category","embeddable":true,"href":"https:\/\/candas365.es\/noticias\/wp-json\/wp\/v2\/categories?post=113428"},{"taxonomy":"post_tag","embeddable":true,"href":"https:\/\/candas365.es\/noticias\/wp-json\/wp\/v2\/tags?post=113428"}],"curies":[{"name":"wp","href":"https:\/\/api.w.org\/{rel}","templated":true}]}}