{"id":113426,"date":"2019-01-05T09:55:38","date_gmt":"2019-01-05T09:55:38","guid":{"rendered":"http:\/\/candas365.es\/noticias\/?p=113426"},"modified":"2019-01-05T09:55:38","modified_gmt":"2019-01-05T09:55:38","slug":"schweinsteiger-y-kerber-protagonizan-portada-alemana-de-vogue","status":"publish","type":"post","link":"https:\/\/candas365.es\/noticias\/schweinsteiger-y-kerber-protagonizan-portada-alemana-de-vogue\/","title":{"rendered":"Schweinsteiger y Kerber protagonizan portada alemana de \u00abVogue\u00bb"},"content":{"rendered":"<p>M\u00fanich, 4 ene (dpa) &#8211; La revista \u00abVogue\u00bb celebrar\u00e1 sus 40 a\u00f1os en Alemania con una doble portada con las estrellas del deporte alem\u00e1n Bastian Schweinsteiger y Angelique Kerber.<\/p>\n<p>El futbolista Bastian Schweinsteiger figura junto con su esposa, la tenista Ana Ivanovic, mientras que la segunda portada muestra a la ganadora de Wimbledon 2018, Angelique Kerber.<\/p>\n<p>Schweinsteiger es, seg\u00fan la informaci\u00f3n de la editorial, el primer hombre alem\u00e1n que protagoniza una portada de la edici\u00f3n germana de \u00abVogue\u00bb. La revista saldr\u00e1 a la venta en Alemania el 8 de enero.<\/p>\n<p>El campe\u00f3n del mundo de f\u00fatbol de 2014 y ex jugador del Bayern M\u00fanich vive actualmente en Chicago con su esposa, la ex jugadora de tenis serbia Ana Ivanovic.<\/p>\n<p>En la nota dedicada a la pareja, el futbolista de 34 a\u00f1os se mostr\u00f3 satisfecho con la oferta culinaria en Estados Unidos. \u00abHay muy buenos restaurantes, pero a\u00fan no he encontrado un Kaiserschmarrn (postre t\u00edpico de Austria y Baviera) como lo conozco en casa\u00bb.<\/p>\n<p>Ivanovic habl\u00f3 en \u00abVogue\u00bb sobre su matrimonio. \u00abTodos los problemas se pueden resolver hablando y estando dispuestos a ceder. A veces eso es f\u00e1cil y otras veces implica esfuerzo\u00bb.<\/p>\n<p>La ganadora de Wimbledon 2018, Angelique Kerber, no quiso aventurar cu\u00e1ndo dejar\u00e1 el deporte activo. \u00abTodav\u00eda no s\u00e9 si parar\u00e9 en un par de meses o en dos a\u00f1os. Pero no creo que siga jugando torneos a los 40\u00bb, se\u00f1al\u00f3.<\/p>\n<p>La tenista de 30 a\u00f1os tambi\u00e9n fue preguntada sobre si tiene planes de formar familia. \u00abParece que todos los que me rodean se casan, construyen casas y tienen hijos. Pero no voy a dejar que eso me presione. Eso no es una competici\u00f3n como en el deporte\u00bb, agreg\u00f3 Kerber en \u00abVogue\u00bb.<\/p>\n","protected":false},"excerpt":{"rendered":"<p>M\u00fanich, 4 ene (dpa) &#8211; La revista \u00abVogue\u00bb celebrar\u00e1 sus 40 a\u00f1os en Alemania con una doble portada con las estrellas del deporte alem\u00e1n Bastian Schweinsteiger y Angelique Kerber. El futbolista Bastian Schweinsteiger figura junto con su esposa, la tenista Ana Ivanovic, mientras que la segunda portada muestra a la ganadora de Wimbledon 2018, Angelique<\/p>\n","protected":false},"author":1,"featured_media":89557,"comment_status":"closed","ping_status":"closed","sticky":false,"template":"","format":"standard","meta":{"footnotes":""},"categories":[143],"tags":[],"class_list":{"0":"post-113426","1":"post","2":"type-post","3":"status-publish","4":"format-standard","5":"has-post-thumbnail","7":"category-sociedad"},"aioseo_notices":[],"aioseo_head":"\n\t\t<!-- All in One SEO Pro 4.9.6.2 - aioseo.com -->\n\t<meta name=\"description\" content=\"M\u00fanich, 4 ene (dpa) - La revista &quot;Vogue&quot; celebrar\u00e1 sus 40 a\u00f1os en Alemania con una doble portada con las estrellas del deporte alem\u00e1n Bastian Schweinsteiger y Angelique Kerber. El futbolista Bastian Schweinsteiger figura junto con su esposa, la tenista Ana Ivanovic, mientras que la segunda portada muestra a la ganadora de Wimbledon 2018, Angelique\" \/>\n\t<meta name=\"robots\" content=\"max-image-preview:large\" \/>\n\t<meta name=\"author\" content=\"Cand\u00e1s 365\"\/>\n\t<meta name=\"google-site-verification\" content=\"UA-32230408-1\" \/>\n\t<meta name=\"msvalidate.01\" content=\"354F3CDFB2DA171B47FBE9ABF1F88D5\" \/>\n\t<meta name=\"keywords\" content=\"sociedad\" \/>\n\t<link rel=\"canonical\" href=\"https:\/\/candas365.es\/noticias\/schweinsteiger-y-kerber-protagonizan-portada-alemana-de-vogue\/\" \/>\n\t<meta name=\"generator\" content=\"All in One SEO Pro (AIOSEO) 4.9.6.2\" \/>\n\t\t<meta property=\"og:locale\" content=\"es_ES\" \/>\n\t\t<meta property=\"og:site_name\" content=\"Cand\u00e1s 365\" \/>\n\t\t<meta property=\"og:type\" content=\"article\" \/>\n\t\t<meta property=\"og:title\" content=\"Schweinsteiger y Kerber protagonizan portada alemana de \u00abVogue\u00bb | Cand\u00e1s 365\" \/>\n\t\t<meta property=\"og:description\" content=\"M\u00fanich, 4 ene (dpa) - La revista &quot;Vogue&quot; celebrar\u00e1 sus 40 a\u00f1os en Alemania con una doble portada con las estrellas del deporte alem\u00e1n Bastian Schweinsteiger y Angelique Kerber. El futbolista Bastian Schweinsteiger figura junto con su esposa, la tenista Ana Ivanovic, mientras que la segunda portada muestra a la ganadora de Wimbledon 2018, Angelique\" \/>\n\t\t<meta property=\"og:url\" content=\"https:\/\/candas365.es\/noticias\/schweinsteiger-y-kerber-protagonizan-portada-alemana-de-vogue\/\" \/>\n\t\t<meta property=\"og:image\" content=\"https:\/\/candas365.es\/noticias\/wp-content\/uploads\/2018\/02\/macbook-577758_1280.jpg\" \/>\n\t\t<meta property=\"og:image:secure_url\" content=\"https:\/\/candas365.es\/noticias\/wp-content\/uploads\/2018\/02\/macbook-577758_1280.jpg\" \/>\n\t\t<meta property=\"og:image:width\" content=\"1280\" \/>\n\t\t<meta property=\"og:image:height\" content=\"850\" \/>\n\t\t<meta property=\"article:published_time\" content=\"2019-01-05T09:55:38+00:00\" \/>\n\t\t<meta property=\"article:modified_time\" content=\"2019-01-05T09:55:38+00:00\" \/>\n\t\t<meta property=\"article:publisher\" content=\"https:\/\/www.facebook.com\/Nachofdezber\" \/>\n\t\t<meta property=\"article:author\" content=\"https:\/\/www.facebook.com\/carrenoactualidad\" \/>\n\t\t<meta name=\"twitter:card\" content=\"summary_large_image\" \/>\n\t\t<meta name=\"twitter:site\" content=\"@NabercoDigital\" \/>\n\t\t<meta name=\"twitter:title\" content=\"Schweinsteiger y Kerber protagonizan portada alemana de \u00abVogue\u00bb | Cand\u00e1s 365\" \/>\n\t\t<meta name=\"twitter:description\" content=\"M\u00fanich, 4 ene (dpa) - La revista &quot;Vogue&quot; celebrar\u00e1 sus 40 a\u00f1os en Alemania con una doble portada con las estrellas del deporte alem\u00e1n Bastian Schweinsteiger y Angelique Kerber. El futbolista Bastian Schweinsteiger figura junto con su esposa, la tenista Ana Ivanovic, mientras que la segunda portada muestra a la ganadora de Wimbledon 2018, Angelique\" \/>\n\t\t<meta name=\"twitter:creator\" content=\"@nbasturias\" \/>\n\t\t<meta name=\"twitter:image\" content=\"https:\/\/candas365.es\/noticias\/wp-content\/uploads\/2018\/02\/macbook-577758_1280.jpg\" \/>\n\t\t<meta name=\"twitter:label1\" content=\"Escrito por\" \/>\n\t\t<meta name=\"twitter:data1\" content=\"Cand\u00e1s 365\" \/>\n\t\t<meta name=\"twitter:label2\" content=\"Tiempo de lectura estimado\" \/>\n\t\t<meta name=\"twitter:data2\" content=\"1 minuto\" \/>\n\t\t<script type=\"application\/ld+json\" class=\"aioseo-schema\">\n\t\t\t{\"@context\":\"https:\\\/\\\/schema.org\",\"@graph\":[{\"@type\":\"BreadcrumbList\",\"@id\":\"https:\\\/\\\/candas365.es\\\/noticias\\\/schweinsteiger-y-kerber-protagonizan-portada-alemana-de-vogue\\\/#breadcrumblist\",\"itemListElement\":[{\"@type\":\"ListItem\",\"@id\":\"https:\\\/\\\/candas365.es\\\/noticias#listItem\",\"position\":1,\"name\":\"Home\",\"item\":\"https:\\\/\\\/candas365.es\\\/noticias\",\"nextItem\":{\"@type\":\"ListItem\",\"@id\":\"https:\\\/\\\/candas365.es\\\/noticias\\\/category\\\/sociedad\\\/#listItem\",\"name\":\"Sociedad\"}},{\"@type\":\"ListItem\",\"@id\":\"https:\\\/\\\/candas365.es\\\/noticias\\\/category\\\/sociedad\\\/#listItem\",\"position\":2,\"name\":\"Sociedad\",\"item\":\"https:\\\/\\\/candas365.es\\\/noticias\\\/category\\\/sociedad\\\/\",\"nextItem\":{\"@type\":\"ListItem\",\"@id\":\"https:\\\/\\\/candas365.es\\\/noticias\\\/schweinsteiger-y-kerber-protagonizan-portada-alemana-de-vogue\\\/#listItem\",\"name\":\"Schweinsteiger y Kerber protagonizan portada alemana de \\u00abVogue\\u00bb\"},\"previousItem\":{\"@type\":\"ListItem\",\"@id\":\"https:\\\/\\\/candas365.es\\\/noticias#listItem\",\"name\":\"Home\"}},{\"@type\":\"ListItem\",\"@id\":\"https:\\\/\\\/candas365.es\\\/noticias\\\/schweinsteiger-y-kerber-protagonizan-portada-alemana-de-vogue\\\/#listItem\",\"position\":3,\"name\":\"Schweinsteiger y Kerber protagonizan portada alemana de \\u00abVogue\\u00bb\",\"previousItem\":{\"@type\":\"ListItem\",\"@id\":\"https:\\\/\\\/candas365.es\\\/noticias\\\/category\\\/sociedad\\\/#listItem\",\"name\":\"Sociedad\"}}]},{\"@type\":\"NewsArticle\",\"@id\":\"https:\\\/\\\/candas365.es\\\/noticias\\\/schweinsteiger-y-kerber-protagonizan-portada-alemana-de-vogue\\\/#newsarticle\",\"name\":\"Schweinsteiger y Kerber protagonizan portada alemana de \\u00abVogue\\u00bb | Cand\\u00e1s 365\",\"headline\":\"Schweinsteiger y Kerber protagonizan portada alemana de \\u00abVogue\\u00bb\",\"author\":{\"@id\":\"https:\\\/\\\/candas365.es\\\/noticias\\\/author\\\/admin\\\/#author\"},\"publisher\":{\"@id\":\"https:\\\/\\\/candas365.es\\\/noticias\\\/#organization\"},\"image\":{\"@type\":\"ImageObject\",\"url\":\"https:\\\/\\\/candas365.es\\\/noticias\\\/wp-content\\\/uploads\\\/2018\\\/02\\\/macbook-577758_1280.jpg\",\"width\":1280,\"height\":850},\"datePublished\":\"2019-01-05T09:55:38+01:00\",\"dateModified\":\"2019-01-05T09:55:38+01:00\",\"inLanguage\":\"es-ES\",\"mainEntityOfPage\":{\"@id\":\"https:\\\/\\\/candas365.es\\\/noticias\\\/schweinsteiger-y-kerber-protagonizan-portada-alemana-de-vogue\\\/#webpage\"},\"isPartOf\":{\"@id\":\"https:\\\/\\\/candas365.es\\\/noticias\\\/schweinsteiger-y-kerber-protagonizan-portada-alemana-de-vogue\\\/#webpage\"},\"articleSection\":\"Sociedad\",\"dateline\":\"Publicado el enero 5, 2019.\"},{\"@type\":\"Organization\",\"@id\":\"https:\\\/\\\/candas365.es\\\/noticias\\\/#organization\",\"name\":\"Cand\\u00e1s 365\",\"description\":\"Cand\\u00e1s 365 es un diario digital independiente, fundado en 2012, con base en Asturias. Informamos con rigor sobre actualidad, sociedad, cultura y ocio, con una mirada local y global.\",\"url\":\"https:\\\/\\\/candas365.es\\\/noticias\\\/\",\"email\":\"info@candas365.es\",\"telephone\":\"+34652131393\",\"foundingDate\":\"2012-06-10\",\"logo\":{\"@type\":\"ImageObject\",\"url\":\"https:\\\/\\\/candas365.es\\\/noticias\\\/wp-content\\\/uploads\\\/2024\\\/09\\\/Candas-365-Redes.jpg\",\"@id\":\"https:\\\/\\\/candas365.es\\\/noticias\\\/schweinsteiger-y-kerber-protagonizan-portada-alemana-de-vogue\\\/#organizationLogo\",\"width\":1152,\"height\":864,\"caption\":\"Cand\\u00e1s 365 Redes\"},\"image\":{\"@id\":\"https:\\\/\\\/candas365.es\\\/noticias\\\/schweinsteiger-y-kerber-protagonizan-portada-alemana-de-vogue\\\/#organizationLogo\"},\"sameAs\":[\"https:\\\/\\\/www.facebook.com\\\/Nachofdezber\",\"https:\\\/\\\/x.com\\\/NabercoDigital\",\"https:\\\/\\\/www.instagram.com\\\/nachofdezber\\\/\",\"https:\\\/\\\/www.youtube.com\\\/channel\\\/UCZP-2wLEB9Rv6erhFmqVnvg\"],\"address\":{\"@id\":\"https:\\\/\\\/candas365.es\\\/noticias\\\/#postaladdress\",\"@type\":\"PostalAddress\",\"streetAddress\":\"san antonio 4, san antonio 4\",\"postalCode\":\"33430\",\"addressLocality\":\"Cand\\u00e1s\",\"addressRegion\":\"Asturias\",\"addressCountry\":\"ES\"}},{\"@type\":\"Person\",\"@id\":\"https:\\\/\\\/candas365.es\\\/noticias\\\/author\\\/admin\\\/#author\",\"url\":\"https:\\\/\\\/candas365.es\\\/noticias\\\/author\\\/admin\\\/\",\"name\":\"Cand\\u00e1s 365\",\"image\":{\"@type\":\"ImageObject\",\"@id\":\"https:\\\/\\\/candas365.es\\\/noticias\\\/schweinsteiger-y-kerber-protagonizan-portada-alemana-de-vogue\\\/#authorImage\",\"url\":\"https:\\\/\\\/secure.gravatar.com\\\/avatar\\\/496a8e03d0c493ede1718b7934145dbdf8d89be1036b0eec9544e1094c9de390?s=96&d=mm&r=g\",\"width\":96,\"height\":96,\"caption\":\"Cand\\u00e1s 365\"},\"sameAs\":[\"https:\\\/\\\/www.facebook.com\\\/carrenoactualidad\",\"https:\\\/\\\/twitter.com\\\/nbasturias\",\"https:\\\/\\\/www.instagram.com\\\/nachofdezber\\\/\",\"https:\\\/\\\/www.youtube.com\\\/channel\\\/UCZP-2wLEB9Rv6erhFmqVnvg\"]},{\"@type\":\"WebPage\",\"@id\":\"https:\\\/\\\/candas365.es\\\/noticias\\\/schweinsteiger-y-kerber-protagonizan-portada-alemana-de-vogue\\\/#webpage\",\"url\":\"https:\\\/\\\/candas365.es\\\/noticias\\\/schweinsteiger-y-kerber-protagonizan-portada-alemana-de-vogue\\\/\",\"name\":\"Schweinsteiger y Kerber protagonizan portada alemana de \\u00abVogue\\u00bb | Cand\\u00e1s 365\",\"description\":\"M\\u00fanich, 4 ene (dpa) - La revista \\\"Vogue\\\" celebrar\\u00e1 sus 40 a\\u00f1os en Alemania con una doble portada con las estrellas del deporte alem\\u00e1n Bastian Schweinsteiger y Angelique Kerber. El futbolista Bastian Schweinsteiger figura junto con su esposa, la tenista Ana Ivanovic, mientras que la segunda portada muestra a la ganadora de Wimbledon 2018, Angelique\",\"inLanguage\":\"es-ES\",\"isPartOf\":{\"@id\":\"https:\\\/\\\/candas365.es\\\/noticias\\\/#website\"},\"breadcrumb\":{\"@id\":\"https:\\\/\\\/candas365.es\\\/noticias\\\/schweinsteiger-y-kerber-protagonizan-portada-alemana-de-vogue\\\/#breadcrumblist\"},\"author\":{\"@id\":\"https:\\\/\\\/candas365.es\\\/noticias\\\/author\\\/admin\\\/#author\"},\"creator\":{\"@id\":\"https:\\\/\\\/candas365.es\\\/noticias\\\/author\\\/admin\\\/#author\"},\"image\":{\"@type\":\"ImageObject\",\"url\":\"https:\\\/\\\/candas365.es\\\/noticias\\\/wp-content\\\/uploads\\\/2018\\\/02\\\/macbook-577758_1280.jpg\",\"@id\":\"https:\\\/\\\/candas365.es\\\/noticias\\\/schweinsteiger-y-kerber-protagonizan-portada-alemana-de-vogue\\\/#mainImage\",\"width\":1280,\"height\":850},\"primaryImageOfPage\":{\"@id\":\"https:\\\/\\\/candas365.es\\\/noticias\\\/schweinsteiger-y-kerber-protagonizan-portada-alemana-de-vogue\\\/#mainImage\"},\"datePublished\":\"2019-01-05T09:55:38+01:00\",\"dateModified\":\"2019-01-05T09:55:38+01:00\"},{\"@type\":\"WebSite\",\"@id\":\"https:\\\/\\\/candas365.es\\\/noticias\\\/#website\",\"url\":\"https:\\\/\\\/candas365.es\\\/noticias\\\/\",\"name\":\"Cand\\u00e1s 365\",\"alternateName\":\"Cand\\u00e1s 365 Noticias\",\"description\":\"Actualidad desde Carre\\u00f1o para el mundo\",\"inLanguage\":\"es-ES\",\"publisher\":{\"@id\":\"https:\\\/\\\/candas365.es\\\/noticias\\\/#organization\"}}]}\n\t\t<\/script>\n\t\t<!-- All in One SEO Pro -->\r\n\t\t<title>Schweinsteiger y Kerber protagonizan portada alemana de \u00abVogue\u00bb | Cand\u00e1s 365<\/title>\n\n","aioseo_head_json":{"title":"Schweinsteiger y Kerber protagonizan portada alemana de \u00abVogue\u00bb | Cand\u00e1s 365","description":"M\u00fanich, 4 ene (dpa) - La revista \"Vogue\" celebrar\u00e1 sus 40 a\u00f1os en Alemania con una doble portada con las estrellas del deporte alem\u00e1n Bastian Schweinsteiger y Angelique Kerber. El futbolista Bastian Schweinsteiger figura junto con su esposa, la tenista Ana Ivanovic, mientras que la segunda portada muestra a la ganadora de Wimbledon 2018, Angelique","canonical_url":"https:\/\/candas365.es\/noticias\/schweinsteiger-y-kerber-protagonizan-portada-alemana-de-vogue\/","robots":"max-image-preview:large","keywords":"sociedad","webmasterTools":{"google-site-verification":"UA-32230408-1","msvalidate.01":"354F3CDFB2DA171B47FBE9ABF1F88D5","miscellaneous":""},"schema":{"@context":"https:\/\/schema.org","@graph":[{"@type":"BreadcrumbList","@id":"https:\/\/candas365.es\/noticias\/schweinsteiger-y-kerber-protagonizan-portada-alemana-de-vogue\/#breadcrumblist","itemListElement":[{"@type":"ListItem","@id":"https:\/\/candas365.es\/noticias#listItem","position":1,"name":"Home","item":"https:\/\/candas365.es\/noticias","nextItem":{"@type":"ListItem","@id":"https:\/\/candas365.es\/noticias\/category\/sociedad\/#listItem","name":"Sociedad"}},{"@type":"ListItem","@id":"https:\/\/candas365.es\/noticias\/category\/sociedad\/#listItem","position":2,"name":"Sociedad","item":"https:\/\/candas365.es\/noticias\/category\/sociedad\/","nextItem":{"@type":"ListItem","@id":"https:\/\/candas365.es\/noticias\/schweinsteiger-y-kerber-protagonizan-portada-alemana-de-vogue\/#listItem","name":"Schweinsteiger y Kerber protagonizan portada alemana de \u00abVogue\u00bb"},"previousItem":{"@type":"ListItem","@id":"https:\/\/candas365.es\/noticias#listItem","name":"Home"}},{"@type":"ListItem","@id":"https:\/\/candas365.es\/noticias\/schweinsteiger-y-kerber-protagonizan-portada-alemana-de-vogue\/#listItem","position":3,"name":"Schweinsteiger y Kerber protagonizan portada alemana de \u00abVogue\u00bb","previousItem":{"@type":"ListItem","@id":"https:\/\/candas365.es\/noticias\/category\/sociedad\/#listItem","name":"Sociedad"}}]},{"@type":"NewsArticle","@id":"https:\/\/candas365.es\/noticias\/schweinsteiger-y-kerber-protagonizan-portada-alemana-de-vogue\/#newsarticle","name":"Schweinsteiger y Kerber protagonizan portada alemana de \u00abVogue\u00bb | Cand\u00e1s 365","headline":"Schweinsteiger y Kerber protagonizan portada alemana de \u00abVogue\u00bb","author":{"@id":"https:\/\/candas365.es\/noticias\/author\/admin\/#author"},"publisher":{"@id":"https:\/\/candas365.es\/noticias\/#organization"},"image":{"@type":"ImageObject","url":"https:\/\/candas365.es\/noticias\/wp-content\/uploads\/2018\/02\/macbook-577758_1280.jpg","width":1280,"height":850},"datePublished":"2019-01-05T09:55:38+01:00","dateModified":"2019-01-05T09:55:38+01:00","inLanguage":"es-ES","mainEntityOfPage":{"@id":"https:\/\/candas365.es\/noticias\/schweinsteiger-y-kerber-protagonizan-portada-alemana-de-vogue\/#webpage"},"isPartOf":{"@id":"https:\/\/candas365.es\/noticias\/schweinsteiger-y-kerber-protagonizan-portada-alemana-de-vogue\/#webpage"},"articleSection":"Sociedad","dateline":"Publicado el enero 5, 2019."},{"@type":"Organization","@id":"https:\/\/candas365.es\/noticias\/#organization","name":"Cand\u00e1s 365","description":"Cand\u00e1s 365 es un diario digital independiente, fundado en 2012, con base en Asturias. Informamos con rigor sobre actualidad, sociedad, cultura y ocio, con una mirada local y global.","url":"https:\/\/candas365.es\/noticias\/","email":"info@candas365.es","telephone":"+34652131393","foundingDate":"2012-06-10","logo":{"@type":"ImageObject","url":"https:\/\/candas365.es\/noticias\/wp-content\/uploads\/2024\/09\/Candas-365-Redes.jpg","@id":"https:\/\/candas365.es\/noticias\/schweinsteiger-y-kerber-protagonizan-portada-alemana-de-vogue\/#organizationLogo","width":1152,"height":864,"caption":"Cand\u00e1s 365 Redes"},"image":{"@id":"https:\/\/candas365.es\/noticias\/schweinsteiger-y-kerber-protagonizan-portada-alemana-de-vogue\/#organizationLogo"},"sameAs":["https:\/\/www.facebook.com\/Nachofdezber","https:\/\/x.com\/NabercoDigital","https:\/\/www.instagram.com\/nachofdezber\/","https:\/\/www.youtube.com\/channel\/UCZP-2wLEB9Rv6erhFmqVnvg"],"address":{"@id":"https:\/\/candas365.es\/noticias\/#postaladdress","@type":"PostalAddress","streetAddress":"san antonio 4, san antonio 4","postalCode":"33430","addressLocality":"Cand\u00e1s","addressRegion":"Asturias","addressCountry":"ES"}},{"@type":"Person","@id":"https:\/\/candas365.es\/noticias\/author\/admin\/#author","url":"https:\/\/candas365.es\/noticias\/author\/admin\/","name":"Cand\u00e1s 365","image":{"@type":"ImageObject","@id":"https:\/\/candas365.es\/noticias\/schweinsteiger-y-kerber-protagonizan-portada-alemana-de-vogue\/#authorImage","url":"https:\/\/secure.gravatar.com\/avatar\/496a8e03d0c493ede1718b7934145dbdf8d89be1036b0eec9544e1094c9de390?s=96&d=mm&r=g","width":96,"height":96,"caption":"Cand\u00e1s 365"},"sameAs":["https:\/\/www.facebook.com\/carrenoactualidad","https:\/\/twitter.com\/nbasturias","https:\/\/www.instagram.com\/nachofdezber\/","https:\/\/www.youtube.com\/channel\/UCZP-2wLEB9Rv6erhFmqVnvg"]},{"@type":"WebPage","@id":"https:\/\/candas365.es\/noticias\/schweinsteiger-y-kerber-protagonizan-portada-alemana-de-vogue\/#webpage","url":"https:\/\/candas365.es\/noticias\/schweinsteiger-y-kerber-protagonizan-portada-alemana-de-vogue\/","name":"Schweinsteiger y Kerber protagonizan portada alemana de \u00abVogue\u00bb | Cand\u00e1s 365","description":"M\u00fanich, 4 ene (dpa) - La revista \"Vogue\" celebrar\u00e1 sus 40 a\u00f1os en Alemania con una doble portada con las estrellas del deporte alem\u00e1n Bastian Schweinsteiger y Angelique Kerber. El futbolista Bastian Schweinsteiger figura junto con su esposa, la tenista Ana Ivanovic, mientras que la segunda portada muestra a la ganadora de Wimbledon 2018, Angelique","inLanguage":"es-ES","isPartOf":{"@id":"https:\/\/candas365.es\/noticias\/#website"},"breadcrumb":{"@id":"https:\/\/candas365.es\/noticias\/schweinsteiger-y-kerber-protagonizan-portada-alemana-de-vogue\/#breadcrumblist"},"author":{"@id":"https:\/\/candas365.es\/noticias\/author\/admin\/#author"},"creator":{"@id":"https:\/\/candas365.es\/noticias\/author\/admin\/#author"},"image":{"@type":"ImageObject","url":"https:\/\/candas365.es\/noticias\/wp-content\/uploads\/2018\/02\/macbook-577758_1280.jpg","@id":"https:\/\/candas365.es\/noticias\/schweinsteiger-y-kerber-protagonizan-portada-alemana-de-vogue\/#mainImage","width":1280,"height":850},"primaryImageOfPage":{"@id":"https:\/\/candas365.es\/noticias\/schweinsteiger-y-kerber-protagonizan-portada-alemana-de-vogue\/#mainImage"},"datePublished":"2019-01-05T09:55:38+01:00","dateModified":"2019-01-05T09:55:38+01:00"},{"@type":"WebSite","@id":"https:\/\/candas365.es\/noticias\/#website","url":"https:\/\/candas365.es\/noticias\/","name":"Cand\u00e1s 365","alternateName":"Cand\u00e1s 365 Noticias","description":"Actualidad desde Carre\u00f1o para el mundo","inLanguage":"es-ES","publisher":{"@id":"https:\/\/candas365.es\/noticias\/#organization"}}]},"og:locale":"es_ES","og:site_name":"Cand\u00e1s 365","og:type":"article","og:title":"Schweinsteiger y Kerber protagonizan portada alemana de \u00abVogue\u00bb | Cand\u00e1s 365","og:description":"M\u00fanich, 4 ene (dpa) - La revista &quot;Vogue&quot; celebrar\u00e1 sus 40 a\u00f1os en Alemania con una doble portada con las estrellas del deporte alem\u00e1n Bastian Schweinsteiger y Angelique Kerber. El futbolista Bastian Schweinsteiger figura junto con su esposa, la tenista Ana Ivanovic, mientras que la segunda portada muestra a la ganadora de Wimbledon 2018, Angelique","og:url":"https:\/\/candas365.es\/noticias\/schweinsteiger-y-kerber-protagonizan-portada-alemana-de-vogue\/","og:image":"https:\/\/candas365.es\/noticias\/wp-content\/uploads\/2018\/02\/macbook-577758_1280.jpg","og:image:secure_url":"https:\/\/candas365.es\/noticias\/wp-content\/uploads\/2018\/02\/macbook-577758_1280.jpg","og:image:width":1280,"og:image:height":850,"article:published_time":"2019-01-05T09:55:38+00:00","article:modified_time":"2019-01-05T09:55:38+00:00","article:publisher":"https:\/\/www.facebook.com\/Nachofdezber","article:author":"https:\/\/www.facebook.com\/carrenoactualidad","twitter:card":"summary_large_image","twitter:site":"@NabercoDigital","twitter:title":"Schweinsteiger y Kerber protagonizan portada alemana de \u00abVogue\u00bb | Cand\u00e1s 365","twitter:description":"M\u00fanich, 4 ene (dpa) - La revista &quot;Vogue&quot; celebrar\u00e1 sus 40 a\u00f1os en Alemania con una doble portada con las estrellas del deporte alem\u00e1n Bastian Schweinsteiger y Angelique Kerber. El futbolista Bastian Schweinsteiger figura junto con su esposa, la tenista Ana Ivanovic, mientras que la segunda portada muestra a la ganadora de Wimbledon 2018, Angelique","twitter:creator":"@nbasturias","twitter:image":"https:\/\/candas365.es\/noticias\/wp-content\/uploads\/2018\/02\/macbook-577758_1280.jpg","twitter:label1":"Escrito por","twitter:data1":"Cand\u00e1s 365","twitter:label2":"Tiempo de lectura estimado","twitter:data2":"1 minuto"},"aioseo_meta_data":{"post_id":"113426","title":null,"description":null,"keywords":null,"keyphrases":null,"primary_term":null,"canonical_url":null,"og_title":null,"og_description":null,"og_object_type":"default","og_image_type":"default","og_image_url":null,"og_image_width":null,"og_image_height":null,"og_image_custom_url":null,"og_image_custom_fields":null,"og_video":null,"og_custom_url":null,"og_article_section":null,"og_article_tags":null,"twitter_use_og":false,"twitter_card":"default","twitter_image_type":"default","twitter_image_url":null,"twitter_image_custom_url":null,"twitter_image_custom_fields":null,"twitter_title":null,"twitter_description":null,"schema":{"blockGraphs":[],"customGraphs":[],"default":{"data":{"Article":[],"Course":[],"Dataset":[],"FAQPage":[],"Movie":[],"Person":[],"Product":[],"ProductReview":[],"Car":[],"Recipe":[],"Service":[],"SoftwareApplication":[],"WebPage":[]},"graphName":"","isEnabled":true},"graphs":[]},"schema_type":null,"schema_type_options":null,"pillar_content":false,"robots_default":true,"robots_noindex":false,"robots_noarchive":false,"robots_nosnippet":false,"robots_nofollow":false,"robots_noimageindex":false,"robots_noodp":false,"robots_notranslate":false,"robots_max_snippet":null,"robots_max_videopreview":null,"robots_max_imagepreview":"large","priority":null,"frequency":null,"location":null,"local_seo":null,"seo_analyzer_scan_date":"2025-08-28 21:21:23","breadcrumb_settings":null,"limit_modified_date":false,"reviewed_by":null,"open_ai":null,"ai":null,"created":"2020-12-21 11:28:55","updated":"2025-08-28 21:21:23"},"aioseo_breadcrumb":"<div class=\"aioseo-breadcrumbs\"><span class=\"aioseo-breadcrumb\">\n\t<a href=\"https:\/\/candas365.es\/noticias\" title=\"Home\">Home<\/a>\n<\/span><span class=\"aioseo-breadcrumb-separator\">&ndash;<\/span><span class=\"aioseo-breadcrumb\">\n\t<a href=\"https:\/\/candas365.es\/noticias\/category\/sociedad\/\" title=\"Sociedad\">Sociedad<\/a>\n<\/span><span class=\"aioseo-breadcrumb-separator\">&ndash;<\/span><span class=\"aioseo-breadcrumb\">\n\tSchweinsteiger y Kerber protagonizan portada alemana de \u00abVogue\u00bb\n<\/span><\/div>","aioseo_breadcrumb_json":[{"label":"Home","link":"https:\/\/candas365.es\/noticias"},{"label":"Sociedad","link":"https:\/\/candas365.es\/noticias\/category\/sociedad\/"},{"label":"Schweinsteiger y Kerber protagonizan portada alemana de \u00abVogue\u00bb","link":"https:\/\/candas365.es\/noticias\/schweinsteiger-y-kerber-protagonizan-portada-alemana-de-vogue\/"}],"_links":{"self":[{"href":"https:\/\/candas365.es\/noticias\/wp-json\/wp\/v2\/posts\/113426","targetHints":{"allow":["GET"]}}],"collection":[{"href":"https:\/\/candas365.es\/noticias\/wp-json\/wp\/v2\/posts"}],"about":[{"href":"https:\/\/candas365.es\/noticias\/wp-json\/wp\/v2\/types\/post"}],"author":[{"embeddable":true,"href":"https:\/\/candas365.es\/noticias\/wp-json\/wp\/v2\/users\/1"}],"replies":[{"embeddable":true,"href":"https:\/\/candas365.es\/noticias\/wp-json\/wp\/v2\/comments?post=113426"}],"version-history":[{"count":0,"href":"https:\/\/candas365.es\/noticias\/wp-json\/wp\/v2\/posts\/113426\/revisions"}],"wp:featuredmedia":[{"embeddable":true,"href":"https:\/\/candas365.es\/noticias\/wp-json\/wp\/v2\/media\/89557"}],"wp:attachment":[{"href":"https:\/\/candas365.es\/noticias\/wp-json\/wp\/v2\/media?parent=113426"}],"wp:term":[{"taxonomy":"category","embeddable":true,"href":"https:\/\/candas365.es\/noticias\/wp-json\/wp\/v2\/categories?post=113426"},{"taxonomy":"post_tag","embeddable":true,"href":"https:\/\/candas365.es\/noticias\/wp-json\/wp\/v2\/tags?post=113426"}],"curies":[{"name":"wp","href":"https:\/\/api.w.org\/{rel}","templated":true}]}}