{"id":113420,"date":"2019-01-05T09:40:35","date_gmt":"2019-01-05T09:40:35","guid":{"rendered":"http:\/\/candas365.es\/noticias\/?p=113420"},"modified":"2019-01-05T09:40:35","modified_gmt":"2019-01-05T09:40:35","slug":"el-desempleo-subio-ligeramente-en-alemania-durante-el-mes-de-diciembre","status":"publish","type":"post","link":"https:\/\/candas365.es\/noticias\/el-desempleo-subio-ligeramente-en-alemania-durante-el-mes-de-diciembre\/","title":{"rendered":"El desempleo subi\u00f3 ligeramente en Alemania durante el mes de diciembre"},"content":{"rendered":"<figure id=\"attachment_113422\" aria-describedby=\"caption-attachment-113422\" style=\"width: 360px\" class=\"wp-caption alignleft\"><img fetchpriority=\"high\" decoding=\"async\" class=\"size-medium wp-image-113422\" src=\"https:\/\/candas365.es\/noticias\/wp-content\/uploads\/2019\/01\/El-desempleo-subi\u00f3-ligeramente-en-Alemania-360x248.jpg\" alt=\"\" width=\"360\" height=\"248\" srcset=\"https:\/\/candas365.es\/noticias\/wp-content\/uploads\/2019\/01\/El-desempleo-subi\u00f3-ligeramente-en-Alemania-360x248.jpg 360w, https:\/\/candas365.es\/noticias\/wp-content\/uploads\/2019\/01\/El-desempleo-subi\u00f3-ligeramente-en-Alemania-768x528.jpg 768w, https:\/\/candas365.es\/noticias\/wp-content\/uploads\/2019\/01\/El-desempleo-subi\u00f3-ligeramente-en-Alemania-655x451.jpg 655w, https:\/\/candas365.es\/noticias\/wp-content\/uploads\/2019\/01\/El-desempleo-subi\u00f3-ligeramente-en-Alemania-100x70.jpg 100w, https:\/\/candas365.es\/noticias\/wp-content\/uploads\/2019\/01\/El-desempleo-subi\u00f3-ligeramente-en-Alemania-218x150.jpg 218w, https:\/\/candas365.es\/noticias\/wp-content\/uploads\/2019\/01\/El-desempleo-subi\u00f3-ligeramente-en-Alemania-696x479.jpg 696w, https:\/\/candas365.es\/noticias\/wp-content\/uploads\/2019\/01\/El-desempleo-subi\u00f3-ligeramente-en-Alemania-611x420.jpg 611w, https:\/\/candas365.es\/noticias\/wp-content\/uploads\/2019\/01\/El-desempleo-subi\u00f3-ligeramente-en-Alemania.jpg 878w\" sizes=\"(max-width: 360px) 100vw, 360px\" \/><figcaption id=\"caption-attachment-113422\" class=\"wp-caption-text\">Trabajador en una empresa del metal en Alemania. Foto: Monika Skolimowska\/ZB\/dpa<\/figcaption><\/figure>\n<p>N\u00faremberg (Alemania), 4 ene (dpa) &#8211; El n\u00famero de desocupados en Alemania trep\u00f3 en diciembre ligeramente a 2,21 millones, comunic\u00f3 hoy la Agencia Federal de Trabajo.<\/p>\n<p>En el \u00faltimo mes del a\u00f1o se contabilizaron unos 23.000 desempleados m\u00e1s que en noviembre, pero 175.000 menos que en diciembre de 2017, agrega la informaci\u00f3n. La tasa de desempleo trep\u00f3 en 0,1 puntos a 4,9 por ciento.<\/p>\n<p>Los expertos del organismo oficial atribuyeron el incremento \u00fanicamente a la llegada del invierno, que obliga a muchas empresas a prescindir de personal.<\/p>\n<p>La cifra es la menor de un mes de diciembre desde 1991. Adem\u00e1s, el desempleo cay\u00f3 en 2018 al nivel m\u00e1s bajo desde la reunificaci\u00f3n en 1990.<\/p>\n<p>El a\u00f1o pasado se comput\u00f3 una media de 2.340.000 personas sin trabajo, unas 193.000 menos que en 2017. La tasa promedio de desocupaci\u00f3n cedi\u00f3 en 0,5 puntos a 5,2 por ciento.<\/p>\n","protected":false},"excerpt":{"rendered":"<p>N\u00faremberg (Alemania), 4 ene (dpa) &#8211; El n\u00famero de desocupados en Alemania trep\u00f3 en diciembre ligeramente a 2,21 millones, comunic\u00f3 hoy la Agencia Federal de Trabajo. En el \u00faltimo mes del a\u00f1o se contabilizaron unos 23.000 desempleados m\u00e1s que en noviembre, pero 175.000 menos que en diciembre de 2017, agrega la informaci\u00f3n. La tasa de<\/p>\n","protected":false},"author":1,"featured_media":113422,"comment_status":"closed","ping_status":"closed","sticky":false,"template":"","format":"standard","meta":{"footnotes":""},"categories":[343],"tags":[],"class_list":{"0":"post-113420","1":"post","2":"type-post","3":"status-publish","4":"format-standard","5":"has-post-thumbnail","7":"category-actualidad"},"aioseo_notices":[],"aioseo_head":"\n\t\t<!-- All in One SEO Pro 4.9.6.2 - aioseo.com -->\n\t<meta name=\"description\" content=\"N\u00faremberg (Alemania), 4 ene (dpa) - El n\u00famero de desocupados en Alemania trep\u00f3 en diciembre ligeramente a 2,21 millones, comunic\u00f3 hoy la Agencia Federal de Trabajo. En el \u00faltimo mes del a\u00f1o se contabilizaron unos 23.000 desempleados m\u00e1s que en noviembre, pero 175.000 menos que en diciembre de 2017, agrega la informaci\u00f3n. La tasa de\" \/>\n\t<meta name=\"robots\" content=\"max-image-preview:large\" \/>\n\t<meta name=\"author\" content=\"Cand\u00e1s 365\"\/>\n\t<meta name=\"google-site-verification\" content=\"UA-32230408-1\" \/>\n\t<meta name=\"msvalidate.01\" content=\"354F3CDFB2DA171B47FBE9ABF1F88D5\" \/>\n\t<meta name=\"keywords\" content=\"actualidad\" \/>\n\t<link rel=\"canonical\" href=\"https:\/\/candas365.es\/noticias\/el-desempleo-subio-ligeramente-en-alemania-durante-el-mes-de-diciembre\/\" \/>\n\t<meta name=\"generator\" content=\"All in One SEO Pro (AIOSEO) 4.9.6.2\" \/>\n\t\t<meta property=\"og:locale\" content=\"es_ES\" \/>\n\t\t<meta property=\"og:site_name\" content=\"Cand\u00e1s 365\" \/>\n\t\t<meta property=\"og:type\" content=\"article\" \/>\n\t\t<meta property=\"og:title\" content=\"El desempleo subi\u00f3 ligeramente en Alemania durante el mes de diciembre | Cand\u00e1s 365\" \/>\n\t\t<meta property=\"og:description\" content=\"N\u00faremberg (Alemania), 4 ene (dpa) - El n\u00famero de desocupados en Alemania trep\u00f3 en diciembre ligeramente a 2,21 millones, comunic\u00f3 hoy la Agencia Federal de Trabajo. En el \u00faltimo mes del a\u00f1o se contabilizaron unos 23.000 desempleados m\u00e1s que en noviembre, pero 175.000 menos que en diciembre de 2017, agrega la informaci\u00f3n. La tasa de\" \/>\n\t\t<meta property=\"og:url\" content=\"https:\/\/candas365.es\/noticias\/el-desempleo-subio-ligeramente-en-alemania-durante-el-mes-de-diciembre\/\" \/>\n\t\t<meta property=\"og:image\" content=\"https:\/\/candas365.es\/noticias\/wp-content\/uploads\/2019\/01\/El-desempleo-subi\u00f3-ligeramente-en-Alemania.jpg\" \/>\n\t\t<meta property=\"og:image:secure_url\" content=\"https:\/\/candas365.es\/noticias\/wp-content\/uploads\/2019\/01\/El-desempleo-subi\u00f3-ligeramente-en-Alemania.jpg\" \/>\n\t\t<meta property=\"og:image:width\" content=\"878\" \/>\n\t\t<meta property=\"og:image:height\" content=\"604\" \/>\n\t\t<meta property=\"article:published_time\" content=\"2019-01-05T09:40:35+00:00\" \/>\n\t\t<meta property=\"article:modified_time\" content=\"2019-01-05T09:40:35+00:00\" \/>\n\t\t<meta property=\"article:publisher\" content=\"https:\/\/www.facebook.com\/Nachofdezber\" \/>\n\t\t<meta property=\"article:author\" content=\"https:\/\/www.facebook.com\/carrenoactualidad\" \/>\n\t\t<meta name=\"twitter:card\" content=\"summary_large_image\" \/>\n\t\t<meta name=\"twitter:site\" content=\"@NabercoDigital\" \/>\n\t\t<meta name=\"twitter:title\" content=\"El desempleo subi\u00f3 ligeramente en Alemania durante el mes de diciembre | Cand\u00e1s 365\" \/>\n\t\t<meta name=\"twitter:description\" content=\"N\u00faremberg (Alemania), 4 ene (dpa) - El n\u00famero de desocupados en Alemania trep\u00f3 en diciembre ligeramente a 2,21 millones, comunic\u00f3 hoy la Agencia Federal de Trabajo. En el \u00faltimo mes del a\u00f1o se contabilizaron unos 23.000 desempleados m\u00e1s que en noviembre, pero 175.000 menos que en diciembre de 2017, agrega la informaci\u00f3n. La tasa de\" \/>\n\t\t<meta name=\"twitter:creator\" content=\"@nbasturias\" \/>\n\t\t<meta name=\"twitter:image\" content=\"https:\/\/candas365.es\/noticias\/wp-content\/uploads\/2019\/01\/El-desempleo-subi\u00f3-ligeramente-en-Alemania.jpg\" \/>\n\t\t<meta name=\"twitter:label1\" content=\"Escrito por\" \/>\n\t\t<meta name=\"twitter:data1\" content=\"Cand\u00e1s 365\" \/>\n\t\t<meta name=\"twitter:label2\" content=\"Tiempo de lectura estimado\" \/>\n\t\t<meta name=\"twitter:data2\" content=\"1 minuto\" \/>\n\t\t<script type=\"application\/ld+json\" class=\"aioseo-schema\">\n\t\t\t{\"@context\":\"https:\\\/\\\/schema.org\",\"@graph\":[{\"@type\":\"BreadcrumbList\",\"@id\":\"https:\\\/\\\/candas365.es\\\/noticias\\\/el-desempleo-subio-ligeramente-en-alemania-durante-el-mes-de-diciembre\\\/#breadcrumblist\",\"itemListElement\":[{\"@type\":\"ListItem\",\"@id\":\"https:\\\/\\\/candas365.es\\\/noticias#listItem\",\"position\":1,\"name\":\"Home\",\"item\":\"https:\\\/\\\/candas365.es\\\/noticias\",\"nextItem\":{\"@type\":\"ListItem\",\"@id\":\"https:\\\/\\\/candas365.es\\\/noticias\\\/category\\\/actualidad\\\/#listItem\",\"name\":\"Actualidad\"}},{\"@type\":\"ListItem\",\"@id\":\"https:\\\/\\\/candas365.es\\\/noticias\\\/category\\\/actualidad\\\/#listItem\",\"position\":2,\"name\":\"Actualidad\",\"item\":\"https:\\\/\\\/candas365.es\\\/noticias\\\/category\\\/actualidad\\\/\",\"nextItem\":{\"@type\":\"ListItem\",\"@id\":\"https:\\\/\\\/candas365.es\\\/noticias\\\/el-desempleo-subio-ligeramente-en-alemania-durante-el-mes-de-diciembre\\\/#listItem\",\"name\":\"El desempleo subi\\u00f3 ligeramente en Alemania durante el mes de diciembre\"},\"previousItem\":{\"@type\":\"ListItem\",\"@id\":\"https:\\\/\\\/candas365.es\\\/noticias#listItem\",\"name\":\"Home\"}},{\"@type\":\"ListItem\",\"@id\":\"https:\\\/\\\/candas365.es\\\/noticias\\\/el-desempleo-subio-ligeramente-en-alemania-durante-el-mes-de-diciembre\\\/#listItem\",\"position\":3,\"name\":\"El desempleo subi\\u00f3 ligeramente en Alemania durante el mes de diciembre\",\"previousItem\":{\"@type\":\"ListItem\",\"@id\":\"https:\\\/\\\/candas365.es\\\/noticias\\\/category\\\/actualidad\\\/#listItem\",\"name\":\"Actualidad\"}}]},{\"@type\":\"NewsArticle\",\"@id\":\"https:\\\/\\\/candas365.es\\\/noticias\\\/el-desempleo-subio-ligeramente-en-alemania-durante-el-mes-de-diciembre\\\/#newsarticle\",\"name\":\"El desempleo subi\\u00f3 ligeramente en Alemania durante el mes de diciembre | Cand\\u00e1s 365\",\"headline\":\"El desempleo subi\\u00f3 ligeramente en Alemania durante el mes de diciembre\",\"author\":{\"@id\":\"https:\\\/\\\/candas365.es\\\/noticias\\\/author\\\/admin\\\/#author\"},\"publisher\":{\"@id\":\"https:\\\/\\\/candas365.es\\\/noticias\\\/#organization\"},\"image\":{\"@type\":\"ImageObject\",\"url\":\"https:\\\/\\\/candas365.es\\\/noticias\\\/wp-content\\\/uploads\\\/2019\\\/01\\\/El-desempleo-subi\\u00f3-ligeramente-en-Alemania.jpg\",\"width\":878,\"height\":604,\"caption\":\"Trabajador en una empresa del metal en Alemania. Foto: Monika Skolimowska\\\/ZB\\\/dpa\"},\"datePublished\":\"2019-01-05T09:40:35+01:00\",\"dateModified\":\"2019-01-05T09:40:35+01:00\",\"inLanguage\":\"es-ES\",\"mainEntityOfPage\":{\"@id\":\"https:\\\/\\\/candas365.es\\\/noticias\\\/el-desempleo-subio-ligeramente-en-alemania-durante-el-mes-de-diciembre\\\/#webpage\"},\"isPartOf\":{\"@id\":\"https:\\\/\\\/candas365.es\\\/noticias\\\/el-desempleo-subio-ligeramente-en-alemania-durante-el-mes-de-diciembre\\\/#webpage\"},\"articleSection\":\"Actualidad\",\"dateline\":\"Publicado el enero 5, 2019.\"},{\"@type\":\"Organization\",\"@id\":\"https:\\\/\\\/candas365.es\\\/noticias\\\/#organization\",\"name\":\"Cand\\u00e1s 365\",\"description\":\"Cand\\u00e1s 365 es un diario digital independiente, fundado en 2012, con base en Asturias. Informamos con rigor sobre actualidad, sociedad, cultura y ocio, con una mirada local y global.\",\"url\":\"https:\\\/\\\/candas365.es\\\/noticias\\\/\",\"email\":\"info@candas365.es\",\"telephone\":\"+34652131393\",\"foundingDate\":\"2012-06-10\",\"logo\":{\"@type\":\"ImageObject\",\"url\":\"https:\\\/\\\/candas365.es\\\/noticias\\\/wp-content\\\/uploads\\\/2024\\\/09\\\/Candas-365-Redes.jpg\",\"@id\":\"https:\\\/\\\/candas365.es\\\/noticias\\\/el-desempleo-subio-ligeramente-en-alemania-durante-el-mes-de-diciembre\\\/#organizationLogo\",\"width\":1152,\"height\":864,\"caption\":\"Cand\\u00e1s 365 Redes\"},\"image\":{\"@id\":\"https:\\\/\\\/candas365.es\\\/noticias\\\/el-desempleo-subio-ligeramente-en-alemania-durante-el-mes-de-diciembre\\\/#organizationLogo\"},\"sameAs\":[\"https:\\\/\\\/www.facebook.com\\\/Nachofdezber\",\"https:\\\/\\\/x.com\\\/NabercoDigital\",\"https:\\\/\\\/www.instagram.com\\\/nachofdezber\\\/\",\"https:\\\/\\\/www.youtube.com\\\/channel\\\/UCZP-2wLEB9Rv6erhFmqVnvg\"],\"address\":{\"@id\":\"https:\\\/\\\/candas365.es\\\/noticias\\\/#postaladdress\",\"@type\":\"PostalAddress\",\"streetAddress\":\"san antonio 4, san antonio 4\",\"postalCode\":\"33430\",\"addressLocality\":\"Cand\\u00e1s\",\"addressRegion\":\"Asturias\",\"addressCountry\":\"ES\"}},{\"@type\":\"Person\",\"@id\":\"https:\\\/\\\/candas365.es\\\/noticias\\\/author\\\/admin\\\/#author\",\"url\":\"https:\\\/\\\/candas365.es\\\/noticias\\\/author\\\/admin\\\/\",\"name\":\"Cand\\u00e1s 365\",\"image\":{\"@type\":\"ImageObject\",\"@id\":\"https:\\\/\\\/candas365.es\\\/noticias\\\/el-desempleo-subio-ligeramente-en-alemania-durante-el-mes-de-diciembre\\\/#authorImage\",\"url\":\"https:\\\/\\\/secure.gravatar.com\\\/avatar\\\/496a8e03d0c493ede1718b7934145dbdf8d89be1036b0eec9544e1094c9de390?s=96&d=mm&r=g\",\"width\":96,\"height\":96,\"caption\":\"Cand\\u00e1s 365\"},\"sameAs\":[\"https:\\\/\\\/www.facebook.com\\\/carrenoactualidad\",\"https:\\\/\\\/twitter.com\\\/nbasturias\",\"https:\\\/\\\/www.instagram.com\\\/nachofdezber\\\/\",\"https:\\\/\\\/www.youtube.com\\\/channel\\\/UCZP-2wLEB9Rv6erhFmqVnvg\"]},{\"@type\":\"WebPage\",\"@id\":\"https:\\\/\\\/candas365.es\\\/noticias\\\/el-desempleo-subio-ligeramente-en-alemania-durante-el-mes-de-diciembre\\\/#webpage\",\"url\":\"https:\\\/\\\/candas365.es\\\/noticias\\\/el-desempleo-subio-ligeramente-en-alemania-durante-el-mes-de-diciembre\\\/\",\"name\":\"El desempleo subi\\u00f3 ligeramente en Alemania durante el mes de diciembre | Cand\\u00e1s 365\",\"description\":\"N\\u00faremberg (Alemania), 4 ene (dpa) - El n\\u00famero de desocupados en Alemania trep\\u00f3 en diciembre ligeramente a 2,21 millones, comunic\\u00f3 hoy la Agencia Federal de Trabajo. En el \\u00faltimo mes del a\\u00f1o se contabilizaron unos 23.000 desempleados m\\u00e1s que en noviembre, pero 175.000 menos que en diciembre de 2017, agrega la informaci\\u00f3n. La tasa de\",\"inLanguage\":\"es-ES\",\"isPartOf\":{\"@id\":\"https:\\\/\\\/candas365.es\\\/noticias\\\/#website\"},\"breadcrumb\":{\"@id\":\"https:\\\/\\\/candas365.es\\\/noticias\\\/el-desempleo-subio-ligeramente-en-alemania-durante-el-mes-de-diciembre\\\/#breadcrumblist\"},\"author\":{\"@id\":\"https:\\\/\\\/candas365.es\\\/noticias\\\/author\\\/admin\\\/#author\"},\"creator\":{\"@id\":\"https:\\\/\\\/candas365.es\\\/noticias\\\/author\\\/admin\\\/#author\"},\"image\":{\"@type\":\"ImageObject\",\"url\":\"https:\\\/\\\/candas365.es\\\/noticias\\\/wp-content\\\/uploads\\\/2019\\\/01\\\/El-desempleo-subi\\u00f3-ligeramente-en-Alemania.jpg\",\"@id\":\"https:\\\/\\\/candas365.es\\\/noticias\\\/el-desempleo-subio-ligeramente-en-alemania-durante-el-mes-de-diciembre\\\/#mainImage\",\"width\":878,\"height\":604,\"caption\":\"Trabajador en una empresa del metal en Alemania. Foto: Monika Skolimowska\\\/ZB\\\/dpa\"},\"primaryImageOfPage\":{\"@id\":\"https:\\\/\\\/candas365.es\\\/noticias\\\/el-desempleo-subio-ligeramente-en-alemania-durante-el-mes-de-diciembre\\\/#mainImage\"},\"datePublished\":\"2019-01-05T09:40:35+01:00\",\"dateModified\":\"2019-01-05T09:40:35+01:00\"},{\"@type\":\"WebSite\",\"@id\":\"https:\\\/\\\/candas365.es\\\/noticias\\\/#website\",\"url\":\"https:\\\/\\\/candas365.es\\\/noticias\\\/\",\"name\":\"Cand\\u00e1s 365\",\"alternateName\":\"Cand\\u00e1s 365 Noticias\",\"description\":\"Actualidad desde Carre\\u00f1o para el mundo\",\"inLanguage\":\"es-ES\",\"publisher\":{\"@id\":\"https:\\\/\\\/candas365.es\\\/noticias\\\/#organization\"}}]}\n\t\t<\/script>\n\t\t<!-- All in One SEO Pro -->\r\n\t\t<title>El desempleo subi\u00f3 ligeramente en Alemania durante el mes de diciembre | Cand\u00e1s 365<\/title>\n\n","aioseo_head_json":{"title":"El desempleo subi\u00f3 ligeramente en Alemania durante el mes de diciembre | Cand\u00e1s 365","description":"N\u00faremberg (Alemania), 4 ene (dpa) - El n\u00famero de desocupados en Alemania trep\u00f3 en diciembre ligeramente a 2,21 millones, comunic\u00f3 hoy la Agencia Federal de Trabajo. En el \u00faltimo mes del a\u00f1o se contabilizaron unos 23.000 desempleados m\u00e1s que en noviembre, pero 175.000 menos que en diciembre de 2017, agrega la informaci\u00f3n. La tasa de","canonical_url":"https:\/\/candas365.es\/noticias\/el-desempleo-subio-ligeramente-en-alemania-durante-el-mes-de-diciembre\/","robots":"max-image-preview:large","keywords":"actualidad","webmasterTools":{"google-site-verification":"UA-32230408-1","msvalidate.01":"354F3CDFB2DA171B47FBE9ABF1F88D5","miscellaneous":""},"schema":{"@context":"https:\/\/schema.org","@graph":[{"@type":"BreadcrumbList","@id":"https:\/\/candas365.es\/noticias\/el-desempleo-subio-ligeramente-en-alemania-durante-el-mes-de-diciembre\/#breadcrumblist","itemListElement":[{"@type":"ListItem","@id":"https:\/\/candas365.es\/noticias#listItem","position":1,"name":"Home","item":"https:\/\/candas365.es\/noticias","nextItem":{"@type":"ListItem","@id":"https:\/\/candas365.es\/noticias\/category\/actualidad\/#listItem","name":"Actualidad"}},{"@type":"ListItem","@id":"https:\/\/candas365.es\/noticias\/category\/actualidad\/#listItem","position":2,"name":"Actualidad","item":"https:\/\/candas365.es\/noticias\/category\/actualidad\/","nextItem":{"@type":"ListItem","@id":"https:\/\/candas365.es\/noticias\/el-desempleo-subio-ligeramente-en-alemania-durante-el-mes-de-diciembre\/#listItem","name":"El desempleo subi\u00f3 ligeramente en Alemania durante el mes de diciembre"},"previousItem":{"@type":"ListItem","@id":"https:\/\/candas365.es\/noticias#listItem","name":"Home"}},{"@type":"ListItem","@id":"https:\/\/candas365.es\/noticias\/el-desempleo-subio-ligeramente-en-alemania-durante-el-mes-de-diciembre\/#listItem","position":3,"name":"El desempleo subi\u00f3 ligeramente en Alemania durante el mes de diciembre","previousItem":{"@type":"ListItem","@id":"https:\/\/candas365.es\/noticias\/category\/actualidad\/#listItem","name":"Actualidad"}}]},{"@type":"NewsArticle","@id":"https:\/\/candas365.es\/noticias\/el-desempleo-subio-ligeramente-en-alemania-durante-el-mes-de-diciembre\/#newsarticle","name":"El desempleo subi\u00f3 ligeramente en Alemania durante el mes de diciembre | Cand\u00e1s 365","headline":"El desempleo subi\u00f3 ligeramente en Alemania durante el mes de diciembre","author":{"@id":"https:\/\/candas365.es\/noticias\/author\/admin\/#author"},"publisher":{"@id":"https:\/\/candas365.es\/noticias\/#organization"},"image":{"@type":"ImageObject","url":"https:\/\/candas365.es\/noticias\/wp-content\/uploads\/2019\/01\/El-desempleo-subi\u00f3-ligeramente-en-Alemania.jpg","width":878,"height":604,"caption":"Trabajador en una empresa del metal en Alemania. Foto: Monika Skolimowska\/ZB\/dpa"},"datePublished":"2019-01-05T09:40:35+01:00","dateModified":"2019-01-05T09:40:35+01:00","inLanguage":"es-ES","mainEntityOfPage":{"@id":"https:\/\/candas365.es\/noticias\/el-desempleo-subio-ligeramente-en-alemania-durante-el-mes-de-diciembre\/#webpage"},"isPartOf":{"@id":"https:\/\/candas365.es\/noticias\/el-desempleo-subio-ligeramente-en-alemania-durante-el-mes-de-diciembre\/#webpage"},"articleSection":"Actualidad","dateline":"Publicado el enero 5, 2019."},{"@type":"Organization","@id":"https:\/\/candas365.es\/noticias\/#organization","name":"Cand\u00e1s 365","description":"Cand\u00e1s 365 es un diario digital independiente, fundado en 2012, con base en Asturias. Informamos con rigor sobre actualidad, sociedad, cultura y ocio, con una mirada local y global.","url":"https:\/\/candas365.es\/noticias\/","email":"info@candas365.es","telephone":"+34652131393","foundingDate":"2012-06-10","logo":{"@type":"ImageObject","url":"https:\/\/candas365.es\/noticias\/wp-content\/uploads\/2024\/09\/Candas-365-Redes.jpg","@id":"https:\/\/candas365.es\/noticias\/el-desempleo-subio-ligeramente-en-alemania-durante-el-mes-de-diciembre\/#organizationLogo","width":1152,"height":864,"caption":"Cand\u00e1s 365 Redes"},"image":{"@id":"https:\/\/candas365.es\/noticias\/el-desempleo-subio-ligeramente-en-alemania-durante-el-mes-de-diciembre\/#organizationLogo"},"sameAs":["https:\/\/www.facebook.com\/Nachofdezber","https:\/\/x.com\/NabercoDigital","https:\/\/www.instagram.com\/nachofdezber\/","https:\/\/www.youtube.com\/channel\/UCZP-2wLEB9Rv6erhFmqVnvg"],"address":{"@id":"https:\/\/candas365.es\/noticias\/#postaladdress","@type":"PostalAddress","streetAddress":"san antonio 4, san antonio 4","postalCode":"33430","addressLocality":"Cand\u00e1s","addressRegion":"Asturias","addressCountry":"ES"}},{"@type":"Person","@id":"https:\/\/candas365.es\/noticias\/author\/admin\/#author","url":"https:\/\/candas365.es\/noticias\/author\/admin\/","name":"Cand\u00e1s 365","image":{"@type":"ImageObject","@id":"https:\/\/candas365.es\/noticias\/el-desempleo-subio-ligeramente-en-alemania-durante-el-mes-de-diciembre\/#authorImage","url":"https:\/\/secure.gravatar.com\/avatar\/496a8e03d0c493ede1718b7934145dbdf8d89be1036b0eec9544e1094c9de390?s=96&d=mm&r=g","width":96,"height":96,"caption":"Cand\u00e1s 365"},"sameAs":["https:\/\/www.facebook.com\/carrenoactualidad","https:\/\/twitter.com\/nbasturias","https:\/\/www.instagram.com\/nachofdezber\/","https:\/\/www.youtube.com\/channel\/UCZP-2wLEB9Rv6erhFmqVnvg"]},{"@type":"WebPage","@id":"https:\/\/candas365.es\/noticias\/el-desempleo-subio-ligeramente-en-alemania-durante-el-mes-de-diciembre\/#webpage","url":"https:\/\/candas365.es\/noticias\/el-desempleo-subio-ligeramente-en-alemania-durante-el-mes-de-diciembre\/","name":"El desempleo subi\u00f3 ligeramente en Alemania durante el mes de diciembre | Cand\u00e1s 365","description":"N\u00faremberg (Alemania), 4 ene (dpa) - El n\u00famero de desocupados en Alemania trep\u00f3 en diciembre ligeramente a 2,21 millones, comunic\u00f3 hoy la Agencia Federal de Trabajo. En el \u00faltimo mes del a\u00f1o se contabilizaron unos 23.000 desempleados m\u00e1s que en noviembre, pero 175.000 menos que en diciembre de 2017, agrega la informaci\u00f3n. La tasa de","inLanguage":"es-ES","isPartOf":{"@id":"https:\/\/candas365.es\/noticias\/#website"},"breadcrumb":{"@id":"https:\/\/candas365.es\/noticias\/el-desempleo-subio-ligeramente-en-alemania-durante-el-mes-de-diciembre\/#breadcrumblist"},"author":{"@id":"https:\/\/candas365.es\/noticias\/author\/admin\/#author"},"creator":{"@id":"https:\/\/candas365.es\/noticias\/author\/admin\/#author"},"image":{"@type":"ImageObject","url":"https:\/\/candas365.es\/noticias\/wp-content\/uploads\/2019\/01\/El-desempleo-subi\u00f3-ligeramente-en-Alemania.jpg","@id":"https:\/\/candas365.es\/noticias\/el-desempleo-subio-ligeramente-en-alemania-durante-el-mes-de-diciembre\/#mainImage","width":878,"height":604,"caption":"Trabajador en una empresa del metal en Alemania. Foto: Monika Skolimowska\/ZB\/dpa"},"primaryImageOfPage":{"@id":"https:\/\/candas365.es\/noticias\/el-desempleo-subio-ligeramente-en-alemania-durante-el-mes-de-diciembre\/#mainImage"},"datePublished":"2019-01-05T09:40:35+01:00","dateModified":"2019-01-05T09:40:35+01:00"},{"@type":"WebSite","@id":"https:\/\/candas365.es\/noticias\/#website","url":"https:\/\/candas365.es\/noticias\/","name":"Cand\u00e1s 365","alternateName":"Cand\u00e1s 365 Noticias","description":"Actualidad desde Carre\u00f1o para el mundo","inLanguage":"es-ES","publisher":{"@id":"https:\/\/candas365.es\/noticias\/#organization"}}]},"og:locale":"es_ES","og:site_name":"Cand\u00e1s 365","og:type":"article","og:title":"El desempleo subi\u00f3 ligeramente en Alemania durante el mes de diciembre | Cand\u00e1s 365","og:description":"N\u00faremberg (Alemania), 4 ene (dpa) - El n\u00famero de desocupados en Alemania trep\u00f3 en diciembre ligeramente a 2,21 millones, comunic\u00f3 hoy la Agencia Federal de Trabajo. En el \u00faltimo mes del a\u00f1o se contabilizaron unos 23.000 desempleados m\u00e1s que en noviembre, pero 175.000 menos que en diciembre de 2017, agrega la informaci\u00f3n. La tasa de","og:url":"https:\/\/candas365.es\/noticias\/el-desempleo-subio-ligeramente-en-alemania-durante-el-mes-de-diciembre\/","og:image":"https:\/\/candas365.es\/noticias\/wp-content\/uploads\/2019\/01\/El-desempleo-subi\u00f3-ligeramente-en-Alemania.jpg","og:image:secure_url":"https:\/\/candas365.es\/noticias\/wp-content\/uploads\/2019\/01\/El-desempleo-subi\u00f3-ligeramente-en-Alemania.jpg","og:image:width":878,"og:image:height":604,"article:published_time":"2019-01-05T09:40:35+00:00","article:modified_time":"2019-01-05T09:40:35+00:00","article:publisher":"https:\/\/www.facebook.com\/Nachofdezber","article:author":"https:\/\/www.facebook.com\/carrenoactualidad","twitter:card":"summary_large_image","twitter:site":"@NabercoDigital","twitter:title":"El desempleo subi\u00f3 ligeramente en Alemania durante el mes de diciembre | Cand\u00e1s 365","twitter:description":"N\u00faremberg (Alemania), 4 ene (dpa) - El n\u00famero de desocupados en Alemania trep\u00f3 en diciembre ligeramente a 2,21 millones, comunic\u00f3 hoy la Agencia Federal de Trabajo. En el \u00faltimo mes del a\u00f1o se contabilizaron unos 23.000 desempleados m\u00e1s que en noviembre, pero 175.000 menos que en diciembre de 2017, agrega la informaci\u00f3n. La tasa de","twitter:creator":"@nbasturias","twitter:image":"https:\/\/candas365.es\/noticias\/wp-content\/uploads\/2019\/01\/El-desempleo-subi\u00f3-ligeramente-en-Alemania.jpg","twitter:label1":"Escrito por","twitter:data1":"Cand\u00e1s 365","twitter:label2":"Tiempo de lectura estimado","twitter:data2":"1 minuto"},"aioseo_meta_data":{"post_id":"113420","title":null,"description":null,"keywords":null,"keyphrases":null,"primary_term":null,"canonical_url":null,"og_title":null,"og_description":null,"og_object_type":"default","og_image_type":"default","og_image_url":null,"og_image_width":null,"og_image_height":null,"og_image_custom_url":null,"og_image_custom_fields":null,"og_video":null,"og_custom_url":null,"og_article_section":null,"og_article_tags":null,"twitter_use_og":false,"twitter_card":"default","twitter_image_type":"default","twitter_image_url":null,"twitter_image_custom_url":null,"twitter_image_custom_fields":null,"twitter_title":null,"twitter_description":null,"schema":{"blockGraphs":[],"customGraphs":[],"default":{"data":{"Article":[],"Course":[],"Dataset":[],"FAQPage":[],"Movie":[],"Person":[],"Product":[],"ProductReview":[],"Car":[],"Recipe":[],"Service":[],"SoftwareApplication":[],"WebPage":[]},"graphName":"","isEnabled":true},"graphs":[]},"schema_type":null,"schema_type_options":null,"pillar_content":false,"robots_default":true,"robots_noindex":false,"robots_noarchive":false,"robots_nosnippet":false,"robots_nofollow":false,"robots_noimageindex":false,"robots_noodp":false,"robots_notranslate":false,"robots_max_snippet":null,"robots_max_videopreview":null,"robots_max_imagepreview":"large","priority":null,"frequency":null,"location":null,"local_seo":null,"seo_analyzer_scan_date":"2025-08-28 21:19:18","breadcrumb_settings":null,"limit_modified_date":false,"reviewed_by":null,"open_ai":null,"ai":null,"created":"2020-12-21 11:28:55","updated":"2025-08-28 21:19:18"},"aioseo_breadcrumb":"<div class=\"aioseo-breadcrumbs\"><span class=\"aioseo-breadcrumb\">\n\t<a href=\"https:\/\/candas365.es\/noticias\" title=\"Home\">Home<\/a>\n<\/span><span class=\"aioseo-breadcrumb-separator\">&ndash;<\/span><span class=\"aioseo-breadcrumb\">\n\t<a href=\"https:\/\/candas365.es\/noticias\/category\/actualidad\/\" title=\"Actualidad\">Actualidad<\/a>\n<\/span><span class=\"aioseo-breadcrumb-separator\">&ndash;<\/span><span class=\"aioseo-breadcrumb\">\n\tEl desempleo subi\u00f3 ligeramente en Alemania durante el mes de diciembre\n<\/span><\/div>","aioseo_breadcrumb_json":[{"label":"Home","link":"https:\/\/candas365.es\/noticias"},{"label":"Actualidad","link":"https:\/\/candas365.es\/noticias\/category\/actualidad\/"},{"label":"El desempleo subi\u00f3 ligeramente en Alemania durante el mes de diciembre","link":"https:\/\/candas365.es\/noticias\/el-desempleo-subio-ligeramente-en-alemania-durante-el-mes-de-diciembre\/"}],"_links":{"self":[{"href":"https:\/\/candas365.es\/noticias\/wp-json\/wp\/v2\/posts\/113420","targetHints":{"allow":["GET"]}}],"collection":[{"href":"https:\/\/candas365.es\/noticias\/wp-json\/wp\/v2\/posts"}],"about":[{"href":"https:\/\/candas365.es\/noticias\/wp-json\/wp\/v2\/types\/post"}],"author":[{"embeddable":true,"href":"https:\/\/candas365.es\/noticias\/wp-json\/wp\/v2\/users\/1"}],"replies":[{"embeddable":true,"href":"https:\/\/candas365.es\/noticias\/wp-json\/wp\/v2\/comments?post=113420"}],"version-history":[{"count":0,"href":"https:\/\/candas365.es\/noticias\/wp-json\/wp\/v2\/posts\/113420\/revisions"}],"wp:featuredmedia":[{"embeddable":true,"href":"https:\/\/candas365.es\/noticias\/wp-json\/wp\/v2\/media\/113422"}],"wp:attachment":[{"href":"https:\/\/candas365.es\/noticias\/wp-json\/wp\/v2\/media?parent=113420"}],"wp:term":[{"taxonomy":"category","embeddable":true,"href":"https:\/\/candas365.es\/noticias\/wp-json\/wp\/v2\/categories?post=113420"},{"taxonomy":"post_tag","embeddable":true,"href":"https:\/\/candas365.es\/noticias\/wp-json\/wp\/v2\/tags?post=113420"}],"curies":[{"name":"wp","href":"https:\/\/api.w.org\/{rel}","templated":true}]}}