{"id":113408,"date":"2019-01-04T23:03:52","date_gmt":"2019-01-04T23:03:52","guid":{"rendered":"http:\/\/candas365.es\/noticias\/?p=113408"},"modified":"2019-01-04T23:03:52","modified_gmt":"2019-01-04T23:03:52","slug":"mas-de-19-millones-de-afiliados-a-la-seguridad-social","status":"publish","type":"post","link":"https:\/\/candas365.es\/noticias\/mas-de-19-millones-de-afiliados-a-la-seguridad-social\/","title":{"rendered":"M\u00e1s de 19 millones de afiliados a la Seguridad Social"},"content":{"rendered":"<p><img fetchpriority=\"high\" decoding=\"async\" class=\"alignleft size-medium wp-image-113274\" src=\"https:\/\/candas365.es\/noticias\/wp-content\/uploads\/2019\/01\/startup-593341_960_720-360x240.jpg\" alt=\"\" width=\"360\" height=\"240\" srcset=\"https:\/\/candas365.es\/noticias\/wp-content\/uploads\/2019\/01\/startup-593341_960_720-360x240.jpg 360w, https:\/\/candas365.es\/noticias\/wp-content\/uploads\/2019\/01\/startup-593341_960_720-768x512.jpg 768w, https:\/\/candas365.es\/noticias\/wp-content\/uploads\/2019\/01\/startup-593341_960_720-655x437.jpg 655w, https:\/\/candas365.es\/noticias\/wp-content\/uploads\/2019\/01\/startup-593341_960_720-696x464.jpg 696w, https:\/\/candas365.es\/noticias\/wp-content\/uploads\/2019\/01\/startup-593341_960_720-630x420.jpg 630w, https:\/\/candas365.es\/noticias\/wp-content\/uploads\/2019\/01\/startup-593341_960_720.jpg 960w\" sizes=\"(max-width: 360px) 100vw, 360px\" \/>La afiliaci\u00f3n media a la Seguridad Social alcanz\u00f3 19.024.165 ocupados en diciembre, tras sumar 78.541 trabajadores m\u00e1s (0,41%). Se trata del mejor dato de cierre de a\u00f1o de la serie hist\u00f3rica, solo superado por 2007 (cuando se alcanz\u00f3 la cifra de 19.372.777).<\/p>\n<p>\u200bEn t\u00e9rminos interanuales, el mes de diciembre cerr\u00f3 con una media de 563.965 afiliados m\u00e1s, el 3,06%. Del total, 272.449 son mujeres (aumenta en un 3,19%) y 291.516, hombres (2,94% m\u00e1s).<\/p>\n<p>Hay que destacar en este cierre de a\u00f1o la cifra de afiliaci\u00f3n sin el componente estacional, superior tambi\u00e9n a los 19 millones (19.034.114), gracias a un aumento intermensual de 55.872, el mayor incremento en un mes de diciembre.<\/p>\n<p>El n\u00famero de mujeres ocupadas marca un m\u00e1ximo en la serie y asciende a 8.826.470, con un 3,19% m\u00e1s en el \u00faltimo a\u00f1o. La cifra de hombres trabajadores se sit\u00faa en 10.197.695.<\/p>\n<p>El n\u00famero de trabajadores extranjeros afiliados al sistema es de 1.992.849.<\/p>\n<p>Hay que subrayar la evoluci\u00f3n de la relaci\u00f3n afiliado\/pensionista, 2,28, que en diciembre aumenta en 5 d\u00e9cimas respecto a la del a\u00f1o pasado (2,23%).<\/p>\n<p><strong>Respecto a 2017<\/strong><\/p>\n<p>En relaci\u00f3n al a\u00f1o pasado, el Sistema ha ganado 563.965 afiliados, el 3,06% m\u00e1s. En concreto, destaca el buen comportamiento del R\u00e9gimen General, que incorpora 513.400 trabajadores (3,38%). Un crecimiento que alcanza el 3,68% si hablamos del R\u00e9gimen General propiamente dicho (sin Agrario ni Hogar).<\/p>\n<p>En el R\u00e9gimen Especial de Trabajadores Aut\u00f3nomos, hay que se\u00f1alar que la tasa aument\u00f3 en m\u00e1s de un punto y medio (1,56%), lo que se traduce en un crecimiento de 49.986 personas. El R\u00e9gimen del Mar creci\u00f3 un 1,63% (1.003) y el Carb\u00f3n registr\u00f3 un descenso de 425 (-17,52%).<\/p>\n<p>En t\u00e9rminos anuales, la ocupaci\u00f3n avanza en todas las Comunidades Aut\u00f3nomas. Destacan porcentualmente los incrementos en 8 comunidades aut\u00f3nomas por encima de los 3 puntos y las ciudades aut\u00f3nomas de Ceuta (4,06%) y Melilla (7,70%). El mayor crecimiento lo registr\u00f3 Madrid (3,98%), la Comunidad Valenciana (3,77%), Castilla-La Mancha (3,47%), Canarias (3,37%), Andaluc\u00eda (3,26%), Regi\u00f3n de Murcia (3,20%), Baleares (3,16%) y Navarra (3,03%).<\/p>\n<p><strong>Balance respecto al mes anterior<\/strong><\/p>\n<p>El R\u00e9gimen General registr\u00f3 un incremento de 80.395 personas (0,51%) y suma un total de 15.704.883, la cifra m\u00e1s alta desde 2012, a\u00f1o en el que se produjo la integraci\u00f3n del R\u00e9gimen Agrario como Sistema Especial en el R\u00e9gimen General. Por sectores econ\u00f3micos, los mayores crecimientos de la afiliaci\u00f3n en diciembre se registraron en: Comercio; Reparaci\u00f3n de Veh\u00edculos de Motor y Motocicletas con 26.962 (1,11%); en Actividades Sanitarias y Servicios Sociales con 21.265 (1,42%); Administraci\u00f3n P\u00fablica y Defensa; Seguridad Social Obligatoria, 7.835 (0,72%); Transporte y Almacenamiento, 3.582 (0,50%), y Actividades Art\u00edsticas, Recreativas y de Entretenimiento, 3.478 (1,35%).<\/p>\n<p>En sentido contrario, los principales descensos se computaron en Hosteler\u00eda (-13.699), Construcci\u00f3n (-13.472) e Industria Manufacturera (-7.617).<\/p>\n<p>Destaca el crecimiento en el Sistema Especial Agrario por cuenta ajena, que finaliz\u00f3 con 52.843 afiliados medios m\u00e1s (6,97%), principalmente por las campa\u00f1as agr\u00edcolas como la de la aceituna en Ja\u00e9n.<\/p>\n<p>Por su parte, el Sistema Especial del Empleados del Hogar descendi\u00f3 en 718 (-0,17%) y totaliza 410.634 trabajadores.<\/p>\n<p>El R\u00e9gimen de Aut\u00f3nomos registra 3.254.663 personas, tras sumar 526 personas (0,02%) en el \u00faltimo mes.<\/p>\n<p>Respecto al R\u00e9gimen Especial del Mar, resta 2.333 ocupados (-3,59%), hasta situarse en 62.620 afiliados. Finalmente, el Carb\u00f3n est\u00e1 constituido por 1.999 (47 menos).<\/p>\n<p>Por territorios, el n\u00famero de trabajadores creci\u00f3 en diciembre en 12 comunidades aut\u00f3nomas y las 2 ciudades aut\u00f3nomas. Los mayores incrementos en t\u00e9rminos absolutos corresponden a Andaluc\u00eda (57.034), Madrid (15.908), Comunidad Valenciana (5.772), Castilla-La Mancha (7.555), Canarias (2.724), Pa\u00eds Vasco (2.367) y Regi\u00f3n de Murcia (2.312). Los mayores descensos los encabezan Baleares (-15.654), Galicia (-3.764), Cantabria (-1.006), Navarra (-902) y Castilla y Le\u00f3n (-814).<\/p>\n","protected":false},"excerpt":{"rendered":"<p>La afiliaci\u00f3n media a la Seguridad Social alcanz\u00f3 19.024.165 ocupados en diciembre, tras sumar 78.541 trabajadores m\u00e1s (0,41%). Se trata del mejor dato de cierre de a\u00f1o de la serie hist\u00f3rica, solo superado por 2007 (cuando se alcanz\u00f3 la cifra de 19.372.777). \u200bEn t\u00e9rminos interanuales, el mes de diciembre cerr\u00f3 con una media de 563.965<\/p>\n","protected":false},"author":1,"featured_media":113274,"comment_status":"closed","ping_status":"closed","sticky":false,"template":"","format":"standard","meta":{"footnotes":""},"categories":[343],"tags":[],"class_list":{"0":"post-113408","1":"post","2":"type-post","3":"status-publish","4":"format-standard","5":"has-post-thumbnail","7":"category-actualidad"},"aioseo_notices":[],"aioseo_head":"\n\t\t<!-- All in One SEO Pro 4.9.6.2 - aioseo.com -->\n\t<meta name=\"description\" content=\"La afiliaci\u00f3n media a la Seguridad Social alcanz\u00f3 19.024.165 ocupados en diciembre, tras sumar 78.541 trabajadores m\u00e1s (0,41%). Se trata del mejor dato de cierre de a\u00f1o de la serie hist\u00f3rica, solo superado por 2007 (cuando se alcanz\u00f3 la cifra de 19.372.777). \u200bEn t\u00e9rminos interanuales, el mes de diciembre cerr\u00f3 con una media de 563.965\" \/>\n\t<meta name=\"robots\" content=\"max-image-preview:large\" \/>\n\t<meta name=\"author\" content=\"Cand\u00e1s 365\"\/>\n\t<meta name=\"google-site-verification\" content=\"UA-32230408-1\" \/>\n\t<meta name=\"msvalidate.01\" content=\"354F3CDFB2DA171B47FBE9ABF1F88D5\" \/>\n\t<meta name=\"keywords\" content=\"actualidad\" \/>\n\t<link rel=\"canonical\" href=\"https:\/\/candas365.es\/noticias\/mas-de-19-millones-de-afiliados-a-la-seguridad-social\/\" \/>\n\t<meta name=\"generator\" content=\"All in One SEO Pro (AIOSEO) 4.9.6.2\" \/>\n\t\t<meta property=\"og:locale\" content=\"es_ES\" \/>\n\t\t<meta property=\"og:site_name\" content=\"Cand\u00e1s 365\" \/>\n\t\t<meta property=\"og:type\" content=\"article\" \/>\n\t\t<meta property=\"og:title\" content=\"M\u00e1s de 19 millones de afiliados a la Seguridad Social | Cand\u00e1s 365\" \/>\n\t\t<meta property=\"og:description\" content=\"La afiliaci\u00f3n media a la Seguridad Social alcanz\u00f3 19.024.165 ocupados en diciembre, tras sumar 78.541 trabajadores m\u00e1s (0,41%). Se trata del mejor dato de cierre de a\u00f1o de la serie hist\u00f3rica, solo superado por 2007 (cuando se alcanz\u00f3 la cifra de 19.372.777). \u200bEn t\u00e9rminos interanuales, el mes de diciembre cerr\u00f3 con una media de 563.965\" \/>\n\t\t<meta property=\"og:url\" content=\"https:\/\/candas365.es\/noticias\/mas-de-19-millones-de-afiliados-a-la-seguridad-social\/\" \/>\n\t\t<meta property=\"og:image\" content=\"https:\/\/candas365.es\/noticias\/wp-content\/uploads\/2019\/01\/startup-593341_960_720.jpg\" \/>\n\t\t<meta property=\"og:image:secure_url\" content=\"https:\/\/candas365.es\/noticias\/wp-content\/uploads\/2019\/01\/startup-593341_960_720.jpg\" \/>\n\t\t<meta property=\"og:image:width\" content=\"960\" \/>\n\t\t<meta property=\"og:image:height\" content=\"640\" \/>\n\t\t<meta property=\"article:published_time\" content=\"2019-01-04T23:03:52+00:00\" \/>\n\t\t<meta property=\"article:modified_time\" content=\"2019-01-04T23:03:52+00:00\" \/>\n\t\t<meta property=\"article:publisher\" content=\"https:\/\/www.facebook.com\/Nachofdezber\" \/>\n\t\t<meta property=\"article:author\" content=\"https:\/\/www.facebook.com\/carrenoactualidad\" \/>\n\t\t<meta name=\"twitter:card\" content=\"summary_large_image\" \/>\n\t\t<meta name=\"twitter:site\" content=\"@NabercoDigital\" \/>\n\t\t<meta name=\"twitter:title\" content=\"M\u00e1s de 19 millones de afiliados a la Seguridad Social | Cand\u00e1s 365\" \/>\n\t\t<meta name=\"twitter:description\" content=\"La afiliaci\u00f3n media a la Seguridad Social alcanz\u00f3 19.024.165 ocupados en diciembre, tras sumar 78.541 trabajadores m\u00e1s (0,41%). Se trata del mejor dato de cierre de a\u00f1o de la serie hist\u00f3rica, solo superado por 2007 (cuando se alcanz\u00f3 la cifra de 19.372.777). \u200bEn t\u00e9rminos interanuales, el mes de diciembre cerr\u00f3 con una media de 563.965\" \/>\n\t\t<meta name=\"twitter:creator\" content=\"@nbasturias\" \/>\n\t\t<meta name=\"twitter:image\" content=\"https:\/\/candas365.es\/noticias\/wp-content\/uploads\/2019\/01\/startup-593341_960_720.jpg\" \/>\n\t\t<meta name=\"twitter:label1\" content=\"Escrito por\" \/>\n\t\t<meta name=\"twitter:data1\" content=\"Cand\u00e1s 365\" \/>\n\t\t<meta name=\"twitter:label2\" content=\"Tiempo de lectura estimado\" \/>\n\t\t<meta name=\"twitter:data2\" content=\"3 minutos\" \/>\n\t\t<script type=\"application\/ld+json\" class=\"aioseo-schema\">\n\t\t\t{\"@context\":\"https:\\\/\\\/schema.org\",\"@graph\":[{\"@type\":\"BreadcrumbList\",\"@id\":\"https:\\\/\\\/candas365.es\\\/noticias\\\/mas-de-19-millones-de-afiliados-a-la-seguridad-social\\\/#breadcrumblist\",\"itemListElement\":[{\"@type\":\"ListItem\",\"@id\":\"https:\\\/\\\/candas365.es\\\/noticias#listItem\",\"position\":1,\"name\":\"Home\",\"item\":\"https:\\\/\\\/candas365.es\\\/noticias\",\"nextItem\":{\"@type\":\"ListItem\",\"@id\":\"https:\\\/\\\/candas365.es\\\/noticias\\\/category\\\/actualidad\\\/#listItem\",\"name\":\"Actualidad\"}},{\"@type\":\"ListItem\",\"@id\":\"https:\\\/\\\/candas365.es\\\/noticias\\\/category\\\/actualidad\\\/#listItem\",\"position\":2,\"name\":\"Actualidad\",\"item\":\"https:\\\/\\\/candas365.es\\\/noticias\\\/category\\\/actualidad\\\/\",\"nextItem\":{\"@type\":\"ListItem\",\"@id\":\"https:\\\/\\\/candas365.es\\\/noticias\\\/mas-de-19-millones-de-afiliados-a-la-seguridad-social\\\/#listItem\",\"name\":\"M\\u00e1s de 19 millones de afiliados a la Seguridad Social\"},\"previousItem\":{\"@type\":\"ListItem\",\"@id\":\"https:\\\/\\\/candas365.es\\\/noticias#listItem\",\"name\":\"Home\"}},{\"@type\":\"ListItem\",\"@id\":\"https:\\\/\\\/candas365.es\\\/noticias\\\/mas-de-19-millones-de-afiliados-a-la-seguridad-social\\\/#listItem\",\"position\":3,\"name\":\"M\\u00e1s de 19 millones de afiliados a la Seguridad Social\",\"previousItem\":{\"@type\":\"ListItem\",\"@id\":\"https:\\\/\\\/candas365.es\\\/noticias\\\/category\\\/actualidad\\\/#listItem\",\"name\":\"Actualidad\"}}]},{\"@type\":\"NewsArticle\",\"@id\":\"https:\\\/\\\/candas365.es\\\/noticias\\\/mas-de-19-millones-de-afiliados-a-la-seguridad-social\\\/#newsarticle\",\"name\":\"M\\u00e1s de 19 millones de afiliados a la Seguridad Social | Cand\\u00e1s 365\",\"headline\":\"M\\u00e1s de 19 millones de afiliados a la Seguridad Social\",\"author\":{\"@id\":\"https:\\\/\\\/candas365.es\\\/noticias\\\/author\\\/admin\\\/#author\"},\"publisher\":{\"@id\":\"https:\\\/\\\/candas365.es\\\/noticias\\\/#organization\"},\"image\":{\"@type\":\"ImageObject\",\"url\":\"https:\\\/\\\/candas365.es\\\/noticias\\\/wp-content\\\/uploads\\\/2019\\\/01\\\/startup-593341_960_720.jpg\",\"width\":960,\"height\":640},\"datePublished\":\"2019-01-04T23:03:52+01:00\",\"dateModified\":\"2019-01-04T23:03:52+01:00\",\"inLanguage\":\"es-ES\",\"mainEntityOfPage\":{\"@id\":\"https:\\\/\\\/candas365.es\\\/noticias\\\/mas-de-19-millones-de-afiliados-a-la-seguridad-social\\\/#webpage\"},\"isPartOf\":{\"@id\":\"https:\\\/\\\/candas365.es\\\/noticias\\\/mas-de-19-millones-de-afiliados-a-la-seguridad-social\\\/#webpage\"},\"articleSection\":\"Actualidad\",\"dateline\":\"Publicado el enero 4, 2019.\"},{\"@type\":\"Organization\",\"@id\":\"https:\\\/\\\/candas365.es\\\/noticias\\\/#organization\",\"name\":\"Cand\\u00e1s 365\",\"description\":\"Cand\\u00e1s 365 es un diario digital independiente, fundado en 2012, con base en Asturias. Informamos con rigor sobre actualidad, sociedad, cultura y ocio, con una mirada local y global.\",\"url\":\"https:\\\/\\\/candas365.es\\\/noticias\\\/\",\"email\":\"info@candas365.es\",\"telephone\":\"+34652131393\",\"foundingDate\":\"2012-06-10\",\"logo\":{\"@type\":\"ImageObject\",\"url\":\"https:\\\/\\\/candas365.es\\\/noticias\\\/wp-content\\\/uploads\\\/2024\\\/09\\\/Candas-365-Redes.jpg\",\"@id\":\"https:\\\/\\\/candas365.es\\\/noticias\\\/mas-de-19-millones-de-afiliados-a-la-seguridad-social\\\/#organizationLogo\",\"width\":1152,\"height\":864,\"caption\":\"Cand\\u00e1s 365 Redes\"},\"image\":{\"@id\":\"https:\\\/\\\/candas365.es\\\/noticias\\\/mas-de-19-millones-de-afiliados-a-la-seguridad-social\\\/#organizationLogo\"},\"sameAs\":[\"https:\\\/\\\/www.facebook.com\\\/Nachofdezber\",\"https:\\\/\\\/x.com\\\/NabercoDigital\",\"https:\\\/\\\/www.instagram.com\\\/nachofdezber\\\/\",\"https:\\\/\\\/www.youtube.com\\\/channel\\\/UCZP-2wLEB9Rv6erhFmqVnvg\"],\"address\":{\"@id\":\"https:\\\/\\\/candas365.es\\\/noticias\\\/#postaladdress\",\"@type\":\"PostalAddress\",\"streetAddress\":\"san antonio 4, san antonio 4\",\"postalCode\":\"33430\",\"addressLocality\":\"Cand\\u00e1s\",\"addressRegion\":\"Asturias\",\"addressCountry\":\"ES\"}},{\"@type\":\"Person\",\"@id\":\"https:\\\/\\\/candas365.es\\\/noticias\\\/author\\\/admin\\\/#author\",\"url\":\"https:\\\/\\\/candas365.es\\\/noticias\\\/author\\\/admin\\\/\",\"name\":\"Cand\\u00e1s 365\",\"image\":{\"@type\":\"ImageObject\",\"@id\":\"https:\\\/\\\/candas365.es\\\/noticias\\\/mas-de-19-millones-de-afiliados-a-la-seguridad-social\\\/#authorImage\",\"url\":\"https:\\\/\\\/secure.gravatar.com\\\/avatar\\\/496a8e03d0c493ede1718b7934145dbdf8d89be1036b0eec9544e1094c9de390?s=96&d=mm&r=g\",\"width\":96,\"height\":96,\"caption\":\"Cand\\u00e1s 365\"},\"sameAs\":[\"https:\\\/\\\/www.facebook.com\\\/carrenoactualidad\",\"https:\\\/\\\/twitter.com\\\/nbasturias\",\"https:\\\/\\\/www.instagram.com\\\/nachofdezber\\\/\",\"https:\\\/\\\/www.youtube.com\\\/channel\\\/UCZP-2wLEB9Rv6erhFmqVnvg\"]},{\"@type\":\"WebPage\",\"@id\":\"https:\\\/\\\/candas365.es\\\/noticias\\\/mas-de-19-millones-de-afiliados-a-la-seguridad-social\\\/#webpage\",\"url\":\"https:\\\/\\\/candas365.es\\\/noticias\\\/mas-de-19-millones-de-afiliados-a-la-seguridad-social\\\/\",\"name\":\"M\\u00e1s de 19 millones de afiliados a la Seguridad Social | Cand\\u00e1s 365\",\"description\":\"La afiliaci\\u00f3n media a la Seguridad Social alcanz\\u00f3 19.024.165 ocupados en diciembre, tras sumar 78.541 trabajadores m\\u00e1s (0,41%). Se trata del mejor dato de cierre de a\\u00f1o de la serie hist\\u00f3rica, solo superado por 2007 (cuando se alcanz\\u00f3 la cifra de 19.372.777). \\u200bEn t\\u00e9rminos interanuales, el mes de diciembre cerr\\u00f3 con una media de 563.965\",\"inLanguage\":\"es-ES\",\"isPartOf\":{\"@id\":\"https:\\\/\\\/candas365.es\\\/noticias\\\/#website\"},\"breadcrumb\":{\"@id\":\"https:\\\/\\\/candas365.es\\\/noticias\\\/mas-de-19-millones-de-afiliados-a-la-seguridad-social\\\/#breadcrumblist\"},\"author\":{\"@id\":\"https:\\\/\\\/candas365.es\\\/noticias\\\/author\\\/admin\\\/#author\"},\"creator\":{\"@id\":\"https:\\\/\\\/candas365.es\\\/noticias\\\/author\\\/admin\\\/#author\"},\"image\":{\"@type\":\"ImageObject\",\"url\":\"https:\\\/\\\/candas365.es\\\/noticias\\\/wp-content\\\/uploads\\\/2019\\\/01\\\/startup-593341_960_720.jpg\",\"@id\":\"https:\\\/\\\/candas365.es\\\/noticias\\\/mas-de-19-millones-de-afiliados-a-la-seguridad-social\\\/#mainImage\",\"width\":960,\"height\":640},\"primaryImageOfPage\":{\"@id\":\"https:\\\/\\\/candas365.es\\\/noticias\\\/mas-de-19-millones-de-afiliados-a-la-seguridad-social\\\/#mainImage\"},\"datePublished\":\"2019-01-04T23:03:52+01:00\",\"dateModified\":\"2019-01-04T23:03:52+01:00\"},{\"@type\":\"WebSite\",\"@id\":\"https:\\\/\\\/candas365.es\\\/noticias\\\/#website\",\"url\":\"https:\\\/\\\/candas365.es\\\/noticias\\\/\",\"name\":\"Cand\\u00e1s 365\",\"alternateName\":\"Cand\\u00e1s 365 Noticias\",\"description\":\"Actualidad desde Carre\\u00f1o para el mundo\",\"inLanguage\":\"es-ES\",\"publisher\":{\"@id\":\"https:\\\/\\\/candas365.es\\\/noticias\\\/#organization\"}}]}\n\t\t<\/script>\n\t\t<!-- All in One SEO Pro -->\r\n\t\t<title>M\u00e1s de 19 millones de afiliados a la Seguridad Social | Cand\u00e1s 365<\/title>\n\n","aioseo_head_json":{"title":"M\u00e1s de 19 millones de afiliados a la Seguridad Social | Cand\u00e1s 365","description":"La afiliaci\u00f3n media a la Seguridad Social alcanz\u00f3 19.024.165 ocupados en diciembre, tras sumar 78.541 trabajadores m\u00e1s (0,41%). Se trata del mejor dato de cierre de a\u00f1o de la serie hist\u00f3rica, solo superado por 2007 (cuando se alcanz\u00f3 la cifra de 19.372.777). \u200bEn t\u00e9rminos interanuales, el mes de diciembre cerr\u00f3 con una media de 563.965","canonical_url":"https:\/\/candas365.es\/noticias\/mas-de-19-millones-de-afiliados-a-la-seguridad-social\/","robots":"max-image-preview:large","keywords":"actualidad","webmasterTools":{"google-site-verification":"UA-32230408-1","msvalidate.01":"354F3CDFB2DA171B47FBE9ABF1F88D5","miscellaneous":""},"schema":{"@context":"https:\/\/schema.org","@graph":[{"@type":"BreadcrumbList","@id":"https:\/\/candas365.es\/noticias\/mas-de-19-millones-de-afiliados-a-la-seguridad-social\/#breadcrumblist","itemListElement":[{"@type":"ListItem","@id":"https:\/\/candas365.es\/noticias#listItem","position":1,"name":"Home","item":"https:\/\/candas365.es\/noticias","nextItem":{"@type":"ListItem","@id":"https:\/\/candas365.es\/noticias\/category\/actualidad\/#listItem","name":"Actualidad"}},{"@type":"ListItem","@id":"https:\/\/candas365.es\/noticias\/category\/actualidad\/#listItem","position":2,"name":"Actualidad","item":"https:\/\/candas365.es\/noticias\/category\/actualidad\/","nextItem":{"@type":"ListItem","@id":"https:\/\/candas365.es\/noticias\/mas-de-19-millones-de-afiliados-a-la-seguridad-social\/#listItem","name":"M\u00e1s de 19 millones de afiliados a la Seguridad Social"},"previousItem":{"@type":"ListItem","@id":"https:\/\/candas365.es\/noticias#listItem","name":"Home"}},{"@type":"ListItem","@id":"https:\/\/candas365.es\/noticias\/mas-de-19-millones-de-afiliados-a-la-seguridad-social\/#listItem","position":3,"name":"M\u00e1s de 19 millones de afiliados a la Seguridad Social","previousItem":{"@type":"ListItem","@id":"https:\/\/candas365.es\/noticias\/category\/actualidad\/#listItem","name":"Actualidad"}}]},{"@type":"NewsArticle","@id":"https:\/\/candas365.es\/noticias\/mas-de-19-millones-de-afiliados-a-la-seguridad-social\/#newsarticle","name":"M\u00e1s de 19 millones de afiliados a la Seguridad Social | Cand\u00e1s 365","headline":"M\u00e1s de 19 millones de afiliados a la Seguridad Social","author":{"@id":"https:\/\/candas365.es\/noticias\/author\/admin\/#author"},"publisher":{"@id":"https:\/\/candas365.es\/noticias\/#organization"},"image":{"@type":"ImageObject","url":"https:\/\/candas365.es\/noticias\/wp-content\/uploads\/2019\/01\/startup-593341_960_720.jpg","width":960,"height":640},"datePublished":"2019-01-04T23:03:52+01:00","dateModified":"2019-01-04T23:03:52+01:00","inLanguage":"es-ES","mainEntityOfPage":{"@id":"https:\/\/candas365.es\/noticias\/mas-de-19-millones-de-afiliados-a-la-seguridad-social\/#webpage"},"isPartOf":{"@id":"https:\/\/candas365.es\/noticias\/mas-de-19-millones-de-afiliados-a-la-seguridad-social\/#webpage"},"articleSection":"Actualidad","dateline":"Publicado el enero 4, 2019."},{"@type":"Organization","@id":"https:\/\/candas365.es\/noticias\/#organization","name":"Cand\u00e1s 365","description":"Cand\u00e1s 365 es un diario digital independiente, fundado en 2012, con base en Asturias. Informamos con rigor sobre actualidad, sociedad, cultura y ocio, con una mirada local y global.","url":"https:\/\/candas365.es\/noticias\/","email":"info@candas365.es","telephone":"+34652131393","foundingDate":"2012-06-10","logo":{"@type":"ImageObject","url":"https:\/\/candas365.es\/noticias\/wp-content\/uploads\/2024\/09\/Candas-365-Redes.jpg","@id":"https:\/\/candas365.es\/noticias\/mas-de-19-millones-de-afiliados-a-la-seguridad-social\/#organizationLogo","width":1152,"height":864,"caption":"Cand\u00e1s 365 Redes"},"image":{"@id":"https:\/\/candas365.es\/noticias\/mas-de-19-millones-de-afiliados-a-la-seguridad-social\/#organizationLogo"},"sameAs":["https:\/\/www.facebook.com\/Nachofdezber","https:\/\/x.com\/NabercoDigital","https:\/\/www.instagram.com\/nachofdezber\/","https:\/\/www.youtube.com\/channel\/UCZP-2wLEB9Rv6erhFmqVnvg"],"address":{"@id":"https:\/\/candas365.es\/noticias\/#postaladdress","@type":"PostalAddress","streetAddress":"san antonio 4, san antonio 4","postalCode":"33430","addressLocality":"Cand\u00e1s","addressRegion":"Asturias","addressCountry":"ES"}},{"@type":"Person","@id":"https:\/\/candas365.es\/noticias\/author\/admin\/#author","url":"https:\/\/candas365.es\/noticias\/author\/admin\/","name":"Cand\u00e1s 365","image":{"@type":"ImageObject","@id":"https:\/\/candas365.es\/noticias\/mas-de-19-millones-de-afiliados-a-la-seguridad-social\/#authorImage","url":"https:\/\/secure.gravatar.com\/avatar\/496a8e03d0c493ede1718b7934145dbdf8d89be1036b0eec9544e1094c9de390?s=96&d=mm&r=g","width":96,"height":96,"caption":"Cand\u00e1s 365"},"sameAs":["https:\/\/www.facebook.com\/carrenoactualidad","https:\/\/twitter.com\/nbasturias","https:\/\/www.instagram.com\/nachofdezber\/","https:\/\/www.youtube.com\/channel\/UCZP-2wLEB9Rv6erhFmqVnvg"]},{"@type":"WebPage","@id":"https:\/\/candas365.es\/noticias\/mas-de-19-millones-de-afiliados-a-la-seguridad-social\/#webpage","url":"https:\/\/candas365.es\/noticias\/mas-de-19-millones-de-afiliados-a-la-seguridad-social\/","name":"M\u00e1s de 19 millones de afiliados a la Seguridad Social | Cand\u00e1s 365","description":"La afiliaci\u00f3n media a la Seguridad Social alcanz\u00f3 19.024.165 ocupados en diciembre, tras sumar 78.541 trabajadores m\u00e1s (0,41%). Se trata del mejor dato de cierre de a\u00f1o de la serie hist\u00f3rica, solo superado por 2007 (cuando se alcanz\u00f3 la cifra de 19.372.777). \u200bEn t\u00e9rminos interanuales, el mes de diciembre cerr\u00f3 con una media de 563.965","inLanguage":"es-ES","isPartOf":{"@id":"https:\/\/candas365.es\/noticias\/#website"},"breadcrumb":{"@id":"https:\/\/candas365.es\/noticias\/mas-de-19-millones-de-afiliados-a-la-seguridad-social\/#breadcrumblist"},"author":{"@id":"https:\/\/candas365.es\/noticias\/author\/admin\/#author"},"creator":{"@id":"https:\/\/candas365.es\/noticias\/author\/admin\/#author"},"image":{"@type":"ImageObject","url":"https:\/\/candas365.es\/noticias\/wp-content\/uploads\/2019\/01\/startup-593341_960_720.jpg","@id":"https:\/\/candas365.es\/noticias\/mas-de-19-millones-de-afiliados-a-la-seguridad-social\/#mainImage","width":960,"height":640},"primaryImageOfPage":{"@id":"https:\/\/candas365.es\/noticias\/mas-de-19-millones-de-afiliados-a-la-seguridad-social\/#mainImage"},"datePublished":"2019-01-04T23:03:52+01:00","dateModified":"2019-01-04T23:03:52+01:00"},{"@type":"WebSite","@id":"https:\/\/candas365.es\/noticias\/#website","url":"https:\/\/candas365.es\/noticias\/","name":"Cand\u00e1s 365","alternateName":"Cand\u00e1s 365 Noticias","description":"Actualidad desde Carre\u00f1o para el mundo","inLanguage":"es-ES","publisher":{"@id":"https:\/\/candas365.es\/noticias\/#organization"}}]},"og:locale":"es_ES","og:site_name":"Cand\u00e1s 365","og:type":"article","og:title":"M\u00e1s de 19 millones de afiliados a la Seguridad Social | Cand\u00e1s 365","og:description":"La afiliaci\u00f3n media a la Seguridad Social alcanz\u00f3 19.024.165 ocupados en diciembre, tras sumar 78.541 trabajadores m\u00e1s (0,41%). Se trata del mejor dato de cierre de a\u00f1o de la serie hist\u00f3rica, solo superado por 2007 (cuando se alcanz\u00f3 la cifra de 19.372.777). \u200bEn t\u00e9rminos interanuales, el mes de diciembre cerr\u00f3 con una media de 563.965","og:url":"https:\/\/candas365.es\/noticias\/mas-de-19-millones-de-afiliados-a-la-seguridad-social\/","og:image":"https:\/\/candas365.es\/noticias\/wp-content\/uploads\/2019\/01\/startup-593341_960_720.jpg","og:image:secure_url":"https:\/\/candas365.es\/noticias\/wp-content\/uploads\/2019\/01\/startup-593341_960_720.jpg","og:image:width":960,"og:image:height":640,"article:published_time":"2019-01-04T23:03:52+00:00","article:modified_time":"2019-01-04T23:03:52+00:00","article:publisher":"https:\/\/www.facebook.com\/Nachofdezber","article:author":"https:\/\/www.facebook.com\/carrenoactualidad","twitter:card":"summary_large_image","twitter:site":"@NabercoDigital","twitter:title":"M\u00e1s de 19 millones de afiliados a la Seguridad Social | Cand\u00e1s 365","twitter:description":"La afiliaci\u00f3n media a la Seguridad Social alcanz\u00f3 19.024.165 ocupados en diciembre, tras sumar 78.541 trabajadores m\u00e1s (0,41%). Se trata del mejor dato de cierre de a\u00f1o de la serie hist\u00f3rica, solo superado por 2007 (cuando se alcanz\u00f3 la cifra de 19.372.777). \u200bEn t\u00e9rminos interanuales, el mes de diciembre cerr\u00f3 con una media de 563.965","twitter:creator":"@nbasturias","twitter:image":"https:\/\/candas365.es\/noticias\/wp-content\/uploads\/2019\/01\/startup-593341_960_720.jpg","twitter:label1":"Escrito por","twitter:data1":"Cand\u00e1s 365","twitter:label2":"Tiempo de lectura estimado","twitter:data2":"3 minutos"},"aioseo_meta_data":{"post_id":"113408","title":null,"description":null,"keywords":null,"keyphrases":null,"primary_term":null,"canonical_url":null,"og_title":null,"og_description":null,"og_object_type":"default","og_image_type":"default","og_image_url":null,"og_image_width":null,"og_image_height":null,"og_image_custom_url":null,"og_image_custom_fields":null,"og_video":null,"og_custom_url":null,"og_article_section":null,"og_article_tags":null,"twitter_use_og":false,"twitter_card":"default","twitter_image_type":"default","twitter_image_url":null,"twitter_image_custom_url":null,"twitter_image_custom_fields":null,"twitter_title":null,"twitter_description":null,"schema":{"blockGraphs":[],"customGraphs":[],"default":{"data":{"Article":[],"Course":[],"Dataset":[],"FAQPage":[],"Movie":[],"Person":[],"Product":[],"ProductReview":[],"Car":[],"Recipe":[],"Service":[],"SoftwareApplication":[],"WebPage":[]},"graphName":"","isEnabled":true},"graphs":[]},"schema_type":null,"schema_type_options":null,"pillar_content":false,"robots_default":true,"robots_noindex":false,"robots_noarchive":false,"robots_nosnippet":false,"robots_nofollow":false,"robots_noimageindex":false,"robots_noodp":false,"robots_notranslate":false,"robots_max_snippet":null,"robots_max_videopreview":null,"robots_max_imagepreview":"large","priority":null,"frequency":null,"location":null,"local_seo":null,"seo_analyzer_scan_date":"2025-08-28 21:17:24","breadcrumb_settings":null,"limit_modified_date":false,"reviewed_by":null,"open_ai":null,"ai":null,"created":"2020-12-21 11:28:55","updated":"2025-08-28 21:17:24"},"aioseo_breadcrumb":"<div class=\"aioseo-breadcrumbs\"><span class=\"aioseo-breadcrumb\">\n\t<a href=\"https:\/\/candas365.es\/noticias\" title=\"Home\">Home<\/a>\n<\/span><span class=\"aioseo-breadcrumb-separator\">&ndash;<\/span><span class=\"aioseo-breadcrumb\">\n\t<a href=\"https:\/\/candas365.es\/noticias\/category\/actualidad\/\" title=\"Actualidad\">Actualidad<\/a>\n<\/span><span class=\"aioseo-breadcrumb-separator\">&ndash;<\/span><span class=\"aioseo-breadcrumb\">\n\tM\u00e1s de 19 millones de afiliados a la Seguridad Social\n<\/span><\/div>","aioseo_breadcrumb_json":[{"label":"Home","link":"https:\/\/candas365.es\/noticias"},{"label":"Actualidad","link":"https:\/\/candas365.es\/noticias\/category\/actualidad\/"},{"label":"M\u00e1s de 19 millones de afiliados a la Seguridad Social","link":"https:\/\/candas365.es\/noticias\/mas-de-19-millones-de-afiliados-a-la-seguridad-social\/"}],"_links":{"self":[{"href":"https:\/\/candas365.es\/noticias\/wp-json\/wp\/v2\/posts\/113408","targetHints":{"allow":["GET"]}}],"collection":[{"href":"https:\/\/candas365.es\/noticias\/wp-json\/wp\/v2\/posts"}],"about":[{"href":"https:\/\/candas365.es\/noticias\/wp-json\/wp\/v2\/types\/post"}],"author":[{"embeddable":true,"href":"https:\/\/candas365.es\/noticias\/wp-json\/wp\/v2\/users\/1"}],"replies":[{"embeddable":true,"href":"https:\/\/candas365.es\/noticias\/wp-json\/wp\/v2\/comments?post=113408"}],"version-history":[{"count":0,"href":"https:\/\/candas365.es\/noticias\/wp-json\/wp\/v2\/posts\/113408\/revisions"}],"wp:featuredmedia":[{"embeddable":true,"href":"https:\/\/candas365.es\/noticias\/wp-json\/wp\/v2\/media\/113274"}],"wp:attachment":[{"href":"https:\/\/candas365.es\/noticias\/wp-json\/wp\/v2\/media?parent=113408"}],"wp:term":[{"taxonomy":"category","embeddable":true,"href":"https:\/\/candas365.es\/noticias\/wp-json\/wp\/v2\/categories?post=113408"},{"taxonomy":"post_tag","embeddable":true,"href":"https:\/\/candas365.es\/noticias\/wp-json\/wp\/v2\/tags?post=113408"}],"curies":[{"name":"wp","href":"https:\/\/api.w.org\/{rel}","templated":true}]}}