{"id":113401,"date":"2019-01-04T22:58:09","date_gmt":"2019-01-04T22:58:09","guid":{"rendered":"http:\/\/candas365.es\/noticias\/?p=113401"},"modified":"2019-01-04T22:58:09","modified_gmt":"2019-01-04T22:58:09","slug":"dos-mujeres-heridas-en-un-accidente-en-tineo","status":"publish","type":"post","link":"https:\/\/candas365.es\/noticias\/dos-mujeres-heridas-en-un-accidente-en-tineo\/","title":{"rendered":"Dos mujeres heridas en un accidente en Tineo"},"content":{"rendered":"<p><img fetchpriority=\"high\" decoding=\"async\" class=\"alignleft size-medium wp-image-18235\" src=\"https:\/\/candas365.es\/noticias\/wp-content\/uploads\/2015\/10\/civil-360x198.jpg\" alt=\"\" width=\"360\" height=\"198\" srcset=\"https:\/\/candas365.es\/noticias\/wp-content\/uploads\/2015\/10\/civil-360x198.jpg 360w, https:\/\/candas365.es\/noticias\/wp-content\/uploads\/2015\/10\/civil-650x357.jpg 650w, https:\/\/candas365.es\/noticias\/wp-content\/uploads\/2015\/10\/civil-150x82.jpg 150w, https:\/\/candas365.es\/noticias\/wp-content\/uploads\/2015\/10\/civil-450x247.jpg 450w, https:\/\/candas365.es\/noticias\/wp-content\/uploads\/2015\/10\/civil.jpg 655w\" sizes=\"(max-width: 360px) 100vw, 360px\" \/>Dos mujeres han resultado heridas al volcar y salirse de la v\u00eda el veh\u00edculo en el que circulaban en Barredo, en Tineo. Seg\u00fan los datos facilitados por el Servicio de Atenci\u00f3n M\u00e9dica Urgente (SAMU), una de las afectadas ha resultado herida leve y se traslad\u00f3 por sus medios al centro hospitalario, mientras que la ambulancia de soporte vital b\u00e1sico traslad\u00f3 a la segunda de las heridas al Hospital Carmen y Severo Ochoa de Cangas del Narcea. A expensas de m\u00e1s pruebas y hasta nueva valoraci\u00f3n m\u00e9dica su pron\u00f3stico es reservado.<\/p>\n<p>El Centro de Coordinaci\u00f3n de Emergencias recibi\u00f3 el aviso a las 11:57 horas. En la llamada se indic\u00f3 que un coche se hab\u00eda salido de la v\u00eda y sufrido un vuelco. De inmediato se moviliz\u00f3 a tres efectivos de Bomberos del Servicio de Emergencias del Principado de Asturias (SEPA), con base en el parque de Tineo, que se trasladaron con el furg\u00f3n multisocorro y la autobomba urbana ligera.<\/p>\n<p>Una vez en el lugar, los bomberos comprobaron que el coche se hab\u00eda salido de la v\u00eda y volcado, quedando de nuevo sobre las ruedas, por un prado. De las dos ocupantes del turismo, una hab\u00eda podido salir del mismo, mientras que otra mujer permanec\u00eda en su interior. Tras inmovilizarla con el collar\u00edn, los efectivos de bomberos utilizaron la tabla de rescate para sacar a la afectada del coche por la puerta trasera izquierda. A continuaci\u00f3n la portearon hasta la ambulancia.<\/p>\n<p>Los bomberos tambi\u00e9n estabilizaron el veh\u00edculo. La dotaci\u00f3n dio por finalizada la intervenci\u00f3n a su llegada a base, a las 13:25 horas.<\/p>\n<p>La sala del 112 del SEPA inform\u00f3 del suceso a la Guardia Civil y al Servicio de Atenci\u00f3n M\u00e9dica Urgente (SAMU) que activ\u00f3 al m\u00e9dico de atenci\u00f3n primaria y la ambulancia de soporte vital b\u00e1sico de la zona.<\/p>\n","protected":false},"excerpt":{"rendered":"<p>Dos mujeres han resultado heridas al volcar y salirse de la v\u00eda el veh\u00edculo en el que circulaban en Barredo, en Tineo. Seg\u00fan los datos facilitados por el Servicio de Atenci\u00f3n M\u00e9dica Urgente (SAMU), una de las afectadas ha resultado herida leve y se traslad\u00f3 por sus medios al centro hospitalario, mientras que la ambulancia<\/p>\n","protected":false},"author":1,"featured_media":18235,"comment_status":"closed","ping_status":"closed","sticky":false,"template":"","format":"standard","meta":{"footnotes":""},"categories":[343],"tags":[],"class_list":{"0":"post-113401","1":"post","2":"type-post","3":"status-publish","4":"format-standard","5":"has-post-thumbnail","7":"category-actualidad"},"aioseo_notices":[],"aioseo_head":"\n\t\t<!-- All in One SEO Pro 4.9.6.2 - aioseo.com -->\n\t<meta name=\"description\" content=\"Dos mujeres han resultado heridas al volcar y salirse de la v\u00eda el veh\u00edculo en el que circulaban en Barredo, en Tineo. Seg\u00fan los datos facilitados por el Servicio de Atenci\u00f3n M\u00e9dica Urgente (SAMU), una de las afectadas ha resultado herida leve y se traslad\u00f3 por sus medios al centro hospitalario, mientras que la ambulancia\" \/>\n\t<meta name=\"robots\" content=\"max-image-preview:large\" \/>\n\t<meta name=\"author\" content=\"Cand\u00e1s 365\"\/>\n\t<meta name=\"google-site-verification\" content=\"UA-32230408-1\" \/>\n\t<meta name=\"msvalidate.01\" content=\"354F3CDFB2DA171B47FBE9ABF1F88D5\" \/>\n\t<meta name=\"keywords\" content=\"actualidad\" \/>\n\t<link rel=\"canonical\" href=\"https:\/\/candas365.es\/noticias\/dos-mujeres-heridas-en-un-accidente-en-tineo\/\" \/>\n\t<meta name=\"generator\" content=\"All in One SEO Pro (AIOSEO) 4.9.6.2\" \/>\n\t\t<meta property=\"og:locale\" content=\"es_ES\" \/>\n\t\t<meta property=\"og:site_name\" content=\"Cand\u00e1s 365\" \/>\n\t\t<meta property=\"og:type\" content=\"article\" \/>\n\t\t<meta property=\"og:title\" content=\"Dos mujeres heridas en un accidente en Tineo | Cand\u00e1s 365\" \/>\n\t\t<meta property=\"og:description\" content=\"Dos mujeres han resultado heridas al volcar y salirse de la v\u00eda el veh\u00edculo en el que circulaban en Barredo, en Tineo. Seg\u00fan los datos facilitados por el Servicio de Atenci\u00f3n M\u00e9dica Urgente (SAMU), una de las afectadas ha resultado herida leve y se traslad\u00f3 por sus medios al centro hospitalario, mientras que la ambulancia\" \/>\n\t\t<meta property=\"og:url\" content=\"https:\/\/candas365.es\/noticias\/dos-mujeres-heridas-en-un-accidente-en-tineo\/\" \/>\n\t\t<meta property=\"og:image\" content=\"https:\/\/candas365.es\/noticias\/wp-content\/uploads\/2015\/10\/civil.jpg\" \/>\n\t\t<meta property=\"og:image:secure_url\" content=\"https:\/\/candas365.es\/noticias\/wp-content\/uploads\/2015\/10\/civil.jpg\" \/>\n\t\t<meta property=\"og:image:width\" content=\"655\" \/>\n\t\t<meta property=\"og:image:height\" content=\"360\" \/>\n\t\t<meta property=\"article:published_time\" content=\"2019-01-04T22:58:09+00:00\" \/>\n\t\t<meta property=\"article:modified_time\" content=\"2019-01-04T22:58:09+00:00\" \/>\n\t\t<meta property=\"article:publisher\" content=\"https:\/\/www.facebook.com\/Nachofdezber\" \/>\n\t\t<meta property=\"article:author\" content=\"https:\/\/www.facebook.com\/carrenoactualidad\" \/>\n\t\t<meta name=\"twitter:card\" content=\"summary_large_image\" \/>\n\t\t<meta name=\"twitter:site\" content=\"@NabercoDigital\" \/>\n\t\t<meta name=\"twitter:title\" content=\"Dos mujeres heridas en un accidente en Tineo | Cand\u00e1s 365\" \/>\n\t\t<meta name=\"twitter:description\" content=\"Dos mujeres han resultado heridas al volcar y salirse de la v\u00eda el veh\u00edculo en el que circulaban en Barredo, en Tineo. Seg\u00fan los datos facilitados por el Servicio de Atenci\u00f3n M\u00e9dica Urgente (SAMU), una de las afectadas ha resultado herida leve y se traslad\u00f3 por sus medios al centro hospitalario, mientras que la ambulancia\" \/>\n\t\t<meta name=\"twitter:creator\" content=\"@nbasturias\" \/>\n\t\t<meta name=\"twitter:image\" content=\"https:\/\/candas365.es\/noticias\/wp-content\/uploads\/2015\/10\/civil.jpg\" \/>\n\t\t<meta name=\"twitter:label1\" content=\"Escrito por\" \/>\n\t\t<meta name=\"twitter:data1\" content=\"Cand\u00e1s 365\" \/>\n\t\t<meta name=\"twitter:label2\" content=\"Tiempo de lectura estimado\" \/>\n\t\t<meta name=\"twitter:data2\" content=\"2 minutos\" \/>\n\t\t<script type=\"application\/ld+json\" class=\"aioseo-schema\">\n\t\t\t{\"@context\":\"https:\\\/\\\/schema.org\",\"@graph\":[{\"@type\":\"BreadcrumbList\",\"@id\":\"https:\\\/\\\/candas365.es\\\/noticias\\\/dos-mujeres-heridas-en-un-accidente-en-tineo\\\/#breadcrumblist\",\"itemListElement\":[{\"@type\":\"ListItem\",\"@id\":\"https:\\\/\\\/candas365.es\\\/noticias#listItem\",\"position\":1,\"name\":\"Home\",\"item\":\"https:\\\/\\\/candas365.es\\\/noticias\",\"nextItem\":{\"@type\":\"ListItem\",\"@id\":\"https:\\\/\\\/candas365.es\\\/noticias\\\/category\\\/actualidad\\\/#listItem\",\"name\":\"Actualidad\"}},{\"@type\":\"ListItem\",\"@id\":\"https:\\\/\\\/candas365.es\\\/noticias\\\/category\\\/actualidad\\\/#listItem\",\"position\":2,\"name\":\"Actualidad\",\"item\":\"https:\\\/\\\/candas365.es\\\/noticias\\\/category\\\/actualidad\\\/\",\"nextItem\":{\"@type\":\"ListItem\",\"@id\":\"https:\\\/\\\/candas365.es\\\/noticias\\\/dos-mujeres-heridas-en-un-accidente-en-tineo\\\/#listItem\",\"name\":\"Dos mujeres heridas en un accidente en Tineo\"},\"previousItem\":{\"@type\":\"ListItem\",\"@id\":\"https:\\\/\\\/candas365.es\\\/noticias#listItem\",\"name\":\"Home\"}},{\"@type\":\"ListItem\",\"@id\":\"https:\\\/\\\/candas365.es\\\/noticias\\\/dos-mujeres-heridas-en-un-accidente-en-tineo\\\/#listItem\",\"position\":3,\"name\":\"Dos mujeres heridas en un accidente en Tineo\",\"previousItem\":{\"@type\":\"ListItem\",\"@id\":\"https:\\\/\\\/candas365.es\\\/noticias\\\/category\\\/actualidad\\\/#listItem\",\"name\":\"Actualidad\"}}]},{\"@type\":\"NewsArticle\",\"@id\":\"https:\\\/\\\/candas365.es\\\/noticias\\\/dos-mujeres-heridas-en-un-accidente-en-tineo\\\/#newsarticle\",\"name\":\"Dos mujeres heridas en un accidente en Tineo | Cand\\u00e1s 365\",\"headline\":\"Dos mujeres heridas en un accidente en Tineo\",\"author\":{\"@id\":\"https:\\\/\\\/candas365.es\\\/noticias\\\/author\\\/admin\\\/#author\"},\"publisher\":{\"@id\":\"https:\\\/\\\/candas365.es\\\/noticias\\\/#organization\"},\"image\":{\"@type\":\"ImageObject\",\"url\":\"https:\\\/\\\/candas365.es\\\/noticias\\\/wp-content\\\/uploads\\\/2015\\\/10\\\/civil.jpg\",\"width\":655,\"height\":360},\"datePublished\":\"2019-01-04T22:58:09+01:00\",\"dateModified\":\"2019-01-04T22:58:09+01:00\",\"inLanguage\":\"es-ES\",\"mainEntityOfPage\":{\"@id\":\"https:\\\/\\\/candas365.es\\\/noticias\\\/dos-mujeres-heridas-en-un-accidente-en-tineo\\\/#webpage\"},\"isPartOf\":{\"@id\":\"https:\\\/\\\/candas365.es\\\/noticias\\\/dos-mujeres-heridas-en-un-accidente-en-tineo\\\/#webpage\"},\"articleSection\":\"Actualidad\",\"dateline\":\"Publicado el enero 4, 2019.\"},{\"@type\":\"Organization\",\"@id\":\"https:\\\/\\\/candas365.es\\\/noticias\\\/#organization\",\"name\":\"Cand\\u00e1s 365\",\"description\":\"Cand\\u00e1s 365 es un diario digital independiente, fundado en 2012, con base en Asturias. Informamos con rigor sobre actualidad, sociedad, cultura y ocio, con una mirada local y global.\",\"url\":\"https:\\\/\\\/candas365.es\\\/noticias\\\/\",\"email\":\"info@candas365.es\",\"telephone\":\"+34652131393\",\"foundingDate\":\"2012-06-10\",\"logo\":{\"@type\":\"ImageObject\",\"url\":\"https:\\\/\\\/candas365.es\\\/noticias\\\/wp-content\\\/uploads\\\/2024\\\/09\\\/Candas-365-Redes.jpg\",\"@id\":\"https:\\\/\\\/candas365.es\\\/noticias\\\/dos-mujeres-heridas-en-un-accidente-en-tineo\\\/#organizationLogo\",\"width\":1152,\"height\":864,\"caption\":\"Cand\\u00e1s 365 Redes\"},\"image\":{\"@id\":\"https:\\\/\\\/candas365.es\\\/noticias\\\/dos-mujeres-heridas-en-un-accidente-en-tineo\\\/#organizationLogo\"},\"sameAs\":[\"https:\\\/\\\/www.facebook.com\\\/Nachofdezber\",\"https:\\\/\\\/x.com\\\/NabercoDigital\",\"https:\\\/\\\/www.instagram.com\\\/nachofdezber\\\/\",\"https:\\\/\\\/www.youtube.com\\\/channel\\\/UCZP-2wLEB9Rv6erhFmqVnvg\"],\"address\":{\"@id\":\"https:\\\/\\\/candas365.es\\\/noticias\\\/#postaladdress\",\"@type\":\"PostalAddress\",\"streetAddress\":\"san antonio 4, san antonio 4\",\"postalCode\":\"33430\",\"addressLocality\":\"Cand\\u00e1s\",\"addressRegion\":\"Asturias\",\"addressCountry\":\"ES\"}},{\"@type\":\"Person\",\"@id\":\"https:\\\/\\\/candas365.es\\\/noticias\\\/author\\\/admin\\\/#author\",\"url\":\"https:\\\/\\\/candas365.es\\\/noticias\\\/author\\\/admin\\\/\",\"name\":\"Cand\\u00e1s 365\",\"image\":{\"@type\":\"ImageObject\",\"@id\":\"https:\\\/\\\/candas365.es\\\/noticias\\\/dos-mujeres-heridas-en-un-accidente-en-tineo\\\/#authorImage\",\"url\":\"https:\\\/\\\/secure.gravatar.com\\\/avatar\\\/496a8e03d0c493ede1718b7934145dbdf8d89be1036b0eec9544e1094c9de390?s=96&d=mm&r=g\",\"width\":96,\"height\":96,\"caption\":\"Cand\\u00e1s 365\"},\"sameAs\":[\"https:\\\/\\\/www.facebook.com\\\/carrenoactualidad\",\"https:\\\/\\\/twitter.com\\\/nbasturias\",\"https:\\\/\\\/www.instagram.com\\\/nachofdezber\\\/\",\"https:\\\/\\\/www.youtube.com\\\/channel\\\/UCZP-2wLEB9Rv6erhFmqVnvg\"]},{\"@type\":\"WebPage\",\"@id\":\"https:\\\/\\\/candas365.es\\\/noticias\\\/dos-mujeres-heridas-en-un-accidente-en-tineo\\\/#webpage\",\"url\":\"https:\\\/\\\/candas365.es\\\/noticias\\\/dos-mujeres-heridas-en-un-accidente-en-tineo\\\/\",\"name\":\"Dos mujeres heridas en un accidente en Tineo | Cand\\u00e1s 365\",\"description\":\"Dos mujeres han resultado heridas al volcar y salirse de la v\\u00eda el veh\\u00edculo en el que circulaban en Barredo, en Tineo. Seg\\u00fan los datos facilitados por el Servicio de Atenci\\u00f3n M\\u00e9dica Urgente (SAMU), una de las afectadas ha resultado herida leve y se traslad\\u00f3 por sus medios al centro hospitalario, mientras que la ambulancia\",\"inLanguage\":\"es-ES\",\"isPartOf\":{\"@id\":\"https:\\\/\\\/candas365.es\\\/noticias\\\/#website\"},\"breadcrumb\":{\"@id\":\"https:\\\/\\\/candas365.es\\\/noticias\\\/dos-mujeres-heridas-en-un-accidente-en-tineo\\\/#breadcrumblist\"},\"author\":{\"@id\":\"https:\\\/\\\/candas365.es\\\/noticias\\\/author\\\/admin\\\/#author\"},\"creator\":{\"@id\":\"https:\\\/\\\/candas365.es\\\/noticias\\\/author\\\/admin\\\/#author\"},\"image\":{\"@type\":\"ImageObject\",\"url\":\"https:\\\/\\\/candas365.es\\\/noticias\\\/wp-content\\\/uploads\\\/2015\\\/10\\\/civil.jpg\",\"@id\":\"https:\\\/\\\/candas365.es\\\/noticias\\\/dos-mujeres-heridas-en-un-accidente-en-tineo\\\/#mainImage\",\"width\":655,\"height\":360},\"primaryImageOfPage\":{\"@id\":\"https:\\\/\\\/candas365.es\\\/noticias\\\/dos-mujeres-heridas-en-un-accidente-en-tineo\\\/#mainImage\"},\"datePublished\":\"2019-01-04T22:58:09+01:00\",\"dateModified\":\"2019-01-04T22:58:09+01:00\"},{\"@type\":\"WebSite\",\"@id\":\"https:\\\/\\\/candas365.es\\\/noticias\\\/#website\",\"url\":\"https:\\\/\\\/candas365.es\\\/noticias\\\/\",\"name\":\"Cand\\u00e1s 365\",\"alternateName\":\"Cand\\u00e1s 365 Noticias\",\"description\":\"Actualidad desde Carre\\u00f1o para el mundo\",\"inLanguage\":\"es-ES\",\"publisher\":{\"@id\":\"https:\\\/\\\/candas365.es\\\/noticias\\\/#organization\"}}]}\n\t\t<\/script>\n\t\t<!-- All in One SEO Pro -->\r\n\t\t<title>Dos mujeres heridas en un accidente en Tineo | Cand\u00e1s 365<\/title>\n\n","aioseo_head_json":{"title":"Dos mujeres heridas en un accidente en Tineo | Cand\u00e1s 365","description":"Dos mujeres han resultado heridas al volcar y salirse de la v\u00eda el veh\u00edculo en el que circulaban en Barredo, en Tineo. Seg\u00fan los datos facilitados por el Servicio de Atenci\u00f3n M\u00e9dica Urgente (SAMU), una de las afectadas ha resultado herida leve y se traslad\u00f3 por sus medios al centro hospitalario, mientras que la ambulancia","canonical_url":"https:\/\/candas365.es\/noticias\/dos-mujeres-heridas-en-un-accidente-en-tineo\/","robots":"max-image-preview:large","keywords":"actualidad","webmasterTools":{"google-site-verification":"UA-32230408-1","msvalidate.01":"354F3CDFB2DA171B47FBE9ABF1F88D5","miscellaneous":""},"schema":{"@context":"https:\/\/schema.org","@graph":[{"@type":"BreadcrumbList","@id":"https:\/\/candas365.es\/noticias\/dos-mujeres-heridas-en-un-accidente-en-tineo\/#breadcrumblist","itemListElement":[{"@type":"ListItem","@id":"https:\/\/candas365.es\/noticias#listItem","position":1,"name":"Home","item":"https:\/\/candas365.es\/noticias","nextItem":{"@type":"ListItem","@id":"https:\/\/candas365.es\/noticias\/category\/actualidad\/#listItem","name":"Actualidad"}},{"@type":"ListItem","@id":"https:\/\/candas365.es\/noticias\/category\/actualidad\/#listItem","position":2,"name":"Actualidad","item":"https:\/\/candas365.es\/noticias\/category\/actualidad\/","nextItem":{"@type":"ListItem","@id":"https:\/\/candas365.es\/noticias\/dos-mujeres-heridas-en-un-accidente-en-tineo\/#listItem","name":"Dos mujeres heridas en un accidente en Tineo"},"previousItem":{"@type":"ListItem","@id":"https:\/\/candas365.es\/noticias#listItem","name":"Home"}},{"@type":"ListItem","@id":"https:\/\/candas365.es\/noticias\/dos-mujeres-heridas-en-un-accidente-en-tineo\/#listItem","position":3,"name":"Dos mujeres heridas en un accidente en Tineo","previousItem":{"@type":"ListItem","@id":"https:\/\/candas365.es\/noticias\/category\/actualidad\/#listItem","name":"Actualidad"}}]},{"@type":"NewsArticle","@id":"https:\/\/candas365.es\/noticias\/dos-mujeres-heridas-en-un-accidente-en-tineo\/#newsarticle","name":"Dos mujeres heridas en un accidente en Tineo | Cand\u00e1s 365","headline":"Dos mujeres heridas en un accidente en Tineo","author":{"@id":"https:\/\/candas365.es\/noticias\/author\/admin\/#author"},"publisher":{"@id":"https:\/\/candas365.es\/noticias\/#organization"},"image":{"@type":"ImageObject","url":"https:\/\/candas365.es\/noticias\/wp-content\/uploads\/2015\/10\/civil.jpg","width":655,"height":360},"datePublished":"2019-01-04T22:58:09+01:00","dateModified":"2019-01-04T22:58:09+01:00","inLanguage":"es-ES","mainEntityOfPage":{"@id":"https:\/\/candas365.es\/noticias\/dos-mujeres-heridas-en-un-accidente-en-tineo\/#webpage"},"isPartOf":{"@id":"https:\/\/candas365.es\/noticias\/dos-mujeres-heridas-en-un-accidente-en-tineo\/#webpage"},"articleSection":"Actualidad","dateline":"Publicado el enero 4, 2019."},{"@type":"Organization","@id":"https:\/\/candas365.es\/noticias\/#organization","name":"Cand\u00e1s 365","description":"Cand\u00e1s 365 es un diario digital independiente, fundado en 2012, con base en Asturias. Informamos con rigor sobre actualidad, sociedad, cultura y ocio, con una mirada local y global.","url":"https:\/\/candas365.es\/noticias\/","email":"info@candas365.es","telephone":"+34652131393","foundingDate":"2012-06-10","logo":{"@type":"ImageObject","url":"https:\/\/candas365.es\/noticias\/wp-content\/uploads\/2024\/09\/Candas-365-Redes.jpg","@id":"https:\/\/candas365.es\/noticias\/dos-mujeres-heridas-en-un-accidente-en-tineo\/#organizationLogo","width":1152,"height":864,"caption":"Cand\u00e1s 365 Redes"},"image":{"@id":"https:\/\/candas365.es\/noticias\/dos-mujeres-heridas-en-un-accidente-en-tineo\/#organizationLogo"},"sameAs":["https:\/\/www.facebook.com\/Nachofdezber","https:\/\/x.com\/NabercoDigital","https:\/\/www.instagram.com\/nachofdezber\/","https:\/\/www.youtube.com\/channel\/UCZP-2wLEB9Rv6erhFmqVnvg"],"address":{"@id":"https:\/\/candas365.es\/noticias\/#postaladdress","@type":"PostalAddress","streetAddress":"san antonio 4, san antonio 4","postalCode":"33430","addressLocality":"Cand\u00e1s","addressRegion":"Asturias","addressCountry":"ES"}},{"@type":"Person","@id":"https:\/\/candas365.es\/noticias\/author\/admin\/#author","url":"https:\/\/candas365.es\/noticias\/author\/admin\/","name":"Cand\u00e1s 365","image":{"@type":"ImageObject","@id":"https:\/\/candas365.es\/noticias\/dos-mujeres-heridas-en-un-accidente-en-tineo\/#authorImage","url":"https:\/\/secure.gravatar.com\/avatar\/496a8e03d0c493ede1718b7934145dbdf8d89be1036b0eec9544e1094c9de390?s=96&d=mm&r=g","width":96,"height":96,"caption":"Cand\u00e1s 365"},"sameAs":["https:\/\/www.facebook.com\/carrenoactualidad","https:\/\/twitter.com\/nbasturias","https:\/\/www.instagram.com\/nachofdezber\/","https:\/\/www.youtube.com\/channel\/UCZP-2wLEB9Rv6erhFmqVnvg"]},{"@type":"WebPage","@id":"https:\/\/candas365.es\/noticias\/dos-mujeres-heridas-en-un-accidente-en-tineo\/#webpage","url":"https:\/\/candas365.es\/noticias\/dos-mujeres-heridas-en-un-accidente-en-tineo\/","name":"Dos mujeres heridas en un accidente en Tineo | Cand\u00e1s 365","description":"Dos mujeres han resultado heridas al volcar y salirse de la v\u00eda el veh\u00edculo en el que circulaban en Barredo, en Tineo. Seg\u00fan los datos facilitados por el Servicio de Atenci\u00f3n M\u00e9dica Urgente (SAMU), una de las afectadas ha resultado herida leve y se traslad\u00f3 por sus medios al centro hospitalario, mientras que la ambulancia","inLanguage":"es-ES","isPartOf":{"@id":"https:\/\/candas365.es\/noticias\/#website"},"breadcrumb":{"@id":"https:\/\/candas365.es\/noticias\/dos-mujeres-heridas-en-un-accidente-en-tineo\/#breadcrumblist"},"author":{"@id":"https:\/\/candas365.es\/noticias\/author\/admin\/#author"},"creator":{"@id":"https:\/\/candas365.es\/noticias\/author\/admin\/#author"},"image":{"@type":"ImageObject","url":"https:\/\/candas365.es\/noticias\/wp-content\/uploads\/2015\/10\/civil.jpg","@id":"https:\/\/candas365.es\/noticias\/dos-mujeres-heridas-en-un-accidente-en-tineo\/#mainImage","width":655,"height":360},"primaryImageOfPage":{"@id":"https:\/\/candas365.es\/noticias\/dos-mujeres-heridas-en-un-accidente-en-tineo\/#mainImage"},"datePublished":"2019-01-04T22:58:09+01:00","dateModified":"2019-01-04T22:58:09+01:00"},{"@type":"WebSite","@id":"https:\/\/candas365.es\/noticias\/#website","url":"https:\/\/candas365.es\/noticias\/","name":"Cand\u00e1s 365","alternateName":"Cand\u00e1s 365 Noticias","description":"Actualidad desde Carre\u00f1o para el mundo","inLanguage":"es-ES","publisher":{"@id":"https:\/\/candas365.es\/noticias\/#organization"}}]},"og:locale":"es_ES","og:site_name":"Cand\u00e1s 365","og:type":"article","og:title":"Dos mujeres heridas en un accidente en Tineo | Cand\u00e1s 365","og:description":"Dos mujeres han resultado heridas al volcar y salirse de la v\u00eda el veh\u00edculo en el que circulaban en Barredo, en Tineo. Seg\u00fan los datos facilitados por el Servicio de Atenci\u00f3n M\u00e9dica Urgente (SAMU), una de las afectadas ha resultado herida leve y se traslad\u00f3 por sus medios al centro hospitalario, mientras que la ambulancia","og:url":"https:\/\/candas365.es\/noticias\/dos-mujeres-heridas-en-un-accidente-en-tineo\/","og:image":"https:\/\/candas365.es\/noticias\/wp-content\/uploads\/2015\/10\/civil.jpg","og:image:secure_url":"https:\/\/candas365.es\/noticias\/wp-content\/uploads\/2015\/10\/civil.jpg","og:image:width":655,"og:image:height":360,"article:published_time":"2019-01-04T22:58:09+00:00","article:modified_time":"2019-01-04T22:58:09+00:00","article:publisher":"https:\/\/www.facebook.com\/Nachofdezber","article:author":"https:\/\/www.facebook.com\/carrenoactualidad","twitter:card":"summary_large_image","twitter:site":"@NabercoDigital","twitter:title":"Dos mujeres heridas en un accidente en Tineo | Cand\u00e1s 365","twitter:description":"Dos mujeres han resultado heridas al volcar y salirse de la v\u00eda el veh\u00edculo en el que circulaban en Barredo, en Tineo. Seg\u00fan los datos facilitados por el Servicio de Atenci\u00f3n M\u00e9dica Urgente (SAMU), una de las afectadas ha resultado herida leve y se traslad\u00f3 por sus medios al centro hospitalario, mientras que la ambulancia","twitter:creator":"@nbasturias","twitter:image":"https:\/\/candas365.es\/noticias\/wp-content\/uploads\/2015\/10\/civil.jpg","twitter:label1":"Escrito por","twitter:data1":"Cand\u00e1s 365","twitter:label2":"Tiempo de lectura estimado","twitter:data2":"2 minutos"},"aioseo_meta_data":{"post_id":"113401","title":null,"description":null,"keywords":null,"keyphrases":null,"primary_term":null,"canonical_url":null,"og_title":null,"og_description":null,"og_object_type":"default","og_image_type":"default","og_image_url":null,"og_image_width":null,"og_image_height":null,"og_image_custom_url":null,"og_image_custom_fields":null,"og_video":null,"og_custom_url":null,"og_article_section":null,"og_article_tags":null,"twitter_use_og":false,"twitter_card":"default","twitter_image_type":"default","twitter_image_url":null,"twitter_image_custom_url":null,"twitter_image_custom_fields":null,"twitter_title":null,"twitter_description":null,"schema":{"blockGraphs":[],"customGraphs":[],"default":{"data":{"Article":[],"Course":[],"Dataset":[],"FAQPage":[],"Movie":[],"Person":[],"Product":[],"ProductReview":[],"Car":[],"Recipe":[],"Service":[],"SoftwareApplication":[],"WebPage":[]},"graphName":"","isEnabled":true},"graphs":[]},"schema_type":null,"schema_type_options":null,"pillar_content":false,"robots_default":true,"robots_noindex":false,"robots_noarchive":false,"robots_nosnippet":false,"robots_nofollow":false,"robots_noimageindex":false,"robots_noodp":false,"robots_notranslate":false,"robots_max_snippet":null,"robots_max_videopreview":null,"robots_max_imagepreview":"large","priority":null,"frequency":null,"location":null,"local_seo":null,"seo_analyzer_scan_date":"2025-08-28 21:17:20","breadcrumb_settings":null,"limit_modified_date":false,"reviewed_by":null,"open_ai":null,"ai":null,"created":"2020-12-21 10:44:51","updated":"2025-08-28 21:17:20"},"aioseo_breadcrumb":"<div class=\"aioseo-breadcrumbs\"><span class=\"aioseo-breadcrumb\">\n\t<a href=\"https:\/\/candas365.es\/noticias\" title=\"Home\">Home<\/a>\n<\/span><span class=\"aioseo-breadcrumb-separator\">&ndash;<\/span><span class=\"aioseo-breadcrumb\">\n\t<a href=\"https:\/\/candas365.es\/noticias\/category\/actualidad\/\" title=\"Actualidad\">Actualidad<\/a>\n<\/span><span class=\"aioseo-breadcrumb-separator\">&ndash;<\/span><span class=\"aioseo-breadcrumb\">\n\tDos mujeres heridas en un accidente en Tineo\n<\/span><\/div>","aioseo_breadcrumb_json":[{"label":"Home","link":"https:\/\/candas365.es\/noticias"},{"label":"Actualidad","link":"https:\/\/candas365.es\/noticias\/category\/actualidad\/"},{"label":"Dos mujeres heridas en un accidente en Tineo","link":"https:\/\/candas365.es\/noticias\/dos-mujeres-heridas-en-un-accidente-en-tineo\/"}],"_links":{"self":[{"href":"https:\/\/candas365.es\/noticias\/wp-json\/wp\/v2\/posts\/113401","targetHints":{"allow":["GET"]}}],"collection":[{"href":"https:\/\/candas365.es\/noticias\/wp-json\/wp\/v2\/posts"}],"about":[{"href":"https:\/\/candas365.es\/noticias\/wp-json\/wp\/v2\/types\/post"}],"author":[{"embeddable":true,"href":"https:\/\/candas365.es\/noticias\/wp-json\/wp\/v2\/users\/1"}],"replies":[{"embeddable":true,"href":"https:\/\/candas365.es\/noticias\/wp-json\/wp\/v2\/comments?post=113401"}],"version-history":[{"count":0,"href":"https:\/\/candas365.es\/noticias\/wp-json\/wp\/v2\/posts\/113401\/revisions"}],"wp:featuredmedia":[{"embeddable":true,"href":"https:\/\/candas365.es\/noticias\/wp-json\/wp\/v2\/media\/18235"}],"wp:attachment":[{"href":"https:\/\/candas365.es\/noticias\/wp-json\/wp\/v2\/media?parent=113401"}],"wp:term":[{"taxonomy":"category","embeddable":true,"href":"https:\/\/candas365.es\/noticias\/wp-json\/wp\/v2\/categories?post=113401"},{"taxonomy":"post_tag","embeddable":true,"href":"https:\/\/candas365.es\/noticias\/wp-json\/wp\/v2\/tags?post=113401"}],"curies":[{"name":"wp","href":"https:\/\/api.w.org\/{rel}","templated":true}]}}