{"id":113398,"date":"2019-01-04T22:00:15","date_gmt":"2019-01-04T22:00:15","guid":{"rendered":"http:\/\/candas365.es\/noticias\/?p=113398"},"modified":"2019-01-04T22:00:15","modified_gmt":"2019-01-04T22:00:15","slug":"arte-floral-en-candas-como-terapia-para-nuestros-mayores","status":"publish","type":"post","link":"https:\/\/candas365.es\/noticias\/arte-floral-en-candas-como-terapia-para-nuestros-mayores\/","title":{"rendered":"Arte floral en Cand\u00e1s como terapia para \u00abnuestros mayores\u00bb"},"content":{"rendered":"<p><img fetchpriority=\"high\" decoding=\"async\" class=\"alignleft size-medium wp-image-113399\" src=\"https:\/\/candas365.es\/noticias\/wp-content\/uploads\/2019\/01\/9cf5989dcdb6-360x236.jpg\" alt=\"\" width=\"360\" height=\"236\" srcset=\"https:\/\/candas365.es\/noticias\/wp-content\/uploads\/2019\/01\/9cf5989dcdb6-360x236.jpg 360w, https:\/\/candas365.es\/noticias\/wp-content\/uploads\/2019\/01\/9cf5989dcdb6-768x503.jpg 768w, https:\/\/candas365.es\/noticias\/wp-content\/uploads\/2019\/01\/9cf5989dcdb6-655x429.jpg 655w, https:\/\/candas365.es\/noticias\/wp-content\/uploads\/2019\/01\/9cf5989dcdb6-696x456.jpg 696w, https:\/\/candas365.es\/noticias\/wp-content\/uploads\/2019\/01\/9cf5989dcdb6-741x486.jpg 741w, https:\/\/candas365.es\/noticias\/wp-content\/uploads\/2019\/01\/9cf5989dcdb6-1068x700.jpg 1068w, https:\/\/candas365.es\/noticias\/wp-content\/uploads\/2019\/01\/9cf5989dcdb6-641x420.jpg 641w, https:\/\/candas365.es\/noticias\/wp-content\/uploads\/2019\/01\/9cf5989dcdb6.jpg 1280w\" sizes=\"(max-width: 360px) 100vw, 360px\" \/>Las personas mayores usuarias del Centro de D\u00eda participaron, en la ma\u00f1ana de hoy, viernes 4 de enero en un \u201cTaller de Arte Floral\u201d organizado por el Ayuntamiento de Carre\u00f1o en el marco del convenio de colaboraci\u00f3n suscrito entra esta entidad y la Fundaci\u00f3n FASAD, gestora del Centro de D\u00eda y del CAI de Cand\u00e1s.<\/p>\n<p>La actividad la imparti\u00f3 la florista local, Artemisa Alonso. El objetivo de la misma fue que las personas mayores tomasen contacto con la naturaleza, trabajando en el centro con flores verdes del entorno y dise\u00f1ando un arreglo floral que llevaron a sus domicilios.<\/p>\n<p>Sobre la base de una esponja natural verde, la cual estaba envuelta en papel decorativo de varias texturas en color dorado o plata, ba\u00f1ada en agua, fueron colocando los diferentes elementos decorativos que formar\u00edan parte del trabajo final. Siempre bajo la atenta supervisi\u00f3n de la monitora del taller y tras atender las oportunas explicaciones.<\/p>\n<p>Lo primero que hicieron fue colocar una vela en el centro de la esponja. Para, a continuaci\u00f3n, empezar a pelar las ramas de abeto espa\u00f1ol y colocarlas alrededor de la base hasta taparla por completo. Tras el abeto colocaron dos adornos navide\u00f1os (unas bolas en los mismos tonos) y en enfrente un conjunto de tres pi\u00f1as, unas ramitas de canela, unos trozos de naranja seca y un lazo decorativo. Para finalizar a\u00f1adieron el toque de color con la introduciendo unas hojas de roble rojo y unas ca\u00f1as nevadas blancas naturales.<\/p>\n<p>En la elaboraci\u00f3n del Centro Floral jugaron con los colores, las texturas, los olores de los diferentes elementos, pasando del color verde del abeto al rojo del roble, del marr\u00f3n de la canela o la pi\u00f1a al naranja de la naranja. Todo un mundo de colores que nos recuerda la \u00e9poca del a\u00f1o en la que nos encontramos.<\/p>\n<p>Lo olores tambi\u00e9n jugaron un papel muy importante. El abeto dej\u00f3 un aroma en el centro de d\u00eda que inspira libertad, frescura, evoc\u00e1ndoles los paseos por el bosque; la naranja a la primavera, a los d\u00edas de sol; mientras que la canela recuerda las faenas en la cocina de carb\u00f3n.<\/p>\n<p>Las persona expertas aseguran que el tipo de actividad manual como la utilizada en el arte floral, cuenta con un plus que la convierte en afici\u00f3n terap\u00e9utica, ya que el uso de las manos y de todos los sentidos en una actividad logra que el ser humano se sienta motivado y conectado tanto emocional, como personalmente.<\/p>\n<p>Por tanto el arte floral se le puede considerar como una fuente de bienestar f\u00edsico y psicol\u00f3gico. Resultando especialmente interesante como terapia para personas de edad avanzada al estimular sus capacidades cognitivas y prevenir trastornos de la mente. Entre los beneficios de este arte floral se encuentra el contacto con la naturaleza; el fomento de la concentraci\u00f3n y el uso de todos los sentidos; estimula la mente y la creatividad; facilita el sentimiento de satisfacci\u00f3n; y potencia la capacidad de resoluci\u00f3n de problemas no convencionales.<\/p>\n<p>Artemisa Alonso tiene m\u00e1s de veinte a\u00f1os de experiencia como florista. As\u00ed que con su colaboraci\u00f3n acercamos el arte floral y la jardiner\u00eda a todos los colectivos. Hoy, la naturaleza form\u00f3 parte de la vida cotidiana de los\/as mayores, convirtiendo las flores y plantas en arte.<\/p>\n","protected":false},"excerpt":{"rendered":"<p>Las personas mayores usuarias del Centro de D\u00eda participaron, en la ma\u00f1ana de hoy, viernes 4 de enero en un \u201cTaller de Arte Floral\u201d organizado por el Ayuntamiento de Carre\u00f1o en el marco del convenio de colaboraci\u00f3n suscrito entra esta entidad y la Fundaci\u00f3n FASAD, gestora del Centro de D\u00eda y del CAI de Cand\u00e1s.<\/p>\n","protected":false},"author":1,"featured_media":113399,"comment_status":"closed","ping_status":"closed","sticky":false,"template":"","format":"standard","meta":{"footnotes":""},"categories":[2],"tags":[],"class_list":{"0":"post-113398","1":"post","2":"type-post","3":"status-publish","4":"format-standard","5":"has-post-thumbnail","7":"category-noticias-carreno"},"aioseo_notices":[],"aioseo_head":"\n\t\t<!-- All in One SEO Pro 4.9.6.2 - aioseo.com -->\n\t<meta name=\"description\" content=\"Las personas mayores usuarias del Centro de D\u00eda participaron, en la ma\u00f1ana de hoy, viernes 4 de enero en un \u201cTaller de Arte Floral\u201d organizado por el Ayuntamiento de Carre\u00f1o en el marco del convenio de colaboraci\u00f3n suscrito entra esta entidad y la Fundaci\u00f3n FASAD, gestora del Centro de D\u00eda y del CAI de Cand\u00e1s.\" \/>\n\t<meta name=\"robots\" content=\"max-image-preview:large\" \/>\n\t<meta name=\"author\" content=\"Cand\u00e1s 365\"\/>\n\t<meta name=\"google-site-verification\" content=\"UA-32230408-1\" \/>\n\t<meta name=\"msvalidate.01\" content=\"354F3CDFB2DA171B47FBE9ABF1F88D5\" \/>\n\t<meta name=\"keywords\" content=\"noticias carre\u00f1o\" \/>\n\t<link rel=\"canonical\" href=\"https:\/\/candas365.es\/noticias\/arte-floral-en-candas-como-terapia-para-nuestros-mayores\/\" \/>\n\t<meta name=\"generator\" content=\"All in One SEO Pro (AIOSEO) 4.9.6.2\" \/>\n\t\t<meta property=\"og:locale\" content=\"es_ES\" \/>\n\t\t<meta property=\"og:site_name\" content=\"Cand\u00e1s 365\" \/>\n\t\t<meta property=\"og:type\" content=\"article\" \/>\n\t\t<meta property=\"og:title\" content=\"Arte floral en Cand\u00e1s como terapia para \u00abnuestros mayores\u00bb | Cand\u00e1s 365\" \/>\n\t\t<meta property=\"og:description\" content=\"Las personas mayores usuarias del Centro de D\u00eda participaron, en la ma\u00f1ana de hoy, viernes 4 de enero en un \u201cTaller de Arte Floral\u201d organizado por el Ayuntamiento de Carre\u00f1o en el marco del convenio de colaboraci\u00f3n suscrito entra esta entidad y la Fundaci\u00f3n FASAD, gestora del Centro de D\u00eda y del CAI de Cand\u00e1s.\" \/>\n\t\t<meta property=\"og:url\" content=\"https:\/\/candas365.es\/noticias\/arte-floral-en-candas-como-terapia-para-nuestros-mayores\/\" \/>\n\t\t<meta property=\"og:image\" content=\"https:\/\/candas365.es\/noticias\/wp-content\/uploads\/2019\/01\/9cf5989dcdb6.jpg\" \/>\n\t\t<meta property=\"og:image:secure_url\" content=\"https:\/\/candas365.es\/noticias\/wp-content\/uploads\/2019\/01\/9cf5989dcdb6.jpg\" \/>\n\t\t<meta property=\"og:image:width\" content=\"1280\" \/>\n\t\t<meta property=\"og:image:height\" content=\"839\" \/>\n\t\t<meta property=\"article:published_time\" content=\"2019-01-04T22:00:15+00:00\" \/>\n\t\t<meta property=\"article:modified_time\" content=\"2019-01-04T22:00:15+00:00\" \/>\n\t\t<meta property=\"article:publisher\" content=\"https:\/\/www.facebook.com\/Nachofdezber\" \/>\n\t\t<meta property=\"article:author\" content=\"https:\/\/www.facebook.com\/carrenoactualidad\" \/>\n\t\t<meta name=\"twitter:card\" content=\"summary_large_image\" \/>\n\t\t<meta name=\"twitter:site\" content=\"@NabercoDigital\" \/>\n\t\t<meta name=\"twitter:title\" content=\"Arte floral en Cand\u00e1s como terapia para \u00abnuestros mayores\u00bb | Cand\u00e1s 365\" \/>\n\t\t<meta name=\"twitter:description\" content=\"Las personas mayores usuarias del Centro de D\u00eda participaron, en la ma\u00f1ana de hoy, viernes 4 de enero en un \u201cTaller de Arte Floral\u201d organizado por el Ayuntamiento de Carre\u00f1o en el marco del convenio de colaboraci\u00f3n suscrito entra esta entidad y la Fundaci\u00f3n FASAD, gestora del Centro de D\u00eda y del CAI de Cand\u00e1s.\" \/>\n\t\t<meta name=\"twitter:creator\" content=\"@nbasturias\" \/>\n\t\t<meta name=\"twitter:image\" content=\"https:\/\/candas365.es\/noticias\/wp-content\/uploads\/2019\/01\/9cf5989dcdb6.jpg\" \/>\n\t\t<meta name=\"twitter:label1\" content=\"Escrito por\" \/>\n\t\t<meta name=\"twitter:data1\" content=\"Cand\u00e1s 365\" \/>\n\t\t<meta name=\"twitter:label2\" content=\"Tiempo de lectura estimado\" \/>\n\t\t<meta name=\"twitter:data2\" content=\"3 minutos\" \/>\n\t\t<script type=\"application\/ld+json\" class=\"aioseo-schema\">\n\t\t\t{\"@context\":\"https:\\\/\\\/schema.org\",\"@graph\":[{\"@type\":\"BreadcrumbList\",\"@id\":\"https:\\\/\\\/candas365.es\\\/noticias\\\/arte-floral-en-candas-como-terapia-para-nuestros-mayores\\\/#breadcrumblist\",\"itemListElement\":[{\"@type\":\"ListItem\",\"@id\":\"https:\\\/\\\/candas365.es\\\/noticias#listItem\",\"position\":1,\"name\":\"Home\",\"item\":\"https:\\\/\\\/candas365.es\\\/noticias\",\"nextItem\":{\"@type\":\"ListItem\",\"@id\":\"https:\\\/\\\/candas365.es\\\/noticias\\\/category\\\/noticias-carreno\\\/#listItem\",\"name\":\"Noticias Carre\\u00f1o\"}},{\"@type\":\"ListItem\",\"@id\":\"https:\\\/\\\/candas365.es\\\/noticias\\\/category\\\/noticias-carreno\\\/#listItem\",\"position\":2,\"name\":\"Noticias Carre\\u00f1o\",\"item\":\"https:\\\/\\\/candas365.es\\\/noticias\\\/category\\\/noticias-carreno\\\/\",\"nextItem\":{\"@type\":\"ListItem\",\"@id\":\"https:\\\/\\\/candas365.es\\\/noticias\\\/arte-floral-en-candas-como-terapia-para-nuestros-mayores\\\/#listItem\",\"name\":\"Arte floral en Cand\\u00e1s como terapia para \\u00abnuestros mayores\\u00bb\"},\"previousItem\":{\"@type\":\"ListItem\",\"@id\":\"https:\\\/\\\/candas365.es\\\/noticias#listItem\",\"name\":\"Home\"}},{\"@type\":\"ListItem\",\"@id\":\"https:\\\/\\\/candas365.es\\\/noticias\\\/arte-floral-en-candas-como-terapia-para-nuestros-mayores\\\/#listItem\",\"position\":3,\"name\":\"Arte floral en Cand\\u00e1s como terapia para \\u00abnuestros mayores\\u00bb\",\"previousItem\":{\"@type\":\"ListItem\",\"@id\":\"https:\\\/\\\/candas365.es\\\/noticias\\\/category\\\/noticias-carreno\\\/#listItem\",\"name\":\"Noticias Carre\\u00f1o\"}}]},{\"@type\":\"NewsArticle\",\"@id\":\"https:\\\/\\\/candas365.es\\\/noticias\\\/arte-floral-en-candas-como-terapia-para-nuestros-mayores\\\/#newsarticle\",\"name\":\"Arte floral en Cand\\u00e1s como terapia para \\u00abnuestros mayores\\u00bb | Cand\\u00e1s 365\",\"headline\":\"Arte floral en Cand\\u00e1s como terapia para \\u00abnuestros mayores\\u00bb\",\"author\":{\"@id\":\"https:\\\/\\\/candas365.es\\\/noticias\\\/author\\\/admin\\\/#author\"},\"publisher\":{\"@id\":\"https:\\\/\\\/candas365.es\\\/noticias\\\/#organization\"},\"image\":{\"@type\":\"ImageObject\",\"url\":\"https:\\\/\\\/candas365.es\\\/noticias\\\/wp-content\\\/uploads\\\/2019\\\/01\\\/9cf5989dcdb6.jpg\",\"width\":1280,\"height\":839},\"datePublished\":\"2019-01-04T22:00:15+01:00\",\"dateModified\":\"2019-01-04T22:00:15+01:00\",\"inLanguage\":\"es-ES\",\"mainEntityOfPage\":{\"@id\":\"https:\\\/\\\/candas365.es\\\/noticias\\\/arte-floral-en-candas-como-terapia-para-nuestros-mayores\\\/#webpage\"},\"isPartOf\":{\"@id\":\"https:\\\/\\\/candas365.es\\\/noticias\\\/arte-floral-en-candas-como-terapia-para-nuestros-mayores\\\/#webpage\"},\"articleSection\":\"Noticias Carre\\u00f1o\",\"dateline\":\"Publicado el enero 4, 2019.\"},{\"@type\":\"Organization\",\"@id\":\"https:\\\/\\\/candas365.es\\\/noticias\\\/#organization\",\"name\":\"Cand\\u00e1s 365\",\"description\":\"Cand\\u00e1s 365 es un diario digital independiente, fundado en 2012, con base en Asturias. Informamos con rigor sobre actualidad, sociedad, cultura y ocio, con una mirada local y global.\",\"url\":\"https:\\\/\\\/candas365.es\\\/noticias\\\/\",\"email\":\"info@candas365.es\",\"telephone\":\"+34652131393\",\"foundingDate\":\"2012-06-10\",\"logo\":{\"@type\":\"ImageObject\",\"url\":\"https:\\\/\\\/candas365.es\\\/noticias\\\/wp-content\\\/uploads\\\/2024\\\/09\\\/Candas-365-Redes.jpg\",\"@id\":\"https:\\\/\\\/candas365.es\\\/noticias\\\/arte-floral-en-candas-como-terapia-para-nuestros-mayores\\\/#organizationLogo\",\"width\":1152,\"height\":864,\"caption\":\"Cand\\u00e1s 365 Redes\"},\"image\":{\"@id\":\"https:\\\/\\\/candas365.es\\\/noticias\\\/arte-floral-en-candas-como-terapia-para-nuestros-mayores\\\/#organizationLogo\"},\"sameAs\":[\"https:\\\/\\\/www.facebook.com\\\/Nachofdezber\",\"https:\\\/\\\/x.com\\\/NabercoDigital\",\"https:\\\/\\\/www.instagram.com\\\/nachofdezber\\\/\",\"https:\\\/\\\/www.youtube.com\\\/channel\\\/UCZP-2wLEB9Rv6erhFmqVnvg\"],\"address\":{\"@id\":\"https:\\\/\\\/candas365.es\\\/noticias\\\/#postaladdress\",\"@type\":\"PostalAddress\",\"streetAddress\":\"san antonio 4, san antonio 4\",\"postalCode\":\"33430\",\"addressLocality\":\"Cand\\u00e1s\",\"addressRegion\":\"Asturias\",\"addressCountry\":\"ES\"}},{\"@type\":\"Person\",\"@id\":\"https:\\\/\\\/candas365.es\\\/noticias\\\/author\\\/admin\\\/#author\",\"url\":\"https:\\\/\\\/candas365.es\\\/noticias\\\/author\\\/admin\\\/\",\"name\":\"Cand\\u00e1s 365\",\"image\":{\"@type\":\"ImageObject\",\"@id\":\"https:\\\/\\\/candas365.es\\\/noticias\\\/arte-floral-en-candas-como-terapia-para-nuestros-mayores\\\/#authorImage\",\"url\":\"https:\\\/\\\/secure.gravatar.com\\\/avatar\\\/496a8e03d0c493ede1718b7934145dbdf8d89be1036b0eec9544e1094c9de390?s=96&d=mm&r=g\",\"width\":96,\"height\":96,\"caption\":\"Cand\\u00e1s 365\"},\"sameAs\":[\"https:\\\/\\\/www.facebook.com\\\/carrenoactualidad\",\"https:\\\/\\\/twitter.com\\\/nbasturias\",\"https:\\\/\\\/www.instagram.com\\\/nachofdezber\\\/\",\"https:\\\/\\\/www.youtube.com\\\/channel\\\/UCZP-2wLEB9Rv6erhFmqVnvg\"]},{\"@type\":\"WebPage\",\"@id\":\"https:\\\/\\\/candas365.es\\\/noticias\\\/arte-floral-en-candas-como-terapia-para-nuestros-mayores\\\/#webpage\",\"url\":\"https:\\\/\\\/candas365.es\\\/noticias\\\/arte-floral-en-candas-como-terapia-para-nuestros-mayores\\\/\",\"name\":\"Arte floral en Cand\\u00e1s como terapia para \\u00abnuestros mayores\\u00bb | Cand\\u00e1s 365\",\"description\":\"Las personas mayores usuarias del Centro de D\\u00eda participaron, en la ma\\u00f1ana de hoy, viernes 4 de enero en un \\u201cTaller de Arte Floral\\u201d organizado por el Ayuntamiento de Carre\\u00f1o en el marco del convenio de colaboraci\\u00f3n suscrito entra esta entidad y la Fundaci\\u00f3n FASAD, gestora del Centro de D\\u00eda y del CAI de Cand\\u00e1s.\",\"inLanguage\":\"es-ES\",\"isPartOf\":{\"@id\":\"https:\\\/\\\/candas365.es\\\/noticias\\\/#website\"},\"breadcrumb\":{\"@id\":\"https:\\\/\\\/candas365.es\\\/noticias\\\/arte-floral-en-candas-como-terapia-para-nuestros-mayores\\\/#breadcrumblist\"},\"author\":{\"@id\":\"https:\\\/\\\/candas365.es\\\/noticias\\\/author\\\/admin\\\/#author\"},\"creator\":{\"@id\":\"https:\\\/\\\/candas365.es\\\/noticias\\\/author\\\/admin\\\/#author\"},\"image\":{\"@type\":\"ImageObject\",\"url\":\"https:\\\/\\\/candas365.es\\\/noticias\\\/wp-content\\\/uploads\\\/2019\\\/01\\\/9cf5989dcdb6.jpg\",\"@id\":\"https:\\\/\\\/candas365.es\\\/noticias\\\/arte-floral-en-candas-como-terapia-para-nuestros-mayores\\\/#mainImage\",\"width\":1280,\"height\":839},\"primaryImageOfPage\":{\"@id\":\"https:\\\/\\\/candas365.es\\\/noticias\\\/arte-floral-en-candas-como-terapia-para-nuestros-mayores\\\/#mainImage\"},\"datePublished\":\"2019-01-04T22:00:15+01:00\",\"dateModified\":\"2019-01-04T22:00:15+01:00\"},{\"@type\":\"WebSite\",\"@id\":\"https:\\\/\\\/candas365.es\\\/noticias\\\/#website\",\"url\":\"https:\\\/\\\/candas365.es\\\/noticias\\\/\",\"name\":\"Cand\\u00e1s 365\",\"alternateName\":\"Cand\\u00e1s 365 Noticias\",\"description\":\"Actualidad desde Carre\\u00f1o para el mundo\",\"inLanguage\":\"es-ES\",\"publisher\":{\"@id\":\"https:\\\/\\\/candas365.es\\\/noticias\\\/#organization\"}}]}\n\t\t<\/script>\n\t\t<!-- All in One SEO Pro -->\r\n\t\t<title>Arte floral en Cand\u00e1s como terapia para \u00abnuestros mayores\u00bb | Cand\u00e1s 365<\/title>\n\n","aioseo_head_json":{"title":"Arte floral en Cand\u00e1s como terapia para \u00abnuestros mayores\u00bb | Cand\u00e1s 365","description":"Las personas mayores usuarias del Centro de D\u00eda participaron, en la ma\u00f1ana de hoy, viernes 4 de enero en un \u201cTaller de Arte Floral\u201d organizado por el Ayuntamiento de Carre\u00f1o en el marco del convenio de colaboraci\u00f3n suscrito entra esta entidad y la Fundaci\u00f3n FASAD, gestora del Centro de D\u00eda y del CAI de Cand\u00e1s.","canonical_url":"https:\/\/candas365.es\/noticias\/arte-floral-en-candas-como-terapia-para-nuestros-mayores\/","robots":"max-image-preview:large","keywords":"noticias carre\u00f1o","webmasterTools":{"google-site-verification":"UA-32230408-1","msvalidate.01":"354F3CDFB2DA171B47FBE9ABF1F88D5","miscellaneous":""},"schema":{"@context":"https:\/\/schema.org","@graph":[{"@type":"BreadcrumbList","@id":"https:\/\/candas365.es\/noticias\/arte-floral-en-candas-como-terapia-para-nuestros-mayores\/#breadcrumblist","itemListElement":[{"@type":"ListItem","@id":"https:\/\/candas365.es\/noticias#listItem","position":1,"name":"Home","item":"https:\/\/candas365.es\/noticias","nextItem":{"@type":"ListItem","@id":"https:\/\/candas365.es\/noticias\/category\/noticias-carreno\/#listItem","name":"Noticias Carre\u00f1o"}},{"@type":"ListItem","@id":"https:\/\/candas365.es\/noticias\/category\/noticias-carreno\/#listItem","position":2,"name":"Noticias Carre\u00f1o","item":"https:\/\/candas365.es\/noticias\/category\/noticias-carreno\/","nextItem":{"@type":"ListItem","@id":"https:\/\/candas365.es\/noticias\/arte-floral-en-candas-como-terapia-para-nuestros-mayores\/#listItem","name":"Arte floral en Cand\u00e1s como terapia para \u00abnuestros mayores\u00bb"},"previousItem":{"@type":"ListItem","@id":"https:\/\/candas365.es\/noticias#listItem","name":"Home"}},{"@type":"ListItem","@id":"https:\/\/candas365.es\/noticias\/arte-floral-en-candas-como-terapia-para-nuestros-mayores\/#listItem","position":3,"name":"Arte floral en Cand\u00e1s como terapia para \u00abnuestros mayores\u00bb","previousItem":{"@type":"ListItem","@id":"https:\/\/candas365.es\/noticias\/category\/noticias-carreno\/#listItem","name":"Noticias Carre\u00f1o"}}]},{"@type":"NewsArticle","@id":"https:\/\/candas365.es\/noticias\/arte-floral-en-candas-como-terapia-para-nuestros-mayores\/#newsarticle","name":"Arte floral en Cand\u00e1s como terapia para \u00abnuestros mayores\u00bb | Cand\u00e1s 365","headline":"Arte floral en Cand\u00e1s como terapia para \u00abnuestros mayores\u00bb","author":{"@id":"https:\/\/candas365.es\/noticias\/author\/admin\/#author"},"publisher":{"@id":"https:\/\/candas365.es\/noticias\/#organization"},"image":{"@type":"ImageObject","url":"https:\/\/candas365.es\/noticias\/wp-content\/uploads\/2019\/01\/9cf5989dcdb6.jpg","width":1280,"height":839},"datePublished":"2019-01-04T22:00:15+01:00","dateModified":"2019-01-04T22:00:15+01:00","inLanguage":"es-ES","mainEntityOfPage":{"@id":"https:\/\/candas365.es\/noticias\/arte-floral-en-candas-como-terapia-para-nuestros-mayores\/#webpage"},"isPartOf":{"@id":"https:\/\/candas365.es\/noticias\/arte-floral-en-candas-como-terapia-para-nuestros-mayores\/#webpage"},"articleSection":"Noticias Carre\u00f1o","dateline":"Publicado el enero 4, 2019."},{"@type":"Organization","@id":"https:\/\/candas365.es\/noticias\/#organization","name":"Cand\u00e1s 365","description":"Cand\u00e1s 365 es un diario digital independiente, fundado en 2012, con base en Asturias. Informamos con rigor sobre actualidad, sociedad, cultura y ocio, con una mirada local y global.","url":"https:\/\/candas365.es\/noticias\/","email":"info@candas365.es","telephone":"+34652131393","foundingDate":"2012-06-10","logo":{"@type":"ImageObject","url":"https:\/\/candas365.es\/noticias\/wp-content\/uploads\/2024\/09\/Candas-365-Redes.jpg","@id":"https:\/\/candas365.es\/noticias\/arte-floral-en-candas-como-terapia-para-nuestros-mayores\/#organizationLogo","width":1152,"height":864,"caption":"Cand\u00e1s 365 Redes"},"image":{"@id":"https:\/\/candas365.es\/noticias\/arte-floral-en-candas-como-terapia-para-nuestros-mayores\/#organizationLogo"},"sameAs":["https:\/\/www.facebook.com\/Nachofdezber","https:\/\/x.com\/NabercoDigital","https:\/\/www.instagram.com\/nachofdezber\/","https:\/\/www.youtube.com\/channel\/UCZP-2wLEB9Rv6erhFmqVnvg"],"address":{"@id":"https:\/\/candas365.es\/noticias\/#postaladdress","@type":"PostalAddress","streetAddress":"san antonio 4, san antonio 4","postalCode":"33430","addressLocality":"Cand\u00e1s","addressRegion":"Asturias","addressCountry":"ES"}},{"@type":"Person","@id":"https:\/\/candas365.es\/noticias\/author\/admin\/#author","url":"https:\/\/candas365.es\/noticias\/author\/admin\/","name":"Cand\u00e1s 365","image":{"@type":"ImageObject","@id":"https:\/\/candas365.es\/noticias\/arte-floral-en-candas-como-terapia-para-nuestros-mayores\/#authorImage","url":"https:\/\/secure.gravatar.com\/avatar\/496a8e03d0c493ede1718b7934145dbdf8d89be1036b0eec9544e1094c9de390?s=96&d=mm&r=g","width":96,"height":96,"caption":"Cand\u00e1s 365"},"sameAs":["https:\/\/www.facebook.com\/carrenoactualidad","https:\/\/twitter.com\/nbasturias","https:\/\/www.instagram.com\/nachofdezber\/","https:\/\/www.youtube.com\/channel\/UCZP-2wLEB9Rv6erhFmqVnvg"]},{"@type":"WebPage","@id":"https:\/\/candas365.es\/noticias\/arte-floral-en-candas-como-terapia-para-nuestros-mayores\/#webpage","url":"https:\/\/candas365.es\/noticias\/arte-floral-en-candas-como-terapia-para-nuestros-mayores\/","name":"Arte floral en Cand\u00e1s como terapia para \u00abnuestros mayores\u00bb | Cand\u00e1s 365","description":"Las personas mayores usuarias del Centro de D\u00eda participaron, en la ma\u00f1ana de hoy, viernes 4 de enero en un \u201cTaller de Arte Floral\u201d organizado por el Ayuntamiento de Carre\u00f1o en el marco del convenio de colaboraci\u00f3n suscrito entra esta entidad y la Fundaci\u00f3n FASAD, gestora del Centro de D\u00eda y del CAI de Cand\u00e1s.","inLanguage":"es-ES","isPartOf":{"@id":"https:\/\/candas365.es\/noticias\/#website"},"breadcrumb":{"@id":"https:\/\/candas365.es\/noticias\/arte-floral-en-candas-como-terapia-para-nuestros-mayores\/#breadcrumblist"},"author":{"@id":"https:\/\/candas365.es\/noticias\/author\/admin\/#author"},"creator":{"@id":"https:\/\/candas365.es\/noticias\/author\/admin\/#author"},"image":{"@type":"ImageObject","url":"https:\/\/candas365.es\/noticias\/wp-content\/uploads\/2019\/01\/9cf5989dcdb6.jpg","@id":"https:\/\/candas365.es\/noticias\/arte-floral-en-candas-como-terapia-para-nuestros-mayores\/#mainImage","width":1280,"height":839},"primaryImageOfPage":{"@id":"https:\/\/candas365.es\/noticias\/arte-floral-en-candas-como-terapia-para-nuestros-mayores\/#mainImage"},"datePublished":"2019-01-04T22:00:15+01:00","dateModified":"2019-01-04T22:00:15+01:00"},{"@type":"WebSite","@id":"https:\/\/candas365.es\/noticias\/#website","url":"https:\/\/candas365.es\/noticias\/","name":"Cand\u00e1s 365","alternateName":"Cand\u00e1s 365 Noticias","description":"Actualidad desde Carre\u00f1o para el mundo","inLanguage":"es-ES","publisher":{"@id":"https:\/\/candas365.es\/noticias\/#organization"}}]},"og:locale":"es_ES","og:site_name":"Cand\u00e1s 365","og:type":"article","og:title":"Arte floral en Cand\u00e1s como terapia para \u00abnuestros mayores\u00bb | Cand\u00e1s 365","og:description":"Las personas mayores usuarias del Centro de D\u00eda participaron, en la ma\u00f1ana de hoy, viernes 4 de enero en un \u201cTaller de Arte Floral\u201d organizado por el Ayuntamiento de Carre\u00f1o en el marco del convenio de colaboraci\u00f3n suscrito entra esta entidad y la Fundaci\u00f3n FASAD, gestora del Centro de D\u00eda y del CAI de Cand\u00e1s.","og:url":"https:\/\/candas365.es\/noticias\/arte-floral-en-candas-como-terapia-para-nuestros-mayores\/","og:image":"https:\/\/candas365.es\/noticias\/wp-content\/uploads\/2019\/01\/9cf5989dcdb6.jpg","og:image:secure_url":"https:\/\/candas365.es\/noticias\/wp-content\/uploads\/2019\/01\/9cf5989dcdb6.jpg","og:image:width":1280,"og:image:height":839,"article:published_time":"2019-01-04T22:00:15+00:00","article:modified_time":"2019-01-04T22:00:15+00:00","article:publisher":"https:\/\/www.facebook.com\/Nachofdezber","article:author":"https:\/\/www.facebook.com\/carrenoactualidad","twitter:card":"summary_large_image","twitter:site":"@NabercoDigital","twitter:title":"Arte floral en Cand\u00e1s como terapia para \u00abnuestros mayores\u00bb | Cand\u00e1s 365","twitter:description":"Las personas mayores usuarias del Centro de D\u00eda participaron, en la ma\u00f1ana de hoy, viernes 4 de enero en un \u201cTaller de Arte Floral\u201d organizado por el Ayuntamiento de Carre\u00f1o en el marco del convenio de colaboraci\u00f3n suscrito entra esta entidad y la Fundaci\u00f3n FASAD, gestora del Centro de D\u00eda y del CAI de Cand\u00e1s.","twitter:creator":"@nbasturias","twitter:image":"https:\/\/candas365.es\/noticias\/wp-content\/uploads\/2019\/01\/9cf5989dcdb6.jpg","twitter:label1":"Escrito por","twitter:data1":"Cand\u00e1s 365","twitter:label2":"Tiempo de lectura estimado","twitter:data2":"3 minutos"},"aioseo_meta_data":{"post_id":"113398","title":null,"description":null,"keywords":null,"keyphrases":null,"primary_term":null,"canonical_url":null,"og_title":null,"og_description":null,"og_object_type":"default","og_image_type":"default","og_image_url":null,"og_image_width":null,"og_image_height":null,"og_image_custom_url":null,"og_image_custom_fields":null,"og_video":null,"og_custom_url":null,"og_article_section":null,"og_article_tags":null,"twitter_use_og":false,"twitter_card":"default","twitter_image_type":"default","twitter_image_url":null,"twitter_image_custom_url":null,"twitter_image_custom_fields":null,"twitter_title":null,"twitter_description":null,"schema":{"blockGraphs":[],"customGraphs":[],"default":{"data":{"Article":[],"Course":[],"Dataset":[],"FAQPage":[],"Movie":[],"Person":[],"Product":[],"ProductReview":[],"Car":[],"Recipe":[],"Service":[],"SoftwareApplication":[],"WebPage":[]},"graphName":"","isEnabled":true},"graphs":[],"defaultGraph":"","defaultPostTypeGraph":""},"schema_type":null,"schema_type_options":null,"pillar_content":false,"robots_default":true,"robots_noindex":false,"robots_noarchive":false,"robots_nosnippet":false,"robots_nofollow":false,"robots_noimageindex":false,"robots_noodp":false,"robots_notranslate":false,"robots_max_snippet":null,"robots_max_videopreview":null,"robots_max_imagepreview":"large","priority":null,"frequency":null,"location":null,"local_seo":null,"seo_analyzer_scan_date":"2025-08-28 21:17:15","breadcrumb_settings":null,"limit_modified_date":false,"reviewed_by":null,"open_ai":null,"ai":null,"created":"2020-12-21 11:28:55","updated":"2025-08-28 21:17:15"},"aioseo_breadcrumb":"<div class=\"aioseo-breadcrumbs\"><span class=\"aioseo-breadcrumb\">\n\t<a href=\"https:\/\/candas365.es\/noticias\" title=\"Home\">Home<\/a>\n<\/span><span class=\"aioseo-breadcrumb-separator\">&ndash;<\/span><span class=\"aioseo-breadcrumb\">\n\t<a href=\"https:\/\/candas365.es\/noticias\/category\/noticias-carreno\/\" title=\"Noticias Carre\u00f1o\">Noticias Carre\u00f1o<\/a>\n<\/span><span class=\"aioseo-breadcrumb-separator\">&ndash;<\/span><span class=\"aioseo-breadcrumb\">\n\tArte floral en Cand\u00e1s como terapia para \u00abnuestros mayores\u00bb\n<\/span><\/div>","aioseo_breadcrumb_json":[{"label":"Home","link":"https:\/\/candas365.es\/noticias"},{"label":"Noticias Carre\u00f1o","link":"https:\/\/candas365.es\/noticias\/category\/noticias-carreno\/"},{"label":"Arte floral en Cand\u00e1s como terapia para \u00abnuestros mayores\u00bb","link":"https:\/\/candas365.es\/noticias\/arte-floral-en-candas-como-terapia-para-nuestros-mayores\/"}],"_links":{"self":[{"href":"https:\/\/candas365.es\/noticias\/wp-json\/wp\/v2\/posts\/113398","targetHints":{"allow":["GET"]}}],"collection":[{"href":"https:\/\/candas365.es\/noticias\/wp-json\/wp\/v2\/posts"}],"about":[{"href":"https:\/\/candas365.es\/noticias\/wp-json\/wp\/v2\/types\/post"}],"author":[{"embeddable":true,"href":"https:\/\/candas365.es\/noticias\/wp-json\/wp\/v2\/users\/1"}],"replies":[{"embeddable":true,"href":"https:\/\/candas365.es\/noticias\/wp-json\/wp\/v2\/comments?post=113398"}],"version-history":[{"count":0,"href":"https:\/\/candas365.es\/noticias\/wp-json\/wp\/v2\/posts\/113398\/revisions"}],"wp:featuredmedia":[{"embeddable":true,"href":"https:\/\/candas365.es\/noticias\/wp-json\/wp\/v2\/media\/113399"}],"wp:attachment":[{"href":"https:\/\/candas365.es\/noticias\/wp-json\/wp\/v2\/media?parent=113398"}],"wp:term":[{"taxonomy":"category","embeddable":true,"href":"https:\/\/candas365.es\/noticias\/wp-json\/wp\/v2\/categories?post=113398"},{"taxonomy":"post_tag","embeddable":true,"href":"https:\/\/candas365.es\/noticias\/wp-json\/wp\/v2\/tags?post=113398"}],"curies":[{"name":"wp","href":"https:\/\/api.w.org\/{rel}","templated":true}]}}