{"id":113395,"date":"2019-01-04T21:57:03","date_gmt":"2019-01-04T21:57:03","guid":{"rendered":"http:\/\/candas365.es\/noticias\/?p=113395"},"modified":"2019-01-04T21:57:03","modified_gmt":"2019-01-04T21:57:03","slug":"herido-un-hombre-en-un-accidente-en-llanes","status":"publish","type":"post","link":"https:\/\/candas365.es\/noticias\/herido-un-hombre-en-un-accidente-en-llanes\/","title":{"rendered":"Herido un hombre en un accidente en Llanes"},"content":{"rendered":"<p><img fetchpriority=\"high\" decoding=\"async\" class=\"alignleft size-medium wp-image-113396\" src=\"https:\/\/candas365.es\/noticias\/wp-content\/uploads\/2019\/01\/ACCIDENTE-TRAFICO-LLANES-360x203.jpg\" alt=\"\" width=\"360\" height=\"203\" srcset=\"https:\/\/candas365.es\/noticias\/wp-content\/uploads\/2019\/01\/ACCIDENTE-TRAFICO-LLANES-360x203.jpg 360w, https:\/\/candas365.es\/noticias\/wp-content\/uploads\/2019\/01\/ACCIDENTE-TRAFICO-LLANES-768x433.jpg 768w, https:\/\/candas365.es\/noticias\/wp-content\/uploads\/2019\/01\/ACCIDENTE-TRAFICO-LLANES-655x369.jpg 655w, https:\/\/candas365.es\/noticias\/wp-content\/uploads\/2019\/01\/ACCIDENTE-TRAFICO-LLANES-696x392.jpg 696w, https:\/\/candas365.es\/noticias\/wp-content\/uploads\/2019\/01\/ACCIDENTE-TRAFICO-LLANES-1068x602.jpg 1068w, https:\/\/candas365.es\/noticias\/wp-content\/uploads\/2019\/01\/ACCIDENTE-TRAFICO-LLANES-746x420.jpg 746w, https:\/\/candas365.es\/noticias\/wp-content\/uploads\/2019\/01\/ACCIDENTE-TRAFICO-LLANES.jpg 1280w\" sizes=\"(max-width: 360px) 100vw, 360px\" \/>Un var\u00f3n ha resultado herido en una colisi\u00f3n entre un turismo y un tractor en la carretera AS-263 antigua en Celorio, Llanes. Seg\u00fan los datos facilitados por el Servicio de Atenci\u00f3n M\u00e9dica Urgente (SAMU) el var\u00f3n herido ha sido trasladado por la UVI-M\u00f3vil de Arriondas al centro hospitalario de esta misma localidad. A expensas de m\u00e1s pruebas y hasta nueva valoraci\u00f3n m\u00e9dica su pron\u00f3stico es reservado.<\/p>\n<p>El Centro de Coordinaci\u00f3n de Emergencias recibi\u00f3 el aviso a las 18:59 horas. En la llamada se indic\u00f3 que un tractor y un turismo hab\u00edan colisionado. Se cre\u00eda que una persona no pod\u00eda salir. De inmediato se moviliz\u00f3 al Jefe de Bomberos de la Zona Oriental y a 6 efectivos de Bomberos del Servicio de Emergencias del Principado de Asturias (SEPA), con base en el parque llanisco, que se trasladaron con el furg\u00f3n multisocorro, un veh\u00edculo ligero y un veh\u00edculo primera salida.<\/p>\n<p>Una vez en la zona, los efectivos de bomberos, previa estabilizaci\u00f3n del conductor del turismo, al que se le coloc\u00f3 el collar\u00edn, procedieron a la excarcelaci\u00f3n del afectado. Para ello retiraron el pilar central del coche y las dos puertas del lado del conductor. A continuaci\u00f3n, con el tablero espinal extrajeron al afectado del interior del autom\u00f3vil.<\/p>\n<p>Los bomberos tambi\u00e9n realizaron tareas de limpieza de la calzada, para lo que utilizaron agua. La dotaci\u00f3n dio por finalizada la intervenci\u00f3n a su llegada a base, a las 20:09 horas.<\/p>\n<p>La sala del 112 del SEPA inform\u00f3 del suceso a la Guardia Civil y al SAMU que activ\u00f3 al m\u00e9dico y la ambulancia de la zona.<\/p>\n","protected":false},"excerpt":{"rendered":"<p>Un var\u00f3n ha resultado herido en una colisi\u00f3n entre un turismo y un tractor en la carretera AS-263 antigua en Celorio, Llanes. Seg\u00fan los datos facilitados por el Servicio de Atenci\u00f3n M\u00e9dica Urgente (SAMU) el var\u00f3n herido ha sido trasladado por la UVI-M\u00f3vil de Arriondas al centro hospitalario de esta misma localidad. A expensas de<\/p>\n","protected":false},"author":1,"featured_media":113396,"comment_status":"closed","ping_status":"closed","sticky":false,"template":"","format":"standard","meta":{"footnotes":""},"categories":[343],"tags":[],"class_list":{"0":"post-113395","1":"post","2":"type-post","3":"status-publish","4":"format-standard","5":"has-post-thumbnail","7":"category-actualidad"},"aioseo_notices":[],"aioseo_head":"\n\t\t<!-- All in One SEO Pro 4.9.6.2 - aioseo.com -->\n\t<meta name=\"description\" content=\"Un var\u00f3n ha resultado herido en una colisi\u00f3n entre un turismo y un tractor en la carretera AS-263 antigua en Celorio, Llanes. Seg\u00fan los datos facilitados por el Servicio de Atenci\u00f3n M\u00e9dica Urgente (SAMU) el var\u00f3n herido ha sido trasladado por la UVI-M\u00f3vil de Arriondas al centro hospitalario de esta misma localidad. A expensas de\" \/>\n\t<meta name=\"robots\" content=\"max-image-preview:large\" \/>\n\t<meta name=\"author\" content=\"Cand\u00e1s 365\"\/>\n\t<meta name=\"google-site-verification\" content=\"UA-32230408-1\" \/>\n\t<meta name=\"msvalidate.01\" content=\"354F3CDFB2DA171B47FBE9ABF1F88D5\" \/>\n\t<meta name=\"keywords\" content=\"actualidad\" \/>\n\t<link rel=\"canonical\" href=\"https:\/\/candas365.es\/noticias\/herido-un-hombre-en-un-accidente-en-llanes\/\" \/>\n\t<meta name=\"generator\" content=\"All in One SEO Pro (AIOSEO) 4.9.6.2\" \/>\n\t\t<meta property=\"og:locale\" content=\"es_ES\" \/>\n\t\t<meta property=\"og:site_name\" content=\"Cand\u00e1s 365\" \/>\n\t\t<meta property=\"og:type\" content=\"article\" \/>\n\t\t<meta property=\"og:title\" content=\"Herido un hombre en un accidente en Llanes | Cand\u00e1s 365\" \/>\n\t\t<meta property=\"og:description\" content=\"Un var\u00f3n ha resultado herido en una colisi\u00f3n entre un turismo y un tractor en la carretera AS-263 antigua en Celorio, Llanes. Seg\u00fan los datos facilitados por el Servicio de Atenci\u00f3n M\u00e9dica Urgente (SAMU) el var\u00f3n herido ha sido trasladado por la UVI-M\u00f3vil de Arriondas al centro hospitalario de esta misma localidad. A expensas de\" \/>\n\t\t<meta property=\"og:url\" content=\"https:\/\/candas365.es\/noticias\/herido-un-hombre-en-un-accidente-en-llanes\/\" \/>\n\t\t<meta property=\"og:image\" content=\"https:\/\/candas365.es\/noticias\/wp-content\/uploads\/2019\/01\/ACCIDENTE-TRAFICO-LLANES.jpg\" \/>\n\t\t<meta property=\"og:image:secure_url\" content=\"https:\/\/candas365.es\/noticias\/wp-content\/uploads\/2019\/01\/ACCIDENTE-TRAFICO-LLANES.jpg\" \/>\n\t\t<meta property=\"og:image:width\" content=\"1280\" \/>\n\t\t<meta property=\"og:image:height\" content=\"721\" \/>\n\t\t<meta property=\"article:published_time\" content=\"2019-01-04T21:57:03+00:00\" \/>\n\t\t<meta property=\"article:modified_time\" content=\"2019-01-04T21:57:03+00:00\" \/>\n\t\t<meta property=\"article:publisher\" content=\"https:\/\/www.facebook.com\/Nachofdezber\" \/>\n\t\t<meta property=\"article:author\" content=\"https:\/\/www.facebook.com\/carrenoactualidad\" \/>\n\t\t<meta name=\"twitter:card\" content=\"summary_large_image\" \/>\n\t\t<meta name=\"twitter:site\" content=\"@NabercoDigital\" \/>\n\t\t<meta name=\"twitter:title\" content=\"Herido un hombre en un accidente en Llanes | Cand\u00e1s 365\" \/>\n\t\t<meta name=\"twitter:description\" content=\"Un var\u00f3n ha resultado herido en una colisi\u00f3n entre un turismo y un tractor en la carretera AS-263 antigua en Celorio, Llanes. Seg\u00fan los datos facilitados por el Servicio de Atenci\u00f3n M\u00e9dica Urgente (SAMU) el var\u00f3n herido ha sido trasladado por la UVI-M\u00f3vil de Arriondas al centro hospitalario de esta misma localidad. A expensas de\" \/>\n\t\t<meta name=\"twitter:creator\" content=\"@nbasturias\" \/>\n\t\t<meta name=\"twitter:image\" content=\"https:\/\/candas365.es\/noticias\/wp-content\/uploads\/2019\/01\/ACCIDENTE-TRAFICO-LLANES.jpg\" \/>\n\t\t<meta name=\"twitter:label1\" content=\"Escrito por\" \/>\n\t\t<meta name=\"twitter:data1\" content=\"Cand\u00e1s 365\" \/>\n\t\t<meta name=\"twitter:label2\" content=\"Tiempo de lectura estimado\" \/>\n\t\t<meta name=\"twitter:data2\" content=\"1 minuto\" \/>\n\t\t<script type=\"application\/ld+json\" class=\"aioseo-schema\">\n\t\t\t{\"@context\":\"https:\\\/\\\/schema.org\",\"@graph\":[{\"@type\":\"BreadcrumbList\",\"@id\":\"https:\\\/\\\/candas365.es\\\/noticias\\\/herido-un-hombre-en-un-accidente-en-llanes\\\/#breadcrumblist\",\"itemListElement\":[{\"@type\":\"ListItem\",\"@id\":\"https:\\\/\\\/candas365.es\\\/noticias#listItem\",\"position\":1,\"name\":\"Home\",\"item\":\"https:\\\/\\\/candas365.es\\\/noticias\",\"nextItem\":{\"@type\":\"ListItem\",\"@id\":\"https:\\\/\\\/candas365.es\\\/noticias\\\/category\\\/actualidad\\\/#listItem\",\"name\":\"Actualidad\"}},{\"@type\":\"ListItem\",\"@id\":\"https:\\\/\\\/candas365.es\\\/noticias\\\/category\\\/actualidad\\\/#listItem\",\"position\":2,\"name\":\"Actualidad\",\"item\":\"https:\\\/\\\/candas365.es\\\/noticias\\\/category\\\/actualidad\\\/\",\"nextItem\":{\"@type\":\"ListItem\",\"@id\":\"https:\\\/\\\/candas365.es\\\/noticias\\\/herido-un-hombre-en-un-accidente-en-llanes\\\/#listItem\",\"name\":\"Herido un hombre en un accidente en Llanes\"},\"previousItem\":{\"@type\":\"ListItem\",\"@id\":\"https:\\\/\\\/candas365.es\\\/noticias#listItem\",\"name\":\"Home\"}},{\"@type\":\"ListItem\",\"@id\":\"https:\\\/\\\/candas365.es\\\/noticias\\\/herido-un-hombre-en-un-accidente-en-llanes\\\/#listItem\",\"position\":3,\"name\":\"Herido un hombre en un accidente en Llanes\",\"previousItem\":{\"@type\":\"ListItem\",\"@id\":\"https:\\\/\\\/candas365.es\\\/noticias\\\/category\\\/actualidad\\\/#listItem\",\"name\":\"Actualidad\"}}]},{\"@type\":\"NewsArticle\",\"@id\":\"https:\\\/\\\/candas365.es\\\/noticias\\\/herido-un-hombre-en-un-accidente-en-llanes\\\/#newsarticle\",\"name\":\"Herido un hombre en un accidente en Llanes | Cand\\u00e1s 365\",\"headline\":\"Herido un hombre en un accidente en Llanes\",\"author\":{\"@id\":\"https:\\\/\\\/candas365.es\\\/noticias\\\/author\\\/admin\\\/#author\"},\"publisher\":{\"@id\":\"https:\\\/\\\/candas365.es\\\/noticias\\\/#organization\"},\"image\":{\"@type\":\"ImageObject\",\"url\":\"https:\\\/\\\/candas365.es\\\/noticias\\\/wp-content\\\/uploads\\\/2019\\\/01\\\/ACCIDENTE-TRAFICO-LLANES.jpg\",\"width\":1280,\"height\":721},\"datePublished\":\"2019-01-04T21:57:03+01:00\",\"dateModified\":\"2019-01-04T21:57:03+01:00\",\"inLanguage\":\"es-ES\",\"mainEntityOfPage\":{\"@id\":\"https:\\\/\\\/candas365.es\\\/noticias\\\/herido-un-hombre-en-un-accidente-en-llanes\\\/#webpage\"},\"isPartOf\":{\"@id\":\"https:\\\/\\\/candas365.es\\\/noticias\\\/herido-un-hombre-en-un-accidente-en-llanes\\\/#webpage\"},\"articleSection\":\"Actualidad\",\"dateline\":\"Publicado el enero 4, 2019.\"},{\"@type\":\"Organization\",\"@id\":\"https:\\\/\\\/candas365.es\\\/noticias\\\/#organization\",\"name\":\"Cand\\u00e1s 365\",\"description\":\"Cand\\u00e1s 365 es un diario digital independiente, fundado en 2012, con base en Asturias. Informamos con rigor sobre actualidad, sociedad, cultura y ocio, con una mirada local y global.\",\"url\":\"https:\\\/\\\/candas365.es\\\/noticias\\\/\",\"email\":\"info@candas365.es\",\"telephone\":\"+34652131393\",\"foundingDate\":\"2012-06-10\",\"logo\":{\"@type\":\"ImageObject\",\"url\":\"https:\\\/\\\/candas365.es\\\/noticias\\\/wp-content\\\/uploads\\\/2024\\\/09\\\/Candas-365-Redes.jpg\",\"@id\":\"https:\\\/\\\/candas365.es\\\/noticias\\\/herido-un-hombre-en-un-accidente-en-llanes\\\/#organizationLogo\",\"width\":1152,\"height\":864,\"caption\":\"Cand\\u00e1s 365 Redes\"},\"image\":{\"@id\":\"https:\\\/\\\/candas365.es\\\/noticias\\\/herido-un-hombre-en-un-accidente-en-llanes\\\/#organizationLogo\"},\"sameAs\":[\"https:\\\/\\\/www.facebook.com\\\/Nachofdezber\",\"https:\\\/\\\/x.com\\\/NabercoDigital\",\"https:\\\/\\\/www.instagram.com\\\/nachofdezber\\\/\",\"https:\\\/\\\/www.youtube.com\\\/channel\\\/UCZP-2wLEB9Rv6erhFmqVnvg\"],\"address\":{\"@id\":\"https:\\\/\\\/candas365.es\\\/noticias\\\/#postaladdress\",\"@type\":\"PostalAddress\",\"streetAddress\":\"san antonio 4, san antonio 4\",\"postalCode\":\"33430\",\"addressLocality\":\"Cand\\u00e1s\",\"addressRegion\":\"Asturias\",\"addressCountry\":\"ES\"}},{\"@type\":\"Person\",\"@id\":\"https:\\\/\\\/candas365.es\\\/noticias\\\/author\\\/admin\\\/#author\",\"url\":\"https:\\\/\\\/candas365.es\\\/noticias\\\/author\\\/admin\\\/\",\"name\":\"Cand\\u00e1s 365\",\"image\":{\"@type\":\"ImageObject\",\"@id\":\"https:\\\/\\\/candas365.es\\\/noticias\\\/herido-un-hombre-en-un-accidente-en-llanes\\\/#authorImage\",\"url\":\"https:\\\/\\\/secure.gravatar.com\\\/avatar\\\/496a8e03d0c493ede1718b7934145dbdf8d89be1036b0eec9544e1094c9de390?s=96&d=mm&r=g\",\"width\":96,\"height\":96,\"caption\":\"Cand\\u00e1s 365\"},\"sameAs\":[\"https:\\\/\\\/www.facebook.com\\\/carrenoactualidad\",\"https:\\\/\\\/twitter.com\\\/nbasturias\",\"https:\\\/\\\/www.instagram.com\\\/nachofdezber\\\/\",\"https:\\\/\\\/www.youtube.com\\\/channel\\\/UCZP-2wLEB9Rv6erhFmqVnvg\"]},{\"@type\":\"WebPage\",\"@id\":\"https:\\\/\\\/candas365.es\\\/noticias\\\/herido-un-hombre-en-un-accidente-en-llanes\\\/#webpage\",\"url\":\"https:\\\/\\\/candas365.es\\\/noticias\\\/herido-un-hombre-en-un-accidente-en-llanes\\\/\",\"name\":\"Herido un hombre en un accidente en Llanes | Cand\\u00e1s 365\",\"description\":\"Un var\\u00f3n ha resultado herido en una colisi\\u00f3n entre un turismo y un tractor en la carretera AS-263 antigua en Celorio, Llanes. Seg\\u00fan los datos facilitados por el Servicio de Atenci\\u00f3n M\\u00e9dica Urgente (SAMU) el var\\u00f3n herido ha sido trasladado por la UVI-M\\u00f3vil de Arriondas al centro hospitalario de esta misma localidad. A expensas de\",\"inLanguage\":\"es-ES\",\"isPartOf\":{\"@id\":\"https:\\\/\\\/candas365.es\\\/noticias\\\/#website\"},\"breadcrumb\":{\"@id\":\"https:\\\/\\\/candas365.es\\\/noticias\\\/herido-un-hombre-en-un-accidente-en-llanes\\\/#breadcrumblist\"},\"author\":{\"@id\":\"https:\\\/\\\/candas365.es\\\/noticias\\\/author\\\/admin\\\/#author\"},\"creator\":{\"@id\":\"https:\\\/\\\/candas365.es\\\/noticias\\\/author\\\/admin\\\/#author\"},\"image\":{\"@type\":\"ImageObject\",\"url\":\"https:\\\/\\\/candas365.es\\\/noticias\\\/wp-content\\\/uploads\\\/2019\\\/01\\\/ACCIDENTE-TRAFICO-LLANES.jpg\",\"@id\":\"https:\\\/\\\/candas365.es\\\/noticias\\\/herido-un-hombre-en-un-accidente-en-llanes\\\/#mainImage\",\"width\":1280,\"height\":721},\"primaryImageOfPage\":{\"@id\":\"https:\\\/\\\/candas365.es\\\/noticias\\\/herido-un-hombre-en-un-accidente-en-llanes\\\/#mainImage\"},\"datePublished\":\"2019-01-04T21:57:03+01:00\",\"dateModified\":\"2019-01-04T21:57:03+01:00\"},{\"@type\":\"WebSite\",\"@id\":\"https:\\\/\\\/candas365.es\\\/noticias\\\/#website\",\"url\":\"https:\\\/\\\/candas365.es\\\/noticias\\\/\",\"name\":\"Cand\\u00e1s 365\",\"alternateName\":\"Cand\\u00e1s 365 Noticias\",\"description\":\"Actualidad desde Carre\\u00f1o para el mundo\",\"inLanguage\":\"es-ES\",\"publisher\":{\"@id\":\"https:\\\/\\\/candas365.es\\\/noticias\\\/#organization\"}}]}\n\t\t<\/script>\n\t\t<!-- All in One SEO Pro -->\r\n\t\t<title>Herido un hombre en un accidente en Llanes | Cand\u00e1s 365<\/title>\n\n","aioseo_head_json":{"title":"Herido un hombre en un accidente en Llanes | Cand\u00e1s 365","description":"Un var\u00f3n ha resultado herido en una colisi\u00f3n entre un turismo y un tractor en la carretera AS-263 antigua en Celorio, Llanes. Seg\u00fan los datos facilitados por el Servicio de Atenci\u00f3n M\u00e9dica Urgente (SAMU) el var\u00f3n herido ha sido trasladado por la UVI-M\u00f3vil de Arriondas al centro hospitalario de esta misma localidad. A expensas de","canonical_url":"https:\/\/candas365.es\/noticias\/herido-un-hombre-en-un-accidente-en-llanes\/","robots":"max-image-preview:large","keywords":"actualidad","webmasterTools":{"google-site-verification":"UA-32230408-1","msvalidate.01":"354F3CDFB2DA171B47FBE9ABF1F88D5","miscellaneous":""},"schema":{"@context":"https:\/\/schema.org","@graph":[{"@type":"BreadcrumbList","@id":"https:\/\/candas365.es\/noticias\/herido-un-hombre-en-un-accidente-en-llanes\/#breadcrumblist","itemListElement":[{"@type":"ListItem","@id":"https:\/\/candas365.es\/noticias#listItem","position":1,"name":"Home","item":"https:\/\/candas365.es\/noticias","nextItem":{"@type":"ListItem","@id":"https:\/\/candas365.es\/noticias\/category\/actualidad\/#listItem","name":"Actualidad"}},{"@type":"ListItem","@id":"https:\/\/candas365.es\/noticias\/category\/actualidad\/#listItem","position":2,"name":"Actualidad","item":"https:\/\/candas365.es\/noticias\/category\/actualidad\/","nextItem":{"@type":"ListItem","@id":"https:\/\/candas365.es\/noticias\/herido-un-hombre-en-un-accidente-en-llanes\/#listItem","name":"Herido un hombre en un accidente en Llanes"},"previousItem":{"@type":"ListItem","@id":"https:\/\/candas365.es\/noticias#listItem","name":"Home"}},{"@type":"ListItem","@id":"https:\/\/candas365.es\/noticias\/herido-un-hombre-en-un-accidente-en-llanes\/#listItem","position":3,"name":"Herido un hombre en un accidente en Llanes","previousItem":{"@type":"ListItem","@id":"https:\/\/candas365.es\/noticias\/category\/actualidad\/#listItem","name":"Actualidad"}}]},{"@type":"NewsArticle","@id":"https:\/\/candas365.es\/noticias\/herido-un-hombre-en-un-accidente-en-llanes\/#newsarticle","name":"Herido un hombre en un accidente en Llanes | Cand\u00e1s 365","headline":"Herido un hombre en un accidente en Llanes","author":{"@id":"https:\/\/candas365.es\/noticias\/author\/admin\/#author"},"publisher":{"@id":"https:\/\/candas365.es\/noticias\/#organization"},"image":{"@type":"ImageObject","url":"https:\/\/candas365.es\/noticias\/wp-content\/uploads\/2019\/01\/ACCIDENTE-TRAFICO-LLANES.jpg","width":1280,"height":721},"datePublished":"2019-01-04T21:57:03+01:00","dateModified":"2019-01-04T21:57:03+01:00","inLanguage":"es-ES","mainEntityOfPage":{"@id":"https:\/\/candas365.es\/noticias\/herido-un-hombre-en-un-accidente-en-llanes\/#webpage"},"isPartOf":{"@id":"https:\/\/candas365.es\/noticias\/herido-un-hombre-en-un-accidente-en-llanes\/#webpage"},"articleSection":"Actualidad","dateline":"Publicado el enero 4, 2019."},{"@type":"Organization","@id":"https:\/\/candas365.es\/noticias\/#organization","name":"Cand\u00e1s 365","description":"Cand\u00e1s 365 es un diario digital independiente, fundado en 2012, con base en Asturias. Informamos con rigor sobre actualidad, sociedad, cultura y ocio, con una mirada local y global.","url":"https:\/\/candas365.es\/noticias\/","email":"info@candas365.es","telephone":"+34652131393","foundingDate":"2012-06-10","logo":{"@type":"ImageObject","url":"https:\/\/candas365.es\/noticias\/wp-content\/uploads\/2024\/09\/Candas-365-Redes.jpg","@id":"https:\/\/candas365.es\/noticias\/herido-un-hombre-en-un-accidente-en-llanes\/#organizationLogo","width":1152,"height":864,"caption":"Cand\u00e1s 365 Redes"},"image":{"@id":"https:\/\/candas365.es\/noticias\/herido-un-hombre-en-un-accidente-en-llanes\/#organizationLogo"},"sameAs":["https:\/\/www.facebook.com\/Nachofdezber","https:\/\/x.com\/NabercoDigital","https:\/\/www.instagram.com\/nachofdezber\/","https:\/\/www.youtube.com\/channel\/UCZP-2wLEB9Rv6erhFmqVnvg"],"address":{"@id":"https:\/\/candas365.es\/noticias\/#postaladdress","@type":"PostalAddress","streetAddress":"san antonio 4, san antonio 4","postalCode":"33430","addressLocality":"Cand\u00e1s","addressRegion":"Asturias","addressCountry":"ES"}},{"@type":"Person","@id":"https:\/\/candas365.es\/noticias\/author\/admin\/#author","url":"https:\/\/candas365.es\/noticias\/author\/admin\/","name":"Cand\u00e1s 365","image":{"@type":"ImageObject","@id":"https:\/\/candas365.es\/noticias\/herido-un-hombre-en-un-accidente-en-llanes\/#authorImage","url":"https:\/\/secure.gravatar.com\/avatar\/496a8e03d0c493ede1718b7934145dbdf8d89be1036b0eec9544e1094c9de390?s=96&d=mm&r=g","width":96,"height":96,"caption":"Cand\u00e1s 365"},"sameAs":["https:\/\/www.facebook.com\/carrenoactualidad","https:\/\/twitter.com\/nbasturias","https:\/\/www.instagram.com\/nachofdezber\/","https:\/\/www.youtube.com\/channel\/UCZP-2wLEB9Rv6erhFmqVnvg"]},{"@type":"WebPage","@id":"https:\/\/candas365.es\/noticias\/herido-un-hombre-en-un-accidente-en-llanes\/#webpage","url":"https:\/\/candas365.es\/noticias\/herido-un-hombre-en-un-accidente-en-llanes\/","name":"Herido un hombre en un accidente en Llanes | Cand\u00e1s 365","description":"Un var\u00f3n ha resultado herido en una colisi\u00f3n entre un turismo y un tractor en la carretera AS-263 antigua en Celorio, Llanes. Seg\u00fan los datos facilitados por el Servicio de Atenci\u00f3n M\u00e9dica Urgente (SAMU) el var\u00f3n herido ha sido trasladado por la UVI-M\u00f3vil de Arriondas al centro hospitalario de esta misma localidad. A expensas de","inLanguage":"es-ES","isPartOf":{"@id":"https:\/\/candas365.es\/noticias\/#website"},"breadcrumb":{"@id":"https:\/\/candas365.es\/noticias\/herido-un-hombre-en-un-accidente-en-llanes\/#breadcrumblist"},"author":{"@id":"https:\/\/candas365.es\/noticias\/author\/admin\/#author"},"creator":{"@id":"https:\/\/candas365.es\/noticias\/author\/admin\/#author"},"image":{"@type":"ImageObject","url":"https:\/\/candas365.es\/noticias\/wp-content\/uploads\/2019\/01\/ACCIDENTE-TRAFICO-LLANES.jpg","@id":"https:\/\/candas365.es\/noticias\/herido-un-hombre-en-un-accidente-en-llanes\/#mainImage","width":1280,"height":721},"primaryImageOfPage":{"@id":"https:\/\/candas365.es\/noticias\/herido-un-hombre-en-un-accidente-en-llanes\/#mainImage"},"datePublished":"2019-01-04T21:57:03+01:00","dateModified":"2019-01-04T21:57:03+01:00"},{"@type":"WebSite","@id":"https:\/\/candas365.es\/noticias\/#website","url":"https:\/\/candas365.es\/noticias\/","name":"Cand\u00e1s 365","alternateName":"Cand\u00e1s 365 Noticias","description":"Actualidad desde Carre\u00f1o para el mundo","inLanguage":"es-ES","publisher":{"@id":"https:\/\/candas365.es\/noticias\/#organization"}}]},"og:locale":"es_ES","og:site_name":"Cand\u00e1s 365","og:type":"article","og:title":"Herido un hombre en un accidente en Llanes | Cand\u00e1s 365","og:description":"Un var\u00f3n ha resultado herido en una colisi\u00f3n entre un turismo y un tractor en la carretera AS-263 antigua en Celorio, Llanes. Seg\u00fan los datos facilitados por el Servicio de Atenci\u00f3n M\u00e9dica Urgente (SAMU) el var\u00f3n herido ha sido trasladado por la UVI-M\u00f3vil de Arriondas al centro hospitalario de esta misma localidad. A expensas de","og:url":"https:\/\/candas365.es\/noticias\/herido-un-hombre-en-un-accidente-en-llanes\/","og:image":"https:\/\/candas365.es\/noticias\/wp-content\/uploads\/2019\/01\/ACCIDENTE-TRAFICO-LLANES.jpg","og:image:secure_url":"https:\/\/candas365.es\/noticias\/wp-content\/uploads\/2019\/01\/ACCIDENTE-TRAFICO-LLANES.jpg","og:image:width":1280,"og:image:height":721,"article:published_time":"2019-01-04T21:57:03+00:00","article:modified_time":"2019-01-04T21:57:03+00:00","article:publisher":"https:\/\/www.facebook.com\/Nachofdezber","article:author":"https:\/\/www.facebook.com\/carrenoactualidad","twitter:card":"summary_large_image","twitter:site":"@NabercoDigital","twitter:title":"Herido un hombre en un accidente en Llanes | Cand\u00e1s 365","twitter:description":"Un var\u00f3n ha resultado herido en una colisi\u00f3n entre un turismo y un tractor en la carretera AS-263 antigua en Celorio, Llanes. Seg\u00fan los datos facilitados por el Servicio de Atenci\u00f3n M\u00e9dica Urgente (SAMU) el var\u00f3n herido ha sido trasladado por la UVI-M\u00f3vil de Arriondas al centro hospitalario de esta misma localidad. A expensas de","twitter:creator":"@nbasturias","twitter:image":"https:\/\/candas365.es\/noticias\/wp-content\/uploads\/2019\/01\/ACCIDENTE-TRAFICO-LLANES.jpg","twitter:label1":"Escrito por","twitter:data1":"Cand\u00e1s 365","twitter:label2":"Tiempo de lectura estimado","twitter:data2":"1 minuto"},"aioseo_meta_data":{"post_id":"113395","title":null,"description":null,"keywords":null,"keyphrases":null,"primary_term":null,"canonical_url":null,"og_title":null,"og_description":null,"og_object_type":"default","og_image_type":"default","og_image_url":null,"og_image_width":null,"og_image_height":null,"og_image_custom_url":null,"og_image_custom_fields":null,"og_video":null,"og_custom_url":null,"og_article_section":null,"og_article_tags":null,"twitter_use_og":false,"twitter_card":"default","twitter_image_type":"default","twitter_image_url":null,"twitter_image_custom_url":null,"twitter_image_custom_fields":null,"twitter_title":null,"twitter_description":null,"schema":{"blockGraphs":[],"customGraphs":[],"default":{"data":{"Article":[],"Course":[],"Dataset":[],"FAQPage":[],"Movie":[],"Person":[],"Product":[],"ProductReview":[],"Car":[],"Recipe":[],"Service":[],"SoftwareApplication":[],"WebPage":[]},"graphName":"","isEnabled":true},"graphs":[],"defaultGraph":"","defaultPostTypeGraph":""},"schema_type":null,"schema_type_options":null,"pillar_content":false,"robots_default":true,"robots_noindex":false,"robots_noarchive":false,"robots_nosnippet":false,"robots_nofollow":false,"robots_noimageindex":false,"robots_noodp":false,"robots_notranslate":false,"robots_max_snippet":null,"robots_max_videopreview":null,"robots_max_imagepreview":"large","priority":null,"frequency":null,"location":null,"local_seo":null,"seo_analyzer_scan_date":"2025-08-28 21:15:15","breadcrumb_settings":null,"limit_modified_date":false,"reviewed_by":null,"open_ai":null,"ai":null,"created":"2020-12-21 10:44:51","updated":"2025-08-28 21:15:15"},"aioseo_breadcrumb":"<div class=\"aioseo-breadcrumbs\"><span class=\"aioseo-breadcrumb\">\n\t<a href=\"https:\/\/candas365.es\/noticias\" title=\"Home\">Home<\/a>\n<\/span><span class=\"aioseo-breadcrumb-separator\">&ndash;<\/span><span class=\"aioseo-breadcrumb\">\n\t<a href=\"https:\/\/candas365.es\/noticias\/category\/actualidad\/\" title=\"Actualidad\">Actualidad<\/a>\n<\/span><span class=\"aioseo-breadcrumb-separator\">&ndash;<\/span><span class=\"aioseo-breadcrumb\">\n\tHerido un hombre en un accidente en Llanes\n<\/span><\/div>","aioseo_breadcrumb_json":[{"label":"Home","link":"https:\/\/candas365.es\/noticias"},{"label":"Actualidad","link":"https:\/\/candas365.es\/noticias\/category\/actualidad\/"},{"label":"Herido un hombre en un accidente en Llanes","link":"https:\/\/candas365.es\/noticias\/herido-un-hombre-en-un-accidente-en-llanes\/"}],"_links":{"self":[{"href":"https:\/\/candas365.es\/noticias\/wp-json\/wp\/v2\/posts\/113395","targetHints":{"allow":["GET"]}}],"collection":[{"href":"https:\/\/candas365.es\/noticias\/wp-json\/wp\/v2\/posts"}],"about":[{"href":"https:\/\/candas365.es\/noticias\/wp-json\/wp\/v2\/types\/post"}],"author":[{"embeddable":true,"href":"https:\/\/candas365.es\/noticias\/wp-json\/wp\/v2\/users\/1"}],"replies":[{"embeddable":true,"href":"https:\/\/candas365.es\/noticias\/wp-json\/wp\/v2\/comments?post=113395"}],"version-history":[{"count":0,"href":"https:\/\/candas365.es\/noticias\/wp-json\/wp\/v2\/posts\/113395\/revisions"}],"wp:featuredmedia":[{"embeddable":true,"href":"https:\/\/candas365.es\/noticias\/wp-json\/wp\/v2\/media\/113396"}],"wp:attachment":[{"href":"https:\/\/candas365.es\/noticias\/wp-json\/wp\/v2\/media?parent=113395"}],"wp:term":[{"taxonomy":"category","embeddable":true,"href":"https:\/\/candas365.es\/noticias\/wp-json\/wp\/v2\/categories?post=113395"},{"taxonomy":"post_tag","embeddable":true,"href":"https:\/\/candas365.es\/noticias\/wp-json\/wp\/v2\/tags?post=113395"}],"curies":[{"name":"wp","href":"https:\/\/api.w.org\/{rel}","templated":true}]}}