{"id":113342,"date":"2019-01-04T11:18:53","date_gmt":"2019-01-04T11:18:53","guid":{"rendered":"http:\/\/candas365.es\/noticias\/?p=113342"},"modified":"2019-01-04T11:18:53","modified_gmt":"2019-01-04T11:18:53","slug":"buscan-270-contenedores-perdidos-en-el-mar-del-norte","status":"publish","type":"post","link":"https:\/\/candas365.es\/noticias\/buscan-270-contenedores-perdidos-en-el-mar-del-norte\/","title":{"rendered":"Buscan 270 contenedores perdidos en el Mar del Norte"},"content":{"rendered":"<p><img fetchpriority=\"high\" decoding=\"async\" class=\"alignleft size-medium wp-image-113343\" src=\"https:\/\/candas365.es\/noticias\/wp-content\/uploads\/2019\/01\/colors-1838392_960_720-360x240.jpg\" alt=\"\" width=\"360\" height=\"240\" srcset=\"https:\/\/candas365.es\/noticias\/wp-content\/uploads\/2019\/01\/colors-1838392_960_720-360x240.jpg 360w, https:\/\/candas365.es\/noticias\/wp-content\/uploads\/2019\/01\/colors-1838392_960_720-768x512.jpg 768w, https:\/\/candas365.es\/noticias\/wp-content\/uploads\/2019\/01\/colors-1838392_960_720-655x437.jpg 655w, https:\/\/candas365.es\/noticias\/wp-content\/uploads\/2019\/01\/colors-1838392_960_720-696x464.jpg 696w, https:\/\/candas365.es\/noticias\/wp-content\/uploads\/2019\/01\/colors-1838392_960_720-630x420.jpg 630w, https:\/\/candas365.es\/noticias\/wp-content\/uploads\/2019\/01\/colors-1838392_960_720.jpg 960w\" sizes=\"(max-width: 360px) 100vw, 360px\" \/>Den Helder\/Bremerhaven, 3 ene (dpa) &#8211; Tras el accidente del buque carguero \u00abMSC Zoe\u00bb en aguas del Mar del Norte, se espera que sigan llegando hoy a tierra algunos m\u00e1s de los cerca de 270 contenedores perdidos por el barco, seg\u00fan la oficina de coordinaci\u00f3n de Cuxhaven (noroeste de Alemania) que interviene en el accidente, la que precis\u00f3 que al menos uno de ellos contiene mercanc\u00edas peligrosas.<\/p>\n<p>Por su parte, la guardia costera holandesa supone que al menos tres de los contenedores contienen sustancias peligrosas.<\/p>\n<p>La compa\u00f1\u00eda naviera que opera el \u00abMSC Zoe\u00bb utiliza barcos especiales, equipados con sonar, para localizar los contenedores perdidos. La naviera MSC con sede en Ginebra indic\u00f3 que se encarg\u00f3 la b\u00fasqueda a una compa\u00f1\u00eda de recuperaci\u00f3n, la cual tambi\u00e9n debe coordinar la limpieza de las playas, y que se tomaba el incidente muy en serio.<\/p>\n<p>En la costa de Frisia Oriental se mantiene un estado de vigilancia especial. Para la isla alemana de Borkum se emiti\u00f3 el mi\u00e9rcoles por la noche un aviso de alerta, dado que existe la posibilidad de que los contenedores o las sustancias peligrosas liberadas llegaran al lugar, seg\u00fan se inform\u00f3 en un mensaje transmitido por el sistema de advertencia e informaci\u00f3n Katwarn.<\/p>\n<p>\u00abNo toque contenedores abiertos o sustancias liberadas\u00bb, advirti\u00f3 el distrito alem\u00e1n de Leer, en la costa Frisia Oriental. \u00abSi descubre un contenedor, comun\u00edquese con el centro de coordinaci\u00f3n de rescates, por favor llame inmediatamente al tel\u00e9fono 112\u00bb.<\/p>\n","protected":false},"excerpt":{"rendered":"<p>Den Helder\/Bremerhaven, 3 ene (dpa) &#8211; Tras el accidente del buque carguero \u00abMSC Zoe\u00bb en aguas del Mar del Norte, se espera que sigan llegando hoy a tierra algunos m\u00e1s de los cerca de 270 contenedores perdidos por el barco, seg\u00fan la oficina de coordinaci\u00f3n de Cuxhaven (noroeste de Alemania) que interviene en el accidente,<\/p>\n","protected":false},"author":1,"featured_media":113343,"comment_status":"closed","ping_status":"closed","sticky":false,"template":"","format":"standard","meta":{"footnotes":""},"categories":[343],"tags":[],"class_list":{"0":"post-113342","1":"post","2":"type-post","3":"status-publish","4":"format-standard","5":"has-post-thumbnail","7":"category-actualidad"},"aioseo_notices":[],"aioseo_head":"\n\t\t<!-- All in One SEO Pro 4.9.6.2 - aioseo.com -->\n\t<meta name=\"description\" content=\"Den Helder\/Bremerhaven, 3 ene (dpa) - Tras el accidente del buque carguero &quot;MSC Zoe&quot; en aguas del Mar del Norte, se espera que sigan llegando hoy a tierra algunos m\u00e1s de los cerca de 270 contenedores perdidos por el barco, seg\u00fan la oficina de coordinaci\u00f3n de Cuxhaven (noroeste de Alemania) que interviene en el accidente,\" \/>\n\t<meta name=\"robots\" content=\"max-image-preview:large\" \/>\n\t<meta name=\"author\" content=\"Cand\u00e1s 365\"\/>\n\t<meta name=\"google-site-verification\" content=\"UA-32230408-1\" \/>\n\t<meta name=\"msvalidate.01\" content=\"354F3CDFB2DA171B47FBE9ABF1F88D5\" \/>\n\t<meta name=\"keywords\" content=\"actualidad\" \/>\n\t<link rel=\"canonical\" href=\"https:\/\/candas365.es\/noticias\/buscan-270-contenedores-perdidos-en-el-mar-del-norte\/\" \/>\n\t<meta name=\"generator\" content=\"All in One SEO Pro (AIOSEO) 4.9.6.2\" \/>\n\t\t<meta property=\"og:locale\" content=\"es_ES\" \/>\n\t\t<meta property=\"og:site_name\" content=\"Cand\u00e1s 365\" \/>\n\t\t<meta property=\"og:type\" content=\"article\" \/>\n\t\t<meta property=\"og:title\" content=\"Buscan 270 contenedores perdidos en el Mar del Norte | Cand\u00e1s 365\" \/>\n\t\t<meta property=\"og:description\" content=\"Den Helder\/Bremerhaven, 3 ene (dpa) - Tras el accidente del buque carguero &quot;MSC Zoe&quot; en aguas del Mar del Norte, se espera que sigan llegando hoy a tierra algunos m\u00e1s de los cerca de 270 contenedores perdidos por el barco, seg\u00fan la oficina de coordinaci\u00f3n de Cuxhaven (noroeste de Alemania) que interviene en el accidente,\" \/>\n\t\t<meta property=\"og:url\" content=\"https:\/\/candas365.es\/noticias\/buscan-270-contenedores-perdidos-en-el-mar-del-norte\/\" \/>\n\t\t<meta property=\"og:image\" content=\"https:\/\/candas365.es\/noticias\/wp-content\/uploads\/2019\/01\/colors-1838392_960_720.jpg\" \/>\n\t\t<meta property=\"og:image:secure_url\" content=\"https:\/\/candas365.es\/noticias\/wp-content\/uploads\/2019\/01\/colors-1838392_960_720.jpg\" \/>\n\t\t<meta property=\"og:image:width\" content=\"960\" \/>\n\t\t<meta property=\"og:image:height\" content=\"640\" \/>\n\t\t<meta property=\"article:published_time\" content=\"2019-01-04T11:18:53+00:00\" \/>\n\t\t<meta property=\"article:modified_time\" content=\"2019-01-04T11:18:53+00:00\" \/>\n\t\t<meta property=\"article:publisher\" content=\"https:\/\/www.facebook.com\/Nachofdezber\" \/>\n\t\t<meta property=\"article:author\" content=\"https:\/\/www.facebook.com\/carrenoactualidad\" \/>\n\t\t<meta name=\"twitter:card\" content=\"summary_large_image\" \/>\n\t\t<meta name=\"twitter:site\" content=\"@NabercoDigital\" \/>\n\t\t<meta name=\"twitter:title\" content=\"Buscan 270 contenedores perdidos en el Mar del Norte | Cand\u00e1s 365\" \/>\n\t\t<meta name=\"twitter:description\" content=\"Den Helder\/Bremerhaven, 3 ene (dpa) - Tras el accidente del buque carguero &quot;MSC Zoe&quot; en aguas del Mar del Norte, se espera que sigan llegando hoy a tierra algunos m\u00e1s de los cerca de 270 contenedores perdidos por el barco, seg\u00fan la oficina de coordinaci\u00f3n de Cuxhaven (noroeste de Alemania) que interviene en el accidente,\" \/>\n\t\t<meta name=\"twitter:creator\" content=\"@nbasturias\" \/>\n\t\t<meta name=\"twitter:image\" content=\"https:\/\/candas365.es\/noticias\/wp-content\/uploads\/2019\/01\/colors-1838392_960_720.jpg\" \/>\n\t\t<meta name=\"twitter:label1\" content=\"Escrito por\" \/>\n\t\t<meta name=\"twitter:data1\" content=\"Cand\u00e1s 365\" \/>\n\t\t<meta name=\"twitter:label2\" content=\"Tiempo de lectura estimado\" \/>\n\t\t<meta name=\"twitter:data2\" content=\"1 minuto\" \/>\n\t\t<script type=\"application\/ld+json\" class=\"aioseo-schema\">\n\t\t\t{\"@context\":\"https:\\\/\\\/schema.org\",\"@graph\":[{\"@type\":\"BreadcrumbList\",\"@id\":\"https:\\\/\\\/candas365.es\\\/noticias\\\/buscan-270-contenedores-perdidos-en-el-mar-del-norte\\\/#breadcrumblist\",\"itemListElement\":[{\"@type\":\"ListItem\",\"@id\":\"https:\\\/\\\/candas365.es\\\/noticias#listItem\",\"position\":1,\"name\":\"Home\",\"item\":\"https:\\\/\\\/candas365.es\\\/noticias\",\"nextItem\":{\"@type\":\"ListItem\",\"@id\":\"https:\\\/\\\/candas365.es\\\/noticias\\\/category\\\/actualidad\\\/#listItem\",\"name\":\"Actualidad\"}},{\"@type\":\"ListItem\",\"@id\":\"https:\\\/\\\/candas365.es\\\/noticias\\\/category\\\/actualidad\\\/#listItem\",\"position\":2,\"name\":\"Actualidad\",\"item\":\"https:\\\/\\\/candas365.es\\\/noticias\\\/category\\\/actualidad\\\/\",\"nextItem\":{\"@type\":\"ListItem\",\"@id\":\"https:\\\/\\\/candas365.es\\\/noticias\\\/buscan-270-contenedores-perdidos-en-el-mar-del-norte\\\/#listItem\",\"name\":\"Buscan 270 contenedores perdidos en el Mar del Norte\"},\"previousItem\":{\"@type\":\"ListItem\",\"@id\":\"https:\\\/\\\/candas365.es\\\/noticias#listItem\",\"name\":\"Home\"}},{\"@type\":\"ListItem\",\"@id\":\"https:\\\/\\\/candas365.es\\\/noticias\\\/buscan-270-contenedores-perdidos-en-el-mar-del-norte\\\/#listItem\",\"position\":3,\"name\":\"Buscan 270 contenedores perdidos en el Mar del Norte\",\"previousItem\":{\"@type\":\"ListItem\",\"@id\":\"https:\\\/\\\/candas365.es\\\/noticias\\\/category\\\/actualidad\\\/#listItem\",\"name\":\"Actualidad\"}}]},{\"@type\":\"NewsArticle\",\"@id\":\"https:\\\/\\\/candas365.es\\\/noticias\\\/buscan-270-contenedores-perdidos-en-el-mar-del-norte\\\/#newsarticle\",\"name\":\"Buscan 270 contenedores perdidos en el Mar del Norte | Cand\\u00e1s 365\",\"headline\":\"Buscan 270 contenedores perdidos en el Mar del Norte\",\"author\":{\"@id\":\"https:\\\/\\\/candas365.es\\\/noticias\\\/author\\\/admin\\\/#author\"},\"publisher\":{\"@id\":\"https:\\\/\\\/candas365.es\\\/noticias\\\/#organization\"},\"image\":{\"@type\":\"ImageObject\",\"url\":\"https:\\\/\\\/candas365.es\\\/noticias\\\/wp-content\\\/uploads\\\/2019\\\/01\\\/colors-1838392_960_720.jpg\",\"width\":960,\"height\":640},\"datePublished\":\"2019-01-04T11:18:53+01:00\",\"dateModified\":\"2019-01-04T11:18:53+01:00\",\"inLanguage\":\"es-ES\",\"mainEntityOfPage\":{\"@id\":\"https:\\\/\\\/candas365.es\\\/noticias\\\/buscan-270-contenedores-perdidos-en-el-mar-del-norte\\\/#webpage\"},\"isPartOf\":{\"@id\":\"https:\\\/\\\/candas365.es\\\/noticias\\\/buscan-270-contenedores-perdidos-en-el-mar-del-norte\\\/#webpage\"},\"articleSection\":\"Actualidad\",\"dateline\":\"Publicado el enero 4, 2019.\"},{\"@type\":\"Organization\",\"@id\":\"https:\\\/\\\/candas365.es\\\/noticias\\\/#organization\",\"name\":\"Cand\\u00e1s 365\",\"description\":\"Cand\\u00e1s 365 es un diario digital independiente, fundado en 2012, con base en Asturias. Informamos con rigor sobre actualidad, sociedad, cultura y ocio, con una mirada local y global.\",\"url\":\"https:\\\/\\\/candas365.es\\\/noticias\\\/\",\"email\":\"info@candas365.es\",\"telephone\":\"+34652131393\",\"foundingDate\":\"2012-06-10\",\"logo\":{\"@type\":\"ImageObject\",\"url\":\"https:\\\/\\\/candas365.es\\\/noticias\\\/wp-content\\\/uploads\\\/2024\\\/09\\\/Candas-365-Redes.jpg\",\"@id\":\"https:\\\/\\\/candas365.es\\\/noticias\\\/buscan-270-contenedores-perdidos-en-el-mar-del-norte\\\/#organizationLogo\",\"width\":1152,\"height\":864,\"caption\":\"Cand\\u00e1s 365 Redes\"},\"image\":{\"@id\":\"https:\\\/\\\/candas365.es\\\/noticias\\\/buscan-270-contenedores-perdidos-en-el-mar-del-norte\\\/#organizationLogo\"},\"sameAs\":[\"https:\\\/\\\/www.facebook.com\\\/Nachofdezber\",\"https:\\\/\\\/x.com\\\/NabercoDigital\",\"https:\\\/\\\/www.instagram.com\\\/nachofdezber\\\/\",\"https:\\\/\\\/www.youtube.com\\\/channel\\\/UCZP-2wLEB9Rv6erhFmqVnvg\"],\"address\":{\"@id\":\"https:\\\/\\\/candas365.es\\\/noticias\\\/#postaladdress\",\"@type\":\"PostalAddress\",\"streetAddress\":\"san antonio 4, san antonio 4\",\"postalCode\":\"33430\",\"addressLocality\":\"Cand\\u00e1s\",\"addressRegion\":\"Asturias\",\"addressCountry\":\"ES\"}},{\"@type\":\"Person\",\"@id\":\"https:\\\/\\\/candas365.es\\\/noticias\\\/author\\\/admin\\\/#author\",\"url\":\"https:\\\/\\\/candas365.es\\\/noticias\\\/author\\\/admin\\\/\",\"name\":\"Cand\\u00e1s 365\",\"image\":{\"@type\":\"ImageObject\",\"@id\":\"https:\\\/\\\/candas365.es\\\/noticias\\\/buscan-270-contenedores-perdidos-en-el-mar-del-norte\\\/#authorImage\",\"url\":\"https:\\\/\\\/secure.gravatar.com\\\/avatar\\\/496a8e03d0c493ede1718b7934145dbdf8d89be1036b0eec9544e1094c9de390?s=96&d=mm&r=g\",\"width\":96,\"height\":96,\"caption\":\"Cand\\u00e1s 365\"},\"sameAs\":[\"https:\\\/\\\/www.facebook.com\\\/carrenoactualidad\",\"https:\\\/\\\/twitter.com\\\/nbasturias\",\"https:\\\/\\\/www.instagram.com\\\/nachofdezber\\\/\",\"https:\\\/\\\/www.youtube.com\\\/channel\\\/UCZP-2wLEB9Rv6erhFmqVnvg\"]},{\"@type\":\"WebPage\",\"@id\":\"https:\\\/\\\/candas365.es\\\/noticias\\\/buscan-270-contenedores-perdidos-en-el-mar-del-norte\\\/#webpage\",\"url\":\"https:\\\/\\\/candas365.es\\\/noticias\\\/buscan-270-contenedores-perdidos-en-el-mar-del-norte\\\/\",\"name\":\"Buscan 270 contenedores perdidos en el Mar del Norte | Cand\\u00e1s 365\",\"description\":\"Den Helder\\\/Bremerhaven, 3 ene (dpa) - Tras el accidente del buque carguero \\\"MSC Zoe\\\" en aguas del Mar del Norte, se espera que sigan llegando hoy a tierra algunos m\\u00e1s de los cerca de 270 contenedores perdidos por el barco, seg\\u00fan la oficina de coordinaci\\u00f3n de Cuxhaven (noroeste de Alemania) que interviene en el accidente,\",\"inLanguage\":\"es-ES\",\"isPartOf\":{\"@id\":\"https:\\\/\\\/candas365.es\\\/noticias\\\/#website\"},\"breadcrumb\":{\"@id\":\"https:\\\/\\\/candas365.es\\\/noticias\\\/buscan-270-contenedores-perdidos-en-el-mar-del-norte\\\/#breadcrumblist\"},\"author\":{\"@id\":\"https:\\\/\\\/candas365.es\\\/noticias\\\/author\\\/admin\\\/#author\"},\"creator\":{\"@id\":\"https:\\\/\\\/candas365.es\\\/noticias\\\/author\\\/admin\\\/#author\"},\"image\":{\"@type\":\"ImageObject\",\"url\":\"https:\\\/\\\/candas365.es\\\/noticias\\\/wp-content\\\/uploads\\\/2019\\\/01\\\/colors-1838392_960_720.jpg\",\"@id\":\"https:\\\/\\\/candas365.es\\\/noticias\\\/buscan-270-contenedores-perdidos-en-el-mar-del-norte\\\/#mainImage\",\"width\":960,\"height\":640},\"primaryImageOfPage\":{\"@id\":\"https:\\\/\\\/candas365.es\\\/noticias\\\/buscan-270-contenedores-perdidos-en-el-mar-del-norte\\\/#mainImage\"},\"datePublished\":\"2019-01-04T11:18:53+01:00\",\"dateModified\":\"2019-01-04T11:18:53+01:00\"},{\"@type\":\"WebSite\",\"@id\":\"https:\\\/\\\/candas365.es\\\/noticias\\\/#website\",\"url\":\"https:\\\/\\\/candas365.es\\\/noticias\\\/\",\"name\":\"Cand\\u00e1s 365\",\"alternateName\":\"Cand\\u00e1s 365 Noticias\",\"description\":\"Actualidad desde Carre\\u00f1o para el mundo\",\"inLanguage\":\"es-ES\",\"publisher\":{\"@id\":\"https:\\\/\\\/candas365.es\\\/noticias\\\/#organization\"}}]}\n\t\t<\/script>\n\t\t<!-- All in One SEO Pro -->\r\n\t\t<title>Buscan 270 contenedores perdidos en el Mar del Norte | Cand\u00e1s 365<\/title>\n\n","aioseo_head_json":{"title":"Buscan 270 contenedores perdidos en el Mar del Norte | Cand\u00e1s 365","description":"Den Helder\/Bremerhaven, 3 ene (dpa) - Tras el accidente del buque carguero \"MSC Zoe\" en aguas del Mar del Norte, se espera que sigan llegando hoy a tierra algunos m\u00e1s de los cerca de 270 contenedores perdidos por el barco, seg\u00fan la oficina de coordinaci\u00f3n de Cuxhaven (noroeste de Alemania) que interviene en el accidente,","canonical_url":"https:\/\/candas365.es\/noticias\/buscan-270-contenedores-perdidos-en-el-mar-del-norte\/","robots":"max-image-preview:large","keywords":"actualidad","webmasterTools":{"google-site-verification":"UA-32230408-1","msvalidate.01":"354F3CDFB2DA171B47FBE9ABF1F88D5","miscellaneous":""},"schema":{"@context":"https:\/\/schema.org","@graph":[{"@type":"BreadcrumbList","@id":"https:\/\/candas365.es\/noticias\/buscan-270-contenedores-perdidos-en-el-mar-del-norte\/#breadcrumblist","itemListElement":[{"@type":"ListItem","@id":"https:\/\/candas365.es\/noticias#listItem","position":1,"name":"Home","item":"https:\/\/candas365.es\/noticias","nextItem":{"@type":"ListItem","@id":"https:\/\/candas365.es\/noticias\/category\/actualidad\/#listItem","name":"Actualidad"}},{"@type":"ListItem","@id":"https:\/\/candas365.es\/noticias\/category\/actualidad\/#listItem","position":2,"name":"Actualidad","item":"https:\/\/candas365.es\/noticias\/category\/actualidad\/","nextItem":{"@type":"ListItem","@id":"https:\/\/candas365.es\/noticias\/buscan-270-contenedores-perdidos-en-el-mar-del-norte\/#listItem","name":"Buscan 270 contenedores perdidos en el Mar del Norte"},"previousItem":{"@type":"ListItem","@id":"https:\/\/candas365.es\/noticias#listItem","name":"Home"}},{"@type":"ListItem","@id":"https:\/\/candas365.es\/noticias\/buscan-270-contenedores-perdidos-en-el-mar-del-norte\/#listItem","position":3,"name":"Buscan 270 contenedores perdidos en el Mar del Norte","previousItem":{"@type":"ListItem","@id":"https:\/\/candas365.es\/noticias\/category\/actualidad\/#listItem","name":"Actualidad"}}]},{"@type":"NewsArticle","@id":"https:\/\/candas365.es\/noticias\/buscan-270-contenedores-perdidos-en-el-mar-del-norte\/#newsarticle","name":"Buscan 270 contenedores perdidos en el Mar del Norte | Cand\u00e1s 365","headline":"Buscan 270 contenedores perdidos en el Mar del Norte","author":{"@id":"https:\/\/candas365.es\/noticias\/author\/admin\/#author"},"publisher":{"@id":"https:\/\/candas365.es\/noticias\/#organization"},"image":{"@type":"ImageObject","url":"https:\/\/candas365.es\/noticias\/wp-content\/uploads\/2019\/01\/colors-1838392_960_720.jpg","width":960,"height":640},"datePublished":"2019-01-04T11:18:53+01:00","dateModified":"2019-01-04T11:18:53+01:00","inLanguage":"es-ES","mainEntityOfPage":{"@id":"https:\/\/candas365.es\/noticias\/buscan-270-contenedores-perdidos-en-el-mar-del-norte\/#webpage"},"isPartOf":{"@id":"https:\/\/candas365.es\/noticias\/buscan-270-contenedores-perdidos-en-el-mar-del-norte\/#webpage"},"articleSection":"Actualidad","dateline":"Publicado el enero 4, 2019."},{"@type":"Organization","@id":"https:\/\/candas365.es\/noticias\/#organization","name":"Cand\u00e1s 365","description":"Cand\u00e1s 365 es un diario digital independiente, fundado en 2012, con base en Asturias. Informamos con rigor sobre actualidad, sociedad, cultura y ocio, con una mirada local y global.","url":"https:\/\/candas365.es\/noticias\/","email":"info@candas365.es","telephone":"+34652131393","foundingDate":"2012-06-10","logo":{"@type":"ImageObject","url":"https:\/\/candas365.es\/noticias\/wp-content\/uploads\/2024\/09\/Candas-365-Redes.jpg","@id":"https:\/\/candas365.es\/noticias\/buscan-270-contenedores-perdidos-en-el-mar-del-norte\/#organizationLogo","width":1152,"height":864,"caption":"Cand\u00e1s 365 Redes"},"image":{"@id":"https:\/\/candas365.es\/noticias\/buscan-270-contenedores-perdidos-en-el-mar-del-norte\/#organizationLogo"},"sameAs":["https:\/\/www.facebook.com\/Nachofdezber","https:\/\/x.com\/NabercoDigital","https:\/\/www.instagram.com\/nachofdezber\/","https:\/\/www.youtube.com\/channel\/UCZP-2wLEB9Rv6erhFmqVnvg"],"address":{"@id":"https:\/\/candas365.es\/noticias\/#postaladdress","@type":"PostalAddress","streetAddress":"san antonio 4, san antonio 4","postalCode":"33430","addressLocality":"Cand\u00e1s","addressRegion":"Asturias","addressCountry":"ES"}},{"@type":"Person","@id":"https:\/\/candas365.es\/noticias\/author\/admin\/#author","url":"https:\/\/candas365.es\/noticias\/author\/admin\/","name":"Cand\u00e1s 365","image":{"@type":"ImageObject","@id":"https:\/\/candas365.es\/noticias\/buscan-270-contenedores-perdidos-en-el-mar-del-norte\/#authorImage","url":"https:\/\/secure.gravatar.com\/avatar\/496a8e03d0c493ede1718b7934145dbdf8d89be1036b0eec9544e1094c9de390?s=96&d=mm&r=g","width":96,"height":96,"caption":"Cand\u00e1s 365"},"sameAs":["https:\/\/www.facebook.com\/carrenoactualidad","https:\/\/twitter.com\/nbasturias","https:\/\/www.instagram.com\/nachofdezber\/","https:\/\/www.youtube.com\/channel\/UCZP-2wLEB9Rv6erhFmqVnvg"]},{"@type":"WebPage","@id":"https:\/\/candas365.es\/noticias\/buscan-270-contenedores-perdidos-en-el-mar-del-norte\/#webpage","url":"https:\/\/candas365.es\/noticias\/buscan-270-contenedores-perdidos-en-el-mar-del-norte\/","name":"Buscan 270 contenedores perdidos en el Mar del Norte | Cand\u00e1s 365","description":"Den Helder\/Bremerhaven, 3 ene (dpa) - Tras el accidente del buque carguero \"MSC Zoe\" en aguas del Mar del Norte, se espera que sigan llegando hoy a tierra algunos m\u00e1s de los cerca de 270 contenedores perdidos por el barco, seg\u00fan la oficina de coordinaci\u00f3n de Cuxhaven (noroeste de Alemania) que interviene en el accidente,","inLanguage":"es-ES","isPartOf":{"@id":"https:\/\/candas365.es\/noticias\/#website"},"breadcrumb":{"@id":"https:\/\/candas365.es\/noticias\/buscan-270-contenedores-perdidos-en-el-mar-del-norte\/#breadcrumblist"},"author":{"@id":"https:\/\/candas365.es\/noticias\/author\/admin\/#author"},"creator":{"@id":"https:\/\/candas365.es\/noticias\/author\/admin\/#author"},"image":{"@type":"ImageObject","url":"https:\/\/candas365.es\/noticias\/wp-content\/uploads\/2019\/01\/colors-1838392_960_720.jpg","@id":"https:\/\/candas365.es\/noticias\/buscan-270-contenedores-perdidos-en-el-mar-del-norte\/#mainImage","width":960,"height":640},"primaryImageOfPage":{"@id":"https:\/\/candas365.es\/noticias\/buscan-270-contenedores-perdidos-en-el-mar-del-norte\/#mainImage"},"datePublished":"2019-01-04T11:18:53+01:00","dateModified":"2019-01-04T11:18:53+01:00"},{"@type":"WebSite","@id":"https:\/\/candas365.es\/noticias\/#website","url":"https:\/\/candas365.es\/noticias\/","name":"Cand\u00e1s 365","alternateName":"Cand\u00e1s 365 Noticias","description":"Actualidad desde Carre\u00f1o para el mundo","inLanguage":"es-ES","publisher":{"@id":"https:\/\/candas365.es\/noticias\/#organization"}}]},"og:locale":"es_ES","og:site_name":"Cand\u00e1s 365","og:type":"article","og:title":"Buscan 270 contenedores perdidos en el Mar del Norte | Cand\u00e1s 365","og:description":"Den Helder\/Bremerhaven, 3 ene (dpa) - Tras el accidente del buque carguero &quot;MSC Zoe&quot; en aguas del Mar del Norte, se espera que sigan llegando hoy a tierra algunos m\u00e1s de los cerca de 270 contenedores perdidos por el barco, seg\u00fan la oficina de coordinaci\u00f3n de Cuxhaven (noroeste de Alemania) que interviene en el accidente,","og:url":"https:\/\/candas365.es\/noticias\/buscan-270-contenedores-perdidos-en-el-mar-del-norte\/","og:image":"https:\/\/candas365.es\/noticias\/wp-content\/uploads\/2019\/01\/colors-1838392_960_720.jpg","og:image:secure_url":"https:\/\/candas365.es\/noticias\/wp-content\/uploads\/2019\/01\/colors-1838392_960_720.jpg","og:image:width":960,"og:image:height":640,"article:published_time":"2019-01-04T11:18:53+00:00","article:modified_time":"2019-01-04T11:18:53+00:00","article:publisher":"https:\/\/www.facebook.com\/Nachofdezber","article:author":"https:\/\/www.facebook.com\/carrenoactualidad","twitter:card":"summary_large_image","twitter:site":"@NabercoDigital","twitter:title":"Buscan 270 contenedores perdidos en el Mar del Norte | Cand\u00e1s 365","twitter:description":"Den Helder\/Bremerhaven, 3 ene (dpa) - Tras el accidente del buque carguero &quot;MSC Zoe&quot; en aguas del Mar del Norte, se espera que sigan llegando hoy a tierra algunos m\u00e1s de los cerca de 270 contenedores perdidos por el barco, seg\u00fan la oficina de coordinaci\u00f3n de Cuxhaven (noroeste de Alemania) que interviene en el accidente,","twitter:creator":"@nbasturias","twitter:image":"https:\/\/candas365.es\/noticias\/wp-content\/uploads\/2019\/01\/colors-1838392_960_720.jpg","twitter:label1":"Escrito por","twitter:data1":"Cand\u00e1s 365","twitter:label2":"Tiempo de lectura estimado","twitter:data2":"1 minuto"},"aioseo_meta_data":{"post_id":"113342","title":null,"description":null,"keywords":null,"keyphrases":null,"primary_term":null,"canonical_url":null,"og_title":null,"og_description":null,"og_object_type":"default","og_image_type":"default","og_image_url":null,"og_image_width":null,"og_image_height":null,"og_image_custom_url":null,"og_image_custom_fields":null,"og_video":null,"og_custom_url":null,"og_article_section":null,"og_article_tags":null,"twitter_use_og":false,"twitter_card":"default","twitter_image_type":"default","twitter_image_url":null,"twitter_image_custom_url":null,"twitter_image_custom_fields":null,"twitter_title":null,"twitter_description":null,"schema":{"blockGraphs":[],"customGraphs":[],"default":{"data":{"Article":[],"Course":[],"Dataset":[],"FAQPage":[],"Movie":[],"Person":[],"Product":[],"ProductReview":[],"Car":[],"Recipe":[],"Service":[],"SoftwareApplication":[],"WebPage":[]},"graphName":"","isEnabled":true},"graphs":[],"defaultGraph":"","defaultPostTypeGraph":""},"schema_type":null,"schema_type_options":null,"pillar_content":false,"robots_default":true,"robots_noindex":false,"robots_noarchive":false,"robots_nosnippet":false,"robots_nofollow":false,"robots_noimageindex":false,"robots_noodp":false,"robots_notranslate":false,"robots_max_snippet":null,"robots_max_videopreview":null,"robots_max_imagepreview":"large","priority":null,"frequency":null,"location":null,"local_seo":null,"seo_analyzer_scan_date":"2025-08-28 21:06:26","breadcrumb_settings":null,"limit_modified_date":false,"reviewed_by":null,"open_ai":null,"ai":null,"created":"2020-12-21 11:28:55","updated":"2025-08-28 21:06:26"},"aioseo_breadcrumb":"<div class=\"aioseo-breadcrumbs\"><span class=\"aioseo-breadcrumb\">\n\t<a href=\"https:\/\/candas365.es\/noticias\" title=\"Home\">Home<\/a>\n<\/span><span class=\"aioseo-breadcrumb-separator\">&ndash;<\/span><span class=\"aioseo-breadcrumb\">\n\t<a href=\"https:\/\/candas365.es\/noticias\/category\/actualidad\/\" title=\"Actualidad\">Actualidad<\/a>\n<\/span><span class=\"aioseo-breadcrumb-separator\">&ndash;<\/span><span class=\"aioseo-breadcrumb\">\n\tBuscan 270 contenedores perdidos en el Mar del Norte\n<\/span><\/div>","aioseo_breadcrumb_json":[{"label":"Home","link":"https:\/\/candas365.es\/noticias"},{"label":"Actualidad","link":"https:\/\/candas365.es\/noticias\/category\/actualidad\/"},{"label":"Buscan 270 contenedores perdidos en el Mar del Norte","link":"https:\/\/candas365.es\/noticias\/buscan-270-contenedores-perdidos-en-el-mar-del-norte\/"}],"_links":{"self":[{"href":"https:\/\/candas365.es\/noticias\/wp-json\/wp\/v2\/posts\/113342","targetHints":{"allow":["GET"]}}],"collection":[{"href":"https:\/\/candas365.es\/noticias\/wp-json\/wp\/v2\/posts"}],"about":[{"href":"https:\/\/candas365.es\/noticias\/wp-json\/wp\/v2\/types\/post"}],"author":[{"embeddable":true,"href":"https:\/\/candas365.es\/noticias\/wp-json\/wp\/v2\/users\/1"}],"replies":[{"embeddable":true,"href":"https:\/\/candas365.es\/noticias\/wp-json\/wp\/v2\/comments?post=113342"}],"version-history":[{"count":0,"href":"https:\/\/candas365.es\/noticias\/wp-json\/wp\/v2\/posts\/113342\/revisions"}],"wp:featuredmedia":[{"embeddable":true,"href":"https:\/\/candas365.es\/noticias\/wp-json\/wp\/v2\/media\/113343"}],"wp:attachment":[{"href":"https:\/\/candas365.es\/noticias\/wp-json\/wp\/v2\/media?parent=113342"}],"wp:term":[{"taxonomy":"category","embeddable":true,"href":"https:\/\/candas365.es\/noticias\/wp-json\/wp\/v2\/categories?post=113342"},{"taxonomy":"post_tag","embeddable":true,"href":"https:\/\/candas365.es\/noticias\/wp-json\/wp\/v2\/tags?post=113342"}],"curies":[{"name":"wp","href":"https:\/\/api.w.org\/{rel}","templated":true}]}}