{"id":113339,"date":"2019-01-04T11:15:41","date_gmt":"2019-01-04T11:15:41","guid":{"rendered":"http:\/\/candas365.es\/noticias\/?p=113339"},"modified":"2019-01-04T11:15:41","modified_gmt":"2019-01-04T11:15:41","slug":"el-wolfsburgo-viaja-a-portugal-sin-el-lesionado-ignacio-camacho","status":"publish","type":"post","link":"https:\/\/candas365.es\/noticias\/el-wolfsburgo-viaja-a-portugal-sin-el-lesionado-ignacio-camacho\/","title":{"rendered":"El Wolfsburgo viaja a Portugal sin el lesionado Ignacio Camacho"},"content":{"rendered":"<p><img fetchpriority=\"high\" decoding=\"async\" class=\"alignleft size-medium wp-image-113340\" src=\"https:\/\/candas365.es\/noticias\/wp-content\/uploads\/2019\/01\/stadium-1392179_960_720-360x203.jpg\" alt=\"\" width=\"360\" height=\"203\" srcset=\"https:\/\/candas365.es\/noticias\/wp-content\/uploads\/2019\/01\/stadium-1392179_960_720-360x203.jpg 360w, https:\/\/candas365.es\/noticias\/wp-content\/uploads\/2019\/01\/stadium-1392179_960_720-768x432.jpg 768w, https:\/\/candas365.es\/noticias\/wp-content\/uploads\/2019\/01\/stadium-1392179_960_720-655x368.jpg 655w, https:\/\/candas365.es\/noticias\/wp-content\/uploads\/2019\/01\/stadium-1392179_960_720-696x392.jpg 696w, https:\/\/candas365.es\/noticias\/wp-content\/uploads\/2019\/01\/stadium-1392179_960_720-747x420.jpg 747w, https:\/\/candas365.es\/noticias\/wp-content\/uploads\/2019\/01\/stadium-1392179_960_720.jpg 960w\" sizes=\"(max-width: 360px) 100vw, 360px\" \/>Wolfsburgo (Alemania), 3 ene (dpa) &#8211; El Wolfsburgo no podr\u00e1 contar en su concentraci\u00f3n invernal (boreal) de Portugal con el centrocampista espa\u00f1ol Ignacio Camacho, ya que el jugador de 28 a\u00f1os contin\u00faa con el proceso de rehabilitaci\u00f3n en su pa\u00eds despu\u00e9s de haber sido operado en el tobillo en oto\u00f1o, confirm\u00f3 el club alem\u00e1n tras una nota aparecida en el portal de Internet \u00abSport Buzzer\u00bb.<\/p>\n<p>El Wolfsburgo vuela hoy a Portugal donde permanecer\u00e1 durante diez d\u00edas en la localidad de Almancil para preparar la segunda vuelta de la Bundesliga.<\/p>\n<p>La cantidad de jugadores que participar\u00e1n en estas sesiones de entrenamiento se decidir\u00e1 con poca antelaci\u00f3n ya que el Wolfsburgo quiere reducir su plantel en el actual mercado invernal de fichajes.<\/p>\n<p>El internacional polaco Jakub Blaszczykowski est\u00e1, por ejemplo, a punto de fichar por el Wisla Cracovia de su pa\u00eds. Tambi\u00e9n se espera que Paul-Georges Ntep, Jeffrey Bruma, Paul Seguin y Marvin Stefaniak abandonen el club del norte de Alemania.<\/p>\n","protected":false},"excerpt":{"rendered":"<p>Wolfsburgo (Alemania), 3 ene (dpa) &#8211; El Wolfsburgo no podr\u00e1 contar en su concentraci\u00f3n invernal (boreal) de Portugal con el centrocampista espa\u00f1ol Ignacio Camacho, ya que el jugador de 28 a\u00f1os contin\u00faa con el proceso de rehabilitaci\u00f3n en su pa\u00eds despu\u00e9s de haber sido operado en el tobillo en oto\u00f1o, confirm\u00f3 el club alem\u00e1n tras<\/p>\n","protected":false},"author":1,"featured_media":113340,"comment_status":"closed","ping_status":"closed","sticky":false,"template":"","format":"standard","meta":{"footnotes":""},"categories":[319],"tags":[],"class_list":{"0":"post-113339","1":"post","2":"type-post","3":"status-publish","4":"format-standard","5":"has-post-thumbnail","7":"category-deporte"},"aioseo_notices":[],"aioseo_head":"\n\t\t<!-- All in One SEO Pro 4.9.6.2 - aioseo.com -->\n\t<meta name=\"description\" content=\"Wolfsburgo (Alemania), 3 ene (dpa) - El Wolfsburgo no podr\u00e1 contar en su concentraci\u00f3n invernal (boreal) de Portugal con el centrocampista espa\u00f1ol Ignacio Camacho, ya que el jugador de 28 a\u00f1os contin\u00faa con el proceso de rehabilitaci\u00f3n en su pa\u00eds despu\u00e9s de haber sido operado en el tobillo en oto\u00f1o, confirm\u00f3 el club alem\u00e1n tras\" \/>\n\t<meta name=\"robots\" content=\"max-image-preview:large\" \/>\n\t<meta name=\"author\" content=\"Cand\u00e1s 365\"\/>\n\t<meta name=\"google-site-verification\" content=\"UA-32230408-1\" \/>\n\t<meta name=\"msvalidate.01\" content=\"354F3CDFB2DA171B47FBE9ABF1F88D5\" \/>\n\t<meta name=\"keywords\" content=\"deporte\" \/>\n\t<link rel=\"canonical\" href=\"https:\/\/candas365.es\/noticias\/el-wolfsburgo-viaja-a-portugal-sin-el-lesionado-ignacio-camacho\/\" \/>\n\t<meta name=\"generator\" content=\"All in One SEO Pro (AIOSEO) 4.9.6.2\" \/>\n\t\t<meta property=\"og:locale\" content=\"es_ES\" \/>\n\t\t<meta property=\"og:site_name\" content=\"Cand\u00e1s 365\" \/>\n\t\t<meta property=\"og:type\" content=\"article\" \/>\n\t\t<meta property=\"og:title\" content=\"El Wolfsburgo viaja a Portugal sin el lesionado Ignacio Camacho | Cand\u00e1s 365\" \/>\n\t\t<meta property=\"og:description\" content=\"Wolfsburgo (Alemania), 3 ene (dpa) - El Wolfsburgo no podr\u00e1 contar en su concentraci\u00f3n invernal (boreal) de Portugal con el centrocampista espa\u00f1ol Ignacio Camacho, ya que el jugador de 28 a\u00f1os contin\u00faa con el proceso de rehabilitaci\u00f3n en su pa\u00eds despu\u00e9s de haber sido operado en el tobillo en oto\u00f1o, confirm\u00f3 el club alem\u00e1n tras\" \/>\n\t\t<meta property=\"og:url\" content=\"https:\/\/candas365.es\/noticias\/el-wolfsburgo-viaja-a-portugal-sin-el-lesionado-ignacio-camacho\/\" \/>\n\t\t<meta property=\"og:image\" content=\"https:\/\/candas365.es\/noticias\/wp-content\/uploads\/2019\/01\/stadium-1392179_960_720.jpg\" \/>\n\t\t<meta property=\"og:image:secure_url\" content=\"https:\/\/candas365.es\/noticias\/wp-content\/uploads\/2019\/01\/stadium-1392179_960_720.jpg\" \/>\n\t\t<meta property=\"og:image:width\" content=\"960\" \/>\n\t\t<meta property=\"og:image:height\" content=\"540\" \/>\n\t\t<meta property=\"article:published_time\" content=\"2019-01-04T11:15:41+00:00\" \/>\n\t\t<meta property=\"article:modified_time\" content=\"2019-01-04T11:15:41+00:00\" \/>\n\t\t<meta property=\"article:publisher\" content=\"https:\/\/www.facebook.com\/Nachofdezber\" \/>\n\t\t<meta property=\"article:author\" content=\"https:\/\/www.facebook.com\/carrenoactualidad\" \/>\n\t\t<meta name=\"twitter:card\" content=\"summary_large_image\" \/>\n\t\t<meta name=\"twitter:site\" content=\"@NabercoDigital\" \/>\n\t\t<meta name=\"twitter:title\" content=\"El Wolfsburgo viaja a Portugal sin el lesionado Ignacio Camacho | Cand\u00e1s 365\" \/>\n\t\t<meta name=\"twitter:description\" content=\"Wolfsburgo (Alemania), 3 ene (dpa) - El Wolfsburgo no podr\u00e1 contar en su concentraci\u00f3n invernal (boreal) de Portugal con el centrocampista espa\u00f1ol Ignacio Camacho, ya que el jugador de 28 a\u00f1os contin\u00faa con el proceso de rehabilitaci\u00f3n en su pa\u00eds despu\u00e9s de haber sido operado en el tobillo en oto\u00f1o, confirm\u00f3 el club alem\u00e1n tras\" \/>\n\t\t<meta name=\"twitter:creator\" content=\"@nbasturias\" \/>\n\t\t<meta name=\"twitter:image\" content=\"https:\/\/candas365.es\/noticias\/wp-content\/uploads\/2019\/01\/stadium-1392179_960_720.jpg\" \/>\n\t\t<meta name=\"twitter:label1\" content=\"Escrito por\" \/>\n\t\t<meta name=\"twitter:data1\" content=\"Cand\u00e1s 365\" \/>\n\t\t<meta name=\"twitter:label2\" content=\"Tiempo de lectura estimado\" \/>\n\t\t<meta name=\"twitter:data2\" content=\"1 minuto\" \/>\n\t\t<script type=\"application\/ld+json\" class=\"aioseo-schema\">\n\t\t\t{\"@context\":\"https:\\\/\\\/schema.org\",\"@graph\":[{\"@type\":\"BreadcrumbList\",\"@id\":\"https:\\\/\\\/candas365.es\\\/noticias\\\/el-wolfsburgo-viaja-a-portugal-sin-el-lesionado-ignacio-camacho\\\/#breadcrumblist\",\"itemListElement\":[{\"@type\":\"ListItem\",\"@id\":\"https:\\\/\\\/candas365.es\\\/noticias#listItem\",\"position\":1,\"name\":\"Home\",\"item\":\"https:\\\/\\\/candas365.es\\\/noticias\",\"nextItem\":{\"@type\":\"ListItem\",\"@id\":\"https:\\\/\\\/candas365.es\\\/noticias\\\/category\\\/deporte\\\/#listItem\",\"name\":\"Deporte\"}},{\"@type\":\"ListItem\",\"@id\":\"https:\\\/\\\/candas365.es\\\/noticias\\\/category\\\/deporte\\\/#listItem\",\"position\":2,\"name\":\"Deporte\",\"item\":\"https:\\\/\\\/candas365.es\\\/noticias\\\/category\\\/deporte\\\/\",\"nextItem\":{\"@type\":\"ListItem\",\"@id\":\"https:\\\/\\\/candas365.es\\\/noticias\\\/el-wolfsburgo-viaja-a-portugal-sin-el-lesionado-ignacio-camacho\\\/#listItem\",\"name\":\"El Wolfsburgo viaja a Portugal sin el lesionado Ignacio Camacho\"},\"previousItem\":{\"@type\":\"ListItem\",\"@id\":\"https:\\\/\\\/candas365.es\\\/noticias#listItem\",\"name\":\"Home\"}},{\"@type\":\"ListItem\",\"@id\":\"https:\\\/\\\/candas365.es\\\/noticias\\\/el-wolfsburgo-viaja-a-portugal-sin-el-lesionado-ignacio-camacho\\\/#listItem\",\"position\":3,\"name\":\"El Wolfsburgo viaja a Portugal sin el lesionado Ignacio Camacho\",\"previousItem\":{\"@type\":\"ListItem\",\"@id\":\"https:\\\/\\\/candas365.es\\\/noticias\\\/category\\\/deporte\\\/#listItem\",\"name\":\"Deporte\"}}]},{\"@type\":\"NewsArticle\",\"@id\":\"https:\\\/\\\/candas365.es\\\/noticias\\\/el-wolfsburgo-viaja-a-portugal-sin-el-lesionado-ignacio-camacho\\\/#newsarticle\",\"name\":\"El Wolfsburgo viaja a Portugal sin el lesionado Ignacio Camacho | Cand\\u00e1s 365\",\"headline\":\"El Wolfsburgo viaja a Portugal sin el lesionado Ignacio Camacho\",\"author\":{\"@id\":\"https:\\\/\\\/candas365.es\\\/noticias\\\/author\\\/admin\\\/#author\"},\"publisher\":{\"@id\":\"https:\\\/\\\/candas365.es\\\/noticias\\\/#organization\"},\"image\":{\"@type\":\"ImageObject\",\"url\":\"https:\\\/\\\/candas365.es\\\/noticias\\\/wp-content\\\/uploads\\\/2019\\\/01\\\/stadium-1392179_960_720.jpg\",\"width\":960,\"height\":540},\"datePublished\":\"2019-01-04T11:15:41+01:00\",\"dateModified\":\"2019-01-04T11:15:41+01:00\",\"inLanguage\":\"es-ES\",\"mainEntityOfPage\":{\"@id\":\"https:\\\/\\\/candas365.es\\\/noticias\\\/el-wolfsburgo-viaja-a-portugal-sin-el-lesionado-ignacio-camacho\\\/#webpage\"},\"isPartOf\":{\"@id\":\"https:\\\/\\\/candas365.es\\\/noticias\\\/el-wolfsburgo-viaja-a-portugal-sin-el-lesionado-ignacio-camacho\\\/#webpage\"},\"articleSection\":\"Deporte\",\"dateline\":\"Publicado el enero 4, 2019.\"},{\"@type\":\"Organization\",\"@id\":\"https:\\\/\\\/candas365.es\\\/noticias\\\/#organization\",\"name\":\"Cand\\u00e1s 365\",\"description\":\"Cand\\u00e1s 365 es un diario digital independiente, fundado en 2012, con base en Asturias. Informamos con rigor sobre actualidad, sociedad, cultura y ocio, con una mirada local y global.\",\"url\":\"https:\\\/\\\/candas365.es\\\/noticias\\\/\",\"email\":\"info@candas365.es\",\"telephone\":\"+34652131393\",\"foundingDate\":\"2012-06-10\",\"logo\":{\"@type\":\"ImageObject\",\"url\":\"https:\\\/\\\/candas365.es\\\/noticias\\\/wp-content\\\/uploads\\\/2024\\\/09\\\/Candas-365-Redes.jpg\",\"@id\":\"https:\\\/\\\/candas365.es\\\/noticias\\\/el-wolfsburgo-viaja-a-portugal-sin-el-lesionado-ignacio-camacho\\\/#organizationLogo\",\"width\":1152,\"height\":864,\"caption\":\"Cand\\u00e1s 365 Redes\"},\"image\":{\"@id\":\"https:\\\/\\\/candas365.es\\\/noticias\\\/el-wolfsburgo-viaja-a-portugal-sin-el-lesionado-ignacio-camacho\\\/#organizationLogo\"},\"sameAs\":[\"https:\\\/\\\/www.facebook.com\\\/Nachofdezber\",\"https:\\\/\\\/x.com\\\/NabercoDigital\",\"https:\\\/\\\/www.instagram.com\\\/nachofdezber\\\/\",\"https:\\\/\\\/www.youtube.com\\\/channel\\\/UCZP-2wLEB9Rv6erhFmqVnvg\"],\"address\":{\"@id\":\"https:\\\/\\\/candas365.es\\\/noticias\\\/#postaladdress\",\"@type\":\"PostalAddress\",\"streetAddress\":\"san antonio 4, san antonio 4\",\"postalCode\":\"33430\",\"addressLocality\":\"Cand\\u00e1s\",\"addressRegion\":\"Asturias\",\"addressCountry\":\"ES\"}},{\"@type\":\"Person\",\"@id\":\"https:\\\/\\\/candas365.es\\\/noticias\\\/author\\\/admin\\\/#author\",\"url\":\"https:\\\/\\\/candas365.es\\\/noticias\\\/author\\\/admin\\\/\",\"name\":\"Cand\\u00e1s 365\",\"image\":{\"@type\":\"ImageObject\",\"@id\":\"https:\\\/\\\/candas365.es\\\/noticias\\\/el-wolfsburgo-viaja-a-portugal-sin-el-lesionado-ignacio-camacho\\\/#authorImage\",\"url\":\"https:\\\/\\\/secure.gravatar.com\\\/avatar\\\/496a8e03d0c493ede1718b7934145dbdf8d89be1036b0eec9544e1094c9de390?s=96&d=mm&r=g\",\"width\":96,\"height\":96,\"caption\":\"Cand\\u00e1s 365\"},\"sameAs\":[\"https:\\\/\\\/www.facebook.com\\\/carrenoactualidad\",\"https:\\\/\\\/twitter.com\\\/nbasturias\",\"https:\\\/\\\/www.instagram.com\\\/nachofdezber\\\/\",\"https:\\\/\\\/www.youtube.com\\\/channel\\\/UCZP-2wLEB9Rv6erhFmqVnvg\"]},{\"@type\":\"WebPage\",\"@id\":\"https:\\\/\\\/candas365.es\\\/noticias\\\/el-wolfsburgo-viaja-a-portugal-sin-el-lesionado-ignacio-camacho\\\/#webpage\",\"url\":\"https:\\\/\\\/candas365.es\\\/noticias\\\/el-wolfsburgo-viaja-a-portugal-sin-el-lesionado-ignacio-camacho\\\/\",\"name\":\"El Wolfsburgo viaja a Portugal sin el lesionado Ignacio Camacho | Cand\\u00e1s 365\",\"description\":\"Wolfsburgo (Alemania), 3 ene (dpa) - El Wolfsburgo no podr\\u00e1 contar en su concentraci\\u00f3n invernal (boreal) de Portugal con el centrocampista espa\\u00f1ol Ignacio Camacho, ya que el jugador de 28 a\\u00f1os contin\\u00faa con el proceso de rehabilitaci\\u00f3n en su pa\\u00eds despu\\u00e9s de haber sido operado en el tobillo en oto\\u00f1o, confirm\\u00f3 el club alem\\u00e1n tras\",\"inLanguage\":\"es-ES\",\"isPartOf\":{\"@id\":\"https:\\\/\\\/candas365.es\\\/noticias\\\/#website\"},\"breadcrumb\":{\"@id\":\"https:\\\/\\\/candas365.es\\\/noticias\\\/el-wolfsburgo-viaja-a-portugal-sin-el-lesionado-ignacio-camacho\\\/#breadcrumblist\"},\"author\":{\"@id\":\"https:\\\/\\\/candas365.es\\\/noticias\\\/author\\\/admin\\\/#author\"},\"creator\":{\"@id\":\"https:\\\/\\\/candas365.es\\\/noticias\\\/author\\\/admin\\\/#author\"},\"image\":{\"@type\":\"ImageObject\",\"url\":\"https:\\\/\\\/candas365.es\\\/noticias\\\/wp-content\\\/uploads\\\/2019\\\/01\\\/stadium-1392179_960_720.jpg\",\"@id\":\"https:\\\/\\\/candas365.es\\\/noticias\\\/el-wolfsburgo-viaja-a-portugal-sin-el-lesionado-ignacio-camacho\\\/#mainImage\",\"width\":960,\"height\":540},\"primaryImageOfPage\":{\"@id\":\"https:\\\/\\\/candas365.es\\\/noticias\\\/el-wolfsburgo-viaja-a-portugal-sin-el-lesionado-ignacio-camacho\\\/#mainImage\"},\"datePublished\":\"2019-01-04T11:15:41+01:00\",\"dateModified\":\"2019-01-04T11:15:41+01:00\"},{\"@type\":\"WebSite\",\"@id\":\"https:\\\/\\\/candas365.es\\\/noticias\\\/#website\",\"url\":\"https:\\\/\\\/candas365.es\\\/noticias\\\/\",\"name\":\"Cand\\u00e1s 365\",\"alternateName\":\"Cand\\u00e1s 365 Noticias\",\"description\":\"Actualidad desde Carre\\u00f1o para el mundo\",\"inLanguage\":\"es-ES\",\"publisher\":{\"@id\":\"https:\\\/\\\/candas365.es\\\/noticias\\\/#organization\"}}]}\n\t\t<\/script>\n\t\t<!-- All in One SEO Pro -->\r\n\t\t<title>El Wolfsburgo viaja a Portugal sin el lesionado Ignacio Camacho | Cand\u00e1s 365<\/title>\n\n","aioseo_head_json":{"title":"El Wolfsburgo viaja a Portugal sin el lesionado Ignacio Camacho | Cand\u00e1s 365","description":"Wolfsburgo (Alemania), 3 ene (dpa) - El Wolfsburgo no podr\u00e1 contar en su concentraci\u00f3n invernal (boreal) de Portugal con el centrocampista espa\u00f1ol Ignacio Camacho, ya que el jugador de 28 a\u00f1os contin\u00faa con el proceso de rehabilitaci\u00f3n en su pa\u00eds despu\u00e9s de haber sido operado en el tobillo en oto\u00f1o, confirm\u00f3 el club alem\u00e1n tras","canonical_url":"https:\/\/candas365.es\/noticias\/el-wolfsburgo-viaja-a-portugal-sin-el-lesionado-ignacio-camacho\/","robots":"max-image-preview:large","keywords":"deporte","webmasterTools":{"google-site-verification":"UA-32230408-1","msvalidate.01":"354F3CDFB2DA171B47FBE9ABF1F88D5","miscellaneous":""},"schema":{"@context":"https:\/\/schema.org","@graph":[{"@type":"BreadcrumbList","@id":"https:\/\/candas365.es\/noticias\/el-wolfsburgo-viaja-a-portugal-sin-el-lesionado-ignacio-camacho\/#breadcrumblist","itemListElement":[{"@type":"ListItem","@id":"https:\/\/candas365.es\/noticias#listItem","position":1,"name":"Home","item":"https:\/\/candas365.es\/noticias","nextItem":{"@type":"ListItem","@id":"https:\/\/candas365.es\/noticias\/category\/deporte\/#listItem","name":"Deporte"}},{"@type":"ListItem","@id":"https:\/\/candas365.es\/noticias\/category\/deporte\/#listItem","position":2,"name":"Deporte","item":"https:\/\/candas365.es\/noticias\/category\/deporte\/","nextItem":{"@type":"ListItem","@id":"https:\/\/candas365.es\/noticias\/el-wolfsburgo-viaja-a-portugal-sin-el-lesionado-ignacio-camacho\/#listItem","name":"El Wolfsburgo viaja a Portugal sin el lesionado Ignacio Camacho"},"previousItem":{"@type":"ListItem","@id":"https:\/\/candas365.es\/noticias#listItem","name":"Home"}},{"@type":"ListItem","@id":"https:\/\/candas365.es\/noticias\/el-wolfsburgo-viaja-a-portugal-sin-el-lesionado-ignacio-camacho\/#listItem","position":3,"name":"El Wolfsburgo viaja a Portugal sin el lesionado Ignacio Camacho","previousItem":{"@type":"ListItem","@id":"https:\/\/candas365.es\/noticias\/category\/deporte\/#listItem","name":"Deporte"}}]},{"@type":"NewsArticle","@id":"https:\/\/candas365.es\/noticias\/el-wolfsburgo-viaja-a-portugal-sin-el-lesionado-ignacio-camacho\/#newsarticle","name":"El Wolfsburgo viaja a Portugal sin el lesionado Ignacio Camacho | Cand\u00e1s 365","headline":"El Wolfsburgo viaja a Portugal sin el lesionado Ignacio Camacho","author":{"@id":"https:\/\/candas365.es\/noticias\/author\/admin\/#author"},"publisher":{"@id":"https:\/\/candas365.es\/noticias\/#organization"},"image":{"@type":"ImageObject","url":"https:\/\/candas365.es\/noticias\/wp-content\/uploads\/2019\/01\/stadium-1392179_960_720.jpg","width":960,"height":540},"datePublished":"2019-01-04T11:15:41+01:00","dateModified":"2019-01-04T11:15:41+01:00","inLanguage":"es-ES","mainEntityOfPage":{"@id":"https:\/\/candas365.es\/noticias\/el-wolfsburgo-viaja-a-portugal-sin-el-lesionado-ignacio-camacho\/#webpage"},"isPartOf":{"@id":"https:\/\/candas365.es\/noticias\/el-wolfsburgo-viaja-a-portugal-sin-el-lesionado-ignacio-camacho\/#webpage"},"articleSection":"Deporte","dateline":"Publicado el enero 4, 2019."},{"@type":"Organization","@id":"https:\/\/candas365.es\/noticias\/#organization","name":"Cand\u00e1s 365","description":"Cand\u00e1s 365 es un diario digital independiente, fundado en 2012, con base en Asturias. Informamos con rigor sobre actualidad, sociedad, cultura y ocio, con una mirada local y global.","url":"https:\/\/candas365.es\/noticias\/","email":"info@candas365.es","telephone":"+34652131393","foundingDate":"2012-06-10","logo":{"@type":"ImageObject","url":"https:\/\/candas365.es\/noticias\/wp-content\/uploads\/2024\/09\/Candas-365-Redes.jpg","@id":"https:\/\/candas365.es\/noticias\/el-wolfsburgo-viaja-a-portugal-sin-el-lesionado-ignacio-camacho\/#organizationLogo","width":1152,"height":864,"caption":"Cand\u00e1s 365 Redes"},"image":{"@id":"https:\/\/candas365.es\/noticias\/el-wolfsburgo-viaja-a-portugal-sin-el-lesionado-ignacio-camacho\/#organizationLogo"},"sameAs":["https:\/\/www.facebook.com\/Nachofdezber","https:\/\/x.com\/NabercoDigital","https:\/\/www.instagram.com\/nachofdezber\/","https:\/\/www.youtube.com\/channel\/UCZP-2wLEB9Rv6erhFmqVnvg"],"address":{"@id":"https:\/\/candas365.es\/noticias\/#postaladdress","@type":"PostalAddress","streetAddress":"san antonio 4, san antonio 4","postalCode":"33430","addressLocality":"Cand\u00e1s","addressRegion":"Asturias","addressCountry":"ES"}},{"@type":"Person","@id":"https:\/\/candas365.es\/noticias\/author\/admin\/#author","url":"https:\/\/candas365.es\/noticias\/author\/admin\/","name":"Cand\u00e1s 365","image":{"@type":"ImageObject","@id":"https:\/\/candas365.es\/noticias\/el-wolfsburgo-viaja-a-portugal-sin-el-lesionado-ignacio-camacho\/#authorImage","url":"https:\/\/secure.gravatar.com\/avatar\/496a8e03d0c493ede1718b7934145dbdf8d89be1036b0eec9544e1094c9de390?s=96&d=mm&r=g","width":96,"height":96,"caption":"Cand\u00e1s 365"},"sameAs":["https:\/\/www.facebook.com\/carrenoactualidad","https:\/\/twitter.com\/nbasturias","https:\/\/www.instagram.com\/nachofdezber\/","https:\/\/www.youtube.com\/channel\/UCZP-2wLEB9Rv6erhFmqVnvg"]},{"@type":"WebPage","@id":"https:\/\/candas365.es\/noticias\/el-wolfsburgo-viaja-a-portugal-sin-el-lesionado-ignacio-camacho\/#webpage","url":"https:\/\/candas365.es\/noticias\/el-wolfsburgo-viaja-a-portugal-sin-el-lesionado-ignacio-camacho\/","name":"El Wolfsburgo viaja a Portugal sin el lesionado Ignacio Camacho | Cand\u00e1s 365","description":"Wolfsburgo (Alemania), 3 ene (dpa) - El Wolfsburgo no podr\u00e1 contar en su concentraci\u00f3n invernal (boreal) de Portugal con el centrocampista espa\u00f1ol Ignacio Camacho, ya que el jugador de 28 a\u00f1os contin\u00faa con el proceso de rehabilitaci\u00f3n en su pa\u00eds despu\u00e9s de haber sido operado en el tobillo en oto\u00f1o, confirm\u00f3 el club alem\u00e1n tras","inLanguage":"es-ES","isPartOf":{"@id":"https:\/\/candas365.es\/noticias\/#website"},"breadcrumb":{"@id":"https:\/\/candas365.es\/noticias\/el-wolfsburgo-viaja-a-portugal-sin-el-lesionado-ignacio-camacho\/#breadcrumblist"},"author":{"@id":"https:\/\/candas365.es\/noticias\/author\/admin\/#author"},"creator":{"@id":"https:\/\/candas365.es\/noticias\/author\/admin\/#author"},"image":{"@type":"ImageObject","url":"https:\/\/candas365.es\/noticias\/wp-content\/uploads\/2019\/01\/stadium-1392179_960_720.jpg","@id":"https:\/\/candas365.es\/noticias\/el-wolfsburgo-viaja-a-portugal-sin-el-lesionado-ignacio-camacho\/#mainImage","width":960,"height":540},"primaryImageOfPage":{"@id":"https:\/\/candas365.es\/noticias\/el-wolfsburgo-viaja-a-portugal-sin-el-lesionado-ignacio-camacho\/#mainImage"},"datePublished":"2019-01-04T11:15:41+01:00","dateModified":"2019-01-04T11:15:41+01:00"},{"@type":"WebSite","@id":"https:\/\/candas365.es\/noticias\/#website","url":"https:\/\/candas365.es\/noticias\/","name":"Cand\u00e1s 365","alternateName":"Cand\u00e1s 365 Noticias","description":"Actualidad desde Carre\u00f1o para el mundo","inLanguage":"es-ES","publisher":{"@id":"https:\/\/candas365.es\/noticias\/#organization"}}]},"og:locale":"es_ES","og:site_name":"Cand\u00e1s 365","og:type":"article","og:title":"El Wolfsburgo viaja a Portugal sin el lesionado Ignacio Camacho | Cand\u00e1s 365","og:description":"Wolfsburgo (Alemania), 3 ene (dpa) - El Wolfsburgo no podr\u00e1 contar en su concentraci\u00f3n invernal (boreal) de Portugal con el centrocampista espa\u00f1ol Ignacio Camacho, ya que el jugador de 28 a\u00f1os contin\u00faa con el proceso de rehabilitaci\u00f3n en su pa\u00eds despu\u00e9s de haber sido operado en el tobillo en oto\u00f1o, confirm\u00f3 el club alem\u00e1n tras","og:url":"https:\/\/candas365.es\/noticias\/el-wolfsburgo-viaja-a-portugal-sin-el-lesionado-ignacio-camacho\/","og:image":"https:\/\/candas365.es\/noticias\/wp-content\/uploads\/2019\/01\/stadium-1392179_960_720.jpg","og:image:secure_url":"https:\/\/candas365.es\/noticias\/wp-content\/uploads\/2019\/01\/stadium-1392179_960_720.jpg","og:image:width":960,"og:image:height":540,"article:published_time":"2019-01-04T11:15:41+00:00","article:modified_time":"2019-01-04T11:15:41+00:00","article:publisher":"https:\/\/www.facebook.com\/Nachofdezber","article:author":"https:\/\/www.facebook.com\/carrenoactualidad","twitter:card":"summary_large_image","twitter:site":"@NabercoDigital","twitter:title":"El Wolfsburgo viaja a Portugal sin el lesionado Ignacio Camacho | Cand\u00e1s 365","twitter:description":"Wolfsburgo (Alemania), 3 ene (dpa) - El Wolfsburgo no podr\u00e1 contar en su concentraci\u00f3n invernal (boreal) de Portugal con el centrocampista espa\u00f1ol Ignacio Camacho, ya que el jugador de 28 a\u00f1os contin\u00faa con el proceso de rehabilitaci\u00f3n en su pa\u00eds despu\u00e9s de haber sido operado en el tobillo en oto\u00f1o, confirm\u00f3 el club alem\u00e1n tras","twitter:creator":"@nbasturias","twitter:image":"https:\/\/candas365.es\/noticias\/wp-content\/uploads\/2019\/01\/stadium-1392179_960_720.jpg","twitter:label1":"Escrito por","twitter:data1":"Cand\u00e1s 365","twitter:label2":"Tiempo de lectura estimado","twitter:data2":"1 minuto"},"aioseo_meta_data":{"post_id":"113339","title":null,"description":null,"keywords":null,"keyphrases":null,"primary_term":null,"canonical_url":null,"og_title":null,"og_description":null,"og_object_type":"default","og_image_type":"default","og_image_url":null,"og_image_width":null,"og_image_height":null,"og_image_custom_url":null,"og_image_custom_fields":null,"og_video":null,"og_custom_url":null,"og_article_section":null,"og_article_tags":null,"twitter_use_og":false,"twitter_card":"default","twitter_image_type":"default","twitter_image_url":null,"twitter_image_custom_url":null,"twitter_image_custom_fields":null,"twitter_title":null,"twitter_description":null,"schema":{"blockGraphs":[],"customGraphs":[],"default":{"data":{"Article":[],"Course":[],"Dataset":[],"FAQPage":[],"Movie":[],"Person":[],"Product":[],"ProductReview":[],"Car":[],"Recipe":[],"Service":[],"SoftwareApplication":[],"WebPage":[]},"graphName":"","isEnabled":true},"graphs":[],"defaultGraph":"","defaultPostTypeGraph":""},"schema_type":null,"schema_type_options":null,"pillar_content":false,"robots_default":true,"robots_noindex":false,"robots_noarchive":false,"robots_nosnippet":false,"robots_nofollow":false,"robots_noimageindex":false,"robots_noodp":false,"robots_notranslate":false,"robots_max_snippet":null,"robots_max_videopreview":null,"robots_max_imagepreview":"large","priority":null,"frequency":null,"location":null,"local_seo":null,"seo_analyzer_scan_date":"2025-08-28 21:06:24","breadcrumb_settings":null,"limit_modified_date":false,"reviewed_by":null,"open_ai":null,"ai":null,"created":"2020-12-21 11:28:55","updated":"2025-08-28 21:06:24"},"aioseo_breadcrumb":"<div class=\"aioseo-breadcrumbs\"><span class=\"aioseo-breadcrumb\">\n\t<a href=\"https:\/\/candas365.es\/noticias\" title=\"Home\">Home<\/a>\n<\/span><span class=\"aioseo-breadcrumb-separator\">&ndash;<\/span><span class=\"aioseo-breadcrumb\">\n\t<a href=\"https:\/\/candas365.es\/noticias\/category\/deporte\/\" title=\"Deporte\">Deporte<\/a>\n<\/span><span class=\"aioseo-breadcrumb-separator\">&ndash;<\/span><span class=\"aioseo-breadcrumb\">\n\tEl Wolfsburgo viaja a Portugal sin el lesionado Ignacio Camacho\n<\/span><\/div>","aioseo_breadcrumb_json":[{"label":"Home","link":"https:\/\/candas365.es\/noticias"},{"label":"Deporte","link":"https:\/\/candas365.es\/noticias\/category\/deporte\/"},{"label":"El Wolfsburgo viaja a Portugal sin el lesionado Ignacio Camacho","link":"https:\/\/candas365.es\/noticias\/el-wolfsburgo-viaja-a-portugal-sin-el-lesionado-ignacio-camacho\/"}],"_links":{"self":[{"href":"https:\/\/candas365.es\/noticias\/wp-json\/wp\/v2\/posts\/113339","targetHints":{"allow":["GET"]}}],"collection":[{"href":"https:\/\/candas365.es\/noticias\/wp-json\/wp\/v2\/posts"}],"about":[{"href":"https:\/\/candas365.es\/noticias\/wp-json\/wp\/v2\/types\/post"}],"author":[{"embeddable":true,"href":"https:\/\/candas365.es\/noticias\/wp-json\/wp\/v2\/users\/1"}],"replies":[{"embeddable":true,"href":"https:\/\/candas365.es\/noticias\/wp-json\/wp\/v2\/comments?post=113339"}],"version-history":[{"count":0,"href":"https:\/\/candas365.es\/noticias\/wp-json\/wp\/v2\/posts\/113339\/revisions"}],"wp:featuredmedia":[{"embeddable":true,"href":"https:\/\/candas365.es\/noticias\/wp-json\/wp\/v2\/media\/113340"}],"wp:attachment":[{"href":"https:\/\/candas365.es\/noticias\/wp-json\/wp\/v2\/media?parent=113339"}],"wp:term":[{"taxonomy":"category","embeddable":true,"href":"https:\/\/candas365.es\/noticias\/wp-json\/wp\/v2\/categories?post=113339"},{"taxonomy":"post_tag","embeddable":true,"href":"https:\/\/candas365.es\/noticias\/wp-json\/wp\/v2\/tags?post=113339"}],"curies":[{"name":"wp","href":"https:\/\/api.w.org\/{rel}","templated":true}]}}