{"id":113334,"date":"2019-01-04T09:24:04","date_gmt":"2019-01-04T09:24:04","guid":{"rendered":"http:\/\/candas365.es\/noticias\/?p=113334"},"modified":"2019-01-04T09:24:04","modified_gmt":"2019-01-04T09:24:04","slug":"la-parroquia-de-ambas-tendra-nuevo-alumbrado","status":"publish","type":"post","link":"https:\/\/candas365.es\/noticias\/la-parroquia-de-ambas-tendra-nuevo-alumbrado\/","title":{"rendered":"La parroquia de Amb\u00e1s tendr\u00e1 nuevo alumbrado"},"content":{"rendered":"<p><img fetchpriority=\"high\" decoding=\"async\" class=\"alignleft size-medium wp-image-6453\" src=\"https:\/\/candas365.es\/noticias\/wp-content\/uploads\/2015\/01\/ayuntamiento-360x270.jpg\" alt=\"\" width=\"360\" height=\"270\" srcset=\"https:\/\/candas365.es\/noticias\/wp-content\/uploads\/2015\/01\/ayuntamiento-360x270.jpg 360w, https:\/\/candas365.es\/noticias\/wp-content\/uploads\/2015\/01\/ayuntamiento-640x480.jpg 640w, https:\/\/candas365.es\/noticias\/wp-content\/uploads\/2015\/01\/ayuntamiento-768x576.jpg 768w, https:\/\/candas365.es\/noticias\/wp-content\/uploads\/2015\/01\/ayuntamiento-150x113.jpg 150w, https:\/\/candas365.es\/noticias\/wp-content\/uploads\/2015\/01\/ayuntamiento-450x338.jpg 450w, https:\/\/candas365.es\/noticias\/wp-content\/uploads\/2015\/01\/ayuntamiento-80x60.jpg 80w, https:\/\/candas365.es\/noticias\/wp-content\/uploads\/2015\/01\/ayuntamiento-265x198.jpg 265w, https:\/\/candas365.es\/noticias\/wp-content\/uploads\/2015\/01\/ayuntamiento-696x522.jpg 696w, https:\/\/candas365.es\/noticias\/wp-content\/uploads\/2015\/01\/ayuntamiento-560x420.jpg 560w, https:\/\/candas365.es\/noticias\/wp-content\/uploads\/2015\/01\/ayuntamiento-90x67.jpg 90w, https:\/\/candas365.es\/noticias\/wp-content\/uploads\/2015\/01\/ayuntamiento.jpg 800w\" sizes=\"(max-width: 360px) 100vw, 360px\" \/>La Concejal\u00eda de Medio Rural acometer\u00e1 la sobras necesarias para la instalaci\u00f3n del alumbrado p\u00fablico en los caminos que unen el barrio de El Rodil con el de El Montico en la parroquia de Amb\u00e1s. Esta nueva instalaci\u00f3nser\u00e1 financiada, conjuntamente, a trav\u00e9s del Fondo de Compensaci\u00f3n de Cogersa para el a\u00f1o 2018 y del Plan Integral de la Zona Rural del Ayuntamiento de Carre\u00f1o<\/p>\n<p>\u201cEntre las propuestas que la Asociaci\u00f3n Vecinal \u201cSantiago de Amb\u00e1s\u201d nos hizo llegar para que traslad\u00e1semos al Consorcio, para su aprobaci\u00f3n por la Comisi\u00f3n Delegada formularon un curso de cocina, y la instalaci\u00f3n de un alumbrado p\u00fablico en dos de los caminos, de naturaleza p\u00fablica, de la parroquia. La Comisi\u00f3n Delegada, en la que el Concejo de Carre\u00f1o est\u00e1 representado por los ediles de IU y Somos, aprob\u00f3 esta petici\u00f3n junto con el resto de peticiones de la parroquia de Tam\u00f3n\u201d coment\u00f3 Manuel Noceda-Concejal de Medio Rural.<\/p>\n<p>\u201cAnualmente, los Presupuestos del ente auton\u00f3mico, a trav\u00e9s del Fondo de Compensaci\u00f3n tiene una partida prevista para subvencionar, a trav\u00e9s de los Ayuntamientos , a las parroquias colindantes con el vertedero. En el ejercicio del 2018 la entidad ha concedido al Ayuntamiento de Carre\u00f1o una subvenci\u00f3n para financiar actividades socioculturales, infraestructuras y equipamientos que mejoren la calidad de vida de la vecindad de las parroquias de Amb\u00e1s y Tam\u00f3n por un importe de 54.091 \u20ac, de las que como m\u00e1ximo 15.000, pudieron destinar a las actividades socioculturales\u201dse\u00f1al\u00f3 el edil.<\/p>\n<p>La licitaci\u00f3n de este alumbrado en Amb\u00e1s qued\u00f3 desierta en un primer proceso. Se volvi\u00f3 a lucirse y tras este segundo proceso la instalaci\u00f3n del nuevo alumbrado se adjudic\u00f3 a la empresa Monceme, S.L. por un importe de 8.154,19 \u20ac. Siendo el plazo de la obra a ejecutar de un mes desde la firma del contrato.<\/p>\n<p>\u201cLa instalaci\u00f3n, que se pretende ejecutar, se plantea en dos tramos de los caminos de titularidad municipal, C-98 y C-386, camino de El Montico y camino de La Cuesta, respectivamente, que unen el barrio de El Montico con el Barrio de El Redal. La cual consiste, fundamentalmente en la implantaci\u00f3n completa de seis nuevos puntos de luz, constituy\u00e9ndose un nuevo circuito independiente de las instalaciones de alumbrado p\u00fablico circundantes\u201d prosigui\u00f3 Noceda<\/p>\n<p>\u201cEl nuevo alumbrado p\u00fablico de seis luminarias para exterior se dispondr\u00e1n sobre postes prefabricados de hormig\u00f3n de nueva implantaci\u00f3n empotrados en cimientos de hormig\u00f3n en masa HM-25, enterrados a una profundidad de 1,30 m. Mientras que el cableado, el tendido el\u00e9ctrico, ser\u00e1 el de tipo neutro Armelec, entre soportes desde el nuevo armario de amando y protecci\u00f3n para intemperie montado sobre cimentaci\u00f3n enterrada de hormig\u00f3n en masa\u201d relat\u00f3 el Concejal<\/p>\n<p>\u201cA la hora de la elaboraci\u00f3n del dise\u00f1o y elecci\u00f3n de los materiales a emplear en la realizaci\u00f3n del alumbrado, se ha tenido en cuenta tanto la sostenibilidad como el ahorro energ\u00e9tico, para el correcto funcionamiento de la instalaci\u00f3n. Respetando en todo momento la normativa el\u00e9ctrica que demanda el Real Decreto 1890\/2008 sobre \u201cEficiencia Energ\u00e9tica en Alumbrado P\u00fablico\u201d. De esta manera se han elegido materiales con el sello ECO3 que engloban sostenibilidad junto con ecolog\u00eda aplicada a la iluminaci\u00f3n en la que imperan tres ideas b\u00e1sicas: la m\u00e1xima utilizaci\u00f3n de materiales reciclables de luminarias y puntos de luz; dise\u00f1o de instalaciones y luminarias con una lata eficiencia energ\u00e9tica; bajo nivel de contaminaci\u00f3n lum\u00ednica controlando las emisiones de luz\u201d puntualiz\u00f3 el edil de Medio Rural<\/p>\n<p>\u201cEs por ello que se han seleccionado equipos con el consumo necesario para el lugar de instalaci\u00f3n. Adem\u00e1s se instalar\u00e1n equipos para el control del encendido innecesarios y equipos de doble nivel, es decir, para el control del flujo luminoso en funci\u00f3n de las horas de mayor o menos actividad. Todo en aras de conseguir una mejora energ\u00e9tica y medioambiental en base a la optimizaci\u00f3n del consumo energ\u00e9tico, la utilizaci\u00f3n de equipos de alta eficiencia energ\u00e9tica y el mayor respeto y conservaci\u00f3n del medio ambiente\u201d finaliz\u00f3 Manuel Noceda- Concejal de Medio Rural<\/p>\n","protected":false},"excerpt":{"rendered":"<p>La Concejal\u00eda de Medio Rural acometer\u00e1 la sobras necesarias para la instalaci\u00f3n del alumbrado p\u00fablico en los caminos que unen el barrio de El Rodil con el de El Montico en la parroquia de Amb\u00e1s. Esta nueva instalaci\u00f3nser\u00e1 financiada, conjuntamente, a trav\u00e9s del Fondo de Compensaci\u00f3n de Cogersa para el a\u00f1o 2018 y del Plan<\/p>\n","protected":false},"author":1,"featured_media":6453,"comment_status":"closed","ping_status":"closed","sticky":false,"template":"","format":"standard","meta":{"footnotes":""},"categories":[2],"tags":[],"class_list":{"0":"post-113334","1":"post","2":"type-post","3":"status-publish","4":"format-standard","5":"has-post-thumbnail","7":"category-noticias-carreno"},"aioseo_notices":[],"aioseo_head":"\n\t\t<!-- All in One SEO Pro 4.9.6.2 - aioseo.com -->\n\t<meta name=\"description\" content=\"La Concejal\u00eda de Medio Rural acometer\u00e1 la sobras necesarias para la instalaci\u00f3n del alumbrado p\u00fablico en los caminos que unen el barrio de El Rodil con el de El Montico en la parroquia de Amb\u00e1s. Esta nueva instalaci\u00f3nser\u00e1 financiada, conjuntamente, a trav\u00e9s del Fondo de Compensaci\u00f3n de Cogersa para el a\u00f1o 2018 y del Plan\" \/>\n\t<meta name=\"robots\" content=\"max-image-preview:large\" \/>\n\t<meta name=\"author\" content=\"Cand\u00e1s 365\"\/>\n\t<meta name=\"google-site-verification\" content=\"UA-32230408-1\" \/>\n\t<meta name=\"msvalidate.01\" content=\"354F3CDFB2DA171B47FBE9ABF1F88D5\" \/>\n\t<meta name=\"keywords\" content=\"noticias carre\u00f1o\" \/>\n\t<link rel=\"canonical\" href=\"https:\/\/candas365.es\/noticias\/la-parroquia-de-ambas-tendra-nuevo-alumbrado\/\" \/>\n\t<meta name=\"generator\" content=\"All in One SEO Pro (AIOSEO) 4.9.6.2\" \/>\n\t\t<meta property=\"og:locale\" content=\"es_ES\" \/>\n\t\t<meta property=\"og:site_name\" content=\"Cand\u00e1s 365\" \/>\n\t\t<meta property=\"og:type\" content=\"article\" \/>\n\t\t<meta property=\"og:title\" content=\"La parroquia de Amb\u00e1s tendr\u00e1 nuevo alumbrado | Cand\u00e1s 365\" \/>\n\t\t<meta property=\"og:description\" content=\"La Concejal\u00eda de Medio Rural acometer\u00e1 la sobras necesarias para la instalaci\u00f3n del alumbrado p\u00fablico en los caminos que unen el barrio de El Rodil con el de El Montico en la parroquia de Amb\u00e1s. Esta nueva instalaci\u00f3nser\u00e1 financiada, conjuntamente, a trav\u00e9s del Fondo de Compensaci\u00f3n de Cogersa para el a\u00f1o 2018 y del Plan\" \/>\n\t\t<meta property=\"og:url\" content=\"https:\/\/candas365.es\/noticias\/la-parroquia-de-ambas-tendra-nuevo-alumbrado\/\" \/>\n\t\t<meta property=\"og:image\" content=\"https:\/\/candas365.es\/noticias\/wp-content\/uploads\/2015\/01\/ayuntamiento.jpg\" \/>\n\t\t<meta property=\"og:image:secure_url\" content=\"https:\/\/candas365.es\/noticias\/wp-content\/uploads\/2015\/01\/ayuntamiento.jpg\" \/>\n\t\t<meta property=\"og:image:width\" content=\"800\" \/>\n\t\t<meta property=\"og:image:height\" content=\"600\" \/>\n\t\t<meta property=\"article:published_time\" content=\"2019-01-04T09:24:04+00:00\" \/>\n\t\t<meta property=\"article:modified_time\" content=\"2019-01-04T09:24:04+00:00\" \/>\n\t\t<meta property=\"article:publisher\" content=\"https:\/\/www.facebook.com\/Nachofdezber\" \/>\n\t\t<meta property=\"article:author\" content=\"https:\/\/www.facebook.com\/carrenoactualidad\" \/>\n\t\t<meta name=\"twitter:card\" content=\"summary_large_image\" \/>\n\t\t<meta name=\"twitter:site\" content=\"@NabercoDigital\" \/>\n\t\t<meta name=\"twitter:title\" content=\"La parroquia de Amb\u00e1s tendr\u00e1 nuevo alumbrado | Cand\u00e1s 365\" \/>\n\t\t<meta name=\"twitter:description\" content=\"La Concejal\u00eda de Medio Rural acometer\u00e1 la sobras necesarias para la instalaci\u00f3n del alumbrado p\u00fablico en los caminos que unen el barrio de El Rodil con el de El Montico en la parroquia de Amb\u00e1s. Esta nueva instalaci\u00f3nser\u00e1 financiada, conjuntamente, a trav\u00e9s del Fondo de Compensaci\u00f3n de Cogersa para el a\u00f1o 2018 y del Plan\" \/>\n\t\t<meta name=\"twitter:creator\" content=\"@nbasturias\" \/>\n\t\t<meta name=\"twitter:image\" content=\"https:\/\/candas365.es\/noticias\/wp-content\/uploads\/2015\/01\/ayuntamiento.jpg\" \/>\n\t\t<meta name=\"twitter:label1\" content=\"Escrito por\" \/>\n\t\t<meta name=\"twitter:data1\" content=\"Cand\u00e1s 365\" \/>\n\t\t<meta name=\"twitter:label2\" content=\"Tiempo de lectura estimado\" \/>\n\t\t<meta name=\"twitter:data2\" content=\"4 minutos\" \/>\n\t\t<script type=\"application\/ld+json\" class=\"aioseo-schema\">\n\t\t\t{\"@context\":\"https:\\\/\\\/schema.org\",\"@graph\":[{\"@type\":\"BreadcrumbList\",\"@id\":\"https:\\\/\\\/candas365.es\\\/noticias\\\/la-parroquia-de-ambas-tendra-nuevo-alumbrado\\\/#breadcrumblist\",\"itemListElement\":[{\"@type\":\"ListItem\",\"@id\":\"https:\\\/\\\/candas365.es\\\/noticias#listItem\",\"position\":1,\"name\":\"Home\",\"item\":\"https:\\\/\\\/candas365.es\\\/noticias\",\"nextItem\":{\"@type\":\"ListItem\",\"@id\":\"https:\\\/\\\/candas365.es\\\/noticias\\\/category\\\/noticias-carreno\\\/#listItem\",\"name\":\"Noticias Carre\\u00f1o\"}},{\"@type\":\"ListItem\",\"@id\":\"https:\\\/\\\/candas365.es\\\/noticias\\\/category\\\/noticias-carreno\\\/#listItem\",\"position\":2,\"name\":\"Noticias Carre\\u00f1o\",\"item\":\"https:\\\/\\\/candas365.es\\\/noticias\\\/category\\\/noticias-carreno\\\/\",\"nextItem\":{\"@type\":\"ListItem\",\"@id\":\"https:\\\/\\\/candas365.es\\\/noticias\\\/la-parroquia-de-ambas-tendra-nuevo-alumbrado\\\/#listItem\",\"name\":\"La parroquia de Amb\\u00e1s tendr\\u00e1 nuevo alumbrado\"},\"previousItem\":{\"@type\":\"ListItem\",\"@id\":\"https:\\\/\\\/candas365.es\\\/noticias#listItem\",\"name\":\"Home\"}},{\"@type\":\"ListItem\",\"@id\":\"https:\\\/\\\/candas365.es\\\/noticias\\\/la-parroquia-de-ambas-tendra-nuevo-alumbrado\\\/#listItem\",\"position\":3,\"name\":\"La parroquia de Amb\\u00e1s tendr\\u00e1 nuevo alumbrado\",\"previousItem\":{\"@type\":\"ListItem\",\"@id\":\"https:\\\/\\\/candas365.es\\\/noticias\\\/category\\\/noticias-carreno\\\/#listItem\",\"name\":\"Noticias Carre\\u00f1o\"}}]},{\"@type\":\"NewsArticle\",\"@id\":\"https:\\\/\\\/candas365.es\\\/noticias\\\/la-parroquia-de-ambas-tendra-nuevo-alumbrado\\\/#newsarticle\",\"name\":\"La parroquia de Amb\\u00e1s tendr\\u00e1 nuevo alumbrado | Cand\\u00e1s 365\",\"headline\":\"La parroquia de Amb\\u00e1s tendr\\u00e1 nuevo alumbrado\",\"author\":{\"@id\":\"https:\\\/\\\/candas365.es\\\/noticias\\\/author\\\/admin\\\/#author\"},\"publisher\":{\"@id\":\"https:\\\/\\\/candas365.es\\\/noticias\\\/#organization\"},\"image\":{\"@type\":\"ImageObject\",\"url\":\"https:\\\/\\\/candas365.es\\\/noticias\\\/wp-content\\\/uploads\\\/2015\\\/01\\\/ayuntamiento.jpg\",\"width\":800,\"height\":600,\"caption\":\"Carre\\u00f1o\"},\"datePublished\":\"2019-01-04T09:24:04+01:00\",\"dateModified\":\"2019-01-04T09:24:04+01:00\",\"inLanguage\":\"es-ES\",\"mainEntityOfPage\":{\"@id\":\"https:\\\/\\\/candas365.es\\\/noticias\\\/la-parroquia-de-ambas-tendra-nuevo-alumbrado\\\/#webpage\"},\"isPartOf\":{\"@id\":\"https:\\\/\\\/candas365.es\\\/noticias\\\/la-parroquia-de-ambas-tendra-nuevo-alumbrado\\\/#webpage\"},\"articleSection\":\"Noticias Carre\\u00f1o\",\"dateline\":\"Publicado el enero 4, 2019.\"},{\"@type\":\"Organization\",\"@id\":\"https:\\\/\\\/candas365.es\\\/noticias\\\/#organization\",\"name\":\"Cand\\u00e1s 365\",\"description\":\"Cand\\u00e1s 365 es un diario digital independiente, fundado en 2012, con base en Asturias. Informamos con rigor sobre actualidad, sociedad, cultura y ocio, con una mirada local y global.\",\"url\":\"https:\\\/\\\/candas365.es\\\/noticias\\\/\",\"email\":\"info@candas365.es\",\"telephone\":\"+34652131393\",\"foundingDate\":\"2012-06-10\",\"logo\":{\"@type\":\"ImageObject\",\"url\":\"https:\\\/\\\/candas365.es\\\/noticias\\\/wp-content\\\/uploads\\\/2024\\\/09\\\/Candas-365-Redes.jpg\",\"@id\":\"https:\\\/\\\/candas365.es\\\/noticias\\\/la-parroquia-de-ambas-tendra-nuevo-alumbrado\\\/#organizationLogo\",\"width\":1152,\"height\":864,\"caption\":\"Cand\\u00e1s 365 Redes\"},\"image\":{\"@id\":\"https:\\\/\\\/candas365.es\\\/noticias\\\/la-parroquia-de-ambas-tendra-nuevo-alumbrado\\\/#organizationLogo\"},\"sameAs\":[\"https:\\\/\\\/www.facebook.com\\\/Nachofdezber\",\"https:\\\/\\\/x.com\\\/NabercoDigital\",\"https:\\\/\\\/www.instagram.com\\\/nachofdezber\\\/\",\"https:\\\/\\\/www.youtube.com\\\/channel\\\/UCZP-2wLEB9Rv6erhFmqVnvg\"],\"address\":{\"@id\":\"https:\\\/\\\/candas365.es\\\/noticias\\\/#postaladdress\",\"@type\":\"PostalAddress\",\"streetAddress\":\"san antonio 4, san antonio 4\",\"postalCode\":\"33430\",\"addressLocality\":\"Cand\\u00e1s\",\"addressRegion\":\"Asturias\",\"addressCountry\":\"ES\"}},{\"@type\":\"Person\",\"@id\":\"https:\\\/\\\/candas365.es\\\/noticias\\\/author\\\/admin\\\/#author\",\"url\":\"https:\\\/\\\/candas365.es\\\/noticias\\\/author\\\/admin\\\/\",\"name\":\"Cand\\u00e1s 365\",\"image\":{\"@type\":\"ImageObject\",\"@id\":\"https:\\\/\\\/candas365.es\\\/noticias\\\/la-parroquia-de-ambas-tendra-nuevo-alumbrado\\\/#authorImage\",\"url\":\"https:\\\/\\\/secure.gravatar.com\\\/avatar\\\/496a8e03d0c493ede1718b7934145dbdf8d89be1036b0eec9544e1094c9de390?s=96&d=mm&r=g\",\"width\":96,\"height\":96,\"caption\":\"Cand\\u00e1s 365\"},\"sameAs\":[\"https:\\\/\\\/www.facebook.com\\\/carrenoactualidad\",\"https:\\\/\\\/twitter.com\\\/nbasturias\",\"https:\\\/\\\/www.instagram.com\\\/nachofdezber\\\/\",\"https:\\\/\\\/www.youtube.com\\\/channel\\\/UCZP-2wLEB9Rv6erhFmqVnvg\"]},{\"@type\":\"WebPage\",\"@id\":\"https:\\\/\\\/candas365.es\\\/noticias\\\/la-parroquia-de-ambas-tendra-nuevo-alumbrado\\\/#webpage\",\"url\":\"https:\\\/\\\/candas365.es\\\/noticias\\\/la-parroquia-de-ambas-tendra-nuevo-alumbrado\\\/\",\"name\":\"La parroquia de Amb\\u00e1s tendr\\u00e1 nuevo alumbrado | Cand\\u00e1s 365\",\"description\":\"La Concejal\\u00eda de Medio Rural acometer\\u00e1 la sobras necesarias para la instalaci\\u00f3n del alumbrado p\\u00fablico en los caminos que unen el barrio de El Rodil con el de El Montico en la parroquia de Amb\\u00e1s. Esta nueva instalaci\\u00f3nser\\u00e1 financiada, conjuntamente, a trav\\u00e9s del Fondo de Compensaci\\u00f3n de Cogersa para el a\\u00f1o 2018 y del Plan\",\"inLanguage\":\"es-ES\",\"isPartOf\":{\"@id\":\"https:\\\/\\\/candas365.es\\\/noticias\\\/#website\"},\"breadcrumb\":{\"@id\":\"https:\\\/\\\/candas365.es\\\/noticias\\\/la-parroquia-de-ambas-tendra-nuevo-alumbrado\\\/#breadcrumblist\"},\"author\":{\"@id\":\"https:\\\/\\\/candas365.es\\\/noticias\\\/author\\\/admin\\\/#author\"},\"creator\":{\"@id\":\"https:\\\/\\\/candas365.es\\\/noticias\\\/author\\\/admin\\\/#author\"},\"image\":{\"@type\":\"ImageObject\",\"url\":\"https:\\\/\\\/candas365.es\\\/noticias\\\/wp-content\\\/uploads\\\/2015\\\/01\\\/ayuntamiento.jpg\",\"@id\":\"https:\\\/\\\/candas365.es\\\/noticias\\\/la-parroquia-de-ambas-tendra-nuevo-alumbrado\\\/#mainImage\",\"width\":800,\"height\":600,\"caption\":\"Carre\\u00f1o\"},\"primaryImageOfPage\":{\"@id\":\"https:\\\/\\\/candas365.es\\\/noticias\\\/la-parroquia-de-ambas-tendra-nuevo-alumbrado\\\/#mainImage\"},\"datePublished\":\"2019-01-04T09:24:04+01:00\",\"dateModified\":\"2019-01-04T09:24:04+01:00\"},{\"@type\":\"WebSite\",\"@id\":\"https:\\\/\\\/candas365.es\\\/noticias\\\/#website\",\"url\":\"https:\\\/\\\/candas365.es\\\/noticias\\\/\",\"name\":\"Cand\\u00e1s 365\",\"alternateName\":\"Cand\\u00e1s 365 Noticias\",\"description\":\"Actualidad desde Carre\\u00f1o para el mundo\",\"inLanguage\":\"es-ES\",\"publisher\":{\"@id\":\"https:\\\/\\\/candas365.es\\\/noticias\\\/#organization\"}}]}\n\t\t<\/script>\n\t\t<!-- All in One SEO Pro -->\r\n\t\t<title>La parroquia de Amb\u00e1s tendr\u00e1 nuevo alumbrado | Cand\u00e1s 365<\/title>\n\n","aioseo_head_json":{"title":"La parroquia de Amb\u00e1s tendr\u00e1 nuevo alumbrado | Cand\u00e1s 365","description":"La Concejal\u00eda de Medio Rural acometer\u00e1 la sobras necesarias para la instalaci\u00f3n del alumbrado p\u00fablico en los caminos que unen el barrio de El Rodil con el de El Montico en la parroquia de Amb\u00e1s. Esta nueva instalaci\u00f3nser\u00e1 financiada, conjuntamente, a trav\u00e9s del Fondo de Compensaci\u00f3n de Cogersa para el a\u00f1o 2018 y del Plan","canonical_url":"https:\/\/candas365.es\/noticias\/la-parroquia-de-ambas-tendra-nuevo-alumbrado\/","robots":"max-image-preview:large","keywords":"noticias carre\u00f1o","webmasterTools":{"google-site-verification":"UA-32230408-1","msvalidate.01":"354F3CDFB2DA171B47FBE9ABF1F88D5","miscellaneous":""},"schema":{"@context":"https:\/\/schema.org","@graph":[{"@type":"BreadcrumbList","@id":"https:\/\/candas365.es\/noticias\/la-parroquia-de-ambas-tendra-nuevo-alumbrado\/#breadcrumblist","itemListElement":[{"@type":"ListItem","@id":"https:\/\/candas365.es\/noticias#listItem","position":1,"name":"Home","item":"https:\/\/candas365.es\/noticias","nextItem":{"@type":"ListItem","@id":"https:\/\/candas365.es\/noticias\/category\/noticias-carreno\/#listItem","name":"Noticias Carre\u00f1o"}},{"@type":"ListItem","@id":"https:\/\/candas365.es\/noticias\/category\/noticias-carreno\/#listItem","position":2,"name":"Noticias Carre\u00f1o","item":"https:\/\/candas365.es\/noticias\/category\/noticias-carreno\/","nextItem":{"@type":"ListItem","@id":"https:\/\/candas365.es\/noticias\/la-parroquia-de-ambas-tendra-nuevo-alumbrado\/#listItem","name":"La parroquia de Amb\u00e1s tendr\u00e1 nuevo alumbrado"},"previousItem":{"@type":"ListItem","@id":"https:\/\/candas365.es\/noticias#listItem","name":"Home"}},{"@type":"ListItem","@id":"https:\/\/candas365.es\/noticias\/la-parroquia-de-ambas-tendra-nuevo-alumbrado\/#listItem","position":3,"name":"La parroquia de Amb\u00e1s tendr\u00e1 nuevo alumbrado","previousItem":{"@type":"ListItem","@id":"https:\/\/candas365.es\/noticias\/category\/noticias-carreno\/#listItem","name":"Noticias Carre\u00f1o"}}]},{"@type":"NewsArticle","@id":"https:\/\/candas365.es\/noticias\/la-parroquia-de-ambas-tendra-nuevo-alumbrado\/#newsarticle","name":"La parroquia de Amb\u00e1s tendr\u00e1 nuevo alumbrado | Cand\u00e1s 365","headline":"La parroquia de Amb\u00e1s tendr\u00e1 nuevo alumbrado","author":{"@id":"https:\/\/candas365.es\/noticias\/author\/admin\/#author"},"publisher":{"@id":"https:\/\/candas365.es\/noticias\/#organization"},"image":{"@type":"ImageObject","url":"https:\/\/candas365.es\/noticias\/wp-content\/uploads\/2015\/01\/ayuntamiento.jpg","width":800,"height":600,"caption":"Carre\u00f1o"},"datePublished":"2019-01-04T09:24:04+01:00","dateModified":"2019-01-04T09:24:04+01:00","inLanguage":"es-ES","mainEntityOfPage":{"@id":"https:\/\/candas365.es\/noticias\/la-parroquia-de-ambas-tendra-nuevo-alumbrado\/#webpage"},"isPartOf":{"@id":"https:\/\/candas365.es\/noticias\/la-parroquia-de-ambas-tendra-nuevo-alumbrado\/#webpage"},"articleSection":"Noticias Carre\u00f1o","dateline":"Publicado el enero 4, 2019."},{"@type":"Organization","@id":"https:\/\/candas365.es\/noticias\/#organization","name":"Cand\u00e1s 365","description":"Cand\u00e1s 365 es un diario digital independiente, fundado en 2012, con base en Asturias. Informamos con rigor sobre actualidad, sociedad, cultura y ocio, con una mirada local y global.","url":"https:\/\/candas365.es\/noticias\/","email":"info@candas365.es","telephone":"+34652131393","foundingDate":"2012-06-10","logo":{"@type":"ImageObject","url":"https:\/\/candas365.es\/noticias\/wp-content\/uploads\/2024\/09\/Candas-365-Redes.jpg","@id":"https:\/\/candas365.es\/noticias\/la-parroquia-de-ambas-tendra-nuevo-alumbrado\/#organizationLogo","width":1152,"height":864,"caption":"Cand\u00e1s 365 Redes"},"image":{"@id":"https:\/\/candas365.es\/noticias\/la-parroquia-de-ambas-tendra-nuevo-alumbrado\/#organizationLogo"},"sameAs":["https:\/\/www.facebook.com\/Nachofdezber","https:\/\/x.com\/NabercoDigital","https:\/\/www.instagram.com\/nachofdezber\/","https:\/\/www.youtube.com\/channel\/UCZP-2wLEB9Rv6erhFmqVnvg"],"address":{"@id":"https:\/\/candas365.es\/noticias\/#postaladdress","@type":"PostalAddress","streetAddress":"san antonio 4, san antonio 4","postalCode":"33430","addressLocality":"Cand\u00e1s","addressRegion":"Asturias","addressCountry":"ES"}},{"@type":"Person","@id":"https:\/\/candas365.es\/noticias\/author\/admin\/#author","url":"https:\/\/candas365.es\/noticias\/author\/admin\/","name":"Cand\u00e1s 365","image":{"@type":"ImageObject","@id":"https:\/\/candas365.es\/noticias\/la-parroquia-de-ambas-tendra-nuevo-alumbrado\/#authorImage","url":"https:\/\/secure.gravatar.com\/avatar\/496a8e03d0c493ede1718b7934145dbdf8d89be1036b0eec9544e1094c9de390?s=96&d=mm&r=g","width":96,"height":96,"caption":"Cand\u00e1s 365"},"sameAs":["https:\/\/www.facebook.com\/carrenoactualidad","https:\/\/twitter.com\/nbasturias","https:\/\/www.instagram.com\/nachofdezber\/","https:\/\/www.youtube.com\/channel\/UCZP-2wLEB9Rv6erhFmqVnvg"]},{"@type":"WebPage","@id":"https:\/\/candas365.es\/noticias\/la-parroquia-de-ambas-tendra-nuevo-alumbrado\/#webpage","url":"https:\/\/candas365.es\/noticias\/la-parroquia-de-ambas-tendra-nuevo-alumbrado\/","name":"La parroquia de Amb\u00e1s tendr\u00e1 nuevo alumbrado | Cand\u00e1s 365","description":"La Concejal\u00eda de Medio Rural acometer\u00e1 la sobras necesarias para la instalaci\u00f3n del alumbrado p\u00fablico en los caminos que unen el barrio de El Rodil con el de El Montico en la parroquia de Amb\u00e1s. Esta nueva instalaci\u00f3nser\u00e1 financiada, conjuntamente, a trav\u00e9s del Fondo de Compensaci\u00f3n de Cogersa para el a\u00f1o 2018 y del Plan","inLanguage":"es-ES","isPartOf":{"@id":"https:\/\/candas365.es\/noticias\/#website"},"breadcrumb":{"@id":"https:\/\/candas365.es\/noticias\/la-parroquia-de-ambas-tendra-nuevo-alumbrado\/#breadcrumblist"},"author":{"@id":"https:\/\/candas365.es\/noticias\/author\/admin\/#author"},"creator":{"@id":"https:\/\/candas365.es\/noticias\/author\/admin\/#author"},"image":{"@type":"ImageObject","url":"https:\/\/candas365.es\/noticias\/wp-content\/uploads\/2015\/01\/ayuntamiento.jpg","@id":"https:\/\/candas365.es\/noticias\/la-parroquia-de-ambas-tendra-nuevo-alumbrado\/#mainImage","width":800,"height":600,"caption":"Carre\u00f1o"},"primaryImageOfPage":{"@id":"https:\/\/candas365.es\/noticias\/la-parroquia-de-ambas-tendra-nuevo-alumbrado\/#mainImage"},"datePublished":"2019-01-04T09:24:04+01:00","dateModified":"2019-01-04T09:24:04+01:00"},{"@type":"WebSite","@id":"https:\/\/candas365.es\/noticias\/#website","url":"https:\/\/candas365.es\/noticias\/","name":"Cand\u00e1s 365","alternateName":"Cand\u00e1s 365 Noticias","description":"Actualidad desde Carre\u00f1o para el mundo","inLanguage":"es-ES","publisher":{"@id":"https:\/\/candas365.es\/noticias\/#organization"}}]},"og:locale":"es_ES","og:site_name":"Cand\u00e1s 365","og:type":"article","og:title":"La parroquia de Amb\u00e1s tendr\u00e1 nuevo alumbrado | Cand\u00e1s 365","og:description":"La Concejal\u00eda de Medio Rural acometer\u00e1 la sobras necesarias para la instalaci\u00f3n del alumbrado p\u00fablico en los caminos que unen el barrio de El Rodil con el de El Montico en la parroquia de Amb\u00e1s. Esta nueva instalaci\u00f3nser\u00e1 financiada, conjuntamente, a trav\u00e9s del Fondo de Compensaci\u00f3n de Cogersa para el a\u00f1o 2018 y del Plan","og:url":"https:\/\/candas365.es\/noticias\/la-parroquia-de-ambas-tendra-nuevo-alumbrado\/","og:image":"https:\/\/candas365.es\/noticias\/wp-content\/uploads\/2015\/01\/ayuntamiento.jpg","og:image:secure_url":"https:\/\/candas365.es\/noticias\/wp-content\/uploads\/2015\/01\/ayuntamiento.jpg","og:image:width":800,"og:image:height":600,"article:published_time":"2019-01-04T09:24:04+00:00","article:modified_time":"2019-01-04T09:24:04+00:00","article:publisher":"https:\/\/www.facebook.com\/Nachofdezber","article:author":"https:\/\/www.facebook.com\/carrenoactualidad","twitter:card":"summary_large_image","twitter:site":"@NabercoDigital","twitter:title":"La parroquia de Amb\u00e1s tendr\u00e1 nuevo alumbrado | Cand\u00e1s 365","twitter:description":"La Concejal\u00eda de Medio Rural acometer\u00e1 la sobras necesarias para la instalaci\u00f3n del alumbrado p\u00fablico en los caminos que unen el barrio de El Rodil con el de El Montico en la parroquia de Amb\u00e1s. Esta nueva instalaci\u00f3nser\u00e1 financiada, conjuntamente, a trav\u00e9s del Fondo de Compensaci\u00f3n de Cogersa para el a\u00f1o 2018 y del Plan","twitter:creator":"@nbasturias","twitter:image":"https:\/\/candas365.es\/noticias\/wp-content\/uploads\/2015\/01\/ayuntamiento.jpg","twitter:label1":"Escrito por","twitter:data1":"Cand\u00e1s 365","twitter:label2":"Tiempo de lectura estimado","twitter:data2":"4 minutos"},"aioseo_meta_data":{"post_id":"113334","title":null,"description":null,"keywords":null,"keyphrases":null,"primary_term":null,"canonical_url":null,"og_title":null,"og_description":null,"og_object_type":"default","og_image_type":"default","og_image_url":null,"og_image_width":null,"og_image_height":null,"og_image_custom_url":null,"og_image_custom_fields":null,"og_video":null,"og_custom_url":null,"og_article_section":null,"og_article_tags":null,"twitter_use_og":false,"twitter_card":"default","twitter_image_type":"default","twitter_image_url":null,"twitter_image_custom_url":null,"twitter_image_custom_fields":null,"twitter_title":null,"twitter_description":null,"schema":{"blockGraphs":[],"customGraphs":[],"default":{"data":{"Article":[],"Course":[],"Dataset":[],"FAQPage":[],"Movie":[],"Person":[],"Product":[],"ProductReview":[],"Car":[],"Recipe":[],"Service":[],"SoftwareApplication":[],"WebPage":[]},"graphName":"","isEnabled":true},"graphs":[]},"schema_type":null,"schema_type_options":null,"pillar_content":false,"robots_default":true,"robots_noindex":false,"robots_noarchive":false,"robots_nosnippet":false,"robots_nofollow":false,"robots_noimageindex":false,"robots_noodp":false,"robots_notranslate":false,"robots_max_snippet":null,"robots_max_videopreview":null,"robots_max_imagepreview":"large","priority":null,"frequency":null,"location":null,"local_seo":null,"seo_analyzer_scan_date":"2025-08-28 21:06:20","breadcrumb_settings":null,"limit_modified_date":false,"reviewed_by":null,"open_ai":null,"ai":null,"created":"2020-12-21 11:28:55","updated":"2025-08-28 21:06:20"},"aioseo_breadcrumb":"<div class=\"aioseo-breadcrumbs\"><span class=\"aioseo-breadcrumb\">\n\t<a href=\"https:\/\/candas365.es\/noticias\" title=\"Home\">Home<\/a>\n<\/span><span class=\"aioseo-breadcrumb-separator\">&ndash;<\/span><span class=\"aioseo-breadcrumb\">\n\t<a href=\"https:\/\/candas365.es\/noticias\/category\/noticias-carreno\/\" title=\"Noticias Carre\u00f1o\">Noticias Carre\u00f1o<\/a>\n<\/span><span class=\"aioseo-breadcrumb-separator\">&ndash;<\/span><span class=\"aioseo-breadcrumb\">\n\tLa parroquia de Amb\u00e1s tendr\u00e1 nuevo alumbrado\n<\/span><\/div>","aioseo_breadcrumb_json":[{"label":"Home","link":"https:\/\/candas365.es\/noticias"},{"label":"Noticias Carre\u00f1o","link":"https:\/\/candas365.es\/noticias\/category\/noticias-carreno\/"},{"label":"La parroquia de Amb\u00e1s tendr\u00e1 nuevo alumbrado","link":"https:\/\/candas365.es\/noticias\/la-parroquia-de-ambas-tendra-nuevo-alumbrado\/"}],"_links":{"self":[{"href":"https:\/\/candas365.es\/noticias\/wp-json\/wp\/v2\/posts\/113334","targetHints":{"allow":["GET"]}}],"collection":[{"href":"https:\/\/candas365.es\/noticias\/wp-json\/wp\/v2\/posts"}],"about":[{"href":"https:\/\/candas365.es\/noticias\/wp-json\/wp\/v2\/types\/post"}],"author":[{"embeddable":true,"href":"https:\/\/candas365.es\/noticias\/wp-json\/wp\/v2\/users\/1"}],"replies":[{"embeddable":true,"href":"https:\/\/candas365.es\/noticias\/wp-json\/wp\/v2\/comments?post=113334"}],"version-history":[{"count":0,"href":"https:\/\/candas365.es\/noticias\/wp-json\/wp\/v2\/posts\/113334\/revisions"}],"wp:featuredmedia":[{"embeddable":true,"href":"https:\/\/candas365.es\/noticias\/wp-json\/wp\/v2\/media\/6453"}],"wp:attachment":[{"href":"https:\/\/candas365.es\/noticias\/wp-json\/wp\/v2\/media?parent=113334"}],"wp:term":[{"taxonomy":"category","embeddable":true,"href":"https:\/\/candas365.es\/noticias\/wp-json\/wp\/v2\/categories?post=113334"},{"taxonomy":"post_tag","embeddable":true,"href":"https:\/\/candas365.es\/noticias\/wp-json\/wp\/v2\/tags?post=113334"}],"curies":[{"name":"wp","href":"https:\/\/api.w.org\/{rel}","templated":true}]}}