{"id":113326,"date":"2019-01-03T22:19:43","date_gmt":"2019-01-03T22:19:43","guid":{"rendered":"http:\/\/candas365.es\/noticias\/?p=113326"},"modified":"2019-01-03T22:19:43","modified_gmt":"2019-01-03T22:19:43","slug":"el-aeropuerto-de-tegel-registra-otro-record-de-pasajeros","status":"publish","type":"post","link":"https:\/\/candas365.es\/noticias\/el-aeropuerto-de-tegel-registra-otro-record-de-pasajeros\/","title":{"rendered":"El aeropuerto de Tegel registra otro r\u00e9cord de pasajeros"},"content":{"rendered":"<figure id=\"attachment_113327\" aria-describedby=\"caption-attachment-113327\" style=\"width: 360px\" class=\"wp-caption alignleft\"><img fetchpriority=\"high\" decoding=\"async\" class=\"size-medium wp-image-113327\" src=\"https:\/\/candas365.es\/noticias\/wp-content\/uploads\/2019\/01\/Tegel-360x225.jpg\" alt=\"\" width=\"360\" height=\"225\" srcset=\"https:\/\/candas365.es\/noticias\/wp-content\/uploads\/2019\/01\/Tegel-360x225.jpg 360w, https:\/\/candas365.es\/noticias\/wp-content\/uploads\/2019\/01\/Tegel-768x480.jpg 768w, https:\/\/candas365.es\/noticias\/wp-content\/uploads\/2019\/01\/Tegel-655x410.jpg 655w, https:\/\/candas365.es\/noticias\/wp-content\/uploads\/2019\/01\/Tegel-696x435.jpg 696w, https:\/\/candas365.es\/noticias\/wp-content\/uploads\/2019\/01\/Tegel-672x420.jpg 672w, https:\/\/candas365.es\/noticias\/wp-content\/uploads\/2019\/01\/Tegel.jpg 998w\" sizes=\"(max-width: 360px) 100vw, 360px\" \/><figcaption id=\"caption-attachment-113327\" class=\"wp-caption-text\">Pasajeros en el aeropuerto Tegel de Berl\u00edn, Alemania. Foto: Sebastian Kahnert\/dpa<\/figcaption><\/figure>\n<p>Berl\u00edn\/Sch\u00f6nefeld, 3 ene (dpa) &#8211; Desde el congestionado aeropuerto de Berl\u00edn Tegel viajaron en el \u00faltimo a\u00f1o tantas personas como nunca antes, anunciaron los operadores del aeropuerto a la agencia dpa.<\/p>\n<p>Con un total de 22 millones de pasajeros, el aeropuerto super\u00f3 en 700.000 usuarios la cifra r\u00e9cord anterior alcanzada en 2016, seg\u00fan los datos.<\/p>\n<p>El aeropuerto cercano al centro de la capital alemana debe permanecer en funcionamiento durante m\u00e1s tiempo de lo planeado debido al retraso en la apertura del futuro aeropuerto de Berl\u00edn BER en Sch\u00f6nefeld, prevista inicialmente para 2011.<\/p>\n<p>La tendencia de crecimiento de los aeropuertos de la capital germana se mantiene ininterrumpida, dijo el jefe del aeropuerto de Tegel, Engelbert L\u00fctke Daldrup.<\/p>\n<p>En 2017 se redujo el n\u00famero de pasajeros en Tegel despu\u00e9s de que Air Berlin -la aerol\u00ednea m\u00e1s grande en el aer\u00f3dromo berlin\u00e9s- se declarara en quiebra. Pero desde entonces, Easyjet, Eurowings, Laudamotion y otros llenaron el vac\u00edo ocasionado por la salida de Air Berlin.<\/p>\n","protected":false},"excerpt":{"rendered":"<p>Berl\u00edn\/Sch\u00f6nefeld, 3 ene (dpa) &#8211; Desde el congestionado aeropuerto de Berl\u00edn Tegel viajaron en el \u00faltimo a\u00f1o tantas personas como nunca antes, anunciaron los operadores del aeropuerto a la agencia dpa. Con un total de 22 millones de pasajeros, el aeropuerto super\u00f3 en 700.000 usuarios la cifra r\u00e9cord anterior alcanzada en 2016, seg\u00fan los datos.<\/p>\n","protected":false},"author":1,"featured_media":113327,"comment_status":"closed","ping_status":"closed","sticky":false,"template":"","format":"standard","meta":{"footnotes":""},"categories":[343],"tags":[],"class_list":{"0":"post-113326","1":"post","2":"type-post","3":"status-publish","4":"format-standard","5":"has-post-thumbnail","7":"category-actualidad"},"aioseo_notices":[],"aioseo_head":"\n\t\t<!-- All in One SEO Pro 4.9.6.2 - aioseo.com -->\n\t<meta name=\"description\" content=\"Berl\u00edn\/Sch\u00f6nefeld, 3 ene (dpa) - Desde el congestionado aeropuerto de Berl\u00edn Tegel viajaron en el \u00faltimo a\u00f1o tantas personas como nunca antes, anunciaron los operadores del aeropuerto a la agencia dpa. Con un total de 22 millones de pasajeros, el aeropuerto super\u00f3 en 700.000 usuarios la cifra r\u00e9cord anterior alcanzada en 2016, seg\u00fan los datos.\" \/>\n\t<meta name=\"robots\" content=\"max-image-preview:large\" \/>\n\t<meta name=\"author\" content=\"Cand\u00e1s 365\"\/>\n\t<meta name=\"google-site-verification\" content=\"UA-32230408-1\" \/>\n\t<meta name=\"msvalidate.01\" content=\"354F3CDFB2DA171B47FBE9ABF1F88D5\" \/>\n\t<meta name=\"keywords\" content=\"actualidad\" \/>\n\t<link rel=\"canonical\" href=\"https:\/\/candas365.es\/noticias\/el-aeropuerto-de-tegel-registra-otro-record-de-pasajeros\/\" \/>\n\t<meta name=\"generator\" content=\"All in One SEO Pro (AIOSEO) 4.9.6.2\" \/>\n\t\t<meta property=\"og:locale\" content=\"es_ES\" \/>\n\t\t<meta property=\"og:site_name\" content=\"Cand\u00e1s 365\" \/>\n\t\t<meta property=\"og:type\" content=\"article\" \/>\n\t\t<meta property=\"og:title\" content=\"El aeropuerto de Tegel registra otro r\u00e9cord de pasajeros | Cand\u00e1s 365\" \/>\n\t\t<meta property=\"og:description\" content=\"Berl\u00edn\/Sch\u00f6nefeld, 3 ene (dpa) - Desde el congestionado aeropuerto de Berl\u00edn Tegel viajaron en el \u00faltimo a\u00f1o tantas personas como nunca antes, anunciaron los operadores del aeropuerto a la agencia dpa. Con un total de 22 millones de pasajeros, el aeropuerto super\u00f3 en 700.000 usuarios la cifra r\u00e9cord anterior alcanzada en 2016, seg\u00fan los datos.\" \/>\n\t\t<meta property=\"og:url\" content=\"https:\/\/candas365.es\/noticias\/el-aeropuerto-de-tegel-registra-otro-record-de-pasajeros\/\" \/>\n\t\t<meta property=\"og:image\" content=\"https:\/\/candas365.es\/noticias\/wp-content\/uploads\/2019\/01\/Tegel.jpg\" \/>\n\t\t<meta property=\"og:image:secure_url\" content=\"https:\/\/candas365.es\/noticias\/wp-content\/uploads\/2019\/01\/Tegel.jpg\" \/>\n\t\t<meta property=\"og:image:width\" content=\"998\" \/>\n\t\t<meta property=\"og:image:height\" content=\"624\" \/>\n\t\t<meta property=\"article:published_time\" content=\"2019-01-03T22:19:43+00:00\" \/>\n\t\t<meta property=\"article:modified_time\" content=\"2019-01-03T22:19:43+00:00\" \/>\n\t\t<meta property=\"article:publisher\" content=\"https:\/\/www.facebook.com\/Nachofdezber\" \/>\n\t\t<meta property=\"article:author\" content=\"https:\/\/www.facebook.com\/carrenoactualidad\" \/>\n\t\t<meta name=\"twitter:card\" content=\"summary_large_image\" \/>\n\t\t<meta name=\"twitter:site\" content=\"@NabercoDigital\" \/>\n\t\t<meta name=\"twitter:title\" content=\"El aeropuerto de Tegel registra otro r\u00e9cord de pasajeros | Cand\u00e1s 365\" \/>\n\t\t<meta name=\"twitter:description\" content=\"Berl\u00edn\/Sch\u00f6nefeld, 3 ene (dpa) - Desde el congestionado aeropuerto de Berl\u00edn Tegel viajaron en el \u00faltimo a\u00f1o tantas personas como nunca antes, anunciaron los operadores del aeropuerto a la agencia dpa. Con un total de 22 millones de pasajeros, el aeropuerto super\u00f3 en 700.000 usuarios la cifra r\u00e9cord anterior alcanzada en 2016, seg\u00fan los datos.\" \/>\n\t\t<meta name=\"twitter:creator\" content=\"@nbasturias\" \/>\n\t\t<meta name=\"twitter:image\" content=\"https:\/\/candas365.es\/noticias\/wp-content\/uploads\/2019\/01\/Tegel.jpg\" \/>\n\t\t<meta name=\"twitter:label1\" content=\"Escrito por\" \/>\n\t\t<meta name=\"twitter:data1\" content=\"Cand\u00e1s 365\" \/>\n\t\t<meta name=\"twitter:label2\" content=\"Tiempo de lectura estimado\" \/>\n\t\t<meta name=\"twitter:data2\" content=\"1 minuto\" \/>\n\t\t<script type=\"application\/ld+json\" class=\"aioseo-schema\">\n\t\t\t{\"@context\":\"https:\\\/\\\/schema.org\",\"@graph\":[{\"@type\":\"BreadcrumbList\",\"@id\":\"https:\\\/\\\/candas365.es\\\/noticias\\\/el-aeropuerto-de-tegel-registra-otro-record-de-pasajeros\\\/#breadcrumblist\",\"itemListElement\":[{\"@type\":\"ListItem\",\"@id\":\"https:\\\/\\\/candas365.es\\\/noticias#listItem\",\"position\":1,\"name\":\"Home\",\"item\":\"https:\\\/\\\/candas365.es\\\/noticias\",\"nextItem\":{\"@type\":\"ListItem\",\"@id\":\"https:\\\/\\\/candas365.es\\\/noticias\\\/category\\\/actualidad\\\/#listItem\",\"name\":\"Actualidad\"}},{\"@type\":\"ListItem\",\"@id\":\"https:\\\/\\\/candas365.es\\\/noticias\\\/category\\\/actualidad\\\/#listItem\",\"position\":2,\"name\":\"Actualidad\",\"item\":\"https:\\\/\\\/candas365.es\\\/noticias\\\/category\\\/actualidad\\\/\",\"nextItem\":{\"@type\":\"ListItem\",\"@id\":\"https:\\\/\\\/candas365.es\\\/noticias\\\/el-aeropuerto-de-tegel-registra-otro-record-de-pasajeros\\\/#listItem\",\"name\":\"El aeropuerto de Tegel registra otro r\\u00e9cord de pasajeros\"},\"previousItem\":{\"@type\":\"ListItem\",\"@id\":\"https:\\\/\\\/candas365.es\\\/noticias#listItem\",\"name\":\"Home\"}},{\"@type\":\"ListItem\",\"@id\":\"https:\\\/\\\/candas365.es\\\/noticias\\\/el-aeropuerto-de-tegel-registra-otro-record-de-pasajeros\\\/#listItem\",\"position\":3,\"name\":\"El aeropuerto de Tegel registra otro r\\u00e9cord de pasajeros\",\"previousItem\":{\"@type\":\"ListItem\",\"@id\":\"https:\\\/\\\/candas365.es\\\/noticias\\\/category\\\/actualidad\\\/#listItem\",\"name\":\"Actualidad\"}}]},{\"@type\":\"NewsArticle\",\"@id\":\"https:\\\/\\\/candas365.es\\\/noticias\\\/el-aeropuerto-de-tegel-registra-otro-record-de-pasajeros\\\/#newsarticle\",\"name\":\"El aeropuerto de Tegel registra otro r\\u00e9cord de pasajeros | Cand\\u00e1s 365\",\"headline\":\"El aeropuerto de Tegel registra otro r\\u00e9cord de pasajeros\",\"author\":{\"@id\":\"https:\\\/\\\/candas365.es\\\/noticias\\\/author\\\/admin\\\/#author\"},\"publisher\":{\"@id\":\"https:\\\/\\\/candas365.es\\\/noticias\\\/#organization\"},\"image\":{\"@type\":\"ImageObject\",\"url\":\"https:\\\/\\\/candas365.es\\\/noticias\\\/wp-content\\\/uploads\\\/2019\\\/01\\\/Tegel.jpg\",\"width\":998,\"height\":624,\"caption\":\"Pasajeros en el aeropuerto Tegel de Berl\\u00edn, Alemania. Foto: Sebastian Kahnert\\\/dpa\"},\"datePublished\":\"2019-01-03T22:19:43+01:00\",\"dateModified\":\"2019-01-03T22:19:43+01:00\",\"inLanguage\":\"es-ES\",\"mainEntityOfPage\":{\"@id\":\"https:\\\/\\\/candas365.es\\\/noticias\\\/el-aeropuerto-de-tegel-registra-otro-record-de-pasajeros\\\/#webpage\"},\"isPartOf\":{\"@id\":\"https:\\\/\\\/candas365.es\\\/noticias\\\/el-aeropuerto-de-tegel-registra-otro-record-de-pasajeros\\\/#webpage\"},\"articleSection\":\"Actualidad\",\"dateline\":\"Publicado el enero 3, 2019.\"},{\"@type\":\"Organization\",\"@id\":\"https:\\\/\\\/candas365.es\\\/noticias\\\/#organization\",\"name\":\"Cand\\u00e1s 365\",\"description\":\"Cand\\u00e1s 365 es un diario digital independiente, fundado en 2012, con base en Asturias. Informamos con rigor sobre actualidad, sociedad, cultura y ocio, con una mirada local y global.\",\"url\":\"https:\\\/\\\/candas365.es\\\/noticias\\\/\",\"email\":\"info@candas365.es\",\"telephone\":\"+34652131393\",\"foundingDate\":\"2012-06-10\",\"logo\":{\"@type\":\"ImageObject\",\"url\":\"https:\\\/\\\/candas365.es\\\/noticias\\\/wp-content\\\/uploads\\\/2024\\\/09\\\/Candas-365-Redes.jpg\",\"@id\":\"https:\\\/\\\/candas365.es\\\/noticias\\\/el-aeropuerto-de-tegel-registra-otro-record-de-pasajeros\\\/#organizationLogo\",\"width\":1152,\"height\":864,\"caption\":\"Cand\\u00e1s 365 Redes\"},\"image\":{\"@id\":\"https:\\\/\\\/candas365.es\\\/noticias\\\/el-aeropuerto-de-tegel-registra-otro-record-de-pasajeros\\\/#organizationLogo\"},\"sameAs\":[\"https:\\\/\\\/www.facebook.com\\\/Nachofdezber\",\"https:\\\/\\\/x.com\\\/NabercoDigital\",\"https:\\\/\\\/www.instagram.com\\\/nachofdezber\\\/\",\"https:\\\/\\\/www.youtube.com\\\/channel\\\/UCZP-2wLEB9Rv6erhFmqVnvg\"],\"address\":{\"@id\":\"https:\\\/\\\/candas365.es\\\/noticias\\\/#postaladdress\",\"@type\":\"PostalAddress\",\"streetAddress\":\"san antonio 4, san antonio 4\",\"postalCode\":\"33430\",\"addressLocality\":\"Cand\\u00e1s\",\"addressRegion\":\"Asturias\",\"addressCountry\":\"ES\"}},{\"@type\":\"Person\",\"@id\":\"https:\\\/\\\/candas365.es\\\/noticias\\\/author\\\/admin\\\/#author\",\"url\":\"https:\\\/\\\/candas365.es\\\/noticias\\\/author\\\/admin\\\/\",\"name\":\"Cand\\u00e1s 365\",\"image\":{\"@type\":\"ImageObject\",\"@id\":\"https:\\\/\\\/candas365.es\\\/noticias\\\/el-aeropuerto-de-tegel-registra-otro-record-de-pasajeros\\\/#authorImage\",\"url\":\"https:\\\/\\\/secure.gravatar.com\\\/avatar\\\/496a8e03d0c493ede1718b7934145dbdf8d89be1036b0eec9544e1094c9de390?s=96&d=mm&r=g\",\"width\":96,\"height\":96,\"caption\":\"Cand\\u00e1s 365\"},\"sameAs\":[\"https:\\\/\\\/www.facebook.com\\\/carrenoactualidad\",\"https:\\\/\\\/twitter.com\\\/nbasturias\",\"https:\\\/\\\/www.instagram.com\\\/nachofdezber\\\/\",\"https:\\\/\\\/www.youtube.com\\\/channel\\\/UCZP-2wLEB9Rv6erhFmqVnvg\"]},{\"@type\":\"WebPage\",\"@id\":\"https:\\\/\\\/candas365.es\\\/noticias\\\/el-aeropuerto-de-tegel-registra-otro-record-de-pasajeros\\\/#webpage\",\"url\":\"https:\\\/\\\/candas365.es\\\/noticias\\\/el-aeropuerto-de-tegel-registra-otro-record-de-pasajeros\\\/\",\"name\":\"El aeropuerto de Tegel registra otro r\\u00e9cord de pasajeros | Cand\\u00e1s 365\",\"description\":\"Berl\\u00edn\\\/Sch\\u00f6nefeld, 3 ene (dpa) - Desde el congestionado aeropuerto de Berl\\u00edn Tegel viajaron en el \\u00faltimo a\\u00f1o tantas personas como nunca antes, anunciaron los operadores del aeropuerto a la agencia dpa. Con un total de 22 millones de pasajeros, el aeropuerto super\\u00f3 en 700.000 usuarios la cifra r\\u00e9cord anterior alcanzada en 2016, seg\\u00fan los datos.\",\"inLanguage\":\"es-ES\",\"isPartOf\":{\"@id\":\"https:\\\/\\\/candas365.es\\\/noticias\\\/#website\"},\"breadcrumb\":{\"@id\":\"https:\\\/\\\/candas365.es\\\/noticias\\\/el-aeropuerto-de-tegel-registra-otro-record-de-pasajeros\\\/#breadcrumblist\"},\"author\":{\"@id\":\"https:\\\/\\\/candas365.es\\\/noticias\\\/author\\\/admin\\\/#author\"},\"creator\":{\"@id\":\"https:\\\/\\\/candas365.es\\\/noticias\\\/author\\\/admin\\\/#author\"},\"image\":{\"@type\":\"ImageObject\",\"url\":\"https:\\\/\\\/candas365.es\\\/noticias\\\/wp-content\\\/uploads\\\/2019\\\/01\\\/Tegel.jpg\",\"@id\":\"https:\\\/\\\/candas365.es\\\/noticias\\\/el-aeropuerto-de-tegel-registra-otro-record-de-pasajeros\\\/#mainImage\",\"width\":998,\"height\":624,\"caption\":\"Pasajeros en el aeropuerto Tegel de Berl\\u00edn, Alemania. Foto: Sebastian Kahnert\\\/dpa\"},\"primaryImageOfPage\":{\"@id\":\"https:\\\/\\\/candas365.es\\\/noticias\\\/el-aeropuerto-de-tegel-registra-otro-record-de-pasajeros\\\/#mainImage\"},\"datePublished\":\"2019-01-03T22:19:43+01:00\",\"dateModified\":\"2019-01-03T22:19:43+01:00\"},{\"@type\":\"WebSite\",\"@id\":\"https:\\\/\\\/candas365.es\\\/noticias\\\/#website\",\"url\":\"https:\\\/\\\/candas365.es\\\/noticias\\\/\",\"name\":\"Cand\\u00e1s 365\",\"alternateName\":\"Cand\\u00e1s 365 Noticias\",\"description\":\"Actualidad desde Carre\\u00f1o para el mundo\",\"inLanguage\":\"es-ES\",\"publisher\":{\"@id\":\"https:\\\/\\\/candas365.es\\\/noticias\\\/#organization\"}}]}\n\t\t<\/script>\n\t\t<!-- All in One SEO Pro -->\r\n\t\t<title>El aeropuerto de Tegel registra otro r\u00e9cord de pasajeros | Cand\u00e1s 365<\/title>\n\n","aioseo_head_json":{"title":"El aeropuerto de Tegel registra otro r\u00e9cord de pasajeros | Cand\u00e1s 365","description":"Berl\u00edn\/Sch\u00f6nefeld, 3 ene (dpa) - Desde el congestionado aeropuerto de Berl\u00edn Tegel viajaron en el \u00faltimo a\u00f1o tantas personas como nunca antes, anunciaron los operadores del aeropuerto a la agencia dpa. Con un total de 22 millones de pasajeros, el aeropuerto super\u00f3 en 700.000 usuarios la cifra r\u00e9cord anterior alcanzada en 2016, seg\u00fan los datos.","canonical_url":"https:\/\/candas365.es\/noticias\/el-aeropuerto-de-tegel-registra-otro-record-de-pasajeros\/","robots":"max-image-preview:large","keywords":"actualidad","webmasterTools":{"google-site-verification":"UA-32230408-1","msvalidate.01":"354F3CDFB2DA171B47FBE9ABF1F88D5","miscellaneous":""},"schema":{"@context":"https:\/\/schema.org","@graph":[{"@type":"BreadcrumbList","@id":"https:\/\/candas365.es\/noticias\/el-aeropuerto-de-tegel-registra-otro-record-de-pasajeros\/#breadcrumblist","itemListElement":[{"@type":"ListItem","@id":"https:\/\/candas365.es\/noticias#listItem","position":1,"name":"Home","item":"https:\/\/candas365.es\/noticias","nextItem":{"@type":"ListItem","@id":"https:\/\/candas365.es\/noticias\/category\/actualidad\/#listItem","name":"Actualidad"}},{"@type":"ListItem","@id":"https:\/\/candas365.es\/noticias\/category\/actualidad\/#listItem","position":2,"name":"Actualidad","item":"https:\/\/candas365.es\/noticias\/category\/actualidad\/","nextItem":{"@type":"ListItem","@id":"https:\/\/candas365.es\/noticias\/el-aeropuerto-de-tegel-registra-otro-record-de-pasajeros\/#listItem","name":"El aeropuerto de Tegel registra otro r\u00e9cord de pasajeros"},"previousItem":{"@type":"ListItem","@id":"https:\/\/candas365.es\/noticias#listItem","name":"Home"}},{"@type":"ListItem","@id":"https:\/\/candas365.es\/noticias\/el-aeropuerto-de-tegel-registra-otro-record-de-pasajeros\/#listItem","position":3,"name":"El aeropuerto de Tegel registra otro r\u00e9cord de pasajeros","previousItem":{"@type":"ListItem","@id":"https:\/\/candas365.es\/noticias\/category\/actualidad\/#listItem","name":"Actualidad"}}]},{"@type":"NewsArticle","@id":"https:\/\/candas365.es\/noticias\/el-aeropuerto-de-tegel-registra-otro-record-de-pasajeros\/#newsarticle","name":"El aeropuerto de Tegel registra otro r\u00e9cord de pasajeros | Cand\u00e1s 365","headline":"El aeropuerto de Tegel registra otro r\u00e9cord de pasajeros","author":{"@id":"https:\/\/candas365.es\/noticias\/author\/admin\/#author"},"publisher":{"@id":"https:\/\/candas365.es\/noticias\/#organization"},"image":{"@type":"ImageObject","url":"https:\/\/candas365.es\/noticias\/wp-content\/uploads\/2019\/01\/Tegel.jpg","width":998,"height":624,"caption":"Pasajeros en el aeropuerto Tegel de Berl\u00edn, Alemania. Foto: Sebastian Kahnert\/dpa"},"datePublished":"2019-01-03T22:19:43+01:00","dateModified":"2019-01-03T22:19:43+01:00","inLanguage":"es-ES","mainEntityOfPage":{"@id":"https:\/\/candas365.es\/noticias\/el-aeropuerto-de-tegel-registra-otro-record-de-pasajeros\/#webpage"},"isPartOf":{"@id":"https:\/\/candas365.es\/noticias\/el-aeropuerto-de-tegel-registra-otro-record-de-pasajeros\/#webpage"},"articleSection":"Actualidad","dateline":"Publicado el enero 3, 2019."},{"@type":"Organization","@id":"https:\/\/candas365.es\/noticias\/#organization","name":"Cand\u00e1s 365","description":"Cand\u00e1s 365 es un diario digital independiente, fundado en 2012, con base en Asturias. Informamos con rigor sobre actualidad, sociedad, cultura y ocio, con una mirada local y global.","url":"https:\/\/candas365.es\/noticias\/","email":"info@candas365.es","telephone":"+34652131393","foundingDate":"2012-06-10","logo":{"@type":"ImageObject","url":"https:\/\/candas365.es\/noticias\/wp-content\/uploads\/2024\/09\/Candas-365-Redes.jpg","@id":"https:\/\/candas365.es\/noticias\/el-aeropuerto-de-tegel-registra-otro-record-de-pasajeros\/#organizationLogo","width":1152,"height":864,"caption":"Cand\u00e1s 365 Redes"},"image":{"@id":"https:\/\/candas365.es\/noticias\/el-aeropuerto-de-tegel-registra-otro-record-de-pasajeros\/#organizationLogo"},"sameAs":["https:\/\/www.facebook.com\/Nachofdezber","https:\/\/x.com\/NabercoDigital","https:\/\/www.instagram.com\/nachofdezber\/","https:\/\/www.youtube.com\/channel\/UCZP-2wLEB9Rv6erhFmqVnvg"],"address":{"@id":"https:\/\/candas365.es\/noticias\/#postaladdress","@type":"PostalAddress","streetAddress":"san antonio 4, san antonio 4","postalCode":"33430","addressLocality":"Cand\u00e1s","addressRegion":"Asturias","addressCountry":"ES"}},{"@type":"Person","@id":"https:\/\/candas365.es\/noticias\/author\/admin\/#author","url":"https:\/\/candas365.es\/noticias\/author\/admin\/","name":"Cand\u00e1s 365","image":{"@type":"ImageObject","@id":"https:\/\/candas365.es\/noticias\/el-aeropuerto-de-tegel-registra-otro-record-de-pasajeros\/#authorImage","url":"https:\/\/secure.gravatar.com\/avatar\/496a8e03d0c493ede1718b7934145dbdf8d89be1036b0eec9544e1094c9de390?s=96&d=mm&r=g","width":96,"height":96,"caption":"Cand\u00e1s 365"},"sameAs":["https:\/\/www.facebook.com\/carrenoactualidad","https:\/\/twitter.com\/nbasturias","https:\/\/www.instagram.com\/nachofdezber\/","https:\/\/www.youtube.com\/channel\/UCZP-2wLEB9Rv6erhFmqVnvg"]},{"@type":"WebPage","@id":"https:\/\/candas365.es\/noticias\/el-aeropuerto-de-tegel-registra-otro-record-de-pasajeros\/#webpage","url":"https:\/\/candas365.es\/noticias\/el-aeropuerto-de-tegel-registra-otro-record-de-pasajeros\/","name":"El aeropuerto de Tegel registra otro r\u00e9cord de pasajeros | Cand\u00e1s 365","description":"Berl\u00edn\/Sch\u00f6nefeld, 3 ene (dpa) - Desde el congestionado aeropuerto de Berl\u00edn Tegel viajaron en el \u00faltimo a\u00f1o tantas personas como nunca antes, anunciaron los operadores del aeropuerto a la agencia dpa. Con un total de 22 millones de pasajeros, el aeropuerto super\u00f3 en 700.000 usuarios la cifra r\u00e9cord anterior alcanzada en 2016, seg\u00fan los datos.","inLanguage":"es-ES","isPartOf":{"@id":"https:\/\/candas365.es\/noticias\/#website"},"breadcrumb":{"@id":"https:\/\/candas365.es\/noticias\/el-aeropuerto-de-tegel-registra-otro-record-de-pasajeros\/#breadcrumblist"},"author":{"@id":"https:\/\/candas365.es\/noticias\/author\/admin\/#author"},"creator":{"@id":"https:\/\/candas365.es\/noticias\/author\/admin\/#author"},"image":{"@type":"ImageObject","url":"https:\/\/candas365.es\/noticias\/wp-content\/uploads\/2019\/01\/Tegel.jpg","@id":"https:\/\/candas365.es\/noticias\/el-aeropuerto-de-tegel-registra-otro-record-de-pasajeros\/#mainImage","width":998,"height":624,"caption":"Pasajeros en el aeropuerto Tegel de Berl\u00edn, Alemania. Foto: Sebastian Kahnert\/dpa"},"primaryImageOfPage":{"@id":"https:\/\/candas365.es\/noticias\/el-aeropuerto-de-tegel-registra-otro-record-de-pasajeros\/#mainImage"},"datePublished":"2019-01-03T22:19:43+01:00","dateModified":"2019-01-03T22:19:43+01:00"},{"@type":"WebSite","@id":"https:\/\/candas365.es\/noticias\/#website","url":"https:\/\/candas365.es\/noticias\/","name":"Cand\u00e1s 365","alternateName":"Cand\u00e1s 365 Noticias","description":"Actualidad desde Carre\u00f1o para el mundo","inLanguage":"es-ES","publisher":{"@id":"https:\/\/candas365.es\/noticias\/#organization"}}]},"og:locale":"es_ES","og:site_name":"Cand\u00e1s 365","og:type":"article","og:title":"El aeropuerto de Tegel registra otro r\u00e9cord de pasajeros | Cand\u00e1s 365","og:description":"Berl\u00edn\/Sch\u00f6nefeld, 3 ene (dpa) - Desde el congestionado aeropuerto de Berl\u00edn Tegel viajaron en el \u00faltimo a\u00f1o tantas personas como nunca antes, anunciaron los operadores del aeropuerto a la agencia dpa. Con un total de 22 millones de pasajeros, el aeropuerto super\u00f3 en 700.000 usuarios la cifra r\u00e9cord anterior alcanzada en 2016, seg\u00fan los datos.","og:url":"https:\/\/candas365.es\/noticias\/el-aeropuerto-de-tegel-registra-otro-record-de-pasajeros\/","og:image":"https:\/\/candas365.es\/noticias\/wp-content\/uploads\/2019\/01\/Tegel.jpg","og:image:secure_url":"https:\/\/candas365.es\/noticias\/wp-content\/uploads\/2019\/01\/Tegel.jpg","og:image:width":998,"og:image:height":624,"article:published_time":"2019-01-03T22:19:43+00:00","article:modified_time":"2019-01-03T22:19:43+00:00","article:publisher":"https:\/\/www.facebook.com\/Nachofdezber","article:author":"https:\/\/www.facebook.com\/carrenoactualidad","twitter:card":"summary_large_image","twitter:site":"@NabercoDigital","twitter:title":"El aeropuerto de Tegel registra otro r\u00e9cord de pasajeros | Cand\u00e1s 365","twitter:description":"Berl\u00edn\/Sch\u00f6nefeld, 3 ene (dpa) - Desde el congestionado aeropuerto de Berl\u00edn Tegel viajaron en el \u00faltimo a\u00f1o tantas personas como nunca antes, anunciaron los operadores del aeropuerto a la agencia dpa. Con un total de 22 millones de pasajeros, el aeropuerto super\u00f3 en 700.000 usuarios la cifra r\u00e9cord anterior alcanzada en 2016, seg\u00fan los datos.","twitter:creator":"@nbasturias","twitter:image":"https:\/\/candas365.es\/noticias\/wp-content\/uploads\/2019\/01\/Tegel.jpg","twitter:label1":"Escrito por","twitter:data1":"Cand\u00e1s 365","twitter:label2":"Tiempo de lectura estimado","twitter:data2":"1 minuto"},"aioseo_meta_data":{"post_id":"113326","title":null,"description":null,"keywords":null,"keyphrases":null,"primary_term":null,"canonical_url":null,"og_title":null,"og_description":null,"og_object_type":"default","og_image_type":"default","og_image_url":null,"og_image_width":null,"og_image_height":null,"og_image_custom_url":null,"og_image_custom_fields":null,"og_video":null,"og_custom_url":null,"og_article_section":null,"og_article_tags":null,"twitter_use_og":false,"twitter_card":"default","twitter_image_type":"default","twitter_image_url":null,"twitter_image_custom_url":null,"twitter_image_custom_fields":null,"twitter_title":null,"twitter_description":null,"schema":{"blockGraphs":[],"customGraphs":[],"default":{"data":{"Article":[],"Course":[],"Dataset":[],"FAQPage":[],"Movie":[],"Person":[],"Product":[],"ProductReview":[],"Car":[],"Recipe":[],"Service":[],"SoftwareApplication":[],"WebPage":[]},"graphName":"","isEnabled":true},"graphs":[],"defaultGraph":"","defaultPostTypeGraph":""},"schema_type":null,"schema_type_options":null,"pillar_content":false,"robots_default":true,"robots_noindex":false,"robots_noarchive":false,"robots_nosnippet":false,"robots_nofollow":false,"robots_noimageindex":false,"robots_noodp":false,"robots_notranslate":false,"robots_max_snippet":null,"robots_max_videopreview":null,"robots_max_imagepreview":"large","priority":null,"frequency":null,"location":null,"local_seo":null,"seo_analyzer_scan_date":"2025-08-28 21:04:19","breadcrumb_settings":null,"limit_modified_date":false,"reviewed_by":null,"open_ai":null,"ai":null,"created":"2020-12-21 11:29:56","updated":"2025-08-28 21:04:19"},"aioseo_breadcrumb":"<div class=\"aioseo-breadcrumbs\"><span class=\"aioseo-breadcrumb\">\n\t<a href=\"https:\/\/candas365.es\/noticias\" title=\"Home\">Home<\/a>\n<\/span><span class=\"aioseo-breadcrumb-separator\">&ndash;<\/span><span class=\"aioseo-breadcrumb\">\n\t<a href=\"https:\/\/candas365.es\/noticias\/category\/actualidad\/\" title=\"Actualidad\">Actualidad<\/a>\n<\/span><span class=\"aioseo-breadcrumb-separator\">&ndash;<\/span><span class=\"aioseo-breadcrumb\">\n\tEl aeropuerto de Tegel registra otro r\u00e9cord de pasajeros\n<\/span><\/div>","aioseo_breadcrumb_json":[{"label":"Home","link":"https:\/\/candas365.es\/noticias"},{"label":"Actualidad","link":"https:\/\/candas365.es\/noticias\/category\/actualidad\/"},{"label":"El aeropuerto de Tegel registra otro r\u00e9cord de pasajeros","link":"https:\/\/candas365.es\/noticias\/el-aeropuerto-de-tegel-registra-otro-record-de-pasajeros\/"}],"_links":{"self":[{"href":"https:\/\/candas365.es\/noticias\/wp-json\/wp\/v2\/posts\/113326","targetHints":{"allow":["GET"]}}],"collection":[{"href":"https:\/\/candas365.es\/noticias\/wp-json\/wp\/v2\/posts"}],"about":[{"href":"https:\/\/candas365.es\/noticias\/wp-json\/wp\/v2\/types\/post"}],"author":[{"embeddable":true,"href":"https:\/\/candas365.es\/noticias\/wp-json\/wp\/v2\/users\/1"}],"replies":[{"embeddable":true,"href":"https:\/\/candas365.es\/noticias\/wp-json\/wp\/v2\/comments?post=113326"}],"version-history":[{"count":0,"href":"https:\/\/candas365.es\/noticias\/wp-json\/wp\/v2\/posts\/113326\/revisions"}],"wp:featuredmedia":[{"embeddable":true,"href":"https:\/\/candas365.es\/noticias\/wp-json\/wp\/v2\/media\/113327"}],"wp:attachment":[{"href":"https:\/\/candas365.es\/noticias\/wp-json\/wp\/v2\/media?parent=113326"}],"wp:term":[{"taxonomy":"category","embeddable":true,"href":"https:\/\/candas365.es\/noticias\/wp-json\/wp\/v2\/categories?post=113326"},{"taxonomy":"post_tag","embeddable":true,"href":"https:\/\/candas365.es\/noticias\/wp-json\/wp\/v2\/tags?post=113326"}],"curies":[{"name":"wp","href":"https:\/\/api.w.org\/{rel}","templated":true}]}}