{"id":113324,"date":"2019-01-03T21:54:44","date_gmt":"2019-01-03T21:54:44","guid":{"rendered":"http:\/\/candas365.es\/noticias\/?p=113324"},"modified":"2019-01-03T21:54:44","modified_gmt":"2019-01-03T21:54:44","slug":"solo-un-tercio-de-los-alemanes-cree-todavia-en-el-bayern","status":"publish","type":"post","link":"https:\/\/candas365.es\/noticias\/solo-un-tercio-de-los-alemanes-cree-todavia-en-el-bayern\/","title":{"rendered":"S\u00f3lo un tercio de los alemanes cree todav\u00eda en el Bayern"},"content":{"rendered":"<p><img fetchpriority=\"high\" decoding=\"async\" class=\"alignleft size-medium wp-image-94574\" src=\"https:\/\/candas365.es\/noticias\/wp-content\/uploads\/2018\/04\/arena-1181668_960_720-360x240.jpg\" alt=\"\" width=\"360\" height=\"240\" srcset=\"https:\/\/candas365.es\/noticias\/wp-content\/uploads\/2018\/04\/arena-1181668_960_720-360x240.jpg 360w, https:\/\/candas365.es\/noticias\/wp-content\/uploads\/2018\/04\/arena-1181668_960_720-768x512.jpg 768w, https:\/\/candas365.es\/noticias\/wp-content\/uploads\/2018\/04\/arena-1181668_960_720-655x437.jpg 655w, https:\/\/candas365.es\/noticias\/wp-content\/uploads\/2018\/04\/arena-1181668_960_720-696x464.jpg 696w, https:\/\/candas365.es\/noticias\/wp-content\/uploads\/2018\/04\/arena-1181668_960_720-630x420.jpg 630w, https:\/\/candas365.es\/noticias\/wp-content\/uploads\/2018\/04\/arena-1181668_960_720.jpg 960w\" sizes=\"(max-width: 360px) 100vw, 360px\" \/>Berl\u00edn, 3 ene (dpa) &#8211; S\u00f3lo un tercio de los alemanes cree a\u00fan que el Bayern M\u00fanich conseguir\u00e1 el t\u00edtulo de campe\u00f3n de la Bundesliga esta temporada, seg\u00fan los resultados de una encuesta representativa realizada por el instituto demosc\u00f3pico YouGov por encargo de la agencia dpa.<\/p>\n<p>Solo el 32 por ciento de los encuestados conf\u00eda en que el campe\u00f3n defensor del t\u00edtulo pueda recuperar la distancia de seis puntos con respecto al Borussia Dortmund.<\/p>\n<p>Por otro lado, el 36 por ciento de los encuestados no est\u00e1 convencido de que el Bayern consiga un nuevo campeonato, mientras que el resto de los preguntados no quiso pronunciarse al respecto.<\/p>\n<p>El Bayern M\u00fanich se proclam\u00f3 vencedor de la Bundesliga seis veces seguidas. En la primera ronda del campeonato alem\u00e1n de f\u00fatbol, el Bayern defraud\u00f3 en varios partidos y lleg\u00f3 a estar a nueve puntos del Borussia Dortmund, quien s\u00f3lo perdi\u00f3 un encuentro en lo que va de la temporada.<\/p>\n","protected":false},"excerpt":{"rendered":"<p>Berl\u00edn, 3 ene (dpa) &#8211; S\u00f3lo un tercio de los alemanes cree a\u00fan que el Bayern M\u00fanich conseguir\u00e1 el t\u00edtulo de campe\u00f3n de la Bundesliga esta temporada, seg\u00fan los resultados de una encuesta representativa realizada por el instituto demosc\u00f3pico YouGov por encargo de la agencia dpa. Solo el 32 por ciento de los encuestados conf\u00eda<\/p>\n","protected":false},"author":1,"featured_media":94574,"comment_status":"closed","ping_status":"closed","sticky":false,"template":"","format":"standard","meta":{"footnotes":""},"categories":[319],"tags":[],"class_list":{"0":"post-113324","1":"post","2":"type-post","3":"status-publish","4":"format-standard","5":"has-post-thumbnail","7":"category-deporte"},"aioseo_notices":[],"aioseo_head":"\n\t\t<!-- All in One SEO Pro 4.9.6.2 - aioseo.com -->\n\t<meta name=\"description\" content=\"Berl\u00edn, 3 ene (dpa) - S\u00f3lo un tercio de los alemanes cree a\u00fan que el Bayern M\u00fanich conseguir\u00e1 el t\u00edtulo de campe\u00f3n de la Bundesliga esta temporada, seg\u00fan los resultados de una encuesta representativa realizada por el instituto demosc\u00f3pico YouGov por encargo de la agencia dpa. Solo el 32 por ciento de los encuestados conf\u00eda\" \/>\n\t<meta name=\"robots\" content=\"max-image-preview:large\" \/>\n\t<meta name=\"author\" content=\"Cand\u00e1s 365\"\/>\n\t<meta name=\"google-site-verification\" content=\"UA-32230408-1\" \/>\n\t<meta name=\"msvalidate.01\" content=\"354F3CDFB2DA171B47FBE9ABF1F88D5\" \/>\n\t<meta name=\"keywords\" content=\"deporte\" \/>\n\t<link rel=\"canonical\" href=\"https:\/\/candas365.es\/noticias\/solo-un-tercio-de-los-alemanes-cree-todavia-en-el-bayern\/\" \/>\n\t<meta name=\"generator\" content=\"All in One SEO Pro (AIOSEO) 4.9.6.2\" \/>\n\t\t<meta property=\"og:locale\" content=\"es_ES\" \/>\n\t\t<meta property=\"og:site_name\" content=\"Cand\u00e1s 365\" \/>\n\t\t<meta property=\"og:type\" content=\"article\" \/>\n\t\t<meta property=\"og:title\" content=\"S\u00f3lo un tercio de los alemanes cree todav\u00eda en el Bayern | Cand\u00e1s 365\" \/>\n\t\t<meta property=\"og:description\" content=\"Berl\u00edn, 3 ene (dpa) - S\u00f3lo un tercio de los alemanes cree a\u00fan que el Bayern M\u00fanich conseguir\u00e1 el t\u00edtulo de campe\u00f3n de la Bundesliga esta temporada, seg\u00fan los resultados de una encuesta representativa realizada por el instituto demosc\u00f3pico YouGov por encargo de la agencia dpa. Solo el 32 por ciento de los encuestados conf\u00eda\" \/>\n\t\t<meta property=\"og:url\" content=\"https:\/\/candas365.es\/noticias\/solo-un-tercio-de-los-alemanes-cree-todavia-en-el-bayern\/\" \/>\n\t\t<meta property=\"og:image\" content=\"https:\/\/candas365.es\/noticias\/wp-content\/uploads\/2018\/04\/arena-1181668_960_720.jpg\" \/>\n\t\t<meta property=\"og:image:secure_url\" content=\"https:\/\/candas365.es\/noticias\/wp-content\/uploads\/2018\/04\/arena-1181668_960_720.jpg\" \/>\n\t\t<meta property=\"og:image:width\" content=\"960\" \/>\n\t\t<meta property=\"og:image:height\" content=\"640\" \/>\n\t\t<meta property=\"article:published_time\" content=\"2019-01-03T21:54:44+00:00\" \/>\n\t\t<meta property=\"article:modified_time\" content=\"2019-01-03T21:54:44+00:00\" \/>\n\t\t<meta property=\"article:publisher\" content=\"https:\/\/www.facebook.com\/Nachofdezber\" \/>\n\t\t<meta property=\"article:author\" content=\"https:\/\/www.facebook.com\/carrenoactualidad\" \/>\n\t\t<meta name=\"twitter:card\" content=\"summary_large_image\" \/>\n\t\t<meta name=\"twitter:site\" content=\"@NabercoDigital\" \/>\n\t\t<meta name=\"twitter:title\" content=\"S\u00f3lo un tercio de los alemanes cree todav\u00eda en el Bayern | Cand\u00e1s 365\" \/>\n\t\t<meta name=\"twitter:description\" content=\"Berl\u00edn, 3 ene (dpa) - S\u00f3lo un tercio de los alemanes cree a\u00fan que el Bayern M\u00fanich conseguir\u00e1 el t\u00edtulo de campe\u00f3n de la Bundesliga esta temporada, seg\u00fan los resultados de una encuesta representativa realizada por el instituto demosc\u00f3pico YouGov por encargo de la agencia dpa. Solo el 32 por ciento de los encuestados conf\u00eda\" \/>\n\t\t<meta name=\"twitter:creator\" content=\"@nbasturias\" \/>\n\t\t<meta name=\"twitter:image\" content=\"https:\/\/candas365.es\/noticias\/wp-content\/uploads\/2018\/04\/arena-1181668_960_720.jpg\" \/>\n\t\t<meta name=\"twitter:label1\" content=\"Escrito por\" \/>\n\t\t<meta name=\"twitter:data1\" content=\"Cand\u00e1s 365\" \/>\n\t\t<meta name=\"twitter:label2\" content=\"Tiempo de lectura estimado\" \/>\n\t\t<meta name=\"twitter:data2\" content=\"1 minuto\" \/>\n\t\t<script type=\"application\/ld+json\" class=\"aioseo-schema\">\n\t\t\t{\"@context\":\"https:\\\/\\\/schema.org\",\"@graph\":[{\"@type\":\"BreadcrumbList\",\"@id\":\"https:\\\/\\\/candas365.es\\\/noticias\\\/solo-un-tercio-de-los-alemanes-cree-todavia-en-el-bayern\\\/#breadcrumblist\",\"itemListElement\":[{\"@type\":\"ListItem\",\"@id\":\"https:\\\/\\\/candas365.es\\\/noticias#listItem\",\"position\":1,\"name\":\"Home\",\"item\":\"https:\\\/\\\/candas365.es\\\/noticias\",\"nextItem\":{\"@type\":\"ListItem\",\"@id\":\"https:\\\/\\\/candas365.es\\\/noticias\\\/category\\\/deporte\\\/#listItem\",\"name\":\"Deporte\"}},{\"@type\":\"ListItem\",\"@id\":\"https:\\\/\\\/candas365.es\\\/noticias\\\/category\\\/deporte\\\/#listItem\",\"position\":2,\"name\":\"Deporte\",\"item\":\"https:\\\/\\\/candas365.es\\\/noticias\\\/category\\\/deporte\\\/\",\"nextItem\":{\"@type\":\"ListItem\",\"@id\":\"https:\\\/\\\/candas365.es\\\/noticias\\\/solo-un-tercio-de-los-alemanes-cree-todavia-en-el-bayern\\\/#listItem\",\"name\":\"S\\u00f3lo un tercio de los alemanes cree todav\\u00eda en el Bayern\"},\"previousItem\":{\"@type\":\"ListItem\",\"@id\":\"https:\\\/\\\/candas365.es\\\/noticias#listItem\",\"name\":\"Home\"}},{\"@type\":\"ListItem\",\"@id\":\"https:\\\/\\\/candas365.es\\\/noticias\\\/solo-un-tercio-de-los-alemanes-cree-todavia-en-el-bayern\\\/#listItem\",\"position\":3,\"name\":\"S\\u00f3lo un tercio de los alemanes cree todav\\u00eda en el Bayern\",\"previousItem\":{\"@type\":\"ListItem\",\"@id\":\"https:\\\/\\\/candas365.es\\\/noticias\\\/category\\\/deporte\\\/#listItem\",\"name\":\"Deporte\"}}]},{\"@type\":\"NewsArticle\",\"@id\":\"https:\\\/\\\/candas365.es\\\/noticias\\\/solo-un-tercio-de-los-alemanes-cree-todavia-en-el-bayern\\\/#newsarticle\",\"name\":\"S\\u00f3lo un tercio de los alemanes cree todav\\u00eda en el Bayern | Cand\\u00e1s 365\",\"headline\":\"S\\u00f3lo un tercio de los alemanes cree todav\\u00eda en el Bayern\",\"author\":{\"@id\":\"https:\\\/\\\/candas365.es\\\/noticias\\\/author\\\/admin\\\/#author\"},\"publisher\":{\"@id\":\"https:\\\/\\\/candas365.es\\\/noticias\\\/#organization\"},\"image\":{\"@type\":\"ImageObject\",\"url\":\"https:\\\/\\\/candas365.es\\\/noticias\\\/wp-content\\\/uploads\\\/2018\\\/04\\\/arena-1181668_960_720.jpg\",\"width\":960,\"height\":640},\"datePublished\":\"2019-01-03T21:54:44+01:00\",\"dateModified\":\"2019-01-03T21:54:44+01:00\",\"inLanguage\":\"es-ES\",\"mainEntityOfPage\":{\"@id\":\"https:\\\/\\\/candas365.es\\\/noticias\\\/solo-un-tercio-de-los-alemanes-cree-todavia-en-el-bayern\\\/#webpage\"},\"isPartOf\":{\"@id\":\"https:\\\/\\\/candas365.es\\\/noticias\\\/solo-un-tercio-de-los-alemanes-cree-todavia-en-el-bayern\\\/#webpage\"},\"articleSection\":\"Deporte\",\"dateline\":\"Publicado el enero 3, 2019.\"},{\"@type\":\"Organization\",\"@id\":\"https:\\\/\\\/candas365.es\\\/noticias\\\/#organization\",\"name\":\"Cand\\u00e1s 365\",\"description\":\"Cand\\u00e1s 365 es un diario digital independiente, fundado en 2012, con base en Asturias. Informamos con rigor sobre actualidad, sociedad, cultura y ocio, con una mirada local y global.\",\"url\":\"https:\\\/\\\/candas365.es\\\/noticias\\\/\",\"email\":\"info@candas365.es\",\"telephone\":\"+34652131393\",\"foundingDate\":\"2012-06-10\",\"logo\":{\"@type\":\"ImageObject\",\"url\":\"https:\\\/\\\/candas365.es\\\/noticias\\\/wp-content\\\/uploads\\\/2024\\\/09\\\/Candas-365-Redes.jpg\",\"@id\":\"https:\\\/\\\/candas365.es\\\/noticias\\\/solo-un-tercio-de-los-alemanes-cree-todavia-en-el-bayern\\\/#organizationLogo\",\"width\":1152,\"height\":864,\"caption\":\"Cand\\u00e1s 365 Redes\"},\"image\":{\"@id\":\"https:\\\/\\\/candas365.es\\\/noticias\\\/solo-un-tercio-de-los-alemanes-cree-todavia-en-el-bayern\\\/#organizationLogo\"},\"sameAs\":[\"https:\\\/\\\/www.facebook.com\\\/Nachofdezber\",\"https:\\\/\\\/x.com\\\/NabercoDigital\",\"https:\\\/\\\/www.instagram.com\\\/nachofdezber\\\/\",\"https:\\\/\\\/www.youtube.com\\\/channel\\\/UCZP-2wLEB9Rv6erhFmqVnvg\"],\"address\":{\"@id\":\"https:\\\/\\\/candas365.es\\\/noticias\\\/#postaladdress\",\"@type\":\"PostalAddress\",\"streetAddress\":\"san antonio 4, san antonio 4\",\"postalCode\":\"33430\",\"addressLocality\":\"Cand\\u00e1s\",\"addressRegion\":\"Asturias\",\"addressCountry\":\"ES\"}},{\"@type\":\"Person\",\"@id\":\"https:\\\/\\\/candas365.es\\\/noticias\\\/author\\\/admin\\\/#author\",\"url\":\"https:\\\/\\\/candas365.es\\\/noticias\\\/author\\\/admin\\\/\",\"name\":\"Cand\\u00e1s 365\",\"image\":{\"@type\":\"ImageObject\",\"@id\":\"https:\\\/\\\/candas365.es\\\/noticias\\\/solo-un-tercio-de-los-alemanes-cree-todavia-en-el-bayern\\\/#authorImage\",\"url\":\"https:\\\/\\\/secure.gravatar.com\\\/avatar\\\/496a8e03d0c493ede1718b7934145dbdf8d89be1036b0eec9544e1094c9de390?s=96&d=mm&r=g\",\"width\":96,\"height\":96,\"caption\":\"Cand\\u00e1s 365\"},\"sameAs\":[\"https:\\\/\\\/www.facebook.com\\\/carrenoactualidad\",\"https:\\\/\\\/twitter.com\\\/nbasturias\",\"https:\\\/\\\/www.instagram.com\\\/nachofdezber\\\/\",\"https:\\\/\\\/www.youtube.com\\\/channel\\\/UCZP-2wLEB9Rv6erhFmqVnvg\"]},{\"@type\":\"WebPage\",\"@id\":\"https:\\\/\\\/candas365.es\\\/noticias\\\/solo-un-tercio-de-los-alemanes-cree-todavia-en-el-bayern\\\/#webpage\",\"url\":\"https:\\\/\\\/candas365.es\\\/noticias\\\/solo-un-tercio-de-los-alemanes-cree-todavia-en-el-bayern\\\/\",\"name\":\"S\\u00f3lo un tercio de los alemanes cree todav\\u00eda en el Bayern | Cand\\u00e1s 365\",\"description\":\"Berl\\u00edn, 3 ene (dpa) - S\\u00f3lo un tercio de los alemanes cree a\\u00fan que el Bayern M\\u00fanich conseguir\\u00e1 el t\\u00edtulo de campe\\u00f3n de la Bundesliga esta temporada, seg\\u00fan los resultados de una encuesta representativa realizada por el instituto demosc\\u00f3pico YouGov por encargo de la agencia dpa. Solo el 32 por ciento de los encuestados conf\\u00eda\",\"inLanguage\":\"es-ES\",\"isPartOf\":{\"@id\":\"https:\\\/\\\/candas365.es\\\/noticias\\\/#website\"},\"breadcrumb\":{\"@id\":\"https:\\\/\\\/candas365.es\\\/noticias\\\/solo-un-tercio-de-los-alemanes-cree-todavia-en-el-bayern\\\/#breadcrumblist\"},\"author\":{\"@id\":\"https:\\\/\\\/candas365.es\\\/noticias\\\/author\\\/admin\\\/#author\"},\"creator\":{\"@id\":\"https:\\\/\\\/candas365.es\\\/noticias\\\/author\\\/admin\\\/#author\"},\"image\":{\"@type\":\"ImageObject\",\"url\":\"https:\\\/\\\/candas365.es\\\/noticias\\\/wp-content\\\/uploads\\\/2018\\\/04\\\/arena-1181668_960_720.jpg\",\"@id\":\"https:\\\/\\\/candas365.es\\\/noticias\\\/solo-un-tercio-de-los-alemanes-cree-todavia-en-el-bayern\\\/#mainImage\",\"width\":960,\"height\":640},\"primaryImageOfPage\":{\"@id\":\"https:\\\/\\\/candas365.es\\\/noticias\\\/solo-un-tercio-de-los-alemanes-cree-todavia-en-el-bayern\\\/#mainImage\"},\"datePublished\":\"2019-01-03T21:54:44+01:00\",\"dateModified\":\"2019-01-03T21:54:44+01:00\"},{\"@type\":\"WebSite\",\"@id\":\"https:\\\/\\\/candas365.es\\\/noticias\\\/#website\",\"url\":\"https:\\\/\\\/candas365.es\\\/noticias\\\/\",\"name\":\"Cand\\u00e1s 365\",\"alternateName\":\"Cand\\u00e1s 365 Noticias\",\"description\":\"Actualidad desde Carre\\u00f1o para el mundo\",\"inLanguage\":\"es-ES\",\"publisher\":{\"@id\":\"https:\\\/\\\/candas365.es\\\/noticias\\\/#organization\"}}]}\n\t\t<\/script>\n\t\t<!-- All in One SEO Pro -->\r\n\t\t<title>S\u00f3lo un tercio de los alemanes cree todav\u00eda en el Bayern | Cand\u00e1s 365<\/title>\n\n","aioseo_head_json":{"title":"S\u00f3lo un tercio de los alemanes cree todav\u00eda en el Bayern | Cand\u00e1s 365","description":"Berl\u00edn, 3 ene (dpa) - S\u00f3lo un tercio de los alemanes cree a\u00fan que el Bayern M\u00fanich conseguir\u00e1 el t\u00edtulo de campe\u00f3n de la Bundesliga esta temporada, seg\u00fan los resultados de una encuesta representativa realizada por el instituto demosc\u00f3pico YouGov por encargo de la agencia dpa. Solo el 32 por ciento de los encuestados conf\u00eda","canonical_url":"https:\/\/candas365.es\/noticias\/solo-un-tercio-de-los-alemanes-cree-todavia-en-el-bayern\/","robots":"max-image-preview:large","keywords":"deporte","webmasterTools":{"google-site-verification":"UA-32230408-1","msvalidate.01":"354F3CDFB2DA171B47FBE9ABF1F88D5","miscellaneous":""},"schema":{"@context":"https:\/\/schema.org","@graph":[{"@type":"BreadcrumbList","@id":"https:\/\/candas365.es\/noticias\/solo-un-tercio-de-los-alemanes-cree-todavia-en-el-bayern\/#breadcrumblist","itemListElement":[{"@type":"ListItem","@id":"https:\/\/candas365.es\/noticias#listItem","position":1,"name":"Home","item":"https:\/\/candas365.es\/noticias","nextItem":{"@type":"ListItem","@id":"https:\/\/candas365.es\/noticias\/category\/deporte\/#listItem","name":"Deporte"}},{"@type":"ListItem","@id":"https:\/\/candas365.es\/noticias\/category\/deporte\/#listItem","position":2,"name":"Deporte","item":"https:\/\/candas365.es\/noticias\/category\/deporte\/","nextItem":{"@type":"ListItem","@id":"https:\/\/candas365.es\/noticias\/solo-un-tercio-de-los-alemanes-cree-todavia-en-el-bayern\/#listItem","name":"S\u00f3lo un tercio de los alemanes cree todav\u00eda en el Bayern"},"previousItem":{"@type":"ListItem","@id":"https:\/\/candas365.es\/noticias#listItem","name":"Home"}},{"@type":"ListItem","@id":"https:\/\/candas365.es\/noticias\/solo-un-tercio-de-los-alemanes-cree-todavia-en-el-bayern\/#listItem","position":3,"name":"S\u00f3lo un tercio de los alemanes cree todav\u00eda en el Bayern","previousItem":{"@type":"ListItem","@id":"https:\/\/candas365.es\/noticias\/category\/deporte\/#listItem","name":"Deporte"}}]},{"@type":"NewsArticle","@id":"https:\/\/candas365.es\/noticias\/solo-un-tercio-de-los-alemanes-cree-todavia-en-el-bayern\/#newsarticle","name":"S\u00f3lo un tercio de los alemanes cree todav\u00eda en el Bayern | Cand\u00e1s 365","headline":"S\u00f3lo un tercio de los alemanes cree todav\u00eda en el Bayern","author":{"@id":"https:\/\/candas365.es\/noticias\/author\/admin\/#author"},"publisher":{"@id":"https:\/\/candas365.es\/noticias\/#organization"},"image":{"@type":"ImageObject","url":"https:\/\/candas365.es\/noticias\/wp-content\/uploads\/2018\/04\/arena-1181668_960_720.jpg","width":960,"height":640},"datePublished":"2019-01-03T21:54:44+01:00","dateModified":"2019-01-03T21:54:44+01:00","inLanguage":"es-ES","mainEntityOfPage":{"@id":"https:\/\/candas365.es\/noticias\/solo-un-tercio-de-los-alemanes-cree-todavia-en-el-bayern\/#webpage"},"isPartOf":{"@id":"https:\/\/candas365.es\/noticias\/solo-un-tercio-de-los-alemanes-cree-todavia-en-el-bayern\/#webpage"},"articleSection":"Deporte","dateline":"Publicado el enero 3, 2019."},{"@type":"Organization","@id":"https:\/\/candas365.es\/noticias\/#organization","name":"Cand\u00e1s 365","description":"Cand\u00e1s 365 es un diario digital independiente, fundado en 2012, con base en Asturias. Informamos con rigor sobre actualidad, sociedad, cultura y ocio, con una mirada local y global.","url":"https:\/\/candas365.es\/noticias\/","email":"info@candas365.es","telephone":"+34652131393","foundingDate":"2012-06-10","logo":{"@type":"ImageObject","url":"https:\/\/candas365.es\/noticias\/wp-content\/uploads\/2024\/09\/Candas-365-Redes.jpg","@id":"https:\/\/candas365.es\/noticias\/solo-un-tercio-de-los-alemanes-cree-todavia-en-el-bayern\/#organizationLogo","width":1152,"height":864,"caption":"Cand\u00e1s 365 Redes"},"image":{"@id":"https:\/\/candas365.es\/noticias\/solo-un-tercio-de-los-alemanes-cree-todavia-en-el-bayern\/#organizationLogo"},"sameAs":["https:\/\/www.facebook.com\/Nachofdezber","https:\/\/x.com\/NabercoDigital","https:\/\/www.instagram.com\/nachofdezber\/","https:\/\/www.youtube.com\/channel\/UCZP-2wLEB9Rv6erhFmqVnvg"],"address":{"@id":"https:\/\/candas365.es\/noticias\/#postaladdress","@type":"PostalAddress","streetAddress":"san antonio 4, san antonio 4","postalCode":"33430","addressLocality":"Cand\u00e1s","addressRegion":"Asturias","addressCountry":"ES"}},{"@type":"Person","@id":"https:\/\/candas365.es\/noticias\/author\/admin\/#author","url":"https:\/\/candas365.es\/noticias\/author\/admin\/","name":"Cand\u00e1s 365","image":{"@type":"ImageObject","@id":"https:\/\/candas365.es\/noticias\/solo-un-tercio-de-los-alemanes-cree-todavia-en-el-bayern\/#authorImage","url":"https:\/\/secure.gravatar.com\/avatar\/496a8e03d0c493ede1718b7934145dbdf8d89be1036b0eec9544e1094c9de390?s=96&d=mm&r=g","width":96,"height":96,"caption":"Cand\u00e1s 365"},"sameAs":["https:\/\/www.facebook.com\/carrenoactualidad","https:\/\/twitter.com\/nbasturias","https:\/\/www.instagram.com\/nachofdezber\/","https:\/\/www.youtube.com\/channel\/UCZP-2wLEB9Rv6erhFmqVnvg"]},{"@type":"WebPage","@id":"https:\/\/candas365.es\/noticias\/solo-un-tercio-de-los-alemanes-cree-todavia-en-el-bayern\/#webpage","url":"https:\/\/candas365.es\/noticias\/solo-un-tercio-de-los-alemanes-cree-todavia-en-el-bayern\/","name":"S\u00f3lo un tercio de los alemanes cree todav\u00eda en el Bayern | Cand\u00e1s 365","description":"Berl\u00edn, 3 ene (dpa) - S\u00f3lo un tercio de los alemanes cree a\u00fan que el Bayern M\u00fanich conseguir\u00e1 el t\u00edtulo de campe\u00f3n de la Bundesliga esta temporada, seg\u00fan los resultados de una encuesta representativa realizada por el instituto demosc\u00f3pico YouGov por encargo de la agencia dpa. Solo el 32 por ciento de los encuestados conf\u00eda","inLanguage":"es-ES","isPartOf":{"@id":"https:\/\/candas365.es\/noticias\/#website"},"breadcrumb":{"@id":"https:\/\/candas365.es\/noticias\/solo-un-tercio-de-los-alemanes-cree-todavia-en-el-bayern\/#breadcrumblist"},"author":{"@id":"https:\/\/candas365.es\/noticias\/author\/admin\/#author"},"creator":{"@id":"https:\/\/candas365.es\/noticias\/author\/admin\/#author"},"image":{"@type":"ImageObject","url":"https:\/\/candas365.es\/noticias\/wp-content\/uploads\/2018\/04\/arena-1181668_960_720.jpg","@id":"https:\/\/candas365.es\/noticias\/solo-un-tercio-de-los-alemanes-cree-todavia-en-el-bayern\/#mainImage","width":960,"height":640},"primaryImageOfPage":{"@id":"https:\/\/candas365.es\/noticias\/solo-un-tercio-de-los-alemanes-cree-todavia-en-el-bayern\/#mainImage"},"datePublished":"2019-01-03T21:54:44+01:00","dateModified":"2019-01-03T21:54:44+01:00"},{"@type":"WebSite","@id":"https:\/\/candas365.es\/noticias\/#website","url":"https:\/\/candas365.es\/noticias\/","name":"Cand\u00e1s 365","alternateName":"Cand\u00e1s 365 Noticias","description":"Actualidad desde Carre\u00f1o para el mundo","inLanguage":"es-ES","publisher":{"@id":"https:\/\/candas365.es\/noticias\/#organization"}}]},"og:locale":"es_ES","og:site_name":"Cand\u00e1s 365","og:type":"article","og:title":"S\u00f3lo un tercio de los alemanes cree todav\u00eda en el Bayern | Cand\u00e1s 365","og:description":"Berl\u00edn, 3 ene (dpa) - S\u00f3lo un tercio de los alemanes cree a\u00fan que el Bayern M\u00fanich conseguir\u00e1 el t\u00edtulo de campe\u00f3n de la Bundesliga esta temporada, seg\u00fan los resultados de una encuesta representativa realizada por el instituto demosc\u00f3pico YouGov por encargo de la agencia dpa. Solo el 32 por ciento de los encuestados conf\u00eda","og:url":"https:\/\/candas365.es\/noticias\/solo-un-tercio-de-los-alemanes-cree-todavia-en-el-bayern\/","og:image":"https:\/\/candas365.es\/noticias\/wp-content\/uploads\/2018\/04\/arena-1181668_960_720.jpg","og:image:secure_url":"https:\/\/candas365.es\/noticias\/wp-content\/uploads\/2018\/04\/arena-1181668_960_720.jpg","og:image:width":960,"og:image:height":640,"article:published_time":"2019-01-03T21:54:44+00:00","article:modified_time":"2019-01-03T21:54:44+00:00","article:publisher":"https:\/\/www.facebook.com\/Nachofdezber","article:author":"https:\/\/www.facebook.com\/carrenoactualidad","twitter:card":"summary_large_image","twitter:site":"@NabercoDigital","twitter:title":"S\u00f3lo un tercio de los alemanes cree todav\u00eda en el Bayern | Cand\u00e1s 365","twitter:description":"Berl\u00edn, 3 ene (dpa) - S\u00f3lo un tercio de los alemanes cree a\u00fan que el Bayern M\u00fanich conseguir\u00e1 el t\u00edtulo de campe\u00f3n de la Bundesliga esta temporada, seg\u00fan los resultados de una encuesta representativa realizada por el instituto demosc\u00f3pico YouGov por encargo de la agencia dpa. Solo el 32 por ciento de los encuestados conf\u00eda","twitter:creator":"@nbasturias","twitter:image":"https:\/\/candas365.es\/noticias\/wp-content\/uploads\/2018\/04\/arena-1181668_960_720.jpg","twitter:label1":"Escrito por","twitter:data1":"Cand\u00e1s 365","twitter:label2":"Tiempo de lectura estimado","twitter:data2":"1 minuto"},"aioseo_meta_data":{"post_id":"113324","title":null,"description":null,"keywords":null,"keyphrases":null,"primary_term":null,"canonical_url":null,"og_title":null,"og_description":null,"og_object_type":"default","og_image_type":"default","og_image_url":null,"og_image_width":null,"og_image_height":null,"og_image_custom_url":null,"og_image_custom_fields":null,"og_video":null,"og_custom_url":null,"og_article_section":null,"og_article_tags":null,"twitter_use_og":false,"twitter_card":"default","twitter_image_type":"default","twitter_image_url":null,"twitter_image_custom_url":null,"twitter_image_custom_fields":null,"twitter_title":null,"twitter_description":null,"schema":{"blockGraphs":[],"customGraphs":[],"default":{"data":{"Article":[],"Course":[],"Dataset":[],"FAQPage":[],"Movie":[],"Person":[],"Product":[],"ProductReview":[],"Car":[],"Recipe":[],"Service":[],"SoftwareApplication":[],"WebPage":[]},"graphName":"","isEnabled":true},"graphs":[]},"schema_type":null,"schema_type_options":null,"pillar_content":false,"robots_default":true,"robots_noindex":false,"robots_noarchive":false,"robots_nosnippet":false,"robots_nofollow":false,"robots_noimageindex":false,"robots_noodp":false,"robots_notranslate":false,"robots_max_snippet":null,"robots_max_videopreview":null,"robots_max_imagepreview":"large","priority":null,"frequency":null,"location":null,"local_seo":null,"seo_analyzer_scan_date":"2025-08-28 21:04:18","breadcrumb_settings":null,"limit_modified_date":false,"reviewed_by":null,"open_ai":null,"ai":null,"created":"2020-12-21 11:29:56","updated":"2025-08-28 21:04:18"},"aioseo_breadcrumb":"<div class=\"aioseo-breadcrumbs\"><span class=\"aioseo-breadcrumb\">\n\t<a href=\"https:\/\/candas365.es\/noticias\" title=\"Home\">Home<\/a>\n<\/span><span class=\"aioseo-breadcrumb-separator\">&ndash;<\/span><span class=\"aioseo-breadcrumb\">\n\t<a href=\"https:\/\/candas365.es\/noticias\/category\/deporte\/\" title=\"Deporte\">Deporte<\/a>\n<\/span><span class=\"aioseo-breadcrumb-separator\">&ndash;<\/span><span class=\"aioseo-breadcrumb\">\n\tS\u00f3lo un tercio de los alemanes cree todav\u00eda en el Bayern\n<\/span><\/div>","aioseo_breadcrumb_json":[{"label":"Home","link":"https:\/\/candas365.es\/noticias"},{"label":"Deporte","link":"https:\/\/candas365.es\/noticias\/category\/deporte\/"},{"label":"S\u00f3lo un tercio de los alemanes cree todav\u00eda en el Bayern","link":"https:\/\/candas365.es\/noticias\/solo-un-tercio-de-los-alemanes-cree-todavia-en-el-bayern\/"}],"_links":{"self":[{"href":"https:\/\/candas365.es\/noticias\/wp-json\/wp\/v2\/posts\/113324","targetHints":{"allow":["GET"]}}],"collection":[{"href":"https:\/\/candas365.es\/noticias\/wp-json\/wp\/v2\/posts"}],"about":[{"href":"https:\/\/candas365.es\/noticias\/wp-json\/wp\/v2\/types\/post"}],"author":[{"embeddable":true,"href":"https:\/\/candas365.es\/noticias\/wp-json\/wp\/v2\/users\/1"}],"replies":[{"embeddable":true,"href":"https:\/\/candas365.es\/noticias\/wp-json\/wp\/v2\/comments?post=113324"}],"version-history":[{"count":0,"href":"https:\/\/candas365.es\/noticias\/wp-json\/wp\/v2\/posts\/113324\/revisions"}],"wp:featuredmedia":[{"embeddable":true,"href":"https:\/\/candas365.es\/noticias\/wp-json\/wp\/v2\/media\/94574"}],"wp:attachment":[{"href":"https:\/\/candas365.es\/noticias\/wp-json\/wp\/v2\/media?parent=113324"}],"wp:term":[{"taxonomy":"category","embeddable":true,"href":"https:\/\/candas365.es\/noticias\/wp-json\/wp\/v2\/categories?post=113324"},{"taxonomy":"post_tag","embeddable":true,"href":"https:\/\/candas365.es\/noticias\/wp-json\/wp\/v2\/tags?post=113324"}],"curies":[{"name":"wp","href":"https:\/\/api.w.org\/{rel}","templated":true}]}}