{"id":113287,"date":"2019-01-03T20:40:08","date_gmt":"2019-01-03T20:40:08","guid":{"rendered":"http:\/\/candas365.es\/noticias\/?p=113287"},"modified":"2019-01-03T20:40:08","modified_gmt":"2019-01-03T20:40:08","slug":"el-foro-humboldt-expondra-a-partir-de-finales-de-2019-arte-etnologico-y-asiatico","status":"publish","type":"post","link":"https:\/\/candas365.es\/noticias\/el-foro-humboldt-expondra-a-partir-de-finales-de-2019-arte-etnologico-y-asiatico\/","title":{"rendered":"El Foro Humboldt expondr\u00e1 a partir de finales de 2019 arte etnol\u00f3gico y asi\u00e1tico"},"content":{"rendered":"<figure id=\"attachment_113288\" aria-describedby=\"caption-attachment-113288\" style=\"width: 823px\" class=\"wp-caption alignleft\"><img fetchpriority=\"high\" decoding=\"async\" class=\"size-full wp-image-113288\" src=\"https:\/\/candas365.es\/noticias\/wp-content\/uploads\/2019\/01\/Hermann-Parzinger.jpg\" alt=\"\" width=\"823\" height=\"671\" srcset=\"https:\/\/candas365.es\/noticias\/wp-content\/uploads\/2019\/01\/Hermann-Parzinger.jpg 823w, https:\/\/candas365.es\/noticias\/wp-content\/uploads\/2019\/01\/Hermann-Parzinger-360x294.jpg 360w, https:\/\/candas365.es\/noticias\/wp-content\/uploads\/2019\/01\/Hermann-Parzinger-768x626.jpg 768w, https:\/\/candas365.es\/noticias\/wp-content\/uploads\/2019\/01\/Hermann-Parzinger-589x480.jpg 589w, https:\/\/candas365.es\/noticias\/wp-content\/uploads\/2019\/01\/Hermann-Parzinger-696x567.jpg 696w, https:\/\/candas365.es\/noticias\/wp-content\/uploads\/2019\/01\/Hermann-Parzinger-515x420.jpg 515w\" sizes=\"(max-width: 823px) 100vw, 823px\" \/><figcaption id=\"caption-attachment-113288\" class=\"wp-caption-text\">Foto: Bernd von Jutrczenka\/dpa<\/figcaption><\/figure>\n<p>Berl\u00edn, 3 ene (dpa) &#8211; El presidente de la Fundaci\u00f3n del Patrimonio Cultural Prusiano, <strong>Hermann Parzinger<\/strong>, propuso la creaci\u00f3n en el futuro Foro Humboldt berlin\u00e9s de una sala destinada al silencio en memoria de las injusticias cometidas durante el pasado colonial, seg\u00fan comunic\u00f3 Parzinger a la agencia dpa.<\/p>\n<p>\u00abLos visitantes recibir\u00e1n en el foro abundantes informaciones sobre la \u00e9poca del colonialismo\u00bb, coment\u00f3 Parzinger. \u00abPero ser\u00eda importante crear tambi\u00e9n un lugar que nos haga meditar, invite a la reflexi\u00f3n y d\u00e9 espacio a los pensamientos personales\u00bb, a\u00f1adi\u00f3.<\/p>\n<p><strong>El Foro Humboldt<\/strong>, en el reconstruido Palacio Real de Berl\u00edn, expondr\u00e1 a partir de finales de 2019 arte etnol\u00f3gico y asi\u00e1tico, principalmente. Muchos de los objetos provienen de la \u00e9poca colonial.<\/p>\n<p><strong>La inauguraci\u00f3n del Foro Humboldt est\u00e1 prevista para finales de a\u00f1o<\/strong> y se har\u00e1 de forma paulatina. \u00abDe acuerdo con el estado actual (de las obras), podremos comenzar a inicios de 2020\u00bb, estim\u00f3 Parzinger.<\/p>\n","protected":false},"excerpt":{"rendered":"<p>Berl\u00edn, 3 ene (dpa) &#8211; El presidente de la Fundaci\u00f3n del Patrimonio Cultural Prusiano, Hermann Parzinger, propuso la creaci\u00f3n en el futuro Foro Humboldt berlin\u00e9s de una sala destinada al silencio en memoria de las injusticias cometidas durante el pasado colonial, seg\u00fan comunic\u00f3 Parzinger a la agencia dpa. \u00abLos visitantes recibir\u00e1n en el foro abundantes<\/p>\n","protected":false},"author":1,"featured_media":113288,"comment_status":"closed","ping_status":"closed","sticky":false,"template":"","format":"standard","meta":{"footnotes":""},"categories":[1],"tags":[],"class_list":{"0":"post-113287","1":"post","2":"type-post","3":"status-publish","4":"format-standard","5":"has-post-thumbnail","7":"category-agenda"},"aioseo_notices":[],"aioseo_head":"\n\t\t<!-- All in One SEO Pro 4.9.6.2 - aioseo.com -->\n\t<meta name=\"description\" content=\"Berl\u00edn, 3 ene (dpa) - El presidente de la Fundaci\u00f3n del Patrimonio Cultural Prusiano, Hermann Parzinger, propuso la creaci\u00f3n en el futuro Foro Humboldt berlin\u00e9s de una sala destinada al silencio en memoria de las injusticias cometidas durante el pasado colonial, seg\u00fan comunic\u00f3 Parzinger a la agencia dpa. &quot;Los visitantes recibir\u00e1n en el foro abundantes\" \/>\n\t<meta name=\"robots\" content=\"max-image-preview:large\" \/>\n\t<meta name=\"author\" content=\"Cand\u00e1s 365\"\/>\n\t<meta name=\"google-site-verification\" content=\"UA-32230408-1\" \/>\n\t<meta name=\"msvalidate.01\" content=\"354F3CDFB2DA171B47FBE9ABF1F88D5\" \/>\n\t<meta name=\"keywords\" content=\"agenda\" \/>\n\t<link rel=\"canonical\" href=\"https:\/\/candas365.es\/noticias\/el-foro-humboldt-expondra-a-partir-de-finales-de-2019-arte-etnologico-y-asiatico\/\" \/>\n\t<meta name=\"generator\" content=\"All in One SEO Pro (AIOSEO) 4.9.6.2\" \/>\n\t\t<meta property=\"og:locale\" content=\"es_ES\" \/>\n\t\t<meta property=\"og:site_name\" content=\"Cand\u00e1s 365\" \/>\n\t\t<meta property=\"og:type\" content=\"article\" \/>\n\t\t<meta property=\"og:title\" content=\"El Foro Humboldt expondr\u00e1 a partir de finales de 2019 arte etnol\u00f3gico y asi\u00e1tico | Cand\u00e1s 365\" \/>\n\t\t<meta property=\"og:description\" content=\"Berl\u00edn, 3 ene (dpa) - El presidente de la Fundaci\u00f3n del Patrimonio Cultural Prusiano, Hermann Parzinger, propuso la creaci\u00f3n en el futuro Foro Humboldt berlin\u00e9s de una sala destinada al silencio en memoria de las injusticias cometidas durante el pasado colonial, seg\u00fan comunic\u00f3 Parzinger a la agencia dpa. &quot;Los visitantes recibir\u00e1n en el foro abundantes\" \/>\n\t\t<meta property=\"og:url\" content=\"https:\/\/candas365.es\/noticias\/el-foro-humboldt-expondra-a-partir-de-finales-de-2019-arte-etnologico-y-asiatico\/\" \/>\n\t\t<meta property=\"og:image\" content=\"https:\/\/candas365.es\/noticias\/wp-content\/uploads\/2019\/01\/Hermann-Parzinger.jpg\" \/>\n\t\t<meta property=\"og:image:secure_url\" content=\"https:\/\/candas365.es\/noticias\/wp-content\/uploads\/2019\/01\/Hermann-Parzinger.jpg\" \/>\n\t\t<meta property=\"og:image:width\" content=\"823\" \/>\n\t\t<meta property=\"og:image:height\" content=\"671\" \/>\n\t\t<meta property=\"article:published_time\" content=\"2019-01-03T20:40:08+00:00\" \/>\n\t\t<meta property=\"article:modified_time\" content=\"2019-01-03T20:40:08+00:00\" \/>\n\t\t<meta property=\"article:publisher\" content=\"https:\/\/www.facebook.com\/Nachofdezber\" \/>\n\t\t<meta property=\"article:author\" content=\"https:\/\/www.facebook.com\/carrenoactualidad\" \/>\n\t\t<meta name=\"twitter:card\" content=\"summary_large_image\" \/>\n\t\t<meta name=\"twitter:site\" content=\"@NabercoDigital\" \/>\n\t\t<meta name=\"twitter:title\" content=\"El Foro Humboldt expondr\u00e1 a partir de finales de 2019 arte etnol\u00f3gico y asi\u00e1tico | Cand\u00e1s 365\" \/>\n\t\t<meta name=\"twitter:description\" content=\"Berl\u00edn, 3 ene (dpa) - El presidente de la Fundaci\u00f3n del Patrimonio Cultural Prusiano, Hermann Parzinger, propuso la creaci\u00f3n en el futuro Foro Humboldt berlin\u00e9s de una sala destinada al silencio en memoria de las injusticias cometidas durante el pasado colonial, seg\u00fan comunic\u00f3 Parzinger a la agencia dpa. &quot;Los visitantes recibir\u00e1n en el foro abundantes\" \/>\n\t\t<meta name=\"twitter:creator\" content=\"@nbasturias\" \/>\n\t\t<meta name=\"twitter:image\" content=\"https:\/\/candas365.es\/noticias\/wp-content\/uploads\/2019\/01\/Hermann-Parzinger.jpg\" \/>\n\t\t<meta name=\"twitter:label1\" content=\"Escrito por\" \/>\n\t\t<meta name=\"twitter:data1\" content=\"Cand\u00e1s 365\" \/>\n\t\t<meta name=\"twitter:label2\" content=\"Tiempo de lectura estimado\" \/>\n\t\t<meta name=\"twitter:data2\" content=\"1 minuto\" \/>\n\t\t<script type=\"application\/ld+json\" class=\"aioseo-schema\">\n\t\t\t{\"@context\":\"https:\\\/\\\/schema.org\",\"@graph\":[{\"@type\":\"BreadcrumbList\",\"@id\":\"https:\\\/\\\/candas365.es\\\/noticias\\\/el-foro-humboldt-expondra-a-partir-de-finales-de-2019-arte-etnologico-y-asiatico\\\/#breadcrumblist\",\"itemListElement\":[{\"@type\":\"ListItem\",\"@id\":\"https:\\\/\\\/candas365.es\\\/noticias#listItem\",\"position\":1,\"name\":\"Home\",\"item\":\"https:\\\/\\\/candas365.es\\\/noticias\",\"nextItem\":{\"@type\":\"ListItem\",\"@id\":\"https:\\\/\\\/candas365.es\\\/noticias\\\/category\\\/agenda\\\/#listItem\",\"name\":\"Agenda\"}},{\"@type\":\"ListItem\",\"@id\":\"https:\\\/\\\/candas365.es\\\/noticias\\\/category\\\/agenda\\\/#listItem\",\"position\":2,\"name\":\"Agenda\",\"item\":\"https:\\\/\\\/candas365.es\\\/noticias\\\/category\\\/agenda\\\/\",\"nextItem\":{\"@type\":\"ListItem\",\"@id\":\"https:\\\/\\\/candas365.es\\\/noticias\\\/el-foro-humboldt-expondra-a-partir-de-finales-de-2019-arte-etnologico-y-asiatico\\\/#listItem\",\"name\":\"El Foro Humboldt expondr\\u00e1 a partir de finales de 2019 arte etnol\\u00f3gico y asi\\u00e1tico\"},\"previousItem\":{\"@type\":\"ListItem\",\"@id\":\"https:\\\/\\\/candas365.es\\\/noticias#listItem\",\"name\":\"Home\"}},{\"@type\":\"ListItem\",\"@id\":\"https:\\\/\\\/candas365.es\\\/noticias\\\/el-foro-humboldt-expondra-a-partir-de-finales-de-2019-arte-etnologico-y-asiatico\\\/#listItem\",\"position\":3,\"name\":\"El Foro Humboldt expondr\\u00e1 a partir de finales de 2019 arte etnol\\u00f3gico y asi\\u00e1tico\",\"previousItem\":{\"@type\":\"ListItem\",\"@id\":\"https:\\\/\\\/candas365.es\\\/noticias\\\/category\\\/agenda\\\/#listItem\",\"name\":\"Agenda\"}}]},{\"@type\":\"NewsArticle\",\"@id\":\"https:\\\/\\\/candas365.es\\\/noticias\\\/el-foro-humboldt-expondra-a-partir-de-finales-de-2019-arte-etnologico-y-asiatico\\\/#newsarticle\",\"name\":\"El Foro Humboldt expondr\\u00e1 a partir de finales de 2019 arte etnol\\u00f3gico y asi\\u00e1tico | Cand\\u00e1s 365\",\"headline\":\"El Foro Humboldt expondr\\u00e1 a partir de finales de 2019 arte etnol\\u00f3gico y asi\\u00e1tico\",\"author\":{\"@id\":\"https:\\\/\\\/candas365.es\\\/noticias\\\/author\\\/admin\\\/#author\"},\"publisher\":{\"@id\":\"https:\\\/\\\/candas365.es\\\/noticias\\\/#organization\"},\"image\":{\"@type\":\"ImageObject\",\"url\":\"https:\\\/\\\/candas365.es\\\/noticias\\\/wp-content\\\/uploads\\\/2019\\\/01\\\/Hermann-Parzinger.jpg\",\"width\":823,\"height\":671,\"caption\":\"Foto: Bernd von Jutrczenka\\\/dpa\"},\"datePublished\":\"2019-01-03T20:40:08+01:00\",\"dateModified\":\"2019-01-03T20:40:08+01:00\",\"inLanguage\":\"es-ES\",\"mainEntityOfPage\":{\"@id\":\"https:\\\/\\\/candas365.es\\\/noticias\\\/el-foro-humboldt-expondra-a-partir-de-finales-de-2019-arte-etnologico-y-asiatico\\\/#webpage\"},\"isPartOf\":{\"@id\":\"https:\\\/\\\/candas365.es\\\/noticias\\\/el-foro-humboldt-expondra-a-partir-de-finales-de-2019-arte-etnologico-y-asiatico\\\/#webpage\"},\"articleSection\":\"Agenda\",\"dateline\":\"Publicado el enero 3, 2019.\"},{\"@type\":\"Organization\",\"@id\":\"https:\\\/\\\/candas365.es\\\/noticias\\\/#organization\",\"name\":\"Cand\\u00e1s 365\",\"description\":\"Cand\\u00e1s 365 es un diario digital independiente, fundado en 2012, con base en Asturias. Informamos con rigor sobre actualidad, sociedad, cultura y ocio, con una mirada local y global.\",\"url\":\"https:\\\/\\\/candas365.es\\\/noticias\\\/\",\"email\":\"info@candas365.es\",\"telephone\":\"+34652131393\",\"foundingDate\":\"2012-06-10\",\"logo\":{\"@type\":\"ImageObject\",\"url\":\"https:\\\/\\\/candas365.es\\\/noticias\\\/wp-content\\\/uploads\\\/2024\\\/09\\\/Candas-365-Redes.jpg\",\"@id\":\"https:\\\/\\\/candas365.es\\\/noticias\\\/el-foro-humboldt-expondra-a-partir-de-finales-de-2019-arte-etnologico-y-asiatico\\\/#organizationLogo\",\"width\":1152,\"height\":864,\"caption\":\"Cand\\u00e1s 365 Redes\"},\"image\":{\"@id\":\"https:\\\/\\\/candas365.es\\\/noticias\\\/el-foro-humboldt-expondra-a-partir-de-finales-de-2019-arte-etnologico-y-asiatico\\\/#organizationLogo\"},\"sameAs\":[\"https:\\\/\\\/www.facebook.com\\\/Nachofdezber\",\"https:\\\/\\\/x.com\\\/NabercoDigital\",\"https:\\\/\\\/www.instagram.com\\\/nachofdezber\\\/\",\"https:\\\/\\\/www.youtube.com\\\/channel\\\/UCZP-2wLEB9Rv6erhFmqVnvg\"],\"address\":{\"@id\":\"https:\\\/\\\/candas365.es\\\/noticias\\\/#postaladdress\",\"@type\":\"PostalAddress\",\"streetAddress\":\"san antonio 4, san antonio 4\",\"postalCode\":\"33430\",\"addressLocality\":\"Cand\\u00e1s\",\"addressRegion\":\"Asturias\",\"addressCountry\":\"ES\"}},{\"@type\":\"Person\",\"@id\":\"https:\\\/\\\/candas365.es\\\/noticias\\\/author\\\/admin\\\/#author\",\"url\":\"https:\\\/\\\/candas365.es\\\/noticias\\\/author\\\/admin\\\/\",\"name\":\"Cand\\u00e1s 365\",\"image\":{\"@type\":\"ImageObject\",\"@id\":\"https:\\\/\\\/candas365.es\\\/noticias\\\/el-foro-humboldt-expondra-a-partir-de-finales-de-2019-arte-etnologico-y-asiatico\\\/#authorImage\",\"url\":\"https:\\\/\\\/secure.gravatar.com\\\/avatar\\\/496a8e03d0c493ede1718b7934145dbdf8d89be1036b0eec9544e1094c9de390?s=96&d=mm&r=g\",\"width\":96,\"height\":96,\"caption\":\"Cand\\u00e1s 365\"},\"sameAs\":[\"https:\\\/\\\/www.facebook.com\\\/carrenoactualidad\",\"https:\\\/\\\/twitter.com\\\/nbasturias\",\"https:\\\/\\\/www.instagram.com\\\/nachofdezber\\\/\",\"https:\\\/\\\/www.youtube.com\\\/channel\\\/UCZP-2wLEB9Rv6erhFmqVnvg\"]},{\"@type\":\"WebPage\",\"@id\":\"https:\\\/\\\/candas365.es\\\/noticias\\\/el-foro-humboldt-expondra-a-partir-de-finales-de-2019-arte-etnologico-y-asiatico\\\/#webpage\",\"url\":\"https:\\\/\\\/candas365.es\\\/noticias\\\/el-foro-humboldt-expondra-a-partir-de-finales-de-2019-arte-etnologico-y-asiatico\\\/\",\"name\":\"El Foro Humboldt expondr\\u00e1 a partir de finales de 2019 arte etnol\\u00f3gico y asi\\u00e1tico | Cand\\u00e1s 365\",\"description\":\"Berl\\u00edn, 3 ene (dpa) - El presidente de la Fundaci\\u00f3n del Patrimonio Cultural Prusiano, Hermann Parzinger, propuso la creaci\\u00f3n en el futuro Foro Humboldt berlin\\u00e9s de una sala destinada al silencio en memoria de las injusticias cometidas durante el pasado colonial, seg\\u00fan comunic\\u00f3 Parzinger a la agencia dpa. \\\"Los visitantes recibir\\u00e1n en el foro abundantes\",\"inLanguage\":\"es-ES\",\"isPartOf\":{\"@id\":\"https:\\\/\\\/candas365.es\\\/noticias\\\/#website\"},\"breadcrumb\":{\"@id\":\"https:\\\/\\\/candas365.es\\\/noticias\\\/el-foro-humboldt-expondra-a-partir-de-finales-de-2019-arte-etnologico-y-asiatico\\\/#breadcrumblist\"},\"author\":{\"@id\":\"https:\\\/\\\/candas365.es\\\/noticias\\\/author\\\/admin\\\/#author\"},\"creator\":{\"@id\":\"https:\\\/\\\/candas365.es\\\/noticias\\\/author\\\/admin\\\/#author\"},\"image\":{\"@type\":\"ImageObject\",\"url\":\"https:\\\/\\\/candas365.es\\\/noticias\\\/wp-content\\\/uploads\\\/2019\\\/01\\\/Hermann-Parzinger.jpg\",\"@id\":\"https:\\\/\\\/candas365.es\\\/noticias\\\/el-foro-humboldt-expondra-a-partir-de-finales-de-2019-arte-etnologico-y-asiatico\\\/#mainImage\",\"width\":823,\"height\":671,\"caption\":\"Foto: Bernd von Jutrczenka\\\/dpa\"},\"primaryImageOfPage\":{\"@id\":\"https:\\\/\\\/candas365.es\\\/noticias\\\/el-foro-humboldt-expondra-a-partir-de-finales-de-2019-arte-etnologico-y-asiatico\\\/#mainImage\"},\"datePublished\":\"2019-01-03T20:40:08+01:00\",\"dateModified\":\"2019-01-03T20:40:08+01:00\"},{\"@type\":\"WebSite\",\"@id\":\"https:\\\/\\\/candas365.es\\\/noticias\\\/#website\",\"url\":\"https:\\\/\\\/candas365.es\\\/noticias\\\/\",\"name\":\"Cand\\u00e1s 365\",\"alternateName\":\"Cand\\u00e1s 365 Noticias\",\"description\":\"Actualidad desde Carre\\u00f1o para el mundo\",\"inLanguage\":\"es-ES\",\"publisher\":{\"@id\":\"https:\\\/\\\/candas365.es\\\/noticias\\\/#organization\"}}]}\n\t\t<\/script>\n\t\t<!-- All in One SEO Pro -->\r\n\t\t<title>El Foro Humboldt expondr\u00e1 a partir de finales de 2019 arte etnol\u00f3gico y asi\u00e1tico | Cand\u00e1s 365<\/title>\n\n","aioseo_head_json":{"title":"El Foro Humboldt expondr\u00e1 a partir de finales de 2019 arte etnol\u00f3gico y asi\u00e1tico | Cand\u00e1s 365","description":"Berl\u00edn, 3 ene (dpa) - El presidente de la Fundaci\u00f3n del Patrimonio Cultural Prusiano, Hermann Parzinger, propuso la creaci\u00f3n en el futuro Foro Humboldt berlin\u00e9s de una sala destinada al silencio en memoria de las injusticias cometidas durante el pasado colonial, seg\u00fan comunic\u00f3 Parzinger a la agencia dpa. \"Los visitantes recibir\u00e1n en el foro abundantes","canonical_url":"https:\/\/candas365.es\/noticias\/el-foro-humboldt-expondra-a-partir-de-finales-de-2019-arte-etnologico-y-asiatico\/","robots":"max-image-preview:large","keywords":"agenda","webmasterTools":{"google-site-verification":"UA-32230408-1","msvalidate.01":"354F3CDFB2DA171B47FBE9ABF1F88D5","miscellaneous":""},"schema":{"@context":"https:\/\/schema.org","@graph":[{"@type":"BreadcrumbList","@id":"https:\/\/candas365.es\/noticias\/el-foro-humboldt-expondra-a-partir-de-finales-de-2019-arte-etnologico-y-asiatico\/#breadcrumblist","itemListElement":[{"@type":"ListItem","@id":"https:\/\/candas365.es\/noticias#listItem","position":1,"name":"Home","item":"https:\/\/candas365.es\/noticias","nextItem":{"@type":"ListItem","@id":"https:\/\/candas365.es\/noticias\/category\/agenda\/#listItem","name":"Agenda"}},{"@type":"ListItem","@id":"https:\/\/candas365.es\/noticias\/category\/agenda\/#listItem","position":2,"name":"Agenda","item":"https:\/\/candas365.es\/noticias\/category\/agenda\/","nextItem":{"@type":"ListItem","@id":"https:\/\/candas365.es\/noticias\/el-foro-humboldt-expondra-a-partir-de-finales-de-2019-arte-etnologico-y-asiatico\/#listItem","name":"El Foro Humboldt expondr\u00e1 a partir de finales de 2019 arte etnol\u00f3gico y asi\u00e1tico"},"previousItem":{"@type":"ListItem","@id":"https:\/\/candas365.es\/noticias#listItem","name":"Home"}},{"@type":"ListItem","@id":"https:\/\/candas365.es\/noticias\/el-foro-humboldt-expondra-a-partir-de-finales-de-2019-arte-etnologico-y-asiatico\/#listItem","position":3,"name":"El Foro Humboldt expondr\u00e1 a partir de finales de 2019 arte etnol\u00f3gico y asi\u00e1tico","previousItem":{"@type":"ListItem","@id":"https:\/\/candas365.es\/noticias\/category\/agenda\/#listItem","name":"Agenda"}}]},{"@type":"NewsArticle","@id":"https:\/\/candas365.es\/noticias\/el-foro-humboldt-expondra-a-partir-de-finales-de-2019-arte-etnologico-y-asiatico\/#newsarticle","name":"El Foro Humboldt expondr\u00e1 a partir de finales de 2019 arte etnol\u00f3gico y asi\u00e1tico | Cand\u00e1s 365","headline":"El Foro Humboldt expondr\u00e1 a partir de finales de 2019 arte etnol\u00f3gico y asi\u00e1tico","author":{"@id":"https:\/\/candas365.es\/noticias\/author\/admin\/#author"},"publisher":{"@id":"https:\/\/candas365.es\/noticias\/#organization"},"image":{"@type":"ImageObject","url":"https:\/\/candas365.es\/noticias\/wp-content\/uploads\/2019\/01\/Hermann-Parzinger.jpg","width":823,"height":671,"caption":"Foto: Bernd von Jutrczenka\/dpa"},"datePublished":"2019-01-03T20:40:08+01:00","dateModified":"2019-01-03T20:40:08+01:00","inLanguage":"es-ES","mainEntityOfPage":{"@id":"https:\/\/candas365.es\/noticias\/el-foro-humboldt-expondra-a-partir-de-finales-de-2019-arte-etnologico-y-asiatico\/#webpage"},"isPartOf":{"@id":"https:\/\/candas365.es\/noticias\/el-foro-humboldt-expondra-a-partir-de-finales-de-2019-arte-etnologico-y-asiatico\/#webpage"},"articleSection":"Agenda","dateline":"Publicado el enero 3, 2019."},{"@type":"Organization","@id":"https:\/\/candas365.es\/noticias\/#organization","name":"Cand\u00e1s 365","description":"Cand\u00e1s 365 es un diario digital independiente, fundado en 2012, con base en Asturias. Informamos con rigor sobre actualidad, sociedad, cultura y ocio, con una mirada local y global.","url":"https:\/\/candas365.es\/noticias\/","email":"info@candas365.es","telephone":"+34652131393","foundingDate":"2012-06-10","logo":{"@type":"ImageObject","url":"https:\/\/candas365.es\/noticias\/wp-content\/uploads\/2024\/09\/Candas-365-Redes.jpg","@id":"https:\/\/candas365.es\/noticias\/el-foro-humboldt-expondra-a-partir-de-finales-de-2019-arte-etnologico-y-asiatico\/#organizationLogo","width":1152,"height":864,"caption":"Cand\u00e1s 365 Redes"},"image":{"@id":"https:\/\/candas365.es\/noticias\/el-foro-humboldt-expondra-a-partir-de-finales-de-2019-arte-etnologico-y-asiatico\/#organizationLogo"},"sameAs":["https:\/\/www.facebook.com\/Nachofdezber","https:\/\/x.com\/NabercoDigital","https:\/\/www.instagram.com\/nachofdezber\/","https:\/\/www.youtube.com\/channel\/UCZP-2wLEB9Rv6erhFmqVnvg"],"address":{"@id":"https:\/\/candas365.es\/noticias\/#postaladdress","@type":"PostalAddress","streetAddress":"san antonio 4, san antonio 4","postalCode":"33430","addressLocality":"Cand\u00e1s","addressRegion":"Asturias","addressCountry":"ES"}},{"@type":"Person","@id":"https:\/\/candas365.es\/noticias\/author\/admin\/#author","url":"https:\/\/candas365.es\/noticias\/author\/admin\/","name":"Cand\u00e1s 365","image":{"@type":"ImageObject","@id":"https:\/\/candas365.es\/noticias\/el-foro-humboldt-expondra-a-partir-de-finales-de-2019-arte-etnologico-y-asiatico\/#authorImage","url":"https:\/\/secure.gravatar.com\/avatar\/496a8e03d0c493ede1718b7934145dbdf8d89be1036b0eec9544e1094c9de390?s=96&d=mm&r=g","width":96,"height":96,"caption":"Cand\u00e1s 365"},"sameAs":["https:\/\/www.facebook.com\/carrenoactualidad","https:\/\/twitter.com\/nbasturias","https:\/\/www.instagram.com\/nachofdezber\/","https:\/\/www.youtube.com\/channel\/UCZP-2wLEB9Rv6erhFmqVnvg"]},{"@type":"WebPage","@id":"https:\/\/candas365.es\/noticias\/el-foro-humboldt-expondra-a-partir-de-finales-de-2019-arte-etnologico-y-asiatico\/#webpage","url":"https:\/\/candas365.es\/noticias\/el-foro-humboldt-expondra-a-partir-de-finales-de-2019-arte-etnologico-y-asiatico\/","name":"El Foro Humboldt expondr\u00e1 a partir de finales de 2019 arte etnol\u00f3gico y asi\u00e1tico | Cand\u00e1s 365","description":"Berl\u00edn, 3 ene (dpa) - El presidente de la Fundaci\u00f3n del Patrimonio Cultural Prusiano, Hermann Parzinger, propuso la creaci\u00f3n en el futuro Foro Humboldt berlin\u00e9s de una sala destinada al silencio en memoria de las injusticias cometidas durante el pasado colonial, seg\u00fan comunic\u00f3 Parzinger a la agencia dpa. \"Los visitantes recibir\u00e1n en el foro abundantes","inLanguage":"es-ES","isPartOf":{"@id":"https:\/\/candas365.es\/noticias\/#website"},"breadcrumb":{"@id":"https:\/\/candas365.es\/noticias\/el-foro-humboldt-expondra-a-partir-de-finales-de-2019-arte-etnologico-y-asiatico\/#breadcrumblist"},"author":{"@id":"https:\/\/candas365.es\/noticias\/author\/admin\/#author"},"creator":{"@id":"https:\/\/candas365.es\/noticias\/author\/admin\/#author"},"image":{"@type":"ImageObject","url":"https:\/\/candas365.es\/noticias\/wp-content\/uploads\/2019\/01\/Hermann-Parzinger.jpg","@id":"https:\/\/candas365.es\/noticias\/el-foro-humboldt-expondra-a-partir-de-finales-de-2019-arte-etnologico-y-asiatico\/#mainImage","width":823,"height":671,"caption":"Foto: Bernd von Jutrczenka\/dpa"},"primaryImageOfPage":{"@id":"https:\/\/candas365.es\/noticias\/el-foro-humboldt-expondra-a-partir-de-finales-de-2019-arte-etnologico-y-asiatico\/#mainImage"},"datePublished":"2019-01-03T20:40:08+01:00","dateModified":"2019-01-03T20:40:08+01:00"},{"@type":"WebSite","@id":"https:\/\/candas365.es\/noticias\/#website","url":"https:\/\/candas365.es\/noticias\/","name":"Cand\u00e1s 365","alternateName":"Cand\u00e1s 365 Noticias","description":"Actualidad desde Carre\u00f1o para el mundo","inLanguage":"es-ES","publisher":{"@id":"https:\/\/candas365.es\/noticias\/#organization"}}]},"og:locale":"es_ES","og:site_name":"Cand\u00e1s 365","og:type":"article","og:title":"El Foro Humboldt expondr\u00e1 a partir de finales de 2019 arte etnol\u00f3gico y asi\u00e1tico | Cand\u00e1s 365","og:description":"Berl\u00edn, 3 ene (dpa) - El presidente de la Fundaci\u00f3n del Patrimonio Cultural Prusiano, Hermann Parzinger, propuso la creaci\u00f3n en el futuro Foro Humboldt berlin\u00e9s de una sala destinada al silencio en memoria de las injusticias cometidas durante el pasado colonial, seg\u00fan comunic\u00f3 Parzinger a la agencia dpa. &quot;Los visitantes recibir\u00e1n en el foro abundantes","og:url":"https:\/\/candas365.es\/noticias\/el-foro-humboldt-expondra-a-partir-de-finales-de-2019-arte-etnologico-y-asiatico\/","og:image":"https:\/\/candas365.es\/noticias\/wp-content\/uploads\/2019\/01\/Hermann-Parzinger.jpg","og:image:secure_url":"https:\/\/candas365.es\/noticias\/wp-content\/uploads\/2019\/01\/Hermann-Parzinger.jpg","og:image:width":823,"og:image:height":671,"article:published_time":"2019-01-03T20:40:08+00:00","article:modified_time":"2019-01-03T20:40:08+00:00","article:publisher":"https:\/\/www.facebook.com\/Nachofdezber","article:author":"https:\/\/www.facebook.com\/carrenoactualidad","twitter:card":"summary_large_image","twitter:site":"@NabercoDigital","twitter:title":"El Foro Humboldt expondr\u00e1 a partir de finales de 2019 arte etnol\u00f3gico y asi\u00e1tico | Cand\u00e1s 365","twitter:description":"Berl\u00edn, 3 ene (dpa) - El presidente de la Fundaci\u00f3n del Patrimonio Cultural Prusiano, Hermann Parzinger, propuso la creaci\u00f3n en el futuro Foro Humboldt berlin\u00e9s de una sala destinada al silencio en memoria de las injusticias cometidas durante el pasado colonial, seg\u00fan comunic\u00f3 Parzinger a la agencia dpa. &quot;Los visitantes recibir\u00e1n en el foro abundantes","twitter:creator":"@nbasturias","twitter:image":"https:\/\/candas365.es\/noticias\/wp-content\/uploads\/2019\/01\/Hermann-Parzinger.jpg","twitter:label1":"Escrito por","twitter:data1":"Cand\u00e1s 365","twitter:label2":"Tiempo de lectura estimado","twitter:data2":"1 minuto"},"aioseo_meta_data":{"post_id":"113287","title":null,"description":null,"keywords":null,"keyphrases":null,"primary_term":null,"canonical_url":null,"og_title":null,"og_description":null,"og_object_type":"default","og_image_type":"default","og_image_url":null,"og_image_width":null,"og_image_height":null,"og_image_custom_url":null,"og_image_custom_fields":null,"og_video":null,"og_custom_url":null,"og_article_section":null,"og_article_tags":null,"twitter_use_og":false,"twitter_card":"default","twitter_image_type":"default","twitter_image_url":null,"twitter_image_custom_url":null,"twitter_image_custom_fields":null,"twitter_title":null,"twitter_description":null,"schema":{"blockGraphs":[],"customGraphs":[],"default":{"data":{"Article":[],"Course":[],"Dataset":[],"FAQPage":[],"Movie":[],"Person":[],"Product":[],"ProductReview":[],"Car":[],"Recipe":[],"Service":[],"SoftwareApplication":[],"WebPage":[]},"graphName":"","isEnabled":true},"graphs":[]},"schema_type":null,"schema_type_options":null,"pillar_content":false,"robots_default":true,"robots_noindex":false,"robots_noarchive":false,"robots_nosnippet":false,"robots_nofollow":false,"robots_noimageindex":false,"robots_noodp":false,"robots_notranslate":false,"robots_max_snippet":null,"robots_max_videopreview":null,"robots_max_imagepreview":"large","priority":null,"frequency":null,"location":null,"local_seo":null,"seo_analyzer_scan_date":"2025-08-28 20:58:18","breadcrumb_settings":null,"limit_modified_date":false,"reviewed_by":null,"open_ai":null,"ai":null,"created":"2020-12-21 11:29:56","updated":"2025-08-28 20:58:18"},"aioseo_breadcrumb":"<div class=\"aioseo-breadcrumbs\"><span class=\"aioseo-breadcrumb\">\n\t<a href=\"https:\/\/candas365.es\/noticias\" title=\"Home\">Home<\/a>\n<\/span><span class=\"aioseo-breadcrumb-separator\">&ndash;<\/span><span class=\"aioseo-breadcrumb\">\n\t<a href=\"https:\/\/candas365.es\/noticias\/category\/agenda\/\" title=\"Agenda\">Agenda<\/a>\n<\/span><span class=\"aioseo-breadcrumb-separator\">&ndash;<\/span><span class=\"aioseo-breadcrumb\">\n\tEl Foro Humboldt expondr\u00e1 a partir de finales de 2019 arte etnol\u00f3gico y asi\u00e1tico\n<\/span><\/div>","aioseo_breadcrumb_json":[{"label":"Home","link":"https:\/\/candas365.es\/noticias"},{"label":"Agenda","link":"https:\/\/candas365.es\/noticias\/category\/agenda\/"},{"label":"El Foro Humboldt expondr\u00e1 a partir de finales de 2019 arte etnol\u00f3gico y asi\u00e1tico","link":"https:\/\/candas365.es\/noticias\/el-foro-humboldt-expondra-a-partir-de-finales-de-2019-arte-etnologico-y-asiatico\/"}],"_links":{"self":[{"href":"https:\/\/candas365.es\/noticias\/wp-json\/wp\/v2\/posts\/113287","targetHints":{"allow":["GET"]}}],"collection":[{"href":"https:\/\/candas365.es\/noticias\/wp-json\/wp\/v2\/posts"}],"about":[{"href":"https:\/\/candas365.es\/noticias\/wp-json\/wp\/v2\/types\/post"}],"author":[{"embeddable":true,"href":"https:\/\/candas365.es\/noticias\/wp-json\/wp\/v2\/users\/1"}],"replies":[{"embeddable":true,"href":"https:\/\/candas365.es\/noticias\/wp-json\/wp\/v2\/comments?post=113287"}],"version-history":[{"count":0,"href":"https:\/\/candas365.es\/noticias\/wp-json\/wp\/v2\/posts\/113287\/revisions"}],"wp:featuredmedia":[{"embeddable":true,"href":"https:\/\/candas365.es\/noticias\/wp-json\/wp\/v2\/media\/113288"}],"wp:attachment":[{"href":"https:\/\/candas365.es\/noticias\/wp-json\/wp\/v2\/media?parent=113287"}],"wp:term":[{"taxonomy":"category","embeddable":true,"href":"https:\/\/candas365.es\/noticias\/wp-json\/wp\/v2\/categories?post=113287"},{"taxonomy":"post_tag","embeddable":true,"href":"https:\/\/candas365.es\/noticias\/wp-json\/wp\/v2\/tags?post=113287"}],"curies":[{"name":"wp","href":"https:\/\/api.w.org\/{rel}","templated":true}]}}