{"id":113281,"date":"2019-01-03T15:40:24","date_gmt":"2019-01-03T15:40:24","guid":{"rendered":"http:\/\/candas365.es\/noticias\/?p=113281"},"modified":"2019-01-03T15:40:24","modified_gmt":"2019-01-03T15:40:24","slug":"asturias-cierra-el-ano-2018-con-72-804-parados","status":"publish","type":"post","link":"https:\/\/candas365.es\/noticias\/asturias-cierra-el-ano-2018-con-72-804-parados\/","title":{"rendered":"Asturias cierra el a\u00f1o 2018 con 72.804 parados"},"content":{"rendered":"<p><img fetchpriority=\"high\" decoding=\"async\" class=\"alignleft size-medium wp-image-113282\" src=\"https:\/\/candas365.es\/noticias\/wp-content\/uploads\/2019\/01\/office-336368_960_720-360x241.jpg\" alt=\"\" width=\"360\" height=\"241\" srcset=\"https:\/\/candas365.es\/noticias\/wp-content\/uploads\/2019\/01\/office-336368_960_720-360x241.jpg 360w, https:\/\/candas365.es\/noticias\/wp-content\/uploads\/2019\/01\/office-336368_960_720-768x514.jpg 768w, https:\/\/candas365.es\/noticias\/wp-content\/uploads\/2019\/01\/office-336368_960_720-655x439.jpg 655w, https:\/\/candas365.es\/noticias\/wp-content\/uploads\/2019\/01\/office-336368_960_720-696x466.jpg 696w, https:\/\/candas365.es\/noticias\/wp-content\/uploads\/2019\/01\/office-336368_960_720-627x420.jpg 627w, https:\/\/candas365.es\/noticias\/wp-content\/uploads\/2019\/01\/office-336368_960_720.jpg 960w\" sizes=\"(max-width: 360px) 100vw, 360px\" \/>El n\u00famero de parados en Asturias se redujo en diciembre en 3.743, un 4,89% menos que a finales de 2017, y ha situado la cifra de desempleados en 72.804. Se trata del dato m\u00e1s bajo para un mes de diciembre desde 2008. Adem\u00e1s, el Principado encadena ya 63 meses consecutivos de descensos interanuales del paro.<\/p>\n<p>La directora del Servicio P\u00fablico de Empleo, Luisa P\u00e9rez, ha destacado que estos datos constatan \u201cuna tendencia positiva en el empleo, algo que tambi\u00e9n pone de manifiesto el aumento de la afiliaci\u00f3n a la seguridad social, del 0,96%, y el incremento de contratos registrados, del 4,10%, hasta alcanzarse los 372.840\u201d.<\/p>\n<p>El descenso del paro interanual se registra en ambos sexos, en todos los grupos de edad, sobre todo en el de 25 a 45 a\u00f1os; en todos los sectores de actividad y en el colectivo de demandantes del primer empleo. En cuanto al sector servicios, Luisa P\u00e9rez ha subrayado \u201cun cambio de tendencia, ya que a las actividades relacionadas con el comercio y la administraci\u00f3n p\u00fablica, que mantienen descensos por encima de la media, se unen las ca\u00eddas en actividades profesionales, cient\u00edficas y t\u00e9cnicas (-15,67%), las telecomunicaciones (-26,12%); actividades relacionadas con la edici\u00f3n (-17%); actividades cinematogr\u00e1ficas de v\u00eddeo y televisi\u00f3n (-18%); consultor\u00eda y gesti\u00f3n (-21,26%); y servicios financieros (-21,46%)\u201d.<\/p>\n<p>La industria y la construcci\u00f3n tambi\u00e9n contin\u00faan experimentando descensos interanuales, del 5,34% y 14,08% respectivamente. En el caso de la industria, destacan las ca\u00eddas en la metal\u00fargica, y la recogida, tratamiento y eliminaci\u00f3n de residuos. En la construcci\u00f3n, la disminuci\u00f3n del paro se produce en todas las actividades que conforman el sector: construcci\u00f3n de edificios, ingenier\u00eda civil y construcci\u00f3n especializada.<\/p>\n<p>En relaci\u00f3n con noviembre, el desempleo se redujo en Asturias en 553 personas, un 0,75%. Esta reducci\u00f3n se produce entre las mujeres, todos los grupos de actividad, en el sector servicios y en el grupo de demandantes sin empleo anterior. En el sector industrial, se registran descensos en trabajos relacionados con la metal\u00fargica y la fabricaci\u00f3n de hierro. En los servicios tambi\u00e9n disminuye el desempleo. En el conjunto del pa\u00eds, el desempleo disminuy\u00f3 un 6,17% en t\u00e9rminos interanuales y un 1,5% en comparaci\u00f3n con el mes de noviembre.<\/p>\n<p>Por su parte, el n\u00famero de afiliados a la Seguridad Social creci\u00f3 en diciembre un 0,96% (3.455 personas) en relaci\u00f3n a este mismo mes de 2017, hasta alcanzar los 364.156 ocupados. Con respecto al mes de noviembre, el incremento de cotizantes fue del 0,15% (558 personas). En el conjunto de Espa\u00f1a, la afiliaci\u00f3n se increment\u00f3 un 0,41% con respecto al mes de noviembre y un 3,06% en la comparativa anual.<\/p>\n","protected":false},"excerpt":{"rendered":"<p>El n\u00famero de parados en Asturias se redujo en diciembre en 3.743, un 4,89% menos que a finales de 2017, y ha situado la cifra de desempleados en 72.804. Se trata del dato m\u00e1s bajo para un mes de diciembre desde 2008. Adem\u00e1s, el Principado encadena ya 63 meses consecutivos de descensos interanuales del paro.<\/p>\n","protected":false},"author":1,"featured_media":113282,"comment_status":"closed","ping_status":"closed","sticky":false,"template":"","format":"standard","meta":{"footnotes":""},"categories":[7],"tags":[],"class_list":{"0":"post-113281","1":"post","2":"type-post","3":"status-publish","4":"format-standard","5":"has-post-thumbnail","7":"category-asturias"},"aioseo_notices":[],"aioseo_head":"\n\t\t<!-- All in One SEO Pro 4.9.6.2 - aioseo.com -->\n\t<meta name=\"description\" content=\"El n\u00famero de parados en Asturias se redujo en diciembre en 3.743, un 4,89% menos que a finales de 2017, y ha situado la cifra de desempleados en 72.804. Se trata del dato m\u00e1s bajo para un mes de diciembre desde 2008. Adem\u00e1s, el Principado encadena ya 63 meses consecutivos de descensos interanuales del paro.\" \/>\n\t<meta name=\"robots\" content=\"max-image-preview:large\" \/>\n\t<meta name=\"author\" content=\"Cand\u00e1s 365\"\/>\n\t<meta name=\"google-site-verification\" content=\"UA-32230408-1\" \/>\n\t<meta name=\"msvalidate.01\" content=\"354F3CDFB2DA171B47FBE9ABF1F88D5\" \/>\n\t<meta name=\"keywords\" content=\"asturias\" \/>\n\t<link rel=\"canonical\" href=\"https:\/\/candas365.es\/noticias\/asturias-cierra-el-ano-2018-con-72-804-parados\/\" \/>\n\t<meta name=\"generator\" content=\"All in One SEO Pro (AIOSEO) 4.9.6.2\" \/>\n\t\t<meta property=\"og:locale\" content=\"es_ES\" \/>\n\t\t<meta property=\"og:site_name\" content=\"Cand\u00e1s 365\" \/>\n\t\t<meta property=\"og:type\" content=\"article\" \/>\n\t\t<meta property=\"og:title\" content=\"Asturias cierra el a\u00f1o 2018 con 72.804 parados | Cand\u00e1s 365\" \/>\n\t\t<meta property=\"og:description\" content=\"El n\u00famero de parados en Asturias se redujo en diciembre en 3.743, un 4,89% menos que a finales de 2017, y ha situado la cifra de desempleados en 72.804. Se trata del dato m\u00e1s bajo para un mes de diciembre desde 2008. Adem\u00e1s, el Principado encadena ya 63 meses consecutivos de descensos interanuales del paro.\" \/>\n\t\t<meta property=\"og:url\" content=\"https:\/\/candas365.es\/noticias\/asturias-cierra-el-ano-2018-con-72-804-parados\/\" \/>\n\t\t<meta property=\"og:image\" content=\"https:\/\/candas365.es\/noticias\/wp-content\/uploads\/2019\/01\/office-336368_960_720.jpg\" \/>\n\t\t<meta property=\"og:image:secure_url\" content=\"https:\/\/candas365.es\/noticias\/wp-content\/uploads\/2019\/01\/office-336368_960_720.jpg\" \/>\n\t\t<meta property=\"og:image:width\" content=\"960\" \/>\n\t\t<meta property=\"og:image:height\" content=\"643\" \/>\n\t\t<meta property=\"article:published_time\" content=\"2019-01-03T15:40:24+00:00\" \/>\n\t\t<meta property=\"article:modified_time\" content=\"2019-01-03T15:40:24+00:00\" \/>\n\t\t<meta property=\"article:publisher\" content=\"https:\/\/www.facebook.com\/Nachofdezber\" \/>\n\t\t<meta property=\"article:author\" content=\"https:\/\/www.facebook.com\/carrenoactualidad\" \/>\n\t\t<meta name=\"twitter:card\" content=\"summary_large_image\" \/>\n\t\t<meta name=\"twitter:site\" content=\"@NabercoDigital\" \/>\n\t\t<meta name=\"twitter:title\" content=\"Asturias cierra el a\u00f1o 2018 con 72.804 parados | Cand\u00e1s 365\" \/>\n\t\t<meta name=\"twitter:description\" content=\"El n\u00famero de parados en Asturias se redujo en diciembre en 3.743, un 4,89% menos que a finales de 2017, y ha situado la cifra de desempleados en 72.804. Se trata del dato m\u00e1s bajo para un mes de diciembre desde 2008. Adem\u00e1s, el Principado encadena ya 63 meses consecutivos de descensos interanuales del paro.\" \/>\n\t\t<meta name=\"twitter:creator\" content=\"@nbasturias\" \/>\n\t\t<meta name=\"twitter:image\" content=\"https:\/\/candas365.es\/noticias\/wp-content\/uploads\/2019\/01\/office-336368_960_720.jpg\" \/>\n\t\t<meta name=\"twitter:label1\" content=\"Escrito por\" \/>\n\t\t<meta name=\"twitter:data1\" content=\"Cand\u00e1s 365\" \/>\n\t\t<meta name=\"twitter:label2\" content=\"Tiempo de lectura estimado\" \/>\n\t\t<meta name=\"twitter:data2\" content=\"2 minutos\" \/>\n\t\t<script type=\"application\/ld+json\" class=\"aioseo-schema\">\n\t\t\t{\"@context\":\"https:\\\/\\\/schema.org\",\"@graph\":[{\"@type\":\"BreadcrumbList\",\"@id\":\"https:\\\/\\\/candas365.es\\\/noticias\\\/asturias-cierra-el-ano-2018-con-72-804-parados\\\/#breadcrumblist\",\"itemListElement\":[{\"@type\":\"ListItem\",\"@id\":\"https:\\\/\\\/candas365.es\\\/noticias#listItem\",\"position\":1,\"name\":\"Home\",\"item\":\"https:\\\/\\\/candas365.es\\\/noticias\",\"nextItem\":{\"@type\":\"ListItem\",\"@id\":\"https:\\\/\\\/candas365.es\\\/noticias\\\/category\\\/asturias\\\/#listItem\",\"name\":\"Asturias\"}},{\"@type\":\"ListItem\",\"@id\":\"https:\\\/\\\/candas365.es\\\/noticias\\\/category\\\/asturias\\\/#listItem\",\"position\":2,\"name\":\"Asturias\",\"item\":\"https:\\\/\\\/candas365.es\\\/noticias\\\/category\\\/asturias\\\/\",\"nextItem\":{\"@type\":\"ListItem\",\"@id\":\"https:\\\/\\\/candas365.es\\\/noticias\\\/asturias-cierra-el-ano-2018-con-72-804-parados\\\/#listItem\",\"name\":\"Asturias cierra el a\\u00f1o 2018 con 72.804 parados\"},\"previousItem\":{\"@type\":\"ListItem\",\"@id\":\"https:\\\/\\\/candas365.es\\\/noticias#listItem\",\"name\":\"Home\"}},{\"@type\":\"ListItem\",\"@id\":\"https:\\\/\\\/candas365.es\\\/noticias\\\/asturias-cierra-el-ano-2018-con-72-804-parados\\\/#listItem\",\"position\":3,\"name\":\"Asturias cierra el a\\u00f1o 2018 con 72.804 parados\",\"previousItem\":{\"@type\":\"ListItem\",\"@id\":\"https:\\\/\\\/candas365.es\\\/noticias\\\/category\\\/asturias\\\/#listItem\",\"name\":\"Asturias\"}}]},{\"@type\":\"NewsArticle\",\"@id\":\"https:\\\/\\\/candas365.es\\\/noticias\\\/asturias-cierra-el-ano-2018-con-72-804-parados\\\/#newsarticle\",\"name\":\"Asturias cierra el a\\u00f1o 2018 con 72.804 parados | Cand\\u00e1s 365\",\"headline\":\"Asturias cierra el a\\u00f1o 2018 con 72.804 parados\",\"author\":{\"@id\":\"https:\\\/\\\/candas365.es\\\/noticias\\\/author\\\/admin\\\/#author\"},\"publisher\":{\"@id\":\"https:\\\/\\\/candas365.es\\\/noticias\\\/#organization\"},\"image\":{\"@type\":\"ImageObject\",\"url\":\"https:\\\/\\\/candas365.es\\\/noticias\\\/wp-content\\\/uploads\\\/2019\\\/01\\\/office-336368_960_720.jpg\",\"width\":960,\"height\":643},\"datePublished\":\"2019-01-03T15:40:24+01:00\",\"dateModified\":\"2019-01-03T15:40:24+01:00\",\"inLanguage\":\"es-ES\",\"mainEntityOfPage\":{\"@id\":\"https:\\\/\\\/candas365.es\\\/noticias\\\/asturias-cierra-el-ano-2018-con-72-804-parados\\\/#webpage\"},\"isPartOf\":{\"@id\":\"https:\\\/\\\/candas365.es\\\/noticias\\\/asturias-cierra-el-ano-2018-con-72-804-parados\\\/#webpage\"},\"articleSection\":\"Asturias\",\"dateline\":\"Publicado el enero 3, 2019.\"},{\"@type\":\"Organization\",\"@id\":\"https:\\\/\\\/candas365.es\\\/noticias\\\/#organization\",\"name\":\"Cand\\u00e1s 365\",\"description\":\"Cand\\u00e1s 365 es un diario digital independiente, fundado en 2012, con base en Asturias. Informamos con rigor sobre actualidad, sociedad, cultura y ocio, con una mirada local y global.\",\"url\":\"https:\\\/\\\/candas365.es\\\/noticias\\\/\",\"email\":\"info@candas365.es\",\"telephone\":\"+34652131393\",\"foundingDate\":\"2012-06-10\",\"logo\":{\"@type\":\"ImageObject\",\"url\":\"https:\\\/\\\/candas365.es\\\/noticias\\\/wp-content\\\/uploads\\\/2024\\\/09\\\/Candas-365-Redes.jpg\",\"@id\":\"https:\\\/\\\/candas365.es\\\/noticias\\\/asturias-cierra-el-ano-2018-con-72-804-parados\\\/#organizationLogo\",\"width\":1152,\"height\":864,\"caption\":\"Cand\\u00e1s 365 Redes\"},\"image\":{\"@id\":\"https:\\\/\\\/candas365.es\\\/noticias\\\/asturias-cierra-el-ano-2018-con-72-804-parados\\\/#organizationLogo\"},\"sameAs\":[\"https:\\\/\\\/www.facebook.com\\\/Nachofdezber\",\"https:\\\/\\\/x.com\\\/NabercoDigital\",\"https:\\\/\\\/www.instagram.com\\\/nachofdezber\\\/\",\"https:\\\/\\\/www.youtube.com\\\/channel\\\/UCZP-2wLEB9Rv6erhFmqVnvg\"],\"address\":{\"@id\":\"https:\\\/\\\/candas365.es\\\/noticias\\\/#postaladdress\",\"@type\":\"PostalAddress\",\"streetAddress\":\"san antonio 4, san antonio 4\",\"postalCode\":\"33430\",\"addressLocality\":\"Cand\\u00e1s\",\"addressRegion\":\"Asturias\",\"addressCountry\":\"ES\"}},{\"@type\":\"Person\",\"@id\":\"https:\\\/\\\/candas365.es\\\/noticias\\\/author\\\/admin\\\/#author\",\"url\":\"https:\\\/\\\/candas365.es\\\/noticias\\\/author\\\/admin\\\/\",\"name\":\"Cand\\u00e1s 365\",\"image\":{\"@type\":\"ImageObject\",\"@id\":\"https:\\\/\\\/candas365.es\\\/noticias\\\/asturias-cierra-el-ano-2018-con-72-804-parados\\\/#authorImage\",\"url\":\"https:\\\/\\\/secure.gravatar.com\\\/avatar\\\/496a8e03d0c493ede1718b7934145dbdf8d89be1036b0eec9544e1094c9de390?s=96&d=mm&r=g\",\"width\":96,\"height\":96,\"caption\":\"Cand\\u00e1s 365\"},\"sameAs\":[\"https:\\\/\\\/www.facebook.com\\\/carrenoactualidad\",\"https:\\\/\\\/twitter.com\\\/nbasturias\",\"https:\\\/\\\/www.instagram.com\\\/nachofdezber\\\/\",\"https:\\\/\\\/www.youtube.com\\\/channel\\\/UCZP-2wLEB9Rv6erhFmqVnvg\"]},{\"@type\":\"WebPage\",\"@id\":\"https:\\\/\\\/candas365.es\\\/noticias\\\/asturias-cierra-el-ano-2018-con-72-804-parados\\\/#webpage\",\"url\":\"https:\\\/\\\/candas365.es\\\/noticias\\\/asturias-cierra-el-ano-2018-con-72-804-parados\\\/\",\"name\":\"Asturias cierra el a\\u00f1o 2018 con 72.804 parados | Cand\\u00e1s 365\",\"description\":\"El n\\u00famero de parados en Asturias se redujo en diciembre en 3.743, un 4,89% menos que a finales de 2017, y ha situado la cifra de desempleados en 72.804. Se trata del dato m\\u00e1s bajo para un mes de diciembre desde 2008. Adem\\u00e1s, el Principado encadena ya 63 meses consecutivos de descensos interanuales del paro.\",\"inLanguage\":\"es-ES\",\"isPartOf\":{\"@id\":\"https:\\\/\\\/candas365.es\\\/noticias\\\/#website\"},\"breadcrumb\":{\"@id\":\"https:\\\/\\\/candas365.es\\\/noticias\\\/asturias-cierra-el-ano-2018-con-72-804-parados\\\/#breadcrumblist\"},\"author\":{\"@id\":\"https:\\\/\\\/candas365.es\\\/noticias\\\/author\\\/admin\\\/#author\"},\"creator\":{\"@id\":\"https:\\\/\\\/candas365.es\\\/noticias\\\/author\\\/admin\\\/#author\"},\"image\":{\"@type\":\"ImageObject\",\"url\":\"https:\\\/\\\/candas365.es\\\/noticias\\\/wp-content\\\/uploads\\\/2019\\\/01\\\/office-336368_960_720.jpg\",\"@id\":\"https:\\\/\\\/candas365.es\\\/noticias\\\/asturias-cierra-el-ano-2018-con-72-804-parados\\\/#mainImage\",\"width\":960,\"height\":643},\"primaryImageOfPage\":{\"@id\":\"https:\\\/\\\/candas365.es\\\/noticias\\\/asturias-cierra-el-ano-2018-con-72-804-parados\\\/#mainImage\"},\"datePublished\":\"2019-01-03T15:40:24+01:00\",\"dateModified\":\"2019-01-03T15:40:24+01:00\"},{\"@type\":\"WebSite\",\"@id\":\"https:\\\/\\\/candas365.es\\\/noticias\\\/#website\",\"url\":\"https:\\\/\\\/candas365.es\\\/noticias\\\/\",\"name\":\"Cand\\u00e1s 365\",\"alternateName\":\"Cand\\u00e1s 365 Noticias\",\"description\":\"Actualidad desde Carre\\u00f1o para el mundo\",\"inLanguage\":\"es-ES\",\"publisher\":{\"@id\":\"https:\\\/\\\/candas365.es\\\/noticias\\\/#organization\"}}]}\n\t\t<\/script>\n\t\t<!-- All in One SEO Pro -->\r\n\t\t<title>Asturias cierra el a\u00f1o 2018 con 72.804 parados | Cand\u00e1s 365<\/title>\n\n","aioseo_head_json":{"title":"Asturias cierra el a\u00f1o 2018 con 72.804 parados | Cand\u00e1s 365","description":"El n\u00famero de parados en Asturias se redujo en diciembre en 3.743, un 4,89% menos que a finales de 2017, y ha situado la cifra de desempleados en 72.804. Se trata del dato m\u00e1s bajo para un mes de diciembre desde 2008. Adem\u00e1s, el Principado encadena ya 63 meses consecutivos de descensos interanuales del paro.","canonical_url":"https:\/\/candas365.es\/noticias\/asturias-cierra-el-ano-2018-con-72-804-parados\/","robots":"max-image-preview:large","keywords":"asturias","webmasterTools":{"google-site-verification":"UA-32230408-1","msvalidate.01":"354F3CDFB2DA171B47FBE9ABF1F88D5","miscellaneous":""},"schema":{"@context":"https:\/\/schema.org","@graph":[{"@type":"BreadcrumbList","@id":"https:\/\/candas365.es\/noticias\/asturias-cierra-el-ano-2018-con-72-804-parados\/#breadcrumblist","itemListElement":[{"@type":"ListItem","@id":"https:\/\/candas365.es\/noticias#listItem","position":1,"name":"Home","item":"https:\/\/candas365.es\/noticias","nextItem":{"@type":"ListItem","@id":"https:\/\/candas365.es\/noticias\/category\/asturias\/#listItem","name":"Asturias"}},{"@type":"ListItem","@id":"https:\/\/candas365.es\/noticias\/category\/asturias\/#listItem","position":2,"name":"Asturias","item":"https:\/\/candas365.es\/noticias\/category\/asturias\/","nextItem":{"@type":"ListItem","@id":"https:\/\/candas365.es\/noticias\/asturias-cierra-el-ano-2018-con-72-804-parados\/#listItem","name":"Asturias cierra el a\u00f1o 2018 con 72.804 parados"},"previousItem":{"@type":"ListItem","@id":"https:\/\/candas365.es\/noticias#listItem","name":"Home"}},{"@type":"ListItem","@id":"https:\/\/candas365.es\/noticias\/asturias-cierra-el-ano-2018-con-72-804-parados\/#listItem","position":3,"name":"Asturias cierra el a\u00f1o 2018 con 72.804 parados","previousItem":{"@type":"ListItem","@id":"https:\/\/candas365.es\/noticias\/category\/asturias\/#listItem","name":"Asturias"}}]},{"@type":"NewsArticle","@id":"https:\/\/candas365.es\/noticias\/asturias-cierra-el-ano-2018-con-72-804-parados\/#newsarticle","name":"Asturias cierra el a\u00f1o 2018 con 72.804 parados | Cand\u00e1s 365","headline":"Asturias cierra el a\u00f1o 2018 con 72.804 parados","author":{"@id":"https:\/\/candas365.es\/noticias\/author\/admin\/#author"},"publisher":{"@id":"https:\/\/candas365.es\/noticias\/#organization"},"image":{"@type":"ImageObject","url":"https:\/\/candas365.es\/noticias\/wp-content\/uploads\/2019\/01\/office-336368_960_720.jpg","width":960,"height":643},"datePublished":"2019-01-03T15:40:24+01:00","dateModified":"2019-01-03T15:40:24+01:00","inLanguage":"es-ES","mainEntityOfPage":{"@id":"https:\/\/candas365.es\/noticias\/asturias-cierra-el-ano-2018-con-72-804-parados\/#webpage"},"isPartOf":{"@id":"https:\/\/candas365.es\/noticias\/asturias-cierra-el-ano-2018-con-72-804-parados\/#webpage"},"articleSection":"Asturias","dateline":"Publicado el enero 3, 2019."},{"@type":"Organization","@id":"https:\/\/candas365.es\/noticias\/#organization","name":"Cand\u00e1s 365","description":"Cand\u00e1s 365 es un diario digital independiente, fundado en 2012, con base en Asturias. Informamos con rigor sobre actualidad, sociedad, cultura y ocio, con una mirada local y global.","url":"https:\/\/candas365.es\/noticias\/","email":"info@candas365.es","telephone":"+34652131393","foundingDate":"2012-06-10","logo":{"@type":"ImageObject","url":"https:\/\/candas365.es\/noticias\/wp-content\/uploads\/2024\/09\/Candas-365-Redes.jpg","@id":"https:\/\/candas365.es\/noticias\/asturias-cierra-el-ano-2018-con-72-804-parados\/#organizationLogo","width":1152,"height":864,"caption":"Cand\u00e1s 365 Redes"},"image":{"@id":"https:\/\/candas365.es\/noticias\/asturias-cierra-el-ano-2018-con-72-804-parados\/#organizationLogo"},"sameAs":["https:\/\/www.facebook.com\/Nachofdezber","https:\/\/x.com\/NabercoDigital","https:\/\/www.instagram.com\/nachofdezber\/","https:\/\/www.youtube.com\/channel\/UCZP-2wLEB9Rv6erhFmqVnvg"],"address":{"@id":"https:\/\/candas365.es\/noticias\/#postaladdress","@type":"PostalAddress","streetAddress":"san antonio 4, san antonio 4","postalCode":"33430","addressLocality":"Cand\u00e1s","addressRegion":"Asturias","addressCountry":"ES"}},{"@type":"Person","@id":"https:\/\/candas365.es\/noticias\/author\/admin\/#author","url":"https:\/\/candas365.es\/noticias\/author\/admin\/","name":"Cand\u00e1s 365","image":{"@type":"ImageObject","@id":"https:\/\/candas365.es\/noticias\/asturias-cierra-el-ano-2018-con-72-804-parados\/#authorImage","url":"https:\/\/secure.gravatar.com\/avatar\/496a8e03d0c493ede1718b7934145dbdf8d89be1036b0eec9544e1094c9de390?s=96&d=mm&r=g","width":96,"height":96,"caption":"Cand\u00e1s 365"},"sameAs":["https:\/\/www.facebook.com\/carrenoactualidad","https:\/\/twitter.com\/nbasturias","https:\/\/www.instagram.com\/nachofdezber\/","https:\/\/www.youtube.com\/channel\/UCZP-2wLEB9Rv6erhFmqVnvg"]},{"@type":"WebPage","@id":"https:\/\/candas365.es\/noticias\/asturias-cierra-el-ano-2018-con-72-804-parados\/#webpage","url":"https:\/\/candas365.es\/noticias\/asturias-cierra-el-ano-2018-con-72-804-parados\/","name":"Asturias cierra el a\u00f1o 2018 con 72.804 parados | Cand\u00e1s 365","description":"El n\u00famero de parados en Asturias se redujo en diciembre en 3.743, un 4,89% menos que a finales de 2017, y ha situado la cifra de desempleados en 72.804. Se trata del dato m\u00e1s bajo para un mes de diciembre desde 2008. Adem\u00e1s, el Principado encadena ya 63 meses consecutivos de descensos interanuales del paro.","inLanguage":"es-ES","isPartOf":{"@id":"https:\/\/candas365.es\/noticias\/#website"},"breadcrumb":{"@id":"https:\/\/candas365.es\/noticias\/asturias-cierra-el-ano-2018-con-72-804-parados\/#breadcrumblist"},"author":{"@id":"https:\/\/candas365.es\/noticias\/author\/admin\/#author"},"creator":{"@id":"https:\/\/candas365.es\/noticias\/author\/admin\/#author"},"image":{"@type":"ImageObject","url":"https:\/\/candas365.es\/noticias\/wp-content\/uploads\/2019\/01\/office-336368_960_720.jpg","@id":"https:\/\/candas365.es\/noticias\/asturias-cierra-el-ano-2018-con-72-804-parados\/#mainImage","width":960,"height":643},"primaryImageOfPage":{"@id":"https:\/\/candas365.es\/noticias\/asturias-cierra-el-ano-2018-con-72-804-parados\/#mainImage"},"datePublished":"2019-01-03T15:40:24+01:00","dateModified":"2019-01-03T15:40:24+01:00"},{"@type":"WebSite","@id":"https:\/\/candas365.es\/noticias\/#website","url":"https:\/\/candas365.es\/noticias\/","name":"Cand\u00e1s 365","alternateName":"Cand\u00e1s 365 Noticias","description":"Actualidad desde Carre\u00f1o para el mundo","inLanguage":"es-ES","publisher":{"@id":"https:\/\/candas365.es\/noticias\/#organization"}}]},"og:locale":"es_ES","og:site_name":"Cand\u00e1s 365","og:type":"article","og:title":"Asturias cierra el a\u00f1o 2018 con 72.804 parados | Cand\u00e1s 365","og:description":"El n\u00famero de parados en Asturias se redujo en diciembre en 3.743, un 4,89% menos que a finales de 2017, y ha situado la cifra de desempleados en 72.804. Se trata del dato m\u00e1s bajo para un mes de diciembre desde 2008. Adem\u00e1s, el Principado encadena ya 63 meses consecutivos de descensos interanuales del paro.","og:url":"https:\/\/candas365.es\/noticias\/asturias-cierra-el-ano-2018-con-72-804-parados\/","og:image":"https:\/\/candas365.es\/noticias\/wp-content\/uploads\/2019\/01\/office-336368_960_720.jpg","og:image:secure_url":"https:\/\/candas365.es\/noticias\/wp-content\/uploads\/2019\/01\/office-336368_960_720.jpg","og:image:width":960,"og:image:height":643,"article:published_time":"2019-01-03T15:40:24+00:00","article:modified_time":"2019-01-03T15:40:24+00:00","article:publisher":"https:\/\/www.facebook.com\/Nachofdezber","article:author":"https:\/\/www.facebook.com\/carrenoactualidad","twitter:card":"summary_large_image","twitter:site":"@NabercoDigital","twitter:title":"Asturias cierra el a\u00f1o 2018 con 72.804 parados | Cand\u00e1s 365","twitter:description":"El n\u00famero de parados en Asturias se redujo en diciembre en 3.743, un 4,89% menos que a finales de 2017, y ha situado la cifra de desempleados en 72.804. Se trata del dato m\u00e1s bajo para un mes de diciembre desde 2008. Adem\u00e1s, el Principado encadena ya 63 meses consecutivos de descensos interanuales del paro.","twitter:creator":"@nbasturias","twitter:image":"https:\/\/candas365.es\/noticias\/wp-content\/uploads\/2019\/01\/office-336368_960_720.jpg","twitter:label1":"Escrito por","twitter:data1":"Cand\u00e1s 365","twitter:label2":"Tiempo de lectura estimado","twitter:data2":"2 minutos"},"aioseo_meta_data":{"post_id":"113281","title":null,"description":null,"keywords":null,"keyphrases":null,"primary_term":null,"canonical_url":null,"og_title":null,"og_description":null,"og_object_type":"default","og_image_type":"default","og_image_url":null,"og_image_width":null,"og_image_height":null,"og_image_custom_url":null,"og_image_custom_fields":null,"og_video":null,"og_custom_url":null,"og_article_section":null,"og_article_tags":null,"twitter_use_og":false,"twitter_card":"default","twitter_image_type":"default","twitter_image_url":null,"twitter_image_custom_url":null,"twitter_image_custom_fields":null,"twitter_title":null,"twitter_description":null,"schema":{"blockGraphs":[],"customGraphs":[],"default":{"data":{"Article":[],"Course":[],"Dataset":[],"FAQPage":[],"Movie":[],"Person":[],"Product":[],"ProductReview":[],"Car":[],"Recipe":[],"Service":[],"SoftwareApplication":[],"WebPage":[]},"graphName":"","isEnabled":true},"graphs":[],"defaultGraph":"","defaultPostTypeGraph":""},"schema_type":null,"schema_type_options":null,"pillar_content":false,"robots_default":true,"robots_noindex":false,"robots_noarchive":false,"robots_nosnippet":false,"robots_nofollow":false,"robots_noimageindex":false,"robots_noodp":false,"robots_notranslate":false,"robots_max_snippet":null,"robots_max_videopreview":null,"robots_max_imagepreview":"large","priority":null,"frequency":null,"location":null,"local_seo":null,"seo_analyzer_scan_date":"2025-08-28 20:55:35","breadcrumb_settings":null,"limit_modified_date":false,"reviewed_by":null,"open_ai":null,"ai":null,"created":"2020-12-21 11:29:56","updated":"2025-08-28 20:55:35"},"aioseo_breadcrumb":"<div class=\"aioseo-breadcrumbs\"><span class=\"aioseo-breadcrumb\">\n\t<a href=\"https:\/\/candas365.es\/noticias\" title=\"Home\">Home<\/a>\n<\/span><span class=\"aioseo-breadcrumb-separator\">&ndash;<\/span><span class=\"aioseo-breadcrumb\">\n\t<a href=\"https:\/\/candas365.es\/noticias\/category\/asturias\/\" title=\"Asturias\">Asturias<\/a>\n<\/span><span class=\"aioseo-breadcrumb-separator\">&ndash;<\/span><span class=\"aioseo-breadcrumb\">\n\tAsturias cierra el a\u00f1o 2018 con 72.804 parados\n<\/span><\/div>","aioseo_breadcrumb_json":[{"label":"Home","link":"https:\/\/candas365.es\/noticias"},{"label":"Asturias","link":"https:\/\/candas365.es\/noticias\/category\/asturias\/"},{"label":"Asturias cierra el a\u00f1o 2018 con 72.804 parados","link":"https:\/\/candas365.es\/noticias\/asturias-cierra-el-ano-2018-con-72-804-parados\/"}],"_links":{"self":[{"href":"https:\/\/candas365.es\/noticias\/wp-json\/wp\/v2\/posts\/113281","targetHints":{"allow":["GET"]}}],"collection":[{"href":"https:\/\/candas365.es\/noticias\/wp-json\/wp\/v2\/posts"}],"about":[{"href":"https:\/\/candas365.es\/noticias\/wp-json\/wp\/v2\/types\/post"}],"author":[{"embeddable":true,"href":"https:\/\/candas365.es\/noticias\/wp-json\/wp\/v2\/users\/1"}],"replies":[{"embeddable":true,"href":"https:\/\/candas365.es\/noticias\/wp-json\/wp\/v2\/comments?post=113281"}],"version-history":[{"count":0,"href":"https:\/\/candas365.es\/noticias\/wp-json\/wp\/v2\/posts\/113281\/revisions"}],"wp:featuredmedia":[{"embeddable":true,"href":"https:\/\/candas365.es\/noticias\/wp-json\/wp\/v2\/media\/113282"}],"wp:attachment":[{"href":"https:\/\/candas365.es\/noticias\/wp-json\/wp\/v2\/media?parent=113281"}],"wp:term":[{"taxonomy":"category","embeddable":true,"href":"https:\/\/candas365.es\/noticias\/wp-json\/wp\/v2\/categories?post=113281"},{"taxonomy":"post_tag","embeddable":true,"href":"https:\/\/candas365.es\/noticias\/wp-json\/wp\/v2\/tags?post=113281"}],"curies":[{"name":"wp","href":"https:\/\/api.w.org\/{rel}","templated":true}]}}