{"id":113279,"date":"2019-01-03T14:35:52","date_gmt":"2019-01-03T14:35:52","guid":{"rendered":"http:\/\/candas365.es\/noticias\/?p=113279"},"modified":"2019-01-03T14:35:52","modified_gmt":"2019-01-03T14:35:52","slug":"el-principado-desactiva-el-protocolo-para-episodios-de-contaminacion-en-oviedo-y-las-cuencas","status":"publish","type":"post","link":"https:\/\/candas365.es\/noticias\/el-principado-desactiva-el-protocolo-para-episodios-de-contaminacion-en-oviedo-y-las-cuencas\/","title":{"rendered":"El Principado desactiva el protocolo para episodios de contaminaci\u00f3n en Oviedo y las cuencas"},"content":{"rendered":"<p><img fetchpriority=\"high\" decoding=\"async\" class=\"alignleft size-medium wp-image-4864\" src=\"https:\/\/candas365.es\/noticias\/wp-content\/uploads\/2014\/11\/Oviedo-Naranco-360x270.jpg\" alt=\"\" width=\"360\" height=\"270\" srcset=\"https:\/\/candas365.es\/noticias\/wp-content\/uploads\/2014\/11\/Oviedo-Naranco-360x270.jpg 360w, https:\/\/candas365.es\/noticias\/wp-content\/uploads\/2014\/11\/Oviedo-Naranco-640x480.jpg 640w, https:\/\/candas365.es\/noticias\/wp-content\/uploads\/2014\/11\/Oviedo-Naranco-768x576.jpg 768w, https:\/\/candas365.es\/noticias\/wp-content\/uploads\/2014\/11\/Oviedo-Naranco-1536x1152.jpg 1536w, https:\/\/candas365.es\/noticias\/wp-content\/uploads\/2014\/11\/Oviedo-Naranco-150x113.jpg 150w, https:\/\/candas365.es\/noticias\/wp-content\/uploads\/2014\/11\/Oviedo-Naranco-450x338.jpg 450w, https:\/\/candas365.es\/noticias\/wp-content\/uploads\/2014\/11\/Oviedo-Naranco-1200x900.jpg 1200w, https:\/\/candas365.es\/noticias\/wp-content\/uploads\/2014\/11\/Oviedo-Naranco-1920x1440.jpg 1920w, https:\/\/candas365.es\/noticias\/wp-content\/uploads\/2014\/11\/Oviedo-Naranco-80x60.jpg 80w, https:\/\/candas365.es\/noticias\/wp-content\/uploads\/2014\/11\/Oviedo-Naranco-265x198.jpg 265w, https:\/\/candas365.es\/noticias\/wp-content\/uploads\/2014\/11\/Oviedo-Naranco-696x522.jpg 696w, https:\/\/candas365.es\/noticias\/wp-content\/uploads\/2014\/11\/Oviedo-Naranco-1068x801.jpg 1068w, https:\/\/candas365.es\/noticias\/wp-content\/uploads\/2014\/11\/Oviedo-Naranco-560x420.jpg 560w, https:\/\/candas365.es\/noticias\/wp-content\/uploads\/2014\/11\/Oviedo-Naranco-90x67.jpg 90w, https:\/\/candas365.es\/noticias\/wp-content\/uploads\/2014\/11\/Oviedo-Naranco.jpg 2048w\" sizes=\"(max-width: 360px) 100vw, 360px\" \/>El Gobierno de Asturias ha desactivado hoy el protocolo para episodios de contaminaci\u00f3n que permanec\u00eda activo, en nivel preventivo, en Oviedo y las cuencas mineras al descender ayer los niveles de part\u00edculas PM 2,5 (de di\u00e1metro inferior a 2,5 micras) por debajo del umbral de 25 en todas las estaciones. Las cifras de PM10 han resultado igualmente bajas en los puntos de medici\u00f3n.<\/p>\n<p>Asturias ven\u00eda experimentando desde el 20 de diciembre una situaci\u00f3n de estabilidad atmosf\u00e9rica poco habitual, con ausencia de lluvia y presencia de inversiones a baja altura, que motiv\u00f3 la activaci\u00f3n del protocolo el 24 en la zona de Oviedo y el 26 en Langreo. Este problema no ha afectado s\u00f3lo al Principado, sino que las condiciones de ventilaci\u00f3n desfavorables se est\u00e1n dando en casi toda Espa\u00f1a.<\/p>\n<p>Seg\u00fan las mediciones de la red oficial, en el \u00e1rea de Oviedo se alcanzaron ayer los 14 microgramos por metro c\u00fabico de PM 2,5 en la estaci\u00f3n de Lugones (Siero), 11 en la estaci\u00f3n del parque de Purificaci\u00f3n Tom\u00e1s y 16 en el Palacio de los Deportes, cifras por debajo del umbral de 25 previsto en el protocolo.<\/p>\n<p>En cuanto a Langreo, ayer se alcanzaron valores de 21 microgramos por metro c\u00fabico de PM 2,5 tanto en Sama como en La Felguera. Por ello, y aunque las condiciones de estabilidad contin\u00faan y la Agencia Estatal de Meteorolog\u00eda prev\u00e9 condiciones de ventilaci\u00f3n desiguales (favorable hoy y ma\u00f1ana en Oviedo y desfavorables en Langreo), no se cumple el requisito para mantener la activaci\u00f3n del protocolo, por lo que procede su desactivaci\u00f3n.<\/p>\n<p>El protocolo auton\u00f3mico diferencia tres niveles: 0 (preventivo), 1 (aviso) y 2 (alerta) y se aplica a tres contaminantes: las part\u00edculas en suspensi\u00f3n PM 10 (de di\u00e1metro inferior a 10 micras), PM 2,5 (di\u00e1metro inferior a 2,5 micras) y di\u00f3xido de nitr\u00f3geno. A diferencia de lo que ocurre en otras comunidades, este \u00faltimo no ha dado hasta ahora problemas en Asturias.<\/p>\n<p>El nivel 0 del protocolo compromete a las administraciones a realizar un seguimiento m\u00e1s exhaustivo de la contaminaci\u00f3n y a las empresas que desarrollan actividades potencialmente contaminantes a extremar la precauci\u00f3n. En este nivel, se proh\u00edben las quemas de restos vegetales, pero no se establecen restricciones de tr\u00e1fico, si bien se recomienda el uso del transporte p\u00fablico y compartir el veh\u00edculo privado. Adem\u00e1s, los ayuntamientos afectados pueden adoptar las medidas que consideren adecuadas para reducir la poluci\u00f3n, como por ejemplo el riego de viales y carreteras o el reforzamiento de la inspecci\u00f3n.<\/p>\n","protected":false},"excerpt":{"rendered":"<p>El Gobierno de Asturias ha desactivado hoy el protocolo para episodios de contaminaci\u00f3n que permanec\u00eda activo, en nivel preventivo, en Oviedo y las cuencas mineras al descender ayer los niveles de part\u00edculas PM 2,5 (de di\u00e1metro inferior a 2,5 micras) por debajo del umbral de 25 en todas las estaciones. Las cifras de PM10 han<\/p>\n","protected":false},"author":1,"featured_media":113025,"comment_status":"closed","ping_status":"closed","sticky":false,"template":"","format":"standard","meta":{"footnotes":""},"categories":[7],"tags":[],"class_list":{"0":"post-113279","1":"post","2":"type-post","3":"status-publish","4":"format-standard","5":"has-post-thumbnail","7":"category-asturias"},"aioseo_notices":[],"aioseo_head":"\n\t\t<!-- All in One SEO Pro 4.9.6.2 - aioseo.com -->\n\t<meta name=\"description\" content=\"El Gobierno de Asturias ha desactivado hoy el protocolo para episodios de contaminaci\u00f3n que permanec\u00eda activo, en nivel preventivo, en Oviedo y las cuencas mineras al descender ayer los niveles de part\u00edculas PM 2,5 (de di\u00e1metro inferior a 2,5 micras) por debajo del umbral de 25 en todas las estaciones. Las cifras de PM10 han\" \/>\n\t<meta name=\"robots\" content=\"max-image-preview:large\" \/>\n\t<meta name=\"author\" content=\"Cand\u00e1s 365\"\/>\n\t<meta name=\"google-site-verification\" content=\"UA-32230408-1\" \/>\n\t<meta name=\"msvalidate.01\" content=\"354F3CDFB2DA171B47FBE9ABF1F88D5\" \/>\n\t<meta name=\"keywords\" content=\"asturias\" \/>\n\t<link rel=\"canonical\" href=\"https:\/\/candas365.es\/noticias\/el-principado-desactiva-el-protocolo-para-episodios-de-contaminacion-en-oviedo-y-las-cuencas\/\" \/>\n\t<meta name=\"generator\" content=\"All in One SEO Pro (AIOSEO) 4.9.6.2\" \/>\n\t\t<meta property=\"og:locale\" content=\"es_ES\" \/>\n\t\t<meta property=\"og:site_name\" content=\"Cand\u00e1s 365\" \/>\n\t\t<meta property=\"og:type\" content=\"article\" \/>\n\t\t<meta property=\"og:title\" content=\"El Principado desactiva el protocolo para episodios de contaminaci\u00f3n en Oviedo y las cuencas | Cand\u00e1s 365\" \/>\n\t\t<meta property=\"og:description\" content=\"El Gobierno de Asturias ha desactivado hoy el protocolo para episodios de contaminaci\u00f3n que permanec\u00eda activo, en nivel preventivo, en Oviedo y las cuencas mineras al descender ayer los niveles de part\u00edculas PM 2,5 (de di\u00e1metro inferior a 2,5 micras) por debajo del umbral de 25 en todas las estaciones. Las cifras de PM10 han\" \/>\n\t\t<meta property=\"og:url\" content=\"https:\/\/candas365.es\/noticias\/el-principado-desactiva-el-protocolo-para-episodios-de-contaminacion-en-oviedo-y-las-cuencas\/\" \/>\n\t\t<meta property=\"og:image\" content=\"https:\/\/candas365.es\/noticias\/wp-content\/uploads\/2018\/12\/Consejo-Gobierno-Asturias.jpg\" \/>\n\t\t<meta property=\"og:image:secure_url\" content=\"https:\/\/candas365.es\/noticias\/wp-content\/uploads\/2018\/12\/Consejo-Gobierno-Asturias.jpg\" \/>\n\t\t<meta property=\"og:image:width\" content=\"1280\" \/>\n\t\t<meta property=\"og:image:height\" content=\"853\" \/>\n\t\t<meta property=\"article:published_time\" content=\"2019-01-03T14:35:52+00:00\" \/>\n\t\t<meta property=\"article:modified_time\" content=\"2019-01-03T14:35:52+00:00\" \/>\n\t\t<meta property=\"article:publisher\" content=\"https:\/\/www.facebook.com\/Nachofdezber\" \/>\n\t\t<meta property=\"article:author\" content=\"https:\/\/www.facebook.com\/carrenoactualidad\" \/>\n\t\t<meta name=\"twitter:card\" content=\"summary_large_image\" \/>\n\t\t<meta name=\"twitter:site\" content=\"@NabercoDigital\" \/>\n\t\t<meta name=\"twitter:title\" content=\"El Principado desactiva el protocolo para episodios de contaminaci\u00f3n en Oviedo y las cuencas | Cand\u00e1s 365\" \/>\n\t\t<meta name=\"twitter:description\" content=\"El Gobierno de Asturias ha desactivado hoy el protocolo para episodios de contaminaci\u00f3n que permanec\u00eda activo, en nivel preventivo, en Oviedo y las cuencas mineras al descender ayer los niveles de part\u00edculas PM 2,5 (de di\u00e1metro inferior a 2,5 micras) por debajo del umbral de 25 en todas las estaciones. Las cifras de PM10 han\" \/>\n\t\t<meta name=\"twitter:creator\" content=\"@nbasturias\" \/>\n\t\t<meta name=\"twitter:image\" content=\"https:\/\/candas365.es\/noticias\/wp-content\/uploads\/2018\/12\/Consejo-Gobierno-Asturias.jpg\" \/>\n\t\t<meta name=\"twitter:label1\" content=\"Escrito por\" \/>\n\t\t<meta name=\"twitter:data1\" content=\"Cand\u00e1s 365\" \/>\n\t\t<meta name=\"twitter:label2\" content=\"Tiempo de lectura estimado\" \/>\n\t\t<meta name=\"twitter:data2\" content=\"2 minutos\" \/>\n\t\t<script type=\"application\/ld+json\" class=\"aioseo-schema\">\n\t\t\t{\"@context\":\"https:\\\/\\\/schema.org\",\"@graph\":[{\"@type\":\"BreadcrumbList\",\"@id\":\"https:\\\/\\\/candas365.es\\\/noticias\\\/el-principado-desactiva-el-protocolo-para-episodios-de-contaminacion-en-oviedo-y-las-cuencas\\\/#breadcrumblist\",\"itemListElement\":[{\"@type\":\"ListItem\",\"@id\":\"https:\\\/\\\/candas365.es\\\/noticias#listItem\",\"position\":1,\"name\":\"Home\",\"item\":\"https:\\\/\\\/candas365.es\\\/noticias\",\"nextItem\":{\"@type\":\"ListItem\",\"@id\":\"https:\\\/\\\/candas365.es\\\/noticias\\\/category\\\/asturias\\\/#listItem\",\"name\":\"Asturias\"}},{\"@type\":\"ListItem\",\"@id\":\"https:\\\/\\\/candas365.es\\\/noticias\\\/category\\\/asturias\\\/#listItem\",\"position\":2,\"name\":\"Asturias\",\"item\":\"https:\\\/\\\/candas365.es\\\/noticias\\\/category\\\/asturias\\\/\",\"nextItem\":{\"@type\":\"ListItem\",\"@id\":\"https:\\\/\\\/candas365.es\\\/noticias\\\/el-principado-desactiva-el-protocolo-para-episodios-de-contaminacion-en-oviedo-y-las-cuencas\\\/#listItem\",\"name\":\"El Principado desactiva el protocolo para episodios de contaminaci\\u00f3n en Oviedo y las cuencas\"},\"previousItem\":{\"@type\":\"ListItem\",\"@id\":\"https:\\\/\\\/candas365.es\\\/noticias#listItem\",\"name\":\"Home\"}},{\"@type\":\"ListItem\",\"@id\":\"https:\\\/\\\/candas365.es\\\/noticias\\\/el-principado-desactiva-el-protocolo-para-episodios-de-contaminacion-en-oviedo-y-las-cuencas\\\/#listItem\",\"position\":3,\"name\":\"El Principado desactiva el protocolo para episodios de contaminaci\\u00f3n en Oviedo y las cuencas\",\"previousItem\":{\"@type\":\"ListItem\",\"@id\":\"https:\\\/\\\/candas365.es\\\/noticias\\\/category\\\/asturias\\\/#listItem\",\"name\":\"Asturias\"}}]},{\"@type\":\"NewsArticle\",\"@id\":\"https:\\\/\\\/candas365.es\\\/noticias\\\/el-principado-desactiva-el-protocolo-para-episodios-de-contaminacion-en-oviedo-y-las-cuencas\\\/#newsarticle\",\"name\":\"El Principado desactiva el protocolo para episodios de contaminaci\\u00f3n en Oviedo y las cuencas | Cand\\u00e1s 365\",\"headline\":\"El Principado desactiva el protocolo para episodios de contaminaci\\u00f3n en Oviedo y las cuencas\",\"author\":{\"@id\":\"https:\\\/\\\/candas365.es\\\/noticias\\\/author\\\/admin\\\/#author\"},\"publisher\":{\"@id\":\"https:\\\/\\\/candas365.es\\\/noticias\\\/#organization\"},\"image\":{\"@type\":\"ImageObject\",\"url\":\"https:\\\/\\\/candas365.es\\\/noticias\\\/wp-content\\\/uploads\\\/2018\\\/12\\\/Consejo-Gobierno-Asturias.jpg\",\"width\":1280,\"height\":853},\"datePublished\":\"2019-01-03T14:35:52+01:00\",\"dateModified\":\"2019-01-03T14:35:52+01:00\",\"inLanguage\":\"es-ES\",\"mainEntityOfPage\":{\"@id\":\"https:\\\/\\\/candas365.es\\\/noticias\\\/el-principado-desactiva-el-protocolo-para-episodios-de-contaminacion-en-oviedo-y-las-cuencas\\\/#webpage\"},\"isPartOf\":{\"@id\":\"https:\\\/\\\/candas365.es\\\/noticias\\\/el-principado-desactiva-el-protocolo-para-episodios-de-contaminacion-en-oviedo-y-las-cuencas\\\/#webpage\"},\"articleSection\":\"Asturias\",\"dateline\":\"Publicado el enero 3, 2019.\"},{\"@type\":\"Organization\",\"@id\":\"https:\\\/\\\/candas365.es\\\/noticias\\\/#organization\",\"name\":\"Cand\\u00e1s 365\",\"description\":\"Cand\\u00e1s 365 es un diario digital independiente, fundado en 2012, con base en Asturias. Informamos con rigor sobre actualidad, sociedad, cultura y ocio, con una mirada local y global.\",\"url\":\"https:\\\/\\\/candas365.es\\\/noticias\\\/\",\"email\":\"info@candas365.es\",\"telephone\":\"+34652131393\",\"foundingDate\":\"2012-06-10\",\"logo\":{\"@type\":\"ImageObject\",\"url\":\"https:\\\/\\\/candas365.es\\\/noticias\\\/wp-content\\\/uploads\\\/2024\\\/09\\\/Candas-365-Redes.jpg\",\"@id\":\"https:\\\/\\\/candas365.es\\\/noticias\\\/el-principado-desactiva-el-protocolo-para-episodios-de-contaminacion-en-oviedo-y-las-cuencas\\\/#organizationLogo\",\"width\":1152,\"height\":864,\"caption\":\"Cand\\u00e1s 365 Redes\"},\"image\":{\"@id\":\"https:\\\/\\\/candas365.es\\\/noticias\\\/el-principado-desactiva-el-protocolo-para-episodios-de-contaminacion-en-oviedo-y-las-cuencas\\\/#organizationLogo\"},\"sameAs\":[\"https:\\\/\\\/www.facebook.com\\\/Nachofdezber\",\"https:\\\/\\\/x.com\\\/NabercoDigital\",\"https:\\\/\\\/www.instagram.com\\\/nachofdezber\\\/\",\"https:\\\/\\\/www.youtube.com\\\/channel\\\/UCZP-2wLEB9Rv6erhFmqVnvg\"],\"address\":{\"@id\":\"https:\\\/\\\/candas365.es\\\/noticias\\\/#postaladdress\",\"@type\":\"PostalAddress\",\"streetAddress\":\"san antonio 4, san antonio 4\",\"postalCode\":\"33430\",\"addressLocality\":\"Cand\\u00e1s\",\"addressRegion\":\"Asturias\",\"addressCountry\":\"ES\"}},{\"@type\":\"Person\",\"@id\":\"https:\\\/\\\/candas365.es\\\/noticias\\\/author\\\/admin\\\/#author\",\"url\":\"https:\\\/\\\/candas365.es\\\/noticias\\\/author\\\/admin\\\/\",\"name\":\"Cand\\u00e1s 365\",\"image\":{\"@type\":\"ImageObject\",\"@id\":\"https:\\\/\\\/candas365.es\\\/noticias\\\/el-principado-desactiva-el-protocolo-para-episodios-de-contaminacion-en-oviedo-y-las-cuencas\\\/#authorImage\",\"url\":\"https:\\\/\\\/secure.gravatar.com\\\/avatar\\\/496a8e03d0c493ede1718b7934145dbdf8d89be1036b0eec9544e1094c9de390?s=96&d=mm&r=g\",\"width\":96,\"height\":96,\"caption\":\"Cand\\u00e1s 365\"},\"sameAs\":[\"https:\\\/\\\/www.facebook.com\\\/carrenoactualidad\",\"https:\\\/\\\/twitter.com\\\/nbasturias\",\"https:\\\/\\\/www.instagram.com\\\/nachofdezber\\\/\",\"https:\\\/\\\/www.youtube.com\\\/channel\\\/UCZP-2wLEB9Rv6erhFmqVnvg\"]},{\"@type\":\"WebPage\",\"@id\":\"https:\\\/\\\/candas365.es\\\/noticias\\\/el-principado-desactiva-el-protocolo-para-episodios-de-contaminacion-en-oviedo-y-las-cuencas\\\/#webpage\",\"url\":\"https:\\\/\\\/candas365.es\\\/noticias\\\/el-principado-desactiva-el-protocolo-para-episodios-de-contaminacion-en-oviedo-y-las-cuencas\\\/\",\"name\":\"El Principado desactiva el protocolo para episodios de contaminaci\\u00f3n en Oviedo y las cuencas | Cand\\u00e1s 365\",\"description\":\"El Gobierno de Asturias ha desactivado hoy el protocolo para episodios de contaminaci\\u00f3n que permanec\\u00eda activo, en nivel preventivo, en Oviedo y las cuencas mineras al descender ayer los niveles de part\\u00edculas PM 2,5 (de di\\u00e1metro inferior a 2,5 micras) por debajo del umbral de 25 en todas las estaciones. Las cifras de PM10 han\",\"inLanguage\":\"es-ES\",\"isPartOf\":{\"@id\":\"https:\\\/\\\/candas365.es\\\/noticias\\\/#website\"},\"breadcrumb\":{\"@id\":\"https:\\\/\\\/candas365.es\\\/noticias\\\/el-principado-desactiva-el-protocolo-para-episodios-de-contaminacion-en-oviedo-y-las-cuencas\\\/#breadcrumblist\"},\"author\":{\"@id\":\"https:\\\/\\\/candas365.es\\\/noticias\\\/author\\\/admin\\\/#author\"},\"creator\":{\"@id\":\"https:\\\/\\\/candas365.es\\\/noticias\\\/author\\\/admin\\\/#author\"},\"image\":{\"@type\":\"ImageObject\",\"url\":\"https:\\\/\\\/candas365.es\\\/noticias\\\/wp-content\\\/uploads\\\/2018\\\/12\\\/Consejo-Gobierno-Asturias.jpg\",\"@id\":\"https:\\\/\\\/candas365.es\\\/noticias\\\/el-principado-desactiva-el-protocolo-para-episodios-de-contaminacion-en-oviedo-y-las-cuencas\\\/#mainImage\",\"width\":1280,\"height\":853},\"primaryImageOfPage\":{\"@id\":\"https:\\\/\\\/candas365.es\\\/noticias\\\/el-principado-desactiva-el-protocolo-para-episodios-de-contaminacion-en-oviedo-y-las-cuencas\\\/#mainImage\"},\"datePublished\":\"2019-01-03T14:35:52+01:00\",\"dateModified\":\"2019-01-03T14:35:52+01:00\"},{\"@type\":\"WebSite\",\"@id\":\"https:\\\/\\\/candas365.es\\\/noticias\\\/#website\",\"url\":\"https:\\\/\\\/candas365.es\\\/noticias\\\/\",\"name\":\"Cand\\u00e1s 365\",\"alternateName\":\"Cand\\u00e1s 365 Noticias\",\"description\":\"Actualidad desde Carre\\u00f1o para el mundo\",\"inLanguage\":\"es-ES\",\"publisher\":{\"@id\":\"https:\\\/\\\/candas365.es\\\/noticias\\\/#organization\"}}]}\n\t\t<\/script>\n\t\t<!-- All in One SEO Pro -->\r\n\t\t<title>El Principado desactiva el protocolo para episodios de contaminaci\u00f3n en Oviedo y las cuencas | Cand\u00e1s 365<\/title>\n\n","aioseo_head_json":{"title":"El Principado desactiva el protocolo para episodios de contaminaci\u00f3n en Oviedo y las cuencas | Cand\u00e1s 365","description":"El Gobierno de Asturias ha desactivado hoy el protocolo para episodios de contaminaci\u00f3n que permanec\u00eda activo, en nivel preventivo, en Oviedo y las cuencas mineras al descender ayer los niveles de part\u00edculas PM 2,5 (de di\u00e1metro inferior a 2,5 micras) por debajo del umbral de 25 en todas las estaciones. Las cifras de PM10 han","canonical_url":"https:\/\/candas365.es\/noticias\/el-principado-desactiva-el-protocolo-para-episodios-de-contaminacion-en-oviedo-y-las-cuencas\/","robots":"max-image-preview:large","keywords":"asturias","webmasterTools":{"google-site-verification":"UA-32230408-1","msvalidate.01":"354F3CDFB2DA171B47FBE9ABF1F88D5","miscellaneous":""},"schema":{"@context":"https:\/\/schema.org","@graph":[{"@type":"BreadcrumbList","@id":"https:\/\/candas365.es\/noticias\/el-principado-desactiva-el-protocolo-para-episodios-de-contaminacion-en-oviedo-y-las-cuencas\/#breadcrumblist","itemListElement":[{"@type":"ListItem","@id":"https:\/\/candas365.es\/noticias#listItem","position":1,"name":"Home","item":"https:\/\/candas365.es\/noticias","nextItem":{"@type":"ListItem","@id":"https:\/\/candas365.es\/noticias\/category\/asturias\/#listItem","name":"Asturias"}},{"@type":"ListItem","@id":"https:\/\/candas365.es\/noticias\/category\/asturias\/#listItem","position":2,"name":"Asturias","item":"https:\/\/candas365.es\/noticias\/category\/asturias\/","nextItem":{"@type":"ListItem","@id":"https:\/\/candas365.es\/noticias\/el-principado-desactiva-el-protocolo-para-episodios-de-contaminacion-en-oviedo-y-las-cuencas\/#listItem","name":"El Principado desactiva el protocolo para episodios de contaminaci\u00f3n en Oviedo y las cuencas"},"previousItem":{"@type":"ListItem","@id":"https:\/\/candas365.es\/noticias#listItem","name":"Home"}},{"@type":"ListItem","@id":"https:\/\/candas365.es\/noticias\/el-principado-desactiva-el-protocolo-para-episodios-de-contaminacion-en-oviedo-y-las-cuencas\/#listItem","position":3,"name":"El Principado desactiva el protocolo para episodios de contaminaci\u00f3n en Oviedo y las cuencas","previousItem":{"@type":"ListItem","@id":"https:\/\/candas365.es\/noticias\/category\/asturias\/#listItem","name":"Asturias"}}]},{"@type":"NewsArticle","@id":"https:\/\/candas365.es\/noticias\/el-principado-desactiva-el-protocolo-para-episodios-de-contaminacion-en-oviedo-y-las-cuencas\/#newsarticle","name":"El Principado desactiva el protocolo para episodios de contaminaci\u00f3n en Oviedo y las cuencas | Cand\u00e1s 365","headline":"El Principado desactiva el protocolo para episodios de contaminaci\u00f3n en Oviedo y las cuencas","author":{"@id":"https:\/\/candas365.es\/noticias\/author\/admin\/#author"},"publisher":{"@id":"https:\/\/candas365.es\/noticias\/#organization"},"image":{"@type":"ImageObject","url":"https:\/\/candas365.es\/noticias\/wp-content\/uploads\/2018\/12\/Consejo-Gobierno-Asturias.jpg","width":1280,"height":853},"datePublished":"2019-01-03T14:35:52+01:00","dateModified":"2019-01-03T14:35:52+01:00","inLanguage":"es-ES","mainEntityOfPage":{"@id":"https:\/\/candas365.es\/noticias\/el-principado-desactiva-el-protocolo-para-episodios-de-contaminacion-en-oviedo-y-las-cuencas\/#webpage"},"isPartOf":{"@id":"https:\/\/candas365.es\/noticias\/el-principado-desactiva-el-protocolo-para-episodios-de-contaminacion-en-oviedo-y-las-cuencas\/#webpage"},"articleSection":"Asturias","dateline":"Publicado el enero 3, 2019."},{"@type":"Organization","@id":"https:\/\/candas365.es\/noticias\/#organization","name":"Cand\u00e1s 365","description":"Cand\u00e1s 365 es un diario digital independiente, fundado en 2012, con base en Asturias. Informamos con rigor sobre actualidad, sociedad, cultura y ocio, con una mirada local y global.","url":"https:\/\/candas365.es\/noticias\/","email":"info@candas365.es","telephone":"+34652131393","foundingDate":"2012-06-10","logo":{"@type":"ImageObject","url":"https:\/\/candas365.es\/noticias\/wp-content\/uploads\/2024\/09\/Candas-365-Redes.jpg","@id":"https:\/\/candas365.es\/noticias\/el-principado-desactiva-el-protocolo-para-episodios-de-contaminacion-en-oviedo-y-las-cuencas\/#organizationLogo","width":1152,"height":864,"caption":"Cand\u00e1s 365 Redes"},"image":{"@id":"https:\/\/candas365.es\/noticias\/el-principado-desactiva-el-protocolo-para-episodios-de-contaminacion-en-oviedo-y-las-cuencas\/#organizationLogo"},"sameAs":["https:\/\/www.facebook.com\/Nachofdezber","https:\/\/x.com\/NabercoDigital","https:\/\/www.instagram.com\/nachofdezber\/","https:\/\/www.youtube.com\/channel\/UCZP-2wLEB9Rv6erhFmqVnvg"],"address":{"@id":"https:\/\/candas365.es\/noticias\/#postaladdress","@type":"PostalAddress","streetAddress":"san antonio 4, san antonio 4","postalCode":"33430","addressLocality":"Cand\u00e1s","addressRegion":"Asturias","addressCountry":"ES"}},{"@type":"Person","@id":"https:\/\/candas365.es\/noticias\/author\/admin\/#author","url":"https:\/\/candas365.es\/noticias\/author\/admin\/","name":"Cand\u00e1s 365","image":{"@type":"ImageObject","@id":"https:\/\/candas365.es\/noticias\/el-principado-desactiva-el-protocolo-para-episodios-de-contaminacion-en-oviedo-y-las-cuencas\/#authorImage","url":"https:\/\/secure.gravatar.com\/avatar\/496a8e03d0c493ede1718b7934145dbdf8d89be1036b0eec9544e1094c9de390?s=96&d=mm&r=g","width":96,"height":96,"caption":"Cand\u00e1s 365"},"sameAs":["https:\/\/www.facebook.com\/carrenoactualidad","https:\/\/twitter.com\/nbasturias","https:\/\/www.instagram.com\/nachofdezber\/","https:\/\/www.youtube.com\/channel\/UCZP-2wLEB9Rv6erhFmqVnvg"]},{"@type":"WebPage","@id":"https:\/\/candas365.es\/noticias\/el-principado-desactiva-el-protocolo-para-episodios-de-contaminacion-en-oviedo-y-las-cuencas\/#webpage","url":"https:\/\/candas365.es\/noticias\/el-principado-desactiva-el-protocolo-para-episodios-de-contaminacion-en-oviedo-y-las-cuencas\/","name":"El Principado desactiva el protocolo para episodios de contaminaci\u00f3n en Oviedo y las cuencas | Cand\u00e1s 365","description":"El Gobierno de Asturias ha desactivado hoy el protocolo para episodios de contaminaci\u00f3n que permanec\u00eda activo, en nivel preventivo, en Oviedo y las cuencas mineras al descender ayer los niveles de part\u00edculas PM 2,5 (de di\u00e1metro inferior a 2,5 micras) por debajo del umbral de 25 en todas las estaciones. Las cifras de PM10 han","inLanguage":"es-ES","isPartOf":{"@id":"https:\/\/candas365.es\/noticias\/#website"},"breadcrumb":{"@id":"https:\/\/candas365.es\/noticias\/el-principado-desactiva-el-protocolo-para-episodios-de-contaminacion-en-oviedo-y-las-cuencas\/#breadcrumblist"},"author":{"@id":"https:\/\/candas365.es\/noticias\/author\/admin\/#author"},"creator":{"@id":"https:\/\/candas365.es\/noticias\/author\/admin\/#author"},"image":{"@type":"ImageObject","url":"https:\/\/candas365.es\/noticias\/wp-content\/uploads\/2018\/12\/Consejo-Gobierno-Asturias.jpg","@id":"https:\/\/candas365.es\/noticias\/el-principado-desactiva-el-protocolo-para-episodios-de-contaminacion-en-oviedo-y-las-cuencas\/#mainImage","width":1280,"height":853},"primaryImageOfPage":{"@id":"https:\/\/candas365.es\/noticias\/el-principado-desactiva-el-protocolo-para-episodios-de-contaminacion-en-oviedo-y-las-cuencas\/#mainImage"},"datePublished":"2019-01-03T14:35:52+01:00","dateModified":"2019-01-03T14:35:52+01:00"},{"@type":"WebSite","@id":"https:\/\/candas365.es\/noticias\/#website","url":"https:\/\/candas365.es\/noticias\/","name":"Cand\u00e1s 365","alternateName":"Cand\u00e1s 365 Noticias","description":"Actualidad desde Carre\u00f1o para el mundo","inLanguage":"es-ES","publisher":{"@id":"https:\/\/candas365.es\/noticias\/#organization"}}]},"og:locale":"es_ES","og:site_name":"Cand\u00e1s 365","og:type":"article","og:title":"El Principado desactiva el protocolo para episodios de contaminaci\u00f3n en Oviedo y las cuencas | Cand\u00e1s 365","og:description":"El Gobierno de Asturias ha desactivado hoy el protocolo para episodios de contaminaci\u00f3n que permanec\u00eda activo, en nivel preventivo, en Oviedo y las cuencas mineras al descender ayer los niveles de part\u00edculas PM 2,5 (de di\u00e1metro inferior a 2,5 micras) por debajo del umbral de 25 en todas las estaciones. Las cifras de PM10 han","og:url":"https:\/\/candas365.es\/noticias\/el-principado-desactiva-el-protocolo-para-episodios-de-contaminacion-en-oviedo-y-las-cuencas\/","og:image":"https:\/\/candas365.es\/noticias\/wp-content\/uploads\/2018\/12\/Consejo-Gobierno-Asturias.jpg","og:image:secure_url":"https:\/\/candas365.es\/noticias\/wp-content\/uploads\/2018\/12\/Consejo-Gobierno-Asturias.jpg","og:image:width":1280,"og:image:height":853,"article:published_time":"2019-01-03T14:35:52+00:00","article:modified_time":"2019-01-03T14:35:52+00:00","article:publisher":"https:\/\/www.facebook.com\/Nachofdezber","article:author":"https:\/\/www.facebook.com\/carrenoactualidad","twitter:card":"summary_large_image","twitter:site":"@NabercoDigital","twitter:title":"El Principado desactiva el protocolo para episodios de contaminaci\u00f3n en Oviedo y las cuencas | Cand\u00e1s 365","twitter:description":"El Gobierno de Asturias ha desactivado hoy el protocolo para episodios de contaminaci\u00f3n que permanec\u00eda activo, en nivel preventivo, en Oviedo y las cuencas mineras al descender ayer los niveles de part\u00edculas PM 2,5 (de di\u00e1metro inferior a 2,5 micras) por debajo del umbral de 25 en todas las estaciones. Las cifras de PM10 han","twitter:creator":"@nbasturias","twitter:image":"https:\/\/candas365.es\/noticias\/wp-content\/uploads\/2018\/12\/Consejo-Gobierno-Asturias.jpg","twitter:label1":"Escrito por","twitter:data1":"Cand\u00e1s 365","twitter:label2":"Tiempo de lectura estimado","twitter:data2":"2 minutos"},"aioseo_meta_data":{"post_id":"113279","title":null,"description":null,"keywords":null,"keyphrases":null,"primary_term":null,"canonical_url":null,"og_title":null,"og_description":null,"og_object_type":"default","og_image_type":"default","og_image_url":null,"og_image_width":null,"og_image_height":null,"og_image_custom_url":null,"og_image_custom_fields":null,"og_video":null,"og_custom_url":null,"og_article_section":null,"og_article_tags":null,"twitter_use_og":false,"twitter_card":"default","twitter_image_type":"default","twitter_image_url":null,"twitter_image_custom_url":null,"twitter_image_custom_fields":null,"twitter_title":null,"twitter_description":null,"schema":{"blockGraphs":[],"customGraphs":[],"default":{"data":{"Article":[],"Course":[],"Dataset":[],"FAQPage":[],"Movie":[],"Person":[],"Product":[],"ProductReview":[],"Car":[],"Recipe":[],"Service":[],"SoftwareApplication":[],"WebPage":[]},"graphName":"","isEnabled":true},"graphs":[],"defaultGraph":"","defaultPostTypeGraph":""},"schema_type":null,"schema_type_options":null,"pillar_content":false,"robots_default":true,"robots_noindex":false,"robots_noarchive":false,"robots_nosnippet":false,"robots_nofollow":false,"robots_noimageindex":false,"robots_noodp":false,"robots_notranslate":false,"robots_max_snippet":null,"robots_max_videopreview":null,"robots_max_imagepreview":"large","priority":null,"frequency":null,"location":null,"local_seo":null,"seo_analyzer_scan_date":"2025-08-28 20:55:34","breadcrumb_settings":null,"limit_modified_date":false,"reviewed_by":null,"open_ai":null,"ai":null,"created":"2020-12-21 11:29:56","updated":"2025-08-28 20:55:34"},"aioseo_breadcrumb":"<div class=\"aioseo-breadcrumbs\"><span class=\"aioseo-breadcrumb\">\n\t<a href=\"https:\/\/candas365.es\/noticias\" title=\"Home\">Home<\/a>\n<\/span><span class=\"aioseo-breadcrumb-separator\">&ndash;<\/span><span class=\"aioseo-breadcrumb\">\n\t<a href=\"https:\/\/candas365.es\/noticias\/category\/asturias\/\" title=\"Asturias\">Asturias<\/a>\n<\/span><span class=\"aioseo-breadcrumb-separator\">&ndash;<\/span><span class=\"aioseo-breadcrumb\">\n\tEl Principado desactiva el protocolo para episodios de contaminaci\u00f3n en Oviedo y las cuencas\n<\/span><\/div>","aioseo_breadcrumb_json":[{"label":"Home","link":"https:\/\/candas365.es\/noticias"},{"label":"Asturias","link":"https:\/\/candas365.es\/noticias\/category\/asturias\/"},{"label":"El Principado desactiva el protocolo para episodios de contaminaci\u00f3n en Oviedo y las cuencas","link":"https:\/\/candas365.es\/noticias\/el-principado-desactiva-el-protocolo-para-episodios-de-contaminacion-en-oviedo-y-las-cuencas\/"}],"_links":{"self":[{"href":"https:\/\/candas365.es\/noticias\/wp-json\/wp\/v2\/posts\/113279","targetHints":{"allow":["GET"]}}],"collection":[{"href":"https:\/\/candas365.es\/noticias\/wp-json\/wp\/v2\/posts"}],"about":[{"href":"https:\/\/candas365.es\/noticias\/wp-json\/wp\/v2\/types\/post"}],"author":[{"embeddable":true,"href":"https:\/\/candas365.es\/noticias\/wp-json\/wp\/v2\/users\/1"}],"replies":[{"embeddable":true,"href":"https:\/\/candas365.es\/noticias\/wp-json\/wp\/v2\/comments?post=113279"}],"version-history":[{"count":0,"href":"https:\/\/candas365.es\/noticias\/wp-json\/wp\/v2\/posts\/113279\/revisions"}],"wp:featuredmedia":[{"embeddable":true,"href":"https:\/\/candas365.es\/noticias\/wp-json\/wp\/v2\/media\/113025"}],"wp:attachment":[{"href":"https:\/\/candas365.es\/noticias\/wp-json\/wp\/v2\/media?parent=113279"}],"wp:term":[{"taxonomy":"category","embeddable":true,"href":"https:\/\/candas365.es\/noticias\/wp-json\/wp\/v2\/categories?post=113279"},{"taxonomy":"post_tag","embeddable":true,"href":"https:\/\/candas365.es\/noticias\/wp-json\/wp\/v2\/tags?post=113279"}],"curies":[{"name":"wp","href":"https:\/\/api.w.org\/{rel}","templated":true}]}}