{"id":113276,"date":"2019-01-03T11:16:25","date_gmt":"2019-01-03T11:16:25","guid":{"rendered":"http:\/\/candas365.es\/noticias\/?p=113276"},"modified":"2019-01-03T11:16:25","modified_gmt":"2019-01-03T11:16:25","slug":"preparan-una-publicacion-dedicada-a-los-faros-de-candas","status":"publish","type":"post","link":"https:\/\/candas365.es\/noticias\/preparan-una-publicacion-dedicada-a-los-faros-de-candas\/","title":{"rendered":"Preparan una publicaci\u00f3n dedicada a los Faros de Cand\u00e1s"},"content":{"rendered":"<p><img fetchpriority=\"high\" decoding=\"async\" class=\"alignleft size-medium wp-image-113277\" src=\"https:\/\/candas365.es\/noticias\/wp-content\/uploads\/2019\/01\/03a8b5fa9173-360x270.jpg\" alt=\"\" width=\"360\" height=\"270\" srcset=\"https:\/\/candas365.es\/noticias\/wp-content\/uploads\/2019\/01\/03a8b5fa9173-360x270.jpg 360w, https:\/\/candas365.es\/noticias\/wp-content\/uploads\/2019\/01\/03a8b5fa9173-768x576.jpg 768w, https:\/\/candas365.es\/noticias\/wp-content\/uploads\/2019\/01\/03a8b5fa9173-640x480.jpg 640w, https:\/\/candas365.es\/noticias\/wp-content\/uploads\/2019\/01\/03a8b5fa9173-80x60.jpg 80w, https:\/\/candas365.es\/noticias\/wp-content\/uploads\/2019\/01\/03a8b5fa9173-265x198.jpg 265w, https:\/\/candas365.es\/noticias\/wp-content\/uploads\/2019\/01\/03a8b5fa9173-696x522.jpg 696w, https:\/\/candas365.es\/noticias\/wp-content\/uploads\/2019\/01\/03a8b5fa9173-560x420.jpg 560w, https:\/\/candas365.es\/noticias\/wp-content\/uploads\/2019\/01\/03a8b5fa9173.jpg 1024w\" sizes=\"(max-width: 360px) 100vw, 360px\" \/>El vecindario de Cand\u00e1s siente curiosidad y orgullo por sus faros. Prueba de ello son los escritos, estudios y trabajos que van surgiendo entorno a los mismos. Recientemente, <strong>Roque Galcer\u00e1n S\u00e1ez<\/strong>, vecino de Cand\u00e1s cuya vida profesional siempre ha estado vinculada al mar, organiz\u00f3 en el Museo Ant\u00f3n una exposici\u00f3n \u201cLos Faros de Cand\u00e1s\u201d que se puede visitar hasta el 27 de enero. Exposici\u00f3n programada entorno al centenario del actual Faro de Cand\u00e1s ubicado en San Antonio. A la par que esa muestra expositiva con amplio repertorio de materiales que se han ido utilizando en estas instalaciones a lo largo de m\u00e1s de cien a\u00f1os Galcer\u00e1n ultim\u00f3 un minucioso trabajo sobre Los Faros de Cand\u00e1s cuyo material cedi\u00f3 al Ayuntamiento para su edici\u00f3n.<\/p>\n<p>\u201cLa publicaci\u00f3n, que saldr\u00e1 a la luz en los primeros meses de este a\u00f1o, es un relato de la historia marinera de nuestra villa, en el que se hace un repaso por las diferentes se\u00f1ales mar\u00edtimas que existieron en nuestro Concejo, la puesta en marcha del servicio del actual Faro, su situaci\u00f3n durante los conflictos b\u00e9licos o c\u00f3mo era la vida en el Faro. Es un reflejo de los cambios que a lo largo de los a\u00f1os se ha llevado a cabo en la navegaci\u00f3n mar\u00edtima y que han influido de una manera especial en estas se\u00f1ales luminosas tan importantes para que los barcos lleguen a buen puerto\u201d explic\u00f3 <strong>Amelia Fern\u00e1ndez<\/strong>, Alcaldesa de Carre\u00f1o.<\/p>\n<p>\u201cLa edici\u00f3n del libro la asumen \u00edntegramente el Ayuntamiento de Carre\u00f1o, a trav\u00e9s de la Concejal\u00eda de Cultura. Su autor, el candas\u00edn Roque Galcer\u00e1n, nos present\u00f3 este proyecto editorial, que ha contado con el apoyo de las personas que integran la Comisi\u00f3n de Cultura. Un libro que lleva elaborando m\u00e1s de un a\u00f1o y en el que ha recopilado toda una serie de datos, de fotograf\u00edas que nunca han salido a la luz. Un regalo con el que celebrar los 100 a\u00f1os del Faro y conocer no s\u00f3lo la historia del Faro, si no la de ese Cand\u00e1s Marinero, a trav\u00e9s de las diferentes actas por ejemplo de la Cofrad\u00eda de Mareantes de Cand\u00e1s o del Puerto del Musel\u201d se\u00f1al\u00f3 la alcaldesa.<\/p>\n<p>\u201cTras el proceso de elaboraci\u00f3n y redacci\u00f3n y una vez ultimado todos los detalles, el autor se encuentra trabajando con el dise\u00f1ador local, <strong>Goyo Rodr\u00edguez<\/strong>, en los pormenores del dise\u00f1o y la maquetaci\u00f3n del mismo para imprenta. Paso necesario antes su final impresi\u00f3n final, de la cual se har\u00e1 cargo tras el proceso, de contrataci\u00f3n correspondiente, la Gr\u00e1ficas Eujoa\u201d prosigui\u00f3 Fern\u00e1ndez.<\/p>\n<p>El importe total, entre edici\u00f3n, maquetaci\u00f3n y edici\u00f3n de la publicaci\u00f3n asciende a 9.451 \u20ac.<\/p>\n<p>\u201cSer\u00e1n unos ejemplares de aproximadamente 385 paginas, cada uno, en formato horizontal de 22,5 x 21,5 cm. Las p\u00e1ginas interiores estar\u00e1n impresas a 4 tintas sobre un papel estucado mate de 150 gramos. En el caso de la encuadernaci\u00f3n ser\u00e1 de tapa dura cart\u00f3n de 2,5mm forrado al cromo, con un forro impreso, tambi\u00e9n a 4 tintas y sobre papel estucado mate de 15 gramos. Es un trabajo en el no s\u00f3lo destacan los textos como las fotograf\u00edas, si no la cartograf\u00eda antigua o documentaci\u00f3n original, de ah\u00ed la calidad del papel y que sea a 4 tintas, para que de una forma n\u00edtida se pueda apreciar el material hist\u00f3rico apostado por el autor\u201d relat\u00f3 la regidora.<\/p>\n<p>Desde principios del siglo XX, Cand\u00e1s ha contado con tres faros, que instalados de forma sucesiva y en diferentes ubicaciones, han se\u00f1alizado la entrada a sus instalaciones portuarias. En marzo de 1900, se encendi\u00f3 el primero de ellos de manera provisional en el Monte Fuxa. Este primer Faro se traslad\u00f3 en diciembre de 1904 a la Pe\u00f1a de Los \u00c1ngeles. Y finalmente, en octubre de 1917 se cambi\u00f3 el emplazamiento del Faro de Cand\u00e1s hasta el extremo Norte del cabo de San Antonio donde permanece en la actualidad. El motivo de este \u00faltimo traslado no fue otro que no exist\u00eda en los alrededores la posibilidad de construir una casa para el farero Tres faros diferentes con el \u00fanico objetivo de garantizar una navegaci\u00f3n m\u00e1s segura.<\/p>\n<p>El actual Faro est\u00e1 situado en el Cabo de San Antonio, en la Punta del Cuerno, en la margen occidental del puerto de Cand\u00e1s, al cual sirve de abrigo de los vientos del oeste. Este enclave, ya fue usado para la defensa de la costa y del puerto de los ataques ingleses en el s.XVIII, instal\u00e1ndose en 1770 tres ca\u00f1ones DEA 24. Desde 1998 estas piezas se encuentran expuestas en el Prau Gervasia no s\u00f3lo para el disfrute de la vecindad y sino como fuente hist\u00f3rica de nuestra villa<\/p>\n<p>Roque Galcer\u00e1n S\u00e1ez, es vecino de Cand\u00e1s. Toda su vida profesional la ha desarrollado en el mundo de la mar como trabajador de la Autoridad Portuaria de Gij\u00f3n. Es t\u00e9cnico de se\u00f1ales mar\u00edtimas y durante un per\u00edodo de su vida fue encargado del faro de Cand\u00e1s. Ha destacado por su participaci\u00f3n en la actividad sindical del puerto de Gij\u00f3n, como lo demuestra su compromiso desde los inicios con Fetcomar, la federaci\u00f3n que agrupaba a los\/as trabajadores\/as de la mar. Llegando a ser miembro del Consejo de Administraci\u00f3n de la Autoridad Portuaria en representaci\u00f3n de CC.OO. Aunque su campo de actuaci\u00f3n siempre se ha extendido por todos los \u00e1mbitos, lo que se vio recompensado con el nombramiento de Secretario General de la Secci\u00f3n Sindical de Gij\u00f3n.<\/p>\n<p>En la actualidad se encuentra en la situaci\u00f3n de jubilaci\u00f3n, aunque no ha abandonado su gran pasi\u00f3n y el que fue su medio de vida durante tantos a\u00f1os, los Faros. Muestra de ello es la exposici\u00f3n que ha organizado en el Museo Ant\u00f3n \u201cLos Faros de Cand\u00e1s\u201d y que hasta el 27 de enero se puede visitar. La cual est\u00e1s constituida por un amplio repertorio de materiales que se han ido utilizando en estas instalaciones a lo largo de m\u00e1s de cien a\u00f1os<\/p>\n<p>El edificio que alberga el Faro de Cand\u00e1s, que a d\u00eda de hoy a\u00fan se encuentra en pleno rendimiento alumbrado a las diferentes embarcaciones, es rectangular de dos alturas con una torre tronco piramidal adosada a la cara norte del edificio. Tiene una altura sobre el nivel del mar de 40 metros y de 12 metros sobre el terreno. Est\u00e1 construido casi al borde del acantilado. Siendo su alcance de 15 millas marinas y sus coordenadas son: 43\u00ba 35,599 N y 05\u00ba 45,754 W. El Faro de San Antonio es propiedad de la Autoridad Portuaria de Gij\u00f3n y una parte est\u00e1 cedido su uso como sede social y local de ensayos de la Banda Gaites Cand\u00e1s.<\/p>\n<p>&nbsp;<\/p>\n","protected":false},"excerpt":{"rendered":"<p>El vecindario de Cand\u00e1s siente curiosidad y orgullo por sus faros. Prueba de ello son los escritos, estudios y trabajos que van surgiendo entorno a los mismos. Recientemente, Roque Galcer\u00e1n S\u00e1ez, vecino de Cand\u00e1s cuya vida profesional siempre ha estado vinculada al mar, organiz\u00f3 en el Museo Ant\u00f3n una exposici\u00f3n \u201cLos Faros de Cand\u00e1s\u201d que<\/p>\n","protected":false},"author":1,"featured_media":113277,"comment_status":"closed","ping_status":"closed","sticky":false,"template":"","format":"standard","meta":{"footnotes":""},"categories":[2],"tags":[],"class_list":{"0":"post-113276","1":"post","2":"type-post","3":"status-publish","4":"format-standard","5":"has-post-thumbnail","7":"category-noticias-carreno"},"aioseo_notices":[],"aioseo_head":"\n\t\t<!-- All in One SEO Pro 4.9.6.2 - aioseo.com -->\n\t<meta name=\"description\" content=\"El vecindario de Cand\u00e1s siente curiosidad y orgullo por sus faros. Prueba de ello son los escritos, estudios y trabajos que van surgiendo entorno a los mismos. Recientemente, Roque Galcer\u00e1n S\u00e1ez, vecino de Cand\u00e1s cuya vida profesional siempre ha estado vinculada al mar, organiz\u00f3 en el Museo Ant\u00f3n una exposici\u00f3n \u201cLos Faros de Cand\u00e1s\u201d que\" \/>\n\t<meta name=\"robots\" content=\"max-image-preview:large\" \/>\n\t<meta name=\"author\" content=\"Cand\u00e1s 365\"\/>\n\t<meta name=\"google-site-verification\" content=\"UA-32230408-1\" \/>\n\t<meta name=\"msvalidate.01\" content=\"354F3CDFB2DA171B47FBE9ABF1F88D5\" \/>\n\t<meta name=\"keywords\" content=\"noticias carre\u00f1o\" \/>\n\t<link rel=\"canonical\" href=\"https:\/\/candas365.es\/noticias\/preparan-una-publicacion-dedicada-a-los-faros-de-candas\/\" \/>\n\t<meta name=\"generator\" content=\"All in One SEO Pro (AIOSEO) 4.9.6.2\" \/>\n\t\t<meta property=\"og:locale\" content=\"es_ES\" \/>\n\t\t<meta property=\"og:site_name\" content=\"Cand\u00e1s 365\" \/>\n\t\t<meta property=\"og:type\" content=\"article\" \/>\n\t\t<meta property=\"og:title\" content=\"Preparan una publicaci\u00f3n dedicada a los Faros de Cand\u00e1s | Cand\u00e1s 365\" \/>\n\t\t<meta property=\"og:description\" content=\"El vecindario de Cand\u00e1s siente curiosidad y orgullo por sus faros. Prueba de ello son los escritos, estudios y trabajos que van surgiendo entorno a los mismos. Recientemente, Roque Galcer\u00e1n S\u00e1ez, vecino de Cand\u00e1s cuya vida profesional siempre ha estado vinculada al mar, organiz\u00f3 en el Museo Ant\u00f3n una exposici\u00f3n \u201cLos Faros de Cand\u00e1s\u201d que\" \/>\n\t\t<meta property=\"og:url\" content=\"https:\/\/candas365.es\/noticias\/preparan-una-publicacion-dedicada-a-los-faros-de-candas\/\" \/>\n\t\t<meta property=\"og:image\" content=\"https:\/\/candas365.es\/noticias\/wp-content\/uploads\/2019\/01\/03a8b5fa9173.jpg\" \/>\n\t\t<meta property=\"og:image:secure_url\" content=\"https:\/\/candas365.es\/noticias\/wp-content\/uploads\/2019\/01\/03a8b5fa9173.jpg\" \/>\n\t\t<meta property=\"og:image:width\" content=\"1024\" \/>\n\t\t<meta property=\"og:image:height\" content=\"768\" \/>\n\t\t<meta property=\"article:published_time\" content=\"2019-01-03T11:16:25+00:00\" \/>\n\t\t<meta property=\"article:modified_time\" content=\"2019-01-03T11:16:25+00:00\" \/>\n\t\t<meta property=\"article:publisher\" content=\"https:\/\/www.facebook.com\/Nachofdezber\" \/>\n\t\t<meta property=\"article:author\" content=\"https:\/\/www.facebook.com\/carrenoactualidad\" \/>\n\t\t<meta name=\"twitter:card\" content=\"summary_large_image\" \/>\n\t\t<meta name=\"twitter:site\" content=\"@NabercoDigital\" \/>\n\t\t<meta name=\"twitter:title\" content=\"Preparan una publicaci\u00f3n dedicada a los Faros de Cand\u00e1s | Cand\u00e1s 365\" \/>\n\t\t<meta name=\"twitter:description\" content=\"El vecindario de Cand\u00e1s siente curiosidad y orgullo por sus faros. Prueba de ello son los escritos, estudios y trabajos que van surgiendo entorno a los mismos. Recientemente, Roque Galcer\u00e1n S\u00e1ez, vecino de Cand\u00e1s cuya vida profesional siempre ha estado vinculada al mar, organiz\u00f3 en el Museo Ant\u00f3n una exposici\u00f3n \u201cLos Faros de Cand\u00e1s\u201d que\" \/>\n\t\t<meta name=\"twitter:creator\" content=\"@nbasturias\" \/>\n\t\t<meta name=\"twitter:image\" content=\"https:\/\/candas365.es\/noticias\/wp-content\/uploads\/2019\/01\/03a8b5fa9173.jpg\" \/>\n\t\t<meta name=\"twitter:label1\" content=\"Escrito por\" \/>\n\t\t<meta name=\"twitter:data1\" content=\"Cand\u00e1s 365\" \/>\n\t\t<meta name=\"twitter:label2\" content=\"Tiempo de lectura estimado\" \/>\n\t\t<meta name=\"twitter:data2\" content=\"6 minutos\" \/>\n\t\t<script type=\"application\/ld+json\" class=\"aioseo-schema\">\n\t\t\t{\"@context\":\"https:\\\/\\\/schema.org\",\"@graph\":[{\"@type\":\"BreadcrumbList\",\"@id\":\"https:\\\/\\\/candas365.es\\\/noticias\\\/preparan-una-publicacion-dedicada-a-los-faros-de-candas\\\/#breadcrumblist\",\"itemListElement\":[{\"@type\":\"ListItem\",\"@id\":\"https:\\\/\\\/candas365.es\\\/noticias#listItem\",\"position\":1,\"name\":\"Home\",\"item\":\"https:\\\/\\\/candas365.es\\\/noticias\",\"nextItem\":{\"@type\":\"ListItem\",\"@id\":\"https:\\\/\\\/candas365.es\\\/noticias\\\/category\\\/noticias-carreno\\\/#listItem\",\"name\":\"Noticias Carre\\u00f1o\"}},{\"@type\":\"ListItem\",\"@id\":\"https:\\\/\\\/candas365.es\\\/noticias\\\/category\\\/noticias-carreno\\\/#listItem\",\"position\":2,\"name\":\"Noticias Carre\\u00f1o\",\"item\":\"https:\\\/\\\/candas365.es\\\/noticias\\\/category\\\/noticias-carreno\\\/\",\"nextItem\":{\"@type\":\"ListItem\",\"@id\":\"https:\\\/\\\/candas365.es\\\/noticias\\\/preparan-una-publicacion-dedicada-a-los-faros-de-candas\\\/#listItem\",\"name\":\"Preparan una publicaci\\u00f3n dedicada a los Faros de Cand\\u00e1s\"},\"previousItem\":{\"@type\":\"ListItem\",\"@id\":\"https:\\\/\\\/candas365.es\\\/noticias#listItem\",\"name\":\"Home\"}},{\"@type\":\"ListItem\",\"@id\":\"https:\\\/\\\/candas365.es\\\/noticias\\\/preparan-una-publicacion-dedicada-a-los-faros-de-candas\\\/#listItem\",\"position\":3,\"name\":\"Preparan una publicaci\\u00f3n dedicada a los Faros de Cand\\u00e1s\",\"previousItem\":{\"@type\":\"ListItem\",\"@id\":\"https:\\\/\\\/candas365.es\\\/noticias\\\/category\\\/noticias-carreno\\\/#listItem\",\"name\":\"Noticias Carre\\u00f1o\"}}]},{\"@type\":\"NewsArticle\",\"@id\":\"https:\\\/\\\/candas365.es\\\/noticias\\\/preparan-una-publicacion-dedicada-a-los-faros-de-candas\\\/#newsarticle\",\"name\":\"Preparan una publicaci\\u00f3n dedicada a los Faros de Cand\\u00e1s | Cand\\u00e1s 365\",\"headline\":\"Preparan una publicaci\\u00f3n dedicada a los Faros de Cand\\u00e1s\",\"author\":{\"@id\":\"https:\\\/\\\/candas365.es\\\/noticias\\\/author\\\/admin\\\/#author\"},\"publisher\":{\"@id\":\"https:\\\/\\\/candas365.es\\\/noticias\\\/#organization\"},\"image\":{\"@type\":\"ImageObject\",\"url\":\"https:\\\/\\\/candas365.es\\\/noticias\\\/wp-content\\\/uploads\\\/2019\\\/01\\\/03a8b5fa9173.jpg\",\"width\":1024,\"height\":768},\"datePublished\":\"2019-01-03T11:16:25+01:00\",\"dateModified\":\"2019-01-03T11:16:25+01:00\",\"inLanguage\":\"es-ES\",\"mainEntityOfPage\":{\"@id\":\"https:\\\/\\\/candas365.es\\\/noticias\\\/preparan-una-publicacion-dedicada-a-los-faros-de-candas\\\/#webpage\"},\"isPartOf\":{\"@id\":\"https:\\\/\\\/candas365.es\\\/noticias\\\/preparan-una-publicacion-dedicada-a-los-faros-de-candas\\\/#webpage\"},\"articleSection\":\"Noticias Carre\\u00f1o\",\"dateline\":\"Publicado el enero 3, 2019.\"},{\"@type\":\"Organization\",\"@id\":\"https:\\\/\\\/candas365.es\\\/noticias\\\/#organization\",\"name\":\"Cand\\u00e1s 365\",\"description\":\"Cand\\u00e1s 365 es un diario digital independiente, fundado en 2012, con base en Asturias. Informamos con rigor sobre actualidad, sociedad, cultura y ocio, con una mirada local y global.\",\"url\":\"https:\\\/\\\/candas365.es\\\/noticias\\\/\",\"email\":\"info@candas365.es\",\"telephone\":\"+34652131393\",\"foundingDate\":\"2012-06-10\",\"logo\":{\"@type\":\"ImageObject\",\"url\":\"https:\\\/\\\/candas365.es\\\/noticias\\\/wp-content\\\/uploads\\\/2024\\\/09\\\/Candas-365-Redes.jpg\",\"@id\":\"https:\\\/\\\/candas365.es\\\/noticias\\\/preparan-una-publicacion-dedicada-a-los-faros-de-candas\\\/#organizationLogo\",\"width\":1152,\"height\":864,\"caption\":\"Cand\\u00e1s 365 Redes\"},\"image\":{\"@id\":\"https:\\\/\\\/candas365.es\\\/noticias\\\/preparan-una-publicacion-dedicada-a-los-faros-de-candas\\\/#organizationLogo\"},\"sameAs\":[\"https:\\\/\\\/www.facebook.com\\\/Nachofdezber\",\"https:\\\/\\\/x.com\\\/NabercoDigital\",\"https:\\\/\\\/www.instagram.com\\\/nachofdezber\\\/\",\"https:\\\/\\\/www.youtube.com\\\/channel\\\/UCZP-2wLEB9Rv6erhFmqVnvg\"],\"address\":{\"@id\":\"https:\\\/\\\/candas365.es\\\/noticias\\\/#postaladdress\",\"@type\":\"PostalAddress\",\"streetAddress\":\"san antonio 4, san antonio 4\",\"postalCode\":\"33430\",\"addressLocality\":\"Cand\\u00e1s\",\"addressRegion\":\"Asturias\",\"addressCountry\":\"ES\"}},{\"@type\":\"Person\",\"@id\":\"https:\\\/\\\/candas365.es\\\/noticias\\\/author\\\/admin\\\/#author\",\"url\":\"https:\\\/\\\/candas365.es\\\/noticias\\\/author\\\/admin\\\/\",\"name\":\"Cand\\u00e1s 365\",\"image\":{\"@type\":\"ImageObject\",\"@id\":\"https:\\\/\\\/candas365.es\\\/noticias\\\/preparan-una-publicacion-dedicada-a-los-faros-de-candas\\\/#authorImage\",\"url\":\"https:\\\/\\\/secure.gravatar.com\\\/avatar\\\/496a8e03d0c493ede1718b7934145dbdf8d89be1036b0eec9544e1094c9de390?s=96&d=mm&r=g\",\"width\":96,\"height\":96,\"caption\":\"Cand\\u00e1s 365\"},\"sameAs\":[\"https:\\\/\\\/www.facebook.com\\\/carrenoactualidad\",\"https:\\\/\\\/twitter.com\\\/nbasturias\",\"https:\\\/\\\/www.instagram.com\\\/nachofdezber\\\/\",\"https:\\\/\\\/www.youtube.com\\\/channel\\\/UCZP-2wLEB9Rv6erhFmqVnvg\"]},{\"@type\":\"WebPage\",\"@id\":\"https:\\\/\\\/candas365.es\\\/noticias\\\/preparan-una-publicacion-dedicada-a-los-faros-de-candas\\\/#webpage\",\"url\":\"https:\\\/\\\/candas365.es\\\/noticias\\\/preparan-una-publicacion-dedicada-a-los-faros-de-candas\\\/\",\"name\":\"Preparan una publicaci\\u00f3n dedicada a los Faros de Cand\\u00e1s | Cand\\u00e1s 365\",\"description\":\"El vecindario de Cand\\u00e1s siente curiosidad y orgullo por sus faros. Prueba de ello son los escritos, estudios y trabajos que van surgiendo entorno a los mismos. Recientemente, Roque Galcer\\u00e1n S\\u00e1ez, vecino de Cand\\u00e1s cuya vida profesional siempre ha estado vinculada al mar, organiz\\u00f3 en el Museo Ant\\u00f3n una exposici\\u00f3n \\u201cLos Faros de Cand\\u00e1s\\u201d que\",\"inLanguage\":\"es-ES\",\"isPartOf\":{\"@id\":\"https:\\\/\\\/candas365.es\\\/noticias\\\/#website\"},\"breadcrumb\":{\"@id\":\"https:\\\/\\\/candas365.es\\\/noticias\\\/preparan-una-publicacion-dedicada-a-los-faros-de-candas\\\/#breadcrumblist\"},\"author\":{\"@id\":\"https:\\\/\\\/candas365.es\\\/noticias\\\/author\\\/admin\\\/#author\"},\"creator\":{\"@id\":\"https:\\\/\\\/candas365.es\\\/noticias\\\/author\\\/admin\\\/#author\"},\"image\":{\"@type\":\"ImageObject\",\"url\":\"https:\\\/\\\/candas365.es\\\/noticias\\\/wp-content\\\/uploads\\\/2019\\\/01\\\/03a8b5fa9173.jpg\",\"@id\":\"https:\\\/\\\/candas365.es\\\/noticias\\\/preparan-una-publicacion-dedicada-a-los-faros-de-candas\\\/#mainImage\",\"width\":1024,\"height\":768},\"primaryImageOfPage\":{\"@id\":\"https:\\\/\\\/candas365.es\\\/noticias\\\/preparan-una-publicacion-dedicada-a-los-faros-de-candas\\\/#mainImage\"},\"datePublished\":\"2019-01-03T11:16:25+01:00\",\"dateModified\":\"2019-01-03T11:16:25+01:00\"},{\"@type\":\"WebSite\",\"@id\":\"https:\\\/\\\/candas365.es\\\/noticias\\\/#website\",\"url\":\"https:\\\/\\\/candas365.es\\\/noticias\\\/\",\"name\":\"Cand\\u00e1s 365\",\"alternateName\":\"Cand\\u00e1s 365 Noticias\",\"description\":\"Actualidad desde Carre\\u00f1o para el mundo\",\"inLanguage\":\"es-ES\",\"publisher\":{\"@id\":\"https:\\\/\\\/candas365.es\\\/noticias\\\/#organization\"}}]}\n\t\t<\/script>\n\t\t<!-- All in One SEO Pro -->\r\n\t\t<title>Preparan una publicaci\u00f3n dedicada a los Faros de Cand\u00e1s | Cand\u00e1s 365<\/title>\n\n","aioseo_head_json":{"title":"Preparan una publicaci\u00f3n dedicada a los Faros de Cand\u00e1s | Cand\u00e1s 365","description":"El vecindario de Cand\u00e1s siente curiosidad y orgullo por sus faros. Prueba de ello son los escritos, estudios y trabajos que van surgiendo entorno a los mismos. Recientemente, Roque Galcer\u00e1n S\u00e1ez, vecino de Cand\u00e1s cuya vida profesional siempre ha estado vinculada al mar, organiz\u00f3 en el Museo Ant\u00f3n una exposici\u00f3n \u201cLos Faros de Cand\u00e1s\u201d que","canonical_url":"https:\/\/candas365.es\/noticias\/preparan-una-publicacion-dedicada-a-los-faros-de-candas\/","robots":"max-image-preview:large","keywords":"noticias carre\u00f1o","webmasterTools":{"google-site-verification":"UA-32230408-1","msvalidate.01":"354F3CDFB2DA171B47FBE9ABF1F88D5","miscellaneous":""},"schema":{"@context":"https:\/\/schema.org","@graph":[{"@type":"BreadcrumbList","@id":"https:\/\/candas365.es\/noticias\/preparan-una-publicacion-dedicada-a-los-faros-de-candas\/#breadcrumblist","itemListElement":[{"@type":"ListItem","@id":"https:\/\/candas365.es\/noticias#listItem","position":1,"name":"Home","item":"https:\/\/candas365.es\/noticias","nextItem":{"@type":"ListItem","@id":"https:\/\/candas365.es\/noticias\/category\/noticias-carreno\/#listItem","name":"Noticias Carre\u00f1o"}},{"@type":"ListItem","@id":"https:\/\/candas365.es\/noticias\/category\/noticias-carreno\/#listItem","position":2,"name":"Noticias Carre\u00f1o","item":"https:\/\/candas365.es\/noticias\/category\/noticias-carreno\/","nextItem":{"@type":"ListItem","@id":"https:\/\/candas365.es\/noticias\/preparan-una-publicacion-dedicada-a-los-faros-de-candas\/#listItem","name":"Preparan una publicaci\u00f3n dedicada a los Faros de Cand\u00e1s"},"previousItem":{"@type":"ListItem","@id":"https:\/\/candas365.es\/noticias#listItem","name":"Home"}},{"@type":"ListItem","@id":"https:\/\/candas365.es\/noticias\/preparan-una-publicacion-dedicada-a-los-faros-de-candas\/#listItem","position":3,"name":"Preparan una publicaci\u00f3n dedicada a los Faros de Cand\u00e1s","previousItem":{"@type":"ListItem","@id":"https:\/\/candas365.es\/noticias\/category\/noticias-carreno\/#listItem","name":"Noticias Carre\u00f1o"}}]},{"@type":"NewsArticle","@id":"https:\/\/candas365.es\/noticias\/preparan-una-publicacion-dedicada-a-los-faros-de-candas\/#newsarticle","name":"Preparan una publicaci\u00f3n dedicada a los Faros de Cand\u00e1s | Cand\u00e1s 365","headline":"Preparan una publicaci\u00f3n dedicada a los Faros de Cand\u00e1s","author":{"@id":"https:\/\/candas365.es\/noticias\/author\/admin\/#author"},"publisher":{"@id":"https:\/\/candas365.es\/noticias\/#organization"},"image":{"@type":"ImageObject","url":"https:\/\/candas365.es\/noticias\/wp-content\/uploads\/2019\/01\/03a8b5fa9173.jpg","width":1024,"height":768},"datePublished":"2019-01-03T11:16:25+01:00","dateModified":"2019-01-03T11:16:25+01:00","inLanguage":"es-ES","mainEntityOfPage":{"@id":"https:\/\/candas365.es\/noticias\/preparan-una-publicacion-dedicada-a-los-faros-de-candas\/#webpage"},"isPartOf":{"@id":"https:\/\/candas365.es\/noticias\/preparan-una-publicacion-dedicada-a-los-faros-de-candas\/#webpage"},"articleSection":"Noticias Carre\u00f1o","dateline":"Publicado el enero 3, 2019."},{"@type":"Organization","@id":"https:\/\/candas365.es\/noticias\/#organization","name":"Cand\u00e1s 365","description":"Cand\u00e1s 365 es un diario digital independiente, fundado en 2012, con base en Asturias. Informamos con rigor sobre actualidad, sociedad, cultura y ocio, con una mirada local y global.","url":"https:\/\/candas365.es\/noticias\/","email":"info@candas365.es","telephone":"+34652131393","foundingDate":"2012-06-10","logo":{"@type":"ImageObject","url":"https:\/\/candas365.es\/noticias\/wp-content\/uploads\/2024\/09\/Candas-365-Redes.jpg","@id":"https:\/\/candas365.es\/noticias\/preparan-una-publicacion-dedicada-a-los-faros-de-candas\/#organizationLogo","width":1152,"height":864,"caption":"Cand\u00e1s 365 Redes"},"image":{"@id":"https:\/\/candas365.es\/noticias\/preparan-una-publicacion-dedicada-a-los-faros-de-candas\/#organizationLogo"},"sameAs":["https:\/\/www.facebook.com\/Nachofdezber","https:\/\/x.com\/NabercoDigital","https:\/\/www.instagram.com\/nachofdezber\/","https:\/\/www.youtube.com\/channel\/UCZP-2wLEB9Rv6erhFmqVnvg"],"address":{"@id":"https:\/\/candas365.es\/noticias\/#postaladdress","@type":"PostalAddress","streetAddress":"san antonio 4, san antonio 4","postalCode":"33430","addressLocality":"Cand\u00e1s","addressRegion":"Asturias","addressCountry":"ES"}},{"@type":"Person","@id":"https:\/\/candas365.es\/noticias\/author\/admin\/#author","url":"https:\/\/candas365.es\/noticias\/author\/admin\/","name":"Cand\u00e1s 365","image":{"@type":"ImageObject","@id":"https:\/\/candas365.es\/noticias\/preparan-una-publicacion-dedicada-a-los-faros-de-candas\/#authorImage","url":"https:\/\/secure.gravatar.com\/avatar\/496a8e03d0c493ede1718b7934145dbdf8d89be1036b0eec9544e1094c9de390?s=96&d=mm&r=g","width":96,"height":96,"caption":"Cand\u00e1s 365"},"sameAs":["https:\/\/www.facebook.com\/carrenoactualidad","https:\/\/twitter.com\/nbasturias","https:\/\/www.instagram.com\/nachofdezber\/","https:\/\/www.youtube.com\/channel\/UCZP-2wLEB9Rv6erhFmqVnvg"]},{"@type":"WebPage","@id":"https:\/\/candas365.es\/noticias\/preparan-una-publicacion-dedicada-a-los-faros-de-candas\/#webpage","url":"https:\/\/candas365.es\/noticias\/preparan-una-publicacion-dedicada-a-los-faros-de-candas\/","name":"Preparan una publicaci\u00f3n dedicada a los Faros de Cand\u00e1s | Cand\u00e1s 365","description":"El vecindario de Cand\u00e1s siente curiosidad y orgullo por sus faros. Prueba de ello son los escritos, estudios y trabajos que van surgiendo entorno a los mismos. Recientemente, Roque Galcer\u00e1n S\u00e1ez, vecino de Cand\u00e1s cuya vida profesional siempre ha estado vinculada al mar, organiz\u00f3 en el Museo Ant\u00f3n una exposici\u00f3n \u201cLos Faros de Cand\u00e1s\u201d que","inLanguage":"es-ES","isPartOf":{"@id":"https:\/\/candas365.es\/noticias\/#website"},"breadcrumb":{"@id":"https:\/\/candas365.es\/noticias\/preparan-una-publicacion-dedicada-a-los-faros-de-candas\/#breadcrumblist"},"author":{"@id":"https:\/\/candas365.es\/noticias\/author\/admin\/#author"},"creator":{"@id":"https:\/\/candas365.es\/noticias\/author\/admin\/#author"},"image":{"@type":"ImageObject","url":"https:\/\/candas365.es\/noticias\/wp-content\/uploads\/2019\/01\/03a8b5fa9173.jpg","@id":"https:\/\/candas365.es\/noticias\/preparan-una-publicacion-dedicada-a-los-faros-de-candas\/#mainImage","width":1024,"height":768},"primaryImageOfPage":{"@id":"https:\/\/candas365.es\/noticias\/preparan-una-publicacion-dedicada-a-los-faros-de-candas\/#mainImage"},"datePublished":"2019-01-03T11:16:25+01:00","dateModified":"2019-01-03T11:16:25+01:00"},{"@type":"WebSite","@id":"https:\/\/candas365.es\/noticias\/#website","url":"https:\/\/candas365.es\/noticias\/","name":"Cand\u00e1s 365","alternateName":"Cand\u00e1s 365 Noticias","description":"Actualidad desde Carre\u00f1o para el mundo","inLanguage":"es-ES","publisher":{"@id":"https:\/\/candas365.es\/noticias\/#organization"}}]},"og:locale":"es_ES","og:site_name":"Cand\u00e1s 365","og:type":"article","og:title":"Preparan una publicaci\u00f3n dedicada a los Faros de Cand\u00e1s | Cand\u00e1s 365","og:description":"El vecindario de Cand\u00e1s siente curiosidad y orgullo por sus faros. Prueba de ello son los escritos, estudios y trabajos que van surgiendo entorno a los mismos. Recientemente, Roque Galcer\u00e1n S\u00e1ez, vecino de Cand\u00e1s cuya vida profesional siempre ha estado vinculada al mar, organiz\u00f3 en el Museo Ant\u00f3n una exposici\u00f3n \u201cLos Faros de Cand\u00e1s\u201d que","og:url":"https:\/\/candas365.es\/noticias\/preparan-una-publicacion-dedicada-a-los-faros-de-candas\/","og:image":"https:\/\/candas365.es\/noticias\/wp-content\/uploads\/2019\/01\/03a8b5fa9173.jpg","og:image:secure_url":"https:\/\/candas365.es\/noticias\/wp-content\/uploads\/2019\/01\/03a8b5fa9173.jpg","og:image:width":1024,"og:image:height":768,"article:published_time":"2019-01-03T11:16:25+00:00","article:modified_time":"2019-01-03T11:16:25+00:00","article:publisher":"https:\/\/www.facebook.com\/Nachofdezber","article:author":"https:\/\/www.facebook.com\/carrenoactualidad","twitter:card":"summary_large_image","twitter:site":"@NabercoDigital","twitter:title":"Preparan una publicaci\u00f3n dedicada a los Faros de Cand\u00e1s | Cand\u00e1s 365","twitter:description":"El vecindario de Cand\u00e1s siente curiosidad y orgullo por sus faros. Prueba de ello son los escritos, estudios y trabajos que van surgiendo entorno a los mismos. Recientemente, Roque Galcer\u00e1n S\u00e1ez, vecino de Cand\u00e1s cuya vida profesional siempre ha estado vinculada al mar, organiz\u00f3 en el Museo Ant\u00f3n una exposici\u00f3n \u201cLos Faros de Cand\u00e1s\u201d que","twitter:creator":"@nbasturias","twitter:image":"https:\/\/candas365.es\/noticias\/wp-content\/uploads\/2019\/01\/03a8b5fa9173.jpg","twitter:label1":"Escrito por","twitter:data1":"Cand\u00e1s 365","twitter:label2":"Tiempo de lectura estimado","twitter:data2":"6 minutos"},"aioseo_meta_data":{"post_id":"113276","title":null,"description":null,"keywords":null,"keyphrases":null,"primary_term":null,"canonical_url":null,"og_title":null,"og_description":null,"og_object_type":"default","og_image_type":"default","og_image_url":null,"og_image_width":null,"og_image_height":null,"og_image_custom_url":null,"og_image_custom_fields":null,"og_video":null,"og_custom_url":null,"og_article_section":null,"og_article_tags":null,"twitter_use_og":false,"twitter_card":"default","twitter_image_type":"default","twitter_image_url":null,"twitter_image_custom_url":null,"twitter_image_custom_fields":null,"twitter_title":null,"twitter_description":null,"schema":{"blockGraphs":[],"customGraphs":[],"default":{"data":{"Article":[],"Course":[],"Dataset":[],"FAQPage":[],"Movie":[],"Person":[],"Product":[],"ProductReview":[],"Car":[],"Recipe":[],"Service":[],"SoftwareApplication":[],"WebPage":[]},"graphName":"","isEnabled":true},"graphs":[],"defaultGraph":"","defaultPostTypeGraph":""},"schema_type":null,"schema_type_options":null,"pillar_content":false,"robots_default":true,"robots_noindex":false,"robots_noarchive":false,"robots_nosnippet":false,"robots_nofollow":false,"robots_noimageindex":false,"robots_noodp":false,"robots_notranslate":false,"robots_max_snippet":null,"robots_max_videopreview":null,"robots_max_imagepreview":"large","priority":null,"frequency":null,"location":null,"local_seo":null,"seo_analyzer_scan_date":"2025-08-28 20:55:33","breadcrumb_settings":null,"limit_modified_date":false,"reviewed_by":null,"open_ai":null,"ai":null,"created":"2020-12-21 11:29:56","updated":"2025-08-28 20:55:33"},"aioseo_breadcrumb":"<div class=\"aioseo-breadcrumbs\"><span class=\"aioseo-breadcrumb\">\n\t<a href=\"https:\/\/candas365.es\/noticias\" title=\"Home\">Home<\/a>\n<\/span><span class=\"aioseo-breadcrumb-separator\">&ndash;<\/span><span class=\"aioseo-breadcrumb\">\n\t<a href=\"https:\/\/candas365.es\/noticias\/category\/noticias-carreno\/\" title=\"Noticias Carre\u00f1o\">Noticias Carre\u00f1o<\/a>\n<\/span><span class=\"aioseo-breadcrumb-separator\">&ndash;<\/span><span class=\"aioseo-breadcrumb\">\n\tPreparan una publicaci\u00f3n dedicada a los Faros de Cand\u00e1s\n<\/span><\/div>","aioseo_breadcrumb_json":[{"label":"Home","link":"https:\/\/candas365.es\/noticias"},{"label":"Noticias Carre\u00f1o","link":"https:\/\/candas365.es\/noticias\/category\/noticias-carreno\/"},{"label":"Preparan una publicaci\u00f3n dedicada a los Faros de Cand\u00e1s","link":"https:\/\/candas365.es\/noticias\/preparan-una-publicacion-dedicada-a-los-faros-de-candas\/"}],"_links":{"self":[{"href":"https:\/\/candas365.es\/noticias\/wp-json\/wp\/v2\/posts\/113276","targetHints":{"allow":["GET"]}}],"collection":[{"href":"https:\/\/candas365.es\/noticias\/wp-json\/wp\/v2\/posts"}],"about":[{"href":"https:\/\/candas365.es\/noticias\/wp-json\/wp\/v2\/types\/post"}],"author":[{"embeddable":true,"href":"https:\/\/candas365.es\/noticias\/wp-json\/wp\/v2\/users\/1"}],"replies":[{"embeddable":true,"href":"https:\/\/candas365.es\/noticias\/wp-json\/wp\/v2\/comments?post=113276"}],"version-history":[{"count":0,"href":"https:\/\/candas365.es\/noticias\/wp-json\/wp\/v2\/posts\/113276\/revisions"}],"wp:featuredmedia":[{"embeddable":true,"href":"https:\/\/candas365.es\/noticias\/wp-json\/wp\/v2\/media\/113277"}],"wp:attachment":[{"href":"https:\/\/candas365.es\/noticias\/wp-json\/wp\/v2\/media?parent=113276"}],"wp:term":[{"taxonomy":"category","embeddable":true,"href":"https:\/\/candas365.es\/noticias\/wp-json\/wp\/v2\/categories?post=113276"},{"taxonomy":"post_tag","embeddable":true,"href":"https:\/\/candas365.es\/noticias\/wp-json\/wp\/v2\/tags?post=113276"}],"curies":[{"name":"wp","href":"https:\/\/api.w.org\/{rel}","templated":true}]}}