{"id":113273,"date":"2019-01-03T11:03:04","date_gmt":"2019-01-03T11:03:04","guid":{"rendered":"http:\/\/candas365.es\/noticias\/?p=113273"},"modified":"2019-01-03T11:03:04","modified_gmt":"2019-01-03T11:03:04","slug":"espana-comienza-el-ano-2019-con-menos-parados","status":"publish","type":"post","link":"https:\/\/candas365.es\/noticias\/espana-comienza-el-ano-2019-con-menos-parados\/","title":{"rendered":"Espa\u00f1a comienza el a\u00f1o 2019 con menos parados"},"content":{"rendered":"<p><img fetchpriority=\"high\" decoding=\"async\" class=\"alignleft size-medium wp-image-113274\" src=\"https:\/\/candas365.es\/noticias\/wp-content\/uploads\/2019\/01\/startup-593341_960_720-360x240.jpg\" alt=\"\" width=\"360\" height=\"240\" srcset=\"https:\/\/candas365.es\/noticias\/wp-content\/uploads\/2019\/01\/startup-593341_960_720-360x240.jpg 360w, https:\/\/candas365.es\/noticias\/wp-content\/uploads\/2019\/01\/startup-593341_960_720-768x512.jpg 768w, https:\/\/candas365.es\/noticias\/wp-content\/uploads\/2019\/01\/startup-593341_960_720-655x437.jpg 655w, https:\/\/candas365.es\/noticias\/wp-content\/uploads\/2019\/01\/startup-593341_960_720-696x464.jpg 696w, https:\/\/candas365.es\/noticias\/wp-content\/uploads\/2019\/01\/startup-593341_960_720-630x420.jpg 630w, https:\/\/candas365.es\/noticias\/wp-content\/uploads\/2019\/01\/startup-593341_960_720.jpg 960w\" sizes=\"(max-width: 360px) 100vw, 360px\" \/>El n\u00famero de parados registrados en las oficinas de los Servicios P\u00fablicos de Empleo ha bajado en 210.484 en los \u00faltimos doce meses, con un ritmo de reducci\u00f3n interanual del 6,17%. As\u00ed, la cifra total de parados se sit\u00faa en 3.202.297. El paro registrado contin\u00faa en sus niveles m\u00e1s bajos de los \u00faltimos 9 a\u00f1os.<\/p>\n<p>En t\u00e9rminos desestacionalizados, el paro ha descendido en 8.746 personas.<\/p>\n<p>El n\u00famero de desempleados se ha reducido en diciembre en 50.570 personas en relaci\u00f3n con el mes anterior, un 1,55%.<\/p>\n<p>El desempleo masculino se sit\u00faa en 1.337.244 personas, al bajar en 5.697 (-0,42%), y el femenino en 1.865.053, al reducirse en 44.873 (-2,35%) en relaci\u00f3n al mes de noviembre. Si lo comparamos con diciembre de 2017, el desempleo masculino baja en 122.482 (-8,39%) personas, y el femenino desciende en 88.002 (-4,51%).<\/p>\n<p>Respecto a los j\u00f3venes, el desempleo de los menores de 25 a\u00f1os se reduce en diciembre en 17.378 personas (-6,57%) en relaci\u00f3n con el mes anterior. En t\u00e9rminos interanuales baja en 21.194 personas, a un ritmo del 7,9% (1,73 puntos por encima de la tasa de reducci\u00f3n global).<\/p>\n<p><strong>Entre los que tienen 25 y m\u00e1s a\u00f1os, el paro baja en 33.192 (-1,11%).<\/strong><\/p>\n<p>El paro registrado ha bajado en 14 comunidades aut\u00f3nomas, principalmente en Andaluc\u00eda (-22.306), Madrid (-6.578) y Comunidad Valenciana (-4.433). Sube, sin embargo, en Cantabria (718) y La Rioja (172).<\/p>\n<p>Por sector econ\u00f3mico de procedencia de los trabajadores, el paro registrado se ha reducido en Agricultura en 10.392 (-6,97%), en Servicios, donde baja 43.874 (-1,93%), y en el colectivo sin empleo anterior se reduce en 10.269 (-3,66%). Por el contrario, aument\u00f3 en el sector Industria en 3.967 (1,42%), y en Construcci\u00f3n en 9.998 (3,74%).<\/p>\n<p><strong>La contrataci\u00f3n indefinida en 2018, la m\u00e1s alta de la serie hist\u00f3rica<\/strong><\/p>\n<p>En el conjunto del a\u00f1o 2018, se han celebrado 2.284.924 contrataciones indefinidas, 355.674 m\u00e1s que el a\u00f1o anterior. Esta cifra es la m\u00e1s alta de toda la serie hist\u00f3rica y supone un incremento del 18,44% con respecto al total del a\u00f1o 2017.<\/p>\n<p>El n\u00famero total de contratos registrados durante el mes de diciembre ha sido de 1.709.631. Tambi\u00e9n es la cifra m\u00e1s alta de toda la serie hist\u00f3rica en un mes de diciembre. De ellos, 144.778 eran contrataciones indefinidas y 1.564.853 contratos temporales.<\/p>\n<p>Respecto a los contratos indefinidos, en diciembre se ha registrado un incremento de 13.711 (10,46%) sobre igual mes del ejercicio anterior, mientras que los temporales han aumentado un 2,89%. Las contrataciones indefinidas representan este mes un 8,47% de todos los contratos.<\/p>\n<p>Por su parte, la contrataci\u00f3n acumulada en el conjunto de 2018 ha alcanzado la cifra de 22.291.681.<\/p>\n<p><strong>Prestaciones<\/strong><\/p>\n<p>La tasa de cobertura del sistema de protecci\u00f3n por desempleo ha sido en el mes de noviembre del 59,9%, lo que supone un aumento de casi dos puntos (1,97) respecto al mismo mes de 2017.<\/p>\n<p>Los beneficiarios de prestaciones por desempleo en noviembre han sido 1.844.843, un 3,0% menos respecto al mismo mes del a\u00f1o anterior.<\/p>\n<p>El importe de la n\u00f3mina ha sido de 1.507,4 millones de euros, un 2,1% m\u00e1s que en el mismo mes del ejercicio anterior.<\/p>\n","protected":false},"excerpt":{"rendered":"<p>El n\u00famero de parados registrados en las oficinas de los Servicios P\u00fablicos de Empleo ha bajado en 210.484 en los \u00faltimos doce meses, con un ritmo de reducci\u00f3n interanual del 6,17%. As\u00ed, la cifra total de parados se sit\u00faa en 3.202.297. El paro registrado contin\u00faa en sus niveles m\u00e1s bajos de los \u00faltimos 9 a\u00f1os.<\/p>\n","protected":false},"author":1,"featured_media":113274,"comment_status":"closed","ping_status":"closed","sticky":false,"template":"","format":"standard","meta":{"footnotes":""},"categories":[343],"tags":[],"class_list":{"0":"post-113273","1":"post","2":"type-post","3":"status-publish","4":"format-standard","5":"has-post-thumbnail","7":"category-actualidad"},"aioseo_notices":[],"aioseo_head":"\n\t\t<!-- All in One SEO Pro 4.9.6.2 - aioseo.com -->\n\t<meta name=\"description\" content=\"El n\u00famero de parados registrados en las oficinas de los Servicios P\u00fablicos de Empleo ha bajado en 210.484 en los \u00faltimos doce meses, con un ritmo de reducci\u00f3n interanual del 6,17%. As\u00ed, la cifra total de parados se sit\u00faa en 3.202.297. El paro registrado contin\u00faa en sus niveles m\u00e1s bajos de los \u00faltimos 9 a\u00f1os.\" \/>\n\t<meta name=\"robots\" content=\"max-image-preview:large\" \/>\n\t<meta name=\"author\" content=\"Cand\u00e1s 365\"\/>\n\t<meta name=\"google-site-verification\" content=\"UA-32230408-1\" \/>\n\t<meta name=\"msvalidate.01\" content=\"354F3CDFB2DA171B47FBE9ABF1F88D5\" \/>\n\t<meta name=\"keywords\" content=\"actualidad\" \/>\n\t<link rel=\"canonical\" href=\"https:\/\/candas365.es\/noticias\/espana-comienza-el-ano-2019-con-menos-parados\/\" \/>\n\t<meta name=\"generator\" content=\"All in One SEO Pro (AIOSEO) 4.9.6.2\" \/>\n\t\t<meta property=\"og:locale\" content=\"es_ES\" \/>\n\t\t<meta property=\"og:site_name\" content=\"Cand\u00e1s 365\" \/>\n\t\t<meta property=\"og:type\" content=\"article\" \/>\n\t\t<meta property=\"og:title\" content=\"Espa\u00f1a comienza el a\u00f1o 2019 con menos parados | Cand\u00e1s 365\" \/>\n\t\t<meta property=\"og:description\" content=\"El n\u00famero de parados registrados en las oficinas de los Servicios P\u00fablicos de Empleo ha bajado en 210.484 en los \u00faltimos doce meses, con un ritmo de reducci\u00f3n interanual del 6,17%. As\u00ed, la cifra total de parados se sit\u00faa en 3.202.297. El paro registrado contin\u00faa en sus niveles m\u00e1s bajos de los \u00faltimos 9 a\u00f1os.\" \/>\n\t\t<meta property=\"og:url\" content=\"https:\/\/candas365.es\/noticias\/espana-comienza-el-ano-2019-con-menos-parados\/\" \/>\n\t\t<meta property=\"og:image\" content=\"https:\/\/candas365.es\/noticias\/wp-content\/uploads\/2019\/01\/startup-593341_960_720.jpg\" \/>\n\t\t<meta property=\"og:image:secure_url\" content=\"https:\/\/candas365.es\/noticias\/wp-content\/uploads\/2019\/01\/startup-593341_960_720.jpg\" \/>\n\t\t<meta property=\"og:image:width\" content=\"960\" \/>\n\t\t<meta property=\"og:image:height\" content=\"640\" \/>\n\t\t<meta property=\"article:published_time\" content=\"2019-01-03T11:03:04+00:00\" \/>\n\t\t<meta property=\"article:modified_time\" content=\"2019-01-03T11:03:04+00:00\" \/>\n\t\t<meta property=\"article:publisher\" content=\"https:\/\/www.facebook.com\/Nachofdezber\" \/>\n\t\t<meta property=\"article:author\" content=\"https:\/\/www.facebook.com\/carrenoactualidad\" \/>\n\t\t<meta name=\"twitter:card\" content=\"summary_large_image\" \/>\n\t\t<meta name=\"twitter:site\" content=\"@NabercoDigital\" \/>\n\t\t<meta name=\"twitter:title\" content=\"Espa\u00f1a comienza el a\u00f1o 2019 con menos parados | Cand\u00e1s 365\" \/>\n\t\t<meta name=\"twitter:description\" content=\"El n\u00famero de parados registrados en las oficinas de los Servicios P\u00fablicos de Empleo ha bajado en 210.484 en los \u00faltimos doce meses, con un ritmo de reducci\u00f3n interanual del 6,17%. As\u00ed, la cifra total de parados se sit\u00faa en 3.202.297. El paro registrado contin\u00faa en sus niveles m\u00e1s bajos de los \u00faltimos 9 a\u00f1os.\" \/>\n\t\t<meta name=\"twitter:creator\" content=\"@nbasturias\" \/>\n\t\t<meta name=\"twitter:image\" content=\"https:\/\/candas365.es\/noticias\/wp-content\/uploads\/2019\/01\/startup-593341_960_720.jpg\" \/>\n\t\t<meta name=\"twitter:label1\" content=\"Escrito por\" \/>\n\t\t<meta name=\"twitter:data1\" content=\"Cand\u00e1s 365\" \/>\n\t\t<meta name=\"twitter:label2\" content=\"Tiempo de lectura estimado\" \/>\n\t\t<meta name=\"twitter:data2\" content=\"3 minutos\" \/>\n\t\t<script type=\"application\/ld+json\" class=\"aioseo-schema\">\n\t\t\t{\"@context\":\"https:\\\/\\\/schema.org\",\"@graph\":[{\"@type\":\"BreadcrumbList\",\"@id\":\"https:\\\/\\\/candas365.es\\\/noticias\\\/espana-comienza-el-ano-2019-con-menos-parados\\\/#breadcrumblist\",\"itemListElement\":[{\"@type\":\"ListItem\",\"@id\":\"https:\\\/\\\/candas365.es\\\/noticias#listItem\",\"position\":1,\"name\":\"Home\",\"item\":\"https:\\\/\\\/candas365.es\\\/noticias\",\"nextItem\":{\"@type\":\"ListItem\",\"@id\":\"https:\\\/\\\/candas365.es\\\/noticias\\\/category\\\/actualidad\\\/#listItem\",\"name\":\"Actualidad\"}},{\"@type\":\"ListItem\",\"@id\":\"https:\\\/\\\/candas365.es\\\/noticias\\\/category\\\/actualidad\\\/#listItem\",\"position\":2,\"name\":\"Actualidad\",\"item\":\"https:\\\/\\\/candas365.es\\\/noticias\\\/category\\\/actualidad\\\/\",\"nextItem\":{\"@type\":\"ListItem\",\"@id\":\"https:\\\/\\\/candas365.es\\\/noticias\\\/espana-comienza-el-ano-2019-con-menos-parados\\\/#listItem\",\"name\":\"Espa\\u00f1a comienza el a\\u00f1o 2019 con menos parados\"},\"previousItem\":{\"@type\":\"ListItem\",\"@id\":\"https:\\\/\\\/candas365.es\\\/noticias#listItem\",\"name\":\"Home\"}},{\"@type\":\"ListItem\",\"@id\":\"https:\\\/\\\/candas365.es\\\/noticias\\\/espana-comienza-el-ano-2019-con-menos-parados\\\/#listItem\",\"position\":3,\"name\":\"Espa\\u00f1a comienza el a\\u00f1o 2019 con menos parados\",\"previousItem\":{\"@type\":\"ListItem\",\"@id\":\"https:\\\/\\\/candas365.es\\\/noticias\\\/category\\\/actualidad\\\/#listItem\",\"name\":\"Actualidad\"}}]},{\"@type\":\"NewsArticle\",\"@id\":\"https:\\\/\\\/candas365.es\\\/noticias\\\/espana-comienza-el-ano-2019-con-menos-parados\\\/#newsarticle\",\"name\":\"Espa\\u00f1a comienza el a\\u00f1o 2019 con menos parados | Cand\\u00e1s 365\",\"headline\":\"Espa\\u00f1a comienza el a\\u00f1o 2019 con menos parados\",\"author\":{\"@id\":\"https:\\\/\\\/candas365.es\\\/noticias\\\/author\\\/admin\\\/#author\"},\"publisher\":{\"@id\":\"https:\\\/\\\/candas365.es\\\/noticias\\\/#organization\"},\"image\":{\"@type\":\"ImageObject\",\"url\":\"https:\\\/\\\/candas365.es\\\/noticias\\\/wp-content\\\/uploads\\\/2019\\\/01\\\/startup-593341_960_720.jpg\",\"width\":960,\"height\":640},\"datePublished\":\"2019-01-03T11:03:04+01:00\",\"dateModified\":\"2019-01-03T11:03:04+01:00\",\"inLanguage\":\"es-ES\",\"mainEntityOfPage\":{\"@id\":\"https:\\\/\\\/candas365.es\\\/noticias\\\/espana-comienza-el-ano-2019-con-menos-parados\\\/#webpage\"},\"isPartOf\":{\"@id\":\"https:\\\/\\\/candas365.es\\\/noticias\\\/espana-comienza-el-ano-2019-con-menos-parados\\\/#webpage\"},\"articleSection\":\"Actualidad\",\"dateline\":\"Publicado el enero 3, 2019.\"},{\"@type\":\"Organization\",\"@id\":\"https:\\\/\\\/candas365.es\\\/noticias\\\/#organization\",\"name\":\"Cand\\u00e1s 365\",\"description\":\"Cand\\u00e1s 365 es un diario digital independiente, fundado en 2012, con base en Asturias. Informamos con rigor sobre actualidad, sociedad, cultura y ocio, con una mirada local y global.\",\"url\":\"https:\\\/\\\/candas365.es\\\/noticias\\\/\",\"email\":\"info@candas365.es\",\"telephone\":\"+34652131393\",\"foundingDate\":\"2012-06-10\",\"logo\":{\"@type\":\"ImageObject\",\"url\":\"https:\\\/\\\/candas365.es\\\/noticias\\\/wp-content\\\/uploads\\\/2024\\\/09\\\/Candas-365-Redes.jpg\",\"@id\":\"https:\\\/\\\/candas365.es\\\/noticias\\\/espana-comienza-el-ano-2019-con-menos-parados\\\/#organizationLogo\",\"width\":1152,\"height\":864,\"caption\":\"Cand\\u00e1s 365 Redes\"},\"image\":{\"@id\":\"https:\\\/\\\/candas365.es\\\/noticias\\\/espana-comienza-el-ano-2019-con-menos-parados\\\/#organizationLogo\"},\"sameAs\":[\"https:\\\/\\\/www.facebook.com\\\/Nachofdezber\",\"https:\\\/\\\/x.com\\\/NabercoDigital\",\"https:\\\/\\\/www.instagram.com\\\/nachofdezber\\\/\",\"https:\\\/\\\/www.youtube.com\\\/channel\\\/UCZP-2wLEB9Rv6erhFmqVnvg\"],\"address\":{\"@id\":\"https:\\\/\\\/candas365.es\\\/noticias\\\/#postaladdress\",\"@type\":\"PostalAddress\",\"streetAddress\":\"san antonio 4, san antonio 4\",\"postalCode\":\"33430\",\"addressLocality\":\"Cand\\u00e1s\",\"addressRegion\":\"Asturias\",\"addressCountry\":\"ES\"}},{\"@type\":\"Person\",\"@id\":\"https:\\\/\\\/candas365.es\\\/noticias\\\/author\\\/admin\\\/#author\",\"url\":\"https:\\\/\\\/candas365.es\\\/noticias\\\/author\\\/admin\\\/\",\"name\":\"Cand\\u00e1s 365\",\"image\":{\"@type\":\"ImageObject\",\"@id\":\"https:\\\/\\\/candas365.es\\\/noticias\\\/espana-comienza-el-ano-2019-con-menos-parados\\\/#authorImage\",\"url\":\"https:\\\/\\\/secure.gravatar.com\\\/avatar\\\/496a8e03d0c493ede1718b7934145dbdf8d89be1036b0eec9544e1094c9de390?s=96&d=mm&r=g\",\"width\":96,\"height\":96,\"caption\":\"Cand\\u00e1s 365\"},\"sameAs\":[\"https:\\\/\\\/www.facebook.com\\\/carrenoactualidad\",\"https:\\\/\\\/twitter.com\\\/nbasturias\",\"https:\\\/\\\/www.instagram.com\\\/nachofdezber\\\/\",\"https:\\\/\\\/www.youtube.com\\\/channel\\\/UCZP-2wLEB9Rv6erhFmqVnvg\"]},{\"@type\":\"WebPage\",\"@id\":\"https:\\\/\\\/candas365.es\\\/noticias\\\/espana-comienza-el-ano-2019-con-menos-parados\\\/#webpage\",\"url\":\"https:\\\/\\\/candas365.es\\\/noticias\\\/espana-comienza-el-ano-2019-con-menos-parados\\\/\",\"name\":\"Espa\\u00f1a comienza el a\\u00f1o 2019 con menos parados | Cand\\u00e1s 365\",\"description\":\"El n\\u00famero de parados registrados en las oficinas de los Servicios P\\u00fablicos de Empleo ha bajado en 210.484 en los \\u00faltimos doce meses, con un ritmo de reducci\\u00f3n interanual del 6,17%. As\\u00ed, la cifra total de parados se sit\\u00faa en 3.202.297. El paro registrado contin\\u00faa en sus niveles m\\u00e1s bajos de los \\u00faltimos 9 a\\u00f1os.\",\"inLanguage\":\"es-ES\",\"isPartOf\":{\"@id\":\"https:\\\/\\\/candas365.es\\\/noticias\\\/#website\"},\"breadcrumb\":{\"@id\":\"https:\\\/\\\/candas365.es\\\/noticias\\\/espana-comienza-el-ano-2019-con-menos-parados\\\/#breadcrumblist\"},\"author\":{\"@id\":\"https:\\\/\\\/candas365.es\\\/noticias\\\/author\\\/admin\\\/#author\"},\"creator\":{\"@id\":\"https:\\\/\\\/candas365.es\\\/noticias\\\/author\\\/admin\\\/#author\"},\"image\":{\"@type\":\"ImageObject\",\"url\":\"https:\\\/\\\/candas365.es\\\/noticias\\\/wp-content\\\/uploads\\\/2019\\\/01\\\/startup-593341_960_720.jpg\",\"@id\":\"https:\\\/\\\/candas365.es\\\/noticias\\\/espana-comienza-el-ano-2019-con-menos-parados\\\/#mainImage\",\"width\":960,\"height\":640},\"primaryImageOfPage\":{\"@id\":\"https:\\\/\\\/candas365.es\\\/noticias\\\/espana-comienza-el-ano-2019-con-menos-parados\\\/#mainImage\"},\"datePublished\":\"2019-01-03T11:03:04+01:00\",\"dateModified\":\"2019-01-03T11:03:04+01:00\"},{\"@type\":\"WebSite\",\"@id\":\"https:\\\/\\\/candas365.es\\\/noticias\\\/#website\",\"url\":\"https:\\\/\\\/candas365.es\\\/noticias\\\/\",\"name\":\"Cand\\u00e1s 365\",\"alternateName\":\"Cand\\u00e1s 365 Noticias\",\"description\":\"Actualidad desde Carre\\u00f1o para el mundo\",\"inLanguage\":\"es-ES\",\"publisher\":{\"@id\":\"https:\\\/\\\/candas365.es\\\/noticias\\\/#organization\"}}]}\n\t\t<\/script>\n\t\t<!-- All in One SEO Pro -->\r\n\t\t<title>Espa\u00f1a comienza el a\u00f1o 2019 con menos parados | Cand\u00e1s 365<\/title>\n\n","aioseo_head_json":{"title":"Espa\u00f1a comienza el a\u00f1o 2019 con menos parados | Cand\u00e1s 365","description":"El n\u00famero de parados registrados en las oficinas de los Servicios P\u00fablicos de Empleo ha bajado en 210.484 en los \u00faltimos doce meses, con un ritmo de reducci\u00f3n interanual del 6,17%. As\u00ed, la cifra total de parados se sit\u00faa en 3.202.297. El paro registrado contin\u00faa en sus niveles m\u00e1s bajos de los \u00faltimos 9 a\u00f1os.","canonical_url":"https:\/\/candas365.es\/noticias\/espana-comienza-el-ano-2019-con-menos-parados\/","robots":"max-image-preview:large","keywords":"actualidad","webmasterTools":{"google-site-verification":"UA-32230408-1","msvalidate.01":"354F3CDFB2DA171B47FBE9ABF1F88D5","miscellaneous":""},"schema":{"@context":"https:\/\/schema.org","@graph":[{"@type":"BreadcrumbList","@id":"https:\/\/candas365.es\/noticias\/espana-comienza-el-ano-2019-con-menos-parados\/#breadcrumblist","itemListElement":[{"@type":"ListItem","@id":"https:\/\/candas365.es\/noticias#listItem","position":1,"name":"Home","item":"https:\/\/candas365.es\/noticias","nextItem":{"@type":"ListItem","@id":"https:\/\/candas365.es\/noticias\/category\/actualidad\/#listItem","name":"Actualidad"}},{"@type":"ListItem","@id":"https:\/\/candas365.es\/noticias\/category\/actualidad\/#listItem","position":2,"name":"Actualidad","item":"https:\/\/candas365.es\/noticias\/category\/actualidad\/","nextItem":{"@type":"ListItem","@id":"https:\/\/candas365.es\/noticias\/espana-comienza-el-ano-2019-con-menos-parados\/#listItem","name":"Espa\u00f1a comienza el a\u00f1o 2019 con menos parados"},"previousItem":{"@type":"ListItem","@id":"https:\/\/candas365.es\/noticias#listItem","name":"Home"}},{"@type":"ListItem","@id":"https:\/\/candas365.es\/noticias\/espana-comienza-el-ano-2019-con-menos-parados\/#listItem","position":3,"name":"Espa\u00f1a comienza el a\u00f1o 2019 con menos parados","previousItem":{"@type":"ListItem","@id":"https:\/\/candas365.es\/noticias\/category\/actualidad\/#listItem","name":"Actualidad"}}]},{"@type":"NewsArticle","@id":"https:\/\/candas365.es\/noticias\/espana-comienza-el-ano-2019-con-menos-parados\/#newsarticle","name":"Espa\u00f1a comienza el a\u00f1o 2019 con menos parados | Cand\u00e1s 365","headline":"Espa\u00f1a comienza el a\u00f1o 2019 con menos parados","author":{"@id":"https:\/\/candas365.es\/noticias\/author\/admin\/#author"},"publisher":{"@id":"https:\/\/candas365.es\/noticias\/#organization"},"image":{"@type":"ImageObject","url":"https:\/\/candas365.es\/noticias\/wp-content\/uploads\/2019\/01\/startup-593341_960_720.jpg","width":960,"height":640},"datePublished":"2019-01-03T11:03:04+01:00","dateModified":"2019-01-03T11:03:04+01:00","inLanguage":"es-ES","mainEntityOfPage":{"@id":"https:\/\/candas365.es\/noticias\/espana-comienza-el-ano-2019-con-menos-parados\/#webpage"},"isPartOf":{"@id":"https:\/\/candas365.es\/noticias\/espana-comienza-el-ano-2019-con-menos-parados\/#webpage"},"articleSection":"Actualidad","dateline":"Publicado el enero 3, 2019."},{"@type":"Organization","@id":"https:\/\/candas365.es\/noticias\/#organization","name":"Cand\u00e1s 365","description":"Cand\u00e1s 365 es un diario digital independiente, fundado en 2012, con base en Asturias. Informamos con rigor sobre actualidad, sociedad, cultura y ocio, con una mirada local y global.","url":"https:\/\/candas365.es\/noticias\/","email":"info@candas365.es","telephone":"+34652131393","foundingDate":"2012-06-10","logo":{"@type":"ImageObject","url":"https:\/\/candas365.es\/noticias\/wp-content\/uploads\/2024\/09\/Candas-365-Redes.jpg","@id":"https:\/\/candas365.es\/noticias\/espana-comienza-el-ano-2019-con-menos-parados\/#organizationLogo","width":1152,"height":864,"caption":"Cand\u00e1s 365 Redes"},"image":{"@id":"https:\/\/candas365.es\/noticias\/espana-comienza-el-ano-2019-con-menos-parados\/#organizationLogo"},"sameAs":["https:\/\/www.facebook.com\/Nachofdezber","https:\/\/x.com\/NabercoDigital","https:\/\/www.instagram.com\/nachofdezber\/","https:\/\/www.youtube.com\/channel\/UCZP-2wLEB9Rv6erhFmqVnvg"],"address":{"@id":"https:\/\/candas365.es\/noticias\/#postaladdress","@type":"PostalAddress","streetAddress":"san antonio 4, san antonio 4","postalCode":"33430","addressLocality":"Cand\u00e1s","addressRegion":"Asturias","addressCountry":"ES"}},{"@type":"Person","@id":"https:\/\/candas365.es\/noticias\/author\/admin\/#author","url":"https:\/\/candas365.es\/noticias\/author\/admin\/","name":"Cand\u00e1s 365","image":{"@type":"ImageObject","@id":"https:\/\/candas365.es\/noticias\/espana-comienza-el-ano-2019-con-menos-parados\/#authorImage","url":"https:\/\/secure.gravatar.com\/avatar\/496a8e03d0c493ede1718b7934145dbdf8d89be1036b0eec9544e1094c9de390?s=96&d=mm&r=g","width":96,"height":96,"caption":"Cand\u00e1s 365"},"sameAs":["https:\/\/www.facebook.com\/carrenoactualidad","https:\/\/twitter.com\/nbasturias","https:\/\/www.instagram.com\/nachofdezber\/","https:\/\/www.youtube.com\/channel\/UCZP-2wLEB9Rv6erhFmqVnvg"]},{"@type":"WebPage","@id":"https:\/\/candas365.es\/noticias\/espana-comienza-el-ano-2019-con-menos-parados\/#webpage","url":"https:\/\/candas365.es\/noticias\/espana-comienza-el-ano-2019-con-menos-parados\/","name":"Espa\u00f1a comienza el a\u00f1o 2019 con menos parados | Cand\u00e1s 365","description":"El n\u00famero de parados registrados en las oficinas de los Servicios P\u00fablicos de Empleo ha bajado en 210.484 en los \u00faltimos doce meses, con un ritmo de reducci\u00f3n interanual del 6,17%. As\u00ed, la cifra total de parados se sit\u00faa en 3.202.297. El paro registrado contin\u00faa en sus niveles m\u00e1s bajos de los \u00faltimos 9 a\u00f1os.","inLanguage":"es-ES","isPartOf":{"@id":"https:\/\/candas365.es\/noticias\/#website"},"breadcrumb":{"@id":"https:\/\/candas365.es\/noticias\/espana-comienza-el-ano-2019-con-menos-parados\/#breadcrumblist"},"author":{"@id":"https:\/\/candas365.es\/noticias\/author\/admin\/#author"},"creator":{"@id":"https:\/\/candas365.es\/noticias\/author\/admin\/#author"},"image":{"@type":"ImageObject","url":"https:\/\/candas365.es\/noticias\/wp-content\/uploads\/2019\/01\/startup-593341_960_720.jpg","@id":"https:\/\/candas365.es\/noticias\/espana-comienza-el-ano-2019-con-menos-parados\/#mainImage","width":960,"height":640},"primaryImageOfPage":{"@id":"https:\/\/candas365.es\/noticias\/espana-comienza-el-ano-2019-con-menos-parados\/#mainImage"},"datePublished":"2019-01-03T11:03:04+01:00","dateModified":"2019-01-03T11:03:04+01:00"},{"@type":"WebSite","@id":"https:\/\/candas365.es\/noticias\/#website","url":"https:\/\/candas365.es\/noticias\/","name":"Cand\u00e1s 365","alternateName":"Cand\u00e1s 365 Noticias","description":"Actualidad desde Carre\u00f1o para el mundo","inLanguage":"es-ES","publisher":{"@id":"https:\/\/candas365.es\/noticias\/#organization"}}]},"og:locale":"es_ES","og:site_name":"Cand\u00e1s 365","og:type":"article","og:title":"Espa\u00f1a comienza el a\u00f1o 2019 con menos parados | Cand\u00e1s 365","og:description":"El n\u00famero de parados registrados en las oficinas de los Servicios P\u00fablicos de Empleo ha bajado en 210.484 en los \u00faltimos doce meses, con un ritmo de reducci\u00f3n interanual del 6,17%. As\u00ed, la cifra total de parados se sit\u00faa en 3.202.297. El paro registrado contin\u00faa en sus niveles m\u00e1s bajos de los \u00faltimos 9 a\u00f1os.","og:url":"https:\/\/candas365.es\/noticias\/espana-comienza-el-ano-2019-con-menos-parados\/","og:image":"https:\/\/candas365.es\/noticias\/wp-content\/uploads\/2019\/01\/startup-593341_960_720.jpg","og:image:secure_url":"https:\/\/candas365.es\/noticias\/wp-content\/uploads\/2019\/01\/startup-593341_960_720.jpg","og:image:width":960,"og:image:height":640,"article:published_time":"2019-01-03T11:03:04+00:00","article:modified_time":"2019-01-03T11:03:04+00:00","article:publisher":"https:\/\/www.facebook.com\/Nachofdezber","article:author":"https:\/\/www.facebook.com\/carrenoactualidad","twitter:card":"summary_large_image","twitter:site":"@NabercoDigital","twitter:title":"Espa\u00f1a comienza el a\u00f1o 2019 con menos parados | Cand\u00e1s 365","twitter:description":"El n\u00famero de parados registrados en las oficinas de los Servicios P\u00fablicos de Empleo ha bajado en 210.484 en los \u00faltimos doce meses, con un ritmo de reducci\u00f3n interanual del 6,17%. As\u00ed, la cifra total de parados se sit\u00faa en 3.202.297. El paro registrado contin\u00faa en sus niveles m\u00e1s bajos de los \u00faltimos 9 a\u00f1os.","twitter:creator":"@nbasturias","twitter:image":"https:\/\/candas365.es\/noticias\/wp-content\/uploads\/2019\/01\/startup-593341_960_720.jpg","twitter:label1":"Escrito por","twitter:data1":"Cand\u00e1s 365","twitter:label2":"Tiempo de lectura estimado","twitter:data2":"3 minutos"},"aioseo_meta_data":{"post_id":"113273","title":null,"description":null,"keywords":null,"keyphrases":null,"primary_term":null,"canonical_url":null,"og_title":null,"og_description":null,"og_object_type":"default","og_image_type":"default","og_image_url":null,"og_image_width":null,"og_image_height":null,"og_image_custom_url":null,"og_image_custom_fields":null,"og_video":null,"og_custom_url":null,"og_article_section":null,"og_article_tags":null,"twitter_use_og":false,"twitter_card":"default","twitter_image_type":"default","twitter_image_url":null,"twitter_image_custom_url":null,"twitter_image_custom_fields":null,"twitter_title":null,"twitter_description":null,"schema":{"blockGraphs":[],"customGraphs":[],"default":{"data":{"Article":[],"Course":[],"Dataset":[],"FAQPage":[],"Movie":[],"Person":[],"Product":[],"ProductReview":[],"Car":[],"Recipe":[],"Service":[],"SoftwareApplication":[],"WebPage":[]},"graphName":"","isEnabled":true},"graphs":[]},"schema_type":null,"schema_type_options":null,"pillar_content":false,"robots_default":true,"robots_noindex":false,"robots_noarchive":false,"robots_nosnippet":false,"robots_nofollow":false,"robots_noimageindex":false,"robots_noodp":false,"robots_notranslate":false,"robots_max_snippet":null,"robots_max_videopreview":null,"robots_max_imagepreview":"large","priority":null,"frequency":null,"location":null,"local_seo":null,"seo_analyzer_scan_date":"2025-08-28 20:55:32","breadcrumb_settings":null,"limit_modified_date":false,"reviewed_by":null,"open_ai":null,"ai":null,"created":"2020-12-21 11:29:56","updated":"2025-08-28 20:55:32"},"aioseo_breadcrumb":"<div class=\"aioseo-breadcrumbs\"><span class=\"aioseo-breadcrumb\">\n\t<a href=\"https:\/\/candas365.es\/noticias\" title=\"Home\">Home<\/a>\n<\/span><span class=\"aioseo-breadcrumb-separator\">&ndash;<\/span><span class=\"aioseo-breadcrumb\">\n\t<a href=\"https:\/\/candas365.es\/noticias\/category\/actualidad\/\" title=\"Actualidad\">Actualidad<\/a>\n<\/span><span class=\"aioseo-breadcrumb-separator\">&ndash;<\/span><span class=\"aioseo-breadcrumb\">\n\tEspa\u00f1a comienza el a\u00f1o 2019 con menos parados\n<\/span><\/div>","aioseo_breadcrumb_json":[{"label":"Home","link":"https:\/\/candas365.es\/noticias"},{"label":"Actualidad","link":"https:\/\/candas365.es\/noticias\/category\/actualidad\/"},{"label":"Espa\u00f1a comienza el a\u00f1o 2019 con menos parados","link":"https:\/\/candas365.es\/noticias\/espana-comienza-el-ano-2019-con-menos-parados\/"}],"_links":{"self":[{"href":"https:\/\/candas365.es\/noticias\/wp-json\/wp\/v2\/posts\/113273","targetHints":{"allow":["GET"]}}],"collection":[{"href":"https:\/\/candas365.es\/noticias\/wp-json\/wp\/v2\/posts"}],"about":[{"href":"https:\/\/candas365.es\/noticias\/wp-json\/wp\/v2\/types\/post"}],"author":[{"embeddable":true,"href":"https:\/\/candas365.es\/noticias\/wp-json\/wp\/v2\/users\/1"}],"replies":[{"embeddable":true,"href":"https:\/\/candas365.es\/noticias\/wp-json\/wp\/v2\/comments?post=113273"}],"version-history":[{"count":0,"href":"https:\/\/candas365.es\/noticias\/wp-json\/wp\/v2\/posts\/113273\/revisions"}],"wp:featuredmedia":[{"embeddable":true,"href":"https:\/\/candas365.es\/noticias\/wp-json\/wp\/v2\/media\/113274"}],"wp:attachment":[{"href":"https:\/\/candas365.es\/noticias\/wp-json\/wp\/v2\/media?parent=113273"}],"wp:term":[{"taxonomy":"category","embeddable":true,"href":"https:\/\/candas365.es\/noticias\/wp-json\/wp\/v2\/categories?post=113273"},{"taxonomy":"post_tag","embeddable":true,"href":"https:\/\/candas365.es\/noticias\/wp-json\/wp\/v2\/tags?post=113273"}],"curies":[{"name":"wp","href":"https:\/\/api.w.org\/{rel}","templated":true}]}}