{"id":113270,"date":"2019-01-03T11:00:34","date_gmt":"2019-01-03T11:00:34","guid":{"rendered":"http:\/\/candas365.es\/noticias\/?p=113270"},"modified":"2019-01-03T11:00:34","modified_gmt":"2019-01-03T11:00:34","slug":"taller-de-arreglos-florales-en-candas","status":"publish","type":"post","link":"https:\/\/candas365.es\/noticias\/taller-de-arreglos-florales-en-candas\/","title":{"rendered":"Taller de arreglos florales en Cand\u00e1s"},"content":{"rendered":"<p><img fetchpriority=\"high\" decoding=\"async\" class=\"alignleft size-medium wp-image-113271\" src=\"https:\/\/candas365.es\/noticias\/wp-content\/uploads\/2019\/01\/gypsophila-1716747_960_720-360x210.jpg\" alt=\"\" width=\"360\" height=\"210\" srcset=\"https:\/\/candas365.es\/noticias\/wp-content\/uploads\/2019\/01\/gypsophila-1716747_960_720-360x210.jpg 360w, https:\/\/candas365.es\/noticias\/wp-content\/uploads\/2019\/01\/gypsophila-1716747_960_720-768x449.jpg 768w, https:\/\/candas365.es\/noticias\/wp-content\/uploads\/2019\/01\/gypsophila-1716747_960_720-655x383.jpg 655w, https:\/\/candas365.es\/noticias\/wp-content\/uploads\/2019\/01\/gypsophila-1716747_960_720-696x407.jpg 696w, https:\/\/candas365.es\/noticias\/wp-content\/uploads\/2019\/01\/gypsophila-1716747_960_720-719x420.jpg 719w, https:\/\/candas365.es\/noticias\/wp-content\/uploads\/2019\/01\/gypsophila-1716747_960_720.jpg 960w\" sizes=\"(max-width: 360px) 100vw, 360px\" \/>En el marco del convenio suscrito entre el Ayuntamiento de Carre\u00f1o y la Fundaci\u00f3n FASAD, gestora del Centro de D\u00eda y CAI de Cand\u00e1s, el Ayuntamiento de Carre\u00f1o ha programado esta primera semana de Enero la realizaci\u00f3n de una actividad cultural espec\u00edfica y monogr\u00e1fica orientada a las personas mayores usuarias del Centro de D\u00eda.<\/p>\n<p>El consistorio carre\u00f1enese tiene, tal y como figura en la exposici\u00f3n de motivos del convenio suscrito, un firme compromiso con la ciudadan\u00eda, especialmente con las personas m\u00e1s vulnerables, por ello, articul\u00f3 una serie de medidas para promover la accesibilidad de las personas mayores y las que tienen diversidad funcional a los bienes y servicios municipales. Medidas encaminadas a garantizar el acceso a los mismos con los apoyos que requieran y hacerlo en la plena igualdad. En virtud de dicho convenio, el Ayuntamiento de Carre\u00f1o y sus organismos adscritos ( PDM Carre\u00f1o, Teatro Prendes y Museo Ant\u00f3n) a\u00fanan esfuerzos y suman recursos p\u00fablicos para facilitar la participaci\u00f3n inclusiva en iniciativas municipales deportivas y socioculturales a las personas mayores y\/o a las personas con diversidad funcional que acuden al Centro de Atenci\u00f3n a la Dependencia, con el \u00e1nimo de mejorar su integraci\u00f3n e inserci\u00f3n social y el desarrollo pleno de sus facultades y capacidades culturales y humanas.<\/p>\n<p>A tal fin, a las actividades programadas se pretende impulsar una nueva, de car\u00e1cter socio cultural: un taller en el que las personas mayores tomen contacto con la naturaleza, trabajando en el centro con flores verdes del entorno que les facilitaremos, y dise\u00f1ando un arreglo floral que llevar\u00e1n para sus domicilios.<\/p>\n<p>Este nuevo taller se celebrar\u00e1 el Viernes, d\u00eda 4 de Enero de 11 a 13 horas en el Centro de d\u00eda. En el participar\u00e1n 17 mayores usuarios\/as del Centro de d\u00eda y lo impartir\u00e1 la florista local Artemisa Alonso.<\/p>\n<p>Para el desarrollo del mismo, trabajar\u00e1n con roble, abeto espa\u00f1ol, pi\u00f1as y otros elementos decorativos para con ellos realizar un posible arreglo floral. Se desarrollar\u00e1 una sesi\u00f3n monogr\u00e1fica con ellos\/as de forma personalizada para atender sus necesidades y ofrecer un marco m\u00e1s adecuado que garantice su protecci\u00f3n, su participaci\u00f3n e implicaci\u00f3n social, atendiendo al mismo tiempo a los retos demogr\u00e1ficos que se nos plantean.<\/p>\n","protected":false},"excerpt":{"rendered":"<p>En el marco del convenio suscrito entre el Ayuntamiento de Carre\u00f1o y la Fundaci\u00f3n FASAD, gestora del Centro de D\u00eda y CAI de Cand\u00e1s, el Ayuntamiento de Carre\u00f1o ha programado esta primera semana de Enero la realizaci\u00f3n de una actividad cultural espec\u00edfica y monogr\u00e1fica orientada a las personas mayores usuarias del Centro de D\u00eda. El<\/p>\n","protected":false},"author":1,"featured_media":113271,"comment_status":"closed","ping_status":"closed","sticky":false,"template":"","format":"standard","meta":{"footnotes":""},"categories":[2],"tags":[],"class_list":{"0":"post-113270","1":"post","2":"type-post","3":"status-publish","4":"format-standard","5":"has-post-thumbnail","7":"category-noticias-carreno"},"aioseo_notices":[],"aioseo_head":"\n\t\t<!-- All in One SEO Pro 4.9.6.2 - aioseo.com -->\n\t<meta name=\"description\" content=\"En el marco del convenio suscrito entre el Ayuntamiento de Carre\u00f1o y la Fundaci\u00f3n FASAD, gestora del Centro de D\u00eda y CAI de Cand\u00e1s, el Ayuntamiento de Carre\u00f1o ha programado esta primera semana de Enero la realizaci\u00f3n de una actividad cultural espec\u00edfica y monogr\u00e1fica orientada a las personas mayores usuarias del Centro de D\u00eda. El\" \/>\n\t<meta name=\"robots\" content=\"max-image-preview:large\" \/>\n\t<meta name=\"author\" content=\"Cand\u00e1s 365\"\/>\n\t<meta name=\"google-site-verification\" content=\"UA-32230408-1\" \/>\n\t<meta name=\"msvalidate.01\" content=\"354F3CDFB2DA171B47FBE9ABF1F88D5\" \/>\n\t<meta name=\"keywords\" content=\"noticias carre\u00f1o\" \/>\n\t<link rel=\"canonical\" href=\"https:\/\/candas365.es\/noticias\/taller-de-arreglos-florales-en-candas\/\" \/>\n\t<meta name=\"generator\" content=\"All in One SEO Pro (AIOSEO) 4.9.6.2\" \/>\n\t\t<meta property=\"og:locale\" content=\"es_ES\" \/>\n\t\t<meta property=\"og:site_name\" content=\"Cand\u00e1s 365\" \/>\n\t\t<meta property=\"og:type\" content=\"article\" \/>\n\t\t<meta property=\"og:title\" content=\"Taller de arreglos florales en Cand\u00e1s | Cand\u00e1s 365\" \/>\n\t\t<meta property=\"og:description\" content=\"En el marco del convenio suscrito entre el Ayuntamiento de Carre\u00f1o y la Fundaci\u00f3n FASAD, gestora del Centro de D\u00eda y CAI de Cand\u00e1s, el Ayuntamiento de Carre\u00f1o ha programado esta primera semana de Enero la realizaci\u00f3n de una actividad cultural espec\u00edfica y monogr\u00e1fica orientada a las personas mayores usuarias del Centro de D\u00eda. El\" \/>\n\t\t<meta property=\"og:url\" content=\"https:\/\/candas365.es\/noticias\/taller-de-arreglos-florales-en-candas\/\" \/>\n\t\t<meta property=\"og:image\" content=\"https:\/\/candas365.es\/noticias\/wp-content\/uploads\/2019\/01\/gypsophila-1716747_960_720.jpg\" \/>\n\t\t<meta property=\"og:image:secure_url\" content=\"https:\/\/candas365.es\/noticias\/wp-content\/uploads\/2019\/01\/gypsophila-1716747_960_720.jpg\" \/>\n\t\t<meta property=\"og:image:width\" content=\"960\" \/>\n\t\t<meta property=\"og:image:height\" content=\"561\" \/>\n\t\t<meta property=\"article:published_time\" content=\"2019-01-03T11:00:34+00:00\" \/>\n\t\t<meta property=\"article:modified_time\" content=\"2019-01-03T11:00:34+00:00\" \/>\n\t\t<meta property=\"article:publisher\" content=\"https:\/\/www.facebook.com\/Nachofdezber\" \/>\n\t\t<meta property=\"article:author\" content=\"https:\/\/www.facebook.com\/carrenoactualidad\" \/>\n\t\t<meta name=\"twitter:card\" content=\"summary_large_image\" \/>\n\t\t<meta name=\"twitter:site\" content=\"@NabercoDigital\" \/>\n\t\t<meta name=\"twitter:title\" content=\"Taller de arreglos florales en Cand\u00e1s | Cand\u00e1s 365\" \/>\n\t\t<meta name=\"twitter:description\" content=\"En el marco del convenio suscrito entre el Ayuntamiento de Carre\u00f1o y la Fundaci\u00f3n FASAD, gestora del Centro de D\u00eda y CAI de Cand\u00e1s, el Ayuntamiento de Carre\u00f1o ha programado esta primera semana de Enero la realizaci\u00f3n de una actividad cultural espec\u00edfica y monogr\u00e1fica orientada a las personas mayores usuarias del Centro de D\u00eda. El\" \/>\n\t\t<meta name=\"twitter:creator\" content=\"@nbasturias\" \/>\n\t\t<meta name=\"twitter:image\" content=\"https:\/\/candas365.es\/noticias\/wp-content\/uploads\/2019\/01\/gypsophila-1716747_960_720.jpg\" \/>\n\t\t<meta name=\"twitter:label1\" content=\"Escrito por\" \/>\n\t\t<meta name=\"twitter:data1\" content=\"Cand\u00e1s 365\" \/>\n\t\t<meta name=\"twitter:label2\" content=\"Tiempo de lectura estimado\" \/>\n\t\t<meta name=\"twitter:data2\" content=\"2 minutos\" \/>\n\t\t<script type=\"application\/ld+json\" class=\"aioseo-schema\">\n\t\t\t{\"@context\":\"https:\\\/\\\/schema.org\",\"@graph\":[{\"@type\":\"BreadcrumbList\",\"@id\":\"https:\\\/\\\/candas365.es\\\/noticias\\\/taller-de-arreglos-florales-en-candas\\\/#breadcrumblist\",\"itemListElement\":[{\"@type\":\"ListItem\",\"@id\":\"https:\\\/\\\/candas365.es\\\/noticias#listItem\",\"position\":1,\"name\":\"Home\",\"item\":\"https:\\\/\\\/candas365.es\\\/noticias\",\"nextItem\":{\"@type\":\"ListItem\",\"@id\":\"https:\\\/\\\/candas365.es\\\/noticias\\\/category\\\/noticias-carreno\\\/#listItem\",\"name\":\"Noticias Carre\\u00f1o\"}},{\"@type\":\"ListItem\",\"@id\":\"https:\\\/\\\/candas365.es\\\/noticias\\\/category\\\/noticias-carreno\\\/#listItem\",\"position\":2,\"name\":\"Noticias Carre\\u00f1o\",\"item\":\"https:\\\/\\\/candas365.es\\\/noticias\\\/category\\\/noticias-carreno\\\/\",\"nextItem\":{\"@type\":\"ListItem\",\"@id\":\"https:\\\/\\\/candas365.es\\\/noticias\\\/taller-de-arreglos-florales-en-candas\\\/#listItem\",\"name\":\"Taller de arreglos florales en Cand\\u00e1s\"},\"previousItem\":{\"@type\":\"ListItem\",\"@id\":\"https:\\\/\\\/candas365.es\\\/noticias#listItem\",\"name\":\"Home\"}},{\"@type\":\"ListItem\",\"@id\":\"https:\\\/\\\/candas365.es\\\/noticias\\\/taller-de-arreglos-florales-en-candas\\\/#listItem\",\"position\":3,\"name\":\"Taller de arreglos florales en Cand\\u00e1s\",\"previousItem\":{\"@type\":\"ListItem\",\"@id\":\"https:\\\/\\\/candas365.es\\\/noticias\\\/category\\\/noticias-carreno\\\/#listItem\",\"name\":\"Noticias Carre\\u00f1o\"}}]},{\"@type\":\"NewsArticle\",\"@id\":\"https:\\\/\\\/candas365.es\\\/noticias\\\/taller-de-arreglos-florales-en-candas\\\/#newsarticle\",\"name\":\"Taller de arreglos florales en Cand\\u00e1s | Cand\\u00e1s 365\",\"headline\":\"Taller de arreglos florales en Cand\\u00e1s\",\"author\":{\"@id\":\"https:\\\/\\\/candas365.es\\\/noticias\\\/author\\\/admin\\\/#author\"},\"publisher\":{\"@id\":\"https:\\\/\\\/candas365.es\\\/noticias\\\/#organization\"},\"image\":{\"@type\":\"ImageObject\",\"url\":\"https:\\\/\\\/candas365.es\\\/noticias\\\/wp-content\\\/uploads\\\/2019\\\/01\\\/gypsophila-1716747_960_720.jpg\",\"width\":960,\"height\":561},\"datePublished\":\"2019-01-03T11:00:34+01:00\",\"dateModified\":\"2019-01-03T11:00:34+01:00\",\"inLanguage\":\"es-ES\",\"mainEntityOfPage\":{\"@id\":\"https:\\\/\\\/candas365.es\\\/noticias\\\/taller-de-arreglos-florales-en-candas\\\/#webpage\"},\"isPartOf\":{\"@id\":\"https:\\\/\\\/candas365.es\\\/noticias\\\/taller-de-arreglos-florales-en-candas\\\/#webpage\"},\"articleSection\":\"Noticias Carre\\u00f1o\",\"dateline\":\"Publicado el enero 3, 2019.\"},{\"@type\":\"Organization\",\"@id\":\"https:\\\/\\\/candas365.es\\\/noticias\\\/#organization\",\"name\":\"Cand\\u00e1s 365\",\"description\":\"Cand\\u00e1s 365 es un diario digital independiente, fundado en 2012, con base en Asturias. Informamos con rigor sobre actualidad, sociedad, cultura y ocio, con una mirada local y global.\",\"url\":\"https:\\\/\\\/candas365.es\\\/noticias\\\/\",\"email\":\"info@candas365.es\",\"telephone\":\"+34652131393\",\"foundingDate\":\"2012-06-10\",\"logo\":{\"@type\":\"ImageObject\",\"url\":\"https:\\\/\\\/candas365.es\\\/noticias\\\/wp-content\\\/uploads\\\/2024\\\/09\\\/Candas-365-Redes.jpg\",\"@id\":\"https:\\\/\\\/candas365.es\\\/noticias\\\/taller-de-arreglos-florales-en-candas\\\/#organizationLogo\",\"width\":1152,\"height\":864,\"caption\":\"Cand\\u00e1s 365 Redes\"},\"image\":{\"@id\":\"https:\\\/\\\/candas365.es\\\/noticias\\\/taller-de-arreglos-florales-en-candas\\\/#organizationLogo\"},\"sameAs\":[\"https:\\\/\\\/www.facebook.com\\\/Nachofdezber\",\"https:\\\/\\\/x.com\\\/NabercoDigital\",\"https:\\\/\\\/www.instagram.com\\\/nachofdezber\\\/\",\"https:\\\/\\\/www.youtube.com\\\/channel\\\/UCZP-2wLEB9Rv6erhFmqVnvg\"],\"address\":{\"@id\":\"https:\\\/\\\/candas365.es\\\/noticias\\\/#postaladdress\",\"@type\":\"PostalAddress\",\"streetAddress\":\"san antonio 4, san antonio 4\",\"postalCode\":\"33430\",\"addressLocality\":\"Cand\\u00e1s\",\"addressRegion\":\"Asturias\",\"addressCountry\":\"ES\"}},{\"@type\":\"Person\",\"@id\":\"https:\\\/\\\/candas365.es\\\/noticias\\\/author\\\/admin\\\/#author\",\"url\":\"https:\\\/\\\/candas365.es\\\/noticias\\\/author\\\/admin\\\/\",\"name\":\"Cand\\u00e1s 365\",\"image\":{\"@type\":\"ImageObject\",\"@id\":\"https:\\\/\\\/candas365.es\\\/noticias\\\/taller-de-arreglos-florales-en-candas\\\/#authorImage\",\"url\":\"https:\\\/\\\/secure.gravatar.com\\\/avatar\\\/496a8e03d0c493ede1718b7934145dbdf8d89be1036b0eec9544e1094c9de390?s=96&d=mm&r=g\",\"width\":96,\"height\":96,\"caption\":\"Cand\\u00e1s 365\"},\"sameAs\":[\"https:\\\/\\\/www.facebook.com\\\/carrenoactualidad\",\"https:\\\/\\\/twitter.com\\\/nbasturias\",\"https:\\\/\\\/www.instagram.com\\\/nachofdezber\\\/\",\"https:\\\/\\\/www.youtube.com\\\/channel\\\/UCZP-2wLEB9Rv6erhFmqVnvg\"]},{\"@type\":\"WebPage\",\"@id\":\"https:\\\/\\\/candas365.es\\\/noticias\\\/taller-de-arreglos-florales-en-candas\\\/#webpage\",\"url\":\"https:\\\/\\\/candas365.es\\\/noticias\\\/taller-de-arreglos-florales-en-candas\\\/\",\"name\":\"Taller de arreglos florales en Cand\\u00e1s | Cand\\u00e1s 365\",\"description\":\"En el marco del convenio suscrito entre el Ayuntamiento de Carre\\u00f1o y la Fundaci\\u00f3n FASAD, gestora del Centro de D\\u00eda y CAI de Cand\\u00e1s, el Ayuntamiento de Carre\\u00f1o ha programado esta primera semana de Enero la realizaci\\u00f3n de una actividad cultural espec\\u00edfica y monogr\\u00e1fica orientada a las personas mayores usuarias del Centro de D\\u00eda. El\",\"inLanguage\":\"es-ES\",\"isPartOf\":{\"@id\":\"https:\\\/\\\/candas365.es\\\/noticias\\\/#website\"},\"breadcrumb\":{\"@id\":\"https:\\\/\\\/candas365.es\\\/noticias\\\/taller-de-arreglos-florales-en-candas\\\/#breadcrumblist\"},\"author\":{\"@id\":\"https:\\\/\\\/candas365.es\\\/noticias\\\/author\\\/admin\\\/#author\"},\"creator\":{\"@id\":\"https:\\\/\\\/candas365.es\\\/noticias\\\/author\\\/admin\\\/#author\"},\"image\":{\"@type\":\"ImageObject\",\"url\":\"https:\\\/\\\/candas365.es\\\/noticias\\\/wp-content\\\/uploads\\\/2019\\\/01\\\/gypsophila-1716747_960_720.jpg\",\"@id\":\"https:\\\/\\\/candas365.es\\\/noticias\\\/taller-de-arreglos-florales-en-candas\\\/#mainImage\",\"width\":960,\"height\":561},\"primaryImageOfPage\":{\"@id\":\"https:\\\/\\\/candas365.es\\\/noticias\\\/taller-de-arreglos-florales-en-candas\\\/#mainImage\"},\"datePublished\":\"2019-01-03T11:00:34+01:00\",\"dateModified\":\"2019-01-03T11:00:34+01:00\"},{\"@type\":\"WebSite\",\"@id\":\"https:\\\/\\\/candas365.es\\\/noticias\\\/#website\",\"url\":\"https:\\\/\\\/candas365.es\\\/noticias\\\/\",\"name\":\"Cand\\u00e1s 365\",\"alternateName\":\"Cand\\u00e1s 365 Noticias\",\"description\":\"Actualidad desde Carre\\u00f1o para el mundo\",\"inLanguage\":\"es-ES\",\"publisher\":{\"@id\":\"https:\\\/\\\/candas365.es\\\/noticias\\\/#organization\"}}]}\n\t\t<\/script>\n\t\t<!-- All in One SEO Pro -->\r\n\t\t<title>Taller de arreglos florales en Cand\u00e1s | Cand\u00e1s 365<\/title>\n\n","aioseo_head_json":{"title":"Taller de arreglos florales en Cand\u00e1s | Cand\u00e1s 365","description":"En el marco del convenio suscrito entre el Ayuntamiento de Carre\u00f1o y la Fundaci\u00f3n FASAD, gestora del Centro de D\u00eda y CAI de Cand\u00e1s, el Ayuntamiento de Carre\u00f1o ha programado esta primera semana de Enero la realizaci\u00f3n de una actividad cultural espec\u00edfica y monogr\u00e1fica orientada a las personas mayores usuarias del Centro de D\u00eda. El","canonical_url":"https:\/\/candas365.es\/noticias\/taller-de-arreglos-florales-en-candas\/","robots":"max-image-preview:large","keywords":"noticias carre\u00f1o","webmasterTools":{"google-site-verification":"UA-32230408-1","msvalidate.01":"354F3CDFB2DA171B47FBE9ABF1F88D5","miscellaneous":""},"schema":{"@context":"https:\/\/schema.org","@graph":[{"@type":"BreadcrumbList","@id":"https:\/\/candas365.es\/noticias\/taller-de-arreglos-florales-en-candas\/#breadcrumblist","itemListElement":[{"@type":"ListItem","@id":"https:\/\/candas365.es\/noticias#listItem","position":1,"name":"Home","item":"https:\/\/candas365.es\/noticias","nextItem":{"@type":"ListItem","@id":"https:\/\/candas365.es\/noticias\/category\/noticias-carreno\/#listItem","name":"Noticias Carre\u00f1o"}},{"@type":"ListItem","@id":"https:\/\/candas365.es\/noticias\/category\/noticias-carreno\/#listItem","position":2,"name":"Noticias Carre\u00f1o","item":"https:\/\/candas365.es\/noticias\/category\/noticias-carreno\/","nextItem":{"@type":"ListItem","@id":"https:\/\/candas365.es\/noticias\/taller-de-arreglos-florales-en-candas\/#listItem","name":"Taller de arreglos florales en Cand\u00e1s"},"previousItem":{"@type":"ListItem","@id":"https:\/\/candas365.es\/noticias#listItem","name":"Home"}},{"@type":"ListItem","@id":"https:\/\/candas365.es\/noticias\/taller-de-arreglos-florales-en-candas\/#listItem","position":3,"name":"Taller de arreglos florales en Cand\u00e1s","previousItem":{"@type":"ListItem","@id":"https:\/\/candas365.es\/noticias\/category\/noticias-carreno\/#listItem","name":"Noticias Carre\u00f1o"}}]},{"@type":"NewsArticle","@id":"https:\/\/candas365.es\/noticias\/taller-de-arreglos-florales-en-candas\/#newsarticle","name":"Taller de arreglos florales en Cand\u00e1s | Cand\u00e1s 365","headline":"Taller de arreglos florales en Cand\u00e1s","author":{"@id":"https:\/\/candas365.es\/noticias\/author\/admin\/#author"},"publisher":{"@id":"https:\/\/candas365.es\/noticias\/#organization"},"image":{"@type":"ImageObject","url":"https:\/\/candas365.es\/noticias\/wp-content\/uploads\/2019\/01\/gypsophila-1716747_960_720.jpg","width":960,"height":561},"datePublished":"2019-01-03T11:00:34+01:00","dateModified":"2019-01-03T11:00:34+01:00","inLanguage":"es-ES","mainEntityOfPage":{"@id":"https:\/\/candas365.es\/noticias\/taller-de-arreglos-florales-en-candas\/#webpage"},"isPartOf":{"@id":"https:\/\/candas365.es\/noticias\/taller-de-arreglos-florales-en-candas\/#webpage"},"articleSection":"Noticias Carre\u00f1o","dateline":"Publicado el enero 3, 2019."},{"@type":"Organization","@id":"https:\/\/candas365.es\/noticias\/#organization","name":"Cand\u00e1s 365","description":"Cand\u00e1s 365 es un diario digital independiente, fundado en 2012, con base en Asturias. Informamos con rigor sobre actualidad, sociedad, cultura y ocio, con una mirada local y global.","url":"https:\/\/candas365.es\/noticias\/","email":"info@candas365.es","telephone":"+34652131393","foundingDate":"2012-06-10","logo":{"@type":"ImageObject","url":"https:\/\/candas365.es\/noticias\/wp-content\/uploads\/2024\/09\/Candas-365-Redes.jpg","@id":"https:\/\/candas365.es\/noticias\/taller-de-arreglos-florales-en-candas\/#organizationLogo","width":1152,"height":864,"caption":"Cand\u00e1s 365 Redes"},"image":{"@id":"https:\/\/candas365.es\/noticias\/taller-de-arreglos-florales-en-candas\/#organizationLogo"},"sameAs":["https:\/\/www.facebook.com\/Nachofdezber","https:\/\/x.com\/NabercoDigital","https:\/\/www.instagram.com\/nachofdezber\/","https:\/\/www.youtube.com\/channel\/UCZP-2wLEB9Rv6erhFmqVnvg"],"address":{"@id":"https:\/\/candas365.es\/noticias\/#postaladdress","@type":"PostalAddress","streetAddress":"san antonio 4, san antonio 4","postalCode":"33430","addressLocality":"Cand\u00e1s","addressRegion":"Asturias","addressCountry":"ES"}},{"@type":"Person","@id":"https:\/\/candas365.es\/noticias\/author\/admin\/#author","url":"https:\/\/candas365.es\/noticias\/author\/admin\/","name":"Cand\u00e1s 365","image":{"@type":"ImageObject","@id":"https:\/\/candas365.es\/noticias\/taller-de-arreglos-florales-en-candas\/#authorImage","url":"https:\/\/secure.gravatar.com\/avatar\/496a8e03d0c493ede1718b7934145dbdf8d89be1036b0eec9544e1094c9de390?s=96&d=mm&r=g","width":96,"height":96,"caption":"Cand\u00e1s 365"},"sameAs":["https:\/\/www.facebook.com\/carrenoactualidad","https:\/\/twitter.com\/nbasturias","https:\/\/www.instagram.com\/nachofdezber\/","https:\/\/www.youtube.com\/channel\/UCZP-2wLEB9Rv6erhFmqVnvg"]},{"@type":"WebPage","@id":"https:\/\/candas365.es\/noticias\/taller-de-arreglos-florales-en-candas\/#webpage","url":"https:\/\/candas365.es\/noticias\/taller-de-arreglos-florales-en-candas\/","name":"Taller de arreglos florales en Cand\u00e1s | Cand\u00e1s 365","description":"En el marco del convenio suscrito entre el Ayuntamiento de Carre\u00f1o y la Fundaci\u00f3n FASAD, gestora del Centro de D\u00eda y CAI de Cand\u00e1s, el Ayuntamiento de Carre\u00f1o ha programado esta primera semana de Enero la realizaci\u00f3n de una actividad cultural espec\u00edfica y monogr\u00e1fica orientada a las personas mayores usuarias del Centro de D\u00eda. El","inLanguage":"es-ES","isPartOf":{"@id":"https:\/\/candas365.es\/noticias\/#website"},"breadcrumb":{"@id":"https:\/\/candas365.es\/noticias\/taller-de-arreglos-florales-en-candas\/#breadcrumblist"},"author":{"@id":"https:\/\/candas365.es\/noticias\/author\/admin\/#author"},"creator":{"@id":"https:\/\/candas365.es\/noticias\/author\/admin\/#author"},"image":{"@type":"ImageObject","url":"https:\/\/candas365.es\/noticias\/wp-content\/uploads\/2019\/01\/gypsophila-1716747_960_720.jpg","@id":"https:\/\/candas365.es\/noticias\/taller-de-arreglos-florales-en-candas\/#mainImage","width":960,"height":561},"primaryImageOfPage":{"@id":"https:\/\/candas365.es\/noticias\/taller-de-arreglos-florales-en-candas\/#mainImage"},"datePublished":"2019-01-03T11:00:34+01:00","dateModified":"2019-01-03T11:00:34+01:00"},{"@type":"WebSite","@id":"https:\/\/candas365.es\/noticias\/#website","url":"https:\/\/candas365.es\/noticias\/","name":"Cand\u00e1s 365","alternateName":"Cand\u00e1s 365 Noticias","description":"Actualidad desde Carre\u00f1o para el mundo","inLanguage":"es-ES","publisher":{"@id":"https:\/\/candas365.es\/noticias\/#organization"}}]},"og:locale":"es_ES","og:site_name":"Cand\u00e1s 365","og:type":"article","og:title":"Taller de arreglos florales en Cand\u00e1s | Cand\u00e1s 365","og:description":"En el marco del convenio suscrito entre el Ayuntamiento de Carre\u00f1o y la Fundaci\u00f3n FASAD, gestora del Centro de D\u00eda y CAI de Cand\u00e1s, el Ayuntamiento de Carre\u00f1o ha programado esta primera semana de Enero la realizaci\u00f3n de una actividad cultural espec\u00edfica y monogr\u00e1fica orientada a las personas mayores usuarias del Centro de D\u00eda. El","og:url":"https:\/\/candas365.es\/noticias\/taller-de-arreglos-florales-en-candas\/","og:image":"https:\/\/candas365.es\/noticias\/wp-content\/uploads\/2019\/01\/gypsophila-1716747_960_720.jpg","og:image:secure_url":"https:\/\/candas365.es\/noticias\/wp-content\/uploads\/2019\/01\/gypsophila-1716747_960_720.jpg","og:image:width":960,"og:image:height":561,"article:published_time":"2019-01-03T11:00:34+00:00","article:modified_time":"2019-01-03T11:00:34+00:00","article:publisher":"https:\/\/www.facebook.com\/Nachofdezber","article:author":"https:\/\/www.facebook.com\/carrenoactualidad","twitter:card":"summary_large_image","twitter:site":"@NabercoDigital","twitter:title":"Taller de arreglos florales en Cand\u00e1s | Cand\u00e1s 365","twitter:description":"En el marco del convenio suscrito entre el Ayuntamiento de Carre\u00f1o y la Fundaci\u00f3n FASAD, gestora del Centro de D\u00eda y CAI de Cand\u00e1s, el Ayuntamiento de Carre\u00f1o ha programado esta primera semana de Enero la realizaci\u00f3n de una actividad cultural espec\u00edfica y monogr\u00e1fica orientada a las personas mayores usuarias del Centro de D\u00eda. El","twitter:creator":"@nbasturias","twitter:image":"https:\/\/candas365.es\/noticias\/wp-content\/uploads\/2019\/01\/gypsophila-1716747_960_720.jpg","twitter:label1":"Escrito por","twitter:data1":"Cand\u00e1s 365","twitter:label2":"Tiempo de lectura estimado","twitter:data2":"2 minutos"},"aioseo_meta_data":{"post_id":"113270","title":null,"description":null,"keywords":null,"keyphrases":null,"primary_term":null,"canonical_url":null,"og_title":null,"og_description":null,"og_object_type":"default","og_image_type":"default","og_image_url":null,"og_image_width":null,"og_image_height":null,"og_image_custom_url":null,"og_image_custom_fields":null,"og_video":null,"og_custom_url":null,"og_article_section":null,"og_article_tags":null,"twitter_use_og":false,"twitter_card":"default","twitter_image_type":"default","twitter_image_url":null,"twitter_image_custom_url":null,"twitter_image_custom_fields":null,"twitter_title":null,"twitter_description":null,"schema":{"blockGraphs":[],"customGraphs":[],"default":{"data":{"Article":[],"Course":[],"Dataset":[],"FAQPage":[],"Movie":[],"Person":[],"Product":[],"ProductReview":[],"Car":[],"Recipe":[],"Service":[],"SoftwareApplication":[],"WebPage":[]},"graphName":"","isEnabled":true},"graphs":[],"defaultGraph":"","defaultPostTypeGraph":""},"schema_type":null,"schema_type_options":null,"pillar_content":false,"robots_default":true,"robots_noindex":false,"robots_noarchive":false,"robots_nosnippet":false,"robots_nofollow":false,"robots_noimageindex":false,"robots_noodp":false,"robots_notranslate":false,"robots_max_snippet":null,"robots_max_videopreview":null,"robots_max_imagepreview":"large","priority":null,"frequency":null,"location":null,"local_seo":null,"seo_analyzer_scan_date":"2025-08-28 20:55:30","breadcrumb_settings":null,"limit_modified_date":false,"reviewed_by":null,"open_ai":null,"ai":null,"created":"2020-12-21 11:29:56","updated":"2025-08-28 20:55:30"},"aioseo_breadcrumb":"<div class=\"aioseo-breadcrumbs\"><span class=\"aioseo-breadcrumb\">\n\t<a href=\"https:\/\/candas365.es\/noticias\" title=\"Home\">Home<\/a>\n<\/span><span class=\"aioseo-breadcrumb-separator\">&ndash;<\/span><span class=\"aioseo-breadcrumb\">\n\t<a href=\"https:\/\/candas365.es\/noticias\/category\/noticias-carreno\/\" title=\"Noticias Carre\u00f1o\">Noticias Carre\u00f1o<\/a>\n<\/span><span class=\"aioseo-breadcrumb-separator\">&ndash;<\/span><span class=\"aioseo-breadcrumb\">\n\tTaller de arreglos florales en Cand\u00e1s\n<\/span><\/div>","aioseo_breadcrumb_json":[{"label":"Home","link":"https:\/\/candas365.es\/noticias"},{"label":"Noticias Carre\u00f1o","link":"https:\/\/candas365.es\/noticias\/category\/noticias-carreno\/"},{"label":"Taller de arreglos florales en Cand\u00e1s","link":"https:\/\/candas365.es\/noticias\/taller-de-arreglos-florales-en-candas\/"}],"_links":{"self":[{"href":"https:\/\/candas365.es\/noticias\/wp-json\/wp\/v2\/posts\/113270","targetHints":{"allow":["GET"]}}],"collection":[{"href":"https:\/\/candas365.es\/noticias\/wp-json\/wp\/v2\/posts"}],"about":[{"href":"https:\/\/candas365.es\/noticias\/wp-json\/wp\/v2\/types\/post"}],"author":[{"embeddable":true,"href":"https:\/\/candas365.es\/noticias\/wp-json\/wp\/v2\/users\/1"}],"replies":[{"embeddable":true,"href":"https:\/\/candas365.es\/noticias\/wp-json\/wp\/v2\/comments?post=113270"}],"version-history":[{"count":0,"href":"https:\/\/candas365.es\/noticias\/wp-json\/wp\/v2\/posts\/113270\/revisions"}],"wp:featuredmedia":[{"embeddable":true,"href":"https:\/\/candas365.es\/noticias\/wp-json\/wp\/v2\/media\/113271"}],"wp:attachment":[{"href":"https:\/\/candas365.es\/noticias\/wp-json\/wp\/v2\/media?parent=113270"}],"wp:term":[{"taxonomy":"category","embeddable":true,"href":"https:\/\/candas365.es\/noticias\/wp-json\/wp\/v2\/categories?post=113270"},{"taxonomy":"post_tag","embeddable":true,"href":"https:\/\/candas365.es\/noticias\/wp-json\/wp\/v2\/tags?post=113270"}],"curies":[{"name":"wp","href":"https:\/\/api.w.org\/{rel}","templated":true}]}}