{"id":113262,"date":"2019-01-02T22:55:29","date_gmt":"2019-01-02T22:55:29","guid":{"rendered":"http:\/\/candas365.es\/noticias\/?p=113262"},"modified":"2019-01-02T22:55:29","modified_gmt":"2019-01-02T22:55:29","slug":"millares-de-ninos-y-jovenes-tocan-en-orquestas-en-toda-alemania","status":"publish","type":"post","link":"https:\/\/candas365.es\/noticias\/millares-de-ninos-y-jovenes-tocan-en-orquestas-en-toda-alemania\/","title":{"rendered":"Millares de ni\u00f1os y j\u00f3venes tocan en orquestas en toda Alemania"},"content":{"rendered":"<p><img fetchpriority=\"high\" decoding=\"async\" class=\"alignleft size-medium wp-image-113263\" src=\"https:\/\/candas365.es\/noticias\/wp-content\/uploads\/2019\/01\/trombone-2548982_960_720-360x240.jpg\" alt=\"\" width=\"360\" height=\"240\" srcset=\"https:\/\/candas365.es\/noticias\/wp-content\/uploads\/2019\/01\/trombone-2548982_960_720-360x240.jpg 360w, https:\/\/candas365.es\/noticias\/wp-content\/uploads\/2019\/01\/trombone-2548982_960_720-768x512.jpg 768w, https:\/\/candas365.es\/noticias\/wp-content\/uploads\/2019\/01\/trombone-2548982_960_720-655x437.jpg 655w, https:\/\/candas365.es\/noticias\/wp-content\/uploads\/2019\/01\/trombone-2548982_960_720-696x464.jpg 696w, https:\/\/candas365.es\/noticias\/wp-content\/uploads\/2019\/01\/trombone-2548982_960_720-630x420.jpg 630w, https:\/\/candas365.es\/noticias\/wp-content\/uploads\/2019\/01\/trombone-2548982_960_720.jpg 960w\" sizes=\"(max-width: 360px) 100vw, 360px\" \/>Schwerin (Alemania), 2 ene (dpa) &#8211; Los m\u00fasicos vitorean y patalean de entusiasmo cuando el solista de la velada recibe su ramo de flores. Tras la \u00faltima reverencia, todos se abrazan en el escenario. Los m\u00fasicos son muy j\u00f3venes, pero ejecutan m\u00fasica cl\u00e1sica a alto nivel, como por ejemplo en la Orquesta Sinf\u00f3nica Juvenil de Schwerin, que en 2017 se hizo acreedora del Premio Alem\u00e1n para Orquestas Juveniles.<\/p>\n<p>Seg\u00fan c\u00e1lculos estimativos, m\u00e1s de 150.000 ni\u00f1os y j\u00f3venes forman parte de orquestas infantiles y juveniles en Alemania, desde el simple grupo que toca por gusto hasta la orquesta sinf\u00f3nica con todas las de la ley. \u00abEl panorama de orquestas en Alemania es verdaderamente \u00fanico\u00bb, comenta Irene Schulte-Hillen, presidenta de la Fundaci\u00f3n Alemana \u00abMusikleben\u00bb, que fomenta la formaci\u00f3n musical desde la temprana edad. \u00abEn especial las orquestas juveniles realizan una enorme contribuci\u00f3n\u00bb.<\/p>\n<p>La orquesta juvenil de Schwerin comienza su \u00abensayo ca\u00f3tico\u00bb, es decir el primer ensayo para un nuevo programa. El director Stefan Kelber reparti\u00f3 las partituras una semana antes y ahora espera que los casi 60 ni\u00f1os y adolescentes de entre 12 y 19 a\u00f1os hayan ensayado en casa. \u00abToquemos la n\u00famero dos\u00bb, dice Kelber. \u00ab\u00a1Un, dos, un, dos, ahora!\u00bb.<\/p>\n<p>Del sector de las cuerdas ya se reconoce una melod\u00eda, pero las trompas a\u00fan son disonantes. Kelber interrumpe el ensayo tras un par de compases. \u00ab\u00bfQu\u00e9 est\u00e1n tocando ah\u00ed?\u00bb, pregunta entre risas en direcci\u00f3n a los j\u00f3venes int\u00e9rpretes. \u00abYa s\u00e9, ensayo ca\u00f3tico\u00bb, bromea el director.<\/p>\n<p>En las orquestas juveniles, los ni\u00f1os y j\u00f3venes aprenden a tocar en conjunto y a crear un sonido com\u00fan, una fant\u00e1stica experiencia -cuando sale bien-. \u00abDetr\u00e1s de todo esto se esconde un duro trabajo\u00bb, comenta el director Kelber, que viaja cada semana desde Berl\u00edn hasta Schwerin, a 80 kil\u00f3metros del mar B\u00e1ltico.<\/p>\n<p>La estructura de las orquestas juveniles alemanas en piramidal. La base est\u00e1 formada por las numerosas orquestas escolares y de las academias p\u00fablicas de educaci\u00f3n musical de todo el pa\u00eds. Los mejores j\u00f3venes int\u00e9rpretes son seleccionados para las Orquestas Juveniles Regionales y la Orquesta Juvenil Federal. Estas agrupaciones musicales se re\u00fanen varias veces al a\u00f1o durante una o m\u00e1s semanas para preparar y presentar un programa de conciertos.<\/p>\n<p>Por Iris Leithold (dpa)<\/p>\n","protected":false},"excerpt":{"rendered":"<p>Schwerin (Alemania), 2 ene (dpa) &#8211; Los m\u00fasicos vitorean y patalean de entusiasmo cuando el solista de la velada recibe su ramo de flores. Tras la \u00faltima reverencia, todos se abrazan en el escenario. Los m\u00fasicos son muy j\u00f3venes, pero ejecutan m\u00fasica cl\u00e1sica a alto nivel, como por ejemplo en la Orquesta Sinf\u00f3nica Juvenil de<\/p>\n","protected":false},"author":1,"featured_media":113263,"comment_status":"closed","ping_status":"closed","sticky":false,"template":"","format":"standard","meta":{"footnotes":""},"categories":[143],"tags":[],"class_list":{"0":"post-113262","1":"post","2":"type-post","3":"status-publish","4":"format-standard","5":"has-post-thumbnail","7":"category-sociedad"},"aioseo_notices":[],"aioseo_head":"\n\t\t<!-- All in One SEO Pro 4.9.6.2 - aioseo.com -->\n\t<meta name=\"description\" content=\"Schwerin (Alemania), 2 ene (dpa) - Los m\u00fasicos vitorean y patalean de entusiasmo cuando el solista de la velada recibe su ramo de flores. Tras la \u00faltima reverencia, todos se abrazan en el escenario. Los m\u00fasicos son muy j\u00f3venes, pero ejecutan m\u00fasica cl\u00e1sica a alto nivel, como por ejemplo en la Orquesta Sinf\u00f3nica Juvenil de\" \/>\n\t<meta name=\"robots\" content=\"max-image-preview:large\" \/>\n\t<meta name=\"author\" content=\"Cand\u00e1s 365\"\/>\n\t<meta name=\"google-site-verification\" content=\"UA-32230408-1\" \/>\n\t<meta name=\"msvalidate.01\" content=\"354F3CDFB2DA171B47FBE9ABF1F88D5\" \/>\n\t<meta name=\"keywords\" content=\"sociedad\" \/>\n\t<link rel=\"canonical\" href=\"https:\/\/candas365.es\/noticias\/millares-de-ninos-y-jovenes-tocan-en-orquestas-en-toda-alemania\/\" \/>\n\t<meta name=\"generator\" content=\"All in One SEO Pro (AIOSEO) 4.9.6.2\" \/>\n\t\t<meta property=\"og:locale\" content=\"es_ES\" \/>\n\t\t<meta property=\"og:site_name\" content=\"Cand\u00e1s 365\" \/>\n\t\t<meta property=\"og:type\" content=\"article\" \/>\n\t\t<meta property=\"og:title\" content=\"Millares de ni\u00f1os y j\u00f3venes tocan en orquestas en toda Alemania | Cand\u00e1s 365\" \/>\n\t\t<meta property=\"og:description\" content=\"Schwerin (Alemania), 2 ene (dpa) - Los m\u00fasicos vitorean y patalean de entusiasmo cuando el solista de la velada recibe su ramo de flores. Tras la \u00faltima reverencia, todos se abrazan en el escenario. Los m\u00fasicos son muy j\u00f3venes, pero ejecutan m\u00fasica cl\u00e1sica a alto nivel, como por ejemplo en la Orquesta Sinf\u00f3nica Juvenil de\" \/>\n\t\t<meta property=\"og:url\" content=\"https:\/\/candas365.es\/noticias\/millares-de-ninos-y-jovenes-tocan-en-orquestas-en-toda-alemania\/\" \/>\n\t\t<meta property=\"og:image\" content=\"https:\/\/candas365.es\/noticias\/wp-content\/uploads\/2019\/01\/trombone-2548982_960_720.jpg\" \/>\n\t\t<meta property=\"og:image:secure_url\" content=\"https:\/\/candas365.es\/noticias\/wp-content\/uploads\/2019\/01\/trombone-2548982_960_720.jpg\" \/>\n\t\t<meta property=\"og:image:width\" content=\"960\" \/>\n\t\t<meta property=\"og:image:height\" content=\"640\" \/>\n\t\t<meta property=\"article:published_time\" content=\"2019-01-02T22:55:29+00:00\" \/>\n\t\t<meta property=\"article:modified_time\" content=\"2019-01-02T22:55:29+00:00\" \/>\n\t\t<meta property=\"article:publisher\" content=\"https:\/\/www.facebook.com\/Nachofdezber\" \/>\n\t\t<meta property=\"article:author\" content=\"https:\/\/www.facebook.com\/carrenoactualidad\" \/>\n\t\t<meta name=\"twitter:card\" content=\"summary_large_image\" \/>\n\t\t<meta name=\"twitter:site\" content=\"@NabercoDigital\" \/>\n\t\t<meta name=\"twitter:title\" content=\"Millares de ni\u00f1os y j\u00f3venes tocan en orquestas en toda Alemania | Cand\u00e1s 365\" \/>\n\t\t<meta name=\"twitter:description\" content=\"Schwerin (Alemania), 2 ene (dpa) - Los m\u00fasicos vitorean y patalean de entusiasmo cuando el solista de la velada recibe su ramo de flores. Tras la \u00faltima reverencia, todos se abrazan en el escenario. Los m\u00fasicos son muy j\u00f3venes, pero ejecutan m\u00fasica cl\u00e1sica a alto nivel, como por ejemplo en la Orquesta Sinf\u00f3nica Juvenil de\" \/>\n\t\t<meta name=\"twitter:creator\" content=\"@nbasturias\" \/>\n\t\t<meta name=\"twitter:image\" content=\"https:\/\/candas365.es\/noticias\/wp-content\/uploads\/2019\/01\/trombone-2548982_960_720.jpg\" \/>\n\t\t<meta name=\"twitter:label1\" content=\"Escrito por\" \/>\n\t\t<meta name=\"twitter:data1\" content=\"Cand\u00e1s 365\" \/>\n\t\t<meta name=\"twitter:label2\" content=\"Tiempo de lectura estimado\" \/>\n\t\t<meta name=\"twitter:data2\" content=\"2 minutos\" \/>\n\t\t<script type=\"application\/ld+json\" class=\"aioseo-schema\">\n\t\t\t{\"@context\":\"https:\\\/\\\/schema.org\",\"@graph\":[{\"@type\":\"BreadcrumbList\",\"@id\":\"https:\\\/\\\/candas365.es\\\/noticias\\\/millares-de-ninos-y-jovenes-tocan-en-orquestas-en-toda-alemania\\\/#breadcrumblist\",\"itemListElement\":[{\"@type\":\"ListItem\",\"@id\":\"https:\\\/\\\/candas365.es\\\/noticias#listItem\",\"position\":1,\"name\":\"Home\",\"item\":\"https:\\\/\\\/candas365.es\\\/noticias\",\"nextItem\":{\"@type\":\"ListItem\",\"@id\":\"https:\\\/\\\/candas365.es\\\/noticias\\\/category\\\/sociedad\\\/#listItem\",\"name\":\"Sociedad\"}},{\"@type\":\"ListItem\",\"@id\":\"https:\\\/\\\/candas365.es\\\/noticias\\\/category\\\/sociedad\\\/#listItem\",\"position\":2,\"name\":\"Sociedad\",\"item\":\"https:\\\/\\\/candas365.es\\\/noticias\\\/category\\\/sociedad\\\/\",\"nextItem\":{\"@type\":\"ListItem\",\"@id\":\"https:\\\/\\\/candas365.es\\\/noticias\\\/millares-de-ninos-y-jovenes-tocan-en-orquestas-en-toda-alemania\\\/#listItem\",\"name\":\"Millares de ni\\u00f1os y j\\u00f3venes tocan en orquestas en toda Alemania\"},\"previousItem\":{\"@type\":\"ListItem\",\"@id\":\"https:\\\/\\\/candas365.es\\\/noticias#listItem\",\"name\":\"Home\"}},{\"@type\":\"ListItem\",\"@id\":\"https:\\\/\\\/candas365.es\\\/noticias\\\/millares-de-ninos-y-jovenes-tocan-en-orquestas-en-toda-alemania\\\/#listItem\",\"position\":3,\"name\":\"Millares de ni\\u00f1os y j\\u00f3venes tocan en orquestas en toda Alemania\",\"previousItem\":{\"@type\":\"ListItem\",\"@id\":\"https:\\\/\\\/candas365.es\\\/noticias\\\/category\\\/sociedad\\\/#listItem\",\"name\":\"Sociedad\"}}]},{\"@type\":\"NewsArticle\",\"@id\":\"https:\\\/\\\/candas365.es\\\/noticias\\\/millares-de-ninos-y-jovenes-tocan-en-orquestas-en-toda-alemania\\\/#newsarticle\",\"name\":\"Millares de ni\\u00f1os y j\\u00f3venes tocan en orquestas en toda Alemania | Cand\\u00e1s 365\",\"headline\":\"Millares de ni\\u00f1os y j\\u00f3venes tocan en orquestas en toda Alemania\",\"author\":{\"@id\":\"https:\\\/\\\/candas365.es\\\/noticias\\\/author\\\/admin\\\/#author\"},\"publisher\":{\"@id\":\"https:\\\/\\\/candas365.es\\\/noticias\\\/#organization\"},\"image\":{\"@type\":\"ImageObject\",\"url\":\"https:\\\/\\\/candas365.es\\\/noticias\\\/wp-content\\\/uploads\\\/2019\\\/01\\\/trombone-2548982_960_720.jpg\",\"width\":960,\"height\":640},\"datePublished\":\"2019-01-02T22:55:29+01:00\",\"dateModified\":\"2019-01-02T22:55:29+01:00\",\"inLanguage\":\"es-ES\",\"mainEntityOfPage\":{\"@id\":\"https:\\\/\\\/candas365.es\\\/noticias\\\/millares-de-ninos-y-jovenes-tocan-en-orquestas-en-toda-alemania\\\/#webpage\"},\"isPartOf\":{\"@id\":\"https:\\\/\\\/candas365.es\\\/noticias\\\/millares-de-ninos-y-jovenes-tocan-en-orquestas-en-toda-alemania\\\/#webpage\"},\"articleSection\":\"Sociedad\",\"dateline\":\"Publicado el enero 2, 2019.\"},{\"@type\":\"Organization\",\"@id\":\"https:\\\/\\\/candas365.es\\\/noticias\\\/#organization\",\"name\":\"Cand\\u00e1s 365\",\"description\":\"Cand\\u00e1s 365 es un diario digital independiente, fundado en 2012, con base en Asturias. Informamos con rigor sobre actualidad, sociedad, cultura y ocio, con una mirada local y global.\",\"url\":\"https:\\\/\\\/candas365.es\\\/noticias\\\/\",\"email\":\"info@candas365.es\",\"telephone\":\"+34652131393\",\"foundingDate\":\"2012-06-10\",\"logo\":{\"@type\":\"ImageObject\",\"url\":\"https:\\\/\\\/candas365.es\\\/noticias\\\/wp-content\\\/uploads\\\/2024\\\/09\\\/Candas-365-Redes.jpg\",\"@id\":\"https:\\\/\\\/candas365.es\\\/noticias\\\/millares-de-ninos-y-jovenes-tocan-en-orquestas-en-toda-alemania\\\/#organizationLogo\",\"width\":1152,\"height\":864,\"caption\":\"Cand\\u00e1s 365 Redes\"},\"image\":{\"@id\":\"https:\\\/\\\/candas365.es\\\/noticias\\\/millares-de-ninos-y-jovenes-tocan-en-orquestas-en-toda-alemania\\\/#organizationLogo\"},\"sameAs\":[\"https:\\\/\\\/www.facebook.com\\\/Nachofdezber\",\"https:\\\/\\\/x.com\\\/NabercoDigital\",\"https:\\\/\\\/www.instagram.com\\\/nachofdezber\\\/\",\"https:\\\/\\\/www.youtube.com\\\/channel\\\/UCZP-2wLEB9Rv6erhFmqVnvg\"],\"address\":{\"@id\":\"https:\\\/\\\/candas365.es\\\/noticias\\\/#postaladdress\",\"@type\":\"PostalAddress\",\"streetAddress\":\"san antonio 4, san antonio 4\",\"postalCode\":\"33430\",\"addressLocality\":\"Cand\\u00e1s\",\"addressRegion\":\"Asturias\",\"addressCountry\":\"ES\"}},{\"@type\":\"Person\",\"@id\":\"https:\\\/\\\/candas365.es\\\/noticias\\\/author\\\/admin\\\/#author\",\"url\":\"https:\\\/\\\/candas365.es\\\/noticias\\\/author\\\/admin\\\/\",\"name\":\"Cand\\u00e1s 365\",\"image\":{\"@type\":\"ImageObject\",\"@id\":\"https:\\\/\\\/candas365.es\\\/noticias\\\/millares-de-ninos-y-jovenes-tocan-en-orquestas-en-toda-alemania\\\/#authorImage\",\"url\":\"https:\\\/\\\/secure.gravatar.com\\\/avatar\\\/496a8e03d0c493ede1718b7934145dbdf8d89be1036b0eec9544e1094c9de390?s=96&d=mm&r=g\",\"width\":96,\"height\":96,\"caption\":\"Cand\\u00e1s 365\"},\"sameAs\":[\"https:\\\/\\\/www.facebook.com\\\/carrenoactualidad\",\"https:\\\/\\\/twitter.com\\\/nbasturias\",\"https:\\\/\\\/www.instagram.com\\\/nachofdezber\\\/\",\"https:\\\/\\\/www.youtube.com\\\/channel\\\/UCZP-2wLEB9Rv6erhFmqVnvg\"]},{\"@type\":\"WebPage\",\"@id\":\"https:\\\/\\\/candas365.es\\\/noticias\\\/millares-de-ninos-y-jovenes-tocan-en-orquestas-en-toda-alemania\\\/#webpage\",\"url\":\"https:\\\/\\\/candas365.es\\\/noticias\\\/millares-de-ninos-y-jovenes-tocan-en-orquestas-en-toda-alemania\\\/\",\"name\":\"Millares de ni\\u00f1os y j\\u00f3venes tocan en orquestas en toda Alemania | Cand\\u00e1s 365\",\"description\":\"Schwerin (Alemania), 2 ene (dpa) - Los m\\u00fasicos vitorean y patalean de entusiasmo cuando el solista de la velada recibe su ramo de flores. Tras la \\u00faltima reverencia, todos se abrazan en el escenario. Los m\\u00fasicos son muy j\\u00f3venes, pero ejecutan m\\u00fasica cl\\u00e1sica a alto nivel, como por ejemplo en la Orquesta Sinf\\u00f3nica Juvenil de\",\"inLanguage\":\"es-ES\",\"isPartOf\":{\"@id\":\"https:\\\/\\\/candas365.es\\\/noticias\\\/#website\"},\"breadcrumb\":{\"@id\":\"https:\\\/\\\/candas365.es\\\/noticias\\\/millares-de-ninos-y-jovenes-tocan-en-orquestas-en-toda-alemania\\\/#breadcrumblist\"},\"author\":{\"@id\":\"https:\\\/\\\/candas365.es\\\/noticias\\\/author\\\/admin\\\/#author\"},\"creator\":{\"@id\":\"https:\\\/\\\/candas365.es\\\/noticias\\\/author\\\/admin\\\/#author\"},\"image\":{\"@type\":\"ImageObject\",\"url\":\"https:\\\/\\\/candas365.es\\\/noticias\\\/wp-content\\\/uploads\\\/2019\\\/01\\\/trombone-2548982_960_720.jpg\",\"@id\":\"https:\\\/\\\/candas365.es\\\/noticias\\\/millares-de-ninos-y-jovenes-tocan-en-orquestas-en-toda-alemania\\\/#mainImage\",\"width\":960,\"height\":640},\"primaryImageOfPage\":{\"@id\":\"https:\\\/\\\/candas365.es\\\/noticias\\\/millares-de-ninos-y-jovenes-tocan-en-orquestas-en-toda-alemania\\\/#mainImage\"},\"datePublished\":\"2019-01-02T22:55:29+01:00\",\"dateModified\":\"2019-01-02T22:55:29+01:00\"},{\"@type\":\"WebSite\",\"@id\":\"https:\\\/\\\/candas365.es\\\/noticias\\\/#website\",\"url\":\"https:\\\/\\\/candas365.es\\\/noticias\\\/\",\"name\":\"Cand\\u00e1s 365\",\"alternateName\":\"Cand\\u00e1s 365 Noticias\",\"description\":\"Actualidad desde Carre\\u00f1o para el mundo\",\"inLanguage\":\"es-ES\",\"publisher\":{\"@id\":\"https:\\\/\\\/candas365.es\\\/noticias\\\/#organization\"}}]}\n\t\t<\/script>\n\t\t<!-- All in One SEO Pro -->\r\n\t\t<title>Millares de ni\u00f1os y j\u00f3venes tocan en orquestas en toda Alemania | Cand\u00e1s 365<\/title>\n\n","aioseo_head_json":{"title":"Millares de ni\u00f1os y j\u00f3venes tocan en orquestas en toda Alemania | Cand\u00e1s 365","description":"Schwerin (Alemania), 2 ene (dpa) - Los m\u00fasicos vitorean y patalean de entusiasmo cuando el solista de la velada recibe su ramo de flores. Tras la \u00faltima reverencia, todos se abrazan en el escenario. Los m\u00fasicos son muy j\u00f3venes, pero ejecutan m\u00fasica cl\u00e1sica a alto nivel, como por ejemplo en la Orquesta Sinf\u00f3nica Juvenil de","canonical_url":"https:\/\/candas365.es\/noticias\/millares-de-ninos-y-jovenes-tocan-en-orquestas-en-toda-alemania\/","robots":"max-image-preview:large","keywords":"sociedad","webmasterTools":{"google-site-verification":"UA-32230408-1","msvalidate.01":"354F3CDFB2DA171B47FBE9ABF1F88D5","miscellaneous":""},"schema":{"@context":"https:\/\/schema.org","@graph":[{"@type":"BreadcrumbList","@id":"https:\/\/candas365.es\/noticias\/millares-de-ninos-y-jovenes-tocan-en-orquestas-en-toda-alemania\/#breadcrumblist","itemListElement":[{"@type":"ListItem","@id":"https:\/\/candas365.es\/noticias#listItem","position":1,"name":"Home","item":"https:\/\/candas365.es\/noticias","nextItem":{"@type":"ListItem","@id":"https:\/\/candas365.es\/noticias\/category\/sociedad\/#listItem","name":"Sociedad"}},{"@type":"ListItem","@id":"https:\/\/candas365.es\/noticias\/category\/sociedad\/#listItem","position":2,"name":"Sociedad","item":"https:\/\/candas365.es\/noticias\/category\/sociedad\/","nextItem":{"@type":"ListItem","@id":"https:\/\/candas365.es\/noticias\/millares-de-ninos-y-jovenes-tocan-en-orquestas-en-toda-alemania\/#listItem","name":"Millares de ni\u00f1os y j\u00f3venes tocan en orquestas en toda Alemania"},"previousItem":{"@type":"ListItem","@id":"https:\/\/candas365.es\/noticias#listItem","name":"Home"}},{"@type":"ListItem","@id":"https:\/\/candas365.es\/noticias\/millares-de-ninos-y-jovenes-tocan-en-orquestas-en-toda-alemania\/#listItem","position":3,"name":"Millares de ni\u00f1os y j\u00f3venes tocan en orquestas en toda Alemania","previousItem":{"@type":"ListItem","@id":"https:\/\/candas365.es\/noticias\/category\/sociedad\/#listItem","name":"Sociedad"}}]},{"@type":"NewsArticle","@id":"https:\/\/candas365.es\/noticias\/millares-de-ninos-y-jovenes-tocan-en-orquestas-en-toda-alemania\/#newsarticle","name":"Millares de ni\u00f1os y j\u00f3venes tocan en orquestas en toda Alemania | Cand\u00e1s 365","headline":"Millares de ni\u00f1os y j\u00f3venes tocan en orquestas en toda Alemania","author":{"@id":"https:\/\/candas365.es\/noticias\/author\/admin\/#author"},"publisher":{"@id":"https:\/\/candas365.es\/noticias\/#organization"},"image":{"@type":"ImageObject","url":"https:\/\/candas365.es\/noticias\/wp-content\/uploads\/2019\/01\/trombone-2548982_960_720.jpg","width":960,"height":640},"datePublished":"2019-01-02T22:55:29+01:00","dateModified":"2019-01-02T22:55:29+01:00","inLanguage":"es-ES","mainEntityOfPage":{"@id":"https:\/\/candas365.es\/noticias\/millares-de-ninos-y-jovenes-tocan-en-orquestas-en-toda-alemania\/#webpage"},"isPartOf":{"@id":"https:\/\/candas365.es\/noticias\/millares-de-ninos-y-jovenes-tocan-en-orquestas-en-toda-alemania\/#webpage"},"articleSection":"Sociedad","dateline":"Publicado el enero 2, 2019."},{"@type":"Organization","@id":"https:\/\/candas365.es\/noticias\/#organization","name":"Cand\u00e1s 365","description":"Cand\u00e1s 365 es un diario digital independiente, fundado en 2012, con base en Asturias. Informamos con rigor sobre actualidad, sociedad, cultura y ocio, con una mirada local y global.","url":"https:\/\/candas365.es\/noticias\/","email":"info@candas365.es","telephone":"+34652131393","foundingDate":"2012-06-10","logo":{"@type":"ImageObject","url":"https:\/\/candas365.es\/noticias\/wp-content\/uploads\/2024\/09\/Candas-365-Redes.jpg","@id":"https:\/\/candas365.es\/noticias\/millares-de-ninos-y-jovenes-tocan-en-orquestas-en-toda-alemania\/#organizationLogo","width":1152,"height":864,"caption":"Cand\u00e1s 365 Redes"},"image":{"@id":"https:\/\/candas365.es\/noticias\/millares-de-ninos-y-jovenes-tocan-en-orquestas-en-toda-alemania\/#organizationLogo"},"sameAs":["https:\/\/www.facebook.com\/Nachofdezber","https:\/\/x.com\/NabercoDigital","https:\/\/www.instagram.com\/nachofdezber\/","https:\/\/www.youtube.com\/channel\/UCZP-2wLEB9Rv6erhFmqVnvg"],"address":{"@id":"https:\/\/candas365.es\/noticias\/#postaladdress","@type":"PostalAddress","streetAddress":"san antonio 4, san antonio 4","postalCode":"33430","addressLocality":"Cand\u00e1s","addressRegion":"Asturias","addressCountry":"ES"}},{"@type":"Person","@id":"https:\/\/candas365.es\/noticias\/author\/admin\/#author","url":"https:\/\/candas365.es\/noticias\/author\/admin\/","name":"Cand\u00e1s 365","image":{"@type":"ImageObject","@id":"https:\/\/candas365.es\/noticias\/millares-de-ninos-y-jovenes-tocan-en-orquestas-en-toda-alemania\/#authorImage","url":"https:\/\/secure.gravatar.com\/avatar\/496a8e03d0c493ede1718b7934145dbdf8d89be1036b0eec9544e1094c9de390?s=96&d=mm&r=g","width":96,"height":96,"caption":"Cand\u00e1s 365"},"sameAs":["https:\/\/www.facebook.com\/carrenoactualidad","https:\/\/twitter.com\/nbasturias","https:\/\/www.instagram.com\/nachofdezber\/","https:\/\/www.youtube.com\/channel\/UCZP-2wLEB9Rv6erhFmqVnvg"]},{"@type":"WebPage","@id":"https:\/\/candas365.es\/noticias\/millares-de-ninos-y-jovenes-tocan-en-orquestas-en-toda-alemania\/#webpage","url":"https:\/\/candas365.es\/noticias\/millares-de-ninos-y-jovenes-tocan-en-orquestas-en-toda-alemania\/","name":"Millares de ni\u00f1os y j\u00f3venes tocan en orquestas en toda Alemania | Cand\u00e1s 365","description":"Schwerin (Alemania), 2 ene (dpa) - Los m\u00fasicos vitorean y patalean de entusiasmo cuando el solista de la velada recibe su ramo de flores. Tras la \u00faltima reverencia, todos se abrazan en el escenario. Los m\u00fasicos son muy j\u00f3venes, pero ejecutan m\u00fasica cl\u00e1sica a alto nivel, como por ejemplo en la Orquesta Sinf\u00f3nica Juvenil de","inLanguage":"es-ES","isPartOf":{"@id":"https:\/\/candas365.es\/noticias\/#website"},"breadcrumb":{"@id":"https:\/\/candas365.es\/noticias\/millares-de-ninos-y-jovenes-tocan-en-orquestas-en-toda-alemania\/#breadcrumblist"},"author":{"@id":"https:\/\/candas365.es\/noticias\/author\/admin\/#author"},"creator":{"@id":"https:\/\/candas365.es\/noticias\/author\/admin\/#author"},"image":{"@type":"ImageObject","url":"https:\/\/candas365.es\/noticias\/wp-content\/uploads\/2019\/01\/trombone-2548982_960_720.jpg","@id":"https:\/\/candas365.es\/noticias\/millares-de-ninos-y-jovenes-tocan-en-orquestas-en-toda-alemania\/#mainImage","width":960,"height":640},"primaryImageOfPage":{"@id":"https:\/\/candas365.es\/noticias\/millares-de-ninos-y-jovenes-tocan-en-orquestas-en-toda-alemania\/#mainImage"},"datePublished":"2019-01-02T22:55:29+01:00","dateModified":"2019-01-02T22:55:29+01:00"},{"@type":"WebSite","@id":"https:\/\/candas365.es\/noticias\/#website","url":"https:\/\/candas365.es\/noticias\/","name":"Cand\u00e1s 365","alternateName":"Cand\u00e1s 365 Noticias","description":"Actualidad desde Carre\u00f1o para el mundo","inLanguage":"es-ES","publisher":{"@id":"https:\/\/candas365.es\/noticias\/#organization"}}]},"og:locale":"es_ES","og:site_name":"Cand\u00e1s 365","og:type":"article","og:title":"Millares de ni\u00f1os y j\u00f3venes tocan en orquestas en toda Alemania | Cand\u00e1s 365","og:description":"Schwerin (Alemania), 2 ene (dpa) - Los m\u00fasicos vitorean y patalean de entusiasmo cuando el solista de la velada recibe su ramo de flores. Tras la \u00faltima reverencia, todos se abrazan en el escenario. Los m\u00fasicos son muy j\u00f3venes, pero ejecutan m\u00fasica cl\u00e1sica a alto nivel, como por ejemplo en la Orquesta Sinf\u00f3nica Juvenil de","og:url":"https:\/\/candas365.es\/noticias\/millares-de-ninos-y-jovenes-tocan-en-orquestas-en-toda-alemania\/","og:image":"https:\/\/candas365.es\/noticias\/wp-content\/uploads\/2019\/01\/trombone-2548982_960_720.jpg","og:image:secure_url":"https:\/\/candas365.es\/noticias\/wp-content\/uploads\/2019\/01\/trombone-2548982_960_720.jpg","og:image:width":960,"og:image:height":640,"article:published_time":"2019-01-02T22:55:29+00:00","article:modified_time":"2019-01-02T22:55:29+00:00","article:publisher":"https:\/\/www.facebook.com\/Nachofdezber","article:author":"https:\/\/www.facebook.com\/carrenoactualidad","twitter:card":"summary_large_image","twitter:site":"@NabercoDigital","twitter:title":"Millares de ni\u00f1os y j\u00f3venes tocan en orquestas en toda Alemania | Cand\u00e1s 365","twitter:description":"Schwerin (Alemania), 2 ene (dpa) - Los m\u00fasicos vitorean y patalean de entusiasmo cuando el solista de la velada recibe su ramo de flores. Tras la \u00faltima reverencia, todos se abrazan en el escenario. Los m\u00fasicos son muy j\u00f3venes, pero ejecutan m\u00fasica cl\u00e1sica a alto nivel, como por ejemplo en la Orquesta Sinf\u00f3nica Juvenil de","twitter:creator":"@nbasturias","twitter:image":"https:\/\/candas365.es\/noticias\/wp-content\/uploads\/2019\/01\/trombone-2548982_960_720.jpg","twitter:label1":"Escrito por","twitter:data1":"Cand\u00e1s 365","twitter:label2":"Tiempo de lectura estimado","twitter:data2":"2 minutos"},"aioseo_meta_data":{"post_id":"113262","title":null,"description":null,"keywords":null,"keyphrases":null,"primary_term":null,"canonical_url":null,"og_title":null,"og_description":null,"og_object_type":"default","og_image_type":"default","og_image_url":null,"og_image_width":null,"og_image_height":null,"og_image_custom_url":null,"og_image_custom_fields":null,"og_video":null,"og_custom_url":null,"og_article_section":null,"og_article_tags":null,"twitter_use_og":false,"twitter_card":"default","twitter_image_type":"default","twitter_image_url":null,"twitter_image_custom_url":null,"twitter_image_custom_fields":null,"twitter_title":null,"twitter_description":null,"schema":{"blockGraphs":[],"customGraphs":[],"default":{"data":{"Article":[],"Course":[],"Dataset":[],"FAQPage":[],"Movie":[],"Person":[],"Product":[],"ProductReview":[],"Car":[],"Recipe":[],"Service":[],"SoftwareApplication":[],"WebPage":[]},"graphName":"","isEnabled":true},"graphs":[],"defaultGraph":"","defaultPostTypeGraph":""},"schema_type":null,"schema_type_options":null,"pillar_content":false,"robots_default":true,"robots_noindex":false,"robots_noarchive":false,"robots_nosnippet":false,"robots_nofollow":false,"robots_noimageindex":false,"robots_noodp":false,"robots_notranslate":false,"robots_max_snippet":null,"robots_max_videopreview":null,"robots_max_imagepreview":"large","priority":null,"frequency":null,"location":null,"local_seo":null,"seo_analyzer_scan_date":"2025-08-28 20:53:19","breadcrumb_settings":null,"limit_modified_date":false,"reviewed_by":null,"open_ai":null,"ai":null,"created":"2020-12-21 11:29:56","updated":"2025-08-28 20:53:19"},"aioseo_breadcrumb":"<div class=\"aioseo-breadcrumbs\"><span class=\"aioseo-breadcrumb\">\n\t<a href=\"https:\/\/candas365.es\/noticias\" title=\"Home\">Home<\/a>\n<\/span><span class=\"aioseo-breadcrumb-separator\">&ndash;<\/span><span class=\"aioseo-breadcrumb\">\n\t<a href=\"https:\/\/candas365.es\/noticias\/category\/sociedad\/\" title=\"Sociedad\">Sociedad<\/a>\n<\/span><span class=\"aioseo-breadcrumb-separator\">&ndash;<\/span><span class=\"aioseo-breadcrumb\">\n\tMillares de ni\u00f1os y j\u00f3venes tocan en orquestas en toda Alemania\n<\/span><\/div>","aioseo_breadcrumb_json":[{"label":"Home","link":"https:\/\/candas365.es\/noticias"},{"label":"Sociedad","link":"https:\/\/candas365.es\/noticias\/category\/sociedad\/"},{"label":"Millares de ni\u00f1os y j\u00f3venes tocan en orquestas en toda Alemania","link":"https:\/\/candas365.es\/noticias\/millares-de-ninos-y-jovenes-tocan-en-orquestas-en-toda-alemania\/"}],"_links":{"self":[{"href":"https:\/\/candas365.es\/noticias\/wp-json\/wp\/v2\/posts\/113262","targetHints":{"allow":["GET"]}}],"collection":[{"href":"https:\/\/candas365.es\/noticias\/wp-json\/wp\/v2\/posts"}],"about":[{"href":"https:\/\/candas365.es\/noticias\/wp-json\/wp\/v2\/types\/post"}],"author":[{"embeddable":true,"href":"https:\/\/candas365.es\/noticias\/wp-json\/wp\/v2\/users\/1"}],"replies":[{"embeddable":true,"href":"https:\/\/candas365.es\/noticias\/wp-json\/wp\/v2\/comments?post=113262"}],"version-history":[{"count":0,"href":"https:\/\/candas365.es\/noticias\/wp-json\/wp\/v2\/posts\/113262\/revisions"}],"wp:featuredmedia":[{"embeddable":true,"href":"https:\/\/candas365.es\/noticias\/wp-json\/wp\/v2\/media\/113263"}],"wp:attachment":[{"href":"https:\/\/candas365.es\/noticias\/wp-json\/wp\/v2\/media?parent=113262"}],"wp:term":[{"taxonomy":"category","embeddable":true,"href":"https:\/\/candas365.es\/noticias\/wp-json\/wp\/v2\/categories?post=113262"},{"taxonomy":"post_tag","embeddable":true,"href":"https:\/\/candas365.es\/noticias\/wp-json\/wp\/v2\/tags?post=113262"}],"curies":[{"name":"wp","href":"https:\/\/api.w.org\/{rel}","templated":true}]}}