{"id":113260,"date":"2019-01-02T22:50:20","date_gmt":"2019-01-02T22:50:20","guid":{"rendered":"http:\/\/candas365.es\/noticias\/?p=113260"},"modified":"2019-01-02T22:50:20","modified_gmt":"2019-01-02T22:50:20","slug":"la-lluvia-en-johannesburgo-preocupa-al-bremen-en-su-entrenamiento-invernal","status":"publish","type":"post","link":"https:\/\/candas365.es\/noticias\/la-lluvia-en-johannesburgo-preocupa-al-bremen-en-su-entrenamiento-invernal\/","title":{"rendered":"La lluvia en Johannesburgo preocupa al Bremen en su entrenamiento invernal"},"content":{"rendered":"<p><img fetchpriority=\"high\" decoding=\"async\" class=\"alignleft size-medium wp-image-98026\" src=\"https:\/\/candas365.es\/noticias\/wp-content\/uploads\/2018\/06\/football-1406106_960_720-1-360x241.jpg\" alt=\"\" width=\"360\" height=\"241\" srcset=\"https:\/\/candas365.es\/noticias\/wp-content\/uploads\/2018\/06\/football-1406106_960_720-1-360x241.jpg 360w, https:\/\/candas365.es\/noticias\/wp-content\/uploads\/2018\/06\/football-1406106_960_720-1-768x514.jpg 768w, https:\/\/candas365.es\/noticias\/wp-content\/uploads\/2018\/06\/football-1406106_960_720-1-655x439.jpg 655w, https:\/\/candas365.es\/noticias\/wp-content\/uploads\/2018\/06\/football-1406106_960_720-1-696x466.jpg 696w, https:\/\/candas365.es\/noticias\/wp-content\/uploads\/2018\/06\/football-1406106_960_720-1-627x420.jpg 627w, https:\/\/candas365.es\/noticias\/wp-content\/uploads\/2018\/06\/football-1406106_960_720-1.jpg 960w\" sizes=\"(max-width: 360px) 100vw, 360px\" \/>Bremen (Alemania), 2 ene (dpa) &#8211; A causa de las intensas lluvias en Johannesburgo, Sud\u00e1frica, el Werder Bremen comienza a preocuparse por el estado del campo de juego en el que tendr\u00e1n lugar sus entrenamientos durante la pausa invernal de la Liga alemana de f\u00fatbol, seg\u00fan inform\u00f3 el portal en l\u00ednea \u00abMein Werder\u00bb del peri\u00f3dico \u00abWeser Kurier\u00bb.<\/p>\n<p>En Johannesburgo llueve desde el domingo, lo que tambi\u00e9n afect\u00f3 al campo de juego en el recinto del club sudafricano FC Randburg, en el que el Bremen entrenar\u00e1 a partir de este jueves, escribi\u00f3 el citado portal.<\/p>\n<p>\u00abConfiamos en que podremos entrenar de forma normal a pesar de las continuas lluvias de los \u00faltimos dos d\u00edas y medio\u00bb, declar\u00f3 el director general del Werder Bremen, Frank Baumann, al portal \u00abMein Werder\u00bb.<\/p>\n<p>El encargado del mantenimiento del campo de juego del club alem\u00e1n en su sede en Alemania lleg\u00f3 hace ya una semana a Johannesburgo para encargarse del c\u00e9sped, en vista de la serie de entrenamientos prevista entre el 3 y el 12 de enero.<\/p>\n<p>Bauman subray\u00f3, sin embargo, que \u00abser\u00eda bueno tener sol en los pr\u00f3ximos d\u00edas, por diferentes razones\u00bb.<\/p>\n","protected":false},"excerpt":{"rendered":"<p>Bremen (Alemania), 2 ene (dpa) &#8211; A causa de las intensas lluvias en Johannesburgo, Sud\u00e1frica, el Werder Bremen comienza a preocuparse por el estado del campo de juego en el que tendr\u00e1n lugar sus entrenamientos durante la pausa invernal de la Liga alemana de f\u00fatbol, seg\u00fan inform\u00f3 el portal en l\u00ednea \u00abMein Werder\u00bb del peri\u00f3dico<\/p>\n","protected":false},"author":1,"featured_media":98004,"comment_status":"closed","ping_status":"closed","sticky":false,"template":"","format":"standard","meta":{"footnotes":""},"categories":[319],"tags":[],"class_list":{"0":"post-113260","1":"post","2":"type-post","3":"status-publish","4":"format-standard","5":"has-post-thumbnail","7":"category-deporte"},"aioseo_notices":[],"aioseo_head":"\n\t\t<!-- All in One SEO Pro 4.9.6.2 - aioseo.com -->\n\t<meta name=\"description\" content=\"Bremen (Alemania), 2 ene (dpa) - A causa de las intensas lluvias en Johannesburgo, Sud\u00e1frica, el Werder Bremen comienza a preocuparse por el estado del campo de juego en el que tendr\u00e1n lugar sus entrenamientos durante la pausa invernal de la Liga alemana de f\u00fatbol, seg\u00fan inform\u00f3 el portal en l\u00ednea &quot;Mein Werder&quot; del peri\u00f3dico\" \/>\n\t<meta name=\"robots\" content=\"max-image-preview:large\" \/>\n\t<meta name=\"author\" content=\"Cand\u00e1s 365\"\/>\n\t<meta name=\"google-site-verification\" content=\"UA-32230408-1\" \/>\n\t<meta name=\"msvalidate.01\" content=\"354F3CDFB2DA171B47FBE9ABF1F88D5\" \/>\n\t<meta name=\"keywords\" content=\"deporte\" \/>\n\t<link rel=\"canonical\" href=\"https:\/\/candas365.es\/noticias\/la-lluvia-en-johannesburgo-preocupa-al-bremen-en-su-entrenamiento-invernal\/\" \/>\n\t<meta name=\"generator\" content=\"All in One SEO Pro (AIOSEO) 4.9.6.2\" \/>\n\t\t<meta property=\"og:locale\" content=\"es_ES\" \/>\n\t\t<meta property=\"og:site_name\" content=\"Cand\u00e1s 365\" \/>\n\t\t<meta property=\"og:type\" content=\"article\" \/>\n\t\t<meta property=\"og:title\" content=\"La lluvia en Johannesburgo preocupa al Bremen en su entrenamiento invernal | Cand\u00e1s 365\" \/>\n\t\t<meta property=\"og:description\" content=\"Bremen (Alemania), 2 ene (dpa) - A causa de las intensas lluvias en Johannesburgo, Sud\u00e1frica, el Werder Bremen comienza a preocuparse por el estado del campo de juego en el que tendr\u00e1n lugar sus entrenamientos durante la pausa invernal de la Liga alemana de f\u00fatbol, seg\u00fan inform\u00f3 el portal en l\u00ednea &quot;Mein Werder&quot; del peri\u00f3dico\" \/>\n\t\t<meta property=\"og:url\" content=\"https:\/\/candas365.es\/noticias\/la-lluvia-en-johannesburgo-preocupa-al-bremen-en-su-entrenamiento-invernal\/\" \/>\n\t\t<meta property=\"og:image\" content=\"https:\/\/candas365.es\/noticias\/wp-content\/uploads\/2018\/06\/football-1406106_960_720.jpg\" \/>\n\t\t<meta property=\"og:image:secure_url\" content=\"https:\/\/candas365.es\/noticias\/wp-content\/uploads\/2018\/06\/football-1406106_960_720.jpg\" \/>\n\t\t<meta property=\"og:image:width\" content=\"960\" \/>\n\t\t<meta property=\"og:image:height\" content=\"643\" \/>\n\t\t<meta property=\"article:published_time\" content=\"2019-01-02T22:50:20+00:00\" \/>\n\t\t<meta property=\"article:modified_time\" content=\"2019-01-02T22:50:20+00:00\" \/>\n\t\t<meta property=\"article:publisher\" content=\"https:\/\/www.facebook.com\/Nachofdezber\" \/>\n\t\t<meta property=\"article:author\" content=\"https:\/\/www.facebook.com\/carrenoactualidad\" \/>\n\t\t<meta name=\"twitter:card\" content=\"summary_large_image\" \/>\n\t\t<meta name=\"twitter:site\" content=\"@NabercoDigital\" \/>\n\t\t<meta name=\"twitter:title\" content=\"La lluvia en Johannesburgo preocupa al Bremen en su entrenamiento invernal | Cand\u00e1s 365\" \/>\n\t\t<meta name=\"twitter:description\" content=\"Bremen (Alemania), 2 ene (dpa) - A causa de las intensas lluvias en Johannesburgo, Sud\u00e1frica, el Werder Bremen comienza a preocuparse por el estado del campo de juego en el que tendr\u00e1n lugar sus entrenamientos durante la pausa invernal de la Liga alemana de f\u00fatbol, seg\u00fan inform\u00f3 el portal en l\u00ednea &quot;Mein Werder&quot; del peri\u00f3dico\" \/>\n\t\t<meta name=\"twitter:creator\" content=\"@nbasturias\" \/>\n\t\t<meta name=\"twitter:image\" content=\"https:\/\/candas365.es\/noticias\/wp-content\/uploads\/2018\/06\/football-1406106_960_720.jpg\" \/>\n\t\t<meta name=\"twitter:label1\" content=\"Escrito por\" \/>\n\t\t<meta name=\"twitter:data1\" content=\"Cand\u00e1s 365\" \/>\n\t\t<meta name=\"twitter:label2\" content=\"Tiempo de lectura estimado\" \/>\n\t\t<meta name=\"twitter:data2\" content=\"1 minuto\" \/>\n\t\t<script type=\"application\/ld+json\" class=\"aioseo-schema\">\n\t\t\t{\"@context\":\"https:\\\/\\\/schema.org\",\"@graph\":[{\"@type\":\"BreadcrumbList\",\"@id\":\"https:\\\/\\\/candas365.es\\\/noticias\\\/la-lluvia-en-johannesburgo-preocupa-al-bremen-en-su-entrenamiento-invernal\\\/#breadcrumblist\",\"itemListElement\":[{\"@type\":\"ListItem\",\"@id\":\"https:\\\/\\\/candas365.es\\\/noticias#listItem\",\"position\":1,\"name\":\"Home\",\"item\":\"https:\\\/\\\/candas365.es\\\/noticias\",\"nextItem\":{\"@type\":\"ListItem\",\"@id\":\"https:\\\/\\\/candas365.es\\\/noticias\\\/category\\\/deporte\\\/#listItem\",\"name\":\"Deporte\"}},{\"@type\":\"ListItem\",\"@id\":\"https:\\\/\\\/candas365.es\\\/noticias\\\/category\\\/deporte\\\/#listItem\",\"position\":2,\"name\":\"Deporte\",\"item\":\"https:\\\/\\\/candas365.es\\\/noticias\\\/category\\\/deporte\\\/\",\"nextItem\":{\"@type\":\"ListItem\",\"@id\":\"https:\\\/\\\/candas365.es\\\/noticias\\\/la-lluvia-en-johannesburgo-preocupa-al-bremen-en-su-entrenamiento-invernal\\\/#listItem\",\"name\":\"La lluvia en Johannesburgo preocupa al Bremen en su entrenamiento invernal\"},\"previousItem\":{\"@type\":\"ListItem\",\"@id\":\"https:\\\/\\\/candas365.es\\\/noticias#listItem\",\"name\":\"Home\"}},{\"@type\":\"ListItem\",\"@id\":\"https:\\\/\\\/candas365.es\\\/noticias\\\/la-lluvia-en-johannesburgo-preocupa-al-bremen-en-su-entrenamiento-invernal\\\/#listItem\",\"position\":3,\"name\":\"La lluvia en Johannesburgo preocupa al Bremen en su entrenamiento invernal\",\"previousItem\":{\"@type\":\"ListItem\",\"@id\":\"https:\\\/\\\/candas365.es\\\/noticias\\\/category\\\/deporte\\\/#listItem\",\"name\":\"Deporte\"}}]},{\"@type\":\"NewsArticle\",\"@id\":\"https:\\\/\\\/candas365.es\\\/noticias\\\/la-lluvia-en-johannesburgo-preocupa-al-bremen-en-su-entrenamiento-invernal\\\/#newsarticle\",\"name\":\"La lluvia en Johannesburgo preocupa al Bremen en su entrenamiento invernal | Cand\\u00e1s 365\",\"headline\":\"La lluvia en Johannesburgo preocupa al Bremen en su entrenamiento invernal\",\"author\":{\"@id\":\"https:\\\/\\\/candas365.es\\\/noticias\\\/author\\\/admin\\\/#author\"},\"publisher\":{\"@id\":\"https:\\\/\\\/candas365.es\\\/noticias\\\/#organization\"},\"image\":{\"@type\":\"ImageObject\",\"url\":\"https:\\\/\\\/candas365.es\\\/noticias\\\/wp-content\\\/uploads\\\/2018\\\/06\\\/football-1406106_960_720.jpg\",\"width\":960,\"height\":643},\"datePublished\":\"2019-01-02T22:50:20+01:00\",\"dateModified\":\"2019-01-02T22:50:20+01:00\",\"inLanguage\":\"es-ES\",\"mainEntityOfPage\":{\"@id\":\"https:\\\/\\\/candas365.es\\\/noticias\\\/la-lluvia-en-johannesburgo-preocupa-al-bremen-en-su-entrenamiento-invernal\\\/#webpage\"},\"isPartOf\":{\"@id\":\"https:\\\/\\\/candas365.es\\\/noticias\\\/la-lluvia-en-johannesburgo-preocupa-al-bremen-en-su-entrenamiento-invernal\\\/#webpage\"},\"articleSection\":\"Deporte\",\"dateline\":\"Publicado el enero 2, 2019.\"},{\"@type\":\"Organization\",\"@id\":\"https:\\\/\\\/candas365.es\\\/noticias\\\/#organization\",\"name\":\"Cand\\u00e1s 365\",\"description\":\"Cand\\u00e1s 365 es un diario digital independiente, fundado en 2012, con base en Asturias. Informamos con rigor sobre actualidad, sociedad, cultura y ocio, con una mirada local y global.\",\"url\":\"https:\\\/\\\/candas365.es\\\/noticias\\\/\",\"email\":\"info@candas365.es\",\"telephone\":\"+34652131393\",\"foundingDate\":\"2012-06-10\",\"logo\":{\"@type\":\"ImageObject\",\"url\":\"https:\\\/\\\/candas365.es\\\/noticias\\\/wp-content\\\/uploads\\\/2024\\\/09\\\/Candas-365-Redes.jpg\",\"@id\":\"https:\\\/\\\/candas365.es\\\/noticias\\\/la-lluvia-en-johannesburgo-preocupa-al-bremen-en-su-entrenamiento-invernal\\\/#organizationLogo\",\"width\":1152,\"height\":864,\"caption\":\"Cand\\u00e1s 365 Redes\"},\"image\":{\"@id\":\"https:\\\/\\\/candas365.es\\\/noticias\\\/la-lluvia-en-johannesburgo-preocupa-al-bremen-en-su-entrenamiento-invernal\\\/#organizationLogo\"},\"sameAs\":[\"https:\\\/\\\/www.facebook.com\\\/Nachofdezber\",\"https:\\\/\\\/x.com\\\/NabercoDigital\",\"https:\\\/\\\/www.instagram.com\\\/nachofdezber\\\/\",\"https:\\\/\\\/www.youtube.com\\\/channel\\\/UCZP-2wLEB9Rv6erhFmqVnvg\"],\"address\":{\"@id\":\"https:\\\/\\\/candas365.es\\\/noticias\\\/#postaladdress\",\"@type\":\"PostalAddress\",\"streetAddress\":\"san antonio 4, san antonio 4\",\"postalCode\":\"33430\",\"addressLocality\":\"Cand\\u00e1s\",\"addressRegion\":\"Asturias\",\"addressCountry\":\"ES\"}},{\"@type\":\"Person\",\"@id\":\"https:\\\/\\\/candas365.es\\\/noticias\\\/author\\\/admin\\\/#author\",\"url\":\"https:\\\/\\\/candas365.es\\\/noticias\\\/author\\\/admin\\\/\",\"name\":\"Cand\\u00e1s 365\",\"image\":{\"@type\":\"ImageObject\",\"@id\":\"https:\\\/\\\/candas365.es\\\/noticias\\\/la-lluvia-en-johannesburgo-preocupa-al-bremen-en-su-entrenamiento-invernal\\\/#authorImage\",\"url\":\"https:\\\/\\\/secure.gravatar.com\\\/avatar\\\/496a8e03d0c493ede1718b7934145dbdf8d89be1036b0eec9544e1094c9de390?s=96&d=mm&r=g\",\"width\":96,\"height\":96,\"caption\":\"Cand\\u00e1s 365\"},\"sameAs\":[\"https:\\\/\\\/www.facebook.com\\\/carrenoactualidad\",\"https:\\\/\\\/twitter.com\\\/nbasturias\",\"https:\\\/\\\/www.instagram.com\\\/nachofdezber\\\/\",\"https:\\\/\\\/www.youtube.com\\\/channel\\\/UCZP-2wLEB9Rv6erhFmqVnvg\"]},{\"@type\":\"WebPage\",\"@id\":\"https:\\\/\\\/candas365.es\\\/noticias\\\/la-lluvia-en-johannesburgo-preocupa-al-bremen-en-su-entrenamiento-invernal\\\/#webpage\",\"url\":\"https:\\\/\\\/candas365.es\\\/noticias\\\/la-lluvia-en-johannesburgo-preocupa-al-bremen-en-su-entrenamiento-invernal\\\/\",\"name\":\"La lluvia en Johannesburgo preocupa al Bremen en su entrenamiento invernal | Cand\\u00e1s 365\",\"description\":\"Bremen (Alemania), 2 ene (dpa) - A causa de las intensas lluvias en Johannesburgo, Sud\\u00e1frica, el Werder Bremen comienza a preocuparse por el estado del campo de juego en el que tendr\\u00e1n lugar sus entrenamientos durante la pausa invernal de la Liga alemana de f\\u00fatbol, seg\\u00fan inform\\u00f3 el portal en l\\u00ednea \\\"Mein Werder\\\" del peri\\u00f3dico\",\"inLanguage\":\"es-ES\",\"isPartOf\":{\"@id\":\"https:\\\/\\\/candas365.es\\\/noticias\\\/#website\"},\"breadcrumb\":{\"@id\":\"https:\\\/\\\/candas365.es\\\/noticias\\\/la-lluvia-en-johannesburgo-preocupa-al-bremen-en-su-entrenamiento-invernal\\\/#breadcrumblist\"},\"author\":{\"@id\":\"https:\\\/\\\/candas365.es\\\/noticias\\\/author\\\/admin\\\/#author\"},\"creator\":{\"@id\":\"https:\\\/\\\/candas365.es\\\/noticias\\\/author\\\/admin\\\/#author\"},\"image\":{\"@type\":\"ImageObject\",\"url\":\"https:\\\/\\\/candas365.es\\\/noticias\\\/wp-content\\\/uploads\\\/2018\\\/06\\\/football-1406106_960_720.jpg\",\"@id\":\"https:\\\/\\\/candas365.es\\\/noticias\\\/la-lluvia-en-johannesburgo-preocupa-al-bremen-en-su-entrenamiento-invernal\\\/#mainImage\",\"width\":960,\"height\":643},\"primaryImageOfPage\":{\"@id\":\"https:\\\/\\\/candas365.es\\\/noticias\\\/la-lluvia-en-johannesburgo-preocupa-al-bremen-en-su-entrenamiento-invernal\\\/#mainImage\"},\"datePublished\":\"2019-01-02T22:50:20+01:00\",\"dateModified\":\"2019-01-02T22:50:20+01:00\"},{\"@type\":\"WebSite\",\"@id\":\"https:\\\/\\\/candas365.es\\\/noticias\\\/#website\",\"url\":\"https:\\\/\\\/candas365.es\\\/noticias\\\/\",\"name\":\"Cand\\u00e1s 365\",\"alternateName\":\"Cand\\u00e1s 365 Noticias\",\"description\":\"Actualidad desde Carre\\u00f1o para el mundo\",\"inLanguage\":\"es-ES\",\"publisher\":{\"@id\":\"https:\\\/\\\/candas365.es\\\/noticias\\\/#organization\"}}]}\n\t\t<\/script>\n\t\t<!-- All in One SEO Pro -->\r\n\t\t<title>La lluvia en Johannesburgo preocupa al Bremen en su entrenamiento invernal | Cand\u00e1s 365<\/title>\n\n","aioseo_head_json":{"title":"La lluvia en Johannesburgo preocupa al Bremen en su entrenamiento invernal | Cand\u00e1s 365","description":"Bremen (Alemania), 2 ene (dpa) - A causa de las intensas lluvias en Johannesburgo, Sud\u00e1frica, el Werder Bremen comienza a preocuparse por el estado del campo de juego en el que tendr\u00e1n lugar sus entrenamientos durante la pausa invernal de la Liga alemana de f\u00fatbol, seg\u00fan inform\u00f3 el portal en l\u00ednea \"Mein Werder\" del peri\u00f3dico","canonical_url":"https:\/\/candas365.es\/noticias\/la-lluvia-en-johannesburgo-preocupa-al-bremen-en-su-entrenamiento-invernal\/","robots":"max-image-preview:large","keywords":"deporte","webmasterTools":{"google-site-verification":"UA-32230408-1","msvalidate.01":"354F3CDFB2DA171B47FBE9ABF1F88D5","miscellaneous":""},"schema":{"@context":"https:\/\/schema.org","@graph":[{"@type":"BreadcrumbList","@id":"https:\/\/candas365.es\/noticias\/la-lluvia-en-johannesburgo-preocupa-al-bremen-en-su-entrenamiento-invernal\/#breadcrumblist","itemListElement":[{"@type":"ListItem","@id":"https:\/\/candas365.es\/noticias#listItem","position":1,"name":"Home","item":"https:\/\/candas365.es\/noticias","nextItem":{"@type":"ListItem","@id":"https:\/\/candas365.es\/noticias\/category\/deporte\/#listItem","name":"Deporte"}},{"@type":"ListItem","@id":"https:\/\/candas365.es\/noticias\/category\/deporte\/#listItem","position":2,"name":"Deporte","item":"https:\/\/candas365.es\/noticias\/category\/deporte\/","nextItem":{"@type":"ListItem","@id":"https:\/\/candas365.es\/noticias\/la-lluvia-en-johannesburgo-preocupa-al-bremen-en-su-entrenamiento-invernal\/#listItem","name":"La lluvia en Johannesburgo preocupa al Bremen en su entrenamiento invernal"},"previousItem":{"@type":"ListItem","@id":"https:\/\/candas365.es\/noticias#listItem","name":"Home"}},{"@type":"ListItem","@id":"https:\/\/candas365.es\/noticias\/la-lluvia-en-johannesburgo-preocupa-al-bremen-en-su-entrenamiento-invernal\/#listItem","position":3,"name":"La lluvia en Johannesburgo preocupa al Bremen en su entrenamiento invernal","previousItem":{"@type":"ListItem","@id":"https:\/\/candas365.es\/noticias\/category\/deporte\/#listItem","name":"Deporte"}}]},{"@type":"NewsArticle","@id":"https:\/\/candas365.es\/noticias\/la-lluvia-en-johannesburgo-preocupa-al-bremen-en-su-entrenamiento-invernal\/#newsarticle","name":"La lluvia en Johannesburgo preocupa al Bremen en su entrenamiento invernal | Cand\u00e1s 365","headline":"La lluvia en Johannesburgo preocupa al Bremen en su entrenamiento invernal","author":{"@id":"https:\/\/candas365.es\/noticias\/author\/admin\/#author"},"publisher":{"@id":"https:\/\/candas365.es\/noticias\/#organization"},"image":{"@type":"ImageObject","url":"https:\/\/candas365.es\/noticias\/wp-content\/uploads\/2018\/06\/football-1406106_960_720.jpg","width":960,"height":643},"datePublished":"2019-01-02T22:50:20+01:00","dateModified":"2019-01-02T22:50:20+01:00","inLanguage":"es-ES","mainEntityOfPage":{"@id":"https:\/\/candas365.es\/noticias\/la-lluvia-en-johannesburgo-preocupa-al-bremen-en-su-entrenamiento-invernal\/#webpage"},"isPartOf":{"@id":"https:\/\/candas365.es\/noticias\/la-lluvia-en-johannesburgo-preocupa-al-bremen-en-su-entrenamiento-invernal\/#webpage"},"articleSection":"Deporte","dateline":"Publicado el enero 2, 2019."},{"@type":"Organization","@id":"https:\/\/candas365.es\/noticias\/#organization","name":"Cand\u00e1s 365","description":"Cand\u00e1s 365 es un diario digital independiente, fundado en 2012, con base en Asturias. Informamos con rigor sobre actualidad, sociedad, cultura y ocio, con una mirada local y global.","url":"https:\/\/candas365.es\/noticias\/","email":"info@candas365.es","telephone":"+34652131393","foundingDate":"2012-06-10","logo":{"@type":"ImageObject","url":"https:\/\/candas365.es\/noticias\/wp-content\/uploads\/2024\/09\/Candas-365-Redes.jpg","@id":"https:\/\/candas365.es\/noticias\/la-lluvia-en-johannesburgo-preocupa-al-bremen-en-su-entrenamiento-invernal\/#organizationLogo","width":1152,"height":864,"caption":"Cand\u00e1s 365 Redes"},"image":{"@id":"https:\/\/candas365.es\/noticias\/la-lluvia-en-johannesburgo-preocupa-al-bremen-en-su-entrenamiento-invernal\/#organizationLogo"},"sameAs":["https:\/\/www.facebook.com\/Nachofdezber","https:\/\/x.com\/NabercoDigital","https:\/\/www.instagram.com\/nachofdezber\/","https:\/\/www.youtube.com\/channel\/UCZP-2wLEB9Rv6erhFmqVnvg"],"address":{"@id":"https:\/\/candas365.es\/noticias\/#postaladdress","@type":"PostalAddress","streetAddress":"san antonio 4, san antonio 4","postalCode":"33430","addressLocality":"Cand\u00e1s","addressRegion":"Asturias","addressCountry":"ES"}},{"@type":"Person","@id":"https:\/\/candas365.es\/noticias\/author\/admin\/#author","url":"https:\/\/candas365.es\/noticias\/author\/admin\/","name":"Cand\u00e1s 365","image":{"@type":"ImageObject","@id":"https:\/\/candas365.es\/noticias\/la-lluvia-en-johannesburgo-preocupa-al-bremen-en-su-entrenamiento-invernal\/#authorImage","url":"https:\/\/secure.gravatar.com\/avatar\/496a8e03d0c493ede1718b7934145dbdf8d89be1036b0eec9544e1094c9de390?s=96&d=mm&r=g","width":96,"height":96,"caption":"Cand\u00e1s 365"},"sameAs":["https:\/\/www.facebook.com\/carrenoactualidad","https:\/\/twitter.com\/nbasturias","https:\/\/www.instagram.com\/nachofdezber\/","https:\/\/www.youtube.com\/channel\/UCZP-2wLEB9Rv6erhFmqVnvg"]},{"@type":"WebPage","@id":"https:\/\/candas365.es\/noticias\/la-lluvia-en-johannesburgo-preocupa-al-bremen-en-su-entrenamiento-invernal\/#webpage","url":"https:\/\/candas365.es\/noticias\/la-lluvia-en-johannesburgo-preocupa-al-bremen-en-su-entrenamiento-invernal\/","name":"La lluvia en Johannesburgo preocupa al Bremen en su entrenamiento invernal | Cand\u00e1s 365","description":"Bremen (Alemania), 2 ene (dpa) - A causa de las intensas lluvias en Johannesburgo, Sud\u00e1frica, el Werder Bremen comienza a preocuparse por el estado del campo de juego en el que tendr\u00e1n lugar sus entrenamientos durante la pausa invernal de la Liga alemana de f\u00fatbol, seg\u00fan inform\u00f3 el portal en l\u00ednea \"Mein Werder\" del peri\u00f3dico","inLanguage":"es-ES","isPartOf":{"@id":"https:\/\/candas365.es\/noticias\/#website"},"breadcrumb":{"@id":"https:\/\/candas365.es\/noticias\/la-lluvia-en-johannesburgo-preocupa-al-bremen-en-su-entrenamiento-invernal\/#breadcrumblist"},"author":{"@id":"https:\/\/candas365.es\/noticias\/author\/admin\/#author"},"creator":{"@id":"https:\/\/candas365.es\/noticias\/author\/admin\/#author"},"image":{"@type":"ImageObject","url":"https:\/\/candas365.es\/noticias\/wp-content\/uploads\/2018\/06\/football-1406106_960_720.jpg","@id":"https:\/\/candas365.es\/noticias\/la-lluvia-en-johannesburgo-preocupa-al-bremen-en-su-entrenamiento-invernal\/#mainImage","width":960,"height":643},"primaryImageOfPage":{"@id":"https:\/\/candas365.es\/noticias\/la-lluvia-en-johannesburgo-preocupa-al-bremen-en-su-entrenamiento-invernal\/#mainImage"},"datePublished":"2019-01-02T22:50:20+01:00","dateModified":"2019-01-02T22:50:20+01:00"},{"@type":"WebSite","@id":"https:\/\/candas365.es\/noticias\/#website","url":"https:\/\/candas365.es\/noticias\/","name":"Cand\u00e1s 365","alternateName":"Cand\u00e1s 365 Noticias","description":"Actualidad desde Carre\u00f1o para el mundo","inLanguage":"es-ES","publisher":{"@id":"https:\/\/candas365.es\/noticias\/#organization"}}]},"og:locale":"es_ES","og:site_name":"Cand\u00e1s 365","og:type":"article","og:title":"La lluvia en Johannesburgo preocupa al Bremen en su entrenamiento invernal | Cand\u00e1s 365","og:description":"Bremen (Alemania), 2 ene (dpa) - A causa de las intensas lluvias en Johannesburgo, Sud\u00e1frica, el Werder Bremen comienza a preocuparse por el estado del campo de juego en el que tendr\u00e1n lugar sus entrenamientos durante la pausa invernal de la Liga alemana de f\u00fatbol, seg\u00fan inform\u00f3 el portal en l\u00ednea &quot;Mein Werder&quot; del peri\u00f3dico","og:url":"https:\/\/candas365.es\/noticias\/la-lluvia-en-johannesburgo-preocupa-al-bremen-en-su-entrenamiento-invernal\/","og:image":"https:\/\/candas365.es\/noticias\/wp-content\/uploads\/2018\/06\/football-1406106_960_720.jpg","og:image:secure_url":"https:\/\/candas365.es\/noticias\/wp-content\/uploads\/2018\/06\/football-1406106_960_720.jpg","og:image:width":960,"og:image:height":643,"article:published_time":"2019-01-02T22:50:20+00:00","article:modified_time":"2019-01-02T22:50:20+00:00","article:publisher":"https:\/\/www.facebook.com\/Nachofdezber","article:author":"https:\/\/www.facebook.com\/carrenoactualidad","twitter:card":"summary_large_image","twitter:site":"@NabercoDigital","twitter:title":"La lluvia en Johannesburgo preocupa al Bremen en su entrenamiento invernal | Cand\u00e1s 365","twitter:description":"Bremen (Alemania), 2 ene (dpa) - A causa de las intensas lluvias en Johannesburgo, Sud\u00e1frica, el Werder Bremen comienza a preocuparse por el estado del campo de juego en el que tendr\u00e1n lugar sus entrenamientos durante la pausa invernal de la Liga alemana de f\u00fatbol, seg\u00fan inform\u00f3 el portal en l\u00ednea &quot;Mein Werder&quot; del peri\u00f3dico","twitter:creator":"@nbasturias","twitter:image":"https:\/\/candas365.es\/noticias\/wp-content\/uploads\/2018\/06\/football-1406106_960_720.jpg","twitter:label1":"Escrito por","twitter:data1":"Cand\u00e1s 365","twitter:label2":"Tiempo de lectura estimado","twitter:data2":"1 minuto"},"aioseo_meta_data":{"post_id":"113260","title":null,"description":null,"keywords":null,"keyphrases":null,"primary_term":null,"canonical_url":null,"og_title":null,"og_description":null,"og_object_type":"default","og_image_type":"default","og_image_url":null,"og_image_width":null,"og_image_height":null,"og_image_custom_url":null,"og_image_custom_fields":null,"og_video":null,"og_custom_url":null,"og_article_section":null,"og_article_tags":null,"twitter_use_og":false,"twitter_card":"default","twitter_image_type":"default","twitter_image_url":null,"twitter_image_custom_url":null,"twitter_image_custom_fields":null,"twitter_title":null,"twitter_description":null,"schema":{"blockGraphs":[],"customGraphs":[],"default":{"data":{"Article":[],"Course":[],"Dataset":[],"FAQPage":[],"Movie":[],"Person":[],"Product":[],"ProductReview":[],"Car":[],"Recipe":[],"Service":[],"SoftwareApplication":[],"WebPage":[]},"graphName":"","isEnabled":true},"graphs":[]},"schema_type":null,"schema_type_options":null,"pillar_content":false,"robots_default":true,"robots_noindex":false,"robots_noarchive":false,"robots_nosnippet":false,"robots_nofollow":false,"robots_noimageindex":false,"robots_noodp":false,"robots_notranslate":false,"robots_max_snippet":null,"robots_max_videopreview":null,"robots_max_imagepreview":"large","priority":null,"frequency":null,"location":null,"local_seo":null,"seo_analyzer_scan_date":"2025-08-28 20:53:18","breadcrumb_settings":null,"limit_modified_date":false,"reviewed_by":null,"open_ai":null,"ai":null,"created":"2020-12-21 11:29:56","updated":"2025-08-28 20:53:18"},"aioseo_breadcrumb":"<div class=\"aioseo-breadcrumbs\"><span class=\"aioseo-breadcrumb\">\n\t<a href=\"https:\/\/candas365.es\/noticias\" title=\"Home\">Home<\/a>\n<\/span><span class=\"aioseo-breadcrumb-separator\">&ndash;<\/span><span class=\"aioseo-breadcrumb\">\n\t<a href=\"https:\/\/candas365.es\/noticias\/category\/deporte\/\" title=\"Deporte\">Deporte<\/a>\n<\/span><span class=\"aioseo-breadcrumb-separator\">&ndash;<\/span><span class=\"aioseo-breadcrumb\">\n\tLa lluvia en Johannesburgo preocupa al Bremen en su entrenamiento invernal\n<\/span><\/div>","aioseo_breadcrumb_json":[{"label":"Home","link":"https:\/\/candas365.es\/noticias"},{"label":"Deporte","link":"https:\/\/candas365.es\/noticias\/category\/deporte\/"},{"label":"La lluvia en Johannesburgo preocupa al Bremen en su entrenamiento invernal","link":"https:\/\/candas365.es\/noticias\/la-lluvia-en-johannesburgo-preocupa-al-bremen-en-su-entrenamiento-invernal\/"}],"_links":{"self":[{"href":"https:\/\/candas365.es\/noticias\/wp-json\/wp\/v2\/posts\/113260","targetHints":{"allow":["GET"]}}],"collection":[{"href":"https:\/\/candas365.es\/noticias\/wp-json\/wp\/v2\/posts"}],"about":[{"href":"https:\/\/candas365.es\/noticias\/wp-json\/wp\/v2\/types\/post"}],"author":[{"embeddable":true,"href":"https:\/\/candas365.es\/noticias\/wp-json\/wp\/v2\/users\/1"}],"replies":[{"embeddable":true,"href":"https:\/\/candas365.es\/noticias\/wp-json\/wp\/v2\/comments?post=113260"}],"version-history":[{"count":0,"href":"https:\/\/candas365.es\/noticias\/wp-json\/wp\/v2\/posts\/113260\/revisions"}],"wp:featuredmedia":[{"embeddable":true,"href":"https:\/\/candas365.es\/noticias\/wp-json\/wp\/v2\/media\/98004"}],"wp:attachment":[{"href":"https:\/\/candas365.es\/noticias\/wp-json\/wp\/v2\/media?parent=113260"}],"wp:term":[{"taxonomy":"category","embeddable":true,"href":"https:\/\/candas365.es\/noticias\/wp-json\/wp\/v2\/categories?post=113260"},{"taxonomy":"post_tag","embeddable":true,"href":"https:\/\/candas365.es\/noticias\/wp-json\/wp\/v2\/tags?post=113260"}],"curies":[{"name":"wp","href":"https:\/\/api.w.org\/{rel}","templated":true}]}}