{"id":113257,"date":"2019-01-02T22:42:04","date_gmt":"2019-01-02T22:42:04","guid":{"rendered":"http:\/\/candas365.es\/noticias\/?p=113257"},"modified":"2019-01-02T22:42:04","modified_gmt":"2019-01-02T22:42:04","slug":"el-ejercito-aleman-abre-un-segundo-emplazamiento-para-el-a400m-en-baviera","status":"publish","type":"post","link":"https:\/\/candas365.es\/noticias\/el-ejercito-aleman-abre-un-segundo-emplazamiento-para-el-a400m-en-baviera\/","title":{"rendered":"El Ej\u00e9rcito alem\u00e1n abre un segundo emplazamiento para el A400M en Baviera"},"content":{"rendered":"<figure id=\"attachment_113258\" aria-describedby=\"caption-attachment-113258\" style=\"width: 360px\" class=\"wp-caption alignleft\"><img fetchpriority=\"high\" decoding=\"async\" class=\"size-medium wp-image-113258\" src=\"https:\/\/candas365.es\/noticias\/wp-content\/uploads\/2019\/01\/A400M-360x200.jpg\" alt=\"\" width=\"360\" height=\"200\" srcset=\"https:\/\/candas365.es\/noticias\/wp-content\/uploads\/2019\/01\/A400M-360x200.jpg 360w, https:\/\/candas365.es\/noticias\/wp-content\/uploads\/2019\/01\/A400M-768x426.jpg 768w, https:\/\/candas365.es\/noticias\/wp-content\/uploads\/2019\/01\/A400M-655x364.jpg 655w, https:\/\/candas365.es\/noticias\/wp-content\/uploads\/2019\/01\/A400M-696x385.jpg 696w, https:\/\/candas365.es\/noticias\/wp-content\/uploads\/2019\/01\/A400M-1068x593.jpg 1068w, https:\/\/candas365.es\/noticias\/wp-content\/uploads\/2019\/01\/A400M-757x420.jpg 757w, https:\/\/candas365.es\/noticias\/wp-content\/uploads\/2019\/01\/A400M.jpg 1099w\" sizes=\"(max-width: 360px) 100vw, 360px\" \/><figcaption id=\"caption-attachment-113258\" class=\"wp-caption-text\">Un avi\u00f3n de transporte A400M de la Fuerza A\u00e9rea alemana en la base a\u00e9rea militar de Wunstorf, en las cercan\u00edas de la ciudad de Hannover. Foto: Julian Stratenschulte\/dpa<\/figcaption><\/figure>\n<p>Wunstorf\/Lechfeld (Alemania), 2 ene (dpa) &#8211; El Ej\u00e9rcito alem\u00e1n establecer\u00e1 un segundo emplazamiento para para la creciente flota de su nuevo avi\u00f3n de transporte A400M, comunic\u00f3 hoy la ministra germana de Defensa, Ursula von der Leyen.<\/p>\n<p>Los aviones, que entre otros fines se utilizan para el abastecimiento de las tropas alemanas en operaciones militares en el extranjero, tambi\u00e9n deber\u00edan estar estacionadas en Baviera en la base a\u00e9rea militar de Lechfeld, al sur de Augsburgo, detall\u00f3 Von der Leyen.<\/p>\n<p>La ministra visit\u00f3 el aer\u00f3dromo militar de Wunstorf, en las cercan\u00edas de la ciudad de Hannover, donde se inform\u00f3 acerca de los progresos en las entregas del avi\u00f3n de transporte. Wunstorf es hasta ahora el \u00fanico emplazamiento para el estacionamiento de los A400M.<\/p>\n<p>Seg\u00fan datos de las Fuerzas A\u00e9reas, hasta el momento fueron entregadas 25 de un total de 53 aeronaves a las tropas de la \u00abBundeswehr\u00bb, que califica al A400M como la \u00abcolumna vertebral\u00bb de su transporte a\u00e9reo.<\/p>\n<p>Este modelo es considerado el avi\u00f3n militar de transporte m\u00e1s moderno del mundo. Sin embargo, el proyecto se enfrenta a problemas t\u00e9cnicos y las entregas se vieron afectadas por demoras durante a\u00f1os.<\/p>\n<p>Los costes, asimismo, se incrementaron en al menos 1.500 millones de euros con respecto a la suma inicial estimada, de acuerdo con los datos m\u00e1s recientes.<\/p>\n","protected":false},"excerpt":{"rendered":"<p>Wunstorf\/Lechfeld (Alemania), 2 ene (dpa) &#8211; El Ej\u00e9rcito alem\u00e1n establecer\u00e1 un segundo emplazamiento para para la creciente flota de su nuevo avi\u00f3n de transporte A400M, comunic\u00f3 hoy la ministra germana de Defensa, Ursula von der Leyen. Los aviones, que entre otros fines se utilizan para el abastecimiento de las tropas alemanas en operaciones militares en<\/p>\n","protected":false},"author":1,"featured_media":113258,"comment_status":"closed","ping_status":"closed","sticky":false,"template":"","format":"standard","meta":{"footnotes":""},"categories":[343],"tags":[],"class_list":{"0":"post-113257","1":"post","2":"type-post","3":"status-publish","4":"format-standard","5":"has-post-thumbnail","7":"category-actualidad"},"aioseo_notices":[],"aioseo_head":"\n\t\t<!-- All in One SEO Pro 4.9.6.2 - aioseo.com -->\n\t<meta name=\"description\" content=\"Wunstorf\/Lechfeld (Alemania), 2 ene (dpa) - El Ej\u00e9rcito alem\u00e1n establecer\u00e1 un segundo emplazamiento para para la creciente flota de su nuevo avi\u00f3n de transporte A400M, comunic\u00f3 hoy la ministra germana de Defensa, Ursula von der Leyen. Los aviones, que entre otros fines se utilizan para el abastecimiento de las tropas alemanas en operaciones militares en\" \/>\n\t<meta name=\"robots\" content=\"max-image-preview:large\" \/>\n\t<meta name=\"author\" content=\"Cand\u00e1s 365\"\/>\n\t<meta name=\"google-site-verification\" content=\"UA-32230408-1\" \/>\n\t<meta name=\"msvalidate.01\" content=\"354F3CDFB2DA171B47FBE9ABF1F88D5\" \/>\n\t<meta name=\"keywords\" content=\"actualidad\" \/>\n\t<link rel=\"canonical\" href=\"https:\/\/candas365.es\/noticias\/el-ejercito-aleman-abre-un-segundo-emplazamiento-para-el-a400m-en-baviera\/\" \/>\n\t<meta name=\"generator\" content=\"All in One SEO Pro (AIOSEO) 4.9.6.2\" \/>\n\t\t<meta property=\"og:locale\" content=\"es_ES\" \/>\n\t\t<meta property=\"og:site_name\" content=\"Cand\u00e1s 365\" \/>\n\t\t<meta property=\"og:type\" content=\"article\" \/>\n\t\t<meta property=\"og:title\" content=\"El Ej\u00e9rcito alem\u00e1n abre un segundo emplazamiento para el A400M en Baviera | Cand\u00e1s 365\" \/>\n\t\t<meta property=\"og:description\" content=\"Wunstorf\/Lechfeld (Alemania), 2 ene (dpa) - El Ej\u00e9rcito alem\u00e1n establecer\u00e1 un segundo emplazamiento para para la creciente flota de su nuevo avi\u00f3n de transporte A400M, comunic\u00f3 hoy la ministra germana de Defensa, Ursula von der Leyen. Los aviones, que entre otros fines se utilizan para el abastecimiento de las tropas alemanas en operaciones militares en\" \/>\n\t\t<meta property=\"og:url\" content=\"https:\/\/candas365.es\/noticias\/el-ejercito-aleman-abre-un-segundo-emplazamiento-para-el-a400m-en-baviera\/\" \/>\n\t\t<meta property=\"og:image\" content=\"https:\/\/candas365.es\/noticias\/wp-content\/uploads\/2019\/01\/A400M.jpg\" \/>\n\t\t<meta property=\"og:image:secure_url\" content=\"https:\/\/candas365.es\/noticias\/wp-content\/uploads\/2019\/01\/A400M.jpg\" \/>\n\t\t<meta property=\"og:image:width\" content=\"1099\" \/>\n\t\t<meta property=\"og:image:height\" content=\"610\" \/>\n\t\t<meta property=\"article:published_time\" content=\"2019-01-02T22:42:04+00:00\" \/>\n\t\t<meta property=\"article:modified_time\" content=\"2019-01-02T22:42:04+00:00\" \/>\n\t\t<meta property=\"article:publisher\" content=\"https:\/\/www.facebook.com\/Nachofdezber\" \/>\n\t\t<meta property=\"article:author\" content=\"https:\/\/www.facebook.com\/carrenoactualidad\" \/>\n\t\t<meta name=\"twitter:card\" content=\"summary_large_image\" \/>\n\t\t<meta name=\"twitter:site\" content=\"@NabercoDigital\" \/>\n\t\t<meta name=\"twitter:title\" content=\"El Ej\u00e9rcito alem\u00e1n abre un segundo emplazamiento para el A400M en Baviera | Cand\u00e1s 365\" \/>\n\t\t<meta name=\"twitter:description\" content=\"Wunstorf\/Lechfeld (Alemania), 2 ene (dpa) - El Ej\u00e9rcito alem\u00e1n establecer\u00e1 un segundo emplazamiento para para la creciente flota de su nuevo avi\u00f3n de transporte A400M, comunic\u00f3 hoy la ministra germana de Defensa, Ursula von der Leyen. Los aviones, que entre otros fines se utilizan para el abastecimiento de las tropas alemanas en operaciones militares en\" \/>\n\t\t<meta name=\"twitter:creator\" content=\"@nbasturias\" \/>\n\t\t<meta name=\"twitter:image\" content=\"https:\/\/candas365.es\/noticias\/wp-content\/uploads\/2019\/01\/A400M.jpg\" \/>\n\t\t<meta name=\"twitter:label1\" content=\"Escrito por\" \/>\n\t\t<meta name=\"twitter:data1\" content=\"Cand\u00e1s 365\" \/>\n\t\t<meta name=\"twitter:label2\" content=\"Tiempo de lectura estimado\" \/>\n\t\t<meta name=\"twitter:data2\" content=\"1 minuto\" \/>\n\t\t<script type=\"application\/ld+json\" class=\"aioseo-schema\">\n\t\t\t{\"@context\":\"https:\\\/\\\/schema.org\",\"@graph\":[{\"@type\":\"BreadcrumbList\",\"@id\":\"https:\\\/\\\/candas365.es\\\/noticias\\\/el-ejercito-aleman-abre-un-segundo-emplazamiento-para-el-a400m-en-baviera\\\/#breadcrumblist\",\"itemListElement\":[{\"@type\":\"ListItem\",\"@id\":\"https:\\\/\\\/candas365.es\\\/noticias#listItem\",\"position\":1,\"name\":\"Home\",\"item\":\"https:\\\/\\\/candas365.es\\\/noticias\",\"nextItem\":{\"@type\":\"ListItem\",\"@id\":\"https:\\\/\\\/candas365.es\\\/noticias\\\/category\\\/actualidad\\\/#listItem\",\"name\":\"Actualidad\"}},{\"@type\":\"ListItem\",\"@id\":\"https:\\\/\\\/candas365.es\\\/noticias\\\/category\\\/actualidad\\\/#listItem\",\"position\":2,\"name\":\"Actualidad\",\"item\":\"https:\\\/\\\/candas365.es\\\/noticias\\\/category\\\/actualidad\\\/\",\"nextItem\":{\"@type\":\"ListItem\",\"@id\":\"https:\\\/\\\/candas365.es\\\/noticias\\\/el-ejercito-aleman-abre-un-segundo-emplazamiento-para-el-a400m-en-baviera\\\/#listItem\",\"name\":\"El Ej\\u00e9rcito alem\\u00e1n abre un segundo emplazamiento para el A400M en Baviera\"},\"previousItem\":{\"@type\":\"ListItem\",\"@id\":\"https:\\\/\\\/candas365.es\\\/noticias#listItem\",\"name\":\"Home\"}},{\"@type\":\"ListItem\",\"@id\":\"https:\\\/\\\/candas365.es\\\/noticias\\\/el-ejercito-aleman-abre-un-segundo-emplazamiento-para-el-a400m-en-baviera\\\/#listItem\",\"position\":3,\"name\":\"El Ej\\u00e9rcito alem\\u00e1n abre un segundo emplazamiento para el A400M en Baviera\",\"previousItem\":{\"@type\":\"ListItem\",\"@id\":\"https:\\\/\\\/candas365.es\\\/noticias\\\/category\\\/actualidad\\\/#listItem\",\"name\":\"Actualidad\"}}]},{\"@type\":\"NewsArticle\",\"@id\":\"https:\\\/\\\/candas365.es\\\/noticias\\\/el-ejercito-aleman-abre-un-segundo-emplazamiento-para-el-a400m-en-baviera\\\/#newsarticle\",\"name\":\"El Ej\\u00e9rcito alem\\u00e1n abre un segundo emplazamiento para el A400M en Baviera | Cand\\u00e1s 365\",\"headline\":\"El Ej\\u00e9rcito alem\\u00e1n abre un segundo emplazamiento para el A400M en Baviera\",\"author\":{\"@id\":\"https:\\\/\\\/candas365.es\\\/noticias\\\/author\\\/admin\\\/#author\"},\"publisher\":{\"@id\":\"https:\\\/\\\/candas365.es\\\/noticias\\\/#organization\"},\"image\":{\"@type\":\"ImageObject\",\"url\":\"https:\\\/\\\/candas365.es\\\/noticias\\\/wp-content\\\/uploads\\\/2019\\\/01\\\/A400M.jpg\",\"width\":1099,\"height\":610,\"caption\":\"Un avi\\u00f3n de transporte A400M de la Fuerza A\\u00e9rea alemana en la base a\\u00e9rea militar de Wunstorf, en las cercan\\u00edas de la ciudad de Hannover. Foto: Julian Stratenschulte\\\/dpa\"},\"datePublished\":\"2019-01-02T22:42:04+01:00\",\"dateModified\":\"2019-01-02T22:42:04+01:00\",\"inLanguage\":\"es-ES\",\"mainEntityOfPage\":{\"@id\":\"https:\\\/\\\/candas365.es\\\/noticias\\\/el-ejercito-aleman-abre-un-segundo-emplazamiento-para-el-a400m-en-baviera\\\/#webpage\"},\"isPartOf\":{\"@id\":\"https:\\\/\\\/candas365.es\\\/noticias\\\/el-ejercito-aleman-abre-un-segundo-emplazamiento-para-el-a400m-en-baviera\\\/#webpage\"},\"articleSection\":\"Actualidad\",\"dateline\":\"Publicado el enero 2, 2019.\"},{\"@type\":\"Organization\",\"@id\":\"https:\\\/\\\/candas365.es\\\/noticias\\\/#organization\",\"name\":\"Cand\\u00e1s 365\",\"description\":\"Cand\\u00e1s 365 es un diario digital independiente, fundado en 2012, con base en Asturias. Informamos con rigor sobre actualidad, sociedad, cultura y ocio, con una mirada local y global.\",\"url\":\"https:\\\/\\\/candas365.es\\\/noticias\\\/\",\"email\":\"info@candas365.es\",\"telephone\":\"+34652131393\",\"foundingDate\":\"2012-06-10\",\"logo\":{\"@type\":\"ImageObject\",\"url\":\"https:\\\/\\\/candas365.es\\\/noticias\\\/wp-content\\\/uploads\\\/2024\\\/09\\\/Candas-365-Redes.jpg\",\"@id\":\"https:\\\/\\\/candas365.es\\\/noticias\\\/el-ejercito-aleman-abre-un-segundo-emplazamiento-para-el-a400m-en-baviera\\\/#organizationLogo\",\"width\":1152,\"height\":864,\"caption\":\"Cand\\u00e1s 365 Redes\"},\"image\":{\"@id\":\"https:\\\/\\\/candas365.es\\\/noticias\\\/el-ejercito-aleman-abre-un-segundo-emplazamiento-para-el-a400m-en-baviera\\\/#organizationLogo\"},\"sameAs\":[\"https:\\\/\\\/www.facebook.com\\\/Nachofdezber\",\"https:\\\/\\\/x.com\\\/NabercoDigital\",\"https:\\\/\\\/www.instagram.com\\\/nachofdezber\\\/\",\"https:\\\/\\\/www.youtube.com\\\/channel\\\/UCZP-2wLEB9Rv6erhFmqVnvg\"],\"address\":{\"@id\":\"https:\\\/\\\/candas365.es\\\/noticias\\\/#postaladdress\",\"@type\":\"PostalAddress\",\"streetAddress\":\"san antonio 4, san antonio 4\",\"postalCode\":\"33430\",\"addressLocality\":\"Cand\\u00e1s\",\"addressRegion\":\"Asturias\",\"addressCountry\":\"ES\"}},{\"@type\":\"Person\",\"@id\":\"https:\\\/\\\/candas365.es\\\/noticias\\\/author\\\/admin\\\/#author\",\"url\":\"https:\\\/\\\/candas365.es\\\/noticias\\\/author\\\/admin\\\/\",\"name\":\"Cand\\u00e1s 365\",\"image\":{\"@type\":\"ImageObject\",\"@id\":\"https:\\\/\\\/candas365.es\\\/noticias\\\/el-ejercito-aleman-abre-un-segundo-emplazamiento-para-el-a400m-en-baviera\\\/#authorImage\",\"url\":\"https:\\\/\\\/secure.gravatar.com\\\/avatar\\\/496a8e03d0c493ede1718b7934145dbdf8d89be1036b0eec9544e1094c9de390?s=96&d=mm&r=g\",\"width\":96,\"height\":96,\"caption\":\"Cand\\u00e1s 365\"},\"sameAs\":[\"https:\\\/\\\/www.facebook.com\\\/carrenoactualidad\",\"https:\\\/\\\/twitter.com\\\/nbasturias\",\"https:\\\/\\\/www.instagram.com\\\/nachofdezber\\\/\",\"https:\\\/\\\/www.youtube.com\\\/channel\\\/UCZP-2wLEB9Rv6erhFmqVnvg\"]},{\"@type\":\"WebPage\",\"@id\":\"https:\\\/\\\/candas365.es\\\/noticias\\\/el-ejercito-aleman-abre-un-segundo-emplazamiento-para-el-a400m-en-baviera\\\/#webpage\",\"url\":\"https:\\\/\\\/candas365.es\\\/noticias\\\/el-ejercito-aleman-abre-un-segundo-emplazamiento-para-el-a400m-en-baviera\\\/\",\"name\":\"El Ej\\u00e9rcito alem\\u00e1n abre un segundo emplazamiento para el A400M en Baviera | Cand\\u00e1s 365\",\"description\":\"Wunstorf\\\/Lechfeld (Alemania), 2 ene (dpa) - El Ej\\u00e9rcito alem\\u00e1n establecer\\u00e1 un segundo emplazamiento para para la creciente flota de su nuevo avi\\u00f3n de transporte A400M, comunic\\u00f3 hoy la ministra germana de Defensa, Ursula von der Leyen. Los aviones, que entre otros fines se utilizan para el abastecimiento de las tropas alemanas en operaciones militares en\",\"inLanguage\":\"es-ES\",\"isPartOf\":{\"@id\":\"https:\\\/\\\/candas365.es\\\/noticias\\\/#website\"},\"breadcrumb\":{\"@id\":\"https:\\\/\\\/candas365.es\\\/noticias\\\/el-ejercito-aleman-abre-un-segundo-emplazamiento-para-el-a400m-en-baviera\\\/#breadcrumblist\"},\"author\":{\"@id\":\"https:\\\/\\\/candas365.es\\\/noticias\\\/author\\\/admin\\\/#author\"},\"creator\":{\"@id\":\"https:\\\/\\\/candas365.es\\\/noticias\\\/author\\\/admin\\\/#author\"},\"image\":{\"@type\":\"ImageObject\",\"url\":\"https:\\\/\\\/candas365.es\\\/noticias\\\/wp-content\\\/uploads\\\/2019\\\/01\\\/A400M.jpg\",\"@id\":\"https:\\\/\\\/candas365.es\\\/noticias\\\/el-ejercito-aleman-abre-un-segundo-emplazamiento-para-el-a400m-en-baviera\\\/#mainImage\",\"width\":1099,\"height\":610,\"caption\":\"Un avi\\u00f3n de transporte A400M de la Fuerza A\\u00e9rea alemana en la base a\\u00e9rea militar de Wunstorf, en las cercan\\u00edas de la ciudad de Hannover. Foto: Julian Stratenschulte\\\/dpa\"},\"primaryImageOfPage\":{\"@id\":\"https:\\\/\\\/candas365.es\\\/noticias\\\/el-ejercito-aleman-abre-un-segundo-emplazamiento-para-el-a400m-en-baviera\\\/#mainImage\"},\"datePublished\":\"2019-01-02T22:42:04+01:00\",\"dateModified\":\"2019-01-02T22:42:04+01:00\"},{\"@type\":\"WebSite\",\"@id\":\"https:\\\/\\\/candas365.es\\\/noticias\\\/#website\",\"url\":\"https:\\\/\\\/candas365.es\\\/noticias\\\/\",\"name\":\"Cand\\u00e1s 365\",\"alternateName\":\"Cand\\u00e1s 365 Noticias\",\"description\":\"Actualidad desde Carre\\u00f1o para el mundo\",\"inLanguage\":\"es-ES\",\"publisher\":{\"@id\":\"https:\\\/\\\/candas365.es\\\/noticias\\\/#organization\"}}]}\n\t\t<\/script>\n\t\t<!-- All in One SEO Pro -->\r\n\t\t<title>El Ej\u00e9rcito alem\u00e1n abre un segundo emplazamiento para el A400M en Baviera | Cand\u00e1s 365<\/title>\n\n","aioseo_head_json":{"title":"El Ej\u00e9rcito alem\u00e1n abre un segundo emplazamiento para el A400M en Baviera | Cand\u00e1s 365","description":"Wunstorf\/Lechfeld (Alemania), 2 ene (dpa) - El Ej\u00e9rcito alem\u00e1n establecer\u00e1 un segundo emplazamiento para para la creciente flota de su nuevo avi\u00f3n de transporte A400M, comunic\u00f3 hoy la ministra germana de Defensa, Ursula von der Leyen. Los aviones, que entre otros fines se utilizan para el abastecimiento de las tropas alemanas en operaciones militares en","canonical_url":"https:\/\/candas365.es\/noticias\/el-ejercito-aleman-abre-un-segundo-emplazamiento-para-el-a400m-en-baviera\/","robots":"max-image-preview:large","keywords":"actualidad","webmasterTools":{"google-site-verification":"UA-32230408-1","msvalidate.01":"354F3CDFB2DA171B47FBE9ABF1F88D5","miscellaneous":""},"schema":{"@context":"https:\/\/schema.org","@graph":[{"@type":"BreadcrumbList","@id":"https:\/\/candas365.es\/noticias\/el-ejercito-aleman-abre-un-segundo-emplazamiento-para-el-a400m-en-baviera\/#breadcrumblist","itemListElement":[{"@type":"ListItem","@id":"https:\/\/candas365.es\/noticias#listItem","position":1,"name":"Home","item":"https:\/\/candas365.es\/noticias","nextItem":{"@type":"ListItem","@id":"https:\/\/candas365.es\/noticias\/category\/actualidad\/#listItem","name":"Actualidad"}},{"@type":"ListItem","@id":"https:\/\/candas365.es\/noticias\/category\/actualidad\/#listItem","position":2,"name":"Actualidad","item":"https:\/\/candas365.es\/noticias\/category\/actualidad\/","nextItem":{"@type":"ListItem","@id":"https:\/\/candas365.es\/noticias\/el-ejercito-aleman-abre-un-segundo-emplazamiento-para-el-a400m-en-baviera\/#listItem","name":"El Ej\u00e9rcito alem\u00e1n abre un segundo emplazamiento para el A400M en Baviera"},"previousItem":{"@type":"ListItem","@id":"https:\/\/candas365.es\/noticias#listItem","name":"Home"}},{"@type":"ListItem","@id":"https:\/\/candas365.es\/noticias\/el-ejercito-aleman-abre-un-segundo-emplazamiento-para-el-a400m-en-baviera\/#listItem","position":3,"name":"El Ej\u00e9rcito alem\u00e1n abre un segundo emplazamiento para el A400M en Baviera","previousItem":{"@type":"ListItem","@id":"https:\/\/candas365.es\/noticias\/category\/actualidad\/#listItem","name":"Actualidad"}}]},{"@type":"NewsArticle","@id":"https:\/\/candas365.es\/noticias\/el-ejercito-aleman-abre-un-segundo-emplazamiento-para-el-a400m-en-baviera\/#newsarticle","name":"El Ej\u00e9rcito alem\u00e1n abre un segundo emplazamiento para el A400M en Baviera | Cand\u00e1s 365","headline":"El Ej\u00e9rcito alem\u00e1n abre un segundo emplazamiento para el A400M en Baviera","author":{"@id":"https:\/\/candas365.es\/noticias\/author\/admin\/#author"},"publisher":{"@id":"https:\/\/candas365.es\/noticias\/#organization"},"image":{"@type":"ImageObject","url":"https:\/\/candas365.es\/noticias\/wp-content\/uploads\/2019\/01\/A400M.jpg","width":1099,"height":610,"caption":"Un avi\u00f3n de transporte A400M de la Fuerza A\u00e9rea alemana en la base a\u00e9rea militar de Wunstorf, en las cercan\u00edas de la ciudad de Hannover. Foto: Julian Stratenschulte\/dpa"},"datePublished":"2019-01-02T22:42:04+01:00","dateModified":"2019-01-02T22:42:04+01:00","inLanguage":"es-ES","mainEntityOfPage":{"@id":"https:\/\/candas365.es\/noticias\/el-ejercito-aleman-abre-un-segundo-emplazamiento-para-el-a400m-en-baviera\/#webpage"},"isPartOf":{"@id":"https:\/\/candas365.es\/noticias\/el-ejercito-aleman-abre-un-segundo-emplazamiento-para-el-a400m-en-baviera\/#webpage"},"articleSection":"Actualidad","dateline":"Publicado el enero 2, 2019."},{"@type":"Organization","@id":"https:\/\/candas365.es\/noticias\/#organization","name":"Cand\u00e1s 365","description":"Cand\u00e1s 365 es un diario digital independiente, fundado en 2012, con base en Asturias. Informamos con rigor sobre actualidad, sociedad, cultura y ocio, con una mirada local y global.","url":"https:\/\/candas365.es\/noticias\/","email":"info@candas365.es","telephone":"+34652131393","foundingDate":"2012-06-10","logo":{"@type":"ImageObject","url":"https:\/\/candas365.es\/noticias\/wp-content\/uploads\/2024\/09\/Candas-365-Redes.jpg","@id":"https:\/\/candas365.es\/noticias\/el-ejercito-aleman-abre-un-segundo-emplazamiento-para-el-a400m-en-baviera\/#organizationLogo","width":1152,"height":864,"caption":"Cand\u00e1s 365 Redes"},"image":{"@id":"https:\/\/candas365.es\/noticias\/el-ejercito-aleman-abre-un-segundo-emplazamiento-para-el-a400m-en-baviera\/#organizationLogo"},"sameAs":["https:\/\/www.facebook.com\/Nachofdezber","https:\/\/x.com\/NabercoDigital","https:\/\/www.instagram.com\/nachofdezber\/","https:\/\/www.youtube.com\/channel\/UCZP-2wLEB9Rv6erhFmqVnvg"],"address":{"@id":"https:\/\/candas365.es\/noticias\/#postaladdress","@type":"PostalAddress","streetAddress":"san antonio 4, san antonio 4","postalCode":"33430","addressLocality":"Cand\u00e1s","addressRegion":"Asturias","addressCountry":"ES"}},{"@type":"Person","@id":"https:\/\/candas365.es\/noticias\/author\/admin\/#author","url":"https:\/\/candas365.es\/noticias\/author\/admin\/","name":"Cand\u00e1s 365","image":{"@type":"ImageObject","@id":"https:\/\/candas365.es\/noticias\/el-ejercito-aleman-abre-un-segundo-emplazamiento-para-el-a400m-en-baviera\/#authorImage","url":"https:\/\/secure.gravatar.com\/avatar\/496a8e03d0c493ede1718b7934145dbdf8d89be1036b0eec9544e1094c9de390?s=96&d=mm&r=g","width":96,"height":96,"caption":"Cand\u00e1s 365"},"sameAs":["https:\/\/www.facebook.com\/carrenoactualidad","https:\/\/twitter.com\/nbasturias","https:\/\/www.instagram.com\/nachofdezber\/","https:\/\/www.youtube.com\/channel\/UCZP-2wLEB9Rv6erhFmqVnvg"]},{"@type":"WebPage","@id":"https:\/\/candas365.es\/noticias\/el-ejercito-aleman-abre-un-segundo-emplazamiento-para-el-a400m-en-baviera\/#webpage","url":"https:\/\/candas365.es\/noticias\/el-ejercito-aleman-abre-un-segundo-emplazamiento-para-el-a400m-en-baviera\/","name":"El Ej\u00e9rcito alem\u00e1n abre un segundo emplazamiento para el A400M en Baviera | Cand\u00e1s 365","description":"Wunstorf\/Lechfeld (Alemania), 2 ene (dpa) - El Ej\u00e9rcito alem\u00e1n establecer\u00e1 un segundo emplazamiento para para la creciente flota de su nuevo avi\u00f3n de transporte A400M, comunic\u00f3 hoy la ministra germana de Defensa, Ursula von der Leyen. Los aviones, que entre otros fines se utilizan para el abastecimiento de las tropas alemanas en operaciones militares en","inLanguage":"es-ES","isPartOf":{"@id":"https:\/\/candas365.es\/noticias\/#website"},"breadcrumb":{"@id":"https:\/\/candas365.es\/noticias\/el-ejercito-aleman-abre-un-segundo-emplazamiento-para-el-a400m-en-baviera\/#breadcrumblist"},"author":{"@id":"https:\/\/candas365.es\/noticias\/author\/admin\/#author"},"creator":{"@id":"https:\/\/candas365.es\/noticias\/author\/admin\/#author"},"image":{"@type":"ImageObject","url":"https:\/\/candas365.es\/noticias\/wp-content\/uploads\/2019\/01\/A400M.jpg","@id":"https:\/\/candas365.es\/noticias\/el-ejercito-aleman-abre-un-segundo-emplazamiento-para-el-a400m-en-baviera\/#mainImage","width":1099,"height":610,"caption":"Un avi\u00f3n de transporte A400M de la Fuerza A\u00e9rea alemana en la base a\u00e9rea militar de Wunstorf, en las cercan\u00edas de la ciudad de Hannover. Foto: Julian Stratenschulte\/dpa"},"primaryImageOfPage":{"@id":"https:\/\/candas365.es\/noticias\/el-ejercito-aleman-abre-un-segundo-emplazamiento-para-el-a400m-en-baviera\/#mainImage"},"datePublished":"2019-01-02T22:42:04+01:00","dateModified":"2019-01-02T22:42:04+01:00"},{"@type":"WebSite","@id":"https:\/\/candas365.es\/noticias\/#website","url":"https:\/\/candas365.es\/noticias\/","name":"Cand\u00e1s 365","alternateName":"Cand\u00e1s 365 Noticias","description":"Actualidad desde Carre\u00f1o para el mundo","inLanguage":"es-ES","publisher":{"@id":"https:\/\/candas365.es\/noticias\/#organization"}}]},"og:locale":"es_ES","og:site_name":"Cand\u00e1s 365","og:type":"article","og:title":"El Ej\u00e9rcito alem\u00e1n abre un segundo emplazamiento para el A400M en Baviera | Cand\u00e1s 365","og:description":"Wunstorf\/Lechfeld (Alemania), 2 ene (dpa) - El Ej\u00e9rcito alem\u00e1n establecer\u00e1 un segundo emplazamiento para para la creciente flota de su nuevo avi\u00f3n de transporte A400M, comunic\u00f3 hoy la ministra germana de Defensa, Ursula von der Leyen. Los aviones, que entre otros fines se utilizan para el abastecimiento de las tropas alemanas en operaciones militares en","og:url":"https:\/\/candas365.es\/noticias\/el-ejercito-aleman-abre-un-segundo-emplazamiento-para-el-a400m-en-baviera\/","og:image":"https:\/\/candas365.es\/noticias\/wp-content\/uploads\/2019\/01\/A400M.jpg","og:image:secure_url":"https:\/\/candas365.es\/noticias\/wp-content\/uploads\/2019\/01\/A400M.jpg","og:image:width":1099,"og:image:height":610,"article:published_time":"2019-01-02T22:42:04+00:00","article:modified_time":"2019-01-02T22:42:04+00:00","article:publisher":"https:\/\/www.facebook.com\/Nachofdezber","article:author":"https:\/\/www.facebook.com\/carrenoactualidad","twitter:card":"summary_large_image","twitter:site":"@NabercoDigital","twitter:title":"El Ej\u00e9rcito alem\u00e1n abre un segundo emplazamiento para el A400M en Baviera | Cand\u00e1s 365","twitter:description":"Wunstorf\/Lechfeld (Alemania), 2 ene (dpa) - El Ej\u00e9rcito alem\u00e1n establecer\u00e1 un segundo emplazamiento para para la creciente flota de su nuevo avi\u00f3n de transporte A400M, comunic\u00f3 hoy la ministra germana de Defensa, Ursula von der Leyen. Los aviones, que entre otros fines se utilizan para el abastecimiento de las tropas alemanas en operaciones militares en","twitter:creator":"@nbasturias","twitter:image":"https:\/\/candas365.es\/noticias\/wp-content\/uploads\/2019\/01\/A400M.jpg","twitter:label1":"Escrito por","twitter:data1":"Cand\u00e1s 365","twitter:label2":"Tiempo de lectura estimado","twitter:data2":"1 minuto"},"aioseo_meta_data":{"post_id":"113257","title":null,"description":null,"keywords":null,"keyphrases":null,"primary_term":null,"canonical_url":null,"og_title":null,"og_description":null,"og_object_type":"default","og_image_type":"default","og_image_url":null,"og_image_width":null,"og_image_height":null,"og_image_custom_url":null,"og_image_custom_fields":null,"og_video":null,"og_custom_url":null,"og_article_section":null,"og_article_tags":null,"twitter_use_og":false,"twitter_card":"default","twitter_image_type":"default","twitter_image_url":null,"twitter_image_custom_url":null,"twitter_image_custom_fields":null,"twitter_title":null,"twitter_description":null,"schema":{"blockGraphs":[],"customGraphs":[],"default":{"data":{"Article":[],"Course":[],"Dataset":[],"FAQPage":[],"Movie":[],"Person":[],"Product":[],"ProductReview":[],"Car":[],"Recipe":[],"Service":[],"SoftwareApplication":[],"WebPage":[]},"graphName":"","isEnabled":true},"graphs":[],"defaultGraph":"","defaultPostTypeGraph":""},"schema_type":null,"schema_type_options":null,"pillar_content":false,"robots_default":true,"robots_noindex":false,"robots_noarchive":false,"robots_nosnippet":false,"robots_nofollow":false,"robots_noimageindex":false,"robots_noodp":false,"robots_notranslate":false,"robots_max_snippet":null,"robots_max_videopreview":null,"robots_max_imagepreview":"large","priority":null,"frequency":null,"location":null,"local_seo":null,"seo_analyzer_scan_date":"2025-08-28 20:53:16","breadcrumb_settings":null,"limit_modified_date":false,"reviewed_by":null,"open_ai":null,"ai":null,"created":"2020-12-21 11:29:56","updated":"2025-08-28 20:53:16"},"aioseo_breadcrumb":"<div class=\"aioseo-breadcrumbs\"><span class=\"aioseo-breadcrumb\">\n\t<a href=\"https:\/\/candas365.es\/noticias\" title=\"Home\">Home<\/a>\n<\/span><span class=\"aioseo-breadcrumb-separator\">&ndash;<\/span><span class=\"aioseo-breadcrumb\">\n\t<a href=\"https:\/\/candas365.es\/noticias\/category\/actualidad\/\" title=\"Actualidad\">Actualidad<\/a>\n<\/span><span class=\"aioseo-breadcrumb-separator\">&ndash;<\/span><span class=\"aioseo-breadcrumb\">\n\tEl Ej\u00e9rcito alem\u00e1n abre un segundo emplazamiento para el A400M en Baviera\n<\/span><\/div>","aioseo_breadcrumb_json":[{"label":"Home","link":"https:\/\/candas365.es\/noticias"},{"label":"Actualidad","link":"https:\/\/candas365.es\/noticias\/category\/actualidad\/"},{"label":"El Ej\u00e9rcito alem\u00e1n abre un segundo emplazamiento para el A400M en Baviera","link":"https:\/\/candas365.es\/noticias\/el-ejercito-aleman-abre-un-segundo-emplazamiento-para-el-a400m-en-baviera\/"}],"_links":{"self":[{"href":"https:\/\/candas365.es\/noticias\/wp-json\/wp\/v2\/posts\/113257","targetHints":{"allow":["GET"]}}],"collection":[{"href":"https:\/\/candas365.es\/noticias\/wp-json\/wp\/v2\/posts"}],"about":[{"href":"https:\/\/candas365.es\/noticias\/wp-json\/wp\/v2\/types\/post"}],"author":[{"embeddable":true,"href":"https:\/\/candas365.es\/noticias\/wp-json\/wp\/v2\/users\/1"}],"replies":[{"embeddable":true,"href":"https:\/\/candas365.es\/noticias\/wp-json\/wp\/v2\/comments?post=113257"}],"version-history":[{"count":0,"href":"https:\/\/candas365.es\/noticias\/wp-json\/wp\/v2\/posts\/113257\/revisions"}],"wp:featuredmedia":[{"embeddable":true,"href":"https:\/\/candas365.es\/noticias\/wp-json\/wp\/v2\/media\/113258"}],"wp:attachment":[{"href":"https:\/\/candas365.es\/noticias\/wp-json\/wp\/v2\/media?parent=113257"}],"wp:term":[{"taxonomy":"category","embeddable":true,"href":"https:\/\/candas365.es\/noticias\/wp-json\/wp\/v2\/categories?post=113257"},{"taxonomy":"post_tag","embeddable":true,"href":"https:\/\/candas365.es\/noticias\/wp-json\/wp\/v2\/tags?post=113257"}],"curies":[{"name":"wp","href":"https:\/\/api.w.org\/{rel}","templated":true}]}}