{"id":113253,"date":"2019-01-02T22:25:34","date_gmt":"2019-01-02T22:25:34","guid":{"rendered":"http:\/\/candas365.es\/noticias\/?p=113253"},"modified":"2019-01-02T22:25:34","modified_gmt":"2019-01-02T22:25:34","slug":"merkel-y-annegret-kramp-karrenbaue-ganan-popularidad-en-alemania","status":"publish","type":"post","link":"https:\/\/candas365.es\/noticias\/merkel-y-annegret-kramp-karrenbaue-ganan-popularidad-en-alemania\/","title":{"rendered":"Merkel y Annegret Kramp-Karrenbaue ganan popularidad en Alemania"},"content":{"rendered":"<p><img fetchpriority=\"high\" decoding=\"async\" class=\"alignleft size-medium wp-image-14622\" src=\"https:\/\/candas365.es\/noticias\/wp-content\/uploads\/2015\/08\/merkel-360x198.jpg\" alt=\"\" width=\"360\" height=\"198\" srcset=\"https:\/\/candas365.es\/noticias\/wp-content\/uploads\/2015\/08\/merkel-360x198.jpg 360w, https:\/\/candas365.es\/noticias\/wp-content\/uploads\/2015\/08\/merkel-650x357.jpg 650w, https:\/\/candas365.es\/noticias\/wp-content\/uploads\/2015\/08\/merkel-150x82.jpg 150w, https:\/\/candas365.es\/noticias\/wp-content\/uploads\/2015\/08\/merkel-450x247.jpg 450w, https:\/\/candas365.es\/noticias\/wp-content\/uploads\/2015\/08\/merkel.jpg 655w\" sizes=\"(max-width: 360px) 100vw, 360px\" \/>Berl\u00edn, 2 ene (dpa) &#8211; La canciller alemana, Angela Merkel, y la nueva l\u00edder del partido Uni\u00f3n Cristianodem\u00f3crata (CDU), Annegret Kramp-Karrenbauer, contin\u00faan escalando puestos en el bar\u00f3metro pol\u00edtico de las cadenas de televisi\u00f3n RTL y n-tv, seg\u00fan revela una encuesta del instituto de investigaciones sociol\u00f3gicas Forsa presentada hoy.<\/p>\n<p>Merkel se mantiene a la cabeza de la clasificaci\u00f3n despu\u00e9s de que renunci\u00f3 a la presidencia de su partido. En el sondeo, la canciller obtuvo 60 puntos en una escala de 0 a 100 ante la pregunta de con qui\u00e9n se encuentra Alemania en buenas manos. Esto significa diez puntos m\u00e1s que en septiembre, coment\u00f3 RTL. En aquel entonces, Merkel compart\u00eda el primer puesto de la lista con el l\u00edder del Partido Verde, Robert Habeck.<\/p>\n<p>\u00abAl contrario de lo que se especulaba en el debate p\u00fablico, la gran mayor\u00eda de los ciudadanos alemanes parece no haber perdido la confianza en su canciller\u00bb entre finales de 2018 y comienzos de 2019, se\u00f1al\u00f3 Manfred G\u00fcllner, director de Forsa, al grupo medi\u00e1tico RTL.<\/p>\n<p>Kramp-Karrenbauer, la nueva jefa de los conservadores alemanes, ocupa el segundo puesto del escalaf\u00f3n, con una mejora de once y un total de 55 puntos. A principios de diciembre de 2018, la antigua primera ministra del Sarre y secretaria general de la CDU fue elegida presidenta del partido en sustituci\u00f3n de la canciller Angela Merkel.<\/p>\n<p>Por otra parte, Friedrich Merz, el candidato para dirigir a los conservadores derrotado por Kramp-Karrenbauer, goza de popularidad s\u00f3lo entre los seguidores del partido alem\u00e1n de ultraderecha Alternativa para Alemania (AfD), detall\u00f3 G\u00fcllner.<\/p>\n<p>Merz, cuya participaci\u00f3n en el Gobierno federal y en la direcci\u00f3n del partido es apoyada por el ala econ\u00f3mica de la CDU, obtuvo 37 puntos y se clasific\u00f3 en el puesto 11 de los 17 pol\u00edticos de la lista.<\/p>\n<p>El l\u00edder del Partido Verde, Habeck, se sit\u00faa con 50 puntos en el tercer puesto de la clasificaci\u00f3n, seguido por el ministro germano de Finanzas, el socialdem\u00f3crata Olaf Scholz, con 47 puntos.<\/p>\n<p>Los pol\u00edticos Horst Seehofer y Markus S\u00f6der, de la Uni\u00f3n Social Cristiana de Baviera (CSU), perdieron mucha popularidad en el transcurso de 2018. Sus valores son 11 puntos m\u00e1s bajos que en enero de 2018. Seehofer, ministro alem\u00e1n del Interior, obtuvo 25 puntos, mienstras que S\u00f6der, primer ministro de Baviera, sum\u00f3 31.<\/p>\n<p>El 19 de enero, S\u00f6der relevar\u00e1 a Seehofer como l\u00edder de la CSU.<\/p>\n","protected":false},"excerpt":{"rendered":"<p>Berl\u00edn, 2 ene (dpa) &#8211; La canciller alemana, Angela Merkel, y la nueva l\u00edder del partido Uni\u00f3n Cristianodem\u00f3crata (CDU), Annegret Kramp-Karrenbauer, contin\u00faan escalando puestos en el bar\u00f3metro pol\u00edtico de las cadenas de televisi\u00f3n RTL y n-tv, seg\u00fan revela una encuesta del instituto de investigaciones sociol\u00f3gicas Forsa presentada hoy. Merkel se mantiene a la cabeza de<\/p>\n","protected":false},"author":1,"featured_media":14622,"comment_status":"closed","ping_status":"closed","sticky":false,"template":"","format":"standard","meta":{"footnotes":""},"categories":[343],"tags":[],"class_list":{"0":"post-113253","1":"post","2":"type-post","3":"status-publish","4":"format-standard","5":"has-post-thumbnail","7":"category-actualidad"},"aioseo_notices":[],"aioseo_head":"\n\t\t<!-- All in One SEO Pro 4.9.6.2 - aioseo.com -->\n\t<meta name=\"description\" content=\"Berl\u00edn, 2 ene (dpa) - La canciller alemana, Angela Merkel, y la nueva l\u00edder del partido Uni\u00f3n Cristianodem\u00f3crata (CDU), Annegret Kramp-Karrenbauer, contin\u00faan escalando puestos en el bar\u00f3metro pol\u00edtico de las cadenas de televisi\u00f3n RTL y n-tv, seg\u00fan revela una encuesta del instituto de investigaciones sociol\u00f3gicas Forsa presentada hoy. Merkel se mantiene a la cabeza de\" \/>\n\t<meta name=\"robots\" content=\"max-image-preview:large\" \/>\n\t<meta name=\"author\" content=\"Cand\u00e1s 365\"\/>\n\t<meta name=\"google-site-verification\" content=\"UA-32230408-1\" \/>\n\t<meta name=\"msvalidate.01\" content=\"354F3CDFB2DA171B47FBE9ABF1F88D5\" \/>\n\t<meta name=\"keywords\" content=\"actualidad\" \/>\n\t<link rel=\"canonical\" href=\"https:\/\/candas365.es\/noticias\/merkel-y-annegret-kramp-karrenbaue-ganan-popularidad-en-alemania\/\" \/>\n\t<meta name=\"generator\" content=\"All in One SEO Pro (AIOSEO) 4.9.6.2\" \/>\n\t\t<meta property=\"og:locale\" content=\"es_ES\" \/>\n\t\t<meta property=\"og:site_name\" content=\"Cand\u00e1s 365\" \/>\n\t\t<meta property=\"og:type\" content=\"article\" \/>\n\t\t<meta property=\"og:title\" content=\"Merkel y Annegret Kramp-Karrenbaue ganan popularidad en Alemania | Cand\u00e1s 365\" \/>\n\t\t<meta property=\"og:description\" content=\"Berl\u00edn, 2 ene (dpa) - La canciller alemana, Angela Merkel, y la nueva l\u00edder del partido Uni\u00f3n Cristianodem\u00f3crata (CDU), Annegret Kramp-Karrenbauer, contin\u00faan escalando puestos en el bar\u00f3metro pol\u00edtico de las cadenas de televisi\u00f3n RTL y n-tv, seg\u00fan revela una encuesta del instituto de investigaciones sociol\u00f3gicas Forsa presentada hoy. Merkel se mantiene a la cabeza de\" \/>\n\t\t<meta property=\"og:url\" content=\"https:\/\/candas365.es\/noticias\/merkel-y-annegret-kramp-karrenbaue-ganan-popularidad-en-alemania\/\" \/>\n\t\t<meta property=\"og:image\" content=\"https:\/\/candas365.es\/noticias\/wp-content\/uploads\/2015\/08\/merkel.jpg\" \/>\n\t\t<meta property=\"og:image:secure_url\" content=\"https:\/\/candas365.es\/noticias\/wp-content\/uploads\/2015\/08\/merkel.jpg\" \/>\n\t\t<meta property=\"og:image:width\" content=\"655\" \/>\n\t\t<meta property=\"og:image:height\" content=\"360\" \/>\n\t\t<meta property=\"article:published_time\" content=\"2019-01-02T22:25:34+00:00\" \/>\n\t\t<meta property=\"article:modified_time\" content=\"2019-01-02T22:25:34+00:00\" \/>\n\t\t<meta property=\"article:publisher\" content=\"https:\/\/www.facebook.com\/Nachofdezber\" \/>\n\t\t<meta property=\"article:author\" content=\"https:\/\/www.facebook.com\/carrenoactualidad\" \/>\n\t\t<meta name=\"twitter:card\" content=\"summary_large_image\" \/>\n\t\t<meta name=\"twitter:site\" content=\"@NabercoDigital\" \/>\n\t\t<meta name=\"twitter:title\" content=\"Merkel y Annegret Kramp-Karrenbaue ganan popularidad en Alemania | Cand\u00e1s 365\" \/>\n\t\t<meta name=\"twitter:description\" content=\"Berl\u00edn, 2 ene (dpa) - La canciller alemana, Angela Merkel, y la nueva l\u00edder del partido Uni\u00f3n Cristianodem\u00f3crata (CDU), Annegret Kramp-Karrenbauer, contin\u00faan escalando puestos en el bar\u00f3metro pol\u00edtico de las cadenas de televisi\u00f3n RTL y n-tv, seg\u00fan revela una encuesta del instituto de investigaciones sociol\u00f3gicas Forsa presentada hoy. Merkel se mantiene a la cabeza de\" \/>\n\t\t<meta name=\"twitter:creator\" content=\"@nbasturias\" \/>\n\t\t<meta name=\"twitter:image\" content=\"https:\/\/candas365.es\/noticias\/wp-content\/uploads\/2015\/08\/merkel.jpg\" \/>\n\t\t<meta name=\"twitter:label1\" content=\"Escrito por\" \/>\n\t\t<meta name=\"twitter:data1\" content=\"Cand\u00e1s 365\" \/>\n\t\t<meta name=\"twitter:label2\" content=\"Tiempo de lectura estimado\" \/>\n\t\t<meta name=\"twitter:data2\" content=\"2 minutos\" \/>\n\t\t<script type=\"application\/ld+json\" class=\"aioseo-schema\">\n\t\t\t{\"@context\":\"https:\\\/\\\/schema.org\",\"@graph\":[{\"@type\":\"BreadcrumbList\",\"@id\":\"https:\\\/\\\/candas365.es\\\/noticias\\\/merkel-y-annegret-kramp-karrenbaue-ganan-popularidad-en-alemania\\\/#breadcrumblist\",\"itemListElement\":[{\"@type\":\"ListItem\",\"@id\":\"https:\\\/\\\/candas365.es\\\/noticias#listItem\",\"position\":1,\"name\":\"Home\",\"item\":\"https:\\\/\\\/candas365.es\\\/noticias\",\"nextItem\":{\"@type\":\"ListItem\",\"@id\":\"https:\\\/\\\/candas365.es\\\/noticias\\\/category\\\/actualidad\\\/#listItem\",\"name\":\"Actualidad\"}},{\"@type\":\"ListItem\",\"@id\":\"https:\\\/\\\/candas365.es\\\/noticias\\\/category\\\/actualidad\\\/#listItem\",\"position\":2,\"name\":\"Actualidad\",\"item\":\"https:\\\/\\\/candas365.es\\\/noticias\\\/category\\\/actualidad\\\/\",\"nextItem\":{\"@type\":\"ListItem\",\"@id\":\"https:\\\/\\\/candas365.es\\\/noticias\\\/merkel-y-annegret-kramp-karrenbaue-ganan-popularidad-en-alemania\\\/#listItem\",\"name\":\"Merkel y Annegret Kramp-Karrenbaue ganan popularidad en Alemania\"},\"previousItem\":{\"@type\":\"ListItem\",\"@id\":\"https:\\\/\\\/candas365.es\\\/noticias#listItem\",\"name\":\"Home\"}},{\"@type\":\"ListItem\",\"@id\":\"https:\\\/\\\/candas365.es\\\/noticias\\\/merkel-y-annegret-kramp-karrenbaue-ganan-popularidad-en-alemania\\\/#listItem\",\"position\":3,\"name\":\"Merkel y Annegret Kramp-Karrenbaue ganan popularidad en Alemania\",\"previousItem\":{\"@type\":\"ListItem\",\"@id\":\"https:\\\/\\\/candas365.es\\\/noticias\\\/category\\\/actualidad\\\/#listItem\",\"name\":\"Actualidad\"}}]},{\"@type\":\"NewsArticle\",\"@id\":\"https:\\\/\\\/candas365.es\\\/noticias\\\/merkel-y-annegret-kramp-karrenbaue-ganan-popularidad-en-alemania\\\/#newsarticle\",\"name\":\"Merkel y Annegret Kramp-Karrenbaue ganan popularidad en Alemania | Cand\\u00e1s 365\",\"headline\":\"Merkel y Annegret Kramp-Karrenbaue ganan popularidad en Alemania\",\"author\":{\"@id\":\"https:\\\/\\\/candas365.es\\\/noticias\\\/author\\\/admin\\\/#author\"},\"publisher\":{\"@id\":\"https:\\\/\\\/candas365.es\\\/noticias\\\/#organization\"},\"image\":{\"@type\":\"ImageObject\",\"url\":\"https:\\\/\\\/candas365.es\\\/noticias\\\/wp-content\\\/uploads\\\/2015\\\/08\\\/merkel.jpg\",\"width\":655,\"height\":360},\"datePublished\":\"2019-01-02T22:25:34+01:00\",\"dateModified\":\"2019-01-02T22:25:34+01:00\",\"inLanguage\":\"es-ES\",\"mainEntityOfPage\":{\"@id\":\"https:\\\/\\\/candas365.es\\\/noticias\\\/merkel-y-annegret-kramp-karrenbaue-ganan-popularidad-en-alemania\\\/#webpage\"},\"isPartOf\":{\"@id\":\"https:\\\/\\\/candas365.es\\\/noticias\\\/merkel-y-annegret-kramp-karrenbaue-ganan-popularidad-en-alemania\\\/#webpage\"},\"articleSection\":\"Actualidad\",\"dateline\":\"Publicado el enero 2, 2019.\"},{\"@type\":\"Organization\",\"@id\":\"https:\\\/\\\/candas365.es\\\/noticias\\\/#organization\",\"name\":\"Cand\\u00e1s 365\",\"description\":\"Cand\\u00e1s 365 es un diario digital independiente, fundado en 2012, con base en Asturias. Informamos con rigor sobre actualidad, sociedad, cultura y ocio, con una mirada local y global.\",\"url\":\"https:\\\/\\\/candas365.es\\\/noticias\\\/\",\"email\":\"info@candas365.es\",\"telephone\":\"+34652131393\",\"foundingDate\":\"2012-06-10\",\"logo\":{\"@type\":\"ImageObject\",\"url\":\"https:\\\/\\\/candas365.es\\\/noticias\\\/wp-content\\\/uploads\\\/2024\\\/09\\\/Candas-365-Redes.jpg\",\"@id\":\"https:\\\/\\\/candas365.es\\\/noticias\\\/merkel-y-annegret-kramp-karrenbaue-ganan-popularidad-en-alemania\\\/#organizationLogo\",\"width\":1152,\"height\":864,\"caption\":\"Cand\\u00e1s 365 Redes\"},\"image\":{\"@id\":\"https:\\\/\\\/candas365.es\\\/noticias\\\/merkel-y-annegret-kramp-karrenbaue-ganan-popularidad-en-alemania\\\/#organizationLogo\"},\"sameAs\":[\"https:\\\/\\\/www.facebook.com\\\/Nachofdezber\",\"https:\\\/\\\/x.com\\\/NabercoDigital\",\"https:\\\/\\\/www.instagram.com\\\/nachofdezber\\\/\",\"https:\\\/\\\/www.youtube.com\\\/channel\\\/UCZP-2wLEB9Rv6erhFmqVnvg\"],\"address\":{\"@id\":\"https:\\\/\\\/candas365.es\\\/noticias\\\/#postaladdress\",\"@type\":\"PostalAddress\",\"streetAddress\":\"san antonio 4, san antonio 4\",\"postalCode\":\"33430\",\"addressLocality\":\"Cand\\u00e1s\",\"addressRegion\":\"Asturias\",\"addressCountry\":\"ES\"}},{\"@type\":\"Person\",\"@id\":\"https:\\\/\\\/candas365.es\\\/noticias\\\/author\\\/admin\\\/#author\",\"url\":\"https:\\\/\\\/candas365.es\\\/noticias\\\/author\\\/admin\\\/\",\"name\":\"Cand\\u00e1s 365\",\"image\":{\"@type\":\"ImageObject\",\"@id\":\"https:\\\/\\\/candas365.es\\\/noticias\\\/merkel-y-annegret-kramp-karrenbaue-ganan-popularidad-en-alemania\\\/#authorImage\",\"url\":\"https:\\\/\\\/secure.gravatar.com\\\/avatar\\\/496a8e03d0c493ede1718b7934145dbdf8d89be1036b0eec9544e1094c9de390?s=96&d=mm&r=g\",\"width\":96,\"height\":96,\"caption\":\"Cand\\u00e1s 365\"},\"sameAs\":[\"https:\\\/\\\/www.facebook.com\\\/carrenoactualidad\",\"https:\\\/\\\/twitter.com\\\/nbasturias\",\"https:\\\/\\\/www.instagram.com\\\/nachofdezber\\\/\",\"https:\\\/\\\/www.youtube.com\\\/channel\\\/UCZP-2wLEB9Rv6erhFmqVnvg\"]},{\"@type\":\"WebPage\",\"@id\":\"https:\\\/\\\/candas365.es\\\/noticias\\\/merkel-y-annegret-kramp-karrenbaue-ganan-popularidad-en-alemania\\\/#webpage\",\"url\":\"https:\\\/\\\/candas365.es\\\/noticias\\\/merkel-y-annegret-kramp-karrenbaue-ganan-popularidad-en-alemania\\\/\",\"name\":\"Merkel y Annegret Kramp-Karrenbaue ganan popularidad en Alemania | Cand\\u00e1s 365\",\"description\":\"Berl\\u00edn, 2 ene (dpa) - La canciller alemana, Angela Merkel, y la nueva l\\u00edder del partido Uni\\u00f3n Cristianodem\\u00f3crata (CDU), Annegret Kramp-Karrenbauer, contin\\u00faan escalando puestos en el bar\\u00f3metro pol\\u00edtico de las cadenas de televisi\\u00f3n RTL y n-tv, seg\\u00fan revela una encuesta del instituto de investigaciones sociol\\u00f3gicas Forsa presentada hoy. Merkel se mantiene a la cabeza de\",\"inLanguage\":\"es-ES\",\"isPartOf\":{\"@id\":\"https:\\\/\\\/candas365.es\\\/noticias\\\/#website\"},\"breadcrumb\":{\"@id\":\"https:\\\/\\\/candas365.es\\\/noticias\\\/merkel-y-annegret-kramp-karrenbaue-ganan-popularidad-en-alemania\\\/#breadcrumblist\"},\"author\":{\"@id\":\"https:\\\/\\\/candas365.es\\\/noticias\\\/author\\\/admin\\\/#author\"},\"creator\":{\"@id\":\"https:\\\/\\\/candas365.es\\\/noticias\\\/author\\\/admin\\\/#author\"},\"image\":{\"@type\":\"ImageObject\",\"url\":\"https:\\\/\\\/candas365.es\\\/noticias\\\/wp-content\\\/uploads\\\/2015\\\/08\\\/merkel.jpg\",\"@id\":\"https:\\\/\\\/candas365.es\\\/noticias\\\/merkel-y-annegret-kramp-karrenbaue-ganan-popularidad-en-alemania\\\/#mainImage\",\"width\":655,\"height\":360},\"primaryImageOfPage\":{\"@id\":\"https:\\\/\\\/candas365.es\\\/noticias\\\/merkel-y-annegret-kramp-karrenbaue-ganan-popularidad-en-alemania\\\/#mainImage\"},\"datePublished\":\"2019-01-02T22:25:34+01:00\",\"dateModified\":\"2019-01-02T22:25:34+01:00\"},{\"@type\":\"WebSite\",\"@id\":\"https:\\\/\\\/candas365.es\\\/noticias\\\/#website\",\"url\":\"https:\\\/\\\/candas365.es\\\/noticias\\\/\",\"name\":\"Cand\\u00e1s 365\",\"alternateName\":\"Cand\\u00e1s 365 Noticias\",\"description\":\"Actualidad desde Carre\\u00f1o para el mundo\",\"inLanguage\":\"es-ES\",\"publisher\":{\"@id\":\"https:\\\/\\\/candas365.es\\\/noticias\\\/#organization\"}}]}\n\t\t<\/script>\n\t\t<!-- All in One SEO Pro -->\r\n\t\t<title>Merkel y Annegret Kramp-Karrenbaue ganan popularidad en Alemania | Cand\u00e1s 365<\/title>\n\n","aioseo_head_json":{"title":"Merkel y Annegret Kramp-Karrenbaue ganan popularidad en Alemania | Cand\u00e1s 365","description":"Berl\u00edn, 2 ene (dpa) - La canciller alemana, Angela Merkel, y la nueva l\u00edder del partido Uni\u00f3n Cristianodem\u00f3crata (CDU), Annegret Kramp-Karrenbauer, contin\u00faan escalando puestos en el bar\u00f3metro pol\u00edtico de las cadenas de televisi\u00f3n RTL y n-tv, seg\u00fan revela una encuesta del instituto de investigaciones sociol\u00f3gicas Forsa presentada hoy. Merkel se mantiene a la cabeza de","canonical_url":"https:\/\/candas365.es\/noticias\/merkel-y-annegret-kramp-karrenbaue-ganan-popularidad-en-alemania\/","robots":"max-image-preview:large","keywords":"actualidad","webmasterTools":{"google-site-verification":"UA-32230408-1","msvalidate.01":"354F3CDFB2DA171B47FBE9ABF1F88D5","miscellaneous":""},"schema":{"@context":"https:\/\/schema.org","@graph":[{"@type":"BreadcrumbList","@id":"https:\/\/candas365.es\/noticias\/merkel-y-annegret-kramp-karrenbaue-ganan-popularidad-en-alemania\/#breadcrumblist","itemListElement":[{"@type":"ListItem","@id":"https:\/\/candas365.es\/noticias#listItem","position":1,"name":"Home","item":"https:\/\/candas365.es\/noticias","nextItem":{"@type":"ListItem","@id":"https:\/\/candas365.es\/noticias\/category\/actualidad\/#listItem","name":"Actualidad"}},{"@type":"ListItem","@id":"https:\/\/candas365.es\/noticias\/category\/actualidad\/#listItem","position":2,"name":"Actualidad","item":"https:\/\/candas365.es\/noticias\/category\/actualidad\/","nextItem":{"@type":"ListItem","@id":"https:\/\/candas365.es\/noticias\/merkel-y-annegret-kramp-karrenbaue-ganan-popularidad-en-alemania\/#listItem","name":"Merkel y Annegret Kramp-Karrenbaue ganan popularidad en Alemania"},"previousItem":{"@type":"ListItem","@id":"https:\/\/candas365.es\/noticias#listItem","name":"Home"}},{"@type":"ListItem","@id":"https:\/\/candas365.es\/noticias\/merkel-y-annegret-kramp-karrenbaue-ganan-popularidad-en-alemania\/#listItem","position":3,"name":"Merkel y Annegret Kramp-Karrenbaue ganan popularidad en Alemania","previousItem":{"@type":"ListItem","@id":"https:\/\/candas365.es\/noticias\/category\/actualidad\/#listItem","name":"Actualidad"}}]},{"@type":"NewsArticle","@id":"https:\/\/candas365.es\/noticias\/merkel-y-annegret-kramp-karrenbaue-ganan-popularidad-en-alemania\/#newsarticle","name":"Merkel y Annegret Kramp-Karrenbaue ganan popularidad en Alemania | Cand\u00e1s 365","headline":"Merkel y Annegret Kramp-Karrenbaue ganan popularidad en Alemania","author":{"@id":"https:\/\/candas365.es\/noticias\/author\/admin\/#author"},"publisher":{"@id":"https:\/\/candas365.es\/noticias\/#organization"},"image":{"@type":"ImageObject","url":"https:\/\/candas365.es\/noticias\/wp-content\/uploads\/2015\/08\/merkel.jpg","width":655,"height":360},"datePublished":"2019-01-02T22:25:34+01:00","dateModified":"2019-01-02T22:25:34+01:00","inLanguage":"es-ES","mainEntityOfPage":{"@id":"https:\/\/candas365.es\/noticias\/merkel-y-annegret-kramp-karrenbaue-ganan-popularidad-en-alemania\/#webpage"},"isPartOf":{"@id":"https:\/\/candas365.es\/noticias\/merkel-y-annegret-kramp-karrenbaue-ganan-popularidad-en-alemania\/#webpage"},"articleSection":"Actualidad","dateline":"Publicado el enero 2, 2019."},{"@type":"Organization","@id":"https:\/\/candas365.es\/noticias\/#organization","name":"Cand\u00e1s 365","description":"Cand\u00e1s 365 es un diario digital independiente, fundado en 2012, con base en Asturias. Informamos con rigor sobre actualidad, sociedad, cultura y ocio, con una mirada local y global.","url":"https:\/\/candas365.es\/noticias\/","email":"info@candas365.es","telephone":"+34652131393","foundingDate":"2012-06-10","logo":{"@type":"ImageObject","url":"https:\/\/candas365.es\/noticias\/wp-content\/uploads\/2024\/09\/Candas-365-Redes.jpg","@id":"https:\/\/candas365.es\/noticias\/merkel-y-annegret-kramp-karrenbaue-ganan-popularidad-en-alemania\/#organizationLogo","width":1152,"height":864,"caption":"Cand\u00e1s 365 Redes"},"image":{"@id":"https:\/\/candas365.es\/noticias\/merkel-y-annegret-kramp-karrenbaue-ganan-popularidad-en-alemania\/#organizationLogo"},"sameAs":["https:\/\/www.facebook.com\/Nachofdezber","https:\/\/x.com\/NabercoDigital","https:\/\/www.instagram.com\/nachofdezber\/","https:\/\/www.youtube.com\/channel\/UCZP-2wLEB9Rv6erhFmqVnvg"],"address":{"@id":"https:\/\/candas365.es\/noticias\/#postaladdress","@type":"PostalAddress","streetAddress":"san antonio 4, san antonio 4","postalCode":"33430","addressLocality":"Cand\u00e1s","addressRegion":"Asturias","addressCountry":"ES"}},{"@type":"Person","@id":"https:\/\/candas365.es\/noticias\/author\/admin\/#author","url":"https:\/\/candas365.es\/noticias\/author\/admin\/","name":"Cand\u00e1s 365","image":{"@type":"ImageObject","@id":"https:\/\/candas365.es\/noticias\/merkel-y-annegret-kramp-karrenbaue-ganan-popularidad-en-alemania\/#authorImage","url":"https:\/\/secure.gravatar.com\/avatar\/496a8e03d0c493ede1718b7934145dbdf8d89be1036b0eec9544e1094c9de390?s=96&d=mm&r=g","width":96,"height":96,"caption":"Cand\u00e1s 365"},"sameAs":["https:\/\/www.facebook.com\/carrenoactualidad","https:\/\/twitter.com\/nbasturias","https:\/\/www.instagram.com\/nachofdezber\/","https:\/\/www.youtube.com\/channel\/UCZP-2wLEB9Rv6erhFmqVnvg"]},{"@type":"WebPage","@id":"https:\/\/candas365.es\/noticias\/merkel-y-annegret-kramp-karrenbaue-ganan-popularidad-en-alemania\/#webpage","url":"https:\/\/candas365.es\/noticias\/merkel-y-annegret-kramp-karrenbaue-ganan-popularidad-en-alemania\/","name":"Merkel y Annegret Kramp-Karrenbaue ganan popularidad en Alemania | Cand\u00e1s 365","description":"Berl\u00edn, 2 ene (dpa) - La canciller alemana, Angela Merkel, y la nueva l\u00edder del partido Uni\u00f3n Cristianodem\u00f3crata (CDU), Annegret Kramp-Karrenbauer, contin\u00faan escalando puestos en el bar\u00f3metro pol\u00edtico de las cadenas de televisi\u00f3n RTL y n-tv, seg\u00fan revela una encuesta del instituto de investigaciones sociol\u00f3gicas Forsa presentada hoy. Merkel se mantiene a la cabeza de","inLanguage":"es-ES","isPartOf":{"@id":"https:\/\/candas365.es\/noticias\/#website"},"breadcrumb":{"@id":"https:\/\/candas365.es\/noticias\/merkel-y-annegret-kramp-karrenbaue-ganan-popularidad-en-alemania\/#breadcrumblist"},"author":{"@id":"https:\/\/candas365.es\/noticias\/author\/admin\/#author"},"creator":{"@id":"https:\/\/candas365.es\/noticias\/author\/admin\/#author"},"image":{"@type":"ImageObject","url":"https:\/\/candas365.es\/noticias\/wp-content\/uploads\/2015\/08\/merkel.jpg","@id":"https:\/\/candas365.es\/noticias\/merkel-y-annegret-kramp-karrenbaue-ganan-popularidad-en-alemania\/#mainImage","width":655,"height":360},"primaryImageOfPage":{"@id":"https:\/\/candas365.es\/noticias\/merkel-y-annegret-kramp-karrenbaue-ganan-popularidad-en-alemania\/#mainImage"},"datePublished":"2019-01-02T22:25:34+01:00","dateModified":"2019-01-02T22:25:34+01:00"},{"@type":"WebSite","@id":"https:\/\/candas365.es\/noticias\/#website","url":"https:\/\/candas365.es\/noticias\/","name":"Cand\u00e1s 365","alternateName":"Cand\u00e1s 365 Noticias","description":"Actualidad desde Carre\u00f1o para el mundo","inLanguage":"es-ES","publisher":{"@id":"https:\/\/candas365.es\/noticias\/#organization"}}]},"og:locale":"es_ES","og:site_name":"Cand\u00e1s 365","og:type":"article","og:title":"Merkel y Annegret Kramp-Karrenbaue ganan popularidad en Alemania | Cand\u00e1s 365","og:description":"Berl\u00edn, 2 ene (dpa) - La canciller alemana, Angela Merkel, y la nueva l\u00edder del partido Uni\u00f3n Cristianodem\u00f3crata (CDU), Annegret Kramp-Karrenbauer, contin\u00faan escalando puestos en el bar\u00f3metro pol\u00edtico de las cadenas de televisi\u00f3n RTL y n-tv, seg\u00fan revela una encuesta del instituto de investigaciones sociol\u00f3gicas Forsa presentada hoy. Merkel se mantiene a la cabeza de","og:url":"https:\/\/candas365.es\/noticias\/merkel-y-annegret-kramp-karrenbaue-ganan-popularidad-en-alemania\/","og:image":"https:\/\/candas365.es\/noticias\/wp-content\/uploads\/2015\/08\/merkel.jpg","og:image:secure_url":"https:\/\/candas365.es\/noticias\/wp-content\/uploads\/2015\/08\/merkel.jpg","og:image:width":655,"og:image:height":360,"article:published_time":"2019-01-02T22:25:34+00:00","article:modified_time":"2019-01-02T22:25:34+00:00","article:publisher":"https:\/\/www.facebook.com\/Nachofdezber","article:author":"https:\/\/www.facebook.com\/carrenoactualidad","twitter:card":"summary_large_image","twitter:site":"@NabercoDigital","twitter:title":"Merkel y Annegret Kramp-Karrenbaue ganan popularidad en Alemania | Cand\u00e1s 365","twitter:description":"Berl\u00edn, 2 ene (dpa) - La canciller alemana, Angela Merkel, y la nueva l\u00edder del partido Uni\u00f3n Cristianodem\u00f3crata (CDU), Annegret Kramp-Karrenbauer, contin\u00faan escalando puestos en el bar\u00f3metro pol\u00edtico de las cadenas de televisi\u00f3n RTL y n-tv, seg\u00fan revela una encuesta del instituto de investigaciones sociol\u00f3gicas Forsa presentada hoy. Merkel se mantiene a la cabeza de","twitter:creator":"@nbasturias","twitter:image":"https:\/\/candas365.es\/noticias\/wp-content\/uploads\/2015\/08\/merkel.jpg","twitter:label1":"Escrito por","twitter:data1":"Cand\u00e1s 365","twitter:label2":"Tiempo de lectura estimado","twitter:data2":"2 minutos"},"aioseo_meta_data":{"post_id":"113253","title":null,"description":null,"keywords":null,"keyphrases":null,"primary_term":null,"canonical_url":null,"og_title":null,"og_description":null,"og_object_type":"default","og_image_type":"default","og_image_url":null,"og_image_width":null,"og_image_height":null,"og_image_custom_url":null,"og_image_custom_fields":null,"og_video":null,"og_custom_url":null,"og_article_section":null,"og_article_tags":null,"twitter_use_og":false,"twitter_card":"default","twitter_image_type":"default","twitter_image_url":null,"twitter_image_custom_url":null,"twitter_image_custom_fields":null,"twitter_title":null,"twitter_description":null,"schema":{"blockGraphs":[],"customGraphs":[],"default":{"data":{"Article":[],"Course":[],"Dataset":[],"FAQPage":[],"Movie":[],"Person":[],"Product":[],"ProductReview":[],"Car":[],"Recipe":[],"Service":[],"SoftwareApplication":[],"WebPage":[]},"graphName":"","isEnabled":true},"graphs":[],"defaultGraph":"","defaultPostTypeGraph":""},"schema_type":null,"schema_type_options":null,"pillar_content":false,"robots_default":true,"robots_noindex":false,"robots_noarchive":false,"robots_nosnippet":false,"robots_nofollow":false,"robots_noimageindex":false,"robots_noodp":false,"robots_notranslate":false,"robots_max_snippet":null,"robots_max_videopreview":null,"robots_max_imagepreview":"large","priority":null,"frequency":null,"location":null,"local_seo":null,"seo_analyzer_scan_date":"2025-08-28 20:51:14","breadcrumb_settings":null,"limit_modified_date":false,"reviewed_by":null,"open_ai":null,"ai":null,"created":"2020-12-21 11:29:56","updated":"2025-08-28 20:51:14"},"aioseo_breadcrumb":"<div class=\"aioseo-breadcrumbs\"><span class=\"aioseo-breadcrumb\">\n\t<a href=\"https:\/\/candas365.es\/noticias\" title=\"Home\">Home<\/a>\n<\/span><span class=\"aioseo-breadcrumb-separator\">&ndash;<\/span><span class=\"aioseo-breadcrumb\">\n\t<a href=\"https:\/\/candas365.es\/noticias\/category\/actualidad\/\" title=\"Actualidad\">Actualidad<\/a>\n<\/span><span class=\"aioseo-breadcrumb-separator\">&ndash;<\/span><span class=\"aioseo-breadcrumb\">\n\tMerkel y Annegret Kramp-Karrenbaue ganan popularidad en Alemania\n<\/span><\/div>","aioseo_breadcrumb_json":[{"label":"Home","link":"https:\/\/candas365.es\/noticias"},{"label":"Actualidad","link":"https:\/\/candas365.es\/noticias\/category\/actualidad\/"},{"label":"Merkel y Annegret Kramp-Karrenbaue ganan popularidad en Alemania","link":"https:\/\/candas365.es\/noticias\/merkel-y-annegret-kramp-karrenbaue-ganan-popularidad-en-alemania\/"}],"_links":{"self":[{"href":"https:\/\/candas365.es\/noticias\/wp-json\/wp\/v2\/posts\/113253","targetHints":{"allow":["GET"]}}],"collection":[{"href":"https:\/\/candas365.es\/noticias\/wp-json\/wp\/v2\/posts"}],"about":[{"href":"https:\/\/candas365.es\/noticias\/wp-json\/wp\/v2\/types\/post"}],"author":[{"embeddable":true,"href":"https:\/\/candas365.es\/noticias\/wp-json\/wp\/v2\/users\/1"}],"replies":[{"embeddable":true,"href":"https:\/\/candas365.es\/noticias\/wp-json\/wp\/v2\/comments?post=113253"}],"version-history":[{"count":0,"href":"https:\/\/candas365.es\/noticias\/wp-json\/wp\/v2\/posts\/113253\/revisions"}],"wp:featuredmedia":[{"embeddable":true,"href":"https:\/\/candas365.es\/noticias\/wp-json\/wp\/v2\/media\/14622"}],"wp:attachment":[{"href":"https:\/\/candas365.es\/noticias\/wp-json\/wp\/v2\/media?parent=113253"}],"wp:term":[{"taxonomy":"category","embeddable":true,"href":"https:\/\/candas365.es\/noticias\/wp-json\/wp\/v2\/categories?post=113253"},{"taxonomy":"post_tag","embeddable":true,"href":"https:\/\/candas365.es\/noticias\/wp-json\/wp\/v2\/tags?post=113253"}],"curies":[{"name":"wp","href":"https:\/\/api.w.org\/{rel}","templated":true}]}}